{"id":52978,"date":"2025-09-15T19:17:15","date_gmt":"2025-09-15T16:17:15","guid":{"rendered":"https:\/\/tdv.org\/tr-TR\/?p=52978"},"modified":"2025-09-16T09:51:49","modified_gmt":"2025-09-16T06:51:49","slug":"dunyayi-iyilik-degistirir","status":"publish","type":"post","link":"https:\/\/tdv.org\/tr-TR\/dunyayi-iyilik-degistirir\/","title":{"rendered":"\u201cD\u00fcnyay\u0131 iyilik de\u011fi\u015ftirir\u201d"},"content":{"rendered":"<p class=\"text-justify\" style=\"text-align: justify;\"><a href=\"https:\/\/tdv.org\/tr-TR\/kurumsal\/prof-dr-ali-erbas\/\" target=\"_blank\" rel=\"noopener\">Diyanet \u0130\u015fleri Ba\u015fkan\u0131 ve T\u00fcrkiye Diyanet Vakf\u0131 M\u00fctevelli Heyeti Ba\u015fkan\u0131 Prof. Dr. Ali Erba\u015f<\/a>,\u00a0\u201cPeygamberler iyili\u011fi yaymak i\u00e7in g\u00f6nderilmi\u015ftir. Peygamber varisleri olarak bizler de insanlara iyili\u011fi anlatmak ve k\u00f6t\u00fcl\u00fckten men etmek i\u00e7in var\u0131z.\u201d dedi.<\/p>\n<div style=\"text-align: justify;\">\n<p><a href=\"https:\/\/tdv.org\/tr-TR\/kurumsal\/prof-dr-ali-erbas\/\" target=\"_blank\" rel=\"noopener\">Diyanet \u0130\u015fleri Ba\u015fkan\u0131 ve T\u00fcrkiye Diyanet Vakf\u0131 M\u00fctevelli Heyeti Ba\u015fkan\u0131 Prof. Dr. Ali Erba\u015f<\/a>,\u00a0Ankara\u2019da<a href=\"https:\/\/tdv.org\/tr-TR\/\" target=\"_blank\" rel=\"noopener\"> T\u00fcrkiye Diyanet Vakf\u0131 (TDV)<\/a> Kad\u0131n Aile ve Gen\u00e7lik Merkezi\u2019nde (KAGEM) yap\u0131m\u0131 tamamlanan \u201cBirr Mekan \u0130yilik &amp; Sanat &amp; Kahve\u201d mekan\u0131n\u0131n a\u00e7\u0131l\u0131\u015f program\u0131na kat\u0131ld\u0131.<\/p>\n<p><strong>\u201cYery\u00fcz\u00fcnde iyilik egemen oluncaya kadar \u00e7al\u0131\u015faca\u011f\u0131z\u201d<\/strong><\/p>\n<p>Ba\u015fkan Erba\u015f, buradaki konu\u015fmas\u0131nda, a\u00e7\u0131l\u0131\u015f\u0131 ger\u00e7ekle\u015ftirilen mekanda iyili\u011fin anlat\u0131laca\u011f\u0131n\u0131 ve yayg\u0131nla\u015ft\u0131r\u0131laca\u011f\u0131n\u0131 belirterek, \u201cYery\u00fcz\u00fcnde iyilik egemen oluncaya kadar \u00e7al\u0131\u015faca\u011f\u0131z. Neden? \u00c7\u00fcnk\u00fc d\u00fcnyay\u0131 iyilik de\u011fi\u015ftirir. Bunu biliyoruz. Peygamberler iyili\u011fi yaymak i\u00e7in g\u00f6nderilmi\u015ftir. Peygamber varisleri olarak bizler de insanlara iyili\u011fi anlatmak ve k\u00f6t\u00fcl\u00fckten men etmek i\u00e7in var\u0131z. Bunu da Rabbimiz bizlere \u015f\u00f6yle anlat\u0131yor; \u2018\u0130\u00e7inizden hayra \u00e7a\u011f\u0131ran, iyili\u011fi emredip k\u00f6t\u00fcl\u00fc\u011f\u00fc meneden bir topluluk\u00a0bulunsun.\u2019\u201d ifadelerini kulland\u0131.<\/p>\n<p>Ba\u015fkan Erba\u015f, a\u00e7\u0131l\u0131\u015f\u0131 yap\u0131lan mekan\u0131n nice g\u00fczel iyiliklerin ya\u015fanmas\u0131n\u0131 temenni etti\u011fini belirterek, mekan\u0131n hay\u0131rl\u0131 ve u\u011furlu olmas\u0131n\u0131 temenni etti.<\/p>\n<p>A\u00e7\u0131l\u0131\u015f program\u0131na, Diyanet \u0130\u015fleri Ba\u015fkanl\u0131\u011f\u0131 Din \u0130\u015fleri Y\u00fcksek Kurulu Ba\u015fkan\u0131 Prof. Dr. Abdurrahman Ha\u00e7kal\u0131, Diyanet \u0130\u015fleri Ba\u015fkan Yard\u0131mc\u0131s\u0131 Prof. Dr. Huriye Mart\u0131, Mushaflar\u0131 \u0130nceleme ve K\u0131raat Kurulu Ba\u015fkan\u0131 Dr. Hafiz Osman \u015eahin, T\u00fcrkiye Diyanet Vakf\u0131 M\u00fctevelli Heyet \u00dcyesi <span data-teams=\"true\">Do\u00e7. Dr. <\/span> Fatih Kurt, E\u011fitim Hizmetleri Genel M\u00fcd\u00fcr\u00fc Sedide Akbulut, 1. Hukuk M\u00fc\u015favir V. Ertu\u011frul Co\u015fkun, <a href=\"https:\/\/tdv.org\/tr-TR\/kurumsal\/izani-turan\/\" target=\"_blank\" rel=\"noopener\">T\u00fcrkiye Diyanet Vakf\u0131 Genel M\u00fcd\u00fcr\u00fc \u0130zani Turan<\/a>, M\u00fcd\u00fcr Yard\u0131mc\u0131lar\u0131 <a href=\"https:\/\/tdv.org\/tr-TR\/recep-sukru-balkan\/\" target=\"_blank\" rel=\"noopener\">Recep \u015e\u00fckr\u00fc Balkan<\/a> ile <a href=\"https:\/\/tdv.org\/tr-TR\/kurumsal\/fatih-kayacan\/\" target=\"_blank\" rel=\"noopener\">Fatih Kayacan,<\/a> Ankara \u0130l M\u00fcft\u00fcs\u00fc Dr. Hasan \u00c7\u0131nar, TDV KAGEM \u00e7al\u0131\u015fanlar\u0131 ve vak\u0131f g\u00f6n\u00fcll\u00fcleri\u00a0kat\u0131ld\u0131.<\/p>\n<\/div>\n<div style=\"text-align: justify;\">\n\n\t\t<style type=\"text\/css\">\n\t\t\t#gallery-1 {\n\t\t\t\tmargin: auto;\n\t\t\t}\n\t\t\t#gallery-1 .gallery-item {\n\t\t\t\tfloat: left;\n\t\t\t\tmargin-top: 10px;\n\t\t\t\ttext-align: center;\n\t\t\t\twidth: 33%;\n\t\t\t}\n\t\t\t#gallery-1 img {\n\t\t\t\tborder: 2px solid #cfcfcf;\n\t\t\t}\n\t\t\t#gallery-1 .gallery-caption {\n\t\t\t\tmargin-left: 0;\n\t\t\t}\n\t\t\t\/* see gallery_shortcode() in wp-includes\/media.php *\/\n\t\t<\/style>\n\t\t<div id='gallery-1' class='gallery galleryid-52978 gallery-columns-3 gallery-size-large'><dl class='gallery-item'>\n\t\t\t<dt class='gallery-icon landscape'>\n\t\t\t\t<a href='https:\/\/tdv.org\/tr-TR\/wp-content\/uploads\/2025\/09\/dunyayi-iyilik-degistirir-12.jpeg'><img decoding=\"async\" width=\"1024\" height=\"683\" src=\"https:\/\/tdv.org\/tr-TR\/wp-content\/uploads\/2025\/09\/dunyayi-iyilik-degistirir-12-1024x683.jpeg\" class=\"attachment-large size-large\" alt=\"Birr Mekan \u0130yilik &amp; Sanat &amp; Kahve mekan\u0131n\u0131n a\u00e7\u0131l\u0131\u015f programI, Birr Mekan ,Birr Mekan \u0130yilik &amp; Sanat &amp; Kahve,iyilik ,D\u00fcnyay\u0131 iyilik de\u011fi\u015ftirir\" srcset=\"https:\/\/tdv.org\/tr-TR\/wp-content\/uploads\/2025\/09\/dunyayi-iyilik-degistirir-12-1024x683.jpeg 1024w, https:\/\/tdv.org\/tr-TR\/wp-content\/uploads\/2025\/09\/dunyayi-iyilik-degistirir-12-300x200.jpeg 300w, https:\/\/tdv.org\/tr-TR\/wp-content\/uploads\/2025\/09\/dunyayi-iyilik-degistirir-12-768x512.jpeg 768w, https:\/\/tdv.org\/tr-TR\/wp-content\/uploads\/2025\/09\/dunyayi-iyilik-degistirir-12-900x600.jpeg 900w, https:\/\/tdv.org\/tr-TR\/wp-content\/uploads\/2025\/09\/dunyayi-iyilik-degistirir-12.jpeg 1152w\" sizes=\"(max-width: 1024px) 100vw, 1024px\" \/><\/a>\n\t\t\t<\/dt><\/dl><dl class='gallery-item'>\n\t\t\t<dt class='gallery-icon landscape'>\n\t\t\t\t<a href='https:\/\/tdv.org\/tr-TR\/wp-content\/uploads\/2025\/09\/dunyayi-iyilik-degistirir-13.jpeg'><img decoding=\"async\" width=\"1024\" height=\"683\" src=\"https:\/\/tdv.org\/tr-TR\/wp-content\/uploads\/2025\/09\/dunyayi-iyilik-degistirir-13-1024x683.jpeg\" class=\"attachment-large size-large\" alt=\"Birr Mekan \u0130yilik &amp; Sanat &amp; Kahve mekan\u0131n\u0131n a\u00e7\u0131l\u0131\u015f programI, Birr Mekan ,Birr Mekan \u0130yilik &amp; Sanat &amp; Kahve, iyilik ,D\u00fcnyay\u0131 iyilik de\u011fi\u015ftirir\" srcset=\"https:\/\/tdv.org\/tr-TR\/wp-content\/uploads\/2025\/09\/dunyayi-iyilik-degistirir-13-1024x683.jpeg 1024w, https:\/\/tdv.org\/tr-TR\/wp-content\/uploads\/2025\/09\/dunyayi-iyilik-degistirir-13-300x200.jpeg 300w, https:\/\/tdv.org\/tr-TR\/wp-content\/uploads\/2025\/09\/dunyayi-iyilik-degistirir-13-768x512.jpeg 768w, https:\/\/tdv.org\/tr-TR\/wp-content\/uploads\/2025\/09\/dunyayi-iyilik-degistirir-13-900x600.jpeg 900w, https:\/\/tdv.org\/tr-TR\/wp-content\/uploads\/2025\/09\/dunyayi-iyilik-degistirir-13.jpeg 1152w\" sizes=\"(max-width: 1024px) 100vw, 1024px\" \/><\/a>\n\t\t\t<\/dt><\/dl><dl class='gallery-item'>\n\t\t\t<dt class='gallery-icon landscape'>\n\t\t\t\t<a href='https:\/\/tdv.org\/tr-TR\/wp-content\/uploads\/2025\/09\/dunyayi-iyilik-degistirir-14.jpeg'><img decoding=\"async\" width=\"1024\" height=\"683\" src=\"https:\/\/tdv.org\/tr-TR\/wp-content\/uploads\/2025\/09\/dunyayi-iyilik-degistirir-14-1024x683.jpeg\" class=\"attachment-large size-large\" alt=\"Birr Mekan \u0130yilik &amp; Sanat &amp; Kahve mekan\u0131n\u0131n a\u00e7\u0131l\u0131\u015f programI, Birr Mekan ,Birr Mekan \u0130yilik &amp; Sanat &amp; Kahve, iyilik ,D\u00fcnyay\u0131 iyilik de\u011fi\u015ftirir\" srcset=\"https:\/\/tdv.org\/tr-TR\/wp-content\/uploads\/2025\/09\/dunyayi-iyilik-degistirir-14-1024x683.jpeg 1024w, https:\/\/tdv.org\/tr-TR\/wp-content\/uploads\/2025\/09\/dunyayi-iyilik-degistirir-14-300x200.jpeg 300w, https:\/\/tdv.org\/tr-TR\/wp-content\/uploads\/2025\/09\/dunyayi-iyilik-degistirir-14-768x512.jpeg 768w, https:\/\/tdv.org\/tr-TR\/wp-content\/uploads\/2025\/09\/dunyayi-iyilik-degistirir-14-900x600.jpeg 900w, https:\/\/tdv.org\/tr-TR\/wp-content\/uploads\/2025\/09\/dunyayi-iyilik-degistirir-14.jpeg 1152w\" sizes=\"(max-width: 1024px) 100vw, 1024px\" \/><\/a>\n\t\t\t<\/dt><\/dl><br style=\"clear: both\" \/><dl class='gallery-item'>\n\t\t\t<dt class='gallery-icon landscape'>\n\t\t\t\t<a href='https:\/\/tdv.org\/tr-TR\/wp-content\/uploads\/2025\/09\/dunyayi-iyilik-degistirir-1.jpeg'><img decoding=\"async\" width=\"1024\" height=\"683\" src=\"https:\/\/tdv.org\/tr-TR\/wp-content\/uploads\/2025\/09\/dunyayi-iyilik-degistirir-1-1024x683.jpeg\" class=\"attachment-large size-large\" alt=\"Birr Mekan \u0130yilik &amp; Sanat &amp; Kahve mekan\u0131n\u0131n a\u00e7\u0131l\u0131\u015f programI, Birr Mekan ,Birr Mekan \u0130yilik &amp; Sanat &amp; Kahve, iyilik ,D\u00fcnyay\u0131 iyilik de\u011fi\u015ftirir\" srcset=\"https:\/\/tdv.org\/tr-TR\/wp-content\/uploads\/2025\/09\/dunyayi-iyilik-degistirir-1-1024x683.jpeg 1024w, https:\/\/tdv.org\/tr-TR\/wp-content\/uploads\/2025\/09\/dunyayi-iyilik-degistirir-1-300x200.jpeg 300w, https:\/\/tdv.org\/tr-TR\/wp-content\/uploads\/2025\/09\/dunyayi-iyilik-degistirir-1-768x512.jpeg 768w, https:\/\/tdv.org\/tr-TR\/wp-content\/uploads\/2025\/09\/dunyayi-iyilik-degistirir-1-900x600.jpeg 900w, https:\/\/tdv.org\/tr-TR\/wp-content\/uploads\/2025\/09\/dunyayi-iyilik-degistirir-1.jpeg 1152w\" sizes=\"(max-width: 1024px) 100vw, 1024px\" \/><\/a>\n\t\t\t<\/dt><\/dl><dl class='gallery-item'>\n\t\t\t<dt class='gallery-icon landscape'>\n\t\t\t\t<a href='https:\/\/tdv.org\/tr-TR\/wp-content\/uploads\/2025\/09\/dunyayi-iyilik-degistirir-2.jpeg'><img decoding=\"async\" width=\"1024\" height=\"683\" src=\"https:\/\/tdv.org\/tr-TR\/wp-content\/uploads\/2025\/09\/dunyayi-iyilik-degistirir-2-1024x683.jpeg\" class=\"attachment-large size-large\" alt=\"Birr Mekan \u0130yilik &amp; Sanat &amp; Kahve mekan\u0131n\u0131n a\u00e7\u0131l\u0131\u015f programI, Birr Mekan ,Birr Mekan \u0130yilik &amp; Sanat &amp; Kahve, iyilik ,D\u00fcnyay\u0131 iyilik de\u011fi\u015ftirir\" srcset=\"https:\/\/tdv.org\/tr-TR\/wp-content\/uploads\/2025\/09\/dunyayi-iyilik-degistirir-2-1024x683.jpeg 1024w, https:\/\/tdv.org\/tr-TR\/wp-content\/uploads\/2025\/09\/dunyayi-iyilik-degistirir-2-300x200.jpeg 300w, https:\/\/tdv.org\/tr-TR\/wp-content\/uploads\/2025\/09\/dunyayi-iyilik-degistirir-2-768x512.jpeg 768w, https:\/\/tdv.org\/tr-TR\/wp-content\/uploads\/2025\/09\/dunyayi-iyilik-degistirir-2-900x600.jpeg 900w, https:\/\/tdv.org\/tr-TR\/wp-content\/uploads\/2025\/09\/dunyayi-iyilik-degistirir-2.jpeg 1152w\" sizes=\"(max-width: 1024px) 100vw, 1024px\" \/><\/a>\n\t\t\t<\/dt><\/dl><dl class='gallery-item'>\n\t\t\t<dt class='gallery-icon landscape'>\n\t\t\t\t<a href='https:\/\/tdv.org\/tr-TR\/wp-content\/uploads\/2025\/09\/dunyayi-iyilik-degistirir-3.jpeg'><img decoding=\"async\" width=\"1024\" height=\"683\" src=\"https:\/\/tdv.org\/tr-TR\/wp-content\/uploads\/2025\/09\/dunyayi-iyilik-degistirir-3-1024x683.jpeg\" class=\"attachment-large size-large\" alt=\"Birr Mekan \u0130yilik &amp; Sanat &amp; Kahve mekan\u0131n\u0131n a\u00e7\u0131l\u0131\u015f programI, Birr Mekan ,Birr Mekan \u0130yilik &amp; Sanat &amp; Kahve, iyilik ,D\u00fcnyay\u0131 iyilik de\u011fi\u015ftirir\" srcset=\"https:\/\/tdv.org\/tr-TR\/wp-content\/uploads\/2025\/09\/dunyayi-iyilik-degistirir-3-1024x683.jpeg 1024w, https:\/\/tdv.org\/tr-TR\/wp-content\/uploads\/2025\/09\/dunyayi-iyilik-degistirir-3-300x200.jpeg 300w, https:\/\/tdv.org\/tr-TR\/wp-content\/uploads\/2025\/09\/dunyayi-iyilik-degistirir-3-768x512.jpeg 768w, https:\/\/tdv.org\/tr-TR\/wp-content\/uploads\/2025\/09\/dunyayi-iyilik-degistirir-3-900x600.jpeg 900w, https:\/\/tdv.org\/tr-TR\/wp-content\/uploads\/2025\/09\/dunyayi-iyilik-degistirir-3.jpeg 1152w\" sizes=\"(max-width: 1024px) 100vw, 1024px\" \/><\/a>\n\t\t\t<\/dt><\/dl><br style=\"clear: both\" \/><dl class='gallery-item'>\n\t\t\t<dt class='gallery-icon landscape'>\n\t\t\t\t<a href='https:\/\/tdv.org\/tr-TR\/wp-content\/uploads\/2025\/09\/dunyayi-iyilik-degistirir-4.jpeg'><img decoding=\"async\" width=\"1024\" height=\"708\" src=\"https:\/\/tdv.org\/tr-TR\/wp-content\/uploads\/2025\/09\/dunyayi-iyilik-degistirir-4-1024x708.jpeg\" class=\"attachment-large size-large\" alt=\"Birr Mekan \u0130yilik &amp; Sanat &amp; Kahve mekan\u0131n\u0131n a\u00e7\u0131l\u0131\u015f programI, Birr Mekan ,Birr Mekan \u0130yilik &amp; Sanat &amp; Kahve, iyilik ,D\u00fcnyay\u0131 iyilik de\u011fi\u015ftirir\" srcset=\"https:\/\/tdv.org\/tr-TR\/wp-content\/uploads\/2025\/09\/dunyayi-iyilik-degistirir-4-1024x708.jpeg 1024w, https:\/\/tdv.org\/tr-TR\/wp-content\/uploads\/2025\/09\/dunyayi-iyilik-degistirir-4-300x208.jpeg 300w, https:\/\/tdv.org\/tr-TR\/wp-content\/uploads\/2025\/09\/dunyayi-iyilik-degistirir-4-768x531.jpeg 768w, https:\/\/tdv.org\/tr-TR\/wp-content\/uploads\/2025\/09\/dunyayi-iyilik-degistirir-4.jpeg 1110w\" sizes=\"(max-width: 1024px) 100vw, 1024px\" \/><\/a>\n\t\t\t<\/dt><\/dl><dl class='gallery-item'>\n\t\t\t<dt class='gallery-icon landscape'>\n\t\t\t\t<a href='https:\/\/tdv.org\/tr-TR\/wp-content\/uploads\/2025\/09\/dunyayi-iyilik-degistirir-5.jpeg'><img decoding=\"async\" width=\"1024\" height=\"661\" src=\"https:\/\/tdv.org\/tr-TR\/wp-content\/uploads\/2025\/09\/dunyayi-iyilik-degistirir-5-1024x661.jpeg\" class=\"attachment-large size-large\" alt=\"Birr Mekan \u0130yilik &amp; Sanat &amp; Kahve mekan\u0131n\u0131n a\u00e7\u0131l\u0131\u015f programI, Birr Mekan ,Birr Mekan \u0130yilik &amp; Sanat &amp; Kahve, iyilik ,D\u00fcnyay\u0131 iyilik de\u011fi\u015ftirir\" srcset=\"https:\/\/tdv.org\/tr-TR\/wp-content\/uploads\/2025\/09\/dunyayi-iyilik-degistirir-5-1024x661.jpeg 1024w, https:\/\/tdv.org\/tr-TR\/wp-content\/uploads\/2025\/09\/dunyayi-iyilik-degistirir-5-300x194.jpeg 300w, https:\/\/tdv.org\/tr-TR\/wp-content\/uploads\/2025\/09\/dunyayi-iyilik-degistirir-5-768x496.jpeg 768w, https:\/\/tdv.org\/tr-TR\/wp-content\/uploads\/2025\/09\/dunyayi-iyilik-degistirir-5.jpeg 1189w\" sizes=\"(max-width: 1024px) 100vw, 1024px\" \/><\/a>\n\t\t\t<\/dt><\/dl><dl class='gallery-item'>\n\t\t\t<dt class='gallery-icon landscape'>\n\t\t\t\t<a href='https:\/\/tdv.org\/tr-TR\/wp-content\/uploads\/2025\/09\/dunyayi-iyilik-degistirir-6.jpeg'><img decoding=\"async\" width=\"1024\" height=\"683\" src=\"https:\/\/tdv.org\/tr-TR\/wp-content\/uploads\/2025\/09\/dunyayi-iyilik-degistirir-6-1024x683.jpeg\" class=\"attachment-large size-large\" alt=\"\" srcset=\"https:\/\/tdv.org\/tr-TR\/wp-content\/uploads\/2025\/09\/dunyayi-iyilik-degistirir-6-1024x683.jpeg 1024w, https:\/\/tdv.org\/tr-TR\/wp-content\/uploads\/2025\/09\/dunyayi-iyilik-degistirir-6-300x200.jpeg 300w, https:\/\/tdv.org\/tr-TR\/wp-content\/uploads\/2025\/09\/dunyayi-iyilik-degistirir-6-768x512.jpeg 768w, https:\/\/tdv.org\/tr-TR\/wp-content\/uploads\/2025\/09\/dunyayi-iyilik-degistirir-6-900x600.jpeg 900w, https:\/\/tdv.org\/tr-TR\/wp-content\/uploads\/2025\/09\/dunyayi-iyilik-degistirir-6.jpeg 1152w\" sizes=\"(max-width: 1024px) 100vw, 1024px\" \/><\/a>\n\t\t\t<\/dt><\/dl><br style=\"clear: both\" \/><dl class='gallery-item'>\n\t\t\t<dt class='gallery-icon landscape'>\n\t\t\t\t<a href='https:\/\/tdv.org\/tr-TR\/wp-content\/uploads\/2025\/09\/dunyayi-iyilik-degistirir-7.jpeg'><img decoding=\"async\" width=\"1024\" height=\"686\" src=\"https:\/\/tdv.org\/tr-TR\/wp-content\/uploads\/2025\/09\/dunyayi-iyilik-degistirir-7-1024x686.jpeg\" class=\"attachment-large size-large\" alt=\"Birr Mekan \u0130yilik &amp; Sanat &amp; Kahve mekan\u0131n\u0131n a\u00e7\u0131l\u0131\u015f programI, Birr Mekan ,Birr Mekan \u0130yilik &amp; Sanat &amp; Kahve, iyilik ,D\u00fcnyay\u0131 iyilik de\u011fi\u015ftirir\" srcset=\"https:\/\/tdv.org\/tr-TR\/wp-content\/uploads\/2025\/09\/dunyayi-iyilik-degistirir-7-1024x686.jpeg 1024w, https:\/\/tdv.org\/tr-TR\/wp-content\/uploads\/2025\/09\/dunyayi-iyilik-degistirir-7-300x201.jpeg 300w, https:\/\/tdv.org\/tr-TR\/wp-content\/uploads\/2025\/09\/dunyayi-iyilik-degistirir-7-768x515.jpeg 768w, https:\/\/tdv.org\/tr-TR\/wp-content\/uploads\/2025\/09\/dunyayi-iyilik-degistirir-7-600x403.jpeg 600w, https:\/\/tdv.org\/tr-TR\/wp-content\/uploads\/2025\/09\/dunyayi-iyilik-degistirir-7-900x604.jpeg 900w, https:\/\/tdv.org\/tr-TR\/wp-content\/uploads\/2025\/09\/dunyayi-iyilik-degistirir-7-400x269.jpeg 400w, https:\/\/tdv.org\/tr-TR\/wp-content\/uploads\/2025\/09\/dunyayi-iyilik-degistirir-7.jpeg 1146w\" sizes=\"(max-width: 1024px) 100vw, 1024px\" \/><\/a>\n\t\t\t<\/dt><\/dl><dl class='gallery-item'>\n\t\t\t<dt class='gallery-icon landscape'>\n\t\t\t\t<a href='https:\/\/tdv.org\/tr-TR\/wp-content\/uploads\/2025\/09\/dunyayi-iyilik-degistirir-8.jpeg'><img decoding=\"async\" width=\"1024\" height=\"683\" src=\"https:\/\/tdv.org\/tr-TR\/wp-content\/uploads\/2025\/09\/dunyayi-iyilik-degistirir-8-1024x683.jpeg\" class=\"attachment-large size-large\" alt=\"Birr Mekan \u0130yilik &amp; Sanat &amp; Kahve mekan\u0131n\u0131n a\u00e7\u0131l\u0131\u015f programI, Birr Mekan ,Birr Mekan \u0130yilik &amp; Sanat &amp; Kahve, iyilik ,D\u00fcnyay\u0131 iyilik de\u011fi\u015ftirir\" srcset=\"https:\/\/tdv.org\/tr-TR\/wp-content\/uploads\/2025\/09\/dunyayi-iyilik-degistirir-8-1024x683.jpeg 1024w, https:\/\/tdv.org\/tr-TR\/wp-content\/uploads\/2025\/09\/dunyayi-iyilik-degistirir-8-300x200.jpeg 300w, https:\/\/tdv.org\/tr-TR\/wp-content\/uploads\/2025\/09\/dunyayi-iyilik-degistirir-8-768x512.jpeg 768w, https:\/\/tdv.org\/tr-TR\/wp-content\/uploads\/2025\/09\/dunyayi-iyilik-degistirir-8-900x600.jpeg 900w, https:\/\/tdv.org\/tr-TR\/wp-content\/uploads\/2025\/09\/dunyayi-iyilik-degistirir-8.jpeg 1152w\" sizes=\"(max-width: 1024px) 100vw, 1024px\" \/><\/a>\n\t\t\t<\/dt><\/dl><dl class='gallery-item'>\n\t\t\t<dt class='gallery-icon landscape'>\n\t\t\t\t<a href='https:\/\/tdv.org\/tr-TR\/wp-content\/uploads\/2025\/09\/dunyayi-iyilik-degistirir-9.jpeg'><img decoding=\"async\" width=\"1024\" height=\"679\" src=\"https:\/\/tdv.org\/tr-TR\/wp-content\/uploads\/2025\/09\/dunyayi-iyilik-degistirir-9-1024x679.jpeg\" class=\"attachment-large size-large\" alt=\"Birr Mekan \u0130yilik &amp; Sanat &amp; Kahve mekan\u0131n\u0131n a\u00e7\u0131l\u0131\u015f programI, Birr Mekan ,Birr Mekan \u0130yilik &amp; Sanat &amp; Kahve, iyilik ,D\u00fcnyay\u0131 iyilik de\u011fi\u015ftirir\" srcset=\"https:\/\/tdv.org\/tr-TR\/wp-content\/uploads\/2025\/09\/dunyayi-iyilik-degistirir-9-1024x679.jpeg 1024w, https:\/\/tdv.org\/tr-TR\/wp-content\/uploads\/2025\/09\/dunyayi-iyilik-degistirir-9-300x199.jpeg 300w, https:\/\/tdv.org\/tr-TR\/wp-content\/uploads\/2025\/09\/dunyayi-iyilik-degistirir-9-768x509.jpeg 768w, https:\/\/tdv.org\/tr-TR\/wp-content\/uploads\/2025\/09\/dunyayi-iyilik-degistirir-9.jpeg 1159w\" sizes=\"(max-width: 1024px) 100vw, 1024px\" \/><\/a>\n\t\t\t<\/dt><\/dl><br style=\"clear: both\" \/><dl class='gallery-item'>\n\t\t\t<dt class='gallery-icon landscape'>\n\t\t\t\t<a href='https:\/\/tdv.org\/tr-TR\/wp-content\/uploads\/2025\/09\/dunyayi-iyilik-degistirir-10.jpeg'><img decoding=\"async\" width=\"1024\" height=\"683\" src=\"https:\/\/tdv.org\/tr-TR\/wp-content\/uploads\/2025\/09\/dunyayi-iyilik-degistirir-10-1024x683.jpeg\" class=\"attachment-large size-large\" alt=\"Birr Mekan \u0130yilik &amp; Sanat &amp; Kahve mekan\u0131n\u0131n a\u00e7\u0131l\u0131\u015f programI, Birr Mekan ,Birr Mekan \u0130yilik &amp; Sanat &amp; Kahve, iyilik ,D\u00fcnyay\u0131 iyilik de\u011fi\u015ftirir\" srcset=\"https:\/\/tdv.org\/tr-TR\/wp-content\/uploads\/2025\/09\/dunyayi-iyilik-degistirir-10-1024x683.jpeg 1024w, https:\/\/tdv.org\/tr-TR\/wp-content\/uploads\/2025\/09\/dunyayi-iyilik-degistirir-10-300x200.jpeg 300w, https:\/\/tdv.org\/tr-TR\/wp-content\/uploads\/2025\/09\/dunyayi-iyilik-degistirir-10-768x512.jpeg 768w, https:\/\/tdv.org\/tr-TR\/wp-content\/uploads\/2025\/09\/dunyayi-iyilik-degistirir-10-900x600.jpeg 900w, https:\/\/tdv.org\/tr-TR\/wp-content\/uploads\/2025\/09\/dunyayi-iyilik-degistirir-10.jpeg 1152w\" sizes=\"(max-width: 1024px) 100vw, 1024px\" \/><\/a>\n\t\t\t<\/dt><\/dl><dl class='gallery-item'>\n\t\t\t<dt class='gallery-icon landscape'>\n\t\t\t\t<a href='https:\/\/tdv.org\/tr-TR\/wp-content\/uploads\/2025\/09\/dunyayi-iyilik-degistirir-11.jpeg'><img decoding=\"async\" width=\"1024\" height=\"683\" src=\"https:\/\/tdv.org\/tr-TR\/wp-content\/uploads\/2025\/09\/dunyayi-iyilik-degistirir-11-1024x683.jpeg\" class=\"attachment-large size-large\" alt=\"Birr Mekan \u0130yilik &amp; Sanat &amp; Kahve mekan\u0131n\u0131n a\u00e7\u0131l\u0131\u015f programI, Birr Mekan ,Birr Mekan \u0130yilik &amp; Sanat &amp; Kahve, iyilik ,D\u00fcnyay\u0131 iyilik de\u011fi\u015ftirir\" srcset=\"https:\/\/tdv.org\/tr-TR\/wp-content\/uploads\/2025\/09\/dunyayi-iyilik-degistirir-11-1024x683.jpeg 1024w, https:\/\/tdv.org\/tr-TR\/wp-content\/uploads\/2025\/09\/dunyayi-iyilik-degistirir-11-300x200.jpeg 300w, https:\/\/tdv.org\/tr-TR\/wp-content\/uploads\/2025\/09\/dunyayi-iyilik-degistirir-11-768x512.jpeg 768w, https:\/\/tdv.org\/tr-TR\/wp-content\/uploads\/2025\/09\/dunyayi-iyilik-degistirir-11-900x600.jpeg 900w, https:\/\/tdv.org\/tr-TR\/wp-content\/uploads\/2025\/09\/dunyayi-iyilik-degistirir-11.jpeg 1152w\" sizes=\"(max-width: 1024px) 100vw, 1024px\" \/><\/a>\n\t\t\t<\/dt><\/dl>\n\t\t\t<br style='clear: both' \/>\n\t\t<\/div>\n\n<\/div>\n","protected":false},"excerpt":{"rendered":"<p>Diyanet \u0130\u015fleri Ba\u015fkan\u0131 ve T\u00fcrkiye Diyanet Vakf\u0131 M\u00fctevelli Heyeti Ba\u015fkan\u0131 Prof. Dr. Ali Erba\u015f,\u00a0\u201cPeygamberler iyili\u011fi yaymak i\u00e7in g\u00f6nderilmi\u015ftir. Peygamber varisleri olarak bizler de insanlara iyili\u011fi anlatmak ve k\u00f6t\u00fcl\u00fckten men etmek&#8230;<\/p>\n","protected":false},"author":8,"featured_media":52982,"comment_status":"closed","ping_status":"closed","sticky":false,"template":"","format":"standard","meta":{"footnotes":""},"categories":[1],"tags":[403,2451,2452,596,174,412,196,271,2346],"class_list":{"0":"post-52978","1":"post","2":"type-post","3":"status-publish","4":"format-standard","5":"has-post-thumbnail","7":"category-haberler","8":"tag-acilis","9":"tag-birr-mekan","10":"tag-birr-mekan-iyilik-sanat-kahve","11":"tag-diyanet-isleri-baskani-ve-turkiye-diyanet-vakfi-mutevelli-heyeti-baskani-prof-dr-ali-erbas","12":"tag-huriye-marti","13":"tag-iyilik","14":"tag-kagem","15":"tag-tdv-kagem","16":"tag-turkiye-diyanet-vakfi-genel-muduru-izani-turan"},"yoast_head":"<!-- This site is optimized with the Yoast SEO plugin v27.4 - https:\/\/yoast.com\/product\/yoast-seo-wordpress\/ -->\n<title>\u201cD\u00fcnyay\u0131 iyilik de\u011fi\u015ftirir\u201d<\/title>\n<meta name=\"description\" content=\"Diyanet \u0130\u015fleri Ba\u015fkan\u0131 ve T\u00fcrkiye Diyanet Vakf\u0131 M\u00fctevelli Heyeti Ba\u015fkan\u0131 Prof. Dr. Ali Erba\u015f,\u00a0\u201cPeygamberler iyili\u011fi yaymak i\u00e7in g\u00f6nderilmi\u015ftir. Peygamber varisleri olarak bizler de insanlara iyili\u011fi anlatmak ve k\u00f6t\u00fcl\u00fckten men etmek i\u00e7in var\u0131z.\u201d dedi.\" \/>\n<meta name=\"robots\" content=\"index, follow, max-snippet:-1, max-image-preview:large, max-video-preview:-1\" \/>\n<link rel=\"canonical\" href=\"https:\/\/tdv.org\/tr-TR\/dunyayi-iyilik-degistirir\/\" \/>\n<meta property=\"og:locale\" content=\"tr_TR\" \/>\n<meta property=\"og:type\" content=\"article\" \/>\n<meta property=\"og:title\" content=\"\u201cD\u00fcnyay\u0131 iyilik de\u011fi\u015ftirir\u201d\" \/>\n<meta property=\"og:description\" content=\"Diyanet \u0130\u015fleri Ba\u015fkan\u0131 ve T\u00fcrkiye Diyanet Vakf\u0131 M\u00fctevelli Heyeti Ba\u015fkan\u0131 Prof. Dr. Ali Erba\u015f,\u00a0\u201cPeygamberler iyili\u011fi yaymak i\u00e7in g\u00f6nderilmi\u015ftir. Peygamber varisleri olarak bizler de insanlara iyili\u011fi anlatmak ve k\u00f6t\u00fcl\u00fckten men etmek i\u00e7in var\u0131z.\u201d dedi.\" \/>\n<meta property=\"og:url\" content=\"https:\/\/tdv.org\/tr-TR\/dunyayi-iyilik-degistirir\/\" \/>\n<meta property=\"og:site_name\" content=\"T\u00fcrkiye Diyanet Vakf\u0131 Resmi Web Sitesi\" \/>\n<meta property=\"article:publisher\" content=\"https:\/\/www.facebook.com\/Diyanetvakfi\/\" \/>\n<meta property=\"article:published_time\" content=\"2025-09-15T16:17:15+00:00\" \/>\n<meta property=\"article:modified_time\" content=\"2025-09-16T06:51:49+00:00\" \/>\n<meta property=\"og:image\" content=\"https:\/\/tdv.org\/tr-TR\/wp-content\/uploads\/2025\/09\/dunyayi-iyilik-degistirir-14.jpeg\" \/>\n\t<meta property=\"og:image:width\" content=\"1152\" \/>\n\t<meta property=\"og:image:height\" content=\"768\" \/>\n\t<meta property=\"og:image:type\" content=\"image\/jpeg\" \/>\n<meta name=\"author\" content=\"Selim\" \/>\n<meta name=\"twitter:card\" content=\"summary_large_image\" \/>\n<meta name=\"twitter:creator\" content=\"@DiyanetVakfi\" \/>\n<meta name=\"twitter:site\" content=\"@DiyanetVakfi\" \/>\n<script type=\"application\/ld+json\" class=\"yoast-schema-graph\">{\"@context\":\"https:\\\/\\\/schema.org\",\"@graph\":[{\"@type\":\"Article\",\"@id\":\"https:\\\/\\\/tdv.org\\\/tr-TR\\\/dunyayi-iyilik-degistirir\\\/#article\",\"isPartOf\":{\"@id\":\"https:\\\/\\\/tdv.org\\\/tr-TR\\\/dunyayi-iyilik-degistirir\\\/\"},\"author\":{\"name\":\"Selim\",\"@id\":\"https:\\\/\\\/tdv.org\\\/tr-TR\\\/#\\\/schema\\\/person\\\/752b55e264a99273d55636516d96d5eb\"},\"headline\":\"\u201cD\u00fcnyay\u0131 iyilik de\u011fi\u015ftirir\u201d\",\"datePublished\":\"2025-09-15T16:17:15+00:00\",\"dateModified\":\"2025-09-16T06:51:49+00:00\",\"mainEntityOfPage\":{\"@id\":\"https:\\\/\\\/tdv.org\\\/tr-TR\\\/dunyayi-iyilik-degistirir\\\/\"},\"wordCount\":367,\"publisher\":{\"@id\":\"https:\\\/\\\/tdv.org\\\/tr-TR\\\/#organization\"},\"image\":{\"@id\":\"https:\\\/\\\/tdv.org\\\/tr-TR\\\/dunyayi-iyilik-degistirir\\\/#primaryimage\"},\"thumbnailUrl\":\"https:\\\/\\\/tdv.org\\\/tr-TR\\\/wp-content\\\/uploads\\\/2025\\\/09\\\/dunyayi-iyilik-degistirir-14.jpeg\",\"keywords\":[\"A\u00e7\u0131l\u0131\u015f\",\"Birr Mekan\",\"Birr Mekan \u0130yilik &amp; Sanat &amp; Kahve\",\"Diyanet \u0130\u015fleri Ba\u015fkan\u0131 ve T\u00fcrkiye Diyanet Vakf\u0131 M\u00fctevelli Heyeti Ba\u015fkan\u0131 Prof. Dr. Ali Erba\u015f\",\"Huriye Mart\u0131\",\"iyilik\",\"Kagem\",\"TDV KAGEM\",\"T\u00fcrkiye Diyanet Vakf\u0131 Genel M\u00fcd\u00fcr\u00fc \u0130zani Turan\"],\"articleSection\":[\"Haberler\"],\"inLanguage\":\"tr\"},{\"@type\":\"WebPage\",\"@id\":\"https:\\\/\\\/tdv.org\\\/tr-TR\\\/dunyayi-iyilik-degistirir\\\/\",\"url\":\"https:\\\/\\\/tdv.org\\\/tr-TR\\\/dunyayi-iyilik-degistirir\\\/\",\"name\":\"\u201cD\u00fcnyay\u0131 iyilik de\u011fi\u015ftirir\u201d\",\"isPartOf\":{\"@id\":\"https:\\\/\\\/tdv.org\\\/tr-TR\\\/#website\"},\"primaryImageOfPage\":{\"@id\":\"https:\\\/\\\/tdv.org\\\/tr-TR\\\/dunyayi-iyilik-degistirir\\\/#primaryimage\"},\"image\":{\"@id\":\"https:\\\/\\\/tdv.org\\\/tr-TR\\\/dunyayi-iyilik-degistirir\\\/#primaryimage\"},\"thumbnailUrl\":\"https:\\\/\\\/tdv.org\\\/tr-TR\\\/wp-content\\\/uploads\\\/2025\\\/09\\\/dunyayi-iyilik-degistirir-14.jpeg\",\"datePublished\":\"2025-09-15T16:17:15+00:00\",\"dateModified\":\"2025-09-16T06:51:49+00:00\",\"description\":\"Diyanet \u0130\u015fleri Ba\u015fkan\u0131 ve T\u00fcrkiye Diyanet Vakf\u0131 M\u00fctevelli Heyeti Ba\u015fkan\u0131 Prof. Dr. Ali Erba\u015f,\u00a0\u201cPeygamberler iyili\u011fi yaymak i\u00e7in g\u00f6nderilmi\u015ftir. Peygamber varisleri olarak bizler de insanlara iyili\u011fi anlatmak ve k\u00f6t\u00fcl\u00fckten men etmek i\u00e7in var\u0131z.\u201d dedi.\",\"breadcrumb\":{\"@id\":\"https:\\\/\\\/tdv.org\\\/tr-TR\\\/dunyayi-iyilik-degistirir\\\/#breadcrumb\"},\"inLanguage\":\"tr\",\"potentialAction\":[{\"@type\":\"ReadAction\",\"target\":[\"https:\\\/\\\/tdv.org\\\/tr-TR\\\/dunyayi-iyilik-degistirir\\\/\"]}]},{\"@type\":\"ImageObject\",\"inLanguage\":\"tr\",\"@id\":\"https:\\\/\\\/tdv.org\\\/tr-TR\\\/dunyayi-iyilik-degistirir\\\/#primaryimage\",\"url\":\"https:\\\/\\\/tdv.org\\\/tr-TR\\\/wp-content\\\/uploads\\\/2025\\\/09\\\/dunyayi-iyilik-degistirir-14.jpeg\",\"contentUrl\":\"https:\\\/\\\/tdv.org\\\/tr-TR\\\/wp-content\\\/uploads\\\/2025\\\/09\\\/dunyayi-iyilik-degistirir-14.jpeg\",\"width\":1152,\"height\":768,\"caption\":\"Birr Mekan \u0130yilik & Sanat & Kahve mekan\u0131n\u0131n a\u00e7\u0131l\u0131\u015f programI, Birr Mekan ,Birr Mekan \u0130yilik & Sanat & Kahve, iyilik ,D\u00fcnyay\u0131 iyilik de\u011fi\u015ftirir\"},{\"@type\":\"BreadcrumbList\",\"@id\":\"https:\\\/\\\/tdv.org\\\/tr-TR\\\/dunyayi-iyilik-degistirir\\\/#breadcrumb\",\"itemListElement\":[{\"@type\":\"ListItem\",\"position\":1,\"name\":\"Anasayfa\",\"item\":\"https:\\\/\\\/tdv.org\\\/tr-TR\\\/\"},{\"@type\":\"ListItem\",\"position\":2,\"name\":\"\u201cD\u00fcnyay\u0131 iyilik de\u011fi\u015ftirir\u201d\"}]},{\"@type\":\"WebSite\",\"@id\":\"https:\\\/\\\/tdv.org\\\/tr-TR\\\/#website\",\"url\":\"https:\\\/\\\/tdv.org\\\/tr-TR\\\/\",\"name\":\"T\u00fcrkiye Diyanet Vakf\u0131 Resmi Web Sitesi\",\"description\":\"Yery\u00fcz\u00fcnde iyilik egemen oluncaya kadar\",\"publisher\":{\"@id\":\"https:\\\/\\\/tdv.org\\\/tr-TR\\\/#organization\"},\"alternateName\":\"T\u00fcrkiye Diyanet Vakf\u0131\",\"potentialAction\":[{\"@type\":\"SearchAction\",\"target\":{\"@type\":\"EntryPoint\",\"urlTemplate\":\"https:\\\/\\\/tdv.org\\\/tr-TR\\\/?s={search_term_string}\"},\"query-input\":{\"@type\":\"PropertyValueSpecification\",\"valueRequired\":true,\"valueName\":\"search_term_string\"}}],\"inLanguage\":\"tr\"},{\"@type\":\"Organization\",\"@id\":\"https:\\\/\\\/tdv.org\\\/tr-TR\\\/#organization\",\"name\":\"T\u00fcrkiye Diyanet Vakf\u0131\",\"alternateName\":\"T\u00fcrkiye Diyanet Vakf\u0131\",\"url\":\"https:\\\/\\\/tdv.org\\\/tr-TR\\\/\",\"logo\":{\"@type\":\"ImageObject\",\"inLanguage\":\"tr\",\"@id\":\"https:\\\/\\\/tdv.org\\\/tr-TR\\\/#\\\/schema\\\/logo\\\/image\\\/\",\"url\":\"https:\\\/\\\/tdv.org\\\/tr-TR\\\/wp-content\\\/uploads\\\/2018\\\/12\\\/TDV_Logo_1.png\",\"contentUrl\":\"https:\\\/\\\/tdv.org\\\/tr-TR\\\/wp-content\\\/uploads\\\/2018\\\/12\\\/TDV_Logo_1.png\",\"width\":207,\"height\":71,\"caption\":\"T\u00fcrkiye Diyanet Vakf\u0131\"},\"image\":{\"@id\":\"https:\\\/\\\/tdv.org\\\/tr-TR\\\/#\\\/schema\\\/logo\\\/image\\\/\"},\"sameAs\":[\"https:\\\/\\\/www.facebook.com\\\/Diyanetvakfi\\\/\",\"https:\\\/\\\/x.com\\\/DiyanetVakfi\",\"https:\\\/\\\/www.instagram.com\\\/turkiyediyanetvakfi\\\/\",\"https:\\\/\\\/www.youtube.com\\\/user\\\/TurkiyeDiyanetVakfi\"]},{\"@type\":\"Person\",\"@id\":\"https:\\\/\\\/tdv.org\\\/tr-TR\\\/#\\\/schema\\\/person\\\/752b55e264a99273d55636516d96d5eb\",\"name\":\"Selim\",\"image\":{\"@type\":\"ImageObject\",\"inLanguage\":\"tr\",\"@id\":\"https:\\\/\\\/tdv.org\\\/tr-TR\\\/wp-content\\\/litespeed\\\/avatar\\\/a1e47b25396e98e5b781e88a5396cd96.jpg?ver=1777287391\",\"url\":\"https:\\\/\\\/tdv.org\\\/tr-TR\\\/wp-content\\\/litespeed\\\/avatar\\\/a1e47b25396e98e5b781e88a5396cd96.jpg?ver=1777287391\",\"contentUrl\":\"https:\\\/\\\/tdv.org\\\/tr-TR\\\/wp-content\\\/litespeed\\\/avatar\\\/a1e47b25396e98e5b781e88a5396cd96.jpg?ver=1777287391\",\"caption\":\"Selim\"}}]}<\/script>\n<!-- \/ Yoast SEO plugin. -->","yoast_head_json":{"title":"\u201cD\u00fcnyay\u0131 iyilik de\u011fi\u015ftirir\u201d","description":"Diyanet \u0130\u015fleri Ba\u015fkan\u0131 ve T\u00fcrkiye Diyanet Vakf\u0131 M\u00fctevelli Heyeti Ba\u015fkan\u0131 Prof. Dr. Ali Erba\u015f,\u00a0\u201cPeygamberler iyili\u011fi yaymak i\u00e7in g\u00f6nderilmi\u015ftir. Peygamber varisleri olarak bizler de insanlara iyili\u011fi anlatmak ve k\u00f6t\u00fcl\u00fckten men etmek i\u00e7in var\u0131z.\u201d dedi.","robots":{"index":"index","follow":"follow","max-snippet":"max-snippet:-1","max-image-preview":"max-image-preview:large","max-video-preview":"max-video-preview:-1"},"canonical":"https:\/\/tdv.org\/tr-TR\/dunyayi-iyilik-degistirir\/","og_locale":"tr_TR","og_type":"article","og_title":"\u201cD\u00fcnyay\u0131 iyilik de\u011fi\u015ftirir\u201d","og_description":"Diyanet \u0130\u015fleri Ba\u015fkan\u0131 ve T\u00fcrkiye Diyanet Vakf\u0131 M\u00fctevelli Heyeti Ba\u015fkan\u0131 Prof. Dr. Ali Erba\u015f,\u00a0\u201cPeygamberler iyili\u011fi yaymak i\u00e7in g\u00f6nderilmi\u015ftir. Peygamber varisleri olarak bizler de insanlara iyili\u011fi anlatmak ve k\u00f6t\u00fcl\u00fckten men etmek i\u00e7in var\u0131z.\u201d dedi.","og_url":"https:\/\/tdv.org\/tr-TR\/dunyayi-iyilik-degistirir\/","og_site_name":"T\u00fcrkiye Diyanet Vakf\u0131 Resmi Web Sitesi","article_publisher":"https:\/\/www.facebook.com\/Diyanetvakfi\/","article_published_time":"2025-09-15T16:17:15+00:00","article_modified_time":"2025-09-16T06:51:49+00:00","og_image":[{"width":1152,"height":768,"url":"https:\/\/tdv.org\/tr-TR\/wp-content\/uploads\/2025\/09\/dunyayi-iyilik-degistirir-14.jpeg","type":"image\/jpeg"}],"author":"Selim","twitter_card":"summary_large_image","twitter_creator":"@DiyanetVakfi","twitter_site":"@DiyanetVakfi","schema":{"@context":"https:\/\/schema.org","@graph":[{"@type":"Article","@id":"https:\/\/tdv.org\/tr-TR\/dunyayi-iyilik-degistirir\/#article","isPartOf":{"@id":"https:\/\/tdv.org\/tr-TR\/dunyayi-iyilik-degistirir\/"},"author":{"name":"Selim","@id":"https:\/\/tdv.org\/tr-TR\/#\/schema\/person\/752b55e264a99273d55636516d96d5eb"},"headline":"\u201cD\u00fcnyay\u0131 iyilik de\u011fi\u015ftirir\u201d","datePublished":"2025-09-15T16:17:15+00:00","dateModified":"2025-09-16T06:51:49+00:00","mainEntityOfPage":{"@id":"https:\/\/tdv.org\/tr-TR\/dunyayi-iyilik-degistirir\/"},"wordCount":367,"publisher":{"@id":"https:\/\/tdv.org\/tr-TR\/#organization"},"image":{"@id":"https:\/\/tdv.org\/tr-TR\/dunyayi-iyilik-degistirir\/#primaryimage"},"thumbnailUrl":"https:\/\/tdv.org\/tr-TR\/wp-content\/uploads\/2025\/09\/dunyayi-iyilik-degistirir-14.jpeg","keywords":["A\u00e7\u0131l\u0131\u015f","Birr Mekan","Birr Mekan \u0130yilik &amp; Sanat &amp; Kahve","Diyanet \u0130\u015fleri Ba\u015fkan\u0131 ve T\u00fcrkiye Diyanet Vakf\u0131 M\u00fctevelli Heyeti Ba\u015fkan\u0131 Prof. Dr. Ali Erba\u015f","Huriye Mart\u0131","iyilik","Kagem","TDV KAGEM","T\u00fcrkiye Diyanet Vakf\u0131 Genel M\u00fcd\u00fcr\u00fc \u0130zani Turan"],"articleSection":["Haberler"],"inLanguage":"tr"},{"@type":"WebPage","@id":"https:\/\/tdv.org\/tr-TR\/dunyayi-iyilik-degistirir\/","url":"https:\/\/tdv.org\/tr-TR\/dunyayi-iyilik-degistirir\/","name":"\u201cD\u00fcnyay\u0131 iyilik de\u011fi\u015ftirir\u201d","isPartOf":{"@id":"https:\/\/tdv.org\/tr-TR\/#website"},"primaryImageOfPage":{"@id":"https:\/\/tdv.org\/tr-TR\/dunyayi-iyilik-degistirir\/#primaryimage"},"image":{"@id":"https:\/\/tdv.org\/tr-TR\/dunyayi-iyilik-degistirir\/#primaryimage"},"thumbnailUrl":"https:\/\/tdv.org\/tr-TR\/wp-content\/uploads\/2025\/09\/dunyayi-iyilik-degistirir-14.jpeg","datePublished":"2025-09-15T16:17:15+00:00","dateModified":"2025-09-16T06:51:49+00:00","description":"Diyanet \u0130\u015fleri Ba\u015fkan\u0131 ve T\u00fcrkiye Diyanet Vakf\u0131 M\u00fctevelli Heyeti Ba\u015fkan\u0131 Prof. Dr. Ali Erba\u015f,\u00a0\u201cPeygamberler iyili\u011fi yaymak i\u00e7in g\u00f6nderilmi\u015ftir. Peygamber varisleri olarak bizler de insanlara iyili\u011fi anlatmak ve k\u00f6t\u00fcl\u00fckten men etmek i\u00e7in var\u0131z.\u201d dedi.","breadcrumb":{"@id":"https:\/\/tdv.org\/tr-TR\/dunyayi-iyilik-degistirir\/#breadcrumb"},"inLanguage":"tr","potentialAction":[{"@type":"ReadAction","target":["https:\/\/tdv.org\/tr-TR\/dunyayi-iyilik-degistirir\/"]}]},{"@type":"ImageObject","inLanguage":"tr","@id":"https:\/\/tdv.org\/tr-TR\/dunyayi-iyilik-degistirir\/#primaryimage","url":"https:\/\/tdv.org\/tr-TR\/wp-content\/uploads\/2025\/09\/dunyayi-iyilik-degistirir-14.jpeg","contentUrl":"https:\/\/tdv.org\/tr-TR\/wp-content\/uploads\/2025\/09\/dunyayi-iyilik-degistirir-14.jpeg","width":1152,"height":768,"caption":"Birr Mekan \u0130yilik & Sanat & Kahve mekan\u0131n\u0131n a\u00e7\u0131l\u0131\u015f programI, Birr Mekan ,Birr Mekan \u0130yilik & Sanat & Kahve, iyilik ,D\u00fcnyay\u0131 iyilik de\u011fi\u015ftirir"},{"@type":"BreadcrumbList","@id":"https:\/\/tdv.org\/tr-TR\/dunyayi-iyilik-degistirir\/#breadcrumb","itemListElement":[{"@type":"ListItem","position":1,"name":"Anasayfa","item":"https:\/\/tdv.org\/tr-TR\/"},{"@type":"ListItem","position":2,"name":"\u201cD\u00fcnyay\u0131 iyilik de\u011fi\u015ftirir\u201d"}]},{"@type":"WebSite","@id":"https:\/\/tdv.org\/tr-TR\/#website","url":"https:\/\/tdv.org\/tr-TR\/","name":"T\u00fcrkiye Diyanet Vakf\u0131 Resmi Web Sitesi","description":"Yery\u00fcz\u00fcnde iyilik egemen oluncaya kadar","publisher":{"@id":"https:\/\/tdv.org\/tr-TR\/#organization"},"alternateName":"T\u00fcrkiye Diyanet Vakf\u0131","potentialAction":[{"@type":"SearchAction","target":{"@type":"EntryPoint","urlTemplate":"https:\/\/tdv.org\/tr-TR\/?s={search_term_string}"},"query-input":{"@type":"PropertyValueSpecification","valueRequired":true,"valueName":"search_term_string"}}],"inLanguage":"tr"},{"@type":"Organization","@id":"https:\/\/tdv.org\/tr-TR\/#organization","name":"T\u00fcrkiye Diyanet Vakf\u0131","alternateName":"T\u00fcrkiye Diyanet Vakf\u0131","url":"https:\/\/tdv.org\/tr-TR\/","logo":{"@type":"ImageObject","inLanguage":"tr","@id":"https:\/\/tdv.org\/tr-TR\/#\/schema\/logo\/image\/","url":"https:\/\/tdv.org\/tr-TR\/wp-content\/uploads\/2018\/12\/TDV_Logo_1.png","contentUrl":"https:\/\/tdv.org\/tr-TR\/wp-content\/uploads\/2018\/12\/TDV_Logo_1.png","width":207,"height":71,"caption":"T\u00fcrkiye Diyanet Vakf\u0131"},"image":{"@id":"https:\/\/tdv.org\/tr-TR\/#\/schema\/logo\/image\/"},"sameAs":["https:\/\/www.facebook.com\/Diyanetvakfi\/","https:\/\/x.com\/DiyanetVakfi","https:\/\/www.instagram.com\/turkiyediyanetvakfi\/","https:\/\/www.youtube.com\/user\/TurkiyeDiyanetVakfi"]},{"@type":"Person","@id":"https:\/\/tdv.org\/tr-TR\/#\/schema\/person\/752b55e264a99273d55636516d96d5eb","name":"Selim","image":{"@type":"ImageObject","inLanguage":"tr","@id":"https:\/\/tdv.org\/tr-TR\/wp-content\/litespeed\/avatar\/a1e47b25396e98e5b781e88a5396cd96.jpg?ver=1777287391","url":"https:\/\/tdv.org\/tr-TR\/wp-content\/litespeed\/avatar\/a1e47b25396e98e5b781e88a5396cd96.jpg?ver=1777287391","contentUrl":"https:\/\/tdv.org\/tr-TR\/wp-content\/litespeed\/avatar\/a1e47b25396e98e5b781e88a5396cd96.jpg?ver=1777287391","caption":"Selim"}}]}},"_links":{"self":[{"href":"https:\/\/tdv.org\/tr-TR\/wp-json\/wp\/v2\/posts\/52978","targetHints":{"allow":["GET"]}}],"collection":[{"href":"https:\/\/tdv.org\/tr-TR\/wp-json\/wp\/v2\/posts"}],"about":[{"href":"https:\/\/tdv.org\/tr-TR\/wp-json\/wp\/v2\/types\/post"}],"author":[{"embeddable":true,"href":"https:\/\/tdv.org\/tr-TR\/wp-json\/wp\/v2\/users\/8"}],"replies":[{"embeddable":true,"href":"https:\/\/tdv.org\/tr-TR\/wp-json\/wp\/v2\/comments?post=52978"}],"version-history":[{"count":6,"href":"https:\/\/tdv.org\/tr-TR\/wp-json\/wp\/v2\/posts\/52978\/revisions"}],"predecessor-version":[{"id":53004,"href":"https:\/\/tdv.org\/tr-TR\/wp-json\/wp\/v2\/posts\/52978\/revisions\/53004"}],"wp:featuredmedia":[{"embeddable":true,"href":"https:\/\/tdv.org\/tr-TR\/wp-json\/wp\/v2\/media\/52982"}],"wp:attachment":[{"href":"https:\/\/tdv.org\/tr-TR\/wp-json\/wp\/v2\/media?parent=52978"}],"wp:term":[{"taxonomy":"category","embeddable":true,"href":"https:\/\/tdv.org\/tr-TR\/wp-json\/wp\/v2\/categories?post=52978"},{"taxonomy":"post_tag","embeddable":true,"href":"https:\/\/tdv.org\/tr-TR\/wp-json\/wp\/v2\/tags?post=52978"}],"curies":[{"name":"wp","href":"https:\/\/api.w.org\/{rel}","templated":true}]}}