{"id":5333,"date":"2019-10-06T13:07:08","date_gmt":"2019-10-06T10:07:08","guid":{"rendered":"https:\/\/tdv.org\/tr-TR\/?p=5333"},"modified":"2023-04-04T11:35:19","modified_gmt":"2023-04-04T08:35:19","slug":"90-bin-camide-fidan-dikme-etkinligi-duzenlendi","status":"publish","type":"post","link":"https:\/\/tdv.org\/tr-TR\/90-bin-camide-fidan-dikme-etkinligi-duzenlendi\/","title":{"rendered":"90 bin camide fidan dikme etkinli\u011fi d\u00fczenlendi"},"content":{"rendered":"<p style=\"text-align: justify;\">Camiler ve Din G\u00f6revlileri Haftas\u0131\u2019nda \u201cCami ve Hayat\u201d temas\u0131 \u00e7er\u00e7evesinde d\u00fczenlenen fidan dikimi etkinli\u011fine kat\u0131lan Diyanet \u0130\u015fleri Ba\u015fkan\u0131 ve TDV M\u00fctevelli Heyeti Ba\u015fkan\u0131 Prof. Dr. Ali Erba\u015f, \u201c\u0130n\u015fallah bug\u00fcn 90 bin camimizden y\u00fcz binlerce vatanda\u015flar\u0131m\u0131zla birlikte y\u00fcz binlerce fidan\u0131 dikmi\u015f olaca\u011f\u0131z\u201d dedi.<\/p>\n<p style=\"text-align: justify;\">Diyanet \u0130\u015fleri Ba\u015fkan\u0131 ve TDV M\u00fctevelli Heyeti Ba\u015fkan\u0131 Prof. Dr. Ali Erba\u015f, Camiler ve Din G\u00f6revlileri Haftas\u0131\u2019nda \u201cCami ve Hayat\u201d temas\u0131 \u00e7er\u00e7evesinde d\u00fczenlenen fidan dikme etkinli\u011fine kat\u0131ld\u0131.<br \/>\nAnkara\u2019n\u0131n \u00c7ankaya il\u00e7esindeki Abd\u00fclkerim Kuzu Camii\u2019ndeki fidan dikme etkinli\u011finde konu\u015fan Diyanet \u0130\u015fleri Ba\u015fkan\u0131 Erba\u015f, \u201c\u0130n\u015fallah bug\u00fcn 90 bin camimizden y\u00fcz binlerce vatanda\u015flar\u0131m\u0131zla birlikte y\u00fcz binlerce fidan\u0131 dikmi\u015f olaca\u011f\u0131z\u201d dedi.<br \/>\nCamiler ve Din G\u00f6revlileri Haftas\u0131\u2019n\u0131n temas\u0131n\u0131n \u201cCami ve Hayat\u201d oldu\u011funu belirten Ba\u015fkan Erba\u015f, camilerin sadece namaz k\u0131lmak i\u00e7in a\u00e7\u0131l\u0131p kapanan yerler olmad\u0131\u011f\u0131n\u0131, aksine camilerin insan hayat\u0131n\u0131n her evresinde oldu\u011funu vurgulayarak, camilerin daha fonksiyonel hale gelmesi i\u00e7in gayret g\u00f6sterdiklerini ifade etti.<br \/>\nCamilerin, \u0130slam medeniyetinin en \u00f6nemli kurumlar\u0131ndan biri oldu\u011funun alt\u0131n\u0131 \u00e7izen Ba\u015fkan Erba\u015f, \u201cDo\u011fumumuzdan \u00f6l\u00fcm\u00fcm\u00fcze kadar cami hayat\u0131m\u0131z\u0131n i\u00e7inde, biz de caminin i\u00e7indeyiz. Bizler de \u00e7olu\u011fumuzla \u00e7ocu\u011fumuzla, kad\u0131n\u0131m\u0131zla erke\u011fimizle, gencimizle ya\u015fl\u0131m\u0131zla camilerin hep i\u00e7inde olaca\u011f\u0131z, camiler de bizim hayat\u0131m\u0131zda olacak\u201d diye konu\u015ftu.<br \/>\n\u0130slam dininin a\u011faca, ye\u015file, \u00e7evreye ve tabiata b\u00fcy\u00fck \u00f6nem verdi\u011fine dikkat \u00e7eken Ba\u015fkan Erba\u015f, bug\u00fcn \u00fclke genelinde 90 bin camide sabah namaz\u0131n\u0131n ard\u0131ndan cemaat ve din g\u00f6revlilerinin birlikte fidan dikti\u011fini ifade etti.<br \/>\nCamiler ve Din G\u00f6revlileri Haftas\u0131\u2019nda \u00fclke genelinde camilerde, Kur&#8217;an kurslar\u0131nda, cami i\u00e7i ve cami d\u0131\u015f\u0131 pek \u00e7ok yerde \u201cCami ve Hayat\u201d temas\u0131yla, camilerin daha fonksiyonel halde de\u011ferlendirilmesi noktas\u0131nda programlar yapt\u0131klar\u0131n\u0131 s\u00f6yleyen Ba\u015fkan Erba\u015f, \u015f\u00f6yle devam etti:<br \/>\n\u201cBu programlar\u0131m\u0131z\u0131, bug\u00fcn in\u015fallah camilerimizin yak\u0131n yerlerinde ihtiya\u00e7 olan yerlerde fidan dikerek adeta ta\u00e7land\u0131r\u0131yoruz. Efendimiz aleyhissalat\u00fc vesselam buyuruyor ki, \u2018Sizden herhangi biriniz k\u0131yamet kopuyor olsa dahi elindeki fidan\u0131 diksin.\u2019 \u0130\u015fte bu hadis-i \u015ferif&#8217;ten ilham alarak ve \u00fclkemizin ger\u00e7ekten a\u011faca, fidana ne kadar ihtiyac\u0131 oldu\u011funu bilerek fark\u0131ndal\u0131k olu\u015fturmak, hem fidan dikmeye milletimizi te\u015fvik etmek hem de cami ve hayat\u0131n ne kadar i\u00e7 i\u00e7e oldu\u011fu, camisiz bir hayat\u0131n d\u00fc\u015f\u00fcn\u00fclemedi\u011fi, b\u00fct\u00fcn bu anlay\u0131\u015flar\u0131n, camilerimizin k\u00fcrs\u00fclerinden, minberlerinden milletimizle payla\u015f\u0131lmas\u0131 gerekti\u011fi konusunda bir fark\u0131ndal\u0131k olu\u015fturmaya \u00e7al\u0131\u015f\u0131yoruz. \u0130n\u015fallah bug\u00fcn 90 bin camimizden y\u00fcz binlerce vatanda\u015flar\u0131m\u0131zla birlikte, y\u00fcz binlerce fidan\u0131 dikmi\u015f olaca\u011f\u0131z. Bu da \u00fclkemizin gelece\u011finde daha \u00e7ok ye\u015fil olmas\u0131, daha \u00e7ok a\u011faca sahip olmas\u0131 noktas\u0131nda bir te\u015fvik olacak, bir fark\u0131ndal\u0131k olu\u015fturacak. Bug\u00fcn burada vatanda\u015flar\u0131m\u0131zla birlikte y\u00fczlerce fidan dikmi\u015f olaca\u011f\u0131z.\u201d<br \/>\n\u00dclke genelindeki fidan dikme etkinli\u011fe kat\u0131lan t\u00fcm vatanda\u015flara te\u015fekk\u00fcr eden Ba\u015fkan Erba\u015f, yapt\u0131\u011f\u0131 bas\u0131n a\u00e7\u0131klamas\u0131n\u0131n ard\u0131ndan vatanda\u015flarla birlikte cami bah\u00e7esinde fidan dikimini ger\u00e7ekle\u015ftirdi, ard\u0131ndan dua etti.<\/p>\n<p style=\"text-align: justify;\">Abd\u00fclkerim Kuzu Camii\u2019ndeki etkinlikte Ba\u015fkan Erba\u015f\u2019a Diyanet \u0130\u015fleri Ba\u015fkan Yard\u0131mc\u0131s\u0131 Prof. Dr. Ramazan Muslu, Din Hizmetleri Genel M\u00fcd\u00fcr\u00fc B\u00fcnyamin Albayrak, D\u0131\u015f \u0130li\u015fkiler Genel M\u00fcd\u00fcr\u00fc Erdal Atalay, Rehberlik ve Tefti\u015f Ba\u015fkan\u0131 Fatih Mehmet Karaca, \u00a0Ankara \u0130l M\u00fcft\u00fcs\u00fc ve TDV Ankara \u015eube Ba\u015fkan\u0131 Yusuf Do\u011fan da e\u015flik etti.<\/p>\n<p>&nbsp;<\/p>\n\n\t\t<style type=\"text\/css\">\n\t\t\t#gallery-1 {\n\t\t\t\tmargin: auto;\n\t\t\t}\n\t\t\t#gallery-1 .gallery-item {\n\t\t\t\tfloat: left;\n\t\t\t\tmargin-top: 10px;\n\t\t\t\ttext-align: center;\n\t\t\t\twidth: 25%;\n\t\t\t}\n\t\t\t#gallery-1 img {\n\t\t\t\tborder: 2px solid #cfcfcf;\n\t\t\t}\n\t\t\t#gallery-1 .gallery-caption {\n\t\t\t\tmargin-left: 0;\n\t\t\t}\n\t\t\t\/* see gallery_shortcode() in wp-includes\/media.php *\/\n\t\t<\/style>\n\t\t<div id='gallery-1' class='gallery galleryid-5333 gallery-columns-4 gallery-size-thumbnail'><dl class='gallery-item'>\n\t\t\t<dt class='gallery-icon landscape'>\n\t\t\t\t<a href='https:\/\/tdv.org\/tr-TR\/wp-content\/uploads\/2019\/10\/11.jpg'><img decoding=\"async\" width=\"150\" height=\"150\" src=\"https:\/\/tdv.org\/tr-TR\/wp-content\/uploads\/2019\/10\/11-150x150.jpg\" class=\"attachment-thumbnail size-thumbnail\" alt=\"\" srcset=\"https:\/\/tdv.org\/tr-TR\/wp-content\/uploads\/2019\/10\/11-150x150.jpg 150w, https:\/\/tdv.org\/tr-TR\/wp-content\/uploads\/2019\/10\/11-100x100.jpg 100w, https:\/\/tdv.org\/tr-TR\/wp-content\/uploads\/2019\/10\/11-140x140.jpg 140w, https:\/\/tdv.org\/tr-TR\/wp-content\/uploads\/2019\/10\/11-500x500.jpg 500w, https:\/\/tdv.org\/tr-TR\/wp-content\/uploads\/2019\/10\/11-350x350.jpg 350w, https:\/\/tdv.org\/tr-TR\/wp-content\/uploads\/2019\/10\/11-800x800.jpg 800w\" sizes=\"(max-width: 150px) 100vw, 150px\" \/><\/a>\n\t\t\t<\/dt><\/dl><dl class='gallery-item'>\n\t\t\t<dt class='gallery-icon landscape'>\n\t\t\t\t<a href='https:\/\/tdv.org\/tr-TR\/wp-content\/uploads\/2019\/10\/7.jpg'><img decoding=\"async\" width=\"150\" height=\"150\" src=\"https:\/\/tdv.org\/tr-TR\/wp-content\/uploads\/2019\/10\/7-150x150.jpg\" class=\"attachment-thumbnail size-thumbnail\" alt=\"\" srcset=\"https:\/\/tdv.org\/tr-TR\/wp-content\/uploads\/2019\/10\/7-150x150.jpg 150w, https:\/\/tdv.org\/tr-TR\/wp-content\/uploads\/2019\/10\/7-100x100.jpg 100w, https:\/\/tdv.org\/tr-TR\/wp-content\/uploads\/2019\/10\/7-140x140.jpg 140w, https:\/\/tdv.org\/tr-TR\/wp-content\/uploads\/2019\/10\/7-500x500.jpg 500w, https:\/\/tdv.org\/tr-TR\/wp-content\/uploads\/2019\/10\/7-350x350.jpg 350w, https:\/\/tdv.org\/tr-TR\/wp-content\/uploads\/2019\/10\/7-800x800.jpg 800w\" sizes=\"(max-width: 150px) 100vw, 150px\" \/><\/a>\n\t\t\t<\/dt><\/dl><dl class='gallery-item'>\n\t\t\t<dt class='gallery-icon landscape'>\n\t\t\t\t<a href='https:\/\/tdv.org\/tr-TR\/wp-content\/uploads\/2019\/10\/9.jpg'><img decoding=\"async\" width=\"150\" height=\"150\" src=\"https:\/\/tdv.org\/tr-TR\/wp-content\/uploads\/2019\/10\/9-150x150.jpg\" class=\"attachment-thumbnail size-thumbnail\" alt=\"\" srcset=\"https:\/\/tdv.org\/tr-TR\/wp-content\/uploads\/2019\/10\/9-150x150.jpg 150w, https:\/\/tdv.org\/tr-TR\/wp-content\/uploads\/2019\/10\/9-100x100.jpg 100w, https:\/\/tdv.org\/tr-TR\/wp-content\/uploads\/2019\/10\/9-140x140.jpg 140w, https:\/\/tdv.org\/tr-TR\/wp-content\/uploads\/2019\/10\/9-500x500.jpg 500w, https:\/\/tdv.org\/tr-TR\/wp-content\/uploads\/2019\/10\/9-350x350.jpg 350w, https:\/\/tdv.org\/tr-TR\/wp-content\/uploads\/2019\/10\/9-800x800.jpg 800w\" sizes=\"(max-width: 150px) 100vw, 150px\" \/><\/a>\n\t\t\t<\/dt><\/dl><dl class='gallery-item'>\n\t\t\t<dt class='gallery-icon landscape'>\n\t\t\t\t<a href='https:\/\/tdv.org\/tr-TR\/wp-content\/uploads\/2019\/10\/8.jpg'><img decoding=\"async\" width=\"150\" height=\"150\" src=\"https:\/\/tdv.org\/tr-TR\/wp-content\/uploads\/2019\/10\/8-150x150.jpg\" class=\"attachment-thumbnail size-thumbnail\" alt=\"\" srcset=\"https:\/\/tdv.org\/tr-TR\/wp-content\/uploads\/2019\/10\/8-150x150.jpg 150w, https:\/\/tdv.org\/tr-TR\/wp-content\/uploads\/2019\/10\/8-100x100.jpg 100w, https:\/\/tdv.org\/tr-TR\/wp-content\/uploads\/2019\/10\/8-140x140.jpg 140w, https:\/\/tdv.org\/tr-TR\/wp-content\/uploads\/2019\/10\/8-500x500.jpg 500w, https:\/\/tdv.org\/tr-TR\/wp-content\/uploads\/2019\/10\/8-350x350.jpg 350w, https:\/\/tdv.org\/tr-TR\/wp-content\/uploads\/2019\/10\/8-800x800.jpg 800w\" sizes=\"(max-width: 150px) 100vw, 150px\" \/><\/a>\n\t\t\t<\/dt><\/dl><br style=\"clear: both\" \/><dl class='gallery-item'>\n\t\t\t<dt class='gallery-icon portrait'>\n\t\t\t\t<a href='https:\/\/tdv.org\/tr-TR\/wp-content\/uploads\/2019\/10\/10.jpg'><img decoding=\"async\" width=\"150\" height=\"150\" src=\"https:\/\/tdv.org\/tr-TR\/wp-content\/uploads\/2019\/10\/10-150x150.jpg\" class=\"attachment-thumbnail size-thumbnail\" alt=\"\" srcset=\"https:\/\/tdv.org\/tr-TR\/wp-content\/uploads\/2019\/10\/10-150x150.jpg 150w, https:\/\/tdv.org\/tr-TR\/wp-content\/uploads\/2019\/10\/10-100x100.jpg 100w, https:\/\/tdv.org\/tr-TR\/wp-content\/uploads\/2019\/10\/10-140x140.jpg 140w, https:\/\/tdv.org\/tr-TR\/wp-content\/uploads\/2019\/10\/10-500x500.jpg 500w, https:\/\/tdv.org\/tr-TR\/wp-content\/uploads\/2019\/10\/10-350x350.jpg 350w\" sizes=\"(max-width: 150px) 100vw, 150px\" \/><\/a>\n\t\t\t<\/dt><\/dl><dl class='gallery-item'>\n\t\t\t<dt class='gallery-icon landscape'>\n\t\t\t\t<a href='https:\/\/tdv.org\/tr-TR\/wp-content\/uploads\/2019\/10\/6.jpg'><img decoding=\"async\" width=\"150\" height=\"150\" src=\"https:\/\/tdv.org\/tr-TR\/wp-content\/uploads\/2019\/10\/6-150x150.jpg\" class=\"attachment-thumbnail size-thumbnail\" alt=\"\" srcset=\"https:\/\/tdv.org\/tr-TR\/wp-content\/uploads\/2019\/10\/6-150x150.jpg 150w, https:\/\/tdv.org\/tr-TR\/wp-content\/uploads\/2019\/10\/6-100x100.jpg 100w, https:\/\/tdv.org\/tr-TR\/wp-content\/uploads\/2019\/10\/6-140x140.jpg 140w, https:\/\/tdv.org\/tr-TR\/wp-content\/uploads\/2019\/10\/6-500x500.jpg 500w, https:\/\/tdv.org\/tr-TR\/wp-content\/uploads\/2019\/10\/6-350x350.jpg 350w, https:\/\/tdv.org\/tr-TR\/wp-content\/uploads\/2019\/10\/6-800x800.jpg 800w\" sizes=\"(max-width: 150px) 100vw, 150px\" \/><\/a>\n\t\t\t<\/dt><\/dl><dl class='gallery-item'>\n\t\t\t<dt class='gallery-icon landscape'>\n\t\t\t\t<a href='https:\/\/tdv.org\/tr-TR\/wp-content\/uploads\/2019\/10\/3.jpg'><img decoding=\"async\" width=\"150\" height=\"150\" src=\"https:\/\/tdv.org\/tr-TR\/wp-content\/uploads\/2019\/10\/3-150x150.jpg\" class=\"attachment-thumbnail size-thumbnail\" alt=\"\" srcset=\"https:\/\/tdv.org\/tr-TR\/wp-content\/uploads\/2019\/10\/3-150x150.jpg 150w, https:\/\/tdv.org\/tr-TR\/wp-content\/uploads\/2019\/10\/3-100x100.jpg 100w, https:\/\/tdv.org\/tr-TR\/wp-content\/uploads\/2019\/10\/3-140x140.jpg 140w, https:\/\/tdv.org\/tr-TR\/wp-content\/uploads\/2019\/10\/3-500x500.jpg 500w, https:\/\/tdv.org\/tr-TR\/wp-content\/uploads\/2019\/10\/3-350x350.jpg 350w, https:\/\/tdv.org\/tr-TR\/wp-content\/uploads\/2019\/10\/3-800x800.jpg 800w\" sizes=\"(max-width: 150px) 100vw, 150px\" \/><\/a>\n\t\t\t<\/dt><\/dl><dl class='gallery-item'>\n\t\t\t<dt class='gallery-icon portrait'>\n\t\t\t\t<a href='https:\/\/tdv.org\/tr-TR\/wp-content\/uploads\/2019\/10\/2.jpg'><img decoding=\"async\" width=\"150\" height=\"150\" src=\"https:\/\/tdv.org\/tr-TR\/wp-content\/uploads\/2019\/10\/2-150x150.jpg\" class=\"attachment-thumbnail size-thumbnail\" alt=\"\" srcset=\"https:\/\/tdv.org\/tr-TR\/wp-content\/uploads\/2019\/10\/2-150x150.jpg 150w, https:\/\/tdv.org\/tr-TR\/wp-content\/uploads\/2019\/10\/2-100x100.jpg 100w, https:\/\/tdv.org\/tr-TR\/wp-content\/uploads\/2019\/10\/2-140x140.jpg 140w, https:\/\/tdv.org\/tr-TR\/wp-content\/uploads\/2019\/10\/2-500x500.jpg 500w, https:\/\/tdv.org\/tr-TR\/wp-content\/uploads\/2019\/10\/2-350x350.jpg 350w\" sizes=\"(max-width: 150px) 100vw, 150px\" \/><\/a>\n\t\t\t<\/dt><\/dl><br style=\"clear: both\" \/><dl class='gallery-item'>\n\t\t\t<dt class='gallery-icon landscape'>\n\t\t\t\t<a href='https:\/\/tdv.org\/tr-TR\/wp-content\/uploads\/2019\/10\/1.jpg'><img decoding=\"async\" width=\"150\" height=\"150\" src=\"https:\/\/tdv.org\/tr-TR\/wp-content\/uploads\/2019\/10\/1-150x150.jpg\" class=\"attachment-thumbnail size-thumbnail\" alt=\"\" srcset=\"https:\/\/tdv.org\/tr-TR\/wp-content\/uploads\/2019\/10\/1-150x150.jpg 150w, https:\/\/tdv.org\/tr-TR\/wp-content\/uploads\/2019\/10\/1-100x100.jpg 100w, https:\/\/tdv.org\/tr-TR\/wp-content\/uploads\/2019\/10\/1-140x140.jpg 140w, https:\/\/tdv.org\/tr-TR\/wp-content\/uploads\/2019\/10\/1-500x500.jpg 500w, https:\/\/tdv.org\/tr-TR\/wp-content\/uploads\/2019\/10\/1-350x350.jpg 350w, https:\/\/tdv.org\/tr-TR\/wp-content\/uploads\/2019\/10\/1-800x800.jpg 800w\" sizes=\"(max-width: 150px) 100vw, 150px\" \/><\/a>\n\t\t\t<\/dt><\/dl>\n\t\t\t<br style='clear: both' \/>\n\t\t<\/div>\n\n","protected":false},"excerpt":{"rendered":"<p>Camiler ve Din G\u00f6revlileri Haftas\u0131\u2019nda \u201cCami ve Hayat\u201d temas\u0131 \u00e7er\u00e7evesinde d\u00fczenlenen fidan dikimi etkinli\u011fine kat\u0131lan Diyanet \u0130\u015fleri Ba\u015fkan\u0131 ve TDV M\u00fctevelli Heyeti Ba\u015fkan\u0131 Prof. Dr. Ali Erba\u015f, \u201c\u0130n\u015fallah bug\u00fcn 90&#8230;<\/p>\n","protected":false},"author":7,"featured_media":5334,"comment_status":"open","ping_status":"closed","sticky":false,"template":"","format":"standard","meta":{"footnotes":""},"categories":[1],"tags":[376,169,377,142],"class_list":{"0":"post-5333","1":"post","2":"type-post","3":"status-publish","4":"format-standard","5":"has-post-thumbnail","7":"category-haberler","8":"tag-camiler-ve-din-gorevlileri-haftasi","9":"tag-diyanet-isleri-baskanligi","10":"tag-fidan-dikme-etkinligi","11":"tag-prof-dr-ali-erbas"},"yoast_head":"<!-- This site is optimized with the Yoast SEO plugin v27.5 - https:\/\/yoast.com\/product\/yoast-seo-wordpress\/ -->\n<title>90 bin camide fidan dikme etkinli\u011fi d\u00fczenlendi<\/title>\n<meta name=\"description\" content=\"Camiler ve Din G\u00f6revlileri Haftas\u0131\u2019nda \u201cCami ve Hayat\u201d temas\u0131 \u00e7er\u00e7evesinde d\u00fczenlenen fidan dikimi etkinli\u011fine kat\u0131lan Diyanet \u0130\u015fleri Ba\u015fkan\u0131 ve TDV M\u00fctevelli Heyeti Ba\u015fkan\u0131 Prof. Dr. Ali Erba\u015f, \u201c\u0130n\u015fallah bug\u00fcn 90 bin camimizden y\u00fcz binlerce vatanda\u015flar\u0131m\u0131zla birlikte y\u00fcz binlerce fidan\u0131 dikmi\u015f olaca\u011f\u0131z\u201d dedi.\" \/>\n<meta name=\"robots\" content=\"index, follow, max-snippet:-1, max-image-preview:large, max-video-preview:-1\" \/>\n<link rel=\"canonical\" href=\"https:\/\/tdv.org\/tr-TR\/90-bin-camide-fidan-dikme-etkinligi-duzenlendi\/\" \/>\n<meta property=\"og:locale\" content=\"tr_TR\" \/>\n<meta property=\"og:type\" content=\"article\" \/>\n<meta property=\"og:title\" content=\"90 bin camide fidan dikme etkinli\u011fi d\u00fczenlendi\" \/>\n<meta property=\"og:description\" content=\"Camiler ve Din G\u00f6revlileri Haftas\u0131\u2019nda \u201cCami ve Hayat\u201d temas\u0131 \u00e7er\u00e7evesinde d\u00fczenlenen fidan dikimi etkinli\u011fine kat\u0131lan Diyanet \u0130\u015fleri Ba\u015fkan\u0131 ve TDV M\u00fctevelli Heyeti Ba\u015fkan\u0131 Prof. Dr. Ali Erba\u015f, \u201c\u0130n\u015fallah bug\u00fcn 90 bin camimizden y\u00fcz binlerce vatanda\u015flar\u0131m\u0131zla birlikte y\u00fcz binlerce fidan\u0131 dikmi\u015f olaca\u011f\u0131z\u201d dedi.\" \/>\n<meta property=\"og:url\" content=\"https:\/\/tdv.org\/tr-TR\/90-bin-camide-fidan-dikme-etkinligi-duzenlendi\/\" \/>\n<meta property=\"og:site_name\" content=\"T\u00fcrkiye Diyanet Vakf\u0131 Resmi Web Sitesi\" \/>\n<meta property=\"article:publisher\" content=\"https:\/\/www.facebook.com\/Diyanetvakfi\/\" \/>\n<meta property=\"article:published_time\" content=\"2019-10-06T10:07:08+00:00\" \/>\n<meta property=\"article:modified_time\" content=\"2023-04-04T08:35:19+00:00\" \/>\n<meta property=\"og:image\" content=\"https:\/\/tdv.org\/tr-TR\/wp-content\/uploads\/2019\/10\/3.jpg\" \/>\n\t<meta property=\"og:image:width\" content=\"1200\" \/>\n\t<meta property=\"og:image:height\" content=\"800\" \/>\n\t<meta property=\"og:image:type\" content=\"image\/jpeg\" \/>\n<meta name=\"author\" content=\"U\u011fur\" \/>\n<meta name=\"twitter:card\" content=\"summary_large_image\" \/>\n<meta name=\"twitter:creator\" content=\"@DiyanetVakfi\" \/>\n<meta name=\"twitter:site\" content=\"@DiyanetVakfi\" \/>\n<script type=\"application\/ld+json\" class=\"yoast-schema-graph\">{\"@context\":\"https:\\\/\\\/schema.org\",\"@graph\":[{\"@type\":\"Article\",\"@id\":\"https:\\\/\\\/tdv.org\\\/tr-TR\\\/90-bin-camide-fidan-dikme-etkinligi-duzenlendi\\\/#article\",\"isPartOf\":{\"@id\":\"https:\\\/\\\/tdv.org\\\/tr-TR\\\/90-bin-camide-fidan-dikme-etkinligi-duzenlendi\\\/\"},\"author\":{\"name\":\"U\u011fur\",\"@id\":\"https:\\\/\\\/tdv.org\\\/tr-TR\\\/#\\\/schema\\\/person\\\/8dcf742852c4614c6fdadb92da159c05\"},\"headline\":\"90 bin camide fidan dikme etkinli\u011fi d\u00fczenlendi\",\"datePublished\":\"2019-10-06T10:07:08+00:00\",\"dateModified\":\"2023-04-04T08:35:19+00:00\",\"mainEntityOfPage\":{\"@id\":\"https:\\\/\\\/tdv.org\\\/tr-TR\\\/90-bin-camide-fidan-dikme-etkinligi-duzenlendi\\\/\"},\"wordCount\":656,\"commentCount\":0,\"publisher\":{\"@id\":\"https:\\\/\\\/tdv.org\\\/tr-TR\\\/#organization\"},\"image\":{\"@id\":\"https:\\\/\\\/tdv.org\\\/tr-TR\\\/90-bin-camide-fidan-dikme-etkinligi-duzenlendi\\\/#primaryimage\"},\"thumbnailUrl\":\"https:\\\/\\\/tdv.org\\\/tr-TR\\\/wp-content\\\/uploads\\\/2019\\\/10\\\/3.jpg\",\"keywords\":[\"Camiler ve Din G\u00f6revlileri Haftas\u0131\",\"Diyanet \u0130\u015fleri Ba\u015fkanl\u0131\u011f\u0131\",\"fidan dikme etkinli\u011fi\",\"Prof. Dr. Ali Erba\u015f\"],\"articleSection\":[\"Haberler\"],\"inLanguage\":\"tr\",\"potentialAction\":[{\"@type\":\"CommentAction\",\"name\":\"Comment\",\"target\":[\"https:\\\/\\\/tdv.org\\\/tr-TR\\\/90-bin-camide-fidan-dikme-etkinligi-duzenlendi\\\/#respond\"]}]},{\"@type\":\"WebPage\",\"@id\":\"https:\\\/\\\/tdv.org\\\/tr-TR\\\/90-bin-camide-fidan-dikme-etkinligi-duzenlendi\\\/\",\"url\":\"https:\\\/\\\/tdv.org\\\/tr-TR\\\/90-bin-camide-fidan-dikme-etkinligi-duzenlendi\\\/\",\"name\":\"90 bin camide fidan dikme etkinli\u011fi d\u00fczenlendi\",\"isPartOf\":{\"@id\":\"https:\\\/\\\/tdv.org\\\/tr-TR\\\/#website\"},\"primaryImageOfPage\":{\"@id\":\"https:\\\/\\\/tdv.org\\\/tr-TR\\\/90-bin-camide-fidan-dikme-etkinligi-duzenlendi\\\/#primaryimage\"},\"image\":{\"@id\":\"https:\\\/\\\/tdv.org\\\/tr-TR\\\/90-bin-camide-fidan-dikme-etkinligi-duzenlendi\\\/#primaryimage\"},\"thumbnailUrl\":\"https:\\\/\\\/tdv.org\\\/tr-TR\\\/wp-content\\\/uploads\\\/2019\\\/10\\\/3.jpg\",\"datePublished\":\"2019-10-06T10:07:08+00:00\",\"dateModified\":\"2023-04-04T08:35:19+00:00\",\"description\":\"Camiler ve Din G\u00f6revlileri Haftas\u0131\u2019nda \u201cCami ve Hayat\u201d temas\u0131 \u00e7er\u00e7evesinde d\u00fczenlenen fidan dikimi etkinli\u011fine kat\u0131lan Diyanet \u0130\u015fleri Ba\u015fkan\u0131 ve TDV M\u00fctevelli Heyeti Ba\u015fkan\u0131 Prof. Dr. Ali Erba\u015f, \u201c\u0130n\u015fallah bug\u00fcn 90 bin camimizden y\u00fcz binlerce vatanda\u015flar\u0131m\u0131zla birlikte y\u00fcz binlerce fidan\u0131 dikmi\u015f olaca\u011f\u0131z\u201d dedi.\",\"breadcrumb\":{\"@id\":\"https:\\\/\\\/tdv.org\\\/tr-TR\\\/90-bin-camide-fidan-dikme-etkinligi-duzenlendi\\\/#breadcrumb\"},\"inLanguage\":\"tr\",\"potentialAction\":[{\"@type\":\"ReadAction\",\"target\":[\"https:\\\/\\\/tdv.org\\\/tr-TR\\\/90-bin-camide-fidan-dikme-etkinligi-duzenlendi\\\/\"]}]},{\"@type\":\"ImageObject\",\"inLanguage\":\"tr\",\"@id\":\"https:\\\/\\\/tdv.org\\\/tr-TR\\\/90-bin-camide-fidan-dikme-etkinligi-duzenlendi\\\/#primaryimage\",\"url\":\"https:\\\/\\\/tdv.org\\\/tr-TR\\\/wp-content\\\/uploads\\\/2019\\\/10\\\/3.jpg\",\"contentUrl\":\"https:\\\/\\\/tdv.org\\\/tr-TR\\\/wp-content\\\/uploads\\\/2019\\\/10\\\/3.jpg\",\"width\":1200,\"height\":800},{\"@type\":\"BreadcrumbList\",\"@id\":\"https:\\\/\\\/tdv.org\\\/tr-TR\\\/90-bin-camide-fidan-dikme-etkinligi-duzenlendi\\\/#breadcrumb\",\"itemListElement\":[{\"@type\":\"ListItem\",\"position\":1,\"name\":\"Anasayfa\",\"item\":\"https:\\\/\\\/tdv.org\\\/tr-TR\\\/\"},{\"@type\":\"ListItem\",\"position\":2,\"name\":\"90 bin camide fidan dikme etkinli\u011fi d\u00fczenlendi\"}]},{\"@type\":\"WebSite\",\"@id\":\"https:\\\/\\\/tdv.org\\\/tr-TR\\\/#website\",\"url\":\"https:\\\/\\\/tdv.org\\\/tr-TR\\\/\",\"name\":\"T\u00fcrkiye Diyanet Vakf\u0131 Resmi Web Sitesi\",\"description\":\"Yery\u00fcz\u00fcnde iyilik egemen oluncaya kadar\",\"publisher\":{\"@id\":\"https:\\\/\\\/tdv.org\\\/tr-TR\\\/#organization\"},\"alternateName\":\"T\u00fcrkiye Diyanet Vakf\u0131\",\"potentialAction\":[{\"@type\":\"SearchAction\",\"target\":{\"@type\":\"EntryPoint\",\"urlTemplate\":\"https:\\\/\\\/tdv.org\\\/tr-TR\\\/?s={search_term_string}\"},\"query-input\":{\"@type\":\"PropertyValueSpecification\",\"valueRequired\":true,\"valueName\":\"search_term_string\"}}],\"inLanguage\":\"tr\"},{\"@type\":\"Organization\",\"@id\":\"https:\\\/\\\/tdv.org\\\/tr-TR\\\/#organization\",\"name\":\"T\u00fcrkiye Diyanet Vakf\u0131\",\"alternateName\":\"T\u00fcrkiye Diyanet Vakf\u0131\",\"url\":\"https:\\\/\\\/tdv.org\\\/tr-TR\\\/\",\"logo\":{\"@type\":\"ImageObject\",\"inLanguage\":\"tr\",\"@id\":\"https:\\\/\\\/tdv.org\\\/tr-TR\\\/#\\\/schema\\\/logo\\\/image\\\/\",\"url\":\"https:\\\/\\\/tdv.org\\\/tr-TR\\\/wp-content\\\/uploads\\\/2018\\\/12\\\/TDV_Logo_1.png\",\"contentUrl\":\"https:\\\/\\\/tdv.org\\\/tr-TR\\\/wp-content\\\/uploads\\\/2018\\\/12\\\/TDV_Logo_1.png\",\"width\":207,\"height\":71,\"caption\":\"T\u00fcrkiye Diyanet Vakf\u0131\"},\"image\":{\"@id\":\"https:\\\/\\\/tdv.org\\\/tr-TR\\\/#\\\/schema\\\/logo\\\/image\\\/\"},\"sameAs\":[\"https:\\\/\\\/www.facebook.com\\\/Diyanetvakfi\\\/\",\"https:\\\/\\\/x.com\\\/DiyanetVakfi\",\"https:\\\/\\\/www.instagram.com\\\/turkiyediyanetvakfi\\\/\",\"https:\\\/\\\/www.youtube.com\\\/user\\\/TurkiyeDiyanetVakfi\"]},{\"@type\":\"Person\",\"@id\":\"https:\\\/\\\/tdv.org\\\/tr-TR\\\/#\\\/schema\\\/person\\\/8dcf742852c4614c6fdadb92da159c05\",\"name\":\"U\u011fur\",\"image\":{\"@type\":\"ImageObject\",\"inLanguage\":\"tr\",\"@id\":\"https:\\\/\\\/tdv.org\\\/tr-TR\\\/wp-content\\\/litespeed\\\/avatar\\\/b970c0eba1124f8268544e2640bfa964.jpg?ver=1777289940\",\"url\":\"https:\\\/\\\/tdv.org\\\/tr-TR\\\/wp-content\\\/litespeed\\\/avatar\\\/b970c0eba1124f8268544e2640bfa964.jpg?ver=1777289940\",\"contentUrl\":\"https:\\\/\\\/tdv.org\\\/tr-TR\\\/wp-content\\\/litespeed\\\/avatar\\\/b970c0eba1124f8268544e2640bfa964.jpg?ver=1777289940\",\"caption\":\"U\u011fur\"}}]}<\/script>\n<!-- \/ Yoast SEO plugin. -->","yoast_head_json":{"title":"90 bin camide fidan dikme etkinli\u011fi d\u00fczenlendi","description":"Camiler ve Din G\u00f6revlileri Haftas\u0131\u2019nda \u201cCami ve Hayat\u201d temas\u0131 \u00e7er\u00e7evesinde d\u00fczenlenen fidan dikimi etkinli\u011fine kat\u0131lan Diyanet \u0130\u015fleri Ba\u015fkan\u0131 ve TDV M\u00fctevelli Heyeti Ba\u015fkan\u0131 Prof. Dr. Ali Erba\u015f, \u201c\u0130n\u015fallah bug\u00fcn 90 bin camimizden y\u00fcz binlerce vatanda\u015flar\u0131m\u0131zla birlikte y\u00fcz binlerce fidan\u0131 dikmi\u015f olaca\u011f\u0131z\u201d dedi.","robots":{"index":"index","follow":"follow","max-snippet":"max-snippet:-1","max-image-preview":"max-image-preview:large","max-video-preview":"max-video-preview:-1"},"canonical":"https:\/\/tdv.org\/tr-TR\/90-bin-camide-fidan-dikme-etkinligi-duzenlendi\/","og_locale":"tr_TR","og_type":"article","og_title":"90 bin camide fidan dikme etkinli\u011fi d\u00fczenlendi","og_description":"Camiler ve Din G\u00f6revlileri Haftas\u0131\u2019nda \u201cCami ve Hayat\u201d temas\u0131 \u00e7er\u00e7evesinde d\u00fczenlenen fidan dikimi etkinli\u011fine kat\u0131lan Diyanet \u0130\u015fleri Ba\u015fkan\u0131 ve TDV M\u00fctevelli Heyeti Ba\u015fkan\u0131 Prof. Dr. Ali Erba\u015f, \u201c\u0130n\u015fallah bug\u00fcn 90 bin camimizden y\u00fcz binlerce vatanda\u015flar\u0131m\u0131zla birlikte y\u00fcz binlerce fidan\u0131 dikmi\u015f olaca\u011f\u0131z\u201d dedi.","og_url":"https:\/\/tdv.org\/tr-TR\/90-bin-camide-fidan-dikme-etkinligi-duzenlendi\/","og_site_name":"T\u00fcrkiye Diyanet Vakf\u0131 Resmi Web Sitesi","article_publisher":"https:\/\/www.facebook.com\/Diyanetvakfi\/","article_published_time":"2019-10-06T10:07:08+00:00","article_modified_time":"2023-04-04T08:35:19+00:00","og_image":[{"width":1200,"height":800,"url":"https:\/\/tdv.org\/tr-TR\/wp-content\/uploads\/2019\/10\/3.jpg","type":"image\/jpeg"}],"author":"U\u011fur","twitter_card":"summary_large_image","twitter_creator":"@DiyanetVakfi","twitter_site":"@DiyanetVakfi","schema":{"@context":"https:\/\/schema.org","@graph":[{"@type":"Article","@id":"https:\/\/tdv.org\/tr-TR\/90-bin-camide-fidan-dikme-etkinligi-duzenlendi\/#article","isPartOf":{"@id":"https:\/\/tdv.org\/tr-TR\/90-bin-camide-fidan-dikme-etkinligi-duzenlendi\/"},"author":{"name":"U\u011fur","@id":"https:\/\/tdv.org\/tr-TR\/#\/schema\/person\/8dcf742852c4614c6fdadb92da159c05"},"headline":"90 bin camide fidan dikme etkinli\u011fi d\u00fczenlendi","datePublished":"2019-10-06T10:07:08+00:00","dateModified":"2023-04-04T08:35:19+00:00","mainEntityOfPage":{"@id":"https:\/\/tdv.org\/tr-TR\/90-bin-camide-fidan-dikme-etkinligi-duzenlendi\/"},"wordCount":656,"commentCount":0,"publisher":{"@id":"https:\/\/tdv.org\/tr-TR\/#organization"},"image":{"@id":"https:\/\/tdv.org\/tr-TR\/90-bin-camide-fidan-dikme-etkinligi-duzenlendi\/#primaryimage"},"thumbnailUrl":"https:\/\/tdv.org\/tr-TR\/wp-content\/uploads\/2019\/10\/3.jpg","keywords":["Camiler ve Din G\u00f6revlileri Haftas\u0131","Diyanet \u0130\u015fleri Ba\u015fkanl\u0131\u011f\u0131","fidan dikme etkinli\u011fi","Prof. Dr. Ali Erba\u015f"],"articleSection":["Haberler"],"inLanguage":"tr","potentialAction":[{"@type":"CommentAction","name":"Comment","target":["https:\/\/tdv.org\/tr-TR\/90-bin-camide-fidan-dikme-etkinligi-duzenlendi\/#respond"]}]},{"@type":"WebPage","@id":"https:\/\/tdv.org\/tr-TR\/90-bin-camide-fidan-dikme-etkinligi-duzenlendi\/","url":"https:\/\/tdv.org\/tr-TR\/90-bin-camide-fidan-dikme-etkinligi-duzenlendi\/","name":"90 bin camide fidan dikme etkinli\u011fi d\u00fczenlendi","isPartOf":{"@id":"https:\/\/tdv.org\/tr-TR\/#website"},"primaryImageOfPage":{"@id":"https:\/\/tdv.org\/tr-TR\/90-bin-camide-fidan-dikme-etkinligi-duzenlendi\/#primaryimage"},"image":{"@id":"https:\/\/tdv.org\/tr-TR\/90-bin-camide-fidan-dikme-etkinligi-duzenlendi\/#primaryimage"},"thumbnailUrl":"https:\/\/tdv.org\/tr-TR\/wp-content\/uploads\/2019\/10\/3.jpg","datePublished":"2019-10-06T10:07:08+00:00","dateModified":"2023-04-04T08:35:19+00:00","description":"Camiler ve Din G\u00f6revlileri Haftas\u0131\u2019nda \u201cCami ve Hayat\u201d temas\u0131 \u00e7er\u00e7evesinde d\u00fczenlenen fidan dikimi etkinli\u011fine kat\u0131lan Diyanet \u0130\u015fleri Ba\u015fkan\u0131 ve TDV M\u00fctevelli Heyeti Ba\u015fkan\u0131 Prof. Dr. Ali Erba\u015f, \u201c\u0130n\u015fallah bug\u00fcn 90 bin camimizden y\u00fcz binlerce vatanda\u015flar\u0131m\u0131zla birlikte y\u00fcz binlerce fidan\u0131 dikmi\u015f olaca\u011f\u0131z\u201d dedi.","breadcrumb":{"@id":"https:\/\/tdv.org\/tr-TR\/90-bin-camide-fidan-dikme-etkinligi-duzenlendi\/#breadcrumb"},"inLanguage":"tr","potentialAction":[{"@type":"ReadAction","target":["https:\/\/tdv.org\/tr-TR\/90-bin-camide-fidan-dikme-etkinligi-duzenlendi\/"]}]},{"@type":"ImageObject","inLanguage":"tr","@id":"https:\/\/tdv.org\/tr-TR\/90-bin-camide-fidan-dikme-etkinligi-duzenlendi\/#primaryimage","url":"https:\/\/tdv.org\/tr-TR\/wp-content\/uploads\/2019\/10\/3.jpg","contentUrl":"https:\/\/tdv.org\/tr-TR\/wp-content\/uploads\/2019\/10\/3.jpg","width":1200,"height":800},{"@type":"BreadcrumbList","@id":"https:\/\/tdv.org\/tr-TR\/90-bin-camide-fidan-dikme-etkinligi-duzenlendi\/#breadcrumb","itemListElement":[{"@type":"ListItem","position":1,"name":"Anasayfa","item":"https:\/\/tdv.org\/tr-TR\/"},{"@type":"ListItem","position":2,"name":"90 bin camide fidan dikme etkinli\u011fi d\u00fczenlendi"}]},{"@type":"WebSite","@id":"https:\/\/tdv.org\/tr-TR\/#website","url":"https:\/\/tdv.org\/tr-TR\/","name":"T\u00fcrkiye Diyanet Vakf\u0131 Resmi Web Sitesi","description":"Yery\u00fcz\u00fcnde iyilik egemen oluncaya kadar","publisher":{"@id":"https:\/\/tdv.org\/tr-TR\/#organization"},"alternateName":"T\u00fcrkiye Diyanet Vakf\u0131","potentialAction":[{"@type":"SearchAction","target":{"@type":"EntryPoint","urlTemplate":"https:\/\/tdv.org\/tr-TR\/?s={search_term_string}"},"query-input":{"@type":"PropertyValueSpecification","valueRequired":true,"valueName":"search_term_string"}}],"inLanguage":"tr"},{"@type":"Organization","@id":"https:\/\/tdv.org\/tr-TR\/#organization","name":"T\u00fcrkiye Diyanet Vakf\u0131","alternateName":"T\u00fcrkiye Diyanet Vakf\u0131","url":"https:\/\/tdv.org\/tr-TR\/","logo":{"@type":"ImageObject","inLanguage":"tr","@id":"https:\/\/tdv.org\/tr-TR\/#\/schema\/logo\/image\/","url":"https:\/\/tdv.org\/tr-TR\/wp-content\/uploads\/2018\/12\/TDV_Logo_1.png","contentUrl":"https:\/\/tdv.org\/tr-TR\/wp-content\/uploads\/2018\/12\/TDV_Logo_1.png","width":207,"height":71,"caption":"T\u00fcrkiye Diyanet Vakf\u0131"},"image":{"@id":"https:\/\/tdv.org\/tr-TR\/#\/schema\/logo\/image\/"},"sameAs":["https:\/\/www.facebook.com\/Diyanetvakfi\/","https:\/\/x.com\/DiyanetVakfi","https:\/\/www.instagram.com\/turkiyediyanetvakfi\/","https:\/\/www.youtube.com\/user\/TurkiyeDiyanetVakfi"]},{"@type":"Person","@id":"https:\/\/tdv.org\/tr-TR\/#\/schema\/person\/8dcf742852c4614c6fdadb92da159c05","name":"U\u011fur","image":{"@type":"ImageObject","inLanguage":"tr","@id":"https:\/\/tdv.org\/tr-TR\/wp-content\/litespeed\/avatar\/b970c0eba1124f8268544e2640bfa964.jpg?ver=1777289940","url":"https:\/\/tdv.org\/tr-TR\/wp-content\/litespeed\/avatar\/b970c0eba1124f8268544e2640bfa964.jpg?ver=1777289940","contentUrl":"https:\/\/tdv.org\/tr-TR\/wp-content\/litespeed\/avatar\/b970c0eba1124f8268544e2640bfa964.jpg?ver=1777289940","caption":"U\u011fur"}}]}},"_links":{"self":[{"href":"https:\/\/tdv.org\/tr-TR\/wp-json\/wp\/v2\/posts\/5333","targetHints":{"allow":["GET"]}}],"collection":[{"href":"https:\/\/tdv.org\/tr-TR\/wp-json\/wp\/v2\/posts"}],"about":[{"href":"https:\/\/tdv.org\/tr-TR\/wp-json\/wp\/v2\/types\/post"}],"author":[{"embeddable":true,"href":"https:\/\/tdv.org\/tr-TR\/wp-json\/wp\/v2\/users\/7"}],"replies":[{"embeddable":true,"href":"https:\/\/tdv.org\/tr-TR\/wp-json\/wp\/v2\/comments?post=5333"}],"version-history":[{"count":1,"href":"https:\/\/tdv.org\/tr-TR\/wp-json\/wp\/v2\/posts\/5333\/revisions"}],"predecessor-version":[{"id":31779,"href":"https:\/\/tdv.org\/tr-TR\/wp-json\/wp\/v2\/posts\/5333\/revisions\/31779"}],"wp:featuredmedia":[{"embeddable":true,"href":"https:\/\/tdv.org\/tr-TR\/wp-json\/wp\/v2\/media\/5334"}],"wp:attachment":[{"href":"https:\/\/tdv.org\/tr-TR\/wp-json\/wp\/v2\/media?parent=5333"}],"wp:term":[{"taxonomy":"category","embeddable":true,"href":"https:\/\/tdv.org\/tr-TR\/wp-json\/wp\/v2\/categories?post=5333"},{"taxonomy":"post_tag","embeddable":true,"href":"https:\/\/tdv.org\/tr-TR\/wp-json\/wp\/v2\/tags?post=5333"}],"curies":[{"name":"wp","href":"https:\/\/api.w.org\/{rel}","templated":true}]}}