{"id":53402,"date":"2025-10-13T09:45:40","date_gmt":"2025-10-13T06:45:40","guid":{"rendered":"https:\/\/tdv.org\/tr-TR\/?p=53402"},"modified":"2025-10-13T10:09:04","modified_gmt":"2025-10-13T07:09:04","slug":"turkiye-diyanet-vakfindan-lubnanda-yetim-ogrencilere-egitim-destegi","status":"publish","type":"post","link":"https:\/\/tdv.org\/tr-TR\/turkiye-diyanet-vakfindan-lubnanda-yetim-ogrencilere-egitim-destegi\/","title":{"rendered":"T\u00fcrkiye Diyanet Vakf\u0131ndan L\u00fcbnan\u2019da yetim \u00f6\u011frencilere e\u011fitim deste\u011fi"},"content":{"rendered":"[vc_row type=&#8221;in_container&#8221; full_screen_row_position=&#8221;middle&#8221; column_margin=&#8221;default&#8221; column_direction=&#8221;default&#8221; column_direction_tablet=&#8221;default&#8221; column_direction_phone=&#8221;default&#8221; scene_position=&#8221;center&#8221; text_color=&#8221;dark&#8221; text_align=&#8221;left&#8221; row_border_radius=&#8221;none&#8221; row_border_radius_applies=&#8221;bg&#8221; overflow=&#8221;visible&#8221; overlay_strength=&#8221;0.3&#8243; gradient_direction=&#8221;left_to_right&#8221; shape_divider_position=&#8221;bottom&#8221; bg_image_animation=&#8221;none&#8221;][vc_column column_padding=&#8221;no-extra-padding&#8221; column_padding_tablet=&#8221;inherit&#8221; column_padding_phone=&#8221;inherit&#8221; column_padding_position=&#8221;all&#8221; column_element_direction_desktop=&#8221;default&#8221; column_element_spacing=&#8221;default&#8221; desktop_text_alignment=&#8221;default&#8221; tablet_text_alignment=&#8221;default&#8221; phone_text_alignment=&#8221;default&#8221; background_color_opacity=&#8221;1&#8243; background_hover_color_opacity=&#8221;1&#8243; column_backdrop_filter=&#8221;none&#8221; column_shadow=&#8221;none&#8221; column_border_radius=&#8221;none&#8221; column_link_target=&#8221;_self&#8221; column_position=&#8221;default&#8221; gradient_direction=&#8221;left_to_right&#8221; overlay_strength=&#8221;0.3&#8243; width=&#8221;1\/1&#8243; tablet_width_inherit=&#8221;default&#8221; animation_type=&#8221;default&#8221; bg_image_animation=&#8221;none&#8221; border_type=&#8221;simple&#8221; column_border_width=&#8221;none&#8221; column_border_style=&#8221;solid&#8221;][vc_column_text css=&#8221;&#8221; text_direction=&#8221;default&#8221;]\n<p style=\"text-align: justify;\"><a href=\"https:\/\/tdv.org\/tr-TR\/\" target=\"_blank\" rel=\"noopener\"><span data-contrast=\"none\">T\u00fcrkiye <\/span><span data-contrast=\"none\">Diyanet<\/span> <span data-contrast=\"none\">Vakf\u0131<\/span><\/a><span data-contrast=\"none\"><a href=\"https:\/\/tdv.org\/tr-TR\/\"> (TDV),<\/a> <a href=\"https:\/\/bagis.tdv.org\/yetim\/yetim-etkinlik-ve-sosyal-destek-36\" target=\"_blank\" rel=\"noopener\">Yetim Etkinlik ve Sosyal Destek Program\u0131<\/a> kapsam\u0131nda L\u00fcbnan\u2019da himaye etti\u011fi 3 bin 200 <a href=\"https:\/\/bagis.tdv.org\/#yetim\" target=\"_blank\" rel=\"noopener\">yetim<\/a> \u00f6\u011frenciye<a href=\"https:\/\/bagis.tdv.org\/yetim\/yurtdisi-yetim-egitim-destegi-34\" target=\"_blank\" rel=\"noopener\"> okul malzemesi deste\u011finde<\/a> bulundu.<\/span><span data-ccp-props=\"{&quot;134233117&quot;:false,&quot;134233118&quot;:false,&quot;201341983&quot;:0,&quot;335551550&quot;:1,&quot;335551620&quot;:1,&quot;335557856&quot;:16777215,&quot;335559738&quot;:0,&quot;335559739&quot;:240,&quot;335559740&quot;:405}\">\u00a0<\/span><\/p>\n<p style=\"text-align: justify;\"><span data-contrast=\"none\">TDV ile Jeel S\u00fcrd\u00fcr\u00fclebilir Kalk\u0131nma Derne\u011fi i\u015f birli\u011finde, <a href=\"https:\/\/bagis.tdv.org\/kriz-bolgeleri\/lubnan-148\" target=\"_blank\" rel=\"noopener\">L\u00fcbnan\u2019\u0131n<\/a> g\u00fcneyindeki Sayda kentinde d\u00fczenlenen etkinli\u011fe T\u00fcrkiye\u2019nin Beyrut B\u00fcy\u00fckel\u00e7isi Murat L\u00fctem,<a href=\"https:\/\/tdv.org\/tr-TR\/kurumsal\/izani-turan\/\" target=\"_blank\" rel=\"noopener\"> TDV Genel M\u00fcd\u00fcr\u00fc \u0130zani Turan<\/a>, <a href=\"https:\/\/tdv.org\/tr-TR\/kurumsal\/fatih-kayacan\/\" target=\"_blank\" rel=\"noopener\">TDV Genel M\u00fcd\u00fcr Yard\u0131mc\u0131s\u0131 Fatih Kayacan<\/a> ve L\u00fcbnanl\u0131 yetkililer kat\u0131ld\u0131.<\/span><span data-ccp-props=\"{&quot;134233117&quot;:false,&quot;134233118&quot;:false,&quot;201341983&quot;:0,&quot;335551550&quot;:1,&quot;335551620&quot;:1,&quot;335557856&quot;:16777215,&quot;335559738&quot;:0,&quot;335559739&quot;:240,&quot;335559740&quot;:405}\">\u00a0<\/span><\/p>\n<p style=\"text-align: justify;\"><span data-contrast=\"none\">Etkinlikte konu\u015fan B\u00fcy\u00fckel\u00e7i L\u00fctem, T\u00fcrkiye\u2019de meydana gelen depremin ard\u0131ndan, <a href=\"https:\/\/bagis.tdv.org\/kriz-bolgeleri\/lubnan-148\" target=\"_blank\" rel=\"noopener\">L\u00fcbnan\u2019\u0131n<\/a> ya\u015fad\u0131\u011f\u0131 ekonomik zorluklara ra\u011fmen ilk yard\u0131m ekibi g\u00f6nderen \u00fclkelerden biri oldu\u011funu hat\u0131rlatt\u0131.<\/span><span data-ccp-props=\"{&quot;134233117&quot;:false,&quot;134233118&quot;:false,&quot;201341983&quot;:0,&quot;335551550&quot;:1,&quot;335551620&quot;:1,&quot;335557856&quot;:16777215,&quot;335559738&quot;:0,&quot;335559739&quot;:240,&quot;335559740&quot;:405}\">\u00a0<\/span><\/p>\n<p style=\"text-align: justify;\"><span data-contrast=\"none\">L\u00fctem, T\u00fcrkiye\u2019nin her zaman <a href=\"https:\/\/bagis.tdv.org\/kriz-bolgeleri\/lubnan-148\" target=\"_blank\" rel=\"noopener\">L\u00fcbnan\u2019\u0131n<\/a> ve <a href=\"https:\/\/bagis.tdv.org\/kriz-bolgeleri\/lubnan-148\" target=\"_blank\" rel=\"noopener\">L\u00fcbnan<\/a> halk\u0131n\u0131n yan\u0131nda yer almaya devam edece\u011fini vurgulad\u0131.<\/span><span data-ccp-props=\"{&quot;134233117&quot;:false,&quot;134233118&quot;:false,&quot;201341983&quot;:0,&quot;335551550&quot;:1,&quot;335551620&quot;:1,&quot;335557856&quot;:16777215,&quot;335559738&quot;:0,&quot;335559739&quot;:240,&quot;335559740&quot;:405}\">\u00a0<\/span><\/p>\n<p style=\"text-align: justify;\"><span data-contrast=\"none\"><a href=\"https:\/\/tdv.org\/tr-TR\/kurumsal\/izani-turan\/\" target=\"_blank\" rel=\"noopener\">TDV Genel M\u00fcd\u00fcr\u00fc Turan<\/a> da <a href=\"https:\/\/bagis.tdv.org\/kriz-bolgeleri\/lubnan-148\" target=\"_blank\" rel=\"noopener\">L\u00fcbnanl\u0131<\/a> <a href=\"https:\/\/bagis.tdv.org\/#yetim\" target=\"_blank\" rel=\"noopener\">yetim<\/a> \u00e7ocuklar\u0131n yaln\u0131z olmad\u0131\u011f\u0131n\u0131 belirterek, &#8220;T\u00fcrkiye, halk\u0131yla ve devletiyle <a href=\"https:\/\/bagis.tdv.org\/kriz-bolgeleri\/lubnan-148\" target=\"_blank\" rel=\"noopener\">L\u00fcbnan\u2019\u0131n<\/a> ve <a href=\"https:\/\/bagis.tdv.org\/kriz-bolgeleri\/lubnan-148\" target=\"_blank\" rel=\"noopener\">L\u00fcbnanl\u0131<\/a> \u00e7ocuklar\u0131n yan\u0131ndad\u0131r.&#8221; ifadelerini kulland\u0131.<\/span><span data-ccp-props=\"{&quot;134233117&quot;:false,&quot;134233118&quot;:false,&quot;201341983&quot;:0,&quot;335551550&quot;:1,&quot;335551620&quot;:1,&quot;335557856&quot;:16777215,&quot;335559738&quot;:0,&quot;335559739&quot;:240,&quot;335559740&quot;:405}\">\u00a0<\/span><\/p>\n<p style=\"text-align: justify;\"><span data-contrast=\"none\"><a href=\"https:\/\/tdv.org\/tr-TR\/kurumsal\/izani-turan\/\" target=\"_blank\" rel=\"noopener\">Turan<\/a>, TDV\u2019nin bu destekle <a href=\"https:\/\/bagis.tdv.org\/#yetim\">yetimlere<\/a> kar\u015f\u0131 sorumlulu\u011funu bir kez daha yerine getirdi\u011fini kaydetti.<\/span><span data-ccp-props=\"{&quot;134233117&quot;:false,&quot;134233118&quot;:false,&quot;201341983&quot;:0,&quot;335551550&quot;:1,&quot;335551620&quot;:1,&quot;335557856&quot;:16777215,&quot;335559738&quot;:0,&quot;335559739&quot;:240,&quot;335559740&quot;:405}\">\u00a0<\/span><\/p>\n<p style=\"text-align: justify;\"><span data-contrast=\"none\">Sayda Belediye Ba\u015fkan\u0131 Temsilcisi Enci Atroni ise TDV\u2019nin sa\u011flad\u0131\u011f\u0131 <a href=\"https:\/\/bagis.tdv.org\/yetim\/yurtdisi-yetim-egitim-destegi-34\" target=\"_blank\" rel=\"noopener\">e\u011fitim deste\u011finden<\/a> dolay\u0131 T\u00fcrkiye\u2019ye ve TDV&#8217;ye te\u015fekk\u00fcr etti.<\/span><span data-ccp-props=\"{&quot;134233117&quot;:false,&quot;134233118&quot;:false,&quot;201341983&quot;:0,&quot;335551550&quot;:1,&quot;335551620&quot;:1,&quot;335557856&quot;:16777215,&quot;335559738&quot;:0,&quot;335559739&quot;:240,&quot;335559740&quot;:405}\">\u00a0<\/span><\/p>\n<p style=\"text-align: justify;\"><span data-contrast=\"none\">Program kapsam\u0131nda 3 bin 200 <a href=\"https:\/\/bagis.tdv.org\/#yetim\" target=\"_blank\" rel=\"noopener\">yetim<\/a> \u00f6\u011frenciye \u00e7anta ve \u00e7e\u015fitli okul malzemelerinden olu\u015fan <a href=\"https:\/\/bagis.tdv.org\/yetim\/yurtdisi-yetim-egitim-destegi-34\" target=\"_blank\" rel=\"noopener\">e\u011fitim paketleri<\/a> da\u011f\u0131t\u0131ld\u0131.<\/span><span data-ccp-props=\"{&quot;134233117&quot;:false,&quot;134233118&quot;:false,&quot;201341983&quot;:0,&quot;335551550&quot;:1,&quot;335551620&quot;:1,&quot;335557856&quot;:16777215,&quot;335559738&quot;:0,&quot;335559739&quot;:240,&quot;335559740&quot;:405}\">\u00a0<\/span><\/p>\n<p style=\"text-align: justify;\"><span data-contrast=\"none\">Etkinlikte d\u00fczenlenen \u00e7e\u015fitli aktivitelerle \u00e7ocuklar keyifli vakit ge\u00e7irdi.<\/span><span data-ccp-props=\"{&quot;134233117&quot;:false,&quot;134233118&quot;:false,&quot;201341983&quot;:0,&quot;335551550&quot;:1,&quot;335551620&quot;:1,&quot;335557856&quot;:16777215,&quot;335559738&quot;:0,&quot;335559739&quot;:240,&quot;335559740&quot;:405}\">\u00a0<\/span><\/p>\n[\/vc_column_text][divider line_type=&#8221;No Line&#8221; custom_height=&#8221;30&#8243;][vc_video link=&#8221;https:\/\/www.youtube.com\/watch?v=glvzOMQxd00&#8243; css=&#8221;&#8221;][divider line_type=&#8221;No Line&#8221; custom_height=&#8221;30&#8243;][vc_column_text css=&#8221;&#8221; text_direction=&#8221;default&#8221;]\n\n\t\t<style type=\"text\/css\">\n\t\t\t#gallery-1 {\n\t\t\t\tmargin: auto;\n\t\t\t}\n\t\t\t#gallery-1 .gallery-item {\n\t\t\t\tfloat: left;\n\t\t\t\tmargin-top: 10px;\n\t\t\t\ttext-align: center;\n\t\t\t\twidth: 33%;\n\t\t\t}\n\t\t\t#gallery-1 img {\n\t\t\t\tborder: 2px solid #cfcfcf;\n\t\t\t}\n\t\t\t#gallery-1 .gallery-caption {\n\t\t\t\tmargin-left: 0;\n\t\t\t}\n\t\t\t\/* see gallery_shortcode() in wp-includes\/media.php *\/\n\t\t<\/style>\n\t\t<div id='gallery-1' class='gallery galleryid-53402 gallery-columns-3 gallery-size-large'><dl class='gallery-item'>\n\t\t\t<dt class='gallery-icon landscape'>\n\t\t\t\t<a href='https:\/\/tdv.org\/tr-TR\/wp-content\/uploads\/2025\/10\/turkiye-diyanet-vakfindan-lubnanda-yetim-ogrencilere-egitim-destegi-secilen-1.jpg'><img decoding=\"async\" width=\"1024\" height=\"683\" src=\"https:\/\/tdv.org\/tr-TR\/wp-content\/uploads\/2025\/10\/turkiye-diyanet-vakfindan-lubnanda-yetim-ogrencilere-egitim-destegi-secilen-1-1024x683.jpg\" class=\"attachment-large size-large\" alt=\"T\u00fcrkiye Diyanet Vakf\u0131ndan L\u00fcbnan\u2019da yetim \u00f6\u011frencilere e\u011fitim deste\u011fi , yetim, yetim e\u011fitim deste\u011fi, yetim burs, yetim yard\u0131m\u0131\" aria-describedby=\"gallery-1-53450\" srcset=\"https:\/\/tdv.org\/tr-TR\/wp-content\/uploads\/2025\/10\/turkiye-diyanet-vakfindan-lubnanda-yetim-ogrencilere-egitim-destegi-secilen-1-1024x683.jpg 1024w, https:\/\/tdv.org\/tr-TR\/wp-content\/uploads\/2025\/10\/turkiye-diyanet-vakfindan-lubnanda-yetim-ogrencilere-egitim-destegi-secilen-1-300x200.jpg 300w, https:\/\/tdv.org\/tr-TR\/wp-content\/uploads\/2025\/10\/turkiye-diyanet-vakfindan-lubnanda-yetim-ogrencilere-egitim-destegi-secilen-1-768x512.jpg 768w, https:\/\/tdv.org\/tr-TR\/wp-content\/uploads\/2025\/10\/turkiye-diyanet-vakfindan-lubnanda-yetim-ogrencilere-egitim-destegi-secilen-1-900x600.jpg 900w, https:\/\/tdv.org\/tr-TR\/wp-content\/uploads\/2025\/10\/turkiye-diyanet-vakfindan-lubnanda-yetim-ogrencilere-egitim-destegi-secilen-1.jpg 1152w\" sizes=\"(max-width: 1024px) 100vw, 1024px\" \/><\/a>\n\t\t\t<\/dt>\n\t\t\t\t<dd class='wp-caption-text gallery-caption' id='gallery-1-53450'>\n\t\t\t\tT\u00fcrkiye Diyanet Vakf\u0131ndan L\u00fcbnan\u2019da yetim \u00f6\u011frencilere e\u011fitim deste\u011fi , yetim,  yetim e\u011fitim deste\u011fi, yetim burs, yetim yard\u0131m\u0131\n\t\t\t\t<\/dd><\/dl><dl class='gallery-item'>\n\t\t\t<dt class='gallery-icon landscape'>\n\t\t\t\t<a href='https:\/\/tdv.org\/tr-TR\/wp-content\/uploads\/2025\/10\/turkiye-diyanet-vakfindan-lubnanda-yetim-ogrencilere-egitim-destegi-secilen-2.jpg'><img decoding=\"async\" width=\"1024\" height=\"683\" src=\"https:\/\/tdv.org\/tr-TR\/wp-content\/uploads\/2025\/10\/turkiye-diyanet-vakfindan-lubnanda-yetim-ogrencilere-egitim-destegi-secilen-2-1024x683.jpg\" class=\"attachment-large size-large\" alt=\"T\u00fcrkiye Diyanet Vakf\u0131ndan L\u00fcbnan\u2019da yetim \u00f6\u011frencilere e\u011fitim deste\u011fi , yetim, yetim e\u011fitim deste\u011fi, yetim burs, yetim yard\u0131m\u0131\" aria-describedby=\"gallery-1-53451\" srcset=\"https:\/\/tdv.org\/tr-TR\/wp-content\/uploads\/2025\/10\/turkiye-diyanet-vakfindan-lubnanda-yetim-ogrencilere-egitim-destegi-secilen-2-1024x683.jpg 1024w, https:\/\/tdv.org\/tr-TR\/wp-content\/uploads\/2025\/10\/turkiye-diyanet-vakfindan-lubnanda-yetim-ogrencilere-egitim-destegi-secilen-2-300x200.jpg 300w, https:\/\/tdv.org\/tr-TR\/wp-content\/uploads\/2025\/10\/turkiye-diyanet-vakfindan-lubnanda-yetim-ogrencilere-egitim-destegi-secilen-2-768x512.jpg 768w, https:\/\/tdv.org\/tr-TR\/wp-content\/uploads\/2025\/10\/turkiye-diyanet-vakfindan-lubnanda-yetim-ogrencilere-egitim-destegi-secilen-2-900x600.jpg 900w, https:\/\/tdv.org\/tr-TR\/wp-content\/uploads\/2025\/10\/turkiye-diyanet-vakfindan-lubnanda-yetim-ogrencilere-egitim-destegi-secilen-2.jpg 1152w\" sizes=\"(max-width: 1024px) 100vw, 1024px\" \/><\/a>\n\t\t\t<\/dt>\n\t\t\t\t<dd class='wp-caption-text gallery-caption' id='gallery-1-53451'>\n\t\t\t\tT\u00fcrkiye Diyanet Vakf\u0131ndan L\u00fcbnan\u2019da yetim \u00f6\u011frencilere e\u011fitim deste\u011fi , yetim,  yetim e\u011fitim deste\u011fi, yetim burs, yetim yard\u0131m\u0131\n\t\t\t\t<\/dd><\/dl><dl class='gallery-item'>\n\t\t\t<dt class='gallery-icon landscape'>\n\t\t\t\t<a href='https:\/\/tdv.org\/tr-TR\/wp-content\/uploads\/2025\/10\/turkiye-diyanet-vakfindan-lubnanda-yetim-ogrencilere-egitim-destegi-secilen-3.jpg'><img decoding=\"async\" width=\"1024\" height=\"683\" src=\"https:\/\/tdv.org\/tr-TR\/wp-content\/uploads\/2025\/10\/turkiye-diyanet-vakfindan-lubnanda-yetim-ogrencilere-egitim-destegi-secilen-3-1024x683.jpg\" class=\"attachment-large size-large\" alt=\"T\u00fcrkiye Diyanet Vakf\u0131ndan L\u00fcbnan\u2019da yetim \u00f6\u011frencilere e\u011fitim deste\u011fi , yetim, yetim e\u011fitim deste\u011fi, yetim burs, yetim yard\u0131m\u0131\" aria-describedby=\"gallery-1-53452\" srcset=\"https:\/\/tdv.org\/tr-TR\/wp-content\/uploads\/2025\/10\/turkiye-diyanet-vakfindan-lubnanda-yetim-ogrencilere-egitim-destegi-secilen-3-1024x683.jpg 1024w, https:\/\/tdv.org\/tr-TR\/wp-content\/uploads\/2025\/10\/turkiye-diyanet-vakfindan-lubnanda-yetim-ogrencilere-egitim-destegi-secilen-3-300x200.jpg 300w, https:\/\/tdv.org\/tr-TR\/wp-content\/uploads\/2025\/10\/turkiye-diyanet-vakfindan-lubnanda-yetim-ogrencilere-egitim-destegi-secilen-3-768x512.jpg 768w, https:\/\/tdv.org\/tr-TR\/wp-content\/uploads\/2025\/10\/turkiye-diyanet-vakfindan-lubnanda-yetim-ogrencilere-egitim-destegi-secilen-3-900x600.jpg 900w, https:\/\/tdv.org\/tr-TR\/wp-content\/uploads\/2025\/10\/turkiye-diyanet-vakfindan-lubnanda-yetim-ogrencilere-egitim-destegi-secilen-3.jpg 1152w\" sizes=\"(max-width: 1024px) 100vw, 1024px\" \/><\/a>\n\t\t\t<\/dt>\n\t\t\t\t<dd class='wp-caption-text gallery-caption' id='gallery-1-53452'>\n\t\t\t\tT\u00fcrkiye Diyanet Vakf\u0131ndan L\u00fcbnan\u2019da yetim \u00f6\u011frencilere e\u011fitim deste\u011fi , yetim,  yetim e\u011fitim deste\u011fi, yetim burs, yetim yard\u0131m\u0131\n\t\t\t\t<\/dd><\/dl><br style=\"clear: both\" \/><dl class='gallery-item'>\n\t\t\t<dt class='gallery-icon landscape'>\n\t\t\t\t<a href='https:\/\/tdv.org\/tr-TR\/wp-content\/uploads\/2025\/10\/turkiye-diyanet-vakfindan-lubnanda-yetim-ogrencilere-egitim-destegi-secilen-4.jpg'><img decoding=\"async\" width=\"1024\" height=\"683\" src=\"https:\/\/tdv.org\/tr-TR\/wp-content\/uploads\/2025\/10\/turkiye-diyanet-vakfindan-lubnanda-yetim-ogrencilere-egitim-destegi-secilen-4-1024x683.jpg\" class=\"attachment-large size-large\" alt=\"T\u00fcrkiye Diyanet Vakf\u0131ndan L\u00fcbnan\u2019da yetim \u00f6\u011frencilere e\u011fitim deste\u011fi , yetim, yetim e\u011fitim deste\u011fi, yetim burs, yetim yard\u0131m\u0131\" aria-describedby=\"gallery-1-53453\" srcset=\"https:\/\/tdv.org\/tr-TR\/wp-content\/uploads\/2025\/10\/turkiye-diyanet-vakfindan-lubnanda-yetim-ogrencilere-egitim-destegi-secilen-4-1024x683.jpg 1024w, https:\/\/tdv.org\/tr-TR\/wp-content\/uploads\/2025\/10\/turkiye-diyanet-vakfindan-lubnanda-yetim-ogrencilere-egitim-destegi-secilen-4-300x200.jpg 300w, https:\/\/tdv.org\/tr-TR\/wp-content\/uploads\/2025\/10\/turkiye-diyanet-vakfindan-lubnanda-yetim-ogrencilere-egitim-destegi-secilen-4-768x512.jpg 768w, https:\/\/tdv.org\/tr-TR\/wp-content\/uploads\/2025\/10\/turkiye-diyanet-vakfindan-lubnanda-yetim-ogrencilere-egitim-destegi-secilen-4-900x600.jpg 900w, https:\/\/tdv.org\/tr-TR\/wp-content\/uploads\/2025\/10\/turkiye-diyanet-vakfindan-lubnanda-yetim-ogrencilere-egitim-destegi-secilen-4.jpg 1152w\" sizes=\"(max-width: 1024px) 100vw, 1024px\" \/><\/a>\n\t\t\t<\/dt>\n\t\t\t\t<dd class='wp-caption-text gallery-caption' id='gallery-1-53453'>\n\t\t\t\tT\u00fcrkiye Diyanet Vakf\u0131ndan L\u00fcbnan\u2019da yetim \u00f6\u011frencilere e\u011fitim deste\u011fi , yetim,  yetim e\u011fitim deste\u011fi, yetim burs, yetim yard\u0131m\u0131\n\t\t\t\t<\/dd><\/dl><dl class='gallery-item'>\n\t\t\t<dt class='gallery-icon landscape'>\n\t\t\t\t<a href='https:\/\/tdv.org\/tr-TR\/wp-content\/uploads\/2025\/10\/turkiye-diyanet-vakfindan-lubnanda-yetim-ogrencilere-egitim-destegi-secilen-5.jpg'><img decoding=\"async\" width=\"1024\" height=\"683\" src=\"https:\/\/tdv.org\/tr-TR\/wp-content\/uploads\/2025\/10\/turkiye-diyanet-vakfindan-lubnanda-yetim-ogrencilere-egitim-destegi-secilen-5-1024x683.jpg\" class=\"attachment-large size-large\" alt=\"T\u00fcrkiye Diyanet Vakf\u0131ndan L\u00fcbnan\u2019da yetim \u00f6\u011frencilere e\u011fitim deste\u011fi , yetim, yetim e\u011fitim deste\u011fi, yetim burs, yetim yard\u0131m\u0131\" aria-describedby=\"gallery-1-53454\" srcset=\"https:\/\/tdv.org\/tr-TR\/wp-content\/uploads\/2025\/10\/turkiye-diyanet-vakfindan-lubnanda-yetim-ogrencilere-egitim-destegi-secilen-5-1024x683.jpg 1024w, https:\/\/tdv.org\/tr-TR\/wp-content\/uploads\/2025\/10\/turkiye-diyanet-vakfindan-lubnanda-yetim-ogrencilere-egitim-destegi-secilen-5-300x200.jpg 300w, https:\/\/tdv.org\/tr-TR\/wp-content\/uploads\/2025\/10\/turkiye-diyanet-vakfindan-lubnanda-yetim-ogrencilere-egitim-destegi-secilen-5-768x512.jpg 768w, https:\/\/tdv.org\/tr-TR\/wp-content\/uploads\/2025\/10\/turkiye-diyanet-vakfindan-lubnanda-yetim-ogrencilere-egitim-destegi-secilen-5-900x600.jpg 900w, https:\/\/tdv.org\/tr-TR\/wp-content\/uploads\/2025\/10\/turkiye-diyanet-vakfindan-lubnanda-yetim-ogrencilere-egitim-destegi-secilen-5.jpg 1152w\" sizes=\"(max-width: 1024px) 100vw, 1024px\" \/><\/a>\n\t\t\t<\/dt>\n\t\t\t\t<dd class='wp-caption-text gallery-caption' id='gallery-1-53454'>\n\t\t\t\tT\u00fcrkiye Diyanet Vakf\u0131ndan L\u00fcbnan\u2019da yetim \u00f6\u011frencilere e\u011fitim deste\u011fi , yetim,  yetim e\u011fitim deste\u011fi, yetim burs, yetim yard\u0131m\u0131\n\t\t\t\t<\/dd><\/dl><dl class='gallery-item'>\n\t\t\t<dt class='gallery-icon landscape'>\n\t\t\t\t<a href='https:\/\/tdv.org\/tr-TR\/wp-content\/uploads\/2025\/10\/turkiye-diyanet-vakfindan-lubnanda-yetim-ogrencilere-egitim-destegi-secilen-6.jpg'><img decoding=\"async\" width=\"1024\" height=\"683\" src=\"https:\/\/tdv.org\/tr-TR\/wp-content\/uploads\/2025\/10\/turkiye-diyanet-vakfindan-lubnanda-yetim-ogrencilere-egitim-destegi-secilen-6-1024x683.jpg\" class=\"attachment-large size-large\" alt=\"T\u00fcrkiye Diyanet Vakf\u0131ndan L\u00fcbnan\u2019da yetim \u00f6\u011frencilere e\u011fitim deste\u011fi , yetim, yetim e\u011fitim deste\u011fi, yetim burs, yetim yard\u0131m\u0131\" aria-describedby=\"gallery-1-53455\" srcset=\"https:\/\/tdv.org\/tr-TR\/wp-content\/uploads\/2025\/10\/turkiye-diyanet-vakfindan-lubnanda-yetim-ogrencilere-egitim-destegi-secilen-6-1024x683.jpg 1024w, https:\/\/tdv.org\/tr-TR\/wp-content\/uploads\/2025\/10\/turkiye-diyanet-vakfindan-lubnanda-yetim-ogrencilere-egitim-destegi-secilen-6-300x200.jpg 300w, https:\/\/tdv.org\/tr-TR\/wp-content\/uploads\/2025\/10\/turkiye-diyanet-vakfindan-lubnanda-yetim-ogrencilere-egitim-destegi-secilen-6-768x512.jpg 768w, https:\/\/tdv.org\/tr-TR\/wp-content\/uploads\/2025\/10\/turkiye-diyanet-vakfindan-lubnanda-yetim-ogrencilere-egitim-destegi-secilen-6-900x600.jpg 900w, https:\/\/tdv.org\/tr-TR\/wp-content\/uploads\/2025\/10\/turkiye-diyanet-vakfindan-lubnanda-yetim-ogrencilere-egitim-destegi-secilen-6.jpg 1152w\" sizes=\"(max-width: 1024px) 100vw, 1024px\" \/><\/a>\n\t\t\t<\/dt>\n\t\t\t\t<dd class='wp-caption-text gallery-caption' id='gallery-1-53455'>\n\t\t\t\tT\u00fcrkiye Diyanet Vakf\u0131ndan L\u00fcbnan\u2019da yetim \u00f6\u011frencilere e\u011fitim deste\u011fi , yetim,  yetim e\u011fitim deste\u011fi, yetim burs, yetim yard\u0131m\u0131\n\t\t\t\t<\/dd><\/dl><br style=\"clear: both\" \/><dl class='gallery-item'>\n\t\t\t<dt class='gallery-icon landscape'>\n\t\t\t\t<a href='https:\/\/tdv.org\/tr-TR\/wp-content\/uploads\/2025\/10\/turkiye-diyanet-vakfindan-lubnanda-yetim-ogrencilere-egitim-destegi-secilen-7.jpg'><img decoding=\"async\" width=\"1024\" height=\"683\" src=\"https:\/\/tdv.org\/tr-TR\/wp-content\/uploads\/2025\/10\/turkiye-diyanet-vakfindan-lubnanda-yetim-ogrencilere-egitim-destegi-secilen-7-1024x683.jpg\" class=\"attachment-large size-large\" alt=\"T\u00fcrkiye Diyanet Vakf\u0131ndan L\u00fcbnan\u2019da yetim \u00f6\u011frencilere e\u011fitim deste\u011fi , yetim, yetim e\u011fitim deste\u011fi, yetim burs, yetim yard\u0131m\u0131\" aria-describedby=\"gallery-1-53456\" srcset=\"https:\/\/tdv.org\/tr-TR\/wp-content\/uploads\/2025\/10\/turkiye-diyanet-vakfindan-lubnanda-yetim-ogrencilere-egitim-destegi-secilen-7-1024x683.jpg 1024w, https:\/\/tdv.org\/tr-TR\/wp-content\/uploads\/2025\/10\/turkiye-diyanet-vakfindan-lubnanda-yetim-ogrencilere-egitim-destegi-secilen-7-300x200.jpg 300w, https:\/\/tdv.org\/tr-TR\/wp-content\/uploads\/2025\/10\/turkiye-diyanet-vakfindan-lubnanda-yetim-ogrencilere-egitim-destegi-secilen-7-768x512.jpg 768w, https:\/\/tdv.org\/tr-TR\/wp-content\/uploads\/2025\/10\/turkiye-diyanet-vakfindan-lubnanda-yetim-ogrencilere-egitim-destegi-secilen-7-900x600.jpg 900w, https:\/\/tdv.org\/tr-TR\/wp-content\/uploads\/2025\/10\/turkiye-diyanet-vakfindan-lubnanda-yetim-ogrencilere-egitim-destegi-secilen-7.jpg 1152w\" sizes=\"(max-width: 1024px) 100vw, 1024px\" \/><\/a>\n\t\t\t<\/dt>\n\t\t\t\t<dd class='wp-caption-text gallery-caption' id='gallery-1-53456'>\n\t\t\t\tT\u00fcrkiye Diyanet Vakf\u0131ndan L\u00fcbnan\u2019da yetim \u00f6\u011frencilere e\u011fitim deste\u011fi , yetim,  yetim e\u011fitim deste\u011fi, yetim burs, yetim yard\u0131m\u0131\n\t\t\t\t<\/dd><\/dl><dl class='gallery-item'>\n\t\t\t<dt class='gallery-icon landscape'>\n\t\t\t\t<a href='https:\/\/tdv.org\/tr-TR\/wp-content\/uploads\/2025\/10\/turkiye-diyanet-vakfindan-lubnanda-yetim-ogrencilere-egitim-destegi-secilen-8.jpg'><img decoding=\"async\" width=\"1024\" height=\"683\" src=\"https:\/\/tdv.org\/tr-TR\/wp-content\/uploads\/2025\/10\/turkiye-diyanet-vakfindan-lubnanda-yetim-ogrencilere-egitim-destegi-secilen-8-1024x683.jpg\" class=\"attachment-large size-large\" alt=\"T\u00fcrkiye Diyanet Vakf\u0131ndan L\u00fcbnan\u2019da yetim \u00f6\u011frencilere e\u011fitim deste\u011fi , yetim, yetim e\u011fitim deste\u011fi, yetim burs, yetim yard\u0131m\u0131\" aria-describedby=\"gallery-1-53457\" srcset=\"https:\/\/tdv.org\/tr-TR\/wp-content\/uploads\/2025\/10\/turkiye-diyanet-vakfindan-lubnanda-yetim-ogrencilere-egitim-destegi-secilen-8-1024x683.jpg 1024w, https:\/\/tdv.org\/tr-TR\/wp-content\/uploads\/2025\/10\/turkiye-diyanet-vakfindan-lubnanda-yetim-ogrencilere-egitim-destegi-secilen-8-300x200.jpg 300w, https:\/\/tdv.org\/tr-TR\/wp-content\/uploads\/2025\/10\/turkiye-diyanet-vakfindan-lubnanda-yetim-ogrencilere-egitim-destegi-secilen-8-768x512.jpg 768w, https:\/\/tdv.org\/tr-TR\/wp-content\/uploads\/2025\/10\/turkiye-diyanet-vakfindan-lubnanda-yetim-ogrencilere-egitim-destegi-secilen-8-900x600.jpg 900w, https:\/\/tdv.org\/tr-TR\/wp-content\/uploads\/2025\/10\/turkiye-diyanet-vakfindan-lubnanda-yetim-ogrencilere-egitim-destegi-secilen-8.jpg 1152w\" sizes=\"(max-width: 1024px) 100vw, 1024px\" \/><\/a>\n\t\t\t<\/dt>\n\t\t\t\t<dd class='wp-caption-text gallery-caption' id='gallery-1-53457'>\n\t\t\t\tT\u00fcrkiye Diyanet Vakf\u0131ndan L\u00fcbnan\u2019da yetim \u00f6\u011frencilere e\u011fitim deste\u011fi , yetim,  yetim e\u011fitim deste\u011fi, yetim burs, yetim yard\u0131m\u0131\n\t\t\t\t<\/dd><\/dl><dl class='gallery-item'>\n\t\t\t<dt class='gallery-icon landscape'>\n\t\t\t\t<a href='https:\/\/tdv.org\/tr-TR\/wp-content\/uploads\/2025\/10\/turkiye-diyanet-vakfindan-lubnanda-yetim-ogrencilere-egitim-destegi-secilen-9.jpg'><img decoding=\"async\" width=\"1024\" height=\"683\" src=\"https:\/\/tdv.org\/tr-TR\/wp-content\/uploads\/2025\/10\/turkiye-diyanet-vakfindan-lubnanda-yetim-ogrencilere-egitim-destegi-secilen-9-1024x683.jpg\" class=\"attachment-large size-large\" alt=\"T\u00fcrkiye Diyanet Vakf\u0131ndan L\u00fcbnan\u2019da yetim \u00f6\u011frencilere e\u011fitim deste\u011fi , yetim, yetim e\u011fitim deste\u011fi, yetim burs, yetim yard\u0131m\u0131\" aria-describedby=\"gallery-1-53458\" srcset=\"https:\/\/tdv.org\/tr-TR\/wp-content\/uploads\/2025\/10\/turkiye-diyanet-vakfindan-lubnanda-yetim-ogrencilere-egitim-destegi-secilen-9-1024x683.jpg 1024w, https:\/\/tdv.org\/tr-TR\/wp-content\/uploads\/2025\/10\/turkiye-diyanet-vakfindan-lubnanda-yetim-ogrencilere-egitim-destegi-secilen-9-300x200.jpg 300w, https:\/\/tdv.org\/tr-TR\/wp-content\/uploads\/2025\/10\/turkiye-diyanet-vakfindan-lubnanda-yetim-ogrencilere-egitim-destegi-secilen-9-768x512.jpg 768w, https:\/\/tdv.org\/tr-TR\/wp-content\/uploads\/2025\/10\/turkiye-diyanet-vakfindan-lubnanda-yetim-ogrencilere-egitim-destegi-secilen-9-900x600.jpg 900w, https:\/\/tdv.org\/tr-TR\/wp-content\/uploads\/2025\/10\/turkiye-diyanet-vakfindan-lubnanda-yetim-ogrencilere-egitim-destegi-secilen-9.jpg 1152w\" sizes=\"(max-width: 1024px) 100vw, 1024px\" \/><\/a>\n\t\t\t<\/dt>\n\t\t\t\t<dd class='wp-caption-text gallery-caption' id='gallery-1-53458'>\n\t\t\t\tT\u00fcrkiye Diyanet Vakf\u0131ndan L\u00fcbnan\u2019da yetim \u00f6\u011frencilere e\u011fitim deste\u011fi , yetim,  yetim e\u011fitim deste\u011fi, yetim burs, yetim yard\u0131m\u0131\n\t\t\t\t<\/dd><\/dl><br style=\"clear: both\" \/><dl class='gallery-item'>\n\t\t\t<dt class='gallery-icon landscape'>\n\t\t\t\t<a href='https:\/\/tdv.org\/tr-TR\/wp-content\/uploads\/2025\/10\/turkiye-diyanet-vakfindan-lubnanda-yetim-ogrencilere-egitim-destegi-secilen-10.jpg'><img decoding=\"async\" width=\"1024\" height=\"683\" src=\"https:\/\/tdv.org\/tr-TR\/wp-content\/uploads\/2025\/10\/turkiye-diyanet-vakfindan-lubnanda-yetim-ogrencilere-egitim-destegi-secilen-10-1024x683.jpg\" class=\"attachment-large size-large\" alt=\"T\u00fcrkiye Diyanet Vakf\u0131ndan L\u00fcbnan\u2019da yetim \u00f6\u011frencilere e\u011fitim deste\u011fi , yetim, yetim e\u011fitim deste\u011fi, yetim burs, yetim yard\u0131m\u0131\" aria-describedby=\"gallery-1-53459\" srcset=\"https:\/\/tdv.org\/tr-TR\/wp-content\/uploads\/2025\/10\/turkiye-diyanet-vakfindan-lubnanda-yetim-ogrencilere-egitim-destegi-secilen-10-1024x683.jpg 1024w, https:\/\/tdv.org\/tr-TR\/wp-content\/uploads\/2025\/10\/turkiye-diyanet-vakfindan-lubnanda-yetim-ogrencilere-egitim-destegi-secilen-10-300x200.jpg 300w, https:\/\/tdv.org\/tr-TR\/wp-content\/uploads\/2025\/10\/turkiye-diyanet-vakfindan-lubnanda-yetim-ogrencilere-egitim-destegi-secilen-10-768x512.jpg 768w, https:\/\/tdv.org\/tr-TR\/wp-content\/uploads\/2025\/10\/turkiye-diyanet-vakfindan-lubnanda-yetim-ogrencilere-egitim-destegi-secilen-10-900x600.jpg 900w, https:\/\/tdv.org\/tr-TR\/wp-content\/uploads\/2025\/10\/turkiye-diyanet-vakfindan-lubnanda-yetim-ogrencilere-egitim-destegi-secilen-10.jpg 1152w\" sizes=\"(max-width: 1024px) 100vw, 1024px\" \/><\/a>\n\t\t\t<\/dt>\n\t\t\t\t<dd class='wp-caption-text gallery-caption' id='gallery-1-53459'>\n\t\t\t\tT\u00fcrkiye Diyanet Vakf\u0131ndan L\u00fcbnan\u2019da yetim \u00f6\u011frencilere e\u011fitim deste\u011fi , yetim,  yetim e\u011fitim deste\u011fi, yetim burs, yetim yard\u0131m\u0131\n\t\t\t\t<\/dd><\/dl><dl class='gallery-item'>\n\t\t\t<dt class='gallery-icon landscape'>\n\t\t\t\t<a href='https:\/\/tdv.org\/tr-TR\/wp-content\/uploads\/2025\/10\/turkiye-diyanet-vakfindan-lubnanda-yetim-ogrencilere-egitim-destegi-secilen-11.jpg'><img decoding=\"async\" width=\"1024\" height=\"683\" src=\"https:\/\/tdv.org\/tr-TR\/wp-content\/uploads\/2025\/10\/turkiye-diyanet-vakfindan-lubnanda-yetim-ogrencilere-egitim-destegi-secilen-11-1024x683.jpg\" class=\"attachment-large size-large\" alt=\"T\u00fcrkiye Diyanet Vakf\u0131ndan L\u00fcbnan\u2019da yetim \u00f6\u011frencilere e\u011fitim deste\u011fi , yetim, yetim e\u011fitim deste\u011fi, yetim burs, yetim yard\u0131m\u0131\" aria-describedby=\"gallery-1-53460\" srcset=\"https:\/\/tdv.org\/tr-TR\/wp-content\/uploads\/2025\/10\/turkiye-diyanet-vakfindan-lubnanda-yetim-ogrencilere-egitim-destegi-secilen-11-1024x683.jpg 1024w, https:\/\/tdv.org\/tr-TR\/wp-content\/uploads\/2025\/10\/turkiye-diyanet-vakfindan-lubnanda-yetim-ogrencilere-egitim-destegi-secilen-11-300x200.jpg 300w, https:\/\/tdv.org\/tr-TR\/wp-content\/uploads\/2025\/10\/turkiye-diyanet-vakfindan-lubnanda-yetim-ogrencilere-egitim-destegi-secilen-11-768x512.jpg 768w, https:\/\/tdv.org\/tr-TR\/wp-content\/uploads\/2025\/10\/turkiye-diyanet-vakfindan-lubnanda-yetim-ogrencilere-egitim-destegi-secilen-11-900x600.jpg 900w, https:\/\/tdv.org\/tr-TR\/wp-content\/uploads\/2025\/10\/turkiye-diyanet-vakfindan-lubnanda-yetim-ogrencilere-egitim-destegi-secilen-11.jpg 1152w\" sizes=\"(max-width: 1024px) 100vw, 1024px\" \/><\/a>\n\t\t\t<\/dt>\n\t\t\t\t<dd class='wp-caption-text gallery-caption' id='gallery-1-53460'>\n\t\t\t\tT\u00fcrkiye Diyanet Vakf\u0131ndan L\u00fcbnan\u2019da yetim \u00f6\u011frencilere e\u011fitim deste\u011fi , yetim,  yetim e\u011fitim deste\u011fi, yetim burs, yetim yard\u0131m\u0131\n\t\t\t\t<\/dd><\/dl><dl class='gallery-item'>\n\t\t\t<dt class='gallery-icon landscape'>\n\t\t\t\t<a href='https:\/\/tdv.org\/tr-TR\/wp-content\/uploads\/2025\/10\/turkiye-diyanet-vakfindan-lubnanda-yetim-ogrencilere-egitim-destegi-secilen-12.jpg'><img decoding=\"async\" width=\"1024\" height=\"683\" src=\"https:\/\/tdv.org\/tr-TR\/wp-content\/uploads\/2025\/10\/turkiye-diyanet-vakfindan-lubnanda-yetim-ogrencilere-egitim-destegi-secilen-12-1024x683.jpg\" class=\"attachment-large size-large\" alt=\"T\u00fcrkiye Diyanet Vakf\u0131ndan L\u00fcbnan\u2019da yetim \u00f6\u011frencilere e\u011fitim deste\u011fi , yetim, yetim e\u011fitim deste\u011fi, yetim burs, yetim yard\u0131m\u0131\" aria-describedby=\"gallery-1-53461\" srcset=\"https:\/\/tdv.org\/tr-TR\/wp-content\/uploads\/2025\/10\/turkiye-diyanet-vakfindan-lubnanda-yetim-ogrencilere-egitim-destegi-secilen-12-1024x683.jpg 1024w, https:\/\/tdv.org\/tr-TR\/wp-content\/uploads\/2025\/10\/turkiye-diyanet-vakfindan-lubnanda-yetim-ogrencilere-egitim-destegi-secilen-12-300x200.jpg 300w, https:\/\/tdv.org\/tr-TR\/wp-content\/uploads\/2025\/10\/turkiye-diyanet-vakfindan-lubnanda-yetim-ogrencilere-egitim-destegi-secilen-12-768x512.jpg 768w, https:\/\/tdv.org\/tr-TR\/wp-content\/uploads\/2025\/10\/turkiye-diyanet-vakfindan-lubnanda-yetim-ogrencilere-egitim-destegi-secilen-12-900x600.jpg 900w, https:\/\/tdv.org\/tr-TR\/wp-content\/uploads\/2025\/10\/turkiye-diyanet-vakfindan-lubnanda-yetim-ogrencilere-egitim-destegi-secilen-12.jpg 1152w\" sizes=\"(max-width: 1024px) 100vw, 1024px\" \/><\/a>\n\t\t\t<\/dt>\n\t\t\t\t<dd class='wp-caption-text gallery-caption' id='gallery-1-53461'>\n\t\t\t\tT\u00fcrkiye Diyanet Vakf\u0131ndan L\u00fcbnan\u2019da yetim \u00f6\u011frencilere e\u011fitim deste\u011fi , yetim,  yetim e\u011fitim deste\u011fi, yetim burs, yetim yard\u0131m\u0131\n\t\t\t\t<\/dd><\/dl><br style=\"clear: both\" \/><dl class='gallery-item'>\n\t\t\t<dt class='gallery-icon landscape'>\n\t\t\t\t<a href='https:\/\/tdv.org\/tr-TR\/wp-content\/uploads\/2025\/10\/turkiye-diyanet-vakfindan-lubnanda-yetim-ogrencilere-egitim-destegi-secilen-13.jpg'><img decoding=\"async\" width=\"1024\" height=\"683\" src=\"https:\/\/tdv.org\/tr-TR\/wp-content\/uploads\/2025\/10\/turkiye-diyanet-vakfindan-lubnanda-yetim-ogrencilere-egitim-destegi-secilen-13-1024x683.jpg\" class=\"attachment-large size-large\" alt=\"T\u00fcrkiye Diyanet Vakf\u0131ndan L\u00fcbnan\u2019da yetim \u00f6\u011frencilere e\u011fitim deste\u011fi , yetim, yetim e\u011fitim deste\u011fi, yetim burs, yetim yard\u0131m\u0131\" aria-describedby=\"gallery-1-53462\" srcset=\"https:\/\/tdv.org\/tr-TR\/wp-content\/uploads\/2025\/10\/turkiye-diyanet-vakfindan-lubnanda-yetim-ogrencilere-egitim-destegi-secilen-13-1024x683.jpg 1024w, https:\/\/tdv.org\/tr-TR\/wp-content\/uploads\/2025\/10\/turkiye-diyanet-vakfindan-lubnanda-yetim-ogrencilere-egitim-destegi-secilen-13-300x200.jpg 300w, https:\/\/tdv.org\/tr-TR\/wp-content\/uploads\/2025\/10\/turkiye-diyanet-vakfindan-lubnanda-yetim-ogrencilere-egitim-destegi-secilen-13-768x512.jpg 768w, https:\/\/tdv.org\/tr-TR\/wp-content\/uploads\/2025\/10\/turkiye-diyanet-vakfindan-lubnanda-yetim-ogrencilere-egitim-destegi-secilen-13-900x600.jpg 900w, https:\/\/tdv.org\/tr-TR\/wp-content\/uploads\/2025\/10\/turkiye-diyanet-vakfindan-lubnanda-yetim-ogrencilere-egitim-destegi-secilen-13.jpg 1152w\" sizes=\"(max-width: 1024px) 100vw, 1024px\" \/><\/a>\n\t\t\t<\/dt>\n\t\t\t\t<dd class='wp-caption-text gallery-caption' id='gallery-1-53462'>\n\t\t\t\tT\u00fcrkiye Diyanet Vakf\u0131ndan L\u00fcbnan\u2019da yetim \u00f6\u011frencilere e\u011fitim deste\u011fi , yetim,  yetim e\u011fitim deste\u011fi, yetim burs, yetim yard\u0131m\u0131\n\t\t\t\t<\/dd><\/dl>\n\t\t\t<br style='clear: both' \/>\n\t\t<\/div>\n\n[\/vc_column_text][\/vc_column][\/vc_row]\n","protected":false},"excerpt":{"rendered":"<p>[vc_row type=&#8221;in_container&#8221; full_screen_row_position=&#8221;middle&#8221; column_margin=&#8221;default&#8221; column_direction=&#8221;default&#8221; column_direction_tablet=&#8221;default&#8221; column_direction_phone=&#8221;default&#8221; scene_position=&#8221;center&#8221; text_color=&#8221;dark&#8221; text_align=&#8221;left&#8221; row_border_radius=&#8221;none&#8221; row_border_radius_applies=&#8221;bg&#8221; overflow=&#8221;visible&#8221; overlay_strength=&#8221;0.3&#8243; gradient_direction=&#8221;left_to_right&#8221; shape_divider_position=&#8221;bottom&#8221; bg_image_animation=&#8221;none&#8221;][vc_column column_padding=&#8221;no-extra-padding&#8221; column_padding_tablet=&#8221;inherit&#8221; column_padding_phone=&#8221;inherit&#8221; column_padding_position=&#8221;all&#8221; column_element_direction_desktop=&#8221;default&#8221; column_element_spacing=&#8221;default&#8221; desktop_text_alignment=&#8221;default&#8221; tablet_text_alignment=&#8221;default&#8221; phone_text_alignment=&#8221;default&#8221; background_color_opacity=&#8221;1&#8243; background_hover_color_opacity=&#8221;1&#8243; column_backdrop_filter=&#8221;none&#8221; column_shadow=&#8221;none&#8221;&#8230;<\/p>\n","protected":false},"author":8,"featured_media":53449,"comment_status":"closed","ping_status":"closed","sticky":false,"template":"","format":"standard","meta":{"footnotes":""},"categories":[1],"tags":[1203,445,2345,925,2389,2346,1276,114,2263,924,2395,2264,1238,926],"class_list":{"0":"post-53402","1":"post","2":"type-post","3":"status-publish","4":"format-standard","5":"has-post-thumbnail","7":"category-haberler","8":"tag-bir-yetim-bin-tebessum","9":"tag-lubnan","10":"tag-lubnan-acil-yardim-bekliyor","11":"tag-savas-magduru-yetim-cocuklar","12":"tag-tdv-genel-mudur-yardimcisi-fatih-kayacan","13":"tag-turkiye-diyanet-vakfi-genel-muduru-izani-turan","14":"tag-unutursan-yetim-kalir","15":"tag-yetim","16":"tag-yetim-bagisi","17":"tag-yetim-cocuklar","18":"tag-yetim-senligi","19":"tag-yetim-yardimi","20":"tag-yetimhane","21":"tag-yetimler"},"yoast_head":"<!-- This site is optimized with the Yoast SEO plugin v27.5 - https:\/\/yoast.com\/product\/yoast-seo-wordpress\/ -->\n<title>T\u00fcrkiye Diyanet Vakf\u0131ndan L\u00fcbnan\u2019da yetim \u00f6\u011frencilere e\u011fitim deste\u011fi<\/title>\n<meta name=\"description\" content=\"T\u00fcrkiye Diyanet Vakf\u0131 (TDV), Yetim Etkinlik ve Sosyal Destek Program\u0131 kapsam\u0131nda L\u00fcbnan\u2019da himaye etti\u011fi 3 bin 200 yetim \u00f6\u011frenciye okul malzemesi deste\u011finde bulundu.\u00a0\" \/>\n<meta name=\"robots\" content=\"index, follow, max-snippet:-1, max-image-preview:large, max-video-preview:-1\" \/>\n<link rel=\"canonical\" href=\"https:\/\/tdv.org\/tr-TR\/turkiye-diyanet-vakfindan-lubnanda-yetim-ogrencilere-egitim-destegi\/\" \/>\n<meta property=\"og:locale\" content=\"tr_TR\" \/>\n<meta property=\"og:type\" content=\"article\" \/>\n<meta property=\"og:title\" content=\"T\u00fcrkiye Diyanet Vakf\u0131ndan L\u00fcbnan\u2019da yetim \u00f6\u011frencilere e\u011fitim deste\u011fi\" \/>\n<meta property=\"og:description\" content=\"T\u00fcrkiye Diyanet Vakf\u0131 (TDV), Yetim Etkinlik ve Sosyal Destek Program\u0131 kapsam\u0131nda L\u00fcbnan\u2019da himaye etti\u011fi 3 bin 200 yetim \u00f6\u011frenciye okul malzemesi deste\u011finde bulundu.\u00a0\" \/>\n<meta property=\"og:url\" content=\"https:\/\/tdv.org\/tr-TR\/turkiye-diyanet-vakfindan-lubnanda-yetim-ogrencilere-egitim-destegi\/\" \/>\n<meta property=\"og:site_name\" content=\"T\u00fcrkiye Diyanet Vakf\u0131 Resmi Web Sitesi\" \/>\n<meta property=\"article:publisher\" content=\"https:\/\/www.facebook.com\/Diyanetvakfi\/\" \/>\n<meta property=\"article:published_time\" content=\"2025-10-13T06:45:40+00:00\" \/>\n<meta property=\"article:modified_time\" content=\"2025-10-13T07:09:04+00:00\" \/>\n<meta property=\"og:image\" content=\"https:\/\/tdv.org\/tr-TR\/wp-content\/uploads\/2025\/10\/turkiye-diyanet-vakfindan-lubnanda-yetim-ogrencilere-egitim-destegi.jpg\" \/>\n\t<meta property=\"og:image:width\" content=\"1152\" \/>\n\t<meta property=\"og:image:height\" content=\"768\" \/>\n\t<meta property=\"og:image:type\" content=\"image\/jpeg\" \/>\n<meta name=\"author\" content=\"Selim\" \/>\n<meta name=\"twitter:card\" content=\"summary_large_image\" \/>\n<meta name=\"twitter:creator\" content=\"@DiyanetVakfi\" \/>\n<meta name=\"twitter:site\" content=\"@DiyanetVakfi\" \/>\n<script type=\"application\/ld+json\" class=\"yoast-schema-graph\">{\"@context\":\"https:\\\/\\\/schema.org\",\"@graph\":[{\"@type\":\"Article\",\"@id\":\"https:\\\/\\\/tdv.org\\\/tr-TR\\\/turkiye-diyanet-vakfindan-lubnanda-yetim-ogrencilere-egitim-destegi\\\/#article\",\"isPartOf\":{\"@id\":\"https:\\\/\\\/tdv.org\\\/tr-TR\\\/turkiye-diyanet-vakfindan-lubnanda-yetim-ogrencilere-egitim-destegi\\\/\"},\"author\":{\"name\":\"Selim\",\"@id\":\"https:\\\/\\\/tdv.org\\\/tr-TR\\\/#\\\/schema\\\/person\\\/752b55e264a99273d55636516d96d5eb\"},\"headline\":\"T\u00fcrkiye Diyanet Vakf\u0131ndan L\u00fcbnan\u2019da yetim \u00f6\u011frencilere e\u011fitim deste\u011fi\",\"datePublished\":\"2025-10-13T06:45:40+00:00\",\"dateModified\":\"2025-10-13T07:09:04+00:00\",\"mainEntityOfPage\":{\"@id\":\"https:\\\/\\\/tdv.org\\\/tr-TR\\\/turkiye-diyanet-vakfindan-lubnanda-yetim-ogrencilere-egitim-destegi\\\/\"},\"wordCount\":479,\"publisher\":{\"@id\":\"https:\\\/\\\/tdv.org\\\/tr-TR\\\/#organization\"},\"image\":{\"@id\":\"https:\\\/\\\/tdv.org\\\/tr-TR\\\/turkiye-diyanet-vakfindan-lubnanda-yetim-ogrencilere-egitim-destegi\\\/#primaryimage\"},\"thumbnailUrl\":\"https:\\\/\\\/tdv.org\\\/tr-TR\\\/wp-content\\\/uploads\\\/2025\\\/10\\\/turkiye-diyanet-vakfindan-lubnanda-yetim-ogrencilere-egitim-destegi.jpg\",\"keywords\":[\"Bir Yetim Bin Tebess\u00fcm\",\"L\u00fcbnan\",\"L\u00fcbnan Acil Yard\u0131m Bekliyor\",\"sava\u015f ma\u011fduru yetim \u00e7ocuklar\",\"TDV Genel M\u00fcd\u00fcr Yard\u0131mc\u0131s\u0131 Fatih Kayacan\",\"T\u00fcrkiye Diyanet Vakf\u0131 Genel M\u00fcd\u00fcr\u00fc \u0130zani Turan\",\"unutursan yetim kal\u0131r\",\"Yetim\",\"Yetim Ba\u011f\u0131\u015f\u0131\",\"yetim \u00e7ocuklar\",\"Yetim \u015eenli\u011fi\",\"Yetim Yard\u0131m\u0131\",\"yetimhane\",\"yetimler\"],\"articleSection\":[\"Haberler\"],\"inLanguage\":\"tr\"},{\"@type\":\"WebPage\",\"@id\":\"https:\\\/\\\/tdv.org\\\/tr-TR\\\/turkiye-diyanet-vakfindan-lubnanda-yetim-ogrencilere-egitim-destegi\\\/\",\"url\":\"https:\\\/\\\/tdv.org\\\/tr-TR\\\/turkiye-diyanet-vakfindan-lubnanda-yetim-ogrencilere-egitim-destegi\\\/\",\"name\":\"T\u00fcrkiye Diyanet Vakf\u0131ndan L\u00fcbnan\u2019da yetim \u00f6\u011frencilere e\u011fitim deste\u011fi\",\"isPartOf\":{\"@id\":\"https:\\\/\\\/tdv.org\\\/tr-TR\\\/#website\"},\"primaryImageOfPage\":{\"@id\":\"https:\\\/\\\/tdv.org\\\/tr-TR\\\/turkiye-diyanet-vakfindan-lubnanda-yetim-ogrencilere-egitim-destegi\\\/#primaryimage\"},\"image\":{\"@id\":\"https:\\\/\\\/tdv.org\\\/tr-TR\\\/turkiye-diyanet-vakfindan-lubnanda-yetim-ogrencilere-egitim-destegi\\\/#primaryimage\"},\"thumbnailUrl\":\"https:\\\/\\\/tdv.org\\\/tr-TR\\\/wp-content\\\/uploads\\\/2025\\\/10\\\/turkiye-diyanet-vakfindan-lubnanda-yetim-ogrencilere-egitim-destegi.jpg\",\"datePublished\":\"2025-10-13T06:45:40+00:00\",\"dateModified\":\"2025-10-13T07:09:04+00:00\",\"description\":\"T\u00fcrkiye Diyanet Vakf\u0131 (TDV), Yetim Etkinlik ve Sosyal Destek Program\u0131 kapsam\u0131nda L\u00fcbnan\u2019da himaye etti\u011fi 3 bin 200 yetim \u00f6\u011frenciye okul malzemesi deste\u011finde bulundu.\u00a0\",\"breadcrumb\":{\"@id\":\"https:\\\/\\\/tdv.org\\\/tr-TR\\\/turkiye-diyanet-vakfindan-lubnanda-yetim-ogrencilere-egitim-destegi\\\/#breadcrumb\"},\"inLanguage\":\"tr\",\"potentialAction\":[{\"@type\":\"ReadAction\",\"target\":[\"https:\\\/\\\/tdv.org\\\/tr-TR\\\/turkiye-diyanet-vakfindan-lubnanda-yetim-ogrencilere-egitim-destegi\\\/\"]}]},{\"@type\":\"ImageObject\",\"inLanguage\":\"tr\",\"@id\":\"https:\\\/\\\/tdv.org\\\/tr-TR\\\/turkiye-diyanet-vakfindan-lubnanda-yetim-ogrencilere-egitim-destegi\\\/#primaryimage\",\"url\":\"https:\\\/\\\/tdv.org\\\/tr-TR\\\/wp-content\\\/uploads\\\/2025\\\/10\\\/turkiye-diyanet-vakfindan-lubnanda-yetim-ogrencilere-egitim-destegi.jpg\",\"contentUrl\":\"https:\\\/\\\/tdv.org\\\/tr-TR\\\/wp-content\\\/uploads\\\/2025\\\/10\\\/turkiye-diyanet-vakfindan-lubnanda-yetim-ogrencilere-egitim-destegi.jpg\",\"width\":1152,\"height\":768,\"caption\":\"T\u00fcrkiye Diyanet Vakf\u0131ndan L\u00fcbnan\u2019da yetim \u00f6\u011frencilere e\u011fitim deste\u011fi , yetim, yetim e\u011fitim deste\u011fi, yetim burs, yetim yard\u0131m\u0131\"},{\"@type\":\"BreadcrumbList\",\"@id\":\"https:\\\/\\\/tdv.org\\\/tr-TR\\\/turkiye-diyanet-vakfindan-lubnanda-yetim-ogrencilere-egitim-destegi\\\/#breadcrumb\",\"itemListElement\":[{\"@type\":\"ListItem\",\"position\":1,\"name\":\"Anasayfa\",\"item\":\"https:\\\/\\\/tdv.org\\\/tr-TR\\\/\"},{\"@type\":\"ListItem\",\"position\":2,\"name\":\"T\u00fcrkiye Diyanet Vakf\u0131ndan L\u00fcbnan\u2019da yetim \u00f6\u011frencilere e\u011fitim deste\u011fi\"}]},{\"@type\":\"WebSite\",\"@id\":\"https:\\\/\\\/tdv.org\\\/tr-TR\\\/#website\",\"url\":\"https:\\\/\\\/tdv.org\\\/tr-TR\\\/\",\"name\":\"T\u00fcrkiye Diyanet Vakf\u0131 Resmi Web Sitesi\",\"description\":\"Yery\u00fcz\u00fcnde iyilik egemen oluncaya kadar\",\"publisher\":{\"@id\":\"https:\\\/\\\/tdv.org\\\/tr-TR\\\/#organization\"},\"alternateName\":\"T\u00fcrkiye Diyanet Vakf\u0131\",\"potentialAction\":[{\"@type\":\"SearchAction\",\"target\":{\"@type\":\"EntryPoint\",\"urlTemplate\":\"https:\\\/\\\/tdv.org\\\/tr-TR\\\/?s={search_term_string}\"},\"query-input\":{\"@type\":\"PropertyValueSpecification\",\"valueRequired\":true,\"valueName\":\"search_term_string\"}}],\"inLanguage\":\"tr\"},{\"@type\":\"Organization\",\"@id\":\"https:\\\/\\\/tdv.org\\\/tr-TR\\\/#organization\",\"name\":\"T\u00fcrkiye Diyanet Vakf\u0131\",\"alternateName\":\"T\u00fcrkiye Diyanet Vakf\u0131\",\"url\":\"https:\\\/\\\/tdv.org\\\/tr-TR\\\/\",\"logo\":{\"@type\":\"ImageObject\",\"inLanguage\":\"tr\",\"@id\":\"https:\\\/\\\/tdv.org\\\/tr-TR\\\/#\\\/schema\\\/logo\\\/image\\\/\",\"url\":\"https:\\\/\\\/tdv.org\\\/tr-TR\\\/wp-content\\\/uploads\\\/2018\\\/12\\\/TDV_Logo_1.png\",\"contentUrl\":\"https:\\\/\\\/tdv.org\\\/tr-TR\\\/wp-content\\\/uploads\\\/2018\\\/12\\\/TDV_Logo_1.png\",\"width\":207,\"height\":71,\"caption\":\"T\u00fcrkiye Diyanet Vakf\u0131\"},\"image\":{\"@id\":\"https:\\\/\\\/tdv.org\\\/tr-TR\\\/#\\\/schema\\\/logo\\\/image\\\/\"},\"sameAs\":[\"https:\\\/\\\/www.facebook.com\\\/Diyanetvakfi\\\/\",\"https:\\\/\\\/x.com\\\/DiyanetVakfi\",\"https:\\\/\\\/www.instagram.com\\\/turkiyediyanetvakfi\\\/\",\"https:\\\/\\\/www.youtube.com\\\/user\\\/TurkiyeDiyanetVakfi\"]},{\"@type\":\"Person\",\"@id\":\"https:\\\/\\\/tdv.org\\\/tr-TR\\\/#\\\/schema\\\/person\\\/752b55e264a99273d55636516d96d5eb\",\"name\":\"Selim\",\"image\":{\"@type\":\"ImageObject\",\"inLanguage\":\"tr\",\"@id\":\"https:\\\/\\\/tdv.org\\\/tr-TR\\\/wp-content\\\/litespeed\\\/avatar\\\/a1e47b25396e98e5b781e88a5396cd96.jpg?ver=1777287391\",\"url\":\"https:\\\/\\\/tdv.org\\\/tr-TR\\\/wp-content\\\/litespeed\\\/avatar\\\/a1e47b25396e98e5b781e88a5396cd96.jpg?ver=1777287391\",\"contentUrl\":\"https:\\\/\\\/tdv.org\\\/tr-TR\\\/wp-content\\\/litespeed\\\/avatar\\\/a1e47b25396e98e5b781e88a5396cd96.jpg?ver=1777287391\",\"caption\":\"Selim\"}}]}<\/script>\n<!-- \/ Yoast SEO plugin. -->","yoast_head_json":{"title":"T\u00fcrkiye Diyanet Vakf\u0131ndan L\u00fcbnan\u2019da yetim \u00f6\u011frencilere e\u011fitim deste\u011fi","description":"T\u00fcrkiye Diyanet Vakf\u0131 (TDV), Yetim Etkinlik ve Sosyal Destek Program\u0131 kapsam\u0131nda L\u00fcbnan\u2019da himaye etti\u011fi 3 bin 200 yetim \u00f6\u011frenciye okul malzemesi deste\u011finde bulundu.\u00a0","robots":{"index":"index","follow":"follow","max-snippet":"max-snippet:-1","max-image-preview":"max-image-preview:large","max-video-preview":"max-video-preview:-1"},"canonical":"https:\/\/tdv.org\/tr-TR\/turkiye-diyanet-vakfindan-lubnanda-yetim-ogrencilere-egitim-destegi\/","og_locale":"tr_TR","og_type":"article","og_title":"T\u00fcrkiye Diyanet Vakf\u0131ndan L\u00fcbnan\u2019da yetim \u00f6\u011frencilere e\u011fitim deste\u011fi","og_description":"T\u00fcrkiye Diyanet Vakf\u0131 (TDV), Yetim Etkinlik ve Sosyal Destek Program\u0131 kapsam\u0131nda L\u00fcbnan\u2019da himaye etti\u011fi 3 bin 200 yetim \u00f6\u011frenciye okul malzemesi deste\u011finde bulundu.\u00a0","og_url":"https:\/\/tdv.org\/tr-TR\/turkiye-diyanet-vakfindan-lubnanda-yetim-ogrencilere-egitim-destegi\/","og_site_name":"T\u00fcrkiye Diyanet Vakf\u0131 Resmi Web Sitesi","article_publisher":"https:\/\/www.facebook.com\/Diyanetvakfi\/","article_published_time":"2025-10-13T06:45:40+00:00","article_modified_time":"2025-10-13T07:09:04+00:00","og_image":[{"width":1152,"height":768,"url":"https:\/\/tdv.org\/tr-TR\/wp-content\/uploads\/2025\/10\/turkiye-diyanet-vakfindan-lubnanda-yetim-ogrencilere-egitim-destegi.jpg","type":"image\/jpeg"}],"author":"Selim","twitter_card":"summary_large_image","twitter_creator":"@DiyanetVakfi","twitter_site":"@DiyanetVakfi","schema":{"@context":"https:\/\/schema.org","@graph":[{"@type":"Article","@id":"https:\/\/tdv.org\/tr-TR\/turkiye-diyanet-vakfindan-lubnanda-yetim-ogrencilere-egitim-destegi\/#article","isPartOf":{"@id":"https:\/\/tdv.org\/tr-TR\/turkiye-diyanet-vakfindan-lubnanda-yetim-ogrencilere-egitim-destegi\/"},"author":{"name":"Selim","@id":"https:\/\/tdv.org\/tr-TR\/#\/schema\/person\/752b55e264a99273d55636516d96d5eb"},"headline":"T\u00fcrkiye Diyanet Vakf\u0131ndan L\u00fcbnan\u2019da yetim \u00f6\u011frencilere e\u011fitim deste\u011fi","datePublished":"2025-10-13T06:45:40+00:00","dateModified":"2025-10-13T07:09:04+00:00","mainEntityOfPage":{"@id":"https:\/\/tdv.org\/tr-TR\/turkiye-diyanet-vakfindan-lubnanda-yetim-ogrencilere-egitim-destegi\/"},"wordCount":479,"publisher":{"@id":"https:\/\/tdv.org\/tr-TR\/#organization"},"image":{"@id":"https:\/\/tdv.org\/tr-TR\/turkiye-diyanet-vakfindan-lubnanda-yetim-ogrencilere-egitim-destegi\/#primaryimage"},"thumbnailUrl":"https:\/\/tdv.org\/tr-TR\/wp-content\/uploads\/2025\/10\/turkiye-diyanet-vakfindan-lubnanda-yetim-ogrencilere-egitim-destegi.jpg","keywords":["Bir Yetim Bin Tebess\u00fcm","L\u00fcbnan","L\u00fcbnan Acil Yard\u0131m Bekliyor","sava\u015f ma\u011fduru yetim \u00e7ocuklar","TDV Genel M\u00fcd\u00fcr Yard\u0131mc\u0131s\u0131 Fatih Kayacan","T\u00fcrkiye Diyanet Vakf\u0131 Genel M\u00fcd\u00fcr\u00fc \u0130zani Turan","unutursan yetim kal\u0131r","Yetim","Yetim Ba\u011f\u0131\u015f\u0131","yetim \u00e7ocuklar","Yetim \u015eenli\u011fi","Yetim Yard\u0131m\u0131","yetimhane","yetimler"],"articleSection":["Haberler"],"inLanguage":"tr"},{"@type":"WebPage","@id":"https:\/\/tdv.org\/tr-TR\/turkiye-diyanet-vakfindan-lubnanda-yetim-ogrencilere-egitim-destegi\/","url":"https:\/\/tdv.org\/tr-TR\/turkiye-diyanet-vakfindan-lubnanda-yetim-ogrencilere-egitim-destegi\/","name":"T\u00fcrkiye Diyanet Vakf\u0131ndan L\u00fcbnan\u2019da yetim \u00f6\u011frencilere e\u011fitim deste\u011fi","isPartOf":{"@id":"https:\/\/tdv.org\/tr-TR\/#website"},"primaryImageOfPage":{"@id":"https:\/\/tdv.org\/tr-TR\/turkiye-diyanet-vakfindan-lubnanda-yetim-ogrencilere-egitim-destegi\/#primaryimage"},"image":{"@id":"https:\/\/tdv.org\/tr-TR\/turkiye-diyanet-vakfindan-lubnanda-yetim-ogrencilere-egitim-destegi\/#primaryimage"},"thumbnailUrl":"https:\/\/tdv.org\/tr-TR\/wp-content\/uploads\/2025\/10\/turkiye-diyanet-vakfindan-lubnanda-yetim-ogrencilere-egitim-destegi.jpg","datePublished":"2025-10-13T06:45:40+00:00","dateModified":"2025-10-13T07:09:04+00:00","description":"T\u00fcrkiye Diyanet Vakf\u0131 (TDV), Yetim Etkinlik ve Sosyal Destek Program\u0131 kapsam\u0131nda L\u00fcbnan\u2019da himaye etti\u011fi 3 bin 200 yetim \u00f6\u011frenciye okul malzemesi deste\u011finde bulundu.\u00a0","breadcrumb":{"@id":"https:\/\/tdv.org\/tr-TR\/turkiye-diyanet-vakfindan-lubnanda-yetim-ogrencilere-egitim-destegi\/#breadcrumb"},"inLanguage":"tr","potentialAction":[{"@type":"ReadAction","target":["https:\/\/tdv.org\/tr-TR\/turkiye-diyanet-vakfindan-lubnanda-yetim-ogrencilere-egitim-destegi\/"]}]},{"@type":"ImageObject","inLanguage":"tr","@id":"https:\/\/tdv.org\/tr-TR\/turkiye-diyanet-vakfindan-lubnanda-yetim-ogrencilere-egitim-destegi\/#primaryimage","url":"https:\/\/tdv.org\/tr-TR\/wp-content\/uploads\/2025\/10\/turkiye-diyanet-vakfindan-lubnanda-yetim-ogrencilere-egitim-destegi.jpg","contentUrl":"https:\/\/tdv.org\/tr-TR\/wp-content\/uploads\/2025\/10\/turkiye-diyanet-vakfindan-lubnanda-yetim-ogrencilere-egitim-destegi.jpg","width":1152,"height":768,"caption":"T\u00fcrkiye Diyanet Vakf\u0131ndan L\u00fcbnan\u2019da yetim \u00f6\u011frencilere e\u011fitim deste\u011fi , yetim, yetim e\u011fitim deste\u011fi, yetim burs, yetim yard\u0131m\u0131"},{"@type":"BreadcrumbList","@id":"https:\/\/tdv.org\/tr-TR\/turkiye-diyanet-vakfindan-lubnanda-yetim-ogrencilere-egitim-destegi\/#breadcrumb","itemListElement":[{"@type":"ListItem","position":1,"name":"Anasayfa","item":"https:\/\/tdv.org\/tr-TR\/"},{"@type":"ListItem","position":2,"name":"T\u00fcrkiye Diyanet Vakf\u0131ndan L\u00fcbnan\u2019da yetim \u00f6\u011frencilere e\u011fitim deste\u011fi"}]},{"@type":"WebSite","@id":"https:\/\/tdv.org\/tr-TR\/#website","url":"https:\/\/tdv.org\/tr-TR\/","name":"T\u00fcrkiye Diyanet Vakf\u0131 Resmi Web Sitesi","description":"Yery\u00fcz\u00fcnde iyilik egemen oluncaya kadar","publisher":{"@id":"https:\/\/tdv.org\/tr-TR\/#organization"},"alternateName":"T\u00fcrkiye Diyanet Vakf\u0131","potentialAction":[{"@type":"SearchAction","target":{"@type":"EntryPoint","urlTemplate":"https:\/\/tdv.org\/tr-TR\/?s={search_term_string}"},"query-input":{"@type":"PropertyValueSpecification","valueRequired":true,"valueName":"search_term_string"}}],"inLanguage":"tr"},{"@type":"Organization","@id":"https:\/\/tdv.org\/tr-TR\/#organization","name":"T\u00fcrkiye Diyanet Vakf\u0131","alternateName":"T\u00fcrkiye Diyanet Vakf\u0131","url":"https:\/\/tdv.org\/tr-TR\/","logo":{"@type":"ImageObject","inLanguage":"tr","@id":"https:\/\/tdv.org\/tr-TR\/#\/schema\/logo\/image\/","url":"https:\/\/tdv.org\/tr-TR\/wp-content\/uploads\/2018\/12\/TDV_Logo_1.png","contentUrl":"https:\/\/tdv.org\/tr-TR\/wp-content\/uploads\/2018\/12\/TDV_Logo_1.png","width":207,"height":71,"caption":"T\u00fcrkiye Diyanet Vakf\u0131"},"image":{"@id":"https:\/\/tdv.org\/tr-TR\/#\/schema\/logo\/image\/"},"sameAs":["https:\/\/www.facebook.com\/Diyanetvakfi\/","https:\/\/x.com\/DiyanetVakfi","https:\/\/www.instagram.com\/turkiyediyanetvakfi\/","https:\/\/www.youtube.com\/user\/TurkiyeDiyanetVakfi"]},{"@type":"Person","@id":"https:\/\/tdv.org\/tr-TR\/#\/schema\/person\/752b55e264a99273d55636516d96d5eb","name":"Selim","image":{"@type":"ImageObject","inLanguage":"tr","@id":"https:\/\/tdv.org\/tr-TR\/wp-content\/litespeed\/avatar\/a1e47b25396e98e5b781e88a5396cd96.jpg?ver=1777287391","url":"https:\/\/tdv.org\/tr-TR\/wp-content\/litespeed\/avatar\/a1e47b25396e98e5b781e88a5396cd96.jpg?ver=1777287391","contentUrl":"https:\/\/tdv.org\/tr-TR\/wp-content\/litespeed\/avatar\/a1e47b25396e98e5b781e88a5396cd96.jpg?ver=1777287391","caption":"Selim"}}]}},"_links":{"self":[{"href":"https:\/\/tdv.org\/tr-TR\/wp-json\/wp\/v2\/posts\/53402","targetHints":{"allow":["GET"]}}],"collection":[{"href":"https:\/\/tdv.org\/tr-TR\/wp-json\/wp\/v2\/posts"}],"about":[{"href":"https:\/\/tdv.org\/tr-TR\/wp-json\/wp\/v2\/types\/post"}],"author":[{"embeddable":true,"href":"https:\/\/tdv.org\/tr-TR\/wp-json\/wp\/v2\/users\/8"}],"replies":[{"embeddable":true,"href":"https:\/\/tdv.org\/tr-TR\/wp-json\/wp\/v2\/comments?post=53402"}],"version-history":[{"count":7,"href":"https:\/\/tdv.org\/tr-TR\/wp-json\/wp\/v2\/posts\/53402\/revisions"}],"predecessor-version":[{"id":53463,"href":"https:\/\/tdv.org\/tr-TR\/wp-json\/wp\/v2\/posts\/53402\/revisions\/53463"}],"wp:featuredmedia":[{"embeddable":true,"href":"https:\/\/tdv.org\/tr-TR\/wp-json\/wp\/v2\/media\/53449"}],"wp:attachment":[{"href":"https:\/\/tdv.org\/tr-TR\/wp-json\/wp\/v2\/media?parent=53402"}],"wp:term":[{"taxonomy":"category","embeddable":true,"href":"https:\/\/tdv.org\/tr-TR\/wp-json\/wp\/v2\/categories?post=53402"},{"taxonomy":"post_tag","embeddable":true,"href":"https:\/\/tdv.org\/tr-TR\/wp-json\/wp\/v2\/tags?post=53402"}],"curies":[{"name":"wp","href":"https:\/\/api.w.org\/{rel}","templated":true}]}}