{"id":53532,"date":"2025-10-23T14:08:43","date_gmt":"2025-10-23T11:08:43","guid":{"rendered":"https:\/\/tdv.org\/tr-TR\/?p=53532"},"modified":"2025-10-23T14:08:43","modified_gmt":"2025-10-23T11:08:43","slug":"turkiye-diyanet-vakfi-gazzede-8-milyon-718-bin-kisilik-insani-yardim-dagitti","status":"publish","type":"post","link":"https:\/\/tdv.org\/tr-TR\/turkiye-diyanet-vakfi-gazzede-8-milyon-718-bin-kisilik-insani-yardim-dagitti\/","title":{"rendered":"T\u00fcrkiye Diyanet Vakf\u0131, Gazze\u2019de 8 milyon 718 bin ki\u015filik insani yard\u0131m da\u011f\u0131tt\u0131"},"content":{"rendered":"<p style=\"text-align: justify;\"><a href=\"https:\/\/bagis.tdv.org\/kriz-bolgeleri\/filistin-6\" target=\"_blank\" rel=\"noopener\">Filistinlilere<\/a> bug\u00fcne kadar 38 milyon dolardan fazla <a href=\"https:\/\/bagis.tdv.org\/kriz-bolgeleri\/yolun-iyilik-olsun-23\" target=\"_blank\" rel=\"noopener\">insani yard\u0131m<\/a> sa\u011flayan TDV, <a href=\"https:\/\/bagis.tdv.org\/kriz-bolgeleri\/filistin-6\" target=\"_blank\" rel=\"noopener\">Gazze&#8217;de<\/a> g\u00fcnde 15 bin ki\u015filik s\u0131cak yemek da\u011f\u0131t\u0131m\u0131n\u0131 s\u00fcrd\u00fcr\u00fcyor.<\/p>\n<p style=\"text-align: justify;\"><a href=\"https:\/\/tdv.org\/tr-TR\/\" target=\"_blank\" rel=\"noopener\">T\u00fcrkiye Diyanet Vakf\u0131 (TDV),<\/a> Ekim 2023&#8217;ten bu yana <a href=\"https:\/\/bagis.tdv.org\/kriz-bolgeleri\/filistin-6\" target=\"_blank\" rel=\"noopener\">Gazze<\/a><a href=\"https:\/\/bagis.tdv.org\/kriz-bolgeleri\/filistin-6\" target=\"_blank\" rel=\"noopener\">&#8216;de<\/a> 8 milyon 718 bin 424 ki\u015filik <a href=\"https:\/\/bagis.tdv.org\/kriz-bolgeleri\/yolun-iyilik-olsun-23\" target=\"_blank\" rel=\"noopener\">insani yard\u0131m<\/a> da\u011f\u0131tt\u0131.<\/p>\n<p style=\"text-align: justify;\">T\u00fcrkiye Diyanet Vakf\u0131, Ekim 2023&#8217;ten beri b\u00f6lgede \u0130srail sald\u0131r\u0131lar\u0131yla \u00e7\u0131kan insani krizi hafifletmek i\u00e7in g\u0131da, giysi, bar\u0131nma ve <a href=\"https:\/\/bagis.tdv.org\/saglik\/saglik-59\" target=\"_blank\" rel=\"noopener\">sa\u011fl\u0131k<\/a> malzemelerinin yan\u0131 s\u0131ra hijyen setleri, ila\u00e7, t\u0131bbi ekipman ve bebek \u00fcr\u00fcnlerini d\u00fczenli olarak <a href=\"https:\/\/bagis.tdv.org\/kriz-bolgeleri\/filistin-6\" target=\"_blank\" rel=\"noopener\">Gazze<\/a>&#8216;ye g\u00f6nderiyor.<\/p>\n<p style=\"text-align: justify;\"><a href=\"https:\/\/bagis.tdv.org\/kriz-bolgeleri\/filistin-6\" target=\"_blank\" rel=\"noopener\">Gazze<\/a>&#8216;de var\u0131lan ate\u015fkesin ard\u0131ndan yard\u0131m faaliyetlerine h\u0131z veren TDV, AFAD ve T\u00fcrk K\u0131z\u0131lay koordinesinde g\u00f6nderilen yard\u0131mlar\u0131 <a href=\"https:\/\/bagis.tdv.org\/kriz-bolgeleri\/filistin-6\" target=\"_blank\" rel=\"noopener\">Gazze<\/a>&#8216;deki payda\u015f kurulu\u015flar arac\u0131l\u0131\u011f\u0131yla ihtiya\u00e7 sahiplerine ula\u015ft\u0131r\u0131yor.<\/p>\n<p style=\"text-align: justify;\"><a href=\"https:\/\/bagis.tdv.org\/kriz-bolgeleri\/filistin-6\" target=\"_blank\" rel=\"noopener\">Gazze<\/a>&#8216;de g\u00fcnde 15 bin ki\u015filik s\u0131cak yemek da\u011f\u0131t\u0131l\u0131yor<\/p>\n<p style=\"text-align: justify;\">Bu kapsamda \u015fimdiye kadar <a href=\"https:\/\/bagis.tdv.org\/kriz-bolgeleri\/filistin-6\" target=\"_blank\" rel=\"noopener\">Gazze<\/a>&#8216;de 2 milyon 100 bin 834 ki\u015filik s\u0131cak yemek da\u011f\u0131t\u0131m\u0131 ger\u00e7ekle\u015ftiren vak\u0131f, g\u00fcnde 15 bin ki\u015filik s\u0131cak yemek da\u011f\u0131t\u0131m\u0131n\u0131 ise s\u00fcrd\u00fcr\u00fcyor.<br \/>\nG\u00fcnde 2 bin paket ekmek, ayl\u0131k 600 tanker su da\u011f\u0131t\u0131m\u0131n\u0131n yan\u0131 s\u0131ra \u015fimdiye kadar 952 ton un da\u011f\u0131t\u0131m\u0131 yap\u0131ld\u0131.<\/p>\n<p style=\"text-align: justify;\"><a href=\"https:\/\/bagis.tdv.org\/kriz-bolgeleri\/filistin-6\" target=\"_blank\" rel=\"noopener\">Gazze<\/a>&#8216;deki hastanelere 50 bin litre yak\u0131t ve 5 t\u0131r ila\u00e7 deste\u011fi sa\u011flayan TDV, iki y\u0131l\u0131 a\u015fk\u0131n s\u00fcrede 16 bin yatak, battaniye ve yast\u0131k, 5 bin 600 k\u0131\u015fl\u0131k elbise, 21 bin 550 temizlik kolisi, 100 paket bebek bezi, 3 bin bebek mamas\u0131, 1000 afet \u00e7antas\u0131, 200 koltuk de\u011fne\u011fi ve 1000 tekerlekli sandalyeyi sava\u015f ma\u011fdurlar\u0131na teslim etti.<\/p>\n<p style=\"text-align: justify;\">Vak\u0131f ayr\u0131ca, <a href=\"https:\/\/bagis.tdv.org\/kriz-bolgeleri\/filistin-6\" target=\"_blank\" rel=\"noopener\">Gazze<\/a>&#8216;deki 36 bin 669 aileye 100 ve 200 dolar tutar\u0131nda nakdi yard\u0131m ger\u00e7ekle\u015ftirdi.<\/p>\n<p style=\"text-align: justify;\">\u0130htiya\u00e7 sahipleri i\u00e7in 1440 \u00e7ad\u0131r kuran TDV, altyap\u0131n\u0131n b\u00fcy\u00fck oranda tahrip edildi\u011fi <a href=\"https:\/\/bagis.tdv.org\/kriz-bolgeleri\/filistin-6\" target=\"_blank\" rel=\"noopener\">Gazze<\/a>&#8216;de su kuyusu in\u015faat\u0131 ve restorasyon \u00e7al\u0131\u015fmalar\u0131na da devam ediyor.<\/p>\n<p style=\"text-align: justify;\"><a href=\"https:\/\/bagis.tdv.org\/kriz-bolgeleri\/filistin-6\" target=\"_blank\" rel=\"noopener\">Filistinlilere<\/a> 38 milyon dolardan fazla <a href=\"https:\/\/bagis.tdv.org\/kriz-bolgeleri\/yolun-iyilik-olsun-23\" target=\"_blank\" rel=\"noopener\">insani yard\u0131m<\/a> ula\u015ft\u0131r\u0131ld\u0131<br \/>\nT\u00fcrkiye Diyanet Vakf\u0131, Ekim 2023&#8217;ten bu yana acil <a href=\"https:\/\/bagis.tdv.org\/kriz-bolgeleri\/yolun-iyilik-olsun-23\" target=\"_blank\" rel=\"noopener\">insani yard\u0131m<\/a> \u00e7al\u0131\u015fmalar\u0131 kapsam\u0131nda <a href=\"https:\/\/bagis.tdv.org\/kriz-bolgeleri\/filistin-6\" target=\"_blank\" rel=\"noopener\">Gazze<\/a>&#8216;ye 1100 t\u0131rla <a href=\"https:\/\/bagis.tdv.org\/kriz-bolgeleri\/yolun-iyilik-olsun-23\" target=\"_blank\" rel=\"noopener\">insani yard\u0131m<\/a> sevk etti.<\/p>\n<p style=\"text-align: justify;\">Vak\u0131f, Ramazan ve Kurban bayramlar\u0131 d\u00f6nemlerinde yap\u0131lan desteklerle birlikte bug\u00fcne kadar <a href=\"https:\/\/bagis.tdv.org\/kriz-bolgeleri\/filistin-6\" target=\"_blank\" rel=\"noopener\">Gazze<\/a>&#8216;de toplam 8 milyon 718 bin 424 ki\u015filik <a href=\"https:\/\/bagis.tdv.org\/kriz-bolgeleri\/yolun-iyilik-olsun-23\" target=\"_blank\" rel=\"noopener\">insani yard\u0131m<\/a>da bulundu.<br \/>\nB\u00f6ylece \u015fimdiye kadar <a href=\"https:\/\/bagis.tdv.org\/kriz-bolgeleri\/filistin-6\" target=\"_blank\" rel=\"noopener\">Filistinlilere<\/a> 38 milyon dolardan fazla <a href=\"https:\/\/bagis.tdv.org\/kriz-bolgeleri\/yolun-iyilik-olsun-23\" target=\"_blank\" rel=\"noopener\">insani yard\u0131m<\/a> ula\u015ft\u0131r\u0131ld\u0131.<\/p>\n<p style=\"text-align: justify;\">Ate\u015fkesin ard\u0131ndan da <a href=\"https:\/\/bagis.tdv.org\/kriz-bolgeleri\/filistin-6\" target=\"_blank\" rel=\"noopener\">Gazze<\/a>&#8216;ye <a href=\"https:\/\/bagis.tdv.org\/kriz-bolgeleri\/yolun-iyilik-olsun-23\" target=\"_blank\" rel=\"noopener\">insani yard\u0131m<\/a> malzemelerinin sevkiyat\u0131 ve da\u011f\u0131t\u0131m\u0131 devam ediyor.<\/p>\n\n\t\t<style type=\"text\/css\">\n\t\t\t#gallery-1 {\n\t\t\t\tmargin: auto;\n\t\t\t}\n\t\t\t#gallery-1 .gallery-item {\n\t\t\t\tfloat: left;\n\t\t\t\tmargin-top: 10px;\n\t\t\t\ttext-align: center;\n\t\t\t\twidth: 33%;\n\t\t\t}\n\t\t\t#gallery-1 img {\n\t\t\t\tborder: 2px solid #cfcfcf;\n\t\t\t}\n\t\t\t#gallery-1 .gallery-caption {\n\t\t\t\tmargin-left: 0;\n\t\t\t}\n\t\t\t\/* see gallery_shortcode() in wp-includes\/media.php *\/\n\t\t<\/style>\n\t\t<div id='gallery-1' class='gallery galleryid-53532 gallery-columns-3 gallery-size-large'><dl class='gallery-item'>\n\t\t\t<dt class='gallery-icon landscape'>\n\t\t\t\t<a href='https:\/\/tdv.org\/tr-TR\/wp-content\/uploads\/2025\/10\/turkiye-diyanet-vakfi-gazze-de-8-7-milyon-kisiye-insani-yardim-ulastirdi-1.jpg'><img decoding=\"async\" width=\"1024\" height=\"683\" src=\"https:\/\/tdv.org\/tr-TR\/wp-content\/uploads\/2025\/10\/turkiye-diyanet-vakfi-gazze-de-8-7-milyon-kisiye-insani-yardim-ulastirdi-1-1024x683.jpg\" class=\"attachment-large size-large\" alt=\"T\u00fcrkiye Diyanet Vakf\u0131, Gazze&#039;de 8,7 milyon ki\u015fiye insani yard\u0131m ula\u015ft\u0131rd\u0131, Filistin , insani yard\u0131m\" aria-describedby=\"gallery-1-53533\" srcset=\"https:\/\/tdv.org\/tr-TR\/wp-content\/uploads\/2025\/10\/turkiye-diyanet-vakfi-gazze-de-8-7-milyon-kisiye-insani-yardim-ulastirdi-1-1024x683.jpg 1024w, https:\/\/tdv.org\/tr-TR\/wp-content\/uploads\/2025\/10\/turkiye-diyanet-vakfi-gazze-de-8-7-milyon-kisiye-insani-yardim-ulastirdi-1-300x200.jpg 300w, https:\/\/tdv.org\/tr-TR\/wp-content\/uploads\/2025\/10\/turkiye-diyanet-vakfi-gazze-de-8-7-milyon-kisiye-insani-yardim-ulastirdi-1-768x512.jpg 768w, https:\/\/tdv.org\/tr-TR\/wp-content\/uploads\/2025\/10\/turkiye-diyanet-vakfi-gazze-de-8-7-milyon-kisiye-insani-yardim-ulastirdi-1-900x600.jpg 900w, https:\/\/tdv.org\/tr-TR\/wp-content\/uploads\/2025\/10\/turkiye-diyanet-vakfi-gazze-de-8-7-milyon-kisiye-insani-yardim-ulastirdi-1.jpg 1152w\" sizes=\"(max-width: 1024px) 100vw, 1024px\" \/><\/a>\n\t\t\t<\/dt>\n\t\t\t\t<dd class='wp-caption-text gallery-caption' id='gallery-1-53533'>\n\t\t\t\tT\u00fcrkiye Diyanet Vakf\u0131, Gazze&#8217;de 8,7 milyon ki\u015fiye insani yard\u0131m ula\u015ft\u0131rd\u0131\n\t\t\t\t<\/dd><\/dl><dl class='gallery-item'>\n\t\t\t<dt class='gallery-icon landscape'>\n\t\t\t\t<a href='https:\/\/tdv.org\/tr-TR\/wp-content\/uploads\/2025\/10\/turkiye-diyanet-vakfi-gazze-de-8-7-milyon-kisiye-insani-yardim-ulastirdi-2.jpg'><img decoding=\"async\" width=\"1024\" height=\"683\" src=\"https:\/\/tdv.org\/tr-TR\/wp-content\/uploads\/2025\/10\/turkiye-diyanet-vakfi-gazze-de-8-7-milyon-kisiye-insani-yardim-ulastirdi-2-1024x683.jpg\" class=\"attachment-large size-large\" alt=\"T\u00fcrkiye Diyanet Vakf\u0131, Gazze&#039;de 8,7 milyon ki\u015fiye insani yard\u0131m ula\u015ft\u0131rd\u0131, Filistin , insani yard\u0131m\" aria-describedby=\"gallery-1-53534\" srcset=\"https:\/\/tdv.org\/tr-TR\/wp-content\/uploads\/2025\/10\/turkiye-diyanet-vakfi-gazze-de-8-7-milyon-kisiye-insani-yardim-ulastirdi-2-1024x683.jpg 1024w, https:\/\/tdv.org\/tr-TR\/wp-content\/uploads\/2025\/10\/turkiye-diyanet-vakfi-gazze-de-8-7-milyon-kisiye-insani-yardim-ulastirdi-2-300x200.jpg 300w, https:\/\/tdv.org\/tr-TR\/wp-content\/uploads\/2025\/10\/turkiye-diyanet-vakfi-gazze-de-8-7-milyon-kisiye-insani-yardim-ulastirdi-2-768x512.jpg 768w, https:\/\/tdv.org\/tr-TR\/wp-content\/uploads\/2025\/10\/turkiye-diyanet-vakfi-gazze-de-8-7-milyon-kisiye-insani-yardim-ulastirdi-2-900x600.jpg 900w, https:\/\/tdv.org\/tr-TR\/wp-content\/uploads\/2025\/10\/turkiye-diyanet-vakfi-gazze-de-8-7-milyon-kisiye-insani-yardim-ulastirdi-2.jpg 1152w\" sizes=\"(max-width: 1024px) 100vw, 1024px\" \/><\/a>\n\t\t\t<\/dt>\n\t\t\t\t<dd class='wp-caption-text gallery-caption' id='gallery-1-53534'>\n\t\t\t\tT\u00fcrkiye Diyanet Vakf\u0131, Gazze&#8217;de 8,7 milyon ki\u015fiye insani yard\u0131m ula\u015ft\u0131rd\u0131\n\t\t\t\t<\/dd><\/dl><dl class='gallery-item'>\n\t\t\t<dt class='gallery-icon landscape'>\n\t\t\t\t<a href='https:\/\/tdv.org\/tr-TR\/wp-content\/uploads\/2025\/10\/turkiye-diyanet-vakfi-gazze-de-8-7-milyon-kisiye-insani-yardim-ulastirdi-3.jpg'><img decoding=\"async\" width=\"1024\" height=\"683\" src=\"https:\/\/tdv.org\/tr-TR\/wp-content\/uploads\/2025\/10\/turkiye-diyanet-vakfi-gazze-de-8-7-milyon-kisiye-insani-yardim-ulastirdi-3-1024x683.jpg\" class=\"attachment-large size-large\" alt=\"\" aria-describedby=\"gallery-1-53535\" srcset=\"https:\/\/tdv.org\/tr-TR\/wp-content\/uploads\/2025\/10\/turkiye-diyanet-vakfi-gazze-de-8-7-milyon-kisiye-insani-yardim-ulastirdi-3-1024x683.jpg 1024w, https:\/\/tdv.org\/tr-TR\/wp-content\/uploads\/2025\/10\/turkiye-diyanet-vakfi-gazze-de-8-7-milyon-kisiye-insani-yardim-ulastirdi-3-300x200.jpg 300w, https:\/\/tdv.org\/tr-TR\/wp-content\/uploads\/2025\/10\/turkiye-diyanet-vakfi-gazze-de-8-7-milyon-kisiye-insani-yardim-ulastirdi-3-768x512.jpg 768w, https:\/\/tdv.org\/tr-TR\/wp-content\/uploads\/2025\/10\/turkiye-diyanet-vakfi-gazze-de-8-7-milyon-kisiye-insani-yardim-ulastirdi-3-900x600.jpg 900w, https:\/\/tdv.org\/tr-TR\/wp-content\/uploads\/2025\/10\/turkiye-diyanet-vakfi-gazze-de-8-7-milyon-kisiye-insani-yardim-ulastirdi-3.jpg 1152w\" sizes=\"(max-width: 1024px) 100vw, 1024px\" \/><\/a>\n\t\t\t<\/dt>\n\t\t\t\t<dd class='wp-caption-text gallery-caption' id='gallery-1-53535'>\n\t\t\t\tT\u00fcrkiye Diyanet Vakf\u0131, Gazze&#8217;de 8,7 milyon ki\u015fiye insani yard\u0131m ula\u015ft\u0131rd\u0131\n\t\t\t\t<\/dd><\/dl><br style=\"clear: both\" \/><dl class='gallery-item'>\n\t\t\t<dt class='gallery-icon landscape'>\n\t\t\t\t<a href='https:\/\/tdv.org\/tr-TR\/wp-content\/uploads\/2025\/10\/turkiye-diyanet-vakfi-gazze-de-8-7-milyon-kisiye-insani-yardim-ulastirdi-4.jpg'><img decoding=\"async\" width=\"1024\" height=\"683\" src=\"https:\/\/tdv.org\/tr-TR\/wp-content\/uploads\/2025\/10\/turkiye-diyanet-vakfi-gazze-de-8-7-milyon-kisiye-insani-yardim-ulastirdi-4-1024x683.jpg\" class=\"attachment-large size-large\" alt=\"T\u00fcrkiye Diyanet Vakf\u0131, Gazze&#039;de 8,7 milyon ki\u015fiye insani yard\u0131m ula\u015ft\u0131rd\u0131, Filistin , insani yard\u0131m\" aria-describedby=\"gallery-1-53536\" srcset=\"https:\/\/tdv.org\/tr-TR\/wp-content\/uploads\/2025\/10\/turkiye-diyanet-vakfi-gazze-de-8-7-milyon-kisiye-insani-yardim-ulastirdi-4-1024x683.jpg 1024w, https:\/\/tdv.org\/tr-TR\/wp-content\/uploads\/2025\/10\/turkiye-diyanet-vakfi-gazze-de-8-7-milyon-kisiye-insani-yardim-ulastirdi-4-300x200.jpg 300w, https:\/\/tdv.org\/tr-TR\/wp-content\/uploads\/2025\/10\/turkiye-diyanet-vakfi-gazze-de-8-7-milyon-kisiye-insani-yardim-ulastirdi-4-768x512.jpg 768w, https:\/\/tdv.org\/tr-TR\/wp-content\/uploads\/2025\/10\/turkiye-diyanet-vakfi-gazze-de-8-7-milyon-kisiye-insani-yardim-ulastirdi-4-900x600.jpg 900w, https:\/\/tdv.org\/tr-TR\/wp-content\/uploads\/2025\/10\/turkiye-diyanet-vakfi-gazze-de-8-7-milyon-kisiye-insani-yardim-ulastirdi-4.jpg 1152w\" sizes=\"(max-width: 1024px) 100vw, 1024px\" \/><\/a>\n\t\t\t<\/dt>\n\t\t\t\t<dd class='wp-caption-text gallery-caption' id='gallery-1-53536'>\n\t\t\t\tT\u00fcrkiye Diyanet Vakf\u0131, Gazze&#8217;de 8,7 milyon ki\u015fiye insani yard\u0131m ula\u015ft\u0131rd\u0131\n\t\t\t\t<\/dd><\/dl><dl class='gallery-item'>\n\t\t\t<dt class='gallery-icon landscape'>\n\t\t\t\t<a href='https:\/\/tdv.org\/tr-TR\/wp-content\/uploads\/2025\/10\/turkiye-diyanet-vakfi-gazze-de-8-7-milyon-kisiye-insani-yardim-ulastirdi-5.jpg'><img decoding=\"async\" width=\"1024\" height=\"683\" src=\"https:\/\/tdv.org\/tr-TR\/wp-content\/uploads\/2025\/10\/turkiye-diyanet-vakfi-gazze-de-8-7-milyon-kisiye-insani-yardim-ulastirdi-5-1024x683.jpg\" class=\"attachment-large size-large\" alt=\"T\u00fcrkiye Diyanet Vakf\u0131, Gazze&#039;de 8,7 milyon ki\u015fiye insani yard\u0131m ula\u015ft\u0131rd\u0131, Filistin , insani yard\u0131m\" aria-describedby=\"gallery-1-53537\" srcset=\"https:\/\/tdv.org\/tr-TR\/wp-content\/uploads\/2025\/10\/turkiye-diyanet-vakfi-gazze-de-8-7-milyon-kisiye-insani-yardim-ulastirdi-5-1024x683.jpg 1024w, https:\/\/tdv.org\/tr-TR\/wp-content\/uploads\/2025\/10\/turkiye-diyanet-vakfi-gazze-de-8-7-milyon-kisiye-insani-yardim-ulastirdi-5-300x200.jpg 300w, https:\/\/tdv.org\/tr-TR\/wp-content\/uploads\/2025\/10\/turkiye-diyanet-vakfi-gazze-de-8-7-milyon-kisiye-insani-yardim-ulastirdi-5-768x512.jpg 768w, https:\/\/tdv.org\/tr-TR\/wp-content\/uploads\/2025\/10\/turkiye-diyanet-vakfi-gazze-de-8-7-milyon-kisiye-insani-yardim-ulastirdi-5-900x600.jpg 900w, https:\/\/tdv.org\/tr-TR\/wp-content\/uploads\/2025\/10\/turkiye-diyanet-vakfi-gazze-de-8-7-milyon-kisiye-insani-yardim-ulastirdi-5.jpg 1037w\" sizes=\"(max-width: 1024px) 100vw, 1024px\" \/><\/a>\n\t\t\t<\/dt>\n\t\t\t\t<dd class='wp-caption-text gallery-caption' id='gallery-1-53537'>\n\t\t\t\tT\u00fcrkiye Diyanet Vakf\u0131, Gazze&#8217;de 8,7 milyon ki\u015fiye insani yard\u0131m ula\u015ft\u0131rd\u0131\n\t\t\t\t<\/dd><\/dl><dl class='gallery-item'>\n\t\t\t<dt class='gallery-icon landscape'>\n\t\t\t\t<a href='https:\/\/tdv.org\/tr-TR\/wp-content\/uploads\/2025\/10\/turkiye-diyanet-vakfi-gazze-de-8-7-milyon-kisiye-insani-yardim-ulastirdi-6.jpg'><img decoding=\"async\" width=\"1024\" height=\"683\" src=\"https:\/\/tdv.org\/tr-TR\/wp-content\/uploads\/2025\/10\/turkiye-diyanet-vakfi-gazze-de-8-7-milyon-kisiye-insani-yardim-ulastirdi-6.jpg\" class=\"attachment-large size-large\" alt=\"T\u00fcrkiye Diyanet Vakf\u0131, Gazze&#039;de 8,7 milyon ki\u015fiye insani yard\u0131m ula\u015ft\u0131rd\u0131, Filistin , insani yard\u0131m\" aria-describedby=\"gallery-1-53538\" srcset=\"https:\/\/tdv.org\/tr-TR\/wp-content\/uploads\/2025\/10\/turkiye-diyanet-vakfi-gazze-de-8-7-milyon-kisiye-insani-yardim-ulastirdi-6.jpg 1024w, https:\/\/tdv.org\/tr-TR\/wp-content\/uploads\/2025\/10\/turkiye-diyanet-vakfi-gazze-de-8-7-milyon-kisiye-insani-yardim-ulastirdi-6-300x200.jpg 300w, https:\/\/tdv.org\/tr-TR\/wp-content\/uploads\/2025\/10\/turkiye-diyanet-vakfi-gazze-de-8-7-milyon-kisiye-insani-yardim-ulastirdi-6-768x512.jpg 768w, https:\/\/tdv.org\/tr-TR\/wp-content\/uploads\/2025\/10\/turkiye-diyanet-vakfi-gazze-de-8-7-milyon-kisiye-insani-yardim-ulastirdi-6-900x600.jpg 900w\" sizes=\"(max-width: 1024px) 100vw, 1024px\" \/><\/a>\n\t\t\t<\/dt>\n\t\t\t\t<dd class='wp-caption-text gallery-caption' id='gallery-1-53538'>\n\t\t\t\tT\u00fcrkiye Diyanet Vakf\u0131, Gazze&#8217;de 8,7 milyon ki\u015fiye insani yard\u0131m ula\u015ft\u0131rd\u0131\n\t\t\t\t<\/dd><\/dl><br style=\"clear: both\" \/><dl class='gallery-item'>\n\t\t\t<dt class='gallery-icon landscape'>\n\t\t\t\t<a href='https:\/\/tdv.org\/tr-TR\/wp-content\/uploads\/2025\/10\/turkiye-diyanet-vakfi-gazze-de-8-7-milyon-kisiye-insani-yardim-ulastirdi-7.jpg'><img decoding=\"async\" width=\"1024\" height=\"683\" src=\"https:\/\/tdv.org\/tr-TR\/wp-content\/uploads\/2025\/10\/turkiye-diyanet-vakfi-gazze-de-8-7-milyon-kisiye-insani-yardim-ulastirdi-7-1024x683.jpg\" class=\"attachment-large size-large\" alt=\"T\u00fcrkiye Diyanet Vakf\u0131, Gazze&#039;de 8,7 milyon ki\u015fiye insani yard\u0131m ula\u015ft\u0131rd\u0131, Filistin , insani yard\u0131m\" aria-describedby=\"gallery-1-53539\" srcset=\"https:\/\/tdv.org\/tr-TR\/wp-content\/uploads\/2025\/10\/turkiye-diyanet-vakfi-gazze-de-8-7-milyon-kisiye-insani-yardim-ulastirdi-7-1024x683.jpg 1024w, https:\/\/tdv.org\/tr-TR\/wp-content\/uploads\/2025\/10\/turkiye-diyanet-vakfi-gazze-de-8-7-milyon-kisiye-insani-yardim-ulastirdi-7-300x200.jpg 300w, https:\/\/tdv.org\/tr-TR\/wp-content\/uploads\/2025\/10\/turkiye-diyanet-vakfi-gazze-de-8-7-milyon-kisiye-insani-yardim-ulastirdi-7-768x512.jpg 768w, https:\/\/tdv.org\/tr-TR\/wp-content\/uploads\/2025\/10\/turkiye-diyanet-vakfi-gazze-de-8-7-milyon-kisiye-insani-yardim-ulastirdi-7-900x600.jpg 900w, https:\/\/tdv.org\/tr-TR\/wp-content\/uploads\/2025\/10\/turkiye-diyanet-vakfi-gazze-de-8-7-milyon-kisiye-insani-yardim-ulastirdi-7.jpg 1152w\" sizes=\"(max-width: 1024px) 100vw, 1024px\" \/><\/a>\n\t\t\t<\/dt>\n\t\t\t\t<dd class='wp-caption-text gallery-caption' id='gallery-1-53539'>\n\t\t\t\tT\u00fcrkiye Diyanet Vakf\u0131, Gazze&#8217;de 8,7 milyon ki\u015fiye insani yard\u0131m ula\u015ft\u0131rd\u0131\n\t\t\t\t<\/dd><\/dl><dl class='gallery-item'>\n\t\t\t<dt class='gallery-icon landscape'>\n\t\t\t\t<a href='https:\/\/tdv.org\/tr-TR\/wp-content\/uploads\/2025\/10\/turkiye-diyanet-vakfi-gazze-de-8-7-milyon-kisiye-insani-yardim-ulastirdi-8.jpg'><img decoding=\"async\" width=\"1024\" height=\"683\" src=\"https:\/\/tdv.org\/tr-TR\/wp-content\/uploads\/2025\/10\/turkiye-diyanet-vakfi-gazze-de-8-7-milyon-kisiye-insani-yardim-ulastirdi-8-1024x683.jpg\" class=\"attachment-large size-large\" alt=\"T\u00fcrkiye Diyanet Vakf\u0131, Gazze&#039;de 8,7 milyon ki\u015fiye insani yard\u0131m ula\u015ft\u0131rd\u0131, Filistin , insani yard\u0131m\" aria-describedby=\"gallery-1-53540\" srcset=\"https:\/\/tdv.org\/tr-TR\/wp-content\/uploads\/2025\/10\/turkiye-diyanet-vakfi-gazze-de-8-7-milyon-kisiye-insani-yardim-ulastirdi-8-1024x683.jpg 1024w, https:\/\/tdv.org\/tr-TR\/wp-content\/uploads\/2025\/10\/turkiye-diyanet-vakfi-gazze-de-8-7-milyon-kisiye-insani-yardim-ulastirdi-8-300x200.jpg 300w, https:\/\/tdv.org\/tr-TR\/wp-content\/uploads\/2025\/10\/turkiye-diyanet-vakfi-gazze-de-8-7-milyon-kisiye-insani-yardim-ulastirdi-8-768x512.jpg 768w, https:\/\/tdv.org\/tr-TR\/wp-content\/uploads\/2025\/10\/turkiye-diyanet-vakfi-gazze-de-8-7-milyon-kisiye-insani-yardim-ulastirdi-8-900x600.jpg 900w, https:\/\/tdv.org\/tr-TR\/wp-content\/uploads\/2025\/10\/turkiye-diyanet-vakfi-gazze-de-8-7-milyon-kisiye-insani-yardim-ulastirdi-8.jpg 1152w\" sizes=\"(max-width: 1024px) 100vw, 1024px\" \/><\/a>\n\t\t\t<\/dt>\n\t\t\t\t<dd class='wp-caption-text gallery-caption' id='gallery-1-53540'>\n\t\t\t\tT\u00fcrkiye Diyanet Vakf\u0131, Gazze&#8217;de 8,7 milyon ki\u015fiye insani yard\u0131m ula\u015ft\u0131rd\u0131\n\t\t\t\t<\/dd><\/dl><dl class='gallery-item'>\n\t\t\t<dt class='gallery-icon landscape'>\n\t\t\t\t<a href='https:\/\/tdv.org\/tr-TR\/wp-content\/uploads\/2025\/10\/turkiye-diyanet-vakfi-gazze-de-8-7-milyon-kisiye-insani-yardim-ulastirdi-9.jpg'><img decoding=\"async\" width=\"1024\" height=\"683\" src=\"https:\/\/tdv.org\/tr-TR\/wp-content\/uploads\/2025\/10\/turkiye-diyanet-vakfi-gazze-de-8-7-milyon-kisiye-insani-yardim-ulastirdi-9-1024x683.jpg\" class=\"attachment-large size-large\" alt=\"\" aria-describedby=\"gallery-1-53541\" srcset=\"https:\/\/tdv.org\/tr-TR\/wp-content\/uploads\/2025\/10\/turkiye-diyanet-vakfi-gazze-de-8-7-milyon-kisiye-insani-yardim-ulastirdi-9-1024x683.jpg 1024w, https:\/\/tdv.org\/tr-TR\/wp-content\/uploads\/2025\/10\/turkiye-diyanet-vakfi-gazze-de-8-7-milyon-kisiye-insani-yardim-ulastirdi-9-300x200.jpg 300w, https:\/\/tdv.org\/tr-TR\/wp-content\/uploads\/2025\/10\/turkiye-diyanet-vakfi-gazze-de-8-7-milyon-kisiye-insani-yardim-ulastirdi-9-768x512.jpg 768w, https:\/\/tdv.org\/tr-TR\/wp-content\/uploads\/2025\/10\/turkiye-diyanet-vakfi-gazze-de-8-7-milyon-kisiye-insani-yardim-ulastirdi-9-900x600.jpg 900w, https:\/\/tdv.org\/tr-TR\/wp-content\/uploads\/2025\/10\/turkiye-diyanet-vakfi-gazze-de-8-7-milyon-kisiye-insani-yardim-ulastirdi-9.jpg 1152w\" sizes=\"(max-width: 1024px) 100vw, 1024px\" \/><\/a>\n\t\t\t<\/dt>\n\t\t\t\t<dd class='wp-caption-text gallery-caption' id='gallery-1-53541'>\n\t\t\t\tT\u00fcrkiye Diyanet Vakf\u0131, Gazze&#8217;de 8,7 milyon ki\u015fiye insani yard\u0131m ula\u015ft\u0131rd\u0131\n\t\t\t\t<\/dd><\/dl><br style=\"clear: both\" \/><dl class='gallery-item'>\n\t\t\t<dt class='gallery-icon landscape'>\n\t\t\t\t<a href='https:\/\/tdv.org\/tr-TR\/wp-content\/uploads\/2025\/10\/turkiye-diyanet-vakfi-gazze-de-8-7-milyon-kisiye-insani-yardim-ulastirdi-10.jpg'><img decoding=\"async\" width=\"1024\" height=\"683\" src=\"https:\/\/tdv.org\/tr-TR\/wp-content\/uploads\/2025\/10\/turkiye-diyanet-vakfi-gazze-de-8-7-milyon-kisiye-insani-yardim-ulastirdi-10-1024x683.jpg\" class=\"attachment-large size-large\" alt=\"\" aria-describedby=\"gallery-1-53542\" srcset=\"https:\/\/tdv.org\/tr-TR\/wp-content\/uploads\/2025\/10\/turkiye-diyanet-vakfi-gazze-de-8-7-milyon-kisiye-insani-yardim-ulastirdi-10-1024x683.jpg 1024w, https:\/\/tdv.org\/tr-TR\/wp-content\/uploads\/2025\/10\/turkiye-diyanet-vakfi-gazze-de-8-7-milyon-kisiye-insani-yardim-ulastirdi-10-300x200.jpg 300w, https:\/\/tdv.org\/tr-TR\/wp-content\/uploads\/2025\/10\/turkiye-diyanet-vakfi-gazze-de-8-7-milyon-kisiye-insani-yardim-ulastirdi-10-768x512.jpg 768w, https:\/\/tdv.org\/tr-TR\/wp-content\/uploads\/2025\/10\/turkiye-diyanet-vakfi-gazze-de-8-7-milyon-kisiye-insani-yardim-ulastirdi-10-900x600.jpg 900w, https:\/\/tdv.org\/tr-TR\/wp-content\/uploads\/2025\/10\/turkiye-diyanet-vakfi-gazze-de-8-7-milyon-kisiye-insani-yardim-ulastirdi-10.jpg 1152w\" sizes=\"(max-width: 1024px) 100vw, 1024px\" \/><\/a>\n\t\t\t<\/dt>\n\t\t\t\t<dd class='wp-caption-text gallery-caption' id='gallery-1-53542'>\n\t\t\t\tT\u00fcrkiye Diyanet Vakf\u0131, Gazze&#8217;de 8,7 milyon ki\u015fiye insani yard\u0131m ula\u015ft\u0131rd\u0131\n\t\t\t\t<\/dd><\/dl><dl class='gallery-item'>\n\t\t\t<dt class='gallery-icon landscape'>\n\t\t\t\t<a href='https:\/\/tdv.org\/tr-TR\/wp-content\/uploads\/2025\/10\/turkiye-diyanet-vakfi-gazze-de-8-7-milyon-kisiye-insani-yardim-ulastirdi-11.jpg'><img decoding=\"async\" width=\"1024\" height=\"683\" src=\"https:\/\/tdv.org\/tr-TR\/wp-content\/uploads\/2025\/10\/turkiye-diyanet-vakfi-gazze-de-8-7-milyon-kisiye-insani-yardim-ulastirdi-11-1024x683.jpg\" class=\"attachment-large size-large\" alt=\"T\u00fcrkiye Diyanet Vakf\u0131, Gazze&#039;de 8,7 milyon ki\u015fiye insani yard\u0131m ula\u015ft\u0131rd\u0131, Filistin , insani yard\u0131m\" aria-describedby=\"gallery-1-53543\" srcset=\"https:\/\/tdv.org\/tr-TR\/wp-content\/uploads\/2025\/10\/turkiye-diyanet-vakfi-gazze-de-8-7-milyon-kisiye-insani-yardim-ulastirdi-11-1024x683.jpg 1024w, https:\/\/tdv.org\/tr-TR\/wp-content\/uploads\/2025\/10\/turkiye-diyanet-vakfi-gazze-de-8-7-milyon-kisiye-insani-yardim-ulastirdi-11-300x200.jpg 300w, https:\/\/tdv.org\/tr-TR\/wp-content\/uploads\/2025\/10\/turkiye-diyanet-vakfi-gazze-de-8-7-milyon-kisiye-insani-yardim-ulastirdi-11-768x512.jpg 768w, https:\/\/tdv.org\/tr-TR\/wp-content\/uploads\/2025\/10\/turkiye-diyanet-vakfi-gazze-de-8-7-milyon-kisiye-insani-yardim-ulastirdi-11-900x600.jpg 900w, https:\/\/tdv.org\/tr-TR\/wp-content\/uploads\/2025\/10\/turkiye-diyanet-vakfi-gazze-de-8-7-milyon-kisiye-insani-yardim-ulastirdi-11.jpg 1152w\" sizes=\"(max-width: 1024px) 100vw, 1024px\" \/><\/a>\n\t\t\t<\/dt>\n\t\t\t\t<dd class='wp-caption-text gallery-caption' id='gallery-1-53543'>\n\t\t\t\tT\u00fcrkiye Diyanet Vakf\u0131, Gazze&#8217;de 8,7 milyon ki\u015fiye insani yard\u0131m ula\u015ft\u0131rd\u0131\n\t\t\t\t<\/dd><\/dl>\n\t\t\t<br style='clear: both' \/>\n\t\t<\/div>\n\n","protected":false},"excerpt":{"rendered":"<p>Filistinlilere bug\u00fcne kadar 38 milyon dolardan fazla insani yard\u0131m sa\u011flayan TDV, Gazze&#8217;de g\u00fcnde 15 bin ki\u015filik s\u0131cak yemek da\u011f\u0131t\u0131m\u0131n\u0131 s\u00fcrd\u00fcr\u00fcyor. T\u00fcrkiye Diyanet Vakf\u0131 (TDV), Ekim 2023&#8217;ten bu yana Gazze&#8216;de 8&#8230;<\/p>\n","protected":false},"author":8,"featured_media":53535,"comment_status":"closed","ping_status":"closed","sticky":false,"template":"","format":"standard","meta":{"footnotes":""},"categories":[1],"tags":[110,2235,1301,769,314,1298,1333,1855,2398,1033,1031,2218,2234],"class_list":{"0":"post-53532","1":"post","2":"type-post","3":"status-publish","4":"format-standard","5":"has-post-thumbnail","7":"category-haberler","8":"tag-filistin","9":"tag-filistin-icin-sozumuz-var","10":"tag-filistin-istisare-toplantisi","11":"tag-filistin-vakiflar-ve-din-isleri-bakanligi-projeler-departmani-muduru-esref-ismail","12":"tag-filistin-ve-kudus-meselesinde-guncel-durum","13":"tag-filistin-yardim","14":"tag-filistine-umut-ol","15":"tag-filistinli","16":"tag-filistinli-cocuklar","17":"tag-filistinli-multeci-kamplari","18":"tag-filistinli-multeciler","19":"tag-ozgur-filistinin-yanindayiz","20":"tag-uluslararasi-cizgilerle-ozgur-filistin-sergisi"},"yoast_head":"<!-- This site is optimized with the Yoast SEO plugin v27.5 - https:\/\/yoast.com\/product\/yoast-seo-wordpress\/ -->\n<title>T\u00fcrkiye Diyanet Vakf\u0131, Gazze\u2019de 8 milyon 718 bin ki\u015filik insani yard\u0131m da\u011f\u0131tt\u0131<\/title>\n<meta name=\"description\" content=\"Filistinlilere bug\u00fcne kadar 38 milyon dolardan fazla insani yard\u0131m sa\u011flayan TDV, Gazze&#039;de g\u00fcnde 15 bin ki\u015filik s\u0131cak yemek da\u011f\u0131t\u0131m\u0131n\u0131 s\u00fcrd\u00fcr\u00fcyor\" \/>\n<meta name=\"robots\" content=\"index, follow, max-snippet:-1, max-image-preview:large, max-video-preview:-1\" \/>\n<link rel=\"canonical\" href=\"https:\/\/tdv.org\/tr-TR\/turkiye-diyanet-vakfi-gazzede-8-milyon-718-bin-kisilik-insani-yardim-dagitti\/\" \/>\n<meta property=\"og:locale\" content=\"tr_TR\" \/>\n<meta property=\"og:type\" content=\"article\" \/>\n<meta property=\"og:title\" content=\"T\u00fcrkiye Diyanet Vakf\u0131, Gazze\u2019de 8 milyon 718 bin ki\u015filik insani yard\u0131m da\u011f\u0131tt\u0131\" \/>\n<meta property=\"og:description\" content=\"Filistinlilere bug\u00fcne kadar 38 milyon dolardan fazla insani yard\u0131m sa\u011flayan TDV, Gazze&#039;de g\u00fcnde 15 bin ki\u015filik s\u0131cak yemek da\u011f\u0131t\u0131m\u0131n\u0131 s\u00fcrd\u00fcr\u00fcyor\" \/>\n<meta property=\"og:url\" content=\"https:\/\/tdv.org\/tr-TR\/turkiye-diyanet-vakfi-gazzede-8-milyon-718-bin-kisilik-insani-yardim-dagitti\/\" \/>\n<meta property=\"og:site_name\" content=\"T\u00fcrkiye Diyanet Vakf\u0131 Resmi Web Sitesi\" \/>\n<meta property=\"article:publisher\" content=\"https:\/\/www.facebook.com\/Diyanetvakfi\/\" \/>\n<meta property=\"article:published_time\" content=\"2025-10-23T11:08:43+00:00\" \/>\n<meta property=\"og:image\" content=\"https:\/\/tdv.org\/tr-TR\/wp-content\/uploads\/2025\/10\/turkiye-diyanet-vakfi-gazze-de-8-7-milyon-kisiye-insani-yardim-ulastirdi-3.jpg\" \/>\n\t<meta property=\"og:image:width\" content=\"1152\" \/>\n\t<meta property=\"og:image:height\" content=\"768\" \/>\n\t<meta property=\"og:image:type\" content=\"image\/jpeg\" \/>\n<meta name=\"author\" content=\"Selim\" \/>\n<meta name=\"twitter:card\" content=\"summary_large_image\" \/>\n<meta name=\"twitter:creator\" content=\"@DiyanetVakfi\" \/>\n<meta name=\"twitter:site\" content=\"@DiyanetVakfi\" \/>\n<script type=\"application\/ld+json\" class=\"yoast-schema-graph\">{\"@context\":\"https:\\\/\\\/schema.org\",\"@graph\":[{\"@type\":\"Article\",\"@id\":\"https:\\\/\\\/tdv.org\\\/tr-TR\\\/turkiye-diyanet-vakfi-gazzede-8-milyon-718-bin-kisilik-insani-yardim-dagitti\\\/#article\",\"isPartOf\":{\"@id\":\"https:\\\/\\\/tdv.org\\\/tr-TR\\\/turkiye-diyanet-vakfi-gazzede-8-milyon-718-bin-kisilik-insani-yardim-dagitti\\\/\"},\"author\":{\"name\":\"Selim\",\"@id\":\"https:\\\/\\\/tdv.org\\\/tr-TR\\\/#\\\/schema\\\/person\\\/752b55e264a99273d55636516d96d5eb\"},\"headline\":\"T\u00fcrkiye Diyanet Vakf\u0131, Gazze\u2019de 8 milyon 718 bin ki\u015filik insani yard\u0131m da\u011f\u0131tt\u0131\",\"datePublished\":\"2025-10-23T11:08:43+00:00\",\"mainEntityOfPage\":{\"@id\":\"https:\\\/\\\/tdv.org\\\/tr-TR\\\/turkiye-diyanet-vakfi-gazzede-8-milyon-718-bin-kisilik-insani-yardim-dagitti\\\/\"},\"wordCount\":445,\"publisher\":{\"@id\":\"https:\\\/\\\/tdv.org\\\/tr-TR\\\/#organization\"},\"image\":{\"@id\":\"https:\\\/\\\/tdv.org\\\/tr-TR\\\/turkiye-diyanet-vakfi-gazzede-8-milyon-718-bin-kisilik-insani-yardim-dagitti\\\/#primaryimage\"},\"thumbnailUrl\":\"https:\\\/\\\/tdv.org\\\/tr-TR\\\/wp-content\\\/uploads\\\/2025\\\/10\\\/turkiye-diyanet-vakfi-gazze-de-8-7-milyon-kisiye-insani-yardim-ulastirdi-3.jpg\",\"keywords\":[\"filistin\",\"Filistin \u0130\u00e7in S\u00f6z\u00fcm\u00fcz Var\",\"Filistin \u0130sti\u015fare Toplant\u0131s\u0131\",\"Filistin Vak\u0131flar ve Din \u0130\u015fleri Bakanl\u0131\u011f\u0131 Projeler Departman\u0131 M\u00fcd\u00fcr\u00fc E\u015fref \u0130smail\",\"Filistin ve Kud\u00fcs Meselesinde G\u00fcncel Durum\",\"filistin yard\u0131m\",\"filistine umut ol\",\"Filistinli\",\"Filistinli \u00e7ocuklar\",\"Filistinli m\u00fclteci kamplar\u0131\",\"filistinli m\u00fclteciler\",\"\u00d6zg\u00fcr Filistin'in Yan\u0131nday\u0131z\",\"Uluslararas\u0131 \u00c7izgilerle \u00d6zg\u00fcr Filistin Sergisi\"],\"articleSection\":[\"Haberler\"],\"inLanguage\":\"tr\"},{\"@type\":\"WebPage\",\"@id\":\"https:\\\/\\\/tdv.org\\\/tr-TR\\\/turkiye-diyanet-vakfi-gazzede-8-milyon-718-bin-kisilik-insani-yardim-dagitti\\\/\",\"url\":\"https:\\\/\\\/tdv.org\\\/tr-TR\\\/turkiye-diyanet-vakfi-gazzede-8-milyon-718-bin-kisilik-insani-yardim-dagitti\\\/\",\"name\":\"T\u00fcrkiye Diyanet Vakf\u0131, Gazze\u2019de 8 milyon 718 bin ki\u015filik insani yard\u0131m da\u011f\u0131tt\u0131\",\"isPartOf\":{\"@id\":\"https:\\\/\\\/tdv.org\\\/tr-TR\\\/#website\"},\"primaryImageOfPage\":{\"@id\":\"https:\\\/\\\/tdv.org\\\/tr-TR\\\/turkiye-diyanet-vakfi-gazzede-8-milyon-718-bin-kisilik-insani-yardim-dagitti\\\/#primaryimage\"},\"image\":{\"@id\":\"https:\\\/\\\/tdv.org\\\/tr-TR\\\/turkiye-diyanet-vakfi-gazzede-8-milyon-718-bin-kisilik-insani-yardim-dagitti\\\/#primaryimage\"},\"thumbnailUrl\":\"https:\\\/\\\/tdv.org\\\/tr-TR\\\/wp-content\\\/uploads\\\/2025\\\/10\\\/turkiye-diyanet-vakfi-gazze-de-8-7-milyon-kisiye-insani-yardim-ulastirdi-3.jpg\",\"datePublished\":\"2025-10-23T11:08:43+00:00\",\"description\":\"Filistinlilere bug\u00fcne kadar 38 milyon dolardan fazla insani yard\u0131m sa\u011flayan TDV, Gazze'de g\u00fcnde 15 bin ki\u015filik s\u0131cak yemek da\u011f\u0131t\u0131m\u0131n\u0131 s\u00fcrd\u00fcr\u00fcyor\",\"breadcrumb\":{\"@id\":\"https:\\\/\\\/tdv.org\\\/tr-TR\\\/turkiye-diyanet-vakfi-gazzede-8-milyon-718-bin-kisilik-insani-yardim-dagitti\\\/#breadcrumb\"},\"inLanguage\":\"tr\",\"potentialAction\":[{\"@type\":\"ReadAction\",\"target\":[\"https:\\\/\\\/tdv.org\\\/tr-TR\\\/turkiye-diyanet-vakfi-gazzede-8-milyon-718-bin-kisilik-insani-yardim-dagitti\\\/\"]}]},{\"@type\":\"ImageObject\",\"inLanguage\":\"tr\",\"@id\":\"https:\\\/\\\/tdv.org\\\/tr-TR\\\/turkiye-diyanet-vakfi-gazzede-8-milyon-718-bin-kisilik-insani-yardim-dagitti\\\/#primaryimage\",\"url\":\"https:\\\/\\\/tdv.org\\\/tr-TR\\\/wp-content\\\/uploads\\\/2025\\\/10\\\/turkiye-diyanet-vakfi-gazze-de-8-7-milyon-kisiye-insani-yardim-ulastirdi-3.jpg\",\"contentUrl\":\"https:\\\/\\\/tdv.org\\\/tr-TR\\\/wp-content\\\/uploads\\\/2025\\\/10\\\/turkiye-diyanet-vakfi-gazze-de-8-7-milyon-kisiye-insani-yardim-ulastirdi-3.jpg\",\"width\":1152,\"height\":768,\"caption\":\"T\u00fcrkiye Diyanet Vakf\u0131, Gazze'de 8,7 milyon ki\u015fiye insani yard\u0131m ula\u015ft\u0131rd\u0131\"},{\"@type\":\"BreadcrumbList\",\"@id\":\"https:\\\/\\\/tdv.org\\\/tr-TR\\\/turkiye-diyanet-vakfi-gazzede-8-milyon-718-bin-kisilik-insani-yardim-dagitti\\\/#breadcrumb\",\"itemListElement\":[{\"@type\":\"ListItem\",\"position\":1,\"name\":\"Anasayfa\",\"item\":\"https:\\\/\\\/tdv.org\\\/tr-TR\\\/\"},{\"@type\":\"ListItem\",\"position\":2,\"name\":\"T\u00fcrkiye Diyanet Vakf\u0131, Gazze\u2019de 8 milyon 718 bin ki\u015filik insani yard\u0131m da\u011f\u0131tt\u0131\"}]},{\"@type\":\"WebSite\",\"@id\":\"https:\\\/\\\/tdv.org\\\/tr-TR\\\/#website\",\"url\":\"https:\\\/\\\/tdv.org\\\/tr-TR\\\/\",\"name\":\"T\u00fcrkiye Diyanet Vakf\u0131 Resmi Web Sitesi\",\"description\":\"Yery\u00fcz\u00fcnde iyilik egemen oluncaya kadar\",\"publisher\":{\"@id\":\"https:\\\/\\\/tdv.org\\\/tr-TR\\\/#organization\"},\"alternateName\":\"T\u00fcrkiye Diyanet Vakf\u0131\",\"potentialAction\":[{\"@type\":\"SearchAction\",\"target\":{\"@type\":\"EntryPoint\",\"urlTemplate\":\"https:\\\/\\\/tdv.org\\\/tr-TR\\\/?s={search_term_string}\"},\"query-input\":{\"@type\":\"PropertyValueSpecification\",\"valueRequired\":true,\"valueName\":\"search_term_string\"}}],\"inLanguage\":\"tr\"},{\"@type\":\"Organization\",\"@id\":\"https:\\\/\\\/tdv.org\\\/tr-TR\\\/#organization\",\"name\":\"T\u00fcrkiye Diyanet Vakf\u0131\",\"alternateName\":\"T\u00fcrkiye Diyanet Vakf\u0131\",\"url\":\"https:\\\/\\\/tdv.org\\\/tr-TR\\\/\",\"logo\":{\"@type\":\"ImageObject\",\"inLanguage\":\"tr\",\"@id\":\"https:\\\/\\\/tdv.org\\\/tr-TR\\\/#\\\/schema\\\/logo\\\/image\\\/\",\"url\":\"https:\\\/\\\/tdv.org\\\/tr-TR\\\/wp-content\\\/uploads\\\/2018\\\/12\\\/TDV_Logo_1.png\",\"contentUrl\":\"https:\\\/\\\/tdv.org\\\/tr-TR\\\/wp-content\\\/uploads\\\/2018\\\/12\\\/TDV_Logo_1.png\",\"width\":207,\"height\":71,\"caption\":\"T\u00fcrkiye Diyanet Vakf\u0131\"},\"image\":{\"@id\":\"https:\\\/\\\/tdv.org\\\/tr-TR\\\/#\\\/schema\\\/logo\\\/image\\\/\"},\"sameAs\":[\"https:\\\/\\\/www.facebook.com\\\/Diyanetvakfi\\\/\",\"https:\\\/\\\/x.com\\\/DiyanetVakfi\",\"https:\\\/\\\/www.instagram.com\\\/turkiyediyanetvakfi\\\/\",\"https:\\\/\\\/www.youtube.com\\\/user\\\/TurkiyeDiyanetVakfi\"]},{\"@type\":\"Person\",\"@id\":\"https:\\\/\\\/tdv.org\\\/tr-TR\\\/#\\\/schema\\\/person\\\/752b55e264a99273d55636516d96d5eb\",\"name\":\"Selim\",\"image\":{\"@type\":\"ImageObject\",\"inLanguage\":\"tr\",\"@id\":\"https:\\\/\\\/tdv.org\\\/tr-TR\\\/wp-content\\\/litespeed\\\/avatar\\\/a1e47b25396e98e5b781e88a5396cd96.jpg?ver=1777287391\",\"url\":\"https:\\\/\\\/tdv.org\\\/tr-TR\\\/wp-content\\\/litespeed\\\/avatar\\\/a1e47b25396e98e5b781e88a5396cd96.jpg?ver=1777287391\",\"contentUrl\":\"https:\\\/\\\/tdv.org\\\/tr-TR\\\/wp-content\\\/litespeed\\\/avatar\\\/a1e47b25396e98e5b781e88a5396cd96.jpg?ver=1777287391\",\"caption\":\"Selim\"}}]}<\/script>\n<!-- \/ Yoast SEO plugin. -->","yoast_head_json":{"title":"T\u00fcrkiye Diyanet Vakf\u0131, Gazze\u2019de 8 milyon 718 bin ki\u015filik insani yard\u0131m da\u011f\u0131tt\u0131","description":"Filistinlilere bug\u00fcne kadar 38 milyon dolardan fazla insani yard\u0131m sa\u011flayan TDV, Gazze'de g\u00fcnde 15 bin ki\u015filik s\u0131cak yemek da\u011f\u0131t\u0131m\u0131n\u0131 s\u00fcrd\u00fcr\u00fcyor","robots":{"index":"index","follow":"follow","max-snippet":"max-snippet:-1","max-image-preview":"max-image-preview:large","max-video-preview":"max-video-preview:-1"},"canonical":"https:\/\/tdv.org\/tr-TR\/turkiye-diyanet-vakfi-gazzede-8-milyon-718-bin-kisilik-insani-yardim-dagitti\/","og_locale":"tr_TR","og_type":"article","og_title":"T\u00fcrkiye Diyanet Vakf\u0131, Gazze\u2019de 8 milyon 718 bin ki\u015filik insani yard\u0131m da\u011f\u0131tt\u0131","og_description":"Filistinlilere bug\u00fcne kadar 38 milyon dolardan fazla insani yard\u0131m sa\u011flayan TDV, Gazze'de g\u00fcnde 15 bin ki\u015filik s\u0131cak yemek da\u011f\u0131t\u0131m\u0131n\u0131 s\u00fcrd\u00fcr\u00fcyor","og_url":"https:\/\/tdv.org\/tr-TR\/turkiye-diyanet-vakfi-gazzede-8-milyon-718-bin-kisilik-insani-yardim-dagitti\/","og_site_name":"T\u00fcrkiye Diyanet Vakf\u0131 Resmi Web Sitesi","article_publisher":"https:\/\/www.facebook.com\/Diyanetvakfi\/","article_published_time":"2025-10-23T11:08:43+00:00","og_image":[{"width":1152,"height":768,"url":"https:\/\/tdv.org\/tr-TR\/wp-content\/uploads\/2025\/10\/turkiye-diyanet-vakfi-gazze-de-8-7-milyon-kisiye-insani-yardim-ulastirdi-3.jpg","type":"image\/jpeg"}],"author":"Selim","twitter_card":"summary_large_image","twitter_creator":"@DiyanetVakfi","twitter_site":"@DiyanetVakfi","schema":{"@context":"https:\/\/schema.org","@graph":[{"@type":"Article","@id":"https:\/\/tdv.org\/tr-TR\/turkiye-diyanet-vakfi-gazzede-8-milyon-718-bin-kisilik-insani-yardim-dagitti\/#article","isPartOf":{"@id":"https:\/\/tdv.org\/tr-TR\/turkiye-diyanet-vakfi-gazzede-8-milyon-718-bin-kisilik-insani-yardim-dagitti\/"},"author":{"name":"Selim","@id":"https:\/\/tdv.org\/tr-TR\/#\/schema\/person\/752b55e264a99273d55636516d96d5eb"},"headline":"T\u00fcrkiye Diyanet Vakf\u0131, Gazze\u2019de 8 milyon 718 bin ki\u015filik insani yard\u0131m da\u011f\u0131tt\u0131","datePublished":"2025-10-23T11:08:43+00:00","mainEntityOfPage":{"@id":"https:\/\/tdv.org\/tr-TR\/turkiye-diyanet-vakfi-gazzede-8-milyon-718-bin-kisilik-insani-yardim-dagitti\/"},"wordCount":445,"publisher":{"@id":"https:\/\/tdv.org\/tr-TR\/#organization"},"image":{"@id":"https:\/\/tdv.org\/tr-TR\/turkiye-diyanet-vakfi-gazzede-8-milyon-718-bin-kisilik-insani-yardim-dagitti\/#primaryimage"},"thumbnailUrl":"https:\/\/tdv.org\/tr-TR\/wp-content\/uploads\/2025\/10\/turkiye-diyanet-vakfi-gazze-de-8-7-milyon-kisiye-insani-yardim-ulastirdi-3.jpg","keywords":["filistin","Filistin \u0130\u00e7in S\u00f6z\u00fcm\u00fcz Var","Filistin \u0130sti\u015fare Toplant\u0131s\u0131","Filistin Vak\u0131flar ve Din \u0130\u015fleri Bakanl\u0131\u011f\u0131 Projeler Departman\u0131 M\u00fcd\u00fcr\u00fc E\u015fref \u0130smail","Filistin ve Kud\u00fcs Meselesinde G\u00fcncel Durum","filistin yard\u0131m","filistine umut ol","Filistinli","Filistinli \u00e7ocuklar","Filistinli m\u00fclteci kamplar\u0131","filistinli m\u00fclteciler","\u00d6zg\u00fcr Filistin'in Yan\u0131nday\u0131z","Uluslararas\u0131 \u00c7izgilerle \u00d6zg\u00fcr Filistin Sergisi"],"articleSection":["Haberler"],"inLanguage":"tr"},{"@type":"WebPage","@id":"https:\/\/tdv.org\/tr-TR\/turkiye-diyanet-vakfi-gazzede-8-milyon-718-bin-kisilik-insani-yardim-dagitti\/","url":"https:\/\/tdv.org\/tr-TR\/turkiye-diyanet-vakfi-gazzede-8-milyon-718-bin-kisilik-insani-yardim-dagitti\/","name":"T\u00fcrkiye Diyanet Vakf\u0131, Gazze\u2019de 8 milyon 718 bin ki\u015filik insani yard\u0131m da\u011f\u0131tt\u0131","isPartOf":{"@id":"https:\/\/tdv.org\/tr-TR\/#website"},"primaryImageOfPage":{"@id":"https:\/\/tdv.org\/tr-TR\/turkiye-diyanet-vakfi-gazzede-8-milyon-718-bin-kisilik-insani-yardim-dagitti\/#primaryimage"},"image":{"@id":"https:\/\/tdv.org\/tr-TR\/turkiye-diyanet-vakfi-gazzede-8-milyon-718-bin-kisilik-insani-yardim-dagitti\/#primaryimage"},"thumbnailUrl":"https:\/\/tdv.org\/tr-TR\/wp-content\/uploads\/2025\/10\/turkiye-diyanet-vakfi-gazze-de-8-7-milyon-kisiye-insani-yardim-ulastirdi-3.jpg","datePublished":"2025-10-23T11:08:43+00:00","description":"Filistinlilere bug\u00fcne kadar 38 milyon dolardan fazla insani yard\u0131m sa\u011flayan TDV, Gazze'de g\u00fcnde 15 bin ki\u015filik s\u0131cak yemek da\u011f\u0131t\u0131m\u0131n\u0131 s\u00fcrd\u00fcr\u00fcyor","breadcrumb":{"@id":"https:\/\/tdv.org\/tr-TR\/turkiye-diyanet-vakfi-gazzede-8-milyon-718-bin-kisilik-insani-yardim-dagitti\/#breadcrumb"},"inLanguage":"tr","potentialAction":[{"@type":"ReadAction","target":["https:\/\/tdv.org\/tr-TR\/turkiye-diyanet-vakfi-gazzede-8-milyon-718-bin-kisilik-insani-yardim-dagitti\/"]}]},{"@type":"ImageObject","inLanguage":"tr","@id":"https:\/\/tdv.org\/tr-TR\/turkiye-diyanet-vakfi-gazzede-8-milyon-718-bin-kisilik-insani-yardim-dagitti\/#primaryimage","url":"https:\/\/tdv.org\/tr-TR\/wp-content\/uploads\/2025\/10\/turkiye-diyanet-vakfi-gazze-de-8-7-milyon-kisiye-insani-yardim-ulastirdi-3.jpg","contentUrl":"https:\/\/tdv.org\/tr-TR\/wp-content\/uploads\/2025\/10\/turkiye-diyanet-vakfi-gazze-de-8-7-milyon-kisiye-insani-yardim-ulastirdi-3.jpg","width":1152,"height":768,"caption":"T\u00fcrkiye Diyanet Vakf\u0131, Gazze'de 8,7 milyon ki\u015fiye insani yard\u0131m ula\u015ft\u0131rd\u0131"},{"@type":"BreadcrumbList","@id":"https:\/\/tdv.org\/tr-TR\/turkiye-diyanet-vakfi-gazzede-8-milyon-718-bin-kisilik-insani-yardim-dagitti\/#breadcrumb","itemListElement":[{"@type":"ListItem","position":1,"name":"Anasayfa","item":"https:\/\/tdv.org\/tr-TR\/"},{"@type":"ListItem","position":2,"name":"T\u00fcrkiye Diyanet Vakf\u0131, Gazze\u2019de 8 milyon 718 bin ki\u015filik insani yard\u0131m da\u011f\u0131tt\u0131"}]},{"@type":"WebSite","@id":"https:\/\/tdv.org\/tr-TR\/#website","url":"https:\/\/tdv.org\/tr-TR\/","name":"T\u00fcrkiye Diyanet Vakf\u0131 Resmi Web Sitesi","description":"Yery\u00fcz\u00fcnde iyilik egemen oluncaya kadar","publisher":{"@id":"https:\/\/tdv.org\/tr-TR\/#organization"},"alternateName":"T\u00fcrkiye Diyanet Vakf\u0131","potentialAction":[{"@type":"SearchAction","target":{"@type":"EntryPoint","urlTemplate":"https:\/\/tdv.org\/tr-TR\/?s={search_term_string}"},"query-input":{"@type":"PropertyValueSpecification","valueRequired":true,"valueName":"search_term_string"}}],"inLanguage":"tr"},{"@type":"Organization","@id":"https:\/\/tdv.org\/tr-TR\/#organization","name":"T\u00fcrkiye Diyanet Vakf\u0131","alternateName":"T\u00fcrkiye Diyanet Vakf\u0131","url":"https:\/\/tdv.org\/tr-TR\/","logo":{"@type":"ImageObject","inLanguage":"tr","@id":"https:\/\/tdv.org\/tr-TR\/#\/schema\/logo\/image\/","url":"https:\/\/tdv.org\/tr-TR\/wp-content\/uploads\/2018\/12\/TDV_Logo_1.png","contentUrl":"https:\/\/tdv.org\/tr-TR\/wp-content\/uploads\/2018\/12\/TDV_Logo_1.png","width":207,"height":71,"caption":"T\u00fcrkiye Diyanet Vakf\u0131"},"image":{"@id":"https:\/\/tdv.org\/tr-TR\/#\/schema\/logo\/image\/"},"sameAs":["https:\/\/www.facebook.com\/Diyanetvakfi\/","https:\/\/x.com\/DiyanetVakfi","https:\/\/www.instagram.com\/turkiyediyanetvakfi\/","https:\/\/www.youtube.com\/user\/TurkiyeDiyanetVakfi"]},{"@type":"Person","@id":"https:\/\/tdv.org\/tr-TR\/#\/schema\/person\/752b55e264a99273d55636516d96d5eb","name":"Selim","image":{"@type":"ImageObject","inLanguage":"tr","@id":"https:\/\/tdv.org\/tr-TR\/wp-content\/litespeed\/avatar\/a1e47b25396e98e5b781e88a5396cd96.jpg?ver=1777287391","url":"https:\/\/tdv.org\/tr-TR\/wp-content\/litespeed\/avatar\/a1e47b25396e98e5b781e88a5396cd96.jpg?ver=1777287391","contentUrl":"https:\/\/tdv.org\/tr-TR\/wp-content\/litespeed\/avatar\/a1e47b25396e98e5b781e88a5396cd96.jpg?ver=1777287391","caption":"Selim"}}]}},"_links":{"self":[{"href":"https:\/\/tdv.org\/tr-TR\/wp-json\/wp\/v2\/posts\/53532","targetHints":{"allow":["GET"]}}],"collection":[{"href":"https:\/\/tdv.org\/tr-TR\/wp-json\/wp\/v2\/posts"}],"about":[{"href":"https:\/\/tdv.org\/tr-TR\/wp-json\/wp\/v2\/types\/post"}],"author":[{"embeddable":true,"href":"https:\/\/tdv.org\/tr-TR\/wp-json\/wp\/v2\/users\/8"}],"replies":[{"embeddable":true,"href":"https:\/\/tdv.org\/tr-TR\/wp-json\/wp\/v2\/comments?post=53532"}],"version-history":[{"count":1,"href":"https:\/\/tdv.org\/tr-TR\/wp-json\/wp\/v2\/posts\/53532\/revisions"}],"predecessor-version":[{"id":53544,"href":"https:\/\/tdv.org\/tr-TR\/wp-json\/wp\/v2\/posts\/53532\/revisions\/53544"}],"wp:featuredmedia":[{"embeddable":true,"href":"https:\/\/tdv.org\/tr-TR\/wp-json\/wp\/v2\/media\/53535"}],"wp:attachment":[{"href":"https:\/\/tdv.org\/tr-TR\/wp-json\/wp\/v2\/media?parent=53532"}],"wp:term":[{"taxonomy":"category","embeddable":true,"href":"https:\/\/tdv.org\/tr-TR\/wp-json\/wp\/v2\/categories?post=53532"},{"taxonomy":"post_tag","embeddable":true,"href":"https:\/\/tdv.org\/tr-TR\/wp-json\/wp\/v2\/tags?post=53532"}],"curies":[{"name":"wp","href":"https:\/\/api.w.org\/{rel}","templated":true}]}}