{"id":53624,"date":"2025-11-03T16:45:03","date_gmt":"2025-11-03T13:45:03","guid":{"rendered":"https:\/\/tdv.org\/tr-TR\/?p=53624"},"modified":"2025-11-03T20:53:46","modified_gmt":"2025-11-03T17:53:46","slug":"turkiye-diyanet-vakfindan-senegalde-ogrencilere-egitim-destegi","status":"publish","type":"post","link":"https:\/\/tdv.org\/tr-TR\/turkiye-diyanet-vakfindan-senegalde-ogrencilere-egitim-destegi\/","title":{"rendered":"T\u00fcrkiye Diyanet Vakf\u0131\u2019ndan Senegal&#8217;de \u00f6\u011frencilere e\u011fitim deste\u011fi"},"content":{"rendered":"<p style=\"text-align: justify;\">T\u00fcrkiye&#8217;nin Dakar B\u00fcy\u00fckel\u00e7ili\u011fi Sosyal \u0130\u015fler M\u00fc\u015favirli\u011fi, <a href=\"https:\/\/tdv.org\/tr-TR\/\" target=\"_blank\" rel=\"noopener\">T\u00fcrkiye\u00a0Diyanet\u00a0Vakf\u0131\u00a0(TDV)<\/a> i\u015f birli\u011fiyle Senegal&#8217;in Thies b\u00f6lgesindeki Bandia \u0130lkokulu \u00f6\u011frencilerine ders kitab\u0131 ve defter deste\u011finde bulundu.<\/p>\n<p style=\"text-align: justify;\">Bandia&#8217;da d\u00fczenlenen programa Dakar B\u00fcy\u00fckel\u00e7ili\u011fi Sosyal \u0130\u015fler M\u00fc\u015faviri Faruk Uslu, TDV Bat\u0131 Afrika temsilcisi Furkan Faruk Taze, yerel y\u00f6neticiler, okul idaresi, \u00f6\u011fretmenler, \u00f6\u011frenciler ve veliler kat\u0131ld\u0131.<\/p>\n<p style=\"text-align: justify;\">\u00c7e\u015fitli <a href=\"https:\/\/bagis.tdv.org\/#egitim\" target=\"_blank\" rel=\"noopener\">e\u011fitim<\/a> materyallerinin takdim edildi\u011fi t\u00f6rende \u00f6\u011frencilere y\u00f6nelik moral ve motivasyon konu\u015fmalar\u0131 yap\u0131ld\u0131.<\/p>\n<p style=\"text-align: justify;\">Uslu, t\u00f6rende yapt\u0131\u011f\u0131 konu\u015fmada, <a href=\"https:\/\/bagis.tdv.org\/#egitim\" target=\"_blank\" rel=\"noopener\">e\u011fitimin<\/a> toplumlar\u0131n ilerlemesinde en temel unsur oldu\u011funu vurgulayarak, &#8220;Bu k\u00fc\u00e7\u00fck hediyeler, sadece kitap ve defter de\u011fil bilgiye, umuda ve gelece\u011fe a\u00e7\u0131lan birer kap\u0131d\u0131r. T\u00fcrkiye ve Senegal, dostlu\u011fun \u00f6tesinde karde\u015f iki \u00fclkedir. Bu karde\u015fli\u011fimizi <a href=\"https:\/\/bagis.tdv.org\/#egitim\" target=\"_blank\" rel=\"noopener\">e\u011fitim<\/a> alan\u0131nda da peki\u015ftirmekten b\u00fcy\u00fck mutluluk duyuyoruz.&#8221; Dedi.<\/p>\n<p style=\"text-align: justify;\">Uslu, desteklerinden dolay\u0131 TDV ba\u011f\u0131\u015f\u00e7\u0131lar\u0131na te\u015fekk\u00fcr ederek, iki \u00fclke aras\u0131ndaki i\u015f birli\u011finin bundan sonra da artarak s\u00fcrece\u011fini vurgulad\u0131.<\/p>\n<p style=\"text-align: justify;\">Okul M\u00fcd\u00fcr\u00fc Ousmane Sall de velilerin kitap temininde g\u00fc\u00e7l\u00fck ya\u015fad\u0131\u011f\u0131n\u0131 belirterek, bu deste\u011fin ihtiya\u00e7 duyulan zamanda geldi\u011fini ifade etti. Okul bah\u00e7esinde foto\u011fraf \u00e7ekimiyle etkinlik sona erdi.<\/p>\n\n\t\t<style type=\"text\/css\">\n\t\t\t#gallery-1 {\n\t\t\t\tmargin: auto;\n\t\t\t}\n\t\t\t#gallery-1 .gallery-item {\n\t\t\t\tfloat: left;\n\t\t\t\tmargin-top: 10px;\n\t\t\t\ttext-align: center;\n\t\t\t\twidth: 33%;\n\t\t\t}\n\t\t\t#gallery-1 img {\n\t\t\t\tborder: 2px solid #cfcfcf;\n\t\t\t}\n\t\t\t#gallery-1 .gallery-caption {\n\t\t\t\tmargin-left: 0;\n\t\t\t}\n\t\t\t\/* see gallery_shortcode() in wp-includes\/media.php *\/\n\t\t<\/style>\n\t\t<div id='gallery-1' class='gallery galleryid-53624 gallery-columns-3 gallery-size-large'><dl class='gallery-item'>\n\t\t\t<dt class='gallery-icon landscape'>\n\t\t\t\t<a href='https:\/\/tdv.org\/tr-TR\/wp-content\/uploads\/2025\/11\/turkiye-diyanet-vakfindan-senegalde-ogrencilere-egitim-destegi-1.jpg'><img decoding=\"async\" width=\"1024\" height=\"683\" src=\"https:\/\/tdv.org\/tr-TR\/wp-content\/uploads\/2025\/11\/turkiye-diyanet-vakfindan-senegalde-ogrencilere-egitim-destegi-1-1024x683.jpg\" class=\"attachment-large size-large\" alt=\"turkiye-diyanet-vakfindan-senegalde-ogrencilere-egitim-destegi, e\u011fitim, burs\" srcset=\"https:\/\/tdv.org\/tr-TR\/wp-content\/uploads\/2025\/11\/turkiye-diyanet-vakfindan-senegalde-ogrencilere-egitim-destegi-1-1024x683.jpg 1024w, https:\/\/tdv.org\/tr-TR\/wp-content\/uploads\/2025\/11\/turkiye-diyanet-vakfindan-senegalde-ogrencilere-egitim-destegi-1-300x200.jpg 300w, https:\/\/tdv.org\/tr-TR\/wp-content\/uploads\/2025\/11\/turkiye-diyanet-vakfindan-senegalde-ogrencilere-egitim-destegi-1-768x512.jpg 768w, https:\/\/tdv.org\/tr-TR\/wp-content\/uploads\/2025\/11\/turkiye-diyanet-vakfindan-senegalde-ogrencilere-egitim-destegi-1-900x600.jpg 900w, https:\/\/tdv.org\/tr-TR\/wp-content\/uploads\/2025\/11\/turkiye-diyanet-vakfindan-senegalde-ogrencilere-egitim-destegi-1.jpg 1152w\" sizes=\"(max-width: 1024px) 100vw, 1024px\" \/><\/a>\n\t\t\t<\/dt><\/dl><dl class='gallery-item'>\n\t\t\t<dt class='gallery-icon landscape'>\n\t\t\t\t<a href='https:\/\/tdv.org\/tr-TR\/wp-content\/uploads\/2025\/11\/turkiye-diyanet-vakfindan-senegalde-ogrencilere-egitim-destegi-2.jpg'><img decoding=\"async\" width=\"1024\" height=\"682\" src=\"https:\/\/tdv.org\/tr-TR\/wp-content\/uploads\/2025\/11\/turkiye-diyanet-vakfindan-senegalde-ogrencilere-egitim-destegi-2-1024x682.jpg\" class=\"attachment-large size-large\" alt=\"turkiye-diyanet-vakfindan-senegalde-ogrencilere-egitim-destegi, e\u011fitim, burs\" srcset=\"https:\/\/tdv.org\/tr-TR\/wp-content\/uploads\/2025\/11\/turkiye-diyanet-vakfindan-senegalde-ogrencilere-egitim-destegi-2-1024x682.jpg 1024w, https:\/\/tdv.org\/tr-TR\/wp-content\/uploads\/2025\/11\/turkiye-diyanet-vakfindan-senegalde-ogrencilere-egitim-destegi-2-300x200.jpg 300w, https:\/\/tdv.org\/tr-TR\/wp-content\/uploads\/2025\/11\/turkiye-diyanet-vakfindan-senegalde-ogrencilere-egitim-destegi-2-768x512.jpg 768w, https:\/\/tdv.org\/tr-TR\/wp-content\/uploads\/2025\/11\/turkiye-diyanet-vakfindan-senegalde-ogrencilere-egitim-destegi-2-900x600.jpg 900w, https:\/\/tdv.org\/tr-TR\/wp-content\/uploads\/2025\/11\/turkiye-diyanet-vakfindan-senegalde-ogrencilere-egitim-destegi-2.jpg 1153w\" sizes=\"(max-width: 1024px) 100vw, 1024px\" \/><\/a>\n\t\t\t<\/dt><\/dl><dl class='gallery-item'>\n\t\t\t<dt class='gallery-icon landscape'>\n\t\t\t\t<a href='https:\/\/tdv.org\/tr-TR\/wp-content\/uploads\/2025\/11\/turkiye-diyanet-vakfindan-senegalde-ogrencilere-egitim-destegi-3.jpg'><img decoding=\"async\" width=\"1024\" height=\"682\" src=\"https:\/\/tdv.org\/tr-TR\/wp-content\/uploads\/2025\/11\/turkiye-diyanet-vakfindan-senegalde-ogrencilere-egitim-destegi-3-1024x682.jpg\" class=\"attachment-large size-large\" alt=\"turkiye-diyanet-vakfindan-senegalde-ogrencilere-egitim-destegi, e\u011fitim, burs\" srcset=\"https:\/\/tdv.org\/tr-TR\/wp-content\/uploads\/2025\/11\/turkiye-diyanet-vakfindan-senegalde-ogrencilere-egitim-destegi-3-1024x682.jpg 1024w, https:\/\/tdv.org\/tr-TR\/wp-content\/uploads\/2025\/11\/turkiye-diyanet-vakfindan-senegalde-ogrencilere-egitim-destegi-3-300x200.jpg 300w, https:\/\/tdv.org\/tr-TR\/wp-content\/uploads\/2025\/11\/turkiye-diyanet-vakfindan-senegalde-ogrencilere-egitim-destegi-3-768x512.jpg 768w, https:\/\/tdv.org\/tr-TR\/wp-content\/uploads\/2025\/11\/turkiye-diyanet-vakfindan-senegalde-ogrencilere-egitim-destegi-3-900x600.jpg 900w, https:\/\/tdv.org\/tr-TR\/wp-content\/uploads\/2025\/11\/turkiye-diyanet-vakfindan-senegalde-ogrencilere-egitim-destegi-3.jpg 1153w\" sizes=\"(max-width: 1024px) 100vw, 1024px\" \/><\/a>\n\t\t\t<\/dt><\/dl><br style=\"clear: both\" \/><dl class='gallery-item'>\n\t\t\t<dt class='gallery-icon landscape'>\n\t\t\t\t<a href='https:\/\/tdv.org\/tr-TR\/wp-content\/uploads\/2025\/11\/turkiye-diyanet-vakfindan-senegalde-ogrencilere-egitim-destegi-4.jpg'><img decoding=\"async\" width=\"1024\" height=\"683\" src=\"https:\/\/tdv.org\/tr-TR\/wp-content\/uploads\/2025\/11\/turkiye-diyanet-vakfindan-senegalde-ogrencilere-egitim-destegi-4-1024x683.jpg\" class=\"attachment-large size-large\" alt=\"turkiye-diyanet-vakfindan-senegalde-ogrencilere-egitim-destegi, e\u011fitim, burs\" srcset=\"https:\/\/tdv.org\/tr-TR\/wp-content\/uploads\/2025\/11\/turkiye-diyanet-vakfindan-senegalde-ogrencilere-egitim-destegi-4-1024x683.jpg 1024w, https:\/\/tdv.org\/tr-TR\/wp-content\/uploads\/2025\/11\/turkiye-diyanet-vakfindan-senegalde-ogrencilere-egitim-destegi-4-300x200.jpg 300w, https:\/\/tdv.org\/tr-TR\/wp-content\/uploads\/2025\/11\/turkiye-diyanet-vakfindan-senegalde-ogrencilere-egitim-destegi-4-768x512.jpg 768w, https:\/\/tdv.org\/tr-TR\/wp-content\/uploads\/2025\/11\/turkiye-diyanet-vakfindan-senegalde-ogrencilere-egitim-destegi-4-900x600.jpg 900w, https:\/\/tdv.org\/tr-TR\/wp-content\/uploads\/2025\/11\/turkiye-diyanet-vakfindan-senegalde-ogrencilere-egitim-destegi-4.jpg 1152w\" sizes=\"(max-width: 1024px) 100vw, 1024px\" \/><\/a>\n\t\t\t<\/dt><\/dl>\n\t\t\t<br style='clear: both' \/>\n\t\t<\/div>\n\n","protected":false},"excerpt":{"rendered":"<p>T\u00fcrkiye&#8217;nin Dakar B\u00fcy\u00fckel\u00e7ili\u011fi Sosyal \u0130\u015fler M\u00fc\u015favirli\u011fi, T\u00fcrkiye\u00a0Diyanet\u00a0Vakf\u0131\u00a0(TDV) i\u015f birli\u011fiyle Senegal&#8217;in Thies b\u00f6lgesindeki Bandia \u0130lkokulu \u00f6\u011frencilerine ders kitab\u0131 ve defter deste\u011finde bulundu. Bandia&#8217;da d\u00fczenlenen programa Dakar B\u00fcy\u00fckel\u00e7ili\u011fi Sosyal \u0130\u015fler M\u00fc\u015faviri Faruk&#8230;<\/p>\n","protected":false},"author":8,"featured_media":53625,"comment_status":"closed","ping_status":"closed","sticky":false,"template":"","format":"standard","meta":{"footnotes":""},"categories":[1],"tags":[2447,2377,484,578,1100,802,135,2188,1122],"class_list":{"0":"post-53624","1":"post","2":"type-post","3":"status-publish","4":"format-standard","5":"has-post-thumbnail","7":"category-haberler","8":"tag-2024-2025-egitim-donemi","9":"tag-2025-uluslararasi-burs-programlari","10":"tag-burs","11":"tag-burs-basvurusu","12":"tag-burs-programi","13":"tag-burslu-egitim","14":"tag-egitim","15":"tag-egitim-bursu","16":"tag-egitim-semineri"},"yoast_head":"<!-- This site is optimized with the Yoast SEO plugin v27.5 - https:\/\/yoast.com\/product\/yoast-seo-wordpress\/ -->\n<title>T\u00fcrkiye Diyanet Vakf\u0131\u2019ndan Senegal&#039;de \u00f6\u011frencilere e\u011fitim deste\u011fi<\/title>\n<meta name=\"description\" content=\"T\u00fcrkiye&#039;nin Dakar B\u00fcy\u00fckel\u00e7ili\u011fi Sosyal \u0130\u015fler M\u00fc\u015favirli\u011fi, T\u00fcrkiye\u00a0Diyanet\u00a0Vakf\u0131\u00a0(TDV) i\u015f birli\u011fiyle Senegal&#039;in Thies b\u00f6lgesindeki Bandia \u0130lkokulu \u00f6\u011frencilerine ders kitab\u0131 ve defter deste\u011finde bulundu.\" \/>\n<meta name=\"robots\" content=\"index, follow, max-snippet:-1, max-image-preview:large, max-video-preview:-1\" \/>\n<link rel=\"canonical\" href=\"https:\/\/tdv.org\/tr-TR\/turkiye-diyanet-vakfindan-senegalde-ogrencilere-egitim-destegi\/\" \/>\n<meta property=\"og:locale\" content=\"tr_TR\" \/>\n<meta property=\"og:type\" content=\"article\" \/>\n<meta property=\"og:title\" content=\"T\u00fcrkiye Diyanet Vakf\u0131\u2019ndan Senegal&#039;de \u00f6\u011frencilere e\u011fitim deste\u011fi\" \/>\n<meta property=\"og:description\" content=\"T\u00fcrkiye&#039;nin Dakar B\u00fcy\u00fckel\u00e7ili\u011fi Sosyal \u0130\u015fler M\u00fc\u015favirli\u011fi, T\u00fcrkiye\u00a0Diyanet\u00a0Vakf\u0131\u00a0(TDV) i\u015f birli\u011fiyle Senegal&#039;in Thies b\u00f6lgesindeki Bandia \u0130lkokulu \u00f6\u011frencilerine ders kitab\u0131 ve defter deste\u011finde bulundu.\" \/>\n<meta property=\"og:url\" content=\"https:\/\/tdv.org\/tr-TR\/turkiye-diyanet-vakfindan-senegalde-ogrencilere-egitim-destegi\/\" \/>\n<meta property=\"og:site_name\" content=\"T\u00fcrkiye Diyanet Vakf\u0131 Resmi Web Sitesi\" \/>\n<meta property=\"article:publisher\" content=\"https:\/\/www.facebook.com\/Diyanetvakfi\/\" \/>\n<meta property=\"article:published_time\" content=\"2025-11-03T13:45:03+00:00\" \/>\n<meta property=\"article:modified_time\" content=\"2025-11-03T17:53:46+00:00\" \/>\n<meta property=\"og:image\" content=\"https:\/\/tdv.org\/tr-TR\/wp-content\/uploads\/2025\/11\/turkiye-diyanet-vakfindan-senegalde-ogrencilere-egitim-destegi-1.jpg\" \/>\n\t<meta property=\"og:image:width\" content=\"1152\" \/>\n\t<meta property=\"og:image:height\" content=\"768\" \/>\n\t<meta property=\"og:image:type\" content=\"image\/jpeg\" \/>\n<meta name=\"author\" content=\"Selim\" \/>\n<meta name=\"twitter:card\" content=\"summary_large_image\" \/>\n<meta name=\"twitter:creator\" content=\"@DiyanetVakfi\" \/>\n<meta name=\"twitter:site\" content=\"@DiyanetVakfi\" \/>\n<script type=\"application\/ld+json\" class=\"yoast-schema-graph\">{\"@context\":\"https:\\\/\\\/schema.org\",\"@graph\":[{\"@type\":\"Article\",\"@id\":\"https:\\\/\\\/tdv.org\\\/tr-TR\\\/turkiye-diyanet-vakfindan-senegalde-ogrencilere-egitim-destegi\\\/#article\",\"isPartOf\":{\"@id\":\"https:\\\/\\\/tdv.org\\\/tr-TR\\\/turkiye-diyanet-vakfindan-senegalde-ogrencilere-egitim-destegi\\\/\"},\"author\":{\"name\":\"Selim\",\"@id\":\"https:\\\/\\\/tdv.org\\\/tr-TR\\\/#\\\/schema\\\/person\\\/752b55e264a99273d55636516d96d5eb\"},\"headline\":\"T\u00fcrkiye Diyanet Vakf\u0131\u2019ndan Senegal&#8217;de \u00f6\u011frencilere e\u011fitim deste\u011fi\",\"datePublished\":\"2025-11-03T13:45:03+00:00\",\"dateModified\":\"2025-11-03T17:53:46+00:00\",\"mainEntityOfPage\":{\"@id\":\"https:\\\/\\\/tdv.org\\\/tr-TR\\\/turkiye-diyanet-vakfindan-senegalde-ogrencilere-egitim-destegi\\\/\"},\"wordCount\":237,\"publisher\":{\"@id\":\"https:\\\/\\\/tdv.org\\\/tr-TR\\\/#organization\"},\"image\":{\"@id\":\"https:\\\/\\\/tdv.org\\\/tr-TR\\\/turkiye-diyanet-vakfindan-senegalde-ogrencilere-egitim-destegi\\\/#primaryimage\"},\"thumbnailUrl\":\"https:\\\/\\\/tdv.org\\\/tr-TR\\\/wp-content\\\/uploads\\\/2025\\\/11\\\/turkiye-diyanet-vakfindan-senegalde-ogrencilere-egitim-destegi-1.jpg\",\"keywords\":[\"2024-2025 e\u011fitim d\u00f6nemi\",\"2025 Uluslararas\u0131 Burs Programlar\u0131\",\"Burs\",\"burs ba\u015fvurusu\",\"burs program\u0131\",\"burslu e\u011fitim\",\"e\u011fitim\",\"E\u011fitim Bursu\",\"e\u011fitim semineri\"],\"articleSection\":[\"Haberler\"],\"inLanguage\":\"tr\"},{\"@type\":\"WebPage\",\"@id\":\"https:\\\/\\\/tdv.org\\\/tr-TR\\\/turkiye-diyanet-vakfindan-senegalde-ogrencilere-egitim-destegi\\\/\",\"url\":\"https:\\\/\\\/tdv.org\\\/tr-TR\\\/turkiye-diyanet-vakfindan-senegalde-ogrencilere-egitim-destegi\\\/\",\"name\":\"T\u00fcrkiye Diyanet Vakf\u0131\u2019ndan Senegal'de \u00f6\u011frencilere e\u011fitim deste\u011fi\",\"isPartOf\":{\"@id\":\"https:\\\/\\\/tdv.org\\\/tr-TR\\\/#website\"},\"primaryImageOfPage\":{\"@id\":\"https:\\\/\\\/tdv.org\\\/tr-TR\\\/turkiye-diyanet-vakfindan-senegalde-ogrencilere-egitim-destegi\\\/#primaryimage\"},\"image\":{\"@id\":\"https:\\\/\\\/tdv.org\\\/tr-TR\\\/turkiye-diyanet-vakfindan-senegalde-ogrencilere-egitim-destegi\\\/#primaryimage\"},\"thumbnailUrl\":\"https:\\\/\\\/tdv.org\\\/tr-TR\\\/wp-content\\\/uploads\\\/2025\\\/11\\\/turkiye-diyanet-vakfindan-senegalde-ogrencilere-egitim-destegi-1.jpg\",\"datePublished\":\"2025-11-03T13:45:03+00:00\",\"dateModified\":\"2025-11-03T17:53:46+00:00\",\"description\":\"T\u00fcrkiye'nin Dakar B\u00fcy\u00fckel\u00e7ili\u011fi Sosyal \u0130\u015fler M\u00fc\u015favirli\u011fi, T\u00fcrkiye\u00a0Diyanet\u00a0Vakf\u0131\u00a0(TDV) i\u015f birli\u011fiyle Senegal'in Thies b\u00f6lgesindeki Bandia \u0130lkokulu \u00f6\u011frencilerine ders kitab\u0131 ve defter deste\u011finde bulundu.\",\"breadcrumb\":{\"@id\":\"https:\\\/\\\/tdv.org\\\/tr-TR\\\/turkiye-diyanet-vakfindan-senegalde-ogrencilere-egitim-destegi\\\/#breadcrumb\"},\"inLanguage\":\"tr\",\"potentialAction\":[{\"@type\":\"ReadAction\",\"target\":[\"https:\\\/\\\/tdv.org\\\/tr-TR\\\/turkiye-diyanet-vakfindan-senegalde-ogrencilere-egitim-destegi\\\/\"]}]},{\"@type\":\"ImageObject\",\"inLanguage\":\"tr\",\"@id\":\"https:\\\/\\\/tdv.org\\\/tr-TR\\\/turkiye-diyanet-vakfindan-senegalde-ogrencilere-egitim-destegi\\\/#primaryimage\",\"url\":\"https:\\\/\\\/tdv.org\\\/tr-TR\\\/wp-content\\\/uploads\\\/2025\\\/11\\\/turkiye-diyanet-vakfindan-senegalde-ogrencilere-egitim-destegi-1.jpg\",\"contentUrl\":\"https:\\\/\\\/tdv.org\\\/tr-TR\\\/wp-content\\\/uploads\\\/2025\\\/11\\\/turkiye-diyanet-vakfindan-senegalde-ogrencilere-egitim-destegi-1.jpg\",\"width\":1152,\"height\":768,\"caption\":\"turkiye-diyanet-vakfindan-senegalde-ogrencilere-egitim-destegi, e\u011fitim, burs\"},{\"@type\":\"BreadcrumbList\",\"@id\":\"https:\\\/\\\/tdv.org\\\/tr-TR\\\/turkiye-diyanet-vakfindan-senegalde-ogrencilere-egitim-destegi\\\/#breadcrumb\",\"itemListElement\":[{\"@type\":\"ListItem\",\"position\":1,\"name\":\"Anasayfa\",\"item\":\"https:\\\/\\\/tdv.org\\\/tr-TR\\\/\"},{\"@type\":\"ListItem\",\"position\":2,\"name\":\"T\u00fcrkiye Diyanet Vakf\u0131\u2019ndan Senegal&#8217;de \u00f6\u011frencilere e\u011fitim deste\u011fi\"}]},{\"@type\":\"WebSite\",\"@id\":\"https:\\\/\\\/tdv.org\\\/tr-TR\\\/#website\",\"url\":\"https:\\\/\\\/tdv.org\\\/tr-TR\\\/\",\"name\":\"T\u00fcrkiye Diyanet Vakf\u0131 Resmi Web Sitesi\",\"description\":\"Yery\u00fcz\u00fcnde iyilik egemen oluncaya kadar\",\"publisher\":{\"@id\":\"https:\\\/\\\/tdv.org\\\/tr-TR\\\/#organization\"},\"alternateName\":\"T\u00fcrkiye Diyanet Vakf\u0131\",\"potentialAction\":[{\"@type\":\"SearchAction\",\"target\":{\"@type\":\"EntryPoint\",\"urlTemplate\":\"https:\\\/\\\/tdv.org\\\/tr-TR\\\/?s={search_term_string}\"},\"query-input\":{\"@type\":\"PropertyValueSpecification\",\"valueRequired\":true,\"valueName\":\"search_term_string\"}}],\"inLanguage\":\"tr\"},{\"@type\":\"Organization\",\"@id\":\"https:\\\/\\\/tdv.org\\\/tr-TR\\\/#organization\",\"name\":\"T\u00fcrkiye Diyanet Vakf\u0131\",\"alternateName\":\"T\u00fcrkiye Diyanet Vakf\u0131\",\"url\":\"https:\\\/\\\/tdv.org\\\/tr-TR\\\/\",\"logo\":{\"@type\":\"ImageObject\",\"inLanguage\":\"tr\",\"@id\":\"https:\\\/\\\/tdv.org\\\/tr-TR\\\/#\\\/schema\\\/logo\\\/image\\\/\",\"url\":\"https:\\\/\\\/tdv.org\\\/tr-TR\\\/wp-content\\\/uploads\\\/2018\\\/12\\\/TDV_Logo_1.png\",\"contentUrl\":\"https:\\\/\\\/tdv.org\\\/tr-TR\\\/wp-content\\\/uploads\\\/2018\\\/12\\\/TDV_Logo_1.png\",\"width\":207,\"height\":71,\"caption\":\"T\u00fcrkiye Diyanet Vakf\u0131\"},\"image\":{\"@id\":\"https:\\\/\\\/tdv.org\\\/tr-TR\\\/#\\\/schema\\\/logo\\\/image\\\/\"},\"sameAs\":[\"https:\\\/\\\/www.facebook.com\\\/Diyanetvakfi\\\/\",\"https:\\\/\\\/x.com\\\/DiyanetVakfi\",\"https:\\\/\\\/www.instagram.com\\\/turkiyediyanetvakfi\\\/\",\"https:\\\/\\\/www.youtube.com\\\/user\\\/TurkiyeDiyanetVakfi\"]},{\"@type\":\"Person\",\"@id\":\"https:\\\/\\\/tdv.org\\\/tr-TR\\\/#\\\/schema\\\/person\\\/752b55e264a99273d55636516d96d5eb\",\"name\":\"Selim\",\"image\":{\"@type\":\"ImageObject\",\"inLanguage\":\"tr\",\"@id\":\"https:\\\/\\\/tdv.org\\\/tr-TR\\\/wp-content\\\/litespeed\\\/avatar\\\/a1e47b25396e98e5b781e88a5396cd96.jpg?ver=1777287391\",\"url\":\"https:\\\/\\\/tdv.org\\\/tr-TR\\\/wp-content\\\/litespeed\\\/avatar\\\/a1e47b25396e98e5b781e88a5396cd96.jpg?ver=1777287391\",\"contentUrl\":\"https:\\\/\\\/tdv.org\\\/tr-TR\\\/wp-content\\\/litespeed\\\/avatar\\\/a1e47b25396e98e5b781e88a5396cd96.jpg?ver=1777287391\",\"caption\":\"Selim\"}}]}<\/script>\n<!-- \/ Yoast SEO plugin. -->","yoast_head_json":{"title":"T\u00fcrkiye Diyanet Vakf\u0131\u2019ndan Senegal'de \u00f6\u011frencilere e\u011fitim deste\u011fi","description":"T\u00fcrkiye'nin Dakar B\u00fcy\u00fckel\u00e7ili\u011fi Sosyal \u0130\u015fler M\u00fc\u015favirli\u011fi, T\u00fcrkiye\u00a0Diyanet\u00a0Vakf\u0131\u00a0(TDV) i\u015f birli\u011fiyle Senegal'in Thies b\u00f6lgesindeki Bandia \u0130lkokulu \u00f6\u011frencilerine ders kitab\u0131 ve defter deste\u011finde bulundu.","robots":{"index":"index","follow":"follow","max-snippet":"max-snippet:-1","max-image-preview":"max-image-preview:large","max-video-preview":"max-video-preview:-1"},"canonical":"https:\/\/tdv.org\/tr-TR\/turkiye-diyanet-vakfindan-senegalde-ogrencilere-egitim-destegi\/","og_locale":"tr_TR","og_type":"article","og_title":"T\u00fcrkiye Diyanet Vakf\u0131\u2019ndan Senegal'de \u00f6\u011frencilere e\u011fitim deste\u011fi","og_description":"T\u00fcrkiye'nin Dakar B\u00fcy\u00fckel\u00e7ili\u011fi Sosyal \u0130\u015fler M\u00fc\u015favirli\u011fi, T\u00fcrkiye\u00a0Diyanet\u00a0Vakf\u0131\u00a0(TDV) i\u015f birli\u011fiyle Senegal'in Thies b\u00f6lgesindeki Bandia \u0130lkokulu \u00f6\u011frencilerine ders kitab\u0131 ve defter deste\u011finde bulundu.","og_url":"https:\/\/tdv.org\/tr-TR\/turkiye-diyanet-vakfindan-senegalde-ogrencilere-egitim-destegi\/","og_site_name":"T\u00fcrkiye Diyanet Vakf\u0131 Resmi Web Sitesi","article_publisher":"https:\/\/www.facebook.com\/Diyanetvakfi\/","article_published_time":"2025-11-03T13:45:03+00:00","article_modified_time":"2025-11-03T17:53:46+00:00","og_image":[{"width":1152,"height":768,"url":"https:\/\/tdv.org\/tr-TR\/wp-content\/uploads\/2025\/11\/turkiye-diyanet-vakfindan-senegalde-ogrencilere-egitim-destegi-1.jpg","type":"image\/jpeg"}],"author":"Selim","twitter_card":"summary_large_image","twitter_creator":"@DiyanetVakfi","twitter_site":"@DiyanetVakfi","schema":{"@context":"https:\/\/schema.org","@graph":[{"@type":"Article","@id":"https:\/\/tdv.org\/tr-TR\/turkiye-diyanet-vakfindan-senegalde-ogrencilere-egitim-destegi\/#article","isPartOf":{"@id":"https:\/\/tdv.org\/tr-TR\/turkiye-diyanet-vakfindan-senegalde-ogrencilere-egitim-destegi\/"},"author":{"name":"Selim","@id":"https:\/\/tdv.org\/tr-TR\/#\/schema\/person\/752b55e264a99273d55636516d96d5eb"},"headline":"T\u00fcrkiye Diyanet Vakf\u0131\u2019ndan Senegal&#8217;de \u00f6\u011frencilere e\u011fitim deste\u011fi","datePublished":"2025-11-03T13:45:03+00:00","dateModified":"2025-11-03T17:53:46+00:00","mainEntityOfPage":{"@id":"https:\/\/tdv.org\/tr-TR\/turkiye-diyanet-vakfindan-senegalde-ogrencilere-egitim-destegi\/"},"wordCount":237,"publisher":{"@id":"https:\/\/tdv.org\/tr-TR\/#organization"},"image":{"@id":"https:\/\/tdv.org\/tr-TR\/turkiye-diyanet-vakfindan-senegalde-ogrencilere-egitim-destegi\/#primaryimage"},"thumbnailUrl":"https:\/\/tdv.org\/tr-TR\/wp-content\/uploads\/2025\/11\/turkiye-diyanet-vakfindan-senegalde-ogrencilere-egitim-destegi-1.jpg","keywords":["2024-2025 e\u011fitim d\u00f6nemi","2025 Uluslararas\u0131 Burs Programlar\u0131","Burs","burs ba\u015fvurusu","burs program\u0131","burslu e\u011fitim","e\u011fitim","E\u011fitim Bursu","e\u011fitim semineri"],"articleSection":["Haberler"],"inLanguage":"tr"},{"@type":"WebPage","@id":"https:\/\/tdv.org\/tr-TR\/turkiye-diyanet-vakfindan-senegalde-ogrencilere-egitim-destegi\/","url":"https:\/\/tdv.org\/tr-TR\/turkiye-diyanet-vakfindan-senegalde-ogrencilere-egitim-destegi\/","name":"T\u00fcrkiye Diyanet Vakf\u0131\u2019ndan Senegal'de \u00f6\u011frencilere e\u011fitim deste\u011fi","isPartOf":{"@id":"https:\/\/tdv.org\/tr-TR\/#website"},"primaryImageOfPage":{"@id":"https:\/\/tdv.org\/tr-TR\/turkiye-diyanet-vakfindan-senegalde-ogrencilere-egitim-destegi\/#primaryimage"},"image":{"@id":"https:\/\/tdv.org\/tr-TR\/turkiye-diyanet-vakfindan-senegalde-ogrencilere-egitim-destegi\/#primaryimage"},"thumbnailUrl":"https:\/\/tdv.org\/tr-TR\/wp-content\/uploads\/2025\/11\/turkiye-diyanet-vakfindan-senegalde-ogrencilere-egitim-destegi-1.jpg","datePublished":"2025-11-03T13:45:03+00:00","dateModified":"2025-11-03T17:53:46+00:00","description":"T\u00fcrkiye'nin Dakar B\u00fcy\u00fckel\u00e7ili\u011fi Sosyal \u0130\u015fler M\u00fc\u015favirli\u011fi, T\u00fcrkiye\u00a0Diyanet\u00a0Vakf\u0131\u00a0(TDV) i\u015f birli\u011fiyle Senegal'in Thies b\u00f6lgesindeki Bandia \u0130lkokulu \u00f6\u011frencilerine ders kitab\u0131 ve defter deste\u011finde bulundu.","breadcrumb":{"@id":"https:\/\/tdv.org\/tr-TR\/turkiye-diyanet-vakfindan-senegalde-ogrencilere-egitim-destegi\/#breadcrumb"},"inLanguage":"tr","potentialAction":[{"@type":"ReadAction","target":["https:\/\/tdv.org\/tr-TR\/turkiye-diyanet-vakfindan-senegalde-ogrencilere-egitim-destegi\/"]}]},{"@type":"ImageObject","inLanguage":"tr","@id":"https:\/\/tdv.org\/tr-TR\/turkiye-diyanet-vakfindan-senegalde-ogrencilere-egitim-destegi\/#primaryimage","url":"https:\/\/tdv.org\/tr-TR\/wp-content\/uploads\/2025\/11\/turkiye-diyanet-vakfindan-senegalde-ogrencilere-egitim-destegi-1.jpg","contentUrl":"https:\/\/tdv.org\/tr-TR\/wp-content\/uploads\/2025\/11\/turkiye-diyanet-vakfindan-senegalde-ogrencilere-egitim-destegi-1.jpg","width":1152,"height":768,"caption":"turkiye-diyanet-vakfindan-senegalde-ogrencilere-egitim-destegi, e\u011fitim, burs"},{"@type":"BreadcrumbList","@id":"https:\/\/tdv.org\/tr-TR\/turkiye-diyanet-vakfindan-senegalde-ogrencilere-egitim-destegi\/#breadcrumb","itemListElement":[{"@type":"ListItem","position":1,"name":"Anasayfa","item":"https:\/\/tdv.org\/tr-TR\/"},{"@type":"ListItem","position":2,"name":"T\u00fcrkiye Diyanet Vakf\u0131\u2019ndan Senegal&#8217;de \u00f6\u011frencilere e\u011fitim deste\u011fi"}]},{"@type":"WebSite","@id":"https:\/\/tdv.org\/tr-TR\/#website","url":"https:\/\/tdv.org\/tr-TR\/","name":"T\u00fcrkiye Diyanet Vakf\u0131 Resmi Web Sitesi","description":"Yery\u00fcz\u00fcnde iyilik egemen oluncaya kadar","publisher":{"@id":"https:\/\/tdv.org\/tr-TR\/#organization"},"alternateName":"T\u00fcrkiye Diyanet Vakf\u0131","potentialAction":[{"@type":"SearchAction","target":{"@type":"EntryPoint","urlTemplate":"https:\/\/tdv.org\/tr-TR\/?s={search_term_string}"},"query-input":{"@type":"PropertyValueSpecification","valueRequired":true,"valueName":"search_term_string"}}],"inLanguage":"tr"},{"@type":"Organization","@id":"https:\/\/tdv.org\/tr-TR\/#organization","name":"T\u00fcrkiye Diyanet Vakf\u0131","alternateName":"T\u00fcrkiye Diyanet Vakf\u0131","url":"https:\/\/tdv.org\/tr-TR\/","logo":{"@type":"ImageObject","inLanguage":"tr","@id":"https:\/\/tdv.org\/tr-TR\/#\/schema\/logo\/image\/","url":"https:\/\/tdv.org\/tr-TR\/wp-content\/uploads\/2018\/12\/TDV_Logo_1.png","contentUrl":"https:\/\/tdv.org\/tr-TR\/wp-content\/uploads\/2018\/12\/TDV_Logo_1.png","width":207,"height":71,"caption":"T\u00fcrkiye Diyanet Vakf\u0131"},"image":{"@id":"https:\/\/tdv.org\/tr-TR\/#\/schema\/logo\/image\/"},"sameAs":["https:\/\/www.facebook.com\/Diyanetvakfi\/","https:\/\/x.com\/DiyanetVakfi","https:\/\/www.instagram.com\/turkiyediyanetvakfi\/","https:\/\/www.youtube.com\/user\/TurkiyeDiyanetVakfi"]},{"@type":"Person","@id":"https:\/\/tdv.org\/tr-TR\/#\/schema\/person\/752b55e264a99273d55636516d96d5eb","name":"Selim","image":{"@type":"ImageObject","inLanguage":"tr","@id":"https:\/\/tdv.org\/tr-TR\/wp-content\/litespeed\/avatar\/a1e47b25396e98e5b781e88a5396cd96.jpg?ver=1777287391","url":"https:\/\/tdv.org\/tr-TR\/wp-content\/litespeed\/avatar\/a1e47b25396e98e5b781e88a5396cd96.jpg?ver=1777287391","contentUrl":"https:\/\/tdv.org\/tr-TR\/wp-content\/litespeed\/avatar\/a1e47b25396e98e5b781e88a5396cd96.jpg?ver=1777287391","caption":"Selim"}}]}},"_links":{"self":[{"href":"https:\/\/tdv.org\/tr-TR\/wp-json\/wp\/v2\/posts\/53624","targetHints":{"allow":["GET"]}}],"collection":[{"href":"https:\/\/tdv.org\/tr-TR\/wp-json\/wp\/v2\/posts"}],"about":[{"href":"https:\/\/tdv.org\/tr-TR\/wp-json\/wp\/v2\/types\/post"}],"author":[{"embeddable":true,"href":"https:\/\/tdv.org\/tr-TR\/wp-json\/wp\/v2\/users\/8"}],"replies":[{"embeddable":true,"href":"https:\/\/tdv.org\/tr-TR\/wp-json\/wp\/v2\/comments?post=53624"}],"version-history":[{"count":1,"href":"https:\/\/tdv.org\/tr-TR\/wp-json\/wp\/v2\/posts\/53624\/revisions"}],"predecessor-version":[{"id":53629,"href":"https:\/\/tdv.org\/tr-TR\/wp-json\/wp\/v2\/posts\/53624\/revisions\/53629"}],"wp:featuredmedia":[{"embeddable":true,"href":"https:\/\/tdv.org\/tr-TR\/wp-json\/wp\/v2\/media\/53625"}],"wp:attachment":[{"href":"https:\/\/tdv.org\/tr-TR\/wp-json\/wp\/v2\/media?parent=53624"}],"wp:term":[{"taxonomy":"category","embeddable":true,"href":"https:\/\/tdv.org\/tr-TR\/wp-json\/wp\/v2\/categories?post=53624"},{"taxonomy":"post_tag","embeddable":true,"href":"https:\/\/tdv.org\/tr-TR\/wp-json\/wp\/v2\/tags?post=53624"}],"curies":[{"name":"wp","href":"https:\/\/api.w.org\/{rel}","templated":true}]}}