{"id":53689,"date":"2025-11-10T09:35:10","date_gmt":"2025-11-10T06:35:10","guid":{"rendered":"https:\/\/tdv.org\/tr-TR\/?p=53689"},"modified":"2025-11-10T09:35:10","modified_gmt":"2025-11-10T06:35:10","slug":"uluslararasi-gazze-insani-yardim-zirvesine-48-ulkeden-kurum-ve-kurulus-katilacak","status":"publish","type":"post","link":"https:\/\/tdv.org\/tr-TR\/uluslararasi-gazze-insani-yardim-zirvesine-48-ulkeden-kurum-ve-kurulus-katilacak\/","title":{"rendered":"Uluslararas\u0131 Gazze \u0130nsani Yard\u0131m Zirvesi&#8217;ne 48 \u00fclkeden kurum ve kurulu\u015f kat\u0131lacak"},"content":{"rendered":"<p style=\"text-align: justify;\"><b><span data-contrast=\"none\"><a href=\"https:\/\/tdv.org\/tr-TR\/\" target=\"_blank\" rel=\"noopener\">T\u00fcrkiye\u202fDiyanet\u202fVakf\u0131nca<\/a> &#8220;Gazze&#8217;nin Gelece\u011fi&#8221; temas\u0131yla 11 ve 12 Kas\u0131m&#8217;da d\u00fczenlenecek zirvede <a href=\"https:\/\/bagis.tdv.org\/kriz-bolgeleri\/filistin-6\" target=\"_blank\" rel=\"noopener\">Gazze<\/a>&#8216;ye y\u00f6nelik kapsaml\u0131, sistemli insani yard\u0131mla ilgili t\u00fcm ba\u015fl\u0131klar m\u00fczakere edilecek.<\/span><\/b><span data-ccp-props=\"{&quot;201341983&quot;:0,&quot;335557856&quot;:16777215,&quot;335559739&quot;:0,&quot;335559740&quot;:240}\">\u00a0<\/span><\/p>\n<p style=\"text-align: justify;\"><span data-contrast=\"none\"><a href=\"https:\/\/tdv.org\/tr-TR\/\" target=\"_blank\" rel=\"noopener\">T\u00fcrkiye\u202fDiyanet\u202fVakf\u0131nca (TDV)<\/a>, <a href=\"https:\/\/bagis.tdv.org\/kriz-bolgeleri\/filistin-6\" target=\"_blank\" rel=\"noopener\">Gazze<\/a>&#8216;de ya\u015fanan insani krize dikkati \u00e7ekmek ve uluslararas\u0131 dayan\u0131\u015fmay\u0131 g\u00fc\u00e7lendirmek amac\u0131yla \u0130stanbul&#8217;da d\u00fczenlenecek Uluslararas\u0131 <a href=\"https:\/\/bagis.tdv.org\/kriz-bolgeleri\/filistin-6\" target=\"_blank\" rel=\"noopener\">Gazze<\/a> \u0130nsani Yard\u0131m Zirvesi&#8217;ne 48 \u00fclkeden 200&#8217;den fazla kurum ve kurulu\u015fun temsilcisi kat\u0131lacak.<\/span><span data-ccp-props=\"{&quot;134233118&quot;:true,&quot;201341983&quot;:2,&quot;335557856&quot;:16777215,&quot;335559740&quot;:390}\">\u00a0<\/span><\/p>\n<p style=\"text-align: justify;\"><span data-contrast=\"none\">Uluslararas\u0131 <a href=\"https:\/\/bagis.tdv.org\/kriz-bolgeleri\/filistin-6\" target=\"_blank\" rel=\"noopener\">Gazze<\/a> \u0130nsani Yard\u0131m Zirvesi, &#8220;<a href=\"https:\/\/bagis.tdv.org\/kriz-bolgeleri\/filistin-6\" target=\"_blank\" rel=\"noopener\">Gazze<\/a>&#8216;nin Gelece\u011fi&#8221; temas\u0131yla 11 ve 12 Kas\u0131m&#8217;da \u0130stanbul&#8217;da d\u00fczenlenecek.<\/span><span data-ccp-props=\"{&quot;134233118&quot;:true,&quot;201341983&quot;:2,&quot;335557856&quot;:16777215,&quot;335559740&quot;:390}\">\u00a0<\/span><\/p>\n<p style=\"text-align: justify;\"><span data-contrast=\"none\">Zirveye, ulusal ve uluslararas\u0131 yetkililer, sivil toplum kurulu\u015fu temsilcileri, insan haklar\u0131 savunucular\u0131, akademisyenler ve medya temsilcileri kat\u0131lacak.<\/span><span data-ccp-props=\"{&quot;134233118&quot;:true,&quot;201341983&quot;:2,&quot;335557856&quot;:16777215,&quot;335559740&quot;:390}\">\u00a0<\/span><\/p>\n<p style=\"text-align: justify;\"><span data-contrast=\"none\">T\u00fcrkiye ve 48 \u00fclkeden 200&#8217;den fazla kurum ve kurulu\u015fun temsilcisinin kat\u0131l\u0131m sa\u011flayaca\u011f\u0131 zirvede 400&#8217;den fazla kat\u0131l\u0131mc\u0131 yer alacak.<\/span><span data-ccp-props=\"{&quot;134233118&quot;:true,&quot;201341983&quot;:2,&quot;335557856&quot;:16777215,&quot;335559740&quot;:390}\">\u00a0<\/span><\/p>\n<p style=\"text-align: justify;\"><span data-contrast=\"none\"><a href=\"https:\/\/bagis.tdv.org\/kriz-bolgeleri\/filistin-6\" target=\"_blank\" rel=\"noopener\">Gazze<\/a>&#8216;de 2 y\u0131l\u0131 a\u015fk\u0131n s\u00fcredir devam eden insani krize kal\u0131c\u0131 ve etkili \u00e7\u00f6z\u00fcm bulmay\u0131 hedefleyen zirvede, ate\u015fkesin ard\u0131ndan altyap\u0131dan sa\u011fl\u0131\u011fa, e\u011fitimden bar\u0131nmaya kadar hayati alanlarda ya\u015fanan y\u0131k\u0131mdan etkilenen milyonlarca sivilin, insani yard\u0131m ihtiya\u00e7lar\u0131 ile ortak ve s\u00fcrd\u00fcr\u00fclebilir \u00e7\u00f6z\u00fcm mekanizmalar\u0131 ele al\u0131nacak.<\/span><span data-ccp-props=\"{&quot;134233118&quot;:true,&quot;201341983&quot;:2,&quot;335557856&quot;:16777215,&quot;335559740&quot;:390}\">\u00a0<\/span><\/p>\n<p style=\"text-align: justify;\"><span data-contrast=\"none\">\u0130ki g\u00fcn s\u00fcrecek zirvede d\u00fczenlenecek 5 \u00e7al\u0131\u015ftayla <a href=\"https:\/\/bagis.tdv.org\/kriz-bolgeleri\/filistin-6\" target=\"_blank\" rel=\"noopener\">Gazze<\/a>&#8216;de kapsaml\u0131 ve sistemli insani yard\u0131mla ilgili t\u00fcm ba\u015fl\u0131klar m\u00fczakere edilecek.<\/span><span data-ccp-props=\"{&quot;134233118&quot;:true,&quot;201341983&quot;:2,&quot;335557856&quot;:16777215,&quot;335559740&quot;:390}\">\u00a0<\/span><\/p>\n<p style=\"text-align: justify;\"><span data-contrast=\"none\">Zirvenin sonunda sonu\u00e7 bildirgesi a\u00e7\u0131klanacak.<\/span><\/p>\n","protected":false},"excerpt":{"rendered":"<p>T\u00fcrkiye\u202fDiyanet\u202fVakf\u0131nca &#8220;Gazze&#8217;nin Gelece\u011fi&#8221; temas\u0131yla 11 ve 12 Kas\u0131m&#8217;da d\u00fczenlenecek zirvede Gazze&#8216;ye y\u00f6nelik kapsaml\u0131, sistemli insani yard\u0131mla ilgili t\u00fcm ba\u015fl\u0131klar m\u00fczakere edilecek.\u00a0 T\u00fcrkiye\u202fDiyanet\u202fVakf\u0131nca (TDV), Gazze&#8216;de ya\u015fanan insani krize dikkati \u00e7ekmek ve&#8230;<\/p>\n","protected":false},"author":8,"featured_media":53691,"comment_status":"closed","ping_status":"closed","sticky":false,"template":"","format":"standard","meta":{"footnotes":""},"categories":[1],"tags":[2367,106,764,1307,1769,83,1881],"class_list":{"0":"post-53689","1":"post","2":"type-post","3":"status-publish","4":"format-standard","5":"has-post-thumbnail","7":"category-haberler","8":"tag-uluslararasi-insani-yardim-zirvesi-gazzenin-gelecegi","9":"tag-gazze","10":"tag-gazze-seridi","11":"tag-gazze-yardim","12":"tag-insani-kriz","13":"tag-insani-yardim","14":"tag-insani-yardim-gunu"},"yoast_head":"<!-- This site is optimized with the Yoast SEO plugin v27.4 - https:\/\/yoast.com\/product\/yoast-seo-wordpress\/ -->\n<title>Uluslararas\u0131 Gazze \u0130nsani Yard\u0131m Zirvesi&#039;ne 48 \u00fclkeden kurum ve kurulu\u015f kat\u0131lacak<\/title>\n<meta name=\"description\" content=\"T\u00fcrkiye\u202fDiyanet\u202fVakf\u0131nca &quot;Gazze&#039;nin Gelece\u011fi&quot; temas\u0131yla 11 ve 12 Kas\u0131m&#039;da d\u00fczenlenecek zirvede Gazze&#039;ye y\u00f6nelik kapsaml\u0131, sistemli insani yard\u0131mla ilgili t\u00fcm ba\u015fl\u0131klar m\u00fczakere edilecek.\u00a0\" \/>\n<meta name=\"robots\" content=\"index, follow, max-snippet:-1, max-image-preview:large, max-video-preview:-1\" \/>\n<link rel=\"canonical\" href=\"https:\/\/tdv.org\/tr-TR\/uluslararasi-gazze-insani-yardim-zirvesine-48-ulkeden-kurum-ve-kurulus-katilacak\/\" \/>\n<meta property=\"og:locale\" content=\"tr_TR\" \/>\n<meta property=\"og:type\" content=\"article\" \/>\n<meta property=\"og:title\" content=\"Uluslararas\u0131 Gazze \u0130nsani Yard\u0131m Zirvesi&#039;ne 48 \u00fclkeden kurum ve kurulu\u015f kat\u0131lacak\" \/>\n<meta property=\"og:description\" content=\"T\u00fcrkiye\u202fDiyanet\u202fVakf\u0131nca &quot;Gazze&#039;nin Gelece\u011fi&quot; temas\u0131yla 11 ve 12 Kas\u0131m&#039;da d\u00fczenlenecek zirvede Gazze&#039;ye y\u00f6nelik kapsaml\u0131, sistemli insani yard\u0131mla ilgili t\u00fcm ba\u015fl\u0131klar m\u00fczakere edilecek.\u00a0\" \/>\n<meta property=\"og:url\" content=\"https:\/\/tdv.org\/tr-TR\/uluslararasi-gazze-insani-yardim-zirvesine-48-ulkeden-kurum-ve-kurulus-katilacak\/\" \/>\n<meta property=\"og:site_name\" content=\"T\u00fcrkiye Diyanet Vakf\u0131 Resmi Web Sitesi\" \/>\n<meta property=\"article:publisher\" content=\"https:\/\/www.facebook.com\/Diyanetvakfi\/\" \/>\n<meta property=\"article:published_time\" content=\"2025-11-10T06:35:10+00:00\" \/>\n<meta property=\"og:image\" content=\"https:\/\/tdv.org\/tr-TR\/wp-content\/uploads\/2025\/11\/uluslararasi-gazze-insani-yardim-zirvesine-48-ulkeden-kurum-ve-kurulus-katilacak.jpg\" \/>\n\t<meta property=\"og:image:width\" content=\"1142\" \/>\n\t<meta property=\"og:image:height\" content=\"768\" \/>\n\t<meta property=\"og:image:type\" content=\"image\/jpeg\" \/>\n<meta name=\"author\" content=\"Selim\" \/>\n<meta name=\"twitter:card\" content=\"summary_large_image\" \/>\n<meta name=\"twitter:creator\" content=\"@DiyanetVakfi\" \/>\n<meta name=\"twitter:site\" content=\"@DiyanetVakfi\" \/>\n<script type=\"application\/ld+json\" class=\"yoast-schema-graph\">{\"@context\":\"https:\\\/\\\/schema.org\",\"@graph\":[{\"@type\":\"Article\",\"@id\":\"https:\\\/\\\/tdv.org\\\/tr-TR\\\/uluslararasi-gazze-insani-yardim-zirvesine-48-ulkeden-kurum-ve-kurulus-katilacak\\\/#article\",\"isPartOf\":{\"@id\":\"https:\\\/\\\/tdv.org\\\/tr-TR\\\/uluslararasi-gazze-insani-yardim-zirvesine-48-ulkeden-kurum-ve-kurulus-katilacak\\\/\"},\"author\":{\"name\":\"Selim\",\"@id\":\"https:\\\/\\\/tdv.org\\\/tr-TR\\\/#\\\/schema\\\/person\\\/752b55e264a99273d55636516d96d5eb\"},\"headline\":\"Uluslararas\u0131 Gazze \u0130nsani Yard\u0131m Zirvesi&#8217;ne 48 \u00fclkeden kurum ve kurulu\u015f kat\u0131lacak\",\"datePublished\":\"2025-11-10T06:35:10+00:00\",\"mainEntityOfPage\":{\"@id\":\"https:\\\/\\\/tdv.org\\\/tr-TR\\\/uluslararasi-gazze-insani-yardim-zirvesine-48-ulkeden-kurum-ve-kurulus-katilacak\\\/\"},\"wordCount\":252,\"publisher\":{\"@id\":\"https:\\\/\\\/tdv.org\\\/tr-TR\\\/#organization\"},\"image\":{\"@id\":\"https:\\\/\\\/tdv.org\\\/tr-TR\\\/uluslararasi-gazze-insani-yardim-zirvesine-48-ulkeden-kurum-ve-kurulus-katilacak\\\/#primaryimage\"},\"thumbnailUrl\":\"https:\\\/\\\/tdv.org\\\/tr-TR\\\/wp-content\\\/uploads\\\/2025\\\/11\\\/uluslararasi-gazze-insani-yardim-zirvesine-48-ulkeden-kurum-ve-kurulus-katilacak.jpg\",\"keywords\":[\"\u201cUluslararas\u0131 \u0130nsani Yard\u0131m Zirvesi: Gazze\u2019nin Gelece\u011fi\",\"gazze\",\"Gazze \u015feridi\",\"gazze yard\u0131m\",\"insani kriz\",\"\u0130nsani yard\u0131m\",\"insani yard\u0131m g\u00fcn\u00fc\"],\"articleSection\":[\"Haberler\"],\"inLanguage\":\"tr\"},{\"@type\":\"WebPage\",\"@id\":\"https:\\\/\\\/tdv.org\\\/tr-TR\\\/uluslararasi-gazze-insani-yardim-zirvesine-48-ulkeden-kurum-ve-kurulus-katilacak\\\/\",\"url\":\"https:\\\/\\\/tdv.org\\\/tr-TR\\\/uluslararasi-gazze-insani-yardim-zirvesine-48-ulkeden-kurum-ve-kurulus-katilacak\\\/\",\"name\":\"Uluslararas\u0131 Gazze \u0130nsani Yard\u0131m Zirvesi'ne 48 \u00fclkeden kurum ve kurulu\u015f kat\u0131lacak\",\"isPartOf\":{\"@id\":\"https:\\\/\\\/tdv.org\\\/tr-TR\\\/#website\"},\"primaryImageOfPage\":{\"@id\":\"https:\\\/\\\/tdv.org\\\/tr-TR\\\/uluslararasi-gazze-insani-yardim-zirvesine-48-ulkeden-kurum-ve-kurulus-katilacak\\\/#primaryimage\"},\"image\":{\"@id\":\"https:\\\/\\\/tdv.org\\\/tr-TR\\\/uluslararasi-gazze-insani-yardim-zirvesine-48-ulkeden-kurum-ve-kurulus-katilacak\\\/#primaryimage\"},\"thumbnailUrl\":\"https:\\\/\\\/tdv.org\\\/tr-TR\\\/wp-content\\\/uploads\\\/2025\\\/11\\\/uluslararasi-gazze-insani-yardim-zirvesine-48-ulkeden-kurum-ve-kurulus-katilacak.jpg\",\"datePublished\":\"2025-11-10T06:35:10+00:00\",\"description\":\"T\u00fcrkiye\u202fDiyanet\u202fVakf\u0131nca \\\"Gazze'nin Gelece\u011fi\\\" temas\u0131yla 11 ve 12 Kas\u0131m'da d\u00fczenlenecek zirvede Gazze'ye y\u00f6nelik kapsaml\u0131, sistemli insani yard\u0131mla ilgili t\u00fcm ba\u015fl\u0131klar m\u00fczakere edilecek.\u00a0\",\"breadcrumb\":{\"@id\":\"https:\\\/\\\/tdv.org\\\/tr-TR\\\/uluslararasi-gazze-insani-yardim-zirvesine-48-ulkeden-kurum-ve-kurulus-katilacak\\\/#breadcrumb\"},\"inLanguage\":\"tr\",\"potentialAction\":[{\"@type\":\"ReadAction\",\"target\":[\"https:\\\/\\\/tdv.org\\\/tr-TR\\\/uluslararasi-gazze-insani-yardim-zirvesine-48-ulkeden-kurum-ve-kurulus-katilacak\\\/\"]}]},{\"@type\":\"ImageObject\",\"inLanguage\":\"tr\",\"@id\":\"https:\\\/\\\/tdv.org\\\/tr-TR\\\/uluslararasi-gazze-insani-yardim-zirvesine-48-ulkeden-kurum-ve-kurulus-katilacak\\\/#primaryimage\",\"url\":\"https:\\\/\\\/tdv.org\\\/tr-TR\\\/wp-content\\\/uploads\\\/2025\\\/11\\\/uluslararasi-gazze-insani-yardim-zirvesine-48-ulkeden-kurum-ve-kurulus-katilacak.jpg\",\"contentUrl\":\"https:\\\/\\\/tdv.org\\\/tr-TR\\\/wp-content\\\/uploads\\\/2025\\\/11\\\/uluslararasi-gazze-insani-yardim-zirvesine-48-ulkeden-kurum-ve-kurulus-katilacak.jpg\",\"width\":1142,\"height\":768},{\"@type\":\"BreadcrumbList\",\"@id\":\"https:\\\/\\\/tdv.org\\\/tr-TR\\\/uluslararasi-gazze-insani-yardim-zirvesine-48-ulkeden-kurum-ve-kurulus-katilacak\\\/#breadcrumb\",\"itemListElement\":[{\"@type\":\"ListItem\",\"position\":1,\"name\":\"Anasayfa\",\"item\":\"https:\\\/\\\/tdv.org\\\/tr-TR\\\/\"},{\"@type\":\"ListItem\",\"position\":2,\"name\":\"Uluslararas\u0131 Gazze \u0130nsani Yard\u0131m Zirvesi&#8217;ne 48 \u00fclkeden kurum ve kurulu\u015f kat\u0131lacak\"}]},{\"@type\":\"WebSite\",\"@id\":\"https:\\\/\\\/tdv.org\\\/tr-TR\\\/#website\",\"url\":\"https:\\\/\\\/tdv.org\\\/tr-TR\\\/\",\"name\":\"T\u00fcrkiye Diyanet Vakf\u0131 Resmi Web Sitesi\",\"description\":\"Yery\u00fcz\u00fcnde iyilik egemen oluncaya kadar\",\"publisher\":{\"@id\":\"https:\\\/\\\/tdv.org\\\/tr-TR\\\/#organization\"},\"alternateName\":\"T\u00fcrkiye Diyanet Vakf\u0131\",\"potentialAction\":[{\"@type\":\"SearchAction\",\"target\":{\"@type\":\"EntryPoint\",\"urlTemplate\":\"https:\\\/\\\/tdv.org\\\/tr-TR\\\/?s={search_term_string}\"},\"query-input\":{\"@type\":\"PropertyValueSpecification\",\"valueRequired\":true,\"valueName\":\"search_term_string\"}}],\"inLanguage\":\"tr\"},{\"@type\":\"Organization\",\"@id\":\"https:\\\/\\\/tdv.org\\\/tr-TR\\\/#organization\",\"name\":\"T\u00fcrkiye Diyanet Vakf\u0131\",\"alternateName\":\"T\u00fcrkiye Diyanet Vakf\u0131\",\"url\":\"https:\\\/\\\/tdv.org\\\/tr-TR\\\/\",\"logo\":{\"@type\":\"ImageObject\",\"inLanguage\":\"tr\",\"@id\":\"https:\\\/\\\/tdv.org\\\/tr-TR\\\/#\\\/schema\\\/logo\\\/image\\\/\",\"url\":\"https:\\\/\\\/tdv.org\\\/tr-TR\\\/wp-content\\\/uploads\\\/2018\\\/12\\\/TDV_Logo_1.png\",\"contentUrl\":\"https:\\\/\\\/tdv.org\\\/tr-TR\\\/wp-content\\\/uploads\\\/2018\\\/12\\\/TDV_Logo_1.png\",\"width\":207,\"height\":71,\"caption\":\"T\u00fcrkiye Diyanet Vakf\u0131\"},\"image\":{\"@id\":\"https:\\\/\\\/tdv.org\\\/tr-TR\\\/#\\\/schema\\\/logo\\\/image\\\/\"},\"sameAs\":[\"https:\\\/\\\/www.facebook.com\\\/Diyanetvakfi\\\/\",\"https:\\\/\\\/x.com\\\/DiyanetVakfi\",\"https:\\\/\\\/www.instagram.com\\\/turkiyediyanetvakfi\\\/\",\"https:\\\/\\\/www.youtube.com\\\/user\\\/TurkiyeDiyanetVakfi\"]},{\"@type\":\"Person\",\"@id\":\"https:\\\/\\\/tdv.org\\\/tr-TR\\\/#\\\/schema\\\/person\\\/752b55e264a99273d55636516d96d5eb\",\"name\":\"Selim\",\"image\":{\"@type\":\"ImageObject\",\"inLanguage\":\"tr\",\"@id\":\"https:\\\/\\\/tdv.org\\\/tr-TR\\\/wp-content\\\/litespeed\\\/avatar\\\/a1e47b25396e98e5b781e88a5396cd96.jpg?ver=1777287391\",\"url\":\"https:\\\/\\\/tdv.org\\\/tr-TR\\\/wp-content\\\/litespeed\\\/avatar\\\/a1e47b25396e98e5b781e88a5396cd96.jpg?ver=1777287391\",\"contentUrl\":\"https:\\\/\\\/tdv.org\\\/tr-TR\\\/wp-content\\\/litespeed\\\/avatar\\\/a1e47b25396e98e5b781e88a5396cd96.jpg?ver=1777287391\",\"caption\":\"Selim\"}}]}<\/script>\n<!-- \/ Yoast SEO plugin. -->","yoast_head_json":{"title":"Uluslararas\u0131 Gazze \u0130nsani Yard\u0131m Zirvesi'ne 48 \u00fclkeden kurum ve kurulu\u015f kat\u0131lacak","description":"T\u00fcrkiye\u202fDiyanet\u202fVakf\u0131nca \"Gazze'nin Gelece\u011fi\" temas\u0131yla 11 ve 12 Kas\u0131m'da d\u00fczenlenecek zirvede Gazze'ye y\u00f6nelik kapsaml\u0131, sistemli insani yard\u0131mla ilgili t\u00fcm ba\u015fl\u0131klar m\u00fczakere edilecek.\u00a0","robots":{"index":"index","follow":"follow","max-snippet":"max-snippet:-1","max-image-preview":"max-image-preview:large","max-video-preview":"max-video-preview:-1"},"canonical":"https:\/\/tdv.org\/tr-TR\/uluslararasi-gazze-insani-yardim-zirvesine-48-ulkeden-kurum-ve-kurulus-katilacak\/","og_locale":"tr_TR","og_type":"article","og_title":"Uluslararas\u0131 Gazze \u0130nsani Yard\u0131m Zirvesi'ne 48 \u00fclkeden kurum ve kurulu\u015f kat\u0131lacak","og_description":"T\u00fcrkiye\u202fDiyanet\u202fVakf\u0131nca \"Gazze'nin Gelece\u011fi\" temas\u0131yla 11 ve 12 Kas\u0131m'da d\u00fczenlenecek zirvede Gazze'ye y\u00f6nelik kapsaml\u0131, sistemli insani yard\u0131mla ilgili t\u00fcm ba\u015fl\u0131klar m\u00fczakere edilecek.\u00a0","og_url":"https:\/\/tdv.org\/tr-TR\/uluslararasi-gazze-insani-yardim-zirvesine-48-ulkeden-kurum-ve-kurulus-katilacak\/","og_site_name":"T\u00fcrkiye Diyanet Vakf\u0131 Resmi Web Sitesi","article_publisher":"https:\/\/www.facebook.com\/Diyanetvakfi\/","article_published_time":"2025-11-10T06:35:10+00:00","og_image":[{"width":1142,"height":768,"url":"https:\/\/tdv.org\/tr-TR\/wp-content\/uploads\/2025\/11\/uluslararasi-gazze-insani-yardim-zirvesine-48-ulkeden-kurum-ve-kurulus-katilacak.jpg","type":"image\/jpeg"}],"author":"Selim","twitter_card":"summary_large_image","twitter_creator":"@DiyanetVakfi","twitter_site":"@DiyanetVakfi","schema":{"@context":"https:\/\/schema.org","@graph":[{"@type":"Article","@id":"https:\/\/tdv.org\/tr-TR\/uluslararasi-gazze-insani-yardim-zirvesine-48-ulkeden-kurum-ve-kurulus-katilacak\/#article","isPartOf":{"@id":"https:\/\/tdv.org\/tr-TR\/uluslararasi-gazze-insani-yardim-zirvesine-48-ulkeden-kurum-ve-kurulus-katilacak\/"},"author":{"name":"Selim","@id":"https:\/\/tdv.org\/tr-TR\/#\/schema\/person\/752b55e264a99273d55636516d96d5eb"},"headline":"Uluslararas\u0131 Gazze \u0130nsani Yard\u0131m Zirvesi&#8217;ne 48 \u00fclkeden kurum ve kurulu\u015f kat\u0131lacak","datePublished":"2025-11-10T06:35:10+00:00","mainEntityOfPage":{"@id":"https:\/\/tdv.org\/tr-TR\/uluslararasi-gazze-insani-yardim-zirvesine-48-ulkeden-kurum-ve-kurulus-katilacak\/"},"wordCount":252,"publisher":{"@id":"https:\/\/tdv.org\/tr-TR\/#organization"},"image":{"@id":"https:\/\/tdv.org\/tr-TR\/uluslararasi-gazze-insani-yardim-zirvesine-48-ulkeden-kurum-ve-kurulus-katilacak\/#primaryimage"},"thumbnailUrl":"https:\/\/tdv.org\/tr-TR\/wp-content\/uploads\/2025\/11\/uluslararasi-gazze-insani-yardim-zirvesine-48-ulkeden-kurum-ve-kurulus-katilacak.jpg","keywords":["\u201cUluslararas\u0131 \u0130nsani Yard\u0131m Zirvesi: Gazze\u2019nin Gelece\u011fi","gazze","Gazze \u015feridi","gazze yard\u0131m","insani kriz","\u0130nsani yard\u0131m","insani yard\u0131m g\u00fcn\u00fc"],"articleSection":["Haberler"],"inLanguage":"tr"},{"@type":"WebPage","@id":"https:\/\/tdv.org\/tr-TR\/uluslararasi-gazze-insani-yardim-zirvesine-48-ulkeden-kurum-ve-kurulus-katilacak\/","url":"https:\/\/tdv.org\/tr-TR\/uluslararasi-gazze-insani-yardim-zirvesine-48-ulkeden-kurum-ve-kurulus-katilacak\/","name":"Uluslararas\u0131 Gazze \u0130nsani Yard\u0131m Zirvesi'ne 48 \u00fclkeden kurum ve kurulu\u015f kat\u0131lacak","isPartOf":{"@id":"https:\/\/tdv.org\/tr-TR\/#website"},"primaryImageOfPage":{"@id":"https:\/\/tdv.org\/tr-TR\/uluslararasi-gazze-insani-yardim-zirvesine-48-ulkeden-kurum-ve-kurulus-katilacak\/#primaryimage"},"image":{"@id":"https:\/\/tdv.org\/tr-TR\/uluslararasi-gazze-insani-yardim-zirvesine-48-ulkeden-kurum-ve-kurulus-katilacak\/#primaryimage"},"thumbnailUrl":"https:\/\/tdv.org\/tr-TR\/wp-content\/uploads\/2025\/11\/uluslararasi-gazze-insani-yardim-zirvesine-48-ulkeden-kurum-ve-kurulus-katilacak.jpg","datePublished":"2025-11-10T06:35:10+00:00","description":"T\u00fcrkiye\u202fDiyanet\u202fVakf\u0131nca \"Gazze'nin Gelece\u011fi\" temas\u0131yla 11 ve 12 Kas\u0131m'da d\u00fczenlenecek zirvede Gazze'ye y\u00f6nelik kapsaml\u0131, sistemli insani yard\u0131mla ilgili t\u00fcm ba\u015fl\u0131klar m\u00fczakere edilecek.\u00a0","breadcrumb":{"@id":"https:\/\/tdv.org\/tr-TR\/uluslararasi-gazze-insani-yardim-zirvesine-48-ulkeden-kurum-ve-kurulus-katilacak\/#breadcrumb"},"inLanguage":"tr","potentialAction":[{"@type":"ReadAction","target":["https:\/\/tdv.org\/tr-TR\/uluslararasi-gazze-insani-yardim-zirvesine-48-ulkeden-kurum-ve-kurulus-katilacak\/"]}]},{"@type":"ImageObject","inLanguage":"tr","@id":"https:\/\/tdv.org\/tr-TR\/uluslararasi-gazze-insani-yardim-zirvesine-48-ulkeden-kurum-ve-kurulus-katilacak\/#primaryimage","url":"https:\/\/tdv.org\/tr-TR\/wp-content\/uploads\/2025\/11\/uluslararasi-gazze-insani-yardim-zirvesine-48-ulkeden-kurum-ve-kurulus-katilacak.jpg","contentUrl":"https:\/\/tdv.org\/tr-TR\/wp-content\/uploads\/2025\/11\/uluslararasi-gazze-insani-yardim-zirvesine-48-ulkeden-kurum-ve-kurulus-katilacak.jpg","width":1142,"height":768},{"@type":"BreadcrumbList","@id":"https:\/\/tdv.org\/tr-TR\/uluslararasi-gazze-insani-yardim-zirvesine-48-ulkeden-kurum-ve-kurulus-katilacak\/#breadcrumb","itemListElement":[{"@type":"ListItem","position":1,"name":"Anasayfa","item":"https:\/\/tdv.org\/tr-TR\/"},{"@type":"ListItem","position":2,"name":"Uluslararas\u0131 Gazze \u0130nsani Yard\u0131m Zirvesi&#8217;ne 48 \u00fclkeden kurum ve kurulu\u015f kat\u0131lacak"}]},{"@type":"WebSite","@id":"https:\/\/tdv.org\/tr-TR\/#website","url":"https:\/\/tdv.org\/tr-TR\/","name":"T\u00fcrkiye Diyanet Vakf\u0131 Resmi Web Sitesi","description":"Yery\u00fcz\u00fcnde iyilik egemen oluncaya kadar","publisher":{"@id":"https:\/\/tdv.org\/tr-TR\/#organization"},"alternateName":"T\u00fcrkiye Diyanet Vakf\u0131","potentialAction":[{"@type":"SearchAction","target":{"@type":"EntryPoint","urlTemplate":"https:\/\/tdv.org\/tr-TR\/?s={search_term_string}"},"query-input":{"@type":"PropertyValueSpecification","valueRequired":true,"valueName":"search_term_string"}}],"inLanguage":"tr"},{"@type":"Organization","@id":"https:\/\/tdv.org\/tr-TR\/#organization","name":"T\u00fcrkiye Diyanet Vakf\u0131","alternateName":"T\u00fcrkiye Diyanet Vakf\u0131","url":"https:\/\/tdv.org\/tr-TR\/","logo":{"@type":"ImageObject","inLanguage":"tr","@id":"https:\/\/tdv.org\/tr-TR\/#\/schema\/logo\/image\/","url":"https:\/\/tdv.org\/tr-TR\/wp-content\/uploads\/2018\/12\/TDV_Logo_1.png","contentUrl":"https:\/\/tdv.org\/tr-TR\/wp-content\/uploads\/2018\/12\/TDV_Logo_1.png","width":207,"height":71,"caption":"T\u00fcrkiye Diyanet Vakf\u0131"},"image":{"@id":"https:\/\/tdv.org\/tr-TR\/#\/schema\/logo\/image\/"},"sameAs":["https:\/\/www.facebook.com\/Diyanetvakfi\/","https:\/\/x.com\/DiyanetVakfi","https:\/\/www.instagram.com\/turkiyediyanetvakfi\/","https:\/\/www.youtube.com\/user\/TurkiyeDiyanetVakfi"]},{"@type":"Person","@id":"https:\/\/tdv.org\/tr-TR\/#\/schema\/person\/752b55e264a99273d55636516d96d5eb","name":"Selim","image":{"@type":"ImageObject","inLanguage":"tr","@id":"https:\/\/tdv.org\/tr-TR\/wp-content\/litespeed\/avatar\/a1e47b25396e98e5b781e88a5396cd96.jpg?ver=1777287391","url":"https:\/\/tdv.org\/tr-TR\/wp-content\/litespeed\/avatar\/a1e47b25396e98e5b781e88a5396cd96.jpg?ver=1777287391","contentUrl":"https:\/\/tdv.org\/tr-TR\/wp-content\/litespeed\/avatar\/a1e47b25396e98e5b781e88a5396cd96.jpg?ver=1777287391","caption":"Selim"}}]}},"_links":{"self":[{"href":"https:\/\/tdv.org\/tr-TR\/wp-json\/wp\/v2\/posts\/53689","targetHints":{"allow":["GET"]}}],"collection":[{"href":"https:\/\/tdv.org\/tr-TR\/wp-json\/wp\/v2\/posts"}],"about":[{"href":"https:\/\/tdv.org\/tr-TR\/wp-json\/wp\/v2\/types\/post"}],"author":[{"embeddable":true,"href":"https:\/\/tdv.org\/tr-TR\/wp-json\/wp\/v2\/users\/8"}],"replies":[{"embeddable":true,"href":"https:\/\/tdv.org\/tr-TR\/wp-json\/wp\/v2\/comments?post=53689"}],"version-history":[{"count":1,"href":"https:\/\/tdv.org\/tr-TR\/wp-json\/wp\/v2\/posts\/53689\/revisions"}],"predecessor-version":[{"id":53692,"href":"https:\/\/tdv.org\/tr-TR\/wp-json\/wp\/v2\/posts\/53689\/revisions\/53692"}],"wp:featuredmedia":[{"embeddable":true,"href":"https:\/\/tdv.org\/tr-TR\/wp-json\/wp\/v2\/media\/53691"}],"wp:attachment":[{"href":"https:\/\/tdv.org\/tr-TR\/wp-json\/wp\/v2\/media?parent=53689"}],"wp:term":[{"taxonomy":"category","embeddable":true,"href":"https:\/\/tdv.org\/tr-TR\/wp-json\/wp\/v2\/categories?post=53689"},{"taxonomy":"post_tag","embeddable":true,"href":"https:\/\/tdv.org\/tr-TR\/wp-json\/wp\/v2\/tags?post=53689"}],"curies":[{"name":"wp","href":"https:\/\/api.w.org\/{rel}","templated":true}]}}