{"id":53708,"date":"2025-11-11T16:30:23","date_gmt":"2025-11-11T13:30:23","guid":{"rendered":"https:\/\/tdv.org\/tr-TR\/?p=53708"},"modified":"2025-11-11T16:32:46","modified_gmt":"2025-11-11T13:32:46","slug":"uluslararasi-gazze-insani-yardim-zirvesi-istanbulda-basladi","status":"publish","type":"post","link":"https:\/\/tdv.org\/tr-TR\/uluslararasi-gazze-insani-yardim-zirvesi-istanbulda-basladi\/","title":{"rendered":"&#8220;Uluslararas\u0131 Gazze \u0130nsani Yard\u0131m Zirvesi&#8221; \u0130stanbul&#8217;da ba\u015flad\u0131"},"content":{"rendered":"<p style=\"text-align: justify;\"><span data-contrast=\"auto\"><a href=\"https:\/\/tdv.org\/tr-TR\/\" target=\"_blank\" rel=\"noopener\">T\u00fcrkiye Diyanet Vakf\u0131&#8217;nca (TDV)<\/a>, <a href=\"https:\/\/bagis.tdv.org\/kriz-bolgeleri\/filistin-6\" target=\"_blank\" rel=\"noopener\">Gazze<\/a>&#8216;de ya\u015fanan insani krize dikkati \u00e7ekmek ve dayan\u0131\u015fmay\u0131 g\u00fc\u00e7lendirmek amac\u0131yla d\u00fczenlenen &#8220;Uluslararas\u0131 Gazze \u0130nsani Yard\u0131m Zirvesi&#8221; \u0130stanbul&#8217;da ba\u015flad\u0131.<\/span><span data-ccp-props=\"{}\">\u00a0<\/span><\/p>\n<p style=\"text-align: justify;\"><span data-contrast=\"auto\">\u0130stanbul K\u00fc\u00e7\u00fck\u00e7ekmece&#8217;de bir otelde ba\u015flayan program\u0131n a\u00e7\u0131l\u0131\u015f konu\u015fmas\u0131n\u0131 yapan Diyanet \u0130\u015fleri Ba\u015fkan Yard\u0131mc\u0131s\u0131\u00a0Dr.\u00a0Hafiz\u00a0Osman \u015eahin, Suudi Arabistan&#8217;da bulunan <a href=\"https:\/\/tdv.org\/tr-TR\/kurumsal\/prof-dr-safi-arpagus\/\" target=\"_blank\" rel=\"noopener\">Diyanet \u0130\u015fleri Ba\u015fkan\u0131\u00a0ve T\u00fcrkiye Diyanet Vakf\u0131 M\u00fctevelli Heyeti Ba\u015fkan\u0131\u00a0Prof. Dr. Safi\u00a0Arpagu\u015f<\/a>&#8216;un\u00a0selam\u0131n\u0131 kat\u0131l\u0131mc\u0131lara iletti.<\/span><span data-ccp-props=\"{}\">\u00a0<\/span><\/p>\n<p style=\"text-align: justify;\"><span data-contrast=\"auto\">Diyanet \u0130\u015fleri Ba\u015fkan Yard\u0131mc\u0131s\u0131\u00a0\u015eahin, zirvenin insanl\u0131k izzetinin, karde\u015flik bilincinin ve \u0130slam \u00fcmmetinin ortak vicdan\u0131n\u0131n tezah\u00fcr\u00fc oldu\u011funu kaydetti.<\/span><span data-ccp-props=\"{}\">\u00a0<\/span><\/p>\n<p style=\"text-align: justify;\"><span data-contrast=\"auto\"><a href=\"https:\/\/bagis.tdv.org\/kriz-bolgeleri\/filistin-6\" target=\"_blank\" rel=\"noopener\">Gazze<\/a>&#8216;nin sadece fiziki de\u011fil, insani ve manevi bir direni\u015fin simgesi oldu\u011funu dile getiren \u015eahin, &#8220;<a href=\"https:\/\/bagis.tdv.org\/kriz-bolgeleri\/filistin-6\" target=\"_blank\" rel=\"noopener\">Gazze<\/a> kadim tarihi boyunca zulm\u00fcn ve ku\u015fatman\u0131n ortas\u0131nda bile izzetini muhafaza etmi\u015f m\u00fcbarek bir beldedir. Bug\u00fcn d\u00fcnyan\u0131n g\u00f6zleri \u00f6n\u00fcnde ya\u015fanan insani trajedi asl\u0131nda yaln\u0131zca Gazze&#8217;nin de\u011fil, b\u00fct\u00fcn insanl\u0131\u011f\u0131n s\u0131nav\u0131d\u0131r. <a href=\"https:\/\/bagis.tdv.org\/kriz-bolgeleri\/filistin-6\" target=\"_blank\" rel=\"noopener\">Gazze<\/a>&#8216;de a\u00e7 ve susuz b\u0131rak\u0131lan insanlar\u0131n, yetim kalan yavrular\u0131n, mazlum halk\u0131n sessiz feryad\u0131 hepimizin y\u00fcre\u011fini yakmaktad\u0131r.&#8221; dedi.<\/span><span data-ccp-props=\"{}\">\u00a0<\/span><\/p>\n<p style=\"text-align: justify;\"><span data-contrast=\"auto\">\u015eahin, <a href=\"https:\/\/bagis.tdv.org\/kriz-bolgeleri\/filistin-6\" target=\"_blank\" rel=\"noopener\">Gazze<\/a> halk\u0131n\u0131n y\u00fcksek d\u00fczeyde akut g\u0131da g\u00fcvensizli\u011fi ya\u015fad\u0131\u011f\u0131n\u0131 belirterek, \u015funlar\u0131 s\u00f6yledi:<\/span><span data-ccp-props=\"{}\">\u00a0<\/span><\/p>\n<p style=\"text-align: justify;\"><span data-contrast=\"auto\">&#8220;<a href=\"https:\/\/bagis.tdv.org\/kriz-bolgeleri\/filistin-6\" target=\"_blank\" rel=\"noopener\">Gazze<\/a>&#8216;de milyonlarca ki\u015fi acil bar\u0131nma malzemelerine ihtiya\u00e7 duyuyor. <a href=\"https:\/\/bagis.tdv.org\/kriz-bolgeleri\/filistin-6\" target=\"_blank\" rel=\"noopener\">Gazze<\/a> n\u00fcfusunun tamam\u0131na yak\u0131n\u0131 sa\u011fl\u0131k hizmetlerine ihtiya\u00e7 duyuyor, y\u00fcz binlerce kad\u0131n ve \u00e7ocuk ciddi psikolojik travmalar ya\u015f\u0131yor. <a href=\"https:\/\/bagis.tdv.org\/kriz-bolgeleri\/filistin-6\" target=\"_blank\" rel=\"noopener\">Gazze<\/a>&#8216;de binlerce \u00f6\u011fretmen ve \u00f6\u011frenci e\u011fitim faaliyetlerini s\u00fcrd\u00fcremiyor, a\u011f\u0131r hasar g\u00f6ren mabetlerin ve su kuyular\u0131n\u0131n onar\u0131m\u0131na ihtiya\u00e7 duyuluyor. Bu zirve, t\u00fcm bu acil ihtiya\u00e7lar\u0131n giderilmesi i\u00e7in \u00e7ok \u00f6nemlidir. \u0130nan\u0131yoruz ki Gazze&#8217;ye en y\u00fcksek destek, onun unutulmamas\u0131d\u0131r. Unutmak zulm\u00fcn, hat\u0131rlamak ise direni\u015fin ilk ad\u0131m\u0131d\u0131r.&#8221;<\/span><span data-ccp-props=\"{}\">\u00a0<\/span><\/p>\n<p style=\"text-align: justify;\"><span data-contrast=\"auto\">TDV taraf\u0131ndan <a href=\"https:\/\/bagis.tdv.org\/kriz-bolgeleri\/filistin-6\" target=\"_blank\" rel=\"noopener\">Gazze<\/a>&#8216;ye son 2 y\u0131lda 1100 t\u0131r dolusu yard\u0131m malzemesi ula\u015ft\u0131r\u0131ld\u0131\u011f\u0131 bilgisini veren \u015eahin, &#8220;Ramazan ve kurban d\u00f6nemlerinde yap\u0131lan desteklerle birlikte bug\u00fcne kadar <a href=\"https:\/\/bagis.tdv.org\/kriz-bolgeleri\/filistin-6\" target=\"_blank\" rel=\"noopener\">Gazze<\/a>&#8216;de yakla\u015f\u0131k 9 milyon ki\u015filik insani yard\u0131m ger\u00e7ekle\u015ftirildi. <a href=\"https:\/\/bagis.tdv.org\/kriz-bolgeleri\/filistin-6\" target=\"_blank\" rel=\"noopener\">Filistin<\/a>li karde\u015flerimizin istifade etti\u011fi yard\u0131mlar\u0131n toplam de\u011feri 40 milyon dolara ula\u015ft\u0131.&#8221; diye konu\u015ftu.<\/span><span data-ccp-props=\"{}\">\u00a0<\/span><\/p>\n<p style=\"text-align: justify;\"><span data-contrast=\"auto\">Sudan&#8217;daki insani krize de dikkat \u00e7eken \u015eahin, &#8220;Buradaki \u00e7at\u0131\u015fmalar binlerce insan\u0131n hayat\u0131n\u0131 kaybetmesine, milyonlarcas\u0131n\u0131n evlerini terk etmek zorunda kalmas\u0131na neden oluyor. Sava\u015f\u0131n getirdi\u011fi insani kriz her ge\u00e7en g\u00fcn derinle\u015fiyor. Rabbimiz bizleri zulm\u00fcn kar\u015f\u0131s\u0131nda dimdik duranlardan, mazlumun elinden tutanlardan, adaletin yan\u0131nda yer alanlardan eylesin. Dualar\u0131m\u0131z <a href=\"https:\/\/bagis.tdv.org\/kriz-bolgeleri\/filistin-6\" target=\"_blank\" rel=\"noopener\">Gazze<\/a> i\u00e7in, <a href=\"https:\/\/bagis.tdv.org\/kriz-bolgeleri\/filistin-6\" target=\"_blank\" rel=\"noopener\">Filistin<\/a> i\u00e7in, Sudan ve b\u00fct\u00fcn mazlum co\u011frafyalar i\u00e7indir.&#8221; dedi.<\/span><span data-ccp-props=\"{}\">\u00a0<\/span><\/p>\n<p style=\"text-align: justify;\"><span data-contrast=\"auto\">Zirvede, <a href=\"https:\/\/bagis.tdv.org\/kriz-bolgeleri\/filistin-6\" target=\"_blank\" rel=\"noopener\">Filistin<\/a> \u0130nsani Yard\u0131mlar Koordinat\u00f6r\u00fc B\u00fcy\u00fckel\u00e7i Mehmet G\u00fcll\u00fco\u011flu, soru-cevap oturumu d\u00fczenledi.<\/span><span data-ccp-props=\"{}\">\u00a0<\/span><\/p>\n<p style=\"text-align: justify;\"><span data-contrast=\"auto\">48 \u00fclkeden 200&#8217;den fazla kurum ve kurulu\u015fun temsilcisinin kat\u0131ld\u0131\u011f\u0131 zirve, 2 g\u00fcn boyunca devam edecek.<\/span><span data-ccp-props=\"{}\">\u00a0<\/span><\/p>\n<p style=\"text-align: justify;\"><span data-contrast=\"auto\"><a href=\"https:\/\/bagis.tdv.org\/kriz-bolgeleri\/filistin-6\" target=\"_blank\" rel=\"noopener\">Gazze<\/a>&#8216;de 2 y\u0131l\u0131 a\u015fk\u0131n s\u00fcredir devam eden insani krize kal\u0131c\u0131 ve etkili \u00e7\u00f6z\u00fcm bulmay\u0131 hedefleyen zirvede, ate\u015fkesin ard\u0131ndan altyap\u0131dan sa\u011fl\u0131\u011fa, e\u011fitimden bar\u0131nmaya kadar hayati alanlarda ya\u015fanan y\u0131k\u0131mdan etkilenen milyonlarca sivilin, insani yard\u0131m ihtiya\u00e7lar\u0131 ile ortak ve s\u00fcrd\u00fcr\u00fclebilir \u00e7\u00f6z\u00fcm mekanizmalar\u0131 ele al\u0131nacak.<\/span><span data-ccp-props=\"{}\">\u00a0<\/span><\/p>\n<p style=\"text-align: justify;\"><span data-contrast=\"auto\">Programda ayr\u0131ca T\u00fcrkiye Diyanet Vakf\u0131\u2019n\u0131n (TDV) d\u00fczenledi\u011fi <a href=\"https:\/\/bagis.tdv.org\/kriz-bolgeleri\/filistin-6\" target=\"_blank\" rel=\"noopener\">Gazze<\/a> \u0130nsani Yard\u0131m Zirvesi&#8217;ne kat\u0131lan Arap sivil toplum kurulu\u015fu temsilcileri, <a href=\"https:\/\/bagis.tdv.org\/kriz-bolgeleri\/filistin-6\" target=\"_blank\" rel=\"noopener\">Gazze<\/a> \u015eeridi&#8217;ne insani yard\u0131m ula\u015ft\u0131rmak i\u00e7in birlik olman\u0131n ve s\u00f6zleri eyleme d\u00f6kmenin \u00f6nemine vurgu yapt\u0131.<\/span><span data-ccp-props=\"{}\">\u00a0<\/span><\/p>\n<p style=\"text-align: justify;\"><span data-contrast=\"auto\">TDV&#8217;nin, \u0130srail\u2019in \u015fiddetli sald\u0131r\u0131lar\u0131yla soyk\u0131r\u0131m yaparak insani felakete neden oldu\u011fu <a href=\"https:\/\/bagis.tdv.org\/kriz-bolgeleri\/filistin-6\" target=\"_blank\" rel=\"noopener\">Gazze<\/a> \u015eeridi\u2019ndeki krize dikkati \u00e7ekmek ve b\u00f6lgeye insani yard\u0131mlar\u0131n etkili \u015fekilde ula\u015fmas\u0131 i\u00e7in \u00e7\u00f6z\u00fcm yollar\u0131 \u00fcretmek amac\u0131yla \u0130stanbul\u2019da d\u00fczenledi\u011fi &#8220;Uluslararas\u0131 <a href=\"https:\/\/bagis.tdv.org\/kriz-bolgeleri\/filistin-6\" target=\"_blank\" rel=\"noopener\">Gazze<\/a> \u0130nsani Yard\u0131m Zirvesi&#8221;ne 48 \u00fclkeden 200\u2019den fazla kurum ve kurulu\u015fun temsilcisi kat\u0131ld\u0131.<\/span><span data-ccp-props=\"{}\">\u00a0<\/span><\/p>\n<p style=\"text-align: justify;\"><span data-contrast=\"auto\"><a href=\"https:\/\/bagis.tdv.org\/kriz-bolgeleri\/filistin-6\" target=\"_blank\" rel=\"noopener\">Gazze<\/a>&#8216;ye Yard\u0131m \u0130\u00e7in Uluslararas\u0131 Halk Komitesi Ba\u015fkan\u0131 Dr. \u0130ssam Yusuf, zirvenin a\u00e7\u0131l\u0131\u015f\u0131nda yapt\u0131\u011f\u0131 konu\u015fmada, \u201cBug\u00fcn biz buraday\u0131z ama kalplerimiz <a href=\"https:\/\/bagis.tdv.org\/kriz-bolgeleri\/filistin-6\" target=\"_blank\" rel=\"noopener\">Gazze<\/a>e\u2019de. <a href=\"https:\/\/bagis.tdv.org\/kriz-bolgeleri\/filistin-6\" target=\"_blank\" rel=\"noopener\">Gazze<\/a> sadece haritada bir \u015fehirden ibaret de\u011fil, kararl\u0131l\u0131\u011f\u0131n, azmin ve \u00f6l\u00fcm kar\u015f\u0131s\u0131nda hayat\u0131n iradesi haline d\u00f6n\u00fc\u015fm\u00fc\u015ft\u00fcr.&#8221; dedi.<\/span><span data-ccp-props=\"{}\">\u00a0<\/span><\/p>\n<p style=\"text-align: justify;\"><span data-contrast=\"auto\">\u201cBug\u00fcn <a href=\"https:\/\/bagis.tdv.org\/kriz-bolgeleri\/filistin-6\" target=\"_blank\" rel=\"noopener\">Gazze<\/a> y\u0131k\u0131lm\u0131\u015f bir \u015fehir de\u011fil bir canl\u0131 tan\u0131kt\u0131r.\u201d diyen Yusuf, <a href=\"https:\/\/bagis.tdv.org\/kriz-bolgeleri\/filistin-6\" target=\"_blank\" rel=\"noopener\">Gazze<\/a>\u2019de silah sesleri sussa da ihtiya\u00e7 sahiplerinin, \u00e7ocuklar\u0131n seslerinin susmad\u0131\u011f\u0131n\u0131, enkaz alt\u0131nda kalan \u015fehitlerin oldu\u011funu s\u00f6yledi.<\/span><span data-ccp-props=\"{}\">\u00a0<\/span><\/p>\n<p style=\"text-align: justify;\"><span data-contrast=\"auto\">Yusuf, zirvenin \u00f6nemine dikkati \u00e7ekerek \u201c<a href=\"https:\/\/bagis.tdv.org\/kriz-bolgeleri\/filistin-6\" target=\"_blank\" rel=\"noopener\">Gazze<\/a>\u2019ye yard\u0131m etmek ve yeniden in\u015fa s\u00fcreciyle insani felakete ula\u015fan bu durumu d\u00fczeltmek i\u00e7in uluslararas\u0131 vicdan ad\u0131na sesleniyoruz.\u201d diye konu\u015ftu.<\/span><span data-ccp-props=\"{}\">\u00a0<\/span><\/p>\n<p style=\"text-align: justify;\"><span data-contrast=\"auto\"><a href=\"https:\/\/bagis.tdv.org\/kriz-bolgeleri\/filistin-6\" target=\"_blank\" rel=\"noopener\">Gazze<\/a>\u2019ye yard\u0131mlar\u0131n ula\u015ft\u0131r\u0131lmas\u0131n\u0131n \u00f6nemine vurgu yapan Yusuf, \u0130srail\u2019in <a href=\"https:\/\/bagis.tdv.org\/kriz-bolgeleri\/filistin-6\" target=\"_blank\" rel=\"noopener\">Gazze<\/a>\u2019de hayati \u00f6neme sahip bir\u00e7ok yard\u0131m kaleminin b\u00f6lgeye giri\u015fini engelledi\u011fini aktard\u0131.<\/span><span data-ccp-props=\"{}\">\u00a0<\/span><\/p>\n<p style=\"text-align: justify;\"><span data-contrast=\"auto\">Yusuf, zirvenin kat\u0131l\u0131mc\u0131lar aras\u0131nda koordinasyonun sa\u011flanmas\u0131 i\u00e7in bir f\u0131rsat oldu\u011funu belirtti.<\/span><span data-ccp-props=\"{}\">\u00a0<\/span><\/p>\n<p style=\"text-align: justify;\"><span data-contrast=\"auto\">Zirve kapsam\u0131nda <a href=\"https:\/\/bagis.tdv.org\/kriz-bolgeleri\/filistin-6\" target=\"_blank\" rel=\"noopener\">Gazze<\/a>\u2019de ilk 6 ayda neler yap\u0131labilece\u011fini ele alacaklar\u0131n\u0131 s\u00f6yleyen Yusuf, \u015funlar\u0131 kaydetti:<\/span><span data-ccp-props=\"{}\">\u00a0<\/span><\/p>\n<p style=\"text-align: justify;\"><span data-contrast=\"auto\">&#8220;Karde\u015flerimize yard\u0131m elimizi uzatmam\u0131z laz\u0131m. Herkes kendi y\u00f6ntemini \u00fcstlenecek, \u00dcrd\u00fcn, M\u0131s\u0131r, T\u00fcrkiye ve di\u011fer \u00fclkeler burada desteklerini sunacak. Bu \u00e7al\u0131\u015fmalarla <a href=\"https:\/\/bagis.tdv.org\/kriz-bolgeleri\/filistin-6\" target=\"_blank\" rel=\"noopener\">Gazze<\/a>\u2019deki karde\u015flerimize k\u0131\u015f konusunda destek sa\u011flayaca\u011f\u0131z.&#8221;<\/span><span data-ccp-props=\"{}\">\u00a0<\/span><\/p>\n<p style=\"text-align: justify;\"><span data-contrast=\"auto\">Zirve f\u0131rsat\u0131 i\u00e7in T\u00fcrkiye\u2019ye te\u015fekk\u00fcr eden Yusuf, <a href=\"https:\/\/bagis.tdv.org\/kriz-bolgeleri\/filistin-6\" target=\"_blank\" rel=\"noopener\">Gazze<\/a>\u2019nin ve <a href=\"https:\/\/bagis.tdv.org\/kriz-bolgeleri\/filistin-6\" target=\"_blank\" rel=\"noopener\">Filistin<\/a>\u2019in tamam\u0131 \u00f6zg\u00fcrl\u00fc\u011f\u00fcne kavu\u015fana kadar \u00e7al\u0131\u015fman\u0131n \u00f6nemine dikkati \u00e7ekti.<\/span><span data-ccp-props=\"{}\">\u00a0<\/span><\/p>\n<p style=\"text-align: justify;\"><strong>\u201cFilistinlilerin hayat \u015fartlar\u0131 bizimki gibi olmal\u0131\u201d\u00a0<\/strong><\/p>\n<p style=\"text-align: justify;\"><span data-contrast=\"auto\">El Hayr Vakf\u0131 M\u00fctevelli Heyeti Ba\u015fkan\u0131 \u0130mam Kas\u0131m Ra\u015fid Ahmed, <a href=\"https:\/\/bagis.tdv.org\/kriz-bolgeleri\/filistin-6\" target=\"_blank\" rel=\"noopener\">Gazze<\/a>liler i\u00e7in \u00e7al\u0131\u015fman\u0131n \u00f6nemini vurgulad\u0131.<\/span><span data-ccp-props=\"{}\">\u00a0<\/span><\/p>\n<p style=\"text-align: justify;\"><span data-contrast=\"auto\">Ahmed, &#8220;<a href=\"https:\/\/bagis.tdv.org\/kriz-bolgeleri\/filistin-6\" target=\"_blank\" rel=\"noopener\">Gazze<\/a>\u2019deki karde\u015flerimiz kalbimizden, akl\u0131m\u0131zdan ve ruhumuzdan bizim bir par\u00e7am\u0131zd\u0131r. Onlar\u0131n \u00e7ekti\u011fi s\u0131k\u0131nt\u0131lar\u0131 d\u00fczeltmemiz, bizimle ayn\u0131 d\u00fczeyde ya\u015fam \u015fartlar\u0131na onlar\u0131 kavu\u015fturmam\u0131z gerekiyor. Yaln\u0131zca 7 Ekim \u00f6ncesi de\u011fil 1967 \u00f6ncesine, Kud\u00fcs\u2019\u00fcn tamamen \u00f6zg\u00fcr oldu\u011fu d\u00f6nemler geri gelene kadar \u00e7al\u0131\u015fmam\u0131z laz\u0131m.&#8221; dedi.<\/span><span data-ccp-props=\"{}\">\u00a0<\/span><\/p>\n<p style=\"text-align: justify;\"><span data-contrast=\"auto\">\u0130nsanl\u0131k m\u00fccadelesi vereceklerini belirten Ahmed, k\u00fc\u00e7\u00fck anla\u015fmazl\u0131klar\u0131n b\u00fcy\u00fck davalar\u0131n \u00f6n\u00fcne ge\u00e7memesi gerekti\u011fine ve birlik olman\u0131n \u00f6nemine dikkati \u00e7ekti.<\/span><span data-ccp-props=\"{}\">\u00a0<\/span><\/p>\n<p style=\"text-align: justify;\"><strong>&#8220;<span data-contrast=\"auto\"><a href=\"https:\/\/bagis.tdv.org\/kriz-bolgeleri\/filistin-6\" target=\"_blank\" rel=\"noopener\">Gazze<\/a><\/span>\u2019de 1 milyon 200 bin ki\u015fi y\u0131pranm\u0131\u015f \u00e7ad\u0131rlarda hayatta kalmaya \u00e7al\u0131\u015f\u0131yor\u201d\u00a0<\/strong><\/p>\n<p style=\"text-align: justify;\"><span data-contrast=\"auto\"><a href=\"https:\/\/bagis.tdv.org\/kriz-bolgeleri\/filistin-6\" target=\"_blank\" rel=\"noopener\">Filistin<\/a> yerel STK\u2019lar\u0131 temsilen video mesaj ile zirvenin a\u00e7\u0131l\u0131\u015f\u0131nda konu\u015fan Emced e\u015f-\u015eeva da \u0130srail\u2019in <a href=\"https:\/\/bagis.tdv.org\/kriz-bolgeleri\/filistin-6\" target=\"_blank\" rel=\"noopener\">Gazze<\/a>\u2019de <a href=\"https:\/\/bagis.tdv.org\/kriz-bolgeleri\/filistin-6\" target=\"_blank\" rel=\"noopener\">Filistin<\/a>li gen\u00e7-ya\u015fl\u0131, halk\u0131n t\u00fcm kesimine 2 y\u0131l boyunca soyk\u0131r\u0131m yapt\u0131\u011f\u0131n\u0131 s\u00f6yledi.<\/span><span data-ccp-props=\"{}\">\u00a0<\/span><\/p>\n<p style=\"text-align: justify;\"><span data-contrast=\"auto\">\u015eeva, \u0130srail\u2019in 2 y\u0131lda 20 binden fazla \u00e7ocu\u011fu \u00f6ld\u00fcrd\u00fc\u011f\u00fcn\u00fc hat\u0131rlatarak hayatta kalan yaral\u0131 \u00e7ocuklardan uzuvlar\u0131n\u0131 kaybeden ve psikolojik travmalardan\u00a0muzdarip\u00a0olanlara vurgu yapt\u0131.<\/span><span data-ccp-props=\"{}\">\u00a0<\/span><\/p>\n<p style=\"text-align: justify;\"><span data-contrast=\"auto\">K\u0131\u015f mevsiminin geldi\u011fini hat\u0131rlatan \u015eiva, \u015funlar\u0131 dile getirdi:<\/span><span data-ccp-props=\"{}\">\u00a0<\/span><\/p>\n<p style=\"text-align: justify;\"><span data-contrast=\"auto\">&#8220;<a href=\"https:\/\/bagis.tdv.org\/kriz-bolgeleri\/filistin-6\" target=\"_blank\" rel=\"noopener\">Gazze<\/a>\u2019de 1 milyon 200 bin ki\u015fi \u015fu anda \u00e7\u00fcr\u00fcm\u00fc\u015f y\u0131rt\u0131lm\u0131\u015f y\u0131pranm\u0131\u015f \u00e7ad\u0131rlarda, kelimelere s\u0131\u011fmayan zor \u015fartlar alt\u0131nda hayatta kalmaya \u00e7al\u0131\u015f\u0131yor.<\/span><span data-ccp-props=\"{}\">\u00a0<\/span><\/p>\n<p style=\"text-align: justify;\"><span data-contrast=\"auto\">Hasta ve yaral\u0131lar, ya\u015fl\u0131lar, \u00f6zel ihtiya\u00e7 sahipleri her \u015feyini kaybetti. <a href=\"https:\/\/bagis.tdv.org\/kriz-bolgeleri\/filistin-6\" target=\"_blank\" rel=\"noopener\">Gazze<\/a>&#8216;de y\u0131k\u0131nt\u0131n\u0131n i\u00e7inde ya\u015famak zorunda kalan bu ki\u015filere yard\u0131m ula\u015ft\u0131r\u0131lmas\u0131 gerekiyor.&#8221;<\/span><span data-ccp-props=\"{}\">\u00a0<\/span><\/p>\n<p style=\"text-align: justify;\"><span data-contrast=\"auto\"><a href=\"https:\/\/bagis.tdv.org\/kriz-bolgeleri\/filistin-6\" target=\"_blank\" rel=\"noopener\">Gazze<\/a>\u2019de \u0130srail\u2019in su ve kanalizasyon, altyap\u0131 hizmetlerini yerle bir etti\u011fini s\u00f6yleyen \u015eiva, \u0130srail\u2019in <a href=\"https:\/\/bagis.tdv.org\/kriz-bolgeleri\/filistin-6\" target=\"_blank\" rel=\"noopener\">Gazze<\/a>\u2019deki hedefinin krizi derinle\u015ftirmek ve daha da uzatmak oldu\u011funu kaydetti.<\/span><span data-ccp-props=\"{}\">\u00a0<\/span><\/p>\n<p style=\"text-align: justify;\"><span data-contrast=\"auto\">\u0130srail\u2019in <a href=\"https:\/\/bagis.tdv.org\/kriz-bolgeleri\/filistin-6\" target=\"_blank\" rel=\"noopener\">Gazze<\/a>\u2019de b\u0131rakt\u0131\u011f\u0131 enkaz\u0131n da <a href=\"https:\/\/bagis.tdv.org\/kriz-bolgeleri\/filistin-6\" target=\"_blank\" rel=\"noopener\">Filistin<\/a>lilerin hayat\u0131n\u0131 olumsuz etkiledi\u011fine vurgu yapan \u015eeva \u015funlar\u0131 s\u00f6yledi:<\/span><span data-ccp-props=\"{}\">\u00a0<\/span><\/p>\n<p style=\"text-align: justify;\"><span data-contrast=\"auto\">\u201cBug\u00fcn bu <a href=\"https:\/\/bagis.tdv.org\/kriz-bolgeleri\/filistin-6\" target=\"_blank\" rel=\"noopener\">Gazze<\/a>\u2019nin kalbinden konu\u015fuyorum, kararl\u0131l\u0131k g\u00f6steren, suskun ve t\u00fcm taraflardan sald\u0131r\u0131lan \u015fehir <a href=\"https:\/\/bagis.tdv.org\/kriz-bolgeleri\/filistin-6\" target=\"_blank\" rel=\"noopener\">Gazze<\/a>\u2019den. Enkaz alt\u0131nda binlerce \u015fehidin cenazesi duruyor. \u0130\u015fgalci \u0130srail enkaz kald\u0131rmak i\u00e7in gerekli ekipmanlar\u0131n giri\u015fine izin vermiyor.<\/span><span data-ccp-props=\"{}\">\u00a0<\/span><\/p>\n<p style=\"text-align: justify;\"><span data-contrast=\"auto\">\u0130la\u00e7 ve t\u0131bbi malzemelerin giri\u015fini engelliyor, ihtiyac\u0131n y\u00fczde 10\u2019u bile ula\u015ft\u0131r\u0131lamad\u0131. \u00c7ad\u0131rlar\u0131n giri\u015fine bile izin vermiyorlar, 300 bin \u00e7ad\u0131ra ihtiya\u00e7 var. 1,5 milyon ki\u015fi evini kaybetti, acil yard\u0131m konusunda i\u015fgalci \u0130srail bu hakk\u0131 bile bize \u00e7ok g\u00f6r\u00fcyor ve bizi bu haktan mahrum ediyor.&#8221;<\/span><span data-ccp-props=\"{}\">\u00a0<\/span><\/p>\n<p style=\"text-align: justify;\"><span data-contrast=\"auto\">\u015eeva, <a href=\"https:\/\/bagis.tdv.org\/kriz-bolgeleri\/filistin-6\" target=\"_blank\" rel=\"noopener\">Gazze<\/a>\u2019de e\u011fitimin durdu\u011funu ve bunun i\u00e7in \u00e7al\u0131\u015f\u0131lmas\u0131 gerekti\u011fini ifade ederek zirve kapsam\u0131nda Gazze\u2019ye ve <a href=\"https:\/\/bagis.tdv.org\/kriz-bolgeleri\/filistin-6\" target=\"_blank\" rel=\"noopener\">Filistin<\/a> halk\u0131na yard\u0131m yap\u0131lmas\u0131 \u00e7a\u011fr\u0131s\u0131nda bulundu.<\/span><span data-ccp-props=\"{}\">\u00a0<\/span><\/p>\n<p style=\"text-align: justify;\"><span data-contrast=\"auto\">ABD merkezli S\u0131n\u0131r Tan\u0131mayan Alimler Kurulu\u015fu Temsilcisi Ceyab S\u00fcleyman ise <a href=\"https:\/\/bagis.tdv.org\/kriz-bolgeleri\/filistin-6\" target=\"_blank\" rel=\"noopener\">Gazze<\/a>\u2019nin \u015fu ana kadar insanl\u0131k onuru ad\u0131na hala dimdik ayakta ve direni\u015fine devam etti\u011fini vurgulad\u0131.<\/span><span data-ccp-props=\"{}\">\u00a0<\/span><\/p>\n<p style=\"text-align: justify;\"><span data-contrast=\"auto\">S\u00fcleyman, zirvenin yaln\u0131zca dayan\u0131\u015fman\u0131n \u00f6rne\u011fi olmad\u0131\u011f\u0131n\u0131 ayn\u0131 zamanda sa\u011fl\u0131k, e\u011fitim, altyap\u0131 ve yeniden onurlu ya\u015fam olu\u015fturma plan\u0131n\u0131n prati\u011fe d\u00f6n\u00fc\u015fmesi oldu\u011funu kaydetti.<\/span><span data-ccp-props=\"{}\">\u00a0<\/span><\/p>\n<p style=\"text-align: justify;\"><strong>&#8220;Bizim art\u0131k konu\u015fmalar\u0131m\u0131z\u0131 eyleme \u00e7evirmemiz gerekiyor&#8221;\u00a0<\/strong><\/p>\n<p style=\"text-align: justify;\"><span data-contrast=\"auto\">Ha\u015fimi Hay\u0131r Kurumu Genel Sekreteri H\u00fcseyin e\u015f-\u015eibli, \u201c\u0130nsanl\u0131k ve karde\u015flik i\u00e7in burada toplan\u0131yoruz. Bizim art\u0131k konu\u015fmalar\u0131m\u0131z\u0131 eyleme \u00e7evirmemiz gerekiyor. \u00d6ncelikle T\u00fcrkiye devleti, h\u00fck\u00fcmeti, halk\u0131, kurulu\u015f ve kurumlar\u0131na te\u015fekk\u00fcr ediyoruz.&#8221; dedi.<\/span><span data-ccp-props=\"{}\">\u00a0<\/span><\/p>\n<p style=\"text-align: justify;\"><span data-contrast=\"auto\">&#8220;T\u00fcrk halk\u0131 <a href=\"https:\/\/bagis.tdv.org\/kriz-bolgeleri\/filistin-6\" target=\"_blank\" rel=\"noopener\">Gazze<\/a>\u2019de ilk g\u00fcnden itibaren desteklerini esirgemedi.&#8221; diyen \u015eibli, desteklerin <a href=\"https:\/\/bagis.tdv.org\/kriz-bolgeleri\/filistin-6\" target=\"_blank\" rel=\"noopener\">Gazze<\/a> halk\u0131n\u0131 kararl\u0131l\u0131\u011fa te\u015fvik etti\u011fini, bu nedenle daha fazla destek i\u00e7in \u00e7al\u0131\u015f\u0131lmas\u0131 gerekti\u011fini ve <a href=\"https:\/\/bagis.tdv.org\/kriz-bolgeleri\/filistin-6\" target=\"_blank\" rel=\"noopener\">Gazze<\/a>\u2019nin b\u00f6ylece ayakta kalaca\u011f\u0131n\u0131 aktard\u0131.<\/span><span data-ccp-props=\"{}\">\u00a0<\/span><\/p>\n<p style=\"text-align: justify;\"><span data-contrast=\"auto\">\u015eibli, \u201cD\u00fcnyan\u0131n en derin kriziyle kar\u015f\u0131 kar\u015f\u0131ya kalan yerin ad\u0131 <a href=\"https:\/\/bagis.tdv.org\/kriz-bolgeleri\/filistin-6\" target=\"_blank\" rel=\"noopener\">Gazze<\/a>\u2019dir. D\u00fcnya tarihinde \u00f6yle bir y\u0131k\u0131m ve trajedi ya\u015fanmam\u0131\u015ft\u0131r.&#8221; ifadesini kulland\u0131.<\/span><span data-ccp-props=\"{}\">\u00a0<\/span><\/p>\n<p style=\"text-align: justify;\"><span data-contrast=\"auto\"><a href=\"https:\/\/bagis.tdv.org\/kriz-bolgeleri\/filistin-6\" target=\"_blank\" rel=\"noopener\">Gazze<\/a>\u2019de g\u0131da, su, sa\u011fl\u0131k gibi ihtiya\u00e7lara dikkati \u00e7eken \u015eibli, \u201cOkullar uzun s\u00fcre kapal\u0131 kald\u0131. \u00c7ocuklar e\u011fitim almak istiyorlar, buna ihtiya\u00e7lar\u0131 var, bu konuda kararl\u0131lar da. Ancak okullar\u0131n yoklu\u011fu onlar\u0131 \u00e7aresiz b\u0131rakt\u0131. Bir\u00e7ok kurum \u00e7al\u0131\u015famaz hale geldi.&#8221; diye konu\u015ftu.<\/span><span data-ccp-props=\"{}\">\u00a0<\/span><\/p>\n<p style=\"text-align: justify;\"><span data-contrast=\"auto\">\u015eibli, k\u0131\u015f ay\u0131n\u0131n getirdi\u011fi zorluklara kar\u015f\u0131 haz\u0131rl\u0131k yapma, ila\u00e7 ve t\u0131bbi yard\u0131m ula\u015ft\u0131rma ve \u0130srail ordusunun b\u0131rakt\u0131\u011f\u0131 patlamam\u0131\u015f sava\u015f m\u00fchimmatlar\u0131n\u0131n etkisiz hale getirilmesi gerekti\u011fini s\u00f6yledi.<\/span><span data-ccp-props=\"{}\">\u00a0<\/span><\/p>\n<p style=\"text-align: justify;\"><span data-contrast=\"auto\">L\u00fcbnan M\u00fcft\u00fcs\u00fc Abdullatif Deryan da T\u00fcrkiye\u2019ye <a href=\"https:\/\/bagis.tdv.org\/kriz-bolgeleri\/filistin-6\" target=\"_blank\" rel=\"noopener\">Gazze<\/a>\u2019deki <a href=\"https:\/\/bagis.tdv.org\/kriz-bolgeleri\/filistin-6\" target=\"_blank\" rel=\"noopener\">Filistin<\/a>lilere sa\u011flad\u0131\u011f\u0131 desteklerden dolay\u0131 te\u015fekk\u00fcr etti.<\/span><span data-ccp-props=\"{}\">\u00a0<\/span><\/p>\n<p style=\"text-align: justify;\"><span data-contrast=\"auto\">Deryan, T\u00fcrkiye\u2019nin <a href=\"https:\/\/bagis.tdv.org\/kriz-bolgeleri\/filistin-6\" target=\"_blank\" rel=\"noopener\">Gazze<\/a>\u2019deki ablukay\u0131 k\u0131rmak i\u00e7in \u00e7aba g\u00f6sterdi\u011fine dikkati \u00e7ekerek, L\u00fcbnan\u2019da <a href=\"https:\/\/bagis.tdv.org\/kriz-bolgeleri\/filistin-6\" target=\"_blank\" rel=\"noopener\">Filistin<\/a>liler i\u00e7in yapt\u0131klar\u0131 yard\u0131m \u00e7al\u0131\u015fmalar\u0131n\u0131 anlatt\u0131.<\/span><span data-ccp-props=\"{}\">\u00a0<\/span><\/p>\n<p style=\"text-align: justify;\"><span data-contrast=\"auto\">Programa, Milli E\u011fitim Bakan Yard\u0131mc\u0131s\u0131 Nazif\u00a0Y\u0131maz, \u0130stanbul Vali Yard\u0131mc\u0131s\u0131 Mustafa Kaya, <a href=\"https:\/\/tdv.org\/tr-TR\/kurumsal\/izani-turan\/\" target=\"_blank\" rel=\"noopener\">TDV Genel M\u00fcd\u00fcr\u00fc\u00a0\u0130zani\u00a0Turan<\/a>, TDV Genel M\u00fcd\u00fcr Yard\u0131mc\u0131lar\u0131 <a href=\"https:\/\/tdv.org\/tr-TR\/recep-sukru-balkan\/\" target=\"_blank\" rel=\"noopener\">Recep \u015e\u00fckr\u00fc Balkan<\/a> ve <a href=\"https:\/\/tdv.org\/tr-TR\/kurumsal\/fatih-kayacan\/\" target=\"_blank\" rel=\"noopener\">Fatih Kayacan<\/a> ile \u00e7ok say\u0131da ulusal ve uluslararas\u0131 davetli kat\u0131ld\u0131.<\/span><span data-ccp-props=\"{}\">\u00a0<\/span><\/p>\n\n\t\t<style type=\"text\/css\">\n\t\t\t#gallery-1 {\n\t\t\t\tmargin: auto;\n\t\t\t}\n\t\t\t#gallery-1 .gallery-item {\n\t\t\t\tfloat: left;\n\t\t\t\tmargin-top: 10px;\n\t\t\t\ttext-align: center;\n\t\t\t\twidth: 33%;\n\t\t\t}\n\t\t\t#gallery-1 img {\n\t\t\t\tborder: 2px solid #cfcfcf;\n\t\t\t}\n\t\t\t#gallery-1 .gallery-caption {\n\t\t\t\tmargin-left: 0;\n\t\t\t}\n\t\t\t\/* see gallery_shortcode() in wp-includes\/media.php *\/\n\t\t<\/style>\n\t\t<div id='gallery-1' class='gallery galleryid-53708 gallery-columns-3 gallery-size-large'><dl class='gallery-item'>\n\t\t\t<dt class='gallery-icon landscape'>\n\t\t\t\t<a href='https:\/\/tdv.org\/tr-TR\/wp-content\/uploads\/2025\/11\/uluslararasi-gazze-insani-yardim-zirvesi-istanbulda-basladi-1.jpg'><img decoding=\"async\" width=\"1024\" height=\"683\" src=\"https:\/\/tdv.org\/tr-TR\/wp-content\/uploads\/2025\/11\/uluslararasi-gazze-insani-yardim-zirvesi-istanbulda-basladi-1-1024x683.jpg\" class=\"attachment-large size-large\" alt=\"uluslararasi-gazze-insani-yardim-zirvesi-istanbulda-basladi, Filistin, Gazze, \u0130nsani Yard\u0131m, Uluslararas\u0131 Gazze \u0130nsani Yard\u0131m Zirvesi\" aria-describedby=\"gallery-1-53709\" srcset=\"https:\/\/tdv.org\/tr-TR\/wp-content\/uploads\/2025\/11\/uluslararasi-gazze-insani-yardim-zirvesi-istanbulda-basladi-1-1024x683.jpg 1024w, https:\/\/tdv.org\/tr-TR\/wp-content\/uploads\/2025\/11\/uluslararasi-gazze-insani-yardim-zirvesi-istanbulda-basladi-1-300x200.jpg 300w, https:\/\/tdv.org\/tr-TR\/wp-content\/uploads\/2025\/11\/uluslararasi-gazze-insani-yardim-zirvesi-istanbulda-basladi-1-768x512.jpg 768w, https:\/\/tdv.org\/tr-TR\/wp-content\/uploads\/2025\/11\/uluslararasi-gazze-insani-yardim-zirvesi-istanbulda-basladi-1-900x600.jpg 900w, https:\/\/tdv.org\/tr-TR\/wp-content\/uploads\/2025\/11\/uluslararasi-gazze-insani-yardim-zirvesi-istanbulda-basladi-1.jpg 1152w\" sizes=\"(max-width: 1024px) 100vw, 1024px\" \/><\/a>\n\t\t\t<\/dt>\n\t\t\t\t<dd class='wp-caption-text gallery-caption' id='gallery-1-53709'>\n\t\t\t\tuluslararasi-gazze-insani-yardim-zirvesi-istanbulda-basladi, Filistin, Gazze, \u0130nsani Yard\u0131m, Uluslararas\u0131 Gazze \u0130nsani Yard\u0131m Zirvesi\n\t\t\t\t<\/dd><\/dl><dl class='gallery-item'>\n\t\t\t<dt class='gallery-icon landscape'>\n\t\t\t\t<a href='https:\/\/tdv.org\/tr-TR\/wp-content\/uploads\/2025\/11\/uluslararasi-gazze-insani-yardim-zirvesi-istanbulda-basladi-2.jpg'><img decoding=\"async\" width=\"1024\" height=\"683\" src=\"https:\/\/tdv.org\/tr-TR\/wp-content\/uploads\/2025\/11\/uluslararasi-gazze-insani-yardim-zirvesi-istanbulda-basladi-2-1024x683.jpg\" class=\"attachment-large size-large\" alt=\"uluslararasi-gazze-insani-yardim-zirvesi-istanbulda-basladi, Filistin, Gazze, \u0130nsani Yard\u0131m, Uluslararas\u0131 Gazze \u0130nsani Yard\u0131m Zirvesi\" aria-describedby=\"gallery-1-53710\" srcset=\"https:\/\/tdv.org\/tr-TR\/wp-content\/uploads\/2025\/11\/uluslararasi-gazze-insani-yardim-zirvesi-istanbulda-basladi-2-1024x683.jpg 1024w, https:\/\/tdv.org\/tr-TR\/wp-content\/uploads\/2025\/11\/uluslararasi-gazze-insani-yardim-zirvesi-istanbulda-basladi-2-300x200.jpg 300w, https:\/\/tdv.org\/tr-TR\/wp-content\/uploads\/2025\/11\/uluslararasi-gazze-insani-yardim-zirvesi-istanbulda-basladi-2-768x512.jpg 768w, https:\/\/tdv.org\/tr-TR\/wp-content\/uploads\/2025\/11\/uluslararasi-gazze-insani-yardim-zirvesi-istanbulda-basladi-2-900x600.jpg 900w, https:\/\/tdv.org\/tr-TR\/wp-content\/uploads\/2025\/11\/uluslararasi-gazze-insani-yardim-zirvesi-istanbulda-basladi-2.jpg 1152w\" sizes=\"(max-width: 1024px) 100vw, 1024px\" \/><\/a>\n\t\t\t<\/dt>\n\t\t\t\t<dd class='wp-caption-text gallery-caption' id='gallery-1-53710'>\n\t\t\t\tuluslararasi-gazze-insani-yardim-zirvesi-istanbulda-basladi, Filistin, Gazze, \u0130nsani Yard\u0131m, Uluslararas\u0131 Gazze \u0130nsani Yard\u0131m Zirvesi\n\t\t\t\t<\/dd><\/dl><dl class='gallery-item'>\n\t\t\t<dt class='gallery-icon landscape'>\n\t\t\t\t<a href='https:\/\/tdv.org\/tr-TR\/wp-content\/uploads\/2025\/11\/uluslararasi-gazze-insani-yardim-zirvesi-istanbulda-basladi-3.jpg'><img decoding=\"async\" width=\"1024\" height=\"683\" src=\"https:\/\/tdv.org\/tr-TR\/wp-content\/uploads\/2025\/11\/uluslararasi-gazze-insani-yardim-zirvesi-istanbulda-basladi-3-1024x683.jpg\" class=\"attachment-large size-large\" alt=\"uluslararasi-gazze-insani-yardim-zirvesi-istanbulda-basladi, Filistin, Gazze, \u0130nsani Yard\u0131m, Uluslararas\u0131 Gazze \u0130nsani Yard\u0131m Zirvesi\" aria-describedby=\"gallery-1-53711\" srcset=\"https:\/\/tdv.org\/tr-TR\/wp-content\/uploads\/2025\/11\/uluslararasi-gazze-insani-yardim-zirvesi-istanbulda-basladi-3-1024x683.jpg 1024w, https:\/\/tdv.org\/tr-TR\/wp-content\/uploads\/2025\/11\/uluslararasi-gazze-insani-yardim-zirvesi-istanbulda-basladi-3-300x200.jpg 300w, https:\/\/tdv.org\/tr-TR\/wp-content\/uploads\/2025\/11\/uluslararasi-gazze-insani-yardim-zirvesi-istanbulda-basladi-3-768x512.jpg 768w, https:\/\/tdv.org\/tr-TR\/wp-content\/uploads\/2025\/11\/uluslararasi-gazze-insani-yardim-zirvesi-istanbulda-basladi-3-900x600.jpg 900w, https:\/\/tdv.org\/tr-TR\/wp-content\/uploads\/2025\/11\/uluslararasi-gazze-insani-yardim-zirvesi-istanbulda-basladi-3.jpg 1152w\" sizes=\"(max-width: 1024px) 100vw, 1024px\" \/><\/a>\n\t\t\t<\/dt>\n\t\t\t\t<dd class='wp-caption-text gallery-caption' id='gallery-1-53711'>\n\t\t\t\tuluslararasi-gazze-insani-yardim-zirvesi-istanbulda-basladi, Filistin, Gazze, \u0130nsani Yard\u0131m, Uluslararas\u0131 Gazze \u0130nsani Yard\u0131m Zirvesi\n\t\t\t\t<\/dd><\/dl><br style=\"clear: both\" \/><dl class='gallery-item'>\n\t\t\t<dt class='gallery-icon landscape'>\n\t\t\t\t<a href='https:\/\/tdv.org\/tr-TR\/wp-content\/uploads\/2025\/11\/uluslararasi-gazze-insani-yardim-zirvesi-istanbulda-basladi-4.jpg'><img decoding=\"async\" width=\"1024\" height=\"683\" src=\"https:\/\/tdv.org\/tr-TR\/wp-content\/uploads\/2025\/11\/uluslararasi-gazze-insani-yardim-zirvesi-istanbulda-basladi-4-1024x683.jpg\" class=\"attachment-large size-large\" alt=\"uluslararasi-gazze-insani-yardim-zirvesi-istanbulda-basladi, Filistin, Gazze, \u0130nsani Yard\u0131m, Uluslararas\u0131 Gazze \u0130nsani Yard\u0131m Zirvesi\" aria-describedby=\"gallery-1-53712\" srcset=\"https:\/\/tdv.org\/tr-TR\/wp-content\/uploads\/2025\/11\/uluslararasi-gazze-insani-yardim-zirvesi-istanbulda-basladi-4-1024x683.jpg 1024w, https:\/\/tdv.org\/tr-TR\/wp-content\/uploads\/2025\/11\/uluslararasi-gazze-insani-yardim-zirvesi-istanbulda-basladi-4-300x200.jpg 300w, https:\/\/tdv.org\/tr-TR\/wp-content\/uploads\/2025\/11\/uluslararasi-gazze-insani-yardim-zirvesi-istanbulda-basladi-4-768x512.jpg 768w, https:\/\/tdv.org\/tr-TR\/wp-content\/uploads\/2025\/11\/uluslararasi-gazze-insani-yardim-zirvesi-istanbulda-basladi-4-900x600.jpg 900w, https:\/\/tdv.org\/tr-TR\/wp-content\/uploads\/2025\/11\/uluslararasi-gazze-insani-yardim-zirvesi-istanbulda-basladi-4.jpg 1152w\" sizes=\"(max-width: 1024px) 100vw, 1024px\" \/><\/a>\n\t\t\t<\/dt>\n\t\t\t\t<dd class='wp-caption-text gallery-caption' id='gallery-1-53712'>\n\t\t\t\tuluslararasi-gazze-insani-yardim-zirvesi-istanbulda-basladi, Filistin, Gazze, \u0130nsani Yard\u0131m, Uluslararas\u0131 Gazze \u0130nsani Yard\u0131m Zirvesi\n\t\t\t\t<\/dd><\/dl><dl class='gallery-item'>\n\t\t\t<dt class='gallery-icon landscape'>\n\t\t\t\t<a href='https:\/\/tdv.org\/tr-TR\/wp-content\/uploads\/2025\/11\/uluslararasi-gazze-insani-yardim-zirvesi-istanbulda-basladi-5.jpg'><img decoding=\"async\" width=\"1024\" height=\"683\" src=\"https:\/\/tdv.org\/tr-TR\/wp-content\/uploads\/2025\/11\/uluslararasi-gazze-insani-yardim-zirvesi-istanbulda-basladi-5-1024x683.jpg\" class=\"attachment-large size-large\" alt=\"uluslararasi-gazze-insani-yardim-zirvesi-istanbulda-basladi, Filistin, Gazze, \u0130nsani Yard\u0131m, Uluslararas\u0131 Gazze \u0130nsani Yard\u0131m Zirvesi\" aria-describedby=\"gallery-1-53713\" srcset=\"https:\/\/tdv.org\/tr-TR\/wp-content\/uploads\/2025\/11\/uluslararasi-gazze-insani-yardim-zirvesi-istanbulda-basladi-5-1024x683.jpg 1024w, https:\/\/tdv.org\/tr-TR\/wp-content\/uploads\/2025\/11\/uluslararasi-gazze-insani-yardim-zirvesi-istanbulda-basladi-5-300x200.jpg 300w, https:\/\/tdv.org\/tr-TR\/wp-content\/uploads\/2025\/11\/uluslararasi-gazze-insani-yardim-zirvesi-istanbulda-basladi-5-768x512.jpg 768w, https:\/\/tdv.org\/tr-TR\/wp-content\/uploads\/2025\/11\/uluslararasi-gazze-insani-yardim-zirvesi-istanbulda-basladi-5-900x600.jpg 900w, https:\/\/tdv.org\/tr-TR\/wp-content\/uploads\/2025\/11\/uluslararasi-gazze-insani-yardim-zirvesi-istanbulda-basladi-5.jpg 1152w\" sizes=\"(max-width: 1024px) 100vw, 1024px\" \/><\/a>\n\t\t\t<\/dt>\n\t\t\t\t<dd class='wp-caption-text gallery-caption' id='gallery-1-53713'>\n\t\t\t\tuluslararasi-gazze-insani-yardim-zirvesi-istanbulda-basladi, Filistin, Gazze, \u0130nsani Yard\u0131m, Uluslararas\u0131 Gazze \u0130nsani Yard\u0131m Zirvesi\n\t\t\t\t<\/dd><\/dl><dl class='gallery-item'>\n\t\t\t<dt class='gallery-icon landscape'>\n\t\t\t\t<a href='https:\/\/tdv.org\/tr-TR\/wp-content\/uploads\/2025\/11\/uluslararasi-gazze-insani-yardim-zirvesi-istanbulda-basladi-6.jpg'><img decoding=\"async\" width=\"1024\" height=\"683\" src=\"https:\/\/tdv.org\/tr-TR\/wp-content\/uploads\/2025\/11\/uluslararasi-gazze-insani-yardim-zirvesi-istanbulda-basladi-6-1024x683.jpg\" class=\"attachment-large size-large\" alt=\"uluslararasi-gazze-insani-yardim-zirvesi-istanbulda-basladi, Filistin, Gazze, \u0130nsani Yard\u0131m, Uluslararas\u0131 Gazze \u0130nsani Yard\u0131m Zirvesi\" aria-describedby=\"gallery-1-53714\" srcset=\"https:\/\/tdv.org\/tr-TR\/wp-content\/uploads\/2025\/11\/uluslararasi-gazze-insani-yardim-zirvesi-istanbulda-basladi-6-1024x683.jpg 1024w, https:\/\/tdv.org\/tr-TR\/wp-content\/uploads\/2025\/11\/uluslararasi-gazze-insani-yardim-zirvesi-istanbulda-basladi-6-300x200.jpg 300w, https:\/\/tdv.org\/tr-TR\/wp-content\/uploads\/2025\/11\/uluslararasi-gazze-insani-yardim-zirvesi-istanbulda-basladi-6-768x512.jpg 768w, https:\/\/tdv.org\/tr-TR\/wp-content\/uploads\/2025\/11\/uluslararasi-gazze-insani-yardim-zirvesi-istanbulda-basladi-6-900x600.jpg 900w, https:\/\/tdv.org\/tr-TR\/wp-content\/uploads\/2025\/11\/uluslararasi-gazze-insani-yardim-zirvesi-istanbulda-basladi-6.jpg 1152w\" sizes=\"(max-width: 1024px) 100vw, 1024px\" \/><\/a>\n\t\t\t<\/dt>\n\t\t\t\t<dd class='wp-caption-text gallery-caption' id='gallery-1-53714'>\n\t\t\t\tuluslararasi-gazze-insani-yardim-zirvesi-istanbulda-basladi, Filistin, Gazze, \u0130nsani Yard\u0131m, Uluslararas\u0131 Gazze \u0130nsani Yard\u0131m Zirvesi\n\t\t\t\t<\/dd><\/dl><br style=\"clear: both\" \/><dl class='gallery-item'>\n\t\t\t<dt class='gallery-icon landscape'>\n\t\t\t\t<a href='https:\/\/tdv.org\/tr-TR\/wp-content\/uploads\/2025\/11\/uluslararasi-gazze-insani-yardim-zirvesi-istanbulda-basladi-7.jpg'><img decoding=\"async\" width=\"1024\" height=\"683\" src=\"https:\/\/tdv.org\/tr-TR\/wp-content\/uploads\/2025\/11\/uluslararasi-gazze-insani-yardim-zirvesi-istanbulda-basladi-7-1024x683.jpg\" class=\"attachment-large size-large\" alt=\"uluslararasi-gazze-insani-yardim-zirvesi-istanbulda-basladi, Filistin, Gazze, \u0130nsani Yard\u0131m, Uluslararas\u0131 Gazze \u0130nsani Yard\u0131m Zirvesi\" aria-describedby=\"gallery-1-53715\" srcset=\"https:\/\/tdv.org\/tr-TR\/wp-content\/uploads\/2025\/11\/uluslararasi-gazze-insani-yardim-zirvesi-istanbulda-basladi-7-1024x683.jpg 1024w, https:\/\/tdv.org\/tr-TR\/wp-content\/uploads\/2025\/11\/uluslararasi-gazze-insani-yardim-zirvesi-istanbulda-basladi-7-300x200.jpg 300w, https:\/\/tdv.org\/tr-TR\/wp-content\/uploads\/2025\/11\/uluslararasi-gazze-insani-yardim-zirvesi-istanbulda-basladi-7-768x512.jpg 768w, https:\/\/tdv.org\/tr-TR\/wp-content\/uploads\/2025\/11\/uluslararasi-gazze-insani-yardim-zirvesi-istanbulda-basladi-7-900x600.jpg 900w, https:\/\/tdv.org\/tr-TR\/wp-content\/uploads\/2025\/11\/uluslararasi-gazze-insani-yardim-zirvesi-istanbulda-basladi-7.jpg 1152w\" sizes=\"(max-width: 1024px) 100vw, 1024px\" \/><\/a>\n\t\t\t<\/dt>\n\t\t\t\t<dd class='wp-caption-text gallery-caption' id='gallery-1-53715'>\n\t\t\t\tuluslararasi-gazze-insani-yardim-zirvesi-istanbulda-basladi, Filistin, Gazze, \u0130nsani Yard\u0131m, Uluslararas\u0131 Gazze \u0130nsani Yard\u0131m Zirvesi\n\t\t\t\t<\/dd><\/dl><dl class='gallery-item'>\n\t\t\t<dt class='gallery-icon landscape'>\n\t\t\t\t<a href='https:\/\/tdv.org\/tr-TR\/wp-content\/uploads\/2025\/11\/uluslararasi-gazze-insani-yardim-zirvesi-istanbulda-basladi-8.jpg'><img decoding=\"async\" width=\"1024\" height=\"683\" src=\"https:\/\/tdv.org\/tr-TR\/wp-content\/uploads\/2025\/11\/uluslararasi-gazze-insani-yardim-zirvesi-istanbulda-basladi-8-1024x683.jpg\" class=\"attachment-large size-large\" alt=\"uluslararasi-gazze-insani-yardim-zirvesi-istanbulda-basladi, Filistin, Gazze, \u0130nsani Yard\u0131m, Uluslararas\u0131 Gazze \u0130nsani Yard\u0131m Zirvesi\" aria-describedby=\"gallery-1-53716\" srcset=\"https:\/\/tdv.org\/tr-TR\/wp-content\/uploads\/2025\/11\/uluslararasi-gazze-insani-yardim-zirvesi-istanbulda-basladi-8-1024x683.jpg 1024w, https:\/\/tdv.org\/tr-TR\/wp-content\/uploads\/2025\/11\/uluslararasi-gazze-insani-yardim-zirvesi-istanbulda-basladi-8-300x200.jpg 300w, https:\/\/tdv.org\/tr-TR\/wp-content\/uploads\/2025\/11\/uluslararasi-gazze-insani-yardim-zirvesi-istanbulda-basladi-8-768x512.jpg 768w, https:\/\/tdv.org\/tr-TR\/wp-content\/uploads\/2025\/11\/uluslararasi-gazze-insani-yardim-zirvesi-istanbulda-basladi-8-900x600.jpg 900w, https:\/\/tdv.org\/tr-TR\/wp-content\/uploads\/2025\/11\/uluslararasi-gazze-insani-yardim-zirvesi-istanbulda-basladi-8.jpg 1152w\" sizes=\"(max-width: 1024px) 100vw, 1024px\" \/><\/a>\n\t\t\t<\/dt>\n\t\t\t\t<dd class='wp-caption-text gallery-caption' id='gallery-1-53716'>\n\t\t\t\tuluslararasi-gazze-insani-yardim-zirvesi-istanbulda-basladi, Filistin, Gazze, \u0130nsani Yard\u0131m, Uluslararas\u0131 Gazze \u0130nsani Yard\u0131m Zirvesi\n\t\t\t\t<\/dd><\/dl>\n\t\t\t<br style='clear: both' \/>\n\t\t<\/div>\n\n","protected":false},"excerpt":{"rendered":"<p>T\u00fcrkiye Diyanet Vakf\u0131&#8217;nca (TDV), Gazze&#8216;de ya\u015fanan insani krize dikkati \u00e7ekmek ve dayan\u0131\u015fmay\u0131 g\u00fc\u00e7lendirmek amac\u0131yla d\u00fczenlenen &#8220;Uluslararas\u0131 Gazze \u0130nsani Yard\u0131m Zirvesi&#8221; \u0130stanbul&#8217;da ba\u015flad\u0131.\u00a0 \u0130stanbul K\u00fc\u00e7\u00fck\u00e7ekmece&#8217;de bir otelde ba\u015flayan program\u0131n a\u00e7\u0131l\u0131\u015f konu\u015fmas\u0131n\u0131&#8230;<\/p>\n","protected":false},"author":8,"featured_media":53709,"comment_status":"closed","ping_status":"closed","sticky":false,"template":"","format":"standard","meta":{"footnotes":""},"categories":[1],"tags":[2367,2454,110,2235,1298,1855,106,764,1307,2343,2218,2389,2346,2234],"class_list":{"0":"post-53708","1":"post","2":"type-post","3":"status-publish","4":"format-standard","5":"has-post-thumbnail","7":"category-haberler","8":"tag-uluslararasi-insani-yardim-zirvesi-gazzenin-gelecegi","9":"tag-diyanet-isleri-baskani-ve-tdv-mutevelli-heyeti-baskani-prof-dr-safi-arpagus","10":"tag-filistin","11":"tag-filistin-icin-sozumuz-var","12":"tag-filistin-yardim","13":"tag-filistinli","14":"tag-gazze","15":"tag-gazze-seridi","16":"tag-gazze-yardim","17":"tag-genel-mudur-yardimcisi-recep-sukru-balkan","18":"tag-ozgur-filistinin-yanindayiz","19":"tag-tdv-genel-mudur-yardimcisi-fatih-kayacan","20":"tag-turkiye-diyanet-vakfi-genel-muduru-izani-turan","21":"tag-uluslararasi-cizgilerle-ozgur-filistin-sergisi"},"yoast_head":"<!-- This site is optimized with the Yoast SEO plugin v27.4 - https:\/\/yoast.com\/product\/yoast-seo-wordpress\/ -->\n<title>&quot;Uluslararas\u0131 Gazze \u0130nsani Yard\u0131m Zirvesi&quot; \u0130stanbul&#039;da ba\u015flad\u0131<\/title>\n<meta name=\"description\" content=\"T\u00fcrkiye Diyanet Vakf\u0131&#039;nca (TDV), Gazze&#039;de ya\u015fanan insani krize dikkati \u00e7ekmek ve dayan\u0131\u015fmay\u0131 g\u00fc\u00e7lendirmek amac\u0131yla d\u00fczenlenen &quot;Uluslararas\u0131 Gazze \u0130nsani Yard\u0131m Zirvesi&quot; \u0130stanbul&#039;da ba\u015flad\u0131.\u00a0\" \/>\n<meta name=\"robots\" content=\"index, follow, max-snippet:-1, max-image-preview:large, max-video-preview:-1\" \/>\n<link rel=\"canonical\" href=\"https:\/\/tdv.org\/tr-TR\/uluslararasi-gazze-insani-yardim-zirvesi-istanbulda-basladi\/\" \/>\n<meta property=\"og:locale\" content=\"tr_TR\" \/>\n<meta property=\"og:type\" content=\"article\" \/>\n<meta property=\"og:title\" content=\"&quot;Uluslararas\u0131 Gazze \u0130nsani Yard\u0131m Zirvesi&quot; \u0130stanbul&#039;da ba\u015flad\u0131\" \/>\n<meta property=\"og:description\" content=\"T\u00fcrkiye Diyanet Vakf\u0131&#039;nca (TDV), Gazze&#039;de ya\u015fanan insani krize dikkati \u00e7ekmek ve dayan\u0131\u015fmay\u0131 g\u00fc\u00e7lendirmek amac\u0131yla d\u00fczenlenen &quot;Uluslararas\u0131 Gazze \u0130nsani Yard\u0131m Zirvesi&quot; \u0130stanbul&#039;da ba\u015flad\u0131.\u00a0\" \/>\n<meta property=\"og:url\" content=\"https:\/\/tdv.org\/tr-TR\/uluslararasi-gazze-insani-yardim-zirvesi-istanbulda-basladi\/\" \/>\n<meta property=\"og:site_name\" content=\"T\u00fcrkiye Diyanet Vakf\u0131 Resmi Web Sitesi\" \/>\n<meta property=\"article:publisher\" content=\"https:\/\/www.facebook.com\/Diyanetvakfi\/\" \/>\n<meta property=\"article:published_time\" content=\"2025-11-11T13:30:23+00:00\" \/>\n<meta property=\"article:modified_time\" content=\"2025-11-11T13:32:46+00:00\" \/>\n<meta property=\"og:image\" content=\"https:\/\/tdv.org\/tr-TR\/wp-content\/uploads\/2025\/11\/uluslararasi-gazze-insani-yardim-zirvesi-istanbulda-basladi-1.jpg\" \/>\n\t<meta property=\"og:image:width\" content=\"1152\" \/>\n\t<meta property=\"og:image:height\" content=\"768\" \/>\n\t<meta property=\"og:image:type\" content=\"image\/jpeg\" \/>\n<meta name=\"author\" content=\"Selim\" \/>\n<meta name=\"twitter:card\" content=\"summary_large_image\" \/>\n<meta name=\"twitter:creator\" content=\"@DiyanetVakfi\" \/>\n<meta name=\"twitter:site\" content=\"@DiyanetVakfi\" \/>\n<script type=\"application\/ld+json\" class=\"yoast-schema-graph\">{\"@context\":\"https:\\\/\\\/schema.org\",\"@graph\":[{\"@type\":\"Article\",\"@id\":\"https:\\\/\\\/tdv.org\\\/tr-TR\\\/uluslararasi-gazze-insani-yardim-zirvesi-istanbulda-basladi\\\/#article\",\"isPartOf\":{\"@id\":\"https:\\\/\\\/tdv.org\\\/tr-TR\\\/uluslararasi-gazze-insani-yardim-zirvesi-istanbulda-basladi\\\/\"},\"author\":{\"name\":\"Selim\",\"@id\":\"https:\\\/\\\/tdv.org\\\/tr-TR\\\/#\\\/schema\\\/person\\\/752b55e264a99273d55636516d96d5eb\"},\"headline\":\"&#8220;Uluslararas\u0131 Gazze \u0130nsani Yard\u0131m Zirvesi&#8221; \u0130stanbul&#8217;da ba\u015flad\u0131\",\"datePublished\":\"2025-11-11T13:30:23+00:00\",\"dateModified\":\"2025-11-11T13:32:46+00:00\",\"mainEntityOfPage\":{\"@id\":\"https:\\\/\\\/tdv.org\\\/tr-TR\\\/uluslararasi-gazze-insani-yardim-zirvesi-istanbulda-basladi\\\/\"},\"wordCount\":1861,\"publisher\":{\"@id\":\"https:\\\/\\\/tdv.org\\\/tr-TR\\\/#organization\"},\"image\":{\"@id\":\"https:\\\/\\\/tdv.org\\\/tr-TR\\\/uluslararasi-gazze-insani-yardim-zirvesi-istanbulda-basladi\\\/#primaryimage\"},\"thumbnailUrl\":\"https:\\\/\\\/tdv.org\\\/tr-TR\\\/wp-content\\\/uploads\\\/2025\\\/11\\\/uluslararasi-gazze-insani-yardim-zirvesi-istanbulda-basladi-1.jpg\",\"keywords\":[\"\u201cUluslararas\u0131 \u0130nsani Yard\u0131m Zirvesi: Gazze\u2019nin Gelece\u011fi\",\"Diyanet \u0130\u015fleri Ba\u015fkan\u0131 ve TDV M\u00fctevelli Heyeti Ba\u015fkan\u0131 Prof. Dr. Safi Arpagu\u015f\",\"filistin\",\"Filistin \u0130\u00e7in S\u00f6z\u00fcm\u00fcz Var\",\"filistin yard\u0131m\",\"Filistinli\",\"gazze\",\"Gazze \u015feridi\",\"gazze yard\u0131m\",\"Genel M\u00fcd\u00fcr Yard\u0131mc\u0131s\u0131 Recep \u015e\u00fckr\u00fc Balkan\",\"\u00d6zg\u00fcr Filistin'in Yan\u0131nday\u0131z\",\"TDV Genel M\u00fcd\u00fcr Yard\u0131mc\u0131s\u0131 Fatih Kayacan\",\"T\u00fcrkiye Diyanet Vakf\u0131 Genel M\u00fcd\u00fcr\u00fc \u0130zani Turan\",\"Uluslararas\u0131 \u00c7izgilerle \u00d6zg\u00fcr Filistin Sergisi\"],\"articleSection\":[\"Haberler\"],\"inLanguage\":\"tr\"},{\"@type\":\"WebPage\",\"@id\":\"https:\\\/\\\/tdv.org\\\/tr-TR\\\/uluslararasi-gazze-insani-yardim-zirvesi-istanbulda-basladi\\\/\",\"url\":\"https:\\\/\\\/tdv.org\\\/tr-TR\\\/uluslararasi-gazze-insani-yardim-zirvesi-istanbulda-basladi\\\/\",\"name\":\"\\\"Uluslararas\u0131 Gazze \u0130nsani Yard\u0131m Zirvesi\\\" \u0130stanbul'da ba\u015flad\u0131\",\"isPartOf\":{\"@id\":\"https:\\\/\\\/tdv.org\\\/tr-TR\\\/#website\"},\"primaryImageOfPage\":{\"@id\":\"https:\\\/\\\/tdv.org\\\/tr-TR\\\/uluslararasi-gazze-insani-yardim-zirvesi-istanbulda-basladi\\\/#primaryimage\"},\"image\":{\"@id\":\"https:\\\/\\\/tdv.org\\\/tr-TR\\\/uluslararasi-gazze-insani-yardim-zirvesi-istanbulda-basladi\\\/#primaryimage\"},\"thumbnailUrl\":\"https:\\\/\\\/tdv.org\\\/tr-TR\\\/wp-content\\\/uploads\\\/2025\\\/11\\\/uluslararasi-gazze-insani-yardim-zirvesi-istanbulda-basladi-1.jpg\",\"datePublished\":\"2025-11-11T13:30:23+00:00\",\"dateModified\":\"2025-11-11T13:32:46+00:00\",\"description\":\"T\u00fcrkiye Diyanet Vakf\u0131'nca (TDV), Gazze'de ya\u015fanan insani krize dikkati \u00e7ekmek ve dayan\u0131\u015fmay\u0131 g\u00fc\u00e7lendirmek amac\u0131yla d\u00fczenlenen \\\"Uluslararas\u0131 Gazze \u0130nsani Yard\u0131m Zirvesi\\\" \u0130stanbul'da ba\u015flad\u0131.\u00a0\",\"breadcrumb\":{\"@id\":\"https:\\\/\\\/tdv.org\\\/tr-TR\\\/uluslararasi-gazze-insani-yardim-zirvesi-istanbulda-basladi\\\/#breadcrumb\"},\"inLanguage\":\"tr\",\"potentialAction\":[{\"@type\":\"ReadAction\",\"target\":[\"https:\\\/\\\/tdv.org\\\/tr-TR\\\/uluslararasi-gazze-insani-yardim-zirvesi-istanbulda-basladi\\\/\"]}]},{\"@type\":\"ImageObject\",\"inLanguage\":\"tr\",\"@id\":\"https:\\\/\\\/tdv.org\\\/tr-TR\\\/uluslararasi-gazze-insani-yardim-zirvesi-istanbulda-basladi\\\/#primaryimage\",\"url\":\"https:\\\/\\\/tdv.org\\\/tr-TR\\\/wp-content\\\/uploads\\\/2025\\\/11\\\/uluslararasi-gazze-insani-yardim-zirvesi-istanbulda-basladi-1.jpg\",\"contentUrl\":\"https:\\\/\\\/tdv.org\\\/tr-TR\\\/wp-content\\\/uploads\\\/2025\\\/11\\\/uluslararasi-gazze-insani-yardim-zirvesi-istanbulda-basladi-1.jpg\",\"width\":1152,\"height\":768,\"caption\":\"uluslararasi-gazze-insani-yardim-zirvesi-istanbulda-basladi, Filistin, Gazze, \u0130nsani Yard\u0131m, Uluslararas\u0131 Gazze \u0130nsani Yard\u0131m Zirvesi\"},{\"@type\":\"BreadcrumbList\",\"@id\":\"https:\\\/\\\/tdv.org\\\/tr-TR\\\/uluslararasi-gazze-insani-yardim-zirvesi-istanbulda-basladi\\\/#breadcrumb\",\"itemListElement\":[{\"@type\":\"ListItem\",\"position\":1,\"name\":\"Anasayfa\",\"item\":\"https:\\\/\\\/tdv.org\\\/tr-TR\\\/\"},{\"@type\":\"ListItem\",\"position\":2,\"name\":\"&#8220;Uluslararas\u0131 Gazze \u0130nsani Yard\u0131m Zirvesi&#8221; \u0130stanbul&#8217;da ba\u015flad\u0131\"}]},{\"@type\":\"WebSite\",\"@id\":\"https:\\\/\\\/tdv.org\\\/tr-TR\\\/#website\",\"url\":\"https:\\\/\\\/tdv.org\\\/tr-TR\\\/\",\"name\":\"T\u00fcrkiye Diyanet Vakf\u0131 Resmi Web Sitesi\",\"description\":\"Yery\u00fcz\u00fcnde iyilik egemen oluncaya kadar\",\"publisher\":{\"@id\":\"https:\\\/\\\/tdv.org\\\/tr-TR\\\/#organization\"},\"alternateName\":\"T\u00fcrkiye Diyanet Vakf\u0131\",\"potentialAction\":[{\"@type\":\"SearchAction\",\"target\":{\"@type\":\"EntryPoint\",\"urlTemplate\":\"https:\\\/\\\/tdv.org\\\/tr-TR\\\/?s={search_term_string}\"},\"query-input\":{\"@type\":\"PropertyValueSpecification\",\"valueRequired\":true,\"valueName\":\"search_term_string\"}}],\"inLanguage\":\"tr\"},{\"@type\":\"Organization\",\"@id\":\"https:\\\/\\\/tdv.org\\\/tr-TR\\\/#organization\",\"name\":\"T\u00fcrkiye Diyanet Vakf\u0131\",\"alternateName\":\"T\u00fcrkiye Diyanet Vakf\u0131\",\"url\":\"https:\\\/\\\/tdv.org\\\/tr-TR\\\/\",\"logo\":{\"@type\":\"ImageObject\",\"inLanguage\":\"tr\",\"@id\":\"https:\\\/\\\/tdv.org\\\/tr-TR\\\/#\\\/schema\\\/logo\\\/image\\\/\",\"url\":\"https:\\\/\\\/tdv.org\\\/tr-TR\\\/wp-content\\\/uploads\\\/2018\\\/12\\\/TDV_Logo_1.png\",\"contentUrl\":\"https:\\\/\\\/tdv.org\\\/tr-TR\\\/wp-content\\\/uploads\\\/2018\\\/12\\\/TDV_Logo_1.png\",\"width\":207,\"height\":71,\"caption\":\"T\u00fcrkiye Diyanet Vakf\u0131\"},\"image\":{\"@id\":\"https:\\\/\\\/tdv.org\\\/tr-TR\\\/#\\\/schema\\\/logo\\\/image\\\/\"},\"sameAs\":[\"https:\\\/\\\/www.facebook.com\\\/Diyanetvakfi\\\/\",\"https:\\\/\\\/x.com\\\/DiyanetVakfi\",\"https:\\\/\\\/www.instagram.com\\\/turkiyediyanetvakfi\\\/\",\"https:\\\/\\\/www.youtube.com\\\/user\\\/TurkiyeDiyanetVakfi\"]},{\"@type\":\"Person\",\"@id\":\"https:\\\/\\\/tdv.org\\\/tr-TR\\\/#\\\/schema\\\/person\\\/752b55e264a99273d55636516d96d5eb\",\"name\":\"Selim\",\"image\":{\"@type\":\"ImageObject\",\"inLanguage\":\"tr\",\"@id\":\"https:\\\/\\\/tdv.org\\\/tr-TR\\\/wp-content\\\/litespeed\\\/avatar\\\/a1e47b25396e98e5b781e88a5396cd96.jpg?ver=1777287391\",\"url\":\"https:\\\/\\\/tdv.org\\\/tr-TR\\\/wp-content\\\/litespeed\\\/avatar\\\/a1e47b25396e98e5b781e88a5396cd96.jpg?ver=1777287391\",\"contentUrl\":\"https:\\\/\\\/tdv.org\\\/tr-TR\\\/wp-content\\\/litespeed\\\/avatar\\\/a1e47b25396e98e5b781e88a5396cd96.jpg?ver=1777287391\",\"caption\":\"Selim\"}}]}<\/script>\n<!-- \/ Yoast SEO plugin. -->","yoast_head_json":{"title":"\"Uluslararas\u0131 Gazze \u0130nsani Yard\u0131m Zirvesi\" \u0130stanbul'da ba\u015flad\u0131","description":"T\u00fcrkiye Diyanet Vakf\u0131'nca (TDV), Gazze'de ya\u015fanan insani krize dikkati \u00e7ekmek ve dayan\u0131\u015fmay\u0131 g\u00fc\u00e7lendirmek amac\u0131yla d\u00fczenlenen \"Uluslararas\u0131 Gazze \u0130nsani Yard\u0131m Zirvesi\" \u0130stanbul'da ba\u015flad\u0131.\u00a0","robots":{"index":"index","follow":"follow","max-snippet":"max-snippet:-1","max-image-preview":"max-image-preview:large","max-video-preview":"max-video-preview:-1"},"canonical":"https:\/\/tdv.org\/tr-TR\/uluslararasi-gazze-insani-yardim-zirvesi-istanbulda-basladi\/","og_locale":"tr_TR","og_type":"article","og_title":"\"Uluslararas\u0131 Gazze \u0130nsani Yard\u0131m Zirvesi\" \u0130stanbul'da ba\u015flad\u0131","og_description":"T\u00fcrkiye Diyanet Vakf\u0131'nca (TDV), Gazze'de ya\u015fanan insani krize dikkati \u00e7ekmek ve dayan\u0131\u015fmay\u0131 g\u00fc\u00e7lendirmek amac\u0131yla d\u00fczenlenen \"Uluslararas\u0131 Gazze \u0130nsani Yard\u0131m Zirvesi\" \u0130stanbul'da ba\u015flad\u0131.\u00a0","og_url":"https:\/\/tdv.org\/tr-TR\/uluslararasi-gazze-insani-yardim-zirvesi-istanbulda-basladi\/","og_site_name":"T\u00fcrkiye Diyanet Vakf\u0131 Resmi Web Sitesi","article_publisher":"https:\/\/www.facebook.com\/Diyanetvakfi\/","article_published_time":"2025-11-11T13:30:23+00:00","article_modified_time":"2025-11-11T13:32:46+00:00","og_image":[{"width":1152,"height":768,"url":"https:\/\/tdv.org\/tr-TR\/wp-content\/uploads\/2025\/11\/uluslararasi-gazze-insani-yardim-zirvesi-istanbulda-basladi-1.jpg","type":"image\/jpeg"}],"author":"Selim","twitter_card":"summary_large_image","twitter_creator":"@DiyanetVakfi","twitter_site":"@DiyanetVakfi","schema":{"@context":"https:\/\/schema.org","@graph":[{"@type":"Article","@id":"https:\/\/tdv.org\/tr-TR\/uluslararasi-gazze-insani-yardim-zirvesi-istanbulda-basladi\/#article","isPartOf":{"@id":"https:\/\/tdv.org\/tr-TR\/uluslararasi-gazze-insani-yardim-zirvesi-istanbulda-basladi\/"},"author":{"name":"Selim","@id":"https:\/\/tdv.org\/tr-TR\/#\/schema\/person\/752b55e264a99273d55636516d96d5eb"},"headline":"&#8220;Uluslararas\u0131 Gazze \u0130nsani Yard\u0131m Zirvesi&#8221; \u0130stanbul&#8217;da ba\u015flad\u0131","datePublished":"2025-11-11T13:30:23+00:00","dateModified":"2025-11-11T13:32:46+00:00","mainEntityOfPage":{"@id":"https:\/\/tdv.org\/tr-TR\/uluslararasi-gazze-insani-yardim-zirvesi-istanbulda-basladi\/"},"wordCount":1861,"publisher":{"@id":"https:\/\/tdv.org\/tr-TR\/#organization"},"image":{"@id":"https:\/\/tdv.org\/tr-TR\/uluslararasi-gazze-insani-yardim-zirvesi-istanbulda-basladi\/#primaryimage"},"thumbnailUrl":"https:\/\/tdv.org\/tr-TR\/wp-content\/uploads\/2025\/11\/uluslararasi-gazze-insani-yardim-zirvesi-istanbulda-basladi-1.jpg","keywords":["\u201cUluslararas\u0131 \u0130nsani Yard\u0131m Zirvesi: Gazze\u2019nin Gelece\u011fi","Diyanet \u0130\u015fleri Ba\u015fkan\u0131 ve TDV M\u00fctevelli Heyeti Ba\u015fkan\u0131 Prof. Dr. Safi Arpagu\u015f","filistin","Filistin \u0130\u00e7in S\u00f6z\u00fcm\u00fcz Var","filistin yard\u0131m","Filistinli","gazze","Gazze \u015feridi","gazze yard\u0131m","Genel M\u00fcd\u00fcr Yard\u0131mc\u0131s\u0131 Recep \u015e\u00fckr\u00fc Balkan","\u00d6zg\u00fcr Filistin'in Yan\u0131nday\u0131z","TDV Genel M\u00fcd\u00fcr Yard\u0131mc\u0131s\u0131 Fatih Kayacan","T\u00fcrkiye Diyanet Vakf\u0131 Genel M\u00fcd\u00fcr\u00fc \u0130zani Turan","Uluslararas\u0131 \u00c7izgilerle \u00d6zg\u00fcr Filistin Sergisi"],"articleSection":["Haberler"],"inLanguage":"tr"},{"@type":"WebPage","@id":"https:\/\/tdv.org\/tr-TR\/uluslararasi-gazze-insani-yardim-zirvesi-istanbulda-basladi\/","url":"https:\/\/tdv.org\/tr-TR\/uluslararasi-gazze-insani-yardim-zirvesi-istanbulda-basladi\/","name":"\"Uluslararas\u0131 Gazze \u0130nsani Yard\u0131m Zirvesi\" \u0130stanbul'da ba\u015flad\u0131","isPartOf":{"@id":"https:\/\/tdv.org\/tr-TR\/#website"},"primaryImageOfPage":{"@id":"https:\/\/tdv.org\/tr-TR\/uluslararasi-gazze-insani-yardim-zirvesi-istanbulda-basladi\/#primaryimage"},"image":{"@id":"https:\/\/tdv.org\/tr-TR\/uluslararasi-gazze-insani-yardim-zirvesi-istanbulda-basladi\/#primaryimage"},"thumbnailUrl":"https:\/\/tdv.org\/tr-TR\/wp-content\/uploads\/2025\/11\/uluslararasi-gazze-insani-yardim-zirvesi-istanbulda-basladi-1.jpg","datePublished":"2025-11-11T13:30:23+00:00","dateModified":"2025-11-11T13:32:46+00:00","description":"T\u00fcrkiye Diyanet Vakf\u0131'nca (TDV), Gazze'de ya\u015fanan insani krize dikkati \u00e7ekmek ve dayan\u0131\u015fmay\u0131 g\u00fc\u00e7lendirmek amac\u0131yla d\u00fczenlenen \"Uluslararas\u0131 Gazze \u0130nsani Yard\u0131m Zirvesi\" \u0130stanbul'da ba\u015flad\u0131.\u00a0","breadcrumb":{"@id":"https:\/\/tdv.org\/tr-TR\/uluslararasi-gazze-insani-yardim-zirvesi-istanbulda-basladi\/#breadcrumb"},"inLanguage":"tr","potentialAction":[{"@type":"ReadAction","target":["https:\/\/tdv.org\/tr-TR\/uluslararasi-gazze-insani-yardim-zirvesi-istanbulda-basladi\/"]}]},{"@type":"ImageObject","inLanguage":"tr","@id":"https:\/\/tdv.org\/tr-TR\/uluslararasi-gazze-insani-yardim-zirvesi-istanbulda-basladi\/#primaryimage","url":"https:\/\/tdv.org\/tr-TR\/wp-content\/uploads\/2025\/11\/uluslararasi-gazze-insani-yardim-zirvesi-istanbulda-basladi-1.jpg","contentUrl":"https:\/\/tdv.org\/tr-TR\/wp-content\/uploads\/2025\/11\/uluslararasi-gazze-insani-yardim-zirvesi-istanbulda-basladi-1.jpg","width":1152,"height":768,"caption":"uluslararasi-gazze-insani-yardim-zirvesi-istanbulda-basladi, Filistin, Gazze, \u0130nsani Yard\u0131m, Uluslararas\u0131 Gazze \u0130nsani Yard\u0131m Zirvesi"},{"@type":"BreadcrumbList","@id":"https:\/\/tdv.org\/tr-TR\/uluslararasi-gazze-insani-yardim-zirvesi-istanbulda-basladi\/#breadcrumb","itemListElement":[{"@type":"ListItem","position":1,"name":"Anasayfa","item":"https:\/\/tdv.org\/tr-TR\/"},{"@type":"ListItem","position":2,"name":"&#8220;Uluslararas\u0131 Gazze \u0130nsani Yard\u0131m Zirvesi&#8221; \u0130stanbul&#8217;da ba\u015flad\u0131"}]},{"@type":"WebSite","@id":"https:\/\/tdv.org\/tr-TR\/#website","url":"https:\/\/tdv.org\/tr-TR\/","name":"T\u00fcrkiye Diyanet Vakf\u0131 Resmi Web Sitesi","description":"Yery\u00fcz\u00fcnde iyilik egemen oluncaya kadar","publisher":{"@id":"https:\/\/tdv.org\/tr-TR\/#organization"},"alternateName":"T\u00fcrkiye Diyanet Vakf\u0131","potentialAction":[{"@type":"SearchAction","target":{"@type":"EntryPoint","urlTemplate":"https:\/\/tdv.org\/tr-TR\/?s={search_term_string}"},"query-input":{"@type":"PropertyValueSpecification","valueRequired":true,"valueName":"search_term_string"}}],"inLanguage":"tr"},{"@type":"Organization","@id":"https:\/\/tdv.org\/tr-TR\/#organization","name":"T\u00fcrkiye Diyanet Vakf\u0131","alternateName":"T\u00fcrkiye Diyanet Vakf\u0131","url":"https:\/\/tdv.org\/tr-TR\/","logo":{"@type":"ImageObject","inLanguage":"tr","@id":"https:\/\/tdv.org\/tr-TR\/#\/schema\/logo\/image\/","url":"https:\/\/tdv.org\/tr-TR\/wp-content\/uploads\/2018\/12\/TDV_Logo_1.png","contentUrl":"https:\/\/tdv.org\/tr-TR\/wp-content\/uploads\/2018\/12\/TDV_Logo_1.png","width":207,"height":71,"caption":"T\u00fcrkiye Diyanet Vakf\u0131"},"image":{"@id":"https:\/\/tdv.org\/tr-TR\/#\/schema\/logo\/image\/"},"sameAs":["https:\/\/www.facebook.com\/Diyanetvakfi\/","https:\/\/x.com\/DiyanetVakfi","https:\/\/www.instagram.com\/turkiyediyanetvakfi\/","https:\/\/www.youtube.com\/user\/TurkiyeDiyanetVakfi"]},{"@type":"Person","@id":"https:\/\/tdv.org\/tr-TR\/#\/schema\/person\/752b55e264a99273d55636516d96d5eb","name":"Selim","image":{"@type":"ImageObject","inLanguage":"tr","@id":"https:\/\/tdv.org\/tr-TR\/wp-content\/litespeed\/avatar\/a1e47b25396e98e5b781e88a5396cd96.jpg?ver=1777287391","url":"https:\/\/tdv.org\/tr-TR\/wp-content\/litespeed\/avatar\/a1e47b25396e98e5b781e88a5396cd96.jpg?ver=1777287391","contentUrl":"https:\/\/tdv.org\/tr-TR\/wp-content\/litespeed\/avatar\/a1e47b25396e98e5b781e88a5396cd96.jpg?ver=1777287391","caption":"Selim"}}]}},"_links":{"self":[{"href":"https:\/\/tdv.org\/tr-TR\/wp-json\/wp\/v2\/posts\/53708","targetHints":{"allow":["GET"]}}],"collection":[{"href":"https:\/\/tdv.org\/tr-TR\/wp-json\/wp\/v2\/posts"}],"about":[{"href":"https:\/\/tdv.org\/tr-TR\/wp-json\/wp\/v2\/types\/post"}],"author":[{"embeddable":true,"href":"https:\/\/tdv.org\/tr-TR\/wp-json\/wp\/v2\/users\/8"}],"replies":[{"embeddable":true,"href":"https:\/\/tdv.org\/tr-TR\/wp-json\/wp\/v2\/comments?post=53708"}],"version-history":[{"count":3,"href":"https:\/\/tdv.org\/tr-TR\/wp-json\/wp\/v2\/posts\/53708\/revisions"}],"predecessor-version":[{"id":53719,"href":"https:\/\/tdv.org\/tr-TR\/wp-json\/wp\/v2\/posts\/53708\/revisions\/53719"}],"wp:featuredmedia":[{"embeddable":true,"href":"https:\/\/tdv.org\/tr-TR\/wp-json\/wp\/v2\/media\/53709"}],"wp:attachment":[{"href":"https:\/\/tdv.org\/tr-TR\/wp-json\/wp\/v2\/media?parent=53708"}],"wp:term":[{"taxonomy":"category","embeddable":true,"href":"https:\/\/tdv.org\/tr-TR\/wp-json\/wp\/v2\/categories?post=53708"},{"taxonomy":"post_tag","embeddable":true,"href":"https:\/\/tdv.org\/tr-TR\/wp-json\/wp\/v2\/tags?post=53708"}],"curies":[{"name":"wp","href":"https:\/\/api.w.org\/{rel}","templated":true}]}}