{"id":53801,"date":"2025-11-26T10:27:28","date_gmt":"2025-11-26T07:27:28","guid":{"rendered":"https:\/\/tdv.org\/tr-TR\/?p=53801"},"modified":"2025-11-27T08:57:14","modified_gmt":"2025-11-27T05:57:14","slug":"tdv-kayseride-bursiyer-ogrencileri-icin-egitim-ogretim-yili-uyum-haftasi-programi-duzenlendi","status":"publish","type":"post","link":"https:\/\/tdv.org\/tr-TR\/tdv-kayseride-bursiyer-ogrencileri-icin-egitim-ogretim-yili-uyum-haftasi-programi-duzenlendi\/","title":{"rendered":"TDV, Kayseri\u2019de bursiyer \u00f6\u011frencileri i\u00e7in E\u011fitim \u00d6\u011fretim Y\u0131l\u0131 Uyum Haftas\u0131 Program\u0131 d\u00fczenlendi"},"content":{"rendered":"<p style=\"text-align: justify;\">Kayseri \u0130l E\u011fitim Hizmetleri Koordinat\u00f6rl\u00fc\u011f\u00fc taraf\u0131ndan bu y\u0131l burslulu\u011fa kabul edilen yurt i\u00e7i ve uluslararas\u0131 bursiyer \u00f6\u011frencilere y\u00f6nelik <a href=\"https:\/\/tdv.org\/tr-TR\/faaliyetlerimiz\/egitim-kultur\/\" target=\"_blank\" rel=\"noopener\">2025\u20132026 E\u011fitim \u00d6\u011fretim Y\u0131l\u0131<\/a> Uyum Haftas\u0131 Program\u0131 ger\u00e7ekle\u015ftirildi.<\/p>\n<p style=\"text-align: justify;\">A\u00e7\u0131l\u0131\u015f t\u00f6renine <a href=\"https:\/\/tdv.org\/tr-TR\/\" target=\"_blank\" rel=\"noopener\">T\u00fcrkiye Diyanet Vakf\u0131<\/a> (TDV) Genel M\u00fcd\u00fcr\u00fc \u0130zani Turan, Erciyes \u00dcniversitesi Rekt\u00f6r\u00fc Prof. Dr. Fatih Altun, Erciyes \u00dcniversitesi \u0130lahiyat Fak\u00fcltesi Dekan\u0131 Prof. Dr. Ahmet Kamil Cihan, Kayseri \u0130l M\u00fcft\u00fcs\u00fc ve TDV \u015eube Ba\u015fkan\u0131 Durmu\u015f Ayvaz, Akademik Koordinat\u00f6r Do\u00e7. Dr. Abdullah \u00d6mer Yavuz ile \u00e7ok say\u0131da kurum temsilcisi kat\u0131ld\u0131.<\/p>\n<p style=\"text-align: justify;\"><a href=\"https:\/\/tdv.org\/tr-TR\/kurumsal\/izani-turan\/\" target=\"_blank\" rel=\"noopener\">T\u00fcrkiye Diyanet Vakf\u0131 Genel M\u00fcd\u00fcr\u00fc \u0130zani Turan<\/a> programda yapt\u0131\u011f\u0131 konu\u015fmada, TDV\u2019nin bursiyer \u00f6\u011frencilerin akademik, sosyal ve manevi geli\u015fimlerinde daima yanlar\u0131nda oldu\u011funu ifade ederek, T\u00fcrkiye\u2019nin farkl\u0131 b\u00f6lgelerinden ve d\u00fcnyan\u0131n \u00e7e\u015fitli \u00fclkelerinden gelen t\u00fcm \u00f6\u011frencilerimize ba\u015far\u0131 temennilerinde bulundu.<\/p>\n<p style=\"text-align: justify;\">Erciyes \u00dcniversitesi Rekt\u00f6r\u00fc Prof. Dr. Fatih Altun, konu\u015fmas\u0131nda Erciyes \u00dcniversitesi\u2019nin ulusal ve uluslararas\u0131 arenada g\u00fc\u00e7l\u00fc bir vizyon ve misyona sahip oldu\u011funu vurgulayarak hem \u00fcniversite \u00f6\u011frencilerine hem de bursiyer \u00f6\u011frencilere akademik hedeflerine ula\u015fmalar\u0131 i\u00e7in \u00fcniversitenin t\u00fcm imkanlar\u0131n\u0131n seferber edilece\u011fini ifade etti. \u00d6\u011frencilerin bilimsel, k\u00fclt\u00fcrel ve sosyal anlamda nitelikli bir atmosferde yeti\u015fece\u011fini dile getirdi.<\/p>\n<p style=\"text-align: justify;\">Kayseri \u0130l M\u00fcft\u00fcs\u00fc ve TDV \u015eube Ba\u015fkan\u0131 Durmu\u015f Ayvaz, ilmin ve irfan\u0131n birey ve toplum in\u015fas\u0131ndaki \u00f6nemine dikkat \u00e7ekerek, \u00f6\u011frencilerin Kayseri\u2019de k\u00f6kl\u00fc bir ilim gelene\u011fiyle kar\u015f\u0131la\u015facaklar\u0131n\u0131 ve \u0130l M\u00fcft\u00fcl\u00fc\u011f\u00fc olarak her zaman destekleneceklerini belirtti.<\/p>\n<p style=\"text-align: justify;\">Uyum Haftas\u0131 kapsam\u0131nda \u00f6\u011frencilere e\u011fitim, sosyal uyum, \u015fehir ya\u015fam\u0131 ve \u00fcniversite s\u00fcre\u00e7lerine ili\u015fkin bilgilendirmeler yap\u0131ld\u0131. Program, Erciyes \u00dcniversitesi \u0130lahiyat Fak\u00fcltesi \u00d6\u011fretim \u00dcyesi Prof. Dr. \u015eahin G\u00fcven\u2019in duas\u0131 ve protokol \u00fcyeleriyle \u00f6\u011frencilerin kat\u0131ld\u0131\u011f\u0131 aile foto\u011fraf\u0131 \u00e7ekimi ile sona erdi.<\/p>\n\n\t\t<style type=\"text\/css\">\n\t\t\t#gallery-1 {\n\t\t\t\tmargin: auto;\n\t\t\t}\n\t\t\t#gallery-1 .gallery-item {\n\t\t\t\tfloat: left;\n\t\t\t\tmargin-top: 10px;\n\t\t\t\ttext-align: center;\n\t\t\t\twidth: 33%;\n\t\t\t}\n\t\t\t#gallery-1 img {\n\t\t\t\tborder: 2px solid #cfcfcf;\n\t\t\t}\n\t\t\t#gallery-1 .gallery-caption {\n\t\t\t\tmargin-left: 0;\n\t\t\t}\n\t\t\t\/* see gallery_shortcode() in wp-includes\/media.php *\/\n\t\t<\/style>\n\t\t<div id='gallery-1' class='gallery galleryid-53801 gallery-columns-3 gallery-size-large'><dl class='gallery-item'>\n\t\t\t<dt class='gallery-icon landscape'>\n\t\t\t\t<a href='https:\/\/tdv.org\/tr-TR\/wp-content\/uploads\/2025\/11\/tdv-kayseride-bursiyer-ogrencileri-icin-egitim-ogretim-yili-uyum-haftasi-programi-duzenlendi-1.jpg'><img decoding=\"async\" width=\"1024\" height=\"683\" src=\"https:\/\/tdv.org\/tr-TR\/wp-content\/uploads\/2025\/11\/tdv-kayseride-bursiyer-ogrencileri-icin-egitim-ogretim-yili-uyum-haftasi-programi-duzenlendi-1-1024x683.jpg\" class=\"attachment-large size-large\" alt=\"TDV, Kayseri\u2019de bursiyer \u00f6\u011frencileri i\u00e7in E\u011fitim \u00d6\u011fretim Y\u0131l\u0131 Uyum Haftas\u0131 Program\u0131 d\u00fczenlendi, E\u011fitim,\" aria-describedby=\"gallery-1-53802\" srcset=\"https:\/\/tdv.org\/tr-TR\/wp-content\/uploads\/2025\/11\/tdv-kayseride-bursiyer-ogrencileri-icin-egitim-ogretim-yili-uyum-haftasi-programi-duzenlendi-1-1024x683.jpg 1024w, https:\/\/tdv.org\/tr-TR\/wp-content\/uploads\/2025\/11\/tdv-kayseride-bursiyer-ogrencileri-icin-egitim-ogretim-yili-uyum-haftasi-programi-duzenlendi-1-300x200.jpg 300w, https:\/\/tdv.org\/tr-TR\/wp-content\/uploads\/2025\/11\/tdv-kayseride-bursiyer-ogrencileri-icin-egitim-ogretim-yili-uyum-haftasi-programi-duzenlendi-1-768x512.jpg 768w, https:\/\/tdv.org\/tr-TR\/wp-content\/uploads\/2025\/11\/tdv-kayseride-bursiyer-ogrencileri-icin-egitim-ogretim-yili-uyum-haftasi-programi-duzenlendi-1-900x600.jpg 900w, https:\/\/tdv.org\/tr-TR\/wp-content\/uploads\/2025\/11\/tdv-kayseride-bursiyer-ogrencileri-icin-egitim-ogretim-yili-uyum-haftasi-programi-duzenlendi-1.jpg 1152w\" sizes=\"(max-width: 1024px) 100vw, 1024px\" \/><\/a>\n\t\t\t<\/dt>\n\t\t\t\t<dd class='wp-caption-text gallery-caption' id='gallery-1-53802'>\n\t\t\t\tTDV, Kayseri\u2019de bursiyer \u00f6\u011frencileri i\u00e7in E\u011fitim \u00d6\u011fretim Y\u0131l\u0131 Uyum Haftas\u0131 Program\u0131 d\u00fczenlendi, E\u011fitim,\n\t\t\t\t<\/dd><\/dl><dl class='gallery-item'>\n\t\t\t<dt class='gallery-icon landscape'>\n\t\t\t\t<a href='https:\/\/tdv.org\/tr-TR\/wp-content\/uploads\/2025\/11\/tdv-kayseride-bursiyer-ogrencileri-icin-egitim-ogretim-yili-uyum-haftasi-programi-duzenlendi-2.jpg'><img decoding=\"async\" width=\"1024\" height=\"682\" src=\"https:\/\/tdv.org\/tr-TR\/wp-content\/uploads\/2025\/11\/tdv-kayseride-bursiyer-ogrencileri-icin-egitim-ogretim-yili-uyum-haftasi-programi-duzenlendi-2-1024x682.jpg\" class=\"attachment-large size-large\" alt=\"TDV, Kayseri\u2019de bursiyer \u00f6\u011frencileri i\u00e7in E\u011fitim \u00d6\u011fretim Y\u0131l\u0131 Uyum Haftas\u0131 Program\u0131 d\u00fczenlendi, E\u011fitim,\" aria-describedby=\"gallery-1-53803\" srcset=\"https:\/\/tdv.org\/tr-TR\/wp-content\/uploads\/2025\/11\/tdv-kayseride-bursiyer-ogrencileri-icin-egitim-ogretim-yili-uyum-haftasi-programi-duzenlendi-2-1024x682.jpg 1024w, https:\/\/tdv.org\/tr-TR\/wp-content\/uploads\/2025\/11\/tdv-kayseride-bursiyer-ogrencileri-icin-egitim-ogretim-yili-uyum-haftasi-programi-duzenlendi-2-300x200.jpg 300w, https:\/\/tdv.org\/tr-TR\/wp-content\/uploads\/2025\/11\/tdv-kayseride-bursiyer-ogrencileri-icin-egitim-ogretim-yili-uyum-haftasi-programi-duzenlendi-2-768x512.jpg 768w, https:\/\/tdv.org\/tr-TR\/wp-content\/uploads\/2025\/11\/tdv-kayseride-bursiyer-ogrencileri-icin-egitim-ogretim-yili-uyum-haftasi-programi-duzenlendi-2-900x600.jpg 900w, https:\/\/tdv.org\/tr-TR\/wp-content\/uploads\/2025\/11\/tdv-kayseride-bursiyer-ogrencileri-icin-egitim-ogretim-yili-uyum-haftasi-programi-duzenlendi-2.jpg 1153w\" sizes=\"(max-width: 1024px) 100vw, 1024px\" \/><\/a>\n\t\t\t<\/dt>\n\t\t\t\t<dd class='wp-caption-text gallery-caption' id='gallery-1-53803'>\n\t\t\t\tTDV, Kayseri\u2019de bursiyer \u00f6\u011frencileri i\u00e7in E\u011fitim \u00d6\u011fretim Y\u0131l\u0131 Uyum Haftas\u0131 Program\u0131 d\u00fczenlendi, E\u011fitim,\n\t\t\t\t<\/dd><\/dl><dl class='gallery-item'>\n\t\t\t<dt class='gallery-icon landscape'>\n\t\t\t\t<a href='https:\/\/tdv.org\/tr-TR\/wp-content\/uploads\/2025\/11\/tdv-kayseride-bursiyer-ogrencileri-icin-egitim-ogretim-yili-uyum-haftasi-programi-duzenlendi-3.jpg'><img decoding=\"async\" width=\"1024\" height=\"680\" src=\"https:\/\/tdv.org\/tr-TR\/wp-content\/uploads\/2025\/11\/tdv-kayseride-bursiyer-ogrencileri-icin-egitim-ogretim-yili-uyum-haftasi-programi-duzenlendi-3-1024x680.jpg\" class=\"attachment-large size-large\" alt=\"TDV, Kayseri\u2019de bursiyer \u00f6\u011frencileri i\u00e7in E\u011fitim \u00d6\u011fretim Y\u0131l\u0131 Uyum Haftas\u0131 Program\u0131 d\u00fczenlendi, E\u011fitim,\" aria-describedby=\"gallery-1-53804\" srcset=\"https:\/\/tdv.org\/tr-TR\/wp-content\/uploads\/2025\/11\/tdv-kayseride-bursiyer-ogrencileri-icin-egitim-ogretim-yili-uyum-haftasi-programi-duzenlendi-3-1024x680.jpg 1024w, https:\/\/tdv.org\/tr-TR\/wp-content\/uploads\/2025\/11\/tdv-kayseride-bursiyer-ogrencileri-icin-egitim-ogretim-yili-uyum-haftasi-programi-duzenlendi-3-300x199.jpg 300w, https:\/\/tdv.org\/tr-TR\/wp-content\/uploads\/2025\/11\/tdv-kayseride-bursiyer-ogrencileri-icin-egitim-ogretim-yili-uyum-haftasi-programi-duzenlendi-3-768x510.jpg 768w, https:\/\/tdv.org\/tr-TR\/wp-content\/uploads\/2025\/11\/tdv-kayseride-bursiyer-ogrencileri-icin-egitim-ogretim-yili-uyum-haftasi-programi-duzenlendi-3.jpg 1157w\" sizes=\"(max-width: 1024px) 100vw, 1024px\" \/><\/a>\n\t\t\t<\/dt>\n\t\t\t\t<dd class='wp-caption-text gallery-caption' id='gallery-1-53804'>\n\t\t\t\tTDV, Kayseri\u2019de bursiyer \u00f6\u011frencileri i\u00e7in E\u011fitim \u00d6\u011fretim Y\u0131l\u0131 Uyum Haftas\u0131 Program\u0131 d\u00fczenlendi, E\u011fitim,\n\t\t\t\t<\/dd><\/dl><br style=\"clear: both\" \/><dl class='gallery-item'>\n\t\t\t<dt class='gallery-icon landscape'>\n\t\t\t\t<a href='https:\/\/tdv.org\/tr-TR\/wp-content\/uploads\/2025\/11\/tdv-kayseride-bursiyer-ogrencileri-icin-egitim-ogretim-yili-uyum-haftasi-programi-duzenlendi-4.jpg'><img decoding=\"async\" width=\"1024\" height=\"683\" src=\"https:\/\/tdv.org\/tr-TR\/wp-content\/uploads\/2025\/11\/tdv-kayseride-bursiyer-ogrencileri-icin-egitim-ogretim-yili-uyum-haftasi-programi-duzenlendi-4-1024x683.jpg\" class=\"attachment-large size-large\" alt=\"TDV, Kayseri\u2019de bursiyer \u00f6\u011frencileri i\u00e7in E\u011fitim \u00d6\u011fretim Y\u0131l\u0131 Uyum Haftas\u0131 Program\u0131 d\u00fczenlendi, E\u011fitim,\" aria-describedby=\"gallery-1-53805\" srcset=\"https:\/\/tdv.org\/tr-TR\/wp-content\/uploads\/2025\/11\/tdv-kayseride-bursiyer-ogrencileri-icin-egitim-ogretim-yili-uyum-haftasi-programi-duzenlendi-4-1024x683.jpg 1024w, https:\/\/tdv.org\/tr-TR\/wp-content\/uploads\/2025\/11\/tdv-kayseride-bursiyer-ogrencileri-icin-egitim-ogretim-yili-uyum-haftasi-programi-duzenlendi-4-300x200.jpg 300w, https:\/\/tdv.org\/tr-TR\/wp-content\/uploads\/2025\/11\/tdv-kayseride-bursiyer-ogrencileri-icin-egitim-ogretim-yili-uyum-haftasi-programi-duzenlendi-4-768x512.jpg 768w, https:\/\/tdv.org\/tr-TR\/wp-content\/uploads\/2025\/11\/tdv-kayseride-bursiyer-ogrencileri-icin-egitim-ogretim-yili-uyum-haftasi-programi-duzenlendi-4-900x600.jpg 900w, https:\/\/tdv.org\/tr-TR\/wp-content\/uploads\/2025\/11\/tdv-kayseride-bursiyer-ogrencileri-icin-egitim-ogretim-yili-uyum-haftasi-programi-duzenlendi-4.jpg 1152w\" sizes=\"(max-width: 1024px) 100vw, 1024px\" \/><\/a>\n\t\t\t<\/dt>\n\t\t\t\t<dd class='wp-caption-text gallery-caption' id='gallery-1-53805'>\n\t\t\t\tTDV, Kayseri\u2019de bursiyer \u00f6\u011frencileri i\u00e7in E\u011fitim \u00d6\u011fretim Y\u0131l\u0131 Uyum Haftas\u0131 Program\u0131 d\u00fczenlendi, E\u011fitim,\n\t\t\t\t<\/dd><\/dl><dl class='gallery-item'>\n\t\t\t<dt class='gallery-icon landscape'>\n\t\t\t\t<a href='https:\/\/tdv.org\/tr-TR\/wp-content\/uploads\/2025\/11\/tdv-kayseride-bursiyer-ogrencileri-icin-egitim-ogretim-yili-uyum-haftasi-programi-duzenlendi-5.jpg'><img decoding=\"async\" width=\"1024\" height=\"710\" src=\"https:\/\/tdv.org\/tr-TR\/wp-content\/uploads\/2025\/11\/tdv-kayseride-bursiyer-ogrencileri-icin-egitim-ogretim-yili-uyum-haftasi-programi-duzenlendi-5-1024x710.jpg\" class=\"attachment-large size-large\" alt=\"TDV, Kayseri\u2019de bursiyer \u00f6\u011frencileri i\u00e7in E\u011fitim \u00d6\u011fretim Y\u0131l\u0131 Uyum Haftas\u0131 Program\u0131 d\u00fczenlendi, E\u011fitim,\" aria-describedby=\"gallery-1-53806\" srcset=\"https:\/\/tdv.org\/tr-TR\/wp-content\/uploads\/2025\/11\/tdv-kayseride-bursiyer-ogrencileri-icin-egitim-ogretim-yili-uyum-haftasi-programi-duzenlendi-5-1024x710.jpg 1024w, https:\/\/tdv.org\/tr-TR\/wp-content\/uploads\/2025\/11\/tdv-kayseride-bursiyer-ogrencileri-icin-egitim-ogretim-yili-uyum-haftasi-programi-duzenlendi-5-300x208.jpg 300w, https:\/\/tdv.org\/tr-TR\/wp-content\/uploads\/2025\/11\/tdv-kayseride-bursiyer-ogrencileri-icin-egitim-ogretim-yili-uyum-haftasi-programi-duzenlendi-5-768x532.jpg 768w, https:\/\/tdv.org\/tr-TR\/wp-content\/uploads\/2025\/11\/tdv-kayseride-bursiyer-ogrencileri-icin-egitim-ogretim-yili-uyum-haftasi-programi-duzenlendi-5.jpg 1108w\" sizes=\"(max-width: 1024px) 100vw, 1024px\" \/><\/a>\n\t\t\t<\/dt>\n\t\t\t\t<dd class='wp-caption-text gallery-caption' id='gallery-1-53806'>\n\t\t\t\tTDV, Kayseri\u2019de bursiyer \u00f6\u011frencileri i\u00e7in E\u011fitim \u00d6\u011fretim Y\u0131l\u0131 Uyum Haftas\u0131 Program\u0131 d\u00fczenlendi, E\u011fitim,\n\t\t\t\t<\/dd><\/dl><dl class='gallery-item'>\n\t\t\t<dt class='gallery-icon landscape'>\n\t\t\t\t<a href='https:\/\/tdv.org\/tr-TR\/wp-content\/uploads\/2025\/11\/tdv-kayseride-bursiyer-ogrencileri-icin-egitim-ogretim-yili-uyum-haftasi-programi-duzenlendi-6.jpg'><img decoding=\"async\" width=\"1024\" height=\"683\" src=\"https:\/\/tdv.org\/tr-TR\/wp-content\/uploads\/2025\/11\/tdv-kayseride-bursiyer-ogrencileri-icin-egitim-ogretim-yili-uyum-haftasi-programi-duzenlendi-6-1024x683.jpg\" class=\"attachment-large size-large\" alt=\"TDV, Kayseri\u2019de bursiyer \u00f6\u011frencileri i\u00e7in E\u011fitim \u00d6\u011fretim Y\u0131l\u0131 Uyum Haftas\u0131 Program\u0131 d\u00fczenlendi, E\u011fitim,\" aria-describedby=\"gallery-1-53807\" srcset=\"https:\/\/tdv.org\/tr-TR\/wp-content\/uploads\/2025\/11\/tdv-kayseride-bursiyer-ogrencileri-icin-egitim-ogretim-yili-uyum-haftasi-programi-duzenlendi-6-1024x683.jpg 1024w, https:\/\/tdv.org\/tr-TR\/wp-content\/uploads\/2025\/11\/tdv-kayseride-bursiyer-ogrencileri-icin-egitim-ogretim-yili-uyum-haftasi-programi-duzenlendi-6-300x200.jpg 300w, https:\/\/tdv.org\/tr-TR\/wp-content\/uploads\/2025\/11\/tdv-kayseride-bursiyer-ogrencileri-icin-egitim-ogretim-yili-uyum-haftasi-programi-duzenlendi-6-768x512.jpg 768w, https:\/\/tdv.org\/tr-TR\/wp-content\/uploads\/2025\/11\/tdv-kayseride-bursiyer-ogrencileri-icin-egitim-ogretim-yili-uyum-haftasi-programi-duzenlendi-6-900x600.jpg 900w, https:\/\/tdv.org\/tr-TR\/wp-content\/uploads\/2025\/11\/tdv-kayseride-bursiyer-ogrencileri-icin-egitim-ogretim-yili-uyum-haftasi-programi-duzenlendi-6.jpg 1152w\" sizes=\"(max-width: 1024px) 100vw, 1024px\" \/><\/a>\n\t\t\t<\/dt>\n\t\t\t\t<dd class='wp-caption-text gallery-caption' id='gallery-1-53807'>\n\t\t\t\tTDV, Kayseri\u2019de bursiyer \u00f6\u011frencileri i\u00e7in E\u011fitim \u00d6\u011fretim Y\u0131l\u0131 Uyum Haftas\u0131 Program\u0131 d\u00fczenlendi, E\u011fitim,\n\t\t\t\t<\/dd><\/dl><br style=\"clear: both\" \/><dl class='gallery-item'>\n\t\t\t<dt class='gallery-icon landscape'>\n\t\t\t\t<a href='https:\/\/tdv.org\/tr-TR\/wp-content\/uploads\/2025\/11\/tdv-kayseride-bursiyer-ogrencileri-icin-egitim-ogretim-yili-uyum-haftasi-programi-duzenlendi-7.jpg'><img decoding=\"async\" width=\"1024\" height=\"683\" src=\"https:\/\/tdv.org\/tr-TR\/wp-content\/uploads\/2025\/11\/tdv-kayseride-bursiyer-ogrencileri-icin-egitim-ogretim-yili-uyum-haftasi-programi-duzenlendi-7-1024x683.jpg\" class=\"attachment-large size-large\" alt=\"TDV, Kayseri\u2019de bursiyer \u00f6\u011frencileri i\u00e7in E\u011fitim \u00d6\u011fretim Y\u0131l\u0131 Uyum Haftas\u0131 Program\u0131 d\u00fczenlendi, E\u011fitim,\" aria-describedby=\"gallery-1-53808\" srcset=\"https:\/\/tdv.org\/tr-TR\/wp-content\/uploads\/2025\/11\/tdv-kayseride-bursiyer-ogrencileri-icin-egitim-ogretim-yili-uyum-haftasi-programi-duzenlendi-7-1024x683.jpg 1024w, https:\/\/tdv.org\/tr-TR\/wp-content\/uploads\/2025\/11\/tdv-kayseride-bursiyer-ogrencileri-icin-egitim-ogretim-yili-uyum-haftasi-programi-duzenlendi-7-300x200.jpg 300w, https:\/\/tdv.org\/tr-TR\/wp-content\/uploads\/2025\/11\/tdv-kayseride-bursiyer-ogrencileri-icin-egitim-ogretim-yili-uyum-haftasi-programi-duzenlendi-7-768x512.jpg 768w, https:\/\/tdv.org\/tr-TR\/wp-content\/uploads\/2025\/11\/tdv-kayseride-bursiyer-ogrencileri-icin-egitim-ogretim-yili-uyum-haftasi-programi-duzenlendi-7-900x600.jpg 900w, https:\/\/tdv.org\/tr-TR\/wp-content\/uploads\/2025\/11\/tdv-kayseride-bursiyer-ogrencileri-icin-egitim-ogretim-yili-uyum-haftasi-programi-duzenlendi-7.jpg 1152w\" sizes=\"(max-width: 1024px) 100vw, 1024px\" \/><\/a>\n\t\t\t<\/dt>\n\t\t\t\t<dd class='wp-caption-text gallery-caption' id='gallery-1-53808'>\n\t\t\t\tTDV, Kayseri\u2019de bursiyer \u00f6\u011frencileri i\u00e7in E\u011fitim \u00d6\u011fretim Y\u0131l\u0131 Uyum Haftas\u0131 Program\u0131 d\u00fczenlendi, E\u011fitim,\n\t\t\t\t<\/dd><\/dl>\n\t\t\t<br style='clear: both' \/>\n\t\t<\/div>\n\n<p>&nbsp;<\/p>\n","protected":false},"excerpt":{"rendered":"<p>Kayseri \u0130l E\u011fitim Hizmetleri Koordinat\u00f6rl\u00fc\u011f\u00fc taraf\u0131ndan bu y\u0131l burslulu\u011fa kabul edilen yurt i\u00e7i ve uluslararas\u0131 bursiyer \u00f6\u011frencilere y\u00f6nelik 2025\u20132026 E\u011fitim \u00d6\u011fretim Y\u0131l\u0131 Uyum Haftas\u0131 Program\u0131 ger\u00e7ekle\u015ftirildi. A\u00e7\u0131l\u0131\u015f t\u00f6renine T\u00fcrkiye Diyanet&#8230;<\/p>\n","protected":false},"author":8,"featured_media":53802,"comment_status":"closed","ping_status":"closed","sticky":false,"template":"","format":"standard","meta":{"footnotes":""},"categories":[1],"tags":[2447,802,135,2188],"class_list":{"0":"post-53801","1":"post","2":"type-post","3":"status-publish","4":"format-standard","5":"has-post-thumbnail","7":"category-haberler","8":"tag-2024-2025-egitim-donemi","9":"tag-burslu-egitim","10":"tag-egitim","11":"tag-egitim-bursu"},"yoast_head":"<!-- This site is optimized with the Yoast SEO plugin v27.5 - https:\/\/yoast.com\/product\/yoast-seo-wordpress\/ -->\n<title>TDV, Kayseri\u2019de bursiyer \u00f6\u011frencileri i\u00e7in E\u011fitim \u00d6\u011fretim Y\u0131l\u0131 Uyum Haftas\u0131 Program\u0131 d\u00fczenlendi<\/title>\n<meta name=\"description\" content=\"Kayseri \u0130l E\u011fitim Hizmetleri Koordinat\u00f6rl\u00fc\u011f\u00fc taraf\u0131ndan bu y\u0131l burslulu\u011fa kabul edilen yurt i\u00e7i ve uluslararas\u0131 bursiyer \u00f6\u011frencilere y\u00f6nelik 2025\u20132026 E\u011fitim \u00d6\u011fretim Y\u0131l\u0131 Uyum Haftas\u0131 Program\u0131 ger\u00e7ekle\u015ftirildi.\" \/>\n<meta name=\"robots\" content=\"index, follow, max-snippet:-1, max-image-preview:large, max-video-preview:-1\" \/>\n<link rel=\"canonical\" href=\"https:\/\/tdv.org\/tr-TR\/tdv-kayseride-bursiyer-ogrencileri-icin-egitim-ogretim-yili-uyum-haftasi-programi-duzenlendi\/\" \/>\n<meta property=\"og:locale\" content=\"tr_TR\" \/>\n<meta property=\"og:type\" content=\"article\" \/>\n<meta property=\"og:title\" content=\"TDV, Kayseri\u2019de bursiyer \u00f6\u011frencileri i\u00e7in E\u011fitim \u00d6\u011fretim Y\u0131l\u0131 Uyum Haftas\u0131 Program\u0131 d\u00fczenlendi\" \/>\n<meta property=\"og:description\" content=\"Kayseri \u0130l E\u011fitim Hizmetleri Koordinat\u00f6rl\u00fc\u011f\u00fc taraf\u0131ndan bu y\u0131l burslulu\u011fa kabul edilen yurt i\u00e7i ve uluslararas\u0131 bursiyer \u00f6\u011frencilere y\u00f6nelik 2025\u20132026 E\u011fitim \u00d6\u011fretim Y\u0131l\u0131 Uyum Haftas\u0131 Program\u0131 ger\u00e7ekle\u015ftirildi.\" \/>\n<meta property=\"og:url\" content=\"https:\/\/tdv.org\/tr-TR\/tdv-kayseride-bursiyer-ogrencileri-icin-egitim-ogretim-yili-uyum-haftasi-programi-duzenlendi\/\" \/>\n<meta property=\"og:site_name\" content=\"T\u00fcrkiye Diyanet Vakf\u0131 Resmi Web Sitesi\" \/>\n<meta property=\"article:publisher\" content=\"https:\/\/www.facebook.com\/Diyanetvakfi\/\" \/>\n<meta property=\"article:published_time\" content=\"2025-11-26T07:27:28+00:00\" \/>\n<meta property=\"article:modified_time\" content=\"2025-11-27T05:57:14+00:00\" \/>\n<meta property=\"og:image\" content=\"https:\/\/tdv.org\/tr-TR\/wp-content\/uploads\/2025\/11\/tdv-kayseride-bursiyer-ogrencileri-icin-egitim-ogretim-yili-uyum-haftasi-programi-duzenlendi-1.jpg\" \/>\n\t<meta property=\"og:image:width\" content=\"1152\" \/>\n\t<meta property=\"og:image:height\" content=\"768\" \/>\n\t<meta property=\"og:image:type\" content=\"image\/jpeg\" \/>\n<meta name=\"author\" content=\"Selim\" \/>\n<meta name=\"twitter:card\" content=\"summary_large_image\" \/>\n<meta name=\"twitter:creator\" content=\"@DiyanetVakfi\" \/>\n<meta name=\"twitter:site\" content=\"@DiyanetVakfi\" \/>\n<script type=\"application\/ld+json\" class=\"yoast-schema-graph\">{\"@context\":\"https:\\\/\\\/schema.org\",\"@graph\":[{\"@type\":\"Article\",\"@id\":\"https:\\\/\\\/tdv.org\\\/tr-TR\\\/tdv-kayseride-bursiyer-ogrencileri-icin-egitim-ogretim-yili-uyum-haftasi-programi-duzenlendi\\\/#article\",\"isPartOf\":{\"@id\":\"https:\\\/\\\/tdv.org\\\/tr-TR\\\/tdv-kayseride-bursiyer-ogrencileri-icin-egitim-ogretim-yili-uyum-haftasi-programi-duzenlendi\\\/\"},\"author\":{\"name\":\"Selim\",\"@id\":\"https:\\\/\\\/tdv.org\\\/tr-TR\\\/#\\\/schema\\\/person\\\/752b55e264a99273d55636516d96d5eb\"},\"headline\":\"TDV, Kayseri\u2019de bursiyer \u00f6\u011frencileri i\u00e7in E\u011fitim \u00d6\u011fretim Y\u0131l\u0131 Uyum Haftas\u0131 Program\u0131 d\u00fczenlendi\",\"datePublished\":\"2025-11-26T07:27:28+00:00\",\"dateModified\":\"2025-11-27T05:57:14+00:00\",\"mainEntityOfPage\":{\"@id\":\"https:\\\/\\\/tdv.org\\\/tr-TR\\\/tdv-kayseride-bursiyer-ogrencileri-icin-egitim-ogretim-yili-uyum-haftasi-programi-duzenlendi\\\/\"},\"wordCount\":340,\"publisher\":{\"@id\":\"https:\\\/\\\/tdv.org\\\/tr-TR\\\/#organization\"},\"image\":{\"@id\":\"https:\\\/\\\/tdv.org\\\/tr-TR\\\/tdv-kayseride-bursiyer-ogrencileri-icin-egitim-ogretim-yili-uyum-haftasi-programi-duzenlendi\\\/#primaryimage\"},\"thumbnailUrl\":\"https:\\\/\\\/tdv.org\\\/tr-TR\\\/wp-content\\\/uploads\\\/2025\\\/11\\\/tdv-kayseride-bursiyer-ogrencileri-icin-egitim-ogretim-yili-uyum-haftasi-programi-duzenlendi-1.jpg\",\"keywords\":[\"2024-2025 e\u011fitim d\u00f6nemi\",\"burslu e\u011fitim\",\"e\u011fitim\",\"E\u011fitim Bursu\"],\"articleSection\":[\"Haberler\"],\"inLanguage\":\"tr\"},{\"@type\":\"WebPage\",\"@id\":\"https:\\\/\\\/tdv.org\\\/tr-TR\\\/tdv-kayseride-bursiyer-ogrencileri-icin-egitim-ogretim-yili-uyum-haftasi-programi-duzenlendi\\\/\",\"url\":\"https:\\\/\\\/tdv.org\\\/tr-TR\\\/tdv-kayseride-bursiyer-ogrencileri-icin-egitim-ogretim-yili-uyum-haftasi-programi-duzenlendi\\\/\",\"name\":\"TDV, Kayseri\u2019de bursiyer \u00f6\u011frencileri i\u00e7in E\u011fitim \u00d6\u011fretim Y\u0131l\u0131 Uyum Haftas\u0131 Program\u0131 d\u00fczenlendi\",\"isPartOf\":{\"@id\":\"https:\\\/\\\/tdv.org\\\/tr-TR\\\/#website\"},\"primaryImageOfPage\":{\"@id\":\"https:\\\/\\\/tdv.org\\\/tr-TR\\\/tdv-kayseride-bursiyer-ogrencileri-icin-egitim-ogretim-yili-uyum-haftasi-programi-duzenlendi\\\/#primaryimage\"},\"image\":{\"@id\":\"https:\\\/\\\/tdv.org\\\/tr-TR\\\/tdv-kayseride-bursiyer-ogrencileri-icin-egitim-ogretim-yili-uyum-haftasi-programi-duzenlendi\\\/#primaryimage\"},\"thumbnailUrl\":\"https:\\\/\\\/tdv.org\\\/tr-TR\\\/wp-content\\\/uploads\\\/2025\\\/11\\\/tdv-kayseride-bursiyer-ogrencileri-icin-egitim-ogretim-yili-uyum-haftasi-programi-duzenlendi-1.jpg\",\"datePublished\":\"2025-11-26T07:27:28+00:00\",\"dateModified\":\"2025-11-27T05:57:14+00:00\",\"description\":\"Kayseri \u0130l E\u011fitim Hizmetleri Koordinat\u00f6rl\u00fc\u011f\u00fc taraf\u0131ndan bu y\u0131l burslulu\u011fa kabul edilen yurt i\u00e7i ve uluslararas\u0131 bursiyer \u00f6\u011frencilere y\u00f6nelik 2025\u20132026 E\u011fitim \u00d6\u011fretim Y\u0131l\u0131 Uyum Haftas\u0131 Program\u0131 ger\u00e7ekle\u015ftirildi.\",\"breadcrumb\":{\"@id\":\"https:\\\/\\\/tdv.org\\\/tr-TR\\\/tdv-kayseride-bursiyer-ogrencileri-icin-egitim-ogretim-yili-uyum-haftasi-programi-duzenlendi\\\/#breadcrumb\"},\"inLanguage\":\"tr\",\"potentialAction\":[{\"@type\":\"ReadAction\",\"target\":[\"https:\\\/\\\/tdv.org\\\/tr-TR\\\/tdv-kayseride-bursiyer-ogrencileri-icin-egitim-ogretim-yili-uyum-haftasi-programi-duzenlendi\\\/\"]}]},{\"@type\":\"ImageObject\",\"inLanguage\":\"tr\",\"@id\":\"https:\\\/\\\/tdv.org\\\/tr-TR\\\/tdv-kayseride-bursiyer-ogrencileri-icin-egitim-ogretim-yili-uyum-haftasi-programi-duzenlendi\\\/#primaryimage\",\"url\":\"https:\\\/\\\/tdv.org\\\/tr-TR\\\/wp-content\\\/uploads\\\/2025\\\/11\\\/tdv-kayseride-bursiyer-ogrencileri-icin-egitim-ogretim-yili-uyum-haftasi-programi-duzenlendi-1.jpg\",\"contentUrl\":\"https:\\\/\\\/tdv.org\\\/tr-TR\\\/wp-content\\\/uploads\\\/2025\\\/11\\\/tdv-kayseride-bursiyer-ogrencileri-icin-egitim-ogretim-yili-uyum-haftasi-programi-duzenlendi-1.jpg\",\"width\":1152,\"height\":768,\"caption\":\"TDV, Kayseri\u2019de bursiyer \u00f6\u011frencileri i\u00e7in E\u011fitim \u00d6\u011fretim Y\u0131l\u0131 Uyum Haftas\u0131 Program\u0131 d\u00fczenlendi, E\u011fitim,\"},{\"@type\":\"BreadcrumbList\",\"@id\":\"https:\\\/\\\/tdv.org\\\/tr-TR\\\/tdv-kayseride-bursiyer-ogrencileri-icin-egitim-ogretim-yili-uyum-haftasi-programi-duzenlendi\\\/#breadcrumb\",\"itemListElement\":[{\"@type\":\"ListItem\",\"position\":1,\"name\":\"Anasayfa\",\"item\":\"https:\\\/\\\/tdv.org\\\/tr-TR\\\/\"},{\"@type\":\"ListItem\",\"position\":2,\"name\":\"TDV, Kayseri\u2019de bursiyer \u00f6\u011frencileri i\u00e7in E\u011fitim \u00d6\u011fretim Y\u0131l\u0131 Uyum Haftas\u0131 Program\u0131 d\u00fczenlendi\"}]},{\"@type\":\"WebSite\",\"@id\":\"https:\\\/\\\/tdv.org\\\/tr-TR\\\/#website\",\"url\":\"https:\\\/\\\/tdv.org\\\/tr-TR\\\/\",\"name\":\"T\u00fcrkiye Diyanet Vakf\u0131 Resmi Web Sitesi\",\"description\":\"Yery\u00fcz\u00fcnde iyilik egemen oluncaya kadar\",\"publisher\":{\"@id\":\"https:\\\/\\\/tdv.org\\\/tr-TR\\\/#organization\"},\"alternateName\":\"T\u00fcrkiye Diyanet Vakf\u0131\",\"potentialAction\":[{\"@type\":\"SearchAction\",\"target\":{\"@type\":\"EntryPoint\",\"urlTemplate\":\"https:\\\/\\\/tdv.org\\\/tr-TR\\\/?s={search_term_string}\"},\"query-input\":{\"@type\":\"PropertyValueSpecification\",\"valueRequired\":true,\"valueName\":\"search_term_string\"}}],\"inLanguage\":\"tr\"},{\"@type\":\"Organization\",\"@id\":\"https:\\\/\\\/tdv.org\\\/tr-TR\\\/#organization\",\"name\":\"T\u00fcrkiye Diyanet Vakf\u0131\",\"alternateName\":\"T\u00fcrkiye Diyanet Vakf\u0131\",\"url\":\"https:\\\/\\\/tdv.org\\\/tr-TR\\\/\",\"logo\":{\"@type\":\"ImageObject\",\"inLanguage\":\"tr\",\"@id\":\"https:\\\/\\\/tdv.org\\\/tr-TR\\\/#\\\/schema\\\/logo\\\/image\\\/\",\"url\":\"https:\\\/\\\/tdv.org\\\/tr-TR\\\/wp-content\\\/uploads\\\/2018\\\/12\\\/TDV_Logo_1.png\",\"contentUrl\":\"https:\\\/\\\/tdv.org\\\/tr-TR\\\/wp-content\\\/uploads\\\/2018\\\/12\\\/TDV_Logo_1.png\",\"width\":207,\"height\":71,\"caption\":\"T\u00fcrkiye Diyanet Vakf\u0131\"},\"image\":{\"@id\":\"https:\\\/\\\/tdv.org\\\/tr-TR\\\/#\\\/schema\\\/logo\\\/image\\\/\"},\"sameAs\":[\"https:\\\/\\\/www.facebook.com\\\/Diyanetvakfi\\\/\",\"https:\\\/\\\/x.com\\\/DiyanetVakfi\",\"https:\\\/\\\/www.instagram.com\\\/turkiyediyanetvakfi\\\/\",\"https:\\\/\\\/www.youtube.com\\\/user\\\/TurkiyeDiyanetVakfi\"]},{\"@type\":\"Person\",\"@id\":\"https:\\\/\\\/tdv.org\\\/tr-TR\\\/#\\\/schema\\\/person\\\/752b55e264a99273d55636516d96d5eb\",\"name\":\"Selim\",\"image\":{\"@type\":\"ImageObject\",\"inLanguage\":\"tr\",\"@id\":\"https:\\\/\\\/tdv.org\\\/tr-TR\\\/wp-content\\\/litespeed\\\/avatar\\\/a1e47b25396e98e5b781e88a5396cd96.jpg?ver=1777287391\",\"url\":\"https:\\\/\\\/tdv.org\\\/tr-TR\\\/wp-content\\\/litespeed\\\/avatar\\\/a1e47b25396e98e5b781e88a5396cd96.jpg?ver=1777287391\",\"contentUrl\":\"https:\\\/\\\/tdv.org\\\/tr-TR\\\/wp-content\\\/litespeed\\\/avatar\\\/a1e47b25396e98e5b781e88a5396cd96.jpg?ver=1777287391\",\"caption\":\"Selim\"}}]}<\/script>\n<!-- \/ Yoast SEO plugin. -->","yoast_head_json":{"title":"TDV, Kayseri\u2019de bursiyer \u00f6\u011frencileri i\u00e7in E\u011fitim \u00d6\u011fretim Y\u0131l\u0131 Uyum Haftas\u0131 Program\u0131 d\u00fczenlendi","description":"Kayseri \u0130l E\u011fitim Hizmetleri Koordinat\u00f6rl\u00fc\u011f\u00fc taraf\u0131ndan bu y\u0131l burslulu\u011fa kabul edilen yurt i\u00e7i ve uluslararas\u0131 bursiyer \u00f6\u011frencilere y\u00f6nelik 2025\u20132026 E\u011fitim \u00d6\u011fretim Y\u0131l\u0131 Uyum Haftas\u0131 Program\u0131 ger\u00e7ekle\u015ftirildi.","robots":{"index":"index","follow":"follow","max-snippet":"max-snippet:-1","max-image-preview":"max-image-preview:large","max-video-preview":"max-video-preview:-1"},"canonical":"https:\/\/tdv.org\/tr-TR\/tdv-kayseride-bursiyer-ogrencileri-icin-egitim-ogretim-yili-uyum-haftasi-programi-duzenlendi\/","og_locale":"tr_TR","og_type":"article","og_title":"TDV, Kayseri\u2019de bursiyer \u00f6\u011frencileri i\u00e7in E\u011fitim \u00d6\u011fretim Y\u0131l\u0131 Uyum Haftas\u0131 Program\u0131 d\u00fczenlendi","og_description":"Kayseri \u0130l E\u011fitim Hizmetleri Koordinat\u00f6rl\u00fc\u011f\u00fc taraf\u0131ndan bu y\u0131l burslulu\u011fa kabul edilen yurt i\u00e7i ve uluslararas\u0131 bursiyer \u00f6\u011frencilere y\u00f6nelik 2025\u20132026 E\u011fitim \u00d6\u011fretim Y\u0131l\u0131 Uyum Haftas\u0131 Program\u0131 ger\u00e7ekle\u015ftirildi.","og_url":"https:\/\/tdv.org\/tr-TR\/tdv-kayseride-bursiyer-ogrencileri-icin-egitim-ogretim-yili-uyum-haftasi-programi-duzenlendi\/","og_site_name":"T\u00fcrkiye Diyanet Vakf\u0131 Resmi Web Sitesi","article_publisher":"https:\/\/www.facebook.com\/Diyanetvakfi\/","article_published_time":"2025-11-26T07:27:28+00:00","article_modified_time":"2025-11-27T05:57:14+00:00","og_image":[{"width":1152,"height":768,"url":"https:\/\/tdv.org\/tr-TR\/wp-content\/uploads\/2025\/11\/tdv-kayseride-bursiyer-ogrencileri-icin-egitim-ogretim-yili-uyum-haftasi-programi-duzenlendi-1.jpg","type":"image\/jpeg"}],"author":"Selim","twitter_card":"summary_large_image","twitter_creator":"@DiyanetVakfi","twitter_site":"@DiyanetVakfi","schema":{"@context":"https:\/\/schema.org","@graph":[{"@type":"Article","@id":"https:\/\/tdv.org\/tr-TR\/tdv-kayseride-bursiyer-ogrencileri-icin-egitim-ogretim-yili-uyum-haftasi-programi-duzenlendi\/#article","isPartOf":{"@id":"https:\/\/tdv.org\/tr-TR\/tdv-kayseride-bursiyer-ogrencileri-icin-egitim-ogretim-yili-uyum-haftasi-programi-duzenlendi\/"},"author":{"name":"Selim","@id":"https:\/\/tdv.org\/tr-TR\/#\/schema\/person\/752b55e264a99273d55636516d96d5eb"},"headline":"TDV, Kayseri\u2019de bursiyer \u00f6\u011frencileri i\u00e7in E\u011fitim \u00d6\u011fretim Y\u0131l\u0131 Uyum Haftas\u0131 Program\u0131 d\u00fczenlendi","datePublished":"2025-11-26T07:27:28+00:00","dateModified":"2025-11-27T05:57:14+00:00","mainEntityOfPage":{"@id":"https:\/\/tdv.org\/tr-TR\/tdv-kayseride-bursiyer-ogrencileri-icin-egitim-ogretim-yili-uyum-haftasi-programi-duzenlendi\/"},"wordCount":340,"publisher":{"@id":"https:\/\/tdv.org\/tr-TR\/#organization"},"image":{"@id":"https:\/\/tdv.org\/tr-TR\/tdv-kayseride-bursiyer-ogrencileri-icin-egitim-ogretim-yili-uyum-haftasi-programi-duzenlendi\/#primaryimage"},"thumbnailUrl":"https:\/\/tdv.org\/tr-TR\/wp-content\/uploads\/2025\/11\/tdv-kayseride-bursiyer-ogrencileri-icin-egitim-ogretim-yili-uyum-haftasi-programi-duzenlendi-1.jpg","keywords":["2024-2025 e\u011fitim d\u00f6nemi","burslu e\u011fitim","e\u011fitim","E\u011fitim Bursu"],"articleSection":["Haberler"],"inLanguage":"tr"},{"@type":"WebPage","@id":"https:\/\/tdv.org\/tr-TR\/tdv-kayseride-bursiyer-ogrencileri-icin-egitim-ogretim-yili-uyum-haftasi-programi-duzenlendi\/","url":"https:\/\/tdv.org\/tr-TR\/tdv-kayseride-bursiyer-ogrencileri-icin-egitim-ogretim-yili-uyum-haftasi-programi-duzenlendi\/","name":"TDV, Kayseri\u2019de bursiyer \u00f6\u011frencileri i\u00e7in E\u011fitim \u00d6\u011fretim Y\u0131l\u0131 Uyum Haftas\u0131 Program\u0131 d\u00fczenlendi","isPartOf":{"@id":"https:\/\/tdv.org\/tr-TR\/#website"},"primaryImageOfPage":{"@id":"https:\/\/tdv.org\/tr-TR\/tdv-kayseride-bursiyer-ogrencileri-icin-egitim-ogretim-yili-uyum-haftasi-programi-duzenlendi\/#primaryimage"},"image":{"@id":"https:\/\/tdv.org\/tr-TR\/tdv-kayseride-bursiyer-ogrencileri-icin-egitim-ogretim-yili-uyum-haftasi-programi-duzenlendi\/#primaryimage"},"thumbnailUrl":"https:\/\/tdv.org\/tr-TR\/wp-content\/uploads\/2025\/11\/tdv-kayseride-bursiyer-ogrencileri-icin-egitim-ogretim-yili-uyum-haftasi-programi-duzenlendi-1.jpg","datePublished":"2025-11-26T07:27:28+00:00","dateModified":"2025-11-27T05:57:14+00:00","description":"Kayseri \u0130l E\u011fitim Hizmetleri Koordinat\u00f6rl\u00fc\u011f\u00fc taraf\u0131ndan bu y\u0131l burslulu\u011fa kabul edilen yurt i\u00e7i ve uluslararas\u0131 bursiyer \u00f6\u011frencilere y\u00f6nelik 2025\u20132026 E\u011fitim \u00d6\u011fretim Y\u0131l\u0131 Uyum Haftas\u0131 Program\u0131 ger\u00e7ekle\u015ftirildi.","breadcrumb":{"@id":"https:\/\/tdv.org\/tr-TR\/tdv-kayseride-bursiyer-ogrencileri-icin-egitim-ogretim-yili-uyum-haftasi-programi-duzenlendi\/#breadcrumb"},"inLanguage":"tr","potentialAction":[{"@type":"ReadAction","target":["https:\/\/tdv.org\/tr-TR\/tdv-kayseride-bursiyer-ogrencileri-icin-egitim-ogretim-yili-uyum-haftasi-programi-duzenlendi\/"]}]},{"@type":"ImageObject","inLanguage":"tr","@id":"https:\/\/tdv.org\/tr-TR\/tdv-kayseride-bursiyer-ogrencileri-icin-egitim-ogretim-yili-uyum-haftasi-programi-duzenlendi\/#primaryimage","url":"https:\/\/tdv.org\/tr-TR\/wp-content\/uploads\/2025\/11\/tdv-kayseride-bursiyer-ogrencileri-icin-egitim-ogretim-yili-uyum-haftasi-programi-duzenlendi-1.jpg","contentUrl":"https:\/\/tdv.org\/tr-TR\/wp-content\/uploads\/2025\/11\/tdv-kayseride-bursiyer-ogrencileri-icin-egitim-ogretim-yili-uyum-haftasi-programi-duzenlendi-1.jpg","width":1152,"height":768,"caption":"TDV, Kayseri\u2019de bursiyer \u00f6\u011frencileri i\u00e7in E\u011fitim \u00d6\u011fretim Y\u0131l\u0131 Uyum Haftas\u0131 Program\u0131 d\u00fczenlendi, E\u011fitim,"},{"@type":"BreadcrumbList","@id":"https:\/\/tdv.org\/tr-TR\/tdv-kayseride-bursiyer-ogrencileri-icin-egitim-ogretim-yili-uyum-haftasi-programi-duzenlendi\/#breadcrumb","itemListElement":[{"@type":"ListItem","position":1,"name":"Anasayfa","item":"https:\/\/tdv.org\/tr-TR\/"},{"@type":"ListItem","position":2,"name":"TDV, Kayseri\u2019de bursiyer \u00f6\u011frencileri i\u00e7in E\u011fitim \u00d6\u011fretim Y\u0131l\u0131 Uyum Haftas\u0131 Program\u0131 d\u00fczenlendi"}]},{"@type":"WebSite","@id":"https:\/\/tdv.org\/tr-TR\/#website","url":"https:\/\/tdv.org\/tr-TR\/","name":"T\u00fcrkiye Diyanet Vakf\u0131 Resmi Web Sitesi","description":"Yery\u00fcz\u00fcnde iyilik egemen oluncaya kadar","publisher":{"@id":"https:\/\/tdv.org\/tr-TR\/#organization"},"alternateName":"T\u00fcrkiye Diyanet Vakf\u0131","potentialAction":[{"@type":"SearchAction","target":{"@type":"EntryPoint","urlTemplate":"https:\/\/tdv.org\/tr-TR\/?s={search_term_string}"},"query-input":{"@type":"PropertyValueSpecification","valueRequired":true,"valueName":"search_term_string"}}],"inLanguage":"tr"},{"@type":"Organization","@id":"https:\/\/tdv.org\/tr-TR\/#organization","name":"T\u00fcrkiye Diyanet Vakf\u0131","alternateName":"T\u00fcrkiye Diyanet Vakf\u0131","url":"https:\/\/tdv.org\/tr-TR\/","logo":{"@type":"ImageObject","inLanguage":"tr","@id":"https:\/\/tdv.org\/tr-TR\/#\/schema\/logo\/image\/","url":"https:\/\/tdv.org\/tr-TR\/wp-content\/uploads\/2018\/12\/TDV_Logo_1.png","contentUrl":"https:\/\/tdv.org\/tr-TR\/wp-content\/uploads\/2018\/12\/TDV_Logo_1.png","width":207,"height":71,"caption":"T\u00fcrkiye Diyanet Vakf\u0131"},"image":{"@id":"https:\/\/tdv.org\/tr-TR\/#\/schema\/logo\/image\/"},"sameAs":["https:\/\/www.facebook.com\/Diyanetvakfi\/","https:\/\/x.com\/DiyanetVakfi","https:\/\/www.instagram.com\/turkiyediyanetvakfi\/","https:\/\/www.youtube.com\/user\/TurkiyeDiyanetVakfi"]},{"@type":"Person","@id":"https:\/\/tdv.org\/tr-TR\/#\/schema\/person\/752b55e264a99273d55636516d96d5eb","name":"Selim","image":{"@type":"ImageObject","inLanguage":"tr","@id":"https:\/\/tdv.org\/tr-TR\/wp-content\/litespeed\/avatar\/a1e47b25396e98e5b781e88a5396cd96.jpg?ver=1777287391","url":"https:\/\/tdv.org\/tr-TR\/wp-content\/litespeed\/avatar\/a1e47b25396e98e5b781e88a5396cd96.jpg?ver=1777287391","contentUrl":"https:\/\/tdv.org\/tr-TR\/wp-content\/litespeed\/avatar\/a1e47b25396e98e5b781e88a5396cd96.jpg?ver=1777287391","caption":"Selim"}}]}},"_links":{"self":[{"href":"https:\/\/tdv.org\/tr-TR\/wp-json\/wp\/v2\/posts\/53801","targetHints":{"allow":["GET"]}}],"collection":[{"href":"https:\/\/tdv.org\/tr-TR\/wp-json\/wp\/v2\/posts"}],"about":[{"href":"https:\/\/tdv.org\/tr-TR\/wp-json\/wp\/v2\/types\/post"}],"author":[{"embeddable":true,"href":"https:\/\/tdv.org\/tr-TR\/wp-json\/wp\/v2\/users\/8"}],"replies":[{"embeddable":true,"href":"https:\/\/tdv.org\/tr-TR\/wp-json\/wp\/v2\/comments?post=53801"}],"version-history":[{"count":5,"href":"https:\/\/tdv.org\/tr-TR\/wp-json\/wp\/v2\/posts\/53801\/revisions"}],"predecessor-version":[{"id":53845,"href":"https:\/\/tdv.org\/tr-TR\/wp-json\/wp\/v2\/posts\/53801\/revisions\/53845"}],"wp:featuredmedia":[{"embeddable":true,"href":"https:\/\/tdv.org\/tr-TR\/wp-json\/wp\/v2\/media\/53802"}],"wp:attachment":[{"href":"https:\/\/tdv.org\/tr-TR\/wp-json\/wp\/v2\/media?parent=53801"}],"wp:term":[{"taxonomy":"category","embeddable":true,"href":"https:\/\/tdv.org\/tr-TR\/wp-json\/wp\/v2\/categories?post=53801"},{"taxonomy":"post_tag","embeddable":true,"href":"https:\/\/tdv.org\/tr-TR\/wp-json\/wp\/v2\/tags?post=53801"}],"curies":[{"name":"wp","href":"https:\/\/api.w.org\/{rel}","templated":true}]}}