{"id":53968,"date":"2025-12-06T09:00:02","date_gmt":"2025-12-06T06:00:02","guid":{"rendered":"https:\/\/tdv.org\/tr-TR\/?p=53968"},"modified":"2025-12-05T16:20:26","modified_gmt":"2025-12-05T13:20:26","slug":"turkiye-diyanet-vakfi-ilksay-tarafindan-duzenlenen-mevlid-i-nebi-hikaye-yarismasinda-sonuclar-aciklandi","status":"publish","type":"post","link":"https:\/\/tdv.org\/tr-TR\/turkiye-diyanet-vakfi-ilksay-tarafindan-duzenlenen-mevlid-i-nebi-hikaye-yarismasinda-sonuclar-aciklandi\/","title":{"rendered":"T\u00fcrkiye Diyanet Vakf\u0131 \u0130LKSAY taraf\u0131ndan d\u00fczenlenen Mevlid-i Neb\u00ee Hik\u00e2ye Yar\u0131\u015fmas\u0131\u2019nda sonu\u00e7lar a\u00e7\u0131kland\u0131"},"content":{"rendered":"<p style=\"text-align: justify;\"><a href=\"https:\/\/tdv.org\/tr-TR\/\" target=\"_blank\" rel=\"noopener\">T\u00fcrkiye Diyanet Vakf\u0131<\/a> <a href=\"https:\/\/tdv.org\/tr-TR\/ilksay\/\" target=\"_blank\" rel=\"noopener\">\u0130lim K\u00fclt\u00fcr Sanat ve Yay\u0131n Kurulu Ba\u015fkanl\u0131\u011f\u0131 (\u0130LKSAY)<\/a> taraf\u0131ndan, 2025 Mevlid-i Neb\u00ee etkinlikleri kapsam\u0131nda d\u00fczenlenen <a href=\"https:\/\/tdv.org\/tr-TR\/ilksay\/zamansiz-rehber-onun-izinde\/\" target=\"_blank\" rel=\"noopener\">\u201cZamans\u0131z Rehber: Onun \u0130zinde\u201d<\/a> temal\u0131 hik\u00e2ye yar\u0131\u015fmas\u0131n\u0131n sonu\u00e7lar\u0131 a\u00e7\u0131kland\u0131.<\/p>\n<p>Peygamberimiz Hz. Muhammed\u2019in \u00f6rnek ahlak\u0131n\u0131 tan\u0131tmak, rehberli\u011fini ve getirdi\u011fi de\u011ferleri edebiyat yoluyla ya\u015fatmak amac\u0131yla ger\u00e7ekle\u015ftirilen <a href=\"https:\/\/tdv.org\/tr-TR\/ilksay\/zamansiz-rehber-onun-izinde\/\" target=\"_blank\" rel=\"noopener\">Mevlid-i Neb\u00ee Hik\u00e2ye Yar\u0131\u015fmas\u0131<\/a>\u2019na g\u00f6nderilen hikayeler, titizlikle \u00f6n incelemeden ge\u00e7ip se\u00e7ici kurul b\u00fcnyesindeki yazarlar taraf\u0131ndan de\u011ferlendirildi.<\/p>\n<p>Yar\u0131\u015fman\u0131n se\u00e7ici kurulunda yer alan Naime Erkovan, M. Fatih Kutlubay, Sema Bayar, Veysel Altunta\u015f ve Fatma Haral Efe\u2019nin de\u011ferlendirmeleri do\u011frultusunda kazanan isimler belirlendi.<\/p>\n<p><img decoding=\"async\" class=\"aligncenter wp-image-53975 size-large\" src=\"https:\/\/tdv.org\/tr-TR\/wp-content\/uploads\/2025\/12\/1080x1350-px-sonuclar2-819x1024.jpg\" alt=\"\" width=\"819\" height=\"1024\" srcset=\"https:\/\/tdv.org\/tr-TR\/wp-content\/uploads\/2025\/12\/1080x1350-px-sonuclar2-819x1024.jpg 819w, https:\/\/tdv.org\/tr-TR\/wp-content\/uploads\/2025\/12\/1080x1350-px-sonuclar2-240x300.jpg 240w, https:\/\/tdv.org\/tr-TR\/wp-content\/uploads\/2025\/12\/1080x1350-px-sonuclar2-768x960.jpg 768w, https:\/\/tdv.org\/tr-TR\/wp-content\/uploads\/2025\/12\/1080x1350-px-sonuclar2.jpg 1081w\" sizes=\"(max-width: 819px) 100vw, 819px\" \/><\/p>\n<p>Kurulun de\u011ferlendirmesi sonucunda yar\u0131\u015fman\u0131n birincisi \u201cS\u0131rl\u0131 Gecenin \u015eifresi\u201d adl\u0131 eseriyle Yunus Emre Kandemir oldu. \u201cRehberim Peygamberim\u201d isimli hikayesiyle Sevde S\u00fceda G\u00fcrlesin ikinci, G\u00fcls\u00fcm Durna ise \u201cKalp E\u015fi\u011fi\u201d adl\u0131 eseriyle \u00fc\u00e7\u00fcnc\u00fc oldu.<\/p>\n<p>Yar\u0131\u015fmada ayr\u0131ca, Sultan Can\u0131g\u00fcr\u2019\u00fcn \u201cAzat\u201d, S\u00fcmeyra Duvarc\u0131o\u011flu\u2019nun \u201cBir G\u00fcnahs\u0131z\u0131n Dilinden\u201d, Muhammed Caner Avc\u0131lar\u2019\u0131n \u201cMuhammed Kim\u201d ve \u0130brahim \u015ea\u015fma\u2019n\u0131n \u201cKum ve Tebess\u00fcm\u201d adl\u0131 eserleri mansiyon \u00f6d\u00fcl\u00fcne lay\u0131k g\u00f6r\u00fcld\u00fc.<\/p>\n<p>Dereceye giren eser sahiplerine; birincilik i\u00e7in 50 bin TL, ikincilik i\u00e7in 35 bin TL, \u00fc\u00e7\u00fcnc\u00fcl\u00fck i\u00e7in 20 bin TL, mansiyon i\u00e7in ise kitap seti hediye edilecek.<\/p>\n<p>Yar\u0131\u015fman\u0131n sonu\u00e7lar\u0131na ili\u015fkin detayl\u0131 bilgiye \u015fu adresten ula\u015f\u0131labilecek: <a href=\"https:\/\/tdv.org\/tr-TR\/ilksay\/zamansiz-rehber-onun-izinde\/#yarismasonuclari\">https:\/\/tdv.org\/tr-TR\/ilksay\/zamansiz-rehber-onun-izinde\/#yarismasonuclari<\/a><\/p>\n<p>\u00d6d\u00fcl t\u00f6reni, 15 Aral\u0131k 2025 Pazartesi g\u00fcn\u00fc saat 15.00\u2019te, Ankara\u2019da bulunan TDV \u0130LKSAY Kurulu Ba\u015fkanl\u0131\u011f\u0131 Konferans Salonu\u2019nda ger\u00e7ekle\u015ftirilecek.<\/p>\n","protected":false},"excerpt":{"rendered":"<p>T\u00fcrkiye Diyanet Vakf\u0131 \u0130lim K\u00fclt\u00fcr Sanat ve Yay\u0131n Kurulu Ba\u015fkanl\u0131\u011f\u0131 (\u0130LKSAY) taraf\u0131ndan, 2025 Mevlid-i Neb\u00ee etkinlikleri kapsam\u0131nda d\u00fczenlenen \u201cZamans\u0131z Rehber: Onun \u0130zinde\u201d temal\u0131 hik\u00e2ye yar\u0131\u015fmas\u0131n\u0131n sonu\u00e7lar\u0131 a\u00e7\u0131kland\u0131. Peygamberimiz Hz. Muhammed\u2019in&#8230;<\/p>\n","protected":false},"author":8,"featured_media":53969,"comment_status":"closed","ping_status":"closed","sticky":false,"template":"","format":"standard","meta":{"footnotes":""},"categories":[1],"tags":[584,2462],"class_list":{"0":"post-53968","1":"post","2":"type-post","3":"status-publish","4":"format-standard","5":"has-post-thumbnail","7":"category-haberler","8":"tag-yarisma","9":"tag-zamansiz-rehber-onun-izinde"},"yoast_head":"<!-- This site is optimized with the Yoast SEO plugin v27.5 - https:\/\/yoast.com\/product\/yoast-seo-wordpress\/ -->\n<title>T\u00fcrkiye Diyanet Vakf\u0131 \u0130LKSAY taraf\u0131ndan d\u00fczenlenen Mevlid-i Neb\u00ee Hik\u00e2ye Yar\u0131\u015fmas\u0131\u2019nda sonu\u00e7lar a\u00e7\u0131kland\u0131<\/title>\n<meta name=\"description\" content=\"T\u00fcrkiye Diyanet Vakf\u0131 \u0130lim K\u00fclt\u00fcr Sanat ve Yay\u0131n Kurulu Ba\u015fkanl\u0131\u011f\u0131 (\u0130LKSAY) taraf\u0131ndan, 2025 Mevlid-i Neb\u00ee etkinlikleri kapsam\u0131nda d\u00fczenlenen \u201cZamans\u0131z Rehber: Onun \u0130zinde\u201d temal\u0131 hik\u00e2ye yar\u0131\u015fmas\u0131n\u0131n sonu\u00e7lar\u0131 a\u00e7\u0131kland\u0131.\" \/>\n<meta name=\"robots\" content=\"index, follow, max-snippet:-1, max-image-preview:large, max-video-preview:-1\" \/>\n<link rel=\"canonical\" href=\"https:\/\/tdv.org\/tr-TR\/turkiye-diyanet-vakfi-ilksay-tarafindan-duzenlenen-mevlid-i-nebi-hikaye-yarismasinda-sonuclar-aciklandi\/\" \/>\n<meta property=\"og:locale\" content=\"tr_TR\" \/>\n<meta property=\"og:type\" content=\"article\" \/>\n<meta property=\"og:title\" content=\"T\u00fcrkiye Diyanet Vakf\u0131 \u0130LKSAY taraf\u0131ndan d\u00fczenlenen Mevlid-i Neb\u00ee Hik\u00e2ye Yar\u0131\u015fmas\u0131\u2019nda sonu\u00e7lar a\u00e7\u0131kland\u0131\" \/>\n<meta property=\"og:description\" content=\"T\u00fcrkiye Diyanet Vakf\u0131 \u0130lim K\u00fclt\u00fcr Sanat ve Yay\u0131n Kurulu Ba\u015fkanl\u0131\u011f\u0131 (\u0130LKSAY) taraf\u0131ndan, 2025 Mevlid-i Neb\u00ee etkinlikleri kapsam\u0131nda d\u00fczenlenen \u201cZamans\u0131z Rehber: Onun \u0130zinde\u201d temal\u0131 hik\u00e2ye yar\u0131\u015fmas\u0131n\u0131n sonu\u00e7lar\u0131 a\u00e7\u0131kland\u0131.\" \/>\n<meta property=\"og:url\" content=\"https:\/\/tdv.org\/tr-TR\/turkiye-diyanet-vakfi-ilksay-tarafindan-duzenlenen-mevlid-i-nebi-hikaye-yarismasinda-sonuclar-aciklandi\/\" \/>\n<meta property=\"og:site_name\" content=\"T\u00fcrkiye Diyanet Vakf\u0131 Resmi Web Sitesi\" \/>\n<meta property=\"article:publisher\" content=\"https:\/\/www.facebook.com\/Diyanetvakfi\/\" \/>\n<meta property=\"article:published_time\" content=\"2025-12-06T06:00:02+00:00\" \/>\n<meta property=\"og:image\" content=\"https:\/\/tdv.org\/tr-TR\/wp-content\/uploads\/2025\/12\/MevlidiNebiHikayeYarismasi1.jpg\" \/>\n\t<meta property=\"og:image:width\" content=\"1920\" \/>\n\t<meta property=\"og:image:height\" content=\"1081\" \/>\n\t<meta property=\"og:image:type\" content=\"image\/jpeg\" \/>\n<meta name=\"author\" content=\"Selim\" \/>\n<meta name=\"twitter:card\" content=\"summary_large_image\" \/>\n<meta name=\"twitter:creator\" content=\"@DiyanetVakfi\" \/>\n<meta name=\"twitter:site\" content=\"@DiyanetVakfi\" \/>\n<script type=\"application\/ld+json\" class=\"yoast-schema-graph\">{\"@context\":\"https:\\\/\\\/schema.org\",\"@graph\":[{\"@type\":\"Article\",\"@id\":\"https:\\\/\\\/tdv.org\\\/tr-TR\\\/turkiye-diyanet-vakfi-ilksay-tarafindan-duzenlenen-mevlid-i-nebi-hikaye-yarismasinda-sonuclar-aciklandi\\\/#article\",\"isPartOf\":{\"@id\":\"https:\\\/\\\/tdv.org\\\/tr-TR\\\/turkiye-diyanet-vakfi-ilksay-tarafindan-duzenlenen-mevlid-i-nebi-hikaye-yarismasinda-sonuclar-aciklandi\\\/\"},\"author\":{\"name\":\"Selim\",\"@id\":\"https:\\\/\\\/tdv.org\\\/tr-TR\\\/#\\\/schema\\\/person\\\/752b55e264a99273d55636516d96d5eb\"},\"headline\":\"T\u00fcrkiye Diyanet Vakf\u0131 \u0130LKSAY taraf\u0131ndan d\u00fczenlenen Mevlid-i Neb\u00ee Hik\u00e2ye Yar\u0131\u015fmas\u0131\u2019nda sonu\u00e7lar a\u00e7\u0131kland\u0131\",\"datePublished\":\"2025-12-06T06:00:02+00:00\",\"mainEntityOfPage\":{\"@id\":\"https:\\\/\\\/tdv.org\\\/tr-TR\\\/turkiye-diyanet-vakfi-ilksay-tarafindan-duzenlenen-mevlid-i-nebi-hikaye-yarismasinda-sonuclar-aciklandi\\\/\"},\"wordCount\":306,\"publisher\":{\"@id\":\"https:\\\/\\\/tdv.org\\\/tr-TR\\\/#organization\"},\"image\":{\"@id\":\"https:\\\/\\\/tdv.org\\\/tr-TR\\\/turkiye-diyanet-vakfi-ilksay-tarafindan-duzenlenen-mevlid-i-nebi-hikaye-yarismasinda-sonuclar-aciklandi\\\/#primaryimage\"},\"thumbnailUrl\":\"https:\\\/\\\/tdv.org\\\/tr-TR\\\/wp-content\\\/uploads\\\/2025\\\/12\\\/MevlidiNebiHikayeYarismasi1.jpg\",\"keywords\":[\"yar\u0131\u015fma\",\"Zamans\u0131z Rehber: Onun \u0130zinde\"],\"articleSection\":[\"Haberler\"],\"inLanguage\":\"tr\"},{\"@type\":\"WebPage\",\"@id\":\"https:\\\/\\\/tdv.org\\\/tr-TR\\\/turkiye-diyanet-vakfi-ilksay-tarafindan-duzenlenen-mevlid-i-nebi-hikaye-yarismasinda-sonuclar-aciklandi\\\/\",\"url\":\"https:\\\/\\\/tdv.org\\\/tr-TR\\\/turkiye-diyanet-vakfi-ilksay-tarafindan-duzenlenen-mevlid-i-nebi-hikaye-yarismasinda-sonuclar-aciklandi\\\/\",\"name\":\"T\u00fcrkiye Diyanet Vakf\u0131 \u0130LKSAY taraf\u0131ndan d\u00fczenlenen Mevlid-i Neb\u00ee Hik\u00e2ye Yar\u0131\u015fmas\u0131\u2019nda sonu\u00e7lar a\u00e7\u0131kland\u0131\",\"isPartOf\":{\"@id\":\"https:\\\/\\\/tdv.org\\\/tr-TR\\\/#website\"},\"primaryImageOfPage\":{\"@id\":\"https:\\\/\\\/tdv.org\\\/tr-TR\\\/turkiye-diyanet-vakfi-ilksay-tarafindan-duzenlenen-mevlid-i-nebi-hikaye-yarismasinda-sonuclar-aciklandi\\\/#primaryimage\"},\"image\":{\"@id\":\"https:\\\/\\\/tdv.org\\\/tr-TR\\\/turkiye-diyanet-vakfi-ilksay-tarafindan-duzenlenen-mevlid-i-nebi-hikaye-yarismasinda-sonuclar-aciklandi\\\/#primaryimage\"},\"thumbnailUrl\":\"https:\\\/\\\/tdv.org\\\/tr-TR\\\/wp-content\\\/uploads\\\/2025\\\/12\\\/MevlidiNebiHikayeYarismasi1.jpg\",\"datePublished\":\"2025-12-06T06:00:02+00:00\",\"description\":\"T\u00fcrkiye Diyanet Vakf\u0131 \u0130lim K\u00fclt\u00fcr Sanat ve Yay\u0131n Kurulu Ba\u015fkanl\u0131\u011f\u0131 (\u0130LKSAY) taraf\u0131ndan, 2025 Mevlid-i Neb\u00ee etkinlikleri kapsam\u0131nda d\u00fczenlenen \u201cZamans\u0131z Rehber: Onun \u0130zinde\u201d temal\u0131 hik\u00e2ye yar\u0131\u015fmas\u0131n\u0131n sonu\u00e7lar\u0131 a\u00e7\u0131kland\u0131.\",\"breadcrumb\":{\"@id\":\"https:\\\/\\\/tdv.org\\\/tr-TR\\\/turkiye-diyanet-vakfi-ilksay-tarafindan-duzenlenen-mevlid-i-nebi-hikaye-yarismasinda-sonuclar-aciklandi\\\/#breadcrumb\"},\"inLanguage\":\"tr\",\"potentialAction\":[{\"@type\":\"ReadAction\",\"target\":[\"https:\\\/\\\/tdv.org\\\/tr-TR\\\/turkiye-diyanet-vakfi-ilksay-tarafindan-duzenlenen-mevlid-i-nebi-hikaye-yarismasinda-sonuclar-aciklandi\\\/\"]}]},{\"@type\":\"ImageObject\",\"inLanguage\":\"tr\",\"@id\":\"https:\\\/\\\/tdv.org\\\/tr-TR\\\/turkiye-diyanet-vakfi-ilksay-tarafindan-duzenlenen-mevlid-i-nebi-hikaye-yarismasinda-sonuclar-aciklandi\\\/#primaryimage\",\"url\":\"https:\\\/\\\/tdv.org\\\/tr-TR\\\/wp-content\\\/uploads\\\/2025\\\/12\\\/MevlidiNebiHikayeYarismasi1.jpg\",\"contentUrl\":\"https:\\\/\\\/tdv.org\\\/tr-TR\\\/wp-content\\\/uploads\\\/2025\\\/12\\\/MevlidiNebiHikayeYarismasi1.jpg\",\"width\":1920,\"height\":1081},{\"@type\":\"BreadcrumbList\",\"@id\":\"https:\\\/\\\/tdv.org\\\/tr-TR\\\/turkiye-diyanet-vakfi-ilksay-tarafindan-duzenlenen-mevlid-i-nebi-hikaye-yarismasinda-sonuclar-aciklandi\\\/#breadcrumb\",\"itemListElement\":[{\"@type\":\"ListItem\",\"position\":1,\"name\":\"Anasayfa\",\"item\":\"https:\\\/\\\/tdv.org\\\/tr-TR\\\/\"},{\"@type\":\"ListItem\",\"position\":2,\"name\":\"T\u00fcrkiye Diyanet Vakf\u0131 \u0130LKSAY taraf\u0131ndan d\u00fczenlenen Mevlid-i Neb\u00ee Hik\u00e2ye Yar\u0131\u015fmas\u0131\u2019nda sonu\u00e7lar a\u00e7\u0131kland\u0131\"}]},{\"@type\":\"WebSite\",\"@id\":\"https:\\\/\\\/tdv.org\\\/tr-TR\\\/#website\",\"url\":\"https:\\\/\\\/tdv.org\\\/tr-TR\\\/\",\"name\":\"T\u00fcrkiye Diyanet Vakf\u0131 Resmi Web Sitesi\",\"description\":\"Yery\u00fcz\u00fcnde iyilik egemen oluncaya kadar\",\"publisher\":{\"@id\":\"https:\\\/\\\/tdv.org\\\/tr-TR\\\/#organization\"},\"alternateName\":\"T\u00fcrkiye Diyanet Vakf\u0131\",\"potentialAction\":[{\"@type\":\"SearchAction\",\"target\":{\"@type\":\"EntryPoint\",\"urlTemplate\":\"https:\\\/\\\/tdv.org\\\/tr-TR\\\/?s={search_term_string}\"},\"query-input\":{\"@type\":\"PropertyValueSpecification\",\"valueRequired\":true,\"valueName\":\"search_term_string\"}}],\"inLanguage\":\"tr\"},{\"@type\":\"Organization\",\"@id\":\"https:\\\/\\\/tdv.org\\\/tr-TR\\\/#organization\",\"name\":\"T\u00fcrkiye Diyanet Vakf\u0131\",\"alternateName\":\"T\u00fcrkiye Diyanet Vakf\u0131\",\"url\":\"https:\\\/\\\/tdv.org\\\/tr-TR\\\/\",\"logo\":{\"@type\":\"ImageObject\",\"inLanguage\":\"tr\",\"@id\":\"https:\\\/\\\/tdv.org\\\/tr-TR\\\/#\\\/schema\\\/logo\\\/image\\\/\",\"url\":\"https:\\\/\\\/tdv.org\\\/tr-TR\\\/wp-content\\\/uploads\\\/2018\\\/12\\\/TDV_Logo_1.png\",\"contentUrl\":\"https:\\\/\\\/tdv.org\\\/tr-TR\\\/wp-content\\\/uploads\\\/2018\\\/12\\\/TDV_Logo_1.png\",\"width\":207,\"height\":71,\"caption\":\"T\u00fcrkiye Diyanet Vakf\u0131\"},\"image\":{\"@id\":\"https:\\\/\\\/tdv.org\\\/tr-TR\\\/#\\\/schema\\\/logo\\\/image\\\/\"},\"sameAs\":[\"https:\\\/\\\/www.facebook.com\\\/Diyanetvakfi\\\/\",\"https:\\\/\\\/x.com\\\/DiyanetVakfi\",\"https:\\\/\\\/www.instagram.com\\\/turkiyediyanetvakfi\\\/\",\"https:\\\/\\\/www.youtube.com\\\/user\\\/TurkiyeDiyanetVakfi\"]},{\"@type\":\"Person\",\"@id\":\"https:\\\/\\\/tdv.org\\\/tr-TR\\\/#\\\/schema\\\/person\\\/752b55e264a99273d55636516d96d5eb\",\"name\":\"Selim\",\"image\":{\"@type\":\"ImageObject\",\"inLanguage\":\"tr\",\"@id\":\"https:\\\/\\\/tdv.org\\\/tr-TR\\\/wp-content\\\/litespeed\\\/avatar\\\/a1e47b25396e98e5b781e88a5396cd96.jpg?ver=1777287391\",\"url\":\"https:\\\/\\\/tdv.org\\\/tr-TR\\\/wp-content\\\/litespeed\\\/avatar\\\/a1e47b25396e98e5b781e88a5396cd96.jpg?ver=1777287391\",\"contentUrl\":\"https:\\\/\\\/tdv.org\\\/tr-TR\\\/wp-content\\\/litespeed\\\/avatar\\\/a1e47b25396e98e5b781e88a5396cd96.jpg?ver=1777287391\",\"caption\":\"Selim\"}}]}<\/script>\n<!-- \/ Yoast SEO plugin. -->","yoast_head_json":{"title":"T\u00fcrkiye Diyanet Vakf\u0131 \u0130LKSAY taraf\u0131ndan d\u00fczenlenen Mevlid-i Neb\u00ee Hik\u00e2ye Yar\u0131\u015fmas\u0131\u2019nda sonu\u00e7lar a\u00e7\u0131kland\u0131","description":"T\u00fcrkiye Diyanet Vakf\u0131 \u0130lim K\u00fclt\u00fcr Sanat ve Yay\u0131n Kurulu Ba\u015fkanl\u0131\u011f\u0131 (\u0130LKSAY) taraf\u0131ndan, 2025 Mevlid-i Neb\u00ee etkinlikleri kapsam\u0131nda d\u00fczenlenen \u201cZamans\u0131z Rehber: Onun \u0130zinde\u201d temal\u0131 hik\u00e2ye yar\u0131\u015fmas\u0131n\u0131n sonu\u00e7lar\u0131 a\u00e7\u0131kland\u0131.","robots":{"index":"index","follow":"follow","max-snippet":"max-snippet:-1","max-image-preview":"max-image-preview:large","max-video-preview":"max-video-preview:-1"},"canonical":"https:\/\/tdv.org\/tr-TR\/turkiye-diyanet-vakfi-ilksay-tarafindan-duzenlenen-mevlid-i-nebi-hikaye-yarismasinda-sonuclar-aciklandi\/","og_locale":"tr_TR","og_type":"article","og_title":"T\u00fcrkiye Diyanet Vakf\u0131 \u0130LKSAY taraf\u0131ndan d\u00fczenlenen Mevlid-i Neb\u00ee Hik\u00e2ye Yar\u0131\u015fmas\u0131\u2019nda sonu\u00e7lar a\u00e7\u0131kland\u0131","og_description":"T\u00fcrkiye Diyanet Vakf\u0131 \u0130lim K\u00fclt\u00fcr Sanat ve Yay\u0131n Kurulu Ba\u015fkanl\u0131\u011f\u0131 (\u0130LKSAY) taraf\u0131ndan, 2025 Mevlid-i Neb\u00ee etkinlikleri kapsam\u0131nda d\u00fczenlenen \u201cZamans\u0131z Rehber: Onun \u0130zinde\u201d temal\u0131 hik\u00e2ye yar\u0131\u015fmas\u0131n\u0131n sonu\u00e7lar\u0131 a\u00e7\u0131kland\u0131.","og_url":"https:\/\/tdv.org\/tr-TR\/turkiye-diyanet-vakfi-ilksay-tarafindan-duzenlenen-mevlid-i-nebi-hikaye-yarismasinda-sonuclar-aciklandi\/","og_site_name":"T\u00fcrkiye Diyanet Vakf\u0131 Resmi Web Sitesi","article_publisher":"https:\/\/www.facebook.com\/Diyanetvakfi\/","article_published_time":"2025-12-06T06:00:02+00:00","og_image":[{"width":1920,"height":1081,"url":"https:\/\/tdv.org\/tr-TR\/wp-content\/uploads\/2025\/12\/MevlidiNebiHikayeYarismasi1.jpg","type":"image\/jpeg"}],"author":"Selim","twitter_card":"summary_large_image","twitter_creator":"@DiyanetVakfi","twitter_site":"@DiyanetVakfi","schema":{"@context":"https:\/\/schema.org","@graph":[{"@type":"Article","@id":"https:\/\/tdv.org\/tr-TR\/turkiye-diyanet-vakfi-ilksay-tarafindan-duzenlenen-mevlid-i-nebi-hikaye-yarismasinda-sonuclar-aciklandi\/#article","isPartOf":{"@id":"https:\/\/tdv.org\/tr-TR\/turkiye-diyanet-vakfi-ilksay-tarafindan-duzenlenen-mevlid-i-nebi-hikaye-yarismasinda-sonuclar-aciklandi\/"},"author":{"name":"Selim","@id":"https:\/\/tdv.org\/tr-TR\/#\/schema\/person\/752b55e264a99273d55636516d96d5eb"},"headline":"T\u00fcrkiye Diyanet Vakf\u0131 \u0130LKSAY taraf\u0131ndan d\u00fczenlenen Mevlid-i Neb\u00ee Hik\u00e2ye Yar\u0131\u015fmas\u0131\u2019nda sonu\u00e7lar a\u00e7\u0131kland\u0131","datePublished":"2025-12-06T06:00:02+00:00","mainEntityOfPage":{"@id":"https:\/\/tdv.org\/tr-TR\/turkiye-diyanet-vakfi-ilksay-tarafindan-duzenlenen-mevlid-i-nebi-hikaye-yarismasinda-sonuclar-aciklandi\/"},"wordCount":306,"publisher":{"@id":"https:\/\/tdv.org\/tr-TR\/#organization"},"image":{"@id":"https:\/\/tdv.org\/tr-TR\/turkiye-diyanet-vakfi-ilksay-tarafindan-duzenlenen-mevlid-i-nebi-hikaye-yarismasinda-sonuclar-aciklandi\/#primaryimage"},"thumbnailUrl":"https:\/\/tdv.org\/tr-TR\/wp-content\/uploads\/2025\/12\/MevlidiNebiHikayeYarismasi1.jpg","keywords":["yar\u0131\u015fma","Zamans\u0131z Rehber: Onun \u0130zinde"],"articleSection":["Haberler"],"inLanguage":"tr"},{"@type":"WebPage","@id":"https:\/\/tdv.org\/tr-TR\/turkiye-diyanet-vakfi-ilksay-tarafindan-duzenlenen-mevlid-i-nebi-hikaye-yarismasinda-sonuclar-aciklandi\/","url":"https:\/\/tdv.org\/tr-TR\/turkiye-diyanet-vakfi-ilksay-tarafindan-duzenlenen-mevlid-i-nebi-hikaye-yarismasinda-sonuclar-aciklandi\/","name":"T\u00fcrkiye Diyanet Vakf\u0131 \u0130LKSAY taraf\u0131ndan d\u00fczenlenen Mevlid-i Neb\u00ee Hik\u00e2ye Yar\u0131\u015fmas\u0131\u2019nda sonu\u00e7lar a\u00e7\u0131kland\u0131","isPartOf":{"@id":"https:\/\/tdv.org\/tr-TR\/#website"},"primaryImageOfPage":{"@id":"https:\/\/tdv.org\/tr-TR\/turkiye-diyanet-vakfi-ilksay-tarafindan-duzenlenen-mevlid-i-nebi-hikaye-yarismasinda-sonuclar-aciklandi\/#primaryimage"},"image":{"@id":"https:\/\/tdv.org\/tr-TR\/turkiye-diyanet-vakfi-ilksay-tarafindan-duzenlenen-mevlid-i-nebi-hikaye-yarismasinda-sonuclar-aciklandi\/#primaryimage"},"thumbnailUrl":"https:\/\/tdv.org\/tr-TR\/wp-content\/uploads\/2025\/12\/MevlidiNebiHikayeYarismasi1.jpg","datePublished":"2025-12-06T06:00:02+00:00","description":"T\u00fcrkiye Diyanet Vakf\u0131 \u0130lim K\u00fclt\u00fcr Sanat ve Yay\u0131n Kurulu Ba\u015fkanl\u0131\u011f\u0131 (\u0130LKSAY) taraf\u0131ndan, 2025 Mevlid-i Neb\u00ee etkinlikleri kapsam\u0131nda d\u00fczenlenen \u201cZamans\u0131z Rehber: Onun \u0130zinde\u201d temal\u0131 hik\u00e2ye yar\u0131\u015fmas\u0131n\u0131n sonu\u00e7lar\u0131 a\u00e7\u0131kland\u0131.","breadcrumb":{"@id":"https:\/\/tdv.org\/tr-TR\/turkiye-diyanet-vakfi-ilksay-tarafindan-duzenlenen-mevlid-i-nebi-hikaye-yarismasinda-sonuclar-aciklandi\/#breadcrumb"},"inLanguage":"tr","potentialAction":[{"@type":"ReadAction","target":["https:\/\/tdv.org\/tr-TR\/turkiye-diyanet-vakfi-ilksay-tarafindan-duzenlenen-mevlid-i-nebi-hikaye-yarismasinda-sonuclar-aciklandi\/"]}]},{"@type":"ImageObject","inLanguage":"tr","@id":"https:\/\/tdv.org\/tr-TR\/turkiye-diyanet-vakfi-ilksay-tarafindan-duzenlenen-mevlid-i-nebi-hikaye-yarismasinda-sonuclar-aciklandi\/#primaryimage","url":"https:\/\/tdv.org\/tr-TR\/wp-content\/uploads\/2025\/12\/MevlidiNebiHikayeYarismasi1.jpg","contentUrl":"https:\/\/tdv.org\/tr-TR\/wp-content\/uploads\/2025\/12\/MevlidiNebiHikayeYarismasi1.jpg","width":1920,"height":1081},{"@type":"BreadcrumbList","@id":"https:\/\/tdv.org\/tr-TR\/turkiye-diyanet-vakfi-ilksay-tarafindan-duzenlenen-mevlid-i-nebi-hikaye-yarismasinda-sonuclar-aciklandi\/#breadcrumb","itemListElement":[{"@type":"ListItem","position":1,"name":"Anasayfa","item":"https:\/\/tdv.org\/tr-TR\/"},{"@type":"ListItem","position":2,"name":"T\u00fcrkiye Diyanet Vakf\u0131 \u0130LKSAY taraf\u0131ndan d\u00fczenlenen Mevlid-i Neb\u00ee Hik\u00e2ye Yar\u0131\u015fmas\u0131\u2019nda sonu\u00e7lar a\u00e7\u0131kland\u0131"}]},{"@type":"WebSite","@id":"https:\/\/tdv.org\/tr-TR\/#website","url":"https:\/\/tdv.org\/tr-TR\/","name":"T\u00fcrkiye Diyanet Vakf\u0131 Resmi Web Sitesi","description":"Yery\u00fcz\u00fcnde iyilik egemen oluncaya kadar","publisher":{"@id":"https:\/\/tdv.org\/tr-TR\/#organization"},"alternateName":"T\u00fcrkiye Diyanet Vakf\u0131","potentialAction":[{"@type":"SearchAction","target":{"@type":"EntryPoint","urlTemplate":"https:\/\/tdv.org\/tr-TR\/?s={search_term_string}"},"query-input":{"@type":"PropertyValueSpecification","valueRequired":true,"valueName":"search_term_string"}}],"inLanguage":"tr"},{"@type":"Organization","@id":"https:\/\/tdv.org\/tr-TR\/#organization","name":"T\u00fcrkiye Diyanet Vakf\u0131","alternateName":"T\u00fcrkiye Diyanet Vakf\u0131","url":"https:\/\/tdv.org\/tr-TR\/","logo":{"@type":"ImageObject","inLanguage":"tr","@id":"https:\/\/tdv.org\/tr-TR\/#\/schema\/logo\/image\/","url":"https:\/\/tdv.org\/tr-TR\/wp-content\/uploads\/2018\/12\/TDV_Logo_1.png","contentUrl":"https:\/\/tdv.org\/tr-TR\/wp-content\/uploads\/2018\/12\/TDV_Logo_1.png","width":207,"height":71,"caption":"T\u00fcrkiye Diyanet Vakf\u0131"},"image":{"@id":"https:\/\/tdv.org\/tr-TR\/#\/schema\/logo\/image\/"},"sameAs":["https:\/\/www.facebook.com\/Diyanetvakfi\/","https:\/\/x.com\/DiyanetVakfi","https:\/\/www.instagram.com\/turkiyediyanetvakfi\/","https:\/\/www.youtube.com\/user\/TurkiyeDiyanetVakfi"]},{"@type":"Person","@id":"https:\/\/tdv.org\/tr-TR\/#\/schema\/person\/752b55e264a99273d55636516d96d5eb","name":"Selim","image":{"@type":"ImageObject","inLanguage":"tr","@id":"https:\/\/tdv.org\/tr-TR\/wp-content\/litespeed\/avatar\/a1e47b25396e98e5b781e88a5396cd96.jpg?ver=1777287391","url":"https:\/\/tdv.org\/tr-TR\/wp-content\/litespeed\/avatar\/a1e47b25396e98e5b781e88a5396cd96.jpg?ver=1777287391","contentUrl":"https:\/\/tdv.org\/tr-TR\/wp-content\/litespeed\/avatar\/a1e47b25396e98e5b781e88a5396cd96.jpg?ver=1777287391","caption":"Selim"}}]}},"_links":{"self":[{"href":"https:\/\/tdv.org\/tr-TR\/wp-json\/wp\/v2\/posts\/53968","targetHints":{"allow":["GET"]}}],"collection":[{"href":"https:\/\/tdv.org\/tr-TR\/wp-json\/wp\/v2\/posts"}],"about":[{"href":"https:\/\/tdv.org\/tr-TR\/wp-json\/wp\/v2\/types\/post"}],"author":[{"embeddable":true,"href":"https:\/\/tdv.org\/tr-TR\/wp-json\/wp\/v2\/users\/8"}],"replies":[{"embeddable":true,"href":"https:\/\/tdv.org\/tr-TR\/wp-json\/wp\/v2\/comments?post=53968"}],"version-history":[{"count":3,"href":"https:\/\/tdv.org\/tr-TR\/wp-json\/wp\/v2\/posts\/53968\/revisions"}],"predecessor-version":[{"id":53977,"href":"https:\/\/tdv.org\/tr-TR\/wp-json\/wp\/v2\/posts\/53968\/revisions\/53977"}],"wp:featuredmedia":[{"embeddable":true,"href":"https:\/\/tdv.org\/tr-TR\/wp-json\/wp\/v2\/media\/53969"}],"wp:attachment":[{"href":"https:\/\/tdv.org\/tr-TR\/wp-json\/wp\/v2\/media?parent=53968"}],"wp:term":[{"taxonomy":"category","embeddable":true,"href":"https:\/\/tdv.org\/tr-TR\/wp-json\/wp\/v2\/categories?post=53968"},{"taxonomy":"post_tag","embeddable":true,"href":"https:\/\/tdv.org\/tr-TR\/wp-json\/wp\/v2\/tags?post=53968"}],"curies":[{"name":"wp","href":"https:\/\/api.w.org\/{rel}","templated":true}]}}