{"id":54161,"date":"2025-12-12T11:48:23","date_gmt":"2025-12-12T08:48:23","guid":{"rendered":"https:\/\/tdv.org\/tr-TR\/?p=54161"},"modified":"2025-12-13T11:49:55","modified_gmt":"2025-12-13T08:49:55","slug":"gelecek-nesillerimizi-inancimizin-degerleriyle-yetistirmenin-guzelligini-yasiyoruz","status":"publish","type":"post","link":"https:\/\/tdv.org\/tr-TR\/gelecek-nesillerimizi-inancimizin-degerleriyle-yetistirmenin-guzelligini-yasiyoruz\/","title":{"rendered":"\u201cGelecek nesillerimizi inanc\u0131m\u0131z\u0131n de\u011ferleriyle yeti\u015ftirmenin g\u00fczelli\u011fini ya\u015f\u0131yoruz\u201d"},"content":{"rendered":"[vc_row type=&#8221;in_container&#8221; full_screen_row_position=&#8221;middle&#8221; column_margin=&#8221;default&#8221; column_direction=&#8221;default&#8221; column_direction_tablet=&#8221;default&#8221; column_direction_phone=&#8221;default&#8221; scene_position=&#8221;center&#8221; text_color=&#8221;dark&#8221; text_align=&#8221;left&#8221; row_border_radius=&#8221;none&#8221; row_border_radius_applies=&#8221;bg&#8221; overflow=&#8221;visible&#8221; overlay_strength=&#8221;0.3&#8243; gradient_direction=&#8221;left_to_right&#8221; shape_divider_position=&#8221;bottom&#8221; bg_image_animation=&#8221;none&#8221;][vc_column column_padding=&#8221;no-extra-padding&#8221; column_padding_tablet=&#8221;inherit&#8221; column_padding_phone=&#8221;inherit&#8221; column_padding_position=&#8221;all&#8221; column_element_direction_desktop=&#8221;default&#8221; column_element_spacing=&#8221;default&#8221; desktop_text_alignment=&#8221;default&#8221; tablet_text_alignment=&#8221;default&#8221; phone_text_alignment=&#8221;default&#8221; background_color_opacity=&#8221;1&#8243; background_hover_color_opacity=&#8221;1&#8243; column_backdrop_filter=&#8221;none&#8221; column_shadow=&#8221;none&#8221; column_border_radius=&#8221;none&#8221; column_link_target=&#8221;_self&#8221; column_position=&#8221;default&#8221; gradient_direction=&#8221;left_to_right&#8221; overlay_strength=&#8221;0.3&#8243; width=&#8221;1\/1&#8243; tablet_width_inherit=&#8221;default&#8221; animation_type=&#8221;default&#8221; bg_image_animation=&#8221;none&#8221; border_type=&#8221;simple&#8221; column_border_width=&#8221;none&#8221; column_border_style=&#8221;solid&#8221;][vc_column_text css=&#8221;&#8221; text_direction=&#8221;default&#8221;]\n<p class=\"text-justify\" style=\"text-align: justify;\"><a href=\"https:\/\/tdv.org\/tr-TR\/kurumsal\/prof-dr-safi-arpagus\/\" target=\"_blank\" rel=\"noopener\">Diyanet \u0130\u015fleri Ba\u015fkan\u0131 ve TDV M\u00fctevelli Heyeti Ba\u015fkan\u0131\u00a0Prof. Dr. Safi Arpagu\u015f,<\/a>\u00a0 \u201cGelecek nesillerimizi, milletimizin, maneviyat\u0131m\u0131z\u0131n ve inanc\u0131m\u0131z\u0131n de\u011ferleriyle yeti\u015ftirmenin g\u00fczelli\u011fini ya\u015f\u0131yoruz, ya\u015famaya devam edece\u011fiz.\u201d dedi.<\/p>\n<div>\n<p style=\"text-align: justify;\"><a href=\"https:\/\/tdv.org\/tr-TR\/kurumsal\/prof-dr-safi-arpagus\/\" target=\"_blank\" rel=\"noopener\">Diyanet \u0130\u015fleri Ba\u015fkan\u0131 ve TDV M\u00fctevelli Heyeti Ba\u015fkan\u0131 Prof. Dr. Safi Arpagu\u015f,<\/a> \u0130stanbul\u2019da Barbaros Hayreddin Pa\u015fa Camii k\u00fclliyesinde yer alan 4-6 ya\u015f Kur&#8217;an kursu ve T\u00fcrkiye Diyanet Vakf\u0131 (TDV) Levent Kitabevi Kitap Kahve&#8217;nin resmi a\u00e7\u0131l\u0131\u015f t\u00f6renine kat\u0131ld\u0131.<\/p>\n<p style=\"text-align: justify;\"><strong>\u201cPeygamberimiz (s.a.s)\u2019in g\u00fczelliklerini nak\u015fetme \u00e7abas\u0131 ve gayreti i\u00e7erisindeyiz\u201d<\/strong><\/p>\n<p style=\"text-align: justify;\">Ba\u015fkan Arpagu\u015f, t\u00f6rende yapt\u0131\u011f\u0131 konu\u015fmada, \u201cGelecek nesillerimizi, milletimizin, maneviyat\u0131m\u0131z\u0131n ve inanc\u0131m\u0131z\u0131n de\u011ferleriyle yeti\u015ftirmenin g\u00fczelli\u011fini ya\u015f\u0131yoruz, ya\u015famaya devam edece\u011fiz. Diyanet \u0130\u015fleri Ba\u015fkanl\u0131\u011f\u0131 olarak te\u015fkilat\u0131m\u0131z i\u00e7erisinde son y\u0131llarda en fazla \u00f6nem verdi\u011fimiz, bu yavrular\u0131m\u0131z\u0131n 4-6 ya\u015fta e\u011fitim g\u00f6rmeleri ve \u00e7ocuk ya\u015ftaki haf\u0131zalar\u0131na dinimizin, inanc\u0131m\u0131z\u0131n, iman\u0131m\u0131z\u0131n, ahlak abidesi olan sevgili Peygamberimiz (s.a.s)\u2019in g\u00fczelliklerini nak\u015fetme \u00e7abas\u0131 ve gayreti i\u00e7erisindeyiz.\u201d ifadelerini kulland\u0131.<\/p>\n<p style=\"text-align: justify;\">Diyanet \u0130\u015fleri Ba\u015fkanl\u0131\u011f\u0131n\u0131n ve T\u00fcrkiye Diyanet Vakf\u0131\u2019n\u0131n dini yay\u0131nlar noktas\u0131nda \u00f6nemli mesafeler kat etti\u011fini belirten Ba\u015fkan Arpagu\u015f, \u201cGerek T\u00fcrk\u00e7e olarak ve gerekse \u00fcmmetin ve insanl\u0131\u011f\u0131n okuyabilece\u011fi bir d\u00fczeyde, b\u00fct\u00fcn insanl\u0131\u011fa ula\u015ft\u0131rmak \u00fczere farkl\u0131 dillerde yay\u0131nlar yapmaya gayret ediyoruz.\u201d \u015feklinde konu\u015ftu.<\/p>\n<p style=\"text-align: justify;\"><strong>Hutbe irad etti<\/strong><\/p>\n<p style=\"text-align: justify;\">Ba\u015fkan Arpagu\u015f, ayr\u0131ca Barbaros Hayreddin Pa\u015fa Camii\u2019nde hutbe irad etti ve ard\u0131ndan Cuma namaz\u0131 k\u0131ld\u0131rd\u0131.<\/p>\n<p style=\"text-align: justify;\">Programa, \u0130stanbul Vali Yard\u0131mc\u0131s\u0131 Ahmet S\u00fcheyl \u00dc\u00e7er, \u0130stanbul M\u00fcft\u00fcs\u00fc Do\u00e7. Dr. Emrullah Tuncel, eski bakanlardan Ali Talip \u00d6zdemir ve vatanda\u015flar kat\u0131ld\u0131.<\/p>\n<\/div>\n[\/vc_column_text][vc_video link=&#8221;https:\/\/youtu.be\/biCm1XGdsQ0&#8243; css=&#8221;&#8221;][vc_column_text css=&#8221;&#8221; text_direction=&#8221;default&#8221;]\n<div>\n\n\t\t<style type=\"text\/css\">\n\t\t\t#gallery-1 {\n\t\t\t\tmargin: auto;\n\t\t\t}\n\t\t\t#gallery-1 .gallery-item {\n\t\t\t\tfloat: left;\n\t\t\t\tmargin-top: 10px;\n\t\t\t\ttext-align: center;\n\t\t\t\twidth: 33%;\n\t\t\t}\n\t\t\t#gallery-1 img {\n\t\t\t\tborder: 2px solid #cfcfcf;\n\t\t\t}\n\t\t\t#gallery-1 .gallery-caption {\n\t\t\t\tmargin-left: 0;\n\t\t\t}\n\t\t\t\/* see gallery_shortcode() in wp-includes\/media.php *\/\n\t\t<\/style>\n\t\t<div id='gallery-1' class='gallery galleryid-54161 gallery-columns-3 gallery-size-large'><dl class='gallery-item'>\n\t\t\t<dt class='gallery-icon landscape'>\n\t\t\t\t<a href='https:\/\/tdv.org\/tr-TR\/wp-content\/uploads\/2025\/12\/gelecek-nesillerimizi-inancimizin-degerleriyle-yetistirmenin-guzelligini-yasiyoruz-1.jpeg'><img decoding=\"async\" width=\"1024\" height=\"683\" src=\"https:\/\/tdv.org\/tr-TR\/wp-content\/uploads\/2025\/12\/gelecek-nesillerimizi-inancimizin-degerleriyle-yetistirmenin-guzelligini-yasiyoruz-1-1024x683.jpeg\" class=\"attachment-large size-large\" alt=\"Gelecek nesillerimizi inanc\u0131m\u0131z\u0131n de\u011ferleriyle yeti\u015ftirmenin g\u00fczelli\u011fini ya\u015f\u0131yoruz\" srcset=\"https:\/\/tdv.org\/tr-TR\/wp-content\/uploads\/2025\/12\/gelecek-nesillerimizi-inancimizin-degerleriyle-yetistirmenin-guzelligini-yasiyoruz-1-1024x683.jpeg 1024w, https:\/\/tdv.org\/tr-TR\/wp-content\/uploads\/2025\/12\/gelecek-nesillerimizi-inancimizin-degerleriyle-yetistirmenin-guzelligini-yasiyoruz-1-300x200.jpeg 300w, https:\/\/tdv.org\/tr-TR\/wp-content\/uploads\/2025\/12\/gelecek-nesillerimizi-inancimizin-degerleriyle-yetistirmenin-guzelligini-yasiyoruz-1-768x512.jpeg 768w, https:\/\/tdv.org\/tr-TR\/wp-content\/uploads\/2025\/12\/gelecek-nesillerimizi-inancimizin-degerleriyle-yetistirmenin-guzelligini-yasiyoruz-1-900x600.jpeg 900w, https:\/\/tdv.org\/tr-TR\/wp-content\/uploads\/2025\/12\/gelecek-nesillerimizi-inancimizin-degerleriyle-yetistirmenin-guzelligini-yasiyoruz-1.jpeg 1152w\" sizes=\"(max-width: 1024px) 100vw, 1024px\" \/><\/a>\n\t\t\t<\/dt><\/dl><dl class='gallery-item'>\n\t\t\t<dt class='gallery-icon landscape'>\n\t\t\t\t<a href='https:\/\/tdv.org\/tr-TR\/wp-content\/uploads\/2025\/12\/gelecek-nesillerimizi-inancimizin-degerleriyle-yetistirmenin-guzelligini-yasiyoruz-2.jpeg'><img decoding=\"async\" width=\"1024\" height=\"683\" src=\"https:\/\/tdv.org\/tr-TR\/wp-content\/uploads\/2025\/12\/gelecek-nesillerimizi-inancimizin-degerleriyle-yetistirmenin-guzelligini-yasiyoruz-2-1024x683.jpeg\" class=\"attachment-large size-large\" alt=\"Gelecek nesillerimizi inanc\u0131m\u0131z\u0131n de\u011ferleriyle yeti\u015ftirmenin g\u00fczelli\u011fini ya\u015f\u0131yoruz\" srcset=\"https:\/\/tdv.org\/tr-TR\/wp-content\/uploads\/2025\/12\/gelecek-nesillerimizi-inancimizin-degerleriyle-yetistirmenin-guzelligini-yasiyoruz-2-1024x683.jpeg 1024w, https:\/\/tdv.org\/tr-TR\/wp-content\/uploads\/2025\/12\/gelecek-nesillerimizi-inancimizin-degerleriyle-yetistirmenin-guzelligini-yasiyoruz-2-300x200.jpeg 300w, https:\/\/tdv.org\/tr-TR\/wp-content\/uploads\/2025\/12\/gelecek-nesillerimizi-inancimizin-degerleriyle-yetistirmenin-guzelligini-yasiyoruz-2-768x512.jpeg 768w, https:\/\/tdv.org\/tr-TR\/wp-content\/uploads\/2025\/12\/gelecek-nesillerimizi-inancimizin-degerleriyle-yetistirmenin-guzelligini-yasiyoruz-2-900x600.jpeg 900w, https:\/\/tdv.org\/tr-TR\/wp-content\/uploads\/2025\/12\/gelecek-nesillerimizi-inancimizin-degerleriyle-yetistirmenin-guzelligini-yasiyoruz-2.jpeg 1152w\" sizes=\"(max-width: 1024px) 100vw, 1024px\" \/><\/a>\n\t\t\t<\/dt><\/dl><dl class='gallery-item'>\n\t\t\t<dt class='gallery-icon landscape'>\n\t\t\t\t<a href='https:\/\/tdv.org\/tr-TR\/wp-content\/uploads\/2025\/12\/gelecek-nesillerimizi-inancimizin-degerleriyle-yetistirmenin-guzelligini-yasiyoruz-3.jpeg'><img decoding=\"async\" width=\"1024\" height=\"683\" src=\"https:\/\/tdv.org\/tr-TR\/wp-content\/uploads\/2025\/12\/gelecek-nesillerimizi-inancimizin-degerleriyle-yetistirmenin-guzelligini-yasiyoruz-3-1024x683.jpeg\" class=\"attachment-large size-large\" alt=\"Gelecek nesillerimizi inanc\u0131m\u0131z\u0131n de\u011ferleriyle yeti\u015ftirmenin g\u00fczelli\u011fini ya\u015f\u0131yoruz\" srcset=\"https:\/\/tdv.org\/tr-TR\/wp-content\/uploads\/2025\/12\/gelecek-nesillerimizi-inancimizin-degerleriyle-yetistirmenin-guzelligini-yasiyoruz-3-1024x683.jpeg 1024w, https:\/\/tdv.org\/tr-TR\/wp-content\/uploads\/2025\/12\/gelecek-nesillerimizi-inancimizin-degerleriyle-yetistirmenin-guzelligini-yasiyoruz-3-300x200.jpeg 300w, https:\/\/tdv.org\/tr-TR\/wp-content\/uploads\/2025\/12\/gelecek-nesillerimizi-inancimizin-degerleriyle-yetistirmenin-guzelligini-yasiyoruz-3-768x512.jpeg 768w, https:\/\/tdv.org\/tr-TR\/wp-content\/uploads\/2025\/12\/gelecek-nesillerimizi-inancimizin-degerleriyle-yetistirmenin-guzelligini-yasiyoruz-3-900x600.jpeg 900w, https:\/\/tdv.org\/tr-TR\/wp-content\/uploads\/2025\/12\/gelecek-nesillerimizi-inancimizin-degerleriyle-yetistirmenin-guzelligini-yasiyoruz-3.jpeg 1152w\" sizes=\"(max-width: 1024px) 100vw, 1024px\" \/><\/a>\n\t\t\t<\/dt><\/dl><br style=\"clear: both\" \/><dl class='gallery-item'>\n\t\t\t<dt class='gallery-icon landscape'>\n\t\t\t\t<a href='https:\/\/tdv.org\/tr-TR\/wp-content\/uploads\/2025\/12\/gelecek-nesillerimizi-inancimizin-degerleriyle-yetistirmenin-guzelligini-yasiyoruz-4.jpeg'><img decoding=\"async\" width=\"1024\" height=\"683\" src=\"https:\/\/tdv.org\/tr-TR\/wp-content\/uploads\/2025\/12\/gelecek-nesillerimizi-inancimizin-degerleriyle-yetistirmenin-guzelligini-yasiyoruz-4-1024x683.jpeg\" class=\"attachment-large size-large\" alt=\"Gelecek nesillerimizi inanc\u0131m\u0131z\u0131n de\u011ferleriyle yeti\u015ftirmenin g\u00fczelli\u011fini ya\u015f\u0131yoruz\" srcset=\"https:\/\/tdv.org\/tr-TR\/wp-content\/uploads\/2025\/12\/gelecek-nesillerimizi-inancimizin-degerleriyle-yetistirmenin-guzelligini-yasiyoruz-4-1024x683.jpeg 1024w, https:\/\/tdv.org\/tr-TR\/wp-content\/uploads\/2025\/12\/gelecek-nesillerimizi-inancimizin-degerleriyle-yetistirmenin-guzelligini-yasiyoruz-4-300x200.jpeg 300w, https:\/\/tdv.org\/tr-TR\/wp-content\/uploads\/2025\/12\/gelecek-nesillerimizi-inancimizin-degerleriyle-yetistirmenin-guzelligini-yasiyoruz-4-768x512.jpeg 768w, https:\/\/tdv.org\/tr-TR\/wp-content\/uploads\/2025\/12\/gelecek-nesillerimizi-inancimizin-degerleriyle-yetistirmenin-guzelligini-yasiyoruz-4-900x600.jpeg 900w, https:\/\/tdv.org\/tr-TR\/wp-content\/uploads\/2025\/12\/gelecek-nesillerimizi-inancimizin-degerleriyle-yetistirmenin-guzelligini-yasiyoruz-4.jpeg 1152w\" sizes=\"(max-width: 1024px) 100vw, 1024px\" \/><\/a>\n\t\t\t<\/dt><\/dl><dl class='gallery-item'>\n\t\t\t<dt class='gallery-icon landscape'>\n\t\t\t\t<a href='https:\/\/tdv.org\/tr-TR\/wp-content\/uploads\/2025\/12\/gelecek-nesillerimizi-inancimizin-degerleriyle-yetistirmenin-guzelligini-yasiyoruz-5.jpeg'><img decoding=\"async\" width=\"1024\" height=\"683\" src=\"https:\/\/tdv.org\/tr-TR\/wp-content\/uploads\/2025\/12\/gelecek-nesillerimizi-inancimizin-degerleriyle-yetistirmenin-guzelligini-yasiyoruz-5-1024x683.jpeg\" class=\"attachment-large size-large\" alt=\"Gelecek nesillerimizi inanc\u0131m\u0131z\u0131n de\u011ferleriyle yeti\u015ftirmenin g\u00fczelli\u011fini ya\u015f\u0131yoruz\" srcset=\"https:\/\/tdv.org\/tr-TR\/wp-content\/uploads\/2025\/12\/gelecek-nesillerimizi-inancimizin-degerleriyle-yetistirmenin-guzelligini-yasiyoruz-5-1024x683.jpeg 1024w, https:\/\/tdv.org\/tr-TR\/wp-content\/uploads\/2025\/12\/gelecek-nesillerimizi-inancimizin-degerleriyle-yetistirmenin-guzelligini-yasiyoruz-5-300x200.jpeg 300w, https:\/\/tdv.org\/tr-TR\/wp-content\/uploads\/2025\/12\/gelecek-nesillerimizi-inancimizin-degerleriyle-yetistirmenin-guzelligini-yasiyoruz-5-768x512.jpeg 768w, https:\/\/tdv.org\/tr-TR\/wp-content\/uploads\/2025\/12\/gelecek-nesillerimizi-inancimizin-degerleriyle-yetistirmenin-guzelligini-yasiyoruz-5-900x600.jpeg 900w, https:\/\/tdv.org\/tr-TR\/wp-content\/uploads\/2025\/12\/gelecek-nesillerimizi-inancimizin-degerleriyle-yetistirmenin-guzelligini-yasiyoruz-5.jpeg 1152w\" sizes=\"(max-width: 1024px) 100vw, 1024px\" \/><\/a>\n\t\t\t<\/dt><\/dl><dl class='gallery-item'>\n\t\t\t<dt class='gallery-icon landscape'>\n\t\t\t\t<a href='https:\/\/tdv.org\/tr-TR\/wp-content\/uploads\/2025\/12\/gelecek-nesillerimizi-inancimizin-degerleriyle-yetistirmenin-guzelligini-yasiyoruz-6.jpeg'><img decoding=\"async\" width=\"1024\" height=\"683\" src=\"https:\/\/tdv.org\/tr-TR\/wp-content\/uploads\/2025\/12\/gelecek-nesillerimizi-inancimizin-degerleriyle-yetistirmenin-guzelligini-yasiyoruz-6-1024x683.jpeg\" class=\"attachment-large size-large\" alt=\"Gelecek nesillerimizi inanc\u0131m\u0131z\u0131n de\u011ferleriyle yeti\u015ftirmenin g\u00fczelli\u011fini ya\u015f\u0131yoruz\" srcset=\"https:\/\/tdv.org\/tr-TR\/wp-content\/uploads\/2025\/12\/gelecek-nesillerimizi-inancimizin-degerleriyle-yetistirmenin-guzelligini-yasiyoruz-6-1024x683.jpeg 1024w, https:\/\/tdv.org\/tr-TR\/wp-content\/uploads\/2025\/12\/gelecek-nesillerimizi-inancimizin-degerleriyle-yetistirmenin-guzelligini-yasiyoruz-6-300x200.jpeg 300w, https:\/\/tdv.org\/tr-TR\/wp-content\/uploads\/2025\/12\/gelecek-nesillerimizi-inancimizin-degerleriyle-yetistirmenin-guzelligini-yasiyoruz-6-768x512.jpeg 768w, https:\/\/tdv.org\/tr-TR\/wp-content\/uploads\/2025\/12\/gelecek-nesillerimizi-inancimizin-degerleriyle-yetistirmenin-guzelligini-yasiyoruz-6-900x600.jpeg 900w, https:\/\/tdv.org\/tr-TR\/wp-content\/uploads\/2025\/12\/gelecek-nesillerimizi-inancimizin-degerleriyle-yetistirmenin-guzelligini-yasiyoruz-6.jpeg 1152w\" sizes=\"(max-width: 1024px) 100vw, 1024px\" \/><\/a>\n\t\t\t<\/dt><\/dl><br style=\"clear: both\" \/><dl class='gallery-item'>\n\t\t\t<dt class='gallery-icon landscape'>\n\t\t\t\t<a href='https:\/\/tdv.org\/tr-TR\/wp-content\/uploads\/2025\/12\/gelecek-nesillerimizi-inancimizin-degerleriyle-yetistirmenin-guzelligini-yasiyoruz-7.jpeg'><img decoding=\"async\" width=\"1024\" height=\"683\" src=\"https:\/\/tdv.org\/tr-TR\/wp-content\/uploads\/2025\/12\/gelecek-nesillerimizi-inancimizin-degerleriyle-yetistirmenin-guzelligini-yasiyoruz-7-1024x683.jpeg\" class=\"attachment-large size-large\" alt=\"Gelecek nesillerimizi inanc\u0131m\u0131z\u0131n de\u011ferleriyle yeti\u015ftirmenin g\u00fczelli\u011fini ya\u015f\u0131yoruz\" srcset=\"https:\/\/tdv.org\/tr-TR\/wp-content\/uploads\/2025\/12\/gelecek-nesillerimizi-inancimizin-degerleriyle-yetistirmenin-guzelligini-yasiyoruz-7-1024x683.jpeg 1024w, https:\/\/tdv.org\/tr-TR\/wp-content\/uploads\/2025\/12\/gelecek-nesillerimizi-inancimizin-degerleriyle-yetistirmenin-guzelligini-yasiyoruz-7-300x200.jpeg 300w, https:\/\/tdv.org\/tr-TR\/wp-content\/uploads\/2025\/12\/gelecek-nesillerimizi-inancimizin-degerleriyle-yetistirmenin-guzelligini-yasiyoruz-7-768x512.jpeg 768w, https:\/\/tdv.org\/tr-TR\/wp-content\/uploads\/2025\/12\/gelecek-nesillerimizi-inancimizin-degerleriyle-yetistirmenin-guzelligini-yasiyoruz-7-900x600.jpeg 900w, https:\/\/tdv.org\/tr-TR\/wp-content\/uploads\/2025\/12\/gelecek-nesillerimizi-inancimizin-degerleriyle-yetistirmenin-guzelligini-yasiyoruz-7.jpeg 1152w\" sizes=\"(max-width: 1024px) 100vw, 1024px\" \/><\/a>\n\t\t\t<\/dt><\/dl><dl class='gallery-item'>\n\t\t\t<dt class='gallery-icon landscape'>\n\t\t\t\t<a href='https:\/\/tdv.org\/tr-TR\/wp-content\/uploads\/2025\/12\/gelecek-nesillerimizi-inancimizin-degerleriyle-yetistirmenin-guzelligini-yasiyoruz-8.jpeg'><img decoding=\"async\" width=\"1024\" height=\"683\" src=\"https:\/\/tdv.org\/tr-TR\/wp-content\/uploads\/2025\/12\/gelecek-nesillerimizi-inancimizin-degerleriyle-yetistirmenin-guzelligini-yasiyoruz-8-1024x683.jpeg\" class=\"attachment-large size-large\" alt=\"Gelecek nesillerimizi inanc\u0131m\u0131z\u0131n de\u011ferleriyle yeti\u015ftirmenin g\u00fczelli\u011fini ya\u015f\u0131yoruz\" srcset=\"https:\/\/tdv.org\/tr-TR\/wp-content\/uploads\/2025\/12\/gelecek-nesillerimizi-inancimizin-degerleriyle-yetistirmenin-guzelligini-yasiyoruz-8-1024x683.jpeg 1024w, https:\/\/tdv.org\/tr-TR\/wp-content\/uploads\/2025\/12\/gelecek-nesillerimizi-inancimizin-degerleriyle-yetistirmenin-guzelligini-yasiyoruz-8-300x200.jpeg 300w, https:\/\/tdv.org\/tr-TR\/wp-content\/uploads\/2025\/12\/gelecek-nesillerimizi-inancimizin-degerleriyle-yetistirmenin-guzelligini-yasiyoruz-8-768x512.jpeg 768w, https:\/\/tdv.org\/tr-TR\/wp-content\/uploads\/2025\/12\/gelecek-nesillerimizi-inancimizin-degerleriyle-yetistirmenin-guzelligini-yasiyoruz-8-900x600.jpeg 900w, https:\/\/tdv.org\/tr-TR\/wp-content\/uploads\/2025\/12\/gelecek-nesillerimizi-inancimizin-degerleriyle-yetistirmenin-guzelligini-yasiyoruz-8.jpeg 1152w\" sizes=\"(max-width: 1024px) 100vw, 1024px\" \/><\/a>\n\t\t\t<\/dt><\/dl><dl class='gallery-item'>\n\t\t\t<dt class='gallery-icon landscape'>\n\t\t\t\t<a href='https:\/\/tdv.org\/tr-TR\/wp-content\/uploads\/2025\/12\/gelecek-nesillerimizi-inancimizin-degerleriyle-yetistirmenin-guzelligini-yasiyoruz-9.jpeg'><img decoding=\"async\" width=\"1024\" height=\"683\" src=\"https:\/\/tdv.org\/tr-TR\/wp-content\/uploads\/2025\/12\/gelecek-nesillerimizi-inancimizin-degerleriyle-yetistirmenin-guzelligini-yasiyoruz-9-1024x683.jpeg\" class=\"attachment-large size-large\" alt=\"Gelecek nesillerimizi inanc\u0131m\u0131z\u0131n de\u011ferleriyle yeti\u015ftirmenin g\u00fczelli\u011fini ya\u015f\u0131yoru\" srcset=\"https:\/\/tdv.org\/tr-TR\/wp-content\/uploads\/2025\/12\/gelecek-nesillerimizi-inancimizin-degerleriyle-yetistirmenin-guzelligini-yasiyoruz-9-1024x683.jpeg 1024w, https:\/\/tdv.org\/tr-TR\/wp-content\/uploads\/2025\/12\/gelecek-nesillerimizi-inancimizin-degerleriyle-yetistirmenin-guzelligini-yasiyoruz-9-300x200.jpeg 300w, https:\/\/tdv.org\/tr-TR\/wp-content\/uploads\/2025\/12\/gelecek-nesillerimizi-inancimizin-degerleriyle-yetistirmenin-guzelligini-yasiyoruz-9-768x512.jpeg 768w, https:\/\/tdv.org\/tr-TR\/wp-content\/uploads\/2025\/12\/gelecek-nesillerimizi-inancimizin-degerleriyle-yetistirmenin-guzelligini-yasiyoruz-9-900x600.jpeg 900w, https:\/\/tdv.org\/tr-TR\/wp-content\/uploads\/2025\/12\/gelecek-nesillerimizi-inancimizin-degerleriyle-yetistirmenin-guzelligini-yasiyoruz-9.jpeg 1152w\" sizes=\"(max-width: 1024px) 100vw, 1024px\" \/><\/a>\n\t\t\t<\/dt><\/dl><br style=\"clear: both\" \/>\n\t\t<\/div>\n\n<\/div>\n[\/vc_column_text][\/vc_column][\/vc_row]\n","protected":false},"excerpt":{"rendered":"<p>[vc_row type=&#8221;in_container&#8221; full_screen_row_position=&#8221;middle&#8221; column_margin=&#8221;default&#8221; column_direction=&#8221;default&#8221; column_direction_tablet=&#8221;default&#8221; column_direction_phone=&#8221;default&#8221; scene_position=&#8221;center&#8221; text_color=&#8221;dark&#8221; text_align=&#8221;left&#8221; row_border_radius=&#8221;none&#8221; row_border_radius_applies=&#8221;bg&#8221; overflow=&#8221;visible&#8221; overlay_strength=&#8221;0.3&#8243; gradient_direction=&#8221;left_to_right&#8221; shape_divider_position=&#8221;bottom&#8221; bg_image_animation=&#8221;none&#8221;][vc_column column_padding=&#8221;no-extra-padding&#8221; column_padding_tablet=&#8221;inherit&#8221; column_padding_phone=&#8221;inherit&#8221; column_padding_position=&#8221;all&#8221; column_element_direction_desktop=&#8221;default&#8221; column_element_spacing=&#8221;default&#8221; desktop_text_alignment=&#8221;default&#8221; tablet_text_alignment=&#8221;default&#8221; phone_text_alignment=&#8221;default&#8221; background_color_opacity=&#8221;1&#8243; background_hover_color_opacity=&#8221;1&#8243; column_backdrop_filter=&#8221;none&#8221; column_shadow=&#8221;none&#8221;&#8230;<\/p>\n","protected":false},"author":8,"featured_media":54164,"comment_status":"closed","ping_status":"closed","sticky":false,"template":"","format":"standard","meta":{"footnotes":""},"categories":[1],"tags":[471,2391,1450,363,2112,2410],"class_list":{"0":"post-54161","1":"post","2":"type-post","3":"status-publish","4":"format-standard","5":"has-post-thumbnail","7":"category-haberler","8":"tag-4-6-yas-kuran-kursu","9":"tag-42-turkiye-kitap-ve-kultur-fuari","10":"tag-kitap-evi","11":"tag-kitap-kahve","12":"tag-kitap-sever","13":"tag-tdv-kitap-kafe"},"yoast_head":"<!-- This site is optimized with the Yoast SEO plugin v27.5 - https:\/\/yoast.com\/product\/yoast-seo-wordpress\/ -->\n<title>\u201cGelecek nesillerimizi inanc\u0131m\u0131z\u0131n de\u011ferleriyle yeti\u015ftirmenin g\u00fczelli\u011fini ya\u015f\u0131yoruz\u201d<\/title>\n<meta name=\"description\" content=\"Diyanet \u0130\u015fleri Ba\u015fkan\u0131 ve TDV M\u00fctevelli Heyeti Ba\u015fkan\u0131\u00a0Prof. Dr. Safi Arpagu\u015f,\u00a0 \u201cGelecek nesillerimizi, milletimizin, maneviyat\u0131m\u0131z\u0131n ve inanc\u0131m\u0131z\u0131n de\u011ferleriyle yeti\u015ftirmenin g\u00fczelli\u011fini ya\u015f\u0131yoruz, ya\u015famaya devam edece\u011fiz.\u201d dedi.\" \/>\n<meta name=\"robots\" content=\"index, follow, max-snippet:-1, max-image-preview:large, max-video-preview:-1\" \/>\n<link rel=\"canonical\" href=\"https:\/\/tdv.org\/tr-TR\/gelecek-nesillerimizi-inancimizin-degerleriyle-yetistirmenin-guzelligini-yasiyoruz\/\" \/>\n<meta property=\"og:locale\" content=\"tr_TR\" \/>\n<meta property=\"og:type\" content=\"article\" \/>\n<meta property=\"og:title\" content=\"\u201cGelecek nesillerimizi inanc\u0131m\u0131z\u0131n de\u011ferleriyle yeti\u015ftirmenin g\u00fczelli\u011fini ya\u015f\u0131yoruz\u201d\" \/>\n<meta property=\"og:description\" content=\"Diyanet \u0130\u015fleri Ba\u015fkan\u0131 ve TDV M\u00fctevelli Heyeti Ba\u015fkan\u0131\u00a0Prof. Dr. Safi Arpagu\u015f,\u00a0 \u201cGelecek nesillerimizi, milletimizin, maneviyat\u0131m\u0131z\u0131n ve inanc\u0131m\u0131z\u0131n de\u011ferleriyle yeti\u015ftirmenin g\u00fczelli\u011fini ya\u015f\u0131yoruz, ya\u015famaya devam edece\u011fiz.\u201d dedi.\" \/>\n<meta property=\"og:url\" content=\"https:\/\/tdv.org\/tr-TR\/gelecek-nesillerimizi-inancimizin-degerleriyle-yetistirmenin-guzelligini-yasiyoruz\/\" \/>\n<meta property=\"og:site_name\" content=\"T\u00fcrkiye Diyanet Vakf\u0131 Resmi Web Sitesi\" \/>\n<meta property=\"article:publisher\" content=\"https:\/\/www.facebook.com\/Diyanetvakfi\/\" \/>\n<meta property=\"article:published_time\" content=\"2025-12-12T08:48:23+00:00\" \/>\n<meta property=\"article:modified_time\" content=\"2025-12-13T08:49:55+00:00\" \/>\n<meta property=\"og:image\" content=\"https:\/\/tdv.org\/tr-TR\/wp-content\/uploads\/2025\/12\/gelecek-nesillerimizi-inancimizin-degerleriyle-yetistirmenin-guzelligini-yasiyoruz-3.jpeg\" \/>\n\t<meta property=\"og:image:width\" content=\"1152\" \/>\n\t<meta property=\"og:image:height\" content=\"768\" \/>\n\t<meta property=\"og:image:type\" content=\"image\/jpeg\" \/>\n<meta name=\"author\" content=\"Selim\" \/>\n<meta name=\"twitter:card\" content=\"summary_large_image\" \/>\n<meta name=\"twitter:creator\" content=\"@DiyanetVakfi\" \/>\n<meta name=\"twitter:site\" content=\"@DiyanetVakfi\" \/>\n<script type=\"application\/ld+json\" class=\"yoast-schema-graph\">{\"@context\":\"https:\\\/\\\/schema.org\",\"@graph\":[{\"@type\":\"Article\",\"@id\":\"https:\\\/\\\/tdv.org\\\/tr-TR\\\/gelecek-nesillerimizi-inancimizin-degerleriyle-yetistirmenin-guzelligini-yasiyoruz\\\/#article\",\"isPartOf\":{\"@id\":\"https:\\\/\\\/tdv.org\\\/tr-TR\\\/gelecek-nesillerimizi-inancimizin-degerleriyle-yetistirmenin-guzelligini-yasiyoruz\\\/\"},\"author\":{\"name\":\"Selim\",\"@id\":\"https:\\\/\\\/tdv.org\\\/tr-TR\\\/#\\\/schema\\\/person\\\/752b55e264a99273d55636516d96d5eb\"},\"headline\":\"\u201cGelecek nesillerimizi inanc\u0131m\u0131z\u0131n de\u011ferleriyle yeti\u015ftirmenin g\u00fczelli\u011fini ya\u015f\u0131yoruz\u201d\",\"datePublished\":\"2025-12-12T08:48:23+00:00\",\"dateModified\":\"2025-12-13T08:49:55+00:00\",\"mainEntityOfPage\":{\"@id\":\"https:\\\/\\\/tdv.org\\\/tr-TR\\\/gelecek-nesillerimizi-inancimizin-degerleriyle-yetistirmenin-guzelligini-yasiyoruz\\\/\"},\"wordCount\":527,\"publisher\":{\"@id\":\"https:\\\/\\\/tdv.org\\\/tr-TR\\\/#organization\"},\"image\":{\"@id\":\"https:\\\/\\\/tdv.org\\\/tr-TR\\\/gelecek-nesillerimizi-inancimizin-degerleriyle-yetistirmenin-guzelligini-yasiyoruz\\\/#primaryimage\"},\"thumbnailUrl\":\"https:\\\/\\\/tdv.org\\\/tr-TR\\\/wp-content\\\/uploads\\\/2025\\\/12\\\/gelecek-nesillerimizi-inancimizin-degerleriyle-yetistirmenin-guzelligini-yasiyoruz-3.jpeg\",\"keywords\":[\"4-6 ya\u015f kuran kursu\",\"42. T\u00fcrkiye Kitap ve K\u00fclt\u00fcr Fuar\u0131\",\"kitap evi\",\"kitap kahve\",\"kitap sever\",\"TDV Kitap Kafe\"],\"articleSection\":[\"Haberler\"],\"inLanguage\":\"tr\"},{\"@type\":\"WebPage\",\"@id\":\"https:\\\/\\\/tdv.org\\\/tr-TR\\\/gelecek-nesillerimizi-inancimizin-degerleriyle-yetistirmenin-guzelligini-yasiyoruz\\\/\",\"url\":\"https:\\\/\\\/tdv.org\\\/tr-TR\\\/gelecek-nesillerimizi-inancimizin-degerleriyle-yetistirmenin-guzelligini-yasiyoruz\\\/\",\"name\":\"\u201cGelecek nesillerimizi inanc\u0131m\u0131z\u0131n de\u011ferleriyle yeti\u015ftirmenin g\u00fczelli\u011fini ya\u015f\u0131yoruz\u201d\",\"isPartOf\":{\"@id\":\"https:\\\/\\\/tdv.org\\\/tr-TR\\\/#website\"},\"primaryImageOfPage\":{\"@id\":\"https:\\\/\\\/tdv.org\\\/tr-TR\\\/gelecek-nesillerimizi-inancimizin-degerleriyle-yetistirmenin-guzelligini-yasiyoruz\\\/#primaryimage\"},\"image\":{\"@id\":\"https:\\\/\\\/tdv.org\\\/tr-TR\\\/gelecek-nesillerimizi-inancimizin-degerleriyle-yetistirmenin-guzelligini-yasiyoruz\\\/#primaryimage\"},\"thumbnailUrl\":\"https:\\\/\\\/tdv.org\\\/tr-TR\\\/wp-content\\\/uploads\\\/2025\\\/12\\\/gelecek-nesillerimizi-inancimizin-degerleriyle-yetistirmenin-guzelligini-yasiyoruz-3.jpeg\",\"datePublished\":\"2025-12-12T08:48:23+00:00\",\"dateModified\":\"2025-12-13T08:49:55+00:00\",\"description\":\"Diyanet \u0130\u015fleri Ba\u015fkan\u0131 ve TDV M\u00fctevelli Heyeti Ba\u015fkan\u0131\u00a0Prof. Dr. Safi Arpagu\u015f,\u00a0 \u201cGelecek nesillerimizi, milletimizin, maneviyat\u0131m\u0131z\u0131n ve inanc\u0131m\u0131z\u0131n de\u011ferleriyle yeti\u015ftirmenin g\u00fczelli\u011fini ya\u015f\u0131yoruz, ya\u015famaya devam edece\u011fiz.\u201d dedi.\",\"breadcrumb\":{\"@id\":\"https:\\\/\\\/tdv.org\\\/tr-TR\\\/gelecek-nesillerimizi-inancimizin-degerleriyle-yetistirmenin-guzelligini-yasiyoruz\\\/#breadcrumb\"},\"inLanguage\":\"tr\",\"potentialAction\":[{\"@type\":\"ReadAction\",\"target\":[\"https:\\\/\\\/tdv.org\\\/tr-TR\\\/gelecek-nesillerimizi-inancimizin-degerleriyle-yetistirmenin-guzelligini-yasiyoruz\\\/\"]}]},{\"@type\":\"ImageObject\",\"inLanguage\":\"tr\",\"@id\":\"https:\\\/\\\/tdv.org\\\/tr-TR\\\/gelecek-nesillerimizi-inancimizin-degerleriyle-yetistirmenin-guzelligini-yasiyoruz\\\/#primaryimage\",\"url\":\"https:\\\/\\\/tdv.org\\\/tr-TR\\\/wp-content\\\/uploads\\\/2025\\\/12\\\/gelecek-nesillerimizi-inancimizin-degerleriyle-yetistirmenin-guzelligini-yasiyoruz-3.jpeg\",\"contentUrl\":\"https:\\\/\\\/tdv.org\\\/tr-TR\\\/wp-content\\\/uploads\\\/2025\\\/12\\\/gelecek-nesillerimizi-inancimizin-degerleriyle-yetistirmenin-guzelligini-yasiyoruz-3.jpeg\",\"width\":1152,\"height\":768,\"caption\":\"Gelecek nesillerimizi inanc\u0131m\u0131z\u0131n de\u011ferleriyle yeti\u015ftirmenin g\u00fczelli\u011fini ya\u015f\u0131yoruz\"},{\"@type\":\"BreadcrumbList\",\"@id\":\"https:\\\/\\\/tdv.org\\\/tr-TR\\\/gelecek-nesillerimizi-inancimizin-degerleriyle-yetistirmenin-guzelligini-yasiyoruz\\\/#breadcrumb\",\"itemListElement\":[{\"@type\":\"ListItem\",\"position\":1,\"name\":\"Anasayfa\",\"item\":\"https:\\\/\\\/tdv.org\\\/tr-TR\\\/\"},{\"@type\":\"ListItem\",\"position\":2,\"name\":\"\u201cGelecek nesillerimizi inanc\u0131m\u0131z\u0131n de\u011ferleriyle yeti\u015ftirmenin g\u00fczelli\u011fini ya\u015f\u0131yoruz\u201d\"}]},{\"@type\":\"WebSite\",\"@id\":\"https:\\\/\\\/tdv.org\\\/tr-TR\\\/#website\",\"url\":\"https:\\\/\\\/tdv.org\\\/tr-TR\\\/\",\"name\":\"T\u00fcrkiye Diyanet Vakf\u0131 Resmi Web Sitesi\",\"description\":\"Yery\u00fcz\u00fcnde iyilik egemen oluncaya kadar\",\"publisher\":{\"@id\":\"https:\\\/\\\/tdv.org\\\/tr-TR\\\/#organization\"},\"alternateName\":\"T\u00fcrkiye Diyanet Vakf\u0131\",\"potentialAction\":[{\"@type\":\"SearchAction\",\"target\":{\"@type\":\"EntryPoint\",\"urlTemplate\":\"https:\\\/\\\/tdv.org\\\/tr-TR\\\/?s={search_term_string}\"},\"query-input\":{\"@type\":\"PropertyValueSpecification\",\"valueRequired\":true,\"valueName\":\"search_term_string\"}}],\"inLanguage\":\"tr\"},{\"@type\":\"Organization\",\"@id\":\"https:\\\/\\\/tdv.org\\\/tr-TR\\\/#organization\",\"name\":\"T\u00fcrkiye Diyanet Vakf\u0131\",\"alternateName\":\"T\u00fcrkiye Diyanet Vakf\u0131\",\"url\":\"https:\\\/\\\/tdv.org\\\/tr-TR\\\/\",\"logo\":{\"@type\":\"ImageObject\",\"inLanguage\":\"tr\",\"@id\":\"https:\\\/\\\/tdv.org\\\/tr-TR\\\/#\\\/schema\\\/logo\\\/image\\\/\",\"url\":\"https:\\\/\\\/tdv.org\\\/tr-TR\\\/wp-content\\\/uploads\\\/2018\\\/12\\\/TDV_Logo_1.png\",\"contentUrl\":\"https:\\\/\\\/tdv.org\\\/tr-TR\\\/wp-content\\\/uploads\\\/2018\\\/12\\\/TDV_Logo_1.png\",\"width\":207,\"height\":71,\"caption\":\"T\u00fcrkiye Diyanet Vakf\u0131\"},\"image\":{\"@id\":\"https:\\\/\\\/tdv.org\\\/tr-TR\\\/#\\\/schema\\\/logo\\\/image\\\/\"},\"sameAs\":[\"https:\\\/\\\/www.facebook.com\\\/Diyanetvakfi\\\/\",\"https:\\\/\\\/x.com\\\/DiyanetVakfi\",\"https:\\\/\\\/www.instagram.com\\\/turkiyediyanetvakfi\\\/\",\"https:\\\/\\\/www.youtube.com\\\/user\\\/TurkiyeDiyanetVakfi\"]},{\"@type\":\"Person\",\"@id\":\"https:\\\/\\\/tdv.org\\\/tr-TR\\\/#\\\/schema\\\/person\\\/752b55e264a99273d55636516d96d5eb\",\"name\":\"Selim\",\"image\":{\"@type\":\"ImageObject\",\"inLanguage\":\"tr\",\"@id\":\"https:\\\/\\\/tdv.org\\\/tr-TR\\\/wp-content\\\/litespeed\\\/avatar\\\/a1e47b25396e98e5b781e88a5396cd96.jpg?ver=1777287391\",\"url\":\"https:\\\/\\\/tdv.org\\\/tr-TR\\\/wp-content\\\/litespeed\\\/avatar\\\/a1e47b25396e98e5b781e88a5396cd96.jpg?ver=1777287391\",\"contentUrl\":\"https:\\\/\\\/tdv.org\\\/tr-TR\\\/wp-content\\\/litespeed\\\/avatar\\\/a1e47b25396e98e5b781e88a5396cd96.jpg?ver=1777287391\",\"caption\":\"Selim\"}}]}<\/script>\n<!-- \/ Yoast SEO plugin. -->","yoast_head_json":{"title":"\u201cGelecek nesillerimizi inanc\u0131m\u0131z\u0131n de\u011ferleriyle yeti\u015ftirmenin g\u00fczelli\u011fini ya\u015f\u0131yoruz\u201d","description":"Diyanet \u0130\u015fleri Ba\u015fkan\u0131 ve TDV M\u00fctevelli Heyeti Ba\u015fkan\u0131\u00a0Prof. Dr. Safi Arpagu\u015f,\u00a0 \u201cGelecek nesillerimizi, milletimizin, maneviyat\u0131m\u0131z\u0131n ve inanc\u0131m\u0131z\u0131n de\u011ferleriyle yeti\u015ftirmenin g\u00fczelli\u011fini ya\u015f\u0131yoruz, ya\u015famaya devam edece\u011fiz.\u201d dedi.","robots":{"index":"index","follow":"follow","max-snippet":"max-snippet:-1","max-image-preview":"max-image-preview:large","max-video-preview":"max-video-preview:-1"},"canonical":"https:\/\/tdv.org\/tr-TR\/gelecek-nesillerimizi-inancimizin-degerleriyle-yetistirmenin-guzelligini-yasiyoruz\/","og_locale":"tr_TR","og_type":"article","og_title":"\u201cGelecek nesillerimizi inanc\u0131m\u0131z\u0131n de\u011ferleriyle yeti\u015ftirmenin g\u00fczelli\u011fini ya\u015f\u0131yoruz\u201d","og_description":"Diyanet \u0130\u015fleri Ba\u015fkan\u0131 ve TDV M\u00fctevelli Heyeti Ba\u015fkan\u0131\u00a0Prof. Dr. Safi Arpagu\u015f,\u00a0 \u201cGelecek nesillerimizi, milletimizin, maneviyat\u0131m\u0131z\u0131n ve inanc\u0131m\u0131z\u0131n de\u011ferleriyle yeti\u015ftirmenin g\u00fczelli\u011fini ya\u015f\u0131yoruz, ya\u015famaya devam edece\u011fiz.\u201d dedi.","og_url":"https:\/\/tdv.org\/tr-TR\/gelecek-nesillerimizi-inancimizin-degerleriyle-yetistirmenin-guzelligini-yasiyoruz\/","og_site_name":"T\u00fcrkiye Diyanet Vakf\u0131 Resmi Web Sitesi","article_publisher":"https:\/\/www.facebook.com\/Diyanetvakfi\/","article_published_time":"2025-12-12T08:48:23+00:00","article_modified_time":"2025-12-13T08:49:55+00:00","og_image":[{"width":1152,"height":768,"url":"https:\/\/tdv.org\/tr-TR\/wp-content\/uploads\/2025\/12\/gelecek-nesillerimizi-inancimizin-degerleriyle-yetistirmenin-guzelligini-yasiyoruz-3.jpeg","type":"image\/jpeg"}],"author":"Selim","twitter_card":"summary_large_image","twitter_creator":"@DiyanetVakfi","twitter_site":"@DiyanetVakfi","schema":{"@context":"https:\/\/schema.org","@graph":[{"@type":"Article","@id":"https:\/\/tdv.org\/tr-TR\/gelecek-nesillerimizi-inancimizin-degerleriyle-yetistirmenin-guzelligini-yasiyoruz\/#article","isPartOf":{"@id":"https:\/\/tdv.org\/tr-TR\/gelecek-nesillerimizi-inancimizin-degerleriyle-yetistirmenin-guzelligini-yasiyoruz\/"},"author":{"name":"Selim","@id":"https:\/\/tdv.org\/tr-TR\/#\/schema\/person\/752b55e264a99273d55636516d96d5eb"},"headline":"\u201cGelecek nesillerimizi inanc\u0131m\u0131z\u0131n de\u011ferleriyle yeti\u015ftirmenin g\u00fczelli\u011fini ya\u015f\u0131yoruz\u201d","datePublished":"2025-12-12T08:48:23+00:00","dateModified":"2025-12-13T08:49:55+00:00","mainEntityOfPage":{"@id":"https:\/\/tdv.org\/tr-TR\/gelecek-nesillerimizi-inancimizin-degerleriyle-yetistirmenin-guzelligini-yasiyoruz\/"},"wordCount":527,"publisher":{"@id":"https:\/\/tdv.org\/tr-TR\/#organization"},"image":{"@id":"https:\/\/tdv.org\/tr-TR\/gelecek-nesillerimizi-inancimizin-degerleriyle-yetistirmenin-guzelligini-yasiyoruz\/#primaryimage"},"thumbnailUrl":"https:\/\/tdv.org\/tr-TR\/wp-content\/uploads\/2025\/12\/gelecek-nesillerimizi-inancimizin-degerleriyle-yetistirmenin-guzelligini-yasiyoruz-3.jpeg","keywords":["4-6 ya\u015f kuran kursu","42. T\u00fcrkiye Kitap ve K\u00fclt\u00fcr Fuar\u0131","kitap evi","kitap kahve","kitap sever","TDV Kitap Kafe"],"articleSection":["Haberler"],"inLanguage":"tr"},{"@type":"WebPage","@id":"https:\/\/tdv.org\/tr-TR\/gelecek-nesillerimizi-inancimizin-degerleriyle-yetistirmenin-guzelligini-yasiyoruz\/","url":"https:\/\/tdv.org\/tr-TR\/gelecek-nesillerimizi-inancimizin-degerleriyle-yetistirmenin-guzelligini-yasiyoruz\/","name":"\u201cGelecek nesillerimizi inanc\u0131m\u0131z\u0131n de\u011ferleriyle yeti\u015ftirmenin g\u00fczelli\u011fini ya\u015f\u0131yoruz\u201d","isPartOf":{"@id":"https:\/\/tdv.org\/tr-TR\/#website"},"primaryImageOfPage":{"@id":"https:\/\/tdv.org\/tr-TR\/gelecek-nesillerimizi-inancimizin-degerleriyle-yetistirmenin-guzelligini-yasiyoruz\/#primaryimage"},"image":{"@id":"https:\/\/tdv.org\/tr-TR\/gelecek-nesillerimizi-inancimizin-degerleriyle-yetistirmenin-guzelligini-yasiyoruz\/#primaryimage"},"thumbnailUrl":"https:\/\/tdv.org\/tr-TR\/wp-content\/uploads\/2025\/12\/gelecek-nesillerimizi-inancimizin-degerleriyle-yetistirmenin-guzelligini-yasiyoruz-3.jpeg","datePublished":"2025-12-12T08:48:23+00:00","dateModified":"2025-12-13T08:49:55+00:00","description":"Diyanet \u0130\u015fleri Ba\u015fkan\u0131 ve TDV M\u00fctevelli Heyeti Ba\u015fkan\u0131\u00a0Prof. Dr. Safi Arpagu\u015f,\u00a0 \u201cGelecek nesillerimizi, milletimizin, maneviyat\u0131m\u0131z\u0131n ve inanc\u0131m\u0131z\u0131n de\u011ferleriyle yeti\u015ftirmenin g\u00fczelli\u011fini ya\u015f\u0131yoruz, ya\u015famaya devam edece\u011fiz.\u201d dedi.","breadcrumb":{"@id":"https:\/\/tdv.org\/tr-TR\/gelecek-nesillerimizi-inancimizin-degerleriyle-yetistirmenin-guzelligini-yasiyoruz\/#breadcrumb"},"inLanguage":"tr","potentialAction":[{"@type":"ReadAction","target":["https:\/\/tdv.org\/tr-TR\/gelecek-nesillerimizi-inancimizin-degerleriyle-yetistirmenin-guzelligini-yasiyoruz\/"]}]},{"@type":"ImageObject","inLanguage":"tr","@id":"https:\/\/tdv.org\/tr-TR\/gelecek-nesillerimizi-inancimizin-degerleriyle-yetistirmenin-guzelligini-yasiyoruz\/#primaryimage","url":"https:\/\/tdv.org\/tr-TR\/wp-content\/uploads\/2025\/12\/gelecek-nesillerimizi-inancimizin-degerleriyle-yetistirmenin-guzelligini-yasiyoruz-3.jpeg","contentUrl":"https:\/\/tdv.org\/tr-TR\/wp-content\/uploads\/2025\/12\/gelecek-nesillerimizi-inancimizin-degerleriyle-yetistirmenin-guzelligini-yasiyoruz-3.jpeg","width":1152,"height":768,"caption":"Gelecek nesillerimizi inanc\u0131m\u0131z\u0131n de\u011ferleriyle yeti\u015ftirmenin g\u00fczelli\u011fini ya\u015f\u0131yoruz"},{"@type":"BreadcrumbList","@id":"https:\/\/tdv.org\/tr-TR\/gelecek-nesillerimizi-inancimizin-degerleriyle-yetistirmenin-guzelligini-yasiyoruz\/#breadcrumb","itemListElement":[{"@type":"ListItem","position":1,"name":"Anasayfa","item":"https:\/\/tdv.org\/tr-TR\/"},{"@type":"ListItem","position":2,"name":"\u201cGelecek nesillerimizi inanc\u0131m\u0131z\u0131n de\u011ferleriyle yeti\u015ftirmenin g\u00fczelli\u011fini ya\u015f\u0131yoruz\u201d"}]},{"@type":"WebSite","@id":"https:\/\/tdv.org\/tr-TR\/#website","url":"https:\/\/tdv.org\/tr-TR\/","name":"T\u00fcrkiye Diyanet Vakf\u0131 Resmi Web Sitesi","description":"Yery\u00fcz\u00fcnde iyilik egemen oluncaya kadar","publisher":{"@id":"https:\/\/tdv.org\/tr-TR\/#organization"},"alternateName":"T\u00fcrkiye Diyanet Vakf\u0131","potentialAction":[{"@type":"SearchAction","target":{"@type":"EntryPoint","urlTemplate":"https:\/\/tdv.org\/tr-TR\/?s={search_term_string}"},"query-input":{"@type":"PropertyValueSpecification","valueRequired":true,"valueName":"search_term_string"}}],"inLanguage":"tr"},{"@type":"Organization","@id":"https:\/\/tdv.org\/tr-TR\/#organization","name":"T\u00fcrkiye Diyanet Vakf\u0131","alternateName":"T\u00fcrkiye Diyanet Vakf\u0131","url":"https:\/\/tdv.org\/tr-TR\/","logo":{"@type":"ImageObject","inLanguage":"tr","@id":"https:\/\/tdv.org\/tr-TR\/#\/schema\/logo\/image\/","url":"https:\/\/tdv.org\/tr-TR\/wp-content\/uploads\/2018\/12\/TDV_Logo_1.png","contentUrl":"https:\/\/tdv.org\/tr-TR\/wp-content\/uploads\/2018\/12\/TDV_Logo_1.png","width":207,"height":71,"caption":"T\u00fcrkiye Diyanet Vakf\u0131"},"image":{"@id":"https:\/\/tdv.org\/tr-TR\/#\/schema\/logo\/image\/"},"sameAs":["https:\/\/www.facebook.com\/Diyanetvakfi\/","https:\/\/x.com\/DiyanetVakfi","https:\/\/www.instagram.com\/turkiyediyanetvakfi\/","https:\/\/www.youtube.com\/user\/TurkiyeDiyanetVakfi"]},{"@type":"Person","@id":"https:\/\/tdv.org\/tr-TR\/#\/schema\/person\/752b55e264a99273d55636516d96d5eb","name":"Selim","image":{"@type":"ImageObject","inLanguage":"tr","@id":"https:\/\/tdv.org\/tr-TR\/wp-content\/litespeed\/avatar\/a1e47b25396e98e5b781e88a5396cd96.jpg?ver=1777287391","url":"https:\/\/tdv.org\/tr-TR\/wp-content\/litespeed\/avatar\/a1e47b25396e98e5b781e88a5396cd96.jpg?ver=1777287391","contentUrl":"https:\/\/tdv.org\/tr-TR\/wp-content\/litespeed\/avatar\/a1e47b25396e98e5b781e88a5396cd96.jpg?ver=1777287391","caption":"Selim"}}]}},"_links":{"self":[{"href":"https:\/\/tdv.org\/tr-TR\/wp-json\/wp\/v2\/posts\/54161","targetHints":{"allow":["GET"]}}],"collection":[{"href":"https:\/\/tdv.org\/tr-TR\/wp-json\/wp\/v2\/posts"}],"about":[{"href":"https:\/\/tdv.org\/tr-TR\/wp-json\/wp\/v2\/types\/post"}],"author":[{"embeddable":true,"href":"https:\/\/tdv.org\/tr-TR\/wp-json\/wp\/v2\/users\/8"}],"replies":[{"embeddable":true,"href":"https:\/\/tdv.org\/tr-TR\/wp-json\/wp\/v2\/comments?post=54161"}],"version-history":[{"count":1,"href":"https:\/\/tdv.org\/tr-TR\/wp-json\/wp\/v2\/posts\/54161\/revisions"}],"predecessor-version":[{"id":54171,"href":"https:\/\/tdv.org\/tr-TR\/wp-json\/wp\/v2\/posts\/54161\/revisions\/54171"}],"wp:featuredmedia":[{"embeddable":true,"href":"https:\/\/tdv.org\/tr-TR\/wp-json\/wp\/v2\/media\/54164"}],"wp:attachment":[{"href":"https:\/\/tdv.org\/tr-TR\/wp-json\/wp\/v2\/media?parent=54161"}],"wp:term":[{"taxonomy":"category","embeddable":true,"href":"https:\/\/tdv.org\/tr-TR\/wp-json\/wp\/v2\/categories?post=54161"},{"taxonomy":"post_tag","embeddable":true,"href":"https:\/\/tdv.org\/tr-TR\/wp-json\/wp\/v2\/tags?post=54161"}],"curies":[{"name":"wp","href":"https:\/\/api.w.org\/{rel}","templated":true}]}}