{"id":55114,"date":"2026-02-16T09:04:52","date_gmt":"2026-02-16T06:04:52","guid":{"rendered":"https:\/\/tdv.org\/tr-TR\/?p=55114"},"modified":"2026-02-16T09:13:25","modified_gmt":"2026-02-16T06:13:25","slug":"turkiyenin-destekleriyle-insa-edilen-uskup-camisindeki-calismalarda-sona-yaklasiliyor","status":"publish","type":"post","link":"https:\/\/tdv.org\/tr-TR\/turkiyenin-destekleriyle-insa-edilen-uskup-camisindeki-calismalarda-sona-yaklasiliyor\/","title":{"rendered":"T\u00fcrkiye&#8217;nin destekleriyle in\u015fa edilen \u00dcsk\u00fcp Camisi&#8217;ndeki \u00e7al\u0131\u015fmalarda sona yakla\u015f\u0131l\u0131yor"},"content":{"rendered":"<p style=\"text-align: justify;\"><a href=\"https:\/\/tdv.org\/tr-TR\/\" target=\"_blank\" rel=\"noopener\">T\u00fcrkiye\u00a0Diyanet\u00a0Vakf\u0131\u00a0(TDV)<\/a> taraf\u0131ndan Kuzey Makedonya&#8217;n\u0131n ba\u015fkenti \u00dcsk\u00fcp&#8217;te in\u015fa edilen <a href=\"https:\/\/bagis.tdv.org\/cami-kuran-kursu\/makedonya-uskup-cami-146\" target=\"_blank\" rel=\"noopener\">\u00dcsk\u00fcp Camisi<\/a>&#8216;ndeki \u00e7al\u0131\u015fmalarda son dokunu\u015flar yap\u0131l\u0131yor.<\/p>\n<p style=\"text-align: justify;\">TDV taraf\u0131ndan in\u015faat\u0131 2017&#8217;de ba\u015flat\u0131lan, \u00dcsk\u00fcp&#8217;teki \u00c7ay\u0131r Belediyesi s\u0131n\u0131rlar\u0131 i\u00e7erisinde bulunan Tophane Mahallesi&#8217;nde yer alan ve \u0130stanbul&#8217;un Edirnekap\u0131 semtindeki Mihrimah Sultan <a href=\"https:\/\/bagis.tdv.org\/cami-kuran-kursu\/cami-7\" target=\"_blank\" rel=\"noopener\">Cami<\/a>i&#8217;ne benzer \u015fekilde projelendirilen <a href=\"https:\/\/bagis.tdv.org\/cami-kuran-kursu\/makedonya-uskup-cami-146\" target=\"_blank\" rel=\"noopener\">\u00dcsk\u00fcp Camisi<\/a>&#8216;ndeki \u00e7al\u0131\u015fmalarda sona yakla\u015f\u0131l\u0131yor.<\/p>\n<p style=\"text-align: justify;\"><a href=\"https:\/\/bagis.tdv.org\/cami-kuran-kursu\/cami-7\" target=\"_blank\" rel=\"noopener\">Caminin<\/a> son hali, b\u00f6lge halk\u0131 taraf\u0131ndan heyecanla beklenirken ibadet i\u00e7in kullan\u0131lacak alan\u0131, ramazan ay\u0131 boyunca t\u00fcm vakit namazlar\u0131nda kap\u0131lar\u0131n\u0131 inananlara a\u00e7acak.<\/p>\n<p style=\"text-align: justify;\">T\u00fcrkiye&#8217;nin \u00dcsk\u00fcp B\u00fcy\u00fckel\u00e7ili\u011fi Din Hizmetleri M\u00fc\u015faviri Mustafa Bodur, yapt\u0131\u011f\u0131 a\u00e7\u0131klamada, <a href=\"https:\/\/bagis.tdv.org\/cami-kuran-kursu\/cami-7\" target=\"_blank\" rel=\"noopener\">caminin<\/a> yap\u0131m s\u00fcreci, \u00f6zellikleri ve yap\u0131lacak a\u00e7\u0131l\u0131\u015f\u0131na ili\u015fkin a\u00e7\u0131klamalarda bulundu.<\/p>\n<p style=\"text-align: justify;\">Bodur, <a href=\"https:\/\/bagis.tdv.org\/cami-kuran-kursu\/cami-7\" target=\"_blank\" rel=\"noopener\">cami<\/a>nin temelinin, \u00fclkedeki yetkili kurumlar\u0131yla var\u0131lan anla\u015fmalar\u0131n neticesinde 2017&#8217;de at\u0131ld\u0131\u011f\u0131n\u0131 ancak \u00e7al\u0131\u015fmalar\u0131n Kovid-19 salg\u0131n\u0131 d\u00f6nemindeki \u015fartlar nedeniyle bir s\u00fcre durdu\u011funu s\u00f6yledi.<\/p>\n<p style=\"text-align: justify;\">Yap\u0131lan \u00e7al\u0131\u015fmalar sonucunda <a href=\"https:\/\/bagis.tdv.org\/cami-kuran-kursu\/cami-7\" target=\"_blank\" rel=\"noopener\">cami<\/a>nin ibadete haz\u0131r hale getirildi\u011fini belirten Bodur, &#8220;<a href=\"https:\/\/bagis.tdv.org\/cami-kuran-kursu\/cami-7\" target=\"_blank\" rel=\"noopener\">Cami<\/a>mizde Mihrimah Sultan Camii&#8217;nin mimari \u00f6zelli\u011fi esas al\u0131nd\u0131, dolay\u0131s\u0131yla 2 minareli olarak tasarland\u0131. <a href=\"https:\/\/bagis.tdv.org\/cami-kuran-kursu\/cami-7\" target=\"_blank\" rel=\"noopener\">Cami<\/a>nin, 10 bin metrekarelik alan\u0131 var, minarelerimiz 2 adet ve 48 metre boyunda. Buras\u0131, tamamen k\u00fclliye tarz\u0131nda planlanm\u0131\u015f, i\u00e7erisi yakla\u015f\u0131k 1000 ki\u015filik cemaat alacak, d\u0131\u015f alanlar\u0131yla birlikte 3 bin 200 ki\u015fiye kadar hitap edecek.&#8221; ifadelerini kulland\u0131.<\/p>\n<p style=\"text-align: justify;\">Bodur, <a href=\"https:\/\/bagis.tdv.org\/cami-kuran-kursu\/cami-7\" target=\"_blank\" rel=\"noopener\">cami<\/a>nin alt katlar\u0131nda Kuzey Makedonya \u0130slam Birli\u011finin (Diyanet Ba\u015fkanl\u0131\u011f\u0131) ofisleri, yakla\u015f\u0131k 250 ki\u015filik konferans salonu, 500 metrekarelik bir d\u00fckkan, Din Hizmetleri M\u00fc\u015favirli\u011finin ofisleri ile 36 ara\u00e7l\u0131k otopark olaca\u011f\u0131n\u0131 aktard\u0131.<\/p>\n<p style=\"text-align: justify;\"><strong>Caminin 2026 i\u00e7erisinde b\u00fcy\u00fck bir a\u00e7\u0131l\u0131\u015fa haz\u0131r hale getirilmesi hedefleniyor<\/strong><\/p>\n<p style=\"text-align: justify;\">Caminin ismine ili\u015fkin bilgilendirmede bulunan Bodur, &#8220;(<a href=\"https:\/\/bagis.tdv.org\/cami-kuran-kursu\/cami-7\" target=\"_blank\" rel=\"noopener\">Ccami<\/a>nin bulundu\u011fu) Bu mevki, Tophane mevkisi olarak bilinir. Ancak biz, <a href=\"https:\/\/bagis.tdv.org\/cami-kuran-kursu\/cami-7\" target=\"_blank\" rel=\"noopener\">cami<\/a>mizin ad\u0131n\u0131 &#8216;\u00dcsk\u00fcp Camii koyal\u0131m&#8217; dedik. Cami, genelde buradaki halk\u0131m\u0131zca \u00dcsk\u00fcp Tophane Camisi ya da bizim tabirimizle \u00dcsk\u00fcp Camii olarak an\u0131l\u0131r.&#8221; diye konu\u015ftu.<\/p>\n<p style=\"text-align: justify;\">Bodur, <a href=\"https:\/\/bagis.tdv.org\/cami-kuran-kursu\/cami-7\" target=\"_blank\" rel=\"noopener\">cami<\/a>de ilk teravihle birlikte ezan\u0131n okunaca\u011f\u0131n\u0131 ve ramazan boyunca t\u00fcm vakit namazlar\u0131n\u0131n k\u0131l\u0131naca\u011f\u0131n\u0131, yine bu ay boyunca mukabeleler yap\u0131l\u0131p vaazlar\u0131n verilece\u011fini kaydetti.<\/p>\n<p style=\"text-align: justify;\">Ramazan boyunca <a href=\"https:\/\/bagis.tdv.org\/cami-kuran-kursu\/cami-7\" target=\"_blank\" rel=\"noopener\">cami<\/a>nin di\u011fer k\u0131s\u0131mlar\u0131n\u0131n in\u015faat\u0131n\u0131 durduracaklar\u0131n\u0131 belirten Bodur, bayram namaz\u0131ndan sonra <a href=\"https:\/\/bagis.tdv.org\/cami-kuran-kursu\/cami-7\" target=\"_blank\" rel=\"noopener\">cami<\/a>nin alt\u0131ndaki di\u011fer k\u0131s\u0131mlar\u0131n in\u015fas\u0131 i\u00e7in \u00e7al\u0131\u015fmalar\u0131n devam edece\u011fini s\u00f6yledi.<\/p>\n<p style=\"text-align: justify;\">Bodur, <a href=\"https:\/\/bagis.tdv.org\/cami-kuran-kursu\/cami-7\" target=\"_blank\" rel=\"noopener\">cami<\/a>nin konumu itibar\u0131yla \u00f6nemli bir yere sahip oldu\u011funu vurgulayarak yak\u0131nlar\u0131nda T\u00fcrkiye&#8217;nin destekleriyle in\u015fa edilen Uluslararas\u0131 Balkan \u00dcniversitesinin (IBU) bulundu\u011funu aktard\u0131.<\/p>\n<p style=\"text-align: justify;\"><a href=\"https:\/\/bagis.tdv.org\/cami-kuran-kursu\/cami-7\" target=\"_blank\" rel=\"noopener\">Cami<\/a> in\u015faat\u0131n\u0131n 2026&#8217;da tamamlanmas\u0131n\u0131 hedeflendiklerini belirten Bodur, bu s\u00fcre\u00e7 tamamland\u0131\u011f\u0131nda b\u00fcy\u00fck bir a\u00e7\u0131l\u0131\u015f t\u00f6reni yap\u0131laca\u011f\u0131n\u0131 dile getirdi.<\/p>\n<p style=\"text-align: justify;\">&#8220;<a href=\"https:\/\/bagis.tdv.org\/cami-kuran-kursu\/cami-7\" target=\"_blank\" rel=\"noopener\">Cami<\/a>, T\u00fcrkiye&#8217;den gelecek imamlar ve \u00dcsk\u00fcp&#8217;ten dahil olacak imamla birlikte birlik, bar\u0131\u015f, huzur ve mutlulu\u011fu simgeleyecek&#8221;<\/p>\n<p style=\"text-align: justify;\">\u00dcsk\u00fcp M\u00fcft\u00fcs\u00fc Qenan \u0130smaili de uzun zamand\u0131r bekledikleri bu <a href=\"https:\/\/bagis.tdv.org\/cami-kuran-kursu\/cami-7\" target=\"_blank\" rel=\"noopener\">cami<\/a>nin, T\u00fcrkiye devletiyle \u00e7ok yak\u0131n bir ba\u011f\u0131 ve kurumlar aras\u0131 \u00e7ok iyi i\u015fbirli\u011fini simgeledi\u011fini s\u00f6yledi.<\/p>\n<p style=\"text-align: justify;\">\u0130smaili, \u00dcsk\u00fcp&#8217;te benzer mimariye sahip eski <a href=\"https:\/\/bagis.tdv.org\/cami-kuran-kursu\/cami-7\" target=\"_blank\" rel=\"noopener\">cami<\/a>lerin de bulundu\u011funu, T\u00fcrkiye Diyanet \u0130\u015fleri ve Kuzey Makedonya \u0130slam Birli\u011fi aras\u0131nda devletleraras\u0131 ve kurumlararas\u0131 i\u015fbirli\u011fiyle yeniden bu tarz bir <a href=\"https:\/\/bagis.tdv.org\/cami-kuran-kursu\/cami-7\" target=\"_blank\" rel=\"noopener\">cami<\/a>ye kavu\u015facak olmalar\u0131n\u0131n \u00f6nemine i\u015faret etti.<\/p>\n<p style=\"text-align: justify;\">M\u00fcbarek ramazan ay\u0131 \u00f6ncesinde \u00f6zel duygular ya\u015fad\u0131klar\u0131n\u0131 belirten \u0130smaili, &#8220;<a href=\"https:\/\/bagis.tdv.org\/cami-kuran-kursu\/cami-7\" target=\"_blank\" rel=\"noopener\">Cami<\/a>, T\u00fcrkiye&#8217;den gelecek imamlar ve \u00dcsk\u00fcp&#8217;ten dahil olacak imamla birlikte birlik, bar\u0131\u015f, huzur ve mutlulu\u011fu simgeleyecek.&#8221; dedi.<\/p>\n\n\t\t<style type=\"text\/css\">\n\t\t\t#gallery-1 {\n\t\t\t\tmargin: auto;\n\t\t\t}\n\t\t\t#gallery-1 .gallery-item {\n\t\t\t\tfloat: left;\n\t\t\t\tmargin-top: 10px;\n\t\t\t\ttext-align: center;\n\t\t\t\twidth: 33%;\n\t\t\t}\n\t\t\t#gallery-1 img {\n\t\t\t\tborder: 2px solid #cfcfcf;\n\t\t\t}\n\t\t\t#gallery-1 .gallery-caption {\n\t\t\t\tmargin-left: 0;\n\t\t\t}\n\t\t\t\/* see gallery_shortcode() in wp-includes\/media.php *\/\n\t\t<\/style>\n\t\t<div id='gallery-1' class='gallery galleryid-55114 gallery-columns-3 gallery-size-large'><dl class='gallery-item'>\n\t\t\t<dt class='gallery-icon landscape'>\n\t\t\t\t<a href='https:\/\/tdv.org\/tr-TR\/wp-content\/uploads\/2026\/02\/turkiye-nin-destekleriyle-insa-edilen-uskup-camisi-ndeki-calismalarda-sona-yaklasiliyor-1.jpg'><img decoding=\"async\" width=\"1024\" height=\"683\" src=\"https:\/\/tdv.org\/tr-TR\/wp-content\/uploads\/2026\/02\/turkiye-nin-destekleriyle-insa-edilen-uskup-camisi-ndeki-calismalarda-sona-yaklasiliyor-1-1024x683.jpg\" class=\"attachment-large size-large\" alt=\"T\u00fcrkiye&#039;nin destekleriyle in\u015fa edilen \u00dcsk\u00fcp Camisi&#039;ndeki \u00e7al\u0131\u015fmalarda sona yakla\u015f\u0131l\u0131yor\" aria-describedby=\"gallery-1-55115\" srcset=\"https:\/\/tdv.org\/tr-TR\/wp-content\/uploads\/2026\/02\/turkiye-nin-destekleriyle-insa-edilen-uskup-camisi-ndeki-calismalarda-sona-yaklasiliyor-1-1024x683.jpg 1024w, https:\/\/tdv.org\/tr-TR\/wp-content\/uploads\/2026\/02\/turkiye-nin-destekleriyle-insa-edilen-uskup-camisi-ndeki-calismalarda-sona-yaklasiliyor-1-300x200.jpg 300w, https:\/\/tdv.org\/tr-TR\/wp-content\/uploads\/2026\/02\/turkiye-nin-destekleriyle-insa-edilen-uskup-camisi-ndeki-calismalarda-sona-yaklasiliyor-1-768x512.jpg 768w, https:\/\/tdv.org\/tr-TR\/wp-content\/uploads\/2026\/02\/turkiye-nin-destekleriyle-insa-edilen-uskup-camisi-ndeki-calismalarda-sona-yaklasiliyor-1-900x600.jpg 900w, https:\/\/tdv.org\/tr-TR\/wp-content\/uploads\/2026\/02\/turkiye-nin-destekleriyle-insa-edilen-uskup-camisi-ndeki-calismalarda-sona-yaklasiliyor-1.jpg 1152w\" sizes=\"(max-width: 1024px) 100vw, 1024px\" \/><\/a>\n\t\t\t<\/dt>\n\t\t\t\t<dd class='wp-caption-text gallery-caption' id='gallery-1-55115'>\n\t\t\t\tT\u00fcrkiye&#8217;nin destekleriyle in\u015fa edilen \u00dcsk\u00fcp Camisi&#8217;ndeki \u00e7al\u0131\u015fmalarda sona yakla\u015f\u0131l\u0131yor,Camii,\u00dcsk\u00fcp Camii, Bir Tu\u011flada Benim Olsun, cami yard\u0131m, cami ba\u011f\u0131\u015f\u0131,\n\t\t\t\t<\/dd><\/dl><dl class='gallery-item'>\n\t\t\t<dt class='gallery-icon landscape'>\n\t\t\t\t<a href='https:\/\/tdv.org\/tr-TR\/wp-content\/uploads\/2026\/02\/turkiye-nin-destekleriyle-insa-edilen-uskup-camisi-ndeki-calismalarda-sona-yaklasiliyor-2.jpg'><img decoding=\"async\" width=\"1024\" height=\"683\" src=\"https:\/\/tdv.org\/tr-TR\/wp-content\/uploads\/2026\/02\/turkiye-nin-destekleriyle-insa-edilen-uskup-camisi-ndeki-calismalarda-sona-yaklasiliyor-2-1024x683.jpg\" class=\"attachment-large size-large\" alt=\"T\u00fcrkiye&#039;nin destekleriyle in\u015fa edilen \u00dcsk\u00fcp Camisi&#039;ndeki \u00e7al\u0131\u015fmalarda sona yakla\u015f\u0131l\u0131yor\" aria-describedby=\"gallery-1-55116\" srcset=\"https:\/\/tdv.org\/tr-TR\/wp-content\/uploads\/2026\/02\/turkiye-nin-destekleriyle-insa-edilen-uskup-camisi-ndeki-calismalarda-sona-yaklasiliyor-2-1024x683.jpg 1024w, https:\/\/tdv.org\/tr-TR\/wp-content\/uploads\/2026\/02\/turkiye-nin-destekleriyle-insa-edilen-uskup-camisi-ndeki-calismalarda-sona-yaklasiliyor-2-300x200.jpg 300w, https:\/\/tdv.org\/tr-TR\/wp-content\/uploads\/2026\/02\/turkiye-nin-destekleriyle-insa-edilen-uskup-camisi-ndeki-calismalarda-sona-yaklasiliyor-2-768x512.jpg 768w, https:\/\/tdv.org\/tr-TR\/wp-content\/uploads\/2026\/02\/turkiye-nin-destekleriyle-insa-edilen-uskup-camisi-ndeki-calismalarda-sona-yaklasiliyor-2-900x600.jpg 900w, https:\/\/tdv.org\/tr-TR\/wp-content\/uploads\/2026\/02\/turkiye-nin-destekleriyle-insa-edilen-uskup-camisi-ndeki-calismalarda-sona-yaklasiliyor-2.jpg 1152w\" sizes=\"(max-width: 1024px) 100vw, 1024px\" \/><\/a>\n\t\t\t<\/dt>\n\t\t\t\t<dd class='wp-caption-text gallery-caption' id='gallery-1-55116'>\n\t\t\t\tT\u00fcrkiye&#8217;nin destekleriyle in\u015fa edilen \u00dcsk\u00fcp Camisi&#8217;ndeki \u00e7al\u0131\u015fmalarda sona yakla\u015f\u0131l\u0131yor,Camii,\u00dcsk\u00fcp Camii, Bir Tu\u011flada Benim Olsun, cami yard\u0131m, cami ba\u011f\u0131\u015f\u0131,\n\t\t\t\t<\/dd><\/dl><dl class='gallery-item'>\n\t\t\t<dt class='gallery-icon landscape'>\n\t\t\t\t<a href='https:\/\/tdv.org\/tr-TR\/wp-content\/uploads\/2026\/02\/turkiye-nin-destekleriyle-insa-edilen-uskup-camisi-ndeki-calismalarda-sona-yaklasiliyor-3.jpg'><img decoding=\"async\" width=\"1024\" height=\"683\" src=\"https:\/\/tdv.org\/tr-TR\/wp-content\/uploads\/2026\/02\/turkiye-nin-destekleriyle-insa-edilen-uskup-camisi-ndeki-calismalarda-sona-yaklasiliyor-3-1024x683.jpg\" class=\"attachment-large size-large\" alt=\"T\u00fcrkiye&#039;nin destekleriyle in\u015fa edilen \u00dcsk\u00fcp Camisi&#039;ndeki \u00e7al\u0131\u015fmalarda sona yakla\u015f\u0131l\u0131yor\" aria-describedby=\"gallery-1-55117\" srcset=\"https:\/\/tdv.org\/tr-TR\/wp-content\/uploads\/2026\/02\/turkiye-nin-destekleriyle-insa-edilen-uskup-camisi-ndeki-calismalarda-sona-yaklasiliyor-3-1024x683.jpg 1024w, https:\/\/tdv.org\/tr-TR\/wp-content\/uploads\/2026\/02\/turkiye-nin-destekleriyle-insa-edilen-uskup-camisi-ndeki-calismalarda-sona-yaklasiliyor-3-300x200.jpg 300w, https:\/\/tdv.org\/tr-TR\/wp-content\/uploads\/2026\/02\/turkiye-nin-destekleriyle-insa-edilen-uskup-camisi-ndeki-calismalarda-sona-yaklasiliyor-3-768x512.jpg 768w, https:\/\/tdv.org\/tr-TR\/wp-content\/uploads\/2026\/02\/turkiye-nin-destekleriyle-insa-edilen-uskup-camisi-ndeki-calismalarda-sona-yaklasiliyor-3-900x600.jpg 900w, https:\/\/tdv.org\/tr-TR\/wp-content\/uploads\/2026\/02\/turkiye-nin-destekleriyle-insa-edilen-uskup-camisi-ndeki-calismalarda-sona-yaklasiliyor-3.jpg 1152w\" sizes=\"(max-width: 1024px) 100vw, 1024px\" \/><\/a>\n\t\t\t<\/dt>\n\t\t\t\t<dd class='wp-caption-text gallery-caption' id='gallery-1-55117'>\n\t\t\t\tT\u00fcrkiye&#8217;nin destekleriyle in\u015fa edilen \u00dcsk\u00fcp Camisi&#8217;ndeki \u00e7al\u0131\u015fmalarda sona yakla\u015f\u0131l\u0131yor,Camii,\u00dcsk\u00fcp Camii, Bir Tu\u011flada Benim Olsun, cami yard\u0131m, cami ba\u011f\u0131\u015f\u0131,\n\t\t\t\t<\/dd><\/dl><br style=\"clear: both\" \/><dl class='gallery-item'>\n\t\t\t<dt class='gallery-icon landscape'>\n\t\t\t\t<a href='https:\/\/tdv.org\/tr-TR\/wp-content\/uploads\/2026\/02\/turkiye-nin-destekleriyle-insa-edilen-uskup-camisi-ndeki-calismalarda-sona-yaklasiliyor-4.jpg'><img decoding=\"async\" width=\"1024\" height=\"683\" src=\"https:\/\/tdv.org\/tr-TR\/wp-content\/uploads\/2026\/02\/turkiye-nin-destekleriyle-insa-edilen-uskup-camisi-ndeki-calismalarda-sona-yaklasiliyor-4-1024x683.jpg\" class=\"attachment-large size-large\" alt=\"T\u00fcrkiye&#039;nin destekleriyle in\u015fa edilen \u00dcsk\u00fcp Camisi&#039;ndeki \u00e7al\u0131\u015fmalarda sona yakla\u015f\u0131l\u0131yor\" aria-describedby=\"gallery-1-55118\" srcset=\"https:\/\/tdv.org\/tr-TR\/wp-content\/uploads\/2026\/02\/turkiye-nin-destekleriyle-insa-edilen-uskup-camisi-ndeki-calismalarda-sona-yaklasiliyor-4-1024x683.jpg 1024w, https:\/\/tdv.org\/tr-TR\/wp-content\/uploads\/2026\/02\/turkiye-nin-destekleriyle-insa-edilen-uskup-camisi-ndeki-calismalarda-sona-yaklasiliyor-4-300x200.jpg 300w, https:\/\/tdv.org\/tr-TR\/wp-content\/uploads\/2026\/02\/turkiye-nin-destekleriyle-insa-edilen-uskup-camisi-ndeki-calismalarda-sona-yaklasiliyor-4-768x512.jpg 768w, https:\/\/tdv.org\/tr-TR\/wp-content\/uploads\/2026\/02\/turkiye-nin-destekleriyle-insa-edilen-uskup-camisi-ndeki-calismalarda-sona-yaklasiliyor-4-900x600.jpg 900w, https:\/\/tdv.org\/tr-TR\/wp-content\/uploads\/2026\/02\/turkiye-nin-destekleriyle-insa-edilen-uskup-camisi-ndeki-calismalarda-sona-yaklasiliyor-4.jpg 1152w\" sizes=\"(max-width: 1024px) 100vw, 1024px\" \/><\/a>\n\t\t\t<\/dt>\n\t\t\t\t<dd class='wp-caption-text gallery-caption' id='gallery-1-55118'>\n\t\t\t\tT\u00fcrkiye&#8217;nin destekleriyle in\u015fa edilen \u00dcsk\u00fcp Camisi&#8217;ndeki \u00e7al\u0131\u015fmalarda sona yakla\u015f\u0131l\u0131yor,Camii,\u00dcsk\u00fcp Camii, Bir Tu\u011flada Benim Olsun, cami yard\u0131m, cami ba\u011f\u0131\u015f\u0131,\n\t\t\t\t<\/dd><\/dl><dl class='gallery-item'>\n\t\t\t<dt class='gallery-icon landscape'>\n\t\t\t\t<a href='https:\/\/tdv.org\/tr-TR\/wp-content\/uploads\/2026\/02\/turkiye-nin-destekleriyle-insa-edilen-uskup-camisi-ndeki-calismalarda-sona-yaklasiliyor-5.jpg'><img decoding=\"async\" width=\"1024\" height=\"683\" src=\"https:\/\/tdv.org\/tr-TR\/wp-content\/uploads\/2026\/02\/turkiye-nin-destekleriyle-insa-edilen-uskup-camisi-ndeki-calismalarda-sona-yaklasiliyor-5-1024x683.jpg\" class=\"attachment-large size-large\" alt=\"T\u00fcrkiye&#039;nin destekleriyle in\u015fa edilen \u00dcsk\u00fcp Camisi&#039;ndeki \u00e7al\u0131\u015fmalarda sona yakla\u015f\u0131l\u0131yor\" aria-describedby=\"gallery-1-55119\" srcset=\"https:\/\/tdv.org\/tr-TR\/wp-content\/uploads\/2026\/02\/turkiye-nin-destekleriyle-insa-edilen-uskup-camisi-ndeki-calismalarda-sona-yaklasiliyor-5-1024x683.jpg 1024w, https:\/\/tdv.org\/tr-TR\/wp-content\/uploads\/2026\/02\/turkiye-nin-destekleriyle-insa-edilen-uskup-camisi-ndeki-calismalarda-sona-yaklasiliyor-5-300x200.jpg 300w, https:\/\/tdv.org\/tr-TR\/wp-content\/uploads\/2026\/02\/turkiye-nin-destekleriyle-insa-edilen-uskup-camisi-ndeki-calismalarda-sona-yaklasiliyor-5-768x512.jpg 768w, https:\/\/tdv.org\/tr-TR\/wp-content\/uploads\/2026\/02\/turkiye-nin-destekleriyle-insa-edilen-uskup-camisi-ndeki-calismalarda-sona-yaklasiliyor-5-900x600.jpg 900w, https:\/\/tdv.org\/tr-TR\/wp-content\/uploads\/2026\/02\/turkiye-nin-destekleriyle-insa-edilen-uskup-camisi-ndeki-calismalarda-sona-yaklasiliyor-5.jpg 1152w\" sizes=\"(max-width: 1024px) 100vw, 1024px\" \/><\/a>\n\t\t\t<\/dt>\n\t\t\t\t<dd class='wp-caption-text gallery-caption' id='gallery-1-55119'>\n\t\t\t\tT\u00fcrkiye&#8217;nin destekleriyle in\u015fa edilen \u00dcsk\u00fcp Camisi&#8217;ndeki \u00e7al\u0131\u015fmalarda sona yakla\u015f\u0131l\u0131yor,Camii,\u00dcsk\u00fcp Camii, Bir Tu\u011flada Benim Olsun, cami yard\u0131m, cami ba\u011f\u0131\u015f\u0131,\n\t\t\t\t<\/dd><\/dl><dl class='gallery-item'>\n\t\t\t<dt class='gallery-icon landscape'>\n\t\t\t\t<a href='https:\/\/tdv.org\/tr-TR\/wp-content\/uploads\/2026\/02\/turkiye-nin-destekleriyle-insa-edilen-uskup-camisi-ndeki-calismalarda-sona-yaklasiliyor-6.jpg'><img decoding=\"async\" width=\"1024\" height=\"683\" src=\"https:\/\/tdv.org\/tr-TR\/wp-content\/uploads\/2026\/02\/turkiye-nin-destekleriyle-insa-edilen-uskup-camisi-ndeki-calismalarda-sona-yaklasiliyor-6-1024x683.jpg\" class=\"attachment-large size-large\" alt=\"T\u00fcrkiye&#039;nin destekleriyle in\u015fa edilen \u00dcsk\u00fcp Camisi&#039;ndeki \u00e7al\u0131\u015fmalarda sona yakla\u015f\u0131l\u0131yor\" aria-describedby=\"gallery-1-55120\" srcset=\"https:\/\/tdv.org\/tr-TR\/wp-content\/uploads\/2026\/02\/turkiye-nin-destekleriyle-insa-edilen-uskup-camisi-ndeki-calismalarda-sona-yaklasiliyor-6-1024x683.jpg 1024w, https:\/\/tdv.org\/tr-TR\/wp-content\/uploads\/2026\/02\/turkiye-nin-destekleriyle-insa-edilen-uskup-camisi-ndeki-calismalarda-sona-yaklasiliyor-6-300x200.jpg 300w, https:\/\/tdv.org\/tr-TR\/wp-content\/uploads\/2026\/02\/turkiye-nin-destekleriyle-insa-edilen-uskup-camisi-ndeki-calismalarda-sona-yaklasiliyor-6-768x512.jpg 768w, https:\/\/tdv.org\/tr-TR\/wp-content\/uploads\/2026\/02\/turkiye-nin-destekleriyle-insa-edilen-uskup-camisi-ndeki-calismalarda-sona-yaklasiliyor-6-900x600.jpg 900w, https:\/\/tdv.org\/tr-TR\/wp-content\/uploads\/2026\/02\/turkiye-nin-destekleriyle-insa-edilen-uskup-camisi-ndeki-calismalarda-sona-yaklasiliyor-6.jpg 1152w\" sizes=\"(max-width: 1024px) 100vw, 1024px\" \/><\/a>\n\t\t\t<\/dt>\n\t\t\t\t<dd class='wp-caption-text gallery-caption' id='gallery-1-55120'>\n\t\t\t\tT\u00fcrkiye&#8217;nin destekleriyle in\u015fa edilen \u00dcsk\u00fcp Camisi&#8217;ndeki \u00e7al\u0131\u015fmalarda sona yakla\u015f\u0131l\u0131yor,Camii,\u00dcsk\u00fcp Camii, Bir Tu\u011flada Benim Olsun, cami yard\u0131m, cami ba\u011f\u0131\u015f\u0131,\n\t\t\t\t<\/dd><\/dl><br style=\"clear: both\" \/><dl class='gallery-item'>\n\t\t\t<dt class='gallery-icon landscape'>\n\t\t\t\t<a href='https:\/\/tdv.org\/tr-TR\/wp-content\/uploads\/2026\/02\/turkiye-nin-destekleriyle-insa-edilen-uskup-camisi-ndeki-calismalarda-sona-yaklasiliyor-7.jpg'><img decoding=\"async\" width=\"1024\" height=\"683\" src=\"https:\/\/tdv.org\/tr-TR\/wp-content\/uploads\/2026\/02\/turkiye-nin-destekleriyle-insa-edilen-uskup-camisi-ndeki-calismalarda-sona-yaklasiliyor-7-1024x683.jpg\" class=\"attachment-large size-large\" alt=\"T\u00fcrkiye&#039;nin destekleriyle in\u015fa edilen \u00dcsk\u00fcp Camisi&#039;ndeki \u00e7al\u0131\u015fmalarda sona yakla\u015f\u0131l\u0131yor\" aria-describedby=\"gallery-1-55121\" srcset=\"https:\/\/tdv.org\/tr-TR\/wp-content\/uploads\/2026\/02\/turkiye-nin-destekleriyle-insa-edilen-uskup-camisi-ndeki-calismalarda-sona-yaklasiliyor-7-1024x683.jpg 1024w, https:\/\/tdv.org\/tr-TR\/wp-content\/uploads\/2026\/02\/turkiye-nin-destekleriyle-insa-edilen-uskup-camisi-ndeki-calismalarda-sona-yaklasiliyor-7-300x200.jpg 300w, https:\/\/tdv.org\/tr-TR\/wp-content\/uploads\/2026\/02\/turkiye-nin-destekleriyle-insa-edilen-uskup-camisi-ndeki-calismalarda-sona-yaklasiliyor-7-768x512.jpg 768w, https:\/\/tdv.org\/tr-TR\/wp-content\/uploads\/2026\/02\/turkiye-nin-destekleriyle-insa-edilen-uskup-camisi-ndeki-calismalarda-sona-yaklasiliyor-7-900x600.jpg 900w, https:\/\/tdv.org\/tr-TR\/wp-content\/uploads\/2026\/02\/turkiye-nin-destekleriyle-insa-edilen-uskup-camisi-ndeki-calismalarda-sona-yaklasiliyor-7.jpg 1152w\" sizes=\"(max-width: 1024px) 100vw, 1024px\" \/><\/a>\n\t\t\t<\/dt>\n\t\t\t\t<dd class='wp-caption-text gallery-caption' id='gallery-1-55121'>\n\t\t\t\tT\u00fcrkiye&#8217;nin destekleriyle in\u015fa edilen \u00dcsk\u00fcp Camisi&#8217;ndeki \u00e7al\u0131\u015fmalarda sona yakla\u015f\u0131l\u0131yor,Camii,\u00dcsk\u00fcp Camii, Bir Tu\u011flada Benim Olsun, cami yard\u0131m, cami ba\u011f\u0131\u015f\u0131,\n\t\t\t\t<\/dd><\/dl><dl class='gallery-item'>\n\t\t\t<dt class='gallery-icon landscape'>\n\t\t\t\t<a href='https:\/\/tdv.org\/tr-TR\/wp-content\/uploads\/2026\/02\/turkiye-nin-destekleriyle-insa-edilen-uskup-camisi-ndeki-calismalarda-sona-yaklasiliyor-8.jpg'><img decoding=\"async\" width=\"1024\" height=\"683\" src=\"https:\/\/tdv.org\/tr-TR\/wp-content\/uploads\/2026\/02\/turkiye-nin-destekleriyle-insa-edilen-uskup-camisi-ndeki-calismalarda-sona-yaklasiliyor-8-1024x683.jpg\" class=\"attachment-large size-large\" alt=\"T\u00fcrkiye&#039;nin destekleriyle in\u015fa edilen \u00dcsk\u00fcp Camisi&#039;ndeki \u00e7al\u0131\u015fmalarda sona yakla\u015f\u0131l\u0131yor\" aria-describedby=\"gallery-1-55122\" srcset=\"https:\/\/tdv.org\/tr-TR\/wp-content\/uploads\/2026\/02\/turkiye-nin-destekleriyle-insa-edilen-uskup-camisi-ndeki-calismalarda-sona-yaklasiliyor-8-1024x683.jpg 1024w, https:\/\/tdv.org\/tr-TR\/wp-content\/uploads\/2026\/02\/turkiye-nin-destekleriyle-insa-edilen-uskup-camisi-ndeki-calismalarda-sona-yaklasiliyor-8-300x200.jpg 300w, https:\/\/tdv.org\/tr-TR\/wp-content\/uploads\/2026\/02\/turkiye-nin-destekleriyle-insa-edilen-uskup-camisi-ndeki-calismalarda-sona-yaklasiliyor-8-768x512.jpg 768w, https:\/\/tdv.org\/tr-TR\/wp-content\/uploads\/2026\/02\/turkiye-nin-destekleriyle-insa-edilen-uskup-camisi-ndeki-calismalarda-sona-yaklasiliyor-8-900x600.jpg 900w, https:\/\/tdv.org\/tr-TR\/wp-content\/uploads\/2026\/02\/turkiye-nin-destekleriyle-insa-edilen-uskup-camisi-ndeki-calismalarda-sona-yaklasiliyor-8.jpg 1152w\" sizes=\"(max-width: 1024px) 100vw, 1024px\" \/><\/a>\n\t\t\t<\/dt>\n\t\t\t\t<dd class='wp-caption-text gallery-caption' id='gallery-1-55122'>\n\t\t\t\tT\u00fcrkiye&#8217;nin destekleriyle in\u015fa edilen \u00dcsk\u00fcp Camisi&#8217;ndeki \u00e7al\u0131\u015fmalarda sona yakla\u015f\u0131l\u0131yor,Camii,\u00dcsk\u00fcp Camii, Bir Tu\u011flada Benim Olsun, cami yard\u0131m, cami ba\u011f\u0131\u015f\u0131,\n\t\t\t\t<\/dd><\/dl><dl class='gallery-item'>\n\t\t\t<dt class='gallery-icon landscape'>\n\t\t\t\t<a href='https:\/\/tdv.org\/tr-TR\/wp-content\/uploads\/2026\/02\/turkiye-nin-destekleriyle-insa-edilen-uskup-camisi-ndeki-calismalarda-sona-yaklasiliyor-9.jpg'><img decoding=\"async\" width=\"1024\" height=\"576\" src=\"https:\/\/tdv.org\/tr-TR\/wp-content\/uploads\/2026\/02\/turkiye-nin-destekleriyle-insa-edilen-uskup-camisi-ndeki-calismalarda-sona-yaklasiliyor-9-1024x576.jpg\" class=\"attachment-large size-large\" alt=\"T\u00fcrkiye&#039;nin destekleriyle in\u015fa edilen \u00dcsk\u00fcp Camisi&#039;ndeki \u00e7al\u0131\u015fmalarda sona yakla\u015f\u0131l\u0131yor\" aria-describedby=\"gallery-1-55123\" srcset=\"https:\/\/tdv.org\/tr-TR\/wp-content\/uploads\/2026\/02\/turkiye-nin-destekleriyle-insa-edilen-uskup-camisi-ndeki-calismalarda-sona-yaklasiliyor-9-1024x576.jpg 1024w, https:\/\/tdv.org\/tr-TR\/wp-content\/uploads\/2026\/02\/turkiye-nin-destekleriyle-insa-edilen-uskup-camisi-ndeki-calismalarda-sona-yaklasiliyor-9-300x169.jpg 300w, https:\/\/tdv.org\/tr-TR\/wp-content\/uploads\/2026\/02\/turkiye-nin-destekleriyle-insa-edilen-uskup-camisi-ndeki-calismalarda-sona-yaklasiliyor-9-768x432.jpg 768w, https:\/\/tdv.org\/tr-TR\/wp-content\/uploads\/2026\/02\/turkiye-nin-destekleriyle-insa-edilen-uskup-camisi-ndeki-calismalarda-sona-yaklasiliyor-9.jpg 1365w\" sizes=\"(max-width: 1024px) 100vw, 1024px\" \/><\/a>\n\t\t\t<\/dt>\n\t\t\t\t<dd class='wp-caption-text gallery-caption' id='gallery-1-55123'>\n\t\t\t\tT\u00fcrkiye&#8217;nin destekleriyle in\u015fa edilen \u00dcsk\u00fcp Camisi&#8217;ndeki \u00e7al\u0131\u015fmalarda sona yakla\u015f\u0131l\u0131yor,Camii,\u00dcsk\u00fcp Camii, Bir Tu\u011flada Benim Olsun, cami yard\u0131m, cami ba\u011f\u0131\u015f\u0131,\n\t\t\t\t<\/dd><\/dl><br style=\"clear: both\" \/><dl class='gallery-item'>\n\t\t\t<dt class='gallery-icon landscape'>\n\t\t\t\t<a href='https:\/\/tdv.org\/tr-TR\/wp-content\/uploads\/2026\/02\/turkiye-nin-destekleriyle-insa-edilen-uskup-camisi-ndeki-calismalarda-sona-yaklasiliyor-10.jpg'><img decoding=\"async\" width=\"1024\" height=\"576\" src=\"https:\/\/tdv.org\/tr-TR\/wp-content\/uploads\/2026\/02\/turkiye-nin-destekleriyle-insa-edilen-uskup-camisi-ndeki-calismalarda-sona-yaklasiliyor-10-1024x576.jpg\" class=\"attachment-large size-large\" alt=\"T\u00fcrkiye&#039;nin destekleriyle in\u015fa edilen \u00dcsk\u00fcp Camisi&#039;ndeki \u00e7al\u0131\u015fmalarda sona yakla\u015f\u0131l\u0131yor\" aria-describedby=\"gallery-1-55124\" srcset=\"https:\/\/tdv.org\/tr-TR\/wp-content\/uploads\/2026\/02\/turkiye-nin-destekleriyle-insa-edilen-uskup-camisi-ndeki-calismalarda-sona-yaklasiliyor-10-1024x576.jpg 1024w, https:\/\/tdv.org\/tr-TR\/wp-content\/uploads\/2026\/02\/turkiye-nin-destekleriyle-insa-edilen-uskup-camisi-ndeki-calismalarda-sona-yaklasiliyor-10-300x169.jpg 300w, https:\/\/tdv.org\/tr-TR\/wp-content\/uploads\/2026\/02\/turkiye-nin-destekleriyle-insa-edilen-uskup-camisi-ndeki-calismalarda-sona-yaklasiliyor-10-768x432.jpg 768w, https:\/\/tdv.org\/tr-TR\/wp-content\/uploads\/2026\/02\/turkiye-nin-destekleriyle-insa-edilen-uskup-camisi-ndeki-calismalarda-sona-yaklasiliyor-10.jpg 1365w\" sizes=\"(max-width: 1024px) 100vw, 1024px\" \/><\/a>\n\t\t\t<\/dt>\n\t\t\t\t<dd class='wp-caption-text gallery-caption' id='gallery-1-55124'>\n\t\t\t\tT\u00fcrkiye&#8217;nin destekleriyle in\u015fa edilen \u00dcsk\u00fcp Camisi&#8217;ndeki \u00e7al\u0131\u015fmalarda sona yakla\u015f\u0131l\u0131yor,Camii,\u00dcsk\u00fcp Camii, Bir Tu\u011flada Benim Olsun, cami yard\u0131m, cami ba\u011f\u0131\u015f\u0131,\n\t\t\t\t<\/dd><\/dl><dl class='gallery-item'>\n\t\t\t<dt class='gallery-icon landscape'>\n\t\t\t\t<a href='https:\/\/tdv.org\/tr-TR\/wp-content\/uploads\/2026\/02\/turkiye-nin-destekleriyle-insa-edilen-uskup-camisi-ndeki-calismalarda-sona-yaklasiliyor-11.jpg'><img decoding=\"async\" width=\"1024\" height=\"576\" src=\"https:\/\/tdv.org\/tr-TR\/wp-content\/uploads\/2026\/02\/turkiye-nin-destekleriyle-insa-edilen-uskup-camisi-ndeki-calismalarda-sona-yaklasiliyor-11-1024x576.jpg\" class=\"attachment-large size-large\" alt=\"T\u00fcrkiye&#039;nin destekleriyle in\u015fa edilen \u00dcsk\u00fcp Camisi&#039;ndeki \u00e7al\u0131\u015fmalarda sona yakla\u015f\u0131l\u0131yor\" aria-describedby=\"gallery-1-55125\" srcset=\"https:\/\/tdv.org\/tr-TR\/wp-content\/uploads\/2026\/02\/turkiye-nin-destekleriyle-insa-edilen-uskup-camisi-ndeki-calismalarda-sona-yaklasiliyor-11-1024x576.jpg 1024w, https:\/\/tdv.org\/tr-TR\/wp-content\/uploads\/2026\/02\/turkiye-nin-destekleriyle-insa-edilen-uskup-camisi-ndeki-calismalarda-sona-yaklasiliyor-11-300x169.jpg 300w, https:\/\/tdv.org\/tr-TR\/wp-content\/uploads\/2026\/02\/turkiye-nin-destekleriyle-insa-edilen-uskup-camisi-ndeki-calismalarda-sona-yaklasiliyor-11-768x432.jpg 768w, https:\/\/tdv.org\/tr-TR\/wp-content\/uploads\/2026\/02\/turkiye-nin-destekleriyle-insa-edilen-uskup-camisi-ndeki-calismalarda-sona-yaklasiliyor-11.jpg 1365w\" sizes=\"(max-width: 1024px) 100vw, 1024px\" \/><\/a>\n\t\t\t<\/dt>\n\t\t\t\t<dd class='wp-caption-text gallery-caption' id='gallery-1-55125'>\n\t\t\t\tT\u00fcrkiye&#8217;nin destekleriyle in\u015fa edilen \u00dcsk\u00fcp Camisi&#8217;ndeki \u00e7al\u0131\u015fmalarda sona yakla\u015f\u0131l\u0131yor,Camii,\u00dcsk\u00fcp Camii, Bir Tu\u011flada Benim Olsun, cami yard\u0131m, cami ba\u011f\u0131\u015f\u0131,\n\t\t\t\t<\/dd><\/dl><dl class='gallery-item'>\n\t\t\t<dt class='gallery-icon landscape'>\n\t\t\t\t<a href='https:\/\/tdv.org\/tr-TR\/wp-content\/uploads\/2026\/02\/turkiye-nin-destekleriyle-insa-edilen-uskup-camisi-ndeki-calismalarda-sona-yaklasiliyor-12.jpg'><img decoding=\"async\" width=\"1024\" height=\"683\" src=\"https:\/\/tdv.org\/tr-TR\/wp-content\/uploads\/2026\/02\/turkiye-nin-destekleriyle-insa-edilen-uskup-camisi-ndeki-calismalarda-sona-yaklasiliyor-12-1024x683.jpg\" class=\"attachment-large size-large\" alt=\"T\u00fcrkiye&#039;nin destekleriyle in\u015fa edilen \u00dcsk\u00fcp Camisi&#039;ndeki \u00e7al\u0131\u015fmalarda sona yakla\u015f\u0131l\u0131yor\" aria-describedby=\"gallery-1-55126\" srcset=\"https:\/\/tdv.org\/tr-TR\/wp-content\/uploads\/2026\/02\/turkiye-nin-destekleriyle-insa-edilen-uskup-camisi-ndeki-calismalarda-sona-yaklasiliyor-12-1024x683.jpg 1024w, https:\/\/tdv.org\/tr-TR\/wp-content\/uploads\/2026\/02\/turkiye-nin-destekleriyle-insa-edilen-uskup-camisi-ndeki-calismalarda-sona-yaklasiliyor-12-300x200.jpg 300w, https:\/\/tdv.org\/tr-TR\/wp-content\/uploads\/2026\/02\/turkiye-nin-destekleriyle-insa-edilen-uskup-camisi-ndeki-calismalarda-sona-yaklasiliyor-12-768x512.jpg 768w, https:\/\/tdv.org\/tr-TR\/wp-content\/uploads\/2026\/02\/turkiye-nin-destekleriyle-insa-edilen-uskup-camisi-ndeki-calismalarda-sona-yaklasiliyor-12-900x600.jpg 900w, https:\/\/tdv.org\/tr-TR\/wp-content\/uploads\/2026\/02\/turkiye-nin-destekleriyle-insa-edilen-uskup-camisi-ndeki-calismalarda-sona-yaklasiliyor-12.jpg 1152w\" sizes=\"(max-width: 1024px) 100vw, 1024px\" \/><\/a>\n\t\t\t<\/dt>\n\t\t\t\t<dd class='wp-caption-text gallery-caption' id='gallery-1-55126'>\n\t\t\t\tT\u00fcrkiye&#8217;nin destekleriyle in\u015fa edilen \u00dcsk\u00fcp Camisi&#8217;ndeki \u00e7al\u0131\u015fmalarda sona yakla\u015f\u0131l\u0131yor,Camii,\u00dcsk\u00fcp Camii, Bir Tu\u011flada Benim Olsun, cami yard\u0131m, cami ba\u011f\u0131\u015f\u0131,\n\t\t\t\t<\/dd><\/dl><br style=\"clear: both\" \/><dl class='gallery-item'>\n\t\t\t<dt class='gallery-icon landscape'>\n\t\t\t\t<a href='https:\/\/tdv.org\/tr-TR\/wp-content\/uploads\/2026\/02\/turkiye-nin-destekleriyle-insa-edilen-uskup-camisi-ndeki-calismalarda-sona-yaklasiliyor-13.jpg'><img decoding=\"async\" width=\"1024\" height=\"683\" src=\"https:\/\/tdv.org\/tr-TR\/wp-content\/uploads\/2026\/02\/turkiye-nin-destekleriyle-insa-edilen-uskup-camisi-ndeki-calismalarda-sona-yaklasiliyor-13-1024x683.jpg\" class=\"attachment-large size-large\" alt=\"T\u00fcrkiye&#039;nin destekleriyle in\u015fa edilen \u00dcsk\u00fcp Camisi&#039;ndeki \u00e7al\u0131\u015fmalarda sona yakla\u015f\u0131l\u0131yor\" aria-describedby=\"gallery-1-55127\" srcset=\"https:\/\/tdv.org\/tr-TR\/wp-content\/uploads\/2026\/02\/turkiye-nin-destekleriyle-insa-edilen-uskup-camisi-ndeki-calismalarda-sona-yaklasiliyor-13-1024x683.jpg 1024w, https:\/\/tdv.org\/tr-TR\/wp-content\/uploads\/2026\/02\/turkiye-nin-destekleriyle-insa-edilen-uskup-camisi-ndeki-calismalarda-sona-yaklasiliyor-13-300x200.jpg 300w, https:\/\/tdv.org\/tr-TR\/wp-content\/uploads\/2026\/02\/turkiye-nin-destekleriyle-insa-edilen-uskup-camisi-ndeki-calismalarda-sona-yaklasiliyor-13-768x512.jpg 768w, https:\/\/tdv.org\/tr-TR\/wp-content\/uploads\/2026\/02\/turkiye-nin-destekleriyle-insa-edilen-uskup-camisi-ndeki-calismalarda-sona-yaklasiliyor-13-900x600.jpg 900w, https:\/\/tdv.org\/tr-TR\/wp-content\/uploads\/2026\/02\/turkiye-nin-destekleriyle-insa-edilen-uskup-camisi-ndeki-calismalarda-sona-yaklasiliyor-13.jpg 1152w\" sizes=\"(max-width: 1024px) 100vw, 1024px\" \/><\/a>\n\t\t\t<\/dt>\n\t\t\t\t<dd class='wp-caption-text gallery-caption' id='gallery-1-55127'>\n\t\t\t\tT\u00fcrkiye&#8217;nin destekleriyle in\u015fa edilen \u00dcsk\u00fcp Camisi&#8217;ndeki \u00e7al\u0131\u015fmalarda sona yakla\u015f\u0131l\u0131yor,Camii,\u00dcsk\u00fcp Camii, Bir Tu\u011flada Benim Olsun, cami yard\u0131m, cami ba\u011f\u0131\u015f\u0131,\n\t\t\t\t<\/dd><\/dl><dl class='gallery-item'>\n\t\t\t<dt class='gallery-icon landscape'>\n\t\t\t\t<a href='https:\/\/tdv.org\/tr-TR\/wp-content\/uploads\/2026\/02\/turkiye-nin-destekleriyle-insa-edilen-uskup-camisi-ndeki-calismalarda-sona-yaklasiliyor-14.jpg'><img decoding=\"async\" width=\"1024\" height=\"683\" src=\"https:\/\/tdv.org\/tr-TR\/wp-content\/uploads\/2026\/02\/turkiye-nin-destekleriyle-insa-edilen-uskup-camisi-ndeki-calismalarda-sona-yaklasiliyor-14-1024x683.jpg\" class=\"attachment-large size-large\" alt=\"T\u00fcrkiye&#039;nin destekleriyle in\u015fa edilen \u00dcsk\u00fcp Camisi&#039;ndeki \u00e7al\u0131\u015fmalarda sona yakla\u015f\u0131l\u0131yor\" aria-describedby=\"gallery-1-55128\" srcset=\"https:\/\/tdv.org\/tr-TR\/wp-content\/uploads\/2026\/02\/turkiye-nin-destekleriyle-insa-edilen-uskup-camisi-ndeki-calismalarda-sona-yaklasiliyor-14-1024x683.jpg 1024w, https:\/\/tdv.org\/tr-TR\/wp-content\/uploads\/2026\/02\/turkiye-nin-destekleriyle-insa-edilen-uskup-camisi-ndeki-calismalarda-sona-yaklasiliyor-14-300x200.jpg 300w, https:\/\/tdv.org\/tr-TR\/wp-content\/uploads\/2026\/02\/turkiye-nin-destekleriyle-insa-edilen-uskup-camisi-ndeki-calismalarda-sona-yaklasiliyor-14-768x512.jpg 768w, https:\/\/tdv.org\/tr-TR\/wp-content\/uploads\/2026\/02\/turkiye-nin-destekleriyle-insa-edilen-uskup-camisi-ndeki-calismalarda-sona-yaklasiliyor-14-900x600.jpg 900w, https:\/\/tdv.org\/tr-TR\/wp-content\/uploads\/2026\/02\/turkiye-nin-destekleriyle-insa-edilen-uskup-camisi-ndeki-calismalarda-sona-yaklasiliyor-14.jpg 1152w\" sizes=\"(max-width: 1024px) 100vw, 1024px\" \/><\/a>\n\t\t\t<\/dt>\n\t\t\t\t<dd class='wp-caption-text gallery-caption' id='gallery-1-55128'>\n\t\t\t\tT\u00fcrkiye&#8217;nin destekleriyle in\u015fa edilen \u00dcsk\u00fcp Camisi&#8217;ndeki \u00e7al\u0131\u015fmalarda sona yakla\u015f\u0131l\u0131yor,Camii,\u00dcsk\u00fcp Camii, Bir Tu\u011flada Benim Olsun, cami yard\u0131m, cami ba\u011f\u0131\u015f\u0131,\n\t\t\t\t<\/dd><\/dl><dl class='gallery-item'>\n\t\t\t<dt class='gallery-icon landscape'>\n\t\t\t\t<a href='https:\/\/tdv.org\/tr-TR\/wp-content\/uploads\/2026\/02\/turkiye-nin-destekleriyle-insa-edilen-uskup-camisi-ndeki-calismalarda-sona-yaklasiliyor-15.jpg'><img decoding=\"async\" width=\"1024\" height=\"683\" src=\"https:\/\/tdv.org\/tr-TR\/wp-content\/uploads\/2026\/02\/turkiye-nin-destekleriyle-insa-edilen-uskup-camisi-ndeki-calismalarda-sona-yaklasiliyor-15-1024x683.jpg\" class=\"attachment-large size-large\" alt=\"T\u00fcrkiye&#039;nin destekleriyle in\u015fa edilen \u00dcsk\u00fcp Camisi&#039;ndeki \u00e7al\u0131\u015fmalarda sona yakla\u015f\u0131l\u0131yor\" aria-describedby=\"gallery-1-55129\" srcset=\"https:\/\/tdv.org\/tr-TR\/wp-content\/uploads\/2026\/02\/turkiye-nin-destekleriyle-insa-edilen-uskup-camisi-ndeki-calismalarda-sona-yaklasiliyor-15-1024x683.jpg 1024w, https:\/\/tdv.org\/tr-TR\/wp-content\/uploads\/2026\/02\/turkiye-nin-destekleriyle-insa-edilen-uskup-camisi-ndeki-calismalarda-sona-yaklasiliyor-15-300x200.jpg 300w, https:\/\/tdv.org\/tr-TR\/wp-content\/uploads\/2026\/02\/turkiye-nin-destekleriyle-insa-edilen-uskup-camisi-ndeki-calismalarda-sona-yaklasiliyor-15-768x512.jpg 768w, https:\/\/tdv.org\/tr-TR\/wp-content\/uploads\/2026\/02\/turkiye-nin-destekleriyle-insa-edilen-uskup-camisi-ndeki-calismalarda-sona-yaklasiliyor-15-900x600.jpg 900w, https:\/\/tdv.org\/tr-TR\/wp-content\/uploads\/2026\/02\/turkiye-nin-destekleriyle-insa-edilen-uskup-camisi-ndeki-calismalarda-sona-yaklasiliyor-15.jpg 1152w\" sizes=\"(max-width: 1024px) 100vw, 1024px\" \/><\/a>\n\t\t\t<\/dt>\n\t\t\t\t<dd class='wp-caption-text gallery-caption' id='gallery-1-55129'>\n\t\t\t\tT\u00fcrkiye&#8217;nin destekleriyle in\u015fa edilen \u00dcsk\u00fcp Camisi&#8217;ndeki \u00e7al\u0131\u015fmalarda sona yakla\u015f\u0131l\u0131yor,Camii,\u00dcsk\u00fcp Camii, Bir Tu\u011flada Benim Olsun, cami yard\u0131m, cami ba\u011f\u0131\u015f\u0131,\n\t\t\t\t<\/dd><\/dl><br style=\"clear: both\" \/><dl class='gallery-item'>\n\t\t\t<dt class='gallery-icon landscape'>\n\t\t\t\t<a href='https:\/\/tdv.org\/tr-TR\/wp-content\/uploads\/2026\/02\/turkiye-nin-destekleriyle-insa-edilen-uskup-camisi-ndeki-calismalarda-sona-yaklasiliyor-16.jpg'><img decoding=\"async\" width=\"1024\" height=\"683\" src=\"https:\/\/tdv.org\/tr-TR\/wp-content\/uploads\/2026\/02\/turkiye-nin-destekleriyle-insa-edilen-uskup-camisi-ndeki-calismalarda-sona-yaklasiliyor-16-1024x683.jpg\" class=\"attachment-large size-large\" alt=\"T\u00fcrkiye&#039;nin destekleriyle in\u015fa edilen \u00dcsk\u00fcp Camisi&#039;ndeki \u00e7al\u0131\u015fmalarda sona yakla\u015f\u0131l\u0131yor\" aria-describedby=\"gallery-1-55130\" srcset=\"https:\/\/tdv.org\/tr-TR\/wp-content\/uploads\/2026\/02\/turkiye-nin-destekleriyle-insa-edilen-uskup-camisi-ndeki-calismalarda-sona-yaklasiliyor-16-1024x683.jpg 1024w, https:\/\/tdv.org\/tr-TR\/wp-content\/uploads\/2026\/02\/turkiye-nin-destekleriyle-insa-edilen-uskup-camisi-ndeki-calismalarda-sona-yaklasiliyor-16-300x200.jpg 300w, https:\/\/tdv.org\/tr-TR\/wp-content\/uploads\/2026\/02\/turkiye-nin-destekleriyle-insa-edilen-uskup-camisi-ndeki-calismalarda-sona-yaklasiliyor-16-768x512.jpg 768w, https:\/\/tdv.org\/tr-TR\/wp-content\/uploads\/2026\/02\/turkiye-nin-destekleriyle-insa-edilen-uskup-camisi-ndeki-calismalarda-sona-yaklasiliyor-16-900x600.jpg 900w, https:\/\/tdv.org\/tr-TR\/wp-content\/uploads\/2026\/02\/turkiye-nin-destekleriyle-insa-edilen-uskup-camisi-ndeki-calismalarda-sona-yaklasiliyor-16.jpg 1152w\" sizes=\"(max-width: 1024px) 100vw, 1024px\" \/><\/a>\n\t\t\t<\/dt>\n\t\t\t\t<dd class='wp-caption-text gallery-caption' id='gallery-1-55130'>\n\t\t\t\tT\u00fcrkiye&#8217;nin destekleriyle in\u015fa edilen \u00dcsk\u00fcp Camisi&#8217;ndeki \u00e7al\u0131\u015fmalarda sona yakla\u015f\u0131l\u0131yor,Camii,\u00dcsk\u00fcp Camii, Bir Tu\u011flada Benim Olsun, cami yard\u0131m, cami ba\u011f\u0131\u015f\u0131,\n\t\t\t\t<\/dd><\/dl><dl class='gallery-item'>\n\t\t\t<dt class='gallery-icon landscape'>\n\t\t\t\t<a href='https:\/\/tdv.org\/tr-TR\/wp-content\/uploads\/2026\/02\/turkiye-nin-destekleriyle-insa-edilen-uskup-camisi-ndeki-calismalarda-sona-yaklasiliyor-17.jpg'><img decoding=\"async\" width=\"1024\" height=\"576\" src=\"https:\/\/tdv.org\/tr-TR\/wp-content\/uploads\/2026\/02\/turkiye-nin-destekleriyle-insa-edilen-uskup-camisi-ndeki-calismalarda-sona-yaklasiliyor-17-1024x576.jpg\" class=\"attachment-large size-large\" alt=\"T\u00fcrkiye&#039;nin destekleriyle in\u015fa edilen \u00dcsk\u00fcp Camisi&#039;ndeki \u00e7al\u0131\u015fmalarda sona yakla\u015f\u0131l\u0131yor\" aria-describedby=\"gallery-1-55131\" srcset=\"https:\/\/tdv.org\/tr-TR\/wp-content\/uploads\/2026\/02\/turkiye-nin-destekleriyle-insa-edilen-uskup-camisi-ndeki-calismalarda-sona-yaklasiliyor-17-1024x576.jpg 1024w, https:\/\/tdv.org\/tr-TR\/wp-content\/uploads\/2026\/02\/turkiye-nin-destekleriyle-insa-edilen-uskup-camisi-ndeki-calismalarda-sona-yaklasiliyor-17-300x169.jpg 300w, https:\/\/tdv.org\/tr-TR\/wp-content\/uploads\/2026\/02\/turkiye-nin-destekleriyle-insa-edilen-uskup-camisi-ndeki-calismalarda-sona-yaklasiliyor-17-768x432.jpg 768w, https:\/\/tdv.org\/tr-TR\/wp-content\/uploads\/2026\/02\/turkiye-nin-destekleriyle-insa-edilen-uskup-camisi-ndeki-calismalarda-sona-yaklasiliyor-17.jpg 1365w\" sizes=\"(max-width: 1024px) 100vw, 1024px\" \/><\/a>\n\t\t\t<\/dt>\n\t\t\t\t<dd class='wp-caption-text gallery-caption' id='gallery-1-55131'>\n\t\t\t\tT\u00fcrkiye&#8217;nin destekleriyle in\u015fa edilen \u00dcsk\u00fcp Camisi&#8217;ndeki \u00e7al\u0131\u015fmalarda sona yakla\u015f\u0131l\u0131yor,Camii,\u00dcsk\u00fcp Camii, Bir Tu\u011flada Benim Olsun, cami yard\u0131m, cami ba\u011f\u0131\u015f\u0131,\n\t\t\t\t<\/dd><\/dl>\n\t\t\t<br style='clear: both' \/>\n\t\t<\/div>\n\n","protected":false},"excerpt":{"rendered":"<p>T\u00fcrkiye\u00a0Diyanet\u00a0Vakf\u0131\u00a0(TDV) taraf\u0131ndan Kuzey Makedonya&#8217;n\u0131n ba\u015fkenti \u00dcsk\u00fcp&#8217;te in\u015fa edilen \u00dcsk\u00fcp Camisi&#8216;ndeki \u00e7al\u0131\u015fmalarda son dokunu\u015flar yap\u0131l\u0131yor. TDV taraf\u0131ndan in\u015faat\u0131 2017&#8217;de ba\u015flat\u0131lan, \u00dcsk\u00fcp&#8217;teki \u00c7ay\u0131r Belediyesi s\u0131n\u0131rlar\u0131 i\u00e7erisinde bulunan Tophane Mahallesi&#8217;nde yer alan ve&#8230;<\/p>\n","protected":false},"author":8,"featured_media":55131,"comment_status":"closed","ping_status":"closed","sticky":false,"template":"","format":"standard","meta":{"footnotes":""},"categories":[1],"tags":[381,339,340,438,488],"class_list":{"0":"post-55114","1":"post","2":"type-post","3":"status-publish","4":"format-standard","5":"has-post-thumbnail","7":"category-haberler","8":"tag-bir-tugla-da-benim-olsun","9":"tag-bir-tuglada-benim-olsun","10":"tag-cami","11":"tag-camiler","12":"tag-uskup"},"yoast_head":"<!-- This site is optimized with the Yoast SEO plugin v27.5 - https:\/\/yoast.com\/product\/yoast-seo-wordpress\/ -->\n<title>T\u00fcrkiye&#039;nin destekleriyle in\u015fa edilen \u00dcsk\u00fcp Camisi&#039;ndeki \u00e7al\u0131\u015fmalarda sona yakla\u015f\u0131l\u0131yor<\/title>\n<meta name=\"description\" content=\"T\u00fcrkiye\u00a0Diyanet\u00a0Vakf\u0131\u00a0(TDV) taraf\u0131ndan Kuzey Makedonya&#039;n\u0131n ba\u015fkenti \u00dcsk\u00fcp&#039;te in\u015fa edilen \u00dcsk\u00fcp Camisi&#039;ndeki \u00e7al\u0131\u015fmalarda son dokunu\u015flar yap\u0131l\u0131yor.\" \/>\n<meta name=\"robots\" content=\"index, follow, max-snippet:-1, max-image-preview:large, max-video-preview:-1\" \/>\n<link rel=\"canonical\" href=\"https:\/\/tdv.org\/tr-TR\/turkiyenin-destekleriyle-insa-edilen-uskup-camisindeki-calismalarda-sona-yaklasiliyor\/\" \/>\n<meta property=\"og:locale\" content=\"tr_TR\" \/>\n<meta property=\"og:type\" content=\"article\" \/>\n<meta property=\"og:title\" content=\"T\u00fcrkiye&#039;nin destekleriyle in\u015fa edilen \u00dcsk\u00fcp Camisi&#039;ndeki \u00e7al\u0131\u015fmalarda sona yakla\u015f\u0131l\u0131yor\" \/>\n<meta property=\"og:description\" content=\"T\u00fcrkiye\u00a0Diyanet\u00a0Vakf\u0131\u00a0(TDV) taraf\u0131ndan Kuzey Makedonya&#039;n\u0131n ba\u015fkenti \u00dcsk\u00fcp&#039;te in\u015fa edilen \u00dcsk\u00fcp Camisi&#039;ndeki \u00e7al\u0131\u015fmalarda son dokunu\u015flar yap\u0131l\u0131yor.\" \/>\n<meta property=\"og:url\" content=\"https:\/\/tdv.org\/tr-TR\/turkiyenin-destekleriyle-insa-edilen-uskup-camisindeki-calismalarda-sona-yaklasiliyor\/\" \/>\n<meta property=\"og:site_name\" content=\"T\u00fcrkiye Diyanet Vakf\u0131 Resmi Web Sitesi\" \/>\n<meta property=\"article:publisher\" content=\"https:\/\/www.facebook.com\/Diyanetvakfi\/\" \/>\n<meta property=\"article:published_time\" content=\"2026-02-16T06:04:52+00:00\" \/>\n<meta property=\"article:modified_time\" content=\"2026-02-16T06:13:25+00:00\" \/>\n<meta property=\"og:image\" content=\"https:\/\/tdv.org\/tr-TR\/wp-content\/uploads\/2026\/02\/turkiye-nin-destekleriyle-insa-edilen-uskup-camisi-ndeki-calismalarda-sona-yaklasiliyor-17.jpg\" \/>\n\t<meta property=\"og:image:width\" content=\"1365\" \/>\n\t<meta property=\"og:image:height\" content=\"768\" \/>\n\t<meta property=\"og:image:type\" content=\"image\/jpeg\" \/>\n<meta name=\"author\" content=\"Selim\" \/>\n<meta name=\"twitter:card\" content=\"summary_large_image\" \/>\n<meta name=\"twitter:creator\" content=\"@DiyanetVakfi\" \/>\n<meta name=\"twitter:site\" content=\"@DiyanetVakfi\" \/>\n<script type=\"application\/ld+json\" class=\"yoast-schema-graph\">{\"@context\":\"https:\\\/\\\/schema.org\",\"@graph\":[{\"@type\":\"Article\",\"@id\":\"https:\\\/\\\/tdv.org\\\/tr-TR\\\/turkiyenin-destekleriyle-insa-edilen-uskup-camisindeki-calismalarda-sona-yaklasiliyor\\\/#article\",\"isPartOf\":{\"@id\":\"https:\\\/\\\/tdv.org\\\/tr-TR\\\/turkiyenin-destekleriyle-insa-edilen-uskup-camisindeki-calismalarda-sona-yaklasiliyor\\\/\"},\"author\":{\"name\":\"Selim\",\"@id\":\"https:\\\/\\\/tdv.org\\\/tr-TR\\\/#\\\/schema\\\/person\\\/752b55e264a99273d55636516d96d5eb\"},\"headline\":\"T\u00fcrkiye&#8217;nin destekleriyle in\u015fa edilen \u00dcsk\u00fcp Camisi&#8217;ndeki \u00e7al\u0131\u015fmalarda sona yakla\u015f\u0131l\u0131yor\",\"datePublished\":\"2026-02-16T06:04:52+00:00\",\"dateModified\":\"2026-02-16T06:13:25+00:00\",\"mainEntityOfPage\":{\"@id\":\"https:\\\/\\\/tdv.org\\\/tr-TR\\\/turkiyenin-destekleriyle-insa-edilen-uskup-camisindeki-calismalarda-sona-yaklasiliyor\\\/\"},\"wordCount\":644,\"publisher\":{\"@id\":\"https:\\\/\\\/tdv.org\\\/tr-TR\\\/#organization\"},\"image\":{\"@id\":\"https:\\\/\\\/tdv.org\\\/tr-TR\\\/turkiyenin-destekleriyle-insa-edilen-uskup-camisindeki-calismalarda-sona-yaklasiliyor\\\/#primaryimage\"},\"thumbnailUrl\":\"https:\\\/\\\/tdv.org\\\/tr-TR\\\/wp-content\\\/uploads\\\/2026\\\/02\\\/turkiye-nin-destekleriyle-insa-edilen-uskup-camisi-ndeki-calismalarda-sona-yaklasiliyor-17.jpg\",\"keywords\":[\"bir tu\u011fla da benim olsun\",\"bir tu\u011flada benim olsun\",\"cami\",\"camiler\",\"\u00dcsk\u00fcp\"],\"articleSection\":[\"Haberler\"],\"inLanguage\":\"tr\"},{\"@type\":\"WebPage\",\"@id\":\"https:\\\/\\\/tdv.org\\\/tr-TR\\\/turkiyenin-destekleriyle-insa-edilen-uskup-camisindeki-calismalarda-sona-yaklasiliyor\\\/\",\"url\":\"https:\\\/\\\/tdv.org\\\/tr-TR\\\/turkiyenin-destekleriyle-insa-edilen-uskup-camisindeki-calismalarda-sona-yaklasiliyor\\\/\",\"name\":\"T\u00fcrkiye'nin destekleriyle in\u015fa edilen \u00dcsk\u00fcp Camisi'ndeki \u00e7al\u0131\u015fmalarda sona yakla\u015f\u0131l\u0131yor\",\"isPartOf\":{\"@id\":\"https:\\\/\\\/tdv.org\\\/tr-TR\\\/#website\"},\"primaryImageOfPage\":{\"@id\":\"https:\\\/\\\/tdv.org\\\/tr-TR\\\/turkiyenin-destekleriyle-insa-edilen-uskup-camisindeki-calismalarda-sona-yaklasiliyor\\\/#primaryimage\"},\"image\":{\"@id\":\"https:\\\/\\\/tdv.org\\\/tr-TR\\\/turkiyenin-destekleriyle-insa-edilen-uskup-camisindeki-calismalarda-sona-yaklasiliyor\\\/#primaryimage\"},\"thumbnailUrl\":\"https:\\\/\\\/tdv.org\\\/tr-TR\\\/wp-content\\\/uploads\\\/2026\\\/02\\\/turkiye-nin-destekleriyle-insa-edilen-uskup-camisi-ndeki-calismalarda-sona-yaklasiliyor-17.jpg\",\"datePublished\":\"2026-02-16T06:04:52+00:00\",\"dateModified\":\"2026-02-16T06:13:25+00:00\",\"description\":\"T\u00fcrkiye\u00a0Diyanet\u00a0Vakf\u0131\u00a0(TDV) taraf\u0131ndan Kuzey Makedonya'n\u0131n ba\u015fkenti \u00dcsk\u00fcp'te in\u015fa edilen \u00dcsk\u00fcp Camisi'ndeki \u00e7al\u0131\u015fmalarda son dokunu\u015flar yap\u0131l\u0131yor.\",\"breadcrumb\":{\"@id\":\"https:\\\/\\\/tdv.org\\\/tr-TR\\\/turkiyenin-destekleriyle-insa-edilen-uskup-camisindeki-calismalarda-sona-yaklasiliyor\\\/#breadcrumb\"},\"inLanguage\":\"tr\",\"potentialAction\":[{\"@type\":\"ReadAction\",\"target\":[\"https:\\\/\\\/tdv.org\\\/tr-TR\\\/turkiyenin-destekleriyle-insa-edilen-uskup-camisindeki-calismalarda-sona-yaklasiliyor\\\/\"]}]},{\"@type\":\"ImageObject\",\"inLanguage\":\"tr\",\"@id\":\"https:\\\/\\\/tdv.org\\\/tr-TR\\\/turkiyenin-destekleriyle-insa-edilen-uskup-camisindeki-calismalarda-sona-yaklasiliyor\\\/#primaryimage\",\"url\":\"https:\\\/\\\/tdv.org\\\/tr-TR\\\/wp-content\\\/uploads\\\/2026\\\/02\\\/turkiye-nin-destekleriyle-insa-edilen-uskup-camisi-ndeki-calismalarda-sona-yaklasiliyor-17.jpg\",\"contentUrl\":\"https:\\\/\\\/tdv.org\\\/tr-TR\\\/wp-content\\\/uploads\\\/2026\\\/02\\\/turkiye-nin-destekleriyle-insa-edilen-uskup-camisi-ndeki-calismalarda-sona-yaklasiliyor-17.jpg\",\"width\":1365,\"height\":768,\"caption\":\"T\u00fcrkiye'nin destekleriyle in\u015fa edilen \u00dcsk\u00fcp Camisi'ndeki \u00e7al\u0131\u015fmalarda sona yakla\u015f\u0131l\u0131yor,Camii,\u00dcsk\u00fcp Camii, Bir Tu\u011flada Benim Olsun, cami yard\u0131m, cami ba\u011f\u0131\u015f\u0131,\"},{\"@type\":\"BreadcrumbList\",\"@id\":\"https:\\\/\\\/tdv.org\\\/tr-TR\\\/turkiyenin-destekleriyle-insa-edilen-uskup-camisindeki-calismalarda-sona-yaklasiliyor\\\/#breadcrumb\",\"itemListElement\":[{\"@type\":\"ListItem\",\"position\":1,\"name\":\"Anasayfa\",\"item\":\"https:\\\/\\\/tdv.org\\\/tr-TR\\\/\"},{\"@type\":\"ListItem\",\"position\":2,\"name\":\"T\u00fcrkiye&#8217;nin destekleriyle in\u015fa edilen \u00dcsk\u00fcp Camisi&#8217;ndeki \u00e7al\u0131\u015fmalarda sona yakla\u015f\u0131l\u0131yor\"}]},{\"@type\":\"WebSite\",\"@id\":\"https:\\\/\\\/tdv.org\\\/tr-TR\\\/#website\",\"url\":\"https:\\\/\\\/tdv.org\\\/tr-TR\\\/\",\"name\":\"T\u00fcrkiye Diyanet Vakf\u0131 Resmi Web Sitesi\",\"description\":\"Yery\u00fcz\u00fcnde iyilik egemen oluncaya kadar\",\"publisher\":{\"@id\":\"https:\\\/\\\/tdv.org\\\/tr-TR\\\/#organization\"},\"alternateName\":\"T\u00fcrkiye Diyanet Vakf\u0131\",\"potentialAction\":[{\"@type\":\"SearchAction\",\"target\":{\"@type\":\"EntryPoint\",\"urlTemplate\":\"https:\\\/\\\/tdv.org\\\/tr-TR\\\/?s={search_term_string}\"},\"query-input\":{\"@type\":\"PropertyValueSpecification\",\"valueRequired\":true,\"valueName\":\"search_term_string\"}}],\"inLanguage\":\"tr\"},{\"@type\":\"Organization\",\"@id\":\"https:\\\/\\\/tdv.org\\\/tr-TR\\\/#organization\",\"name\":\"T\u00fcrkiye Diyanet Vakf\u0131\",\"alternateName\":\"T\u00fcrkiye Diyanet Vakf\u0131\",\"url\":\"https:\\\/\\\/tdv.org\\\/tr-TR\\\/\",\"logo\":{\"@type\":\"ImageObject\",\"inLanguage\":\"tr\",\"@id\":\"https:\\\/\\\/tdv.org\\\/tr-TR\\\/#\\\/schema\\\/logo\\\/image\\\/\",\"url\":\"https:\\\/\\\/tdv.org\\\/tr-TR\\\/wp-content\\\/uploads\\\/2018\\\/12\\\/TDV_Logo_1.png\",\"contentUrl\":\"https:\\\/\\\/tdv.org\\\/tr-TR\\\/wp-content\\\/uploads\\\/2018\\\/12\\\/TDV_Logo_1.png\",\"width\":207,\"height\":71,\"caption\":\"T\u00fcrkiye Diyanet Vakf\u0131\"},\"image\":{\"@id\":\"https:\\\/\\\/tdv.org\\\/tr-TR\\\/#\\\/schema\\\/logo\\\/image\\\/\"},\"sameAs\":[\"https:\\\/\\\/www.facebook.com\\\/Diyanetvakfi\\\/\",\"https:\\\/\\\/x.com\\\/DiyanetVakfi\",\"https:\\\/\\\/www.instagram.com\\\/turkiyediyanetvakfi\\\/\",\"https:\\\/\\\/www.youtube.com\\\/user\\\/TurkiyeDiyanetVakfi\"]},{\"@type\":\"Person\",\"@id\":\"https:\\\/\\\/tdv.org\\\/tr-TR\\\/#\\\/schema\\\/person\\\/752b55e264a99273d55636516d96d5eb\",\"name\":\"Selim\",\"image\":{\"@type\":\"ImageObject\",\"inLanguage\":\"tr\",\"@id\":\"https:\\\/\\\/tdv.org\\\/tr-TR\\\/wp-content\\\/litespeed\\\/avatar\\\/a1e47b25396e98e5b781e88a5396cd96.jpg?ver=1777287391\",\"url\":\"https:\\\/\\\/tdv.org\\\/tr-TR\\\/wp-content\\\/litespeed\\\/avatar\\\/a1e47b25396e98e5b781e88a5396cd96.jpg?ver=1777287391\",\"contentUrl\":\"https:\\\/\\\/tdv.org\\\/tr-TR\\\/wp-content\\\/litespeed\\\/avatar\\\/a1e47b25396e98e5b781e88a5396cd96.jpg?ver=1777287391\",\"caption\":\"Selim\"}}]}<\/script>\n<!-- \/ Yoast SEO plugin. -->","yoast_head_json":{"title":"T\u00fcrkiye'nin destekleriyle in\u015fa edilen \u00dcsk\u00fcp Camisi'ndeki \u00e7al\u0131\u015fmalarda sona yakla\u015f\u0131l\u0131yor","description":"T\u00fcrkiye\u00a0Diyanet\u00a0Vakf\u0131\u00a0(TDV) taraf\u0131ndan Kuzey Makedonya'n\u0131n ba\u015fkenti \u00dcsk\u00fcp'te in\u015fa edilen \u00dcsk\u00fcp Camisi'ndeki \u00e7al\u0131\u015fmalarda son dokunu\u015flar yap\u0131l\u0131yor.","robots":{"index":"index","follow":"follow","max-snippet":"max-snippet:-1","max-image-preview":"max-image-preview:large","max-video-preview":"max-video-preview:-1"},"canonical":"https:\/\/tdv.org\/tr-TR\/turkiyenin-destekleriyle-insa-edilen-uskup-camisindeki-calismalarda-sona-yaklasiliyor\/","og_locale":"tr_TR","og_type":"article","og_title":"T\u00fcrkiye'nin destekleriyle in\u015fa edilen \u00dcsk\u00fcp Camisi'ndeki \u00e7al\u0131\u015fmalarda sona yakla\u015f\u0131l\u0131yor","og_description":"T\u00fcrkiye\u00a0Diyanet\u00a0Vakf\u0131\u00a0(TDV) taraf\u0131ndan Kuzey Makedonya'n\u0131n ba\u015fkenti \u00dcsk\u00fcp'te in\u015fa edilen \u00dcsk\u00fcp Camisi'ndeki \u00e7al\u0131\u015fmalarda son dokunu\u015flar yap\u0131l\u0131yor.","og_url":"https:\/\/tdv.org\/tr-TR\/turkiyenin-destekleriyle-insa-edilen-uskup-camisindeki-calismalarda-sona-yaklasiliyor\/","og_site_name":"T\u00fcrkiye Diyanet Vakf\u0131 Resmi Web Sitesi","article_publisher":"https:\/\/www.facebook.com\/Diyanetvakfi\/","article_published_time":"2026-02-16T06:04:52+00:00","article_modified_time":"2026-02-16T06:13:25+00:00","og_image":[{"width":1365,"height":768,"url":"https:\/\/tdv.org\/tr-TR\/wp-content\/uploads\/2026\/02\/turkiye-nin-destekleriyle-insa-edilen-uskup-camisi-ndeki-calismalarda-sona-yaklasiliyor-17.jpg","type":"image\/jpeg"}],"author":"Selim","twitter_card":"summary_large_image","twitter_creator":"@DiyanetVakfi","twitter_site":"@DiyanetVakfi","schema":{"@context":"https:\/\/schema.org","@graph":[{"@type":"Article","@id":"https:\/\/tdv.org\/tr-TR\/turkiyenin-destekleriyle-insa-edilen-uskup-camisindeki-calismalarda-sona-yaklasiliyor\/#article","isPartOf":{"@id":"https:\/\/tdv.org\/tr-TR\/turkiyenin-destekleriyle-insa-edilen-uskup-camisindeki-calismalarda-sona-yaklasiliyor\/"},"author":{"name":"Selim","@id":"https:\/\/tdv.org\/tr-TR\/#\/schema\/person\/752b55e264a99273d55636516d96d5eb"},"headline":"T\u00fcrkiye&#8217;nin destekleriyle in\u015fa edilen \u00dcsk\u00fcp Camisi&#8217;ndeki \u00e7al\u0131\u015fmalarda sona yakla\u015f\u0131l\u0131yor","datePublished":"2026-02-16T06:04:52+00:00","dateModified":"2026-02-16T06:13:25+00:00","mainEntityOfPage":{"@id":"https:\/\/tdv.org\/tr-TR\/turkiyenin-destekleriyle-insa-edilen-uskup-camisindeki-calismalarda-sona-yaklasiliyor\/"},"wordCount":644,"publisher":{"@id":"https:\/\/tdv.org\/tr-TR\/#organization"},"image":{"@id":"https:\/\/tdv.org\/tr-TR\/turkiyenin-destekleriyle-insa-edilen-uskup-camisindeki-calismalarda-sona-yaklasiliyor\/#primaryimage"},"thumbnailUrl":"https:\/\/tdv.org\/tr-TR\/wp-content\/uploads\/2026\/02\/turkiye-nin-destekleriyle-insa-edilen-uskup-camisi-ndeki-calismalarda-sona-yaklasiliyor-17.jpg","keywords":["bir tu\u011fla da benim olsun","bir tu\u011flada benim olsun","cami","camiler","\u00dcsk\u00fcp"],"articleSection":["Haberler"],"inLanguage":"tr"},{"@type":"WebPage","@id":"https:\/\/tdv.org\/tr-TR\/turkiyenin-destekleriyle-insa-edilen-uskup-camisindeki-calismalarda-sona-yaklasiliyor\/","url":"https:\/\/tdv.org\/tr-TR\/turkiyenin-destekleriyle-insa-edilen-uskup-camisindeki-calismalarda-sona-yaklasiliyor\/","name":"T\u00fcrkiye'nin destekleriyle in\u015fa edilen \u00dcsk\u00fcp Camisi'ndeki \u00e7al\u0131\u015fmalarda sona yakla\u015f\u0131l\u0131yor","isPartOf":{"@id":"https:\/\/tdv.org\/tr-TR\/#website"},"primaryImageOfPage":{"@id":"https:\/\/tdv.org\/tr-TR\/turkiyenin-destekleriyle-insa-edilen-uskup-camisindeki-calismalarda-sona-yaklasiliyor\/#primaryimage"},"image":{"@id":"https:\/\/tdv.org\/tr-TR\/turkiyenin-destekleriyle-insa-edilen-uskup-camisindeki-calismalarda-sona-yaklasiliyor\/#primaryimage"},"thumbnailUrl":"https:\/\/tdv.org\/tr-TR\/wp-content\/uploads\/2026\/02\/turkiye-nin-destekleriyle-insa-edilen-uskup-camisi-ndeki-calismalarda-sona-yaklasiliyor-17.jpg","datePublished":"2026-02-16T06:04:52+00:00","dateModified":"2026-02-16T06:13:25+00:00","description":"T\u00fcrkiye\u00a0Diyanet\u00a0Vakf\u0131\u00a0(TDV) taraf\u0131ndan Kuzey Makedonya'n\u0131n ba\u015fkenti \u00dcsk\u00fcp'te in\u015fa edilen \u00dcsk\u00fcp Camisi'ndeki \u00e7al\u0131\u015fmalarda son dokunu\u015flar yap\u0131l\u0131yor.","breadcrumb":{"@id":"https:\/\/tdv.org\/tr-TR\/turkiyenin-destekleriyle-insa-edilen-uskup-camisindeki-calismalarda-sona-yaklasiliyor\/#breadcrumb"},"inLanguage":"tr","potentialAction":[{"@type":"ReadAction","target":["https:\/\/tdv.org\/tr-TR\/turkiyenin-destekleriyle-insa-edilen-uskup-camisindeki-calismalarda-sona-yaklasiliyor\/"]}]},{"@type":"ImageObject","inLanguage":"tr","@id":"https:\/\/tdv.org\/tr-TR\/turkiyenin-destekleriyle-insa-edilen-uskup-camisindeki-calismalarda-sona-yaklasiliyor\/#primaryimage","url":"https:\/\/tdv.org\/tr-TR\/wp-content\/uploads\/2026\/02\/turkiye-nin-destekleriyle-insa-edilen-uskup-camisi-ndeki-calismalarda-sona-yaklasiliyor-17.jpg","contentUrl":"https:\/\/tdv.org\/tr-TR\/wp-content\/uploads\/2026\/02\/turkiye-nin-destekleriyle-insa-edilen-uskup-camisi-ndeki-calismalarda-sona-yaklasiliyor-17.jpg","width":1365,"height":768,"caption":"T\u00fcrkiye'nin destekleriyle in\u015fa edilen \u00dcsk\u00fcp Camisi'ndeki \u00e7al\u0131\u015fmalarda sona yakla\u015f\u0131l\u0131yor,Camii,\u00dcsk\u00fcp Camii, Bir Tu\u011flada Benim Olsun, cami yard\u0131m, cami ba\u011f\u0131\u015f\u0131,"},{"@type":"BreadcrumbList","@id":"https:\/\/tdv.org\/tr-TR\/turkiyenin-destekleriyle-insa-edilen-uskup-camisindeki-calismalarda-sona-yaklasiliyor\/#breadcrumb","itemListElement":[{"@type":"ListItem","position":1,"name":"Anasayfa","item":"https:\/\/tdv.org\/tr-TR\/"},{"@type":"ListItem","position":2,"name":"T\u00fcrkiye&#8217;nin destekleriyle in\u015fa edilen \u00dcsk\u00fcp Camisi&#8217;ndeki \u00e7al\u0131\u015fmalarda sona yakla\u015f\u0131l\u0131yor"}]},{"@type":"WebSite","@id":"https:\/\/tdv.org\/tr-TR\/#website","url":"https:\/\/tdv.org\/tr-TR\/","name":"T\u00fcrkiye Diyanet Vakf\u0131 Resmi Web Sitesi","description":"Yery\u00fcz\u00fcnde iyilik egemen oluncaya kadar","publisher":{"@id":"https:\/\/tdv.org\/tr-TR\/#organization"},"alternateName":"T\u00fcrkiye Diyanet Vakf\u0131","potentialAction":[{"@type":"SearchAction","target":{"@type":"EntryPoint","urlTemplate":"https:\/\/tdv.org\/tr-TR\/?s={search_term_string}"},"query-input":{"@type":"PropertyValueSpecification","valueRequired":true,"valueName":"search_term_string"}}],"inLanguage":"tr"},{"@type":"Organization","@id":"https:\/\/tdv.org\/tr-TR\/#organization","name":"T\u00fcrkiye Diyanet Vakf\u0131","alternateName":"T\u00fcrkiye Diyanet Vakf\u0131","url":"https:\/\/tdv.org\/tr-TR\/","logo":{"@type":"ImageObject","inLanguage":"tr","@id":"https:\/\/tdv.org\/tr-TR\/#\/schema\/logo\/image\/","url":"https:\/\/tdv.org\/tr-TR\/wp-content\/uploads\/2018\/12\/TDV_Logo_1.png","contentUrl":"https:\/\/tdv.org\/tr-TR\/wp-content\/uploads\/2018\/12\/TDV_Logo_1.png","width":207,"height":71,"caption":"T\u00fcrkiye Diyanet Vakf\u0131"},"image":{"@id":"https:\/\/tdv.org\/tr-TR\/#\/schema\/logo\/image\/"},"sameAs":["https:\/\/www.facebook.com\/Diyanetvakfi\/","https:\/\/x.com\/DiyanetVakfi","https:\/\/www.instagram.com\/turkiyediyanetvakfi\/","https:\/\/www.youtube.com\/user\/TurkiyeDiyanetVakfi"]},{"@type":"Person","@id":"https:\/\/tdv.org\/tr-TR\/#\/schema\/person\/752b55e264a99273d55636516d96d5eb","name":"Selim","image":{"@type":"ImageObject","inLanguage":"tr","@id":"https:\/\/tdv.org\/tr-TR\/wp-content\/litespeed\/avatar\/a1e47b25396e98e5b781e88a5396cd96.jpg?ver=1777287391","url":"https:\/\/tdv.org\/tr-TR\/wp-content\/litespeed\/avatar\/a1e47b25396e98e5b781e88a5396cd96.jpg?ver=1777287391","contentUrl":"https:\/\/tdv.org\/tr-TR\/wp-content\/litespeed\/avatar\/a1e47b25396e98e5b781e88a5396cd96.jpg?ver=1777287391","caption":"Selim"}}]}},"_links":{"self":[{"href":"https:\/\/tdv.org\/tr-TR\/wp-json\/wp\/v2\/posts\/55114","targetHints":{"allow":["GET"]}}],"collection":[{"href":"https:\/\/tdv.org\/tr-TR\/wp-json\/wp\/v2\/posts"}],"about":[{"href":"https:\/\/tdv.org\/tr-TR\/wp-json\/wp\/v2\/types\/post"}],"author":[{"embeddable":true,"href":"https:\/\/tdv.org\/tr-TR\/wp-json\/wp\/v2\/users\/8"}],"replies":[{"embeddable":true,"href":"https:\/\/tdv.org\/tr-TR\/wp-json\/wp\/v2\/comments?post=55114"}],"version-history":[{"count":3,"href":"https:\/\/tdv.org\/tr-TR\/wp-json\/wp\/v2\/posts\/55114\/revisions"}],"predecessor-version":[{"id":55134,"href":"https:\/\/tdv.org\/tr-TR\/wp-json\/wp\/v2\/posts\/55114\/revisions\/55134"}],"wp:featuredmedia":[{"embeddable":true,"href":"https:\/\/tdv.org\/tr-TR\/wp-json\/wp\/v2\/media\/55131"}],"wp:attachment":[{"href":"https:\/\/tdv.org\/tr-TR\/wp-json\/wp\/v2\/media?parent=55114"}],"wp:term":[{"taxonomy":"category","embeddable":true,"href":"https:\/\/tdv.org\/tr-TR\/wp-json\/wp\/v2\/categories?post=55114"},{"taxonomy":"post_tag","embeddable":true,"href":"https:\/\/tdv.org\/tr-TR\/wp-json\/wp\/v2\/tags?post=55114"}],"curies":[{"name":"wp","href":"https:\/\/api.w.org\/{rel}","templated":true}]}}