{"id":55162,"date":"2026-02-17T14:42:48","date_gmt":"2026-02-17T11:42:48","guid":{"rendered":"https:\/\/tdv.org\/tr-TR\/?p=55162"},"modified":"2026-02-17T14:42:48","modified_gmt":"2026-02-17T11:42:48","slug":"turkiye-diyanet-vakfi-ozbekistanda-900-aileye-gida-yardimi-yapti","status":"publish","type":"post","link":"https:\/\/tdv.org\/tr-TR\/turkiye-diyanet-vakfi-ozbekistanda-900-aileye-gida-yardimi-yapti\/","title":{"rendered":"T\u00fcrkiye Diyanet Vakf\u0131, \u00d6zbekistan&#8217;da 900 aileye g\u0131da yard\u0131m\u0131 yapt\u0131"},"content":{"rendered":"<p style=\"text-align: justify;\"><a href=\"https:\/\/tdv.org\/tr-TR\/\" target=\"_blank\" rel=\"noopener\">T\u00fcrkiye\u00a0Diyanet\u00a0Vakf\u0131\u00a0(TDV),<\/a> <a href=\"https:\/\/bagis.tdv.org\/#ramazan\" target=\"_blank\" rel=\"noopener\">Ramazan<\/a> \u00f6ncesinde \u00d6zbekistan&#8217;da ihtiya\u00e7 sahibi 900 aileye <a href=\"https:\/\/bagis.tdv.org\/ramazan\/gida-paketi-39\" target=\"_blank\" rel=\"noopener\">g\u0131da yard\u0131m\u0131<\/a>nda bulundu.<\/p>\n<p style=\"text-align: justify;\">TDV&#8217;nin <a href=\"https:\/\/bagis.tdv.org\/#ramazan\" target=\"_blank\" rel=\"noopener\">Ramazan<\/a> ay\u0131 dolay\u0131s\u0131yla haz\u0131rlad\u0131\u011f\u0131 <a href=\"https:\/\/bagis.tdv.org\/ramazan\/gida-paketi-39\" target=\"_blank\" rel=\"noopener\">g\u0131da yard\u0131mlar\u0131<\/a>, ihtiya\u00e7 sahibi ailelere ula\u015ft\u0131r\u0131lmak \u00fczere T\u00fcrkiye&#8217;nin Ta\u015fkent B\u00fcy\u00fckel\u00e7ili\u011fi Din Hizmetleri M\u00fc\u015faviri Mahmut T\u00fcrk taraf\u0131ndan \u00d6zbekistan M\u00fcsl\u00fcmanlar\u0131 Dini \u0130daresi b\u00fcnyesindeki &#8220;Vaqf Yard\u0131mla\u015fma Fonu&#8221; yetkililerine teslim edildi.<\/p>\n<p style=\"text-align: justify;\">Haz\u0131rlanan 900 g\u0131da paketi &#8220;Vaqf Yard\u0131mla\u015fma Fonu&#8221; arac\u0131l\u0131\u011f\u0131yla \u00fclkenin Surhanderya b\u00f6lgesindeki ihtiya\u00e7 sahiplerine ula\u015ft\u0131r\u0131lacak.<\/p>\n<p style=\"text-align: justify;\">Din Hizmetleri M\u00fc\u015faviri T\u00fcrk, yapt\u0131\u011f\u0131 a\u00e7\u0131klamada, her sene oldu\u011fu gibi bu y\u0131l da <a href=\"https:\/\/bagis.tdv.org\/#ramazan\" target=\"_blank\" rel=\"noopener\">ramazan<\/a> ay\u0131 \u00f6ncesinde ihtiya\u00e7 sahibi \u00d6zbek ailelerin sofralar\u0131nda \u00e7e\u015fit olu\u015fturmak, a\u011f\u0131z tad\u0131na katk\u0131da bulunmak ve sofralar\u0131n\u0131 payla\u015fmak amac\u0131yla 900 aile i\u00e7in <a href=\"https:\/\/bagis.tdv.org\/ramazan\/gida-paketi-39\" target=\"_blank\" rel=\"noopener\">g\u0131da paketleri<\/a> haz\u0131rlad\u0131klar\u0131n\u0131 kaydetti.<\/p>\n<p style=\"text-align: justify;\">T\u00fcrk, s\u00f6z konusu yard\u0131mlar\u0131n \u00fclkenin Surhanderya b\u00f6lgesindeki ihtiya\u00e7 sahibi ailelere ula\u015ft\u0131r\u0131laca\u011f\u0131n\u0131 belirterek, da\u011f\u0131t\u0131ma \u00d6zbekistan M\u00fcsl\u00fcmanlar\u0131 Dini \u0130daresi b\u00fcnyesindeki Vaqf Yard\u0131mla\u015fma Fonu&#8217;nun destek sa\u011flayaca\u011f\u0131n\u0131 vurgulad\u0131.<\/p>\n<p style=\"text-align: justify;\">Vaqf Yard\u0131mla\u015fma Fonu D\u0131\u015f \u0130li\u015fkiler Daire Ba\u015fkan\u0131 Mircalal Kasimov da TDV taraf\u0131ndan sa\u011flanan g\u0131da yard\u0131m\u0131ndan dolay\u0131 T\u00fcrkiye&#8217;ye te\u015fekk\u00fcr ederek, g\u0131da paketlerinin en k\u0131sa zamanda ihtiya\u00e7 sahibi ailelere ula\u015ft\u0131r\u0131laca\u011f\u0131n\u0131 dile getirdi.<\/p>\n<p style=\"text-align: justify;\">Her biri 20&#8217;\u015fer kilogram olarak haz\u0131rlanan g\u0131da paketlerinde un, ay\u00e7i\u00e7e\u011fi ya\u011f\u0131, pirin\u00e7, makarna, \u00e7ay, tuz ve \u015feker gibi kuru <a href=\"https:\/\/bagis.tdv.org\/ramazan\/gida-paketi-39\" target=\"_blank\" rel=\"noopener\">g\u0131da \u00fcr\u00fcnleri<\/a> bulunuyor.<\/p>\n\n\t\t<style type=\"text\/css\">\n\t\t\t#gallery-1 {\n\t\t\t\tmargin: auto;\n\t\t\t}\n\t\t\t#gallery-1 .gallery-item {\n\t\t\t\tfloat: left;\n\t\t\t\tmargin-top: 10px;\n\t\t\t\ttext-align: center;\n\t\t\t\twidth: 33%;\n\t\t\t}\n\t\t\t#gallery-1 img {\n\t\t\t\tborder: 2px solid #cfcfcf;\n\t\t\t}\n\t\t\t#gallery-1 .gallery-caption {\n\t\t\t\tmargin-left: 0;\n\t\t\t}\n\t\t\t\/* see gallery_shortcode() in wp-includes\/media.php *\/\n\t\t<\/style>\n\t\t<div id='gallery-1' class='gallery galleryid-55162 gallery-columns-3 gallery-size-large'><dl class='gallery-item'>\n\t\t\t<dt class='gallery-icon landscape'>\n\t\t\t\t<a href='https:\/\/tdv.org\/tr-TR\/wp-content\/uploads\/2026\/02\/turkiye-diyanet-vakfi-ozbekistan-da-900-aileye-gida-yardimi-yapti-1.jpg'><img decoding=\"async\" width=\"1024\" height=\"577\" src=\"https:\/\/tdv.org\/tr-TR\/wp-content\/uploads\/2026\/02\/turkiye-diyanet-vakfi-ozbekistan-da-900-aileye-gida-yardimi-yapti-1-1024x577.jpg\" class=\"attachment-large size-large\" alt=\"T\u00fcrkiye Diyanet Vakf\u0131, \u00d6zbekistan&#039;da 900 aileye g\u0131da yard\u0131m\u0131 yapt\u0131\" aria-describedby=\"gallery-1-55163\" srcset=\"https:\/\/tdv.org\/tr-TR\/wp-content\/uploads\/2026\/02\/turkiye-diyanet-vakfi-ozbekistan-da-900-aileye-gida-yardimi-yapti-1-1024x577.jpg 1024w, https:\/\/tdv.org\/tr-TR\/wp-content\/uploads\/2026\/02\/turkiye-diyanet-vakfi-ozbekistan-da-900-aileye-gida-yardimi-yapti-1-300x169.jpg 300w, https:\/\/tdv.org\/tr-TR\/wp-content\/uploads\/2026\/02\/turkiye-diyanet-vakfi-ozbekistan-da-900-aileye-gida-yardimi-yapti-1-768x432.jpg 768w, https:\/\/tdv.org\/tr-TR\/wp-content\/uploads\/2026\/02\/turkiye-diyanet-vakfi-ozbekistan-da-900-aileye-gida-yardimi-yapti-1.jpg 1364w\" sizes=\"(max-width: 1024px) 100vw, 1024px\" \/><\/a>\n\t\t\t<\/dt>\n\t\t\t\t<dd class='wp-caption-text gallery-caption' id='gallery-1-55163'>\n\t\t\t\tT\u00fcrkiye Diyanet Vakf\u0131, \u00d6zbekistan&#8217;da 900 aileye g\u0131da yard\u0131m\u0131 yapt\u0131, g\u0131da, g\u0131da yard\u0131m\u0131, ramazan, ramazan 2026\n\t\t\t\t<\/dd><\/dl><dl class='gallery-item'>\n\t\t\t<dt class='gallery-icon landscape'>\n\t\t\t\t<a href='https:\/\/tdv.org\/tr-TR\/wp-content\/uploads\/2026\/02\/turkiye-diyanet-vakfi-ozbekistan-da-900-aileye-gida-yardimi-yapti-2.jpg'><img decoding=\"async\" width=\"1024\" height=\"577\" src=\"https:\/\/tdv.org\/tr-TR\/wp-content\/uploads\/2026\/02\/turkiye-diyanet-vakfi-ozbekistan-da-900-aileye-gida-yardimi-yapti-2-1024x577.jpg\" class=\"attachment-large size-large\" alt=\"T\u00fcrkiye Diyanet Vakf\u0131, \u00d6zbekistan&#039;da 900 aileye g\u0131da yard\u0131m\u0131 yapt\u0131\" aria-describedby=\"gallery-1-55164\" srcset=\"https:\/\/tdv.org\/tr-TR\/wp-content\/uploads\/2026\/02\/turkiye-diyanet-vakfi-ozbekistan-da-900-aileye-gida-yardimi-yapti-2-1024x577.jpg 1024w, https:\/\/tdv.org\/tr-TR\/wp-content\/uploads\/2026\/02\/turkiye-diyanet-vakfi-ozbekistan-da-900-aileye-gida-yardimi-yapti-2-300x169.jpg 300w, https:\/\/tdv.org\/tr-TR\/wp-content\/uploads\/2026\/02\/turkiye-diyanet-vakfi-ozbekistan-da-900-aileye-gida-yardimi-yapti-2-768x432.jpg 768w, https:\/\/tdv.org\/tr-TR\/wp-content\/uploads\/2026\/02\/turkiye-diyanet-vakfi-ozbekistan-da-900-aileye-gida-yardimi-yapti-2.jpg 1364w\" sizes=\"(max-width: 1024px) 100vw, 1024px\" \/><\/a>\n\t\t\t<\/dt>\n\t\t\t\t<dd class='wp-caption-text gallery-caption' id='gallery-1-55164'>\n\t\t\t\tT\u00fcrkiye Diyanet Vakf\u0131, \u00d6zbekistan&#8217;da 900 aileye g\u0131da yard\u0131m\u0131 yapt\u0131, g\u0131da, g\u0131da yard\u0131m\u0131, ramazan, ramazan 2026\n\t\t\t\t<\/dd><\/dl><dl class='gallery-item'>\n\t\t\t<dt class='gallery-icon landscape'>\n\t\t\t\t<a href='https:\/\/tdv.org\/tr-TR\/wp-content\/uploads\/2026\/02\/turkiye-diyanet-vakfi-ozbekistan-da-900-aileye-gida-yardimi-yapti-3.jpg'><img decoding=\"async\" width=\"1024\" height=\"577\" src=\"https:\/\/tdv.org\/tr-TR\/wp-content\/uploads\/2026\/02\/turkiye-diyanet-vakfi-ozbekistan-da-900-aileye-gida-yardimi-yapti-3-1024x577.jpg\" class=\"attachment-large size-large\" alt=\"T\u00fcrkiye Diyanet Vakf\u0131, \u00d6zbekistan&#039;da 900 aileye g\u0131da yard\u0131m\u0131 yapt\u0131\" aria-describedby=\"gallery-1-55165\" srcset=\"https:\/\/tdv.org\/tr-TR\/wp-content\/uploads\/2026\/02\/turkiye-diyanet-vakfi-ozbekistan-da-900-aileye-gida-yardimi-yapti-3-1024x577.jpg 1024w, https:\/\/tdv.org\/tr-TR\/wp-content\/uploads\/2026\/02\/turkiye-diyanet-vakfi-ozbekistan-da-900-aileye-gida-yardimi-yapti-3-300x169.jpg 300w, https:\/\/tdv.org\/tr-TR\/wp-content\/uploads\/2026\/02\/turkiye-diyanet-vakfi-ozbekistan-da-900-aileye-gida-yardimi-yapti-3-768x432.jpg 768w, https:\/\/tdv.org\/tr-TR\/wp-content\/uploads\/2026\/02\/turkiye-diyanet-vakfi-ozbekistan-da-900-aileye-gida-yardimi-yapti-3.jpg 1364w\" sizes=\"(max-width: 1024px) 100vw, 1024px\" \/><\/a>\n\t\t\t<\/dt>\n\t\t\t\t<dd class='wp-caption-text gallery-caption' id='gallery-1-55165'>\n\t\t\t\tT\u00fcrkiye Diyanet Vakf\u0131, \u00d6zbekistan&#8217;da 900 aileye g\u0131da yard\u0131m\u0131 yapt\u0131, g\u0131da, g\u0131da yard\u0131m\u0131, ramazan, ramazan 2026\n\t\t\t\t<\/dd><\/dl><br style=\"clear: both\" \/><dl class='gallery-item'>\n\t\t\t<dt class='gallery-icon landscape'>\n\t\t\t\t<a href='https:\/\/tdv.org\/tr-TR\/wp-content\/uploads\/2026\/02\/turkiye-diyanet-vakfi-ozbekistan-da-900-aileye-gida-yardimi-yapti-4.jpg'><img decoding=\"async\" width=\"1024\" height=\"577\" src=\"https:\/\/tdv.org\/tr-TR\/wp-content\/uploads\/2026\/02\/turkiye-diyanet-vakfi-ozbekistan-da-900-aileye-gida-yardimi-yapti-4-1024x577.jpg\" class=\"attachment-large size-large\" alt=\"T\u00fcrkiye Diyanet Vakf\u0131, \u00d6zbekistan&#039;da 900 aileye g\u0131da yard\u0131m\u0131 yapt\u0131\" aria-describedby=\"gallery-1-55166\" srcset=\"https:\/\/tdv.org\/tr-TR\/wp-content\/uploads\/2026\/02\/turkiye-diyanet-vakfi-ozbekistan-da-900-aileye-gida-yardimi-yapti-4-1024x577.jpg 1024w, https:\/\/tdv.org\/tr-TR\/wp-content\/uploads\/2026\/02\/turkiye-diyanet-vakfi-ozbekistan-da-900-aileye-gida-yardimi-yapti-4-300x169.jpg 300w, https:\/\/tdv.org\/tr-TR\/wp-content\/uploads\/2026\/02\/turkiye-diyanet-vakfi-ozbekistan-da-900-aileye-gida-yardimi-yapti-4-768x432.jpg 768w, https:\/\/tdv.org\/tr-TR\/wp-content\/uploads\/2026\/02\/turkiye-diyanet-vakfi-ozbekistan-da-900-aileye-gida-yardimi-yapti-4.jpg 1364w\" sizes=\"(max-width: 1024px) 100vw, 1024px\" \/><\/a>\n\t\t\t<\/dt>\n\t\t\t\t<dd class='wp-caption-text gallery-caption' id='gallery-1-55166'>\n\t\t\t\tT\u00fcrkiye Diyanet Vakf\u0131, \u00d6zbekistan&#8217;da 900 aileye g\u0131da yard\u0131m\u0131 yapt\u0131, g\u0131da, g\u0131da yard\u0131m\u0131, ramazan, ramazan 2026\n\t\t\t\t<\/dd><\/dl><dl class='gallery-item'>\n\t\t\t<dt class='gallery-icon landscape'>\n\t\t\t\t<a href='https:\/\/tdv.org\/tr-TR\/wp-content\/uploads\/2026\/02\/turkiye-diyanet-vakfi-ozbekistan-da-900-aileye-gida-yardimi-yapti-5.jpg'><img decoding=\"async\" width=\"1024\" height=\"577\" src=\"https:\/\/tdv.org\/tr-TR\/wp-content\/uploads\/2026\/02\/turkiye-diyanet-vakfi-ozbekistan-da-900-aileye-gida-yardimi-yapti-5-1024x577.jpg\" class=\"attachment-large size-large\" alt=\"T\u00fcrkiye Diyanet Vakf\u0131, \u00d6zbekistan&#039;da 900 aileye g\u0131da yard\u0131m\u0131 yapt\u0131\" aria-describedby=\"gallery-1-55167\" srcset=\"https:\/\/tdv.org\/tr-TR\/wp-content\/uploads\/2026\/02\/turkiye-diyanet-vakfi-ozbekistan-da-900-aileye-gida-yardimi-yapti-5-1024x577.jpg 1024w, https:\/\/tdv.org\/tr-TR\/wp-content\/uploads\/2026\/02\/turkiye-diyanet-vakfi-ozbekistan-da-900-aileye-gida-yardimi-yapti-5-300x169.jpg 300w, https:\/\/tdv.org\/tr-TR\/wp-content\/uploads\/2026\/02\/turkiye-diyanet-vakfi-ozbekistan-da-900-aileye-gida-yardimi-yapti-5-768x432.jpg 768w, https:\/\/tdv.org\/tr-TR\/wp-content\/uploads\/2026\/02\/turkiye-diyanet-vakfi-ozbekistan-da-900-aileye-gida-yardimi-yapti-5.jpg 1364w\" sizes=\"(max-width: 1024px) 100vw, 1024px\" \/><\/a>\n\t\t\t<\/dt>\n\t\t\t\t<dd class='wp-caption-text gallery-caption' id='gallery-1-55167'>\n\t\t\t\tT\u00fcrkiye Diyanet Vakf\u0131, \u00d6zbekistan&#8217;da 900 aileye g\u0131da yard\u0131m\u0131 yapt\u0131, g\u0131da, g\u0131da yard\u0131m\u0131, ramazan, ramazan 2026\n\t\t\t\t<\/dd><\/dl><dl class='gallery-item'>\n\t\t\t<dt class='gallery-icon landscape'>\n\t\t\t\t<a href='https:\/\/tdv.org\/tr-TR\/wp-content\/uploads\/2026\/02\/turkiye-diyanet-vakfi-ozbekistan-da-900-aileye-gida-yardimi-yapti-6.jpg'><img decoding=\"async\" width=\"1024\" height=\"577\" src=\"https:\/\/tdv.org\/tr-TR\/wp-content\/uploads\/2026\/02\/turkiye-diyanet-vakfi-ozbekistan-da-900-aileye-gida-yardimi-yapti-6-1024x577.jpg\" class=\"attachment-large size-large\" alt=\"T\u00fcrkiye Diyanet Vakf\u0131, \u00d6zbekistan&#039;da 900 aileye g\u0131da yard\u0131m\u0131 yapt\u0131\" aria-describedby=\"gallery-1-55168\" srcset=\"https:\/\/tdv.org\/tr-TR\/wp-content\/uploads\/2026\/02\/turkiye-diyanet-vakfi-ozbekistan-da-900-aileye-gida-yardimi-yapti-6-1024x577.jpg 1024w, https:\/\/tdv.org\/tr-TR\/wp-content\/uploads\/2026\/02\/turkiye-diyanet-vakfi-ozbekistan-da-900-aileye-gida-yardimi-yapti-6-300x169.jpg 300w, https:\/\/tdv.org\/tr-TR\/wp-content\/uploads\/2026\/02\/turkiye-diyanet-vakfi-ozbekistan-da-900-aileye-gida-yardimi-yapti-6-768x432.jpg 768w, https:\/\/tdv.org\/tr-TR\/wp-content\/uploads\/2026\/02\/turkiye-diyanet-vakfi-ozbekistan-da-900-aileye-gida-yardimi-yapti-6.jpg 1364w\" sizes=\"(max-width: 1024px) 100vw, 1024px\" \/><\/a>\n\t\t\t<\/dt>\n\t\t\t\t<dd class='wp-caption-text gallery-caption' id='gallery-1-55168'>\n\t\t\t\tT\u00fcrkiye Diyanet Vakf\u0131, \u00d6zbekistan&#8217;da 900 aileye g\u0131da yard\u0131m\u0131 yapt\u0131, g\u0131da, g\u0131da yard\u0131m\u0131, ramazan, ramazan 2026\n\t\t\t\t<\/dd><\/dl><br style=\"clear: both\" \/><dl class='gallery-item'>\n\t\t\t<dt class='gallery-icon landscape'>\n\t\t\t\t<a href='https:\/\/tdv.org\/tr-TR\/wp-content\/uploads\/2026\/02\/turkiye-diyanet-vakfi-ozbekistan-da-900-aileye-gida-yardimi-yapti-7.jpg'><img decoding=\"async\" width=\"1024\" height=\"577\" src=\"https:\/\/tdv.org\/tr-TR\/wp-content\/uploads\/2026\/02\/turkiye-diyanet-vakfi-ozbekistan-da-900-aileye-gida-yardimi-yapti-7-1024x577.jpg\" class=\"attachment-large size-large\" alt=\"T\u00fcrkiye Diyanet Vakf\u0131, \u00d6zbekistan&#039;da 900 aileye g\u0131da yard\u0131m\u0131 yapt\u0131\" aria-describedby=\"gallery-1-55169\" srcset=\"https:\/\/tdv.org\/tr-TR\/wp-content\/uploads\/2026\/02\/turkiye-diyanet-vakfi-ozbekistan-da-900-aileye-gida-yardimi-yapti-7-1024x577.jpg 1024w, https:\/\/tdv.org\/tr-TR\/wp-content\/uploads\/2026\/02\/turkiye-diyanet-vakfi-ozbekistan-da-900-aileye-gida-yardimi-yapti-7-300x169.jpg 300w, https:\/\/tdv.org\/tr-TR\/wp-content\/uploads\/2026\/02\/turkiye-diyanet-vakfi-ozbekistan-da-900-aileye-gida-yardimi-yapti-7-768x432.jpg 768w, https:\/\/tdv.org\/tr-TR\/wp-content\/uploads\/2026\/02\/turkiye-diyanet-vakfi-ozbekistan-da-900-aileye-gida-yardimi-yapti-7.jpg 1364w\" sizes=\"(max-width: 1024px) 100vw, 1024px\" \/><\/a>\n\t\t\t<\/dt>\n\t\t\t\t<dd class='wp-caption-text gallery-caption' id='gallery-1-55169'>\n\t\t\t\tT\u00fcrkiye Diyanet Vakf\u0131, \u00d6zbekistan&#8217;da 900 aileye g\u0131da yard\u0131m\u0131 yapt\u0131, g\u0131da, g\u0131da yard\u0131m\u0131, ramazan, ramazan 2026\n\t\t\t\t<\/dd><\/dl>\n\t\t\t<br style='clear: both' \/>\n\t\t<\/div>\n\n","protected":false},"excerpt":{"rendered":"<p>T\u00fcrkiye\u00a0Diyanet\u00a0Vakf\u0131\u00a0(TDV), Ramazan \u00f6ncesinde \u00d6zbekistan&#8217;da ihtiya\u00e7 sahibi 900 aileye g\u0131da yard\u0131m\u0131nda bulundu. TDV&#8217;nin Ramazan ay\u0131 dolay\u0131s\u0131yla haz\u0131rlad\u0131\u011f\u0131 g\u0131da yard\u0131mlar\u0131, ihtiya\u00e7 sahibi ailelere ula\u015ft\u0131r\u0131lmak \u00fczere T\u00fcrkiye&#8217;nin Ta\u015fkent B\u00fcy\u00fckel\u00e7ili\u011fi Din Hizmetleri M\u00fc\u015faviri Mahmut&#8230;<\/p>\n","protected":false},"author":8,"featured_media":55169,"comment_status":"closed","ping_status":"closed","sticky":false,"template":"","format":"standard","meta":{"footnotes":""},"categories":[1],"tags":[2470,968,613,701,525,107,2464,678],"class_list":{"0":"post-55162","1":"post","2":"type-post","3":"status-publish","4":"format-standard","5":"has-post-thumbnail","7":"category-haberler","8":"tag-2026-ramazan","9":"tag-gida","10":"tag-gida-kolisi","11":"tag-gida-paketi","12":"tag-gida-yardimi","13":"tag-ramazan","14":"tag-ramazan-2026","15":"tag-ramazan-ayi"},"yoast_head":"<!-- This site is optimized with the Yoast SEO plugin v27.5 - https:\/\/yoast.com\/product\/yoast-seo-wordpress\/ -->\n<title>T\u00fcrkiye Diyanet Vakf\u0131, \u00d6zbekistan&#039;da 900 aileye g\u0131da yard\u0131m\u0131 yapt\u0131<\/title>\n<meta name=\"description\" content=\"T\u00fcrkiye\u00a0Diyanet\u00a0Vakf\u0131\u00a0(TDV), Ramazan \u00f6ncesinde \u00d6zbekistan&#039;da ihtiya\u00e7 sahibi 900 aileye g\u0131da yard\u0131m\u0131nda bulundu.\" \/>\n<meta name=\"robots\" content=\"index, follow, max-snippet:-1, max-image-preview:large, max-video-preview:-1\" \/>\n<link rel=\"canonical\" href=\"https:\/\/tdv.org\/tr-TR\/turkiye-diyanet-vakfi-ozbekistanda-900-aileye-gida-yardimi-yapti\/\" \/>\n<meta property=\"og:locale\" content=\"tr_TR\" \/>\n<meta property=\"og:type\" content=\"article\" \/>\n<meta property=\"og:title\" content=\"T\u00fcrkiye Diyanet Vakf\u0131, \u00d6zbekistan&#039;da 900 aileye g\u0131da yard\u0131m\u0131 yapt\u0131\" \/>\n<meta property=\"og:description\" content=\"T\u00fcrkiye\u00a0Diyanet\u00a0Vakf\u0131\u00a0(TDV), Ramazan \u00f6ncesinde \u00d6zbekistan&#039;da ihtiya\u00e7 sahibi 900 aileye g\u0131da yard\u0131m\u0131nda bulundu.\" \/>\n<meta property=\"og:url\" content=\"https:\/\/tdv.org\/tr-TR\/turkiye-diyanet-vakfi-ozbekistanda-900-aileye-gida-yardimi-yapti\/\" \/>\n<meta property=\"og:site_name\" content=\"T\u00fcrkiye Diyanet Vakf\u0131 Resmi Web Sitesi\" \/>\n<meta property=\"article:publisher\" content=\"https:\/\/www.facebook.com\/Diyanetvakfi\/\" \/>\n<meta property=\"article:published_time\" content=\"2026-02-17T11:42:48+00:00\" \/>\n<meta property=\"og:image\" content=\"https:\/\/tdv.org\/tr-TR\/wp-content\/uploads\/2026\/02\/turkiye-diyanet-vakfi-ozbekistan-da-900-aileye-gida-yardimi-yapti-7.jpg\" \/>\n\t<meta property=\"og:image:width\" content=\"1364\" \/>\n\t<meta property=\"og:image:height\" content=\"768\" \/>\n\t<meta property=\"og:image:type\" content=\"image\/jpeg\" \/>\n<meta name=\"author\" content=\"Selim\" \/>\n<meta name=\"twitter:card\" content=\"summary_large_image\" \/>\n<meta name=\"twitter:creator\" content=\"@DiyanetVakfi\" \/>\n<meta name=\"twitter:site\" content=\"@DiyanetVakfi\" \/>\n<script type=\"application\/ld+json\" class=\"yoast-schema-graph\">{\"@context\":\"https:\\\/\\\/schema.org\",\"@graph\":[{\"@type\":\"Article\",\"@id\":\"https:\\\/\\\/tdv.org\\\/tr-TR\\\/turkiye-diyanet-vakfi-ozbekistanda-900-aileye-gida-yardimi-yapti\\\/#article\",\"isPartOf\":{\"@id\":\"https:\\\/\\\/tdv.org\\\/tr-TR\\\/turkiye-diyanet-vakfi-ozbekistanda-900-aileye-gida-yardimi-yapti\\\/\"},\"author\":{\"name\":\"Selim\",\"@id\":\"https:\\\/\\\/tdv.org\\\/tr-TR\\\/#\\\/schema\\\/person\\\/752b55e264a99273d55636516d96d5eb\"},\"headline\":\"T\u00fcrkiye Diyanet Vakf\u0131, \u00d6zbekistan&#8217;da 900 aileye g\u0131da yard\u0131m\u0131 yapt\u0131\",\"datePublished\":\"2026-02-17T11:42:48+00:00\",\"mainEntityOfPage\":{\"@id\":\"https:\\\/\\\/tdv.org\\\/tr-TR\\\/turkiye-diyanet-vakfi-ozbekistanda-900-aileye-gida-yardimi-yapti\\\/\"},\"wordCount\":292,\"publisher\":{\"@id\":\"https:\\\/\\\/tdv.org\\\/tr-TR\\\/#organization\"},\"image\":{\"@id\":\"https:\\\/\\\/tdv.org\\\/tr-TR\\\/turkiye-diyanet-vakfi-ozbekistanda-900-aileye-gida-yardimi-yapti\\\/#primaryimage\"},\"thumbnailUrl\":\"https:\\\/\\\/tdv.org\\\/tr-TR\\\/wp-content\\\/uploads\\\/2026\\\/02\\\/turkiye-diyanet-vakfi-ozbekistan-da-900-aileye-gida-yardimi-yapti-7.jpg\",\"keywords\":[\"2026 Ramazan\",\"g\u0131da\",\"g\u0131da kolisi\",\"g\u0131da paketi\",\"g\u0131da yard\u0131m\u0131\",\"ramazan\",\"ramazan 2026\",\"Ramazan ay\u0131\"],\"articleSection\":[\"Haberler\"],\"inLanguage\":\"tr\"},{\"@type\":\"WebPage\",\"@id\":\"https:\\\/\\\/tdv.org\\\/tr-TR\\\/turkiye-diyanet-vakfi-ozbekistanda-900-aileye-gida-yardimi-yapti\\\/\",\"url\":\"https:\\\/\\\/tdv.org\\\/tr-TR\\\/turkiye-diyanet-vakfi-ozbekistanda-900-aileye-gida-yardimi-yapti\\\/\",\"name\":\"T\u00fcrkiye Diyanet Vakf\u0131, \u00d6zbekistan'da 900 aileye g\u0131da yard\u0131m\u0131 yapt\u0131\",\"isPartOf\":{\"@id\":\"https:\\\/\\\/tdv.org\\\/tr-TR\\\/#website\"},\"primaryImageOfPage\":{\"@id\":\"https:\\\/\\\/tdv.org\\\/tr-TR\\\/turkiye-diyanet-vakfi-ozbekistanda-900-aileye-gida-yardimi-yapti\\\/#primaryimage\"},\"image\":{\"@id\":\"https:\\\/\\\/tdv.org\\\/tr-TR\\\/turkiye-diyanet-vakfi-ozbekistanda-900-aileye-gida-yardimi-yapti\\\/#primaryimage\"},\"thumbnailUrl\":\"https:\\\/\\\/tdv.org\\\/tr-TR\\\/wp-content\\\/uploads\\\/2026\\\/02\\\/turkiye-diyanet-vakfi-ozbekistan-da-900-aileye-gida-yardimi-yapti-7.jpg\",\"datePublished\":\"2026-02-17T11:42:48+00:00\",\"description\":\"T\u00fcrkiye\u00a0Diyanet\u00a0Vakf\u0131\u00a0(TDV), Ramazan \u00f6ncesinde \u00d6zbekistan'da ihtiya\u00e7 sahibi 900 aileye g\u0131da yard\u0131m\u0131nda bulundu.\",\"breadcrumb\":{\"@id\":\"https:\\\/\\\/tdv.org\\\/tr-TR\\\/turkiye-diyanet-vakfi-ozbekistanda-900-aileye-gida-yardimi-yapti\\\/#breadcrumb\"},\"inLanguage\":\"tr\",\"potentialAction\":[{\"@type\":\"ReadAction\",\"target\":[\"https:\\\/\\\/tdv.org\\\/tr-TR\\\/turkiye-diyanet-vakfi-ozbekistanda-900-aileye-gida-yardimi-yapti\\\/\"]}]},{\"@type\":\"ImageObject\",\"inLanguage\":\"tr\",\"@id\":\"https:\\\/\\\/tdv.org\\\/tr-TR\\\/turkiye-diyanet-vakfi-ozbekistanda-900-aileye-gida-yardimi-yapti\\\/#primaryimage\",\"url\":\"https:\\\/\\\/tdv.org\\\/tr-TR\\\/wp-content\\\/uploads\\\/2026\\\/02\\\/turkiye-diyanet-vakfi-ozbekistan-da-900-aileye-gida-yardimi-yapti-7.jpg\",\"contentUrl\":\"https:\\\/\\\/tdv.org\\\/tr-TR\\\/wp-content\\\/uploads\\\/2026\\\/02\\\/turkiye-diyanet-vakfi-ozbekistan-da-900-aileye-gida-yardimi-yapti-7.jpg\",\"width\":1364,\"height\":768,\"caption\":\"T\u00fcrkiye Diyanet Vakf\u0131, \u00d6zbekistan'da 900 aileye g\u0131da yard\u0131m\u0131 yapt\u0131, g\u0131da, g\u0131da yard\u0131m\u0131, ramazan, ramazan 2026\"},{\"@type\":\"BreadcrumbList\",\"@id\":\"https:\\\/\\\/tdv.org\\\/tr-TR\\\/turkiye-diyanet-vakfi-ozbekistanda-900-aileye-gida-yardimi-yapti\\\/#breadcrumb\",\"itemListElement\":[{\"@type\":\"ListItem\",\"position\":1,\"name\":\"Anasayfa\",\"item\":\"https:\\\/\\\/tdv.org\\\/tr-TR\\\/\"},{\"@type\":\"ListItem\",\"position\":2,\"name\":\"T\u00fcrkiye Diyanet Vakf\u0131, \u00d6zbekistan&#8217;da 900 aileye g\u0131da yard\u0131m\u0131 yapt\u0131\"}]},{\"@type\":\"WebSite\",\"@id\":\"https:\\\/\\\/tdv.org\\\/tr-TR\\\/#website\",\"url\":\"https:\\\/\\\/tdv.org\\\/tr-TR\\\/\",\"name\":\"T\u00fcrkiye Diyanet Vakf\u0131 Resmi Web Sitesi\",\"description\":\"Yery\u00fcz\u00fcnde iyilik egemen oluncaya kadar\",\"publisher\":{\"@id\":\"https:\\\/\\\/tdv.org\\\/tr-TR\\\/#organization\"},\"alternateName\":\"T\u00fcrkiye Diyanet Vakf\u0131\",\"potentialAction\":[{\"@type\":\"SearchAction\",\"target\":{\"@type\":\"EntryPoint\",\"urlTemplate\":\"https:\\\/\\\/tdv.org\\\/tr-TR\\\/?s={search_term_string}\"},\"query-input\":{\"@type\":\"PropertyValueSpecification\",\"valueRequired\":true,\"valueName\":\"search_term_string\"}}],\"inLanguage\":\"tr\"},{\"@type\":\"Organization\",\"@id\":\"https:\\\/\\\/tdv.org\\\/tr-TR\\\/#organization\",\"name\":\"T\u00fcrkiye Diyanet Vakf\u0131\",\"alternateName\":\"T\u00fcrkiye Diyanet Vakf\u0131\",\"url\":\"https:\\\/\\\/tdv.org\\\/tr-TR\\\/\",\"logo\":{\"@type\":\"ImageObject\",\"inLanguage\":\"tr\",\"@id\":\"https:\\\/\\\/tdv.org\\\/tr-TR\\\/#\\\/schema\\\/logo\\\/image\\\/\",\"url\":\"https:\\\/\\\/tdv.org\\\/tr-TR\\\/wp-content\\\/uploads\\\/2018\\\/12\\\/TDV_Logo_1.png\",\"contentUrl\":\"https:\\\/\\\/tdv.org\\\/tr-TR\\\/wp-content\\\/uploads\\\/2018\\\/12\\\/TDV_Logo_1.png\",\"width\":207,\"height\":71,\"caption\":\"T\u00fcrkiye Diyanet Vakf\u0131\"},\"image\":{\"@id\":\"https:\\\/\\\/tdv.org\\\/tr-TR\\\/#\\\/schema\\\/logo\\\/image\\\/\"},\"sameAs\":[\"https:\\\/\\\/www.facebook.com\\\/Diyanetvakfi\\\/\",\"https:\\\/\\\/x.com\\\/DiyanetVakfi\",\"https:\\\/\\\/www.instagram.com\\\/turkiyediyanetvakfi\\\/\",\"https:\\\/\\\/www.youtube.com\\\/user\\\/TurkiyeDiyanetVakfi\"]},{\"@type\":\"Person\",\"@id\":\"https:\\\/\\\/tdv.org\\\/tr-TR\\\/#\\\/schema\\\/person\\\/752b55e264a99273d55636516d96d5eb\",\"name\":\"Selim\",\"image\":{\"@type\":\"ImageObject\",\"inLanguage\":\"tr\",\"@id\":\"https:\\\/\\\/tdv.org\\\/tr-TR\\\/wp-content\\\/litespeed\\\/avatar\\\/a1e47b25396e98e5b781e88a5396cd96.jpg?ver=1777287391\",\"url\":\"https:\\\/\\\/tdv.org\\\/tr-TR\\\/wp-content\\\/litespeed\\\/avatar\\\/a1e47b25396e98e5b781e88a5396cd96.jpg?ver=1777287391\",\"contentUrl\":\"https:\\\/\\\/tdv.org\\\/tr-TR\\\/wp-content\\\/litespeed\\\/avatar\\\/a1e47b25396e98e5b781e88a5396cd96.jpg?ver=1777287391\",\"caption\":\"Selim\"}}]}<\/script>\n<!-- \/ Yoast SEO plugin. -->","yoast_head_json":{"title":"T\u00fcrkiye Diyanet Vakf\u0131, \u00d6zbekistan'da 900 aileye g\u0131da yard\u0131m\u0131 yapt\u0131","description":"T\u00fcrkiye\u00a0Diyanet\u00a0Vakf\u0131\u00a0(TDV), Ramazan \u00f6ncesinde \u00d6zbekistan'da ihtiya\u00e7 sahibi 900 aileye g\u0131da yard\u0131m\u0131nda bulundu.","robots":{"index":"index","follow":"follow","max-snippet":"max-snippet:-1","max-image-preview":"max-image-preview:large","max-video-preview":"max-video-preview:-1"},"canonical":"https:\/\/tdv.org\/tr-TR\/turkiye-diyanet-vakfi-ozbekistanda-900-aileye-gida-yardimi-yapti\/","og_locale":"tr_TR","og_type":"article","og_title":"T\u00fcrkiye Diyanet Vakf\u0131, \u00d6zbekistan'da 900 aileye g\u0131da yard\u0131m\u0131 yapt\u0131","og_description":"T\u00fcrkiye\u00a0Diyanet\u00a0Vakf\u0131\u00a0(TDV), Ramazan \u00f6ncesinde \u00d6zbekistan'da ihtiya\u00e7 sahibi 900 aileye g\u0131da yard\u0131m\u0131nda bulundu.","og_url":"https:\/\/tdv.org\/tr-TR\/turkiye-diyanet-vakfi-ozbekistanda-900-aileye-gida-yardimi-yapti\/","og_site_name":"T\u00fcrkiye Diyanet Vakf\u0131 Resmi Web Sitesi","article_publisher":"https:\/\/www.facebook.com\/Diyanetvakfi\/","article_published_time":"2026-02-17T11:42:48+00:00","og_image":[{"width":1364,"height":768,"url":"https:\/\/tdv.org\/tr-TR\/wp-content\/uploads\/2026\/02\/turkiye-diyanet-vakfi-ozbekistan-da-900-aileye-gida-yardimi-yapti-7.jpg","type":"image\/jpeg"}],"author":"Selim","twitter_card":"summary_large_image","twitter_creator":"@DiyanetVakfi","twitter_site":"@DiyanetVakfi","schema":{"@context":"https:\/\/schema.org","@graph":[{"@type":"Article","@id":"https:\/\/tdv.org\/tr-TR\/turkiye-diyanet-vakfi-ozbekistanda-900-aileye-gida-yardimi-yapti\/#article","isPartOf":{"@id":"https:\/\/tdv.org\/tr-TR\/turkiye-diyanet-vakfi-ozbekistanda-900-aileye-gida-yardimi-yapti\/"},"author":{"name":"Selim","@id":"https:\/\/tdv.org\/tr-TR\/#\/schema\/person\/752b55e264a99273d55636516d96d5eb"},"headline":"T\u00fcrkiye Diyanet Vakf\u0131, \u00d6zbekistan&#8217;da 900 aileye g\u0131da yard\u0131m\u0131 yapt\u0131","datePublished":"2026-02-17T11:42:48+00:00","mainEntityOfPage":{"@id":"https:\/\/tdv.org\/tr-TR\/turkiye-diyanet-vakfi-ozbekistanda-900-aileye-gida-yardimi-yapti\/"},"wordCount":292,"publisher":{"@id":"https:\/\/tdv.org\/tr-TR\/#organization"},"image":{"@id":"https:\/\/tdv.org\/tr-TR\/turkiye-diyanet-vakfi-ozbekistanda-900-aileye-gida-yardimi-yapti\/#primaryimage"},"thumbnailUrl":"https:\/\/tdv.org\/tr-TR\/wp-content\/uploads\/2026\/02\/turkiye-diyanet-vakfi-ozbekistan-da-900-aileye-gida-yardimi-yapti-7.jpg","keywords":["2026 Ramazan","g\u0131da","g\u0131da kolisi","g\u0131da paketi","g\u0131da yard\u0131m\u0131","ramazan","ramazan 2026","Ramazan ay\u0131"],"articleSection":["Haberler"],"inLanguage":"tr"},{"@type":"WebPage","@id":"https:\/\/tdv.org\/tr-TR\/turkiye-diyanet-vakfi-ozbekistanda-900-aileye-gida-yardimi-yapti\/","url":"https:\/\/tdv.org\/tr-TR\/turkiye-diyanet-vakfi-ozbekistanda-900-aileye-gida-yardimi-yapti\/","name":"T\u00fcrkiye Diyanet Vakf\u0131, \u00d6zbekistan'da 900 aileye g\u0131da yard\u0131m\u0131 yapt\u0131","isPartOf":{"@id":"https:\/\/tdv.org\/tr-TR\/#website"},"primaryImageOfPage":{"@id":"https:\/\/tdv.org\/tr-TR\/turkiye-diyanet-vakfi-ozbekistanda-900-aileye-gida-yardimi-yapti\/#primaryimage"},"image":{"@id":"https:\/\/tdv.org\/tr-TR\/turkiye-diyanet-vakfi-ozbekistanda-900-aileye-gida-yardimi-yapti\/#primaryimage"},"thumbnailUrl":"https:\/\/tdv.org\/tr-TR\/wp-content\/uploads\/2026\/02\/turkiye-diyanet-vakfi-ozbekistan-da-900-aileye-gida-yardimi-yapti-7.jpg","datePublished":"2026-02-17T11:42:48+00:00","description":"T\u00fcrkiye\u00a0Diyanet\u00a0Vakf\u0131\u00a0(TDV), Ramazan \u00f6ncesinde \u00d6zbekistan'da ihtiya\u00e7 sahibi 900 aileye g\u0131da yard\u0131m\u0131nda bulundu.","breadcrumb":{"@id":"https:\/\/tdv.org\/tr-TR\/turkiye-diyanet-vakfi-ozbekistanda-900-aileye-gida-yardimi-yapti\/#breadcrumb"},"inLanguage":"tr","potentialAction":[{"@type":"ReadAction","target":["https:\/\/tdv.org\/tr-TR\/turkiye-diyanet-vakfi-ozbekistanda-900-aileye-gida-yardimi-yapti\/"]}]},{"@type":"ImageObject","inLanguage":"tr","@id":"https:\/\/tdv.org\/tr-TR\/turkiye-diyanet-vakfi-ozbekistanda-900-aileye-gida-yardimi-yapti\/#primaryimage","url":"https:\/\/tdv.org\/tr-TR\/wp-content\/uploads\/2026\/02\/turkiye-diyanet-vakfi-ozbekistan-da-900-aileye-gida-yardimi-yapti-7.jpg","contentUrl":"https:\/\/tdv.org\/tr-TR\/wp-content\/uploads\/2026\/02\/turkiye-diyanet-vakfi-ozbekistan-da-900-aileye-gida-yardimi-yapti-7.jpg","width":1364,"height":768,"caption":"T\u00fcrkiye Diyanet Vakf\u0131, \u00d6zbekistan'da 900 aileye g\u0131da yard\u0131m\u0131 yapt\u0131, g\u0131da, g\u0131da yard\u0131m\u0131, ramazan, ramazan 2026"},{"@type":"BreadcrumbList","@id":"https:\/\/tdv.org\/tr-TR\/turkiye-diyanet-vakfi-ozbekistanda-900-aileye-gida-yardimi-yapti\/#breadcrumb","itemListElement":[{"@type":"ListItem","position":1,"name":"Anasayfa","item":"https:\/\/tdv.org\/tr-TR\/"},{"@type":"ListItem","position":2,"name":"T\u00fcrkiye Diyanet Vakf\u0131, \u00d6zbekistan&#8217;da 900 aileye g\u0131da yard\u0131m\u0131 yapt\u0131"}]},{"@type":"WebSite","@id":"https:\/\/tdv.org\/tr-TR\/#website","url":"https:\/\/tdv.org\/tr-TR\/","name":"T\u00fcrkiye Diyanet Vakf\u0131 Resmi Web Sitesi","description":"Yery\u00fcz\u00fcnde iyilik egemen oluncaya kadar","publisher":{"@id":"https:\/\/tdv.org\/tr-TR\/#organization"},"alternateName":"T\u00fcrkiye Diyanet Vakf\u0131","potentialAction":[{"@type":"SearchAction","target":{"@type":"EntryPoint","urlTemplate":"https:\/\/tdv.org\/tr-TR\/?s={search_term_string}"},"query-input":{"@type":"PropertyValueSpecification","valueRequired":true,"valueName":"search_term_string"}}],"inLanguage":"tr"},{"@type":"Organization","@id":"https:\/\/tdv.org\/tr-TR\/#organization","name":"T\u00fcrkiye Diyanet Vakf\u0131","alternateName":"T\u00fcrkiye Diyanet Vakf\u0131","url":"https:\/\/tdv.org\/tr-TR\/","logo":{"@type":"ImageObject","inLanguage":"tr","@id":"https:\/\/tdv.org\/tr-TR\/#\/schema\/logo\/image\/","url":"https:\/\/tdv.org\/tr-TR\/wp-content\/uploads\/2018\/12\/TDV_Logo_1.png","contentUrl":"https:\/\/tdv.org\/tr-TR\/wp-content\/uploads\/2018\/12\/TDV_Logo_1.png","width":207,"height":71,"caption":"T\u00fcrkiye Diyanet Vakf\u0131"},"image":{"@id":"https:\/\/tdv.org\/tr-TR\/#\/schema\/logo\/image\/"},"sameAs":["https:\/\/www.facebook.com\/Diyanetvakfi\/","https:\/\/x.com\/DiyanetVakfi","https:\/\/www.instagram.com\/turkiyediyanetvakfi\/","https:\/\/www.youtube.com\/user\/TurkiyeDiyanetVakfi"]},{"@type":"Person","@id":"https:\/\/tdv.org\/tr-TR\/#\/schema\/person\/752b55e264a99273d55636516d96d5eb","name":"Selim","image":{"@type":"ImageObject","inLanguage":"tr","@id":"https:\/\/tdv.org\/tr-TR\/wp-content\/litespeed\/avatar\/a1e47b25396e98e5b781e88a5396cd96.jpg?ver=1777287391","url":"https:\/\/tdv.org\/tr-TR\/wp-content\/litespeed\/avatar\/a1e47b25396e98e5b781e88a5396cd96.jpg?ver=1777287391","contentUrl":"https:\/\/tdv.org\/tr-TR\/wp-content\/litespeed\/avatar\/a1e47b25396e98e5b781e88a5396cd96.jpg?ver=1777287391","caption":"Selim"}}]}},"_links":{"self":[{"href":"https:\/\/tdv.org\/tr-TR\/wp-json\/wp\/v2\/posts\/55162","targetHints":{"allow":["GET"]}}],"collection":[{"href":"https:\/\/tdv.org\/tr-TR\/wp-json\/wp\/v2\/posts"}],"about":[{"href":"https:\/\/tdv.org\/tr-TR\/wp-json\/wp\/v2\/types\/post"}],"author":[{"embeddable":true,"href":"https:\/\/tdv.org\/tr-TR\/wp-json\/wp\/v2\/users\/8"}],"replies":[{"embeddable":true,"href":"https:\/\/tdv.org\/tr-TR\/wp-json\/wp\/v2\/comments?post=55162"}],"version-history":[{"count":1,"href":"https:\/\/tdv.org\/tr-TR\/wp-json\/wp\/v2\/posts\/55162\/revisions"}],"predecessor-version":[{"id":55170,"href":"https:\/\/tdv.org\/tr-TR\/wp-json\/wp\/v2\/posts\/55162\/revisions\/55170"}],"wp:featuredmedia":[{"embeddable":true,"href":"https:\/\/tdv.org\/tr-TR\/wp-json\/wp\/v2\/media\/55169"}],"wp:attachment":[{"href":"https:\/\/tdv.org\/tr-TR\/wp-json\/wp\/v2\/media?parent=55162"}],"wp:term":[{"taxonomy":"category","embeddable":true,"href":"https:\/\/tdv.org\/tr-TR\/wp-json\/wp\/v2\/categories?post=55162"},{"taxonomy":"post_tag","embeddable":true,"href":"https:\/\/tdv.org\/tr-TR\/wp-json\/wp\/v2\/tags?post=55162"}],"curies":[{"name":"wp","href":"https:\/\/api.w.org\/{rel}","templated":true}]}}