{"id":55236,"date":"2026-02-21T15:48:40","date_gmt":"2026-02-21T12:48:40","guid":{"rendered":"https:\/\/tdv.org\/tr-TR\/?p=55236"},"modified":"2026-02-21T15:48:40","modified_gmt":"2026-02-21T12:48:40","slug":"turkiye-diyanet-vakfi-sandiktaki-ceyizleri-iyilige-donusturuyor","status":"publish","type":"post","link":"https:\/\/tdv.org\/tr-TR\/turkiye-diyanet-vakfi-sandiktaki-ceyizleri-iyilige-donusturuyor\/","title":{"rendered":"T\u00fcrkiye Diyanet Vakf\u0131, sand\u0131ktaki \u00e7eyizleri iyili\u011fe d\u00f6n\u00fc\u015ft\u00fcr\u00fcyor"},"content":{"rendered":"<p style=\"text-align: justify;\"><span data-contrast=\"none\"><a href=\"https:\/\/tdv.org\/tr-TR\/\" target=\"_blank\" rel=\"noopener\">T\u00fcrkiye\u00a0Diyanet\u00a0Vakf\u0131 (TDV)<\/a> taraf\u0131ndan ba\u015flat\u0131lan &#8220;Sand\u0131ktan Sadakaya&#8221; projesi kapsam\u0131nda ba\u011f\u0131\u015flanan \u00e7eyiz e\u015fyalar\u0131, vakf\u0131n <a href=\"https:\/\/bagis.tdv.org\/bagis\/projeler\/iyilik-atolyeleri\/133\" target=\"_blank\" rel=\"noopener\">\u0130yilik\u00a0At\u00f6lyeleri&#8217;<\/a>nde\u00a0i\u015flenerek hayra d\u00f6n\u00fc\u015ft\u00fcr\u00fcl\u00fcyor, sosyal hayata ve ekonomiye kazand\u0131r\u0131l\u0131yor.<\/span><span data-ccp-props=\"{&quot;134233117&quot;:false,&quot;134233118&quot;:false,&quot;201341983&quot;:0,&quot;335551550&quot;:1,&quot;335551620&quot;:1,&quot;335557856&quot;:16777215,&quot;335559738&quot;:0,&quot;335559739&quot;:240,&quot;335559740&quot;:405}\">\u00a0<\/span><\/p>\n<p style=\"text-align: justify;\"><span data-contrast=\"none\">Yakla\u015f\u0131k bir y\u0131l \u00f6nce hayata ge\u00e7irilen proje kapsam\u0131nda kullan\u0131lmayan \u00e7eyiz e\u015fyalar\u0131, vakfa ait <a href=\"https:\/\/bagis.tdv.org\/bagis\/projeler\/iyilik-atolyeleri\/133\" target=\"_blank\" rel=\"noopener\">\u0130yilik\u00a0At\u00f6lyeleri<\/a>&#8216;nde g\u00f6n\u00fcll\u00fc kad\u0131nlar taraf\u0131ndan nevresim tak\u0131m\u0131, \u00e7anta ve \u00e7e\u015fitli tekstil \u00fcr\u00fcnlerine d\u00f6n\u00fc\u015ft\u00fcr\u00fcl\u00fcyor.<\/span><span data-ccp-props=\"{&quot;134233117&quot;:false,&quot;134233118&quot;:false,&quot;201341983&quot;:0,&quot;335551550&quot;:1,&quot;335551620&quot;:1,&quot;335557856&quot;:16777215,&quot;335559685&quot;:0,&quot;335559737&quot;:0,&quot;335559738&quot;:0,&quot;335559739&quot;:240,&quot;335559740&quot;:405}\">\u00a0<\/span><\/p>\n<p style=\"text-align: justify;\"><span data-contrast=\"none\">\u00dcretilen \u00fcr\u00fcnler farkl\u0131 sosyal sorumluluk projelerinde de\u011ferlendirilirken sat\u0131\u015flardan elde edilen gelirler de ihtiya\u00e7 sahipleri i\u00e7in kullan\u0131l\u0131yor.<\/span><span data-ccp-props=\"{&quot;134233117&quot;:false,&quot;134233118&quot;:false,&quot;201341983&quot;:0,&quot;335551550&quot;:1,&quot;335551620&quot;:1,&quot;335557856&quot;:16777215,&quot;335559738&quot;:0,&quot;335559739&quot;:240,&quot;335559740&quot;:405}\">\u00a0<\/span><\/p>\n<p style=\"text-align: justify;\"><span data-contrast=\"none\">TDV Kad\u0131n, Aile ve G\u00f6n\u00fcll\u00fcl\u00fck Hizmetleri M\u00fcd\u00fcr\u00fc Hatice\u00a0Kahyao\u011flu,\u00a0yapt\u0131\u011f\u0131\u00a0a\u00e7\u0131klamada, projenin vak\u0131f ruhuyla ortaya \u00e7\u0131kt\u0131\u011f\u0131n\u0131 s\u00f6yledi.<\/span><span data-ccp-props=\"{&quot;134233117&quot;:false,&quot;134233118&quot;:false,&quot;201341983&quot;:0,&quot;335551550&quot;:1,&quot;335551620&quot;:1,&quot;335557856&quot;:16777215,&quot;335559738&quot;:0,&quot;335559739&quot;:240,&quot;335559740&quot;:405}\">\u00a0<\/span><\/p>\n<p style=\"text-align: justify;\"><span data-contrast=\"none\">Kahyao\u011flu, anneannesinden kalan \u00e7eyizleri evlenecek k\u0131z\u0131na vermek istedi\u011fini ancak k\u0131z\u0131n\u0131n bunlar\u0131 kullanmayaca\u011f\u0131n\u0131 s\u00f6ylemesi \u00fczerine, sand\u0131kta bekleyen e\u015fyalar\u0131n nas\u0131l de\u011ferlendirilebilece\u011fini d\u00fc\u015f\u00fcnd\u00fc\u011f\u00fcn\u00fc belirtti. Bu fikirden hareketle vakf\u0131n at\u00f6lyelerinde s\u00f6z konusu \u00fcr\u00fcnleri yeniden de\u011ferlendirme projesini geli\u015ftirdiklerini anlatt\u0131.<\/span><span data-ccp-props=\"{&quot;134233117&quot;:false,&quot;134233118&quot;:false,&quot;201341983&quot;:0,&quot;335551550&quot;:1,&quot;335551620&quot;:1,&quot;335557856&quot;:16777215,&quot;335559738&quot;:0,&quot;335559739&quot;:240,&quot;335559740&quot;:405}\">\u00a0<\/span><\/p>\n<p style=\"text-align: justify;\"><strong>&#8220;Sand\u0131kta uyuyan e\u015fyalar yeniden hayat buluyor&#8221;\u00a0<\/strong><\/p>\n<p style=\"text-align: justify;\"><span data-contrast=\"none\">Kahyao\u011flu,\u00a0TDV\u2019nin\u00a081 ilde kad\u0131n kollar\u0131, 38 ilde ise<a href=\"https:\/\/bagis.tdv.org\/bagis\/projeler\/iyilik-atolyeleri\/133\" target=\"_blank\" rel=\"noopener\"> \u0130yilik At\u00f6lyesi<\/a> bulundu\u011funu belirterek g\u00f6n\u00fcll\u00fc kad\u0131nlar\u0131n sand\u0131klar\u0131nda bulunan ve art\u0131k kullan\u0131lmayacak anne yadigar\u0131 e\u015fyalar\u0131 projeye ba\u011f\u0131\u015flad\u0131klar\u0131n\u0131 kaydetti.<\/span><span data-ccp-props=\"{&quot;134233117&quot;:false,&quot;134233118&quot;:false,&quot;201341983&quot;:0,&quot;335551550&quot;:1,&quot;335551620&quot;:1,&quot;335557856&quot;:16777215,&quot;335559738&quot;:0,&quot;335559739&quot;:240,&quot;335559740&quot;:405}\">\u00a0<\/span><\/p>\n<p style=\"text-align: justify;\"><span data-contrast=\"none\">Projenin ilk y\u0131l\u0131nda yakla\u015f\u0131k 5 bin g\u00f6n\u00fcll\u00fcn\u00fcn destek verdi\u011fini ve 15 bine yak\u0131n \u00fcr\u00fcn \u00fcretildi\u011fini aktaran Kahyao\u011flu, &#8220;Proje ile sand\u0131kta bekleyen e\u015fyalar adeta yeniden hayat buluyor. Hay\u0131r \u00e7ar\u015f\u0131lar\u0131nda sat\u0131lan bu \u00fcr\u00fcnlerden elde edilen gelirler projelere, yetimlere ve ihtiya\u00e7 sahiplerine kaynak olarak aktar\u0131l\u0131yor.&#8221; dedi.<\/span><span data-ccp-props=\"{&quot;134233117&quot;:false,&quot;134233118&quot;:false,&quot;201341983&quot;:0,&quot;335551550&quot;:1,&quot;335551620&quot;:1,&quot;335557856&quot;:16777215,&quot;335559738&quot;:0,&quot;335559739&quot;:240,&quot;335559740&quot;:405}\">\u00a0<\/span><\/p>\n<p style=\"text-align: justify;\"><span data-contrast=\"none\">Kahyao\u011flu, yeni \u00fcr\u00fcnlerin vakf\u0131n y\u00fcr\u00fctt\u00fc\u011f\u00fc di\u011fer sosyal destek \u00e7al\u0131\u015fmalar\u0131nda da de\u011ferlendirildi\u011fini belirterek &#8220;Hayata Ba\u015flarken adl\u0131 projemiz kapsam\u0131nda yeni evlenen \u00e7iftlere \u00e7eyiz paketleri haz\u0131rl\u0131yoruz. Ayr\u0131ca bebe\u011fini d\u00fcnyaya getiren ailelere bebek boh\u00e7alar\u0131 ula\u015ft\u0131r\u0131yoruz. Gelinlerin kullanabilece\u011fi nevresim, \u00f6rt\u00fc ve \u00e7e\u015fitli tekstil \u00fcr\u00fcnlerini de \u00e7eyiz olarak ba\u011f\u0131\u015fl\u0131yoruz.&#8221; ifadelerini kulland\u0131.<\/span><span data-ccp-props=\"{&quot;134233117&quot;:false,&quot;134233118&quot;:false,&quot;201341983&quot;:0,&quot;335551550&quot;:1,&quot;335551620&quot;:1,&quot;335557856&quot;:16777215,&quot;335559738&quot;:0,&quot;335559739&quot;:240,&quot;335559740&quot;:405}\">\u00a0<\/span><\/p>\n<p style=\"text-align: justify;\"><strong>&#8220;Kullan-at k\u00fclt\u00fcr\u00fcne kar\u015f\u0131 dayan\u0131\u015fma&#8221;\u00a0<\/strong><\/p>\n<p style=\"text-align: justify;\"><span data-contrast=\"none\">\u00c7o\u011funlukla dantel, kuma\u015f ve\u00a0kanevi\u00e7e\u00a0ba\u011f\u0131\u015fland\u0131\u011f\u0131n\u0131 ifade eden Kahyao\u011flu, bu alanda deneyimli g\u00f6n\u00fcll\u00fclerin \u00fcr\u00fcnleri yeniden tasarlad\u0131\u011f\u0131n\u0131 s\u00f6yledi.<\/span><span data-ccp-props=\"{&quot;134233117&quot;:false,&quot;134233118&quot;:false,&quot;201341983&quot;:0,&quot;335551550&quot;:1,&quot;335551620&quot;:1,&quot;335557856&quot;:16777215,&quot;335559738&quot;:0,&quot;335559739&quot;:240,&quot;335559740&quot;:405}\">\u00a0<\/span><\/p>\n<p style=\"text-align: justify;\"><span data-contrast=\"none\">Dantellerden\u00a0runner, \u00e7anta ve farkl\u0131 tekstil \u00fcr\u00fcnleri haz\u0131rland\u0131\u011f\u0131n\u0131 aktaran Kahyao\u011flu, bu \u00fcr\u00fcnlerin nevresim tak\u0131mlar\u0131nda, namaz elbiselerinde ve \u00e7e\u015fitli tasar\u0131mlarda de\u011ferlendirildi\u011fini dile getirdi.<\/span><span data-ccp-props=\"{&quot;134233117&quot;:false,&quot;134233118&quot;:false,&quot;201341983&quot;:0,&quot;335551550&quot;:1,&quot;335551620&quot;:1,&quot;335557856&quot;:16777215,&quot;335559738&quot;:0,&quot;335559739&quot;:240,&quot;335559740&quot;:405}\">\u00a0<\/span><\/p>\n<p style=\"text-align: justify;\"><span data-contrast=\"none\">Toplumda &#8220;kullan-at&#8221; k\u00fclt\u00fcr\u00fcn\u00fcn yayg\u0131nla\u015ft\u0131\u011f\u0131n\u0131 belirten Kahyao\u011flu, proje ile hem israf\u0131n \u00f6n\u00fcne ge\u00e7meyi hem de \u00fcr\u00fcnleri yeniden ekonomiye kazand\u0131rmay\u0131 hedeflediklerini ifade etti.<\/span><span data-ccp-props=\"{&quot;134233117&quot;:false,&quot;134233118&quot;:false,&quot;201341983&quot;:0,&quot;335551550&quot;:1,&quot;335551620&quot;:1,&quot;335557856&quot;:16777215,&quot;335559738&quot;:0,&quot;335559739&quot;:240,&quot;335559740&quot;:405}\">\u00a0<\/span><\/p>\n<p style=\"text-align: justify;\"><span data-contrast=\"none\">Kullanmad\u0131klar\u0131 \u00e7eyiz e\u015fyalar\u0131 bulunan kad\u0131nlara \u00e7a\u011fr\u0131da bulunan Kahyao\u011flu, &#8220;Herkesin sand\u0131\u011f\u0131nda, dolab\u0131nda bu t\u00fcr el eme\u011fi \u00fcr\u00fcnler mutlaka vard\u0131r. Bekletmek yerine hayra d\u00f6n\u00fc\u015ft\u00fcrelim, yeniden hayata kazand\u0131ral\u0131m. Bu d\u00fcnyada olan bu d\u00fcnyada kal\u0131r, ancak ba\u011f\u0131\u015flanan her hat\u0131ra, iyili\u011fe d\u00f6n\u00fc\u015ferek kal\u0131c\u0131 bir de\u011fer haline gelir.&#8221; dedi.<\/span><span data-ccp-props=\"{&quot;134233117&quot;:false,&quot;134233118&quot;:false,&quot;201341983&quot;:0,&quot;335551550&quot;:1,&quot;335551620&quot;:1,&quot;335557856&quot;:16777215,&quot;335559738&quot;:0,&quot;335559739&quot;:240,&quot;335559740&quot;:405}\">\u00a0<\/span><\/p>\n\n\t\t<style type=\"text\/css\">\n\t\t\t#gallery-1 {\n\t\t\t\tmargin: auto;\n\t\t\t}\n\t\t\t#gallery-1 .gallery-item {\n\t\t\t\tfloat: left;\n\t\t\t\tmargin-top: 10px;\n\t\t\t\ttext-align: center;\n\t\t\t\twidth: 33%;\n\t\t\t}\n\t\t\t#gallery-1 img {\n\t\t\t\tborder: 2px solid #cfcfcf;\n\t\t\t}\n\t\t\t#gallery-1 .gallery-caption {\n\t\t\t\tmargin-left: 0;\n\t\t\t}\n\t\t\t\/* see gallery_shortcode() in wp-includes\/media.php *\/\n\t\t<\/style>\n\t\t<div id='gallery-1' class='gallery galleryid-55236 gallery-columns-3 gallery-size-full'><dl class='gallery-item'>\n\t\t\t<dt class='gallery-icon landscape'>\n\t\t\t\t<a href='https:\/\/tdv.org\/tr-TR\/wp-content\/uploads\/2026\/02\/turkiye-diyanet-vakfi-sandiktaki-ceyizleri-iyilige-donusturuyor-1.jpg'><img decoding=\"async\" width=\"1152\" height=\"768\" src=\"https:\/\/tdv.org\/tr-TR\/wp-content\/uploads\/2026\/02\/turkiye-diyanet-vakfi-sandiktaki-ceyizleri-iyilige-donusturuyor-1.jpg\" class=\"attachment-full size-full\" alt=\"turkiye-diyanet-vakfi-sandiktaki-ceyizleri-iyilige-donusturuyor, iyilik at\u00f6lyeleri, \u00e7eyiz yard\u0131m\u0131, kagem, TDV Kagem, TDV Kad\u0131n Kollar\u0131\" srcset=\"https:\/\/tdv.org\/tr-TR\/wp-content\/uploads\/2026\/02\/turkiye-diyanet-vakfi-sandiktaki-ceyizleri-iyilige-donusturuyor-1.jpg 1152w, https:\/\/tdv.org\/tr-TR\/wp-content\/uploads\/2026\/02\/turkiye-diyanet-vakfi-sandiktaki-ceyizleri-iyilige-donusturuyor-1-300x200.jpg 300w, https:\/\/tdv.org\/tr-TR\/wp-content\/uploads\/2026\/02\/turkiye-diyanet-vakfi-sandiktaki-ceyizleri-iyilige-donusturuyor-1-1024x683.jpg 1024w, https:\/\/tdv.org\/tr-TR\/wp-content\/uploads\/2026\/02\/turkiye-diyanet-vakfi-sandiktaki-ceyizleri-iyilige-donusturuyor-1-768x512.jpg 768w, https:\/\/tdv.org\/tr-TR\/wp-content\/uploads\/2026\/02\/turkiye-diyanet-vakfi-sandiktaki-ceyizleri-iyilige-donusturuyor-1-900x600.jpg 900w\" sizes=\"(max-width: 1152px) 100vw, 1152px\" \/><\/a>\n\t\t\t<\/dt><\/dl><dl class='gallery-item'>\n\t\t\t<dt class='gallery-icon landscape'>\n\t\t\t\t<a href='https:\/\/tdv.org\/tr-TR\/wp-content\/uploads\/2026\/02\/turkiye-diyanet-vakfi-sandiktaki-ceyizleri-iyilige-donusturuyor-2.jpg'><img decoding=\"async\" width=\"1152\" height=\"768\" src=\"https:\/\/tdv.org\/tr-TR\/wp-content\/uploads\/2026\/02\/turkiye-diyanet-vakfi-sandiktaki-ceyizleri-iyilige-donusturuyor-2.jpg\" class=\"attachment-full size-full\" alt=\"turkiye-diyanet-vakfi-sandiktaki-ceyizleri-iyilige-donusturuyor, iyilik at\u00f6lyeleri, \u00e7eyiz yard\u0131m\u0131, kagem, TDV Kagem, TDV Kad\u0131n Kollar\u0131\" srcset=\"https:\/\/tdv.org\/tr-TR\/wp-content\/uploads\/2026\/02\/turkiye-diyanet-vakfi-sandiktaki-ceyizleri-iyilige-donusturuyor-2.jpg 1152w, https:\/\/tdv.org\/tr-TR\/wp-content\/uploads\/2026\/02\/turkiye-diyanet-vakfi-sandiktaki-ceyizleri-iyilige-donusturuyor-2-300x200.jpg 300w, https:\/\/tdv.org\/tr-TR\/wp-content\/uploads\/2026\/02\/turkiye-diyanet-vakfi-sandiktaki-ceyizleri-iyilige-donusturuyor-2-1024x683.jpg 1024w, https:\/\/tdv.org\/tr-TR\/wp-content\/uploads\/2026\/02\/turkiye-diyanet-vakfi-sandiktaki-ceyizleri-iyilige-donusturuyor-2-768x512.jpg 768w, https:\/\/tdv.org\/tr-TR\/wp-content\/uploads\/2026\/02\/turkiye-diyanet-vakfi-sandiktaki-ceyizleri-iyilige-donusturuyor-2-900x600.jpg 900w\" sizes=\"(max-width: 1152px) 100vw, 1152px\" \/><\/a>\n\t\t\t<\/dt><\/dl><dl class='gallery-item'>\n\t\t\t<dt class='gallery-icon landscape'>\n\t\t\t\t<a href='https:\/\/tdv.org\/tr-TR\/wp-content\/uploads\/2026\/02\/turkiye-diyanet-vakfi-sandiktaki-ceyizleri-iyilige-donusturuyor-3.jpg'><img decoding=\"async\" width=\"1152\" height=\"768\" src=\"https:\/\/tdv.org\/tr-TR\/wp-content\/uploads\/2026\/02\/turkiye-diyanet-vakfi-sandiktaki-ceyizleri-iyilige-donusturuyor-3.jpg\" class=\"attachment-full size-full\" alt=\"turkiye-diyanet-vakfi-sandiktaki-ceyizleri-iyilige-donusturuyor, iyilik at\u00f6lyeleri, \u00e7eyiz yard\u0131m\u0131, kagem, TDV Kagem, TDV Kad\u0131n Kollar\u0131\" srcset=\"https:\/\/tdv.org\/tr-TR\/wp-content\/uploads\/2026\/02\/turkiye-diyanet-vakfi-sandiktaki-ceyizleri-iyilige-donusturuyor-3.jpg 1152w, https:\/\/tdv.org\/tr-TR\/wp-content\/uploads\/2026\/02\/turkiye-diyanet-vakfi-sandiktaki-ceyizleri-iyilige-donusturuyor-3-300x200.jpg 300w, https:\/\/tdv.org\/tr-TR\/wp-content\/uploads\/2026\/02\/turkiye-diyanet-vakfi-sandiktaki-ceyizleri-iyilige-donusturuyor-3-1024x683.jpg 1024w, https:\/\/tdv.org\/tr-TR\/wp-content\/uploads\/2026\/02\/turkiye-diyanet-vakfi-sandiktaki-ceyizleri-iyilige-donusturuyor-3-768x512.jpg 768w, https:\/\/tdv.org\/tr-TR\/wp-content\/uploads\/2026\/02\/turkiye-diyanet-vakfi-sandiktaki-ceyizleri-iyilige-donusturuyor-3-900x600.jpg 900w\" sizes=\"(max-width: 1152px) 100vw, 1152px\" \/><\/a>\n\t\t\t<\/dt><\/dl><br style=\"clear: both\" \/><dl class='gallery-item'>\n\t\t\t<dt class='gallery-icon landscape'>\n\t\t\t\t<a href='https:\/\/tdv.org\/tr-TR\/wp-content\/uploads\/2026\/02\/turkiye-diyanet-vakfi-sandiktaki-ceyizleri-iyilige-donusturuyor-4.jpg'><img decoding=\"async\" width=\"1152\" height=\"768\" src=\"https:\/\/tdv.org\/tr-TR\/wp-content\/uploads\/2026\/02\/turkiye-diyanet-vakfi-sandiktaki-ceyizleri-iyilige-donusturuyor-4.jpg\" class=\"attachment-full size-full\" alt=\"turkiye-diyanet-vakfi-sandiktaki-ceyizleri-iyilige-donusturuyor, iyilik at\u00f6lyeleri, \u00e7eyiz yard\u0131m\u0131, kagem, TDV Kagem, TDV Kad\u0131n Kollar\u0131\" srcset=\"https:\/\/tdv.org\/tr-TR\/wp-content\/uploads\/2026\/02\/turkiye-diyanet-vakfi-sandiktaki-ceyizleri-iyilige-donusturuyor-4.jpg 1152w, https:\/\/tdv.org\/tr-TR\/wp-content\/uploads\/2026\/02\/turkiye-diyanet-vakfi-sandiktaki-ceyizleri-iyilige-donusturuyor-4-300x200.jpg 300w, https:\/\/tdv.org\/tr-TR\/wp-content\/uploads\/2026\/02\/turkiye-diyanet-vakfi-sandiktaki-ceyizleri-iyilige-donusturuyor-4-1024x683.jpg 1024w, https:\/\/tdv.org\/tr-TR\/wp-content\/uploads\/2026\/02\/turkiye-diyanet-vakfi-sandiktaki-ceyizleri-iyilige-donusturuyor-4-768x512.jpg 768w, https:\/\/tdv.org\/tr-TR\/wp-content\/uploads\/2026\/02\/turkiye-diyanet-vakfi-sandiktaki-ceyizleri-iyilige-donusturuyor-4-900x600.jpg 900w\" sizes=\"(max-width: 1152px) 100vw, 1152px\" \/><\/a>\n\t\t\t<\/dt><\/dl><dl class='gallery-item'>\n\t\t\t<dt class='gallery-icon landscape'>\n\t\t\t\t<a href='https:\/\/tdv.org\/tr-TR\/wp-content\/uploads\/2026\/02\/turkiye-diyanet-vakfi-sandiktaki-ceyizleri-iyilige-donusturuyor-5.jpg'><img decoding=\"async\" width=\"1152\" height=\"768\" src=\"https:\/\/tdv.org\/tr-TR\/wp-content\/uploads\/2026\/02\/turkiye-diyanet-vakfi-sandiktaki-ceyizleri-iyilige-donusturuyor-5.jpg\" class=\"attachment-full size-full\" alt=\"turkiye-diyanet-vakfi-sandiktaki-ceyizleri-iyilige-donusturuyor, iyilik at\u00f6lyeleri, \u00e7eyiz yard\u0131m\u0131, kagem, TDV Kagem, TDV Kad\u0131n Kollar\u0131\" srcset=\"https:\/\/tdv.org\/tr-TR\/wp-content\/uploads\/2026\/02\/turkiye-diyanet-vakfi-sandiktaki-ceyizleri-iyilige-donusturuyor-5.jpg 1152w, https:\/\/tdv.org\/tr-TR\/wp-content\/uploads\/2026\/02\/turkiye-diyanet-vakfi-sandiktaki-ceyizleri-iyilige-donusturuyor-5-300x200.jpg 300w, https:\/\/tdv.org\/tr-TR\/wp-content\/uploads\/2026\/02\/turkiye-diyanet-vakfi-sandiktaki-ceyizleri-iyilige-donusturuyor-5-1024x683.jpg 1024w, https:\/\/tdv.org\/tr-TR\/wp-content\/uploads\/2026\/02\/turkiye-diyanet-vakfi-sandiktaki-ceyizleri-iyilige-donusturuyor-5-768x512.jpg 768w, https:\/\/tdv.org\/tr-TR\/wp-content\/uploads\/2026\/02\/turkiye-diyanet-vakfi-sandiktaki-ceyizleri-iyilige-donusturuyor-5-900x600.jpg 900w\" sizes=\"(max-width: 1152px) 100vw, 1152px\" \/><\/a>\n\t\t\t<\/dt><\/dl><dl class='gallery-item'>\n\t\t\t<dt class='gallery-icon landscape'>\n\t\t\t\t<a href='https:\/\/tdv.org\/tr-TR\/wp-content\/uploads\/2026\/02\/turkiye-diyanet-vakfi-sandiktaki-ceyizleri-iyilige-donusturuyor-6.jpg'><img decoding=\"async\" width=\"1152\" height=\"768\" src=\"https:\/\/tdv.org\/tr-TR\/wp-content\/uploads\/2026\/02\/turkiye-diyanet-vakfi-sandiktaki-ceyizleri-iyilige-donusturuyor-6.jpg\" class=\"attachment-full size-full\" alt=\"turkiye-diyanet-vakfi-sandiktaki-ceyizleri-iyilige-donusturuyor, iyilik at\u00f6lyeleri, \u00e7eyiz yard\u0131m\u0131, kagem, TDV Kagem, TDV Kad\u0131n Kollar\u0131\" srcset=\"https:\/\/tdv.org\/tr-TR\/wp-content\/uploads\/2026\/02\/turkiye-diyanet-vakfi-sandiktaki-ceyizleri-iyilige-donusturuyor-6.jpg 1152w, https:\/\/tdv.org\/tr-TR\/wp-content\/uploads\/2026\/02\/turkiye-diyanet-vakfi-sandiktaki-ceyizleri-iyilige-donusturuyor-6-300x200.jpg 300w, https:\/\/tdv.org\/tr-TR\/wp-content\/uploads\/2026\/02\/turkiye-diyanet-vakfi-sandiktaki-ceyizleri-iyilige-donusturuyor-6-1024x683.jpg 1024w, https:\/\/tdv.org\/tr-TR\/wp-content\/uploads\/2026\/02\/turkiye-diyanet-vakfi-sandiktaki-ceyizleri-iyilige-donusturuyor-6-768x512.jpg 768w, https:\/\/tdv.org\/tr-TR\/wp-content\/uploads\/2026\/02\/turkiye-diyanet-vakfi-sandiktaki-ceyizleri-iyilige-donusturuyor-6-900x600.jpg 900w\" sizes=\"(max-width: 1152px) 100vw, 1152px\" \/><\/a>\n\t\t\t<\/dt><\/dl><br style=\"clear: both\" \/>\n\t\t<\/div>\n\n","protected":false},"excerpt":{"rendered":"<p>T\u00fcrkiye\u00a0Diyanet\u00a0Vakf\u0131 (TDV) taraf\u0131ndan ba\u015flat\u0131lan &#8220;Sand\u0131ktan Sadakaya&#8221; projesi kapsam\u0131nda ba\u011f\u0131\u015flanan \u00e7eyiz e\u015fyalar\u0131, vakf\u0131n \u0130yilik\u00a0At\u00f6lyeleri&#8217;nde\u00a0i\u015flenerek hayra d\u00f6n\u00fc\u015ft\u00fcr\u00fcl\u00fcyor, sosyal hayata ve ekonomiye kazand\u0131r\u0131l\u0131yor.\u00a0 Yakla\u015f\u0131k bir y\u0131l \u00f6nce hayata ge\u00e7irilen proje kapsam\u0131nda kullan\u0131lmayan \u00e7eyiz&#8230;<\/p>\n","protected":false},"author":8,"featured_media":55239,"comment_status":"closed","ping_status":"closed","sticky":false,"template":"","format":"standard","meta":{"footnotes":""},"categories":[1],"tags":[1640,1641,1815,271],"class_list":{"0":"post-55236","1":"post","2":"type-post","3":"status-publish","4":"format-standard","5":"has-post-thumbnail","7":"category-haberler","8":"tag-ceyiz","9":"tag-ceyiz-yardimi","10":"tag-iyilik-atolyeleri","11":"tag-tdv-kagem"},"yoast_head":"<!-- This site is optimized with the Yoast SEO plugin v27.5 - https:\/\/yoast.com\/product\/yoast-seo-wordpress\/ -->\n<title>T\u00fcrkiye Diyanet Vakf\u0131, sand\u0131ktaki \u00e7eyizleri iyili\u011fe d\u00f6n\u00fc\u015ft\u00fcr\u00fcyor<\/title>\n<meta name=\"description\" content=\"T\u00fcrkiye\u00a0Diyanet\u00a0Vakf\u0131 (TDV) taraf\u0131ndan ba\u015flat\u0131lan &quot;Sand\u0131ktan Sadakaya&quot; projesi kapsam\u0131nda ba\u011f\u0131\u015flanan \u00e7eyiz e\u015fyalar\u0131, vakf\u0131n \u0130yilik\u00a0At\u00f6lyeleri&#039;nde\u00a0i\u015flenerek hayra d\u00f6n\u00fc\u015ft\u00fcr\u00fcl\u00fcyor, sosyal hayata ve ekonomiye kazand\u0131r\u0131l\u0131yor.\u00a0\" \/>\n<meta name=\"robots\" content=\"index, follow, max-snippet:-1, max-image-preview:large, max-video-preview:-1\" \/>\n<link rel=\"canonical\" href=\"https:\/\/tdv.org\/tr-TR\/turkiye-diyanet-vakfi-sandiktaki-ceyizleri-iyilige-donusturuyor\/\" \/>\n<meta property=\"og:locale\" content=\"tr_TR\" \/>\n<meta property=\"og:type\" content=\"article\" \/>\n<meta property=\"og:title\" content=\"T\u00fcrkiye Diyanet Vakf\u0131, sand\u0131ktaki \u00e7eyizleri iyili\u011fe d\u00f6n\u00fc\u015ft\u00fcr\u00fcyor\" \/>\n<meta property=\"og:description\" content=\"T\u00fcrkiye\u00a0Diyanet\u00a0Vakf\u0131 (TDV) taraf\u0131ndan ba\u015flat\u0131lan &quot;Sand\u0131ktan Sadakaya&quot; projesi kapsam\u0131nda ba\u011f\u0131\u015flanan \u00e7eyiz e\u015fyalar\u0131, vakf\u0131n \u0130yilik\u00a0At\u00f6lyeleri&#039;nde\u00a0i\u015flenerek hayra d\u00f6n\u00fc\u015ft\u00fcr\u00fcl\u00fcyor, sosyal hayata ve ekonomiye kazand\u0131r\u0131l\u0131yor.\u00a0\" \/>\n<meta property=\"og:url\" content=\"https:\/\/tdv.org\/tr-TR\/turkiye-diyanet-vakfi-sandiktaki-ceyizleri-iyilige-donusturuyor\/\" \/>\n<meta property=\"og:site_name\" content=\"T\u00fcrkiye Diyanet Vakf\u0131 Resmi Web Sitesi\" \/>\n<meta property=\"article:publisher\" content=\"https:\/\/www.facebook.com\/Diyanetvakfi\/\" \/>\n<meta property=\"article:published_time\" content=\"2026-02-21T12:48:40+00:00\" \/>\n<meta property=\"og:image\" content=\"https:\/\/tdv.org\/tr-TR\/wp-content\/uploads\/2026\/02\/turkiye-diyanet-vakfi-sandiktaki-ceyizleri-iyilige-donusturuyor-3.jpg\" \/>\n\t<meta property=\"og:image:width\" content=\"1152\" \/>\n\t<meta property=\"og:image:height\" content=\"768\" \/>\n\t<meta property=\"og:image:type\" content=\"image\/jpeg\" \/>\n<meta name=\"author\" content=\"Selim\" \/>\n<meta name=\"twitter:card\" content=\"summary_large_image\" \/>\n<meta name=\"twitter:creator\" content=\"@DiyanetVakfi\" \/>\n<meta name=\"twitter:site\" content=\"@DiyanetVakfi\" \/>\n<script type=\"application\/ld+json\" class=\"yoast-schema-graph\">{\"@context\":\"https:\\\/\\\/schema.org\",\"@graph\":[{\"@type\":\"Article\",\"@id\":\"https:\\\/\\\/tdv.org\\\/tr-TR\\\/turkiye-diyanet-vakfi-sandiktaki-ceyizleri-iyilige-donusturuyor\\\/#article\",\"isPartOf\":{\"@id\":\"https:\\\/\\\/tdv.org\\\/tr-TR\\\/turkiye-diyanet-vakfi-sandiktaki-ceyizleri-iyilige-donusturuyor\\\/\"},\"author\":{\"name\":\"Selim\",\"@id\":\"https:\\\/\\\/tdv.org\\\/tr-TR\\\/#\\\/schema\\\/person\\\/752b55e264a99273d55636516d96d5eb\"},\"headline\":\"T\u00fcrkiye Diyanet Vakf\u0131, sand\u0131ktaki \u00e7eyizleri iyili\u011fe d\u00f6n\u00fc\u015ft\u00fcr\u00fcyor\",\"datePublished\":\"2026-02-21T12:48:40+00:00\",\"mainEntityOfPage\":{\"@id\":\"https:\\\/\\\/tdv.org\\\/tr-TR\\\/turkiye-diyanet-vakfi-sandiktaki-ceyizleri-iyilige-donusturuyor\\\/\"},\"wordCount\":573,\"publisher\":{\"@id\":\"https:\\\/\\\/tdv.org\\\/tr-TR\\\/#organization\"},\"image\":{\"@id\":\"https:\\\/\\\/tdv.org\\\/tr-TR\\\/turkiye-diyanet-vakfi-sandiktaki-ceyizleri-iyilige-donusturuyor\\\/#primaryimage\"},\"thumbnailUrl\":\"https:\\\/\\\/tdv.org\\\/tr-TR\\\/wp-content\\\/uploads\\\/2026\\\/02\\\/turkiye-diyanet-vakfi-sandiktaki-ceyizleri-iyilige-donusturuyor-3.jpg\",\"keywords\":[\"\u00e7eyiz\",\"\u00e7eyiz yard\u0131m\u0131\",\"iyilik at\u00f6lyeleri\",\"TDV KAGEM\"],\"articleSection\":[\"Haberler\"],\"inLanguage\":\"tr\"},{\"@type\":\"WebPage\",\"@id\":\"https:\\\/\\\/tdv.org\\\/tr-TR\\\/turkiye-diyanet-vakfi-sandiktaki-ceyizleri-iyilige-donusturuyor\\\/\",\"url\":\"https:\\\/\\\/tdv.org\\\/tr-TR\\\/turkiye-diyanet-vakfi-sandiktaki-ceyizleri-iyilige-donusturuyor\\\/\",\"name\":\"T\u00fcrkiye Diyanet Vakf\u0131, sand\u0131ktaki \u00e7eyizleri iyili\u011fe d\u00f6n\u00fc\u015ft\u00fcr\u00fcyor\",\"isPartOf\":{\"@id\":\"https:\\\/\\\/tdv.org\\\/tr-TR\\\/#website\"},\"primaryImageOfPage\":{\"@id\":\"https:\\\/\\\/tdv.org\\\/tr-TR\\\/turkiye-diyanet-vakfi-sandiktaki-ceyizleri-iyilige-donusturuyor\\\/#primaryimage\"},\"image\":{\"@id\":\"https:\\\/\\\/tdv.org\\\/tr-TR\\\/turkiye-diyanet-vakfi-sandiktaki-ceyizleri-iyilige-donusturuyor\\\/#primaryimage\"},\"thumbnailUrl\":\"https:\\\/\\\/tdv.org\\\/tr-TR\\\/wp-content\\\/uploads\\\/2026\\\/02\\\/turkiye-diyanet-vakfi-sandiktaki-ceyizleri-iyilige-donusturuyor-3.jpg\",\"datePublished\":\"2026-02-21T12:48:40+00:00\",\"description\":\"T\u00fcrkiye\u00a0Diyanet\u00a0Vakf\u0131 (TDV) taraf\u0131ndan ba\u015flat\u0131lan \\\"Sand\u0131ktan Sadakaya\\\" projesi kapsam\u0131nda ba\u011f\u0131\u015flanan \u00e7eyiz e\u015fyalar\u0131, vakf\u0131n \u0130yilik\u00a0At\u00f6lyeleri'nde\u00a0i\u015flenerek hayra d\u00f6n\u00fc\u015ft\u00fcr\u00fcl\u00fcyor, sosyal hayata ve ekonomiye kazand\u0131r\u0131l\u0131yor.\u00a0\",\"breadcrumb\":{\"@id\":\"https:\\\/\\\/tdv.org\\\/tr-TR\\\/turkiye-diyanet-vakfi-sandiktaki-ceyizleri-iyilige-donusturuyor\\\/#breadcrumb\"},\"inLanguage\":\"tr\",\"potentialAction\":[{\"@type\":\"ReadAction\",\"target\":[\"https:\\\/\\\/tdv.org\\\/tr-TR\\\/turkiye-diyanet-vakfi-sandiktaki-ceyizleri-iyilige-donusturuyor\\\/\"]}]},{\"@type\":\"ImageObject\",\"inLanguage\":\"tr\",\"@id\":\"https:\\\/\\\/tdv.org\\\/tr-TR\\\/turkiye-diyanet-vakfi-sandiktaki-ceyizleri-iyilige-donusturuyor\\\/#primaryimage\",\"url\":\"https:\\\/\\\/tdv.org\\\/tr-TR\\\/wp-content\\\/uploads\\\/2026\\\/02\\\/turkiye-diyanet-vakfi-sandiktaki-ceyizleri-iyilige-donusturuyor-3.jpg\",\"contentUrl\":\"https:\\\/\\\/tdv.org\\\/tr-TR\\\/wp-content\\\/uploads\\\/2026\\\/02\\\/turkiye-diyanet-vakfi-sandiktaki-ceyizleri-iyilige-donusturuyor-3.jpg\",\"width\":1152,\"height\":768,\"caption\":\"turkiye-diyanet-vakfi-sandiktaki-ceyizleri-iyilige-donusturuyor, iyilik at\u00f6lyeleri, \u00e7eyiz yard\u0131m\u0131, kagem, TDV Kagem, TDV Kad\u0131n Kollar\u0131\"},{\"@type\":\"BreadcrumbList\",\"@id\":\"https:\\\/\\\/tdv.org\\\/tr-TR\\\/turkiye-diyanet-vakfi-sandiktaki-ceyizleri-iyilige-donusturuyor\\\/#breadcrumb\",\"itemListElement\":[{\"@type\":\"ListItem\",\"position\":1,\"name\":\"Anasayfa\",\"item\":\"https:\\\/\\\/tdv.org\\\/tr-TR\\\/\"},{\"@type\":\"ListItem\",\"position\":2,\"name\":\"T\u00fcrkiye Diyanet Vakf\u0131, sand\u0131ktaki \u00e7eyizleri iyili\u011fe d\u00f6n\u00fc\u015ft\u00fcr\u00fcyor\"}]},{\"@type\":\"WebSite\",\"@id\":\"https:\\\/\\\/tdv.org\\\/tr-TR\\\/#website\",\"url\":\"https:\\\/\\\/tdv.org\\\/tr-TR\\\/\",\"name\":\"T\u00fcrkiye Diyanet Vakf\u0131 Resmi Web Sitesi\",\"description\":\"Yery\u00fcz\u00fcnde iyilik egemen oluncaya kadar\",\"publisher\":{\"@id\":\"https:\\\/\\\/tdv.org\\\/tr-TR\\\/#organization\"},\"alternateName\":\"T\u00fcrkiye Diyanet Vakf\u0131\",\"potentialAction\":[{\"@type\":\"SearchAction\",\"target\":{\"@type\":\"EntryPoint\",\"urlTemplate\":\"https:\\\/\\\/tdv.org\\\/tr-TR\\\/?s={search_term_string}\"},\"query-input\":{\"@type\":\"PropertyValueSpecification\",\"valueRequired\":true,\"valueName\":\"search_term_string\"}}],\"inLanguage\":\"tr\"},{\"@type\":\"Organization\",\"@id\":\"https:\\\/\\\/tdv.org\\\/tr-TR\\\/#organization\",\"name\":\"T\u00fcrkiye Diyanet Vakf\u0131\",\"alternateName\":\"T\u00fcrkiye Diyanet Vakf\u0131\",\"url\":\"https:\\\/\\\/tdv.org\\\/tr-TR\\\/\",\"logo\":{\"@type\":\"ImageObject\",\"inLanguage\":\"tr\",\"@id\":\"https:\\\/\\\/tdv.org\\\/tr-TR\\\/#\\\/schema\\\/logo\\\/image\\\/\",\"url\":\"https:\\\/\\\/tdv.org\\\/tr-TR\\\/wp-content\\\/uploads\\\/2018\\\/12\\\/TDV_Logo_1.png\",\"contentUrl\":\"https:\\\/\\\/tdv.org\\\/tr-TR\\\/wp-content\\\/uploads\\\/2018\\\/12\\\/TDV_Logo_1.png\",\"width\":207,\"height\":71,\"caption\":\"T\u00fcrkiye Diyanet Vakf\u0131\"},\"image\":{\"@id\":\"https:\\\/\\\/tdv.org\\\/tr-TR\\\/#\\\/schema\\\/logo\\\/image\\\/\"},\"sameAs\":[\"https:\\\/\\\/www.facebook.com\\\/Diyanetvakfi\\\/\",\"https:\\\/\\\/x.com\\\/DiyanetVakfi\",\"https:\\\/\\\/www.instagram.com\\\/turkiyediyanetvakfi\\\/\",\"https:\\\/\\\/www.youtube.com\\\/user\\\/TurkiyeDiyanetVakfi\"]},{\"@type\":\"Person\",\"@id\":\"https:\\\/\\\/tdv.org\\\/tr-TR\\\/#\\\/schema\\\/person\\\/752b55e264a99273d55636516d96d5eb\",\"name\":\"Selim\",\"image\":{\"@type\":\"ImageObject\",\"inLanguage\":\"tr\",\"@id\":\"https:\\\/\\\/tdv.org\\\/tr-TR\\\/wp-content\\\/litespeed\\\/avatar\\\/a1e47b25396e98e5b781e88a5396cd96.jpg?ver=1777287391\",\"url\":\"https:\\\/\\\/tdv.org\\\/tr-TR\\\/wp-content\\\/litespeed\\\/avatar\\\/a1e47b25396e98e5b781e88a5396cd96.jpg?ver=1777287391\",\"contentUrl\":\"https:\\\/\\\/tdv.org\\\/tr-TR\\\/wp-content\\\/litespeed\\\/avatar\\\/a1e47b25396e98e5b781e88a5396cd96.jpg?ver=1777287391\",\"caption\":\"Selim\"}}]}<\/script>\n<!-- \/ Yoast SEO plugin. -->","yoast_head_json":{"title":"T\u00fcrkiye Diyanet Vakf\u0131, sand\u0131ktaki \u00e7eyizleri iyili\u011fe d\u00f6n\u00fc\u015ft\u00fcr\u00fcyor","description":"T\u00fcrkiye\u00a0Diyanet\u00a0Vakf\u0131 (TDV) taraf\u0131ndan ba\u015flat\u0131lan \"Sand\u0131ktan Sadakaya\" projesi kapsam\u0131nda ba\u011f\u0131\u015flanan \u00e7eyiz e\u015fyalar\u0131, vakf\u0131n \u0130yilik\u00a0At\u00f6lyeleri'nde\u00a0i\u015flenerek hayra d\u00f6n\u00fc\u015ft\u00fcr\u00fcl\u00fcyor, sosyal hayata ve ekonomiye kazand\u0131r\u0131l\u0131yor.\u00a0","robots":{"index":"index","follow":"follow","max-snippet":"max-snippet:-1","max-image-preview":"max-image-preview:large","max-video-preview":"max-video-preview:-1"},"canonical":"https:\/\/tdv.org\/tr-TR\/turkiye-diyanet-vakfi-sandiktaki-ceyizleri-iyilige-donusturuyor\/","og_locale":"tr_TR","og_type":"article","og_title":"T\u00fcrkiye Diyanet Vakf\u0131, sand\u0131ktaki \u00e7eyizleri iyili\u011fe d\u00f6n\u00fc\u015ft\u00fcr\u00fcyor","og_description":"T\u00fcrkiye\u00a0Diyanet\u00a0Vakf\u0131 (TDV) taraf\u0131ndan ba\u015flat\u0131lan \"Sand\u0131ktan Sadakaya\" projesi kapsam\u0131nda ba\u011f\u0131\u015flanan \u00e7eyiz e\u015fyalar\u0131, vakf\u0131n \u0130yilik\u00a0At\u00f6lyeleri'nde\u00a0i\u015flenerek hayra d\u00f6n\u00fc\u015ft\u00fcr\u00fcl\u00fcyor, sosyal hayata ve ekonomiye kazand\u0131r\u0131l\u0131yor.\u00a0","og_url":"https:\/\/tdv.org\/tr-TR\/turkiye-diyanet-vakfi-sandiktaki-ceyizleri-iyilige-donusturuyor\/","og_site_name":"T\u00fcrkiye Diyanet Vakf\u0131 Resmi Web Sitesi","article_publisher":"https:\/\/www.facebook.com\/Diyanetvakfi\/","article_published_time":"2026-02-21T12:48:40+00:00","og_image":[{"width":1152,"height":768,"url":"https:\/\/tdv.org\/tr-TR\/wp-content\/uploads\/2026\/02\/turkiye-diyanet-vakfi-sandiktaki-ceyizleri-iyilige-donusturuyor-3.jpg","type":"image\/jpeg"}],"author":"Selim","twitter_card":"summary_large_image","twitter_creator":"@DiyanetVakfi","twitter_site":"@DiyanetVakfi","schema":{"@context":"https:\/\/schema.org","@graph":[{"@type":"Article","@id":"https:\/\/tdv.org\/tr-TR\/turkiye-diyanet-vakfi-sandiktaki-ceyizleri-iyilige-donusturuyor\/#article","isPartOf":{"@id":"https:\/\/tdv.org\/tr-TR\/turkiye-diyanet-vakfi-sandiktaki-ceyizleri-iyilige-donusturuyor\/"},"author":{"name":"Selim","@id":"https:\/\/tdv.org\/tr-TR\/#\/schema\/person\/752b55e264a99273d55636516d96d5eb"},"headline":"T\u00fcrkiye Diyanet Vakf\u0131, sand\u0131ktaki \u00e7eyizleri iyili\u011fe d\u00f6n\u00fc\u015ft\u00fcr\u00fcyor","datePublished":"2026-02-21T12:48:40+00:00","mainEntityOfPage":{"@id":"https:\/\/tdv.org\/tr-TR\/turkiye-diyanet-vakfi-sandiktaki-ceyizleri-iyilige-donusturuyor\/"},"wordCount":573,"publisher":{"@id":"https:\/\/tdv.org\/tr-TR\/#organization"},"image":{"@id":"https:\/\/tdv.org\/tr-TR\/turkiye-diyanet-vakfi-sandiktaki-ceyizleri-iyilige-donusturuyor\/#primaryimage"},"thumbnailUrl":"https:\/\/tdv.org\/tr-TR\/wp-content\/uploads\/2026\/02\/turkiye-diyanet-vakfi-sandiktaki-ceyizleri-iyilige-donusturuyor-3.jpg","keywords":["\u00e7eyiz","\u00e7eyiz yard\u0131m\u0131","iyilik at\u00f6lyeleri","TDV KAGEM"],"articleSection":["Haberler"],"inLanguage":"tr"},{"@type":"WebPage","@id":"https:\/\/tdv.org\/tr-TR\/turkiye-diyanet-vakfi-sandiktaki-ceyizleri-iyilige-donusturuyor\/","url":"https:\/\/tdv.org\/tr-TR\/turkiye-diyanet-vakfi-sandiktaki-ceyizleri-iyilige-donusturuyor\/","name":"T\u00fcrkiye Diyanet Vakf\u0131, sand\u0131ktaki \u00e7eyizleri iyili\u011fe d\u00f6n\u00fc\u015ft\u00fcr\u00fcyor","isPartOf":{"@id":"https:\/\/tdv.org\/tr-TR\/#website"},"primaryImageOfPage":{"@id":"https:\/\/tdv.org\/tr-TR\/turkiye-diyanet-vakfi-sandiktaki-ceyizleri-iyilige-donusturuyor\/#primaryimage"},"image":{"@id":"https:\/\/tdv.org\/tr-TR\/turkiye-diyanet-vakfi-sandiktaki-ceyizleri-iyilige-donusturuyor\/#primaryimage"},"thumbnailUrl":"https:\/\/tdv.org\/tr-TR\/wp-content\/uploads\/2026\/02\/turkiye-diyanet-vakfi-sandiktaki-ceyizleri-iyilige-donusturuyor-3.jpg","datePublished":"2026-02-21T12:48:40+00:00","description":"T\u00fcrkiye\u00a0Diyanet\u00a0Vakf\u0131 (TDV) taraf\u0131ndan ba\u015flat\u0131lan \"Sand\u0131ktan Sadakaya\" projesi kapsam\u0131nda ba\u011f\u0131\u015flanan \u00e7eyiz e\u015fyalar\u0131, vakf\u0131n \u0130yilik\u00a0At\u00f6lyeleri'nde\u00a0i\u015flenerek hayra d\u00f6n\u00fc\u015ft\u00fcr\u00fcl\u00fcyor, sosyal hayata ve ekonomiye kazand\u0131r\u0131l\u0131yor.\u00a0","breadcrumb":{"@id":"https:\/\/tdv.org\/tr-TR\/turkiye-diyanet-vakfi-sandiktaki-ceyizleri-iyilige-donusturuyor\/#breadcrumb"},"inLanguage":"tr","potentialAction":[{"@type":"ReadAction","target":["https:\/\/tdv.org\/tr-TR\/turkiye-diyanet-vakfi-sandiktaki-ceyizleri-iyilige-donusturuyor\/"]}]},{"@type":"ImageObject","inLanguage":"tr","@id":"https:\/\/tdv.org\/tr-TR\/turkiye-diyanet-vakfi-sandiktaki-ceyizleri-iyilige-donusturuyor\/#primaryimage","url":"https:\/\/tdv.org\/tr-TR\/wp-content\/uploads\/2026\/02\/turkiye-diyanet-vakfi-sandiktaki-ceyizleri-iyilige-donusturuyor-3.jpg","contentUrl":"https:\/\/tdv.org\/tr-TR\/wp-content\/uploads\/2026\/02\/turkiye-diyanet-vakfi-sandiktaki-ceyizleri-iyilige-donusturuyor-3.jpg","width":1152,"height":768,"caption":"turkiye-diyanet-vakfi-sandiktaki-ceyizleri-iyilige-donusturuyor, iyilik at\u00f6lyeleri, \u00e7eyiz yard\u0131m\u0131, kagem, TDV Kagem, TDV Kad\u0131n Kollar\u0131"},{"@type":"BreadcrumbList","@id":"https:\/\/tdv.org\/tr-TR\/turkiye-diyanet-vakfi-sandiktaki-ceyizleri-iyilige-donusturuyor\/#breadcrumb","itemListElement":[{"@type":"ListItem","position":1,"name":"Anasayfa","item":"https:\/\/tdv.org\/tr-TR\/"},{"@type":"ListItem","position":2,"name":"T\u00fcrkiye Diyanet Vakf\u0131, sand\u0131ktaki \u00e7eyizleri iyili\u011fe d\u00f6n\u00fc\u015ft\u00fcr\u00fcyor"}]},{"@type":"WebSite","@id":"https:\/\/tdv.org\/tr-TR\/#website","url":"https:\/\/tdv.org\/tr-TR\/","name":"T\u00fcrkiye Diyanet Vakf\u0131 Resmi Web Sitesi","description":"Yery\u00fcz\u00fcnde iyilik egemen oluncaya kadar","publisher":{"@id":"https:\/\/tdv.org\/tr-TR\/#organization"},"alternateName":"T\u00fcrkiye Diyanet Vakf\u0131","potentialAction":[{"@type":"SearchAction","target":{"@type":"EntryPoint","urlTemplate":"https:\/\/tdv.org\/tr-TR\/?s={search_term_string}"},"query-input":{"@type":"PropertyValueSpecification","valueRequired":true,"valueName":"search_term_string"}}],"inLanguage":"tr"},{"@type":"Organization","@id":"https:\/\/tdv.org\/tr-TR\/#organization","name":"T\u00fcrkiye Diyanet Vakf\u0131","alternateName":"T\u00fcrkiye Diyanet Vakf\u0131","url":"https:\/\/tdv.org\/tr-TR\/","logo":{"@type":"ImageObject","inLanguage":"tr","@id":"https:\/\/tdv.org\/tr-TR\/#\/schema\/logo\/image\/","url":"https:\/\/tdv.org\/tr-TR\/wp-content\/uploads\/2018\/12\/TDV_Logo_1.png","contentUrl":"https:\/\/tdv.org\/tr-TR\/wp-content\/uploads\/2018\/12\/TDV_Logo_1.png","width":207,"height":71,"caption":"T\u00fcrkiye Diyanet Vakf\u0131"},"image":{"@id":"https:\/\/tdv.org\/tr-TR\/#\/schema\/logo\/image\/"},"sameAs":["https:\/\/www.facebook.com\/Diyanetvakfi\/","https:\/\/x.com\/DiyanetVakfi","https:\/\/www.instagram.com\/turkiyediyanetvakfi\/","https:\/\/www.youtube.com\/user\/TurkiyeDiyanetVakfi"]},{"@type":"Person","@id":"https:\/\/tdv.org\/tr-TR\/#\/schema\/person\/752b55e264a99273d55636516d96d5eb","name":"Selim","image":{"@type":"ImageObject","inLanguage":"tr","@id":"https:\/\/tdv.org\/tr-TR\/wp-content\/litespeed\/avatar\/a1e47b25396e98e5b781e88a5396cd96.jpg?ver=1777287391","url":"https:\/\/tdv.org\/tr-TR\/wp-content\/litespeed\/avatar\/a1e47b25396e98e5b781e88a5396cd96.jpg?ver=1777287391","contentUrl":"https:\/\/tdv.org\/tr-TR\/wp-content\/litespeed\/avatar\/a1e47b25396e98e5b781e88a5396cd96.jpg?ver=1777287391","caption":"Selim"}}]}},"_links":{"self":[{"href":"https:\/\/tdv.org\/tr-TR\/wp-json\/wp\/v2\/posts\/55236","targetHints":{"allow":["GET"]}}],"collection":[{"href":"https:\/\/tdv.org\/tr-TR\/wp-json\/wp\/v2\/posts"}],"about":[{"href":"https:\/\/tdv.org\/tr-TR\/wp-json\/wp\/v2\/types\/post"}],"author":[{"embeddable":true,"href":"https:\/\/tdv.org\/tr-TR\/wp-json\/wp\/v2\/users\/8"}],"replies":[{"embeddable":true,"href":"https:\/\/tdv.org\/tr-TR\/wp-json\/wp\/v2\/comments?post=55236"}],"version-history":[{"count":1,"href":"https:\/\/tdv.org\/tr-TR\/wp-json\/wp\/v2\/posts\/55236\/revisions"}],"predecessor-version":[{"id":55243,"href":"https:\/\/tdv.org\/tr-TR\/wp-json\/wp\/v2\/posts\/55236\/revisions\/55243"}],"wp:featuredmedia":[{"embeddable":true,"href":"https:\/\/tdv.org\/tr-TR\/wp-json\/wp\/v2\/media\/55239"}],"wp:attachment":[{"href":"https:\/\/tdv.org\/tr-TR\/wp-json\/wp\/v2\/media?parent=55236"}],"wp:term":[{"taxonomy":"category","embeddable":true,"href":"https:\/\/tdv.org\/tr-TR\/wp-json\/wp\/v2\/categories?post=55236"},{"taxonomy":"post_tag","embeddable":true,"href":"https:\/\/tdv.org\/tr-TR\/wp-json\/wp\/v2\/tags?post=55236"}],"curies":[{"name":"wp","href":"https:\/\/api.w.org\/{rel}","templated":true}]}}