{"id":55272,"date":"2026-02-24T12:08:15","date_gmt":"2026-02-24T09:08:15","guid":{"rendered":"https:\/\/tdv.org\/tr-TR\/?p=55272"},"modified":"2026-03-03T10:32:23","modified_gmt":"2026-03-03T07:32:23","slug":"turkiye-diyanet-vakfi-sierra-leonede-ramazan-yardimlarini-surduruyor","status":"publish","type":"post","link":"https:\/\/tdv.org\/tr-TR\/turkiye-diyanet-vakfi-sierra-leonede-ramazan-yardimlarini-surduruyor\/","title":{"rendered":"T\u00fcrkiye\u202fDiyanet\u202fVakf\u0131, Sierra Leone&#8217;de ramazan yard\u0131mlar\u0131n\u0131 s\u00fcrd\u00fcr\u00fcyor"},"content":{"rendered":"<p style=\"text-align: justify;\"><span data-contrast=\"none\">T\u00fcrkiye\u202fDiyanet\u202fVakf\u0131\u202f(TDV), <a href=\"https:\/\/bagis.tdv.org\/#ramazan\" target=\"_blank\" rel=\"noopener\">ramazan<\/a> dolay\u0131s\u0131yla Sierra Leone&#8217;nin Freetown kentinde ihtiya\u00e7 sahiplerine <a href=\"https:\/\/bagis.tdv.org\/ramazan\/gida-paketi-39\" target=\"_blank\" rel=\"noopener\">g\u0131da kolisi<\/a> da\u011f\u0131t\u0131yor.<\/span><span data-ccp-props=\"{&quot;134233118&quot;:true,&quot;201341983&quot;:2,&quot;335557856&quot;:16777215,&quot;335559740&quot;:390}\">\u00a0<\/span><\/p>\n<p style=\"text-align: justify;\"><span data-contrast=\"none\">TDV ekip sorumlusu Esen Ali Duman, beraberindeki 2 g\u00f6revli, 2 g\u00f6n\u00fcll\u00fc ve yerel g\u00f6n\u00fcll\u00fclerin i\u015fbirli\u011fiyle kent merkezindeki ihtiya\u00e7 sahibi ailelere <a href=\"https:\/\/bagis.tdv.org\/ramazan\/gida-paketi-39\" target=\"_blank\" rel=\"noopener\">g\u0131da kolisi<\/a> da\u011f\u0131t\u0131m\u0131 yap\u0131yor.<\/span><span data-ccp-props=\"{&quot;134233118&quot;:true,&quot;201341983&quot;:2,&quot;335557856&quot;:16777215,&quot;335559740&quot;:390}\">\u00a0<\/span><\/p>\n<p style=\"text-align: justify;\"><span data-contrast=\"none\">Ba\u011f\u0131\u015f\u00e7\u0131lar\u0131n destekleriyle haz\u0131rlanan kolilerin i\u00e7erisinde un, pirin\u00e7, \u015feker, sal\u00e7a gibi vatanda\u015flar\u0131n temel ihtiya\u00e7lar\u0131n\u0131 giderebilece\u011fi malzemeler yer al\u0131yor.<\/span><span data-ccp-props=\"{&quot;134233118&quot;:true,&quot;201341983&quot;:2,&quot;335557856&quot;:16777215,&quot;335559740&quot;:390}\">\u00a0<\/span><\/p>\n<p style=\"text-align: justify;\"><span data-contrast=\"none\">Esen Ali Duman, vak\u0131f olarak ba\u011f\u0131\u015f\u00e7\u0131lar\u0131n emanetlerini <a href=\"https:\/\/tdv.org\/tr-TR\/gonullu-ol\/\" target=\"_blank\" rel=\"noopener\">g\u00f6n\u00fcll\u00fc<\/a> ve g\u00f6revlilerle yerine ula\u015ft\u0131rmaya \u00e7al\u0131\u015ft\u0131klar\u0131n\u0131, ihtiya\u00e7 sahibi ailelere da\u011f\u0131t\u0131mlar\u0131n\u0131n s\u00fcrd\u00fc\u011f\u00fcn\u00fc s\u00f6yledi.<\/span><span data-ccp-props=\"{&quot;134233118&quot;:true,&quot;201341983&quot;:2,&quot;335557856&quot;:16777215,&quot;335559740&quot;:390}\">\u00a0<\/span><\/p>\n\n\t\t<style type=\"text\/css\">\n\t\t\t#gallery-1 {\n\t\t\t\tmargin: auto;\n\t\t\t}\n\t\t\t#gallery-1 .gallery-item {\n\t\t\t\tfloat: left;\n\t\t\t\tmargin-top: 10px;\n\t\t\t\ttext-align: center;\n\t\t\t\twidth: 33%;\n\t\t\t}\n\t\t\t#gallery-1 img {\n\t\t\t\tborder: 2px solid #cfcfcf;\n\t\t\t}\n\t\t\t#gallery-1 .gallery-caption {\n\t\t\t\tmargin-left: 0;\n\t\t\t}\n\t\t\t\/* see gallery_shortcode() in wp-includes\/media.php *\/\n\t\t<\/style>\n\t\t<div id='gallery-1' class='gallery galleryid-55272 gallery-columns-3 gallery-size-large'><dl class='gallery-item'>\n\t\t\t<dt class='gallery-icon landscape'>\n\t\t\t\t<a href='https:\/\/tdv.org\/tr-TR\/wp-content\/uploads\/2026\/02\/turkiye-diyanet-vakfi-sierra-leonede-ramazan-yardimlarini-surduruyor-1.jpg'><img decoding=\"async\" width=\"1024\" height=\"768\" src=\"https:\/\/tdv.org\/tr-TR\/wp-content\/uploads\/2026\/02\/turkiye-diyanet-vakfi-sierra-leonede-ramazan-yardimlarini-surduruyor-1.jpg\" class=\"attachment-large size-large\" alt=\"\" aria-describedby=\"gallery-1-55748\" srcset=\"https:\/\/tdv.org\/tr-TR\/wp-content\/uploads\/2026\/02\/turkiye-diyanet-vakfi-sierra-leonede-ramazan-yardimlarini-surduruyor-1.jpg 1024w, https:\/\/tdv.org\/tr-TR\/wp-content\/uploads\/2026\/02\/turkiye-diyanet-vakfi-sierra-leonede-ramazan-yardimlarini-surduruyor-1-300x225.jpg 300w, https:\/\/tdv.org\/tr-TR\/wp-content\/uploads\/2026\/02\/turkiye-diyanet-vakfi-sierra-leonede-ramazan-yardimlarini-surduruyor-1-768x576.jpg 768w\" sizes=\"(max-width: 1024px) 100vw, 1024px\" \/><\/a>\n\t\t\t<\/dt>\n\t\t\t\t<dd class='wp-caption-text gallery-caption' id='gallery-1-55748'>\n\t\t\t\tT\u00fcrkiye\u202fDiyanet\u202fVakf\u0131, Sierra Leone\u2019de ramazan yard\u0131mlar\u0131n\u0131 s\u00fcrd\u00fcr\u00fcyor, g\u0131da kolisi, g\u0131da, g\u0131da pketi, ramazan kolisi\n\t\t\t\t<\/dd><\/dl><dl class='gallery-item'>\n\t\t\t<dt class='gallery-icon landscape'>\n\t\t\t\t<a href='https:\/\/tdv.org\/tr-TR\/wp-content\/uploads\/2026\/02\/turkiye-diyanet-vakfi-sierra-leonede-ramazan-yardimlarini-surduruyor-2.jpg'><img decoding=\"async\" width=\"1024\" height=\"768\" src=\"https:\/\/tdv.org\/tr-TR\/wp-content\/uploads\/2026\/02\/turkiye-diyanet-vakfi-sierra-leonede-ramazan-yardimlarini-surduruyor-2.jpg\" class=\"attachment-large size-large\" alt=\"\" aria-describedby=\"gallery-1-55749\" srcset=\"https:\/\/tdv.org\/tr-TR\/wp-content\/uploads\/2026\/02\/turkiye-diyanet-vakfi-sierra-leonede-ramazan-yardimlarini-surduruyor-2.jpg 1024w, https:\/\/tdv.org\/tr-TR\/wp-content\/uploads\/2026\/02\/turkiye-diyanet-vakfi-sierra-leonede-ramazan-yardimlarini-surduruyor-2-300x225.jpg 300w, https:\/\/tdv.org\/tr-TR\/wp-content\/uploads\/2026\/02\/turkiye-diyanet-vakfi-sierra-leonede-ramazan-yardimlarini-surduruyor-2-768x576.jpg 768w\" sizes=\"(max-width: 1024px) 100vw, 1024px\" \/><\/a>\n\t\t\t<\/dt>\n\t\t\t\t<dd class='wp-caption-text gallery-caption' id='gallery-1-55749'>\n\t\t\t\tT\u00fcrkiye\u202fDiyanet\u202fVakf\u0131, Sierra Leone\u2019de ramazan yard\u0131mlar\u0131n\u0131 s\u00fcrd\u00fcr\u00fcyor, g\u0131da kolisi, g\u0131da, g\u0131da pketi, ramazan kolisi\n\t\t\t\t<\/dd><\/dl><dl class='gallery-item'>\n\t\t\t<dt class='gallery-icon landscape'>\n\t\t\t\t<a href='https:\/\/tdv.org\/tr-TR\/wp-content\/uploads\/2026\/02\/turkiye-diyanet-vakfi-sierra-leonede-ramazan-yardimlarini-surduruyor-3.jpg'><img decoding=\"async\" width=\"1024\" height=\"712\" src=\"https:\/\/tdv.org\/tr-TR\/wp-content\/uploads\/2026\/02\/turkiye-diyanet-vakfi-sierra-leonede-ramazan-yardimlarini-surduruyor-3-1024x712.jpg\" class=\"attachment-large size-large\" alt=\"\" aria-describedby=\"gallery-1-55750\" srcset=\"https:\/\/tdv.org\/tr-TR\/wp-content\/uploads\/2026\/02\/turkiye-diyanet-vakfi-sierra-leonede-ramazan-yardimlarini-surduruyor-3-1024x712.jpg 1024w, https:\/\/tdv.org\/tr-TR\/wp-content\/uploads\/2026\/02\/turkiye-diyanet-vakfi-sierra-leonede-ramazan-yardimlarini-surduruyor-3-300x209.jpg 300w, https:\/\/tdv.org\/tr-TR\/wp-content\/uploads\/2026\/02\/turkiye-diyanet-vakfi-sierra-leonede-ramazan-yardimlarini-surduruyor-3-768x534.jpg 768w, https:\/\/tdv.org\/tr-TR\/wp-content\/uploads\/2026\/02\/turkiye-diyanet-vakfi-sierra-leonede-ramazan-yardimlarini-surduruyor-3.jpg 1105w\" sizes=\"(max-width: 1024px) 100vw, 1024px\" \/><\/a>\n\t\t\t<\/dt>\n\t\t\t\t<dd class='wp-caption-text gallery-caption' id='gallery-1-55750'>\n\t\t\t\tT\u00fcrkiye\u202fDiyanet\u202fVakf\u0131, Sierra Leone\u2019de ramazan yard\u0131mlar\u0131n\u0131 s\u00fcrd\u00fcr\u00fcyor, g\u0131da kolisi, g\u0131da, g\u0131da pketi, ramazan kolisi\n\t\t\t\t<\/dd><\/dl><br style=\"clear: both\" \/><dl class='gallery-item'>\n\t\t\t<dt class='gallery-icon landscape'>\n\t\t\t\t<a href='https:\/\/tdv.org\/tr-TR\/wp-content\/uploads\/2026\/02\/turkiye-diyanet-vakfi-sierra-leonede-ramazan-yardimlarini-surduruyor-4.jpg'><img decoding=\"async\" width=\"1024\" height=\"686\" src=\"https:\/\/tdv.org\/tr-TR\/wp-content\/uploads\/2026\/02\/turkiye-diyanet-vakfi-sierra-leonede-ramazan-yardimlarini-surduruyor-4-1024x686.jpg\" class=\"attachment-large size-large\" alt=\"\" aria-describedby=\"gallery-1-55751\" srcset=\"https:\/\/tdv.org\/tr-TR\/wp-content\/uploads\/2026\/02\/turkiye-diyanet-vakfi-sierra-leonede-ramazan-yardimlarini-surduruyor-4-1024x686.jpg 1024w, https:\/\/tdv.org\/tr-TR\/wp-content\/uploads\/2026\/02\/turkiye-diyanet-vakfi-sierra-leonede-ramazan-yardimlarini-surduruyor-4-300x201.jpg 300w, https:\/\/tdv.org\/tr-TR\/wp-content\/uploads\/2026\/02\/turkiye-diyanet-vakfi-sierra-leonede-ramazan-yardimlarini-surduruyor-4-768x515.jpg 768w, https:\/\/tdv.org\/tr-TR\/wp-content\/uploads\/2026\/02\/turkiye-diyanet-vakfi-sierra-leonede-ramazan-yardimlarini-surduruyor-4-600x403.jpg 600w, https:\/\/tdv.org\/tr-TR\/wp-content\/uploads\/2026\/02\/turkiye-diyanet-vakfi-sierra-leonede-ramazan-yardimlarini-surduruyor-4-900x604.jpg 900w, https:\/\/tdv.org\/tr-TR\/wp-content\/uploads\/2026\/02\/turkiye-diyanet-vakfi-sierra-leonede-ramazan-yardimlarini-surduruyor-4-400x269.jpg 400w, https:\/\/tdv.org\/tr-TR\/wp-content\/uploads\/2026\/02\/turkiye-diyanet-vakfi-sierra-leonede-ramazan-yardimlarini-surduruyor-4.jpg 1146w\" sizes=\"(max-width: 1024px) 100vw, 1024px\" \/><\/a>\n\t\t\t<\/dt>\n\t\t\t\t<dd class='wp-caption-text gallery-caption' id='gallery-1-55751'>\n\t\t\t\tT\u00fcrkiye\u202fDiyanet\u202fVakf\u0131, Sierra Leone\u2019de ramazan yard\u0131mlar\u0131n\u0131 s\u00fcrd\u00fcr\u00fcyor, g\u0131da kolisi, g\u0131da, g\u0131da pketi, ramazan kolisi\n\t\t\t\t<\/dd><\/dl><dl class='gallery-item'>\n\t\t\t<dt class='gallery-icon landscape'>\n\t\t\t\t<a href='https:\/\/tdv.org\/tr-TR\/wp-content\/uploads\/2026\/02\/turkiye-diyanet-vakfi-sierra-leonede-ramazan-yardimlarini-surduruyor-5.jpg'><img decoding=\"async\" width=\"1024\" height=\"618\" src=\"https:\/\/tdv.org\/tr-TR\/wp-content\/uploads\/2026\/02\/turkiye-diyanet-vakfi-sierra-leonede-ramazan-yardimlarini-surduruyor-5-1024x618.jpg\" class=\"attachment-large size-large\" alt=\"\" aria-describedby=\"gallery-1-55752\" srcset=\"https:\/\/tdv.org\/tr-TR\/wp-content\/uploads\/2026\/02\/turkiye-diyanet-vakfi-sierra-leonede-ramazan-yardimlarini-surduruyor-5-1024x618.jpg 1024w, https:\/\/tdv.org\/tr-TR\/wp-content\/uploads\/2026\/02\/turkiye-diyanet-vakfi-sierra-leonede-ramazan-yardimlarini-surduruyor-5-300x181.jpg 300w, https:\/\/tdv.org\/tr-TR\/wp-content\/uploads\/2026\/02\/turkiye-diyanet-vakfi-sierra-leonede-ramazan-yardimlarini-surduruyor-5-768x463.jpg 768w, https:\/\/tdv.org\/tr-TR\/wp-content\/uploads\/2026\/02\/turkiye-diyanet-vakfi-sierra-leonede-ramazan-yardimlarini-surduruyor-5.jpg 1273w\" sizes=\"(max-width: 1024px) 100vw, 1024px\" \/><\/a>\n\t\t\t<\/dt>\n\t\t\t\t<dd class='wp-caption-text gallery-caption' id='gallery-1-55752'>\n\t\t\t\tT\u00fcrkiye\u202fDiyanet\u202fVakf\u0131, Sierra Leone\u2019de ramazan yard\u0131mlar\u0131n\u0131 s\u00fcrd\u00fcr\u00fcyor, g\u0131da kolisi, g\u0131da, g\u0131da pketi, ramazan kolisi\n\t\t\t\t<\/dd><\/dl>\n\t\t\t<br style='clear: both' \/>\n\t\t<\/div>\n\n","protected":false},"excerpt":{"rendered":"<p>T\u00fcrkiye\u202fDiyanet\u202fVakf\u0131\u202f(TDV), ramazan dolay\u0131s\u0131yla Sierra Leone&#8217;nin Freetown kentinde ihtiya\u00e7 sahiplerine g\u0131da kolisi da\u011f\u0131t\u0131yor.\u00a0 TDV ekip sorumlusu Esen Ali Duman, beraberindeki 2 g\u00f6revli, 2 g\u00f6n\u00fcll\u00fc ve yerel g\u00f6n\u00fcll\u00fclerin i\u015fbirli\u011fiyle kent merkezindeki ihtiya\u00e7&#8230;<\/p>\n","protected":false},"author":14,"featured_media":55752,"comment_status":"closed","ping_status":"closed","sticky":false,"template":"","format":"standard","meta":{"footnotes":""},"categories":[1],"tags":[2470,968,2480,613,525],"class_list":{"0":"post-55272","1":"post","2":"type-post","3":"status-publish","4":"format-standard","5":"has-post-thumbnail","7":"category-haberler","8":"tag-2026-ramazan","9":"tag-gida","10":"tag-gida-destegi","11":"tag-gida-kolisi","12":"tag-gida-yardimi"},"yoast_head":"<!-- This site is optimized with the Yoast SEO plugin v27.5 - https:\/\/yoast.com\/product\/yoast-seo-wordpress\/ -->\n<title>T\u00fcrkiye\u202fDiyanet\u202fVakf\u0131, Sierra Leone&#039;de ramazan yard\u0131mlar\u0131n\u0131 s\u00fcrd\u00fcr\u00fcyor<\/title>\n<meta name=\"description\" content=\"T\u00fcrkiye\u202fDiyanet\u202fVakf\u0131\u202f(TDV), ramazan dolay\u0131s\u0131yla Sierra Leone&#039;nin Freetown kentinde ihtiya\u00e7 sahiplerine g\u0131da kolisi da\u011f\u0131t\u0131yor.\u00a0\" \/>\n<meta name=\"robots\" content=\"index, follow, max-snippet:-1, max-image-preview:large, max-video-preview:-1\" \/>\n<link rel=\"canonical\" href=\"https:\/\/tdv.org\/tr-TR\/turkiye-diyanet-vakfi-sierra-leonede-ramazan-yardimlarini-surduruyor\/\" \/>\n<meta property=\"og:locale\" content=\"tr_TR\" \/>\n<meta property=\"og:type\" content=\"article\" \/>\n<meta property=\"og:title\" content=\"T\u00fcrkiye\u202fDiyanet\u202fVakf\u0131, Sierra Leone&#039;de ramazan yard\u0131mlar\u0131n\u0131 s\u00fcrd\u00fcr\u00fcyor\" \/>\n<meta property=\"og:description\" content=\"T\u00fcrkiye\u202fDiyanet\u202fVakf\u0131\u202f(TDV), ramazan dolay\u0131s\u0131yla Sierra Leone&#039;nin Freetown kentinde ihtiya\u00e7 sahiplerine g\u0131da kolisi da\u011f\u0131t\u0131yor.\u00a0\" \/>\n<meta property=\"og:url\" content=\"https:\/\/tdv.org\/tr-TR\/turkiye-diyanet-vakfi-sierra-leonede-ramazan-yardimlarini-surduruyor\/\" \/>\n<meta property=\"og:site_name\" content=\"T\u00fcrkiye Diyanet Vakf\u0131 Resmi Web Sitesi\" \/>\n<meta property=\"article:publisher\" content=\"https:\/\/www.facebook.com\/Diyanetvakfi\/\" \/>\n<meta property=\"article:published_time\" content=\"2026-02-24T09:08:15+00:00\" \/>\n<meta property=\"article:modified_time\" content=\"2026-03-03T07:32:23+00:00\" \/>\n<meta property=\"og:image\" content=\"https:\/\/tdv.org\/tr-TR\/wp-content\/uploads\/2026\/02\/turkiye-diyanet-vakfi-sierra-leonede-ramazan-yardimlarini-surduruyor-5.jpg\" \/>\n\t<meta property=\"og:image:width\" content=\"1273\" \/>\n\t<meta property=\"og:image:height\" content=\"768\" \/>\n\t<meta property=\"og:image:type\" content=\"image\/jpeg\" \/>\n<meta name=\"author\" content=\"Mustafa Sunar\" \/>\n<meta name=\"twitter:card\" content=\"summary_large_image\" \/>\n<meta name=\"twitter:creator\" content=\"@DiyanetVakfi\" \/>\n<meta name=\"twitter:site\" content=\"@DiyanetVakfi\" \/>\n<script type=\"application\/ld+json\" class=\"yoast-schema-graph\">{\"@context\":\"https:\\\/\\\/schema.org\",\"@graph\":[{\"@type\":\"Article\",\"@id\":\"https:\\\/\\\/tdv.org\\\/tr-TR\\\/turkiye-diyanet-vakfi-sierra-leonede-ramazan-yardimlarini-surduruyor\\\/#article\",\"isPartOf\":{\"@id\":\"https:\\\/\\\/tdv.org\\\/tr-TR\\\/turkiye-diyanet-vakfi-sierra-leonede-ramazan-yardimlarini-surduruyor\\\/\"},\"author\":{\"name\":\"Mustafa Sunar\",\"@id\":\"https:\\\/\\\/tdv.org\\\/tr-TR\\\/#\\\/schema\\\/person\\\/59c31b2380b0fdfe778b0df2c86686c2\"},\"headline\":\"T\u00fcrkiye\u202fDiyanet\u202fVakf\u0131, Sierra Leone&#8217;de ramazan yard\u0131mlar\u0131n\u0131 s\u00fcrd\u00fcr\u00fcyor\",\"datePublished\":\"2026-02-24T09:08:15+00:00\",\"dateModified\":\"2026-03-03T07:32:23+00:00\",\"mainEntityOfPage\":{\"@id\":\"https:\\\/\\\/tdv.org\\\/tr-TR\\\/turkiye-diyanet-vakfi-sierra-leonede-ramazan-yardimlarini-surduruyor\\\/\"},\"wordCount\":142,\"publisher\":{\"@id\":\"https:\\\/\\\/tdv.org\\\/tr-TR\\\/#organization\"},\"image\":{\"@id\":\"https:\\\/\\\/tdv.org\\\/tr-TR\\\/turkiye-diyanet-vakfi-sierra-leonede-ramazan-yardimlarini-surduruyor\\\/#primaryimage\"},\"thumbnailUrl\":\"https:\\\/\\\/tdv.org\\\/tr-TR\\\/wp-content\\\/uploads\\\/2026\\\/02\\\/turkiye-diyanet-vakfi-sierra-leonede-ramazan-yardimlarini-surduruyor-5.jpg\",\"keywords\":[\"2026 Ramazan\",\"g\u0131da\",\"g\u0131da deste\u011fi\",\"g\u0131da kolisi\",\"g\u0131da yard\u0131m\u0131\"],\"articleSection\":[\"Haberler\"],\"inLanguage\":\"tr\"},{\"@type\":\"WebPage\",\"@id\":\"https:\\\/\\\/tdv.org\\\/tr-TR\\\/turkiye-diyanet-vakfi-sierra-leonede-ramazan-yardimlarini-surduruyor\\\/\",\"url\":\"https:\\\/\\\/tdv.org\\\/tr-TR\\\/turkiye-diyanet-vakfi-sierra-leonede-ramazan-yardimlarini-surduruyor\\\/\",\"name\":\"T\u00fcrkiye\u202fDiyanet\u202fVakf\u0131, Sierra Leone'de ramazan yard\u0131mlar\u0131n\u0131 s\u00fcrd\u00fcr\u00fcyor\",\"isPartOf\":{\"@id\":\"https:\\\/\\\/tdv.org\\\/tr-TR\\\/#website\"},\"primaryImageOfPage\":{\"@id\":\"https:\\\/\\\/tdv.org\\\/tr-TR\\\/turkiye-diyanet-vakfi-sierra-leonede-ramazan-yardimlarini-surduruyor\\\/#primaryimage\"},\"image\":{\"@id\":\"https:\\\/\\\/tdv.org\\\/tr-TR\\\/turkiye-diyanet-vakfi-sierra-leonede-ramazan-yardimlarini-surduruyor\\\/#primaryimage\"},\"thumbnailUrl\":\"https:\\\/\\\/tdv.org\\\/tr-TR\\\/wp-content\\\/uploads\\\/2026\\\/02\\\/turkiye-diyanet-vakfi-sierra-leonede-ramazan-yardimlarini-surduruyor-5.jpg\",\"datePublished\":\"2026-02-24T09:08:15+00:00\",\"dateModified\":\"2026-03-03T07:32:23+00:00\",\"description\":\"T\u00fcrkiye\u202fDiyanet\u202fVakf\u0131\u202f(TDV), ramazan dolay\u0131s\u0131yla Sierra Leone'nin Freetown kentinde ihtiya\u00e7 sahiplerine g\u0131da kolisi da\u011f\u0131t\u0131yor.\u00a0\",\"breadcrumb\":{\"@id\":\"https:\\\/\\\/tdv.org\\\/tr-TR\\\/turkiye-diyanet-vakfi-sierra-leonede-ramazan-yardimlarini-surduruyor\\\/#breadcrumb\"},\"inLanguage\":\"tr\",\"potentialAction\":[{\"@type\":\"ReadAction\",\"target\":[\"https:\\\/\\\/tdv.org\\\/tr-TR\\\/turkiye-diyanet-vakfi-sierra-leonede-ramazan-yardimlarini-surduruyor\\\/\"]}]},{\"@type\":\"ImageObject\",\"inLanguage\":\"tr\",\"@id\":\"https:\\\/\\\/tdv.org\\\/tr-TR\\\/turkiye-diyanet-vakfi-sierra-leonede-ramazan-yardimlarini-surduruyor\\\/#primaryimage\",\"url\":\"https:\\\/\\\/tdv.org\\\/tr-TR\\\/wp-content\\\/uploads\\\/2026\\\/02\\\/turkiye-diyanet-vakfi-sierra-leonede-ramazan-yardimlarini-surduruyor-5.jpg\",\"contentUrl\":\"https:\\\/\\\/tdv.org\\\/tr-TR\\\/wp-content\\\/uploads\\\/2026\\\/02\\\/turkiye-diyanet-vakfi-sierra-leonede-ramazan-yardimlarini-surduruyor-5.jpg\",\"width\":1273,\"height\":768,\"caption\":\"T\u00fcrkiye\u202fDiyanet\u202fVakf\u0131, Sierra Leone\u2019de ramazan yard\u0131mlar\u0131n\u0131 s\u00fcrd\u00fcr\u00fcyor, g\u0131da kolisi, g\u0131da, g\u0131da pketi, ramazan kolisi\"},{\"@type\":\"BreadcrumbList\",\"@id\":\"https:\\\/\\\/tdv.org\\\/tr-TR\\\/turkiye-diyanet-vakfi-sierra-leonede-ramazan-yardimlarini-surduruyor\\\/#breadcrumb\",\"itemListElement\":[{\"@type\":\"ListItem\",\"position\":1,\"name\":\"Anasayfa\",\"item\":\"https:\\\/\\\/tdv.org\\\/tr-TR\\\/\"},{\"@type\":\"ListItem\",\"position\":2,\"name\":\"T\u00fcrkiye\u202fDiyanet\u202fVakf\u0131, Sierra Leone&#8217;de ramazan yard\u0131mlar\u0131n\u0131 s\u00fcrd\u00fcr\u00fcyor\"}]},{\"@type\":\"WebSite\",\"@id\":\"https:\\\/\\\/tdv.org\\\/tr-TR\\\/#website\",\"url\":\"https:\\\/\\\/tdv.org\\\/tr-TR\\\/\",\"name\":\"T\u00fcrkiye Diyanet Vakf\u0131 Resmi Web Sitesi\",\"description\":\"Yery\u00fcz\u00fcnde iyilik egemen oluncaya kadar\",\"publisher\":{\"@id\":\"https:\\\/\\\/tdv.org\\\/tr-TR\\\/#organization\"},\"alternateName\":\"T\u00fcrkiye Diyanet Vakf\u0131\",\"potentialAction\":[{\"@type\":\"SearchAction\",\"target\":{\"@type\":\"EntryPoint\",\"urlTemplate\":\"https:\\\/\\\/tdv.org\\\/tr-TR\\\/?s={search_term_string}\"},\"query-input\":{\"@type\":\"PropertyValueSpecification\",\"valueRequired\":true,\"valueName\":\"search_term_string\"}}],\"inLanguage\":\"tr\"},{\"@type\":\"Organization\",\"@id\":\"https:\\\/\\\/tdv.org\\\/tr-TR\\\/#organization\",\"name\":\"T\u00fcrkiye Diyanet Vakf\u0131\",\"alternateName\":\"T\u00fcrkiye Diyanet Vakf\u0131\",\"url\":\"https:\\\/\\\/tdv.org\\\/tr-TR\\\/\",\"logo\":{\"@type\":\"ImageObject\",\"inLanguage\":\"tr\",\"@id\":\"https:\\\/\\\/tdv.org\\\/tr-TR\\\/#\\\/schema\\\/logo\\\/image\\\/\",\"url\":\"https:\\\/\\\/tdv.org\\\/tr-TR\\\/wp-content\\\/uploads\\\/2018\\\/12\\\/TDV_Logo_1.png\",\"contentUrl\":\"https:\\\/\\\/tdv.org\\\/tr-TR\\\/wp-content\\\/uploads\\\/2018\\\/12\\\/TDV_Logo_1.png\",\"width\":207,\"height\":71,\"caption\":\"T\u00fcrkiye Diyanet Vakf\u0131\"},\"image\":{\"@id\":\"https:\\\/\\\/tdv.org\\\/tr-TR\\\/#\\\/schema\\\/logo\\\/image\\\/\"},\"sameAs\":[\"https:\\\/\\\/www.facebook.com\\\/Diyanetvakfi\\\/\",\"https:\\\/\\\/x.com\\\/DiyanetVakfi\",\"https:\\\/\\\/www.instagram.com\\\/turkiyediyanetvakfi\\\/\",\"https:\\\/\\\/www.youtube.com\\\/user\\\/TurkiyeDiyanetVakfi\"]},{\"@type\":\"Person\",\"@id\":\"https:\\\/\\\/tdv.org\\\/tr-TR\\\/#\\\/schema\\\/person\\\/59c31b2380b0fdfe778b0df2c86686c2\",\"name\":\"Mustafa Sunar\",\"image\":{\"@type\":\"ImageObject\",\"inLanguage\":\"tr\",\"@id\":\"https:\\\/\\\/tdv.org\\\/tr-TR\\\/wp-content\\\/litespeed\\\/avatar\\\/881966e14150a12f093f73848867e8e7.jpg?ver=1777627359\",\"url\":\"https:\\\/\\\/tdv.org\\\/tr-TR\\\/wp-content\\\/litespeed\\\/avatar\\\/881966e14150a12f093f73848867e8e7.jpg?ver=1777627359\",\"contentUrl\":\"https:\\\/\\\/tdv.org\\\/tr-TR\\\/wp-content\\\/litespeed\\\/avatar\\\/881966e14150a12f093f73848867e8e7.jpg?ver=1777627359\",\"caption\":\"Mustafa Sunar\"}}]}<\/script>\n<!-- \/ Yoast SEO plugin. -->","yoast_head_json":{"title":"T\u00fcrkiye\u202fDiyanet\u202fVakf\u0131, Sierra Leone'de ramazan yard\u0131mlar\u0131n\u0131 s\u00fcrd\u00fcr\u00fcyor","description":"T\u00fcrkiye\u202fDiyanet\u202fVakf\u0131\u202f(TDV), ramazan dolay\u0131s\u0131yla Sierra Leone'nin Freetown kentinde ihtiya\u00e7 sahiplerine g\u0131da kolisi da\u011f\u0131t\u0131yor.\u00a0","robots":{"index":"index","follow":"follow","max-snippet":"max-snippet:-1","max-image-preview":"max-image-preview:large","max-video-preview":"max-video-preview:-1"},"canonical":"https:\/\/tdv.org\/tr-TR\/turkiye-diyanet-vakfi-sierra-leonede-ramazan-yardimlarini-surduruyor\/","og_locale":"tr_TR","og_type":"article","og_title":"T\u00fcrkiye\u202fDiyanet\u202fVakf\u0131, Sierra Leone'de ramazan yard\u0131mlar\u0131n\u0131 s\u00fcrd\u00fcr\u00fcyor","og_description":"T\u00fcrkiye\u202fDiyanet\u202fVakf\u0131\u202f(TDV), ramazan dolay\u0131s\u0131yla Sierra Leone'nin Freetown kentinde ihtiya\u00e7 sahiplerine g\u0131da kolisi da\u011f\u0131t\u0131yor.\u00a0","og_url":"https:\/\/tdv.org\/tr-TR\/turkiye-diyanet-vakfi-sierra-leonede-ramazan-yardimlarini-surduruyor\/","og_site_name":"T\u00fcrkiye Diyanet Vakf\u0131 Resmi Web Sitesi","article_publisher":"https:\/\/www.facebook.com\/Diyanetvakfi\/","article_published_time":"2026-02-24T09:08:15+00:00","article_modified_time":"2026-03-03T07:32:23+00:00","og_image":[{"width":1273,"height":768,"url":"https:\/\/tdv.org\/tr-TR\/wp-content\/uploads\/2026\/02\/turkiye-diyanet-vakfi-sierra-leonede-ramazan-yardimlarini-surduruyor-5.jpg","type":"image\/jpeg"}],"author":"Mustafa Sunar","twitter_card":"summary_large_image","twitter_creator":"@DiyanetVakfi","twitter_site":"@DiyanetVakfi","schema":{"@context":"https:\/\/schema.org","@graph":[{"@type":"Article","@id":"https:\/\/tdv.org\/tr-TR\/turkiye-diyanet-vakfi-sierra-leonede-ramazan-yardimlarini-surduruyor\/#article","isPartOf":{"@id":"https:\/\/tdv.org\/tr-TR\/turkiye-diyanet-vakfi-sierra-leonede-ramazan-yardimlarini-surduruyor\/"},"author":{"name":"Mustafa Sunar","@id":"https:\/\/tdv.org\/tr-TR\/#\/schema\/person\/59c31b2380b0fdfe778b0df2c86686c2"},"headline":"T\u00fcrkiye\u202fDiyanet\u202fVakf\u0131, Sierra Leone&#8217;de ramazan yard\u0131mlar\u0131n\u0131 s\u00fcrd\u00fcr\u00fcyor","datePublished":"2026-02-24T09:08:15+00:00","dateModified":"2026-03-03T07:32:23+00:00","mainEntityOfPage":{"@id":"https:\/\/tdv.org\/tr-TR\/turkiye-diyanet-vakfi-sierra-leonede-ramazan-yardimlarini-surduruyor\/"},"wordCount":142,"publisher":{"@id":"https:\/\/tdv.org\/tr-TR\/#organization"},"image":{"@id":"https:\/\/tdv.org\/tr-TR\/turkiye-diyanet-vakfi-sierra-leonede-ramazan-yardimlarini-surduruyor\/#primaryimage"},"thumbnailUrl":"https:\/\/tdv.org\/tr-TR\/wp-content\/uploads\/2026\/02\/turkiye-diyanet-vakfi-sierra-leonede-ramazan-yardimlarini-surduruyor-5.jpg","keywords":["2026 Ramazan","g\u0131da","g\u0131da deste\u011fi","g\u0131da kolisi","g\u0131da yard\u0131m\u0131"],"articleSection":["Haberler"],"inLanguage":"tr"},{"@type":"WebPage","@id":"https:\/\/tdv.org\/tr-TR\/turkiye-diyanet-vakfi-sierra-leonede-ramazan-yardimlarini-surduruyor\/","url":"https:\/\/tdv.org\/tr-TR\/turkiye-diyanet-vakfi-sierra-leonede-ramazan-yardimlarini-surduruyor\/","name":"T\u00fcrkiye\u202fDiyanet\u202fVakf\u0131, Sierra Leone'de ramazan yard\u0131mlar\u0131n\u0131 s\u00fcrd\u00fcr\u00fcyor","isPartOf":{"@id":"https:\/\/tdv.org\/tr-TR\/#website"},"primaryImageOfPage":{"@id":"https:\/\/tdv.org\/tr-TR\/turkiye-diyanet-vakfi-sierra-leonede-ramazan-yardimlarini-surduruyor\/#primaryimage"},"image":{"@id":"https:\/\/tdv.org\/tr-TR\/turkiye-diyanet-vakfi-sierra-leonede-ramazan-yardimlarini-surduruyor\/#primaryimage"},"thumbnailUrl":"https:\/\/tdv.org\/tr-TR\/wp-content\/uploads\/2026\/02\/turkiye-diyanet-vakfi-sierra-leonede-ramazan-yardimlarini-surduruyor-5.jpg","datePublished":"2026-02-24T09:08:15+00:00","dateModified":"2026-03-03T07:32:23+00:00","description":"T\u00fcrkiye\u202fDiyanet\u202fVakf\u0131\u202f(TDV), ramazan dolay\u0131s\u0131yla Sierra Leone'nin Freetown kentinde ihtiya\u00e7 sahiplerine g\u0131da kolisi da\u011f\u0131t\u0131yor.\u00a0","breadcrumb":{"@id":"https:\/\/tdv.org\/tr-TR\/turkiye-diyanet-vakfi-sierra-leonede-ramazan-yardimlarini-surduruyor\/#breadcrumb"},"inLanguage":"tr","potentialAction":[{"@type":"ReadAction","target":["https:\/\/tdv.org\/tr-TR\/turkiye-diyanet-vakfi-sierra-leonede-ramazan-yardimlarini-surduruyor\/"]}]},{"@type":"ImageObject","inLanguage":"tr","@id":"https:\/\/tdv.org\/tr-TR\/turkiye-diyanet-vakfi-sierra-leonede-ramazan-yardimlarini-surduruyor\/#primaryimage","url":"https:\/\/tdv.org\/tr-TR\/wp-content\/uploads\/2026\/02\/turkiye-diyanet-vakfi-sierra-leonede-ramazan-yardimlarini-surduruyor-5.jpg","contentUrl":"https:\/\/tdv.org\/tr-TR\/wp-content\/uploads\/2026\/02\/turkiye-diyanet-vakfi-sierra-leonede-ramazan-yardimlarini-surduruyor-5.jpg","width":1273,"height":768,"caption":"T\u00fcrkiye\u202fDiyanet\u202fVakf\u0131, Sierra Leone\u2019de ramazan yard\u0131mlar\u0131n\u0131 s\u00fcrd\u00fcr\u00fcyor, g\u0131da kolisi, g\u0131da, g\u0131da pketi, ramazan kolisi"},{"@type":"BreadcrumbList","@id":"https:\/\/tdv.org\/tr-TR\/turkiye-diyanet-vakfi-sierra-leonede-ramazan-yardimlarini-surduruyor\/#breadcrumb","itemListElement":[{"@type":"ListItem","position":1,"name":"Anasayfa","item":"https:\/\/tdv.org\/tr-TR\/"},{"@type":"ListItem","position":2,"name":"T\u00fcrkiye\u202fDiyanet\u202fVakf\u0131, Sierra Leone&#8217;de ramazan yard\u0131mlar\u0131n\u0131 s\u00fcrd\u00fcr\u00fcyor"}]},{"@type":"WebSite","@id":"https:\/\/tdv.org\/tr-TR\/#website","url":"https:\/\/tdv.org\/tr-TR\/","name":"T\u00fcrkiye Diyanet Vakf\u0131 Resmi Web Sitesi","description":"Yery\u00fcz\u00fcnde iyilik egemen oluncaya kadar","publisher":{"@id":"https:\/\/tdv.org\/tr-TR\/#organization"},"alternateName":"T\u00fcrkiye Diyanet Vakf\u0131","potentialAction":[{"@type":"SearchAction","target":{"@type":"EntryPoint","urlTemplate":"https:\/\/tdv.org\/tr-TR\/?s={search_term_string}"},"query-input":{"@type":"PropertyValueSpecification","valueRequired":true,"valueName":"search_term_string"}}],"inLanguage":"tr"},{"@type":"Organization","@id":"https:\/\/tdv.org\/tr-TR\/#organization","name":"T\u00fcrkiye Diyanet Vakf\u0131","alternateName":"T\u00fcrkiye Diyanet Vakf\u0131","url":"https:\/\/tdv.org\/tr-TR\/","logo":{"@type":"ImageObject","inLanguage":"tr","@id":"https:\/\/tdv.org\/tr-TR\/#\/schema\/logo\/image\/","url":"https:\/\/tdv.org\/tr-TR\/wp-content\/uploads\/2018\/12\/TDV_Logo_1.png","contentUrl":"https:\/\/tdv.org\/tr-TR\/wp-content\/uploads\/2018\/12\/TDV_Logo_1.png","width":207,"height":71,"caption":"T\u00fcrkiye Diyanet Vakf\u0131"},"image":{"@id":"https:\/\/tdv.org\/tr-TR\/#\/schema\/logo\/image\/"},"sameAs":["https:\/\/www.facebook.com\/Diyanetvakfi\/","https:\/\/x.com\/DiyanetVakfi","https:\/\/www.instagram.com\/turkiyediyanetvakfi\/","https:\/\/www.youtube.com\/user\/TurkiyeDiyanetVakfi"]},{"@type":"Person","@id":"https:\/\/tdv.org\/tr-TR\/#\/schema\/person\/59c31b2380b0fdfe778b0df2c86686c2","name":"Mustafa Sunar","image":{"@type":"ImageObject","inLanguage":"tr","@id":"https:\/\/tdv.org\/tr-TR\/wp-content\/litespeed\/avatar\/881966e14150a12f093f73848867e8e7.jpg?ver=1777627359","url":"https:\/\/tdv.org\/tr-TR\/wp-content\/litespeed\/avatar\/881966e14150a12f093f73848867e8e7.jpg?ver=1777627359","contentUrl":"https:\/\/tdv.org\/tr-TR\/wp-content\/litespeed\/avatar\/881966e14150a12f093f73848867e8e7.jpg?ver=1777627359","caption":"Mustafa Sunar"}}]}},"_links":{"self":[{"href":"https:\/\/tdv.org\/tr-TR\/wp-json\/wp\/v2\/posts\/55272","targetHints":{"allow":["GET"]}}],"collection":[{"href":"https:\/\/tdv.org\/tr-TR\/wp-json\/wp\/v2\/posts"}],"about":[{"href":"https:\/\/tdv.org\/tr-TR\/wp-json\/wp\/v2\/types\/post"}],"author":[{"embeddable":true,"href":"https:\/\/tdv.org\/tr-TR\/wp-json\/wp\/v2\/users\/14"}],"replies":[{"embeddable":true,"href":"https:\/\/tdv.org\/tr-TR\/wp-json\/wp\/v2\/comments?post=55272"}],"version-history":[{"count":4,"href":"https:\/\/tdv.org\/tr-TR\/wp-json\/wp\/v2\/posts\/55272\/revisions"}],"predecessor-version":[{"id":55833,"href":"https:\/\/tdv.org\/tr-TR\/wp-json\/wp\/v2\/posts\/55272\/revisions\/55833"}],"wp:featuredmedia":[{"embeddable":true,"href":"https:\/\/tdv.org\/tr-TR\/wp-json\/wp\/v2\/media\/55752"}],"wp:attachment":[{"href":"https:\/\/tdv.org\/tr-TR\/wp-json\/wp\/v2\/media?parent=55272"}],"wp:term":[{"taxonomy":"category","embeddable":true,"href":"https:\/\/tdv.org\/tr-TR\/wp-json\/wp\/v2\/categories?post=55272"},{"taxonomy":"post_tag","embeddable":true,"href":"https:\/\/tdv.org\/tr-TR\/wp-json\/wp\/v2\/tags?post=55272"}],"curies":[{"name":"wp","href":"https:\/\/api.w.org\/{rel}","templated":true}]}}