{"id":55294,"date":"2026-02-25T10:31:32","date_gmt":"2026-02-25T07:31:32","guid":{"rendered":"https:\/\/tdv.org\/tr-TR\/?p=55294"},"modified":"2026-03-03T10:33:00","modified_gmt":"2026-03-03T07:33:00","slug":"tdv-gazzede-iyilik-sofralari-kuruyor","status":"publish","type":"post","link":"https:\/\/tdv.org\/tr-TR\/tdv-gazzede-iyilik-sofralari-kuruyor\/","title":{"rendered":"TDV Gazze\u2019de \u0130yilik Sofralar\u0131 kuruyor"},"content":{"rendered":"<p style=\"text-align: justify;\"><span class=\"TextRun SCXW153385171 BCX0\" lang=\"TR-TR\" xml:lang=\"TR-TR\" data-contrast=\"none\"><a href=\"https:\/\/bagis.tdv.org\/kriz-bolgeleri\/filistin-6\" target=\"_blank\" rel=\"noopener\"><span class=\"NormalTextRun SCXW153385171 BCX0\">G<\/span><\/a><span class=\"NormalTextRun SCXW153385171 BCX0\"><a href=\"https:\/\/bagis.tdv.org\/kriz-bolgeleri\/filistin-6\">azze \u015eeridi<\/a>&#8216;nin kuzeyindeki <a href=\"https:\/\/bagis.tdv.org\/kriz-bolgeleri\/filistin-6\" target=\"_blank\" rel=\"noopener\">Gazze<\/a> kentinde yerinden edilmi\u015f <a href=\"https:\/\/bagis.tdv.org\/kriz-bolgeleri\/filistin-6\" target=\"_blank\" rel=\"noopener\">Filistinliler<\/a>, T\u00fcrkiye\u202f<\/span><\/span><span class=\"TextRun SCXW153385171 BCX0\" lang=\"TR-TR\" xml:lang=\"TR-TR\" data-contrast=\"auto\"><span class=\"NormalTextRun SCXW153385171 BCX0\">Diyanet<\/span><\/span><span class=\"TextRun SCXW153385171 BCX0\" lang=\"TR-TR\" xml:lang=\"TR-TR\" data-contrast=\"none\"><span class=\"NormalTextRun SCXW153385171 BCX0\">\u202f<\/span><\/span><span class=\"TextRun SCXW153385171 BCX0\" lang=\"TR-TR\" xml:lang=\"TR-TR\" data-contrast=\"auto\"><span class=\"NormalTextRun SCXW153385171 BCX0\">Vakf\u0131<\/span><\/span><span class=\"TextRun SCXW153385171 BCX0\" lang=\"TR-TR\" xml:lang=\"TR-TR\" data-contrast=\"none\"><span class=\"NormalTextRun SCXW153385171 BCX0\">&#8216;n\u0131n (TDV) <a href=\"https:\/\/bagis.tdv.org\/#ramazan\" target=\"_blank\" rel=\"noopener\">ramazan<\/a> ay\u0131<\/span><span class=\"NormalTextRun SCXW153385171 BCX0\">\u00a0m\u00fcnasebetiyle kurdu\u011fu <a href=\"https:\/\/bagis.tdv.org\/ramazan\/iftar-112\" target=\"_blank\" rel=\"noopener\">\u0130yilik\u00a0<\/a><\/span><span class=\"NormalTextRun SpellingErrorV2Themed SCXW153385171 BCX0\"><a href=\"https:\/\/bagis.tdv.org\/ramazan\/iftar-112\">Sofras\u0131<\/a>\u2019nda<\/span><span class=\"NormalTextRun SCXW153385171 BCX0\">\u00a0<\/span><span class=\"NormalTextRun SCXW153385171 BCX0\">bir araya gel<\/span><span class=\"NormalTextRun SCXW153385171 BCX0\">iyor.\u00a0<\/span><\/span><span class=\"LineBreakBlob BlobObject DragDrop SCXW153385171 BCX0\"><br class=\"SCXW153385171 BCX0\" \/><\/span><\/p>\n<p style=\"text-align: justify;\"><span class=\"TextRun SCXW153385171 BCX0\" lang=\"TR-TR\" xml:lang=\"TR-TR\" data-contrast=\"none\"><span class=\"NormalTextRun SCXW153385171 BCX0\">TDV, <a href=\"https:\/\/bagis.tdv.org\/#ramazan\" target=\"_blank\" rel=\"noopener\">ramazan<\/a> ay\u0131nda dayan\u0131\u015fmay\u0131 g\u00fc\u00e7lendirmek i\u00e7in yerinden edilmi\u015f ve \u00e7ad\u0131rlarda zor \u015fartlarda ya\u015fayan <a href=\"https:\/\/bagis.tdv.org\/kriz-bolgeleri\/filistin-6\" target=\"_blank\" rel=\"noopener\">Filistinlilere<\/a> <a href=\"https:\/\/bagis.tdv.org\/ramazan\/iftar-112\" target=\"_blank\" rel=\"noopener\">iftar<\/a> yeme\u011fi verdi. Toplu <a href=\"https:\/\/bagis.tdv.org\/ramazan\/iftar-112\" target=\"_blank\" rel=\"noopener\">iftar<\/a> program\u0131, eskiden stadyum olarak kullan\u0131lan fakat \u0130srail sald\u0131r\u0131lar\u0131 nedeniyle yerinden edilenlerin s\u0131\u011f\u0131nd\u0131\u011f\u0131 bir \u00e7ad\u0131r kampa d\u00f6n\u00fc\u015fen alanda ger\u00e7ekle\u015ftirildi.<\/span><\/span><span class=\"LineBreakBlob BlobObject DragDrop SCXW153385171 BCX0\"><span class=\"SCXW153385171 BCX0\">\u00a0<\/span><br class=\"SCXW153385171 BCX0\" \/><\/span><span class=\"LineBreakBlob BlobObject DragDrop SCXW153385171 BCX0\"><span class=\"SCXW153385171 BCX0\">\u00a0<\/span><br class=\"SCXW153385171 BCX0\" \/><\/span><span class=\"TextRun SCXW153385171 BCX0\" lang=\"TR-TR\" xml:lang=\"TR-TR\" data-contrast=\"none\"><span class=\"NormalTextRun SCXW153385171 BCX0\"><a href=\"https:\/\/bagis.tdv.org\/ramazan\/iftar-112\" target=\"_blank\" rel=\"noopener\">\u0130ftar<\/a> program\u0131nda, \u00f6zellikle \u0130srail taraf\u0131ndan al\u0131konulan esirlerin ve hayat\u0131n\u0131 kaybeden <a href=\"https:\/\/bagis.tdv.org\/kriz-bolgeleri\/filistin-6\" target=\"_blank\" rel=\"noopener\">Filistinlilerin<\/a> \u00e7ocuklar\u0131na \u00f6ncelik verildi. Programda, zor insani ko\u015fullar alt\u0131nda ya\u015fayan Filistinlilerle dayan\u0131\u015fma ve toplumsal destek duygusunu g\u00fc\u00e7lendirmek ama\u00e7land\u0131.<\/span><\/span><span class=\"LineBreakBlob BlobObject DragDrop SCXW153385171 BCX0\"><span class=\"SCXW153385171 BCX0\">\u00a0<\/span><br class=\"SCXW153385171 BCX0\" \/><\/span><span class=\"LineBreakBlob BlobObject DragDrop SCXW153385171 BCX0\"><span class=\"SCXW153385171 BCX0\">\u00a0<\/span><br class=\"SCXW153385171 BCX0\" \/><\/span><span class=\"TextRun SCXW153385171 BCX0\" lang=\"TR-TR\" xml:lang=\"TR-TR\" data-contrast=\"none\"><span class=\"NormalTextRun SCXW153385171 BCX0\">T<\/span><span class=\"NormalTextRun SCXW153385171 BCX0\">\u00fcrkiye Diyanet Vakf\u0131<\/span><span class=\"NormalTextRun SCXW153385171 BCX0\">,\u00a0<\/span><span class=\"NormalTextRun SCXW153385171 BCX0\">Gazze&#8217;<\/span><span class=\"NormalTextRun SCXW153385171 BCX0\">de<\/span><span class=\"NormalTextRun SCXW153385171 BCX0\">\u202f <a href=\"https:\/\/bagis.tdv.org\/#ramazan\" target=\"_blank\" rel=\"noopener\">ramazan<\/a> <\/span><span class=\"NormalTextRun SCXW153385171 BCX0\">boyunca her g\u00fcn\u00a0<\/span><span class=\"NormalTextRun SCXW153385171 BCX0\">2<\/span><span class=\"NormalTextRun SCXW153385171 BCX0\">0 bin <a href=\"https:\/\/bagis.tdv.org\/ramazan\/iftar-112\" target=\"_blank\" rel=\"noopener\">iftar<\/a> yeme\u011fi da\u011f\u0131t<\/span><span class=\"NormalTextRun SCXW153385171 BCX0\">acak.\u00a0<\/span><span class=\"NormalTextRun SCXW153385171 BCX0\">B<\/span><span class=\"NormalTextRun SCXW153385171 BCX0\">unun<\/span><span class=\"NormalTextRun SCXW153385171 BCX0\">\u00a0yan\u0131 s\u0131ra binlerce <a href=\"https:\/\/bagis.tdv.org\/ramazan\/gida-paketi-39\" target=\"_blank\" rel=\"noopener\">g\u0131da kolisi<\/a> ve\u00a0<\/span><span class=\"NormalTextRun SCXW153385171 BCX0\">temiz i\u00e7me suyu<\/span><span class=\"NormalTextRun SCXW153385171 BCX0\">\u00a0<\/span><span class=\"NormalTextRun SCXW153385171 BCX0\">ula\u015ft\u0131r<\/span><span class=\"NormalTextRun SCXW153385171 BCX0\">\u0131lacak.\u00a0<\/span><\/span><span class=\"EOP SCXW153385171 BCX0\" data-ccp-props=\"{}\">\u00a0<\/span><\/p>\n\n\t\t<style type=\"text\/css\">\n\t\t\t#gallery-1 {\n\t\t\t\tmargin: auto;\n\t\t\t}\n\t\t\t#gallery-1 .gallery-item {\n\t\t\t\tfloat: left;\n\t\t\t\tmargin-top: 10px;\n\t\t\t\ttext-align: center;\n\t\t\t\twidth: 33%;\n\t\t\t}\n\t\t\t#gallery-1 img {\n\t\t\t\tborder: 2px solid #cfcfcf;\n\t\t\t}\n\t\t\t#gallery-1 .gallery-caption {\n\t\t\t\tmargin-left: 0;\n\t\t\t}\n\t\t\t\/* see gallery_shortcode() in wp-includes\/media.php *\/\n\t\t<\/style>\n\t\t<div id='gallery-1' class='gallery galleryid-55294 gallery-columns-3 gallery-size-large'><dl class='gallery-item'>\n\t\t\t<dt class='gallery-icon landscape'>\n\t\t\t\t<a href='https:\/\/tdv.org\/tr-TR\/wp-content\/uploads\/2026\/02\/tdv-gazzede-iyilik-sofralari-kuruyor-1.jpg'><img decoding=\"async\" width=\"1024\" height=\"683\" src=\"https:\/\/tdv.org\/tr-TR\/wp-content\/uploads\/2026\/02\/tdv-gazzede-iyilik-sofralari-kuruyor-1-1024x683.jpg\" class=\"attachment-large size-large\" alt=\"\" aria-describedby=\"gallery-1-55723\" srcset=\"https:\/\/tdv.org\/tr-TR\/wp-content\/uploads\/2026\/02\/tdv-gazzede-iyilik-sofralari-kuruyor-1-1024x683.jpg 1024w, https:\/\/tdv.org\/tr-TR\/wp-content\/uploads\/2026\/02\/tdv-gazzede-iyilik-sofralari-kuruyor-1-300x200.jpg 300w, https:\/\/tdv.org\/tr-TR\/wp-content\/uploads\/2026\/02\/tdv-gazzede-iyilik-sofralari-kuruyor-1-768x512.jpg 768w, https:\/\/tdv.org\/tr-TR\/wp-content\/uploads\/2026\/02\/tdv-gazzede-iyilik-sofralari-kuruyor-1-900x600.jpg 900w, https:\/\/tdv.org\/tr-TR\/wp-content\/uploads\/2026\/02\/tdv-gazzede-iyilik-sofralari-kuruyor-1.jpg 1152w\" sizes=\"(max-width: 1024px) 100vw, 1024px\" \/><\/a>\n\t\t\t<\/dt>\n\t\t\t\t<dd class='wp-caption-text gallery-caption' id='gallery-1-55723'>\n\t\t\t\tTDV Gazze\u2019de \u0130yilik Sofralar\u0131 kuruyor, gazze, filistin, iyilik sofras\u0131,\n\t\t\t\t<\/dd><\/dl><dl class='gallery-item'>\n\t\t\t<dt class='gallery-icon landscape'>\n\t\t\t\t<a href='https:\/\/tdv.org\/tr-TR\/wp-content\/uploads\/2026\/02\/tdv-gazzede-iyilik-sofralari-kuruyor-2.jpg'><img decoding=\"async\" width=\"1024\" height=\"683\" src=\"https:\/\/tdv.org\/tr-TR\/wp-content\/uploads\/2026\/02\/tdv-gazzede-iyilik-sofralari-kuruyor-2-1024x683.jpg\" class=\"attachment-large size-large\" alt=\"\" aria-describedby=\"gallery-1-55724\" srcset=\"https:\/\/tdv.org\/tr-TR\/wp-content\/uploads\/2026\/02\/tdv-gazzede-iyilik-sofralari-kuruyor-2-1024x683.jpg 1024w, https:\/\/tdv.org\/tr-TR\/wp-content\/uploads\/2026\/02\/tdv-gazzede-iyilik-sofralari-kuruyor-2-300x200.jpg 300w, https:\/\/tdv.org\/tr-TR\/wp-content\/uploads\/2026\/02\/tdv-gazzede-iyilik-sofralari-kuruyor-2-768x512.jpg 768w, https:\/\/tdv.org\/tr-TR\/wp-content\/uploads\/2026\/02\/tdv-gazzede-iyilik-sofralari-kuruyor-2-900x600.jpg 900w, https:\/\/tdv.org\/tr-TR\/wp-content\/uploads\/2026\/02\/tdv-gazzede-iyilik-sofralari-kuruyor-2.jpg 1152w\" sizes=\"(max-width: 1024px) 100vw, 1024px\" \/><\/a>\n\t\t\t<\/dt>\n\t\t\t\t<dd class='wp-caption-text gallery-caption' id='gallery-1-55724'>\n\t\t\t\tTDV Gazze\u2019de \u0130yilik Sofralar\u0131 kuruyor, gazze, filistin, iyilik sofras\u0131,\n\t\t\t\t<\/dd><\/dl><dl class='gallery-item'>\n\t\t\t<dt class='gallery-icon landscape'>\n\t\t\t\t<a href='https:\/\/tdv.org\/tr-TR\/wp-content\/uploads\/2026\/02\/tdv-gazzede-iyilik-sofralari-kuruyor-3.jpg'><img decoding=\"async\" width=\"1024\" height=\"683\" src=\"https:\/\/tdv.org\/tr-TR\/wp-content\/uploads\/2026\/02\/tdv-gazzede-iyilik-sofralari-kuruyor-3-1024x683.jpg\" class=\"attachment-large size-large\" alt=\"\" aria-describedby=\"gallery-1-55725\" srcset=\"https:\/\/tdv.org\/tr-TR\/wp-content\/uploads\/2026\/02\/tdv-gazzede-iyilik-sofralari-kuruyor-3-1024x683.jpg 1024w, https:\/\/tdv.org\/tr-TR\/wp-content\/uploads\/2026\/02\/tdv-gazzede-iyilik-sofralari-kuruyor-3-300x200.jpg 300w, https:\/\/tdv.org\/tr-TR\/wp-content\/uploads\/2026\/02\/tdv-gazzede-iyilik-sofralari-kuruyor-3-768x512.jpg 768w, https:\/\/tdv.org\/tr-TR\/wp-content\/uploads\/2026\/02\/tdv-gazzede-iyilik-sofralari-kuruyor-3-900x600.jpg 900w, https:\/\/tdv.org\/tr-TR\/wp-content\/uploads\/2026\/02\/tdv-gazzede-iyilik-sofralari-kuruyor-3.jpg 1152w\" sizes=\"(max-width: 1024px) 100vw, 1024px\" \/><\/a>\n\t\t\t<\/dt>\n\t\t\t\t<dd class='wp-caption-text gallery-caption' id='gallery-1-55725'>\n\t\t\t\tTDV Gazze\u2019de \u0130yilik Sofralar\u0131 kuruyor, gazze, filistin, iyilik sofras\u0131,\n\t\t\t\t<\/dd><\/dl><br style=\"clear: both\" \/><dl class='gallery-item'>\n\t\t\t<dt class='gallery-icon landscape'>\n\t\t\t\t<a href='https:\/\/tdv.org\/tr-TR\/wp-content\/uploads\/2026\/02\/tdv-gazzede-iyilik-sofralari-kuruyor-4.jpg'><img decoding=\"async\" width=\"1024\" height=\"683\" src=\"https:\/\/tdv.org\/tr-TR\/wp-content\/uploads\/2026\/02\/tdv-gazzede-iyilik-sofralari-kuruyor-4-1024x683.jpg\" class=\"attachment-large size-large\" alt=\"\" aria-describedby=\"gallery-1-55727\" srcset=\"https:\/\/tdv.org\/tr-TR\/wp-content\/uploads\/2026\/02\/tdv-gazzede-iyilik-sofralari-kuruyor-4-1024x683.jpg 1024w, https:\/\/tdv.org\/tr-TR\/wp-content\/uploads\/2026\/02\/tdv-gazzede-iyilik-sofralari-kuruyor-4-300x200.jpg 300w, https:\/\/tdv.org\/tr-TR\/wp-content\/uploads\/2026\/02\/tdv-gazzede-iyilik-sofralari-kuruyor-4-768x512.jpg 768w, https:\/\/tdv.org\/tr-TR\/wp-content\/uploads\/2026\/02\/tdv-gazzede-iyilik-sofralari-kuruyor-4-900x600.jpg 900w, https:\/\/tdv.org\/tr-TR\/wp-content\/uploads\/2026\/02\/tdv-gazzede-iyilik-sofralari-kuruyor-4.jpg 1152w\" sizes=\"(max-width: 1024px) 100vw, 1024px\" \/><\/a>\n\t\t\t<\/dt>\n\t\t\t\t<dd class='wp-caption-text gallery-caption' id='gallery-1-55727'>\n\t\t\t\tTDV Gazze\u2019de \u0130yilik Sofralar\u0131 kuruyor, gazze, filistin, iyilik sofras\u0131,\n\t\t\t\t<\/dd><\/dl><dl class='gallery-item'>\n\t\t\t<dt class='gallery-icon landscape'>\n\t\t\t\t<a href='https:\/\/tdv.org\/tr-TR\/wp-content\/uploads\/2026\/02\/tdv-gazzede-iyilik-sofralari-kuruyor-5.jpg'><img decoding=\"async\" width=\"1024\" height=\"683\" src=\"https:\/\/tdv.org\/tr-TR\/wp-content\/uploads\/2026\/02\/tdv-gazzede-iyilik-sofralari-kuruyor-5-1024x683.jpg\" class=\"attachment-large size-large\" alt=\"\" aria-describedby=\"gallery-1-55728\" srcset=\"https:\/\/tdv.org\/tr-TR\/wp-content\/uploads\/2026\/02\/tdv-gazzede-iyilik-sofralari-kuruyor-5-1024x683.jpg 1024w, https:\/\/tdv.org\/tr-TR\/wp-content\/uploads\/2026\/02\/tdv-gazzede-iyilik-sofralari-kuruyor-5-300x200.jpg 300w, https:\/\/tdv.org\/tr-TR\/wp-content\/uploads\/2026\/02\/tdv-gazzede-iyilik-sofralari-kuruyor-5-768x512.jpg 768w, https:\/\/tdv.org\/tr-TR\/wp-content\/uploads\/2026\/02\/tdv-gazzede-iyilik-sofralari-kuruyor-5-900x600.jpg 900w, https:\/\/tdv.org\/tr-TR\/wp-content\/uploads\/2026\/02\/tdv-gazzede-iyilik-sofralari-kuruyor-5.jpg 1152w\" sizes=\"(max-width: 1024px) 100vw, 1024px\" \/><\/a>\n\t\t\t<\/dt>\n\t\t\t\t<dd class='wp-caption-text gallery-caption' id='gallery-1-55728'>\n\t\t\t\tTDV Gazze\u2019de \u0130yilik Sofralar\u0131 kuruyor, gazze, filistin, iyilik sofras\u0131,\n\t\t\t\t<\/dd><\/dl><dl class='gallery-item'>\n\t\t\t<dt class='gallery-icon landscape'>\n\t\t\t\t<a href='https:\/\/tdv.org\/tr-TR\/wp-content\/uploads\/2026\/02\/tdv-gazzede-iyilik-sofralari-kuruyor-6.jpg'><img decoding=\"async\" width=\"1024\" height=\"683\" src=\"https:\/\/tdv.org\/tr-TR\/wp-content\/uploads\/2026\/02\/tdv-gazzede-iyilik-sofralari-kuruyor-6-1024x683.jpg\" class=\"attachment-large size-large\" alt=\"\" aria-describedby=\"gallery-1-55729\" srcset=\"https:\/\/tdv.org\/tr-TR\/wp-content\/uploads\/2026\/02\/tdv-gazzede-iyilik-sofralari-kuruyor-6-1024x683.jpg 1024w, https:\/\/tdv.org\/tr-TR\/wp-content\/uploads\/2026\/02\/tdv-gazzede-iyilik-sofralari-kuruyor-6-300x200.jpg 300w, https:\/\/tdv.org\/tr-TR\/wp-content\/uploads\/2026\/02\/tdv-gazzede-iyilik-sofralari-kuruyor-6-768x512.jpg 768w, https:\/\/tdv.org\/tr-TR\/wp-content\/uploads\/2026\/02\/tdv-gazzede-iyilik-sofralari-kuruyor-6-900x600.jpg 900w, https:\/\/tdv.org\/tr-TR\/wp-content\/uploads\/2026\/02\/tdv-gazzede-iyilik-sofralari-kuruyor-6.jpg 1152w\" sizes=\"(max-width: 1024px) 100vw, 1024px\" \/><\/a>\n\t\t\t<\/dt>\n\t\t\t\t<dd class='wp-caption-text gallery-caption' id='gallery-1-55729'>\n\t\t\t\tTDV Gazze\u2019de \u0130yilik Sofralar\u0131 kuruyor, gazze, filistin, iyilik sofras\u0131,\n\t\t\t\t<\/dd><\/dl><br style=\"clear: both\" \/><dl class='gallery-item'>\n\t\t\t<dt class='gallery-icon landscape'>\n\t\t\t\t<a href='https:\/\/tdv.org\/tr-TR\/wp-content\/uploads\/2026\/02\/tdv-gazzede-iyilik-sofralari-kuruyor-7.jpg'><img decoding=\"async\" width=\"1024\" height=\"683\" src=\"https:\/\/tdv.org\/tr-TR\/wp-content\/uploads\/2026\/02\/tdv-gazzede-iyilik-sofralari-kuruyor-7-1024x683.jpg\" class=\"attachment-large size-large\" alt=\"\" aria-describedby=\"gallery-1-55730\" srcset=\"https:\/\/tdv.org\/tr-TR\/wp-content\/uploads\/2026\/02\/tdv-gazzede-iyilik-sofralari-kuruyor-7-1024x683.jpg 1024w, https:\/\/tdv.org\/tr-TR\/wp-content\/uploads\/2026\/02\/tdv-gazzede-iyilik-sofralari-kuruyor-7-300x200.jpg 300w, https:\/\/tdv.org\/tr-TR\/wp-content\/uploads\/2026\/02\/tdv-gazzede-iyilik-sofralari-kuruyor-7-768x512.jpg 768w, https:\/\/tdv.org\/tr-TR\/wp-content\/uploads\/2026\/02\/tdv-gazzede-iyilik-sofralari-kuruyor-7-900x600.jpg 900w, https:\/\/tdv.org\/tr-TR\/wp-content\/uploads\/2026\/02\/tdv-gazzede-iyilik-sofralari-kuruyor-7.jpg 1152w\" sizes=\"(max-width: 1024px) 100vw, 1024px\" \/><\/a>\n\t\t\t<\/dt>\n\t\t\t\t<dd class='wp-caption-text gallery-caption' id='gallery-1-55730'>\n\t\t\t\tTDV Gazze\u2019de \u0130yilik Sofralar\u0131 kuruyor, gazze, filistin, iyilik sofras\u0131,\n\t\t\t\t<\/dd><\/dl><dl class='gallery-item'>\n\t\t\t<dt class='gallery-icon landscape'>\n\t\t\t\t<a href='https:\/\/tdv.org\/tr-TR\/wp-content\/uploads\/2026\/02\/tdv-gazzede-iyilik-sofralari-kuruyor-8.jpg'><img decoding=\"async\" width=\"1024\" height=\"683\" src=\"https:\/\/tdv.org\/tr-TR\/wp-content\/uploads\/2026\/02\/tdv-gazzede-iyilik-sofralari-kuruyor-8-1024x683.jpg\" class=\"attachment-large size-large\" alt=\"\" aria-describedby=\"gallery-1-55731\" srcset=\"https:\/\/tdv.org\/tr-TR\/wp-content\/uploads\/2026\/02\/tdv-gazzede-iyilik-sofralari-kuruyor-8-1024x683.jpg 1024w, https:\/\/tdv.org\/tr-TR\/wp-content\/uploads\/2026\/02\/tdv-gazzede-iyilik-sofralari-kuruyor-8-300x200.jpg 300w, https:\/\/tdv.org\/tr-TR\/wp-content\/uploads\/2026\/02\/tdv-gazzede-iyilik-sofralari-kuruyor-8-768x512.jpg 768w, https:\/\/tdv.org\/tr-TR\/wp-content\/uploads\/2026\/02\/tdv-gazzede-iyilik-sofralari-kuruyor-8-900x600.jpg 900w, https:\/\/tdv.org\/tr-TR\/wp-content\/uploads\/2026\/02\/tdv-gazzede-iyilik-sofralari-kuruyor-8.jpg 1152w\" sizes=\"(max-width: 1024px) 100vw, 1024px\" \/><\/a>\n\t\t\t<\/dt>\n\t\t\t\t<dd class='wp-caption-text gallery-caption' id='gallery-1-55731'>\n\t\t\t\tTDV Gazze\u2019de \u0130yilik Sofralar\u0131 kuruyor, gazze, filistin, iyilik sofras\u0131,\n\t\t\t\t<\/dd><\/dl><dl class='gallery-item'>\n\t\t\t<dt class='gallery-icon landscape'>\n\t\t\t\t<a href='https:\/\/tdv.org\/tr-TR\/wp-content\/uploads\/2026\/02\/tdv-gazzede-iyilik-sofralari-kuruyor-9.jpg'><img decoding=\"async\" width=\"1024\" height=\"683\" src=\"https:\/\/tdv.org\/tr-TR\/wp-content\/uploads\/2026\/02\/tdv-gazzede-iyilik-sofralari-kuruyor-9-1024x683.jpg\" class=\"attachment-large size-large\" alt=\"\" aria-describedby=\"gallery-1-55732\" srcset=\"https:\/\/tdv.org\/tr-TR\/wp-content\/uploads\/2026\/02\/tdv-gazzede-iyilik-sofralari-kuruyor-9-1024x683.jpg 1024w, https:\/\/tdv.org\/tr-TR\/wp-content\/uploads\/2026\/02\/tdv-gazzede-iyilik-sofralari-kuruyor-9-300x200.jpg 300w, https:\/\/tdv.org\/tr-TR\/wp-content\/uploads\/2026\/02\/tdv-gazzede-iyilik-sofralari-kuruyor-9-768x512.jpg 768w, https:\/\/tdv.org\/tr-TR\/wp-content\/uploads\/2026\/02\/tdv-gazzede-iyilik-sofralari-kuruyor-9-900x600.jpg 900w, https:\/\/tdv.org\/tr-TR\/wp-content\/uploads\/2026\/02\/tdv-gazzede-iyilik-sofralari-kuruyor-9.jpg 1152w\" sizes=\"(max-width: 1024px) 100vw, 1024px\" \/><\/a>\n\t\t\t<\/dt>\n\t\t\t\t<dd class='wp-caption-text gallery-caption' id='gallery-1-55732'>\n\t\t\t\tTDV Gazze\u2019de \u0130yilik Sofralar\u0131 kuruyor, gazze, filistin, iyilik sofras\u0131,\n\t\t\t\t<\/dd><\/dl><br style=\"clear: both\" \/>\n\t\t<\/div>\n\n","protected":false},"excerpt":{"rendered":"<p>Gazze \u015eeridi&#8216;nin kuzeyindeki Gazze kentinde yerinden edilmi\u015f Filistinliler, T\u00fcrkiye\u202fDiyanet\u202fVakf\u0131&#8216;n\u0131n (TDV) ramazan ay\u0131\u00a0m\u00fcnasebetiyle kurdu\u011fu \u0130yilik\u00a0Sofras\u0131\u2019nda\u00a0bir araya geliyor.\u00a0 TDV, ramazan ay\u0131nda dayan\u0131\u015fmay\u0131 g\u00fc\u00e7lendirmek i\u00e7in yerinden edilmi\u015f ve \u00e7ad\u0131rlarda zor \u015fartlarda ya\u015fayan Filistinlilere&#8230;<\/p>\n","protected":false},"author":14,"featured_media":55729,"comment_status":"closed","ping_status":"closed","sticky":false,"template":"","format":"standard","meta":{"footnotes":""},"categories":[1],"tags":[2470,119,697,120,107],"class_list":{"0":"post-55294","1":"post","2":"type-post","3":"status-publish","4":"format-standard","5":"has-post-thumbnail","7":"category-haberler","8":"tag-2026-ramazan","9":"tag-iftar","10":"tag-iftar-paketi","11":"tag-iyilik-sofrasi","12":"tag-ramazan"},"yoast_head":"<!-- This site is optimized with the Yoast SEO plugin v27.5 - https:\/\/yoast.com\/product\/yoast-seo-wordpress\/ -->\n<title>TDV Gazze\u2019de \u0130yilik Sofralar\u0131 kuruyor<\/title>\n<meta name=\"description\" content=\"Gazze \u015eeridi&#039;nin kuzeyindeki Gazze kentinde yerinden edilmi\u015f Filistinliler, T\u00fcrkiye\u202fDiyanet\u202fVakf\u0131&#039;n\u0131n (TDV) ramazan ay\u0131\u00a0m\u00fcnasebetiyle kurdu\u011fu \u0130yilik\u00a0Sofras\u0131\u2019nda\u00a0bir araya geliyor.\u00a0\" \/>\n<meta name=\"robots\" content=\"index, follow, max-snippet:-1, max-image-preview:large, max-video-preview:-1\" \/>\n<link rel=\"canonical\" href=\"https:\/\/tdv.org\/tr-TR\/tdv-gazzede-iyilik-sofralari-kuruyor\/\" \/>\n<meta property=\"og:locale\" content=\"tr_TR\" \/>\n<meta property=\"og:type\" content=\"article\" \/>\n<meta property=\"og:title\" content=\"TDV Gazze\u2019de \u0130yilik Sofralar\u0131 kuruyor\" \/>\n<meta property=\"og:description\" content=\"Gazze \u015eeridi&#039;nin kuzeyindeki Gazze kentinde yerinden edilmi\u015f Filistinliler, T\u00fcrkiye\u202fDiyanet\u202fVakf\u0131&#039;n\u0131n (TDV) ramazan ay\u0131\u00a0m\u00fcnasebetiyle kurdu\u011fu \u0130yilik\u00a0Sofras\u0131\u2019nda\u00a0bir araya geliyor.\u00a0\" \/>\n<meta property=\"og:url\" content=\"https:\/\/tdv.org\/tr-TR\/tdv-gazzede-iyilik-sofralari-kuruyor\/\" \/>\n<meta property=\"og:site_name\" content=\"T\u00fcrkiye Diyanet Vakf\u0131 Resmi Web Sitesi\" \/>\n<meta property=\"article:publisher\" content=\"https:\/\/www.facebook.com\/Diyanetvakfi\/\" \/>\n<meta property=\"article:published_time\" content=\"2026-02-25T07:31:32+00:00\" \/>\n<meta property=\"article:modified_time\" content=\"2026-03-03T07:33:00+00:00\" \/>\n<meta property=\"og:image\" content=\"https:\/\/tdv.org\/tr-TR\/wp-content\/uploads\/2026\/02\/tdv-gazzede-iyilik-sofralari-kuruyor-6.jpg\" \/>\n\t<meta property=\"og:image:width\" content=\"1152\" \/>\n\t<meta property=\"og:image:height\" content=\"768\" \/>\n\t<meta property=\"og:image:type\" content=\"image\/jpeg\" \/>\n<meta name=\"author\" content=\"Mustafa Sunar\" \/>\n<meta name=\"twitter:card\" content=\"summary_large_image\" \/>\n<meta name=\"twitter:creator\" content=\"@DiyanetVakfi\" \/>\n<meta name=\"twitter:site\" content=\"@DiyanetVakfi\" \/>\n<script type=\"application\/ld+json\" class=\"yoast-schema-graph\">{\"@context\":\"https:\\\/\\\/schema.org\",\"@graph\":[{\"@type\":\"Article\",\"@id\":\"https:\\\/\\\/tdv.org\\\/tr-TR\\\/tdv-gazzede-iyilik-sofralari-kuruyor\\\/#article\",\"isPartOf\":{\"@id\":\"https:\\\/\\\/tdv.org\\\/tr-TR\\\/tdv-gazzede-iyilik-sofralari-kuruyor\\\/\"},\"author\":{\"name\":\"Mustafa Sunar\",\"@id\":\"https:\\\/\\\/tdv.org\\\/tr-TR\\\/#\\\/schema\\\/person\\\/59c31b2380b0fdfe778b0df2c86686c2\"},\"headline\":\"TDV Gazze\u2019de \u0130yilik Sofralar\u0131 kuruyor\",\"datePublished\":\"2026-02-25T07:31:32+00:00\",\"dateModified\":\"2026-03-03T07:33:00+00:00\",\"mainEntityOfPage\":{\"@id\":\"https:\\\/\\\/tdv.org\\\/tr-TR\\\/tdv-gazzede-iyilik-sofralari-kuruyor\\\/\"},\"wordCount\":170,\"publisher\":{\"@id\":\"https:\\\/\\\/tdv.org\\\/tr-TR\\\/#organization\"},\"image\":{\"@id\":\"https:\\\/\\\/tdv.org\\\/tr-TR\\\/tdv-gazzede-iyilik-sofralari-kuruyor\\\/#primaryimage\"},\"thumbnailUrl\":\"https:\\\/\\\/tdv.org\\\/tr-TR\\\/wp-content\\\/uploads\\\/2026\\\/02\\\/tdv-gazzede-iyilik-sofralari-kuruyor-6.jpg\",\"keywords\":[\"2026 Ramazan\",\"iftar\",\"iftar paketi\",\"iyilik sofras\u0131\",\"ramazan\"],\"articleSection\":[\"Haberler\"],\"inLanguage\":\"tr\"},{\"@type\":\"WebPage\",\"@id\":\"https:\\\/\\\/tdv.org\\\/tr-TR\\\/tdv-gazzede-iyilik-sofralari-kuruyor\\\/\",\"url\":\"https:\\\/\\\/tdv.org\\\/tr-TR\\\/tdv-gazzede-iyilik-sofralari-kuruyor\\\/\",\"name\":\"TDV Gazze\u2019de \u0130yilik Sofralar\u0131 kuruyor\",\"isPartOf\":{\"@id\":\"https:\\\/\\\/tdv.org\\\/tr-TR\\\/#website\"},\"primaryImageOfPage\":{\"@id\":\"https:\\\/\\\/tdv.org\\\/tr-TR\\\/tdv-gazzede-iyilik-sofralari-kuruyor\\\/#primaryimage\"},\"image\":{\"@id\":\"https:\\\/\\\/tdv.org\\\/tr-TR\\\/tdv-gazzede-iyilik-sofralari-kuruyor\\\/#primaryimage\"},\"thumbnailUrl\":\"https:\\\/\\\/tdv.org\\\/tr-TR\\\/wp-content\\\/uploads\\\/2026\\\/02\\\/tdv-gazzede-iyilik-sofralari-kuruyor-6.jpg\",\"datePublished\":\"2026-02-25T07:31:32+00:00\",\"dateModified\":\"2026-03-03T07:33:00+00:00\",\"description\":\"Gazze \u015eeridi'nin kuzeyindeki Gazze kentinde yerinden edilmi\u015f Filistinliler, T\u00fcrkiye\u202fDiyanet\u202fVakf\u0131'n\u0131n (TDV) ramazan ay\u0131\u00a0m\u00fcnasebetiyle kurdu\u011fu \u0130yilik\u00a0Sofras\u0131\u2019nda\u00a0bir araya geliyor.\u00a0\",\"breadcrumb\":{\"@id\":\"https:\\\/\\\/tdv.org\\\/tr-TR\\\/tdv-gazzede-iyilik-sofralari-kuruyor\\\/#breadcrumb\"},\"inLanguage\":\"tr\",\"potentialAction\":[{\"@type\":\"ReadAction\",\"target\":[\"https:\\\/\\\/tdv.org\\\/tr-TR\\\/tdv-gazzede-iyilik-sofralari-kuruyor\\\/\"]}]},{\"@type\":\"ImageObject\",\"inLanguage\":\"tr\",\"@id\":\"https:\\\/\\\/tdv.org\\\/tr-TR\\\/tdv-gazzede-iyilik-sofralari-kuruyor\\\/#primaryimage\",\"url\":\"https:\\\/\\\/tdv.org\\\/tr-TR\\\/wp-content\\\/uploads\\\/2026\\\/02\\\/tdv-gazzede-iyilik-sofralari-kuruyor-6.jpg\",\"contentUrl\":\"https:\\\/\\\/tdv.org\\\/tr-TR\\\/wp-content\\\/uploads\\\/2026\\\/02\\\/tdv-gazzede-iyilik-sofralari-kuruyor-6.jpg\",\"width\":1152,\"height\":768,\"caption\":\"TDV Gazze\u2019de \u0130yilik Sofralar\u0131 kuruyor, gazze, filistin, iyilik sofras\u0131,\"},{\"@type\":\"BreadcrumbList\",\"@id\":\"https:\\\/\\\/tdv.org\\\/tr-TR\\\/tdv-gazzede-iyilik-sofralari-kuruyor\\\/#breadcrumb\",\"itemListElement\":[{\"@type\":\"ListItem\",\"position\":1,\"name\":\"Anasayfa\",\"item\":\"https:\\\/\\\/tdv.org\\\/tr-TR\\\/\"},{\"@type\":\"ListItem\",\"position\":2,\"name\":\"TDV Gazze\u2019de \u0130yilik Sofralar\u0131 kuruyor\"}]},{\"@type\":\"WebSite\",\"@id\":\"https:\\\/\\\/tdv.org\\\/tr-TR\\\/#website\",\"url\":\"https:\\\/\\\/tdv.org\\\/tr-TR\\\/\",\"name\":\"T\u00fcrkiye Diyanet Vakf\u0131 Resmi Web Sitesi\",\"description\":\"Yery\u00fcz\u00fcnde iyilik egemen oluncaya kadar\",\"publisher\":{\"@id\":\"https:\\\/\\\/tdv.org\\\/tr-TR\\\/#organization\"},\"alternateName\":\"T\u00fcrkiye Diyanet Vakf\u0131\",\"potentialAction\":[{\"@type\":\"SearchAction\",\"target\":{\"@type\":\"EntryPoint\",\"urlTemplate\":\"https:\\\/\\\/tdv.org\\\/tr-TR\\\/?s={search_term_string}\"},\"query-input\":{\"@type\":\"PropertyValueSpecification\",\"valueRequired\":true,\"valueName\":\"search_term_string\"}}],\"inLanguage\":\"tr\"},{\"@type\":\"Organization\",\"@id\":\"https:\\\/\\\/tdv.org\\\/tr-TR\\\/#organization\",\"name\":\"T\u00fcrkiye Diyanet Vakf\u0131\",\"alternateName\":\"T\u00fcrkiye Diyanet Vakf\u0131\",\"url\":\"https:\\\/\\\/tdv.org\\\/tr-TR\\\/\",\"logo\":{\"@type\":\"ImageObject\",\"inLanguage\":\"tr\",\"@id\":\"https:\\\/\\\/tdv.org\\\/tr-TR\\\/#\\\/schema\\\/logo\\\/image\\\/\",\"url\":\"https:\\\/\\\/tdv.org\\\/tr-TR\\\/wp-content\\\/uploads\\\/2018\\\/12\\\/TDV_Logo_1.png\",\"contentUrl\":\"https:\\\/\\\/tdv.org\\\/tr-TR\\\/wp-content\\\/uploads\\\/2018\\\/12\\\/TDV_Logo_1.png\",\"width\":207,\"height\":71,\"caption\":\"T\u00fcrkiye Diyanet Vakf\u0131\"},\"image\":{\"@id\":\"https:\\\/\\\/tdv.org\\\/tr-TR\\\/#\\\/schema\\\/logo\\\/image\\\/\"},\"sameAs\":[\"https:\\\/\\\/www.facebook.com\\\/Diyanetvakfi\\\/\",\"https:\\\/\\\/x.com\\\/DiyanetVakfi\",\"https:\\\/\\\/www.instagram.com\\\/turkiyediyanetvakfi\\\/\",\"https:\\\/\\\/www.youtube.com\\\/user\\\/TurkiyeDiyanetVakfi\"]},{\"@type\":\"Person\",\"@id\":\"https:\\\/\\\/tdv.org\\\/tr-TR\\\/#\\\/schema\\\/person\\\/59c31b2380b0fdfe778b0df2c86686c2\",\"name\":\"Mustafa Sunar\",\"image\":{\"@type\":\"ImageObject\",\"inLanguage\":\"tr\",\"@id\":\"https:\\\/\\\/tdv.org\\\/tr-TR\\\/wp-content\\\/litespeed\\\/avatar\\\/881966e14150a12f093f73848867e8e7.jpg?ver=1777627359\",\"url\":\"https:\\\/\\\/tdv.org\\\/tr-TR\\\/wp-content\\\/litespeed\\\/avatar\\\/881966e14150a12f093f73848867e8e7.jpg?ver=1777627359\",\"contentUrl\":\"https:\\\/\\\/tdv.org\\\/tr-TR\\\/wp-content\\\/litespeed\\\/avatar\\\/881966e14150a12f093f73848867e8e7.jpg?ver=1777627359\",\"caption\":\"Mustafa Sunar\"}}]}<\/script>\n<!-- \/ Yoast SEO plugin. -->","yoast_head_json":{"title":"TDV Gazze\u2019de \u0130yilik Sofralar\u0131 kuruyor","description":"Gazze \u015eeridi'nin kuzeyindeki Gazze kentinde yerinden edilmi\u015f Filistinliler, T\u00fcrkiye\u202fDiyanet\u202fVakf\u0131'n\u0131n (TDV) ramazan ay\u0131\u00a0m\u00fcnasebetiyle kurdu\u011fu \u0130yilik\u00a0Sofras\u0131\u2019nda\u00a0bir araya geliyor.\u00a0","robots":{"index":"index","follow":"follow","max-snippet":"max-snippet:-1","max-image-preview":"max-image-preview:large","max-video-preview":"max-video-preview:-1"},"canonical":"https:\/\/tdv.org\/tr-TR\/tdv-gazzede-iyilik-sofralari-kuruyor\/","og_locale":"tr_TR","og_type":"article","og_title":"TDV Gazze\u2019de \u0130yilik Sofralar\u0131 kuruyor","og_description":"Gazze \u015eeridi'nin kuzeyindeki Gazze kentinde yerinden edilmi\u015f Filistinliler, T\u00fcrkiye\u202fDiyanet\u202fVakf\u0131'n\u0131n (TDV) ramazan ay\u0131\u00a0m\u00fcnasebetiyle kurdu\u011fu \u0130yilik\u00a0Sofras\u0131\u2019nda\u00a0bir araya geliyor.\u00a0","og_url":"https:\/\/tdv.org\/tr-TR\/tdv-gazzede-iyilik-sofralari-kuruyor\/","og_site_name":"T\u00fcrkiye Diyanet Vakf\u0131 Resmi Web Sitesi","article_publisher":"https:\/\/www.facebook.com\/Diyanetvakfi\/","article_published_time":"2026-02-25T07:31:32+00:00","article_modified_time":"2026-03-03T07:33:00+00:00","og_image":[{"width":1152,"height":768,"url":"https:\/\/tdv.org\/tr-TR\/wp-content\/uploads\/2026\/02\/tdv-gazzede-iyilik-sofralari-kuruyor-6.jpg","type":"image\/jpeg"}],"author":"Mustafa Sunar","twitter_card":"summary_large_image","twitter_creator":"@DiyanetVakfi","twitter_site":"@DiyanetVakfi","schema":{"@context":"https:\/\/schema.org","@graph":[{"@type":"Article","@id":"https:\/\/tdv.org\/tr-TR\/tdv-gazzede-iyilik-sofralari-kuruyor\/#article","isPartOf":{"@id":"https:\/\/tdv.org\/tr-TR\/tdv-gazzede-iyilik-sofralari-kuruyor\/"},"author":{"name":"Mustafa Sunar","@id":"https:\/\/tdv.org\/tr-TR\/#\/schema\/person\/59c31b2380b0fdfe778b0df2c86686c2"},"headline":"TDV Gazze\u2019de \u0130yilik Sofralar\u0131 kuruyor","datePublished":"2026-02-25T07:31:32+00:00","dateModified":"2026-03-03T07:33:00+00:00","mainEntityOfPage":{"@id":"https:\/\/tdv.org\/tr-TR\/tdv-gazzede-iyilik-sofralari-kuruyor\/"},"wordCount":170,"publisher":{"@id":"https:\/\/tdv.org\/tr-TR\/#organization"},"image":{"@id":"https:\/\/tdv.org\/tr-TR\/tdv-gazzede-iyilik-sofralari-kuruyor\/#primaryimage"},"thumbnailUrl":"https:\/\/tdv.org\/tr-TR\/wp-content\/uploads\/2026\/02\/tdv-gazzede-iyilik-sofralari-kuruyor-6.jpg","keywords":["2026 Ramazan","iftar","iftar paketi","iyilik sofras\u0131","ramazan"],"articleSection":["Haberler"],"inLanguage":"tr"},{"@type":"WebPage","@id":"https:\/\/tdv.org\/tr-TR\/tdv-gazzede-iyilik-sofralari-kuruyor\/","url":"https:\/\/tdv.org\/tr-TR\/tdv-gazzede-iyilik-sofralari-kuruyor\/","name":"TDV Gazze\u2019de \u0130yilik Sofralar\u0131 kuruyor","isPartOf":{"@id":"https:\/\/tdv.org\/tr-TR\/#website"},"primaryImageOfPage":{"@id":"https:\/\/tdv.org\/tr-TR\/tdv-gazzede-iyilik-sofralari-kuruyor\/#primaryimage"},"image":{"@id":"https:\/\/tdv.org\/tr-TR\/tdv-gazzede-iyilik-sofralari-kuruyor\/#primaryimage"},"thumbnailUrl":"https:\/\/tdv.org\/tr-TR\/wp-content\/uploads\/2026\/02\/tdv-gazzede-iyilik-sofralari-kuruyor-6.jpg","datePublished":"2026-02-25T07:31:32+00:00","dateModified":"2026-03-03T07:33:00+00:00","description":"Gazze \u015eeridi'nin kuzeyindeki Gazze kentinde yerinden edilmi\u015f Filistinliler, T\u00fcrkiye\u202fDiyanet\u202fVakf\u0131'n\u0131n (TDV) ramazan ay\u0131\u00a0m\u00fcnasebetiyle kurdu\u011fu \u0130yilik\u00a0Sofras\u0131\u2019nda\u00a0bir araya geliyor.\u00a0","breadcrumb":{"@id":"https:\/\/tdv.org\/tr-TR\/tdv-gazzede-iyilik-sofralari-kuruyor\/#breadcrumb"},"inLanguage":"tr","potentialAction":[{"@type":"ReadAction","target":["https:\/\/tdv.org\/tr-TR\/tdv-gazzede-iyilik-sofralari-kuruyor\/"]}]},{"@type":"ImageObject","inLanguage":"tr","@id":"https:\/\/tdv.org\/tr-TR\/tdv-gazzede-iyilik-sofralari-kuruyor\/#primaryimage","url":"https:\/\/tdv.org\/tr-TR\/wp-content\/uploads\/2026\/02\/tdv-gazzede-iyilik-sofralari-kuruyor-6.jpg","contentUrl":"https:\/\/tdv.org\/tr-TR\/wp-content\/uploads\/2026\/02\/tdv-gazzede-iyilik-sofralari-kuruyor-6.jpg","width":1152,"height":768,"caption":"TDV Gazze\u2019de \u0130yilik Sofralar\u0131 kuruyor, gazze, filistin, iyilik sofras\u0131,"},{"@type":"BreadcrumbList","@id":"https:\/\/tdv.org\/tr-TR\/tdv-gazzede-iyilik-sofralari-kuruyor\/#breadcrumb","itemListElement":[{"@type":"ListItem","position":1,"name":"Anasayfa","item":"https:\/\/tdv.org\/tr-TR\/"},{"@type":"ListItem","position":2,"name":"TDV Gazze\u2019de \u0130yilik Sofralar\u0131 kuruyor"}]},{"@type":"WebSite","@id":"https:\/\/tdv.org\/tr-TR\/#website","url":"https:\/\/tdv.org\/tr-TR\/","name":"T\u00fcrkiye Diyanet Vakf\u0131 Resmi Web Sitesi","description":"Yery\u00fcz\u00fcnde iyilik egemen oluncaya kadar","publisher":{"@id":"https:\/\/tdv.org\/tr-TR\/#organization"},"alternateName":"T\u00fcrkiye Diyanet Vakf\u0131","potentialAction":[{"@type":"SearchAction","target":{"@type":"EntryPoint","urlTemplate":"https:\/\/tdv.org\/tr-TR\/?s={search_term_string}"},"query-input":{"@type":"PropertyValueSpecification","valueRequired":true,"valueName":"search_term_string"}}],"inLanguage":"tr"},{"@type":"Organization","@id":"https:\/\/tdv.org\/tr-TR\/#organization","name":"T\u00fcrkiye Diyanet Vakf\u0131","alternateName":"T\u00fcrkiye Diyanet Vakf\u0131","url":"https:\/\/tdv.org\/tr-TR\/","logo":{"@type":"ImageObject","inLanguage":"tr","@id":"https:\/\/tdv.org\/tr-TR\/#\/schema\/logo\/image\/","url":"https:\/\/tdv.org\/tr-TR\/wp-content\/uploads\/2018\/12\/TDV_Logo_1.png","contentUrl":"https:\/\/tdv.org\/tr-TR\/wp-content\/uploads\/2018\/12\/TDV_Logo_1.png","width":207,"height":71,"caption":"T\u00fcrkiye Diyanet Vakf\u0131"},"image":{"@id":"https:\/\/tdv.org\/tr-TR\/#\/schema\/logo\/image\/"},"sameAs":["https:\/\/www.facebook.com\/Diyanetvakfi\/","https:\/\/x.com\/DiyanetVakfi","https:\/\/www.instagram.com\/turkiyediyanetvakfi\/","https:\/\/www.youtube.com\/user\/TurkiyeDiyanetVakfi"]},{"@type":"Person","@id":"https:\/\/tdv.org\/tr-TR\/#\/schema\/person\/59c31b2380b0fdfe778b0df2c86686c2","name":"Mustafa Sunar","image":{"@type":"ImageObject","inLanguage":"tr","@id":"https:\/\/tdv.org\/tr-TR\/wp-content\/litespeed\/avatar\/881966e14150a12f093f73848867e8e7.jpg?ver=1777627359","url":"https:\/\/tdv.org\/tr-TR\/wp-content\/litespeed\/avatar\/881966e14150a12f093f73848867e8e7.jpg?ver=1777627359","contentUrl":"https:\/\/tdv.org\/tr-TR\/wp-content\/litespeed\/avatar\/881966e14150a12f093f73848867e8e7.jpg?ver=1777627359","caption":"Mustafa Sunar"}}]}},"_links":{"self":[{"href":"https:\/\/tdv.org\/tr-TR\/wp-json\/wp\/v2\/posts\/55294","targetHints":{"allow":["GET"]}}],"collection":[{"href":"https:\/\/tdv.org\/tr-TR\/wp-json\/wp\/v2\/posts"}],"about":[{"href":"https:\/\/tdv.org\/tr-TR\/wp-json\/wp\/v2\/types\/post"}],"author":[{"embeddable":true,"href":"https:\/\/tdv.org\/tr-TR\/wp-json\/wp\/v2\/users\/14"}],"replies":[{"embeddable":true,"href":"https:\/\/tdv.org\/tr-TR\/wp-json\/wp\/v2\/comments?post=55294"}],"version-history":[{"count":6,"href":"https:\/\/tdv.org\/tr-TR\/wp-json\/wp\/v2\/posts\/55294\/revisions"}],"predecessor-version":[{"id":55831,"href":"https:\/\/tdv.org\/tr-TR\/wp-json\/wp\/v2\/posts\/55294\/revisions\/55831"}],"wp:featuredmedia":[{"embeddable":true,"href":"https:\/\/tdv.org\/tr-TR\/wp-json\/wp\/v2\/media\/55729"}],"wp:attachment":[{"href":"https:\/\/tdv.org\/tr-TR\/wp-json\/wp\/v2\/media?parent=55294"}],"wp:term":[{"taxonomy":"category","embeddable":true,"href":"https:\/\/tdv.org\/tr-TR\/wp-json\/wp\/v2\/categories?post=55294"},{"taxonomy":"post_tag","embeddable":true,"href":"https:\/\/tdv.org\/tr-TR\/wp-json\/wp\/v2\/tags?post=55294"}],"curies":[{"name":"wp","href":"https:\/\/api.w.org\/{rel}","templated":true}]}}