{"id":55306,"date":"2026-02-25T10:37:08","date_gmt":"2026-02-25T07:37:08","guid":{"rendered":"https:\/\/tdv.org\/tr-TR\/?p=55306"},"modified":"2026-03-03T10:33:10","modified_gmt":"2026-03-03T07:33:10","slug":"turkiye-diyanet-vakfinin-somalide-insa-ettigi-300-kisilik-mescidin-acilisi-yapildi","status":"publish","type":"post","link":"https:\/\/tdv.org\/tr-TR\/turkiye-diyanet-vakfinin-somalide-insa-ettigi-300-kisilik-mescidin-acilisi-yapildi\/","title":{"rendered":"T\u00fcrkiye\u202fDiyanet\u202fVakf\u0131\u2019n\u0131n Somali&#8217;de in\u015fa etti\u011fi 300 ki\u015filik mescidin a\u00e7\u0131l\u0131\u015f\u0131 yap\u0131ld\u0131"},"content":{"rendered":"<p style=\"text-align: justify;\"><span data-contrast=\"none\">Somali&#8217;nin ba\u015fkenti Mogadi\u015fu&#8217;da T\u00fcrkiye\u202fDiyanet\u202fVakf\u0131\u202f(TDV) taraf\u0131ndan yapt\u0131r\u0131lan <a href=\"https:\/\/bagis.tdv.org\/cami-kuran-kursu\/mescit-48\" target=\"_blank\" rel=\"noopener\">mescit<\/a> t\u00f6renle a\u00e7\u0131ld\u0131.<\/span><span data-ccp-props=\"{&quot;134233118&quot;:true,&quot;201341983&quot;:2,&quot;335557856&quot;:16777215,&quot;335559740&quot;:390}\">\u00a0<\/span><\/p>\n<p style=\"text-align: justify;\"><span data-contrast=\"none\">Mogadi\u015fu&#8217;nun Hawlwadag Sayidka b\u00f6lgesindeki T\u00fcrkiye\u202fDiyanet\u202fVakf\u0131\u202f\u015eeyh Sufi \u0130mam Hatip Lisesinin bah\u00e7esinde yer alan <a href=\"https:\/\/bagis.tdv.org\/cami-kuran-kursu\/mescit-48\" target=\"_blank\" rel=\"noopener\">mescit<\/a> , yetersiz oldu\u011fu i\u00e7in y\u0131k\u0131ld\u0131.<\/span><span data-ccp-props=\"{&quot;134233118&quot;:true,&quot;201341983&quot;:2,&quot;335557856&quot;:16777215,&quot;335559740&quot;:390}\">\u00a0<\/span><\/p>\n<p style=\"text-align: justify;\"><span data-contrast=\"none\"><a href=\"https:\/\/bagis.tdv.org\/cami-kuran-kursu\/mescit-48\" target=\"_blank\" rel=\"noopener\">Mescit<\/a> , \u00f6\u011frenci ve okul g\u00f6revlilerinin ibadetlerini yapabilmesi amac\u0131yla hay\u0131rseverlerin deste\u011fiyle TDV taraf\u0131ndan daha donan\u0131ml\u0131 olarak yeniden in\u015fa edildi.<\/span><span data-ccp-props=\"{&quot;134233118&quot;:true,&quot;201341983&quot;:2,&quot;335557856&quot;:16777215,&quot;335559740&quot;:390}\">\u00a0<\/span><\/p>\n<p style=\"text-align: justify;\"><span data-contrast=\"none\">&#8220;T\u00fcrk\u202fDiyanet\u202fVakf\u0131\u202fMescidi&#8221; ad\u0131 ile hizmet verecek mescidin a\u00e7\u0131l\u0131\u015f\u0131 dolay\u0131s\u0131yla t\u00f6ren d\u00fczenlendi.<\/span><span data-ccp-props=\"{&quot;134233118&quot;:true,&quot;201341983&quot;:2,&quot;335557856&quot;:16777215,&quot;335559740&quot;:390}\">\u00a0<\/span><\/p>\n<p style=\"text-align: justify;\"><span data-contrast=\"none\">T\u00f6rende, Kur&#8217;an-\u0131 Kerim okunmas\u0131n\u0131n ard\u0131ndan \u00f6\u011frenciler T\u00fcrk\u00e7e, Arap\u00e7a ve\u00a0Somalice\u00a0ilahi ve ezgiler seslendirdi.<\/span><span data-ccp-props=\"{&quot;134233118&quot;:true,&quot;201341983&quot;:2,&quot;335557856&quot;:16777215,&quot;335559740&quot;:390}\">\u00a0<\/span><\/p>\n<p style=\"text-align: justify;\"><span data-contrast=\"none\">Daha sonra a\u00e7\u0131l\u0131\u015f\u0131 yap\u0131lan <a href=\"https:\/\/bagis.tdv.org\/cami-kuran-kursu\/mescit-48\" target=\"_blank\" rel=\"noopener\">mescit<\/a>te okunan ezan\u0131n ard\u0131ndan namaz k\u0131l\u0131nd\u0131.<\/span><span data-ccp-props=\"{&quot;134233118&quot;:true,&quot;201341983&quot;:2,&quot;335557856&quot;:16777215,&quot;335559740&quot;:390}\">\u00a0<\/span><\/p>\n<p style=\"text-align: justify;\"><span data-contrast=\"none\">T\u00fcrkiye&#8217;nin Mogadi\u015fu B\u00fcy\u00fckel\u00e7ili\u011fi Din Hizmetleri M\u00fc\u015faviri \u00d6mer Faruk Arslan, T\u00fcrkiye\u202fDiyanet\u202fVakf\u0131\u2019n\u0131n Somali&#8217;de uzun y\u0131llard\u0131r insani yard\u0131m ve e\u011fitim ba\u015fta olmak \u00fczere pek \u00e7ok noktada yap\u0131lan \u00e7al\u0131\u015fmalara \u00f6nc\u00fcl\u00fck etti\u011fini s\u00f6yledi.<\/span><span data-ccp-props=\"{&quot;134233118&quot;:true,&quot;201341983&quot;:2,&quot;335557856&quot;:16777215,&quot;335559740&quot;:390}\">\u00a0<\/span><\/p>\n<p style=\"text-align: justify;\"><span data-contrast=\"none\">Bug\u00fcn de \u00f6\u011frencilerin uygulama yapt\u0131klar\u0131 mescidin yeniden in\u015fa edilmesi dolay\u0131s\u0131yla a\u00e7\u0131l\u0131\u015f t\u00f6reni yap\u0131ld\u0131\u011f\u0131n\u0131 ifade eden Arslan, &#8220;Mescidimiz daha \u00f6nce k\u00fc\u00e7\u00fck bir <a href=\"https:\/\/bagis.tdv.org\/cami-kuran-kursu\/mescit-48\" target=\"_blank\" rel=\"noopener\">mescit<\/a> olarak in\u015fa edilmi\u015fti. Son derece y\u0131pranm\u0131\u015f ve eski bir yap\u0131s\u0131 vard\u0131. Onu tamamen y\u0131karak, yeniden b\u00fcy\u00fck ve daha donan\u0131ml\u0131 bir <a href=\"https:\/\/bagis.tdv.org\/cami-kuran-kursu\/mescit-48\" target=\"_blank\" rel=\"noopener\">mescit<\/a> in\u015fa etmek nasip oldu. Burada 300 ki\u015fi ibadet edebilecek. \u00d6\u011frencilerimiz vakit namazlar\u0131n\u0131 ve b\u00fct\u00fcn ibadetlerini burada ifa ediyorlar. Kur&#8217;an-\u0131 Kerim e\u011fitimi al\u0131yorlar. Mescidimiz T\u00fcrkiye\u202fDiyanet\u202fVakf\u0131m\u0131z\u0131n ve hay\u0131rsever karde\u015flerimizin destekleriyle imar edildi. Hepsine can\u0131g\u00f6n\u00fclden te\u015fekk\u00fcr ediyoruz.&#8221; dedi.<\/span><span data-ccp-props=\"{&quot;134233118&quot;:true,&quot;201341983&quot;:2,&quot;335557856&quot;:16777215,&quot;335559740&quot;:390}\">\u00a0<\/span><\/p>\n<p style=\"text-align: justify;\"><span data-contrast=\"none\">A\u00e7\u0131l\u0131\u015fa, TDV Somali Temsilcisi Osman T\u00fcrk,\u202fvakf\u0131n g\u00f6n\u00fcll\u00fcleri, Somalili din adamlar\u0131 ve \u00f6\u011frenciler kat\u0131ld\u0131.<\/span><span data-ccp-props=\"{&quot;134233118&quot;:true,&quot;201341983&quot;:2,&quot;335557856&quot;:16777215,&quot;335559740&quot;:390}\">\u00a0<\/span><\/p>\n\n\t\t<style type=\"text\/css\">\n\t\t\t#gallery-1 {\n\t\t\t\tmargin: auto;\n\t\t\t}\n\t\t\t#gallery-1 .gallery-item {\n\t\t\t\tfloat: left;\n\t\t\t\tmargin-top: 10px;\n\t\t\t\ttext-align: center;\n\t\t\t\twidth: 33%;\n\t\t\t}\n\t\t\t#gallery-1 img {\n\t\t\t\tborder: 2px solid #cfcfcf;\n\t\t\t}\n\t\t\t#gallery-1 .gallery-caption {\n\t\t\t\tmargin-left: 0;\n\t\t\t}\n\t\t\t\/* see gallery_shortcode() in wp-includes\/media.php *\/\n\t\t<\/style>\n\t\t<div id='gallery-1' class='gallery galleryid-55306 gallery-columns-3 gallery-size-large'><dl class='gallery-item'>\n\t\t\t<dt class='gallery-icon landscape'>\n\t\t\t\t<a href='https:\/\/tdv.org\/tr-TR\/wp-content\/uploads\/2026\/02\/turkiye-diyanet-vakfinin-somali-de-insa-ettigi-300-kisilik-mescidin-acilisi-yapildi-1.jpg'><img decoding=\"async\" width=\"1024\" height=\"649\" src=\"https:\/\/tdv.org\/tr-TR\/wp-content\/uploads\/2026\/02\/turkiye-diyanet-vakfinin-somali-de-insa-ettigi-300-kisilik-mescidin-acilisi-yapildi-1-1024x649.jpg\" class=\"attachment-large size-large\" alt=\"\" aria-describedby=\"gallery-1-55711\" srcset=\"https:\/\/tdv.org\/tr-TR\/wp-content\/uploads\/2026\/02\/turkiye-diyanet-vakfinin-somali-de-insa-ettigi-300-kisilik-mescidin-acilisi-yapildi-1-1024x649.jpg 1024w, https:\/\/tdv.org\/tr-TR\/wp-content\/uploads\/2026\/02\/turkiye-diyanet-vakfinin-somali-de-insa-ettigi-300-kisilik-mescidin-acilisi-yapildi-1-300x190.jpg 300w, https:\/\/tdv.org\/tr-TR\/wp-content\/uploads\/2026\/02\/turkiye-diyanet-vakfinin-somali-de-insa-ettigi-300-kisilik-mescidin-acilisi-yapildi-1-768x487.jpg 768w, https:\/\/tdv.org\/tr-TR\/wp-content\/uploads\/2026\/02\/turkiye-diyanet-vakfinin-somali-de-insa-ettigi-300-kisilik-mescidin-acilisi-yapildi-1.jpg 1211w\" sizes=\"(max-width: 1024px) 100vw, 1024px\" \/><\/a>\n\t\t\t<\/dt>\n\t\t\t\t<dd class='wp-caption-text gallery-caption' id='gallery-1-55711'>\n\t\t\t\tT\u00fcrkiye\u202fDiyanet\u202fVakf\u0131\u2019n\u0131n Somali&#8217;de in\u015fa etti\u011fi 300 ki\u015filik mescidin a\u00e7\u0131l\u0131\u015f\u0131 yap\u0131ld\u0131, mescit , mescid yapt\u0131rmak, bir tu\u011flada benim olsun\n\t\t\t\t<\/dd><\/dl><dl class='gallery-item'>\n\t\t\t<dt class='gallery-icon landscape'>\n\t\t\t\t<a href='https:\/\/tdv.org\/tr-TR\/wp-content\/uploads\/2026\/02\/turkiye-diyanet-vakfinin-somali-de-insa-ettigi-300-kisilik-mescidin-acilisi-yapildi-2.jpg'><img decoding=\"async\" width=\"1024\" height=\"721\" src=\"https:\/\/tdv.org\/tr-TR\/wp-content\/uploads\/2026\/02\/turkiye-diyanet-vakfinin-somali-de-insa-ettigi-300-kisilik-mescidin-acilisi-yapildi-2-1024x721.jpg\" class=\"attachment-large size-large\" alt=\"\" aria-describedby=\"gallery-1-55712\" srcset=\"https:\/\/tdv.org\/tr-TR\/wp-content\/uploads\/2026\/02\/turkiye-diyanet-vakfinin-somali-de-insa-ettigi-300-kisilik-mescidin-acilisi-yapildi-2-1024x721.jpg 1024w, https:\/\/tdv.org\/tr-TR\/wp-content\/uploads\/2026\/02\/turkiye-diyanet-vakfinin-somali-de-insa-ettigi-300-kisilik-mescidin-acilisi-yapildi-2-300x211.jpg 300w, https:\/\/tdv.org\/tr-TR\/wp-content\/uploads\/2026\/02\/turkiye-diyanet-vakfinin-somali-de-insa-ettigi-300-kisilik-mescidin-acilisi-yapildi-2-768x541.jpg 768w, https:\/\/tdv.org\/tr-TR\/wp-content\/uploads\/2026\/02\/turkiye-diyanet-vakfinin-somali-de-insa-ettigi-300-kisilik-mescidin-acilisi-yapildi-2.jpg 1090w\" sizes=\"(max-width: 1024px) 100vw, 1024px\" \/><\/a>\n\t\t\t<\/dt>\n\t\t\t\t<dd class='wp-caption-text gallery-caption' id='gallery-1-55712'>\n\t\t\t\tT\u00fcrkiye\u202fDiyanet\u202fVakf\u0131\u2019n\u0131n Somali&#8217;de in\u015fa etti\u011fi 300 ki\u015filik mescidin a\u00e7\u0131l\u0131\u015f\u0131 yap\u0131ld\u0131, mescit , mescid yapt\u0131rmak, bir tu\u011flada benim olsun\n\t\t\t\t<\/dd><\/dl><dl class='gallery-item'>\n\t\t\t<dt class='gallery-icon landscape'>\n\t\t\t\t<a href='https:\/\/tdv.org\/tr-TR\/wp-content\/uploads\/2026\/02\/turkiye-diyanet-vakfinin-somali-de-insa-ettigi-300-kisilik-mescidin-acilisi-yapildi-3.jpg'><img decoding=\"async\" width=\"1024\" height=\"683\" src=\"https:\/\/tdv.org\/tr-TR\/wp-content\/uploads\/2026\/02\/turkiye-diyanet-vakfinin-somali-de-insa-ettigi-300-kisilik-mescidin-acilisi-yapildi-3-1024x683.jpg\" class=\"attachment-large size-large\" alt=\"\" aria-describedby=\"gallery-1-55713\" srcset=\"https:\/\/tdv.org\/tr-TR\/wp-content\/uploads\/2026\/02\/turkiye-diyanet-vakfinin-somali-de-insa-ettigi-300-kisilik-mescidin-acilisi-yapildi-3-1024x683.jpg 1024w, https:\/\/tdv.org\/tr-TR\/wp-content\/uploads\/2026\/02\/turkiye-diyanet-vakfinin-somali-de-insa-ettigi-300-kisilik-mescidin-acilisi-yapildi-3-300x200.jpg 300w, https:\/\/tdv.org\/tr-TR\/wp-content\/uploads\/2026\/02\/turkiye-diyanet-vakfinin-somali-de-insa-ettigi-300-kisilik-mescidin-acilisi-yapildi-3-768x512.jpg 768w, https:\/\/tdv.org\/tr-TR\/wp-content\/uploads\/2026\/02\/turkiye-diyanet-vakfinin-somali-de-insa-ettigi-300-kisilik-mescidin-acilisi-yapildi-3-900x600.jpg 900w, https:\/\/tdv.org\/tr-TR\/wp-content\/uploads\/2026\/02\/turkiye-diyanet-vakfinin-somali-de-insa-ettigi-300-kisilik-mescidin-acilisi-yapildi-3.jpg 1152w\" sizes=\"(max-width: 1024px) 100vw, 1024px\" \/><\/a>\n\t\t\t<\/dt>\n\t\t\t\t<dd class='wp-caption-text gallery-caption' id='gallery-1-55713'>\n\t\t\t\tT\u00fcrkiye\u202fDiyanet\u202fVakf\u0131\u2019n\u0131n Somali&#8217;de in\u015fa etti\u011fi 300 ki\u015filik mescidin a\u00e7\u0131l\u0131\u015f\u0131 yap\u0131ld\u0131, mescit , mescid yapt\u0131rmak, bir tu\u011flada benim olsun\n\t\t\t\t<\/dd><\/dl><br style=\"clear: both\" \/><dl class='gallery-item'>\n\t\t\t<dt class='gallery-icon landscape'>\n\t\t\t\t<a href='https:\/\/tdv.org\/tr-TR\/wp-content\/uploads\/2026\/02\/turkiye-diyanet-vakfinin-somali-de-insa-ettigi-300-kisilik-mescidin-acilisi-yapildi-4.jpg'><img decoding=\"async\" width=\"1024\" height=\"683\" src=\"https:\/\/tdv.org\/tr-TR\/wp-content\/uploads\/2026\/02\/turkiye-diyanet-vakfinin-somali-de-insa-ettigi-300-kisilik-mescidin-acilisi-yapildi-4-1024x683.jpg\" class=\"attachment-large size-large\" alt=\"\" aria-describedby=\"gallery-1-55714\" srcset=\"https:\/\/tdv.org\/tr-TR\/wp-content\/uploads\/2026\/02\/turkiye-diyanet-vakfinin-somali-de-insa-ettigi-300-kisilik-mescidin-acilisi-yapildi-4-1024x683.jpg 1024w, https:\/\/tdv.org\/tr-TR\/wp-content\/uploads\/2026\/02\/turkiye-diyanet-vakfinin-somali-de-insa-ettigi-300-kisilik-mescidin-acilisi-yapildi-4-300x200.jpg 300w, https:\/\/tdv.org\/tr-TR\/wp-content\/uploads\/2026\/02\/turkiye-diyanet-vakfinin-somali-de-insa-ettigi-300-kisilik-mescidin-acilisi-yapildi-4-768x512.jpg 768w, https:\/\/tdv.org\/tr-TR\/wp-content\/uploads\/2026\/02\/turkiye-diyanet-vakfinin-somali-de-insa-ettigi-300-kisilik-mescidin-acilisi-yapildi-4-900x600.jpg 900w, https:\/\/tdv.org\/tr-TR\/wp-content\/uploads\/2026\/02\/turkiye-diyanet-vakfinin-somali-de-insa-ettigi-300-kisilik-mescidin-acilisi-yapildi-4.jpg 1152w\" sizes=\"(max-width: 1024px) 100vw, 1024px\" \/><\/a>\n\t\t\t<\/dt>\n\t\t\t\t<dd class='wp-caption-text gallery-caption' id='gallery-1-55714'>\n\t\t\t\tT\u00fcrkiye\u202fDiyanet\u202fVakf\u0131\u2019n\u0131n Somali&#8217;de in\u015fa etti\u011fi 300 ki\u015filik mescidin a\u00e7\u0131l\u0131\u015f\u0131 yap\u0131ld\u0131, mescit , mescid yapt\u0131rmak, bir tu\u011flada benim olsun\n\t\t\t\t<\/dd><\/dl><dl class='gallery-item'>\n\t\t\t<dt class='gallery-icon landscape'>\n\t\t\t\t<a href='https:\/\/tdv.org\/tr-TR\/wp-content\/uploads\/2026\/02\/turkiye-diyanet-vakfinin-somali-de-insa-ettigi-300-kisilik-mescidin-acilisi-yapildi-5.jpg'><img decoding=\"async\" width=\"1024\" height=\"657\" src=\"https:\/\/tdv.org\/tr-TR\/wp-content\/uploads\/2026\/02\/turkiye-diyanet-vakfinin-somali-de-insa-ettigi-300-kisilik-mescidin-acilisi-yapildi-5-1024x657.jpg\" class=\"attachment-large size-large\" alt=\"\" aria-describedby=\"gallery-1-55715\" srcset=\"https:\/\/tdv.org\/tr-TR\/wp-content\/uploads\/2026\/02\/turkiye-diyanet-vakfinin-somali-de-insa-ettigi-300-kisilik-mescidin-acilisi-yapildi-5-1024x657.jpg 1024w, https:\/\/tdv.org\/tr-TR\/wp-content\/uploads\/2026\/02\/turkiye-diyanet-vakfinin-somali-de-insa-ettigi-300-kisilik-mescidin-acilisi-yapildi-5-300x192.jpg 300w, https:\/\/tdv.org\/tr-TR\/wp-content\/uploads\/2026\/02\/turkiye-diyanet-vakfinin-somali-de-insa-ettigi-300-kisilik-mescidin-acilisi-yapildi-5-768x493.jpg 768w, https:\/\/tdv.org\/tr-TR\/wp-content\/uploads\/2026\/02\/turkiye-diyanet-vakfinin-somali-de-insa-ettigi-300-kisilik-mescidin-acilisi-yapildi-5.jpg 1197w\" sizes=\"(max-width: 1024px) 100vw, 1024px\" \/><\/a>\n\t\t\t<\/dt>\n\t\t\t\t<dd class='wp-caption-text gallery-caption' id='gallery-1-55715'>\n\t\t\t\tT\u00fcrkiye\u202fDiyanet\u202fVakf\u0131\u2019n\u0131n Somali&#8217;de in\u015fa etti\u011fi 300 ki\u015filik mescidin a\u00e7\u0131l\u0131\u015f\u0131 yap\u0131ld\u0131, mescit , mescid yapt\u0131rmak, bir tu\u011flada benim olsun\n\t\t\t\t<\/dd><\/dl><dl class='gallery-item'>\n\t\t\t<dt class='gallery-icon landscape'>\n\t\t\t\t<a href='https:\/\/tdv.org\/tr-TR\/wp-content\/uploads\/2026\/02\/turkiye-diyanet-vakfinin-somali-de-insa-ettigi-300-kisilik-mescidin-acilisi-yapildi-6.jpg'><img decoding=\"async\" width=\"1024\" height=\"663\" src=\"https:\/\/tdv.org\/tr-TR\/wp-content\/uploads\/2026\/02\/turkiye-diyanet-vakfinin-somali-de-insa-ettigi-300-kisilik-mescidin-acilisi-yapildi-6-1024x663.jpg\" class=\"attachment-large size-large\" alt=\"\" aria-describedby=\"gallery-1-55716\" srcset=\"https:\/\/tdv.org\/tr-TR\/wp-content\/uploads\/2026\/02\/turkiye-diyanet-vakfinin-somali-de-insa-ettigi-300-kisilik-mescidin-acilisi-yapildi-6-1024x663.jpg 1024w, https:\/\/tdv.org\/tr-TR\/wp-content\/uploads\/2026\/02\/turkiye-diyanet-vakfinin-somali-de-insa-ettigi-300-kisilik-mescidin-acilisi-yapildi-6-300x194.jpg 300w, https:\/\/tdv.org\/tr-TR\/wp-content\/uploads\/2026\/02\/turkiye-diyanet-vakfinin-somali-de-insa-ettigi-300-kisilik-mescidin-acilisi-yapildi-6-768x497.jpg 768w, https:\/\/tdv.org\/tr-TR\/wp-content\/uploads\/2026\/02\/turkiye-diyanet-vakfinin-somali-de-insa-ettigi-300-kisilik-mescidin-acilisi-yapildi-6.jpg 1187w\" sizes=\"(max-width: 1024px) 100vw, 1024px\" \/><\/a>\n\t\t\t<\/dt>\n\t\t\t\t<dd class='wp-caption-text gallery-caption' id='gallery-1-55716'>\n\t\t\t\tT\u00fcrkiye\u202fDiyanet\u202fVakf\u0131\u2019n\u0131n Somali&#8217;de in\u015fa etti\u011fi 300 ki\u015filik mescidin a\u00e7\u0131l\u0131\u015f\u0131 yap\u0131ld\u0131, mescit , mescid yapt\u0131rmak, bir tu\u011flada benim olsun\n\t\t\t\t<\/dd><\/dl><br style=\"clear: both\" \/><dl class='gallery-item'>\n\t\t\t<dt class='gallery-icon landscape'>\n\t\t\t\t<a href='https:\/\/tdv.org\/tr-TR\/wp-content\/uploads\/2026\/02\/turkiye-diyanet-vakfinin-somali-de-insa-ettigi-300-kisilik-mescidin-acilisi-yapildi-7.jpg'><img decoding=\"async\" width=\"1024\" height=\"683\" src=\"https:\/\/tdv.org\/tr-TR\/wp-content\/uploads\/2026\/02\/turkiye-diyanet-vakfinin-somali-de-insa-ettigi-300-kisilik-mescidin-acilisi-yapildi-7-1024x683.jpg\" class=\"attachment-large size-large\" alt=\"\" aria-describedby=\"gallery-1-55717\" srcset=\"https:\/\/tdv.org\/tr-TR\/wp-content\/uploads\/2026\/02\/turkiye-diyanet-vakfinin-somali-de-insa-ettigi-300-kisilik-mescidin-acilisi-yapildi-7-1024x683.jpg 1024w, https:\/\/tdv.org\/tr-TR\/wp-content\/uploads\/2026\/02\/turkiye-diyanet-vakfinin-somali-de-insa-ettigi-300-kisilik-mescidin-acilisi-yapildi-7-300x200.jpg 300w, https:\/\/tdv.org\/tr-TR\/wp-content\/uploads\/2026\/02\/turkiye-diyanet-vakfinin-somali-de-insa-ettigi-300-kisilik-mescidin-acilisi-yapildi-7-768x512.jpg 768w, https:\/\/tdv.org\/tr-TR\/wp-content\/uploads\/2026\/02\/turkiye-diyanet-vakfinin-somali-de-insa-ettigi-300-kisilik-mescidin-acilisi-yapildi-7-900x600.jpg 900w, https:\/\/tdv.org\/tr-TR\/wp-content\/uploads\/2026\/02\/turkiye-diyanet-vakfinin-somali-de-insa-ettigi-300-kisilik-mescidin-acilisi-yapildi-7.jpg 1152w\" sizes=\"(max-width: 1024px) 100vw, 1024px\" \/><\/a>\n\t\t\t<\/dt>\n\t\t\t\t<dd class='wp-caption-text gallery-caption' id='gallery-1-55717'>\n\t\t\t\tT\u00fcrkiye\u202fDiyanet\u202fVakf\u0131\u2019n\u0131n Somali&#8217;de in\u015fa etti\u011fi 300 ki\u015filik mescidin a\u00e7\u0131l\u0131\u015f\u0131 yap\u0131ld\u0131, mescit , mescid yapt\u0131rmak, bir tu\u011flada benim olsun\n\t\t\t\t<\/dd><\/dl><dl class='gallery-item'>\n\t\t\t<dt class='gallery-icon landscape'>\n\t\t\t\t<a href='https:\/\/tdv.org\/tr-TR\/wp-content\/uploads\/2026\/02\/turkiye-diyanet-vakfinin-somali-de-insa-ettigi-300-kisilik-mescidin-acilisi-yapildi-8.jpg'><img decoding=\"async\" width=\"1024\" height=\"683\" src=\"https:\/\/tdv.org\/tr-TR\/wp-content\/uploads\/2026\/02\/turkiye-diyanet-vakfinin-somali-de-insa-ettigi-300-kisilik-mescidin-acilisi-yapildi-8-1024x683.jpg\" class=\"attachment-large size-large\" alt=\"\" aria-describedby=\"gallery-1-55718\" srcset=\"https:\/\/tdv.org\/tr-TR\/wp-content\/uploads\/2026\/02\/turkiye-diyanet-vakfinin-somali-de-insa-ettigi-300-kisilik-mescidin-acilisi-yapildi-8-1024x683.jpg 1024w, https:\/\/tdv.org\/tr-TR\/wp-content\/uploads\/2026\/02\/turkiye-diyanet-vakfinin-somali-de-insa-ettigi-300-kisilik-mescidin-acilisi-yapildi-8-300x200.jpg 300w, https:\/\/tdv.org\/tr-TR\/wp-content\/uploads\/2026\/02\/turkiye-diyanet-vakfinin-somali-de-insa-ettigi-300-kisilik-mescidin-acilisi-yapildi-8-768x512.jpg 768w, https:\/\/tdv.org\/tr-TR\/wp-content\/uploads\/2026\/02\/turkiye-diyanet-vakfinin-somali-de-insa-ettigi-300-kisilik-mescidin-acilisi-yapildi-8-900x600.jpg 900w, https:\/\/tdv.org\/tr-TR\/wp-content\/uploads\/2026\/02\/turkiye-diyanet-vakfinin-somali-de-insa-ettigi-300-kisilik-mescidin-acilisi-yapildi-8.jpg 1152w\" sizes=\"(max-width: 1024px) 100vw, 1024px\" \/><\/a>\n\t\t\t<\/dt>\n\t\t\t\t<dd class='wp-caption-text gallery-caption' id='gallery-1-55718'>\n\t\t\t\tT\u00fcrkiye\u202fDiyanet\u202fVakf\u0131\u2019n\u0131n Somali&#8217;de in\u015fa etti\u011fi 300 ki\u015filik mescidin a\u00e7\u0131l\u0131\u015f\u0131 yap\u0131ld\u0131, mescit , mescid yapt\u0131rmak, bir tu\u011flada benim olsun\n\t\t\t\t<\/dd><\/dl><dl class='gallery-item'>\n\t\t\t<dt class='gallery-icon landscape'>\n\t\t\t\t<a href='https:\/\/tdv.org\/tr-TR\/wp-content\/uploads\/2026\/02\/turkiye-diyanet-vakfinin-somali-de-insa-ettigi-300-kisilik-mescidin-acilisi-yapildi-9.jpg'><img decoding=\"async\" width=\"1024\" height=\"683\" src=\"https:\/\/tdv.org\/tr-TR\/wp-content\/uploads\/2026\/02\/turkiye-diyanet-vakfinin-somali-de-insa-ettigi-300-kisilik-mescidin-acilisi-yapildi-9-1024x683.jpg\" class=\"attachment-large size-large\" alt=\"\" aria-describedby=\"gallery-1-55719\" srcset=\"https:\/\/tdv.org\/tr-TR\/wp-content\/uploads\/2026\/02\/turkiye-diyanet-vakfinin-somali-de-insa-ettigi-300-kisilik-mescidin-acilisi-yapildi-9-1024x683.jpg 1024w, https:\/\/tdv.org\/tr-TR\/wp-content\/uploads\/2026\/02\/turkiye-diyanet-vakfinin-somali-de-insa-ettigi-300-kisilik-mescidin-acilisi-yapildi-9-300x200.jpg 300w, https:\/\/tdv.org\/tr-TR\/wp-content\/uploads\/2026\/02\/turkiye-diyanet-vakfinin-somali-de-insa-ettigi-300-kisilik-mescidin-acilisi-yapildi-9-768x512.jpg 768w, https:\/\/tdv.org\/tr-TR\/wp-content\/uploads\/2026\/02\/turkiye-diyanet-vakfinin-somali-de-insa-ettigi-300-kisilik-mescidin-acilisi-yapildi-9-900x600.jpg 900w, https:\/\/tdv.org\/tr-TR\/wp-content\/uploads\/2026\/02\/turkiye-diyanet-vakfinin-somali-de-insa-ettigi-300-kisilik-mescidin-acilisi-yapildi-9.jpg 1152w\" sizes=\"(max-width: 1024px) 100vw, 1024px\" \/><\/a>\n\t\t\t<\/dt>\n\t\t\t\t<dd class='wp-caption-text gallery-caption' id='gallery-1-55719'>\n\t\t\t\tT\u00fcrkiye\u202fDiyanet\u202fVakf\u0131\u2019n\u0131n Somali&#8217;de in\u015fa etti\u011fi 300 ki\u015filik mescidin a\u00e7\u0131l\u0131\u015f\u0131 yap\u0131ld\u0131, mescit , mescid yapt\u0131rmak, bir tu\u011flada benim olsun\n\t\t\t\t<\/dd><\/dl><br style=\"clear: both\" \/><dl class='gallery-item'>\n\t\t\t<dt class='gallery-icon landscape'>\n\t\t\t\t<a href='https:\/\/tdv.org\/tr-TR\/wp-content\/uploads\/2026\/02\/turkiye-diyanet-vakfinin-somali-de-insa-ettigi-300-kisilik-mescidin-acilisi-yapildi-10.jpg'><img decoding=\"async\" width=\"1024\" height=\"705\" src=\"https:\/\/tdv.org\/tr-TR\/wp-content\/uploads\/2026\/02\/turkiye-diyanet-vakfinin-somali-de-insa-ettigi-300-kisilik-mescidin-acilisi-yapildi-10-1024x705.jpg\" class=\"attachment-large size-large\" alt=\"\" aria-describedby=\"gallery-1-55720\" srcset=\"https:\/\/tdv.org\/tr-TR\/wp-content\/uploads\/2026\/02\/turkiye-diyanet-vakfinin-somali-de-insa-ettigi-300-kisilik-mescidin-acilisi-yapildi-10-1024x705.jpg 1024w, https:\/\/tdv.org\/tr-TR\/wp-content\/uploads\/2026\/02\/turkiye-diyanet-vakfinin-somali-de-insa-ettigi-300-kisilik-mescidin-acilisi-yapildi-10-300x207.jpg 300w, https:\/\/tdv.org\/tr-TR\/wp-content\/uploads\/2026\/02\/turkiye-diyanet-vakfinin-somali-de-insa-ettigi-300-kisilik-mescidin-acilisi-yapildi-10-768x529.jpg 768w, https:\/\/tdv.org\/tr-TR\/wp-content\/uploads\/2026\/02\/turkiye-diyanet-vakfinin-somali-de-insa-ettigi-300-kisilik-mescidin-acilisi-yapildi-10.jpg 1115w\" sizes=\"(max-width: 1024px) 100vw, 1024px\" \/><\/a>\n\t\t\t<\/dt>\n\t\t\t\t<dd class='wp-caption-text gallery-caption' id='gallery-1-55720'>\n\t\t\t\tT\u00fcrkiye\u202fDiyanet\u202fVakf\u0131\u2019n\u0131n Somali&#8217;de in\u015fa etti\u011fi 300 ki\u015filik mescidin a\u00e7\u0131l\u0131\u015f\u0131 yap\u0131ld\u0131, mescit , mescid yapt\u0131rmak, bir tu\u011flada benim olsun\n\t\t\t\t<\/dd><\/dl><dl class='gallery-item'>\n\t\t\t<dt class='gallery-icon landscape'>\n\t\t\t\t<a href='https:\/\/tdv.org\/tr-TR\/wp-content\/uploads\/2026\/02\/turkiye-diyanet-vakfinin-somali-de-insa-ettigi-300-kisilik-mescidin-acilisi-yapildi-11.jpg'><img decoding=\"async\" width=\"1024\" height=\"683\" src=\"https:\/\/tdv.org\/tr-TR\/wp-content\/uploads\/2026\/02\/turkiye-diyanet-vakfinin-somali-de-insa-ettigi-300-kisilik-mescidin-acilisi-yapildi-11-1024x683.jpg\" class=\"attachment-large size-large\" alt=\"\" aria-describedby=\"gallery-1-55721\" srcset=\"https:\/\/tdv.org\/tr-TR\/wp-content\/uploads\/2026\/02\/turkiye-diyanet-vakfinin-somali-de-insa-ettigi-300-kisilik-mescidin-acilisi-yapildi-11-1024x683.jpg 1024w, https:\/\/tdv.org\/tr-TR\/wp-content\/uploads\/2026\/02\/turkiye-diyanet-vakfinin-somali-de-insa-ettigi-300-kisilik-mescidin-acilisi-yapildi-11-300x200.jpg 300w, https:\/\/tdv.org\/tr-TR\/wp-content\/uploads\/2026\/02\/turkiye-diyanet-vakfinin-somali-de-insa-ettigi-300-kisilik-mescidin-acilisi-yapildi-11-768x512.jpg 768w, https:\/\/tdv.org\/tr-TR\/wp-content\/uploads\/2026\/02\/turkiye-diyanet-vakfinin-somali-de-insa-ettigi-300-kisilik-mescidin-acilisi-yapildi-11-900x600.jpg 900w, https:\/\/tdv.org\/tr-TR\/wp-content\/uploads\/2026\/02\/turkiye-diyanet-vakfinin-somali-de-insa-ettigi-300-kisilik-mescidin-acilisi-yapildi-11.jpg 1152w\" sizes=\"(max-width: 1024px) 100vw, 1024px\" \/><\/a>\n\t\t\t<\/dt>\n\t\t\t\t<dd class='wp-caption-text gallery-caption' id='gallery-1-55721'>\n\t\t\t\tT\u00fcrkiye\u202fDiyanet\u202fVakf\u0131\u2019n\u0131n Somali&#8217;de in\u015fa etti\u011fi 300 ki\u015filik mescidin a\u00e7\u0131l\u0131\u015f\u0131 yap\u0131ld\u0131, mescit , mescid yapt\u0131rmak, bir tu\u011flada benim olsun\n\t\t\t\t<\/dd><\/dl>\n\t\t\t<br style='clear: both' \/>\n\t\t<\/div>\n\n","protected":false},"excerpt":{"rendered":"<p>Somali&#8217;nin ba\u015fkenti Mogadi\u015fu&#8217;da T\u00fcrkiye\u202fDiyanet\u202fVakf\u0131\u202f(TDV) taraf\u0131ndan yapt\u0131r\u0131lan mescit t\u00f6renle a\u00e7\u0131ld\u0131.\u00a0 Mogadi\u015fu&#8217;nun Hawlwadag Sayidka b\u00f6lgesindeki T\u00fcrkiye\u202fDiyanet\u202fVakf\u0131\u202f\u015eeyh Sufi \u0130mam Hatip Lisesinin bah\u00e7esinde yer alan mescit , yetersiz oldu\u011fu i\u00e7in y\u0131k\u0131ld\u0131.\u00a0 Mescit , \u00f6\u011frenci&#8230;<\/p>\n","protected":false},"author":14,"featured_media":55719,"comment_status":"closed","ping_status":"closed","sticky":false,"template":"","format":"standard","meta":{"footnotes":""},"categories":[1],"tags":[2470,381,491],"class_list":{"0":"post-55306","1":"post","2":"type-post","3":"status-publish","4":"format-standard","5":"has-post-thumbnail","7":"category-haberler","8":"tag-2026-ramazan","9":"tag-bir-tugla-da-benim-olsun","10":"tag-mescit"},"yoast_head":"<!-- This site is optimized with the Yoast SEO plugin v27.5 - https:\/\/yoast.com\/product\/yoast-seo-wordpress\/ -->\n<title>T\u00fcrkiye\u202fDiyanet\u202fVakf\u0131\u2019n\u0131n Somali&#039;de in\u015fa etti\u011fi 300 ki\u015filik mescidin a\u00e7\u0131l\u0131\u015f\u0131 yap\u0131ld\u0131<\/title>\n<meta name=\"description\" content=\"Somali&#039;nin ba\u015fkenti Mogadi\u015fu&#039;da T\u00fcrkiye\u202fDiyanet\u202fVakf\u0131\u202f(TDV) taraf\u0131ndan yapt\u0131r\u0131lan mescit t\u00f6renle a\u00e7\u0131ld\u0131.\u00a0\" \/>\n<meta name=\"robots\" content=\"index, follow, max-snippet:-1, max-image-preview:large, max-video-preview:-1\" \/>\n<link rel=\"canonical\" href=\"https:\/\/tdv.org\/tr-TR\/turkiye-diyanet-vakfinin-somalide-insa-ettigi-300-kisilik-mescidin-acilisi-yapildi\/\" \/>\n<meta property=\"og:locale\" content=\"tr_TR\" \/>\n<meta property=\"og:type\" content=\"article\" \/>\n<meta property=\"og:title\" content=\"T\u00fcrkiye\u202fDiyanet\u202fVakf\u0131\u2019n\u0131n Somali&#039;de in\u015fa etti\u011fi 300 ki\u015filik mescidin a\u00e7\u0131l\u0131\u015f\u0131 yap\u0131ld\u0131\" \/>\n<meta property=\"og:description\" content=\"Somali&#039;nin ba\u015fkenti Mogadi\u015fu&#039;da T\u00fcrkiye\u202fDiyanet\u202fVakf\u0131\u202f(TDV) taraf\u0131ndan yapt\u0131r\u0131lan mescit t\u00f6renle a\u00e7\u0131ld\u0131.\u00a0\" \/>\n<meta property=\"og:url\" content=\"https:\/\/tdv.org\/tr-TR\/turkiye-diyanet-vakfinin-somalide-insa-ettigi-300-kisilik-mescidin-acilisi-yapildi\/\" \/>\n<meta property=\"og:site_name\" content=\"T\u00fcrkiye Diyanet Vakf\u0131 Resmi Web Sitesi\" \/>\n<meta property=\"article:publisher\" content=\"https:\/\/www.facebook.com\/Diyanetvakfi\/\" \/>\n<meta property=\"article:published_time\" content=\"2026-02-25T07:37:08+00:00\" \/>\n<meta property=\"article:modified_time\" content=\"2026-03-03T07:33:10+00:00\" \/>\n<meta property=\"og:image\" content=\"https:\/\/tdv.org\/tr-TR\/wp-content\/uploads\/2026\/02\/turkiye-diyanet-vakfinin-somali-de-insa-ettigi-300-kisilik-mescidin-acilisi-yapildi-9.jpg\" \/>\n\t<meta property=\"og:image:width\" content=\"1152\" \/>\n\t<meta property=\"og:image:height\" content=\"768\" \/>\n\t<meta property=\"og:image:type\" content=\"image\/jpeg\" \/>\n<meta name=\"author\" content=\"Mustafa Sunar\" \/>\n<meta name=\"twitter:card\" content=\"summary_large_image\" \/>\n<meta name=\"twitter:creator\" content=\"@DiyanetVakfi\" \/>\n<meta name=\"twitter:site\" content=\"@DiyanetVakfi\" \/>\n<script type=\"application\/ld+json\" class=\"yoast-schema-graph\">{\"@context\":\"https:\\\/\\\/schema.org\",\"@graph\":[{\"@type\":\"Article\",\"@id\":\"https:\\\/\\\/tdv.org\\\/tr-TR\\\/turkiye-diyanet-vakfinin-somalide-insa-ettigi-300-kisilik-mescidin-acilisi-yapildi\\\/#article\",\"isPartOf\":{\"@id\":\"https:\\\/\\\/tdv.org\\\/tr-TR\\\/turkiye-diyanet-vakfinin-somalide-insa-ettigi-300-kisilik-mescidin-acilisi-yapildi\\\/\"},\"author\":{\"name\":\"Mustafa Sunar\",\"@id\":\"https:\\\/\\\/tdv.org\\\/tr-TR\\\/#\\\/schema\\\/person\\\/59c31b2380b0fdfe778b0df2c86686c2\"},\"headline\":\"T\u00fcrkiye\u202fDiyanet\u202fVakf\u0131\u2019n\u0131n Somali&#8217;de in\u015fa etti\u011fi 300 ki\u015filik mescidin a\u00e7\u0131l\u0131\u015f\u0131 yap\u0131ld\u0131\",\"datePublished\":\"2026-02-25T07:37:08+00:00\",\"dateModified\":\"2026-03-03T07:33:10+00:00\",\"mainEntityOfPage\":{\"@id\":\"https:\\\/\\\/tdv.org\\\/tr-TR\\\/turkiye-diyanet-vakfinin-somalide-insa-ettigi-300-kisilik-mescidin-acilisi-yapildi\\\/\"},\"wordCount\":349,\"publisher\":{\"@id\":\"https:\\\/\\\/tdv.org\\\/tr-TR\\\/#organization\"},\"image\":{\"@id\":\"https:\\\/\\\/tdv.org\\\/tr-TR\\\/turkiye-diyanet-vakfinin-somalide-insa-ettigi-300-kisilik-mescidin-acilisi-yapildi\\\/#primaryimage\"},\"thumbnailUrl\":\"https:\\\/\\\/tdv.org\\\/tr-TR\\\/wp-content\\\/uploads\\\/2026\\\/02\\\/turkiye-diyanet-vakfinin-somali-de-insa-ettigi-300-kisilik-mescidin-acilisi-yapildi-9.jpg\",\"keywords\":[\"2026 Ramazan\",\"bir tu\u011fla da benim olsun\",\"Mescit\"],\"articleSection\":[\"Haberler\"],\"inLanguage\":\"tr\"},{\"@type\":\"WebPage\",\"@id\":\"https:\\\/\\\/tdv.org\\\/tr-TR\\\/turkiye-diyanet-vakfinin-somalide-insa-ettigi-300-kisilik-mescidin-acilisi-yapildi\\\/\",\"url\":\"https:\\\/\\\/tdv.org\\\/tr-TR\\\/turkiye-diyanet-vakfinin-somalide-insa-ettigi-300-kisilik-mescidin-acilisi-yapildi\\\/\",\"name\":\"T\u00fcrkiye\u202fDiyanet\u202fVakf\u0131\u2019n\u0131n Somali'de in\u015fa etti\u011fi 300 ki\u015filik mescidin a\u00e7\u0131l\u0131\u015f\u0131 yap\u0131ld\u0131\",\"isPartOf\":{\"@id\":\"https:\\\/\\\/tdv.org\\\/tr-TR\\\/#website\"},\"primaryImageOfPage\":{\"@id\":\"https:\\\/\\\/tdv.org\\\/tr-TR\\\/turkiye-diyanet-vakfinin-somalide-insa-ettigi-300-kisilik-mescidin-acilisi-yapildi\\\/#primaryimage\"},\"image\":{\"@id\":\"https:\\\/\\\/tdv.org\\\/tr-TR\\\/turkiye-diyanet-vakfinin-somalide-insa-ettigi-300-kisilik-mescidin-acilisi-yapildi\\\/#primaryimage\"},\"thumbnailUrl\":\"https:\\\/\\\/tdv.org\\\/tr-TR\\\/wp-content\\\/uploads\\\/2026\\\/02\\\/turkiye-diyanet-vakfinin-somali-de-insa-ettigi-300-kisilik-mescidin-acilisi-yapildi-9.jpg\",\"datePublished\":\"2026-02-25T07:37:08+00:00\",\"dateModified\":\"2026-03-03T07:33:10+00:00\",\"description\":\"Somali'nin ba\u015fkenti Mogadi\u015fu'da T\u00fcrkiye\u202fDiyanet\u202fVakf\u0131\u202f(TDV) taraf\u0131ndan yapt\u0131r\u0131lan mescit t\u00f6renle a\u00e7\u0131ld\u0131.\u00a0\",\"breadcrumb\":{\"@id\":\"https:\\\/\\\/tdv.org\\\/tr-TR\\\/turkiye-diyanet-vakfinin-somalide-insa-ettigi-300-kisilik-mescidin-acilisi-yapildi\\\/#breadcrumb\"},\"inLanguage\":\"tr\",\"potentialAction\":[{\"@type\":\"ReadAction\",\"target\":[\"https:\\\/\\\/tdv.org\\\/tr-TR\\\/turkiye-diyanet-vakfinin-somalide-insa-ettigi-300-kisilik-mescidin-acilisi-yapildi\\\/\"]}]},{\"@type\":\"ImageObject\",\"inLanguage\":\"tr\",\"@id\":\"https:\\\/\\\/tdv.org\\\/tr-TR\\\/turkiye-diyanet-vakfinin-somalide-insa-ettigi-300-kisilik-mescidin-acilisi-yapildi\\\/#primaryimage\",\"url\":\"https:\\\/\\\/tdv.org\\\/tr-TR\\\/wp-content\\\/uploads\\\/2026\\\/02\\\/turkiye-diyanet-vakfinin-somali-de-insa-ettigi-300-kisilik-mescidin-acilisi-yapildi-9.jpg\",\"contentUrl\":\"https:\\\/\\\/tdv.org\\\/tr-TR\\\/wp-content\\\/uploads\\\/2026\\\/02\\\/turkiye-diyanet-vakfinin-somali-de-insa-ettigi-300-kisilik-mescidin-acilisi-yapildi-9.jpg\",\"width\":1152,\"height\":768,\"caption\":\"T\u00fcrkiye\u202fDiyanet\u202fVakf\u0131\u2019n\u0131n Somali'de in\u015fa etti\u011fi 300 ki\u015filik mescidin a\u00e7\u0131l\u0131\u015f\u0131 yap\u0131ld\u0131, mescit , mescid yapt\u0131rmak, bir tu\u011flada benim olsun\"},{\"@type\":\"BreadcrumbList\",\"@id\":\"https:\\\/\\\/tdv.org\\\/tr-TR\\\/turkiye-diyanet-vakfinin-somalide-insa-ettigi-300-kisilik-mescidin-acilisi-yapildi\\\/#breadcrumb\",\"itemListElement\":[{\"@type\":\"ListItem\",\"position\":1,\"name\":\"Anasayfa\",\"item\":\"https:\\\/\\\/tdv.org\\\/tr-TR\\\/\"},{\"@type\":\"ListItem\",\"position\":2,\"name\":\"T\u00fcrkiye\u202fDiyanet\u202fVakf\u0131\u2019n\u0131n Somali&#8217;de in\u015fa etti\u011fi 300 ki\u015filik mescidin a\u00e7\u0131l\u0131\u015f\u0131 yap\u0131ld\u0131\"}]},{\"@type\":\"WebSite\",\"@id\":\"https:\\\/\\\/tdv.org\\\/tr-TR\\\/#website\",\"url\":\"https:\\\/\\\/tdv.org\\\/tr-TR\\\/\",\"name\":\"T\u00fcrkiye Diyanet Vakf\u0131 Resmi Web Sitesi\",\"description\":\"Yery\u00fcz\u00fcnde iyilik egemen oluncaya kadar\",\"publisher\":{\"@id\":\"https:\\\/\\\/tdv.org\\\/tr-TR\\\/#organization\"},\"alternateName\":\"T\u00fcrkiye Diyanet Vakf\u0131\",\"potentialAction\":[{\"@type\":\"SearchAction\",\"target\":{\"@type\":\"EntryPoint\",\"urlTemplate\":\"https:\\\/\\\/tdv.org\\\/tr-TR\\\/?s={search_term_string}\"},\"query-input\":{\"@type\":\"PropertyValueSpecification\",\"valueRequired\":true,\"valueName\":\"search_term_string\"}}],\"inLanguage\":\"tr\"},{\"@type\":\"Organization\",\"@id\":\"https:\\\/\\\/tdv.org\\\/tr-TR\\\/#organization\",\"name\":\"T\u00fcrkiye Diyanet Vakf\u0131\",\"alternateName\":\"T\u00fcrkiye Diyanet Vakf\u0131\",\"url\":\"https:\\\/\\\/tdv.org\\\/tr-TR\\\/\",\"logo\":{\"@type\":\"ImageObject\",\"inLanguage\":\"tr\",\"@id\":\"https:\\\/\\\/tdv.org\\\/tr-TR\\\/#\\\/schema\\\/logo\\\/image\\\/\",\"url\":\"https:\\\/\\\/tdv.org\\\/tr-TR\\\/wp-content\\\/uploads\\\/2018\\\/12\\\/TDV_Logo_1.png\",\"contentUrl\":\"https:\\\/\\\/tdv.org\\\/tr-TR\\\/wp-content\\\/uploads\\\/2018\\\/12\\\/TDV_Logo_1.png\",\"width\":207,\"height\":71,\"caption\":\"T\u00fcrkiye Diyanet Vakf\u0131\"},\"image\":{\"@id\":\"https:\\\/\\\/tdv.org\\\/tr-TR\\\/#\\\/schema\\\/logo\\\/image\\\/\"},\"sameAs\":[\"https:\\\/\\\/www.facebook.com\\\/Diyanetvakfi\\\/\",\"https:\\\/\\\/x.com\\\/DiyanetVakfi\",\"https:\\\/\\\/www.instagram.com\\\/turkiyediyanetvakfi\\\/\",\"https:\\\/\\\/www.youtube.com\\\/user\\\/TurkiyeDiyanetVakfi\"]},{\"@type\":\"Person\",\"@id\":\"https:\\\/\\\/tdv.org\\\/tr-TR\\\/#\\\/schema\\\/person\\\/59c31b2380b0fdfe778b0df2c86686c2\",\"name\":\"Mustafa Sunar\",\"image\":{\"@type\":\"ImageObject\",\"inLanguage\":\"tr\",\"@id\":\"https:\\\/\\\/tdv.org\\\/tr-TR\\\/wp-content\\\/litespeed\\\/avatar\\\/881966e14150a12f093f73848867e8e7.jpg?ver=1777627359\",\"url\":\"https:\\\/\\\/tdv.org\\\/tr-TR\\\/wp-content\\\/litespeed\\\/avatar\\\/881966e14150a12f093f73848867e8e7.jpg?ver=1777627359\",\"contentUrl\":\"https:\\\/\\\/tdv.org\\\/tr-TR\\\/wp-content\\\/litespeed\\\/avatar\\\/881966e14150a12f093f73848867e8e7.jpg?ver=1777627359\",\"caption\":\"Mustafa Sunar\"}}]}<\/script>\n<!-- \/ Yoast SEO plugin. -->","yoast_head_json":{"title":"T\u00fcrkiye\u202fDiyanet\u202fVakf\u0131\u2019n\u0131n Somali'de in\u015fa etti\u011fi 300 ki\u015filik mescidin a\u00e7\u0131l\u0131\u015f\u0131 yap\u0131ld\u0131","description":"Somali'nin ba\u015fkenti Mogadi\u015fu'da T\u00fcrkiye\u202fDiyanet\u202fVakf\u0131\u202f(TDV) taraf\u0131ndan yapt\u0131r\u0131lan mescit t\u00f6renle a\u00e7\u0131ld\u0131.\u00a0","robots":{"index":"index","follow":"follow","max-snippet":"max-snippet:-1","max-image-preview":"max-image-preview:large","max-video-preview":"max-video-preview:-1"},"canonical":"https:\/\/tdv.org\/tr-TR\/turkiye-diyanet-vakfinin-somalide-insa-ettigi-300-kisilik-mescidin-acilisi-yapildi\/","og_locale":"tr_TR","og_type":"article","og_title":"T\u00fcrkiye\u202fDiyanet\u202fVakf\u0131\u2019n\u0131n Somali'de in\u015fa etti\u011fi 300 ki\u015filik mescidin a\u00e7\u0131l\u0131\u015f\u0131 yap\u0131ld\u0131","og_description":"Somali'nin ba\u015fkenti Mogadi\u015fu'da T\u00fcrkiye\u202fDiyanet\u202fVakf\u0131\u202f(TDV) taraf\u0131ndan yapt\u0131r\u0131lan mescit t\u00f6renle a\u00e7\u0131ld\u0131.\u00a0","og_url":"https:\/\/tdv.org\/tr-TR\/turkiye-diyanet-vakfinin-somalide-insa-ettigi-300-kisilik-mescidin-acilisi-yapildi\/","og_site_name":"T\u00fcrkiye Diyanet Vakf\u0131 Resmi Web Sitesi","article_publisher":"https:\/\/www.facebook.com\/Diyanetvakfi\/","article_published_time":"2026-02-25T07:37:08+00:00","article_modified_time":"2026-03-03T07:33:10+00:00","og_image":[{"width":1152,"height":768,"url":"https:\/\/tdv.org\/tr-TR\/wp-content\/uploads\/2026\/02\/turkiye-diyanet-vakfinin-somali-de-insa-ettigi-300-kisilik-mescidin-acilisi-yapildi-9.jpg","type":"image\/jpeg"}],"author":"Mustafa Sunar","twitter_card":"summary_large_image","twitter_creator":"@DiyanetVakfi","twitter_site":"@DiyanetVakfi","schema":{"@context":"https:\/\/schema.org","@graph":[{"@type":"Article","@id":"https:\/\/tdv.org\/tr-TR\/turkiye-diyanet-vakfinin-somalide-insa-ettigi-300-kisilik-mescidin-acilisi-yapildi\/#article","isPartOf":{"@id":"https:\/\/tdv.org\/tr-TR\/turkiye-diyanet-vakfinin-somalide-insa-ettigi-300-kisilik-mescidin-acilisi-yapildi\/"},"author":{"name":"Mustafa Sunar","@id":"https:\/\/tdv.org\/tr-TR\/#\/schema\/person\/59c31b2380b0fdfe778b0df2c86686c2"},"headline":"T\u00fcrkiye\u202fDiyanet\u202fVakf\u0131\u2019n\u0131n Somali&#8217;de in\u015fa etti\u011fi 300 ki\u015filik mescidin a\u00e7\u0131l\u0131\u015f\u0131 yap\u0131ld\u0131","datePublished":"2026-02-25T07:37:08+00:00","dateModified":"2026-03-03T07:33:10+00:00","mainEntityOfPage":{"@id":"https:\/\/tdv.org\/tr-TR\/turkiye-diyanet-vakfinin-somalide-insa-ettigi-300-kisilik-mescidin-acilisi-yapildi\/"},"wordCount":349,"publisher":{"@id":"https:\/\/tdv.org\/tr-TR\/#organization"},"image":{"@id":"https:\/\/tdv.org\/tr-TR\/turkiye-diyanet-vakfinin-somalide-insa-ettigi-300-kisilik-mescidin-acilisi-yapildi\/#primaryimage"},"thumbnailUrl":"https:\/\/tdv.org\/tr-TR\/wp-content\/uploads\/2026\/02\/turkiye-diyanet-vakfinin-somali-de-insa-ettigi-300-kisilik-mescidin-acilisi-yapildi-9.jpg","keywords":["2026 Ramazan","bir tu\u011fla da benim olsun","Mescit"],"articleSection":["Haberler"],"inLanguage":"tr"},{"@type":"WebPage","@id":"https:\/\/tdv.org\/tr-TR\/turkiye-diyanet-vakfinin-somalide-insa-ettigi-300-kisilik-mescidin-acilisi-yapildi\/","url":"https:\/\/tdv.org\/tr-TR\/turkiye-diyanet-vakfinin-somalide-insa-ettigi-300-kisilik-mescidin-acilisi-yapildi\/","name":"T\u00fcrkiye\u202fDiyanet\u202fVakf\u0131\u2019n\u0131n Somali'de in\u015fa etti\u011fi 300 ki\u015filik mescidin a\u00e7\u0131l\u0131\u015f\u0131 yap\u0131ld\u0131","isPartOf":{"@id":"https:\/\/tdv.org\/tr-TR\/#website"},"primaryImageOfPage":{"@id":"https:\/\/tdv.org\/tr-TR\/turkiye-diyanet-vakfinin-somalide-insa-ettigi-300-kisilik-mescidin-acilisi-yapildi\/#primaryimage"},"image":{"@id":"https:\/\/tdv.org\/tr-TR\/turkiye-diyanet-vakfinin-somalide-insa-ettigi-300-kisilik-mescidin-acilisi-yapildi\/#primaryimage"},"thumbnailUrl":"https:\/\/tdv.org\/tr-TR\/wp-content\/uploads\/2026\/02\/turkiye-diyanet-vakfinin-somali-de-insa-ettigi-300-kisilik-mescidin-acilisi-yapildi-9.jpg","datePublished":"2026-02-25T07:37:08+00:00","dateModified":"2026-03-03T07:33:10+00:00","description":"Somali'nin ba\u015fkenti Mogadi\u015fu'da T\u00fcrkiye\u202fDiyanet\u202fVakf\u0131\u202f(TDV) taraf\u0131ndan yapt\u0131r\u0131lan mescit t\u00f6renle a\u00e7\u0131ld\u0131.\u00a0","breadcrumb":{"@id":"https:\/\/tdv.org\/tr-TR\/turkiye-diyanet-vakfinin-somalide-insa-ettigi-300-kisilik-mescidin-acilisi-yapildi\/#breadcrumb"},"inLanguage":"tr","potentialAction":[{"@type":"ReadAction","target":["https:\/\/tdv.org\/tr-TR\/turkiye-diyanet-vakfinin-somalide-insa-ettigi-300-kisilik-mescidin-acilisi-yapildi\/"]}]},{"@type":"ImageObject","inLanguage":"tr","@id":"https:\/\/tdv.org\/tr-TR\/turkiye-diyanet-vakfinin-somalide-insa-ettigi-300-kisilik-mescidin-acilisi-yapildi\/#primaryimage","url":"https:\/\/tdv.org\/tr-TR\/wp-content\/uploads\/2026\/02\/turkiye-diyanet-vakfinin-somali-de-insa-ettigi-300-kisilik-mescidin-acilisi-yapildi-9.jpg","contentUrl":"https:\/\/tdv.org\/tr-TR\/wp-content\/uploads\/2026\/02\/turkiye-diyanet-vakfinin-somali-de-insa-ettigi-300-kisilik-mescidin-acilisi-yapildi-9.jpg","width":1152,"height":768,"caption":"T\u00fcrkiye\u202fDiyanet\u202fVakf\u0131\u2019n\u0131n Somali'de in\u015fa etti\u011fi 300 ki\u015filik mescidin a\u00e7\u0131l\u0131\u015f\u0131 yap\u0131ld\u0131, mescit , mescid yapt\u0131rmak, bir tu\u011flada benim olsun"},{"@type":"BreadcrumbList","@id":"https:\/\/tdv.org\/tr-TR\/turkiye-diyanet-vakfinin-somalide-insa-ettigi-300-kisilik-mescidin-acilisi-yapildi\/#breadcrumb","itemListElement":[{"@type":"ListItem","position":1,"name":"Anasayfa","item":"https:\/\/tdv.org\/tr-TR\/"},{"@type":"ListItem","position":2,"name":"T\u00fcrkiye\u202fDiyanet\u202fVakf\u0131\u2019n\u0131n Somali&#8217;de in\u015fa etti\u011fi 300 ki\u015filik mescidin a\u00e7\u0131l\u0131\u015f\u0131 yap\u0131ld\u0131"}]},{"@type":"WebSite","@id":"https:\/\/tdv.org\/tr-TR\/#website","url":"https:\/\/tdv.org\/tr-TR\/","name":"T\u00fcrkiye Diyanet Vakf\u0131 Resmi Web Sitesi","description":"Yery\u00fcz\u00fcnde iyilik egemen oluncaya kadar","publisher":{"@id":"https:\/\/tdv.org\/tr-TR\/#organization"},"alternateName":"T\u00fcrkiye Diyanet Vakf\u0131","potentialAction":[{"@type":"SearchAction","target":{"@type":"EntryPoint","urlTemplate":"https:\/\/tdv.org\/tr-TR\/?s={search_term_string}"},"query-input":{"@type":"PropertyValueSpecification","valueRequired":true,"valueName":"search_term_string"}}],"inLanguage":"tr"},{"@type":"Organization","@id":"https:\/\/tdv.org\/tr-TR\/#organization","name":"T\u00fcrkiye Diyanet Vakf\u0131","alternateName":"T\u00fcrkiye Diyanet Vakf\u0131","url":"https:\/\/tdv.org\/tr-TR\/","logo":{"@type":"ImageObject","inLanguage":"tr","@id":"https:\/\/tdv.org\/tr-TR\/#\/schema\/logo\/image\/","url":"https:\/\/tdv.org\/tr-TR\/wp-content\/uploads\/2018\/12\/TDV_Logo_1.png","contentUrl":"https:\/\/tdv.org\/tr-TR\/wp-content\/uploads\/2018\/12\/TDV_Logo_1.png","width":207,"height":71,"caption":"T\u00fcrkiye Diyanet Vakf\u0131"},"image":{"@id":"https:\/\/tdv.org\/tr-TR\/#\/schema\/logo\/image\/"},"sameAs":["https:\/\/www.facebook.com\/Diyanetvakfi\/","https:\/\/x.com\/DiyanetVakfi","https:\/\/www.instagram.com\/turkiyediyanetvakfi\/","https:\/\/www.youtube.com\/user\/TurkiyeDiyanetVakfi"]},{"@type":"Person","@id":"https:\/\/tdv.org\/tr-TR\/#\/schema\/person\/59c31b2380b0fdfe778b0df2c86686c2","name":"Mustafa Sunar","image":{"@type":"ImageObject","inLanguage":"tr","@id":"https:\/\/tdv.org\/tr-TR\/wp-content\/litespeed\/avatar\/881966e14150a12f093f73848867e8e7.jpg?ver=1777627359","url":"https:\/\/tdv.org\/tr-TR\/wp-content\/litespeed\/avatar\/881966e14150a12f093f73848867e8e7.jpg?ver=1777627359","contentUrl":"https:\/\/tdv.org\/tr-TR\/wp-content\/litespeed\/avatar\/881966e14150a12f093f73848867e8e7.jpg?ver=1777627359","caption":"Mustafa Sunar"}}]}},"_links":{"self":[{"href":"https:\/\/tdv.org\/tr-TR\/wp-json\/wp\/v2\/posts\/55306","targetHints":{"allow":["GET"]}}],"collection":[{"href":"https:\/\/tdv.org\/tr-TR\/wp-json\/wp\/v2\/posts"}],"about":[{"href":"https:\/\/tdv.org\/tr-TR\/wp-json\/wp\/v2\/types\/post"}],"author":[{"embeddable":true,"href":"https:\/\/tdv.org\/tr-TR\/wp-json\/wp\/v2\/users\/14"}],"replies":[{"embeddable":true,"href":"https:\/\/tdv.org\/tr-TR\/wp-json\/wp\/v2\/comments?post=55306"}],"version-history":[{"count":4,"href":"https:\/\/tdv.org\/tr-TR\/wp-json\/wp\/v2\/posts\/55306\/revisions"}],"predecessor-version":[{"id":55829,"href":"https:\/\/tdv.org\/tr-TR\/wp-json\/wp\/v2\/posts\/55306\/revisions\/55829"}],"wp:featuredmedia":[{"embeddable":true,"href":"https:\/\/tdv.org\/tr-TR\/wp-json\/wp\/v2\/media\/55719"}],"wp:attachment":[{"href":"https:\/\/tdv.org\/tr-TR\/wp-json\/wp\/v2\/media?parent=55306"}],"wp:term":[{"taxonomy":"category","embeddable":true,"href":"https:\/\/tdv.org\/tr-TR\/wp-json\/wp\/v2\/categories?post=55306"},{"taxonomy":"post_tag","embeddable":true,"href":"https:\/\/tdv.org\/tr-TR\/wp-json\/wp\/v2\/tags?post=55306"}],"curies":[{"name":"wp","href":"https:\/\/api.w.org\/{rel}","templated":true}]}}