{"id":55320,"date":"2026-02-26T09:48:24","date_gmt":"2026-02-26T06:48:24","guid":{"rendered":"https:\/\/tdv.org\/tr-TR\/?p=55320"},"modified":"2026-04-10T14:15:48","modified_gmt":"2026-04-10T11:15:48","slug":"turkiye-diyanet-vakfi-tanzanyada-yetimlere-iftar-verdi","status":"publish","type":"post","link":"https:\/\/tdv.org\/tr-TR\/turkiye-diyanet-vakfi-tanzanyada-yetimlere-iftar-verdi\/","title":{"rendered":"T\u00fcrkiye Diyanet Vakf\u0131 Tanzanya&#8217;da yetimlere iftar verdi"},"content":{"rendered":"<p style=\"text-align: justify;\"><span data-contrast=\"none\">T\u00fcrkiye\u202fDiyanet\u202fVakf\u0131\u202f(TDV), Tanzanya&#8217;n\u0131n Dar Es Salaam kentinde 56 <a href=\"https:\/\/bagis.tdv.org\/#yetim\" target=\"_blank\" rel=\"noopener\">yetim<\/a> ve \u00f6ks\u00fcz \u00e7ocu\u011fun kat\u0131ld\u0131\u011f\u0131 <a href=\"https:\/\/bagis.tdv.org\/ramazan\/iftar-112\" target=\"_blank\" rel=\"noopener\">iftar<\/a> program\u0131 d\u00fczenledi.<\/span><span data-ccp-props=\"{&quot;134233118&quot;:true,&quot;201341983&quot;:2,&quot;335557856&quot;:16777215,&quot;335559740&quot;:390}\">\u00a0<\/span><\/p>\n<p style=\"text-align: justify;\"><span data-contrast=\"none\">TDV&#8217;nin\u00a0Chanika\u00a0beldesindeki Enderun E\u011fitim Merkezi bah\u00e7esinde d\u00fczenlenen <a href=\"https:\/\/bagis.tdv.org\/ramazan\/iftar-112\" target=\"_blank\" rel=\"noopener\">iftar<\/a> program\u0131nda, <a href=\"https:\/\/bagis.tdv.org\/kuran\/hediyem-kur-an-olsun-13\" target=\"_blank\" rel=\"noopener\">Kur&#8217;an-\u0131 Kerim<\/a> okundu ve dua edildi.<\/span><span data-ccp-props=\"{&quot;134233118&quot;:true,&quot;201341983&quot;:2,&quot;335557856&quot;:16777215,&quot;335559740&quot;:390}\">\u00a0<\/span><\/p>\n<p style=\"text-align: justify;\"><span data-contrast=\"none\">Dar Es Salaam B\u00fcy\u00fckel\u00e7ili\u011fi Din Hizmetleri M\u00fc\u015faviri Mehmet T\u00fcfek\u00e7io\u011flu ile\u202fDiyanet\u202f\u0130\u015fleri T\u00fcrk \u0130slam Birli\u011finin (D\u0130T\u0130B) Fransa ve Almanya&#8217;dan gelen \u00fcyelerinin de kat\u0131ld\u0131\u011f\u0131 programda, <a href=\"https:\/\/bagis.tdv.org\/#yetim\" target=\"_blank\" rel=\"noopener\">yetim<\/a> ve \u00f6ks\u00fcz \u00e7ocuklara \u00e7e\u015fitli hediyeler verildi.<\/span><span data-ccp-props=\"{&quot;134233118&quot;:true,&quot;201341983&quot;:2,&quot;335557856&quot;:16777215,&quot;335559740&quot;:390}\">\u00a0<\/span><\/p>\n<p style=\"text-align: justify;\"><span data-contrast=\"none\">TDV Yurt D\u0131\u015f\u0131 E\u011fitim Hizmetleri Uzman\u0131 Furkan Mustafa Ak\u00e7ak\u0131l, Vakf\u0131n 2026 y\u0131l\u0131 <a href=\"https:\/\/bagis.tdv.org\/#ramazan\" target=\"_blank\" rel=\"noopener\">ramazan<\/a> programlar\u0131 kapsam\u0131nda T\u00fcrkiye dahil 87 \u00fclkede yard\u0131m faaliyetinde bulundu\u011funu anlatt\u0131.<\/span><span data-ccp-props=\"{&quot;134233118&quot;:true,&quot;201341983&quot;:2,&quot;335557856&quot;:16777215,&quot;335559740&quot;:390}\">\u00a0<\/span><\/p>\n<p style=\"text-align: justify;\"><span data-contrast=\"none\">Tanzanya&#8217;da 5 farkl\u0131 \u015fehirde 38 farkl\u0131 lokasyonda yard\u0131m faaliyetleri ger\u00e7ekle\u015ftirdiklerini belirten Ak\u00e7ak\u0131l,\u202fvakf\u0131n bir s\u00fcre \u00f6nce faaliyete ge\u00e7irdi\u011fi merkezde 56 <a href=\"https:\/\/bagis.tdv.org\/#yetim\" target=\"_blank\" rel=\"noopener\">yetim<\/a> \u00f6\u011frenciyle bir araya geldiklerini s\u00f6yledi.<\/span><span data-ccp-props=\"{&quot;134233118&quot;:true,&quot;201341983&quot;:2,&quot;335557856&quot;:16777215,&quot;335559740&quot;:390}\">\u00a0<\/span><\/p>\n<p style=\"text-align: justify;\"><span data-contrast=\"none\">\u0130ftar program\u0131 \u00f6ncesinde b\u00f6lgede yard\u0131ma muhta\u00e7 ailelere 200 paket yard\u0131m paketi da\u011f\u0131tt\u0131klar\u0131n\u0131 ifade eden Ak\u00e7ak\u0131l, <a href=\"https:\/\/bagis.tdv.org\/#yetim\" target=\"_blank\" rel=\"noopener\">yetim<\/a> \u00f6\u011frencilerle g\u00fczel bir vakit ge\u00e7irdiklerini dile getirdi.<\/span><span data-ccp-props=\"{&quot;134233118&quot;:true,&quot;201341983&quot;:2,&quot;335557856&quot;:16777215,&quot;335559740&quot;:390}\">\u00a0<\/span><\/p>\n<p style=\"text-align: justify;\"><span data-contrast=\"none\">\u0130ftar\u0131n ger\u00e7ekle\u015ftirilmesinde eme\u011fi ge\u00e7en hay\u0131rseverlere te\u015fekk\u00fcr eden Ak\u00e7ak\u0131l, &#8220;Allah hay\u0131r yapan, ba\u011f\u0131\u015fta bulunan ve M\u00fcsl\u00fcman karde\u015flerini unutmayanlardan raz\u0131 olsun. <a href=\"https:\/\/bagis.tdv.org\/#yetim\" target=\"_blank\" rel=\"noopener\">Yetim<\/a>ler bizleri babalar\u0131 ve amcalar\u0131 gibi \u00e7ok seviyor. T\u00fcrklere kar\u015f\u0131 g\u00fczel bir sevgi ve muhabbetleri var. \u00d6\u011frencilerimizin t\u00fcm ihtiya\u00e7lar\u0131 gideriliyor.&#8221; dedi.<\/span><span data-ccp-props=\"{&quot;134233118&quot;:true,&quot;201341983&quot;:2,&quot;335557856&quot;:16777215,&quot;335559740&quot;:390}\">\u00a0<\/span><\/p>\n<p style=\"text-align: justify;\"><span data-contrast=\"none\">Ak\u00e7ak\u0131l, <a href=\"https:\/\/bagis.tdv.org\/#yetim\" target=\"_blank\" rel=\"noopener\">yetim<\/a> \u00f6\u011frencilerin e\u011fitim g\u00f6rd\u00fc\u011f\u00fc merkezin yap\u0131lmas\u0131nda eme\u011fi ge\u00e7en D\u0130T\u0130B M\u00fcnster B\u00f6lge Birli\u011fine te\u015fekk\u00fcr etti.<\/span><span data-ccp-props=\"{&quot;134233118&quot;:true,&quot;201341983&quot;:2,&quot;335557856&quot;:16777215,&quot;335559740&quot;:390}\">\u00a0<\/span><\/p>\n<p style=\"text-align: justify;\"><span data-contrast=\"none\">Program, \u00f6\u011frencilerin T\u00fcrk\u00e7e ve \u0130ngilizce ilahiler okumas\u0131n\u0131n ard\u0131ndan sona erdi.<\/span><span data-ccp-props=\"{&quot;134233118&quot;:true,&quot;201341983&quot;:2,&quot;335557856&quot;:16777215,&quot;335559740&quot;:390}\">\u00a0<\/span><\/p>\n\n\t\t<style type=\"text\/css\">\n\t\t\t#gallery-1 {\n\t\t\t\tmargin: auto;\n\t\t\t}\n\t\t\t#gallery-1 .gallery-item {\n\t\t\t\tfloat: left;\n\t\t\t\tmargin-top: 10px;\n\t\t\t\ttext-align: center;\n\t\t\t\twidth: 33%;\n\t\t\t}\n\t\t\t#gallery-1 img {\n\t\t\t\tborder: 2px solid #cfcfcf;\n\t\t\t}\n\t\t\t#gallery-1 .gallery-caption {\n\t\t\t\tmargin-left: 0;\n\t\t\t}\n\t\t\t\/* see gallery_shortcode() in wp-includes\/media.php *\/\n\t\t<\/style>\n\t\t<div id='gallery-1' class='gallery galleryid-55320 gallery-columns-3 gallery-size-large'><dl class='gallery-item'>\n\t\t\t<dt class='gallery-icon landscape'>\n\t\t\t\t<a href='https:\/\/tdv.org\/tr-TR\/wp-content\/uploads\/2026\/02\/turkiye-diyanet-vakfi-tanzanyada-yetimlere-iftar-verdi-1.jpg'><img decoding=\"async\" width=\"1024\" height=\"683\" src=\"https:\/\/tdv.org\/tr-TR\/wp-content\/uploads\/2026\/02\/turkiye-diyanet-vakfi-tanzanyada-yetimlere-iftar-verdi-1-1024x683.jpg\" class=\"attachment-large size-large\" alt=\"\" aria-describedby=\"gallery-1-55694\" srcset=\"https:\/\/tdv.org\/tr-TR\/wp-content\/uploads\/2026\/02\/turkiye-diyanet-vakfi-tanzanyada-yetimlere-iftar-verdi-1-1024x683.jpg 1024w, https:\/\/tdv.org\/tr-TR\/wp-content\/uploads\/2026\/02\/turkiye-diyanet-vakfi-tanzanyada-yetimlere-iftar-verdi-1-300x200.jpg 300w, https:\/\/tdv.org\/tr-TR\/wp-content\/uploads\/2026\/02\/turkiye-diyanet-vakfi-tanzanyada-yetimlere-iftar-verdi-1-768x512.jpg 768w, https:\/\/tdv.org\/tr-TR\/wp-content\/uploads\/2026\/02\/turkiye-diyanet-vakfi-tanzanyada-yetimlere-iftar-verdi-1-900x600.jpg 900w, https:\/\/tdv.org\/tr-TR\/wp-content\/uploads\/2026\/02\/turkiye-diyanet-vakfi-tanzanyada-yetimlere-iftar-verdi-1.jpg 1152w\" sizes=\"(max-width: 1024px) 100vw, 1024px\" \/><\/a>\n\t\t\t<\/dt>\n\t\t\t\t<dd class='wp-caption-text gallery-caption' id='gallery-1-55694'>\n\t\t\t\tT\u00fcrkiye Diyanet Vakf\u0131 Tanzanya\u2019da yetimlere iftar verdi, yetim , iftar, yetim iftar yeme\u011fi\n\t\t\t\t<\/dd><\/dl><dl class='gallery-item'>\n\t\t\t<dt class='gallery-icon landscape'>\n\t\t\t\t<a href='https:\/\/tdv.org\/tr-TR\/wp-content\/uploads\/2026\/02\/turkiye-diyanet-vakfi-tanzanyada-yetimlere-iftar-verdi-2.jpg'><img decoding=\"async\" width=\"1024\" height=\"683\" src=\"https:\/\/tdv.org\/tr-TR\/wp-content\/uploads\/2026\/02\/turkiye-diyanet-vakfi-tanzanyada-yetimlere-iftar-verdi-2-1024x683.jpg\" class=\"attachment-large size-large\" alt=\"\" aria-describedby=\"gallery-1-55695\" srcset=\"https:\/\/tdv.org\/tr-TR\/wp-content\/uploads\/2026\/02\/turkiye-diyanet-vakfi-tanzanyada-yetimlere-iftar-verdi-2-1024x683.jpg 1024w, https:\/\/tdv.org\/tr-TR\/wp-content\/uploads\/2026\/02\/turkiye-diyanet-vakfi-tanzanyada-yetimlere-iftar-verdi-2-300x200.jpg 300w, https:\/\/tdv.org\/tr-TR\/wp-content\/uploads\/2026\/02\/turkiye-diyanet-vakfi-tanzanyada-yetimlere-iftar-verdi-2-768x512.jpg 768w, https:\/\/tdv.org\/tr-TR\/wp-content\/uploads\/2026\/02\/turkiye-diyanet-vakfi-tanzanyada-yetimlere-iftar-verdi-2-900x600.jpg 900w, https:\/\/tdv.org\/tr-TR\/wp-content\/uploads\/2026\/02\/turkiye-diyanet-vakfi-tanzanyada-yetimlere-iftar-verdi-2.jpg 1152w\" sizes=\"(max-width: 1024px) 100vw, 1024px\" \/><\/a>\n\t\t\t<\/dt>\n\t\t\t\t<dd class='wp-caption-text gallery-caption' id='gallery-1-55695'>\n\t\t\t\tT\u00fcrkiye Diyanet Vakf\u0131 Tanzanya\u2019da yetimlere iftar verdi, yetim , iftar, yetim iftar yeme\u011fi\n\t\t\t\t<\/dd><\/dl><dl class='gallery-item'>\n\t\t\t<dt class='gallery-icon landscape'>\n\t\t\t\t<a href='https:\/\/tdv.org\/tr-TR\/wp-content\/uploads\/2026\/02\/turkiye-diyanet-vakfi-tanzanyada-yetimlere-iftar-verdi-3.jpg'><img decoding=\"async\" width=\"1024\" height=\"683\" src=\"https:\/\/tdv.org\/tr-TR\/wp-content\/uploads\/2026\/02\/turkiye-diyanet-vakfi-tanzanyada-yetimlere-iftar-verdi-3-1024x683.jpg\" class=\"attachment-large size-large\" alt=\"\" aria-describedby=\"gallery-1-55696\" srcset=\"https:\/\/tdv.org\/tr-TR\/wp-content\/uploads\/2026\/02\/turkiye-diyanet-vakfi-tanzanyada-yetimlere-iftar-verdi-3-1024x683.jpg 1024w, https:\/\/tdv.org\/tr-TR\/wp-content\/uploads\/2026\/02\/turkiye-diyanet-vakfi-tanzanyada-yetimlere-iftar-verdi-3-300x200.jpg 300w, https:\/\/tdv.org\/tr-TR\/wp-content\/uploads\/2026\/02\/turkiye-diyanet-vakfi-tanzanyada-yetimlere-iftar-verdi-3-768x512.jpg 768w, https:\/\/tdv.org\/tr-TR\/wp-content\/uploads\/2026\/02\/turkiye-diyanet-vakfi-tanzanyada-yetimlere-iftar-verdi-3-900x600.jpg 900w, https:\/\/tdv.org\/tr-TR\/wp-content\/uploads\/2026\/02\/turkiye-diyanet-vakfi-tanzanyada-yetimlere-iftar-verdi-3.jpg 1152w\" sizes=\"(max-width: 1024px) 100vw, 1024px\" \/><\/a>\n\t\t\t<\/dt>\n\t\t\t\t<dd class='wp-caption-text gallery-caption' id='gallery-1-55696'>\n\t\t\t\tT\u00fcrkiye Diyanet Vakf\u0131 Tanzanya\u2019da yetimlere iftar verdi, yetim , iftar, yetim iftar yeme\u011fi\n\t\t\t\t<\/dd><\/dl><br style=\"clear: both\" \/><dl class='gallery-item'>\n\t\t\t<dt class='gallery-icon landscape'>\n\t\t\t\t<a href='https:\/\/tdv.org\/tr-TR\/wp-content\/uploads\/2026\/02\/turkiye-diyanet-vakfi-tanzanyada-yetimlere-iftar-verdi-4.jpg'><img decoding=\"async\" width=\"1024\" height=\"683\" src=\"https:\/\/tdv.org\/tr-TR\/wp-content\/uploads\/2026\/02\/turkiye-diyanet-vakfi-tanzanyada-yetimlere-iftar-verdi-4-1024x683.jpg\" class=\"attachment-large size-large\" alt=\"\" aria-describedby=\"gallery-1-55697\" srcset=\"https:\/\/tdv.org\/tr-TR\/wp-content\/uploads\/2026\/02\/turkiye-diyanet-vakfi-tanzanyada-yetimlere-iftar-verdi-4-1024x683.jpg 1024w, https:\/\/tdv.org\/tr-TR\/wp-content\/uploads\/2026\/02\/turkiye-diyanet-vakfi-tanzanyada-yetimlere-iftar-verdi-4-300x200.jpg 300w, https:\/\/tdv.org\/tr-TR\/wp-content\/uploads\/2026\/02\/turkiye-diyanet-vakfi-tanzanyada-yetimlere-iftar-verdi-4-768x512.jpg 768w, https:\/\/tdv.org\/tr-TR\/wp-content\/uploads\/2026\/02\/turkiye-diyanet-vakfi-tanzanyada-yetimlere-iftar-verdi-4-900x600.jpg 900w, https:\/\/tdv.org\/tr-TR\/wp-content\/uploads\/2026\/02\/turkiye-diyanet-vakfi-tanzanyada-yetimlere-iftar-verdi-4.jpg 1152w\" sizes=\"(max-width: 1024px) 100vw, 1024px\" \/><\/a>\n\t\t\t<\/dt>\n\t\t\t\t<dd class='wp-caption-text gallery-caption' id='gallery-1-55697'>\n\t\t\t\tT\u00fcrkiye Diyanet Vakf\u0131 Tanzanya\u2019da yetimlere iftar verdi, yetim , iftar, yetim iftar yeme\u011fi\n\t\t\t\t<\/dd><\/dl>\n\t\t\t<br style='clear: both' \/>\n\t\t<\/div>\n\n","protected":false},"excerpt":{"rendered":"<p>T\u00fcrkiye\u202fDiyanet\u202fVakf\u0131\u202f(TDV), Tanzanya&#8217;n\u0131n Dar Es Salaam kentinde 56 yetim ve \u00f6ks\u00fcz \u00e7ocu\u011fun kat\u0131ld\u0131\u011f\u0131 iftar program\u0131 d\u00fczenledi.\u00a0 TDV&#8217;nin\u00a0Chanika\u00a0beldesindeki Enderun E\u011fitim Merkezi bah\u00e7esinde d\u00fczenlenen iftar program\u0131nda, Kur&#8217;an-\u0131 Kerim okundu ve dua edildi.\u00a0 Dar&#8230;<\/p>\n","protected":false},"author":14,"featured_media":55695,"comment_status":"closed","ping_status":"closed","sticky":false,"template":"","format":"standard","meta":{"footnotes":""},"categories":[1],"tags":[2470,119,2108,697,1244,1276,114,2263,1238],"class_list":{"0":"post-55320","1":"post","2":"type-post","3":"status-publish","4":"format-standard","5":"has-post-thumbnail","7":"category-haberler","8":"tag-2026-ramazan","9":"tag-iftar","10":"tag-iftar-cadiri","11":"tag-iftar-paketi","12":"tag-iftarlik","13":"tag-unutursan-yetim-kalir","14":"tag-yetim","15":"tag-yetim-bagisi","16":"tag-yetimhane"},"yoast_head":"<!-- This site is optimized with the Yoast SEO plugin v27.5 - https:\/\/yoast.com\/product\/yoast-seo-wordpress\/ -->\n<title>T\u00fcrkiye Diyanet Vakf\u0131 Tanzanya&#039;da yetimlere iftar verdi<\/title>\n<meta name=\"description\" content=\"T\u00fcrkiye\u202fDiyanet\u202fVakf\u0131\u202f(TDV), Tanzanya&#039;n\u0131n Dar Es Salaam kentinde 56 yetim ve \u00f6ks\u00fcz \u00e7ocu\u011fun kat\u0131ld\u0131\u011f\u0131 iftar program\u0131 d\u00fczenledi.\u00a0\" \/>\n<meta name=\"robots\" content=\"index, follow, max-snippet:-1, max-image-preview:large, max-video-preview:-1\" \/>\n<link rel=\"canonical\" href=\"https:\/\/tdv.org\/tr-TR\/turkiye-diyanet-vakfi-tanzanyada-yetimlere-iftar-verdi\/\" \/>\n<meta property=\"og:locale\" content=\"tr_TR\" \/>\n<meta property=\"og:type\" content=\"article\" \/>\n<meta property=\"og:title\" content=\"T\u00fcrkiye Diyanet Vakf\u0131 Tanzanya&#039;da yetimlere iftar verdi\" \/>\n<meta property=\"og:description\" content=\"T\u00fcrkiye\u202fDiyanet\u202fVakf\u0131\u202f(TDV), Tanzanya&#039;n\u0131n Dar Es Salaam kentinde 56 yetim ve \u00f6ks\u00fcz \u00e7ocu\u011fun kat\u0131ld\u0131\u011f\u0131 iftar program\u0131 d\u00fczenledi.\u00a0\" \/>\n<meta property=\"og:url\" content=\"https:\/\/tdv.org\/tr-TR\/turkiye-diyanet-vakfi-tanzanyada-yetimlere-iftar-verdi\/\" \/>\n<meta property=\"og:site_name\" content=\"T\u00fcrkiye Diyanet Vakf\u0131 Resmi Web Sitesi\" \/>\n<meta property=\"article:publisher\" content=\"https:\/\/www.facebook.com\/Diyanetvakfi\/\" \/>\n<meta property=\"article:published_time\" content=\"2026-02-26T06:48:24+00:00\" \/>\n<meta property=\"article:modified_time\" content=\"2026-04-10T11:15:48+00:00\" \/>\n<meta property=\"og:image\" content=\"https:\/\/tdv.org\/tr-TR\/wp-content\/uploads\/2026\/02\/turkiye-diyanet-vakfi-tanzanyada-yetimlere-iftar-verdi-2.jpg\" \/>\n\t<meta property=\"og:image:width\" content=\"1152\" \/>\n\t<meta property=\"og:image:height\" content=\"768\" \/>\n\t<meta property=\"og:image:type\" content=\"image\/jpeg\" \/>\n<meta name=\"author\" content=\"Mustafa Sunar\" \/>\n<meta name=\"twitter:card\" content=\"summary_large_image\" \/>\n<meta name=\"twitter:creator\" content=\"@DiyanetVakfi\" \/>\n<meta name=\"twitter:site\" content=\"@DiyanetVakfi\" \/>\n<script type=\"application\/ld+json\" class=\"yoast-schema-graph\">{\"@context\":\"https:\\\/\\\/schema.org\",\"@graph\":[{\"@type\":\"Article\",\"@id\":\"https:\\\/\\\/tdv.org\\\/tr-TR\\\/turkiye-diyanet-vakfi-tanzanyada-yetimlere-iftar-verdi\\\/#article\",\"isPartOf\":{\"@id\":\"https:\\\/\\\/tdv.org\\\/tr-TR\\\/turkiye-diyanet-vakfi-tanzanyada-yetimlere-iftar-verdi\\\/\"},\"author\":{\"name\":\"Mustafa Sunar\",\"@id\":\"https:\\\/\\\/tdv.org\\\/tr-TR\\\/#\\\/schema\\\/person\\\/59c31b2380b0fdfe778b0df2c86686c2\"},\"headline\":\"T\u00fcrkiye Diyanet Vakf\u0131 Tanzanya&#8217;da yetimlere iftar verdi\",\"datePublished\":\"2026-02-26T06:48:24+00:00\",\"dateModified\":\"2026-04-10T11:15:48+00:00\",\"mainEntityOfPage\":{\"@id\":\"https:\\\/\\\/tdv.org\\\/tr-TR\\\/turkiye-diyanet-vakfi-tanzanyada-yetimlere-iftar-verdi\\\/\"},\"wordCount\":308,\"publisher\":{\"@id\":\"https:\\\/\\\/tdv.org\\\/tr-TR\\\/#organization\"},\"image\":{\"@id\":\"https:\\\/\\\/tdv.org\\\/tr-TR\\\/turkiye-diyanet-vakfi-tanzanyada-yetimlere-iftar-verdi\\\/#primaryimage\"},\"thumbnailUrl\":\"https:\\\/\\\/tdv.org\\\/tr-TR\\\/wp-content\\\/uploads\\\/2026\\\/02\\\/turkiye-diyanet-vakfi-tanzanyada-yetimlere-iftar-verdi-2.jpg\",\"keywords\":[\"2026 Ramazan\",\"iftar\",\"iftar \u00e7ad\u0131r\u0131\",\"iftar paketi\",\"iftarl\u0131k\",\"unutursan yetim kal\u0131r\",\"Yetim\",\"Yetim Ba\u011f\u0131\u015f\u0131\",\"yetimhane\"],\"articleSection\":[\"Haberler\"],\"inLanguage\":\"tr\"},{\"@type\":\"WebPage\",\"@id\":\"https:\\\/\\\/tdv.org\\\/tr-TR\\\/turkiye-diyanet-vakfi-tanzanyada-yetimlere-iftar-verdi\\\/\",\"url\":\"https:\\\/\\\/tdv.org\\\/tr-TR\\\/turkiye-diyanet-vakfi-tanzanyada-yetimlere-iftar-verdi\\\/\",\"name\":\"T\u00fcrkiye Diyanet Vakf\u0131 Tanzanya'da yetimlere iftar verdi\",\"isPartOf\":{\"@id\":\"https:\\\/\\\/tdv.org\\\/tr-TR\\\/#website\"},\"primaryImageOfPage\":{\"@id\":\"https:\\\/\\\/tdv.org\\\/tr-TR\\\/turkiye-diyanet-vakfi-tanzanyada-yetimlere-iftar-verdi\\\/#primaryimage\"},\"image\":{\"@id\":\"https:\\\/\\\/tdv.org\\\/tr-TR\\\/turkiye-diyanet-vakfi-tanzanyada-yetimlere-iftar-verdi\\\/#primaryimage\"},\"thumbnailUrl\":\"https:\\\/\\\/tdv.org\\\/tr-TR\\\/wp-content\\\/uploads\\\/2026\\\/02\\\/turkiye-diyanet-vakfi-tanzanyada-yetimlere-iftar-verdi-2.jpg\",\"datePublished\":\"2026-02-26T06:48:24+00:00\",\"dateModified\":\"2026-04-10T11:15:48+00:00\",\"description\":\"T\u00fcrkiye\u202fDiyanet\u202fVakf\u0131\u202f(TDV), Tanzanya'n\u0131n Dar Es Salaam kentinde 56 yetim ve \u00f6ks\u00fcz \u00e7ocu\u011fun kat\u0131ld\u0131\u011f\u0131 iftar program\u0131 d\u00fczenledi.\u00a0\",\"breadcrumb\":{\"@id\":\"https:\\\/\\\/tdv.org\\\/tr-TR\\\/turkiye-diyanet-vakfi-tanzanyada-yetimlere-iftar-verdi\\\/#breadcrumb\"},\"inLanguage\":\"tr\",\"potentialAction\":[{\"@type\":\"ReadAction\",\"target\":[\"https:\\\/\\\/tdv.org\\\/tr-TR\\\/turkiye-diyanet-vakfi-tanzanyada-yetimlere-iftar-verdi\\\/\"]}]},{\"@type\":\"ImageObject\",\"inLanguage\":\"tr\",\"@id\":\"https:\\\/\\\/tdv.org\\\/tr-TR\\\/turkiye-diyanet-vakfi-tanzanyada-yetimlere-iftar-verdi\\\/#primaryimage\",\"url\":\"https:\\\/\\\/tdv.org\\\/tr-TR\\\/wp-content\\\/uploads\\\/2026\\\/02\\\/turkiye-diyanet-vakfi-tanzanyada-yetimlere-iftar-verdi-2.jpg\",\"contentUrl\":\"https:\\\/\\\/tdv.org\\\/tr-TR\\\/wp-content\\\/uploads\\\/2026\\\/02\\\/turkiye-diyanet-vakfi-tanzanyada-yetimlere-iftar-verdi-2.jpg\",\"width\":1152,\"height\":768,\"caption\":\"T\u00fcrkiye Diyanet Vakf\u0131 Tanzanya\u2019da yetimlere iftar verdi, yetim , iftar, yetim iftar yeme\u011fi\"},{\"@type\":\"BreadcrumbList\",\"@id\":\"https:\\\/\\\/tdv.org\\\/tr-TR\\\/turkiye-diyanet-vakfi-tanzanyada-yetimlere-iftar-verdi\\\/#breadcrumb\",\"itemListElement\":[{\"@type\":\"ListItem\",\"position\":1,\"name\":\"Anasayfa\",\"item\":\"https:\\\/\\\/tdv.org\\\/tr-TR\\\/\"},{\"@type\":\"ListItem\",\"position\":2,\"name\":\"T\u00fcrkiye Diyanet Vakf\u0131 Tanzanya&#8217;da yetimlere iftar verdi\"}]},{\"@type\":\"WebSite\",\"@id\":\"https:\\\/\\\/tdv.org\\\/tr-TR\\\/#website\",\"url\":\"https:\\\/\\\/tdv.org\\\/tr-TR\\\/\",\"name\":\"T\u00fcrkiye Diyanet Vakf\u0131 Resmi Web Sitesi\",\"description\":\"Yery\u00fcz\u00fcnde iyilik egemen oluncaya kadar\",\"publisher\":{\"@id\":\"https:\\\/\\\/tdv.org\\\/tr-TR\\\/#organization\"},\"alternateName\":\"T\u00fcrkiye Diyanet Vakf\u0131\",\"potentialAction\":[{\"@type\":\"SearchAction\",\"target\":{\"@type\":\"EntryPoint\",\"urlTemplate\":\"https:\\\/\\\/tdv.org\\\/tr-TR\\\/?s={search_term_string}\"},\"query-input\":{\"@type\":\"PropertyValueSpecification\",\"valueRequired\":true,\"valueName\":\"search_term_string\"}}],\"inLanguage\":\"tr\"},{\"@type\":\"Organization\",\"@id\":\"https:\\\/\\\/tdv.org\\\/tr-TR\\\/#organization\",\"name\":\"T\u00fcrkiye Diyanet Vakf\u0131\",\"alternateName\":\"T\u00fcrkiye Diyanet Vakf\u0131\",\"url\":\"https:\\\/\\\/tdv.org\\\/tr-TR\\\/\",\"logo\":{\"@type\":\"ImageObject\",\"inLanguage\":\"tr\",\"@id\":\"https:\\\/\\\/tdv.org\\\/tr-TR\\\/#\\\/schema\\\/logo\\\/image\\\/\",\"url\":\"https:\\\/\\\/tdv.org\\\/tr-TR\\\/wp-content\\\/uploads\\\/2018\\\/12\\\/TDV_Logo_1.png\",\"contentUrl\":\"https:\\\/\\\/tdv.org\\\/tr-TR\\\/wp-content\\\/uploads\\\/2018\\\/12\\\/TDV_Logo_1.png\",\"width\":207,\"height\":71,\"caption\":\"T\u00fcrkiye Diyanet Vakf\u0131\"},\"image\":{\"@id\":\"https:\\\/\\\/tdv.org\\\/tr-TR\\\/#\\\/schema\\\/logo\\\/image\\\/\"},\"sameAs\":[\"https:\\\/\\\/www.facebook.com\\\/Diyanetvakfi\\\/\",\"https:\\\/\\\/x.com\\\/DiyanetVakfi\",\"https:\\\/\\\/www.instagram.com\\\/turkiyediyanetvakfi\\\/\",\"https:\\\/\\\/www.youtube.com\\\/user\\\/TurkiyeDiyanetVakfi\"]},{\"@type\":\"Person\",\"@id\":\"https:\\\/\\\/tdv.org\\\/tr-TR\\\/#\\\/schema\\\/person\\\/59c31b2380b0fdfe778b0df2c86686c2\",\"name\":\"Mustafa Sunar\",\"image\":{\"@type\":\"ImageObject\",\"inLanguage\":\"tr\",\"@id\":\"https:\\\/\\\/tdv.org\\\/tr-TR\\\/wp-content\\\/litespeed\\\/avatar\\\/881966e14150a12f093f73848867e8e7.jpg?ver=1777627359\",\"url\":\"https:\\\/\\\/tdv.org\\\/tr-TR\\\/wp-content\\\/litespeed\\\/avatar\\\/881966e14150a12f093f73848867e8e7.jpg?ver=1777627359\",\"contentUrl\":\"https:\\\/\\\/tdv.org\\\/tr-TR\\\/wp-content\\\/litespeed\\\/avatar\\\/881966e14150a12f093f73848867e8e7.jpg?ver=1777627359\",\"caption\":\"Mustafa Sunar\"}}]}<\/script>\n<!-- \/ Yoast SEO plugin. -->","yoast_head_json":{"title":"T\u00fcrkiye Diyanet Vakf\u0131 Tanzanya'da yetimlere iftar verdi","description":"T\u00fcrkiye\u202fDiyanet\u202fVakf\u0131\u202f(TDV), Tanzanya'n\u0131n Dar Es Salaam kentinde 56 yetim ve \u00f6ks\u00fcz \u00e7ocu\u011fun kat\u0131ld\u0131\u011f\u0131 iftar program\u0131 d\u00fczenledi.\u00a0","robots":{"index":"index","follow":"follow","max-snippet":"max-snippet:-1","max-image-preview":"max-image-preview:large","max-video-preview":"max-video-preview:-1"},"canonical":"https:\/\/tdv.org\/tr-TR\/turkiye-diyanet-vakfi-tanzanyada-yetimlere-iftar-verdi\/","og_locale":"tr_TR","og_type":"article","og_title":"T\u00fcrkiye Diyanet Vakf\u0131 Tanzanya'da yetimlere iftar verdi","og_description":"T\u00fcrkiye\u202fDiyanet\u202fVakf\u0131\u202f(TDV), Tanzanya'n\u0131n Dar Es Salaam kentinde 56 yetim ve \u00f6ks\u00fcz \u00e7ocu\u011fun kat\u0131ld\u0131\u011f\u0131 iftar program\u0131 d\u00fczenledi.\u00a0","og_url":"https:\/\/tdv.org\/tr-TR\/turkiye-diyanet-vakfi-tanzanyada-yetimlere-iftar-verdi\/","og_site_name":"T\u00fcrkiye Diyanet Vakf\u0131 Resmi Web Sitesi","article_publisher":"https:\/\/www.facebook.com\/Diyanetvakfi\/","article_published_time":"2026-02-26T06:48:24+00:00","article_modified_time":"2026-04-10T11:15:48+00:00","og_image":[{"width":1152,"height":768,"url":"https:\/\/tdv.org\/tr-TR\/wp-content\/uploads\/2026\/02\/turkiye-diyanet-vakfi-tanzanyada-yetimlere-iftar-verdi-2.jpg","type":"image\/jpeg"}],"author":"Mustafa Sunar","twitter_card":"summary_large_image","twitter_creator":"@DiyanetVakfi","twitter_site":"@DiyanetVakfi","schema":{"@context":"https:\/\/schema.org","@graph":[{"@type":"Article","@id":"https:\/\/tdv.org\/tr-TR\/turkiye-diyanet-vakfi-tanzanyada-yetimlere-iftar-verdi\/#article","isPartOf":{"@id":"https:\/\/tdv.org\/tr-TR\/turkiye-diyanet-vakfi-tanzanyada-yetimlere-iftar-verdi\/"},"author":{"name":"Mustafa Sunar","@id":"https:\/\/tdv.org\/tr-TR\/#\/schema\/person\/59c31b2380b0fdfe778b0df2c86686c2"},"headline":"T\u00fcrkiye Diyanet Vakf\u0131 Tanzanya&#8217;da yetimlere iftar verdi","datePublished":"2026-02-26T06:48:24+00:00","dateModified":"2026-04-10T11:15:48+00:00","mainEntityOfPage":{"@id":"https:\/\/tdv.org\/tr-TR\/turkiye-diyanet-vakfi-tanzanyada-yetimlere-iftar-verdi\/"},"wordCount":308,"publisher":{"@id":"https:\/\/tdv.org\/tr-TR\/#organization"},"image":{"@id":"https:\/\/tdv.org\/tr-TR\/turkiye-diyanet-vakfi-tanzanyada-yetimlere-iftar-verdi\/#primaryimage"},"thumbnailUrl":"https:\/\/tdv.org\/tr-TR\/wp-content\/uploads\/2026\/02\/turkiye-diyanet-vakfi-tanzanyada-yetimlere-iftar-verdi-2.jpg","keywords":["2026 Ramazan","iftar","iftar \u00e7ad\u0131r\u0131","iftar paketi","iftarl\u0131k","unutursan yetim kal\u0131r","Yetim","Yetim Ba\u011f\u0131\u015f\u0131","yetimhane"],"articleSection":["Haberler"],"inLanguage":"tr"},{"@type":"WebPage","@id":"https:\/\/tdv.org\/tr-TR\/turkiye-diyanet-vakfi-tanzanyada-yetimlere-iftar-verdi\/","url":"https:\/\/tdv.org\/tr-TR\/turkiye-diyanet-vakfi-tanzanyada-yetimlere-iftar-verdi\/","name":"T\u00fcrkiye Diyanet Vakf\u0131 Tanzanya'da yetimlere iftar verdi","isPartOf":{"@id":"https:\/\/tdv.org\/tr-TR\/#website"},"primaryImageOfPage":{"@id":"https:\/\/tdv.org\/tr-TR\/turkiye-diyanet-vakfi-tanzanyada-yetimlere-iftar-verdi\/#primaryimage"},"image":{"@id":"https:\/\/tdv.org\/tr-TR\/turkiye-diyanet-vakfi-tanzanyada-yetimlere-iftar-verdi\/#primaryimage"},"thumbnailUrl":"https:\/\/tdv.org\/tr-TR\/wp-content\/uploads\/2026\/02\/turkiye-diyanet-vakfi-tanzanyada-yetimlere-iftar-verdi-2.jpg","datePublished":"2026-02-26T06:48:24+00:00","dateModified":"2026-04-10T11:15:48+00:00","description":"T\u00fcrkiye\u202fDiyanet\u202fVakf\u0131\u202f(TDV), Tanzanya'n\u0131n Dar Es Salaam kentinde 56 yetim ve \u00f6ks\u00fcz \u00e7ocu\u011fun kat\u0131ld\u0131\u011f\u0131 iftar program\u0131 d\u00fczenledi.\u00a0","breadcrumb":{"@id":"https:\/\/tdv.org\/tr-TR\/turkiye-diyanet-vakfi-tanzanyada-yetimlere-iftar-verdi\/#breadcrumb"},"inLanguage":"tr","potentialAction":[{"@type":"ReadAction","target":["https:\/\/tdv.org\/tr-TR\/turkiye-diyanet-vakfi-tanzanyada-yetimlere-iftar-verdi\/"]}]},{"@type":"ImageObject","inLanguage":"tr","@id":"https:\/\/tdv.org\/tr-TR\/turkiye-diyanet-vakfi-tanzanyada-yetimlere-iftar-verdi\/#primaryimage","url":"https:\/\/tdv.org\/tr-TR\/wp-content\/uploads\/2026\/02\/turkiye-diyanet-vakfi-tanzanyada-yetimlere-iftar-verdi-2.jpg","contentUrl":"https:\/\/tdv.org\/tr-TR\/wp-content\/uploads\/2026\/02\/turkiye-diyanet-vakfi-tanzanyada-yetimlere-iftar-verdi-2.jpg","width":1152,"height":768,"caption":"T\u00fcrkiye Diyanet Vakf\u0131 Tanzanya\u2019da yetimlere iftar verdi, yetim , iftar, yetim iftar yeme\u011fi"},{"@type":"BreadcrumbList","@id":"https:\/\/tdv.org\/tr-TR\/turkiye-diyanet-vakfi-tanzanyada-yetimlere-iftar-verdi\/#breadcrumb","itemListElement":[{"@type":"ListItem","position":1,"name":"Anasayfa","item":"https:\/\/tdv.org\/tr-TR\/"},{"@type":"ListItem","position":2,"name":"T\u00fcrkiye Diyanet Vakf\u0131 Tanzanya&#8217;da yetimlere iftar verdi"}]},{"@type":"WebSite","@id":"https:\/\/tdv.org\/tr-TR\/#website","url":"https:\/\/tdv.org\/tr-TR\/","name":"T\u00fcrkiye Diyanet Vakf\u0131 Resmi Web Sitesi","description":"Yery\u00fcz\u00fcnde iyilik egemen oluncaya kadar","publisher":{"@id":"https:\/\/tdv.org\/tr-TR\/#organization"},"alternateName":"T\u00fcrkiye Diyanet Vakf\u0131","potentialAction":[{"@type":"SearchAction","target":{"@type":"EntryPoint","urlTemplate":"https:\/\/tdv.org\/tr-TR\/?s={search_term_string}"},"query-input":{"@type":"PropertyValueSpecification","valueRequired":true,"valueName":"search_term_string"}}],"inLanguage":"tr"},{"@type":"Organization","@id":"https:\/\/tdv.org\/tr-TR\/#organization","name":"T\u00fcrkiye Diyanet Vakf\u0131","alternateName":"T\u00fcrkiye Diyanet Vakf\u0131","url":"https:\/\/tdv.org\/tr-TR\/","logo":{"@type":"ImageObject","inLanguage":"tr","@id":"https:\/\/tdv.org\/tr-TR\/#\/schema\/logo\/image\/","url":"https:\/\/tdv.org\/tr-TR\/wp-content\/uploads\/2018\/12\/TDV_Logo_1.png","contentUrl":"https:\/\/tdv.org\/tr-TR\/wp-content\/uploads\/2018\/12\/TDV_Logo_1.png","width":207,"height":71,"caption":"T\u00fcrkiye Diyanet Vakf\u0131"},"image":{"@id":"https:\/\/tdv.org\/tr-TR\/#\/schema\/logo\/image\/"},"sameAs":["https:\/\/www.facebook.com\/Diyanetvakfi\/","https:\/\/x.com\/DiyanetVakfi","https:\/\/www.instagram.com\/turkiyediyanetvakfi\/","https:\/\/www.youtube.com\/user\/TurkiyeDiyanetVakfi"]},{"@type":"Person","@id":"https:\/\/tdv.org\/tr-TR\/#\/schema\/person\/59c31b2380b0fdfe778b0df2c86686c2","name":"Mustafa Sunar","image":{"@type":"ImageObject","inLanguage":"tr","@id":"https:\/\/tdv.org\/tr-TR\/wp-content\/litespeed\/avatar\/881966e14150a12f093f73848867e8e7.jpg?ver=1777627359","url":"https:\/\/tdv.org\/tr-TR\/wp-content\/litespeed\/avatar\/881966e14150a12f093f73848867e8e7.jpg?ver=1777627359","contentUrl":"https:\/\/tdv.org\/tr-TR\/wp-content\/litespeed\/avatar\/881966e14150a12f093f73848867e8e7.jpg?ver=1777627359","caption":"Mustafa Sunar"}}]}},"_links":{"self":[{"href":"https:\/\/tdv.org\/tr-TR\/wp-json\/wp\/v2\/posts\/55320","targetHints":{"allow":["GET"]}}],"collection":[{"href":"https:\/\/tdv.org\/tr-TR\/wp-json\/wp\/v2\/posts"}],"about":[{"href":"https:\/\/tdv.org\/tr-TR\/wp-json\/wp\/v2\/types\/post"}],"author":[{"embeddable":true,"href":"https:\/\/tdv.org\/tr-TR\/wp-json\/wp\/v2\/users\/14"}],"replies":[{"embeddable":true,"href":"https:\/\/tdv.org\/tr-TR\/wp-json\/wp\/v2\/comments?post=55320"}],"version-history":[{"count":5,"href":"https:\/\/tdv.org\/tr-TR\/wp-json\/wp\/v2\/posts\/55320\/revisions"}],"predecessor-version":[{"id":55835,"href":"https:\/\/tdv.org\/tr-TR\/wp-json\/wp\/v2\/posts\/55320\/revisions\/55835"}],"wp:featuredmedia":[{"embeddable":true,"href":"https:\/\/tdv.org\/tr-TR\/wp-json\/wp\/v2\/media\/55695"}],"wp:attachment":[{"href":"https:\/\/tdv.org\/tr-TR\/wp-json\/wp\/v2\/media?parent=55320"}],"wp:term":[{"taxonomy":"category","embeddable":true,"href":"https:\/\/tdv.org\/tr-TR\/wp-json\/wp\/v2\/categories?post=55320"},{"taxonomy":"post_tag","embeddable":true,"href":"https:\/\/tdv.org\/tr-TR\/wp-json\/wp\/v2\/tags?post=55320"}],"curies":[{"name":"wp","href":"https:\/\/api.w.org\/{rel}","templated":true}]}}