{"id":55326,"date":"2026-02-26T09:58:05","date_gmt":"2026-02-26T06:58:05","guid":{"rendered":"https:\/\/tdv.org\/tr-TR\/?p=55326"},"modified":"2026-03-03T10:38:10","modified_gmt":"2026-03-03T07:38:10","slug":"turkiye-diyanet-vakfi-freetownda-iftar-verdi","status":"publish","type":"post","link":"https:\/\/tdv.org\/tr-TR\/turkiye-diyanet-vakfi-freetownda-iftar-verdi\/","title":{"rendered":"T\u00fcrkiye\u202fDiyanet\u202fVakf\u0131\u202fFreetown&#8217;da iftar verdi"},"content":{"rendered":"<p style=\"text-align: justify;\"><span data-contrast=\"none\">T\u00fcrkiye\u202fDiyanet\u202fVakf\u0131\u202f(TDV), Sierra Leone&#8217;nin ba\u015fkenti\u00a0Freetown&#8217;da\u00a0<a href=\"https:\/\/bagis.tdv.org\/ramazan\/iftar-112\" target=\"_blank\" rel=\"noopener\">iftar<\/a> program\u0131 d\u00fczenledi.<\/span><span data-ccp-props=\"{&quot;134233118&quot;:true,&quot;201341983&quot;:2,&quot;335557856&quot;:16777215,&quot;335559740&quot;:390}\">\u00a0<\/span><\/p>\n<p style=\"text-align: justify;\"><span data-contrast=\"none\">Afrika&#8217;da <a href=\"https:\/\/bagis.tdv.org\/#ramazan\" target=\"_blank\" rel=\"noopener\">ramazan<\/a> programlar\u0131na devam eden TDV, Freetown&#8217;da vatanda\u015flar\u0131 <a href=\"https:\/\/bagis.tdv.org\/ramazan\/iftar-112\" target=\"_blank\" rel=\"noopener\">iftar<\/a> sofras\u0131nda bulu\u015fturdu.<\/span><span data-ccp-props=\"{&quot;134233118&quot;:true,&quot;201341983&quot;:2,&quot;335557856&quot;:16777215,&quot;335559740&quot;:390}\">\u00a0<\/span><\/p>\n<p style=\"text-align: justify;\"><span data-contrast=\"none\"><a href=\"https:\/\/bagis.tdv.org\/ramazan\/iftar-112\" target=\"_blank\" rel=\"noopener\">\u0130ftar<\/a> program\u0131na, Sierra Leone Gen\u00e7lik \u0130\u015fleri Bakan\u0131 \u0130brahim Sannoh, T\u00fcrkiye&#8217;nin Sierra Leone B\u00fcy\u00fckel\u00e7isi Yusuf Burak Rende, T\u00fcrk \u0130\u015fbirli\u011fi ve Koordinasyon Ajans\u0131<\/span><span data-contrast=\"none\">\u200b\u200b\u200b\u200b\u200b\u200b\u200b<\/span><span data-contrast=\"none\">\u00a0Ba\u015fkanl\u0131\u011f\u0131 (T\u0130KA)\u00a0Freetown\u00a0Koordinat\u00f6r\u00fc\u00a0Mirzet\u00a0M\u00fcezzino\u011flu, TDV Ekip Sorumlusu Esen Ali Duman, g\u00f6n\u00fcll\u00fcler, g\u00f6revliler ve b\u00f6lge halk\u0131 kat\u0131ld\u0131.<\/span><span data-ccp-props=\"{&quot;134233118&quot;:true,&quot;201341983&quot;:2,&quot;335557856&quot;:16777215,&quot;335559740&quot;:390}\">\u00a0<\/span><\/p>\n<p style=\"text-align: justify;\"><span data-contrast=\"none\"><a href=\"https:\/\/bagis.tdv.org\/ramazan\/iftar-112\" target=\"_blank\" rel=\"noopener\">\u0130ftar<\/a> sonras\u0131 a\u00e7\u0131klamalarda bulunan Bakan Sannoh, ilk defa b\u00f6yle bir organizasyona kat\u0131ld\u0131\u011f\u0131n\u0131 ve \u00e7ok mutlu oldu\u011funu s\u00f6yledi.<\/span><span data-ccp-props=\"{&quot;134233118&quot;:true,&quot;201341983&quot;:2,&quot;335557856&quot;:16777215,&quot;335559740&quot;:390}\">\u00a0<\/span><\/p>\n<p style=\"text-align: justify;\"><span data-contrast=\"none\">B\u00fcy\u00fckel\u00e7i Rende, etkinli\u011fe b\u00f6lgeden bir\u00e7ok gencin kat\u0131ld\u0131\u011f\u0131n\u0131 belirterek, \u015funlar\u0131 kaydetti:<\/span><span data-ccp-props=\"{&quot;134233118&quot;:true,&quot;201341983&quot;:2,&quot;335557856&quot;:16777215,&quot;335559740&quot;:390}\">\u00a0<\/span><\/p>\n<p style=\"text-align: justify;\"><span data-contrast=\"none\">&#8220;<a href=\"https:\/\/bagis.tdv.org\/#ramazan\" target=\"_blank\" rel=\"noopener\">Ramazan<\/a>\u0131n ilk g\u00fcnlerinde bir araya gelmek Sierra Leoneliler i\u00e7in \u00e7ok \u00f6nemli. T\u00fcrkiye-Sierra Leone dostlu\u011funu hepimize hat\u0131rlat\u0131yor. Bunun da \u00f6tesinde ayn\u0131 duygular ve inan\u00e7la, ayn\u0131 de\u011ferlerle birlikte nas\u0131l ilerleyece\u011fiz onu hat\u0131rlat\u0131yor. Burada herkes \u00e7ok mutlu, eme\u011fi ge\u00e7en herkese te\u015fekk\u00fcr ediyorum.&#8221;<\/span><span data-ccp-props=\"{&quot;134233118&quot;:true,&quot;201341983&quot;:2,&quot;335557856&quot;:16777215,&quot;335559740&quot;:390}\">\u00a0<\/span><\/p>\n<p style=\"text-align: justify;\"><span data-contrast=\"none\">TDV Ekip Sorumlusu Duman da hay\u0131rseverlerin ba\u011f\u0131\u015flar\u0131n\u0131 ula\u015ft\u0131rmak i\u00e7in faaliyetleri y\u00fcr\u00fctt\u00fcklerini, 250 ki\u015fiyle birlikte <a href=\"https:\/\/bagis.tdv.org\/ramazan\/iftar-112\" target=\"_blank\" rel=\"noopener\">iftar<\/a> yapmaktan mutluluk duyduklar\u0131n\u0131 ifade etti.<\/span><span data-ccp-props=\"{&quot;134233118&quot;:true,&quot;201341983&quot;:2,&quot;335557856&quot;:16777215,&quot;335559740&quot;:390}\">\u00a0<\/span><\/p>\n\n\t\t<style type=\"text\/css\">\n\t\t\t#gallery-1 {\n\t\t\t\tmargin: auto;\n\t\t\t}\n\t\t\t#gallery-1 .gallery-item {\n\t\t\t\tfloat: left;\n\t\t\t\tmargin-top: 10px;\n\t\t\t\ttext-align: center;\n\t\t\t\twidth: 33%;\n\t\t\t}\n\t\t\t#gallery-1 img {\n\t\t\t\tborder: 2px solid #cfcfcf;\n\t\t\t}\n\t\t\t#gallery-1 .gallery-caption {\n\t\t\t\tmargin-left: 0;\n\t\t\t}\n\t\t\t\/* see gallery_shortcode() in wp-includes\/media.php *\/\n\t\t<\/style>\n\t\t<div id='gallery-1' class='gallery galleryid-55326 gallery-columns-3 gallery-size-large'><dl class='gallery-item'>\n\t\t\t<dt class='gallery-icon landscape'>\n\t\t\t\t<a href='https:\/\/tdv.org\/tr-TR\/wp-content\/uploads\/2026\/02\/turkiye-diyanet-vakfi-freetownda-iftar-verdi-1.jpg'><img decoding=\"async\" width=\"1024\" height=\"768\" src=\"https:\/\/tdv.org\/tr-TR\/wp-content\/uploads\/2026\/02\/turkiye-diyanet-vakfi-freetownda-iftar-verdi-1.jpg\" class=\"attachment-large size-large\" alt=\"\" aria-describedby=\"gallery-1-55683\" srcset=\"https:\/\/tdv.org\/tr-TR\/wp-content\/uploads\/2026\/02\/turkiye-diyanet-vakfi-freetownda-iftar-verdi-1.jpg 1024w, https:\/\/tdv.org\/tr-TR\/wp-content\/uploads\/2026\/02\/turkiye-diyanet-vakfi-freetownda-iftar-verdi-1-300x225.jpg 300w, https:\/\/tdv.org\/tr-TR\/wp-content\/uploads\/2026\/02\/turkiye-diyanet-vakfi-freetownda-iftar-verdi-1-768x576.jpg 768w\" sizes=\"(max-width: 1024px) 100vw, 1024px\" \/><\/a>\n\t\t\t<\/dt>\n\t\t\t\t<dd class='wp-caption-text gallery-caption' id='gallery-1-55683'>\n\t\t\t\tT\u00fcrkiye\u202fDiyanet\u202fVakf\u0131\u202fFreetown\u2019da iftar verdi, iftar , iftar yeme\u011fi,\n\t\t\t\t<\/dd><\/dl><dl class='gallery-item'>\n\t\t\t<dt class='gallery-icon landscape'>\n\t\t\t\t<a href='https:\/\/tdv.org\/tr-TR\/wp-content\/uploads\/2026\/02\/turkiye-diyanet-vakfi-freetownda-iftar-verdi-2.jpg'><img decoding=\"async\" width=\"1024\" height=\"683\" src=\"https:\/\/tdv.org\/tr-TR\/wp-content\/uploads\/2026\/02\/turkiye-diyanet-vakfi-freetownda-iftar-verdi-2-1024x683.jpg\" class=\"attachment-large size-large\" alt=\"\" aria-describedby=\"gallery-1-55684\" srcset=\"https:\/\/tdv.org\/tr-TR\/wp-content\/uploads\/2026\/02\/turkiye-diyanet-vakfi-freetownda-iftar-verdi-2-1024x683.jpg 1024w, https:\/\/tdv.org\/tr-TR\/wp-content\/uploads\/2026\/02\/turkiye-diyanet-vakfi-freetownda-iftar-verdi-2-300x200.jpg 300w, https:\/\/tdv.org\/tr-TR\/wp-content\/uploads\/2026\/02\/turkiye-diyanet-vakfi-freetownda-iftar-verdi-2-768x512.jpg 768w, https:\/\/tdv.org\/tr-TR\/wp-content\/uploads\/2026\/02\/turkiye-diyanet-vakfi-freetownda-iftar-verdi-2-900x600.jpg 900w, https:\/\/tdv.org\/tr-TR\/wp-content\/uploads\/2026\/02\/turkiye-diyanet-vakfi-freetownda-iftar-verdi-2.jpg 1152w\" sizes=\"(max-width: 1024px) 100vw, 1024px\" \/><\/a>\n\t\t\t<\/dt>\n\t\t\t\t<dd class='wp-caption-text gallery-caption' id='gallery-1-55684'>\n\t\t\t\tT\u00fcrkiye\u202fDiyanet\u202fVakf\u0131\u202fFreetown\u2019da iftar verdi, iftar , iftar yeme\u011fi,\n\t\t\t\t<\/dd><\/dl><dl class='gallery-item'>\n\t\t\t<dt class='gallery-icon landscape'>\n\t\t\t\t<a href='https:\/\/tdv.org\/tr-TR\/wp-content\/uploads\/2026\/02\/turkiye-diyanet-vakfi-freetownda-iftar-verdi-3.jpg'><img decoding=\"async\" width=\"1024\" height=\"683\" src=\"https:\/\/tdv.org\/tr-TR\/wp-content\/uploads\/2026\/02\/turkiye-diyanet-vakfi-freetownda-iftar-verdi-3-1024x683.jpg\" class=\"attachment-large size-large\" alt=\"\" aria-describedby=\"gallery-1-55685\" srcset=\"https:\/\/tdv.org\/tr-TR\/wp-content\/uploads\/2026\/02\/turkiye-diyanet-vakfi-freetownda-iftar-verdi-3-1024x683.jpg 1024w, https:\/\/tdv.org\/tr-TR\/wp-content\/uploads\/2026\/02\/turkiye-diyanet-vakfi-freetownda-iftar-verdi-3-300x200.jpg 300w, https:\/\/tdv.org\/tr-TR\/wp-content\/uploads\/2026\/02\/turkiye-diyanet-vakfi-freetownda-iftar-verdi-3-768x512.jpg 768w, https:\/\/tdv.org\/tr-TR\/wp-content\/uploads\/2026\/02\/turkiye-diyanet-vakfi-freetownda-iftar-verdi-3-900x600.jpg 900w, https:\/\/tdv.org\/tr-TR\/wp-content\/uploads\/2026\/02\/turkiye-diyanet-vakfi-freetownda-iftar-verdi-3.jpg 1152w\" sizes=\"(max-width: 1024px) 100vw, 1024px\" \/><\/a>\n\t\t\t<\/dt>\n\t\t\t\t<dd class='wp-caption-text gallery-caption' id='gallery-1-55685'>\n\t\t\t\tT\u00fcrkiye\u202fDiyanet\u202fVakf\u0131\u202fFreetown\u2019da iftar verdi, iftar , iftar yeme\u011fi,\n\t\t\t\t<\/dd><\/dl><br style=\"clear: both\" \/><dl class='gallery-item'>\n\t\t\t<dt class='gallery-icon landscape'>\n\t\t\t\t<a href='https:\/\/tdv.org\/tr-TR\/wp-content\/uploads\/2026\/02\/turkiye-diyanet-vakfi-freetownda-iftar-verdi-4.jpg'><img decoding=\"async\" width=\"1024\" height=\"683\" src=\"https:\/\/tdv.org\/tr-TR\/wp-content\/uploads\/2026\/02\/turkiye-diyanet-vakfi-freetownda-iftar-verdi-4-1024x683.jpg\" class=\"attachment-large size-large\" alt=\"\" aria-describedby=\"gallery-1-55686\" srcset=\"https:\/\/tdv.org\/tr-TR\/wp-content\/uploads\/2026\/02\/turkiye-diyanet-vakfi-freetownda-iftar-verdi-4-1024x683.jpg 1024w, https:\/\/tdv.org\/tr-TR\/wp-content\/uploads\/2026\/02\/turkiye-diyanet-vakfi-freetownda-iftar-verdi-4-300x200.jpg 300w, https:\/\/tdv.org\/tr-TR\/wp-content\/uploads\/2026\/02\/turkiye-diyanet-vakfi-freetownda-iftar-verdi-4-768x512.jpg 768w, https:\/\/tdv.org\/tr-TR\/wp-content\/uploads\/2026\/02\/turkiye-diyanet-vakfi-freetownda-iftar-verdi-4-900x600.jpg 900w, https:\/\/tdv.org\/tr-TR\/wp-content\/uploads\/2026\/02\/turkiye-diyanet-vakfi-freetownda-iftar-verdi-4.jpg 1152w\" sizes=\"(max-width: 1024px) 100vw, 1024px\" \/><\/a>\n\t\t\t<\/dt>\n\t\t\t\t<dd class='wp-caption-text gallery-caption' id='gallery-1-55686'>\n\t\t\t\tT\u00fcrkiye\u202fDiyanet\u202fVakf\u0131\u202fFreetown\u2019da iftar verdi, iftar , iftar yeme\u011fi,\n\t\t\t\t<\/dd><\/dl><dl class='gallery-item'>\n\t\t\t<dt class='gallery-icon landscape'>\n\t\t\t\t<a href='https:\/\/tdv.org\/tr-TR\/wp-content\/uploads\/2026\/02\/turkiye-diyanet-vakfi-freetownda-iftar-verdi-5.jpg'><img decoding=\"async\" width=\"1024\" height=\"683\" src=\"https:\/\/tdv.org\/tr-TR\/wp-content\/uploads\/2026\/02\/turkiye-diyanet-vakfi-freetownda-iftar-verdi-5-1024x683.jpg\" class=\"attachment-large size-large\" alt=\"\" aria-describedby=\"gallery-1-55687\" srcset=\"https:\/\/tdv.org\/tr-TR\/wp-content\/uploads\/2026\/02\/turkiye-diyanet-vakfi-freetownda-iftar-verdi-5-1024x683.jpg 1024w, https:\/\/tdv.org\/tr-TR\/wp-content\/uploads\/2026\/02\/turkiye-diyanet-vakfi-freetownda-iftar-verdi-5-300x200.jpg 300w, https:\/\/tdv.org\/tr-TR\/wp-content\/uploads\/2026\/02\/turkiye-diyanet-vakfi-freetownda-iftar-verdi-5-768x512.jpg 768w, https:\/\/tdv.org\/tr-TR\/wp-content\/uploads\/2026\/02\/turkiye-diyanet-vakfi-freetownda-iftar-verdi-5-900x600.jpg 900w, https:\/\/tdv.org\/tr-TR\/wp-content\/uploads\/2026\/02\/turkiye-diyanet-vakfi-freetownda-iftar-verdi-5.jpg 1152w\" sizes=\"(max-width: 1024px) 100vw, 1024px\" \/><\/a>\n\t\t\t<\/dt>\n\t\t\t\t<dd class='wp-caption-text gallery-caption' id='gallery-1-55687'>\n\t\t\t\tT\u00fcrkiye\u202fDiyanet\u202fVakf\u0131\u202fFreetown\u2019da iftar verdi, iftar , iftar yeme\u011fi,\n\t\t\t\t<\/dd><\/dl><dl class='gallery-item'>\n\t\t\t<dt class='gallery-icon landscape'>\n\t\t\t\t<a href='https:\/\/tdv.org\/tr-TR\/wp-content\/uploads\/2026\/02\/turkiye-diyanet-vakfi-freetownda-iftar-verdi-6.jpg'><img decoding=\"async\" width=\"1024\" height=\"683\" src=\"https:\/\/tdv.org\/tr-TR\/wp-content\/uploads\/2026\/02\/turkiye-diyanet-vakfi-freetownda-iftar-verdi-6-1024x683.jpg\" class=\"attachment-large size-large\" alt=\"\" aria-describedby=\"gallery-1-55688\" srcset=\"https:\/\/tdv.org\/tr-TR\/wp-content\/uploads\/2026\/02\/turkiye-diyanet-vakfi-freetownda-iftar-verdi-6-1024x683.jpg 1024w, https:\/\/tdv.org\/tr-TR\/wp-content\/uploads\/2026\/02\/turkiye-diyanet-vakfi-freetownda-iftar-verdi-6-300x200.jpg 300w, https:\/\/tdv.org\/tr-TR\/wp-content\/uploads\/2026\/02\/turkiye-diyanet-vakfi-freetownda-iftar-verdi-6-768x512.jpg 768w, https:\/\/tdv.org\/tr-TR\/wp-content\/uploads\/2026\/02\/turkiye-diyanet-vakfi-freetownda-iftar-verdi-6-900x600.jpg 900w, https:\/\/tdv.org\/tr-TR\/wp-content\/uploads\/2026\/02\/turkiye-diyanet-vakfi-freetownda-iftar-verdi-6.jpg 1152w\" sizes=\"(max-width: 1024px) 100vw, 1024px\" \/><\/a>\n\t\t\t<\/dt>\n\t\t\t\t<dd class='wp-caption-text gallery-caption' id='gallery-1-55688'>\n\t\t\t\tT\u00fcrkiye\u202fDiyanet\u202fVakf\u0131\u202fFreetown\u2019da iftar verdi, iftar , iftar yeme\u011fi,\n\t\t\t\t<\/dd><\/dl><br style=\"clear: both\" \/><dl class='gallery-item'>\n\t\t\t<dt class='gallery-icon landscape'>\n\t\t\t\t<a href='https:\/\/tdv.org\/tr-TR\/wp-content\/uploads\/2026\/02\/turkiye-diyanet-vakfi-freetownda-iftar-verdi-7.jpg'><img decoding=\"async\" width=\"1024\" height=\"683\" src=\"https:\/\/tdv.org\/tr-TR\/wp-content\/uploads\/2026\/02\/turkiye-diyanet-vakfi-freetownda-iftar-verdi-7-1024x683.jpg\" class=\"attachment-large size-large\" alt=\"\" aria-describedby=\"gallery-1-55689\" srcset=\"https:\/\/tdv.org\/tr-TR\/wp-content\/uploads\/2026\/02\/turkiye-diyanet-vakfi-freetownda-iftar-verdi-7-1024x683.jpg 1024w, https:\/\/tdv.org\/tr-TR\/wp-content\/uploads\/2026\/02\/turkiye-diyanet-vakfi-freetownda-iftar-verdi-7-300x200.jpg 300w, https:\/\/tdv.org\/tr-TR\/wp-content\/uploads\/2026\/02\/turkiye-diyanet-vakfi-freetownda-iftar-verdi-7-768x512.jpg 768w, https:\/\/tdv.org\/tr-TR\/wp-content\/uploads\/2026\/02\/turkiye-diyanet-vakfi-freetownda-iftar-verdi-7-900x600.jpg 900w, https:\/\/tdv.org\/tr-TR\/wp-content\/uploads\/2026\/02\/turkiye-diyanet-vakfi-freetownda-iftar-verdi-7.jpg 1152w\" sizes=\"(max-width: 1024px) 100vw, 1024px\" \/><\/a>\n\t\t\t<\/dt>\n\t\t\t\t<dd class='wp-caption-text gallery-caption' id='gallery-1-55689'>\n\t\t\t\tT\u00fcrkiye\u202fDiyanet\u202fVakf\u0131\u202fFreetown\u2019da iftar verdi, iftar , iftar yeme\u011fi,\n\t\t\t\t<\/dd><\/dl><dl class='gallery-item'>\n\t\t\t<dt class='gallery-icon landscape'>\n\t\t\t\t<a href='https:\/\/tdv.org\/tr-TR\/wp-content\/uploads\/2026\/02\/turkiye-diyanet-vakfi-freetownda-iftar-verdi-8.jpg'><img decoding=\"async\" width=\"1024\" height=\"768\" src=\"https:\/\/tdv.org\/tr-TR\/wp-content\/uploads\/2026\/02\/turkiye-diyanet-vakfi-freetownda-iftar-verdi-8.jpg\" class=\"attachment-large size-large\" alt=\"\" aria-describedby=\"gallery-1-55690\" srcset=\"https:\/\/tdv.org\/tr-TR\/wp-content\/uploads\/2026\/02\/turkiye-diyanet-vakfi-freetownda-iftar-verdi-8.jpg 1024w, https:\/\/tdv.org\/tr-TR\/wp-content\/uploads\/2026\/02\/turkiye-diyanet-vakfi-freetownda-iftar-verdi-8-300x225.jpg 300w, https:\/\/tdv.org\/tr-TR\/wp-content\/uploads\/2026\/02\/turkiye-diyanet-vakfi-freetownda-iftar-verdi-8-768x576.jpg 768w\" sizes=\"(max-width: 1024px) 100vw, 1024px\" \/><\/a>\n\t\t\t<\/dt>\n\t\t\t\t<dd class='wp-caption-text gallery-caption' id='gallery-1-55690'>\n\t\t\t\tT\u00fcrkiye\u202fDiyanet\u202fVakf\u0131\u202fFreetown\u2019da iftar verdi, iftar , iftar yeme\u011fi,\n\t\t\t\t<\/dd><\/dl>\n\t\t\t<br style='clear: both' \/>\n\t\t<\/div>\n\n","protected":false},"excerpt":{"rendered":"<p>T\u00fcrkiye\u202fDiyanet\u202fVakf\u0131\u202f(TDV), Sierra Leone&#8217;nin ba\u015fkenti\u00a0Freetown&#8217;da\u00a0iftar program\u0131 d\u00fczenledi.\u00a0 Afrika&#8217;da ramazan programlar\u0131na devam eden TDV, Freetown&#8217;da vatanda\u015flar\u0131 iftar sofras\u0131nda bulu\u015fturdu.\u00a0 \u0130ftar program\u0131na, Sierra Leone Gen\u00e7lik \u0130\u015fleri Bakan\u0131 \u0130brahim Sannoh, T\u00fcrkiye&#8217;nin Sierra Leone B\u00fcy\u00fckel\u00e7isi&#8230;<\/p>\n","protected":false},"author":14,"featured_media":55683,"comment_status":"closed","ping_status":"closed","sticky":false,"template":"","format":"standard","meta":{"footnotes":""},"categories":[1],"tags":[2470,119,1774,2108,697,1244],"class_list":{"0":"post-55326","1":"post","2":"type-post","3":"status-publish","4":"format-standard","5":"has-post-thumbnail","7":"category-haberler","8":"tag-2026-ramazan","9":"tag-iftar","10":"tag-iftar-bulismasi","11":"tag-iftar-cadiri","12":"tag-iftar-paketi","13":"tag-iftarlik"},"yoast_head":"<!-- This site is optimized with the Yoast SEO plugin v27.5 - https:\/\/yoast.com\/product\/yoast-seo-wordpress\/ -->\n<title>T\u00fcrkiye\u202fDiyanet\u202fVakf\u0131\u202fFreetown&#039;da iftar verdi<\/title>\n<meta name=\"description\" content=\"T\u00fcrkiye\u202fDiyanet\u202fVakf\u0131\u202f(TDV), Sierra Leone&#039;nin ba\u015fkenti\u00a0Freetown&#039;da\u00a0iftar program\u0131 d\u00fczenledi.\u00a0\" \/>\n<meta name=\"robots\" content=\"index, follow, max-snippet:-1, max-image-preview:large, max-video-preview:-1\" \/>\n<link rel=\"canonical\" href=\"https:\/\/tdv.org\/tr-TR\/turkiye-diyanet-vakfi-freetownda-iftar-verdi\/\" \/>\n<meta property=\"og:locale\" content=\"tr_TR\" \/>\n<meta property=\"og:type\" content=\"article\" \/>\n<meta property=\"og:title\" content=\"T\u00fcrkiye\u202fDiyanet\u202fVakf\u0131\u202fFreetown&#039;da iftar verdi\" \/>\n<meta property=\"og:description\" content=\"T\u00fcrkiye\u202fDiyanet\u202fVakf\u0131\u202f(TDV), Sierra Leone&#039;nin ba\u015fkenti\u00a0Freetown&#039;da\u00a0iftar program\u0131 d\u00fczenledi.\u00a0\" \/>\n<meta property=\"og:url\" content=\"https:\/\/tdv.org\/tr-TR\/turkiye-diyanet-vakfi-freetownda-iftar-verdi\/\" \/>\n<meta property=\"og:site_name\" content=\"T\u00fcrkiye Diyanet Vakf\u0131 Resmi Web Sitesi\" \/>\n<meta property=\"article:publisher\" content=\"https:\/\/www.facebook.com\/Diyanetvakfi\/\" \/>\n<meta property=\"article:published_time\" content=\"2026-02-26T06:58:05+00:00\" \/>\n<meta property=\"article:modified_time\" content=\"2026-03-03T07:38:10+00:00\" \/>\n<meta property=\"og:image\" content=\"https:\/\/tdv.org\/tr-TR\/wp-content\/uploads\/2026\/02\/turkiye-diyanet-vakfi-freetownda-iftar-verdi-1.jpg\" \/>\n\t<meta property=\"og:image:width\" content=\"1024\" \/>\n\t<meta property=\"og:image:height\" content=\"768\" \/>\n\t<meta property=\"og:image:type\" content=\"image\/jpeg\" \/>\n<meta name=\"author\" content=\"Mustafa Sunar\" \/>\n<meta name=\"twitter:card\" content=\"summary_large_image\" \/>\n<meta name=\"twitter:creator\" content=\"@DiyanetVakfi\" \/>\n<meta name=\"twitter:site\" content=\"@DiyanetVakfi\" \/>\n<script type=\"application\/ld+json\" class=\"yoast-schema-graph\">{\"@context\":\"https:\\\/\\\/schema.org\",\"@graph\":[{\"@type\":\"Article\",\"@id\":\"https:\\\/\\\/tdv.org\\\/tr-TR\\\/turkiye-diyanet-vakfi-freetownda-iftar-verdi\\\/#article\",\"isPartOf\":{\"@id\":\"https:\\\/\\\/tdv.org\\\/tr-TR\\\/turkiye-diyanet-vakfi-freetownda-iftar-verdi\\\/\"},\"author\":{\"name\":\"Mustafa Sunar\",\"@id\":\"https:\\\/\\\/tdv.org\\\/tr-TR\\\/#\\\/schema\\\/person\\\/59c31b2380b0fdfe778b0df2c86686c2\"},\"headline\":\"T\u00fcrkiye\u202fDiyanet\u202fVakf\u0131\u202fFreetown&#8217;da iftar verdi\",\"datePublished\":\"2026-02-26T06:58:05+00:00\",\"dateModified\":\"2026-03-03T07:38:10+00:00\",\"mainEntityOfPage\":{\"@id\":\"https:\\\/\\\/tdv.org\\\/tr-TR\\\/turkiye-diyanet-vakfi-freetownda-iftar-verdi\\\/\"},\"wordCount\":233,\"publisher\":{\"@id\":\"https:\\\/\\\/tdv.org\\\/tr-TR\\\/#organization\"},\"image\":{\"@id\":\"https:\\\/\\\/tdv.org\\\/tr-TR\\\/turkiye-diyanet-vakfi-freetownda-iftar-verdi\\\/#primaryimage\"},\"thumbnailUrl\":\"https:\\\/\\\/tdv.org\\\/tr-TR\\\/wp-content\\\/uploads\\\/2026\\\/02\\\/turkiye-diyanet-vakfi-freetownda-iftar-verdi-1.jpg\",\"keywords\":[\"2026 Ramazan\",\"iftar\",\"iftar bul\u0131\u015fmas\u0131\",\"iftar \u00e7ad\u0131r\u0131\",\"iftar paketi\",\"iftarl\u0131k\"],\"articleSection\":[\"Haberler\"],\"inLanguage\":\"tr\"},{\"@type\":\"WebPage\",\"@id\":\"https:\\\/\\\/tdv.org\\\/tr-TR\\\/turkiye-diyanet-vakfi-freetownda-iftar-verdi\\\/\",\"url\":\"https:\\\/\\\/tdv.org\\\/tr-TR\\\/turkiye-diyanet-vakfi-freetownda-iftar-verdi\\\/\",\"name\":\"T\u00fcrkiye\u202fDiyanet\u202fVakf\u0131\u202fFreetown'da iftar verdi\",\"isPartOf\":{\"@id\":\"https:\\\/\\\/tdv.org\\\/tr-TR\\\/#website\"},\"primaryImageOfPage\":{\"@id\":\"https:\\\/\\\/tdv.org\\\/tr-TR\\\/turkiye-diyanet-vakfi-freetownda-iftar-verdi\\\/#primaryimage\"},\"image\":{\"@id\":\"https:\\\/\\\/tdv.org\\\/tr-TR\\\/turkiye-diyanet-vakfi-freetownda-iftar-verdi\\\/#primaryimage\"},\"thumbnailUrl\":\"https:\\\/\\\/tdv.org\\\/tr-TR\\\/wp-content\\\/uploads\\\/2026\\\/02\\\/turkiye-diyanet-vakfi-freetownda-iftar-verdi-1.jpg\",\"datePublished\":\"2026-02-26T06:58:05+00:00\",\"dateModified\":\"2026-03-03T07:38:10+00:00\",\"description\":\"T\u00fcrkiye\u202fDiyanet\u202fVakf\u0131\u202f(TDV), Sierra Leone'nin ba\u015fkenti\u00a0Freetown'da\u00a0iftar program\u0131 d\u00fczenledi.\u00a0\",\"breadcrumb\":{\"@id\":\"https:\\\/\\\/tdv.org\\\/tr-TR\\\/turkiye-diyanet-vakfi-freetownda-iftar-verdi\\\/#breadcrumb\"},\"inLanguage\":\"tr\",\"potentialAction\":[{\"@type\":\"ReadAction\",\"target\":[\"https:\\\/\\\/tdv.org\\\/tr-TR\\\/turkiye-diyanet-vakfi-freetownda-iftar-verdi\\\/\"]}]},{\"@type\":\"ImageObject\",\"inLanguage\":\"tr\",\"@id\":\"https:\\\/\\\/tdv.org\\\/tr-TR\\\/turkiye-diyanet-vakfi-freetownda-iftar-verdi\\\/#primaryimage\",\"url\":\"https:\\\/\\\/tdv.org\\\/tr-TR\\\/wp-content\\\/uploads\\\/2026\\\/02\\\/turkiye-diyanet-vakfi-freetownda-iftar-verdi-1.jpg\",\"contentUrl\":\"https:\\\/\\\/tdv.org\\\/tr-TR\\\/wp-content\\\/uploads\\\/2026\\\/02\\\/turkiye-diyanet-vakfi-freetownda-iftar-verdi-1.jpg\",\"width\":1024,\"height\":768,\"caption\":\"T\u00fcrkiye\u202fDiyanet\u202fVakf\u0131\u202fFreetown\u2019da iftar verdi, iftar , iftar yeme\u011fi,\"},{\"@type\":\"BreadcrumbList\",\"@id\":\"https:\\\/\\\/tdv.org\\\/tr-TR\\\/turkiye-diyanet-vakfi-freetownda-iftar-verdi\\\/#breadcrumb\",\"itemListElement\":[{\"@type\":\"ListItem\",\"position\":1,\"name\":\"Anasayfa\",\"item\":\"https:\\\/\\\/tdv.org\\\/tr-TR\\\/\"},{\"@type\":\"ListItem\",\"position\":2,\"name\":\"T\u00fcrkiye\u202fDiyanet\u202fVakf\u0131\u202fFreetown&#8217;da iftar verdi\"}]},{\"@type\":\"WebSite\",\"@id\":\"https:\\\/\\\/tdv.org\\\/tr-TR\\\/#website\",\"url\":\"https:\\\/\\\/tdv.org\\\/tr-TR\\\/\",\"name\":\"T\u00fcrkiye Diyanet Vakf\u0131 Resmi Web Sitesi\",\"description\":\"Yery\u00fcz\u00fcnde iyilik egemen oluncaya kadar\",\"publisher\":{\"@id\":\"https:\\\/\\\/tdv.org\\\/tr-TR\\\/#organization\"},\"alternateName\":\"T\u00fcrkiye Diyanet Vakf\u0131\",\"potentialAction\":[{\"@type\":\"SearchAction\",\"target\":{\"@type\":\"EntryPoint\",\"urlTemplate\":\"https:\\\/\\\/tdv.org\\\/tr-TR\\\/?s={search_term_string}\"},\"query-input\":{\"@type\":\"PropertyValueSpecification\",\"valueRequired\":true,\"valueName\":\"search_term_string\"}}],\"inLanguage\":\"tr\"},{\"@type\":\"Organization\",\"@id\":\"https:\\\/\\\/tdv.org\\\/tr-TR\\\/#organization\",\"name\":\"T\u00fcrkiye Diyanet Vakf\u0131\",\"alternateName\":\"T\u00fcrkiye Diyanet Vakf\u0131\",\"url\":\"https:\\\/\\\/tdv.org\\\/tr-TR\\\/\",\"logo\":{\"@type\":\"ImageObject\",\"inLanguage\":\"tr\",\"@id\":\"https:\\\/\\\/tdv.org\\\/tr-TR\\\/#\\\/schema\\\/logo\\\/image\\\/\",\"url\":\"https:\\\/\\\/tdv.org\\\/tr-TR\\\/wp-content\\\/uploads\\\/2018\\\/12\\\/TDV_Logo_1.png\",\"contentUrl\":\"https:\\\/\\\/tdv.org\\\/tr-TR\\\/wp-content\\\/uploads\\\/2018\\\/12\\\/TDV_Logo_1.png\",\"width\":207,\"height\":71,\"caption\":\"T\u00fcrkiye Diyanet Vakf\u0131\"},\"image\":{\"@id\":\"https:\\\/\\\/tdv.org\\\/tr-TR\\\/#\\\/schema\\\/logo\\\/image\\\/\"},\"sameAs\":[\"https:\\\/\\\/www.facebook.com\\\/Diyanetvakfi\\\/\",\"https:\\\/\\\/x.com\\\/DiyanetVakfi\",\"https:\\\/\\\/www.instagram.com\\\/turkiyediyanetvakfi\\\/\",\"https:\\\/\\\/www.youtube.com\\\/user\\\/TurkiyeDiyanetVakfi\"]},{\"@type\":\"Person\",\"@id\":\"https:\\\/\\\/tdv.org\\\/tr-TR\\\/#\\\/schema\\\/person\\\/59c31b2380b0fdfe778b0df2c86686c2\",\"name\":\"Mustafa Sunar\",\"image\":{\"@type\":\"ImageObject\",\"inLanguage\":\"tr\",\"@id\":\"https:\\\/\\\/tdv.org\\\/tr-TR\\\/wp-content\\\/litespeed\\\/avatar\\\/881966e14150a12f093f73848867e8e7.jpg?ver=1777627359\",\"url\":\"https:\\\/\\\/tdv.org\\\/tr-TR\\\/wp-content\\\/litespeed\\\/avatar\\\/881966e14150a12f093f73848867e8e7.jpg?ver=1777627359\",\"contentUrl\":\"https:\\\/\\\/tdv.org\\\/tr-TR\\\/wp-content\\\/litespeed\\\/avatar\\\/881966e14150a12f093f73848867e8e7.jpg?ver=1777627359\",\"caption\":\"Mustafa Sunar\"}}]}<\/script>\n<!-- \/ Yoast SEO plugin. -->","yoast_head_json":{"title":"T\u00fcrkiye\u202fDiyanet\u202fVakf\u0131\u202fFreetown'da iftar verdi","description":"T\u00fcrkiye\u202fDiyanet\u202fVakf\u0131\u202f(TDV), Sierra Leone'nin ba\u015fkenti\u00a0Freetown'da\u00a0iftar program\u0131 d\u00fczenledi.\u00a0","robots":{"index":"index","follow":"follow","max-snippet":"max-snippet:-1","max-image-preview":"max-image-preview:large","max-video-preview":"max-video-preview:-1"},"canonical":"https:\/\/tdv.org\/tr-TR\/turkiye-diyanet-vakfi-freetownda-iftar-verdi\/","og_locale":"tr_TR","og_type":"article","og_title":"T\u00fcrkiye\u202fDiyanet\u202fVakf\u0131\u202fFreetown'da iftar verdi","og_description":"T\u00fcrkiye\u202fDiyanet\u202fVakf\u0131\u202f(TDV), Sierra Leone'nin ba\u015fkenti\u00a0Freetown'da\u00a0iftar program\u0131 d\u00fczenledi.\u00a0","og_url":"https:\/\/tdv.org\/tr-TR\/turkiye-diyanet-vakfi-freetownda-iftar-verdi\/","og_site_name":"T\u00fcrkiye Diyanet Vakf\u0131 Resmi Web Sitesi","article_publisher":"https:\/\/www.facebook.com\/Diyanetvakfi\/","article_published_time":"2026-02-26T06:58:05+00:00","article_modified_time":"2026-03-03T07:38:10+00:00","og_image":[{"width":1024,"height":768,"url":"https:\/\/tdv.org\/tr-TR\/wp-content\/uploads\/2026\/02\/turkiye-diyanet-vakfi-freetownda-iftar-verdi-1.jpg","type":"image\/jpeg"}],"author":"Mustafa Sunar","twitter_card":"summary_large_image","twitter_creator":"@DiyanetVakfi","twitter_site":"@DiyanetVakfi","schema":{"@context":"https:\/\/schema.org","@graph":[{"@type":"Article","@id":"https:\/\/tdv.org\/tr-TR\/turkiye-diyanet-vakfi-freetownda-iftar-verdi\/#article","isPartOf":{"@id":"https:\/\/tdv.org\/tr-TR\/turkiye-diyanet-vakfi-freetownda-iftar-verdi\/"},"author":{"name":"Mustafa Sunar","@id":"https:\/\/tdv.org\/tr-TR\/#\/schema\/person\/59c31b2380b0fdfe778b0df2c86686c2"},"headline":"T\u00fcrkiye\u202fDiyanet\u202fVakf\u0131\u202fFreetown&#8217;da iftar verdi","datePublished":"2026-02-26T06:58:05+00:00","dateModified":"2026-03-03T07:38:10+00:00","mainEntityOfPage":{"@id":"https:\/\/tdv.org\/tr-TR\/turkiye-diyanet-vakfi-freetownda-iftar-verdi\/"},"wordCount":233,"publisher":{"@id":"https:\/\/tdv.org\/tr-TR\/#organization"},"image":{"@id":"https:\/\/tdv.org\/tr-TR\/turkiye-diyanet-vakfi-freetownda-iftar-verdi\/#primaryimage"},"thumbnailUrl":"https:\/\/tdv.org\/tr-TR\/wp-content\/uploads\/2026\/02\/turkiye-diyanet-vakfi-freetownda-iftar-verdi-1.jpg","keywords":["2026 Ramazan","iftar","iftar bul\u0131\u015fmas\u0131","iftar \u00e7ad\u0131r\u0131","iftar paketi","iftarl\u0131k"],"articleSection":["Haberler"],"inLanguage":"tr"},{"@type":"WebPage","@id":"https:\/\/tdv.org\/tr-TR\/turkiye-diyanet-vakfi-freetownda-iftar-verdi\/","url":"https:\/\/tdv.org\/tr-TR\/turkiye-diyanet-vakfi-freetownda-iftar-verdi\/","name":"T\u00fcrkiye\u202fDiyanet\u202fVakf\u0131\u202fFreetown'da iftar verdi","isPartOf":{"@id":"https:\/\/tdv.org\/tr-TR\/#website"},"primaryImageOfPage":{"@id":"https:\/\/tdv.org\/tr-TR\/turkiye-diyanet-vakfi-freetownda-iftar-verdi\/#primaryimage"},"image":{"@id":"https:\/\/tdv.org\/tr-TR\/turkiye-diyanet-vakfi-freetownda-iftar-verdi\/#primaryimage"},"thumbnailUrl":"https:\/\/tdv.org\/tr-TR\/wp-content\/uploads\/2026\/02\/turkiye-diyanet-vakfi-freetownda-iftar-verdi-1.jpg","datePublished":"2026-02-26T06:58:05+00:00","dateModified":"2026-03-03T07:38:10+00:00","description":"T\u00fcrkiye\u202fDiyanet\u202fVakf\u0131\u202f(TDV), Sierra Leone'nin ba\u015fkenti\u00a0Freetown'da\u00a0iftar program\u0131 d\u00fczenledi.\u00a0","breadcrumb":{"@id":"https:\/\/tdv.org\/tr-TR\/turkiye-diyanet-vakfi-freetownda-iftar-verdi\/#breadcrumb"},"inLanguage":"tr","potentialAction":[{"@type":"ReadAction","target":["https:\/\/tdv.org\/tr-TR\/turkiye-diyanet-vakfi-freetownda-iftar-verdi\/"]}]},{"@type":"ImageObject","inLanguage":"tr","@id":"https:\/\/tdv.org\/tr-TR\/turkiye-diyanet-vakfi-freetownda-iftar-verdi\/#primaryimage","url":"https:\/\/tdv.org\/tr-TR\/wp-content\/uploads\/2026\/02\/turkiye-diyanet-vakfi-freetownda-iftar-verdi-1.jpg","contentUrl":"https:\/\/tdv.org\/tr-TR\/wp-content\/uploads\/2026\/02\/turkiye-diyanet-vakfi-freetownda-iftar-verdi-1.jpg","width":1024,"height":768,"caption":"T\u00fcrkiye\u202fDiyanet\u202fVakf\u0131\u202fFreetown\u2019da iftar verdi, iftar , iftar yeme\u011fi,"},{"@type":"BreadcrumbList","@id":"https:\/\/tdv.org\/tr-TR\/turkiye-diyanet-vakfi-freetownda-iftar-verdi\/#breadcrumb","itemListElement":[{"@type":"ListItem","position":1,"name":"Anasayfa","item":"https:\/\/tdv.org\/tr-TR\/"},{"@type":"ListItem","position":2,"name":"T\u00fcrkiye\u202fDiyanet\u202fVakf\u0131\u202fFreetown&#8217;da iftar verdi"}]},{"@type":"WebSite","@id":"https:\/\/tdv.org\/tr-TR\/#website","url":"https:\/\/tdv.org\/tr-TR\/","name":"T\u00fcrkiye Diyanet Vakf\u0131 Resmi Web Sitesi","description":"Yery\u00fcz\u00fcnde iyilik egemen oluncaya kadar","publisher":{"@id":"https:\/\/tdv.org\/tr-TR\/#organization"},"alternateName":"T\u00fcrkiye Diyanet Vakf\u0131","potentialAction":[{"@type":"SearchAction","target":{"@type":"EntryPoint","urlTemplate":"https:\/\/tdv.org\/tr-TR\/?s={search_term_string}"},"query-input":{"@type":"PropertyValueSpecification","valueRequired":true,"valueName":"search_term_string"}}],"inLanguage":"tr"},{"@type":"Organization","@id":"https:\/\/tdv.org\/tr-TR\/#organization","name":"T\u00fcrkiye Diyanet Vakf\u0131","alternateName":"T\u00fcrkiye Diyanet Vakf\u0131","url":"https:\/\/tdv.org\/tr-TR\/","logo":{"@type":"ImageObject","inLanguage":"tr","@id":"https:\/\/tdv.org\/tr-TR\/#\/schema\/logo\/image\/","url":"https:\/\/tdv.org\/tr-TR\/wp-content\/uploads\/2018\/12\/TDV_Logo_1.png","contentUrl":"https:\/\/tdv.org\/tr-TR\/wp-content\/uploads\/2018\/12\/TDV_Logo_1.png","width":207,"height":71,"caption":"T\u00fcrkiye Diyanet Vakf\u0131"},"image":{"@id":"https:\/\/tdv.org\/tr-TR\/#\/schema\/logo\/image\/"},"sameAs":["https:\/\/www.facebook.com\/Diyanetvakfi\/","https:\/\/x.com\/DiyanetVakfi","https:\/\/www.instagram.com\/turkiyediyanetvakfi\/","https:\/\/www.youtube.com\/user\/TurkiyeDiyanetVakfi"]},{"@type":"Person","@id":"https:\/\/tdv.org\/tr-TR\/#\/schema\/person\/59c31b2380b0fdfe778b0df2c86686c2","name":"Mustafa Sunar","image":{"@type":"ImageObject","inLanguage":"tr","@id":"https:\/\/tdv.org\/tr-TR\/wp-content\/litespeed\/avatar\/881966e14150a12f093f73848867e8e7.jpg?ver=1777627359","url":"https:\/\/tdv.org\/tr-TR\/wp-content\/litespeed\/avatar\/881966e14150a12f093f73848867e8e7.jpg?ver=1777627359","contentUrl":"https:\/\/tdv.org\/tr-TR\/wp-content\/litespeed\/avatar\/881966e14150a12f093f73848867e8e7.jpg?ver=1777627359","caption":"Mustafa Sunar"}}]}},"_links":{"self":[{"href":"https:\/\/tdv.org\/tr-TR\/wp-json\/wp\/v2\/posts\/55326","targetHints":{"allow":["GET"]}}],"collection":[{"href":"https:\/\/tdv.org\/tr-TR\/wp-json\/wp\/v2\/posts"}],"about":[{"href":"https:\/\/tdv.org\/tr-TR\/wp-json\/wp\/v2\/types\/post"}],"author":[{"embeddable":true,"href":"https:\/\/tdv.org\/tr-TR\/wp-json\/wp\/v2\/users\/14"}],"replies":[{"embeddable":true,"href":"https:\/\/tdv.org\/tr-TR\/wp-json\/wp\/v2\/comments?post=55326"}],"version-history":[{"count":4,"href":"https:\/\/tdv.org\/tr-TR\/wp-json\/wp\/v2\/posts\/55326\/revisions"}],"predecessor-version":[{"id":55825,"href":"https:\/\/tdv.org\/tr-TR\/wp-json\/wp\/v2\/posts\/55326\/revisions\/55825"}],"wp:featuredmedia":[{"embeddable":true,"href":"https:\/\/tdv.org\/tr-TR\/wp-json\/wp\/v2\/media\/55683"}],"wp:attachment":[{"href":"https:\/\/tdv.org\/tr-TR\/wp-json\/wp\/v2\/media?parent=55326"}],"wp:term":[{"taxonomy":"category","embeddable":true,"href":"https:\/\/tdv.org\/tr-TR\/wp-json\/wp\/v2\/categories?post=55326"},{"taxonomy":"post_tag","embeddable":true,"href":"https:\/\/tdv.org\/tr-TR\/wp-json\/wp\/v2\/tags?post=55326"}],"curies":[{"name":"wp","href":"https:\/\/api.w.org\/{rel}","templated":true}]}}