{"id":55341,"date":"2026-02-26T12:03:41","date_gmt":"2026-02-26T09:03:41","guid":{"rendered":"https:\/\/tdv.org\/tr-TR\/?p=55341"},"modified":"2026-03-03T10:41:43","modified_gmt":"2026-03-03T07:41:43","slug":"turkiye-diyanet-vakfi-tanzanyada-ramazan-yardimlarini-surduruyor","status":"publish","type":"post","link":"https:\/\/tdv.org\/tr-TR\/turkiye-diyanet-vakfi-tanzanyada-ramazan-yardimlarini-surduruyor\/","title":{"rendered":"T\u00fcrkiye\u202fDiyanet\u202fVakf\u0131, Tanzanya&#8217;da ramazan yard\u0131mlar\u0131n\u0131 s\u00fcrd\u00fcr\u00fcyor"},"content":{"rendered":"<p style=\"text-align: justify;\"><span data-contrast=\"none\">T\u00fcrkiye\u202fDiyanet\u202fVakf\u0131\u202f(TDV) taraf\u0131ndan <a href=\"https:\/\/bagis.tdv.org\/#ramazan\" target=\"_blank\" rel=\"noopener\">ramazan<\/a> ay\u0131 dolay\u0131s\u0131yla Tanzanya&#8217;n\u0131n Dar Es Salaam kentinde ihtiya\u00e7 sahiplerine<a href=\"https:\/\/bagis.tdv.org\/ramazan\/gida-paketi-39\" target=\"_blank\" rel=\"noopener\"> g\u0131da paketi<\/a> da\u011f\u0131t\u0131ld\u0131.<\/span><span data-ccp-props=\"{&quot;134233118&quot;:true,&quot;201341983&quot;:2,&quot;335557856&quot;:16777215,&quot;335559740&quot;:390}\">\u00a0<\/span><\/p>\n<p style=\"text-align: justify;\"><span data-contrast=\"none\">TDV g\u00f6revlileri ve\u202fDiyanet\u202f\u0130\u015fleri T\u00fcrk \u0130slam Birli\u011fi \u00fcyelerinin\u00a0i\u015fbirli\u011fiyle, kent merkezi ve k\u0131rsal mahallelerdeki ihtiya\u00e7 sahibi ailelere haz\u0131rlanan <a href=\"https:\/\/bagis.tdv.org\/ramazan\/gida-paketi-39\" target=\"_blank\" rel=\"noopener\">g\u0131da kolileri<\/a> ula\u015ft\u0131r\u0131ld\u0131.<\/span><span data-ccp-props=\"{&quot;134233118&quot;:true,&quot;201341983&quot;:2,&quot;335557856&quot;:16777215,&quot;335559740&quot;:390}\">\u00a0<\/span><\/p>\n<p style=\"text-align: justify;\"><span data-contrast=\"none\">Ba\u011f\u0131\u015f\u00e7\u0131lar\u0131n destekleriyle haz\u0131rlanan <a href=\"https:\/\/bagis.tdv.org\/ramazan\/gida-paketi-39\" target=\"_blank\" rel=\"noopener\">kolilerin<\/a> i\u00e7erisinde ya\u011f, un, pirin\u00e7, fasulye ve \u015feker gibi temel ihtiya\u00e7 malzemeleri yer al\u0131yor.<\/span><span data-ccp-props=\"{&quot;134233118&quot;:true,&quot;201341983&quot;:2,&quot;335557856&quot;:16777215,&quot;335559740&quot;:390}\">\u00a0<\/span><\/p>\n<p style=\"text-align: justify;\"><span data-contrast=\"none\">TDV Yurt D\u0131\u015f\u0131 E\u011fitim Hizmetleri Uzman\u0131 Furkan Mustafa Ak\u00e7ak\u0131l, <a href=\"https:\/\/bagis.tdv.org\/#ramazan\" target=\"_blank\" rel=\"noopener\">ramazan<\/a> ay\u0131n\u0131n birlik ve dayan\u0131\u015fma ruhuna uygun olarak yap\u0131lan yard\u0131mlar\u0131n Tanzanya&#8217;da ihtiya\u00e7 sahibi ailelere destek sa\u011flad\u0131\u011f\u0131n\u0131 s\u00f6yledi.<\/span><span data-ccp-props=\"{&quot;134233118&quot;:true,&quot;201341983&quot;:2,&quot;335557856&quot;:16777215,&quot;335559740&quot;:390}\">\u00a0<\/span><\/p>\n<p style=\"text-align: justify;\"><span data-contrast=\"none\">T\u00fcrk halk\u0131na, TDV arac\u0131l\u0131\u011f\u0131yla verdi\u011fi desteklerden dolay\u0131 te\u015fekk\u00fcr eden\u00a0Ak\u00e7ak\u0131l,\u00a0TDV&#8217;nin\u00a0mazlum ve ma\u011fdur co\u011frafyalara yard\u0131m elini uzatmaya devam edece\u011fini dile getirdi.<\/span><span data-ccp-props=\"{&quot;134233118&quot;:true,&quot;201341983&quot;:2,&quot;335557856&quot;:16777215,&quot;335559740&quot;:390}\">\u00a0<\/span><\/p>\n\n\t\t<style type=\"text\/css\">\n\t\t\t#gallery-1 {\n\t\t\t\tmargin: auto;\n\t\t\t}\n\t\t\t#gallery-1 .gallery-item {\n\t\t\t\tfloat: left;\n\t\t\t\tmargin-top: 10px;\n\t\t\t\ttext-align: center;\n\t\t\t\twidth: 33%;\n\t\t\t}\n\t\t\t#gallery-1 img {\n\t\t\t\tborder: 2px solid #cfcfcf;\n\t\t\t}\n\t\t\t#gallery-1 .gallery-caption {\n\t\t\t\tmargin-left: 0;\n\t\t\t}\n\t\t\t\/* see gallery_shortcode() in wp-includes\/media.php *\/\n\t\t<\/style>\n\t\t<div id='gallery-1' class='gallery galleryid-55341 gallery-columns-3 gallery-size-large'><dl class='gallery-item'>\n\t\t\t<dt class='gallery-icon landscape'>\n\t\t\t\t<a href='https:\/\/tdv.org\/tr-TR\/wp-content\/uploads\/2026\/02\/turkiye-diyanet-vakfi-tanzanya-da-ramazan-yardimlarini-surduruyor-1.jpg'><img decoding=\"async\" width=\"1024\" height=\"683\" src=\"https:\/\/tdv.org\/tr-TR\/wp-content\/uploads\/2026\/02\/turkiye-diyanet-vakfi-tanzanya-da-ramazan-yardimlarini-surduruyor-1-1024x683.jpg\" class=\"attachment-large size-large\" alt=\"\" aria-describedby=\"gallery-1-55661\" srcset=\"https:\/\/tdv.org\/tr-TR\/wp-content\/uploads\/2026\/02\/turkiye-diyanet-vakfi-tanzanya-da-ramazan-yardimlarini-surduruyor-1-1024x683.jpg 1024w, https:\/\/tdv.org\/tr-TR\/wp-content\/uploads\/2026\/02\/turkiye-diyanet-vakfi-tanzanya-da-ramazan-yardimlarini-surduruyor-1-300x200.jpg 300w, https:\/\/tdv.org\/tr-TR\/wp-content\/uploads\/2026\/02\/turkiye-diyanet-vakfi-tanzanya-da-ramazan-yardimlarini-surduruyor-1-768x512.jpg 768w, https:\/\/tdv.org\/tr-TR\/wp-content\/uploads\/2026\/02\/turkiye-diyanet-vakfi-tanzanya-da-ramazan-yardimlarini-surduruyor-1-900x600.jpg 900w, https:\/\/tdv.org\/tr-TR\/wp-content\/uploads\/2026\/02\/turkiye-diyanet-vakfi-tanzanya-da-ramazan-yardimlarini-surduruyor-1.jpg 1152w\" sizes=\"(max-width: 1024px) 100vw, 1024px\" \/><\/a>\n\t\t\t<\/dt>\n\t\t\t\t<dd class='wp-caption-text gallery-caption' id='gallery-1-55661'>\n\t\t\t\tT\u00fcrkiye\u202fDiyanet\u202fVakf\u0131, Tanzanya&#8217;da ramazan yard\u0131mlar\u0131n\u0131 s\u00fcrd\u00fcr\u00fcyor, g\u0131da paketi, g\u0131da kolileri,ramazan\n\t\t\t\t<\/dd><\/dl><dl class='gallery-item'>\n\t\t\t<dt class='gallery-icon landscape'>\n\t\t\t\t<a href='https:\/\/tdv.org\/tr-TR\/wp-content\/uploads\/2026\/02\/turkiye-diyanet-vakfi-tanzanya-da-ramazan-yardimlarini-surduruyor-2.jpg'><img decoding=\"async\" width=\"1024\" height=\"683\" src=\"https:\/\/tdv.org\/tr-TR\/wp-content\/uploads\/2026\/02\/turkiye-diyanet-vakfi-tanzanya-da-ramazan-yardimlarini-surduruyor-2-1024x683.jpg\" class=\"attachment-large size-large\" alt=\"\" aria-describedby=\"gallery-1-55662\" srcset=\"https:\/\/tdv.org\/tr-TR\/wp-content\/uploads\/2026\/02\/turkiye-diyanet-vakfi-tanzanya-da-ramazan-yardimlarini-surduruyor-2-1024x683.jpg 1024w, https:\/\/tdv.org\/tr-TR\/wp-content\/uploads\/2026\/02\/turkiye-diyanet-vakfi-tanzanya-da-ramazan-yardimlarini-surduruyor-2-300x200.jpg 300w, https:\/\/tdv.org\/tr-TR\/wp-content\/uploads\/2026\/02\/turkiye-diyanet-vakfi-tanzanya-da-ramazan-yardimlarini-surduruyor-2-768x512.jpg 768w, https:\/\/tdv.org\/tr-TR\/wp-content\/uploads\/2026\/02\/turkiye-diyanet-vakfi-tanzanya-da-ramazan-yardimlarini-surduruyor-2-900x600.jpg 900w, https:\/\/tdv.org\/tr-TR\/wp-content\/uploads\/2026\/02\/turkiye-diyanet-vakfi-tanzanya-da-ramazan-yardimlarini-surduruyor-2.jpg 1152w\" sizes=\"(max-width: 1024px) 100vw, 1024px\" \/><\/a>\n\t\t\t<\/dt>\n\t\t\t\t<dd class='wp-caption-text gallery-caption' id='gallery-1-55662'>\n\t\t\t\tT\u00fcrkiye\u202fDiyanet\u202fVakf\u0131, Tanzanya&#8217;da ramazan yard\u0131mlar\u0131n\u0131 s\u00fcrd\u00fcr\u00fcyor, g\u0131da paketi, g\u0131da kolileri,ramazan\n\t\t\t\t<\/dd><\/dl><dl class='gallery-item'>\n\t\t\t<dt class='gallery-icon landscape'>\n\t\t\t\t<a href='https:\/\/tdv.org\/tr-TR\/wp-content\/uploads\/2026\/02\/turkiye-diyanet-vakfi-tanzanya-da-ramazan-yardimlarini-surduruyor-3.jpg'><img decoding=\"async\" width=\"1024\" height=\"683\" src=\"https:\/\/tdv.org\/tr-TR\/wp-content\/uploads\/2026\/02\/turkiye-diyanet-vakfi-tanzanya-da-ramazan-yardimlarini-surduruyor-3-1024x683.jpg\" class=\"attachment-large size-large\" alt=\"\" aria-describedby=\"gallery-1-55663\" srcset=\"https:\/\/tdv.org\/tr-TR\/wp-content\/uploads\/2026\/02\/turkiye-diyanet-vakfi-tanzanya-da-ramazan-yardimlarini-surduruyor-3-1024x683.jpg 1024w, https:\/\/tdv.org\/tr-TR\/wp-content\/uploads\/2026\/02\/turkiye-diyanet-vakfi-tanzanya-da-ramazan-yardimlarini-surduruyor-3-300x200.jpg 300w, https:\/\/tdv.org\/tr-TR\/wp-content\/uploads\/2026\/02\/turkiye-diyanet-vakfi-tanzanya-da-ramazan-yardimlarini-surduruyor-3-768x512.jpg 768w, https:\/\/tdv.org\/tr-TR\/wp-content\/uploads\/2026\/02\/turkiye-diyanet-vakfi-tanzanya-da-ramazan-yardimlarini-surduruyor-3-900x600.jpg 900w, https:\/\/tdv.org\/tr-TR\/wp-content\/uploads\/2026\/02\/turkiye-diyanet-vakfi-tanzanya-da-ramazan-yardimlarini-surduruyor-3.jpg 1152w\" sizes=\"(max-width: 1024px) 100vw, 1024px\" \/><\/a>\n\t\t\t<\/dt>\n\t\t\t\t<dd class='wp-caption-text gallery-caption' id='gallery-1-55663'>\n\t\t\t\tT\u00fcrkiye\u202fDiyanet\u202fVakf\u0131, Tanzanya&#8217;da ramazan yard\u0131mlar\u0131n\u0131 s\u00fcrd\u00fcr\u00fcyor, g\u0131da paketi, g\u0131da kolileri,ramazan\n\t\t\t\t<\/dd><\/dl><br style=\"clear: both\" \/><dl class='gallery-item'>\n\t\t\t<dt class='gallery-icon landscape'>\n\t\t\t\t<a href='https:\/\/tdv.org\/tr-TR\/wp-content\/uploads\/2026\/02\/turkiye-diyanet-vakfi-tanzanya-da-ramazan-yardimlarini-surduruyor-4.jpg'><img decoding=\"async\" width=\"1024\" height=\"683\" src=\"https:\/\/tdv.org\/tr-TR\/wp-content\/uploads\/2026\/02\/turkiye-diyanet-vakfi-tanzanya-da-ramazan-yardimlarini-surduruyor-4-1024x683.jpg\" class=\"attachment-large size-large\" alt=\"\" aria-describedby=\"gallery-1-55664\" srcset=\"https:\/\/tdv.org\/tr-TR\/wp-content\/uploads\/2026\/02\/turkiye-diyanet-vakfi-tanzanya-da-ramazan-yardimlarini-surduruyor-4-1024x683.jpg 1024w, https:\/\/tdv.org\/tr-TR\/wp-content\/uploads\/2026\/02\/turkiye-diyanet-vakfi-tanzanya-da-ramazan-yardimlarini-surduruyor-4-300x200.jpg 300w, https:\/\/tdv.org\/tr-TR\/wp-content\/uploads\/2026\/02\/turkiye-diyanet-vakfi-tanzanya-da-ramazan-yardimlarini-surduruyor-4-768x512.jpg 768w, https:\/\/tdv.org\/tr-TR\/wp-content\/uploads\/2026\/02\/turkiye-diyanet-vakfi-tanzanya-da-ramazan-yardimlarini-surduruyor-4-900x600.jpg 900w, https:\/\/tdv.org\/tr-TR\/wp-content\/uploads\/2026\/02\/turkiye-diyanet-vakfi-tanzanya-da-ramazan-yardimlarini-surduruyor-4.jpg 1152w\" sizes=\"(max-width: 1024px) 100vw, 1024px\" \/><\/a>\n\t\t\t<\/dt>\n\t\t\t\t<dd class='wp-caption-text gallery-caption' id='gallery-1-55664'>\n\t\t\t\tT\u00fcrkiye\u202fDiyanet\u202fVakf\u0131, Tanzanya&#8217;da ramazan yard\u0131mlar\u0131n\u0131 s\u00fcrd\u00fcr\u00fcyor, g\u0131da paketi, g\u0131da kolileri,ramazan\n\t\t\t\t<\/dd><\/dl><dl class='gallery-item'>\n\t\t\t<dt class='gallery-icon landscape'>\n\t\t\t\t<a href='https:\/\/tdv.org\/tr-TR\/wp-content\/uploads\/2026\/02\/turkiye-diyanet-vakfi-tanzanya-da-ramazan-yardimlarini-surduruyor-5.jpg'><img decoding=\"async\" width=\"1024\" height=\"683\" src=\"https:\/\/tdv.org\/tr-TR\/wp-content\/uploads\/2026\/02\/turkiye-diyanet-vakfi-tanzanya-da-ramazan-yardimlarini-surduruyor-5-1024x683.jpg\" class=\"attachment-large size-large\" alt=\"\" aria-describedby=\"gallery-1-55665\" srcset=\"https:\/\/tdv.org\/tr-TR\/wp-content\/uploads\/2026\/02\/turkiye-diyanet-vakfi-tanzanya-da-ramazan-yardimlarini-surduruyor-5-1024x683.jpg 1024w, https:\/\/tdv.org\/tr-TR\/wp-content\/uploads\/2026\/02\/turkiye-diyanet-vakfi-tanzanya-da-ramazan-yardimlarini-surduruyor-5-300x200.jpg 300w, https:\/\/tdv.org\/tr-TR\/wp-content\/uploads\/2026\/02\/turkiye-diyanet-vakfi-tanzanya-da-ramazan-yardimlarini-surduruyor-5-768x512.jpg 768w, https:\/\/tdv.org\/tr-TR\/wp-content\/uploads\/2026\/02\/turkiye-diyanet-vakfi-tanzanya-da-ramazan-yardimlarini-surduruyor-5-900x600.jpg 900w, https:\/\/tdv.org\/tr-TR\/wp-content\/uploads\/2026\/02\/turkiye-diyanet-vakfi-tanzanya-da-ramazan-yardimlarini-surduruyor-5.jpg 1152w\" sizes=\"(max-width: 1024px) 100vw, 1024px\" \/><\/a>\n\t\t\t<\/dt>\n\t\t\t\t<dd class='wp-caption-text gallery-caption' id='gallery-1-55665'>\n\t\t\t\tT\u00fcrkiye\u202fDiyanet\u202fVakf\u0131, Tanzanya&#8217;da ramazan yard\u0131mlar\u0131n\u0131 s\u00fcrd\u00fcr\u00fcyor, g\u0131da paketi, g\u0131da kolileri,ramazan\n\t\t\t\t<\/dd><\/dl><dl class='gallery-item'>\n\t\t\t<dt class='gallery-icon landscape'>\n\t\t\t\t<a href='https:\/\/tdv.org\/tr-TR\/wp-content\/uploads\/2026\/02\/turkiye-diyanet-vakfi-tanzanya-da-ramazan-yardimlarini-surduruyor-6.jpg'><img decoding=\"async\" width=\"1024\" height=\"683\" src=\"https:\/\/tdv.org\/tr-TR\/wp-content\/uploads\/2026\/02\/turkiye-diyanet-vakfi-tanzanya-da-ramazan-yardimlarini-surduruyor-6-1024x683.jpg\" class=\"attachment-large size-large\" alt=\"\" aria-describedby=\"gallery-1-55666\" srcset=\"https:\/\/tdv.org\/tr-TR\/wp-content\/uploads\/2026\/02\/turkiye-diyanet-vakfi-tanzanya-da-ramazan-yardimlarini-surduruyor-6-1024x683.jpg 1024w, https:\/\/tdv.org\/tr-TR\/wp-content\/uploads\/2026\/02\/turkiye-diyanet-vakfi-tanzanya-da-ramazan-yardimlarini-surduruyor-6-300x200.jpg 300w, https:\/\/tdv.org\/tr-TR\/wp-content\/uploads\/2026\/02\/turkiye-diyanet-vakfi-tanzanya-da-ramazan-yardimlarini-surduruyor-6-768x512.jpg 768w, https:\/\/tdv.org\/tr-TR\/wp-content\/uploads\/2026\/02\/turkiye-diyanet-vakfi-tanzanya-da-ramazan-yardimlarini-surduruyor-6-900x600.jpg 900w, https:\/\/tdv.org\/tr-TR\/wp-content\/uploads\/2026\/02\/turkiye-diyanet-vakfi-tanzanya-da-ramazan-yardimlarini-surduruyor-6.jpg 1152w\" sizes=\"(max-width: 1024px) 100vw, 1024px\" \/><\/a>\n\t\t\t<\/dt>\n\t\t\t\t<dd class='wp-caption-text gallery-caption' id='gallery-1-55666'>\n\t\t\t\tT\u00fcrkiye\u202fDiyanet\u202fVakf\u0131, Tanzanya&#8217;da ramazan yard\u0131mlar\u0131n\u0131 s\u00fcrd\u00fcr\u00fcyor, g\u0131da paketi, g\u0131da kolileri,ramazan\n\t\t\t\t<\/dd><\/dl><br style=\"clear: both\" \/><dl class='gallery-item'>\n\t\t\t<dt class='gallery-icon landscape'>\n\t\t\t\t<a href='https:\/\/tdv.org\/tr-TR\/wp-content\/uploads\/2026\/02\/turkiye-diyanet-vakfi-tanzanya-da-ramazan-yardimlarini-surduruyor-7.jpg'><img decoding=\"async\" width=\"1024\" height=\"683\" src=\"https:\/\/tdv.org\/tr-TR\/wp-content\/uploads\/2026\/02\/turkiye-diyanet-vakfi-tanzanya-da-ramazan-yardimlarini-surduruyor-7-1024x683.jpg\" class=\"attachment-large size-large\" alt=\"\" aria-describedby=\"gallery-1-55667\" srcset=\"https:\/\/tdv.org\/tr-TR\/wp-content\/uploads\/2026\/02\/turkiye-diyanet-vakfi-tanzanya-da-ramazan-yardimlarini-surduruyor-7-1024x683.jpg 1024w, https:\/\/tdv.org\/tr-TR\/wp-content\/uploads\/2026\/02\/turkiye-diyanet-vakfi-tanzanya-da-ramazan-yardimlarini-surduruyor-7-300x200.jpg 300w, https:\/\/tdv.org\/tr-TR\/wp-content\/uploads\/2026\/02\/turkiye-diyanet-vakfi-tanzanya-da-ramazan-yardimlarini-surduruyor-7-768x512.jpg 768w, https:\/\/tdv.org\/tr-TR\/wp-content\/uploads\/2026\/02\/turkiye-diyanet-vakfi-tanzanya-da-ramazan-yardimlarini-surduruyor-7-900x600.jpg 900w, https:\/\/tdv.org\/tr-TR\/wp-content\/uploads\/2026\/02\/turkiye-diyanet-vakfi-tanzanya-da-ramazan-yardimlarini-surduruyor-7.jpg 1152w\" sizes=\"(max-width: 1024px) 100vw, 1024px\" \/><\/a>\n\t\t\t<\/dt>\n\t\t\t\t<dd class='wp-caption-text gallery-caption' id='gallery-1-55667'>\n\t\t\t\tT\u00fcrkiye\u202fDiyanet\u202fVakf\u0131, Tanzanya&#8217;da ramazan yard\u0131mlar\u0131n\u0131 s\u00fcrd\u00fcr\u00fcyor, g\u0131da paketi, g\u0131da kolileri,ramazan\n\t\t\t\t<\/dd><\/dl><dl class='gallery-item'>\n\t\t\t<dt class='gallery-icon landscape'>\n\t\t\t\t<a href='https:\/\/tdv.org\/tr-TR\/wp-content\/uploads\/2026\/02\/turkiye-diyanet-vakfi-tanzanya-da-ramazan-yardimlarini-surduruyor-8.jpg'><img decoding=\"async\" width=\"1024\" height=\"683\" src=\"https:\/\/tdv.org\/tr-TR\/wp-content\/uploads\/2026\/02\/turkiye-diyanet-vakfi-tanzanya-da-ramazan-yardimlarini-surduruyor-8-1024x683.jpg\" class=\"attachment-large size-large\" alt=\"\" aria-describedby=\"gallery-1-55668\" srcset=\"https:\/\/tdv.org\/tr-TR\/wp-content\/uploads\/2026\/02\/turkiye-diyanet-vakfi-tanzanya-da-ramazan-yardimlarini-surduruyor-8-1024x683.jpg 1024w, https:\/\/tdv.org\/tr-TR\/wp-content\/uploads\/2026\/02\/turkiye-diyanet-vakfi-tanzanya-da-ramazan-yardimlarini-surduruyor-8-300x200.jpg 300w, https:\/\/tdv.org\/tr-TR\/wp-content\/uploads\/2026\/02\/turkiye-diyanet-vakfi-tanzanya-da-ramazan-yardimlarini-surduruyor-8-768x512.jpg 768w, https:\/\/tdv.org\/tr-TR\/wp-content\/uploads\/2026\/02\/turkiye-diyanet-vakfi-tanzanya-da-ramazan-yardimlarini-surduruyor-8-900x600.jpg 900w, https:\/\/tdv.org\/tr-TR\/wp-content\/uploads\/2026\/02\/turkiye-diyanet-vakfi-tanzanya-da-ramazan-yardimlarini-surduruyor-8.jpg 1152w\" sizes=\"(max-width: 1024px) 100vw, 1024px\" \/><\/a>\n\t\t\t<\/dt>\n\t\t\t\t<dd class='wp-caption-text gallery-caption' id='gallery-1-55668'>\n\t\t\t\tT\u00fcrkiye\u202fDiyanet\u202fVakf\u0131, Tanzanya&#8217;da ramazan yard\u0131mlar\u0131n\u0131 s\u00fcrd\u00fcr\u00fcyor, g\u0131da paketi, g\u0131da kolileri,ramazan\n\t\t\t\t<\/dd><\/dl><dl class='gallery-item'>\n\t\t\t<dt class='gallery-icon landscape'>\n\t\t\t\t<a href='https:\/\/tdv.org\/tr-TR\/wp-content\/uploads\/2026\/02\/turkiye-diyanet-vakfi-tanzanya-da-ramazan-yardimlarini-surduruyor-9.jpg'><img decoding=\"async\" width=\"1024\" height=\"683\" src=\"https:\/\/tdv.org\/tr-TR\/wp-content\/uploads\/2026\/02\/turkiye-diyanet-vakfi-tanzanya-da-ramazan-yardimlarini-surduruyor-9-1024x683.jpg\" class=\"attachment-large size-large\" alt=\"\" aria-describedby=\"gallery-1-55669\" srcset=\"https:\/\/tdv.org\/tr-TR\/wp-content\/uploads\/2026\/02\/turkiye-diyanet-vakfi-tanzanya-da-ramazan-yardimlarini-surduruyor-9-1024x683.jpg 1024w, https:\/\/tdv.org\/tr-TR\/wp-content\/uploads\/2026\/02\/turkiye-diyanet-vakfi-tanzanya-da-ramazan-yardimlarini-surduruyor-9-300x200.jpg 300w, https:\/\/tdv.org\/tr-TR\/wp-content\/uploads\/2026\/02\/turkiye-diyanet-vakfi-tanzanya-da-ramazan-yardimlarini-surduruyor-9-768x512.jpg 768w, https:\/\/tdv.org\/tr-TR\/wp-content\/uploads\/2026\/02\/turkiye-diyanet-vakfi-tanzanya-da-ramazan-yardimlarini-surduruyor-9-900x600.jpg 900w, https:\/\/tdv.org\/tr-TR\/wp-content\/uploads\/2026\/02\/turkiye-diyanet-vakfi-tanzanya-da-ramazan-yardimlarini-surduruyor-9.jpg 1152w\" sizes=\"(max-width: 1024px) 100vw, 1024px\" \/><\/a>\n\t\t\t<\/dt>\n\t\t\t\t<dd class='wp-caption-text gallery-caption' id='gallery-1-55669'>\n\t\t\t\tT\u00fcrkiye\u202fDiyanet\u202fVakf\u0131, Tanzanya&#8217;da ramazan yard\u0131mlar\u0131n\u0131 s\u00fcrd\u00fcr\u00fcyor, g\u0131da paketi, g\u0131da kolileri,ramazan\n\t\t\t\t<\/dd><\/dl><br style=\"clear: both\" \/><dl class='gallery-item'>\n\t\t\t<dt class='gallery-icon landscape'>\n\t\t\t\t<a href='https:\/\/tdv.org\/tr-TR\/wp-content\/uploads\/2026\/02\/turkiye-diyanet-vakfi-tanzanya-da-ramazan-yardimlarini-surduruyor-10.jpg'><img decoding=\"async\" width=\"1024\" height=\"683\" src=\"https:\/\/tdv.org\/tr-TR\/wp-content\/uploads\/2026\/02\/turkiye-diyanet-vakfi-tanzanya-da-ramazan-yardimlarini-surduruyor-10-1024x683.jpg\" class=\"attachment-large size-large\" alt=\"\" aria-describedby=\"gallery-1-55670\" srcset=\"https:\/\/tdv.org\/tr-TR\/wp-content\/uploads\/2026\/02\/turkiye-diyanet-vakfi-tanzanya-da-ramazan-yardimlarini-surduruyor-10-1024x683.jpg 1024w, https:\/\/tdv.org\/tr-TR\/wp-content\/uploads\/2026\/02\/turkiye-diyanet-vakfi-tanzanya-da-ramazan-yardimlarini-surduruyor-10-300x200.jpg 300w, https:\/\/tdv.org\/tr-TR\/wp-content\/uploads\/2026\/02\/turkiye-diyanet-vakfi-tanzanya-da-ramazan-yardimlarini-surduruyor-10-768x512.jpg 768w, https:\/\/tdv.org\/tr-TR\/wp-content\/uploads\/2026\/02\/turkiye-diyanet-vakfi-tanzanya-da-ramazan-yardimlarini-surduruyor-10-900x600.jpg 900w, https:\/\/tdv.org\/tr-TR\/wp-content\/uploads\/2026\/02\/turkiye-diyanet-vakfi-tanzanya-da-ramazan-yardimlarini-surduruyor-10.jpg 1152w\" sizes=\"(max-width: 1024px) 100vw, 1024px\" \/><\/a>\n\t\t\t<\/dt>\n\t\t\t\t<dd class='wp-caption-text gallery-caption' id='gallery-1-55670'>\n\t\t\t\tT\u00fcrkiye\u202fDiyanet\u202fVakf\u0131, Tanzanya&#8217;da ramazan yard\u0131mlar\u0131n\u0131 s\u00fcrd\u00fcr\u00fcyor, g\u0131da paketi, g\u0131da kolileri,ramazan\n\t\t\t\t<\/dd><\/dl><dl class='gallery-item'>\n\t\t\t<dt class='gallery-icon landscape'>\n\t\t\t\t<a href='https:\/\/tdv.org\/tr-TR\/wp-content\/uploads\/2026\/02\/turkiye-diyanet-vakfi-tanzanya-da-ramazan-yardimlarini-surduruyor-11.jpg'><img decoding=\"async\" width=\"1024\" height=\"683\" src=\"https:\/\/tdv.org\/tr-TR\/wp-content\/uploads\/2026\/02\/turkiye-diyanet-vakfi-tanzanya-da-ramazan-yardimlarini-surduruyor-11-1024x683.jpg\" class=\"attachment-large size-large\" alt=\"\" aria-describedby=\"gallery-1-55671\" srcset=\"https:\/\/tdv.org\/tr-TR\/wp-content\/uploads\/2026\/02\/turkiye-diyanet-vakfi-tanzanya-da-ramazan-yardimlarini-surduruyor-11-1024x683.jpg 1024w, https:\/\/tdv.org\/tr-TR\/wp-content\/uploads\/2026\/02\/turkiye-diyanet-vakfi-tanzanya-da-ramazan-yardimlarini-surduruyor-11-300x200.jpg 300w, https:\/\/tdv.org\/tr-TR\/wp-content\/uploads\/2026\/02\/turkiye-diyanet-vakfi-tanzanya-da-ramazan-yardimlarini-surduruyor-11-768x512.jpg 768w, https:\/\/tdv.org\/tr-TR\/wp-content\/uploads\/2026\/02\/turkiye-diyanet-vakfi-tanzanya-da-ramazan-yardimlarini-surduruyor-11-900x600.jpg 900w, https:\/\/tdv.org\/tr-TR\/wp-content\/uploads\/2026\/02\/turkiye-diyanet-vakfi-tanzanya-da-ramazan-yardimlarini-surduruyor-11.jpg 1152w\" sizes=\"(max-width: 1024px) 100vw, 1024px\" \/><\/a>\n\t\t\t<\/dt>\n\t\t\t\t<dd class='wp-caption-text gallery-caption' id='gallery-1-55671'>\n\t\t\t\tT\u00fcrkiye\u202fDiyanet\u202fVakf\u0131, Tanzanya&#8217;da ramazan yard\u0131mlar\u0131n\u0131 s\u00fcrd\u00fcr\u00fcyor, g\u0131da paketi, g\u0131da kolileri,ramazan\n\t\t\t\t<\/dd><\/dl><dl class='gallery-item'>\n\t\t\t<dt class='gallery-icon landscape'>\n\t\t\t\t<a href='https:\/\/tdv.org\/tr-TR\/wp-content\/uploads\/2026\/02\/turkiye-diyanet-vakfi-tanzanya-da-ramazan-yardimlarini-surduruyor-12.jpg'><img decoding=\"async\" width=\"1024\" height=\"683\" src=\"https:\/\/tdv.org\/tr-TR\/wp-content\/uploads\/2026\/02\/turkiye-diyanet-vakfi-tanzanya-da-ramazan-yardimlarini-surduruyor-12-1024x683.jpg\" class=\"attachment-large size-large\" alt=\"\" aria-describedby=\"gallery-1-55672\" srcset=\"https:\/\/tdv.org\/tr-TR\/wp-content\/uploads\/2026\/02\/turkiye-diyanet-vakfi-tanzanya-da-ramazan-yardimlarini-surduruyor-12-1024x683.jpg 1024w, https:\/\/tdv.org\/tr-TR\/wp-content\/uploads\/2026\/02\/turkiye-diyanet-vakfi-tanzanya-da-ramazan-yardimlarini-surduruyor-12-300x200.jpg 300w, https:\/\/tdv.org\/tr-TR\/wp-content\/uploads\/2026\/02\/turkiye-diyanet-vakfi-tanzanya-da-ramazan-yardimlarini-surduruyor-12-768x512.jpg 768w, https:\/\/tdv.org\/tr-TR\/wp-content\/uploads\/2026\/02\/turkiye-diyanet-vakfi-tanzanya-da-ramazan-yardimlarini-surduruyor-12-900x600.jpg 900w, https:\/\/tdv.org\/tr-TR\/wp-content\/uploads\/2026\/02\/turkiye-diyanet-vakfi-tanzanya-da-ramazan-yardimlarini-surduruyor-12.jpg 1152w\" sizes=\"(max-width: 1024px) 100vw, 1024px\" \/><\/a>\n\t\t\t<\/dt>\n\t\t\t\t<dd class='wp-caption-text gallery-caption' id='gallery-1-55672'>\n\t\t\t\tT\u00fcrkiye\u202fDiyanet\u202fVakf\u0131, Tanzanya&#8217;da ramazan yard\u0131mlar\u0131n\u0131 s\u00fcrd\u00fcr\u00fcyor, g\u0131da paketi, g\u0131da kolileri,ramazan\n\t\t\t\t<\/dd><\/dl><br style=\"clear: both\" \/><dl class='gallery-item'>\n\t\t\t<dt class='gallery-icon landscape'>\n\t\t\t\t<a href='https:\/\/tdv.org\/tr-TR\/wp-content\/uploads\/2026\/02\/turkiye-diyanet-vakfi-tanzanya-da-ramazan-yardimlarini-surduruyor-13.jpg'><img decoding=\"async\" width=\"1024\" height=\"683\" src=\"https:\/\/tdv.org\/tr-TR\/wp-content\/uploads\/2026\/02\/turkiye-diyanet-vakfi-tanzanya-da-ramazan-yardimlarini-surduruyor-13-1024x683.jpg\" class=\"attachment-large size-large\" alt=\"\" aria-describedby=\"gallery-1-55673\" srcset=\"https:\/\/tdv.org\/tr-TR\/wp-content\/uploads\/2026\/02\/turkiye-diyanet-vakfi-tanzanya-da-ramazan-yardimlarini-surduruyor-13-1024x683.jpg 1024w, https:\/\/tdv.org\/tr-TR\/wp-content\/uploads\/2026\/02\/turkiye-diyanet-vakfi-tanzanya-da-ramazan-yardimlarini-surduruyor-13-300x200.jpg 300w, https:\/\/tdv.org\/tr-TR\/wp-content\/uploads\/2026\/02\/turkiye-diyanet-vakfi-tanzanya-da-ramazan-yardimlarini-surduruyor-13-768x512.jpg 768w, https:\/\/tdv.org\/tr-TR\/wp-content\/uploads\/2026\/02\/turkiye-diyanet-vakfi-tanzanya-da-ramazan-yardimlarini-surduruyor-13-900x600.jpg 900w, https:\/\/tdv.org\/tr-TR\/wp-content\/uploads\/2026\/02\/turkiye-diyanet-vakfi-tanzanya-da-ramazan-yardimlarini-surduruyor-13.jpg 1152w\" sizes=\"(max-width: 1024px) 100vw, 1024px\" \/><\/a>\n\t\t\t<\/dt>\n\t\t\t\t<dd class='wp-caption-text gallery-caption' id='gallery-1-55673'>\n\t\t\t\tT\u00fcrkiye\u202fDiyanet\u202fVakf\u0131, Tanzanya&#8217;da ramazan yard\u0131mlar\u0131n\u0131 s\u00fcrd\u00fcr\u00fcyor, g\u0131da paketi, g\u0131da kolileri,ramazan\n\t\t\t\t<\/dd><\/dl><dl class='gallery-item'>\n\t\t\t<dt class='gallery-icon landscape'>\n\t\t\t\t<a href='https:\/\/tdv.org\/tr-TR\/wp-content\/uploads\/2026\/02\/turkiye-diyanet-vakfi-tanzanya-da-ramazan-yardimlarini-surduruyor-14.jpg'><img decoding=\"async\" width=\"1024\" height=\"683\" src=\"https:\/\/tdv.org\/tr-TR\/wp-content\/uploads\/2026\/02\/turkiye-diyanet-vakfi-tanzanya-da-ramazan-yardimlarini-surduruyor-14-1024x683.jpg\" class=\"attachment-large size-large\" alt=\"\" aria-describedby=\"gallery-1-55674\" srcset=\"https:\/\/tdv.org\/tr-TR\/wp-content\/uploads\/2026\/02\/turkiye-diyanet-vakfi-tanzanya-da-ramazan-yardimlarini-surduruyor-14-1024x683.jpg 1024w, https:\/\/tdv.org\/tr-TR\/wp-content\/uploads\/2026\/02\/turkiye-diyanet-vakfi-tanzanya-da-ramazan-yardimlarini-surduruyor-14-300x200.jpg 300w, https:\/\/tdv.org\/tr-TR\/wp-content\/uploads\/2026\/02\/turkiye-diyanet-vakfi-tanzanya-da-ramazan-yardimlarini-surduruyor-14-768x512.jpg 768w, https:\/\/tdv.org\/tr-TR\/wp-content\/uploads\/2026\/02\/turkiye-diyanet-vakfi-tanzanya-da-ramazan-yardimlarini-surduruyor-14-900x600.jpg 900w, https:\/\/tdv.org\/tr-TR\/wp-content\/uploads\/2026\/02\/turkiye-diyanet-vakfi-tanzanya-da-ramazan-yardimlarini-surduruyor-14.jpg 1152w\" sizes=\"(max-width: 1024px) 100vw, 1024px\" \/><\/a>\n\t\t\t<\/dt>\n\t\t\t\t<dd class='wp-caption-text gallery-caption' id='gallery-1-55674'>\n\t\t\t\tT\u00fcrkiye\u202fDiyanet\u202fVakf\u0131, Tanzanya&#8217;da ramazan yard\u0131mlar\u0131n\u0131 s\u00fcrd\u00fcr\u00fcyor, g\u0131da paketi, g\u0131da kolileri,ramazan\n\t\t\t\t<\/dd><\/dl><dl class='gallery-item'>\n\t\t\t<dt class='gallery-icon landscape'>\n\t\t\t\t<a href='https:\/\/tdv.org\/tr-TR\/wp-content\/uploads\/2026\/02\/turkiye-diyanet-vakfi-tanzanya-da-ramazan-yardimlarini-surduruyor-15.jpg'><img decoding=\"async\" width=\"1024\" height=\"683\" src=\"https:\/\/tdv.org\/tr-TR\/wp-content\/uploads\/2026\/02\/turkiye-diyanet-vakfi-tanzanya-da-ramazan-yardimlarini-surduruyor-15-1024x683.jpg\" class=\"attachment-large size-large\" alt=\"\" aria-describedby=\"gallery-1-55675\" srcset=\"https:\/\/tdv.org\/tr-TR\/wp-content\/uploads\/2026\/02\/turkiye-diyanet-vakfi-tanzanya-da-ramazan-yardimlarini-surduruyor-15-1024x683.jpg 1024w, https:\/\/tdv.org\/tr-TR\/wp-content\/uploads\/2026\/02\/turkiye-diyanet-vakfi-tanzanya-da-ramazan-yardimlarini-surduruyor-15-300x200.jpg 300w, https:\/\/tdv.org\/tr-TR\/wp-content\/uploads\/2026\/02\/turkiye-diyanet-vakfi-tanzanya-da-ramazan-yardimlarini-surduruyor-15-768x512.jpg 768w, https:\/\/tdv.org\/tr-TR\/wp-content\/uploads\/2026\/02\/turkiye-diyanet-vakfi-tanzanya-da-ramazan-yardimlarini-surduruyor-15-900x600.jpg 900w, https:\/\/tdv.org\/tr-TR\/wp-content\/uploads\/2026\/02\/turkiye-diyanet-vakfi-tanzanya-da-ramazan-yardimlarini-surduruyor-15.jpg 1152w\" sizes=\"(max-width: 1024px) 100vw, 1024px\" \/><\/a>\n\t\t\t<\/dt>\n\t\t\t\t<dd class='wp-caption-text gallery-caption' id='gallery-1-55675'>\n\t\t\t\tT\u00fcrkiye\u202fDiyanet\u202fVakf\u0131, Tanzanya&#8217;da ramazan yard\u0131mlar\u0131n\u0131 s\u00fcrd\u00fcr\u00fcyor, g\u0131da paketi, g\u0131da kolileri,ramazan\n\t\t\t\t<\/dd><\/dl><br style=\"clear: both\" \/><dl class='gallery-item'>\n\t\t\t<dt class='gallery-icon landscape'>\n\t\t\t\t<a href='https:\/\/tdv.org\/tr-TR\/wp-content\/uploads\/2026\/02\/turkiye-diyanet-vakfi-tanzanya-da-ramazan-yardimlarini-surduruyor-16.jpg'><img decoding=\"async\" width=\"1024\" height=\"683\" src=\"https:\/\/tdv.org\/tr-TR\/wp-content\/uploads\/2026\/02\/turkiye-diyanet-vakfi-tanzanya-da-ramazan-yardimlarini-surduruyor-16-1024x683.jpg\" class=\"attachment-large size-large\" alt=\"\" aria-describedby=\"gallery-1-55676\" srcset=\"https:\/\/tdv.org\/tr-TR\/wp-content\/uploads\/2026\/02\/turkiye-diyanet-vakfi-tanzanya-da-ramazan-yardimlarini-surduruyor-16-1024x683.jpg 1024w, https:\/\/tdv.org\/tr-TR\/wp-content\/uploads\/2026\/02\/turkiye-diyanet-vakfi-tanzanya-da-ramazan-yardimlarini-surduruyor-16-300x200.jpg 300w, https:\/\/tdv.org\/tr-TR\/wp-content\/uploads\/2026\/02\/turkiye-diyanet-vakfi-tanzanya-da-ramazan-yardimlarini-surduruyor-16-768x512.jpg 768w, https:\/\/tdv.org\/tr-TR\/wp-content\/uploads\/2026\/02\/turkiye-diyanet-vakfi-tanzanya-da-ramazan-yardimlarini-surduruyor-16-900x600.jpg 900w, https:\/\/tdv.org\/tr-TR\/wp-content\/uploads\/2026\/02\/turkiye-diyanet-vakfi-tanzanya-da-ramazan-yardimlarini-surduruyor-16.jpg 1152w\" sizes=\"(max-width: 1024px) 100vw, 1024px\" \/><\/a>\n\t\t\t<\/dt>\n\t\t\t\t<dd class='wp-caption-text gallery-caption' id='gallery-1-55676'>\n\t\t\t\tT\u00fcrkiye\u202fDiyanet\u202fVakf\u0131, Tanzanya&#8217;da ramazan yard\u0131mlar\u0131n\u0131 s\u00fcrd\u00fcr\u00fcyor, g\u0131da paketi, g\u0131da kolileri,ramazan\n\t\t\t\t<\/dd><\/dl>\n\t\t\t<br style='clear: both' \/>\n\t\t<\/div>\n\n","protected":false},"excerpt":{"rendered":"<p>T\u00fcrkiye\u202fDiyanet\u202fVakf\u0131\u202f(TDV) taraf\u0131ndan ramazan ay\u0131 dolay\u0131s\u0131yla Tanzanya&#8217;n\u0131n Dar Es Salaam kentinde ihtiya\u00e7 sahiplerine g\u0131da paketi da\u011f\u0131t\u0131ld\u0131.\u00a0 TDV g\u00f6revlileri ve\u202fDiyanet\u202f\u0130\u015fleri T\u00fcrk \u0130slam Birli\u011fi \u00fcyelerinin\u00a0i\u015fbirli\u011fiyle, kent merkezi ve k\u0131rsal mahallelerdeki ihtiya\u00e7 sahibi ailelere&#8230;<\/p>\n","protected":false},"author":14,"featured_media":55674,"comment_status":"closed","ping_status":"closed","sticky":false,"template":"","format":"standard","meta":{"footnotes":""},"categories":[1],"tags":[2470,968,2480,613,701,525],"class_list":{"0":"post-55341","1":"post","2":"type-post","3":"status-publish","4":"format-standard","5":"has-post-thumbnail","7":"category-haberler","8":"tag-2026-ramazan","9":"tag-gida","10":"tag-gida-destegi","11":"tag-gida-kolisi","12":"tag-gida-paketi","13":"tag-gida-yardimi"},"yoast_head":"<!-- This site is optimized with the Yoast SEO plugin v27.5 - https:\/\/yoast.com\/product\/yoast-seo-wordpress\/ -->\n<title>T\u00fcrkiye\u202fDiyanet\u202fVakf\u0131, Tanzanya&#039;da ramazan yard\u0131mlar\u0131n\u0131 s\u00fcrd\u00fcr\u00fcyor<\/title>\n<meta name=\"description\" content=\"T\u00fcrkiye\u202fDiyanet\u202fVakf\u0131\u202f(TDV) taraf\u0131ndan ramazan ay\u0131 dolay\u0131s\u0131yla Tanzanya&#039;n\u0131n Dar Es Salaam kentinde ihtiya\u00e7 sahiplerine g\u0131da paketi da\u011f\u0131t\u0131ld\u0131.\u00a0\" \/>\n<meta name=\"robots\" content=\"index, follow, max-snippet:-1, max-image-preview:large, max-video-preview:-1\" \/>\n<link rel=\"canonical\" href=\"https:\/\/tdv.org\/tr-TR\/turkiye-diyanet-vakfi-tanzanyada-ramazan-yardimlarini-surduruyor\/\" \/>\n<meta property=\"og:locale\" content=\"tr_TR\" \/>\n<meta property=\"og:type\" content=\"article\" \/>\n<meta property=\"og:title\" content=\"T\u00fcrkiye\u202fDiyanet\u202fVakf\u0131, Tanzanya&#039;da ramazan yard\u0131mlar\u0131n\u0131 s\u00fcrd\u00fcr\u00fcyor\" \/>\n<meta property=\"og:description\" content=\"T\u00fcrkiye\u202fDiyanet\u202fVakf\u0131\u202f(TDV) taraf\u0131ndan ramazan ay\u0131 dolay\u0131s\u0131yla Tanzanya&#039;n\u0131n Dar Es Salaam kentinde ihtiya\u00e7 sahiplerine g\u0131da paketi da\u011f\u0131t\u0131ld\u0131.\u00a0\" \/>\n<meta property=\"og:url\" content=\"https:\/\/tdv.org\/tr-TR\/turkiye-diyanet-vakfi-tanzanyada-ramazan-yardimlarini-surduruyor\/\" \/>\n<meta property=\"og:site_name\" content=\"T\u00fcrkiye Diyanet Vakf\u0131 Resmi Web Sitesi\" \/>\n<meta property=\"article:publisher\" content=\"https:\/\/www.facebook.com\/Diyanetvakfi\/\" \/>\n<meta property=\"article:published_time\" content=\"2026-02-26T09:03:41+00:00\" \/>\n<meta property=\"article:modified_time\" content=\"2026-03-03T07:41:43+00:00\" \/>\n<meta property=\"og:image\" content=\"https:\/\/tdv.org\/tr-TR\/wp-content\/uploads\/2026\/02\/turkiye-diyanet-vakfi-tanzanya-da-ramazan-yardimlarini-surduruyor-14.jpg\" \/>\n\t<meta property=\"og:image:width\" content=\"1152\" \/>\n\t<meta property=\"og:image:height\" content=\"768\" \/>\n\t<meta property=\"og:image:type\" content=\"image\/jpeg\" \/>\n<meta name=\"author\" content=\"Mustafa Sunar\" \/>\n<meta name=\"twitter:card\" content=\"summary_large_image\" \/>\n<meta name=\"twitter:creator\" content=\"@DiyanetVakfi\" \/>\n<meta name=\"twitter:site\" content=\"@DiyanetVakfi\" \/>\n<script type=\"application\/ld+json\" class=\"yoast-schema-graph\">{\"@context\":\"https:\\\/\\\/schema.org\",\"@graph\":[{\"@type\":\"Article\",\"@id\":\"https:\\\/\\\/tdv.org\\\/tr-TR\\\/turkiye-diyanet-vakfi-tanzanyada-ramazan-yardimlarini-surduruyor\\\/#article\",\"isPartOf\":{\"@id\":\"https:\\\/\\\/tdv.org\\\/tr-TR\\\/turkiye-diyanet-vakfi-tanzanyada-ramazan-yardimlarini-surduruyor\\\/\"},\"author\":{\"name\":\"Mustafa Sunar\",\"@id\":\"https:\\\/\\\/tdv.org\\\/tr-TR\\\/#\\\/schema\\\/person\\\/59c31b2380b0fdfe778b0df2c86686c2\"},\"headline\":\"T\u00fcrkiye\u202fDiyanet\u202fVakf\u0131, Tanzanya&#8217;da ramazan yard\u0131mlar\u0131n\u0131 s\u00fcrd\u00fcr\u00fcyor\",\"datePublished\":\"2026-02-26T09:03:41+00:00\",\"dateModified\":\"2026-03-03T07:41:43+00:00\",\"mainEntityOfPage\":{\"@id\":\"https:\\\/\\\/tdv.org\\\/tr-TR\\\/turkiye-diyanet-vakfi-tanzanyada-ramazan-yardimlarini-surduruyor\\\/\"},\"wordCount\":177,\"publisher\":{\"@id\":\"https:\\\/\\\/tdv.org\\\/tr-TR\\\/#organization\"},\"image\":{\"@id\":\"https:\\\/\\\/tdv.org\\\/tr-TR\\\/turkiye-diyanet-vakfi-tanzanyada-ramazan-yardimlarini-surduruyor\\\/#primaryimage\"},\"thumbnailUrl\":\"https:\\\/\\\/tdv.org\\\/tr-TR\\\/wp-content\\\/uploads\\\/2026\\\/02\\\/turkiye-diyanet-vakfi-tanzanya-da-ramazan-yardimlarini-surduruyor-14.jpg\",\"keywords\":[\"2026 Ramazan\",\"g\u0131da\",\"g\u0131da deste\u011fi\",\"g\u0131da kolisi\",\"g\u0131da paketi\",\"g\u0131da yard\u0131m\u0131\"],\"articleSection\":[\"Haberler\"],\"inLanguage\":\"tr\"},{\"@type\":\"WebPage\",\"@id\":\"https:\\\/\\\/tdv.org\\\/tr-TR\\\/turkiye-diyanet-vakfi-tanzanyada-ramazan-yardimlarini-surduruyor\\\/\",\"url\":\"https:\\\/\\\/tdv.org\\\/tr-TR\\\/turkiye-diyanet-vakfi-tanzanyada-ramazan-yardimlarini-surduruyor\\\/\",\"name\":\"T\u00fcrkiye\u202fDiyanet\u202fVakf\u0131, Tanzanya'da ramazan yard\u0131mlar\u0131n\u0131 s\u00fcrd\u00fcr\u00fcyor\",\"isPartOf\":{\"@id\":\"https:\\\/\\\/tdv.org\\\/tr-TR\\\/#website\"},\"primaryImageOfPage\":{\"@id\":\"https:\\\/\\\/tdv.org\\\/tr-TR\\\/turkiye-diyanet-vakfi-tanzanyada-ramazan-yardimlarini-surduruyor\\\/#primaryimage\"},\"image\":{\"@id\":\"https:\\\/\\\/tdv.org\\\/tr-TR\\\/turkiye-diyanet-vakfi-tanzanyada-ramazan-yardimlarini-surduruyor\\\/#primaryimage\"},\"thumbnailUrl\":\"https:\\\/\\\/tdv.org\\\/tr-TR\\\/wp-content\\\/uploads\\\/2026\\\/02\\\/turkiye-diyanet-vakfi-tanzanya-da-ramazan-yardimlarini-surduruyor-14.jpg\",\"datePublished\":\"2026-02-26T09:03:41+00:00\",\"dateModified\":\"2026-03-03T07:41:43+00:00\",\"description\":\"T\u00fcrkiye\u202fDiyanet\u202fVakf\u0131\u202f(TDV) taraf\u0131ndan ramazan ay\u0131 dolay\u0131s\u0131yla Tanzanya'n\u0131n Dar Es Salaam kentinde ihtiya\u00e7 sahiplerine g\u0131da paketi da\u011f\u0131t\u0131ld\u0131.\u00a0\",\"breadcrumb\":{\"@id\":\"https:\\\/\\\/tdv.org\\\/tr-TR\\\/turkiye-diyanet-vakfi-tanzanyada-ramazan-yardimlarini-surduruyor\\\/#breadcrumb\"},\"inLanguage\":\"tr\",\"potentialAction\":[{\"@type\":\"ReadAction\",\"target\":[\"https:\\\/\\\/tdv.org\\\/tr-TR\\\/turkiye-diyanet-vakfi-tanzanyada-ramazan-yardimlarini-surduruyor\\\/\"]}]},{\"@type\":\"ImageObject\",\"inLanguage\":\"tr\",\"@id\":\"https:\\\/\\\/tdv.org\\\/tr-TR\\\/turkiye-diyanet-vakfi-tanzanyada-ramazan-yardimlarini-surduruyor\\\/#primaryimage\",\"url\":\"https:\\\/\\\/tdv.org\\\/tr-TR\\\/wp-content\\\/uploads\\\/2026\\\/02\\\/turkiye-diyanet-vakfi-tanzanya-da-ramazan-yardimlarini-surduruyor-14.jpg\",\"contentUrl\":\"https:\\\/\\\/tdv.org\\\/tr-TR\\\/wp-content\\\/uploads\\\/2026\\\/02\\\/turkiye-diyanet-vakfi-tanzanya-da-ramazan-yardimlarini-surduruyor-14.jpg\",\"width\":1152,\"height\":768,\"caption\":\"T\u00fcrkiye\u202fDiyanet\u202fVakf\u0131, Tanzanya'da ramazan yard\u0131mlar\u0131n\u0131 s\u00fcrd\u00fcr\u00fcyor, g\u0131da paketi, g\u0131da kolileri,ramazan\"},{\"@type\":\"BreadcrumbList\",\"@id\":\"https:\\\/\\\/tdv.org\\\/tr-TR\\\/turkiye-diyanet-vakfi-tanzanyada-ramazan-yardimlarini-surduruyor\\\/#breadcrumb\",\"itemListElement\":[{\"@type\":\"ListItem\",\"position\":1,\"name\":\"Anasayfa\",\"item\":\"https:\\\/\\\/tdv.org\\\/tr-TR\\\/\"},{\"@type\":\"ListItem\",\"position\":2,\"name\":\"T\u00fcrkiye\u202fDiyanet\u202fVakf\u0131, Tanzanya&#8217;da ramazan yard\u0131mlar\u0131n\u0131 s\u00fcrd\u00fcr\u00fcyor\"}]},{\"@type\":\"WebSite\",\"@id\":\"https:\\\/\\\/tdv.org\\\/tr-TR\\\/#website\",\"url\":\"https:\\\/\\\/tdv.org\\\/tr-TR\\\/\",\"name\":\"T\u00fcrkiye Diyanet Vakf\u0131 Resmi Web Sitesi\",\"description\":\"Yery\u00fcz\u00fcnde iyilik egemen oluncaya kadar\",\"publisher\":{\"@id\":\"https:\\\/\\\/tdv.org\\\/tr-TR\\\/#organization\"},\"alternateName\":\"T\u00fcrkiye Diyanet Vakf\u0131\",\"potentialAction\":[{\"@type\":\"SearchAction\",\"target\":{\"@type\":\"EntryPoint\",\"urlTemplate\":\"https:\\\/\\\/tdv.org\\\/tr-TR\\\/?s={search_term_string}\"},\"query-input\":{\"@type\":\"PropertyValueSpecification\",\"valueRequired\":true,\"valueName\":\"search_term_string\"}}],\"inLanguage\":\"tr\"},{\"@type\":\"Organization\",\"@id\":\"https:\\\/\\\/tdv.org\\\/tr-TR\\\/#organization\",\"name\":\"T\u00fcrkiye Diyanet Vakf\u0131\",\"alternateName\":\"T\u00fcrkiye Diyanet Vakf\u0131\",\"url\":\"https:\\\/\\\/tdv.org\\\/tr-TR\\\/\",\"logo\":{\"@type\":\"ImageObject\",\"inLanguage\":\"tr\",\"@id\":\"https:\\\/\\\/tdv.org\\\/tr-TR\\\/#\\\/schema\\\/logo\\\/image\\\/\",\"url\":\"https:\\\/\\\/tdv.org\\\/tr-TR\\\/wp-content\\\/uploads\\\/2018\\\/12\\\/TDV_Logo_1.png\",\"contentUrl\":\"https:\\\/\\\/tdv.org\\\/tr-TR\\\/wp-content\\\/uploads\\\/2018\\\/12\\\/TDV_Logo_1.png\",\"width\":207,\"height\":71,\"caption\":\"T\u00fcrkiye Diyanet Vakf\u0131\"},\"image\":{\"@id\":\"https:\\\/\\\/tdv.org\\\/tr-TR\\\/#\\\/schema\\\/logo\\\/image\\\/\"},\"sameAs\":[\"https:\\\/\\\/www.facebook.com\\\/Diyanetvakfi\\\/\",\"https:\\\/\\\/x.com\\\/DiyanetVakfi\",\"https:\\\/\\\/www.instagram.com\\\/turkiyediyanetvakfi\\\/\",\"https:\\\/\\\/www.youtube.com\\\/user\\\/TurkiyeDiyanetVakfi\"]},{\"@type\":\"Person\",\"@id\":\"https:\\\/\\\/tdv.org\\\/tr-TR\\\/#\\\/schema\\\/person\\\/59c31b2380b0fdfe778b0df2c86686c2\",\"name\":\"Mustafa Sunar\",\"image\":{\"@type\":\"ImageObject\",\"inLanguage\":\"tr\",\"@id\":\"https:\\\/\\\/tdv.org\\\/tr-TR\\\/wp-content\\\/litespeed\\\/avatar\\\/881966e14150a12f093f73848867e8e7.jpg?ver=1777627359\",\"url\":\"https:\\\/\\\/tdv.org\\\/tr-TR\\\/wp-content\\\/litespeed\\\/avatar\\\/881966e14150a12f093f73848867e8e7.jpg?ver=1777627359\",\"contentUrl\":\"https:\\\/\\\/tdv.org\\\/tr-TR\\\/wp-content\\\/litespeed\\\/avatar\\\/881966e14150a12f093f73848867e8e7.jpg?ver=1777627359\",\"caption\":\"Mustafa Sunar\"}}]}<\/script>\n<!-- \/ Yoast SEO plugin. -->","yoast_head_json":{"title":"T\u00fcrkiye\u202fDiyanet\u202fVakf\u0131, Tanzanya'da ramazan yard\u0131mlar\u0131n\u0131 s\u00fcrd\u00fcr\u00fcyor","description":"T\u00fcrkiye\u202fDiyanet\u202fVakf\u0131\u202f(TDV) taraf\u0131ndan ramazan ay\u0131 dolay\u0131s\u0131yla Tanzanya'n\u0131n Dar Es Salaam kentinde ihtiya\u00e7 sahiplerine g\u0131da paketi da\u011f\u0131t\u0131ld\u0131.\u00a0","robots":{"index":"index","follow":"follow","max-snippet":"max-snippet:-1","max-image-preview":"max-image-preview:large","max-video-preview":"max-video-preview:-1"},"canonical":"https:\/\/tdv.org\/tr-TR\/turkiye-diyanet-vakfi-tanzanyada-ramazan-yardimlarini-surduruyor\/","og_locale":"tr_TR","og_type":"article","og_title":"T\u00fcrkiye\u202fDiyanet\u202fVakf\u0131, Tanzanya'da ramazan yard\u0131mlar\u0131n\u0131 s\u00fcrd\u00fcr\u00fcyor","og_description":"T\u00fcrkiye\u202fDiyanet\u202fVakf\u0131\u202f(TDV) taraf\u0131ndan ramazan ay\u0131 dolay\u0131s\u0131yla Tanzanya'n\u0131n Dar Es Salaam kentinde ihtiya\u00e7 sahiplerine g\u0131da paketi da\u011f\u0131t\u0131ld\u0131.\u00a0","og_url":"https:\/\/tdv.org\/tr-TR\/turkiye-diyanet-vakfi-tanzanyada-ramazan-yardimlarini-surduruyor\/","og_site_name":"T\u00fcrkiye Diyanet Vakf\u0131 Resmi Web Sitesi","article_publisher":"https:\/\/www.facebook.com\/Diyanetvakfi\/","article_published_time":"2026-02-26T09:03:41+00:00","article_modified_time":"2026-03-03T07:41:43+00:00","og_image":[{"width":1152,"height":768,"url":"https:\/\/tdv.org\/tr-TR\/wp-content\/uploads\/2026\/02\/turkiye-diyanet-vakfi-tanzanya-da-ramazan-yardimlarini-surduruyor-14.jpg","type":"image\/jpeg"}],"author":"Mustafa Sunar","twitter_card":"summary_large_image","twitter_creator":"@DiyanetVakfi","twitter_site":"@DiyanetVakfi","schema":{"@context":"https:\/\/schema.org","@graph":[{"@type":"Article","@id":"https:\/\/tdv.org\/tr-TR\/turkiye-diyanet-vakfi-tanzanyada-ramazan-yardimlarini-surduruyor\/#article","isPartOf":{"@id":"https:\/\/tdv.org\/tr-TR\/turkiye-diyanet-vakfi-tanzanyada-ramazan-yardimlarini-surduruyor\/"},"author":{"name":"Mustafa Sunar","@id":"https:\/\/tdv.org\/tr-TR\/#\/schema\/person\/59c31b2380b0fdfe778b0df2c86686c2"},"headline":"T\u00fcrkiye\u202fDiyanet\u202fVakf\u0131, Tanzanya&#8217;da ramazan yard\u0131mlar\u0131n\u0131 s\u00fcrd\u00fcr\u00fcyor","datePublished":"2026-02-26T09:03:41+00:00","dateModified":"2026-03-03T07:41:43+00:00","mainEntityOfPage":{"@id":"https:\/\/tdv.org\/tr-TR\/turkiye-diyanet-vakfi-tanzanyada-ramazan-yardimlarini-surduruyor\/"},"wordCount":177,"publisher":{"@id":"https:\/\/tdv.org\/tr-TR\/#organization"},"image":{"@id":"https:\/\/tdv.org\/tr-TR\/turkiye-diyanet-vakfi-tanzanyada-ramazan-yardimlarini-surduruyor\/#primaryimage"},"thumbnailUrl":"https:\/\/tdv.org\/tr-TR\/wp-content\/uploads\/2026\/02\/turkiye-diyanet-vakfi-tanzanya-da-ramazan-yardimlarini-surduruyor-14.jpg","keywords":["2026 Ramazan","g\u0131da","g\u0131da deste\u011fi","g\u0131da kolisi","g\u0131da paketi","g\u0131da yard\u0131m\u0131"],"articleSection":["Haberler"],"inLanguage":"tr"},{"@type":"WebPage","@id":"https:\/\/tdv.org\/tr-TR\/turkiye-diyanet-vakfi-tanzanyada-ramazan-yardimlarini-surduruyor\/","url":"https:\/\/tdv.org\/tr-TR\/turkiye-diyanet-vakfi-tanzanyada-ramazan-yardimlarini-surduruyor\/","name":"T\u00fcrkiye\u202fDiyanet\u202fVakf\u0131, Tanzanya'da ramazan yard\u0131mlar\u0131n\u0131 s\u00fcrd\u00fcr\u00fcyor","isPartOf":{"@id":"https:\/\/tdv.org\/tr-TR\/#website"},"primaryImageOfPage":{"@id":"https:\/\/tdv.org\/tr-TR\/turkiye-diyanet-vakfi-tanzanyada-ramazan-yardimlarini-surduruyor\/#primaryimage"},"image":{"@id":"https:\/\/tdv.org\/tr-TR\/turkiye-diyanet-vakfi-tanzanyada-ramazan-yardimlarini-surduruyor\/#primaryimage"},"thumbnailUrl":"https:\/\/tdv.org\/tr-TR\/wp-content\/uploads\/2026\/02\/turkiye-diyanet-vakfi-tanzanya-da-ramazan-yardimlarini-surduruyor-14.jpg","datePublished":"2026-02-26T09:03:41+00:00","dateModified":"2026-03-03T07:41:43+00:00","description":"T\u00fcrkiye\u202fDiyanet\u202fVakf\u0131\u202f(TDV) taraf\u0131ndan ramazan ay\u0131 dolay\u0131s\u0131yla Tanzanya'n\u0131n Dar Es Salaam kentinde ihtiya\u00e7 sahiplerine g\u0131da paketi da\u011f\u0131t\u0131ld\u0131.\u00a0","breadcrumb":{"@id":"https:\/\/tdv.org\/tr-TR\/turkiye-diyanet-vakfi-tanzanyada-ramazan-yardimlarini-surduruyor\/#breadcrumb"},"inLanguage":"tr","potentialAction":[{"@type":"ReadAction","target":["https:\/\/tdv.org\/tr-TR\/turkiye-diyanet-vakfi-tanzanyada-ramazan-yardimlarini-surduruyor\/"]}]},{"@type":"ImageObject","inLanguage":"tr","@id":"https:\/\/tdv.org\/tr-TR\/turkiye-diyanet-vakfi-tanzanyada-ramazan-yardimlarini-surduruyor\/#primaryimage","url":"https:\/\/tdv.org\/tr-TR\/wp-content\/uploads\/2026\/02\/turkiye-diyanet-vakfi-tanzanya-da-ramazan-yardimlarini-surduruyor-14.jpg","contentUrl":"https:\/\/tdv.org\/tr-TR\/wp-content\/uploads\/2026\/02\/turkiye-diyanet-vakfi-tanzanya-da-ramazan-yardimlarini-surduruyor-14.jpg","width":1152,"height":768,"caption":"T\u00fcrkiye\u202fDiyanet\u202fVakf\u0131, Tanzanya'da ramazan yard\u0131mlar\u0131n\u0131 s\u00fcrd\u00fcr\u00fcyor, g\u0131da paketi, g\u0131da kolileri,ramazan"},{"@type":"BreadcrumbList","@id":"https:\/\/tdv.org\/tr-TR\/turkiye-diyanet-vakfi-tanzanyada-ramazan-yardimlarini-surduruyor\/#breadcrumb","itemListElement":[{"@type":"ListItem","position":1,"name":"Anasayfa","item":"https:\/\/tdv.org\/tr-TR\/"},{"@type":"ListItem","position":2,"name":"T\u00fcrkiye\u202fDiyanet\u202fVakf\u0131, Tanzanya&#8217;da ramazan yard\u0131mlar\u0131n\u0131 s\u00fcrd\u00fcr\u00fcyor"}]},{"@type":"WebSite","@id":"https:\/\/tdv.org\/tr-TR\/#website","url":"https:\/\/tdv.org\/tr-TR\/","name":"T\u00fcrkiye Diyanet Vakf\u0131 Resmi Web Sitesi","description":"Yery\u00fcz\u00fcnde iyilik egemen oluncaya kadar","publisher":{"@id":"https:\/\/tdv.org\/tr-TR\/#organization"},"alternateName":"T\u00fcrkiye Diyanet Vakf\u0131","potentialAction":[{"@type":"SearchAction","target":{"@type":"EntryPoint","urlTemplate":"https:\/\/tdv.org\/tr-TR\/?s={search_term_string}"},"query-input":{"@type":"PropertyValueSpecification","valueRequired":true,"valueName":"search_term_string"}}],"inLanguage":"tr"},{"@type":"Organization","@id":"https:\/\/tdv.org\/tr-TR\/#organization","name":"T\u00fcrkiye Diyanet Vakf\u0131","alternateName":"T\u00fcrkiye Diyanet Vakf\u0131","url":"https:\/\/tdv.org\/tr-TR\/","logo":{"@type":"ImageObject","inLanguage":"tr","@id":"https:\/\/tdv.org\/tr-TR\/#\/schema\/logo\/image\/","url":"https:\/\/tdv.org\/tr-TR\/wp-content\/uploads\/2018\/12\/TDV_Logo_1.png","contentUrl":"https:\/\/tdv.org\/tr-TR\/wp-content\/uploads\/2018\/12\/TDV_Logo_1.png","width":207,"height":71,"caption":"T\u00fcrkiye Diyanet Vakf\u0131"},"image":{"@id":"https:\/\/tdv.org\/tr-TR\/#\/schema\/logo\/image\/"},"sameAs":["https:\/\/www.facebook.com\/Diyanetvakfi\/","https:\/\/x.com\/DiyanetVakfi","https:\/\/www.instagram.com\/turkiyediyanetvakfi\/","https:\/\/www.youtube.com\/user\/TurkiyeDiyanetVakfi"]},{"@type":"Person","@id":"https:\/\/tdv.org\/tr-TR\/#\/schema\/person\/59c31b2380b0fdfe778b0df2c86686c2","name":"Mustafa Sunar","image":{"@type":"ImageObject","inLanguage":"tr","@id":"https:\/\/tdv.org\/tr-TR\/wp-content\/litespeed\/avatar\/881966e14150a12f093f73848867e8e7.jpg?ver=1777627359","url":"https:\/\/tdv.org\/tr-TR\/wp-content\/litespeed\/avatar\/881966e14150a12f093f73848867e8e7.jpg?ver=1777627359","contentUrl":"https:\/\/tdv.org\/tr-TR\/wp-content\/litespeed\/avatar\/881966e14150a12f093f73848867e8e7.jpg?ver=1777627359","caption":"Mustafa Sunar"}}]}},"_links":{"self":[{"href":"https:\/\/tdv.org\/tr-TR\/wp-json\/wp\/v2\/posts\/55341","targetHints":{"allow":["GET"]}}],"collection":[{"href":"https:\/\/tdv.org\/tr-TR\/wp-json\/wp\/v2\/posts"}],"about":[{"href":"https:\/\/tdv.org\/tr-TR\/wp-json\/wp\/v2\/types\/post"}],"author":[{"embeddable":true,"href":"https:\/\/tdv.org\/tr-TR\/wp-json\/wp\/v2\/users\/14"}],"replies":[{"embeddable":true,"href":"https:\/\/tdv.org\/tr-TR\/wp-json\/wp\/v2\/comments?post=55341"}],"version-history":[{"count":4,"href":"https:\/\/tdv.org\/tr-TR\/wp-json\/wp\/v2\/posts\/55341\/revisions"}],"predecessor-version":[{"id":55822,"href":"https:\/\/tdv.org\/tr-TR\/wp-json\/wp\/v2\/posts\/55341\/revisions\/55822"}],"wp:featuredmedia":[{"embeddable":true,"href":"https:\/\/tdv.org\/tr-TR\/wp-json\/wp\/v2\/media\/55674"}],"wp:attachment":[{"href":"https:\/\/tdv.org\/tr-TR\/wp-json\/wp\/v2\/media?parent=55341"}],"wp:term":[{"taxonomy":"category","embeddable":true,"href":"https:\/\/tdv.org\/tr-TR\/wp-json\/wp\/v2\/categories?post=55341"},{"taxonomy":"post_tag","embeddable":true,"href":"https:\/\/tdv.org\/tr-TR\/wp-json\/wp\/v2\/tags?post=55341"}],"curies":[{"name":"wp","href":"https:\/\/api.w.org\/{rel}","templated":true}]}}