{"id":55378,"date":"2026-02-26T15:30:22","date_gmt":"2026-02-26T12:30:22","guid":{"rendered":"https:\/\/tdv.org\/tr-TR\/?p=55378"},"modified":"2026-03-03T10:39:30","modified_gmt":"2026-03-03T07:39:30","slug":"turkiye-diyanet-vakfi-tanzanyada-ihtiyac-sahiplerinin-ve-yetimlerin-yuzunu-guldurdu","status":"publish","type":"post","link":"https:\/\/tdv.org\/tr-TR\/turkiye-diyanet-vakfi-tanzanyada-ihtiyac-sahiplerinin-ve-yetimlerin-yuzunu-guldurdu\/","title":{"rendered":"T\u00fcrkiye\u202fDiyanet\u202fVakf\u0131, Tanzanya&#8217;da ihtiya\u00e7 sahiplerinin ve yetimlerin y\u00fcz\u00fcn\u00fc g\u00fcld\u00fcrd\u00fc"},"content":{"rendered":"<p style=\"text-align: justify;\"><span data-contrast=\"none\">T\u00fcrkiye\u202fDiyanet\u202fVakf\u0131\u202f(TDV), <a href=\"https:\/\/bagis.tdv.org\/#ramazan\" target=\"_blank\" rel=\"noopener\">ramazan<\/a> dolay\u0131s\u0131yla Tanzanya&#8217;n\u0131n Zanzibar b\u00f6lgesindeki Pemba Adas\u0131&#8217;nda ihtiya\u00e7 sahiplerine <a href=\"https:\/\/bagis.tdv.org\/ramazan\/gida-paketi-39\" target=\"_blank\" rel=\"noopener\">g\u0131da paketi,<\/a> <a href=\"https:\/\/bagis.tdv.org\/#yetim\" target=\"_blank\" rel=\"noopener\">yetim<\/a>lere de k\u0131yafet da\u011f\u0131tt\u0131.<\/span><span data-ccp-props=\"{&quot;134233118&quot;:true,&quot;201341983&quot;:2,&quot;335557856&quot;:16777215,&quot;335559740&quot;:390}\">\u00a0<\/span><\/p>\n<p style=\"text-align: justify;\"><span data-contrast=\"none\">TDV g\u00f6revlileri ve g\u00f6n\u00fcll\u00fclerin\u00a0i\u015fbirli\u011fiyle,\u00a0Pemba\u00a0Adas\u0131&#8217;ndaki ihtiya\u00e7 sahipleri i\u00e7in ba\u011f\u0131\u015f\u00e7\u0131lar\u0131n destekleriyle haz\u0131rlanan kolilerde, ya\u011f, un, pirin\u00e7, fasulye ve \u015feker gibi temel ihtiya\u00e7lar\u0131n giderilebilece\u011fi malzemeler yer al\u0131yor.<\/span><span data-ccp-props=\"{&quot;134233118&quot;:true,&quot;201341983&quot;:2,&quot;335557856&quot;:16777215,&quot;335559740&quot;:390}\">\u00a0<\/span><\/p>\n<p style=\"text-align: justify;\"><span data-contrast=\"none\">Adan\u0131n \u00e7e\u015fitli b\u00f6lgelerinde ger\u00e7ekle\u015ftirilen da\u011f\u0131t\u0131m programlar\u0131nda, k\u0131yafet ve paket da\u011f\u0131t\u0131lan okullardaki \u00f6\u011frenciler, ihtiya\u00e7 sahipleri ve <a href=\"https:\/\/bagis.tdv.org\/#yetim\" target=\"_blank\" rel=\"noopener\">yetim<\/a>ler, hay\u0131rseverlere dua etti.<\/span><span data-ccp-props=\"{&quot;134233118&quot;:true,&quot;201341983&quot;:2,&quot;335557856&quot;:16777215,&quot;335559740&quot;:390}\">\u00a0<\/span><\/p>\n<p style=\"text-align: justify;\"><span data-contrast=\"none\">Yard\u0131m da\u011f\u0131t\u0131m program\u0131na kat\u0131lan TDV Kurumsal \u0130leti\u015fim M\u00fcd\u00fcr\u00fc Hamit Karda\u015f, ihtiya\u00e7 sahibi ailelerin ve <a href=\"https:\/\/bagis.tdv.org\/#yetim\" target=\"_blank\" rel=\"noopener\">yetim<\/a>lerin <a href=\"https:\/\/bagis.tdv.org\/#ramazan\" target=\"_blank\" rel=\"noopener\">ramazan<\/a>\u0131n\u0131 tebrik etti.<\/span><span data-ccp-props=\"{&quot;134233118&quot;:true,&quot;201341983&quot;:2,&quot;335557856&quot;:16777215,&quot;335559740&quot;:390}\">\u00a0<\/span><\/p>\n<p style=\"text-align: justify;\"><span data-contrast=\"none\">T\u00fcrk hay\u0131rseverlerin Afrika&#8217;daki karde\u015flerini unutmad\u0131\u011f\u0131n\u0131 ifade eden\u00a0Karda\u015f,\u00a0TDV&#8217;nin\u00a0her zaman ihtiya\u00e7 sahiplerinin yan\u0131nda oldu\u011funu belirtti.<\/span><span data-ccp-props=\"{&quot;134233118&quot;:true,&quot;201341983&quot;:2,&quot;335557856&quot;:16777215,&quot;335559740&quot;:390}\">\u00a0<\/span><\/p>\n<p style=\"text-align: justify;\"><span data-contrast=\"none\">\u00d6te yandan yard\u0131m alan baz\u0131 ihtiya\u00e7 sahibi ailelerin ba\u015flar\u0131n\u0131n \u00fczerinde ta\u015f\u0131d\u0131\u011f\u0131 <a href=\"https:\/\/bagis.tdv.org\/ramazan\/gida-paketi-39\" target=\"_blank\" rel=\"noopener\">g\u0131da\u00a0paketlerini<\/a>\u00a0ada k\u0131y\u0131s\u0131nda tekneye y\u00fckledi\u011fi ve civarda bulunan adalara g\u00f6t\u00fcrd\u00fc\u011f\u00fc g\u00f6r\u00fcld\u00fc.<\/span><span data-ccp-props=\"{&quot;134233118&quot;:true,&quot;201341983&quot;:2,&quot;335557856&quot;:16777215,&quot;335559740&quot;:390}\">\u00a0<\/span><\/p>\n\n\t\t<style type=\"text\/css\">\n\t\t\t#gallery-1 {\n\t\t\t\tmargin: auto;\n\t\t\t}\n\t\t\t#gallery-1 .gallery-item {\n\t\t\t\tfloat: left;\n\t\t\t\tmargin-top: 10px;\n\t\t\t\ttext-align: center;\n\t\t\t\twidth: 33%;\n\t\t\t}\n\t\t\t#gallery-1 img {\n\t\t\t\tborder: 2px solid #cfcfcf;\n\t\t\t}\n\t\t\t#gallery-1 .gallery-caption {\n\t\t\t\tmargin-left: 0;\n\t\t\t}\n\t\t\t\/* see gallery_shortcode() in wp-includes\/media.php *\/\n\t\t<\/style>\n\t\t<div id='gallery-1' class='gallery galleryid-55378 gallery-columns-3 gallery-size-large'><dl class='gallery-item'>\n\t\t\t<dt class='gallery-icon landscape'>\n\t\t\t\t<a href='https:\/\/tdv.org\/tr-TR\/wp-content\/uploads\/2026\/02\/turkiye-diyanet-vakfi-tanzanya-da-ihtiyac-sahiplerinin-ve-yetimlerin-yuzunu-guldurdu-1.jpg'><img decoding=\"async\" width=\"1024\" height=\"576\" src=\"https:\/\/tdv.org\/tr-TR\/wp-content\/uploads\/2026\/02\/turkiye-diyanet-vakfi-tanzanya-da-ihtiyac-sahiplerinin-ve-yetimlerin-yuzunu-guldurdu-1-1024x576.jpg\" class=\"attachment-large size-large\" alt=\"\" aria-describedby=\"gallery-1-55621\" srcset=\"https:\/\/tdv.org\/tr-TR\/wp-content\/uploads\/2026\/02\/turkiye-diyanet-vakfi-tanzanya-da-ihtiyac-sahiplerinin-ve-yetimlerin-yuzunu-guldurdu-1-1024x576.jpg 1024w, https:\/\/tdv.org\/tr-TR\/wp-content\/uploads\/2026\/02\/turkiye-diyanet-vakfi-tanzanya-da-ihtiyac-sahiplerinin-ve-yetimlerin-yuzunu-guldurdu-1-300x169.jpg 300w, https:\/\/tdv.org\/tr-TR\/wp-content\/uploads\/2026\/02\/turkiye-diyanet-vakfi-tanzanya-da-ihtiyac-sahiplerinin-ve-yetimlerin-yuzunu-guldurdu-1-768x432.jpg 768w, https:\/\/tdv.org\/tr-TR\/wp-content\/uploads\/2026\/02\/turkiye-diyanet-vakfi-tanzanya-da-ihtiyac-sahiplerinin-ve-yetimlerin-yuzunu-guldurdu-1.jpg 1365w\" sizes=\"(max-width: 1024px) 100vw, 1024px\" \/><\/a>\n\t\t\t<\/dt>\n\t\t\t\t<dd class='wp-caption-text gallery-caption' id='gallery-1-55621'>\n\t\t\t\tT\u00fcrkiye\u202fDiyanet\u202fVakf\u0131, Tanzanya&#8217;da ihtiya\u00e7 sahiplerinin ve yetimlerin y\u00fcz\u00fcn\u00fc g\u00fcld\u00fcrd\u00fc, yeim, yetim yard\u0131m\u0131, yetim himayesi\n\t\t\t\t<\/dd><\/dl><dl class='gallery-item'>\n\t\t\t<dt class='gallery-icon landscape'>\n\t\t\t\t<a href='https:\/\/tdv.org\/tr-TR\/wp-content\/uploads\/2026\/02\/turkiye-diyanet-vakfi-tanzanya-da-ihtiyac-sahiplerinin-ve-yetimlerin-yuzunu-guldurdu-2.jpg'><img decoding=\"async\" width=\"1024\" height=\"683\" src=\"https:\/\/tdv.org\/tr-TR\/wp-content\/uploads\/2026\/02\/turkiye-diyanet-vakfi-tanzanya-da-ihtiyac-sahiplerinin-ve-yetimlerin-yuzunu-guldurdu-2-1024x683.jpg\" class=\"attachment-large size-large\" alt=\"\" aria-describedby=\"gallery-1-55622\" srcset=\"https:\/\/tdv.org\/tr-TR\/wp-content\/uploads\/2026\/02\/turkiye-diyanet-vakfi-tanzanya-da-ihtiyac-sahiplerinin-ve-yetimlerin-yuzunu-guldurdu-2-1024x683.jpg 1024w, https:\/\/tdv.org\/tr-TR\/wp-content\/uploads\/2026\/02\/turkiye-diyanet-vakfi-tanzanya-da-ihtiyac-sahiplerinin-ve-yetimlerin-yuzunu-guldurdu-2-300x200.jpg 300w, https:\/\/tdv.org\/tr-TR\/wp-content\/uploads\/2026\/02\/turkiye-diyanet-vakfi-tanzanya-da-ihtiyac-sahiplerinin-ve-yetimlerin-yuzunu-guldurdu-2-768x512.jpg 768w, https:\/\/tdv.org\/tr-TR\/wp-content\/uploads\/2026\/02\/turkiye-diyanet-vakfi-tanzanya-da-ihtiyac-sahiplerinin-ve-yetimlerin-yuzunu-guldurdu-2-900x600.jpg 900w, https:\/\/tdv.org\/tr-TR\/wp-content\/uploads\/2026\/02\/turkiye-diyanet-vakfi-tanzanya-da-ihtiyac-sahiplerinin-ve-yetimlerin-yuzunu-guldurdu-2.jpg 1152w\" sizes=\"(max-width: 1024px) 100vw, 1024px\" \/><\/a>\n\t\t\t<\/dt>\n\t\t\t\t<dd class='wp-caption-text gallery-caption' id='gallery-1-55622'>\n\t\t\t\tT\u00fcrkiye\u202fDiyanet\u202fVakf\u0131, Tanzanya&#8217;da ihtiya\u00e7 sahiplerinin ve yetimlerin y\u00fcz\u00fcn\u00fc g\u00fcld\u00fcrd\u00fc, yeim, yetim yard\u0131m\u0131, yetim himayesi\n\t\t\t\t<\/dd><\/dl><dl class='gallery-item'>\n\t\t\t<dt class='gallery-icon landscape'>\n\t\t\t\t<a href='https:\/\/tdv.org\/tr-TR\/wp-content\/uploads\/2026\/02\/turkiye-diyanet-vakfi-tanzanya-da-ihtiyac-sahiplerinin-ve-yetimlerin-yuzunu-guldurdu-3.jpg'><img decoding=\"async\" width=\"1024\" height=\"683\" src=\"https:\/\/tdv.org\/tr-TR\/wp-content\/uploads\/2026\/02\/turkiye-diyanet-vakfi-tanzanya-da-ihtiyac-sahiplerinin-ve-yetimlerin-yuzunu-guldurdu-3-1024x683.jpg\" class=\"attachment-large size-large\" alt=\"\" aria-describedby=\"gallery-1-55623\" srcset=\"https:\/\/tdv.org\/tr-TR\/wp-content\/uploads\/2026\/02\/turkiye-diyanet-vakfi-tanzanya-da-ihtiyac-sahiplerinin-ve-yetimlerin-yuzunu-guldurdu-3-1024x683.jpg 1024w, https:\/\/tdv.org\/tr-TR\/wp-content\/uploads\/2026\/02\/turkiye-diyanet-vakfi-tanzanya-da-ihtiyac-sahiplerinin-ve-yetimlerin-yuzunu-guldurdu-3-300x200.jpg 300w, https:\/\/tdv.org\/tr-TR\/wp-content\/uploads\/2026\/02\/turkiye-diyanet-vakfi-tanzanya-da-ihtiyac-sahiplerinin-ve-yetimlerin-yuzunu-guldurdu-3-768x512.jpg 768w, https:\/\/tdv.org\/tr-TR\/wp-content\/uploads\/2026\/02\/turkiye-diyanet-vakfi-tanzanya-da-ihtiyac-sahiplerinin-ve-yetimlerin-yuzunu-guldurdu-3-900x600.jpg 900w, https:\/\/tdv.org\/tr-TR\/wp-content\/uploads\/2026\/02\/turkiye-diyanet-vakfi-tanzanya-da-ihtiyac-sahiplerinin-ve-yetimlerin-yuzunu-guldurdu-3.jpg 1152w\" sizes=\"(max-width: 1024px) 100vw, 1024px\" \/><\/a>\n\t\t\t<\/dt>\n\t\t\t\t<dd class='wp-caption-text gallery-caption' id='gallery-1-55623'>\n\t\t\t\tT\u00fcrkiye\u202fDiyanet\u202fVakf\u0131, Tanzanya&#8217;da ihtiya\u00e7 sahiplerinin ve yetimlerin y\u00fcz\u00fcn\u00fc g\u00fcld\u00fcrd\u00fc, yeim, yetim yard\u0131m\u0131, yetim himayesi\n\t\t\t\t<\/dd><\/dl><br style=\"clear: both\" \/><dl class='gallery-item'>\n\t\t\t<dt class='gallery-icon landscape'>\n\t\t\t\t<a href='https:\/\/tdv.org\/tr-TR\/wp-content\/uploads\/2026\/02\/turkiye-diyanet-vakfi-tanzanya-da-ihtiyac-sahiplerinin-ve-yetimlerin-yuzunu-guldurdu-4.jpg'><img decoding=\"async\" width=\"1024\" height=\"683\" src=\"https:\/\/tdv.org\/tr-TR\/wp-content\/uploads\/2026\/02\/turkiye-diyanet-vakfi-tanzanya-da-ihtiyac-sahiplerinin-ve-yetimlerin-yuzunu-guldurdu-4-1024x683.jpg\" class=\"attachment-large size-large\" alt=\"\" aria-describedby=\"gallery-1-55624\" srcset=\"https:\/\/tdv.org\/tr-TR\/wp-content\/uploads\/2026\/02\/turkiye-diyanet-vakfi-tanzanya-da-ihtiyac-sahiplerinin-ve-yetimlerin-yuzunu-guldurdu-4-1024x683.jpg 1024w, https:\/\/tdv.org\/tr-TR\/wp-content\/uploads\/2026\/02\/turkiye-diyanet-vakfi-tanzanya-da-ihtiyac-sahiplerinin-ve-yetimlerin-yuzunu-guldurdu-4-300x200.jpg 300w, https:\/\/tdv.org\/tr-TR\/wp-content\/uploads\/2026\/02\/turkiye-diyanet-vakfi-tanzanya-da-ihtiyac-sahiplerinin-ve-yetimlerin-yuzunu-guldurdu-4-768x512.jpg 768w, https:\/\/tdv.org\/tr-TR\/wp-content\/uploads\/2026\/02\/turkiye-diyanet-vakfi-tanzanya-da-ihtiyac-sahiplerinin-ve-yetimlerin-yuzunu-guldurdu-4-900x600.jpg 900w, https:\/\/tdv.org\/tr-TR\/wp-content\/uploads\/2026\/02\/turkiye-diyanet-vakfi-tanzanya-da-ihtiyac-sahiplerinin-ve-yetimlerin-yuzunu-guldurdu-4.jpg 1152w\" sizes=\"(max-width: 1024px) 100vw, 1024px\" \/><\/a>\n\t\t\t<\/dt>\n\t\t\t\t<dd class='wp-caption-text gallery-caption' id='gallery-1-55624'>\n\t\t\t\tT\u00fcrkiye\u202fDiyanet\u202fVakf\u0131, Tanzanya&#8217;da ihtiya\u00e7 sahiplerinin ve yetimlerin y\u00fcz\u00fcn\u00fc g\u00fcld\u00fcrd\u00fc, yeim, yetim yard\u0131m\u0131, yetim himayesi\n\t\t\t\t<\/dd><\/dl><dl class='gallery-item'>\n\t\t\t<dt class='gallery-icon landscape'>\n\t\t\t\t<a href='https:\/\/tdv.org\/tr-TR\/wp-content\/uploads\/2026\/02\/turkiye-diyanet-vakfi-tanzanya-da-ihtiyac-sahiplerinin-ve-yetimlerin-yuzunu-guldurdu-5.jpg'><img decoding=\"async\" width=\"1024\" height=\"683\" src=\"https:\/\/tdv.org\/tr-TR\/wp-content\/uploads\/2026\/02\/turkiye-diyanet-vakfi-tanzanya-da-ihtiyac-sahiplerinin-ve-yetimlerin-yuzunu-guldurdu-5-1024x683.jpg\" class=\"attachment-large size-large\" alt=\"\" aria-describedby=\"gallery-1-55625\" srcset=\"https:\/\/tdv.org\/tr-TR\/wp-content\/uploads\/2026\/02\/turkiye-diyanet-vakfi-tanzanya-da-ihtiyac-sahiplerinin-ve-yetimlerin-yuzunu-guldurdu-5-1024x683.jpg 1024w, https:\/\/tdv.org\/tr-TR\/wp-content\/uploads\/2026\/02\/turkiye-diyanet-vakfi-tanzanya-da-ihtiyac-sahiplerinin-ve-yetimlerin-yuzunu-guldurdu-5-300x200.jpg 300w, https:\/\/tdv.org\/tr-TR\/wp-content\/uploads\/2026\/02\/turkiye-diyanet-vakfi-tanzanya-da-ihtiyac-sahiplerinin-ve-yetimlerin-yuzunu-guldurdu-5-768x512.jpg 768w, https:\/\/tdv.org\/tr-TR\/wp-content\/uploads\/2026\/02\/turkiye-diyanet-vakfi-tanzanya-da-ihtiyac-sahiplerinin-ve-yetimlerin-yuzunu-guldurdu-5-900x600.jpg 900w, https:\/\/tdv.org\/tr-TR\/wp-content\/uploads\/2026\/02\/turkiye-diyanet-vakfi-tanzanya-da-ihtiyac-sahiplerinin-ve-yetimlerin-yuzunu-guldurdu-5.jpg 1152w\" sizes=\"(max-width: 1024px) 100vw, 1024px\" \/><\/a>\n\t\t\t<\/dt>\n\t\t\t\t<dd class='wp-caption-text gallery-caption' id='gallery-1-55625'>\n\t\t\t\tT\u00fcrkiye\u202fDiyanet\u202fVakf\u0131, Tanzanya&#8217;da ihtiya\u00e7 sahiplerinin ve yetimlerin y\u00fcz\u00fcn\u00fc g\u00fcld\u00fcrd\u00fc, yeim, yetim yard\u0131m\u0131, yetim himayesi\n\t\t\t\t<\/dd><\/dl><dl class='gallery-item'>\n\t\t\t<dt class='gallery-icon landscape'>\n\t\t\t\t<a href='https:\/\/tdv.org\/tr-TR\/wp-content\/uploads\/2026\/02\/turkiye-diyanet-vakfi-tanzanya-da-ihtiyac-sahiplerinin-ve-yetimlerin-yuzunu-guldurdu-6.jpg'><img decoding=\"async\" width=\"1024\" height=\"683\" src=\"https:\/\/tdv.org\/tr-TR\/wp-content\/uploads\/2026\/02\/turkiye-diyanet-vakfi-tanzanya-da-ihtiyac-sahiplerinin-ve-yetimlerin-yuzunu-guldurdu-6-1024x683.jpg\" class=\"attachment-large size-large\" alt=\"\" aria-describedby=\"gallery-1-55626\" srcset=\"https:\/\/tdv.org\/tr-TR\/wp-content\/uploads\/2026\/02\/turkiye-diyanet-vakfi-tanzanya-da-ihtiyac-sahiplerinin-ve-yetimlerin-yuzunu-guldurdu-6-1024x683.jpg 1024w, https:\/\/tdv.org\/tr-TR\/wp-content\/uploads\/2026\/02\/turkiye-diyanet-vakfi-tanzanya-da-ihtiyac-sahiplerinin-ve-yetimlerin-yuzunu-guldurdu-6-300x200.jpg 300w, https:\/\/tdv.org\/tr-TR\/wp-content\/uploads\/2026\/02\/turkiye-diyanet-vakfi-tanzanya-da-ihtiyac-sahiplerinin-ve-yetimlerin-yuzunu-guldurdu-6-768x512.jpg 768w, https:\/\/tdv.org\/tr-TR\/wp-content\/uploads\/2026\/02\/turkiye-diyanet-vakfi-tanzanya-da-ihtiyac-sahiplerinin-ve-yetimlerin-yuzunu-guldurdu-6-900x600.jpg 900w, https:\/\/tdv.org\/tr-TR\/wp-content\/uploads\/2026\/02\/turkiye-diyanet-vakfi-tanzanya-da-ihtiyac-sahiplerinin-ve-yetimlerin-yuzunu-guldurdu-6.jpg 1152w\" sizes=\"(max-width: 1024px) 100vw, 1024px\" \/><\/a>\n\t\t\t<\/dt>\n\t\t\t\t<dd class='wp-caption-text gallery-caption' id='gallery-1-55626'>\n\t\t\t\tT\u00fcrkiye\u202fDiyanet\u202fVakf\u0131, Tanzanya&#8217;da ihtiya\u00e7 sahiplerinin ve yetimlerin y\u00fcz\u00fcn\u00fc g\u00fcld\u00fcrd\u00fc, yeim, yetim yard\u0131m\u0131, yetim himayesi\n\t\t\t\t<\/dd><\/dl><br style=\"clear: both\" \/><dl class='gallery-item'>\n\t\t\t<dt class='gallery-icon landscape'>\n\t\t\t\t<a href='https:\/\/tdv.org\/tr-TR\/wp-content\/uploads\/2026\/02\/turkiye-diyanet-vakfi-tanzanya-da-ihtiyac-sahiplerinin-ve-yetimlerin-yuzunu-guldurdu-7.jpg'><img decoding=\"async\" width=\"1024\" height=\"683\" src=\"https:\/\/tdv.org\/tr-TR\/wp-content\/uploads\/2026\/02\/turkiye-diyanet-vakfi-tanzanya-da-ihtiyac-sahiplerinin-ve-yetimlerin-yuzunu-guldurdu-7-1024x683.jpg\" class=\"attachment-large size-large\" alt=\"\" aria-describedby=\"gallery-1-55627\" srcset=\"https:\/\/tdv.org\/tr-TR\/wp-content\/uploads\/2026\/02\/turkiye-diyanet-vakfi-tanzanya-da-ihtiyac-sahiplerinin-ve-yetimlerin-yuzunu-guldurdu-7-1024x683.jpg 1024w, https:\/\/tdv.org\/tr-TR\/wp-content\/uploads\/2026\/02\/turkiye-diyanet-vakfi-tanzanya-da-ihtiyac-sahiplerinin-ve-yetimlerin-yuzunu-guldurdu-7-300x200.jpg 300w, https:\/\/tdv.org\/tr-TR\/wp-content\/uploads\/2026\/02\/turkiye-diyanet-vakfi-tanzanya-da-ihtiyac-sahiplerinin-ve-yetimlerin-yuzunu-guldurdu-7-768x512.jpg 768w, https:\/\/tdv.org\/tr-TR\/wp-content\/uploads\/2026\/02\/turkiye-diyanet-vakfi-tanzanya-da-ihtiyac-sahiplerinin-ve-yetimlerin-yuzunu-guldurdu-7-900x600.jpg 900w, https:\/\/tdv.org\/tr-TR\/wp-content\/uploads\/2026\/02\/turkiye-diyanet-vakfi-tanzanya-da-ihtiyac-sahiplerinin-ve-yetimlerin-yuzunu-guldurdu-7.jpg 1152w\" sizes=\"(max-width: 1024px) 100vw, 1024px\" \/><\/a>\n\t\t\t<\/dt>\n\t\t\t\t<dd class='wp-caption-text gallery-caption' id='gallery-1-55627'>\n\t\t\t\tT\u00fcrkiye\u202fDiyanet\u202fVakf\u0131, Tanzanya&#8217;da ihtiya\u00e7 sahiplerinin ve yetimlerin y\u00fcz\u00fcn\u00fc g\u00fcld\u00fcrd\u00fc, yeim, yetim yard\u0131m\u0131, yetim himayesi\n\t\t\t\t<\/dd><\/dl><dl class='gallery-item'>\n\t\t\t<dt class='gallery-icon landscape'>\n\t\t\t\t<a href='https:\/\/tdv.org\/tr-TR\/wp-content\/uploads\/2026\/02\/turkiye-diyanet-vakfi-tanzanya-da-ihtiyac-sahiplerinin-ve-yetimlerin-yuzunu-guldurdu-8.jpg'><img decoding=\"async\" width=\"1024\" height=\"683\" src=\"https:\/\/tdv.org\/tr-TR\/wp-content\/uploads\/2026\/02\/turkiye-diyanet-vakfi-tanzanya-da-ihtiyac-sahiplerinin-ve-yetimlerin-yuzunu-guldurdu-8-1024x683.jpg\" class=\"attachment-large size-large\" alt=\"\" aria-describedby=\"gallery-1-55628\" srcset=\"https:\/\/tdv.org\/tr-TR\/wp-content\/uploads\/2026\/02\/turkiye-diyanet-vakfi-tanzanya-da-ihtiyac-sahiplerinin-ve-yetimlerin-yuzunu-guldurdu-8-1024x683.jpg 1024w, https:\/\/tdv.org\/tr-TR\/wp-content\/uploads\/2026\/02\/turkiye-diyanet-vakfi-tanzanya-da-ihtiyac-sahiplerinin-ve-yetimlerin-yuzunu-guldurdu-8-300x200.jpg 300w, https:\/\/tdv.org\/tr-TR\/wp-content\/uploads\/2026\/02\/turkiye-diyanet-vakfi-tanzanya-da-ihtiyac-sahiplerinin-ve-yetimlerin-yuzunu-guldurdu-8-768x512.jpg 768w, https:\/\/tdv.org\/tr-TR\/wp-content\/uploads\/2026\/02\/turkiye-diyanet-vakfi-tanzanya-da-ihtiyac-sahiplerinin-ve-yetimlerin-yuzunu-guldurdu-8-900x600.jpg 900w, https:\/\/tdv.org\/tr-TR\/wp-content\/uploads\/2026\/02\/turkiye-diyanet-vakfi-tanzanya-da-ihtiyac-sahiplerinin-ve-yetimlerin-yuzunu-guldurdu-8.jpg 1152w\" sizes=\"(max-width: 1024px) 100vw, 1024px\" \/><\/a>\n\t\t\t<\/dt>\n\t\t\t\t<dd class='wp-caption-text gallery-caption' id='gallery-1-55628'>\n\t\t\t\tT\u00fcrkiye\u202fDiyanet\u202fVakf\u0131, Tanzanya&#8217;da ihtiya\u00e7 sahiplerinin ve yetimlerin y\u00fcz\u00fcn\u00fc g\u00fcld\u00fcrd\u00fc, yeim, yetim yard\u0131m\u0131, yetim himayesi\n\t\t\t\t<\/dd><\/dl><dl class='gallery-item'>\n\t\t\t<dt class='gallery-icon landscape'>\n\t\t\t\t<a href='https:\/\/tdv.org\/tr-TR\/wp-content\/uploads\/2026\/02\/turkiye-diyanet-vakfi-tanzanya-da-ihtiyac-sahiplerinin-ve-yetimlerin-yuzunu-guldurdu-9.jpg'><img decoding=\"async\" width=\"1024\" height=\"683\" src=\"https:\/\/tdv.org\/tr-TR\/wp-content\/uploads\/2026\/02\/turkiye-diyanet-vakfi-tanzanya-da-ihtiyac-sahiplerinin-ve-yetimlerin-yuzunu-guldurdu-9-1024x683.jpg\" class=\"attachment-large size-large\" alt=\"\" aria-describedby=\"gallery-1-55629\" srcset=\"https:\/\/tdv.org\/tr-TR\/wp-content\/uploads\/2026\/02\/turkiye-diyanet-vakfi-tanzanya-da-ihtiyac-sahiplerinin-ve-yetimlerin-yuzunu-guldurdu-9-1024x683.jpg 1024w, https:\/\/tdv.org\/tr-TR\/wp-content\/uploads\/2026\/02\/turkiye-diyanet-vakfi-tanzanya-da-ihtiyac-sahiplerinin-ve-yetimlerin-yuzunu-guldurdu-9-300x200.jpg 300w, https:\/\/tdv.org\/tr-TR\/wp-content\/uploads\/2026\/02\/turkiye-diyanet-vakfi-tanzanya-da-ihtiyac-sahiplerinin-ve-yetimlerin-yuzunu-guldurdu-9-768x512.jpg 768w, https:\/\/tdv.org\/tr-TR\/wp-content\/uploads\/2026\/02\/turkiye-diyanet-vakfi-tanzanya-da-ihtiyac-sahiplerinin-ve-yetimlerin-yuzunu-guldurdu-9-900x600.jpg 900w, https:\/\/tdv.org\/tr-TR\/wp-content\/uploads\/2026\/02\/turkiye-diyanet-vakfi-tanzanya-da-ihtiyac-sahiplerinin-ve-yetimlerin-yuzunu-guldurdu-9.jpg 1152w\" sizes=\"(max-width: 1024px) 100vw, 1024px\" \/><\/a>\n\t\t\t<\/dt>\n\t\t\t\t<dd class='wp-caption-text gallery-caption' id='gallery-1-55629'>\n\t\t\t\tT\u00fcrkiye\u202fDiyanet\u202fVakf\u0131, Tanzanya&#8217;da ihtiya\u00e7 sahiplerinin ve yetimlerin y\u00fcz\u00fcn\u00fc g\u00fcld\u00fcrd\u00fc, yeim, yetim yard\u0131m\u0131, yetim himayesi\n\t\t\t\t<\/dd><\/dl><br style=\"clear: both\" \/><dl class='gallery-item'>\n\t\t\t<dt class='gallery-icon landscape'>\n\t\t\t\t<a href='https:\/\/tdv.org\/tr-TR\/wp-content\/uploads\/2026\/02\/turkiye-diyanet-vakfi-tanzanya-da-ihtiyac-sahiplerinin-ve-yetimlerin-yuzunu-guldurdu-10.jpg'><img decoding=\"async\" width=\"1024\" height=\"683\" src=\"https:\/\/tdv.org\/tr-TR\/wp-content\/uploads\/2026\/02\/turkiye-diyanet-vakfi-tanzanya-da-ihtiyac-sahiplerinin-ve-yetimlerin-yuzunu-guldurdu-10-1024x683.jpg\" class=\"attachment-large size-large\" alt=\"\" aria-describedby=\"gallery-1-55630\" srcset=\"https:\/\/tdv.org\/tr-TR\/wp-content\/uploads\/2026\/02\/turkiye-diyanet-vakfi-tanzanya-da-ihtiyac-sahiplerinin-ve-yetimlerin-yuzunu-guldurdu-10-1024x683.jpg 1024w, https:\/\/tdv.org\/tr-TR\/wp-content\/uploads\/2026\/02\/turkiye-diyanet-vakfi-tanzanya-da-ihtiyac-sahiplerinin-ve-yetimlerin-yuzunu-guldurdu-10-300x200.jpg 300w, https:\/\/tdv.org\/tr-TR\/wp-content\/uploads\/2026\/02\/turkiye-diyanet-vakfi-tanzanya-da-ihtiyac-sahiplerinin-ve-yetimlerin-yuzunu-guldurdu-10-768x512.jpg 768w, https:\/\/tdv.org\/tr-TR\/wp-content\/uploads\/2026\/02\/turkiye-diyanet-vakfi-tanzanya-da-ihtiyac-sahiplerinin-ve-yetimlerin-yuzunu-guldurdu-10-900x600.jpg 900w, https:\/\/tdv.org\/tr-TR\/wp-content\/uploads\/2026\/02\/turkiye-diyanet-vakfi-tanzanya-da-ihtiyac-sahiplerinin-ve-yetimlerin-yuzunu-guldurdu-10.jpg 1152w\" sizes=\"(max-width: 1024px) 100vw, 1024px\" \/><\/a>\n\t\t\t<\/dt>\n\t\t\t\t<dd class='wp-caption-text gallery-caption' id='gallery-1-55630'>\n\t\t\t\tT\u00fcrkiye\u202fDiyanet\u202fVakf\u0131, Tanzanya&#8217;da ihtiya\u00e7 sahiplerinin ve yetimlerin y\u00fcz\u00fcn\u00fc g\u00fcld\u00fcrd\u00fc, yeim, yetim yard\u0131m\u0131, yetim himayesi\n\t\t\t\t<\/dd><\/dl><dl class='gallery-item'>\n\t\t\t<dt class='gallery-icon landscape'>\n\t\t\t\t<a href='https:\/\/tdv.org\/tr-TR\/wp-content\/uploads\/2026\/02\/turkiye-diyanet-vakfi-tanzanya-da-ihtiyac-sahiplerinin-ve-yetimlerin-yuzunu-guldurdu-11.jpg'><img decoding=\"async\" width=\"1024\" height=\"576\" src=\"https:\/\/tdv.org\/tr-TR\/wp-content\/uploads\/2026\/02\/turkiye-diyanet-vakfi-tanzanya-da-ihtiyac-sahiplerinin-ve-yetimlerin-yuzunu-guldurdu-11-1024x576.jpg\" class=\"attachment-large size-large\" alt=\"\" aria-describedby=\"gallery-1-55631\" srcset=\"https:\/\/tdv.org\/tr-TR\/wp-content\/uploads\/2026\/02\/turkiye-diyanet-vakfi-tanzanya-da-ihtiyac-sahiplerinin-ve-yetimlerin-yuzunu-guldurdu-11-1024x576.jpg 1024w, https:\/\/tdv.org\/tr-TR\/wp-content\/uploads\/2026\/02\/turkiye-diyanet-vakfi-tanzanya-da-ihtiyac-sahiplerinin-ve-yetimlerin-yuzunu-guldurdu-11-300x169.jpg 300w, https:\/\/tdv.org\/tr-TR\/wp-content\/uploads\/2026\/02\/turkiye-diyanet-vakfi-tanzanya-da-ihtiyac-sahiplerinin-ve-yetimlerin-yuzunu-guldurdu-11-768x432.jpg 768w, https:\/\/tdv.org\/tr-TR\/wp-content\/uploads\/2026\/02\/turkiye-diyanet-vakfi-tanzanya-da-ihtiyac-sahiplerinin-ve-yetimlerin-yuzunu-guldurdu-11.jpg 1365w\" sizes=\"(max-width: 1024px) 100vw, 1024px\" \/><\/a>\n\t\t\t<\/dt>\n\t\t\t\t<dd class='wp-caption-text gallery-caption' id='gallery-1-55631'>\n\t\t\t\tT\u00fcrkiye\u202fDiyanet\u202fVakf\u0131, Tanzanya&#8217;da ihtiya\u00e7 sahiplerinin ve yetimlerin y\u00fcz\u00fcn\u00fc g\u00fcld\u00fcrd\u00fc, yeim, yetim yard\u0131m\u0131, yetim himayesi\n\t\t\t\t<\/dd><\/dl><dl class='gallery-item'>\n\t\t\t<dt class='gallery-icon landscape'>\n\t\t\t\t<a href='https:\/\/tdv.org\/tr-TR\/wp-content\/uploads\/2026\/02\/turkiye-diyanet-vakfi-tanzanya-da-ihtiyac-sahiplerinin-ve-yetimlerin-yuzunu-guldurdu-12.jpg'><img decoding=\"async\" width=\"1024\" height=\"683\" src=\"https:\/\/tdv.org\/tr-TR\/wp-content\/uploads\/2026\/02\/turkiye-diyanet-vakfi-tanzanya-da-ihtiyac-sahiplerinin-ve-yetimlerin-yuzunu-guldurdu-12-1024x683.jpg\" class=\"attachment-large size-large\" alt=\"\" aria-describedby=\"gallery-1-55632\" srcset=\"https:\/\/tdv.org\/tr-TR\/wp-content\/uploads\/2026\/02\/turkiye-diyanet-vakfi-tanzanya-da-ihtiyac-sahiplerinin-ve-yetimlerin-yuzunu-guldurdu-12-1024x683.jpg 1024w, https:\/\/tdv.org\/tr-TR\/wp-content\/uploads\/2026\/02\/turkiye-diyanet-vakfi-tanzanya-da-ihtiyac-sahiplerinin-ve-yetimlerin-yuzunu-guldurdu-12-300x200.jpg 300w, https:\/\/tdv.org\/tr-TR\/wp-content\/uploads\/2026\/02\/turkiye-diyanet-vakfi-tanzanya-da-ihtiyac-sahiplerinin-ve-yetimlerin-yuzunu-guldurdu-12-768x512.jpg 768w, https:\/\/tdv.org\/tr-TR\/wp-content\/uploads\/2026\/02\/turkiye-diyanet-vakfi-tanzanya-da-ihtiyac-sahiplerinin-ve-yetimlerin-yuzunu-guldurdu-12-900x600.jpg 900w, https:\/\/tdv.org\/tr-TR\/wp-content\/uploads\/2026\/02\/turkiye-diyanet-vakfi-tanzanya-da-ihtiyac-sahiplerinin-ve-yetimlerin-yuzunu-guldurdu-12.jpg 1152w\" sizes=\"(max-width: 1024px) 100vw, 1024px\" \/><\/a>\n\t\t\t<\/dt>\n\t\t\t\t<dd class='wp-caption-text gallery-caption' id='gallery-1-55632'>\n\t\t\t\tT\u00fcrkiye\u202fDiyanet\u202fVakf\u0131, Tanzanya&#8217;da ihtiya\u00e7 sahiplerinin ve yetimlerin y\u00fcz\u00fcn\u00fc g\u00fcld\u00fcrd\u00fc, yeim, yetim yard\u0131m\u0131, yetim himayesi\n\t\t\t\t<\/dd><\/dl><br style=\"clear: both\" \/><dl class='gallery-item'>\n\t\t\t<dt class='gallery-icon landscape'>\n\t\t\t\t<a href='https:\/\/tdv.org\/tr-TR\/wp-content\/uploads\/2026\/02\/turkiye-diyanet-vakfi-tanzanya-da-ihtiyac-sahiplerinin-ve-yetimlerin-yuzunu-guldurdu-13.jpg'><img decoding=\"async\" width=\"1024\" height=\"683\" src=\"https:\/\/tdv.org\/tr-TR\/wp-content\/uploads\/2026\/02\/turkiye-diyanet-vakfi-tanzanya-da-ihtiyac-sahiplerinin-ve-yetimlerin-yuzunu-guldurdu-13-1024x683.jpg\" class=\"attachment-large size-large\" alt=\"\" aria-describedby=\"gallery-1-55633\" srcset=\"https:\/\/tdv.org\/tr-TR\/wp-content\/uploads\/2026\/02\/turkiye-diyanet-vakfi-tanzanya-da-ihtiyac-sahiplerinin-ve-yetimlerin-yuzunu-guldurdu-13-1024x683.jpg 1024w, https:\/\/tdv.org\/tr-TR\/wp-content\/uploads\/2026\/02\/turkiye-diyanet-vakfi-tanzanya-da-ihtiyac-sahiplerinin-ve-yetimlerin-yuzunu-guldurdu-13-300x200.jpg 300w, https:\/\/tdv.org\/tr-TR\/wp-content\/uploads\/2026\/02\/turkiye-diyanet-vakfi-tanzanya-da-ihtiyac-sahiplerinin-ve-yetimlerin-yuzunu-guldurdu-13-768x512.jpg 768w, https:\/\/tdv.org\/tr-TR\/wp-content\/uploads\/2026\/02\/turkiye-diyanet-vakfi-tanzanya-da-ihtiyac-sahiplerinin-ve-yetimlerin-yuzunu-guldurdu-13-900x600.jpg 900w, https:\/\/tdv.org\/tr-TR\/wp-content\/uploads\/2026\/02\/turkiye-diyanet-vakfi-tanzanya-da-ihtiyac-sahiplerinin-ve-yetimlerin-yuzunu-guldurdu-13.jpg 1152w\" sizes=\"(max-width: 1024px) 100vw, 1024px\" \/><\/a>\n\t\t\t<\/dt>\n\t\t\t\t<dd class='wp-caption-text gallery-caption' id='gallery-1-55633'>\n\t\t\t\tT\u00fcrkiye\u202fDiyanet\u202fVakf\u0131, Tanzanya&#8217;da ihtiya\u00e7 sahiplerinin ve yetimlerin y\u00fcz\u00fcn\u00fc g\u00fcld\u00fcrd\u00fc, yeim, yetim yard\u0131m\u0131, yetim himayesi\n\t\t\t\t<\/dd><\/dl><dl class='gallery-item'>\n\t\t\t<dt class='gallery-icon landscape'>\n\t\t\t\t<a href='https:\/\/tdv.org\/tr-TR\/wp-content\/uploads\/2026\/02\/turkiye-diyanet-vakfi-tanzanya-da-ihtiyac-sahiplerinin-ve-yetimlerin-yuzunu-guldurdu-14.jpg'><img decoding=\"async\" width=\"1024\" height=\"683\" src=\"https:\/\/tdv.org\/tr-TR\/wp-content\/uploads\/2026\/02\/turkiye-diyanet-vakfi-tanzanya-da-ihtiyac-sahiplerinin-ve-yetimlerin-yuzunu-guldurdu-14-1024x683.jpg\" class=\"attachment-large size-large\" alt=\"\" aria-describedby=\"gallery-1-55634\" srcset=\"https:\/\/tdv.org\/tr-TR\/wp-content\/uploads\/2026\/02\/turkiye-diyanet-vakfi-tanzanya-da-ihtiyac-sahiplerinin-ve-yetimlerin-yuzunu-guldurdu-14-1024x683.jpg 1024w, https:\/\/tdv.org\/tr-TR\/wp-content\/uploads\/2026\/02\/turkiye-diyanet-vakfi-tanzanya-da-ihtiyac-sahiplerinin-ve-yetimlerin-yuzunu-guldurdu-14-300x200.jpg 300w, https:\/\/tdv.org\/tr-TR\/wp-content\/uploads\/2026\/02\/turkiye-diyanet-vakfi-tanzanya-da-ihtiyac-sahiplerinin-ve-yetimlerin-yuzunu-guldurdu-14-768x512.jpg 768w, https:\/\/tdv.org\/tr-TR\/wp-content\/uploads\/2026\/02\/turkiye-diyanet-vakfi-tanzanya-da-ihtiyac-sahiplerinin-ve-yetimlerin-yuzunu-guldurdu-14-900x600.jpg 900w, https:\/\/tdv.org\/tr-TR\/wp-content\/uploads\/2026\/02\/turkiye-diyanet-vakfi-tanzanya-da-ihtiyac-sahiplerinin-ve-yetimlerin-yuzunu-guldurdu-14.jpg 1152w\" sizes=\"(max-width: 1024px) 100vw, 1024px\" \/><\/a>\n\t\t\t<\/dt>\n\t\t\t\t<dd class='wp-caption-text gallery-caption' id='gallery-1-55634'>\n\t\t\t\tT\u00fcrkiye\u202fDiyanet\u202fVakf\u0131, Tanzanya&#8217;da ihtiya\u00e7 sahiplerinin ve yetimlerin y\u00fcz\u00fcn\u00fc g\u00fcld\u00fcrd\u00fc, yeim, yetim yard\u0131m\u0131, yetim himayesi\n\t\t\t\t<\/dd><\/dl><dl class='gallery-item'>\n\t\t\t<dt class='gallery-icon landscape'>\n\t\t\t\t<a href='https:\/\/tdv.org\/tr-TR\/wp-content\/uploads\/2026\/02\/turkiye-diyanet-vakfi-tanzanya-da-ihtiyac-sahiplerinin-ve-yetimlerin-yuzunu-guldurdu-15.jpg'><img decoding=\"async\" width=\"1024\" height=\"683\" src=\"https:\/\/tdv.org\/tr-TR\/wp-content\/uploads\/2026\/02\/turkiye-diyanet-vakfi-tanzanya-da-ihtiyac-sahiplerinin-ve-yetimlerin-yuzunu-guldurdu-15-1024x683.jpg\" class=\"attachment-large size-large\" alt=\"\" aria-describedby=\"gallery-1-55635\" srcset=\"https:\/\/tdv.org\/tr-TR\/wp-content\/uploads\/2026\/02\/turkiye-diyanet-vakfi-tanzanya-da-ihtiyac-sahiplerinin-ve-yetimlerin-yuzunu-guldurdu-15-1024x683.jpg 1024w, https:\/\/tdv.org\/tr-TR\/wp-content\/uploads\/2026\/02\/turkiye-diyanet-vakfi-tanzanya-da-ihtiyac-sahiplerinin-ve-yetimlerin-yuzunu-guldurdu-15-300x200.jpg 300w, https:\/\/tdv.org\/tr-TR\/wp-content\/uploads\/2026\/02\/turkiye-diyanet-vakfi-tanzanya-da-ihtiyac-sahiplerinin-ve-yetimlerin-yuzunu-guldurdu-15-768x512.jpg 768w, https:\/\/tdv.org\/tr-TR\/wp-content\/uploads\/2026\/02\/turkiye-diyanet-vakfi-tanzanya-da-ihtiyac-sahiplerinin-ve-yetimlerin-yuzunu-guldurdu-15-900x600.jpg 900w, https:\/\/tdv.org\/tr-TR\/wp-content\/uploads\/2026\/02\/turkiye-diyanet-vakfi-tanzanya-da-ihtiyac-sahiplerinin-ve-yetimlerin-yuzunu-guldurdu-15.jpg 1152w\" sizes=\"(max-width: 1024px) 100vw, 1024px\" \/><\/a>\n\t\t\t<\/dt>\n\t\t\t\t<dd class='wp-caption-text gallery-caption' id='gallery-1-55635'>\n\t\t\t\tT\u00fcrkiye\u202fDiyanet\u202fVakf\u0131, Tanzanya&#8217;da ihtiya\u00e7 sahiplerinin ve yetimlerin y\u00fcz\u00fcn\u00fc g\u00fcld\u00fcrd\u00fc, yeim, yetim yard\u0131m\u0131, yetim himayesi\n\t\t\t\t<\/dd><\/dl><br style=\"clear: both\" \/><dl class='gallery-item'>\n\t\t\t<dt class='gallery-icon landscape'>\n\t\t\t\t<a href='https:\/\/tdv.org\/tr-TR\/wp-content\/uploads\/2026\/02\/turkiye-diyanet-vakfi-tanzanya-da-ihtiyac-sahiplerinin-ve-yetimlerin-yuzunu-guldurdu-16.jpg'><img decoding=\"async\" width=\"1024\" height=\"683\" src=\"https:\/\/tdv.org\/tr-TR\/wp-content\/uploads\/2026\/02\/turkiye-diyanet-vakfi-tanzanya-da-ihtiyac-sahiplerinin-ve-yetimlerin-yuzunu-guldurdu-16-1024x683.jpg\" class=\"attachment-large size-large\" alt=\"\" aria-describedby=\"gallery-1-55636\" srcset=\"https:\/\/tdv.org\/tr-TR\/wp-content\/uploads\/2026\/02\/turkiye-diyanet-vakfi-tanzanya-da-ihtiyac-sahiplerinin-ve-yetimlerin-yuzunu-guldurdu-16-1024x683.jpg 1024w, https:\/\/tdv.org\/tr-TR\/wp-content\/uploads\/2026\/02\/turkiye-diyanet-vakfi-tanzanya-da-ihtiyac-sahiplerinin-ve-yetimlerin-yuzunu-guldurdu-16-300x200.jpg 300w, https:\/\/tdv.org\/tr-TR\/wp-content\/uploads\/2026\/02\/turkiye-diyanet-vakfi-tanzanya-da-ihtiyac-sahiplerinin-ve-yetimlerin-yuzunu-guldurdu-16-768x512.jpg 768w, https:\/\/tdv.org\/tr-TR\/wp-content\/uploads\/2026\/02\/turkiye-diyanet-vakfi-tanzanya-da-ihtiyac-sahiplerinin-ve-yetimlerin-yuzunu-guldurdu-16-900x600.jpg 900w, https:\/\/tdv.org\/tr-TR\/wp-content\/uploads\/2026\/02\/turkiye-diyanet-vakfi-tanzanya-da-ihtiyac-sahiplerinin-ve-yetimlerin-yuzunu-guldurdu-16.jpg 1152w\" sizes=\"(max-width: 1024px) 100vw, 1024px\" \/><\/a>\n\t\t\t<\/dt>\n\t\t\t\t<dd class='wp-caption-text gallery-caption' id='gallery-1-55636'>\n\t\t\t\tT\u00fcrkiye\u202fDiyanet\u202fVakf\u0131, Tanzanya&#8217;da ihtiya\u00e7 sahiplerinin ve yetimlerin y\u00fcz\u00fcn\u00fc g\u00fcld\u00fcrd\u00fc, yeim, yetim yard\u0131m\u0131, yetim himayesi\n\t\t\t\t<\/dd><\/dl><dl class='gallery-item'>\n\t\t\t<dt class='gallery-icon landscape'>\n\t\t\t\t<a href='https:\/\/tdv.org\/tr-TR\/wp-content\/uploads\/2026\/02\/turkiye-diyanet-vakfi-tanzanya-da-ihtiyac-sahiplerinin-ve-yetimlerin-yuzunu-guldurdu-17.jpg'><img decoding=\"async\" width=\"1024\" height=\"683\" src=\"https:\/\/tdv.org\/tr-TR\/wp-content\/uploads\/2026\/02\/turkiye-diyanet-vakfi-tanzanya-da-ihtiyac-sahiplerinin-ve-yetimlerin-yuzunu-guldurdu-17-1024x683.jpg\" class=\"attachment-large size-large\" alt=\"\" aria-describedby=\"gallery-1-55637\" srcset=\"https:\/\/tdv.org\/tr-TR\/wp-content\/uploads\/2026\/02\/turkiye-diyanet-vakfi-tanzanya-da-ihtiyac-sahiplerinin-ve-yetimlerin-yuzunu-guldurdu-17-1024x683.jpg 1024w, https:\/\/tdv.org\/tr-TR\/wp-content\/uploads\/2026\/02\/turkiye-diyanet-vakfi-tanzanya-da-ihtiyac-sahiplerinin-ve-yetimlerin-yuzunu-guldurdu-17-300x200.jpg 300w, https:\/\/tdv.org\/tr-TR\/wp-content\/uploads\/2026\/02\/turkiye-diyanet-vakfi-tanzanya-da-ihtiyac-sahiplerinin-ve-yetimlerin-yuzunu-guldurdu-17-768x512.jpg 768w, https:\/\/tdv.org\/tr-TR\/wp-content\/uploads\/2026\/02\/turkiye-diyanet-vakfi-tanzanya-da-ihtiyac-sahiplerinin-ve-yetimlerin-yuzunu-guldurdu-17-900x600.jpg 900w, https:\/\/tdv.org\/tr-TR\/wp-content\/uploads\/2026\/02\/turkiye-diyanet-vakfi-tanzanya-da-ihtiyac-sahiplerinin-ve-yetimlerin-yuzunu-guldurdu-17.jpg 1152w\" sizes=\"(max-width: 1024px) 100vw, 1024px\" \/><\/a>\n\t\t\t<\/dt>\n\t\t\t\t<dd class='wp-caption-text gallery-caption' id='gallery-1-55637'>\n\t\t\t\tT\u00fcrkiye\u202fDiyanet\u202fVakf\u0131, Tanzanya&#8217;da ihtiya\u00e7 sahiplerinin ve yetimlerin y\u00fcz\u00fcn\u00fc g\u00fcld\u00fcrd\u00fc, yeim, yetim yard\u0131m\u0131, yetim himayesi\n\t\t\t\t<\/dd><\/dl><dl class='gallery-item'>\n\t\t\t<dt class='gallery-icon landscape'>\n\t\t\t\t<a href='https:\/\/tdv.org\/tr-TR\/wp-content\/uploads\/2026\/02\/turkiye-diyanet-vakfi-tanzanya-da-ihtiyac-sahiplerinin-ve-yetimlerin-yuzunu-guldurdu-18.jpg'><img decoding=\"async\" width=\"1024\" height=\"576\" src=\"https:\/\/tdv.org\/tr-TR\/wp-content\/uploads\/2026\/02\/turkiye-diyanet-vakfi-tanzanya-da-ihtiyac-sahiplerinin-ve-yetimlerin-yuzunu-guldurdu-18-1024x576.jpg\" class=\"attachment-large size-large\" alt=\"\" aria-describedby=\"gallery-1-55638\" srcset=\"https:\/\/tdv.org\/tr-TR\/wp-content\/uploads\/2026\/02\/turkiye-diyanet-vakfi-tanzanya-da-ihtiyac-sahiplerinin-ve-yetimlerin-yuzunu-guldurdu-18-1024x576.jpg 1024w, https:\/\/tdv.org\/tr-TR\/wp-content\/uploads\/2026\/02\/turkiye-diyanet-vakfi-tanzanya-da-ihtiyac-sahiplerinin-ve-yetimlerin-yuzunu-guldurdu-18-300x169.jpg 300w, https:\/\/tdv.org\/tr-TR\/wp-content\/uploads\/2026\/02\/turkiye-diyanet-vakfi-tanzanya-da-ihtiyac-sahiplerinin-ve-yetimlerin-yuzunu-guldurdu-18-768x432.jpg 768w, https:\/\/tdv.org\/tr-TR\/wp-content\/uploads\/2026\/02\/turkiye-diyanet-vakfi-tanzanya-da-ihtiyac-sahiplerinin-ve-yetimlerin-yuzunu-guldurdu-18.jpg 1365w\" sizes=\"(max-width: 1024px) 100vw, 1024px\" \/><\/a>\n\t\t\t<\/dt>\n\t\t\t\t<dd class='wp-caption-text gallery-caption' id='gallery-1-55638'>\n\t\t\t\tT\u00fcrkiye\u202fDiyanet\u202fVakf\u0131, Tanzanya&#8217;da ihtiya\u00e7 sahiplerinin ve yetimlerin y\u00fcz\u00fcn\u00fc g\u00fcld\u00fcrd\u00fc, yeim, yetim yard\u0131m\u0131, yetim himayesi\n\t\t\t\t<\/dd><\/dl><br style=\"clear: both\" \/><dl class='gallery-item'>\n\t\t\t<dt class='gallery-icon landscape'>\n\t\t\t\t<a href='https:\/\/tdv.org\/tr-TR\/wp-content\/uploads\/2026\/02\/turkiye-diyanet-vakfi-tanzanya-da-ihtiyac-sahiplerinin-ve-yetimlerin-yuzunu-guldurdu-19.jpg'><img decoding=\"async\" width=\"1024\" height=\"576\" src=\"https:\/\/tdv.org\/tr-TR\/wp-content\/uploads\/2026\/02\/turkiye-diyanet-vakfi-tanzanya-da-ihtiyac-sahiplerinin-ve-yetimlerin-yuzunu-guldurdu-19-1024x576.jpg\" class=\"attachment-large size-large\" alt=\"\" aria-describedby=\"gallery-1-55639\" srcset=\"https:\/\/tdv.org\/tr-TR\/wp-content\/uploads\/2026\/02\/turkiye-diyanet-vakfi-tanzanya-da-ihtiyac-sahiplerinin-ve-yetimlerin-yuzunu-guldurdu-19-1024x576.jpg 1024w, https:\/\/tdv.org\/tr-TR\/wp-content\/uploads\/2026\/02\/turkiye-diyanet-vakfi-tanzanya-da-ihtiyac-sahiplerinin-ve-yetimlerin-yuzunu-guldurdu-19-300x169.jpg 300w, https:\/\/tdv.org\/tr-TR\/wp-content\/uploads\/2026\/02\/turkiye-diyanet-vakfi-tanzanya-da-ihtiyac-sahiplerinin-ve-yetimlerin-yuzunu-guldurdu-19-768x432.jpg 768w, https:\/\/tdv.org\/tr-TR\/wp-content\/uploads\/2026\/02\/turkiye-diyanet-vakfi-tanzanya-da-ihtiyac-sahiplerinin-ve-yetimlerin-yuzunu-guldurdu-19.jpg 1365w\" sizes=\"(max-width: 1024px) 100vw, 1024px\" \/><\/a>\n\t\t\t<\/dt>\n\t\t\t\t<dd class='wp-caption-text gallery-caption' id='gallery-1-55639'>\n\t\t\t\tT\u00fcrkiye\u202fDiyanet\u202fVakf\u0131, Tanzanya&#8217;da ihtiya\u00e7 sahiplerinin ve yetimlerin y\u00fcz\u00fcn\u00fc g\u00fcld\u00fcrd\u00fc, yeim, yetim yard\u0131m\u0131, yetim himayesi\n\t\t\t\t<\/dd><\/dl><dl class='gallery-item'>\n\t\t\t<dt class='gallery-icon landscape'>\n\t\t\t\t<a href='https:\/\/tdv.org\/tr-TR\/wp-content\/uploads\/2026\/02\/turkiye-diyanet-vakfi-tanzanya-da-ihtiyac-sahiplerinin-ve-yetimlerin-yuzunu-guldurdu-20.jpg'><img decoding=\"async\" width=\"1024\" height=\"683\" src=\"https:\/\/tdv.org\/tr-TR\/wp-content\/uploads\/2026\/02\/turkiye-diyanet-vakfi-tanzanya-da-ihtiyac-sahiplerinin-ve-yetimlerin-yuzunu-guldurdu-20-1024x683.jpg\" class=\"attachment-large size-large\" alt=\"\" aria-describedby=\"gallery-1-55640\" srcset=\"https:\/\/tdv.org\/tr-TR\/wp-content\/uploads\/2026\/02\/turkiye-diyanet-vakfi-tanzanya-da-ihtiyac-sahiplerinin-ve-yetimlerin-yuzunu-guldurdu-20-1024x683.jpg 1024w, https:\/\/tdv.org\/tr-TR\/wp-content\/uploads\/2026\/02\/turkiye-diyanet-vakfi-tanzanya-da-ihtiyac-sahiplerinin-ve-yetimlerin-yuzunu-guldurdu-20-300x200.jpg 300w, https:\/\/tdv.org\/tr-TR\/wp-content\/uploads\/2026\/02\/turkiye-diyanet-vakfi-tanzanya-da-ihtiyac-sahiplerinin-ve-yetimlerin-yuzunu-guldurdu-20-768x512.jpg 768w, https:\/\/tdv.org\/tr-TR\/wp-content\/uploads\/2026\/02\/turkiye-diyanet-vakfi-tanzanya-da-ihtiyac-sahiplerinin-ve-yetimlerin-yuzunu-guldurdu-20-900x600.jpg 900w, https:\/\/tdv.org\/tr-TR\/wp-content\/uploads\/2026\/02\/turkiye-diyanet-vakfi-tanzanya-da-ihtiyac-sahiplerinin-ve-yetimlerin-yuzunu-guldurdu-20.jpg 1152w\" sizes=\"(max-width: 1024px) 100vw, 1024px\" \/><\/a>\n\t\t\t<\/dt>\n\t\t\t\t<dd class='wp-caption-text gallery-caption' id='gallery-1-55640'>\n\t\t\t\tT\u00fcrkiye\u202fDiyanet\u202fVakf\u0131, Tanzanya&#8217;da ihtiya\u00e7 sahiplerinin ve yetimlerin y\u00fcz\u00fcn\u00fc g\u00fcld\u00fcrd\u00fc, yeim, yetim yard\u0131m\u0131, yetim himayesi\n\t\t\t\t<\/dd><\/dl><dl class='gallery-item'>\n\t\t\t<dt class='gallery-icon landscape'>\n\t\t\t\t<a href='https:\/\/tdv.org\/tr-TR\/wp-content\/uploads\/2026\/02\/turkiye-diyanet-vakfi-tanzanya-da-ihtiyac-sahiplerinin-ve-yetimlerin-yuzunu-guldurdu-21.jpg'><img decoding=\"async\" width=\"1024\" height=\"683\" src=\"https:\/\/tdv.org\/tr-TR\/wp-content\/uploads\/2026\/02\/turkiye-diyanet-vakfi-tanzanya-da-ihtiyac-sahiplerinin-ve-yetimlerin-yuzunu-guldurdu-21-1024x683.jpg\" class=\"attachment-large size-large\" alt=\"\" aria-describedby=\"gallery-1-55641\" srcset=\"https:\/\/tdv.org\/tr-TR\/wp-content\/uploads\/2026\/02\/turkiye-diyanet-vakfi-tanzanya-da-ihtiyac-sahiplerinin-ve-yetimlerin-yuzunu-guldurdu-21-1024x683.jpg 1024w, https:\/\/tdv.org\/tr-TR\/wp-content\/uploads\/2026\/02\/turkiye-diyanet-vakfi-tanzanya-da-ihtiyac-sahiplerinin-ve-yetimlerin-yuzunu-guldurdu-21-300x200.jpg 300w, https:\/\/tdv.org\/tr-TR\/wp-content\/uploads\/2026\/02\/turkiye-diyanet-vakfi-tanzanya-da-ihtiyac-sahiplerinin-ve-yetimlerin-yuzunu-guldurdu-21-768x512.jpg 768w, https:\/\/tdv.org\/tr-TR\/wp-content\/uploads\/2026\/02\/turkiye-diyanet-vakfi-tanzanya-da-ihtiyac-sahiplerinin-ve-yetimlerin-yuzunu-guldurdu-21-900x600.jpg 900w, https:\/\/tdv.org\/tr-TR\/wp-content\/uploads\/2026\/02\/turkiye-diyanet-vakfi-tanzanya-da-ihtiyac-sahiplerinin-ve-yetimlerin-yuzunu-guldurdu-21.jpg 1152w\" sizes=\"(max-width: 1024px) 100vw, 1024px\" \/><\/a>\n\t\t\t<\/dt>\n\t\t\t\t<dd class='wp-caption-text gallery-caption' id='gallery-1-55641'>\n\t\t\t\tT\u00fcrkiye\u202fDiyanet\u202fVakf\u0131, Tanzanya&#8217;da ihtiya\u00e7 sahiplerinin ve yetimlerin y\u00fcz\u00fcn\u00fc g\u00fcld\u00fcrd\u00fc, yeim, yetim yard\u0131m\u0131, yetim himayesi\n\t\t\t\t<\/dd><\/dl><br style=\"clear: both\" \/>\n\t\t<\/div>\n\n","protected":false},"excerpt":{"rendered":"<p>T\u00fcrkiye\u202fDiyanet\u202fVakf\u0131\u202f(TDV), ramazan dolay\u0131s\u0131yla Tanzanya&#8217;n\u0131n Zanzibar b\u00f6lgesindeki Pemba Adas\u0131&#8217;nda ihtiya\u00e7 sahiplerine g\u0131da paketi, yetimlere de k\u0131yafet da\u011f\u0131tt\u0131.\u00a0 TDV g\u00f6revlileri ve g\u00f6n\u00fcll\u00fclerin\u00a0i\u015fbirli\u011fiyle,\u00a0Pemba\u00a0Adas\u0131&#8217;ndaki ihtiya\u00e7 sahipleri i\u00e7in ba\u011f\u0131\u015f\u00e7\u0131lar\u0131n destekleriyle haz\u0131rlanan kolilerde, ya\u011f, un, pirin\u00e7,&#8230;<\/p>\n","protected":false},"author":14,"featured_media":55636,"comment_status":"closed","ping_status":"closed","sticky":false,"template":"","format":"standard","meta":{"footnotes":""},"categories":[1],"tags":[2470,968,613,701,525,1276,2085,114,2263],"class_list":{"0":"post-55378","1":"post","2":"type-post","3":"status-publish","4":"format-standard","5":"has-post-thumbnail","7":"category-haberler","8":"tag-2026-ramazan","9":"tag-gida","10":"tag-gida-kolisi","11":"tag-gida-paketi","12":"tag-gida-yardimi","13":"tag-unutursan-yetim-kalir","14":"tag-yardim-kolileri","15":"tag-yetim","16":"tag-yetim-bagisi"},"yoast_head":"<!-- This site is optimized with the Yoast SEO plugin v27.5 - https:\/\/yoast.com\/product\/yoast-seo-wordpress\/ -->\n<title>T\u00fcrkiye\u202fDiyanet\u202fVakf\u0131, Tanzanya&#039;da ihtiya\u00e7 sahiplerinin ve yetimlerin y\u00fcz\u00fcn\u00fc g\u00fcld\u00fcrd\u00fc<\/title>\n<meta name=\"description\" content=\"T\u00fcrkiye\u202fDiyanet\u202fVakf\u0131\u202f(TDV), ramazan dolay\u0131s\u0131yla Tanzanya&#039;n\u0131n Zanzibar b\u00f6lgesindeki Pemba Adas\u0131&#039;nda ihtiya\u00e7 sahiplerine g\u0131da paketi, yetimlere de k\u0131yafet da\u011f\u0131tt\u0131.\u00a0\" \/>\n<meta name=\"robots\" content=\"index, follow, max-snippet:-1, max-image-preview:large, max-video-preview:-1\" \/>\n<link rel=\"canonical\" href=\"https:\/\/tdv.org\/tr-TR\/turkiye-diyanet-vakfi-tanzanyada-ihtiyac-sahiplerinin-ve-yetimlerin-yuzunu-guldurdu\/\" \/>\n<meta property=\"og:locale\" content=\"tr_TR\" \/>\n<meta property=\"og:type\" content=\"article\" \/>\n<meta property=\"og:title\" content=\"T\u00fcrkiye\u202fDiyanet\u202fVakf\u0131, Tanzanya&#039;da ihtiya\u00e7 sahiplerinin ve yetimlerin y\u00fcz\u00fcn\u00fc g\u00fcld\u00fcrd\u00fc\" \/>\n<meta property=\"og:description\" content=\"T\u00fcrkiye\u202fDiyanet\u202fVakf\u0131\u202f(TDV), ramazan dolay\u0131s\u0131yla Tanzanya&#039;n\u0131n Zanzibar b\u00f6lgesindeki Pemba Adas\u0131&#039;nda ihtiya\u00e7 sahiplerine g\u0131da paketi, yetimlere de k\u0131yafet da\u011f\u0131tt\u0131.\u00a0\" \/>\n<meta property=\"og:url\" content=\"https:\/\/tdv.org\/tr-TR\/turkiye-diyanet-vakfi-tanzanyada-ihtiyac-sahiplerinin-ve-yetimlerin-yuzunu-guldurdu\/\" \/>\n<meta property=\"og:site_name\" content=\"T\u00fcrkiye Diyanet Vakf\u0131 Resmi Web Sitesi\" \/>\n<meta property=\"article:publisher\" content=\"https:\/\/www.facebook.com\/Diyanetvakfi\/\" \/>\n<meta property=\"article:published_time\" content=\"2026-02-26T12:30:22+00:00\" \/>\n<meta property=\"article:modified_time\" content=\"2026-03-03T07:39:30+00:00\" \/>\n<meta property=\"og:image\" content=\"https:\/\/tdv.org\/tr-TR\/wp-content\/uploads\/2026\/02\/turkiye-diyanet-vakfi-tanzanya-da-ihtiyac-sahiplerinin-ve-yetimlerin-yuzunu-guldurdu-16.jpg\" \/>\n\t<meta property=\"og:image:width\" content=\"1152\" \/>\n\t<meta property=\"og:image:height\" content=\"768\" \/>\n\t<meta property=\"og:image:type\" content=\"image\/jpeg\" \/>\n<meta name=\"author\" content=\"Mustafa Sunar\" \/>\n<meta name=\"twitter:card\" content=\"summary_large_image\" \/>\n<meta name=\"twitter:creator\" content=\"@DiyanetVakfi\" \/>\n<meta name=\"twitter:site\" content=\"@DiyanetVakfi\" \/>\n<script type=\"application\/ld+json\" class=\"yoast-schema-graph\">{\"@context\":\"https:\\\/\\\/schema.org\",\"@graph\":[{\"@type\":\"Article\",\"@id\":\"https:\\\/\\\/tdv.org\\\/tr-TR\\\/turkiye-diyanet-vakfi-tanzanyada-ihtiyac-sahiplerinin-ve-yetimlerin-yuzunu-guldurdu\\\/#article\",\"isPartOf\":{\"@id\":\"https:\\\/\\\/tdv.org\\\/tr-TR\\\/turkiye-diyanet-vakfi-tanzanyada-ihtiyac-sahiplerinin-ve-yetimlerin-yuzunu-guldurdu\\\/\"},\"author\":{\"name\":\"Mustafa Sunar\",\"@id\":\"https:\\\/\\\/tdv.org\\\/tr-TR\\\/#\\\/schema\\\/person\\\/59c31b2380b0fdfe778b0df2c86686c2\"},\"headline\":\"T\u00fcrkiye\u202fDiyanet\u202fVakf\u0131, Tanzanya&#8217;da ihtiya\u00e7 sahiplerinin ve yetimlerin y\u00fcz\u00fcn\u00fc g\u00fcld\u00fcrd\u00fc\",\"datePublished\":\"2026-02-26T12:30:22+00:00\",\"dateModified\":\"2026-03-03T07:39:30+00:00\",\"mainEntityOfPage\":{\"@id\":\"https:\\\/\\\/tdv.org\\\/tr-TR\\\/turkiye-diyanet-vakfi-tanzanyada-ihtiyac-sahiplerinin-ve-yetimlerin-yuzunu-guldurdu\\\/\"},\"wordCount\":213,\"publisher\":{\"@id\":\"https:\\\/\\\/tdv.org\\\/tr-TR\\\/#organization\"},\"image\":{\"@id\":\"https:\\\/\\\/tdv.org\\\/tr-TR\\\/turkiye-diyanet-vakfi-tanzanyada-ihtiyac-sahiplerinin-ve-yetimlerin-yuzunu-guldurdu\\\/#primaryimage\"},\"thumbnailUrl\":\"https:\\\/\\\/tdv.org\\\/tr-TR\\\/wp-content\\\/uploads\\\/2026\\\/02\\\/turkiye-diyanet-vakfi-tanzanya-da-ihtiyac-sahiplerinin-ve-yetimlerin-yuzunu-guldurdu-16.jpg\",\"keywords\":[\"2026 Ramazan\",\"g\u0131da\",\"g\u0131da kolisi\",\"g\u0131da paketi\",\"g\u0131da yard\u0131m\u0131\",\"unutursan yetim kal\u0131r\",\"yard\u0131m kolileri\",\"Yetim\",\"Yetim Ba\u011f\u0131\u015f\u0131\"],\"articleSection\":[\"Haberler\"],\"inLanguage\":\"tr\"},{\"@type\":\"WebPage\",\"@id\":\"https:\\\/\\\/tdv.org\\\/tr-TR\\\/turkiye-diyanet-vakfi-tanzanyada-ihtiyac-sahiplerinin-ve-yetimlerin-yuzunu-guldurdu\\\/\",\"url\":\"https:\\\/\\\/tdv.org\\\/tr-TR\\\/turkiye-diyanet-vakfi-tanzanyada-ihtiyac-sahiplerinin-ve-yetimlerin-yuzunu-guldurdu\\\/\",\"name\":\"T\u00fcrkiye\u202fDiyanet\u202fVakf\u0131, Tanzanya'da ihtiya\u00e7 sahiplerinin ve yetimlerin y\u00fcz\u00fcn\u00fc g\u00fcld\u00fcrd\u00fc\",\"isPartOf\":{\"@id\":\"https:\\\/\\\/tdv.org\\\/tr-TR\\\/#website\"},\"primaryImageOfPage\":{\"@id\":\"https:\\\/\\\/tdv.org\\\/tr-TR\\\/turkiye-diyanet-vakfi-tanzanyada-ihtiyac-sahiplerinin-ve-yetimlerin-yuzunu-guldurdu\\\/#primaryimage\"},\"image\":{\"@id\":\"https:\\\/\\\/tdv.org\\\/tr-TR\\\/turkiye-diyanet-vakfi-tanzanyada-ihtiyac-sahiplerinin-ve-yetimlerin-yuzunu-guldurdu\\\/#primaryimage\"},\"thumbnailUrl\":\"https:\\\/\\\/tdv.org\\\/tr-TR\\\/wp-content\\\/uploads\\\/2026\\\/02\\\/turkiye-diyanet-vakfi-tanzanya-da-ihtiyac-sahiplerinin-ve-yetimlerin-yuzunu-guldurdu-16.jpg\",\"datePublished\":\"2026-02-26T12:30:22+00:00\",\"dateModified\":\"2026-03-03T07:39:30+00:00\",\"description\":\"T\u00fcrkiye\u202fDiyanet\u202fVakf\u0131\u202f(TDV), ramazan dolay\u0131s\u0131yla Tanzanya'n\u0131n Zanzibar b\u00f6lgesindeki Pemba Adas\u0131'nda ihtiya\u00e7 sahiplerine g\u0131da paketi, yetimlere de k\u0131yafet da\u011f\u0131tt\u0131.\u00a0\",\"breadcrumb\":{\"@id\":\"https:\\\/\\\/tdv.org\\\/tr-TR\\\/turkiye-diyanet-vakfi-tanzanyada-ihtiyac-sahiplerinin-ve-yetimlerin-yuzunu-guldurdu\\\/#breadcrumb\"},\"inLanguage\":\"tr\",\"potentialAction\":[{\"@type\":\"ReadAction\",\"target\":[\"https:\\\/\\\/tdv.org\\\/tr-TR\\\/turkiye-diyanet-vakfi-tanzanyada-ihtiyac-sahiplerinin-ve-yetimlerin-yuzunu-guldurdu\\\/\"]}]},{\"@type\":\"ImageObject\",\"inLanguage\":\"tr\",\"@id\":\"https:\\\/\\\/tdv.org\\\/tr-TR\\\/turkiye-diyanet-vakfi-tanzanyada-ihtiyac-sahiplerinin-ve-yetimlerin-yuzunu-guldurdu\\\/#primaryimage\",\"url\":\"https:\\\/\\\/tdv.org\\\/tr-TR\\\/wp-content\\\/uploads\\\/2026\\\/02\\\/turkiye-diyanet-vakfi-tanzanya-da-ihtiyac-sahiplerinin-ve-yetimlerin-yuzunu-guldurdu-16.jpg\",\"contentUrl\":\"https:\\\/\\\/tdv.org\\\/tr-TR\\\/wp-content\\\/uploads\\\/2026\\\/02\\\/turkiye-diyanet-vakfi-tanzanya-da-ihtiyac-sahiplerinin-ve-yetimlerin-yuzunu-guldurdu-16.jpg\",\"width\":1152,\"height\":768,\"caption\":\"T\u00fcrkiye\u202fDiyanet\u202fVakf\u0131, Tanzanya'da ihtiya\u00e7 sahiplerinin ve yetimlerin y\u00fcz\u00fcn\u00fc g\u00fcld\u00fcrd\u00fc, yeim, yetim yard\u0131m\u0131, yetim himayesi\"},{\"@type\":\"BreadcrumbList\",\"@id\":\"https:\\\/\\\/tdv.org\\\/tr-TR\\\/turkiye-diyanet-vakfi-tanzanyada-ihtiyac-sahiplerinin-ve-yetimlerin-yuzunu-guldurdu\\\/#breadcrumb\",\"itemListElement\":[{\"@type\":\"ListItem\",\"position\":1,\"name\":\"Anasayfa\",\"item\":\"https:\\\/\\\/tdv.org\\\/tr-TR\\\/\"},{\"@type\":\"ListItem\",\"position\":2,\"name\":\"T\u00fcrkiye\u202fDiyanet\u202fVakf\u0131, Tanzanya&#8217;da ihtiya\u00e7 sahiplerinin ve yetimlerin y\u00fcz\u00fcn\u00fc g\u00fcld\u00fcrd\u00fc\"}]},{\"@type\":\"WebSite\",\"@id\":\"https:\\\/\\\/tdv.org\\\/tr-TR\\\/#website\",\"url\":\"https:\\\/\\\/tdv.org\\\/tr-TR\\\/\",\"name\":\"T\u00fcrkiye Diyanet Vakf\u0131 Resmi Web Sitesi\",\"description\":\"Yery\u00fcz\u00fcnde iyilik egemen oluncaya kadar\",\"publisher\":{\"@id\":\"https:\\\/\\\/tdv.org\\\/tr-TR\\\/#organization\"},\"alternateName\":\"T\u00fcrkiye Diyanet Vakf\u0131\",\"potentialAction\":[{\"@type\":\"SearchAction\",\"target\":{\"@type\":\"EntryPoint\",\"urlTemplate\":\"https:\\\/\\\/tdv.org\\\/tr-TR\\\/?s={search_term_string}\"},\"query-input\":{\"@type\":\"PropertyValueSpecification\",\"valueRequired\":true,\"valueName\":\"search_term_string\"}}],\"inLanguage\":\"tr\"},{\"@type\":\"Organization\",\"@id\":\"https:\\\/\\\/tdv.org\\\/tr-TR\\\/#organization\",\"name\":\"T\u00fcrkiye Diyanet Vakf\u0131\",\"alternateName\":\"T\u00fcrkiye Diyanet Vakf\u0131\",\"url\":\"https:\\\/\\\/tdv.org\\\/tr-TR\\\/\",\"logo\":{\"@type\":\"ImageObject\",\"inLanguage\":\"tr\",\"@id\":\"https:\\\/\\\/tdv.org\\\/tr-TR\\\/#\\\/schema\\\/logo\\\/image\\\/\",\"url\":\"https:\\\/\\\/tdv.org\\\/tr-TR\\\/wp-content\\\/uploads\\\/2018\\\/12\\\/TDV_Logo_1.png\",\"contentUrl\":\"https:\\\/\\\/tdv.org\\\/tr-TR\\\/wp-content\\\/uploads\\\/2018\\\/12\\\/TDV_Logo_1.png\",\"width\":207,\"height\":71,\"caption\":\"T\u00fcrkiye Diyanet Vakf\u0131\"},\"image\":{\"@id\":\"https:\\\/\\\/tdv.org\\\/tr-TR\\\/#\\\/schema\\\/logo\\\/image\\\/\"},\"sameAs\":[\"https:\\\/\\\/www.facebook.com\\\/Diyanetvakfi\\\/\",\"https:\\\/\\\/x.com\\\/DiyanetVakfi\",\"https:\\\/\\\/www.instagram.com\\\/turkiyediyanetvakfi\\\/\",\"https:\\\/\\\/www.youtube.com\\\/user\\\/TurkiyeDiyanetVakfi\"]},{\"@type\":\"Person\",\"@id\":\"https:\\\/\\\/tdv.org\\\/tr-TR\\\/#\\\/schema\\\/person\\\/59c31b2380b0fdfe778b0df2c86686c2\",\"name\":\"Mustafa Sunar\",\"image\":{\"@type\":\"ImageObject\",\"inLanguage\":\"tr\",\"@id\":\"https:\\\/\\\/tdv.org\\\/tr-TR\\\/wp-content\\\/litespeed\\\/avatar\\\/881966e14150a12f093f73848867e8e7.jpg?ver=1777627359\",\"url\":\"https:\\\/\\\/tdv.org\\\/tr-TR\\\/wp-content\\\/litespeed\\\/avatar\\\/881966e14150a12f093f73848867e8e7.jpg?ver=1777627359\",\"contentUrl\":\"https:\\\/\\\/tdv.org\\\/tr-TR\\\/wp-content\\\/litespeed\\\/avatar\\\/881966e14150a12f093f73848867e8e7.jpg?ver=1777627359\",\"caption\":\"Mustafa Sunar\"}}]}<\/script>\n<!-- \/ Yoast SEO plugin. -->","yoast_head_json":{"title":"T\u00fcrkiye\u202fDiyanet\u202fVakf\u0131, Tanzanya'da ihtiya\u00e7 sahiplerinin ve yetimlerin y\u00fcz\u00fcn\u00fc g\u00fcld\u00fcrd\u00fc","description":"T\u00fcrkiye\u202fDiyanet\u202fVakf\u0131\u202f(TDV), ramazan dolay\u0131s\u0131yla Tanzanya'n\u0131n Zanzibar b\u00f6lgesindeki Pemba Adas\u0131'nda ihtiya\u00e7 sahiplerine g\u0131da paketi, yetimlere de k\u0131yafet da\u011f\u0131tt\u0131.\u00a0","robots":{"index":"index","follow":"follow","max-snippet":"max-snippet:-1","max-image-preview":"max-image-preview:large","max-video-preview":"max-video-preview:-1"},"canonical":"https:\/\/tdv.org\/tr-TR\/turkiye-diyanet-vakfi-tanzanyada-ihtiyac-sahiplerinin-ve-yetimlerin-yuzunu-guldurdu\/","og_locale":"tr_TR","og_type":"article","og_title":"T\u00fcrkiye\u202fDiyanet\u202fVakf\u0131, Tanzanya'da ihtiya\u00e7 sahiplerinin ve yetimlerin y\u00fcz\u00fcn\u00fc g\u00fcld\u00fcrd\u00fc","og_description":"T\u00fcrkiye\u202fDiyanet\u202fVakf\u0131\u202f(TDV), ramazan dolay\u0131s\u0131yla Tanzanya'n\u0131n Zanzibar b\u00f6lgesindeki Pemba Adas\u0131'nda ihtiya\u00e7 sahiplerine g\u0131da paketi, yetimlere de k\u0131yafet da\u011f\u0131tt\u0131.\u00a0","og_url":"https:\/\/tdv.org\/tr-TR\/turkiye-diyanet-vakfi-tanzanyada-ihtiyac-sahiplerinin-ve-yetimlerin-yuzunu-guldurdu\/","og_site_name":"T\u00fcrkiye Diyanet Vakf\u0131 Resmi Web Sitesi","article_publisher":"https:\/\/www.facebook.com\/Diyanetvakfi\/","article_published_time":"2026-02-26T12:30:22+00:00","article_modified_time":"2026-03-03T07:39:30+00:00","og_image":[{"width":1152,"height":768,"url":"https:\/\/tdv.org\/tr-TR\/wp-content\/uploads\/2026\/02\/turkiye-diyanet-vakfi-tanzanya-da-ihtiyac-sahiplerinin-ve-yetimlerin-yuzunu-guldurdu-16.jpg","type":"image\/jpeg"}],"author":"Mustafa Sunar","twitter_card":"summary_large_image","twitter_creator":"@DiyanetVakfi","twitter_site":"@DiyanetVakfi","schema":{"@context":"https:\/\/schema.org","@graph":[{"@type":"Article","@id":"https:\/\/tdv.org\/tr-TR\/turkiye-diyanet-vakfi-tanzanyada-ihtiyac-sahiplerinin-ve-yetimlerin-yuzunu-guldurdu\/#article","isPartOf":{"@id":"https:\/\/tdv.org\/tr-TR\/turkiye-diyanet-vakfi-tanzanyada-ihtiyac-sahiplerinin-ve-yetimlerin-yuzunu-guldurdu\/"},"author":{"name":"Mustafa Sunar","@id":"https:\/\/tdv.org\/tr-TR\/#\/schema\/person\/59c31b2380b0fdfe778b0df2c86686c2"},"headline":"T\u00fcrkiye\u202fDiyanet\u202fVakf\u0131, Tanzanya&#8217;da ihtiya\u00e7 sahiplerinin ve yetimlerin y\u00fcz\u00fcn\u00fc g\u00fcld\u00fcrd\u00fc","datePublished":"2026-02-26T12:30:22+00:00","dateModified":"2026-03-03T07:39:30+00:00","mainEntityOfPage":{"@id":"https:\/\/tdv.org\/tr-TR\/turkiye-diyanet-vakfi-tanzanyada-ihtiyac-sahiplerinin-ve-yetimlerin-yuzunu-guldurdu\/"},"wordCount":213,"publisher":{"@id":"https:\/\/tdv.org\/tr-TR\/#organization"},"image":{"@id":"https:\/\/tdv.org\/tr-TR\/turkiye-diyanet-vakfi-tanzanyada-ihtiyac-sahiplerinin-ve-yetimlerin-yuzunu-guldurdu\/#primaryimage"},"thumbnailUrl":"https:\/\/tdv.org\/tr-TR\/wp-content\/uploads\/2026\/02\/turkiye-diyanet-vakfi-tanzanya-da-ihtiyac-sahiplerinin-ve-yetimlerin-yuzunu-guldurdu-16.jpg","keywords":["2026 Ramazan","g\u0131da","g\u0131da kolisi","g\u0131da paketi","g\u0131da yard\u0131m\u0131","unutursan yetim kal\u0131r","yard\u0131m kolileri","Yetim","Yetim Ba\u011f\u0131\u015f\u0131"],"articleSection":["Haberler"],"inLanguage":"tr"},{"@type":"WebPage","@id":"https:\/\/tdv.org\/tr-TR\/turkiye-diyanet-vakfi-tanzanyada-ihtiyac-sahiplerinin-ve-yetimlerin-yuzunu-guldurdu\/","url":"https:\/\/tdv.org\/tr-TR\/turkiye-diyanet-vakfi-tanzanyada-ihtiyac-sahiplerinin-ve-yetimlerin-yuzunu-guldurdu\/","name":"T\u00fcrkiye\u202fDiyanet\u202fVakf\u0131, Tanzanya'da ihtiya\u00e7 sahiplerinin ve yetimlerin y\u00fcz\u00fcn\u00fc g\u00fcld\u00fcrd\u00fc","isPartOf":{"@id":"https:\/\/tdv.org\/tr-TR\/#website"},"primaryImageOfPage":{"@id":"https:\/\/tdv.org\/tr-TR\/turkiye-diyanet-vakfi-tanzanyada-ihtiyac-sahiplerinin-ve-yetimlerin-yuzunu-guldurdu\/#primaryimage"},"image":{"@id":"https:\/\/tdv.org\/tr-TR\/turkiye-diyanet-vakfi-tanzanyada-ihtiyac-sahiplerinin-ve-yetimlerin-yuzunu-guldurdu\/#primaryimage"},"thumbnailUrl":"https:\/\/tdv.org\/tr-TR\/wp-content\/uploads\/2026\/02\/turkiye-diyanet-vakfi-tanzanya-da-ihtiyac-sahiplerinin-ve-yetimlerin-yuzunu-guldurdu-16.jpg","datePublished":"2026-02-26T12:30:22+00:00","dateModified":"2026-03-03T07:39:30+00:00","description":"T\u00fcrkiye\u202fDiyanet\u202fVakf\u0131\u202f(TDV), ramazan dolay\u0131s\u0131yla Tanzanya'n\u0131n Zanzibar b\u00f6lgesindeki Pemba Adas\u0131'nda ihtiya\u00e7 sahiplerine g\u0131da paketi, yetimlere de k\u0131yafet da\u011f\u0131tt\u0131.\u00a0","breadcrumb":{"@id":"https:\/\/tdv.org\/tr-TR\/turkiye-diyanet-vakfi-tanzanyada-ihtiyac-sahiplerinin-ve-yetimlerin-yuzunu-guldurdu\/#breadcrumb"},"inLanguage":"tr","potentialAction":[{"@type":"ReadAction","target":["https:\/\/tdv.org\/tr-TR\/turkiye-diyanet-vakfi-tanzanyada-ihtiyac-sahiplerinin-ve-yetimlerin-yuzunu-guldurdu\/"]}]},{"@type":"ImageObject","inLanguage":"tr","@id":"https:\/\/tdv.org\/tr-TR\/turkiye-diyanet-vakfi-tanzanyada-ihtiyac-sahiplerinin-ve-yetimlerin-yuzunu-guldurdu\/#primaryimage","url":"https:\/\/tdv.org\/tr-TR\/wp-content\/uploads\/2026\/02\/turkiye-diyanet-vakfi-tanzanya-da-ihtiyac-sahiplerinin-ve-yetimlerin-yuzunu-guldurdu-16.jpg","contentUrl":"https:\/\/tdv.org\/tr-TR\/wp-content\/uploads\/2026\/02\/turkiye-diyanet-vakfi-tanzanya-da-ihtiyac-sahiplerinin-ve-yetimlerin-yuzunu-guldurdu-16.jpg","width":1152,"height":768,"caption":"T\u00fcrkiye\u202fDiyanet\u202fVakf\u0131, Tanzanya'da ihtiya\u00e7 sahiplerinin ve yetimlerin y\u00fcz\u00fcn\u00fc g\u00fcld\u00fcrd\u00fc, yeim, yetim yard\u0131m\u0131, yetim himayesi"},{"@type":"BreadcrumbList","@id":"https:\/\/tdv.org\/tr-TR\/turkiye-diyanet-vakfi-tanzanyada-ihtiyac-sahiplerinin-ve-yetimlerin-yuzunu-guldurdu\/#breadcrumb","itemListElement":[{"@type":"ListItem","position":1,"name":"Anasayfa","item":"https:\/\/tdv.org\/tr-TR\/"},{"@type":"ListItem","position":2,"name":"T\u00fcrkiye\u202fDiyanet\u202fVakf\u0131, Tanzanya&#8217;da ihtiya\u00e7 sahiplerinin ve yetimlerin y\u00fcz\u00fcn\u00fc g\u00fcld\u00fcrd\u00fc"}]},{"@type":"WebSite","@id":"https:\/\/tdv.org\/tr-TR\/#website","url":"https:\/\/tdv.org\/tr-TR\/","name":"T\u00fcrkiye Diyanet Vakf\u0131 Resmi Web Sitesi","description":"Yery\u00fcz\u00fcnde iyilik egemen oluncaya kadar","publisher":{"@id":"https:\/\/tdv.org\/tr-TR\/#organization"},"alternateName":"T\u00fcrkiye Diyanet Vakf\u0131","potentialAction":[{"@type":"SearchAction","target":{"@type":"EntryPoint","urlTemplate":"https:\/\/tdv.org\/tr-TR\/?s={search_term_string}"},"query-input":{"@type":"PropertyValueSpecification","valueRequired":true,"valueName":"search_term_string"}}],"inLanguage":"tr"},{"@type":"Organization","@id":"https:\/\/tdv.org\/tr-TR\/#organization","name":"T\u00fcrkiye Diyanet Vakf\u0131","alternateName":"T\u00fcrkiye Diyanet Vakf\u0131","url":"https:\/\/tdv.org\/tr-TR\/","logo":{"@type":"ImageObject","inLanguage":"tr","@id":"https:\/\/tdv.org\/tr-TR\/#\/schema\/logo\/image\/","url":"https:\/\/tdv.org\/tr-TR\/wp-content\/uploads\/2018\/12\/TDV_Logo_1.png","contentUrl":"https:\/\/tdv.org\/tr-TR\/wp-content\/uploads\/2018\/12\/TDV_Logo_1.png","width":207,"height":71,"caption":"T\u00fcrkiye Diyanet Vakf\u0131"},"image":{"@id":"https:\/\/tdv.org\/tr-TR\/#\/schema\/logo\/image\/"},"sameAs":["https:\/\/www.facebook.com\/Diyanetvakfi\/","https:\/\/x.com\/DiyanetVakfi","https:\/\/www.instagram.com\/turkiyediyanetvakfi\/","https:\/\/www.youtube.com\/user\/TurkiyeDiyanetVakfi"]},{"@type":"Person","@id":"https:\/\/tdv.org\/tr-TR\/#\/schema\/person\/59c31b2380b0fdfe778b0df2c86686c2","name":"Mustafa Sunar","image":{"@type":"ImageObject","inLanguage":"tr","@id":"https:\/\/tdv.org\/tr-TR\/wp-content\/litespeed\/avatar\/881966e14150a12f093f73848867e8e7.jpg?ver=1777627359","url":"https:\/\/tdv.org\/tr-TR\/wp-content\/litespeed\/avatar\/881966e14150a12f093f73848867e8e7.jpg?ver=1777627359","contentUrl":"https:\/\/tdv.org\/tr-TR\/wp-content\/litespeed\/avatar\/881966e14150a12f093f73848867e8e7.jpg?ver=1777627359","caption":"Mustafa Sunar"}}]}},"_links":{"self":[{"href":"https:\/\/tdv.org\/tr-TR\/wp-json\/wp\/v2\/posts\/55378","targetHints":{"allow":["GET"]}}],"collection":[{"href":"https:\/\/tdv.org\/tr-TR\/wp-json\/wp\/v2\/posts"}],"about":[{"href":"https:\/\/tdv.org\/tr-TR\/wp-json\/wp\/v2\/types\/post"}],"author":[{"embeddable":true,"href":"https:\/\/tdv.org\/tr-TR\/wp-json\/wp\/v2\/users\/14"}],"replies":[{"embeddable":true,"href":"https:\/\/tdv.org\/tr-TR\/wp-json\/wp\/v2\/comments?post=55378"}],"version-history":[{"count":5,"href":"https:\/\/tdv.org\/tr-TR\/wp-json\/wp\/v2\/posts\/55378\/revisions"}],"predecessor-version":[{"id":55820,"href":"https:\/\/tdv.org\/tr-TR\/wp-json\/wp\/v2\/posts\/55378\/revisions\/55820"}],"wp:featuredmedia":[{"embeddable":true,"href":"https:\/\/tdv.org\/tr-TR\/wp-json\/wp\/v2\/media\/55636"}],"wp:attachment":[{"href":"https:\/\/tdv.org\/tr-TR\/wp-json\/wp\/v2\/media?parent=55378"}],"wp:term":[{"taxonomy":"category","embeddable":true,"href":"https:\/\/tdv.org\/tr-TR\/wp-json\/wp\/v2\/categories?post=55378"},{"taxonomy":"post_tag","embeddable":true,"href":"https:\/\/tdv.org\/tr-TR\/wp-json\/wp\/v2\/tags?post=55378"}],"curies":[{"name":"wp","href":"https:\/\/api.w.org\/{rel}","templated":true}]}}