{"id":55443,"date":"2026-02-25T11:09:09","date_gmt":"2026-02-25T08:09:09","guid":{"rendered":"https:\/\/tdv.org\/tr-TR\/?p=55443"},"modified":"2026-03-03T10:33:24","modified_gmt":"2026-03-03T07:33:24","slug":"turkiye-diyanet-vakfi-sierra-leonede-ramazan-yardimlarina-devam-ediyor","status":"publish","type":"post","link":"https:\/\/tdv.org\/tr-TR\/turkiye-diyanet-vakfi-sierra-leonede-ramazan-yardimlarina-devam-ediyor\/","title":{"rendered":"T\u00fcrkiye\u202fDiyanet\u202fVakf\u0131, Sierra Leone&#8217;de ramazan yard\u0131mlar\u0131na devam ediyor"},"content":{"rendered":"<p style=\"text-align: justify;\"><span data-contrast=\"none\">T\u00fcrkiye\u202fDiyanet\u202fVakf\u0131\u202f(TDV) <a href=\"https:\/\/bagis.tdv.org\/#ramazan\" target=\"_blank\" rel=\"noopener\">ramazan<\/a> dolay\u0131s\u0131yla Sierra Leone&#8217;nin ba\u015fkenti Freetown&#8217;da ihtiya\u00e7 sahiplerine <a href=\"https:\/\/bagis.tdv.org\/ramazan\/gida-paketi-39\" target=\"_blank\" rel=\"noopener\">g\u0131da kolisi<\/a> da\u011f\u0131t\u0131mlar\u0131n\u0131 s\u00fcrd\u00fcrd\u00fc.<\/span><span data-ccp-props=\"{&quot;134233118&quot;:true,&quot;201341983&quot;:2,&quot;335557856&quot;:16777215,&quot;335559740&quot;:390}\">\u00a0<\/span><\/p>\n<p style=\"text-align: justify;\"><span data-contrast=\"none\">TDV ekip sorumlusu Esen Ali Duman ve beraberindeki g\u00f6n\u00fcll\u00fcler, bir okul bah\u00e7esinde d\u00fczenlenen programda ihtiya\u00e7 sahibi ailelere <a href=\"https:\/\/bagis.tdv.org\/ramazan\/gida-paketi-39\" target=\"_blank\" rel=\"noopener\">g\u0131da kolisi<\/a> da\u011f\u0131t\u0131m\u0131 yapt\u0131.<\/span><span data-ccp-props=\"{&quot;134233118&quot;:true,&quot;201341983&quot;:2,&quot;335557856&quot;:16777215,&quot;335559740&quot;:390}\">\u00a0<\/span><\/p>\n<p style=\"text-align: justify;\"><span data-contrast=\"none\">Ba\u011f\u0131\u015f\u00e7\u0131lar\u0131n destekleriyle haz\u0131rlanan ve i\u00e7erisinde un, pirin\u00e7, \u015feker, sal\u00e7a gibi g\u0131da malzemelerinin yer ald\u0131\u011f\u0131 koliler ihtiya\u00e7 sahiplerine teslim edildi.<\/span><span data-ccp-props=\"{&quot;134233118&quot;:true,&quot;201341983&quot;:2,&quot;335557856&quot;:16777215,&quot;335559740&quot;:390}\">\u00a0<\/span><\/p>\n<p style=\"text-align: justify;\"><span data-contrast=\"none\">Da\u011f\u0131t\u0131m\u0131n yap\u0131ld\u0131\u011f\u0131 okuldaki \u00e7ocuklara ise kalem, balon ve \u015feker verildi.<\/span><span data-ccp-props=\"{&quot;134233118&quot;:true,&quot;201341983&quot;:2,&quot;335557856&quot;:16777215,&quot;335559740&quot;:390}\">\u00a0<\/span><\/p>\n<p style=\"text-align: justify;\"><span data-contrast=\"none\">Da\u011f\u0131t\u0131m program\u0131nda konu\u015fan ekip sorumlusu Esen Ali Duman, vak\u0131f olarak sadece <a href=\"https:\/\/bagis.tdv.org\/#ramazan\" target=\"_blank\" rel=\"noopener\">ramazan<\/a> programlar\u0131 de\u011fil, b\u00f6lgede kurban programlar\u0131 ve su kuyusu a\u00e7ma \u00e7al\u0131\u015fmalar\u0131 yapt\u0131klar\u0131n\u0131 belirterek, &#8220;Elimizden geldi\u011fince siz M\u00fcsl\u00fcman karde\u015flerimize yard\u0131mc\u0131 olmaya \u00e7al\u0131\u015f\u0131yoruz. Afi\u015flerimizde yazd\u0131\u011f\u0131 gibi m\u00fcminler her zaman karde\u015ftir, biz de karde\u015flerimizin her zaman mutlu olmas\u0131n\u0131 istiyoruz. Bunun i\u00e7in de elimizden geleni yap\u0131yoruz. Bizlere destek olan t\u00fcm ba\u011f\u0131\u015f\u00e7\u0131lar\u0131m\u0131za te\u015fekk\u00fcr ediyorum.&#8221; diye konu\u015ftu.<\/span><span data-ccp-props=\"{&quot;134233118&quot;:true,&quot;201341983&quot;:2,&quot;335557856&quot;:16777215,&quot;335559740&quot;:390}\">\u00a0<\/span><\/p>\n\n\t\t<style type=\"text\/css\">\n\t\t\t#gallery-1 {\n\t\t\t\tmargin: auto;\n\t\t\t}\n\t\t\t#gallery-1 .gallery-item {\n\t\t\t\tfloat: left;\n\t\t\t\tmargin-top: 10px;\n\t\t\t\ttext-align: center;\n\t\t\t\twidth: 33%;\n\t\t\t}\n\t\t\t#gallery-1 img {\n\t\t\t\tborder: 2px solid #cfcfcf;\n\t\t\t}\n\t\t\t#gallery-1 .gallery-caption {\n\t\t\t\tmargin-left: 0;\n\t\t\t}\n\t\t\t\/* see gallery_shortcode() in wp-includes\/media.php *\/\n\t\t<\/style>\n\t\t<div id='gallery-1' class='gallery galleryid-55443 gallery-columns-3 gallery-size-large'><dl class='gallery-item'>\n\t\t\t<dt class='gallery-icon landscape'>\n\t\t\t\t<a href='https:\/\/tdv.org\/tr-TR\/wp-content\/uploads\/2026\/02\/turkiye-diyanet-vakfi-sierra-leonede-ramazan-yardimlarina-devam-ediyor-1.jpg'><img decoding=\"async\" width=\"1024\" height=\"683\" src=\"https:\/\/tdv.org\/tr-TR\/wp-content\/uploads\/2026\/02\/turkiye-diyanet-vakfi-sierra-leonede-ramazan-yardimlarina-devam-ediyor-1-1024x683.jpg\" class=\"attachment-large size-large\" alt=\"\" aria-describedby=\"gallery-1-55699\" srcset=\"https:\/\/tdv.org\/tr-TR\/wp-content\/uploads\/2026\/02\/turkiye-diyanet-vakfi-sierra-leonede-ramazan-yardimlarina-devam-ediyor-1-1024x683.jpg 1024w, https:\/\/tdv.org\/tr-TR\/wp-content\/uploads\/2026\/02\/turkiye-diyanet-vakfi-sierra-leonede-ramazan-yardimlarina-devam-ediyor-1-300x200.jpg 300w, https:\/\/tdv.org\/tr-TR\/wp-content\/uploads\/2026\/02\/turkiye-diyanet-vakfi-sierra-leonede-ramazan-yardimlarina-devam-ediyor-1-768x512.jpg 768w, https:\/\/tdv.org\/tr-TR\/wp-content\/uploads\/2026\/02\/turkiye-diyanet-vakfi-sierra-leonede-ramazan-yardimlarina-devam-ediyor-1-900x600.jpg 900w, https:\/\/tdv.org\/tr-TR\/wp-content\/uploads\/2026\/02\/turkiye-diyanet-vakfi-sierra-leonede-ramazan-yardimlarina-devam-ediyor-1.jpg 1152w\" sizes=\"(max-width: 1024px) 100vw, 1024px\" \/><\/a>\n\t\t\t<\/dt>\n\t\t\t\t<dd class='wp-caption-text gallery-caption' id='gallery-1-55699'>\n\t\t\t\tT\u00fcrkiye\u202fDiyanet\u202fVakf\u0131, Sierra Leone\u2019de ramazan yard\u0131mlar\u0131na devam ediyor,g\u0131da kolisi, g\u0131da yard\u0131m\u0131,g\u0131da\n\t\t\t\t<\/dd><\/dl><dl class='gallery-item'>\n\t\t\t<dt class='gallery-icon landscape'>\n\t\t\t\t<a href='https:\/\/tdv.org\/tr-TR\/wp-content\/uploads\/2026\/02\/turkiye-diyanet-vakfi-sierra-leonede-ramazan-yardimlarina-devam-ediyor-2.jpg'><img decoding=\"async\" width=\"1024\" height=\"683\" src=\"https:\/\/tdv.org\/tr-TR\/wp-content\/uploads\/2026\/02\/turkiye-diyanet-vakfi-sierra-leonede-ramazan-yardimlarina-devam-ediyor-2-1024x683.jpg\" class=\"attachment-large size-large\" alt=\"\" aria-describedby=\"gallery-1-55700\" srcset=\"https:\/\/tdv.org\/tr-TR\/wp-content\/uploads\/2026\/02\/turkiye-diyanet-vakfi-sierra-leonede-ramazan-yardimlarina-devam-ediyor-2-1024x683.jpg 1024w, https:\/\/tdv.org\/tr-TR\/wp-content\/uploads\/2026\/02\/turkiye-diyanet-vakfi-sierra-leonede-ramazan-yardimlarina-devam-ediyor-2-300x200.jpg 300w, https:\/\/tdv.org\/tr-TR\/wp-content\/uploads\/2026\/02\/turkiye-diyanet-vakfi-sierra-leonede-ramazan-yardimlarina-devam-ediyor-2-768x512.jpg 768w, https:\/\/tdv.org\/tr-TR\/wp-content\/uploads\/2026\/02\/turkiye-diyanet-vakfi-sierra-leonede-ramazan-yardimlarina-devam-ediyor-2-900x600.jpg 900w, https:\/\/tdv.org\/tr-TR\/wp-content\/uploads\/2026\/02\/turkiye-diyanet-vakfi-sierra-leonede-ramazan-yardimlarina-devam-ediyor-2.jpg 1152w\" sizes=\"(max-width: 1024px) 100vw, 1024px\" \/><\/a>\n\t\t\t<\/dt>\n\t\t\t\t<dd class='wp-caption-text gallery-caption' id='gallery-1-55700'>\n\t\t\t\tT\u00fcrkiye\u202fDiyanet\u202fVakf\u0131, Sierra Leone\u2019de ramazan yard\u0131mlar\u0131na devam ediyor,g\u0131da kolisi, g\u0131da yard\u0131m\u0131,g\u0131da\n\t\t\t\t<\/dd><\/dl><dl class='gallery-item'>\n\t\t\t<dt class='gallery-icon landscape'>\n\t\t\t\t<a href='https:\/\/tdv.org\/tr-TR\/wp-content\/uploads\/2026\/02\/turkiye-diyanet-vakfi-sierra-leonede-ramazan-yardimlarina-devam-ediyor-3.jpg'><img decoding=\"async\" width=\"1024\" height=\"683\" src=\"https:\/\/tdv.org\/tr-TR\/wp-content\/uploads\/2026\/02\/turkiye-diyanet-vakfi-sierra-leonede-ramazan-yardimlarina-devam-ediyor-3-1024x683.jpg\" class=\"attachment-large size-large\" alt=\"\" aria-describedby=\"gallery-1-55701\" srcset=\"https:\/\/tdv.org\/tr-TR\/wp-content\/uploads\/2026\/02\/turkiye-diyanet-vakfi-sierra-leonede-ramazan-yardimlarina-devam-ediyor-3-1024x683.jpg 1024w, https:\/\/tdv.org\/tr-TR\/wp-content\/uploads\/2026\/02\/turkiye-diyanet-vakfi-sierra-leonede-ramazan-yardimlarina-devam-ediyor-3-300x200.jpg 300w, https:\/\/tdv.org\/tr-TR\/wp-content\/uploads\/2026\/02\/turkiye-diyanet-vakfi-sierra-leonede-ramazan-yardimlarina-devam-ediyor-3-768x512.jpg 768w, https:\/\/tdv.org\/tr-TR\/wp-content\/uploads\/2026\/02\/turkiye-diyanet-vakfi-sierra-leonede-ramazan-yardimlarina-devam-ediyor-3-900x600.jpg 900w, https:\/\/tdv.org\/tr-TR\/wp-content\/uploads\/2026\/02\/turkiye-diyanet-vakfi-sierra-leonede-ramazan-yardimlarina-devam-ediyor-3.jpg 1152w\" sizes=\"(max-width: 1024px) 100vw, 1024px\" \/><\/a>\n\t\t\t<\/dt>\n\t\t\t\t<dd class='wp-caption-text gallery-caption' id='gallery-1-55701'>\n\t\t\t\tT\u00fcrkiye\u202fDiyanet\u202fVakf\u0131, Sierra Leone\u2019de ramazan yard\u0131mlar\u0131na devam ediyor,g\u0131da kolisi, g\u0131da yard\u0131m\u0131,g\u0131da\n\t\t\t\t<\/dd><\/dl><br style=\"clear: both\" \/><dl class='gallery-item'>\n\t\t\t<dt class='gallery-icon landscape'>\n\t\t\t\t<a href='https:\/\/tdv.org\/tr-TR\/wp-content\/uploads\/2026\/02\/turkiye-diyanet-vakfi-sierra-leonede-ramazan-yardimlarina-devam-ediyor-4.jpg'><img decoding=\"async\" width=\"1024\" height=\"683\" src=\"https:\/\/tdv.org\/tr-TR\/wp-content\/uploads\/2026\/02\/turkiye-diyanet-vakfi-sierra-leonede-ramazan-yardimlarina-devam-ediyor-4-1024x683.jpg\" class=\"attachment-large size-large\" alt=\"\" aria-describedby=\"gallery-1-55702\" srcset=\"https:\/\/tdv.org\/tr-TR\/wp-content\/uploads\/2026\/02\/turkiye-diyanet-vakfi-sierra-leonede-ramazan-yardimlarina-devam-ediyor-4-1024x683.jpg 1024w, https:\/\/tdv.org\/tr-TR\/wp-content\/uploads\/2026\/02\/turkiye-diyanet-vakfi-sierra-leonede-ramazan-yardimlarina-devam-ediyor-4-300x200.jpg 300w, https:\/\/tdv.org\/tr-TR\/wp-content\/uploads\/2026\/02\/turkiye-diyanet-vakfi-sierra-leonede-ramazan-yardimlarina-devam-ediyor-4-768x512.jpg 768w, https:\/\/tdv.org\/tr-TR\/wp-content\/uploads\/2026\/02\/turkiye-diyanet-vakfi-sierra-leonede-ramazan-yardimlarina-devam-ediyor-4-900x600.jpg 900w, https:\/\/tdv.org\/tr-TR\/wp-content\/uploads\/2026\/02\/turkiye-diyanet-vakfi-sierra-leonede-ramazan-yardimlarina-devam-ediyor-4.jpg 1152w\" sizes=\"(max-width: 1024px) 100vw, 1024px\" \/><\/a>\n\t\t\t<\/dt>\n\t\t\t\t<dd class='wp-caption-text gallery-caption' id='gallery-1-55702'>\n\t\t\t\tT\u00fcrkiye\u202fDiyanet\u202fVakf\u0131, Sierra Leone\u2019de ramazan yard\u0131mlar\u0131na devam ediyor,g\u0131da kolisi, g\u0131da yard\u0131m\u0131,g\u0131da\n\t\t\t\t<\/dd><\/dl><dl class='gallery-item'>\n\t\t\t<dt class='gallery-icon landscape'>\n\t\t\t\t<a href='https:\/\/tdv.org\/tr-TR\/wp-content\/uploads\/2026\/02\/turkiye-diyanet-vakfi-sierra-leonede-ramazan-yardimlarina-devam-ediyor-5.jpg'><img decoding=\"async\" width=\"1024\" height=\"683\" src=\"https:\/\/tdv.org\/tr-TR\/wp-content\/uploads\/2026\/02\/turkiye-diyanet-vakfi-sierra-leonede-ramazan-yardimlarina-devam-ediyor-5-1024x683.jpg\" class=\"attachment-large size-large\" alt=\"\" aria-describedby=\"gallery-1-55703\" srcset=\"https:\/\/tdv.org\/tr-TR\/wp-content\/uploads\/2026\/02\/turkiye-diyanet-vakfi-sierra-leonede-ramazan-yardimlarina-devam-ediyor-5-1024x683.jpg 1024w, https:\/\/tdv.org\/tr-TR\/wp-content\/uploads\/2026\/02\/turkiye-diyanet-vakfi-sierra-leonede-ramazan-yardimlarina-devam-ediyor-5-300x200.jpg 300w, https:\/\/tdv.org\/tr-TR\/wp-content\/uploads\/2026\/02\/turkiye-diyanet-vakfi-sierra-leonede-ramazan-yardimlarina-devam-ediyor-5-768x512.jpg 768w, https:\/\/tdv.org\/tr-TR\/wp-content\/uploads\/2026\/02\/turkiye-diyanet-vakfi-sierra-leonede-ramazan-yardimlarina-devam-ediyor-5-900x600.jpg 900w, https:\/\/tdv.org\/tr-TR\/wp-content\/uploads\/2026\/02\/turkiye-diyanet-vakfi-sierra-leonede-ramazan-yardimlarina-devam-ediyor-5.jpg 1152w\" sizes=\"(max-width: 1024px) 100vw, 1024px\" \/><\/a>\n\t\t\t<\/dt>\n\t\t\t\t<dd class='wp-caption-text gallery-caption' id='gallery-1-55703'>\n\t\t\t\tT\u00fcrkiye\u202fDiyanet\u202fVakf\u0131, Sierra Leone\u2019de ramazan yard\u0131mlar\u0131na devam ediyor,g\u0131da kolisi, g\u0131da yard\u0131m\u0131,g\u0131da\n\t\t\t\t<\/dd><\/dl><dl class='gallery-item'>\n\t\t\t<dt class='gallery-icon landscape'>\n\t\t\t\t<a href='https:\/\/tdv.org\/tr-TR\/wp-content\/uploads\/2026\/02\/turkiye-diyanet-vakfi-sierra-leonede-ramazan-yardimlarina-devam-ediyor-6.jpg'><img decoding=\"async\" width=\"1024\" height=\"683\" src=\"https:\/\/tdv.org\/tr-TR\/wp-content\/uploads\/2026\/02\/turkiye-diyanet-vakfi-sierra-leonede-ramazan-yardimlarina-devam-ediyor-6-1024x683.jpg\" class=\"attachment-large size-large\" alt=\"\" aria-describedby=\"gallery-1-55704\" srcset=\"https:\/\/tdv.org\/tr-TR\/wp-content\/uploads\/2026\/02\/turkiye-diyanet-vakfi-sierra-leonede-ramazan-yardimlarina-devam-ediyor-6-1024x683.jpg 1024w, https:\/\/tdv.org\/tr-TR\/wp-content\/uploads\/2026\/02\/turkiye-diyanet-vakfi-sierra-leonede-ramazan-yardimlarina-devam-ediyor-6-300x200.jpg 300w, https:\/\/tdv.org\/tr-TR\/wp-content\/uploads\/2026\/02\/turkiye-diyanet-vakfi-sierra-leonede-ramazan-yardimlarina-devam-ediyor-6-768x512.jpg 768w, https:\/\/tdv.org\/tr-TR\/wp-content\/uploads\/2026\/02\/turkiye-diyanet-vakfi-sierra-leonede-ramazan-yardimlarina-devam-ediyor-6-900x600.jpg 900w, https:\/\/tdv.org\/tr-TR\/wp-content\/uploads\/2026\/02\/turkiye-diyanet-vakfi-sierra-leonede-ramazan-yardimlarina-devam-ediyor-6.jpg 1152w\" sizes=\"(max-width: 1024px) 100vw, 1024px\" \/><\/a>\n\t\t\t<\/dt>\n\t\t\t\t<dd class='wp-caption-text gallery-caption' id='gallery-1-55704'>\n\t\t\t\tT\u00fcrkiye\u202fDiyanet\u202fVakf\u0131, Sierra Leone\u2019de ramazan yard\u0131mlar\u0131na devam ediyor,g\u0131da kolisi, g\u0131da yard\u0131m\u0131,g\u0131da\n\t\t\t\t<\/dd><\/dl><br style=\"clear: both\" \/><dl class='gallery-item'>\n\t\t\t<dt class='gallery-icon landscape'>\n\t\t\t\t<a href='https:\/\/tdv.org\/tr-TR\/wp-content\/uploads\/2026\/02\/turkiye-diyanet-vakfi-sierra-leonede-ramazan-yardimlarina-devam-ediyor-7.jpg'><img decoding=\"async\" width=\"1024\" height=\"683\" src=\"https:\/\/tdv.org\/tr-TR\/wp-content\/uploads\/2026\/02\/turkiye-diyanet-vakfi-sierra-leonede-ramazan-yardimlarina-devam-ediyor-7-1024x683.jpg\" class=\"attachment-large size-large\" alt=\"\" aria-describedby=\"gallery-1-55705\" srcset=\"https:\/\/tdv.org\/tr-TR\/wp-content\/uploads\/2026\/02\/turkiye-diyanet-vakfi-sierra-leonede-ramazan-yardimlarina-devam-ediyor-7-1024x683.jpg 1024w, https:\/\/tdv.org\/tr-TR\/wp-content\/uploads\/2026\/02\/turkiye-diyanet-vakfi-sierra-leonede-ramazan-yardimlarina-devam-ediyor-7-300x200.jpg 300w, https:\/\/tdv.org\/tr-TR\/wp-content\/uploads\/2026\/02\/turkiye-diyanet-vakfi-sierra-leonede-ramazan-yardimlarina-devam-ediyor-7-768x512.jpg 768w, https:\/\/tdv.org\/tr-TR\/wp-content\/uploads\/2026\/02\/turkiye-diyanet-vakfi-sierra-leonede-ramazan-yardimlarina-devam-ediyor-7-900x600.jpg 900w, https:\/\/tdv.org\/tr-TR\/wp-content\/uploads\/2026\/02\/turkiye-diyanet-vakfi-sierra-leonede-ramazan-yardimlarina-devam-ediyor-7.jpg 1152w\" sizes=\"(max-width: 1024px) 100vw, 1024px\" \/><\/a>\n\t\t\t<\/dt>\n\t\t\t\t<dd class='wp-caption-text gallery-caption' id='gallery-1-55705'>\n\t\t\t\tT\u00fcrkiye\u202fDiyanet\u202fVakf\u0131, Sierra Leone\u2019de ramazan yard\u0131mlar\u0131na devam ediyor,g\u0131da kolisi, g\u0131da yard\u0131m\u0131,g\u0131da\n\t\t\t\t<\/dd><\/dl><dl class='gallery-item'>\n\t\t\t<dt class='gallery-icon landscape'>\n\t\t\t\t<a href='https:\/\/tdv.org\/tr-TR\/wp-content\/uploads\/2026\/02\/turkiye-diyanet-vakfi-sierra-leonede-ramazan-yardimlarina-devam-ediyor-8.jpg'><img decoding=\"async\" width=\"1024\" height=\"683\" src=\"https:\/\/tdv.org\/tr-TR\/wp-content\/uploads\/2026\/02\/turkiye-diyanet-vakfi-sierra-leonede-ramazan-yardimlarina-devam-ediyor-8-1024x683.jpg\" class=\"attachment-large size-large\" alt=\"\" aria-describedby=\"gallery-1-55706\" srcset=\"https:\/\/tdv.org\/tr-TR\/wp-content\/uploads\/2026\/02\/turkiye-diyanet-vakfi-sierra-leonede-ramazan-yardimlarina-devam-ediyor-8-1024x683.jpg 1024w, https:\/\/tdv.org\/tr-TR\/wp-content\/uploads\/2026\/02\/turkiye-diyanet-vakfi-sierra-leonede-ramazan-yardimlarina-devam-ediyor-8-300x200.jpg 300w, https:\/\/tdv.org\/tr-TR\/wp-content\/uploads\/2026\/02\/turkiye-diyanet-vakfi-sierra-leonede-ramazan-yardimlarina-devam-ediyor-8-768x512.jpg 768w, https:\/\/tdv.org\/tr-TR\/wp-content\/uploads\/2026\/02\/turkiye-diyanet-vakfi-sierra-leonede-ramazan-yardimlarina-devam-ediyor-8-900x600.jpg 900w, https:\/\/tdv.org\/tr-TR\/wp-content\/uploads\/2026\/02\/turkiye-diyanet-vakfi-sierra-leonede-ramazan-yardimlarina-devam-ediyor-8.jpg 1152w\" sizes=\"(max-width: 1024px) 100vw, 1024px\" \/><\/a>\n\t\t\t<\/dt>\n\t\t\t\t<dd class='wp-caption-text gallery-caption' id='gallery-1-55706'>\n\t\t\t\tT\u00fcrkiye\u202fDiyanet\u202fVakf\u0131, Sierra Leone\u2019de ramazan yard\u0131mlar\u0131na devam ediyor,g\u0131da kolisi, g\u0131da yard\u0131m\u0131,g\u0131da\n\t\t\t\t<\/dd><\/dl><dl class='gallery-item'>\n\t\t\t<dt class='gallery-icon landscape'>\n\t\t\t\t<a href='https:\/\/tdv.org\/tr-TR\/wp-content\/uploads\/2026\/02\/turkiye-diyanet-vakfi-sierra-leonede-ramazan-yardimlarina-devam-ediyor-9.jpg'><img decoding=\"async\" width=\"1024\" height=\"683\" src=\"https:\/\/tdv.org\/tr-TR\/wp-content\/uploads\/2026\/02\/turkiye-diyanet-vakfi-sierra-leonede-ramazan-yardimlarina-devam-ediyor-9-1024x683.jpg\" class=\"attachment-large size-large\" alt=\"\" aria-describedby=\"gallery-1-55707\" srcset=\"https:\/\/tdv.org\/tr-TR\/wp-content\/uploads\/2026\/02\/turkiye-diyanet-vakfi-sierra-leonede-ramazan-yardimlarina-devam-ediyor-9-1024x683.jpg 1024w, https:\/\/tdv.org\/tr-TR\/wp-content\/uploads\/2026\/02\/turkiye-diyanet-vakfi-sierra-leonede-ramazan-yardimlarina-devam-ediyor-9-300x200.jpg 300w, https:\/\/tdv.org\/tr-TR\/wp-content\/uploads\/2026\/02\/turkiye-diyanet-vakfi-sierra-leonede-ramazan-yardimlarina-devam-ediyor-9-768x512.jpg 768w, https:\/\/tdv.org\/tr-TR\/wp-content\/uploads\/2026\/02\/turkiye-diyanet-vakfi-sierra-leonede-ramazan-yardimlarina-devam-ediyor-9-900x600.jpg 900w, https:\/\/tdv.org\/tr-TR\/wp-content\/uploads\/2026\/02\/turkiye-diyanet-vakfi-sierra-leonede-ramazan-yardimlarina-devam-ediyor-9.jpg 1152w\" sizes=\"(max-width: 1024px) 100vw, 1024px\" \/><\/a>\n\t\t\t<\/dt>\n\t\t\t\t<dd class='wp-caption-text gallery-caption' id='gallery-1-55707'>\n\t\t\t\tT\u00fcrkiye\u202fDiyanet\u202fVakf\u0131, Sierra Leone\u2019de ramazan yard\u0131mlar\u0131na devam ediyor,g\u0131da kolisi, g\u0131da yard\u0131m\u0131,g\u0131da\n\t\t\t\t<\/dd><\/dl><br style=\"clear: both\" \/>\n\t\t<\/div>\n\n","protected":false},"excerpt":{"rendered":"<p>T\u00fcrkiye\u202fDiyanet\u202fVakf\u0131\u202f(TDV) ramazan dolay\u0131s\u0131yla Sierra Leone&#8217;nin ba\u015fkenti Freetown&#8217;da ihtiya\u00e7 sahiplerine g\u0131da kolisi da\u011f\u0131t\u0131mlar\u0131n\u0131 s\u00fcrd\u00fcrd\u00fc.\u00a0 TDV ekip sorumlusu Esen Ali Duman ve beraberindeki g\u00f6n\u00fcll\u00fcler, bir okul bah\u00e7esinde d\u00fczenlenen programda ihtiya\u00e7 sahibi ailelere&#8230;<\/p>\n","protected":false},"author":14,"featured_media":55701,"comment_status":"closed","ping_status":"closed","sticky":false,"template":"","format":"standard","meta":{"footnotes":""},"categories":[1],"tags":[2470,968,2480,613,701,525,107],"class_list":{"0":"post-55443","1":"post","2":"type-post","3":"status-publish","4":"format-standard","5":"has-post-thumbnail","7":"category-haberler","8":"tag-2026-ramazan","9":"tag-gida","10":"tag-gida-destegi","11":"tag-gida-kolisi","12":"tag-gida-paketi","13":"tag-gida-yardimi","14":"tag-ramazan"},"yoast_head":"<!-- This site is optimized with the Yoast SEO plugin v27.5 - https:\/\/yoast.com\/product\/yoast-seo-wordpress\/ -->\n<title>T\u00fcrkiye\u202fDiyanet\u202fVakf\u0131, Sierra Leone&#039;de ramazan yard\u0131mlar\u0131na devam ediyor<\/title>\n<meta name=\"description\" content=\"T\u00fcrkiye\u202fDiyanet\u202fVakf\u0131\u202f(TDV) ramazan dolay\u0131s\u0131yla Sierra Leone&#039;nin ba\u015fkenti Freetown&#039;da ihtiya\u00e7 sahiplerine g\u0131da kolisi da\u011f\u0131t\u0131mlar\u0131n\u0131 s\u00fcrd\u00fcrd\u00fc.\u00a0\" \/>\n<meta name=\"robots\" content=\"index, follow, max-snippet:-1, max-image-preview:large, max-video-preview:-1\" \/>\n<link rel=\"canonical\" href=\"https:\/\/tdv.org\/tr-TR\/turkiye-diyanet-vakfi-sierra-leonede-ramazan-yardimlarina-devam-ediyor\/\" \/>\n<meta property=\"og:locale\" content=\"tr_TR\" \/>\n<meta property=\"og:type\" content=\"article\" \/>\n<meta property=\"og:title\" content=\"T\u00fcrkiye\u202fDiyanet\u202fVakf\u0131, Sierra Leone&#039;de ramazan yard\u0131mlar\u0131na devam ediyor\" \/>\n<meta property=\"og:description\" content=\"T\u00fcrkiye\u202fDiyanet\u202fVakf\u0131\u202f(TDV) ramazan dolay\u0131s\u0131yla Sierra Leone&#039;nin ba\u015fkenti Freetown&#039;da ihtiya\u00e7 sahiplerine g\u0131da kolisi da\u011f\u0131t\u0131mlar\u0131n\u0131 s\u00fcrd\u00fcrd\u00fc.\u00a0\" \/>\n<meta property=\"og:url\" content=\"https:\/\/tdv.org\/tr-TR\/turkiye-diyanet-vakfi-sierra-leonede-ramazan-yardimlarina-devam-ediyor\/\" \/>\n<meta property=\"og:site_name\" content=\"T\u00fcrkiye Diyanet Vakf\u0131 Resmi Web Sitesi\" \/>\n<meta property=\"article:publisher\" content=\"https:\/\/www.facebook.com\/Diyanetvakfi\/\" \/>\n<meta property=\"article:published_time\" content=\"2026-02-25T08:09:09+00:00\" \/>\n<meta property=\"article:modified_time\" content=\"2026-03-03T07:33:24+00:00\" \/>\n<meta property=\"og:image\" content=\"https:\/\/tdv.org\/tr-TR\/wp-content\/uploads\/2026\/02\/turkiye-diyanet-vakfi-sierra-leonede-ramazan-yardimlarina-devam-ediyor-3.jpg\" \/>\n\t<meta property=\"og:image:width\" content=\"1152\" \/>\n\t<meta property=\"og:image:height\" content=\"768\" \/>\n\t<meta property=\"og:image:type\" content=\"image\/jpeg\" \/>\n<meta name=\"author\" content=\"Mustafa Sunar\" \/>\n<meta name=\"twitter:card\" content=\"summary_large_image\" \/>\n<meta name=\"twitter:creator\" content=\"@DiyanetVakfi\" \/>\n<meta name=\"twitter:site\" content=\"@DiyanetVakfi\" \/>\n<script type=\"application\/ld+json\" class=\"yoast-schema-graph\">{\"@context\":\"https:\\\/\\\/schema.org\",\"@graph\":[{\"@type\":\"Article\",\"@id\":\"https:\\\/\\\/tdv.org\\\/tr-TR\\\/turkiye-diyanet-vakfi-sierra-leonede-ramazan-yardimlarina-devam-ediyor\\\/#article\",\"isPartOf\":{\"@id\":\"https:\\\/\\\/tdv.org\\\/tr-TR\\\/turkiye-diyanet-vakfi-sierra-leonede-ramazan-yardimlarina-devam-ediyor\\\/\"},\"author\":{\"name\":\"Mustafa Sunar\",\"@id\":\"https:\\\/\\\/tdv.org\\\/tr-TR\\\/#\\\/schema\\\/person\\\/59c31b2380b0fdfe778b0df2c86686c2\"},\"headline\":\"T\u00fcrkiye\u202fDiyanet\u202fVakf\u0131, Sierra Leone&#8217;de ramazan yard\u0131mlar\u0131na devam ediyor\",\"datePublished\":\"2026-02-25T08:09:09+00:00\",\"dateModified\":\"2026-03-03T07:33:24+00:00\",\"mainEntityOfPage\":{\"@id\":\"https:\\\/\\\/tdv.org\\\/tr-TR\\\/turkiye-diyanet-vakfi-sierra-leonede-ramazan-yardimlarina-devam-ediyor\\\/\"},\"wordCount\":208,\"publisher\":{\"@id\":\"https:\\\/\\\/tdv.org\\\/tr-TR\\\/#organization\"},\"image\":{\"@id\":\"https:\\\/\\\/tdv.org\\\/tr-TR\\\/turkiye-diyanet-vakfi-sierra-leonede-ramazan-yardimlarina-devam-ediyor\\\/#primaryimage\"},\"thumbnailUrl\":\"https:\\\/\\\/tdv.org\\\/tr-TR\\\/wp-content\\\/uploads\\\/2026\\\/02\\\/turkiye-diyanet-vakfi-sierra-leonede-ramazan-yardimlarina-devam-ediyor-3.jpg\",\"keywords\":[\"2026 Ramazan\",\"g\u0131da\",\"g\u0131da deste\u011fi\",\"g\u0131da kolisi\",\"g\u0131da paketi\",\"g\u0131da yard\u0131m\u0131\",\"ramazan\"],\"articleSection\":[\"Haberler\"],\"inLanguage\":\"tr\"},{\"@type\":\"WebPage\",\"@id\":\"https:\\\/\\\/tdv.org\\\/tr-TR\\\/turkiye-diyanet-vakfi-sierra-leonede-ramazan-yardimlarina-devam-ediyor\\\/\",\"url\":\"https:\\\/\\\/tdv.org\\\/tr-TR\\\/turkiye-diyanet-vakfi-sierra-leonede-ramazan-yardimlarina-devam-ediyor\\\/\",\"name\":\"T\u00fcrkiye\u202fDiyanet\u202fVakf\u0131, Sierra Leone'de ramazan yard\u0131mlar\u0131na devam ediyor\",\"isPartOf\":{\"@id\":\"https:\\\/\\\/tdv.org\\\/tr-TR\\\/#website\"},\"primaryImageOfPage\":{\"@id\":\"https:\\\/\\\/tdv.org\\\/tr-TR\\\/turkiye-diyanet-vakfi-sierra-leonede-ramazan-yardimlarina-devam-ediyor\\\/#primaryimage\"},\"image\":{\"@id\":\"https:\\\/\\\/tdv.org\\\/tr-TR\\\/turkiye-diyanet-vakfi-sierra-leonede-ramazan-yardimlarina-devam-ediyor\\\/#primaryimage\"},\"thumbnailUrl\":\"https:\\\/\\\/tdv.org\\\/tr-TR\\\/wp-content\\\/uploads\\\/2026\\\/02\\\/turkiye-diyanet-vakfi-sierra-leonede-ramazan-yardimlarina-devam-ediyor-3.jpg\",\"datePublished\":\"2026-02-25T08:09:09+00:00\",\"dateModified\":\"2026-03-03T07:33:24+00:00\",\"description\":\"T\u00fcrkiye\u202fDiyanet\u202fVakf\u0131\u202f(TDV) ramazan dolay\u0131s\u0131yla Sierra Leone'nin ba\u015fkenti Freetown'da ihtiya\u00e7 sahiplerine g\u0131da kolisi da\u011f\u0131t\u0131mlar\u0131n\u0131 s\u00fcrd\u00fcrd\u00fc.\u00a0\",\"breadcrumb\":{\"@id\":\"https:\\\/\\\/tdv.org\\\/tr-TR\\\/turkiye-diyanet-vakfi-sierra-leonede-ramazan-yardimlarina-devam-ediyor\\\/#breadcrumb\"},\"inLanguage\":\"tr\",\"potentialAction\":[{\"@type\":\"ReadAction\",\"target\":[\"https:\\\/\\\/tdv.org\\\/tr-TR\\\/turkiye-diyanet-vakfi-sierra-leonede-ramazan-yardimlarina-devam-ediyor\\\/\"]}]},{\"@type\":\"ImageObject\",\"inLanguage\":\"tr\",\"@id\":\"https:\\\/\\\/tdv.org\\\/tr-TR\\\/turkiye-diyanet-vakfi-sierra-leonede-ramazan-yardimlarina-devam-ediyor\\\/#primaryimage\",\"url\":\"https:\\\/\\\/tdv.org\\\/tr-TR\\\/wp-content\\\/uploads\\\/2026\\\/02\\\/turkiye-diyanet-vakfi-sierra-leonede-ramazan-yardimlarina-devam-ediyor-3.jpg\",\"contentUrl\":\"https:\\\/\\\/tdv.org\\\/tr-TR\\\/wp-content\\\/uploads\\\/2026\\\/02\\\/turkiye-diyanet-vakfi-sierra-leonede-ramazan-yardimlarina-devam-ediyor-3.jpg\",\"width\":1152,\"height\":768,\"caption\":\"T\u00fcrkiye\u202fDiyanet\u202fVakf\u0131, Sierra Leone\u2019de ramazan yard\u0131mlar\u0131na devam ediyor,g\u0131da kolisi, g\u0131da yard\u0131m\u0131,g\u0131da\"},{\"@type\":\"BreadcrumbList\",\"@id\":\"https:\\\/\\\/tdv.org\\\/tr-TR\\\/turkiye-diyanet-vakfi-sierra-leonede-ramazan-yardimlarina-devam-ediyor\\\/#breadcrumb\",\"itemListElement\":[{\"@type\":\"ListItem\",\"position\":1,\"name\":\"Anasayfa\",\"item\":\"https:\\\/\\\/tdv.org\\\/tr-TR\\\/\"},{\"@type\":\"ListItem\",\"position\":2,\"name\":\"T\u00fcrkiye\u202fDiyanet\u202fVakf\u0131, Sierra Leone&#8217;de ramazan yard\u0131mlar\u0131na devam ediyor\"}]},{\"@type\":\"WebSite\",\"@id\":\"https:\\\/\\\/tdv.org\\\/tr-TR\\\/#website\",\"url\":\"https:\\\/\\\/tdv.org\\\/tr-TR\\\/\",\"name\":\"T\u00fcrkiye Diyanet Vakf\u0131 Resmi Web Sitesi\",\"description\":\"Yery\u00fcz\u00fcnde iyilik egemen oluncaya kadar\",\"publisher\":{\"@id\":\"https:\\\/\\\/tdv.org\\\/tr-TR\\\/#organization\"},\"alternateName\":\"T\u00fcrkiye Diyanet Vakf\u0131\",\"potentialAction\":[{\"@type\":\"SearchAction\",\"target\":{\"@type\":\"EntryPoint\",\"urlTemplate\":\"https:\\\/\\\/tdv.org\\\/tr-TR\\\/?s={search_term_string}\"},\"query-input\":{\"@type\":\"PropertyValueSpecification\",\"valueRequired\":true,\"valueName\":\"search_term_string\"}}],\"inLanguage\":\"tr\"},{\"@type\":\"Organization\",\"@id\":\"https:\\\/\\\/tdv.org\\\/tr-TR\\\/#organization\",\"name\":\"T\u00fcrkiye Diyanet Vakf\u0131\",\"alternateName\":\"T\u00fcrkiye Diyanet Vakf\u0131\",\"url\":\"https:\\\/\\\/tdv.org\\\/tr-TR\\\/\",\"logo\":{\"@type\":\"ImageObject\",\"inLanguage\":\"tr\",\"@id\":\"https:\\\/\\\/tdv.org\\\/tr-TR\\\/#\\\/schema\\\/logo\\\/image\\\/\",\"url\":\"https:\\\/\\\/tdv.org\\\/tr-TR\\\/wp-content\\\/uploads\\\/2018\\\/12\\\/TDV_Logo_1.png\",\"contentUrl\":\"https:\\\/\\\/tdv.org\\\/tr-TR\\\/wp-content\\\/uploads\\\/2018\\\/12\\\/TDV_Logo_1.png\",\"width\":207,\"height\":71,\"caption\":\"T\u00fcrkiye Diyanet Vakf\u0131\"},\"image\":{\"@id\":\"https:\\\/\\\/tdv.org\\\/tr-TR\\\/#\\\/schema\\\/logo\\\/image\\\/\"},\"sameAs\":[\"https:\\\/\\\/www.facebook.com\\\/Diyanetvakfi\\\/\",\"https:\\\/\\\/x.com\\\/DiyanetVakfi\",\"https:\\\/\\\/www.instagram.com\\\/turkiyediyanetvakfi\\\/\",\"https:\\\/\\\/www.youtube.com\\\/user\\\/TurkiyeDiyanetVakfi\"]},{\"@type\":\"Person\",\"@id\":\"https:\\\/\\\/tdv.org\\\/tr-TR\\\/#\\\/schema\\\/person\\\/59c31b2380b0fdfe778b0df2c86686c2\",\"name\":\"Mustafa Sunar\",\"image\":{\"@type\":\"ImageObject\",\"inLanguage\":\"tr\",\"@id\":\"https:\\\/\\\/tdv.org\\\/tr-TR\\\/wp-content\\\/litespeed\\\/avatar\\\/881966e14150a12f093f73848867e8e7.jpg?ver=1777627359\",\"url\":\"https:\\\/\\\/tdv.org\\\/tr-TR\\\/wp-content\\\/litespeed\\\/avatar\\\/881966e14150a12f093f73848867e8e7.jpg?ver=1777627359\",\"contentUrl\":\"https:\\\/\\\/tdv.org\\\/tr-TR\\\/wp-content\\\/litespeed\\\/avatar\\\/881966e14150a12f093f73848867e8e7.jpg?ver=1777627359\",\"caption\":\"Mustafa Sunar\"}}]}<\/script>\n<!-- \/ Yoast SEO plugin. -->","yoast_head_json":{"title":"T\u00fcrkiye\u202fDiyanet\u202fVakf\u0131, Sierra Leone'de ramazan yard\u0131mlar\u0131na devam ediyor","description":"T\u00fcrkiye\u202fDiyanet\u202fVakf\u0131\u202f(TDV) ramazan dolay\u0131s\u0131yla Sierra Leone'nin ba\u015fkenti Freetown'da ihtiya\u00e7 sahiplerine g\u0131da kolisi da\u011f\u0131t\u0131mlar\u0131n\u0131 s\u00fcrd\u00fcrd\u00fc.\u00a0","robots":{"index":"index","follow":"follow","max-snippet":"max-snippet:-1","max-image-preview":"max-image-preview:large","max-video-preview":"max-video-preview:-1"},"canonical":"https:\/\/tdv.org\/tr-TR\/turkiye-diyanet-vakfi-sierra-leonede-ramazan-yardimlarina-devam-ediyor\/","og_locale":"tr_TR","og_type":"article","og_title":"T\u00fcrkiye\u202fDiyanet\u202fVakf\u0131, Sierra Leone'de ramazan yard\u0131mlar\u0131na devam ediyor","og_description":"T\u00fcrkiye\u202fDiyanet\u202fVakf\u0131\u202f(TDV) ramazan dolay\u0131s\u0131yla Sierra Leone'nin ba\u015fkenti Freetown'da ihtiya\u00e7 sahiplerine g\u0131da kolisi da\u011f\u0131t\u0131mlar\u0131n\u0131 s\u00fcrd\u00fcrd\u00fc.\u00a0","og_url":"https:\/\/tdv.org\/tr-TR\/turkiye-diyanet-vakfi-sierra-leonede-ramazan-yardimlarina-devam-ediyor\/","og_site_name":"T\u00fcrkiye Diyanet Vakf\u0131 Resmi Web Sitesi","article_publisher":"https:\/\/www.facebook.com\/Diyanetvakfi\/","article_published_time":"2026-02-25T08:09:09+00:00","article_modified_time":"2026-03-03T07:33:24+00:00","og_image":[{"width":1152,"height":768,"url":"https:\/\/tdv.org\/tr-TR\/wp-content\/uploads\/2026\/02\/turkiye-diyanet-vakfi-sierra-leonede-ramazan-yardimlarina-devam-ediyor-3.jpg","type":"image\/jpeg"}],"author":"Mustafa Sunar","twitter_card":"summary_large_image","twitter_creator":"@DiyanetVakfi","twitter_site":"@DiyanetVakfi","schema":{"@context":"https:\/\/schema.org","@graph":[{"@type":"Article","@id":"https:\/\/tdv.org\/tr-TR\/turkiye-diyanet-vakfi-sierra-leonede-ramazan-yardimlarina-devam-ediyor\/#article","isPartOf":{"@id":"https:\/\/tdv.org\/tr-TR\/turkiye-diyanet-vakfi-sierra-leonede-ramazan-yardimlarina-devam-ediyor\/"},"author":{"name":"Mustafa Sunar","@id":"https:\/\/tdv.org\/tr-TR\/#\/schema\/person\/59c31b2380b0fdfe778b0df2c86686c2"},"headline":"T\u00fcrkiye\u202fDiyanet\u202fVakf\u0131, Sierra Leone&#8217;de ramazan yard\u0131mlar\u0131na devam ediyor","datePublished":"2026-02-25T08:09:09+00:00","dateModified":"2026-03-03T07:33:24+00:00","mainEntityOfPage":{"@id":"https:\/\/tdv.org\/tr-TR\/turkiye-diyanet-vakfi-sierra-leonede-ramazan-yardimlarina-devam-ediyor\/"},"wordCount":208,"publisher":{"@id":"https:\/\/tdv.org\/tr-TR\/#organization"},"image":{"@id":"https:\/\/tdv.org\/tr-TR\/turkiye-diyanet-vakfi-sierra-leonede-ramazan-yardimlarina-devam-ediyor\/#primaryimage"},"thumbnailUrl":"https:\/\/tdv.org\/tr-TR\/wp-content\/uploads\/2026\/02\/turkiye-diyanet-vakfi-sierra-leonede-ramazan-yardimlarina-devam-ediyor-3.jpg","keywords":["2026 Ramazan","g\u0131da","g\u0131da deste\u011fi","g\u0131da kolisi","g\u0131da paketi","g\u0131da yard\u0131m\u0131","ramazan"],"articleSection":["Haberler"],"inLanguage":"tr"},{"@type":"WebPage","@id":"https:\/\/tdv.org\/tr-TR\/turkiye-diyanet-vakfi-sierra-leonede-ramazan-yardimlarina-devam-ediyor\/","url":"https:\/\/tdv.org\/tr-TR\/turkiye-diyanet-vakfi-sierra-leonede-ramazan-yardimlarina-devam-ediyor\/","name":"T\u00fcrkiye\u202fDiyanet\u202fVakf\u0131, Sierra Leone'de ramazan yard\u0131mlar\u0131na devam ediyor","isPartOf":{"@id":"https:\/\/tdv.org\/tr-TR\/#website"},"primaryImageOfPage":{"@id":"https:\/\/tdv.org\/tr-TR\/turkiye-diyanet-vakfi-sierra-leonede-ramazan-yardimlarina-devam-ediyor\/#primaryimage"},"image":{"@id":"https:\/\/tdv.org\/tr-TR\/turkiye-diyanet-vakfi-sierra-leonede-ramazan-yardimlarina-devam-ediyor\/#primaryimage"},"thumbnailUrl":"https:\/\/tdv.org\/tr-TR\/wp-content\/uploads\/2026\/02\/turkiye-diyanet-vakfi-sierra-leonede-ramazan-yardimlarina-devam-ediyor-3.jpg","datePublished":"2026-02-25T08:09:09+00:00","dateModified":"2026-03-03T07:33:24+00:00","description":"T\u00fcrkiye\u202fDiyanet\u202fVakf\u0131\u202f(TDV) ramazan dolay\u0131s\u0131yla Sierra Leone'nin ba\u015fkenti Freetown'da ihtiya\u00e7 sahiplerine g\u0131da kolisi da\u011f\u0131t\u0131mlar\u0131n\u0131 s\u00fcrd\u00fcrd\u00fc.\u00a0","breadcrumb":{"@id":"https:\/\/tdv.org\/tr-TR\/turkiye-diyanet-vakfi-sierra-leonede-ramazan-yardimlarina-devam-ediyor\/#breadcrumb"},"inLanguage":"tr","potentialAction":[{"@type":"ReadAction","target":["https:\/\/tdv.org\/tr-TR\/turkiye-diyanet-vakfi-sierra-leonede-ramazan-yardimlarina-devam-ediyor\/"]}]},{"@type":"ImageObject","inLanguage":"tr","@id":"https:\/\/tdv.org\/tr-TR\/turkiye-diyanet-vakfi-sierra-leonede-ramazan-yardimlarina-devam-ediyor\/#primaryimage","url":"https:\/\/tdv.org\/tr-TR\/wp-content\/uploads\/2026\/02\/turkiye-diyanet-vakfi-sierra-leonede-ramazan-yardimlarina-devam-ediyor-3.jpg","contentUrl":"https:\/\/tdv.org\/tr-TR\/wp-content\/uploads\/2026\/02\/turkiye-diyanet-vakfi-sierra-leonede-ramazan-yardimlarina-devam-ediyor-3.jpg","width":1152,"height":768,"caption":"T\u00fcrkiye\u202fDiyanet\u202fVakf\u0131, Sierra Leone\u2019de ramazan yard\u0131mlar\u0131na devam ediyor,g\u0131da kolisi, g\u0131da yard\u0131m\u0131,g\u0131da"},{"@type":"BreadcrumbList","@id":"https:\/\/tdv.org\/tr-TR\/turkiye-diyanet-vakfi-sierra-leonede-ramazan-yardimlarina-devam-ediyor\/#breadcrumb","itemListElement":[{"@type":"ListItem","position":1,"name":"Anasayfa","item":"https:\/\/tdv.org\/tr-TR\/"},{"@type":"ListItem","position":2,"name":"T\u00fcrkiye\u202fDiyanet\u202fVakf\u0131, Sierra Leone&#8217;de ramazan yard\u0131mlar\u0131na devam ediyor"}]},{"@type":"WebSite","@id":"https:\/\/tdv.org\/tr-TR\/#website","url":"https:\/\/tdv.org\/tr-TR\/","name":"T\u00fcrkiye Diyanet Vakf\u0131 Resmi Web Sitesi","description":"Yery\u00fcz\u00fcnde iyilik egemen oluncaya kadar","publisher":{"@id":"https:\/\/tdv.org\/tr-TR\/#organization"},"alternateName":"T\u00fcrkiye Diyanet Vakf\u0131","potentialAction":[{"@type":"SearchAction","target":{"@type":"EntryPoint","urlTemplate":"https:\/\/tdv.org\/tr-TR\/?s={search_term_string}"},"query-input":{"@type":"PropertyValueSpecification","valueRequired":true,"valueName":"search_term_string"}}],"inLanguage":"tr"},{"@type":"Organization","@id":"https:\/\/tdv.org\/tr-TR\/#organization","name":"T\u00fcrkiye Diyanet Vakf\u0131","alternateName":"T\u00fcrkiye Diyanet Vakf\u0131","url":"https:\/\/tdv.org\/tr-TR\/","logo":{"@type":"ImageObject","inLanguage":"tr","@id":"https:\/\/tdv.org\/tr-TR\/#\/schema\/logo\/image\/","url":"https:\/\/tdv.org\/tr-TR\/wp-content\/uploads\/2018\/12\/TDV_Logo_1.png","contentUrl":"https:\/\/tdv.org\/tr-TR\/wp-content\/uploads\/2018\/12\/TDV_Logo_1.png","width":207,"height":71,"caption":"T\u00fcrkiye Diyanet Vakf\u0131"},"image":{"@id":"https:\/\/tdv.org\/tr-TR\/#\/schema\/logo\/image\/"},"sameAs":["https:\/\/www.facebook.com\/Diyanetvakfi\/","https:\/\/x.com\/DiyanetVakfi","https:\/\/www.instagram.com\/turkiyediyanetvakfi\/","https:\/\/www.youtube.com\/user\/TurkiyeDiyanetVakfi"]},{"@type":"Person","@id":"https:\/\/tdv.org\/tr-TR\/#\/schema\/person\/59c31b2380b0fdfe778b0df2c86686c2","name":"Mustafa Sunar","image":{"@type":"ImageObject","inLanguage":"tr","@id":"https:\/\/tdv.org\/tr-TR\/wp-content\/litespeed\/avatar\/881966e14150a12f093f73848867e8e7.jpg?ver=1777627359","url":"https:\/\/tdv.org\/tr-TR\/wp-content\/litespeed\/avatar\/881966e14150a12f093f73848867e8e7.jpg?ver=1777627359","contentUrl":"https:\/\/tdv.org\/tr-TR\/wp-content\/litespeed\/avatar\/881966e14150a12f093f73848867e8e7.jpg?ver=1777627359","caption":"Mustafa Sunar"}}]}},"_links":{"self":[{"href":"https:\/\/tdv.org\/tr-TR\/wp-json\/wp\/v2\/posts\/55443","targetHints":{"allow":["GET"]}}],"collection":[{"href":"https:\/\/tdv.org\/tr-TR\/wp-json\/wp\/v2\/posts"}],"about":[{"href":"https:\/\/tdv.org\/tr-TR\/wp-json\/wp\/v2\/types\/post"}],"author":[{"embeddable":true,"href":"https:\/\/tdv.org\/tr-TR\/wp-json\/wp\/v2\/users\/14"}],"replies":[{"embeddable":true,"href":"https:\/\/tdv.org\/tr-TR\/wp-json\/wp\/v2\/comments?post=55443"}],"version-history":[{"count":4,"href":"https:\/\/tdv.org\/tr-TR\/wp-json\/wp\/v2\/posts\/55443\/revisions"}],"predecessor-version":[{"id":55828,"href":"https:\/\/tdv.org\/tr-TR\/wp-json\/wp\/v2\/posts\/55443\/revisions\/55828"}],"wp:featuredmedia":[{"embeddable":true,"href":"https:\/\/tdv.org\/tr-TR\/wp-json\/wp\/v2\/media\/55701"}],"wp:attachment":[{"href":"https:\/\/tdv.org\/tr-TR\/wp-json\/wp\/v2\/media?parent=55443"}],"wp:term":[{"taxonomy":"category","embeddable":true,"href":"https:\/\/tdv.org\/tr-TR\/wp-json\/wp\/v2\/categories?post=55443"},{"taxonomy":"post_tag","embeddable":true,"href":"https:\/\/tdv.org\/tr-TR\/wp-json\/wp\/v2\/tags?post=55443"}],"curies":[{"name":"wp","href":"https:\/\/api.w.org\/{rel}","templated":true}]}}