{"id":55454,"date":"2026-02-27T14:54:53","date_gmt":"2026-02-27T11:54:53","guid":{"rendered":"https:\/\/tdv.org\/tr-TR\/?p=55454"},"modified":"2026-04-10T14:15:37","modified_gmt":"2026-04-10T11:15:37","slug":"kara-kitanin-albino-cocuklarinin-yuzunu-turkiye-diyanet-vakfi-guldurdu","status":"publish","type":"post","link":"https:\/\/tdv.org\/tr-TR\/kara-kitanin-albino-cocuklarinin-yuzunu-turkiye-diyanet-vakfi-guldurdu\/","title":{"rendered":"Kara k\u0131tan\u0131n &#8220;albino&#8221; \u00e7ocuklar\u0131n\u0131n y\u00fcz\u00fcn\u00fc T\u00fcrkiye  Diyanet Vakf\u0131 g\u00fcld\u00fcrd\u00fc"},"content":{"rendered":"<p style=\"text-align: justify;\"><a href=\"https:\/\/tdv.org\/tr-TR\/\" target=\"_blank\" rel=\"noopener\">T\u00fcrkiye\u00a0Diyanet\u00a0Vakf\u0131\u00a0(TDV),<\/a> Tanzanya&#8217;da v\u00fccutlar\u0131ndaki bir pigmentin eksikli\u011fi nedeniyle &#8220;beyaz&#8221; olarak d\u00fcnyaya gelen albino <a href=\"https:\/\/bagis.tdv.org\/#yetim\" target=\"_blank\" rel=\"noopener\">yetim<\/a>leri hediyeleriyle sevindirdi.<\/p>\n<p style=\"text-align: justify;\">TDV g\u00f6revlileri ve\u00a0Diyanet\u00a0\u0130\u015fleri T\u00fcrk \u0130slam Birli\u011finin (D\u0130T\u0130B) Fransa ve Almanya&#8217;dan gelen g\u00f6n\u00fcll\u00fcleri, <a href=\"https:\/\/bagis.tdv.org\/#ramazan\" target=\"_blank\" rel=\"noopener\">ramazan<\/a> yard\u0131mlar\u0131 kapsam\u0131nda Tanzanya&#8217;n\u0131n Tanga b\u00f6lgesinde okul, <a href=\"https:\/\/bagis.tdv.org\/#yetim\" target=\"_blank\" rel=\"noopener\">yetim<\/a>hane ve ihtiya\u00e7 sahibi aileleri dola\u015farak, yakla\u015f\u0131k 500 g\u0131da kumanyas\u0131 ula\u015ft\u0131rd\u0131.<\/p>\n<p style=\"text-align: justify;\">Pongwe kasabas\u0131nda 135 albino, 20 g\u00f6rme ve i\u015fitme engelli \u00e7ocu\u011fun e\u011fitim g\u00f6rd\u00fc\u011f\u00fc okulu da ziyaret eden TDV g\u00f6revlileri ve D\u0130T\u0130B g\u00f6n\u00fcll\u00fcleri, \u00e7ocuklarla vakit ge\u00e7irerek, k\u0131yafet, \u015feker ve oyuncak gibi hediyeler verdi.<\/p>\n<p style=\"text-align: justify;\">TDV Kurumsal \u0130leti\u015fim M\u00fcd\u00fcr\u00fc Hamit Karda\u015f, TDV&#8217;nin &#8220;yery\u00fcz\u00fcnde iyilik egemen oluncaya kadar&#8221; mottosuyla yard\u0131m faaliyetini s\u00fcrd\u00fcrd\u00fcklerini s\u00f6yledi.<\/p>\n<p style=\"text-align: justify;\">Vak\u0131f olarak din, dil, \u0131rk ayr\u0131m\u0131 yapmadan iyilik yapt\u0131klar\u0131n\u0131 belirten Karda\u015f, hay\u0131rseverler taraf\u0131ndan Afrika&#8217;ya yap\u0131lan yard\u0131mlar\u0131 yerlerine ula\u015ft\u0131rmak i\u00e7in titiz bir \u015fekilde \u00e7al\u0131\u015ft\u0131klar\u0131n\u0131 ifade etti.<\/p>\n<p style=\"text-align: justify;\"><strong>&#8220;Mavi yeleklerimizi g\u00f6r\u00fcnce gelip sar\u0131lmalar\u0131 bizleri hislendirdi&#8221;<\/strong><\/p>\n<p style=\"text-align: justify;\">Afrika&#8217;da, v\u00fccutlar\u0131ndaki bir pigmentin eksikli\u011fi nedeniyle &#8220;beyaz&#8221; do\u011fan albino bireylerin b\u00f6lgede farkl\u0131 bir anlay\u0131\u015fla kar\u015f\u0131land\u0131\u011f\u0131n\u0131 anlatan Karda\u015f, \u015funlar\u0131 kaydetti:<\/p>\n<p style=\"text-align: justify;\">&#8220;Biz albinolara ve di\u011fer inan\u00e7 sahibi insanlara yard\u0131m ederek asl\u0131nda \u0130slam dininin cihan\u015f\u00fcmul mesaj\u0131n\u0131 ve T\u00fcrk halk\u0131n\u0131n evrensel merhamet elini buraya ta\u015f\u0131m\u0131\u015f oluyoruz. Albinolar, \u0131\u015f\u0131\u011fa duyarl\u0131 olduklar\u0131ndan dolay\u0131 g\u00f6zlerini pek fazla a\u00e7am\u0131yorlar fakat \u015fekerleri, balonlar\u0131 ve hediyeleri g\u00f6r\u00fcnce o g\u00f6zlerinden \u00e7\u0131kan \u0131\u015f\u0131lt\u0131y\u0131 g\u00f6r\u00fcnce insan\u0131n a\u011flamamas\u0131 m\u00fcmk\u00fcn de\u011fil. Mavi yeleklerimizi g\u00f6r\u00fcnce gelip sar\u0131lmalar\u0131 ve gelip \u015feker istemeleri bizleri hislendirdi. B\u00fct\u00fcn hay\u0131rsever karde\u015flerimize Afrika&#8217;y\u0131 ihmal etmemelerini \u00f6neriyorum.&#8221;<\/p>\n<p style=\"text-align: justify;\">Okulda e\u011fitim g\u00f6ren albinolu <a href=\"https:\/\/bagis.tdv.org\/#yetim\" target=\"_blank\" rel=\"noopener\">yetim<\/a> Masud Mohammad ise TDV g\u00f6revlilerini g\u00f6r\u00fcnce \u00e7ok sevindi\u011fini ve geli\u015flerinin kendilerine umut verdi\u011fini s\u00f6yledi.<\/p>\n<p style=\"text-align: justify;\">Albinolu <a href=\"https:\/\/bagis.tdv.org\/#yetim\" target=\"_blank\" rel=\"noopener\">yetim<\/a> \u00f6\u011frenci Muhtar Abdurrahman da okulda kendilerine destek olan ki\u015fileri g\u00f6r\u00fcnce mutlu olduklar\u0131n\u0131 belirtti.<\/p>\n\n\t\t<style type=\"text\/css\">\n\t\t\t#gallery-1 {\n\t\t\t\tmargin: auto;\n\t\t\t}\n\t\t\t#gallery-1 .gallery-item {\n\t\t\t\tfloat: left;\n\t\t\t\tmargin-top: 10px;\n\t\t\t\ttext-align: center;\n\t\t\t\twidth: 33%;\n\t\t\t}\n\t\t\t#gallery-1 img {\n\t\t\t\tborder: 2px solid #cfcfcf;\n\t\t\t}\n\t\t\t#gallery-1 .gallery-caption {\n\t\t\t\tmargin-left: 0;\n\t\t\t}\n\t\t\t\/* see gallery_shortcode() in wp-includes\/media.php *\/\n\t\t<\/style>\n\t\t<div id='gallery-1' class='gallery galleryid-55454 gallery-columns-3 gallery-size-large'><dl class='gallery-item'>\n\t\t\t<dt class='gallery-icon landscape'>\n\t\t\t\t<a href='https:\/\/tdv.org\/tr-TR\/wp-content\/uploads\/2026\/02\/kara-kitanin-albino-cocuklarinin-yuzunu-turkiye-diyanet-vakfi-guldurdu-1.jpg'><img decoding=\"async\" width=\"1024\" height=\"683\" src=\"https:\/\/tdv.org\/tr-TR\/wp-content\/uploads\/2026\/02\/kara-kitanin-albino-cocuklarinin-yuzunu-turkiye-diyanet-vakfi-guldurdu-1-1024x683.jpg\" class=\"attachment-large size-large\" alt=\"\" aria-describedby=\"gallery-1-55579\" srcset=\"https:\/\/tdv.org\/tr-TR\/wp-content\/uploads\/2026\/02\/kara-kitanin-albino-cocuklarinin-yuzunu-turkiye-diyanet-vakfi-guldurdu-1-1024x683.jpg 1024w, https:\/\/tdv.org\/tr-TR\/wp-content\/uploads\/2026\/02\/kara-kitanin-albino-cocuklarinin-yuzunu-turkiye-diyanet-vakfi-guldurdu-1-300x200.jpg 300w, https:\/\/tdv.org\/tr-TR\/wp-content\/uploads\/2026\/02\/kara-kitanin-albino-cocuklarinin-yuzunu-turkiye-diyanet-vakfi-guldurdu-1-768x512.jpg 768w, https:\/\/tdv.org\/tr-TR\/wp-content\/uploads\/2026\/02\/kara-kitanin-albino-cocuklarinin-yuzunu-turkiye-diyanet-vakfi-guldurdu-1-900x600.jpg 900w, https:\/\/tdv.org\/tr-TR\/wp-content\/uploads\/2026\/02\/kara-kitanin-albino-cocuklarinin-yuzunu-turkiye-diyanet-vakfi-guldurdu-1.jpg 1152w\" sizes=\"(max-width: 1024px) 100vw, 1024px\" \/><\/a>\n\t\t\t<\/dt>\n\t\t\t\t<dd class='wp-caption-text gallery-caption' id='gallery-1-55579'>\n\t\t\t\tKara k\u0131tan\u0131n &#8220;albino&#8221; \u00e7ocuklar\u0131n\u0131n y\u00fcz\u00fcn\u00fc T\u00fcrkiye  Diyanet Vakf\u0131 g\u00fcld\u00fcrd\u00fc, yetim, ramazan 2026, yetim yard\u0131m\u0131, yetim himaye\n\t\t\t\t<\/dd><\/dl><dl class='gallery-item'>\n\t\t\t<dt class='gallery-icon landscape'>\n\t\t\t\t<a href='https:\/\/tdv.org\/tr-TR\/wp-content\/uploads\/2026\/02\/kara-kitanin-albino-cocuklarinin-yuzunu-turkiye-diyanet-vakfi-guldurdu-2.jpg'><img decoding=\"async\" width=\"1024\" height=\"683\" src=\"https:\/\/tdv.org\/tr-TR\/wp-content\/uploads\/2026\/02\/kara-kitanin-albino-cocuklarinin-yuzunu-turkiye-diyanet-vakfi-guldurdu-2-1024x683.jpg\" class=\"attachment-large size-large\" alt=\"\" aria-describedby=\"gallery-1-55580\" srcset=\"https:\/\/tdv.org\/tr-TR\/wp-content\/uploads\/2026\/02\/kara-kitanin-albino-cocuklarinin-yuzunu-turkiye-diyanet-vakfi-guldurdu-2-1024x683.jpg 1024w, https:\/\/tdv.org\/tr-TR\/wp-content\/uploads\/2026\/02\/kara-kitanin-albino-cocuklarinin-yuzunu-turkiye-diyanet-vakfi-guldurdu-2-300x200.jpg 300w, https:\/\/tdv.org\/tr-TR\/wp-content\/uploads\/2026\/02\/kara-kitanin-albino-cocuklarinin-yuzunu-turkiye-diyanet-vakfi-guldurdu-2-768x512.jpg 768w, https:\/\/tdv.org\/tr-TR\/wp-content\/uploads\/2026\/02\/kara-kitanin-albino-cocuklarinin-yuzunu-turkiye-diyanet-vakfi-guldurdu-2-900x600.jpg 900w, https:\/\/tdv.org\/tr-TR\/wp-content\/uploads\/2026\/02\/kara-kitanin-albino-cocuklarinin-yuzunu-turkiye-diyanet-vakfi-guldurdu-2.jpg 1152w\" sizes=\"(max-width: 1024px) 100vw, 1024px\" \/><\/a>\n\t\t\t<\/dt>\n\t\t\t\t<dd class='wp-caption-text gallery-caption' id='gallery-1-55580'>\n\t\t\t\tKara k\u0131tan\u0131n &#8220;albino&#8221; \u00e7ocuklar\u0131n\u0131n y\u00fcz\u00fcn\u00fc T\u00fcrkiye  Diyanet Vakf\u0131 g\u00fcld\u00fcrd\u00fc, yetim, ramazan 2026, yetim yard\u0131m\u0131, yetim himaye\n\t\t\t\t<\/dd><\/dl><dl class='gallery-item'>\n\t\t\t<dt class='gallery-icon landscape'>\n\t\t\t\t<a href='https:\/\/tdv.org\/tr-TR\/wp-content\/uploads\/2026\/02\/kara-kitanin-albino-cocuklarinin-yuzunu-turkiye-diyanet-vakfi-guldurdu-3.jpg'><img decoding=\"async\" width=\"1024\" height=\"683\" src=\"https:\/\/tdv.org\/tr-TR\/wp-content\/uploads\/2026\/02\/kara-kitanin-albino-cocuklarinin-yuzunu-turkiye-diyanet-vakfi-guldurdu-3-1024x683.jpg\" class=\"attachment-large size-large\" alt=\"\" aria-describedby=\"gallery-1-55581\" srcset=\"https:\/\/tdv.org\/tr-TR\/wp-content\/uploads\/2026\/02\/kara-kitanin-albino-cocuklarinin-yuzunu-turkiye-diyanet-vakfi-guldurdu-3-1024x683.jpg 1024w, https:\/\/tdv.org\/tr-TR\/wp-content\/uploads\/2026\/02\/kara-kitanin-albino-cocuklarinin-yuzunu-turkiye-diyanet-vakfi-guldurdu-3-300x200.jpg 300w, https:\/\/tdv.org\/tr-TR\/wp-content\/uploads\/2026\/02\/kara-kitanin-albino-cocuklarinin-yuzunu-turkiye-diyanet-vakfi-guldurdu-3-768x512.jpg 768w, https:\/\/tdv.org\/tr-TR\/wp-content\/uploads\/2026\/02\/kara-kitanin-albino-cocuklarinin-yuzunu-turkiye-diyanet-vakfi-guldurdu-3-900x600.jpg 900w, https:\/\/tdv.org\/tr-TR\/wp-content\/uploads\/2026\/02\/kara-kitanin-albino-cocuklarinin-yuzunu-turkiye-diyanet-vakfi-guldurdu-3.jpg 1152w\" sizes=\"(max-width: 1024px) 100vw, 1024px\" \/><\/a>\n\t\t\t<\/dt>\n\t\t\t\t<dd class='wp-caption-text gallery-caption' id='gallery-1-55581'>\n\t\t\t\tKara k\u0131tan\u0131n &#8220;albino&#8221; \u00e7ocuklar\u0131n\u0131n y\u00fcz\u00fcn\u00fc T\u00fcrkiye  Diyanet Vakf\u0131 g\u00fcld\u00fcrd\u00fc, yetim, ramazan 2026, yetim yard\u0131m\u0131, yetim himaye\n\t\t\t\t<\/dd><\/dl><br style=\"clear: both\" \/><dl class='gallery-item'>\n\t\t\t<dt class='gallery-icon landscape'>\n\t\t\t\t<a href='https:\/\/tdv.org\/tr-TR\/wp-content\/uploads\/2026\/02\/kara-kitanin-albino-cocuklarinin-yuzunu-turkiye-diyanet-vakfi-guldurdu-4.jpg'><img decoding=\"async\" width=\"1024\" height=\"683\" src=\"https:\/\/tdv.org\/tr-TR\/wp-content\/uploads\/2026\/02\/kara-kitanin-albino-cocuklarinin-yuzunu-turkiye-diyanet-vakfi-guldurdu-4-1024x683.jpg\" class=\"attachment-large size-large\" alt=\"\" aria-describedby=\"gallery-1-55582\" srcset=\"https:\/\/tdv.org\/tr-TR\/wp-content\/uploads\/2026\/02\/kara-kitanin-albino-cocuklarinin-yuzunu-turkiye-diyanet-vakfi-guldurdu-4-1024x683.jpg 1024w, https:\/\/tdv.org\/tr-TR\/wp-content\/uploads\/2026\/02\/kara-kitanin-albino-cocuklarinin-yuzunu-turkiye-diyanet-vakfi-guldurdu-4-300x200.jpg 300w, https:\/\/tdv.org\/tr-TR\/wp-content\/uploads\/2026\/02\/kara-kitanin-albino-cocuklarinin-yuzunu-turkiye-diyanet-vakfi-guldurdu-4-768x512.jpg 768w, https:\/\/tdv.org\/tr-TR\/wp-content\/uploads\/2026\/02\/kara-kitanin-albino-cocuklarinin-yuzunu-turkiye-diyanet-vakfi-guldurdu-4-900x600.jpg 900w, https:\/\/tdv.org\/tr-TR\/wp-content\/uploads\/2026\/02\/kara-kitanin-albino-cocuklarinin-yuzunu-turkiye-diyanet-vakfi-guldurdu-4.jpg 1152w\" sizes=\"(max-width: 1024px) 100vw, 1024px\" \/><\/a>\n\t\t\t<\/dt>\n\t\t\t\t<dd class='wp-caption-text gallery-caption' id='gallery-1-55582'>\n\t\t\t\tKara k\u0131tan\u0131n &#8220;albino&#8221; \u00e7ocuklar\u0131n\u0131n y\u00fcz\u00fcn\u00fc T\u00fcrkiye  Diyanet Vakf\u0131 g\u00fcld\u00fcrd\u00fc, yetim, ramazan 2026, yetim yard\u0131m\u0131, yetim himaye\n\t\t\t\t<\/dd><\/dl><dl class='gallery-item'>\n\t\t\t<dt class='gallery-icon landscape'>\n\t\t\t\t<a href='https:\/\/tdv.org\/tr-TR\/wp-content\/uploads\/2026\/02\/kara-kitanin-albino-cocuklarinin-yuzunu-turkiye-diyanet-vakfi-guldurdu-5.jpg'><img decoding=\"async\" width=\"1024\" height=\"683\" src=\"https:\/\/tdv.org\/tr-TR\/wp-content\/uploads\/2026\/02\/kara-kitanin-albino-cocuklarinin-yuzunu-turkiye-diyanet-vakfi-guldurdu-5-1024x683.jpg\" class=\"attachment-large size-large\" alt=\"\" aria-describedby=\"gallery-1-55583\" srcset=\"https:\/\/tdv.org\/tr-TR\/wp-content\/uploads\/2026\/02\/kara-kitanin-albino-cocuklarinin-yuzunu-turkiye-diyanet-vakfi-guldurdu-5-1024x683.jpg 1024w, https:\/\/tdv.org\/tr-TR\/wp-content\/uploads\/2026\/02\/kara-kitanin-albino-cocuklarinin-yuzunu-turkiye-diyanet-vakfi-guldurdu-5-300x200.jpg 300w, https:\/\/tdv.org\/tr-TR\/wp-content\/uploads\/2026\/02\/kara-kitanin-albino-cocuklarinin-yuzunu-turkiye-diyanet-vakfi-guldurdu-5-768x512.jpg 768w, https:\/\/tdv.org\/tr-TR\/wp-content\/uploads\/2026\/02\/kara-kitanin-albino-cocuklarinin-yuzunu-turkiye-diyanet-vakfi-guldurdu-5-900x600.jpg 900w, https:\/\/tdv.org\/tr-TR\/wp-content\/uploads\/2026\/02\/kara-kitanin-albino-cocuklarinin-yuzunu-turkiye-diyanet-vakfi-guldurdu-5.jpg 1152w\" sizes=\"(max-width: 1024px) 100vw, 1024px\" \/><\/a>\n\t\t\t<\/dt>\n\t\t\t\t<dd class='wp-caption-text gallery-caption' id='gallery-1-55583'>\n\t\t\t\tKara k\u0131tan\u0131n &#8220;albino&#8221; \u00e7ocuklar\u0131n\u0131n y\u00fcz\u00fcn\u00fc T\u00fcrkiye  Diyanet Vakf\u0131 g\u00fcld\u00fcrd\u00fc, yetim, ramazan 2026, yetim yard\u0131m\u0131, yetim himaye\n\t\t\t\t<\/dd><\/dl><dl class='gallery-item'>\n\t\t\t<dt class='gallery-icon landscape'>\n\t\t\t\t<a href='https:\/\/tdv.org\/tr-TR\/wp-content\/uploads\/2026\/02\/kara-kitanin-albino-cocuklarinin-yuzunu-turkiye-diyanet-vakfi-guldurdu-6.jpg'><img decoding=\"async\" width=\"1024\" height=\"683\" src=\"https:\/\/tdv.org\/tr-TR\/wp-content\/uploads\/2026\/02\/kara-kitanin-albino-cocuklarinin-yuzunu-turkiye-diyanet-vakfi-guldurdu-6-1024x683.jpg\" class=\"attachment-large size-large\" alt=\"\" aria-describedby=\"gallery-1-55584\" srcset=\"https:\/\/tdv.org\/tr-TR\/wp-content\/uploads\/2026\/02\/kara-kitanin-albino-cocuklarinin-yuzunu-turkiye-diyanet-vakfi-guldurdu-6-1024x683.jpg 1024w, https:\/\/tdv.org\/tr-TR\/wp-content\/uploads\/2026\/02\/kara-kitanin-albino-cocuklarinin-yuzunu-turkiye-diyanet-vakfi-guldurdu-6-300x200.jpg 300w, https:\/\/tdv.org\/tr-TR\/wp-content\/uploads\/2026\/02\/kara-kitanin-albino-cocuklarinin-yuzunu-turkiye-diyanet-vakfi-guldurdu-6-768x512.jpg 768w, https:\/\/tdv.org\/tr-TR\/wp-content\/uploads\/2026\/02\/kara-kitanin-albino-cocuklarinin-yuzunu-turkiye-diyanet-vakfi-guldurdu-6-900x600.jpg 900w, https:\/\/tdv.org\/tr-TR\/wp-content\/uploads\/2026\/02\/kara-kitanin-albino-cocuklarinin-yuzunu-turkiye-diyanet-vakfi-guldurdu-6.jpg 1152w\" sizes=\"(max-width: 1024px) 100vw, 1024px\" \/><\/a>\n\t\t\t<\/dt>\n\t\t\t\t<dd class='wp-caption-text gallery-caption' id='gallery-1-55584'>\n\t\t\t\tKara k\u0131tan\u0131n &#8220;albino&#8221; \u00e7ocuklar\u0131n\u0131n y\u00fcz\u00fcn\u00fc T\u00fcrkiye  Diyanet Vakf\u0131 g\u00fcld\u00fcrd\u00fc, yetim, ramazan 2026, yetim yard\u0131m\u0131, yetim himaye\n\t\t\t\t<\/dd><\/dl><br style=\"clear: both\" \/><dl class='gallery-item'>\n\t\t\t<dt class='gallery-icon landscape'>\n\t\t\t\t<a href='https:\/\/tdv.org\/tr-TR\/wp-content\/uploads\/2026\/02\/kara-kitanin-albino-cocuklarinin-yuzunu-turkiye-diyanet-vakfi-guldurdu-7.jpg'><img decoding=\"async\" width=\"1024\" height=\"683\" src=\"https:\/\/tdv.org\/tr-TR\/wp-content\/uploads\/2026\/02\/kara-kitanin-albino-cocuklarinin-yuzunu-turkiye-diyanet-vakfi-guldurdu-7-1024x683.jpg\" class=\"attachment-large size-large\" alt=\"\" aria-describedby=\"gallery-1-55586\" srcset=\"https:\/\/tdv.org\/tr-TR\/wp-content\/uploads\/2026\/02\/kara-kitanin-albino-cocuklarinin-yuzunu-turkiye-diyanet-vakfi-guldurdu-7-1024x683.jpg 1024w, https:\/\/tdv.org\/tr-TR\/wp-content\/uploads\/2026\/02\/kara-kitanin-albino-cocuklarinin-yuzunu-turkiye-diyanet-vakfi-guldurdu-7-300x200.jpg 300w, https:\/\/tdv.org\/tr-TR\/wp-content\/uploads\/2026\/02\/kara-kitanin-albino-cocuklarinin-yuzunu-turkiye-diyanet-vakfi-guldurdu-7-768x512.jpg 768w, https:\/\/tdv.org\/tr-TR\/wp-content\/uploads\/2026\/02\/kara-kitanin-albino-cocuklarinin-yuzunu-turkiye-diyanet-vakfi-guldurdu-7-900x600.jpg 900w, https:\/\/tdv.org\/tr-TR\/wp-content\/uploads\/2026\/02\/kara-kitanin-albino-cocuklarinin-yuzunu-turkiye-diyanet-vakfi-guldurdu-7.jpg 1152w\" sizes=\"(max-width: 1024px) 100vw, 1024px\" \/><\/a>\n\t\t\t<\/dt>\n\t\t\t\t<dd class='wp-caption-text gallery-caption' id='gallery-1-55586'>\n\t\t\t\tKara k\u0131tan\u0131n &#8220;albino&#8221; \u00e7ocuklar\u0131n\u0131n y\u00fcz\u00fcn\u00fc T\u00fcrkiye  Diyanet Vakf\u0131 g\u00fcld\u00fcrd\u00fc, yetim, ramazan 2026, yetim yard\u0131m\u0131, yetim himaye\n\t\t\t\t<\/dd><\/dl><dl class='gallery-item'>\n\t\t\t<dt class='gallery-icon landscape'>\n\t\t\t\t<a href='https:\/\/tdv.org\/tr-TR\/wp-content\/uploads\/2026\/02\/kara-kitanin-albino-cocuklarinin-yuzunu-turkiye-diyanet-vakfi-guldurdu-8.jpg'><img decoding=\"async\" width=\"1024\" height=\"683\" src=\"https:\/\/tdv.org\/tr-TR\/wp-content\/uploads\/2026\/02\/kara-kitanin-albino-cocuklarinin-yuzunu-turkiye-diyanet-vakfi-guldurdu-8-1024x683.jpg\" class=\"attachment-large size-large\" alt=\"\" aria-describedby=\"gallery-1-55587\" srcset=\"https:\/\/tdv.org\/tr-TR\/wp-content\/uploads\/2026\/02\/kara-kitanin-albino-cocuklarinin-yuzunu-turkiye-diyanet-vakfi-guldurdu-8-1024x683.jpg 1024w, https:\/\/tdv.org\/tr-TR\/wp-content\/uploads\/2026\/02\/kara-kitanin-albino-cocuklarinin-yuzunu-turkiye-diyanet-vakfi-guldurdu-8-300x200.jpg 300w, https:\/\/tdv.org\/tr-TR\/wp-content\/uploads\/2026\/02\/kara-kitanin-albino-cocuklarinin-yuzunu-turkiye-diyanet-vakfi-guldurdu-8-768x512.jpg 768w, https:\/\/tdv.org\/tr-TR\/wp-content\/uploads\/2026\/02\/kara-kitanin-albino-cocuklarinin-yuzunu-turkiye-diyanet-vakfi-guldurdu-8-900x600.jpg 900w, https:\/\/tdv.org\/tr-TR\/wp-content\/uploads\/2026\/02\/kara-kitanin-albino-cocuklarinin-yuzunu-turkiye-diyanet-vakfi-guldurdu-8.jpg 1152w\" sizes=\"(max-width: 1024px) 100vw, 1024px\" \/><\/a>\n\t\t\t<\/dt>\n\t\t\t\t<dd class='wp-caption-text gallery-caption' id='gallery-1-55587'>\n\t\t\t\tKara k\u0131tan\u0131n &#8220;albino&#8221; \u00e7ocuklar\u0131n\u0131n y\u00fcz\u00fcn\u00fc T\u00fcrkiye  Diyanet Vakf\u0131 g\u00fcld\u00fcrd\u00fc, yetim, ramazan 2026, yetim yard\u0131m\u0131, yetim himaye\n\t\t\t\t<\/dd><\/dl><dl class='gallery-item'>\n\t\t\t<dt class='gallery-icon landscape'>\n\t\t\t\t<a href='https:\/\/tdv.org\/tr-TR\/wp-content\/uploads\/2026\/02\/kara-kitanin-albino-cocuklarinin-yuzunu-turkiye-diyanet-vakfi-guldurdu-9.jpg'><img decoding=\"async\" width=\"1024\" height=\"683\" src=\"https:\/\/tdv.org\/tr-TR\/wp-content\/uploads\/2026\/02\/kara-kitanin-albino-cocuklarinin-yuzunu-turkiye-diyanet-vakfi-guldurdu-9-1024x683.jpg\" class=\"attachment-large size-large\" alt=\"\" aria-describedby=\"gallery-1-55588\" srcset=\"https:\/\/tdv.org\/tr-TR\/wp-content\/uploads\/2026\/02\/kara-kitanin-albino-cocuklarinin-yuzunu-turkiye-diyanet-vakfi-guldurdu-9-1024x683.jpg 1024w, https:\/\/tdv.org\/tr-TR\/wp-content\/uploads\/2026\/02\/kara-kitanin-albino-cocuklarinin-yuzunu-turkiye-diyanet-vakfi-guldurdu-9-300x200.jpg 300w, https:\/\/tdv.org\/tr-TR\/wp-content\/uploads\/2026\/02\/kara-kitanin-albino-cocuklarinin-yuzunu-turkiye-diyanet-vakfi-guldurdu-9-768x512.jpg 768w, https:\/\/tdv.org\/tr-TR\/wp-content\/uploads\/2026\/02\/kara-kitanin-albino-cocuklarinin-yuzunu-turkiye-diyanet-vakfi-guldurdu-9-900x600.jpg 900w, https:\/\/tdv.org\/tr-TR\/wp-content\/uploads\/2026\/02\/kara-kitanin-albino-cocuklarinin-yuzunu-turkiye-diyanet-vakfi-guldurdu-9.jpg 1152w\" sizes=\"(max-width: 1024px) 100vw, 1024px\" \/><\/a>\n\t\t\t<\/dt>\n\t\t\t\t<dd class='wp-caption-text gallery-caption' id='gallery-1-55588'>\n\t\t\t\tKara k\u0131tan\u0131n &#8220;albino&#8221; \u00e7ocuklar\u0131n\u0131n y\u00fcz\u00fcn\u00fc T\u00fcrkiye  Diyanet Vakf\u0131 g\u00fcld\u00fcrd\u00fc, yetim, ramazan 2026, yetim yard\u0131m\u0131, yetim himaye\n\t\t\t\t<\/dd><\/dl><br style=\"clear: both\" \/><dl class='gallery-item'>\n\t\t\t<dt class='gallery-icon landscape'>\n\t\t\t\t<a href='https:\/\/tdv.org\/tr-TR\/wp-content\/uploads\/2026\/02\/kara-kitanin-albino-cocuklarinin-yuzunu-turkiye-diyanet-vakfi-guldurdu-10.jpg'><img decoding=\"async\" width=\"1024\" height=\"683\" src=\"https:\/\/tdv.org\/tr-TR\/wp-content\/uploads\/2026\/02\/kara-kitanin-albino-cocuklarinin-yuzunu-turkiye-diyanet-vakfi-guldurdu-10-1024x683.jpg\" class=\"attachment-large size-large\" alt=\"\" aria-describedby=\"gallery-1-55589\" srcset=\"https:\/\/tdv.org\/tr-TR\/wp-content\/uploads\/2026\/02\/kara-kitanin-albino-cocuklarinin-yuzunu-turkiye-diyanet-vakfi-guldurdu-10-1024x683.jpg 1024w, https:\/\/tdv.org\/tr-TR\/wp-content\/uploads\/2026\/02\/kara-kitanin-albino-cocuklarinin-yuzunu-turkiye-diyanet-vakfi-guldurdu-10-300x200.jpg 300w, https:\/\/tdv.org\/tr-TR\/wp-content\/uploads\/2026\/02\/kara-kitanin-albino-cocuklarinin-yuzunu-turkiye-diyanet-vakfi-guldurdu-10-768x512.jpg 768w, https:\/\/tdv.org\/tr-TR\/wp-content\/uploads\/2026\/02\/kara-kitanin-albino-cocuklarinin-yuzunu-turkiye-diyanet-vakfi-guldurdu-10-900x600.jpg 900w, https:\/\/tdv.org\/tr-TR\/wp-content\/uploads\/2026\/02\/kara-kitanin-albino-cocuklarinin-yuzunu-turkiye-diyanet-vakfi-guldurdu-10.jpg 1152w\" sizes=\"(max-width: 1024px) 100vw, 1024px\" \/><\/a>\n\t\t\t<\/dt>\n\t\t\t\t<dd class='wp-caption-text gallery-caption' id='gallery-1-55589'>\n\t\t\t\tKara k\u0131tan\u0131n &#8220;albino&#8221; \u00e7ocuklar\u0131n\u0131n y\u00fcz\u00fcn\u00fc T\u00fcrkiye  Diyanet Vakf\u0131 g\u00fcld\u00fcrd\u00fc, yetim, ramazan 2026, yetim yard\u0131m\u0131, yetim himaye\n\t\t\t\t<\/dd><\/dl>\n\t\t\t<br style='clear: both' \/>\n\t\t<\/div>\n\n","protected":false},"excerpt":{"rendered":"<p>T\u00fcrkiye\u00a0Diyanet\u00a0Vakf\u0131\u00a0(TDV), Tanzanya&#8217;da v\u00fccutlar\u0131ndaki bir pigmentin eksikli\u011fi nedeniyle &#8220;beyaz&#8221; olarak d\u00fcnyaya gelen albino yetimleri hediyeleriyle sevindirdi. TDV g\u00f6revlileri ve\u00a0Diyanet\u00a0\u0130\u015fleri T\u00fcrk \u0130slam Birli\u011finin (D\u0130T\u0130B) Fransa ve Almanya&#8217;dan gelen g\u00f6n\u00fcll\u00fcleri, ramazan yard\u0131mlar\u0131 kapsam\u0131nda&#8230;<\/p>\n","protected":false},"author":14,"featured_media":55583,"comment_status":"closed","ping_status":"closed","sticky":false,"template":"","format":"standard","meta":{"footnotes":""},"categories":[1],"tags":[2470,1276,114,2263,924,1265,1238,926],"class_list":{"0":"post-55454","1":"post","2":"type-post","3":"status-publish","4":"format-standard","5":"has-post-thumbnail","7":"category-haberler","8":"tag-2026-ramazan","9":"tag-unutursan-yetim-kalir","10":"tag-yetim","11":"tag-yetim-bagisi","12":"tag-yetim-cocuklar","13":"tag-yetim-kamplari","14":"tag-yetimhane","15":"tag-yetimler"},"yoast_head":"<!-- This site is optimized with the Yoast SEO plugin v27.5 - https:\/\/yoast.com\/product\/yoast-seo-wordpress\/ -->\n<title>Kara k\u0131tan\u0131n &quot;albino&quot; \u00e7ocuklar\u0131n\u0131n y\u00fcz\u00fcn\u00fc T\u00fcrkiye Diyanet Vakf\u0131 g\u00fcld\u00fcrd\u00fc<\/title>\n<meta name=\"description\" content=\"T\u00fcrkiye\u00a0Diyanet\u00a0Vakf\u0131\u00a0(TDV), Tanzanya&#039;da v\u00fccutlar\u0131ndaki bir pigmentin eksikli\u011fi nedeniyle &quot;beyaz&quot; olarak d\u00fcnyaya gelen albino yetimleri hediyeleriyle sevindirdi.\" \/>\n<meta name=\"robots\" content=\"index, follow, max-snippet:-1, max-image-preview:large, max-video-preview:-1\" \/>\n<link rel=\"canonical\" href=\"https:\/\/tdv.org\/tr-TR\/kara-kitanin-albino-cocuklarinin-yuzunu-turkiye-diyanet-vakfi-guldurdu\/\" \/>\n<meta property=\"og:locale\" content=\"tr_TR\" \/>\n<meta property=\"og:type\" content=\"article\" \/>\n<meta property=\"og:title\" content=\"Kara k\u0131tan\u0131n &quot;albino&quot; \u00e7ocuklar\u0131n\u0131n y\u00fcz\u00fcn\u00fc T\u00fcrkiye Diyanet Vakf\u0131 g\u00fcld\u00fcrd\u00fc\" \/>\n<meta property=\"og:description\" content=\"T\u00fcrkiye\u00a0Diyanet\u00a0Vakf\u0131\u00a0(TDV), Tanzanya&#039;da v\u00fccutlar\u0131ndaki bir pigmentin eksikli\u011fi nedeniyle &quot;beyaz&quot; olarak d\u00fcnyaya gelen albino yetimleri hediyeleriyle sevindirdi.\" \/>\n<meta property=\"og:url\" content=\"https:\/\/tdv.org\/tr-TR\/kara-kitanin-albino-cocuklarinin-yuzunu-turkiye-diyanet-vakfi-guldurdu\/\" \/>\n<meta property=\"og:site_name\" content=\"T\u00fcrkiye Diyanet Vakf\u0131 Resmi Web Sitesi\" \/>\n<meta property=\"article:publisher\" content=\"https:\/\/www.facebook.com\/Diyanetvakfi\/\" \/>\n<meta property=\"article:published_time\" content=\"2026-02-27T11:54:53+00:00\" \/>\n<meta property=\"article:modified_time\" content=\"2026-04-10T11:15:37+00:00\" \/>\n<meta property=\"og:image\" content=\"https:\/\/tdv.org\/tr-TR\/wp-content\/uploads\/2026\/02\/kara-kitanin-albino-cocuklarinin-yuzunu-turkiye-diyanet-vakfi-guldurdu-5.jpg\" \/>\n\t<meta property=\"og:image:width\" content=\"1152\" \/>\n\t<meta property=\"og:image:height\" content=\"768\" \/>\n\t<meta property=\"og:image:type\" content=\"image\/jpeg\" \/>\n<meta name=\"author\" content=\"Mustafa Sunar\" \/>\n<meta name=\"twitter:card\" content=\"summary_large_image\" \/>\n<meta name=\"twitter:creator\" content=\"@DiyanetVakfi\" \/>\n<meta name=\"twitter:site\" content=\"@DiyanetVakfi\" \/>\n<script type=\"application\/ld+json\" class=\"yoast-schema-graph\">{\"@context\":\"https:\\\/\\\/schema.org\",\"@graph\":[{\"@type\":\"Article\",\"@id\":\"https:\\\/\\\/tdv.org\\\/tr-TR\\\/kara-kitanin-albino-cocuklarinin-yuzunu-turkiye-diyanet-vakfi-guldurdu\\\/#article\",\"isPartOf\":{\"@id\":\"https:\\\/\\\/tdv.org\\\/tr-TR\\\/kara-kitanin-albino-cocuklarinin-yuzunu-turkiye-diyanet-vakfi-guldurdu\\\/\"},\"author\":{\"name\":\"Mustafa Sunar\",\"@id\":\"https:\\\/\\\/tdv.org\\\/tr-TR\\\/#\\\/schema\\\/person\\\/59c31b2380b0fdfe778b0df2c86686c2\"},\"headline\":\"Kara k\u0131tan\u0131n &#8220;albino&#8221; \u00e7ocuklar\u0131n\u0131n y\u00fcz\u00fcn\u00fc T\u00fcrkiye Diyanet Vakf\u0131 g\u00fcld\u00fcrd\u00fc\",\"datePublished\":\"2026-02-27T11:54:53+00:00\",\"dateModified\":\"2026-04-10T11:15:37+00:00\",\"mainEntityOfPage\":{\"@id\":\"https:\\\/\\\/tdv.org\\\/tr-TR\\\/kara-kitanin-albino-cocuklarinin-yuzunu-turkiye-diyanet-vakfi-guldurdu\\\/\"},\"wordCount\":391,\"publisher\":{\"@id\":\"https:\\\/\\\/tdv.org\\\/tr-TR\\\/#organization\"},\"image\":{\"@id\":\"https:\\\/\\\/tdv.org\\\/tr-TR\\\/kara-kitanin-albino-cocuklarinin-yuzunu-turkiye-diyanet-vakfi-guldurdu\\\/#primaryimage\"},\"thumbnailUrl\":\"https:\\\/\\\/tdv.org\\\/tr-TR\\\/wp-content\\\/uploads\\\/2026\\\/02\\\/kara-kitanin-albino-cocuklarinin-yuzunu-turkiye-diyanet-vakfi-guldurdu-5.jpg\",\"keywords\":[\"2026 Ramazan\",\"unutursan yetim kal\u0131r\",\"Yetim\",\"Yetim Ba\u011f\u0131\u015f\u0131\",\"yetim \u00e7ocuklar\",\"yetim kamplar\u0131\",\"yetimhane\",\"yetimler\"],\"articleSection\":[\"Haberler\"],\"inLanguage\":\"tr\"},{\"@type\":\"WebPage\",\"@id\":\"https:\\\/\\\/tdv.org\\\/tr-TR\\\/kara-kitanin-albino-cocuklarinin-yuzunu-turkiye-diyanet-vakfi-guldurdu\\\/\",\"url\":\"https:\\\/\\\/tdv.org\\\/tr-TR\\\/kara-kitanin-albino-cocuklarinin-yuzunu-turkiye-diyanet-vakfi-guldurdu\\\/\",\"name\":\"Kara k\u0131tan\u0131n \\\"albino\\\" \u00e7ocuklar\u0131n\u0131n y\u00fcz\u00fcn\u00fc T\u00fcrkiye Diyanet Vakf\u0131 g\u00fcld\u00fcrd\u00fc\",\"isPartOf\":{\"@id\":\"https:\\\/\\\/tdv.org\\\/tr-TR\\\/#website\"},\"primaryImageOfPage\":{\"@id\":\"https:\\\/\\\/tdv.org\\\/tr-TR\\\/kara-kitanin-albino-cocuklarinin-yuzunu-turkiye-diyanet-vakfi-guldurdu\\\/#primaryimage\"},\"image\":{\"@id\":\"https:\\\/\\\/tdv.org\\\/tr-TR\\\/kara-kitanin-albino-cocuklarinin-yuzunu-turkiye-diyanet-vakfi-guldurdu\\\/#primaryimage\"},\"thumbnailUrl\":\"https:\\\/\\\/tdv.org\\\/tr-TR\\\/wp-content\\\/uploads\\\/2026\\\/02\\\/kara-kitanin-albino-cocuklarinin-yuzunu-turkiye-diyanet-vakfi-guldurdu-5.jpg\",\"datePublished\":\"2026-02-27T11:54:53+00:00\",\"dateModified\":\"2026-04-10T11:15:37+00:00\",\"description\":\"T\u00fcrkiye\u00a0Diyanet\u00a0Vakf\u0131\u00a0(TDV), Tanzanya'da v\u00fccutlar\u0131ndaki bir pigmentin eksikli\u011fi nedeniyle \\\"beyaz\\\" olarak d\u00fcnyaya gelen albino yetimleri hediyeleriyle sevindirdi.\",\"breadcrumb\":{\"@id\":\"https:\\\/\\\/tdv.org\\\/tr-TR\\\/kara-kitanin-albino-cocuklarinin-yuzunu-turkiye-diyanet-vakfi-guldurdu\\\/#breadcrumb\"},\"inLanguage\":\"tr\",\"potentialAction\":[{\"@type\":\"ReadAction\",\"target\":[\"https:\\\/\\\/tdv.org\\\/tr-TR\\\/kara-kitanin-albino-cocuklarinin-yuzunu-turkiye-diyanet-vakfi-guldurdu\\\/\"]}]},{\"@type\":\"ImageObject\",\"inLanguage\":\"tr\",\"@id\":\"https:\\\/\\\/tdv.org\\\/tr-TR\\\/kara-kitanin-albino-cocuklarinin-yuzunu-turkiye-diyanet-vakfi-guldurdu\\\/#primaryimage\",\"url\":\"https:\\\/\\\/tdv.org\\\/tr-TR\\\/wp-content\\\/uploads\\\/2026\\\/02\\\/kara-kitanin-albino-cocuklarinin-yuzunu-turkiye-diyanet-vakfi-guldurdu-5.jpg\",\"contentUrl\":\"https:\\\/\\\/tdv.org\\\/tr-TR\\\/wp-content\\\/uploads\\\/2026\\\/02\\\/kara-kitanin-albino-cocuklarinin-yuzunu-turkiye-diyanet-vakfi-guldurdu-5.jpg\",\"width\":1152,\"height\":768,\"caption\":\"Kara k\u0131tan\u0131n \\\"albino\\\" \u00e7ocuklar\u0131n\u0131n y\u00fcz\u00fcn\u00fc T\u00fcrkiye Diyanet Vakf\u0131 g\u00fcld\u00fcrd\u00fc, yetim, ramazan 2026, yetim yard\u0131m\u0131, yetim himaye\"},{\"@type\":\"BreadcrumbList\",\"@id\":\"https:\\\/\\\/tdv.org\\\/tr-TR\\\/kara-kitanin-albino-cocuklarinin-yuzunu-turkiye-diyanet-vakfi-guldurdu\\\/#breadcrumb\",\"itemListElement\":[{\"@type\":\"ListItem\",\"position\":1,\"name\":\"Anasayfa\",\"item\":\"https:\\\/\\\/tdv.org\\\/tr-TR\\\/\"},{\"@type\":\"ListItem\",\"position\":2,\"name\":\"Kara k\u0131tan\u0131n &#8220;albino&#8221; \u00e7ocuklar\u0131n\u0131n y\u00fcz\u00fcn\u00fc T\u00fcrkiye Diyanet Vakf\u0131 g\u00fcld\u00fcrd\u00fc\"}]},{\"@type\":\"WebSite\",\"@id\":\"https:\\\/\\\/tdv.org\\\/tr-TR\\\/#website\",\"url\":\"https:\\\/\\\/tdv.org\\\/tr-TR\\\/\",\"name\":\"T\u00fcrkiye Diyanet Vakf\u0131 Resmi Web Sitesi\",\"description\":\"Yery\u00fcz\u00fcnde iyilik egemen oluncaya kadar\",\"publisher\":{\"@id\":\"https:\\\/\\\/tdv.org\\\/tr-TR\\\/#organization\"},\"alternateName\":\"T\u00fcrkiye Diyanet Vakf\u0131\",\"potentialAction\":[{\"@type\":\"SearchAction\",\"target\":{\"@type\":\"EntryPoint\",\"urlTemplate\":\"https:\\\/\\\/tdv.org\\\/tr-TR\\\/?s={search_term_string}\"},\"query-input\":{\"@type\":\"PropertyValueSpecification\",\"valueRequired\":true,\"valueName\":\"search_term_string\"}}],\"inLanguage\":\"tr\"},{\"@type\":\"Organization\",\"@id\":\"https:\\\/\\\/tdv.org\\\/tr-TR\\\/#organization\",\"name\":\"T\u00fcrkiye Diyanet Vakf\u0131\",\"alternateName\":\"T\u00fcrkiye Diyanet Vakf\u0131\",\"url\":\"https:\\\/\\\/tdv.org\\\/tr-TR\\\/\",\"logo\":{\"@type\":\"ImageObject\",\"inLanguage\":\"tr\",\"@id\":\"https:\\\/\\\/tdv.org\\\/tr-TR\\\/#\\\/schema\\\/logo\\\/image\\\/\",\"url\":\"https:\\\/\\\/tdv.org\\\/tr-TR\\\/wp-content\\\/uploads\\\/2018\\\/12\\\/TDV_Logo_1.png\",\"contentUrl\":\"https:\\\/\\\/tdv.org\\\/tr-TR\\\/wp-content\\\/uploads\\\/2018\\\/12\\\/TDV_Logo_1.png\",\"width\":207,\"height\":71,\"caption\":\"T\u00fcrkiye Diyanet Vakf\u0131\"},\"image\":{\"@id\":\"https:\\\/\\\/tdv.org\\\/tr-TR\\\/#\\\/schema\\\/logo\\\/image\\\/\"},\"sameAs\":[\"https:\\\/\\\/www.facebook.com\\\/Diyanetvakfi\\\/\",\"https:\\\/\\\/x.com\\\/DiyanetVakfi\",\"https:\\\/\\\/www.instagram.com\\\/turkiyediyanetvakfi\\\/\",\"https:\\\/\\\/www.youtube.com\\\/user\\\/TurkiyeDiyanetVakfi\"]},{\"@type\":\"Person\",\"@id\":\"https:\\\/\\\/tdv.org\\\/tr-TR\\\/#\\\/schema\\\/person\\\/59c31b2380b0fdfe778b0df2c86686c2\",\"name\":\"Mustafa Sunar\",\"image\":{\"@type\":\"ImageObject\",\"inLanguage\":\"tr\",\"@id\":\"https:\\\/\\\/tdv.org\\\/tr-TR\\\/wp-content\\\/litespeed\\\/avatar\\\/881966e14150a12f093f73848867e8e7.jpg?ver=1777627359\",\"url\":\"https:\\\/\\\/tdv.org\\\/tr-TR\\\/wp-content\\\/litespeed\\\/avatar\\\/881966e14150a12f093f73848867e8e7.jpg?ver=1777627359\",\"contentUrl\":\"https:\\\/\\\/tdv.org\\\/tr-TR\\\/wp-content\\\/litespeed\\\/avatar\\\/881966e14150a12f093f73848867e8e7.jpg?ver=1777627359\",\"caption\":\"Mustafa Sunar\"}}]}<\/script>\n<!-- \/ Yoast SEO plugin. -->","yoast_head_json":{"title":"Kara k\u0131tan\u0131n \"albino\" \u00e7ocuklar\u0131n\u0131n y\u00fcz\u00fcn\u00fc T\u00fcrkiye Diyanet Vakf\u0131 g\u00fcld\u00fcrd\u00fc","description":"T\u00fcrkiye\u00a0Diyanet\u00a0Vakf\u0131\u00a0(TDV), Tanzanya'da v\u00fccutlar\u0131ndaki bir pigmentin eksikli\u011fi nedeniyle \"beyaz\" olarak d\u00fcnyaya gelen albino yetimleri hediyeleriyle sevindirdi.","robots":{"index":"index","follow":"follow","max-snippet":"max-snippet:-1","max-image-preview":"max-image-preview:large","max-video-preview":"max-video-preview:-1"},"canonical":"https:\/\/tdv.org\/tr-TR\/kara-kitanin-albino-cocuklarinin-yuzunu-turkiye-diyanet-vakfi-guldurdu\/","og_locale":"tr_TR","og_type":"article","og_title":"Kara k\u0131tan\u0131n \"albino\" \u00e7ocuklar\u0131n\u0131n y\u00fcz\u00fcn\u00fc T\u00fcrkiye Diyanet Vakf\u0131 g\u00fcld\u00fcrd\u00fc","og_description":"T\u00fcrkiye\u00a0Diyanet\u00a0Vakf\u0131\u00a0(TDV), Tanzanya'da v\u00fccutlar\u0131ndaki bir pigmentin eksikli\u011fi nedeniyle \"beyaz\" olarak d\u00fcnyaya gelen albino yetimleri hediyeleriyle sevindirdi.","og_url":"https:\/\/tdv.org\/tr-TR\/kara-kitanin-albino-cocuklarinin-yuzunu-turkiye-diyanet-vakfi-guldurdu\/","og_site_name":"T\u00fcrkiye Diyanet Vakf\u0131 Resmi Web Sitesi","article_publisher":"https:\/\/www.facebook.com\/Diyanetvakfi\/","article_published_time":"2026-02-27T11:54:53+00:00","article_modified_time":"2026-04-10T11:15:37+00:00","og_image":[{"width":1152,"height":768,"url":"https:\/\/tdv.org\/tr-TR\/wp-content\/uploads\/2026\/02\/kara-kitanin-albino-cocuklarinin-yuzunu-turkiye-diyanet-vakfi-guldurdu-5.jpg","type":"image\/jpeg"}],"author":"Mustafa Sunar","twitter_card":"summary_large_image","twitter_creator":"@DiyanetVakfi","twitter_site":"@DiyanetVakfi","schema":{"@context":"https:\/\/schema.org","@graph":[{"@type":"Article","@id":"https:\/\/tdv.org\/tr-TR\/kara-kitanin-albino-cocuklarinin-yuzunu-turkiye-diyanet-vakfi-guldurdu\/#article","isPartOf":{"@id":"https:\/\/tdv.org\/tr-TR\/kara-kitanin-albino-cocuklarinin-yuzunu-turkiye-diyanet-vakfi-guldurdu\/"},"author":{"name":"Mustafa Sunar","@id":"https:\/\/tdv.org\/tr-TR\/#\/schema\/person\/59c31b2380b0fdfe778b0df2c86686c2"},"headline":"Kara k\u0131tan\u0131n &#8220;albino&#8221; \u00e7ocuklar\u0131n\u0131n y\u00fcz\u00fcn\u00fc T\u00fcrkiye Diyanet Vakf\u0131 g\u00fcld\u00fcrd\u00fc","datePublished":"2026-02-27T11:54:53+00:00","dateModified":"2026-04-10T11:15:37+00:00","mainEntityOfPage":{"@id":"https:\/\/tdv.org\/tr-TR\/kara-kitanin-albino-cocuklarinin-yuzunu-turkiye-diyanet-vakfi-guldurdu\/"},"wordCount":391,"publisher":{"@id":"https:\/\/tdv.org\/tr-TR\/#organization"},"image":{"@id":"https:\/\/tdv.org\/tr-TR\/kara-kitanin-albino-cocuklarinin-yuzunu-turkiye-diyanet-vakfi-guldurdu\/#primaryimage"},"thumbnailUrl":"https:\/\/tdv.org\/tr-TR\/wp-content\/uploads\/2026\/02\/kara-kitanin-albino-cocuklarinin-yuzunu-turkiye-diyanet-vakfi-guldurdu-5.jpg","keywords":["2026 Ramazan","unutursan yetim kal\u0131r","Yetim","Yetim Ba\u011f\u0131\u015f\u0131","yetim \u00e7ocuklar","yetim kamplar\u0131","yetimhane","yetimler"],"articleSection":["Haberler"],"inLanguage":"tr"},{"@type":"WebPage","@id":"https:\/\/tdv.org\/tr-TR\/kara-kitanin-albino-cocuklarinin-yuzunu-turkiye-diyanet-vakfi-guldurdu\/","url":"https:\/\/tdv.org\/tr-TR\/kara-kitanin-albino-cocuklarinin-yuzunu-turkiye-diyanet-vakfi-guldurdu\/","name":"Kara k\u0131tan\u0131n \"albino\" \u00e7ocuklar\u0131n\u0131n y\u00fcz\u00fcn\u00fc T\u00fcrkiye Diyanet Vakf\u0131 g\u00fcld\u00fcrd\u00fc","isPartOf":{"@id":"https:\/\/tdv.org\/tr-TR\/#website"},"primaryImageOfPage":{"@id":"https:\/\/tdv.org\/tr-TR\/kara-kitanin-albino-cocuklarinin-yuzunu-turkiye-diyanet-vakfi-guldurdu\/#primaryimage"},"image":{"@id":"https:\/\/tdv.org\/tr-TR\/kara-kitanin-albino-cocuklarinin-yuzunu-turkiye-diyanet-vakfi-guldurdu\/#primaryimage"},"thumbnailUrl":"https:\/\/tdv.org\/tr-TR\/wp-content\/uploads\/2026\/02\/kara-kitanin-albino-cocuklarinin-yuzunu-turkiye-diyanet-vakfi-guldurdu-5.jpg","datePublished":"2026-02-27T11:54:53+00:00","dateModified":"2026-04-10T11:15:37+00:00","description":"T\u00fcrkiye\u00a0Diyanet\u00a0Vakf\u0131\u00a0(TDV), Tanzanya'da v\u00fccutlar\u0131ndaki bir pigmentin eksikli\u011fi nedeniyle \"beyaz\" olarak d\u00fcnyaya gelen albino yetimleri hediyeleriyle sevindirdi.","breadcrumb":{"@id":"https:\/\/tdv.org\/tr-TR\/kara-kitanin-albino-cocuklarinin-yuzunu-turkiye-diyanet-vakfi-guldurdu\/#breadcrumb"},"inLanguage":"tr","potentialAction":[{"@type":"ReadAction","target":["https:\/\/tdv.org\/tr-TR\/kara-kitanin-albino-cocuklarinin-yuzunu-turkiye-diyanet-vakfi-guldurdu\/"]}]},{"@type":"ImageObject","inLanguage":"tr","@id":"https:\/\/tdv.org\/tr-TR\/kara-kitanin-albino-cocuklarinin-yuzunu-turkiye-diyanet-vakfi-guldurdu\/#primaryimage","url":"https:\/\/tdv.org\/tr-TR\/wp-content\/uploads\/2026\/02\/kara-kitanin-albino-cocuklarinin-yuzunu-turkiye-diyanet-vakfi-guldurdu-5.jpg","contentUrl":"https:\/\/tdv.org\/tr-TR\/wp-content\/uploads\/2026\/02\/kara-kitanin-albino-cocuklarinin-yuzunu-turkiye-diyanet-vakfi-guldurdu-5.jpg","width":1152,"height":768,"caption":"Kara k\u0131tan\u0131n \"albino\" \u00e7ocuklar\u0131n\u0131n y\u00fcz\u00fcn\u00fc T\u00fcrkiye Diyanet Vakf\u0131 g\u00fcld\u00fcrd\u00fc, yetim, ramazan 2026, yetim yard\u0131m\u0131, yetim himaye"},{"@type":"BreadcrumbList","@id":"https:\/\/tdv.org\/tr-TR\/kara-kitanin-albino-cocuklarinin-yuzunu-turkiye-diyanet-vakfi-guldurdu\/#breadcrumb","itemListElement":[{"@type":"ListItem","position":1,"name":"Anasayfa","item":"https:\/\/tdv.org\/tr-TR\/"},{"@type":"ListItem","position":2,"name":"Kara k\u0131tan\u0131n &#8220;albino&#8221; \u00e7ocuklar\u0131n\u0131n y\u00fcz\u00fcn\u00fc T\u00fcrkiye Diyanet Vakf\u0131 g\u00fcld\u00fcrd\u00fc"}]},{"@type":"WebSite","@id":"https:\/\/tdv.org\/tr-TR\/#website","url":"https:\/\/tdv.org\/tr-TR\/","name":"T\u00fcrkiye Diyanet Vakf\u0131 Resmi Web Sitesi","description":"Yery\u00fcz\u00fcnde iyilik egemen oluncaya kadar","publisher":{"@id":"https:\/\/tdv.org\/tr-TR\/#organization"},"alternateName":"T\u00fcrkiye Diyanet Vakf\u0131","potentialAction":[{"@type":"SearchAction","target":{"@type":"EntryPoint","urlTemplate":"https:\/\/tdv.org\/tr-TR\/?s={search_term_string}"},"query-input":{"@type":"PropertyValueSpecification","valueRequired":true,"valueName":"search_term_string"}}],"inLanguage":"tr"},{"@type":"Organization","@id":"https:\/\/tdv.org\/tr-TR\/#organization","name":"T\u00fcrkiye Diyanet Vakf\u0131","alternateName":"T\u00fcrkiye Diyanet Vakf\u0131","url":"https:\/\/tdv.org\/tr-TR\/","logo":{"@type":"ImageObject","inLanguage":"tr","@id":"https:\/\/tdv.org\/tr-TR\/#\/schema\/logo\/image\/","url":"https:\/\/tdv.org\/tr-TR\/wp-content\/uploads\/2018\/12\/TDV_Logo_1.png","contentUrl":"https:\/\/tdv.org\/tr-TR\/wp-content\/uploads\/2018\/12\/TDV_Logo_1.png","width":207,"height":71,"caption":"T\u00fcrkiye Diyanet Vakf\u0131"},"image":{"@id":"https:\/\/tdv.org\/tr-TR\/#\/schema\/logo\/image\/"},"sameAs":["https:\/\/www.facebook.com\/Diyanetvakfi\/","https:\/\/x.com\/DiyanetVakfi","https:\/\/www.instagram.com\/turkiyediyanetvakfi\/","https:\/\/www.youtube.com\/user\/TurkiyeDiyanetVakfi"]},{"@type":"Person","@id":"https:\/\/tdv.org\/tr-TR\/#\/schema\/person\/59c31b2380b0fdfe778b0df2c86686c2","name":"Mustafa Sunar","image":{"@type":"ImageObject","inLanguage":"tr","@id":"https:\/\/tdv.org\/tr-TR\/wp-content\/litespeed\/avatar\/881966e14150a12f093f73848867e8e7.jpg?ver=1777627359","url":"https:\/\/tdv.org\/tr-TR\/wp-content\/litespeed\/avatar\/881966e14150a12f093f73848867e8e7.jpg?ver=1777627359","contentUrl":"https:\/\/tdv.org\/tr-TR\/wp-content\/litespeed\/avatar\/881966e14150a12f093f73848867e8e7.jpg?ver=1777627359","caption":"Mustafa Sunar"}}]}},"_links":{"self":[{"href":"https:\/\/tdv.org\/tr-TR\/wp-json\/wp\/v2\/posts\/55454","targetHints":{"allow":["GET"]}}],"collection":[{"href":"https:\/\/tdv.org\/tr-TR\/wp-json\/wp\/v2\/posts"}],"about":[{"href":"https:\/\/tdv.org\/tr-TR\/wp-json\/wp\/v2\/types\/post"}],"author":[{"embeddable":true,"href":"https:\/\/tdv.org\/tr-TR\/wp-json\/wp\/v2\/users\/14"}],"replies":[{"embeddable":true,"href":"https:\/\/tdv.org\/tr-TR\/wp-json\/wp\/v2\/comments?post=55454"}],"version-history":[{"count":5,"href":"https:\/\/tdv.org\/tr-TR\/wp-json\/wp\/v2\/posts\/55454\/revisions"}],"predecessor-version":[{"id":55826,"href":"https:\/\/tdv.org\/tr-TR\/wp-json\/wp\/v2\/posts\/55454\/revisions\/55826"}],"wp:featuredmedia":[{"embeddable":true,"href":"https:\/\/tdv.org\/tr-TR\/wp-json\/wp\/v2\/media\/55583"}],"wp:attachment":[{"href":"https:\/\/tdv.org\/tr-TR\/wp-json\/wp\/v2\/media?parent=55454"}],"wp:term":[{"taxonomy":"category","embeddable":true,"href":"https:\/\/tdv.org\/tr-TR\/wp-json\/wp\/v2\/categories?post=55454"},{"taxonomy":"post_tag","embeddable":true,"href":"https:\/\/tdv.org\/tr-TR\/wp-json\/wp\/v2\/tags?post=55454"}],"curies":[{"name":"wp","href":"https:\/\/api.w.org\/{rel}","templated":true}]}}