{"id":55468,"date":"2026-02-27T21:12:33","date_gmt":"2026-02-27T18:12:33","guid":{"rendered":"https:\/\/tdv.org\/tr-TR\/?p=55468"},"modified":"2026-02-27T21:12:33","modified_gmt":"2026-02-27T18:12:33","slug":"muslumanlar-ilmin-her-alaninda-insanliga-onculuk-etmislerdir","status":"publish","type":"post","link":"https:\/\/tdv.org\/tr-TR\/muslumanlar-ilmin-her-alaninda-insanliga-onculuk-etmislerdir\/","title":{"rendered":"\u201cM\u00fcsl\u00fcmanlar ilmin her alan\u0131nda insanl\u0131\u011fa \u00f6nc\u00fcl\u00fck etmi\u015flerdir\u201d"},"content":{"rendered":"[vc_row type=&#8221;in_container&#8221; full_screen_row_position=&#8221;middle&#8221; column_margin=&#8221;default&#8221; column_direction=&#8221;default&#8221; column_direction_tablet=&#8221;default&#8221; column_direction_phone=&#8221;default&#8221; scene_position=&#8221;center&#8221; text_color=&#8221;dark&#8221; text_align=&#8221;left&#8221; row_border_radius=&#8221;none&#8221; row_border_radius_applies=&#8221;bg&#8221; row_position_desktop=&#8221;default&#8221; row_position_tablet=&#8221;inherit&#8221; row_position_phone=&#8221;inherit&#8221; overflow=&#8221;visible&#8221; overlay_strength=&#8221;0.3&#8243; gradient_direction=&#8221;left_to_right&#8221; shape_divider_position=&#8221;bottom&#8221; bg_image_animation=&#8221;none&#8221;][vc_column column_padding=&#8221;no-extra-padding&#8221; column_padding_tablet=&#8221;inherit&#8221; column_padding_phone=&#8221;inherit&#8221; column_padding_position=&#8221;all&#8221; flex_gap_desktop=&#8221;10px&#8221; column_element_direction_desktop=&#8221;default&#8221; column_element_spacing=&#8221;default&#8221; desktop_text_alignment=&#8221;default&#8221; tablet_text_alignment=&#8221;default&#8221; phone_text_alignment=&#8221;default&#8221; background_color_opacity=&#8221;1&#8243; background_hover_color_opacity=&#8221;1&#8243; column_backdrop_filter=&#8221;none&#8221; column_shadow=&#8221;none&#8221; column_border_radius=&#8221;none&#8221; column_link_target=&#8221;_self&#8221; column_position=&#8221;default&#8221; gradient_direction=&#8221;left_to_right&#8221; overlay_strength=&#8221;0.3&#8243; width=&#8221;1\/1&#8243; tablet_width_inherit=&#8221;default&#8221; animation_type=&#8221;default&#8221; bg_image_animation=&#8221;none&#8221; border_type=&#8221;simple&#8221; column_border_width=&#8221;none&#8221; column_border_style=&#8221;solid&#8221;][vc_column_text]\n<p style=\"text-align: justify;\"><a href=\"https:\/\/tdv.org\/tr-TR\/kurumsal\/prof-dr-safi-arpagus\/\" target=\"_blank\" rel=\"noopener\">Diyanet \u0130\u015fleri Ba\u015fkan\u0131 ve T\u00fcrkiye Diyanet Vakf\u0131 M\u00fctevelli Heyeti Ba\u015fkan\u0131 Prof. Dr. Safi Arpagu\u015f<\/a>, T\u00fcrkiye Diyanet Vakf\u0131 (TDV) taraf\u0131ndan d\u00fczenlenen 43. T\u00fcrkiye Kitap ve K\u00fclt\u00fcr Fuar\u0131\u2019n\u0131n a\u00e7\u0131l\u0131\u015f program\u0131na kat\u0131ld\u0131.<\/p>\n<p style=\"text-align: justify;\">\u0130stanbul Fatih Camii\u2019nde ger\u00e7ekle\u015ftirilen programda konu\u015fan Ba\u015fkan Arpagu\u015f, medeniyetimizin ilim, irfan ve hikmet medeniyeti oldu\u011funu belirterek, \u201cMedeniyetimize kaynakl\u0131k eden en temel unsur, ilk emri \u2018Oku\u2019 olan y\u00fcce bir Kitab\u0131m\u0131zd\u0131r. O kitap b\u00fct\u00fcn kitaplar\u0131n onun anla\u015f\u0131lmas\u0131 i\u00e7in kaleme al\u0131nd\u0131\u011f\u0131, i\u00e7inde bulundu\u011fumuz bu m\u00fcbarek ayda indirilmi\u015f ve bizlere hidayet kayna\u011f\u0131 olan Kur\u2019an-\u0131 Kerim\u2019dir.\u201d ifadelerini kulland\u0131.<\/p>\n<p style=\"text-align: justify;\"><strong>\u201c\u0130nsanl\u0131\u011f\u0131 kitap ile tan\u0131\u015ft\u0131ranlar, bu ilahi hitab\u0131n muhatab\u0131 olan peygamberlerdir\u201d<\/strong><\/p>\n<p style=\"text-align: justify;\">Yery\u00fcz\u00fcnde kitap ser\u00fcveninin ilahi bir hitapla ba\u015flad\u0131\u011f\u0131n\u0131 dile getiren Ba\u015fkan Arpagu\u015f, \u015funlar\u0131 kaydetti:<br \/>\n\u201c\u0130nsanl\u0131\u011f\u0131 kitap ile tan\u0131\u015ft\u0131ranlar, bu ilahi hitab\u0131n muhatab\u0131 olan peygamberlerdir. Cenab\u0131 Hak insan\u0131 yaratm\u0131\u015f, ona kendi i\u00e7lerinden se\u00e7ip g\u00f6nderdi\u011fi, kitab\u0131 ve hikmeti \u00f6\u011fretecek peygamberler vas\u0131tas\u0131yla e\u015fyan\u0131n hakikatini, varl\u0131\u011f\u0131n hikmetini anlatan hidayet kayna\u011f\u0131 kitaplar g\u00f6ndermi\u015ftir. Hz. Adem\u2019den Hz. H\u00e2tem\u00fc\u2019l-Enbiya Efendimiz (s.a.v.)\u2019e kadar peygamberler vas\u0131tas\u0131yla insanl\u0131\u011f\u0131n yolunu ve ufkunu ayd\u0131nlatm\u0131\u015f; onlar\u0131 hak ve hakikat ile bulu\u015fturmu\u015ftur.\u201d<\/p>\n<p style=\"text-align: justify;\">Kur\u2019an-\u0131 Kerim\u2019in t\u00fcm insanl\u0131\u011f\u0131 ilim, hikmet ve tefekk\u00fcre davet etti\u011fini s\u00f6yleyen Ba\u015fkan Arpagu\u015f, kitaplar\u0131n ancak Kur\u2019an\u2019\u0131n i\u015faret etti\u011fi ufku takip etti\u011fi s\u00fcrece hakikate yakla\u015faca\u011f\u0131n\u0131 ve okuyucusunu hakikatle bulu\u015fturabilece\u011fini ifade etti.<\/p>\n<p style=\"text-align: justify;\">Kur\u2019an-\u0131 Kerim\u2019in hakikati anlama ve hakikat ekseninde bir hayat in\u015fa etme \u00e7a\u011fr\u0131s\u0131 yapt\u0131\u011f\u0131n\u0131 anlatan Ba\u015fkan Arpagu\u015f, \u015fu ifadelere yer verdi:<br \/>\n\u201cBu \u00e7a\u011fr\u0131ya kulak veren M\u00fcsl\u00fcmanlar, Kur\u2019an\u2019\u0131n rehberli\u011finde ve onu hayat\u0131m\u0131za ta\u015f\u0131yan s\u00fcnnet-i seniyyenin \u00f6rnekli\u011finde, ilmi ve hikmeti merkeze alan bir hayat in\u015fa etme \u00e7aba ve gayretinde olmu\u015flard\u0131r. M\u00fcsl\u00fcmanlar asr-\u0131 saadetten g\u00fcn\u00fcm\u00fcze kadar ilahiyattan felsefeye, edebiyattan k\u00fclt\u00fcr-sanata, matematikten astronomiye, iktisattan m\u00fchendisli\u011fe ilmin her alan\u0131nda insanl\u0131\u011fa \u00f6nc\u00fcl\u00fck etmi\u015flerdir.<br \/>\nAncak, bug\u00fcn kar\u015f\u0131 kar\u015f\u0131ya oldu\u011fumuz ac\u0131 ger\u00e7ek, bu mirasa gerekti\u011fi gibi sahip \u00e7\u0131kamad\u0131\u011f\u0131m\u0131z\u0131 g\u00f6stermektedir. Zira \u0130slam \u00e2lemi olarak bilgiyle, kitapla kurdu\u011fumuz ili\u015fki, ne yaz\u0131k ki arzu edilen seviyenin \u00e7ok gerisinde kalm\u0131\u015ft\u0131r. Bug\u00fcn kitap okuma oranlar\u0131m\u0131z ve d\u00fc\u015f\u00fcnce derinli\u011fimiz bir tarafa, bilgi \u00fcretme, onu de\u011fere d\u00f6n\u00fc\u015ft\u00fcrme ve hayatla bulu\u015fturma noktas\u0131nda ciddi zaafiyetlerle mal\u00fcl oldu\u011fumuz a\u015fikard\u0131r.\u201d<\/p>\n<p style=\"text-align: justify;\"><strong>\u201cBurada kurulan her c\u00fcmlenin gelece\u011fe at\u0131lm\u0131\u015f bir tohum oldu\u011funa inan\u0131yorum\u201d<\/strong><\/p>\n<p style=\"text-align: justify;\">Nesillerimizi kitapla bulu\u015fturarak sahih kaynaklar ekseninde g\u00fc\u00e7l\u00fc bir d\u00fc\u015f\u00fcnce d\u00fcnyas\u0131 ve gelecek mefkuresi in\u015fa etmek zorunda olduklar\u0131n\u0131 aktaran Ba\u015fkan Arpagu\u015f, \u201c\u0130\u015fte, her y\u0131l d\u00fczenledi\u011fimiz bu kitap fuarlar\u0131n\u0131n b\u00f6ylesi ulvi bir amaca hizmet etti\u011fini vurgulamak isterim. Burada kurulan her stand\u0131n bir d\u00fc\u015f\u00fcnce oca\u011f\u0131, her kitab\u0131n bir zihin eme\u011fi ve her c\u00fcmlenin gelece\u011fin in\u015fas\u0131 i\u00e7in at\u0131lm\u0131\u015f de\u011ferli bir ad\u0131m, gelece\u011fe at\u0131lm\u0131\u015f bir tohum oldu\u011funa inan\u0131yorum.\u201d diye konu\u015ftu.<\/p>\n<p style=\"text-align: justify;\">Ba\u015fkan Arpagu\u015f, konu\u015fmas\u0131n\u0131n ard\u0131ndan fuar alan\u0131n\u0131 ve stantlar\u0131 ziyaret etti. Fuar, 17 Mart Sal\u0131 g\u00fcn\u00fcne kadar kitapseverlerin ziyaretine a\u00e7\u0131k olacak.<\/p>\n<p style=\"text-align: justify;\">Fuar\u0131n a\u00e7\u0131l\u0131\u015f\u0131na Diyanet \u0130\u015fleri Ba\u015fkan Yard\u0131mc\u0131lar\u0131 Dr. Hafiz Osman \u015eahin ve Dr. Hatice Boynukal\u0131n \u015eenkarde\u015fler, Dini Yay\u0131nlar Genel M\u00fcd\u00fcr\u00fc Hamza Bayram, \u0130stanbul \u0130l M\u00fcft\u00fcs\u00fc Do\u00e7. Dr. Emrullah Tuncel ve vatanda\u015flar kat\u0131ld\u0131.<\/p>\n<p style=\"text-align: justify;\">Ba\u015fkan Arpagu\u015f, hutbe irad etti<\/p>\n<p style=\"text-align: justify;\">Diyanet \u0130\u015fleri Ba\u015fkan\u0131 Prof. Dr. Safi Arpagu\u015f, fuar\u0131n a\u00e7\u0131l\u0131\u015f\u0131 \u00f6ncesinde de Fatih Camii\u2019nde hutbe irad etti ve ard\u0131ndan Cuma namaz\u0131n\u0131 k\u0131ld\u0131rd\u0131.<\/p>\n[\/vc_column_text][divider line_type=&#8221;No Line&#8221; custom_height=&#8221;20&#8243;][vc_video link=&#8221;https:\/\/youtu.be\/Syb_wBQURk4&#8243; css=&#8221;&#8221;][divider line_type=&#8221;No Line&#8221; custom_height=&#8221;20&#8243;][vc_column_text css=&#8221;&#8221; text_direction=&#8221;default&#8221;]\n\n\t\t<style type=\"text\/css\">\n\t\t\t#gallery-1 {\n\t\t\t\tmargin: auto;\n\t\t\t}\n\t\t\t#gallery-1 .gallery-item {\n\t\t\t\tfloat: left;\n\t\t\t\tmargin-top: 10px;\n\t\t\t\ttext-align: center;\n\t\t\t\twidth: 33%;\n\t\t\t}\n\t\t\t#gallery-1 img {\n\t\t\t\tborder: 2px solid #cfcfcf;\n\t\t\t}\n\t\t\t#gallery-1 .gallery-caption {\n\t\t\t\tmargin-left: 0;\n\t\t\t}\n\t\t\t\/* see gallery_shortcode() in wp-includes\/media.php *\/\n\t\t<\/style>\n\t\t<div id='gallery-1' class='gallery galleryid-55468 gallery-columns-3 gallery-size-large'><dl class='gallery-item'>\n\t\t\t<dt class='gallery-icon landscape'>\n\t\t\t\t<a href='https:\/\/tdv.org\/tr-TR\/wp-content\/uploads\/2026\/02\/muslumanlar-ilmin-her-alaninda-insanliga-onculuk-etmislerdir-12.jpeg'><img decoding=\"async\" width=\"1024\" height=\"683\" src=\"https:\/\/tdv.org\/tr-TR\/wp-content\/uploads\/2026\/02\/muslumanlar-ilmin-her-alaninda-insanliga-onculuk-etmislerdir-12-1024x683.jpeg\" class=\"attachment-large size-large\" alt=\"\" srcset=\"https:\/\/tdv.org\/tr-TR\/wp-content\/uploads\/2026\/02\/muslumanlar-ilmin-her-alaninda-insanliga-onculuk-etmislerdir-12-1024x683.jpeg 1024w, https:\/\/tdv.org\/tr-TR\/wp-content\/uploads\/2026\/02\/muslumanlar-ilmin-her-alaninda-insanliga-onculuk-etmislerdir-12-300x200.jpeg 300w, https:\/\/tdv.org\/tr-TR\/wp-content\/uploads\/2026\/02\/muslumanlar-ilmin-her-alaninda-insanliga-onculuk-etmislerdir-12-768x512.jpeg 768w, https:\/\/tdv.org\/tr-TR\/wp-content\/uploads\/2026\/02\/muslumanlar-ilmin-her-alaninda-insanliga-onculuk-etmislerdir-12-900x600.jpeg 900w, https:\/\/tdv.org\/tr-TR\/wp-content\/uploads\/2026\/02\/muslumanlar-ilmin-her-alaninda-insanliga-onculuk-etmislerdir-12.jpeg 1152w\" sizes=\"(max-width: 1024px) 100vw, 1024px\" \/><\/a>\n\t\t\t<\/dt><\/dl><dl class='gallery-item'>\n\t\t\t<dt class='gallery-icon landscape'>\n\t\t\t\t<a href='https:\/\/tdv.org\/tr-TR\/wp-content\/uploads\/2026\/02\/muslumanlar-ilmin-her-alaninda-insanliga-onculuk-etmislerdir-13.jpeg'><img decoding=\"async\" width=\"1024\" height=\"683\" src=\"https:\/\/tdv.org\/tr-TR\/wp-content\/uploads\/2026\/02\/muslumanlar-ilmin-her-alaninda-insanliga-onculuk-etmislerdir-13-1024x683.jpeg\" class=\"attachment-large size-large\" alt=\"\" srcset=\"https:\/\/tdv.org\/tr-TR\/wp-content\/uploads\/2026\/02\/muslumanlar-ilmin-her-alaninda-insanliga-onculuk-etmislerdir-13-1024x683.jpeg 1024w, https:\/\/tdv.org\/tr-TR\/wp-content\/uploads\/2026\/02\/muslumanlar-ilmin-her-alaninda-insanliga-onculuk-etmislerdir-13-300x200.jpeg 300w, https:\/\/tdv.org\/tr-TR\/wp-content\/uploads\/2026\/02\/muslumanlar-ilmin-her-alaninda-insanliga-onculuk-etmislerdir-13-768x512.jpeg 768w, https:\/\/tdv.org\/tr-TR\/wp-content\/uploads\/2026\/02\/muslumanlar-ilmin-her-alaninda-insanliga-onculuk-etmislerdir-13-900x600.jpeg 900w, https:\/\/tdv.org\/tr-TR\/wp-content\/uploads\/2026\/02\/muslumanlar-ilmin-her-alaninda-insanliga-onculuk-etmislerdir-13.jpeg 1152w\" sizes=\"(max-width: 1024px) 100vw, 1024px\" \/><\/a>\n\t\t\t<\/dt><\/dl><dl class='gallery-item'>\n\t\t\t<dt class='gallery-icon landscape'>\n\t\t\t\t<a href='https:\/\/tdv.org\/tr-TR\/wp-content\/uploads\/2026\/02\/muslumanlar-ilmin-her-alaninda-insanliga-onculuk-etmislerdir-14.jpeg'><img decoding=\"async\" width=\"1024\" height=\"683\" src=\"https:\/\/tdv.org\/tr-TR\/wp-content\/uploads\/2026\/02\/muslumanlar-ilmin-her-alaninda-insanliga-onculuk-etmislerdir-14-1024x683.jpeg\" class=\"attachment-large size-large\" alt=\"\" srcset=\"https:\/\/tdv.org\/tr-TR\/wp-content\/uploads\/2026\/02\/muslumanlar-ilmin-her-alaninda-insanliga-onculuk-etmislerdir-14-1024x683.jpeg 1024w, https:\/\/tdv.org\/tr-TR\/wp-content\/uploads\/2026\/02\/muslumanlar-ilmin-her-alaninda-insanliga-onculuk-etmislerdir-14-300x200.jpeg 300w, https:\/\/tdv.org\/tr-TR\/wp-content\/uploads\/2026\/02\/muslumanlar-ilmin-her-alaninda-insanliga-onculuk-etmislerdir-14-768x512.jpeg 768w, https:\/\/tdv.org\/tr-TR\/wp-content\/uploads\/2026\/02\/muslumanlar-ilmin-her-alaninda-insanliga-onculuk-etmislerdir-14-900x600.jpeg 900w, https:\/\/tdv.org\/tr-TR\/wp-content\/uploads\/2026\/02\/muslumanlar-ilmin-her-alaninda-insanliga-onculuk-etmislerdir-14.jpeg 1152w\" sizes=\"(max-width: 1024px) 100vw, 1024px\" \/><\/a>\n\t\t\t<\/dt><\/dl><br style=\"clear: both\" \/><dl class='gallery-item'>\n\t\t\t<dt class='gallery-icon landscape'>\n\t\t\t\t<a href='https:\/\/tdv.org\/tr-TR\/wp-content\/uploads\/2026\/02\/muslumanlar-ilmin-her-alaninda-insanliga-onculuk-etmislerdir-2.jpeg'><img decoding=\"async\" width=\"1024\" height=\"683\" src=\"https:\/\/tdv.org\/tr-TR\/wp-content\/uploads\/2026\/02\/muslumanlar-ilmin-her-alaninda-insanliga-onculuk-etmislerdir-2-1024x683.jpeg\" class=\"attachment-large size-large\" alt=\"\" srcset=\"https:\/\/tdv.org\/tr-TR\/wp-content\/uploads\/2026\/02\/muslumanlar-ilmin-her-alaninda-insanliga-onculuk-etmislerdir-2-1024x683.jpeg 1024w, https:\/\/tdv.org\/tr-TR\/wp-content\/uploads\/2026\/02\/muslumanlar-ilmin-her-alaninda-insanliga-onculuk-etmislerdir-2-300x200.jpeg 300w, https:\/\/tdv.org\/tr-TR\/wp-content\/uploads\/2026\/02\/muslumanlar-ilmin-her-alaninda-insanliga-onculuk-etmislerdir-2-768x512.jpeg 768w, https:\/\/tdv.org\/tr-TR\/wp-content\/uploads\/2026\/02\/muslumanlar-ilmin-her-alaninda-insanliga-onculuk-etmislerdir-2-900x600.jpeg 900w, https:\/\/tdv.org\/tr-TR\/wp-content\/uploads\/2026\/02\/muslumanlar-ilmin-her-alaninda-insanliga-onculuk-etmislerdir-2.jpeg 1152w\" sizes=\"(max-width: 1024px) 100vw, 1024px\" \/><\/a>\n\t\t\t<\/dt><\/dl><dl class='gallery-item'>\n\t\t\t<dt class='gallery-icon landscape'>\n\t\t\t\t<a href='https:\/\/tdv.org\/tr-TR\/wp-content\/uploads\/2026\/02\/muslumanlar-ilmin-her-alaninda-insanliga-onculuk-etmislerdir-3.jpeg'><img decoding=\"async\" width=\"1024\" height=\"683\" src=\"https:\/\/tdv.org\/tr-TR\/wp-content\/uploads\/2026\/02\/muslumanlar-ilmin-her-alaninda-insanliga-onculuk-etmislerdir-3-1024x683.jpeg\" class=\"attachment-large size-large\" alt=\"\" srcset=\"https:\/\/tdv.org\/tr-TR\/wp-content\/uploads\/2026\/02\/muslumanlar-ilmin-her-alaninda-insanliga-onculuk-etmislerdir-3-1024x683.jpeg 1024w, https:\/\/tdv.org\/tr-TR\/wp-content\/uploads\/2026\/02\/muslumanlar-ilmin-her-alaninda-insanliga-onculuk-etmislerdir-3-300x200.jpeg 300w, https:\/\/tdv.org\/tr-TR\/wp-content\/uploads\/2026\/02\/muslumanlar-ilmin-her-alaninda-insanliga-onculuk-etmislerdir-3-768x512.jpeg 768w, https:\/\/tdv.org\/tr-TR\/wp-content\/uploads\/2026\/02\/muslumanlar-ilmin-her-alaninda-insanliga-onculuk-etmislerdir-3-900x600.jpeg 900w, https:\/\/tdv.org\/tr-TR\/wp-content\/uploads\/2026\/02\/muslumanlar-ilmin-her-alaninda-insanliga-onculuk-etmislerdir-3.jpeg 1152w\" sizes=\"(max-width: 1024px) 100vw, 1024px\" \/><\/a>\n\t\t\t<\/dt><\/dl><dl class='gallery-item'>\n\t\t\t<dt class='gallery-icon landscape'>\n\t\t\t\t<a href='https:\/\/tdv.org\/tr-TR\/wp-content\/uploads\/2026\/02\/muslumanlar-ilmin-her-alaninda-insanliga-onculuk-etmislerdir-4.jpeg'><img decoding=\"async\" width=\"1024\" height=\"683\" src=\"https:\/\/tdv.org\/tr-TR\/wp-content\/uploads\/2026\/02\/muslumanlar-ilmin-her-alaninda-insanliga-onculuk-etmislerdir-4-1024x683.jpeg\" class=\"attachment-large size-large\" alt=\"\" srcset=\"https:\/\/tdv.org\/tr-TR\/wp-content\/uploads\/2026\/02\/muslumanlar-ilmin-her-alaninda-insanliga-onculuk-etmislerdir-4-1024x683.jpeg 1024w, https:\/\/tdv.org\/tr-TR\/wp-content\/uploads\/2026\/02\/muslumanlar-ilmin-her-alaninda-insanliga-onculuk-etmislerdir-4-300x200.jpeg 300w, https:\/\/tdv.org\/tr-TR\/wp-content\/uploads\/2026\/02\/muslumanlar-ilmin-her-alaninda-insanliga-onculuk-etmislerdir-4-768x512.jpeg 768w, https:\/\/tdv.org\/tr-TR\/wp-content\/uploads\/2026\/02\/muslumanlar-ilmin-her-alaninda-insanliga-onculuk-etmislerdir-4-900x600.jpeg 900w, https:\/\/tdv.org\/tr-TR\/wp-content\/uploads\/2026\/02\/muslumanlar-ilmin-her-alaninda-insanliga-onculuk-etmislerdir-4.jpeg 1152w\" sizes=\"(max-width: 1024px) 100vw, 1024px\" \/><\/a>\n\t\t\t<\/dt><\/dl><br style=\"clear: both\" \/><dl class='gallery-item'>\n\t\t\t<dt class='gallery-icon landscape'>\n\t\t\t\t<a href='https:\/\/tdv.org\/tr-TR\/wp-content\/uploads\/2026\/02\/muslumanlar-ilmin-her-alaninda-insanliga-onculuk-etmislerdir-5.jpeg'><img decoding=\"async\" width=\"1024\" height=\"683\" src=\"https:\/\/tdv.org\/tr-TR\/wp-content\/uploads\/2026\/02\/muslumanlar-ilmin-her-alaninda-insanliga-onculuk-etmislerdir-5-1024x683.jpeg\" class=\"attachment-large size-large\" alt=\"\" srcset=\"https:\/\/tdv.org\/tr-TR\/wp-content\/uploads\/2026\/02\/muslumanlar-ilmin-her-alaninda-insanliga-onculuk-etmislerdir-5-1024x683.jpeg 1024w, https:\/\/tdv.org\/tr-TR\/wp-content\/uploads\/2026\/02\/muslumanlar-ilmin-her-alaninda-insanliga-onculuk-etmislerdir-5-300x200.jpeg 300w, https:\/\/tdv.org\/tr-TR\/wp-content\/uploads\/2026\/02\/muslumanlar-ilmin-her-alaninda-insanliga-onculuk-etmislerdir-5-768x512.jpeg 768w, https:\/\/tdv.org\/tr-TR\/wp-content\/uploads\/2026\/02\/muslumanlar-ilmin-her-alaninda-insanliga-onculuk-etmislerdir-5-900x600.jpeg 900w, https:\/\/tdv.org\/tr-TR\/wp-content\/uploads\/2026\/02\/muslumanlar-ilmin-her-alaninda-insanliga-onculuk-etmislerdir-5.jpeg 1152w\" sizes=\"(max-width: 1024px) 100vw, 1024px\" \/><\/a>\n\t\t\t<\/dt><\/dl><dl class='gallery-item'>\n\t\t\t<dt class='gallery-icon landscape'>\n\t\t\t\t<a href='https:\/\/tdv.org\/tr-TR\/wp-content\/uploads\/2026\/02\/muslumanlar-ilmin-her-alaninda-insanliga-onculuk-etmislerdir-6.jpeg'><img decoding=\"async\" width=\"1024\" height=\"683\" src=\"https:\/\/tdv.org\/tr-TR\/wp-content\/uploads\/2026\/02\/muslumanlar-ilmin-her-alaninda-insanliga-onculuk-etmislerdir-6-1024x683.jpeg\" class=\"attachment-large size-large\" alt=\"\" srcset=\"https:\/\/tdv.org\/tr-TR\/wp-content\/uploads\/2026\/02\/muslumanlar-ilmin-her-alaninda-insanliga-onculuk-etmislerdir-6-1024x683.jpeg 1024w, https:\/\/tdv.org\/tr-TR\/wp-content\/uploads\/2026\/02\/muslumanlar-ilmin-her-alaninda-insanliga-onculuk-etmislerdir-6-300x200.jpeg 300w, https:\/\/tdv.org\/tr-TR\/wp-content\/uploads\/2026\/02\/muslumanlar-ilmin-her-alaninda-insanliga-onculuk-etmislerdir-6-768x512.jpeg 768w, https:\/\/tdv.org\/tr-TR\/wp-content\/uploads\/2026\/02\/muslumanlar-ilmin-her-alaninda-insanliga-onculuk-etmislerdir-6-900x600.jpeg 900w, https:\/\/tdv.org\/tr-TR\/wp-content\/uploads\/2026\/02\/muslumanlar-ilmin-her-alaninda-insanliga-onculuk-etmislerdir-6.jpeg 1152w\" sizes=\"(max-width: 1024px) 100vw, 1024px\" \/><\/a>\n\t\t\t<\/dt><\/dl><dl class='gallery-item'>\n\t\t\t<dt class='gallery-icon landscape'>\n\t\t\t\t<a href='https:\/\/tdv.org\/tr-TR\/wp-content\/uploads\/2026\/02\/muslumanlar-ilmin-her-alaninda-insanliga-onculuk-etmislerdir-7.jpeg'><img decoding=\"async\" width=\"1024\" height=\"683\" src=\"https:\/\/tdv.org\/tr-TR\/wp-content\/uploads\/2026\/02\/muslumanlar-ilmin-her-alaninda-insanliga-onculuk-etmislerdir-7-1024x683.jpeg\" class=\"attachment-large size-large\" alt=\"\" srcset=\"https:\/\/tdv.org\/tr-TR\/wp-content\/uploads\/2026\/02\/muslumanlar-ilmin-her-alaninda-insanliga-onculuk-etmislerdir-7-1024x683.jpeg 1024w, https:\/\/tdv.org\/tr-TR\/wp-content\/uploads\/2026\/02\/muslumanlar-ilmin-her-alaninda-insanliga-onculuk-etmislerdir-7-300x200.jpeg 300w, https:\/\/tdv.org\/tr-TR\/wp-content\/uploads\/2026\/02\/muslumanlar-ilmin-her-alaninda-insanliga-onculuk-etmislerdir-7-768x512.jpeg 768w, https:\/\/tdv.org\/tr-TR\/wp-content\/uploads\/2026\/02\/muslumanlar-ilmin-her-alaninda-insanliga-onculuk-etmislerdir-7-900x600.jpeg 900w, https:\/\/tdv.org\/tr-TR\/wp-content\/uploads\/2026\/02\/muslumanlar-ilmin-her-alaninda-insanliga-onculuk-etmislerdir-7.jpeg 1152w\" sizes=\"(max-width: 1024px) 100vw, 1024px\" \/><\/a>\n\t\t\t<\/dt><\/dl><br style=\"clear: both\" \/><dl class='gallery-item'>\n\t\t\t<dt class='gallery-icon landscape'>\n\t\t\t\t<a href='https:\/\/tdv.org\/tr-TR\/wp-content\/uploads\/2026\/02\/muslumanlar-ilmin-her-alaninda-insanliga-onculuk-etmislerdir-8.jpeg'><img decoding=\"async\" width=\"1024\" height=\"683\" src=\"https:\/\/tdv.org\/tr-TR\/wp-content\/uploads\/2026\/02\/muslumanlar-ilmin-her-alaninda-insanliga-onculuk-etmislerdir-8-1024x683.jpeg\" class=\"attachment-large size-large\" alt=\"\" srcset=\"https:\/\/tdv.org\/tr-TR\/wp-content\/uploads\/2026\/02\/muslumanlar-ilmin-her-alaninda-insanliga-onculuk-etmislerdir-8-1024x683.jpeg 1024w, https:\/\/tdv.org\/tr-TR\/wp-content\/uploads\/2026\/02\/muslumanlar-ilmin-her-alaninda-insanliga-onculuk-etmislerdir-8-300x200.jpeg 300w, https:\/\/tdv.org\/tr-TR\/wp-content\/uploads\/2026\/02\/muslumanlar-ilmin-her-alaninda-insanliga-onculuk-etmislerdir-8-768x512.jpeg 768w, https:\/\/tdv.org\/tr-TR\/wp-content\/uploads\/2026\/02\/muslumanlar-ilmin-her-alaninda-insanliga-onculuk-etmislerdir-8-900x600.jpeg 900w, https:\/\/tdv.org\/tr-TR\/wp-content\/uploads\/2026\/02\/muslumanlar-ilmin-her-alaninda-insanliga-onculuk-etmislerdir-8.jpeg 1152w\" sizes=\"(max-width: 1024px) 100vw, 1024px\" \/><\/a>\n\t\t\t<\/dt><\/dl><dl class='gallery-item'>\n\t\t\t<dt class='gallery-icon landscape'>\n\t\t\t\t<a href='https:\/\/tdv.org\/tr-TR\/wp-content\/uploads\/2026\/02\/muslumanlar-ilmin-her-alaninda-insanliga-onculuk-etmislerdir-9.jpeg'><img decoding=\"async\" width=\"1024\" height=\"683\" src=\"https:\/\/tdv.org\/tr-TR\/wp-content\/uploads\/2026\/02\/muslumanlar-ilmin-her-alaninda-insanliga-onculuk-etmislerdir-9-1024x683.jpeg\" class=\"attachment-large size-large\" alt=\"\" srcset=\"https:\/\/tdv.org\/tr-TR\/wp-content\/uploads\/2026\/02\/muslumanlar-ilmin-her-alaninda-insanliga-onculuk-etmislerdir-9-1024x683.jpeg 1024w, https:\/\/tdv.org\/tr-TR\/wp-content\/uploads\/2026\/02\/muslumanlar-ilmin-her-alaninda-insanliga-onculuk-etmislerdir-9-300x200.jpeg 300w, https:\/\/tdv.org\/tr-TR\/wp-content\/uploads\/2026\/02\/muslumanlar-ilmin-her-alaninda-insanliga-onculuk-etmislerdir-9-768x512.jpeg 768w, https:\/\/tdv.org\/tr-TR\/wp-content\/uploads\/2026\/02\/muslumanlar-ilmin-her-alaninda-insanliga-onculuk-etmislerdir-9-900x600.jpeg 900w, https:\/\/tdv.org\/tr-TR\/wp-content\/uploads\/2026\/02\/muslumanlar-ilmin-her-alaninda-insanliga-onculuk-etmislerdir-9.jpeg 1152w\" sizes=\"(max-width: 1024px) 100vw, 1024px\" \/><\/a>\n\t\t\t<\/dt><\/dl><dl class='gallery-item'>\n\t\t\t<dt class='gallery-icon landscape'>\n\t\t\t\t<a href='https:\/\/tdv.org\/tr-TR\/wp-content\/uploads\/2026\/02\/muslumanlar-ilmin-her-alaninda-insanliga-onculuk-etmislerdir-10.jpeg'><img decoding=\"async\" width=\"1024\" height=\"683\" src=\"https:\/\/tdv.org\/tr-TR\/wp-content\/uploads\/2026\/02\/muslumanlar-ilmin-her-alaninda-insanliga-onculuk-etmislerdir-10-1024x683.jpeg\" class=\"attachment-large size-large\" alt=\"\" srcset=\"https:\/\/tdv.org\/tr-TR\/wp-content\/uploads\/2026\/02\/muslumanlar-ilmin-her-alaninda-insanliga-onculuk-etmislerdir-10-1024x683.jpeg 1024w, https:\/\/tdv.org\/tr-TR\/wp-content\/uploads\/2026\/02\/muslumanlar-ilmin-her-alaninda-insanliga-onculuk-etmislerdir-10-300x200.jpeg 300w, https:\/\/tdv.org\/tr-TR\/wp-content\/uploads\/2026\/02\/muslumanlar-ilmin-her-alaninda-insanliga-onculuk-etmislerdir-10-768x512.jpeg 768w, https:\/\/tdv.org\/tr-TR\/wp-content\/uploads\/2026\/02\/muslumanlar-ilmin-her-alaninda-insanliga-onculuk-etmislerdir-10-900x600.jpeg 900w, https:\/\/tdv.org\/tr-TR\/wp-content\/uploads\/2026\/02\/muslumanlar-ilmin-her-alaninda-insanliga-onculuk-etmislerdir-10.jpeg 1152w\" sizes=\"(max-width: 1024px) 100vw, 1024px\" \/><\/a>\n\t\t\t<\/dt><\/dl><br style=\"clear: both\" \/><dl class='gallery-item'>\n\t\t\t<dt class='gallery-icon landscape'>\n\t\t\t\t<a href='https:\/\/tdv.org\/tr-TR\/wp-content\/uploads\/2026\/02\/muslumanlar-ilmin-her-alaninda-insanliga-onculuk-etmislerdir-11.jpeg'><img decoding=\"async\" width=\"1024\" height=\"683\" src=\"https:\/\/tdv.org\/tr-TR\/wp-content\/uploads\/2026\/02\/muslumanlar-ilmin-her-alaninda-insanliga-onculuk-etmislerdir-11-1024x683.jpeg\" class=\"attachment-large size-large\" alt=\"\" srcset=\"https:\/\/tdv.org\/tr-TR\/wp-content\/uploads\/2026\/02\/muslumanlar-ilmin-her-alaninda-insanliga-onculuk-etmislerdir-11-1024x683.jpeg 1024w, https:\/\/tdv.org\/tr-TR\/wp-content\/uploads\/2026\/02\/muslumanlar-ilmin-her-alaninda-insanliga-onculuk-etmislerdir-11-300x200.jpeg 300w, https:\/\/tdv.org\/tr-TR\/wp-content\/uploads\/2026\/02\/muslumanlar-ilmin-her-alaninda-insanliga-onculuk-etmislerdir-11-768x512.jpeg 768w, https:\/\/tdv.org\/tr-TR\/wp-content\/uploads\/2026\/02\/muslumanlar-ilmin-her-alaninda-insanliga-onculuk-etmislerdir-11-900x600.jpeg 900w, https:\/\/tdv.org\/tr-TR\/wp-content\/uploads\/2026\/02\/muslumanlar-ilmin-her-alaninda-insanliga-onculuk-etmislerdir-11.jpeg 1152w\" sizes=\"(max-width: 1024px) 100vw, 1024px\" \/><\/a>\n\t\t\t<\/dt><\/dl>\n\t\t\t<br style='clear: both' \/>\n\t\t<\/div>\n\n[\/vc_column_text][\/vc_column][\/vc_row]\n","protected":false},"excerpt":{"rendered":"<p>[vc_row type=&#8221;in_container&#8221; full_screen_row_position=&#8221;middle&#8221; column_margin=&#8221;default&#8221; column_direction=&#8221;default&#8221; column_direction_tablet=&#8221;default&#8221; column_direction_phone=&#8221;default&#8221; scene_position=&#8221;center&#8221; text_color=&#8221;dark&#8221; text_align=&#8221;left&#8221; row_border_radius=&#8221;none&#8221; row_border_radius_applies=&#8221;bg&#8221; row_position_desktop=&#8221;default&#8221; row_position_tablet=&#8221;inherit&#8221; row_position_phone=&#8221;inherit&#8221; overflow=&#8221;visible&#8221; overlay_strength=&#8221;0.3&#8243; gradient_direction=&#8221;left_to_right&#8221; shape_divider_position=&#8221;bottom&#8221; bg_image_animation=&#8221;none&#8221;][vc_column column_padding=&#8221;no-extra-padding&#8221; column_padding_tablet=&#8221;inherit&#8221; column_padding_phone=&#8221;inherit&#8221; column_padding_position=&#8221;all&#8221; flex_gap_desktop=&#8221;10px&#8221; column_element_direction_desktop=&#8221;default&#8221; column_element_spacing=&#8221;default&#8221; desktop_text_alignment=&#8221;default&#8221; tablet_text_alignment=&#8221;default&#8221; phone_text_alignment=&#8221;default&#8221;&#8230;<\/p>\n","protected":false},"author":8,"featured_media":55474,"comment_status":"closed","ping_status":"closed","sticky":false,"template":"","format":"standard","meta":{"footnotes":""},"categories":[1],"tags":[2478,2454,1888,1277,364,1755],"class_list":{"0":"post-55468","1":"post","2":"type-post","3":"status-publish","4":"format-standard","5":"has-post-thumbnail","7":"category-haberler","8":"tag-43-turkiye-kitap-ve-kultur-fuari","9":"tag-diyanet-isleri-baskani-ve-tdv-mutevelli-heyeti-baskani-prof-dr-safi-arpagus","10":"tag-hediyem-kitap-olsun","11":"tag-kitap-fuari","12":"tag-kitap-fuarlari","13":"tag-kitap-ve-kultur-fuari"},"yoast_head":"<!-- This site is optimized with the Yoast SEO plugin v27.5 - https:\/\/yoast.com\/product\/yoast-seo-wordpress\/ -->\n<title>\u201cM\u00fcsl\u00fcmanlar ilmin her alan\u0131nda insanl\u0131\u011fa \u00f6nc\u00fcl\u00fck etmi\u015flerdir\u201d<\/title>\n<meta name=\"description\" content=\"Diyanet \u0130\u015fleri Ba\u015fkan\u0131 ve T\u00fcrkiye Diyanet Vakf\u0131 M\u00fctevelli Heyeti Ba\u015fkan\u0131 Prof. Dr. Safi Arpagu\u015f, T\u00fcrkiye Diyanet Vakf\u0131 (TDV) taraf\u0131ndan d\u00fczenlenen 43. T\u00fcrkiye Kitap ve K\u00fclt\u00fcr Fuar\u0131\u2019n\u0131n a\u00e7\u0131l\u0131\u015f program\u0131na kat\u0131ld\u0131.\" \/>\n<meta name=\"robots\" content=\"index, follow, max-snippet:-1, max-image-preview:large, max-video-preview:-1\" \/>\n<link rel=\"canonical\" href=\"https:\/\/tdv.org\/tr-TR\/muslumanlar-ilmin-her-alaninda-insanliga-onculuk-etmislerdir\/\" \/>\n<meta property=\"og:locale\" content=\"tr_TR\" \/>\n<meta property=\"og:type\" content=\"article\" \/>\n<meta property=\"og:title\" content=\"\u201cM\u00fcsl\u00fcmanlar ilmin her alan\u0131nda insanl\u0131\u011fa \u00f6nc\u00fcl\u00fck etmi\u015flerdir\u201d\" \/>\n<meta property=\"og:description\" content=\"Diyanet \u0130\u015fleri Ba\u015fkan\u0131 ve T\u00fcrkiye Diyanet Vakf\u0131 M\u00fctevelli Heyeti Ba\u015fkan\u0131 Prof. Dr. Safi Arpagu\u015f, T\u00fcrkiye Diyanet Vakf\u0131 (TDV) taraf\u0131ndan d\u00fczenlenen 43. T\u00fcrkiye Kitap ve K\u00fclt\u00fcr Fuar\u0131\u2019n\u0131n a\u00e7\u0131l\u0131\u015f program\u0131na kat\u0131ld\u0131.\" \/>\n<meta property=\"og:url\" content=\"https:\/\/tdv.org\/tr-TR\/muslumanlar-ilmin-her-alaninda-insanliga-onculuk-etmislerdir\/\" \/>\n<meta property=\"og:site_name\" content=\"T\u00fcrkiye Diyanet Vakf\u0131 Resmi Web Sitesi\" \/>\n<meta property=\"article:publisher\" content=\"https:\/\/www.facebook.com\/Diyanetvakfi\/\" \/>\n<meta property=\"article:published_time\" content=\"2026-02-27T18:12:33+00:00\" \/>\n<meta property=\"og:image\" content=\"https:\/\/tdv.org\/tr-TR\/wp-content\/uploads\/2026\/02\/muslumanlar-ilmin-her-alaninda-insanliga-onculuk-etmislerdir-3.jpeg\" \/>\n\t<meta property=\"og:image:width\" content=\"1152\" \/>\n\t<meta property=\"og:image:height\" content=\"768\" \/>\n\t<meta property=\"og:image:type\" content=\"image\/jpeg\" \/>\n<meta name=\"author\" content=\"Selim\" \/>\n<meta name=\"twitter:card\" content=\"summary_large_image\" \/>\n<meta name=\"twitter:creator\" content=\"@DiyanetVakfi\" \/>\n<meta name=\"twitter:site\" content=\"@DiyanetVakfi\" \/>\n<script type=\"application\/ld+json\" class=\"yoast-schema-graph\">{\"@context\":\"https:\\\/\\\/schema.org\",\"@graph\":[{\"@type\":\"Article\",\"@id\":\"https:\\\/\\\/tdv.org\\\/tr-TR\\\/muslumanlar-ilmin-her-alaninda-insanliga-onculuk-etmislerdir\\\/#article\",\"isPartOf\":{\"@id\":\"https:\\\/\\\/tdv.org\\\/tr-TR\\\/muslumanlar-ilmin-her-alaninda-insanliga-onculuk-etmislerdir\\\/\"},\"author\":{\"name\":\"Selim\",\"@id\":\"https:\\\/\\\/tdv.org\\\/tr-TR\\\/#\\\/schema\\\/person\\\/752b55e264a99273d55636516d96d5eb\"},\"headline\":\"\u201cM\u00fcsl\u00fcmanlar ilmin her alan\u0131nda insanl\u0131\u011fa \u00f6nc\u00fcl\u00fck etmi\u015flerdir\u201d\",\"datePublished\":\"2026-02-27T18:12:33+00:00\",\"mainEntityOfPage\":{\"@id\":\"https:\\\/\\\/tdv.org\\\/tr-TR\\\/muslumanlar-ilmin-her-alaninda-insanliga-onculuk-etmislerdir\\\/\"},\"wordCount\":912,\"publisher\":{\"@id\":\"https:\\\/\\\/tdv.org\\\/tr-TR\\\/#organization\"},\"image\":{\"@id\":\"https:\\\/\\\/tdv.org\\\/tr-TR\\\/muslumanlar-ilmin-her-alaninda-insanliga-onculuk-etmislerdir\\\/#primaryimage\"},\"thumbnailUrl\":\"https:\\\/\\\/tdv.org\\\/tr-TR\\\/wp-content\\\/uploads\\\/2026\\\/02\\\/muslumanlar-ilmin-her-alaninda-insanliga-onculuk-etmislerdir-3.jpeg\",\"keywords\":[\"43. T\u00fcrkiye Kitap ve K\u00fclt\u00fcr Fuar\u0131\",\"Diyanet \u0130\u015fleri Ba\u015fkan\u0131 ve TDV M\u00fctevelli Heyeti Ba\u015fkan\u0131 Prof. Dr. Safi Arpagu\u015f\",\"hediyem kitap olsun\",\"kitap fuar\u0131\",\"kitap fuarlar\u0131\",\"Kitap ve K\u00fclt\u00fcr Fuar\u0131\"],\"articleSection\":[\"Haberler\"],\"inLanguage\":\"tr\"},{\"@type\":\"WebPage\",\"@id\":\"https:\\\/\\\/tdv.org\\\/tr-TR\\\/muslumanlar-ilmin-her-alaninda-insanliga-onculuk-etmislerdir\\\/\",\"url\":\"https:\\\/\\\/tdv.org\\\/tr-TR\\\/muslumanlar-ilmin-her-alaninda-insanliga-onculuk-etmislerdir\\\/\",\"name\":\"\u201cM\u00fcsl\u00fcmanlar ilmin her alan\u0131nda insanl\u0131\u011fa \u00f6nc\u00fcl\u00fck etmi\u015flerdir\u201d\",\"isPartOf\":{\"@id\":\"https:\\\/\\\/tdv.org\\\/tr-TR\\\/#website\"},\"primaryImageOfPage\":{\"@id\":\"https:\\\/\\\/tdv.org\\\/tr-TR\\\/muslumanlar-ilmin-her-alaninda-insanliga-onculuk-etmislerdir\\\/#primaryimage\"},\"image\":{\"@id\":\"https:\\\/\\\/tdv.org\\\/tr-TR\\\/muslumanlar-ilmin-her-alaninda-insanliga-onculuk-etmislerdir\\\/#primaryimage\"},\"thumbnailUrl\":\"https:\\\/\\\/tdv.org\\\/tr-TR\\\/wp-content\\\/uploads\\\/2026\\\/02\\\/muslumanlar-ilmin-her-alaninda-insanliga-onculuk-etmislerdir-3.jpeg\",\"datePublished\":\"2026-02-27T18:12:33+00:00\",\"description\":\"Diyanet \u0130\u015fleri Ba\u015fkan\u0131 ve T\u00fcrkiye Diyanet Vakf\u0131 M\u00fctevelli Heyeti Ba\u015fkan\u0131 Prof. Dr. Safi Arpagu\u015f, T\u00fcrkiye Diyanet Vakf\u0131 (TDV) taraf\u0131ndan d\u00fczenlenen 43. T\u00fcrkiye Kitap ve K\u00fclt\u00fcr Fuar\u0131\u2019n\u0131n a\u00e7\u0131l\u0131\u015f program\u0131na kat\u0131ld\u0131.\",\"breadcrumb\":{\"@id\":\"https:\\\/\\\/tdv.org\\\/tr-TR\\\/muslumanlar-ilmin-her-alaninda-insanliga-onculuk-etmislerdir\\\/#breadcrumb\"},\"inLanguage\":\"tr\",\"potentialAction\":[{\"@type\":\"ReadAction\",\"target\":[\"https:\\\/\\\/tdv.org\\\/tr-TR\\\/muslumanlar-ilmin-her-alaninda-insanliga-onculuk-etmislerdir\\\/\"]}]},{\"@type\":\"ImageObject\",\"inLanguage\":\"tr\",\"@id\":\"https:\\\/\\\/tdv.org\\\/tr-TR\\\/muslumanlar-ilmin-her-alaninda-insanliga-onculuk-etmislerdir\\\/#primaryimage\",\"url\":\"https:\\\/\\\/tdv.org\\\/tr-TR\\\/wp-content\\\/uploads\\\/2026\\\/02\\\/muslumanlar-ilmin-her-alaninda-insanliga-onculuk-etmislerdir-3.jpeg\",\"contentUrl\":\"https:\\\/\\\/tdv.org\\\/tr-TR\\\/wp-content\\\/uploads\\\/2026\\\/02\\\/muslumanlar-ilmin-her-alaninda-insanliga-onculuk-etmislerdir-3.jpeg\",\"width\":1152,\"height\":768},{\"@type\":\"BreadcrumbList\",\"@id\":\"https:\\\/\\\/tdv.org\\\/tr-TR\\\/muslumanlar-ilmin-her-alaninda-insanliga-onculuk-etmislerdir\\\/#breadcrumb\",\"itemListElement\":[{\"@type\":\"ListItem\",\"position\":1,\"name\":\"Anasayfa\",\"item\":\"https:\\\/\\\/tdv.org\\\/tr-TR\\\/\"},{\"@type\":\"ListItem\",\"position\":2,\"name\":\"\u201cM\u00fcsl\u00fcmanlar ilmin her alan\u0131nda insanl\u0131\u011fa \u00f6nc\u00fcl\u00fck etmi\u015flerdir\u201d\"}]},{\"@type\":\"WebSite\",\"@id\":\"https:\\\/\\\/tdv.org\\\/tr-TR\\\/#website\",\"url\":\"https:\\\/\\\/tdv.org\\\/tr-TR\\\/\",\"name\":\"T\u00fcrkiye Diyanet Vakf\u0131 Resmi Web Sitesi\",\"description\":\"Yery\u00fcz\u00fcnde iyilik egemen oluncaya kadar\",\"publisher\":{\"@id\":\"https:\\\/\\\/tdv.org\\\/tr-TR\\\/#organization\"},\"alternateName\":\"T\u00fcrkiye Diyanet Vakf\u0131\",\"potentialAction\":[{\"@type\":\"SearchAction\",\"target\":{\"@type\":\"EntryPoint\",\"urlTemplate\":\"https:\\\/\\\/tdv.org\\\/tr-TR\\\/?s={search_term_string}\"},\"query-input\":{\"@type\":\"PropertyValueSpecification\",\"valueRequired\":true,\"valueName\":\"search_term_string\"}}],\"inLanguage\":\"tr\"},{\"@type\":\"Organization\",\"@id\":\"https:\\\/\\\/tdv.org\\\/tr-TR\\\/#organization\",\"name\":\"T\u00fcrkiye Diyanet Vakf\u0131\",\"alternateName\":\"T\u00fcrkiye Diyanet Vakf\u0131\",\"url\":\"https:\\\/\\\/tdv.org\\\/tr-TR\\\/\",\"logo\":{\"@type\":\"ImageObject\",\"inLanguage\":\"tr\",\"@id\":\"https:\\\/\\\/tdv.org\\\/tr-TR\\\/#\\\/schema\\\/logo\\\/image\\\/\",\"url\":\"https:\\\/\\\/tdv.org\\\/tr-TR\\\/wp-content\\\/uploads\\\/2018\\\/12\\\/TDV_Logo_1.png\",\"contentUrl\":\"https:\\\/\\\/tdv.org\\\/tr-TR\\\/wp-content\\\/uploads\\\/2018\\\/12\\\/TDV_Logo_1.png\",\"width\":207,\"height\":71,\"caption\":\"T\u00fcrkiye Diyanet Vakf\u0131\"},\"image\":{\"@id\":\"https:\\\/\\\/tdv.org\\\/tr-TR\\\/#\\\/schema\\\/logo\\\/image\\\/\"},\"sameAs\":[\"https:\\\/\\\/www.facebook.com\\\/Diyanetvakfi\\\/\",\"https:\\\/\\\/x.com\\\/DiyanetVakfi\",\"https:\\\/\\\/www.instagram.com\\\/turkiyediyanetvakfi\\\/\",\"https:\\\/\\\/www.youtube.com\\\/user\\\/TurkiyeDiyanetVakfi\"]},{\"@type\":\"Person\",\"@id\":\"https:\\\/\\\/tdv.org\\\/tr-TR\\\/#\\\/schema\\\/person\\\/752b55e264a99273d55636516d96d5eb\",\"name\":\"Selim\",\"image\":{\"@type\":\"ImageObject\",\"inLanguage\":\"tr\",\"@id\":\"https:\\\/\\\/tdv.org\\\/tr-TR\\\/wp-content\\\/litespeed\\\/avatar\\\/a1e47b25396e98e5b781e88a5396cd96.jpg?ver=1777287391\",\"url\":\"https:\\\/\\\/tdv.org\\\/tr-TR\\\/wp-content\\\/litespeed\\\/avatar\\\/a1e47b25396e98e5b781e88a5396cd96.jpg?ver=1777287391\",\"contentUrl\":\"https:\\\/\\\/tdv.org\\\/tr-TR\\\/wp-content\\\/litespeed\\\/avatar\\\/a1e47b25396e98e5b781e88a5396cd96.jpg?ver=1777287391\",\"caption\":\"Selim\"}}]}<\/script>\n<!-- \/ Yoast SEO plugin. -->","yoast_head_json":{"title":"\u201cM\u00fcsl\u00fcmanlar ilmin her alan\u0131nda insanl\u0131\u011fa \u00f6nc\u00fcl\u00fck etmi\u015flerdir\u201d","description":"Diyanet \u0130\u015fleri Ba\u015fkan\u0131 ve T\u00fcrkiye Diyanet Vakf\u0131 M\u00fctevelli Heyeti Ba\u015fkan\u0131 Prof. Dr. Safi Arpagu\u015f, T\u00fcrkiye Diyanet Vakf\u0131 (TDV) taraf\u0131ndan d\u00fczenlenen 43. T\u00fcrkiye Kitap ve K\u00fclt\u00fcr Fuar\u0131\u2019n\u0131n a\u00e7\u0131l\u0131\u015f program\u0131na kat\u0131ld\u0131.","robots":{"index":"index","follow":"follow","max-snippet":"max-snippet:-1","max-image-preview":"max-image-preview:large","max-video-preview":"max-video-preview:-1"},"canonical":"https:\/\/tdv.org\/tr-TR\/muslumanlar-ilmin-her-alaninda-insanliga-onculuk-etmislerdir\/","og_locale":"tr_TR","og_type":"article","og_title":"\u201cM\u00fcsl\u00fcmanlar ilmin her alan\u0131nda insanl\u0131\u011fa \u00f6nc\u00fcl\u00fck etmi\u015flerdir\u201d","og_description":"Diyanet \u0130\u015fleri Ba\u015fkan\u0131 ve T\u00fcrkiye Diyanet Vakf\u0131 M\u00fctevelli Heyeti Ba\u015fkan\u0131 Prof. Dr. Safi Arpagu\u015f, T\u00fcrkiye Diyanet Vakf\u0131 (TDV) taraf\u0131ndan d\u00fczenlenen 43. T\u00fcrkiye Kitap ve K\u00fclt\u00fcr Fuar\u0131\u2019n\u0131n a\u00e7\u0131l\u0131\u015f program\u0131na kat\u0131ld\u0131.","og_url":"https:\/\/tdv.org\/tr-TR\/muslumanlar-ilmin-her-alaninda-insanliga-onculuk-etmislerdir\/","og_site_name":"T\u00fcrkiye Diyanet Vakf\u0131 Resmi Web Sitesi","article_publisher":"https:\/\/www.facebook.com\/Diyanetvakfi\/","article_published_time":"2026-02-27T18:12:33+00:00","og_image":[{"width":1152,"height":768,"url":"https:\/\/tdv.org\/tr-TR\/wp-content\/uploads\/2026\/02\/muslumanlar-ilmin-her-alaninda-insanliga-onculuk-etmislerdir-3.jpeg","type":"image\/jpeg"}],"author":"Selim","twitter_card":"summary_large_image","twitter_creator":"@DiyanetVakfi","twitter_site":"@DiyanetVakfi","schema":{"@context":"https:\/\/schema.org","@graph":[{"@type":"Article","@id":"https:\/\/tdv.org\/tr-TR\/muslumanlar-ilmin-her-alaninda-insanliga-onculuk-etmislerdir\/#article","isPartOf":{"@id":"https:\/\/tdv.org\/tr-TR\/muslumanlar-ilmin-her-alaninda-insanliga-onculuk-etmislerdir\/"},"author":{"name":"Selim","@id":"https:\/\/tdv.org\/tr-TR\/#\/schema\/person\/752b55e264a99273d55636516d96d5eb"},"headline":"\u201cM\u00fcsl\u00fcmanlar ilmin her alan\u0131nda insanl\u0131\u011fa \u00f6nc\u00fcl\u00fck etmi\u015flerdir\u201d","datePublished":"2026-02-27T18:12:33+00:00","mainEntityOfPage":{"@id":"https:\/\/tdv.org\/tr-TR\/muslumanlar-ilmin-her-alaninda-insanliga-onculuk-etmislerdir\/"},"wordCount":912,"publisher":{"@id":"https:\/\/tdv.org\/tr-TR\/#organization"},"image":{"@id":"https:\/\/tdv.org\/tr-TR\/muslumanlar-ilmin-her-alaninda-insanliga-onculuk-etmislerdir\/#primaryimage"},"thumbnailUrl":"https:\/\/tdv.org\/tr-TR\/wp-content\/uploads\/2026\/02\/muslumanlar-ilmin-her-alaninda-insanliga-onculuk-etmislerdir-3.jpeg","keywords":["43. T\u00fcrkiye Kitap ve K\u00fclt\u00fcr Fuar\u0131","Diyanet \u0130\u015fleri Ba\u015fkan\u0131 ve TDV M\u00fctevelli Heyeti Ba\u015fkan\u0131 Prof. Dr. Safi Arpagu\u015f","hediyem kitap olsun","kitap fuar\u0131","kitap fuarlar\u0131","Kitap ve K\u00fclt\u00fcr Fuar\u0131"],"articleSection":["Haberler"],"inLanguage":"tr"},{"@type":"WebPage","@id":"https:\/\/tdv.org\/tr-TR\/muslumanlar-ilmin-her-alaninda-insanliga-onculuk-etmislerdir\/","url":"https:\/\/tdv.org\/tr-TR\/muslumanlar-ilmin-her-alaninda-insanliga-onculuk-etmislerdir\/","name":"\u201cM\u00fcsl\u00fcmanlar ilmin her alan\u0131nda insanl\u0131\u011fa \u00f6nc\u00fcl\u00fck etmi\u015flerdir\u201d","isPartOf":{"@id":"https:\/\/tdv.org\/tr-TR\/#website"},"primaryImageOfPage":{"@id":"https:\/\/tdv.org\/tr-TR\/muslumanlar-ilmin-her-alaninda-insanliga-onculuk-etmislerdir\/#primaryimage"},"image":{"@id":"https:\/\/tdv.org\/tr-TR\/muslumanlar-ilmin-her-alaninda-insanliga-onculuk-etmislerdir\/#primaryimage"},"thumbnailUrl":"https:\/\/tdv.org\/tr-TR\/wp-content\/uploads\/2026\/02\/muslumanlar-ilmin-her-alaninda-insanliga-onculuk-etmislerdir-3.jpeg","datePublished":"2026-02-27T18:12:33+00:00","description":"Diyanet \u0130\u015fleri Ba\u015fkan\u0131 ve T\u00fcrkiye Diyanet Vakf\u0131 M\u00fctevelli Heyeti Ba\u015fkan\u0131 Prof. Dr. Safi Arpagu\u015f, T\u00fcrkiye Diyanet Vakf\u0131 (TDV) taraf\u0131ndan d\u00fczenlenen 43. T\u00fcrkiye Kitap ve K\u00fclt\u00fcr Fuar\u0131\u2019n\u0131n a\u00e7\u0131l\u0131\u015f program\u0131na kat\u0131ld\u0131.","breadcrumb":{"@id":"https:\/\/tdv.org\/tr-TR\/muslumanlar-ilmin-her-alaninda-insanliga-onculuk-etmislerdir\/#breadcrumb"},"inLanguage":"tr","potentialAction":[{"@type":"ReadAction","target":["https:\/\/tdv.org\/tr-TR\/muslumanlar-ilmin-her-alaninda-insanliga-onculuk-etmislerdir\/"]}]},{"@type":"ImageObject","inLanguage":"tr","@id":"https:\/\/tdv.org\/tr-TR\/muslumanlar-ilmin-her-alaninda-insanliga-onculuk-etmislerdir\/#primaryimage","url":"https:\/\/tdv.org\/tr-TR\/wp-content\/uploads\/2026\/02\/muslumanlar-ilmin-her-alaninda-insanliga-onculuk-etmislerdir-3.jpeg","contentUrl":"https:\/\/tdv.org\/tr-TR\/wp-content\/uploads\/2026\/02\/muslumanlar-ilmin-her-alaninda-insanliga-onculuk-etmislerdir-3.jpeg","width":1152,"height":768},{"@type":"BreadcrumbList","@id":"https:\/\/tdv.org\/tr-TR\/muslumanlar-ilmin-her-alaninda-insanliga-onculuk-etmislerdir\/#breadcrumb","itemListElement":[{"@type":"ListItem","position":1,"name":"Anasayfa","item":"https:\/\/tdv.org\/tr-TR\/"},{"@type":"ListItem","position":2,"name":"\u201cM\u00fcsl\u00fcmanlar ilmin her alan\u0131nda insanl\u0131\u011fa \u00f6nc\u00fcl\u00fck etmi\u015flerdir\u201d"}]},{"@type":"WebSite","@id":"https:\/\/tdv.org\/tr-TR\/#website","url":"https:\/\/tdv.org\/tr-TR\/","name":"T\u00fcrkiye Diyanet Vakf\u0131 Resmi Web Sitesi","description":"Yery\u00fcz\u00fcnde iyilik egemen oluncaya kadar","publisher":{"@id":"https:\/\/tdv.org\/tr-TR\/#organization"},"alternateName":"T\u00fcrkiye Diyanet Vakf\u0131","potentialAction":[{"@type":"SearchAction","target":{"@type":"EntryPoint","urlTemplate":"https:\/\/tdv.org\/tr-TR\/?s={search_term_string}"},"query-input":{"@type":"PropertyValueSpecification","valueRequired":true,"valueName":"search_term_string"}}],"inLanguage":"tr"},{"@type":"Organization","@id":"https:\/\/tdv.org\/tr-TR\/#organization","name":"T\u00fcrkiye Diyanet Vakf\u0131","alternateName":"T\u00fcrkiye Diyanet Vakf\u0131","url":"https:\/\/tdv.org\/tr-TR\/","logo":{"@type":"ImageObject","inLanguage":"tr","@id":"https:\/\/tdv.org\/tr-TR\/#\/schema\/logo\/image\/","url":"https:\/\/tdv.org\/tr-TR\/wp-content\/uploads\/2018\/12\/TDV_Logo_1.png","contentUrl":"https:\/\/tdv.org\/tr-TR\/wp-content\/uploads\/2018\/12\/TDV_Logo_1.png","width":207,"height":71,"caption":"T\u00fcrkiye Diyanet Vakf\u0131"},"image":{"@id":"https:\/\/tdv.org\/tr-TR\/#\/schema\/logo\/image\/"},"sameAs":["https:\/\/www.facebook.com\/Diyanetvakfi\/","https:\/\/x.com\/DiyanetVakfi","https:\/\/www.instagram.com\/turkiyediyanetvakfi\/","https:\/\/www.youtube.com\/user\/TurkiyeDiyanetVakfi"]},{"@type":"Person","@id":"https:\/\/tdv.org\/tr-TR\/#\/schema\/person\/752b55e264a99273d55636516d96d5eb","name":"Selim","image":{"@type":"ImageObject","inLanguage":"tr","@id":"https:\/\/tdv.org\/tr-TR\/wp-content\/litespeed\/avatar\/a1e47b25396e98e5b781e88a5396cd96.jpg?ver=1777287391","url":"https:\/\/tdv.org\/tr-TR\/wp-content\/litespeed\/avatar\/a1e47b25396e98e5b781e88a5396cd96.jpg?ver=1777287391","contentUrl":"https:\/\/tdv.org\/tr-TR\/wp-content\/litespeed\/avatar\/a1e47b25396e98e5b781e88a5396cd96.jpg?ver=1777287391","caption":"Selim"}}]}},"_links":{"self":[{"href":"https:\/\/tdv.org\/tr-TR\/wp-json\/wp\/v2\/posts\/55468","targetHints":{"allow":["GET"]}}],"collection":[{"href":"https:\/\/tdv.org\/tr-TR\/wp-json\/wp\/v2\/posts"}],"about":[{"href":"https:\/\/tdv.org\/tr-TR\/wp-json\/wp\/v2\/types\/post"}],"author":[{"embeddable":true,"href":"https:\/\/tdv.org\/tr-TR\/wp-json\/wp\/v2\/users\/8"}],"replies":[{"embeddable":true,"href":"https:\/\/tdv.org\/tr-TR\/wp-json\/wp\/v2\/comments?post=55468"}],"version-history":[{"count":1,"href":"https:\/\/tdv.org\/tr-TR\/wp-json\/wp\/v2\/posts\/55468\/revisions"}],"predecessor-version":[{"id":55483,"href":"https:\/\/tdv.org\/tr-TR\/wp-json\/wp\/v2\/posts\/55468\/revisions\/55483"}],"wp:featuredmedia":[{"embeddable":true,"href":"https:\/\/tdv.org\/tr-TR\/wp-json\/wp\/v2\/media\/55474"}],"wp:attachment":[{"href":"https:\/\/tdv.org\/tr-TR\/wp-json\/wp\/v2\/media?parent=55468"}],"wp:term":[{"taxonomy":"category","embeddable":true,"href":"https:\/\/tdv.org\/tr-TR\/wp-json\/wp\/v2\/categories?post=55468"},{"taxonomy":"post_tag","embeddable":true,"href":"https:\/\/tdv.org\/tr-TR\/wp-json\/wp\/v2\/tags?post=55468"}],"curies":[{"name":"wp","href":"https:\/\/api.w.org\/{rel}","templated":true}]}}