{"id":55484,"date":"2026-02-28T15:37:10","date_gmt":"2026-02-28T12:37:10","guid":{"rendered":"https:\/\/tdv.org\/tr-TR\/?p=55484"},"modified":"2026-02-28T15:37:10","modified_gmt":"2026-02-28T12:37:10","slug":"tdv-kocatepe-camisinde-2-bin-kisilik-iftar-sofrasi-kuruyor","status":"publish","type":"post","link":"https:\/\/tdv.org\/tr-TR\/tdv-kocatepe-camisinde-2-bin-kisilik-iftar-sofrasi-kuruyor\/","title":{"rendered":"TDV, Kocatepe Camisi&#8217;nde 2 bin ki\u015filik iftar sofras\u0131 kuruyor"},"content":{"rendered":"<p style=\"text-align: justify;\"><span data-contrast=\"auto\"><a href=\"https:\/\/tdv.org\/tr-TR\" target=\"_blank\" rel=\"noopener\">T\u00fcrkiye\u202fDiyanet\u202fVakf\u0131 (TDV),<\/a> <a href=\"https:\/\/bagis.tdv.org\/#ramazan\" target=\"_blank\" rel=\"noopener\">ramazan<\/a> ay\u0131 dolay\u0131s\u0131yla Ankara&#8217;daki Kocatepe Camisi&#8217;nde <a href=\"https:\/\/bagis.tdv.org\/ramazan\/iftar-112\" target=\"_blank\" rel=\"noopener\">iftar<\/a> i\u00e7in her g\u00fcn 2 bin ki\u015filik<a href=\"https:\/\/bagis.tdv.org\/ramazan\/iftar-112\" target=\"_blank\" rel=\"noopener\">\u00a0iyilik\u00a0sofras\u0131<\/a> kuruyor.<\/span><span data-ccp-props=\"{}\">\u00a0<\/span><\/p>\n<p style=\"text-align: justify;\"><span data-contrast=\"auto\">TDV sorumlusu Abdurrahim An\u0131l Aktan, hay\u0131rseverlerin destekleriyle g\u00fcnl\u00fck 2 bin ki\u015filik <a href=\"https:\/\/bagis.tdv.org\/ramazan\/iftar-112\" target=\"_blank\" rel=\"noopener\">iftar<\/a> d\u00fczenlediklerini s\u00f6yledi.<\/span><span data-ccp-props=\"{}\">\u00a0<\/span><\/p>\n<p style=\"text-align: justify;\"><span data-contrast=\"auto\"><a href=\"https:\/\/bagis.tdv.org\/#ramazan\" target=\"_blank\" rel=\"noopener\">Ramazan<\/a> boyunca <a href=\"https:\/\/bagis.tdv.org\/ramazan\/iftar-112\" target=\"_blank\" rel=\"noopener\">iftar<\/a> sofras\u0131n\u0131n t\u00fcm vatanda\u015flara a\u00e7\u0131k olaca\u011f\u0131n\u0131 belirten Aktan, ihtiya\u00e7 sahibi, yoldan ge\u00e7en ya da birlikte <a href=\"https:\/\/bagis.tdv.org\/ramazan\/iftar-112\" target=\"_blank\" rel=\"noopener\">iftar<\/a> yapmak isteyen herkesi davet etti.<\/span><span data-ccp-props=\"{}\">\u00a0<\/span><\/p>\n<p style=\"text-align: justify;\"><span data-contrast=\"auto\"><a href=\"https:\/\/bagis.tdv.org\/ramazan\/iftar-112\" target=\"_blank\" rel=\"noopener\">\u0130ftar<\/a> sonras\u0131 vatanda\u015flara \u00e7ay ikram\u0131nda bulunuldu.<\/span><span data-ccp-props=\"{}\">\u00a0<\/span><\/p>\n\n\t\t<style type=\"text\/css\">\n\t\t\t#gallery-1 {\n\t\t\t\tmargin: auto;\n\t\t\t}\n\t\t\t#gallery-1 .gallery-item {\n\t\t\t\tfloat: left;\n\t\t\t\tmargin-top: 10px;\n\t\t\t\ttext-align: center;\n\t\t\t\twidth: 33%;\n\t\t\t}\n\t\t\t#gallery-1 img {\n\t\t\t\tborder: 2px solid #cfcfcf;\n\t\t\t}\n\t\t\t#gallery-1 .gallery-caption {\n\t\t\t\tmargin-left: 0;\n\t\t\t}\n\t\t\t\/* see gallery_shortcode() in wp-includes\/media.php *\/\n\t\t<\/style>\n\t\t<div id='gallery-1' class='gallery galleryid-55484 gallery-columns-3 gallery-size-large'><dl class='gallery-item'>\n\t\t\t<dt class='gallery-icon landscape'>\n\t\t\t\t<a href='https:\/\/tdv.org\/tr-TR\/wp-content\/uploads\/2026\/02\/tdv-kocatepe-camisinde-2-bin-kisilik-iftar-sofrasi-kuruyor-5.jpg'><img decoding=\"async\" width=\"1024\" height=\"683\" src=\"https:\/\/tdv.org\/tr-TR\/wp-content\/uploads\/2026\/02\/tdv-kocatepe-camisinde-2-bin-kisilik-iftar-sofrasi-kuruyor-5-1024x683.jpg\" class=\"attachment-large size-large\" alt=\"\" srcset=\"https:\/\/tdv.org\/tr-TR\/wp-content\/uploads\/2026\/02\/tdv-kocatepe-camisinde-2-bin-kisilik-iftar-sofrasi-kuruyor-5-1024x683.jpg 1024w, https:\/\/tdv.org\/tr-TR\/wp-content\/uploads\/2026\/02\/tdv-kocatepe-camisinde-2-bin-kisilik-iftar-sofrasi-kuruyor-5-300x200.jpg 300w, https:\/\/tdv.org\/tr-TR\/wp-content\/uploads\/2026\/02\/tdv-kocatepe-camisinde-2-bin-kisilik-iftar-sofrasi-kuruyor-5-768x512.jpg 768w, https:\/\/tdv.org\/tr-TR\/wp-content\/uploads\/2026\/02\/tdv-kocatepe-camisinde-2-bin-kisilik-iftar-sofrasi-kuruyor-5-900x600.jpg 900w, https:\/\/tdv.org\/tr-TR\/wp-content\/uploads\/2026\/02\/tdv-kocatepe-camisinde-2-bin-kisilik-iftar-sofrasi-kuruyor-5.jpg 1152w\" sizes=\"(max-width: 1024px) 100vw, 1024px\" \/><\/a>\n\t\t\t<\/dt><\/dl><dl class='gallery-item'>\n\t\t\t<dt class='gallery-icon landscape'>\n\t\t\t\t<a href='https:\/\/tdv.org\/tr-TR\/wp-content\/uploads\/2026\/02\/tdv-kocatepe-camisinde-2-bin-kisilik-iftar-sofrasi-kuruyor-4.jpg'><img decoding=\"async\" width=\"1024\" height=\"683\" src=\"https:\/\/tdv.org\/tr-TR\/wp-content\/uploads\/2026\/02\/tdv-kocatepe-camisinde-2-bin-kisilik-iftar-sofrasi-kuruyor-4-1024x683.jpg\" class=\"attachment-large size-large\" alt=\"\" srcset=\"https:\/\/tdv.org\/tr-TR\/wp-content\/uploads\/2026\/02\/tdv-kocatepe-camisinde-2-bin-kisilik-iftar-sofrasi-kuruyor-4-1024x683.jpg 1024w, https:\/\/tdv.org\/tr-TR\/wp-content\/uploads\/2026\/02\/tdv-kocatepe-camisinde-2-bin-kisilik-iftar-sofrasi-kuruyor-4-300x200.jpg 300w, https:\/\/tdv.org\/tr-TR\/wp-content\/uploads\/2026\/02\/tdv-kocatepe-camisinde-2-bin-kisilik-iftar-sofrasi-kuruyor-4-768x512.jpg 768w, https:\/\/tdv.org\/tr-TR\/wp-content\/uploads\/2026\/02\/tdv-kocatepe-camisinde-2-bin-kisilik-iftar-sofrasi-kuruyor-4-900x600.jpg 900w, https:\/\/tdv.org\/tr-TR\/wp-content\/uploads\/2026\/02\/tdv-kocatepe-camisinde-2-bin-kisilik-iftar-sofrasi-kuruyor-4.jpg 1152w\" sizes=\"(max-width: 1024px) 100vw, 1024px\" \/><\/a>\n\t\t\t<\/dt><\/dl><dl class='gallery-item'>\n\t\t\t<dt class='gallery-icon landscape'>\n\t\t\t\t<a href='https:\/\/tdv.org\/tr-TR\/wp-content\/uploads\/2026\/02\/tdv-kocatepe-camisinde-2-bin-kisilik-iftar-sofrasi-kuruyor-1.jpg'><img decoding=\"async\" width=\"1024\" height=\"683\" src=\"https:\/\/tdv.org\/tr-TR\/wp-content\/uploads\/2026\/02\/tdv-kocatepe-camisinde-2-bin-kisilik-iftar-sofrasi-kuruyor-1-1024x683.jpg\" class=\"attachment-large size-large\" alt=\"\" srcset=\"https:\/\/tdv.org\/tr-TR\/wp-content\/uploads\/2026\/02\/tdv-kocatepe-camisinde-2-bin-kisilik-iftar-sofrasi-kuruyor-1-1024x683.jpg 1024w, https:\/\/tdv.org\/tr-TR\/wp-content\/uploads\/2026\/02\/tdv-kocatepe-camisinde-2-bin-kisilik-iftar-sofrasi-kuruyor-1-300x200.jpg 300w, https:\/\/tdv.org\/tr-TR\/wp-content\/uploads\/2026\/02\/tdv-kocatepe-camisinde-2-bin-kisilik-iftar-sofrasi-kuruyor-1-768x512.jpg 768w, https:\/\/tdv.org\/tr-TR\/wp-content\/uploads\/2026\/02\/tdv-kocatepe-camisinde-2-bin-kisilik-iftar-sofrasi-kuruyor-1-900x600.jpg 900w, https:\/\/tdv.org\/tr-TR\/wp-content\/uploads\/2026\/02\/tdv-kocatepe-camisinde-2-bin-kisilik-iftar-sofrasi-kuruyor-1.jpg 1152w\" sizes=\"(max-width: 1024px) 100vw, 1024px\" \/><\/a>\n\t\t\t<\/dt><\/dl><br style=\"clear: both\" \/><dl class='gallery-item'>\n\t\t\t<dt class='gallery-icon landscape'>\n\t\t\t\t<a href='https:\/\/tdv.org\/tr-TR\/wp-content\/uploads\/2026\/02\/tdv-kocatepe-camisinde-2-bin-kisilik-iftar-sofrasi-kuruyor-2.jpg'><img decoding=\"async\" width=\"1024\" height=\"683\" src=\"https:\/\/tdv.org\/tr-TR\/wp-content\/uploads\/2026\/02\/tdv-kocatepe-camisinde-2-bin-kisilik-iftar-sofrasi-kuruyor-2-1024x683.jpg\" class=\"attachment-large size-large\" alt=\"\" srcset=\"https:\/\/tdv.org\/tr-TR\/wp-content\/uploads\/2026\/02\/tdv-kocatepe-camisinde-2-bin-kisilik-iftar-sofrasi-kuruyor-2-1024x683.jpg 1024w, https:\/\/tdv.org\/tr-TR\/wp-content\/uploads\/2026\/02\/tdv-kocatepe-camisinde-2-bin-kisilik-iftar-sofrasi-kuruyor-2-300x200.jpg 300w, https:\/\/tdv.org\/tr-TR\/wp-content\/uploads\/2026\/02\/tdv-kocatepe-camisinde-2-bin-kisilik-iftar-sofrasi-kuruyor-2-768x512.jpg 768w, https:\/\/tdv.org\/tr-TR\/wp-content\/uploads\/2026\/02\/tdv-kocatepe-camisinde-2-bin-kisilik-iftar-sofrasi-kuruyor-2-900x600.jpg 900w, https:\/\/tdv.org\/tr-TR\/wp-content\/uploads\/2026\/02\/tdv-kocatepe-camisinde-2-bin-kisilik-iftar-sofrasi-kuruyor-2.jpg 1152w\" sizes=\"(max-width: 1024px) 100vw, 1024px\" \/><\/a>\n\t\t\t<\/dt><\/dl><dl class='gallery-item'>\n\t\t\t<dt class='gallery-icon landscape'>\n\t\t\t\t<a href='https:\/\/tdv.org\/tr-TR\/wp-content\/uploads\/2026\/02\/tdv-kocatepe-camisinde-2-bin-kisilik-iftar-sofrasi-kuruyor-3.jpg'><img decoding=\"async\" width=\"1024\" height=\"683\" src=\"https:\/\/tdv.org\/tr-TR\/wp-content\/uploads\/2026\/02\/tdv-kocatepe-camisinde-2-bin-kisilik-iftar-sofrasi-kuruyor-3-1024x683.jpg\" class=\"attachment-large size-large\" alt=\"\" srcset=\"https:\/\/tdv.org\/tr-TR\/wp-content\/uploads\/2026\/02\/tdv-kocatepe-camisinde-2-bin-kisilik-iftar-sofrasi-kuruyor-3-1024x683.jpg 1024w, https:\/\/tdv.org\/tr-TR\/wp-content\/uploads\/2026\/02\/tdv-kocatepe-camisinde-2-bin-kisilik-iftar-sofrasi-kuruyor-3-300x200.jpg 300w, https:\/\/tdv.org\/tr-TR\/wp-content\/uploads\/2026\/02\/tdv-kocatepe-camisinde-2-bin-kisilik-iftar-sofrasi-kuruyor-3-768x512.jpg 768w, https:\/\/tdv.org\/tr-TR\/wp-content\/uploads\/2026\/02\/tdv-kocatepe-camisinde-2-bin-kisilik-iftar-sofrasi-kuruyor-3-900x600.jpg 900w, https:\/\/tdv.org\/tr-TR\/wp-content\/uploads\/2026\/02\/tdv-kocatepe-camisinde-2-bin-kisilik-iftar-sofrasi-kuruyor-3.jpg 1152w\" sizes=\"(max-width: 1024px) 100vw, 1024px\" \/><\/a>\n\t\t\t<\/dt><\/dl>\n\t\t\t<br style='clear: both' \/>\n\t\t<\/div>\n\n","protected":false},"excerpt":{"rendered":"<p>T\u00fcrkiye\u202fDiyanet\u202fVakf\u0131 (TDV), ramazan ay\u0131 dolay\u0131s\u0131yla Ankara&#8217;daki Kocatepe Camisi&#8217;nde iftar i\u00e7in her g\u00fcn 2 bin ki\u015filik\u00a0iyilik\u00a0sofras\u0131 kuruyor.\u00a0 TDV sorumlusu Abdurrahim An\u0131l Aktan, hay\u0131rseverlerin destekleriyle g\u00fcnl\u00fck 2 bin ki\u015filik iftar d\u00fczenlediklerini s\u00f6yledi.\u00a0&#8230;<\/p>\n","protected":false},"author":8,"featured_media":55486,"comment_status":"closed","ping_status":"closed","sticky":false,"template":"","format":"standard","meta":{"footnotes":""},"categories":[1],"tags":[2470,119,2108,1244,120,197,2464],"class_list":{"0":"post-55484","1":"post","2":"type-post","3":"status-publish","4":"format-standard","5":"has-post-thumbnail","7":"category-haberler","8":"tag-2026-ramazan","9":"tag-iftar","10":"tag-iftar-cadiri","11":"tag-iftarlik","12":"tag-iyilik-sofrasi","13":"tag-kocatepe-camii","14":"tag-ramazan-2026"},"yoast_head":"<!-- This site is optimized with the Yoast SEO plugin v27.5 - https:\/\/yoast.com\/product\/yoast-seo-wordpress\/ -->\n<title>TDV, Kocatepe Camisi&#039;nde 2 bin ki\u015filik iftar sofras\u0131 kuruyor<\/title>\n<meta name=\"description\" content=\"T\u00fcrkiye\u202fDiyanet\u202fVakf\u0131 (TDV), ramazan ay\u0131 dolay\u0131s\u0131yla Ankara&#039;daki Kocatepe Camisi&#039;nde iftar i\u00e7in her g\u00fcn 2 bin ki\u015filik\u00a0iyilik\u00a0sofras\u0131 kuruyor.\u00a0\" \/>\n<meta name=\"robots\" content=\"index, follow, max-snippet:-1, max-image-preview:large, max-video-preview:-1\" \/>\n<link rel=\"canonical\" href=\"https:\/\/tdv.org\/tr-TR\/tdv-kocatepe-camisinde-2-bin-kisilik-iftar-sofrasi-kuruyor\/\" \/>\n<meta property=\"og:locale\" content=\"tr_TR\" \/>\n<meta property=\"og:type\" content=\"article\" \/>\n<meta property=\"og:title\" content=\"TDV, Kocatepe Camisi&#039;nde 2 bin ki\u015filik iftar sofras\u0131 kuruyor\" \/>\n<meta property=\"og:description\" content=\"T\u00fcrkiye\u202fDiyanet\u202fVakf\u0131 (TDV), ramazan ay\u0131 dolay\u0131s\u0131yla Ankara&#039;daki Kocatepe Camisi&#039;nde iftar i\u00e7in her g\u00fcn 2 bin ki\u015filik\u00a0iyilik\u00a0sofras\u0131 kuruyor.\u00a0\" \/>\n<meta property=\"og:url\" content=\"https:\/\/tdv.org\/tr-TR\/tdv-kocatepe-camisinde-2-bin-kisilik-iftar-sofrasi-kuruyor\/\" \/>\n<meta property=\"og:site_name\" content=\"T\u00fcrkiye Diyanet Vakf\u0131 Resmi Web Sitesi\" \/>\n<meta property=\"article:publisher\" content=\"https:\/\/www.facebook.com\/Diyanetvakfi\/\" \/>\n<meta property=\"article:published_time\" content=\"2026-02-28T12:37:10+00:00\" \/>\n<meta property=\"og:image\" content=\"https:\/\/tdv.org\/tr-TR\/wp-content\/uploads\/2026\/02\/tdv-kocatepe-camisinde-2-bin-kisilik-iftar-sofrasi-kuruyor-4.jpg\" \/>\n\t<meta property=\"og:image:width\" content=\"1152\" \/>\n\t<meta property=\"og:image:height\" content=\"768\" \/>\n\t<meta property=\"og:image:type\" content=\"image\/jpeg\" \/>\n<meta name=\"author\" content=\"Selim\" \/>\n<meta name=\"twitter:card\" content=\"summary_large_image\" \/>\n<meta name=\"twitter:creator\" content=\"@DiyanetVakfi\" \/>\n<meta name=\"twitter:site\" content=\"@DiyanetVakfi\" \/>\n<script type=\"application\/ld+json\" class=\"yoast-schema-graph\">{\"@context\":\"https:\\\/\\\/schema.org\",\"@graph\":[{\"@type\":\"Article\",\"@id\":\"https:\\\/\\\/tdv.org\\\/tr-TR\\\/tdv-kocatepe-camisinde-2-bin-kisilik-iftar-sofrasi-kuruyor\\\/#article\",\"isPartOf\":{\"@id\":\"https:\\\/\\\/tdv.org\\\/tr-TR\\\/tdv-kocatepe-camisinde-2-bin-kisilik-iftar-sofrasi-kuruyor\\\/\"},\"author\":{\"name\":\"Selim\",\"@id\":\"https:\\\/\\\/tdv.org\\\/tr-TR\\\/#\\\/schema\\\/person\\\/752b55e264a99273d55636516d96d5eb\"},\"headline\":\"TDV, Kocatepe Camisi&#8217;nde 2 bin ki\u015filik iftar sofras\u0131 kuruyor\",\"datePublished\":\"2026-02-28T12:37:10+00:00\",\"mainEntityOfPage\":{\"@id\":\"https:\\\/\\\/tdv.org\\\/tr-TR\\\/tdv-kocatepe-camisinde-2-bin-kisilik-iftar-sofrasi-kuruyor\\\/\"},\"wordCount\":101,\"publisher\":{\"@id\":\"https:\\\/\\\/tdv.org\\\/tr-TR\\\/#organization\"},\"image\":{\"@id\":\"https:\\\/\\\/tdv.org\\\/tr-TR\\\/tdv-kocatepe-camisinde-2-bin-kisilik-iftar-sofrasi-kuruyor\\\/#primaryimage\"},\"thumbnailUrl\":\"https:\\\/\\\/tdv.org\\\/tr-TR\\\/wp-content\\\/uploads\\\/2026\\\/02\\\/tdv-kocatepe-camisinde-2-bin-kisilik-iftar-sofrasi-kuruyor-4.jpg\",\"keywords\":[\"2026 Ramazan\",\"iftar\",\"iftar \u00e7ad\u0131r\u0131\",\"iftarl\u0131k\",\"iyilik sofras\u0131\",\"Kocatepe Camii\",\"ramazan 2026\"],\"articleSection\":[\"Haberler\"],\"inLanguage\":\"tr\"},{\"@type\":\"WebPage\",\"@id\":\"https:\\\/\\\/tdv.org\\\/tr-TR\\\/tdv-kocatepe-camisinde-2-bin-kisilik-iftar-sofrasi-kuruyor\\\/\",\"url\":\"https:\\\/\\\/tdv.org\\\/tr-TR\\\/tdv-kocatepe-camisinde-2-bin-kisilik-iftar-sofrasi-kuruyor\\\/\",\"name\":\"TDV, Kocatepe Camisi'nde 2 bin ki\u015filik iftar sofras\u0131 kuruyor\",\"isPartOf\":{\"@id\":\"https:\\\/\\\/tdv.org\\\/tr-TR\\\/#website\"},\"primaryImageOfPage\":{\"@id\":\"https:\\\/\\\/tdv.org\\\/tr-TR\\\/tdv-kocatepe-camisinde-2-bin-kisilik-iftar-sofrasi-kuruyor\\\/#primaryimage\"},\"image\":{\"@id\":\"https:\\\/\\\/tdv.org\\\/tr-TR\\\/tdv-kocatepe-camisinde-2-bin-kisilik-iftar-sofrasi-kuruyor\\\/#primaryimage\"},\"thumbnailUrl\":\"https:\\\/\\\/tdv.org\\\/tr-TR\\\/wp-content\\\/uploads\\\/2026\\\/02\\\/tdv-kocatepe-camisinde-2-bin-kisilik-iftar-sofrasi-kuruyor-4.jpg\",\"datePublished\":\"2026-02-28T12:37:10+00:00\",\"description\":\"T\u00fcrkiye\u202fDiyanet\u202fVakf\u0131 (TDV), ramazan ay\u0131 dolay\u0131s\u0131yla Ankara'daki Kocatepe Camisi'nde iftar i\u00e7in her g\u00fcn 2 bin ki\u015filik\u00a0iyilik\u00a0sofras\u0131 kuruyor.\u00a0\",\"breadcrumb\":{\"@id\":\"https:\\\/\\\/tdv.org\\\/tr-TR\\\/tdv-kocatepe-camisinde-2-bin-kisilik-iftar-sofrasi-kuruyor\\\/#breadcrumb\"},\"inLanguage\":\"tr\",\"potentialAction\":[{\"@type\":\"ReadAction\",\"target\":[\"https:\\\/\\\/tdv.org\\\/tr-TR\\\/tdv-kocatepe-camisinde-2-bin-kisilik-iftar-sofrasi-kuruyor\\\/\"]}]},{\"@type\":\"ImageObject\",\"inLanguage\":\"tr\",\"@id\":\"https:\\\/\\\/tdv.org\\\/tr-TR\\\/tdv-kocatepe-camisinde-2-bin-kisilik-iftar-sofrasi-kuruyor\\\/#primaryimage\",\"url\":\"https:\\\/\\\/tdv.org\\\/tr-TR\\\/wp-content\\\/uploads\\\/2026\\\/02\\\/tdv-kocatepe-camisinde-2-bin-kisilik-iftar-sofrasi-kuruyor-4.jpg\",\"contentUrl\":\"https:\\\/\\\/tdv.org\\\/tr-TR\\\/wp-content\\\/uploads\\\/2026\\\/02\\\/tdv-kocatepe-camisinde-2-bin-kisilik-iftar-sofrasi-kuruyor-4.jpg\",\"width\":1152,\"height\":768},{\"@type\":\"BreadcrumbList\",\"@id\":\"https:\\\/\\\/tdv.org\\\/tr-TR\\\/tdv-kocatepe-camisinde-2-bin-kisilik-iftar-sofrasi-kuruyor\\\/#breadcrumb\",\"itemListElement\":[{\"@type\":\"ListItem\",\"position\":1,\"name\":\"Anasayfa\",\"item\":\"https:\\\/\\\/tdv.org\\\/tr-TR\\\/\"},{\"@type\":\"ListItem\",\"position\":2,\"name\":\"TDV, Kocatepe Camisi&#8217;nde 2 bin ki\u015filik iftar sofras\u0131 kuruyor\"}]},{\"@type\":\"WebSite\",\"@id\":\"https:\\\/\\\/tdv.org\\\/tr-TR\\\/#website\",\"url\":\"https:\\\/\\\/tdv.org\\\/tr-TR\\\/\",\"name\":\"T\u00fcrkiye Diyanet Vakf\u0131 Resmi Web Sitesi\",\"description\":\"Yery\u00fcz\u00fcnde iyilik egemen oluncaya kadar\",\"publisher\":{\"@id\":\"https:\\\/\\\/tdv.org\\\/tr-TR\\\/#organization\"},\"alternateName\":\"T\u00fcrkiye Diyanet Vakf\u0131\",\"potentialAction\":[{\"@type\":\"SearchAction\",\"target\":{\"@type\":\"EntryPoint\",\"urlTemplate\":\"https:\\\/\\\/tdv.org\\\/tr-TR\\\/?s={search_term_string}\"},\"query-input\":{\"@type\":\"PropertyValueSpecification\",\"valueRequired\":true,\"valueName\":\"search_term_string\"}}],\"inLanguage\":\"tr\"},{\"@type\":\"Organization\",\"@id\":\"https:\\\/\\\/tdv.org\\\/tr-TR\\\/#organization\",\"name\":\"T\u00fcrkiye Diyanet Vakf\u0131\",\"alternateName\":\"T\u00fcrkiye Diyanet Vakf\u0131\",\"url\":\"https:\\\/\\\/tdv.org\\\/tr-TR\\\/\",\"logo\":{\"@type\":\"ImageObject\",\"inLanguage\":\"tr\",\"@id\":\"https:\\\/\\\/tdv.org\\\/tr-TR\\\/#\\\/schema\\\/logo\\\/image\\\/\",\"url\":\"https:\\\/\\\/tdv.org\\\/tr-TR\\\/wp-content\\\/uploads\\\/2018\\\/12\\\/TDV_Logo_1.png\",\"contentUrl\":\"https:\\\/\\\/tdv.org\\\/tr-TR\\\/wp-content\\\/uploads\\\/2018\\\/12\\\/TDV_Logo_1.png\",\"width\":207,\"height\":71,\"caption\":\"T\u00fcrkiye Diyanet Vakf\u0131\"},\"image\":{\"@id\":\"https:\\\/\\\/tdv.org\\\/tr-TR\\\/#\\\/schema\\\/logo\\\/image\\\/\"},\"sameAs\":[\"https:\\\/\\\/www.facebook.com\\\/Diyanetvakfi\\\/\",\"https:\\\/\\\/x.com\\\/DiyanetVakfi\",\"https:\\\/\\\/www.instagram.com\\\/turkiyediyanetvakfi\\\/\",\"https:\\\/\\\/www.youtube.com\\\/user\\\/TurkiyeDiyanetVakfi\"]},{\"@type\":\"Person\",\"@id\":\"https:\\\/\\\/tdv.org\\\/tr-TR\\\/#\\\/schema\\\/person\\\/752b55e264a99273d55636516d96d5eb\",\"name\":\"Selim\",\"image\":{\"@type\":\"ImageObject\",\"inLanguage\":\"tr\",\"@id\":\"https:\\\/\\\/tdv.org\\\/tr-TR\\\/wp-content\\\/litespeed\\\/avatar\\\/a1e47b25396e98e5b781e88a5396cd96.jpg?ver=1777287391\",\"url\":\"https:\\\/\\\/tdv.org\\\/tr-TR\\\/wp-content\\\/litespeed\\\/avatar\\\/a1e47b25396e98e5b781e88a5396cd96.jpg?ver=1777287391\",\"contentUrl\":\"https:\\\/\\\/tdv.org\\\/tr-TR\\\/wp-content\\\/litespeed\\\/avatar\\\/a1e47b25396e98e5b781e88a5396cd96.jpg?ver=1777287391\",\"caption\":\"Selim\"}}]}<\/script>\n<!-- \/ Yoast SEO plugin. -->","yoast_head_json":{"title":"TDV, Kocatepe Camisi'nde 2 bin ki\u015filik iftar sofras\u0131 kuruyor","description":"T\u00fcrkiye\u202fDiyanet\u202fVakf\u0131 (TDV), ramazan ay\u0131 dolay\u0131s\u0131yla Ankara'daki Kocatepe Camisi'nde iftar i\u00e7in her g\u00fcn 2 bin ki\u015filik\u00a0iyilik\u00a0sofras\u0131 kuruyor.\u00a0","robots":{"index":"index","follow":"follow","max-snippet":"max-snippet:-1","max-image-preview":"max-image-preview:large","max-video-preview":"max-video-preview:-1"},"canonical":"https:\/\/tdv.org\/tr-TR\/tdv-kocatepe-camisinde-2-bin-kisilik-iftar-sofrasi-kuruyor\/","og_locale":"tr_TR","og_type":"article","og_title":"TDV, Kocatepe Camisi'nde 2 bin ki\u015filik iftar sofras\u0131 kuruyor","og_description":"T\u00fcrkiye\u202fDiyanet\u202fVakf\u0131 (TDV), ramazan ay\u0131 dolay\u0131s\u0131yla Ankara'daki Kocatepe Camisi'nde iftar i\u00e7in her g\u00fcn 2 bin ki\u015filik\u00a0iyilik\u00a0sofras\u0131 kuruyor.\u00a0","og_url":"https:\/\/tdv.org\/tr-TR\/tdv-kocatepe-camisinde-2-bin-kisilik-iftar-sofrasi-kuruyor\/","og_site_name":"T\u00fcrkiye Diyanet Vakf\u0131 Resmi Web Sitesi","article_publisher":"https:\/\/www.facebook.com\/Diyanetvakfi\/","article_published_time":"2026-02-28T12:37:10+00:00","og_image":[{"width":1152,"height":768,"url":"https:\/\/tdv.org\/tr-TR\/wp-content\/uploads\/2026\/02\/tdv-kocatepe-camisinde-2-bin-kisilik-iftar-sofrasi-kuruyor-4.jpg","type":"image\/jpeg"}],"author":"Selim","twitter_card":"summary_large_image","twitter_creator":"@DiyanetVakfi","twitter_site":"@DiyanetVakfi","schema":{"@context":"https:\/\/schema.org","@graph":[{"@type":"Article","@id":"https:\/\/tdv.org\/tr-TR\/tdv-kocatepe-camisinde-2-bin-kisilik-iftar-sofrasi-kuruyor\/#article","isPartOf":{"@id":"https:\/\/tdv.org\/tr-TR\/tdv-kocatepe-camisinde-2-bin-kisilik-iftar-sofrasi-kuruyor\/"},"author":{"name":"Selim","@id":"https:\/\/tdv.org\/tr-TR\/#\/schema\/person\/752b55e264a99273d55636516d96d5eb"},"headline":"TDV, Kocatepe Camisi&#8217;nde 2 bin ki\u015filik iftar sofras\u0131 kuruyor","datePublished":"2026-02-28T12:37:10+00:00","mainEntityOfPage":{"@id":"https:\/\/tdv.org\/tr-TR\/tdv-kocatepe-camisinde-2-bin-kisilik-iftar-sofrasi-kuruyor\/"},"wordCount":101,"publisher":{"@id":"https:\/\/tdv.org\/tr-TR\/#organization"},"image":{"@id":"https:\/\/tdv.org\/tr-TR\/tdv-kocatepe-camisinde-2-bin-kisilik-iftar-sofrasi-kuruyor\/#primaryimage"},"thumbnailUrl":"https:\/\/tdv.org\/tr-TR\/wp-content\/uploads\/2026\/02\/tdv-kocatepe-camisinde-2-bin-kisilik-iftar-sofrasi-kuruyor-4.jpg","keywords":["2026 Ramazan","iftar","iftar \u00e7ad\u0131r\u0131","iftarl\u0131k","iyilik sofras\u0131","Kocatepe Camii","ramazan 2026"],"articleSection":["Haberler"],"inLanguage":"tr"},{"@type":"WebPage","@id":"https:\/\/tdv.org\/tr-TR\/tdv-kocatepe-camisinde-2-bin-kisilik-iftar-sofrasi-kuruyor\/","url":"https:\/\/tdv.org\/tr-TR\/tdv-kocatepe-camisinde-2-bin-kisilik-iftar-sofrasi-kuruyor\/","name":"TDV, Kocatepe Camisi'nde 2 bin ki\u015filik iftar sofras\u0131 kuruyor","isPartOf":{"@id":"https:\/\/tdv.org\/tr-TR\/#website"},"primaryImageOfPage":{"@id":"https:\/\/tdv.org\/tr-TR\/tdv-kocatepe-camisinde-2-bin-kisilik-iftar-sofrasi-kuruyor\/#primaryimage"},"image":{"@id":"https:\/\/tdv.org\/tr-TR\/tdv-kocatepe-camisinde-2-bin-kisilik-iftar-sofrasi-kuruyor\/#primaryimage"},"thumbnailUrl":"https:\/\/tdv.org\/tr-TR\/wp-content\/uploads\/2026\/02\/tdv-kocatepe-camisinde-2-bin-kisilik-iftar-sofrasi-kuruyor-4.jpg","datePublished":"2026-02-28T12:37:10+00:00","description":"T\u00fcrkiye\u202fDiyanet\u202fVakf\u0131 (TDV), ramazan ay\u0131 dolay\u0131s\u0131yla Ankara'daki Kocatepe Camisi'nde iftar i\u00e7in her g\u00fcn 2 bin ki\u015filik\u00a0iyilik\u00a0sofras\u0131 kuruyor.\u00a0","breadcrumb":{"@id":"https:\/\/tdv.org\/tr-TR\/tdv-kocatepe-camisinde-2-bin-kisilik-iftar-sofrasi-kuruyor\/#breadcrumb"},"inLanguage":"tr","potentialAction":[{"@type":"ReadAction","target":["https:\/\/tdv.org\/tr-TR\/tdv-kocatepe-camisinde-2-bin-kisilik-iftar-sofrasi-kuruyor\/"]}]},{"@type":"ImageObject","inLanguage":"tr","@id":"https:\/\/tdv.org\/tr-TR\/tdv-kocatepe-camisinde-2-bin-kisilik-iftar-sofrasi-kuruyor\/#primaryimage","url":"https:\/\/tdv.org\/tr-TR\/wp-content\/uploads\/2026\/02\/tdv-kocatepe-camisinde-2-bin-kisilik-iftar-sofrasi-kuruyor-4.jpg","contentUrl":"https:\/\/tdv.org\/tr-TR\/wp-content\/uploads\/2026\/02\/tdv-kocatepe-camisinde-2-bin-kisilik-iftar-sofrasi-kuruyor-4.jpg","width":1152,"height":768},{"@type":"BreadcrumbList","@id":"https:\/\/tdv.org\/tr-TR\/tdv-kocatepe-camisinde-2-bin-kisilik-iftar-sofrasi-kuruyor\/#breadcrumb","itemListElement":[{"@type":"ListItem","position":1,"name":"Anasayfa","item":"https:\/\/tdv.org\/tr-TR\/"},{"@type":"ListItem","position":2,"name":"TDV, Kocatepe Camisi&#8217;nde 2 bin ki\u015filik iftar sofras\u0131 kuruyor"}]},{"@type":"WebSite","@id":"https:\/\/tdv.org\/tr-TR\/#website","url":"https:\/\/tdv.org\/tr-TR\/","name":"T\u00fcrkiye Diyanet Vakf\u0131 Resmi Web Sitesi","description":"Yery\u00fcz\u00fcnde iyilik egemen oluncaya kadar","publisher":{"@id":"https:\/\/tdv.org\/tr-TR\/#organization"},"alternateName":"T\u00fcrkiye Diyanet Vakf\u0131","potentialAction":[{"@type":"SearchAction","target":{"@type":"EntryPoint","urlTemplate":"https:\/\/tdv.org\/tr-TR\/?s={search_term_string}"},"query-input":{"@type":"PropertyValueSpecification","valueRequired":true,"valueName":"search_term_string"}}],"inLanguage":"tr"},{"@type":"Organization","@id":"https:\/\/tdv.org\/tr-TR\/#organization","name":"T\u00fcrkiye Diyanet Vakf\u0131","alternateName":"T\u00fcrkiye Diyanet Vakf\u0131","url":"https:\/\/tdv.org\/tr-TR\/","logo":{"@type":"ImageObject","inLanguage":"tr","@id":"https:\/\/tdv.org\/tr-TR\/#\/schema\/logo\/image\/","url":"https:\/\/tdv.org\/tr-TR\/wp-content\/uploads\/2018\/12\/TDV_Logo_1.png","contentUrl":"https:\/\/tdv.org\/tr-TR\/wp-content\/uploads\/2018\/12\/TDV_Logo_1.png","width":207,"height":71,"caption":"T\u00fcrkiye Diyanet Vakf\u0131"},"image":{"@id":"https:\/\/tdv.org\/tr-TR\/#\/schema\/logo\/image\/"},"sameAs":["https:\/\/www.facebook.com\/Diyanetvakfi\/","https:\/\/x.com\/DiyanetVakfi","https:\/\/www.instagram.com\/turkiyediyanetvakfi\/","https:\/\/www.youtube.com\/user\/TurkiyeDiyanetVakfi"]},{"@type":"Person","@id":"https:\/\/tdv.org\/tr-TR\/#\/schema\/person\/752b55e264a99273d55636516d96d5eb","name":"Selim","image":{"@type":"ImageObject","inLanguage":"tr","@id":"https:\/\/tdv.org\/tr-TR\/wp-content\/litespeed\/avatar\/a1e47b25396e98e5b781e88a5396cd96.jpg?ver=1777287391","url":"https:\/\/tdv.org\/tr-TR\/wp-content\/litespeed\/avatar\/a1e47b25396e98e5b781e88a5396cd96.jpg?ver=1777287391","contentUrl":"https:\/\/tdv.org\/tr-TR\/wp-content\/litespeed\/avatar\/a1e47b25396e98e5b781e88a5396cd96.jpg?ver=1777287391","caption":"Selim"}}]}},"_links":{"self":[{"href":"https:\/\/tdv.org\/tr-TR\/wp-json\/wp\/v2\/posts\/55484","targetHints":{"allow":["GET"]}}],"collection":[{"href":"https:\/\/tdv.org\/tr-TR\/wp-json\/wp\/v2\/posts"}],"about":[{"href":"https:\/\/tdv.org\/tr-TR\/wp-json\/wp\/v2\/types\/post"}],"author":[{"embeddable":true,"href":"https:\/\/tdv.org\/tr-TR\/wp-json\/wp\/v2\/users\/8"}],"replies":[{"embeddable":true,"href":"https:\/\/tdv.org\/tr-TR\/wp-json\/wp\/v2\/comments?post=55484"}],"version-history":[{"count":1,"href":"https:\/\/tdv.org\/tr-TR\/wp-json\/wp\/v2\/posts\/55484\/revisions"}],"predecessor-version":[{"id":55490,"href":"https:\/\/tdv.org\/tr-TR\/wp-json\/wp\/v2\/posts\/55484\/revisions\/55490"}],"wp:featuredmedia":[{"embeddable":true,"href":"https:\/\/tdv.org\/tr-TR\/wp-json\/wp\/v2\/media\/55486"}],"wp:attachment":[{"href":"https:\/\/tdv.org\/tr-TR\/wp-json\/wp\/v2\/media?parent=55484"}],"wp:term":[{"taxonomy":"category","embeddable":true,"href":"https:\/\/tdv.org\/tr-TR\/wp-json\/wp\/v2\/categories?post=55484"},{"taxonomy":"post_tag","embeddable":true,"href":"https:\/\/tdv.org\/tr-TR\/wp-json\/wp\/v2\/tags?post=55484"}],"curies":[{"name":"wp","href":"https:\/\/api.w.org\/{rel}","templated":true}]}}