{"id":55885,"date":"2026-03-04T10:27:43","date_gmt":"2026-03-04T07:27:43","guid":{"rendered":"https:\/\/tdv.org\/tr-TR\/?p=55885"},"modified":"2026-03-04T10:27:43","modified_gmt":"2026-03-04T07:27:43","slug":"turkiye-diyanet-vakfi-kirgizistanda-genis-katilimli-iftar-programi-duzenledi","status":"publish","type":"post","link":"https:\/\/tdv.org\/tr-TR\/turkiye-diyanet-vakfi-kirgizistanda-genis-katilimli-iftar-programi-duzenledi\/","title":{"rendered":"T\u00fcrkiye Diyanet Vakf\u0131 K\u0131rg\u0131zistan&#8217;da geni\u015f kat\u0131l\u0131ml\u0131 iftar program\u0131 d\u00fczenledi"},"content":{"rendered":"<p style=\"text-align: justify;\"><a href=\"https:\/\/tdv.org\/tr-TR\/\" target=\"_blank\" rel=\"noopener\">T\u00fcrkiye\u00a0Diyanet\u00a0Vakf\u0131\u00a0(TDV),<\/a> <a href=\"https:\/\/bagis.tdv.org\/#ramazan\" target=\"_blank\" rel=\"noopener\">Ramazan<\/a> ay\u0131 dolay\u0131s\u0131yla K\u0131rg\u0131zistan&#8217;\u0131n ba\u015fkenti Bi\u015fkek&#8217;teki Merkez \u0130mam Serahsi Camisi&#8217;nde geni\u015f kat\u0131l\u0131ml\u0131 <a href=\"https:\/\/bagis.tdv.org\/ramazan\/iftar-112\" target=\"_blank\" rel=\"noopener\">iftar <\/a>program\u0131 d\u00fczenledi.<\/p>\n<p style=\"text-align: justify;\">T\u00fcrkiye\u2019nin Bi\u015fkek B\u00fcy\u00fckel\u00e7ili\u011fi Din Hizmetleri M\u00fc\u015favirli\u011fi organizasyonu ve TDV\u2019nin deste\u011fiyle ger\u00e7ekle\u015ftirilen program, y\u00fczlerce ki\u015fiyi ayn\u0131 sofrada bulu\u015fturdu.<\/p>\n<p style=\"text-align: justify;\"><a href=\"https:\/\/bagis.tdv.org\/ramazan\/iftar-112\" target=\"_blank\" rel=\"noopener\">\u0130ftar<\/a>a, T\u00fcrkiye\u2019nin Bi\u015fkek B\u00fcy\u00fckel\u00e7isi Dr. Mekin Mustafa Kemal \u00d6kem, Din Hizmetleri M\u00fc\u015faviri Salih Sezik, K\u0131rg\u0131zistan M\u00fcft\u00fcs\u00fc Abdulaziz Zakirov, m\u00fcft\u00fcl\u00fck yetkilileri, T\u00fcrk Devletleri Te\u015fkilat\u0131 (TDT) temsilcileri, T\u00fcrk din g\u00f6revlileri, g\u00f6n\u00fcll\u00fc \u00f6\u011frenciler ve \u00e7ok say\u0131da vatanda\u015f kat\u0131ld\u0131.<\/p>\n<p style=\"text-align: justify;\">Kat\u0131l\u0131mc\u0131lar etli pilav, salata, meyve ve ekmekten olu\u015fan <a href=\"https:\/\/bagis.tdv.org\/ramazan\/iftar-112\" target=\"_blank\" rel=\"noopener\">iftar <\/a>men\u00fcs\u00fc e\u015fli\u011finde, dualarla oru\u00e7lar\u0131n\u0131 a\u00e7arak <a href=\"https:\/\/bagis.tdv.org\/#ramazan\" target=\"_blank\" rel=\"noopener\">ramazan<\/a> bereketini payla\u015ft\u0131.<\/p>\n<p style=\"text-align: justify;\">Program\u0131n sonunda K\u0131rg\u0131zistan M\u00fcft\u00fcs\u00fc Zakirov taraf\u0131ndan dua edildi.<\/p>\n<p style=\"text-align: justify;\"><strong>\u00a0&#8220;Manevi co\u015fku i\u00e7indeyiz&#8221;<\/strong><\/p>\n<p style=\"text-align: justify;\">Din g\u00f6revlisi Muhammer K\u0131l\u0131\u00e7, <a href=\"https:\/\/bagis.tdv.org\/#ramazan\" target=\"_blank\" rel=\"noopener\">Ramazan<\/a> ay\u0131 boyunca \u00e7ocuklarla birlikte ger\u00e7ekle\u015ftirilen mukabele ve <a href=\"https:\/\/bagis.tdv.org\/kuran\/hediyem-kur-an-olsun-13\" target=\"_blank\" rel=\"noopener\">Kur&#8217;an-\u0131 Kerim<\/a> tilaveti etkinlikleri sayesinde, bu m\u00fcbarek ay\u0131n b\u00fcy\u00fck bir co\u015fku ve manevi iklim i\u00e7erisinde ge\u00e7ti\u011fini belirtti.<\/p>\n<p style=\"text-align: justify;\">Diyanet\u00a0\u0130\u015fleri Ba\u015fkanl\u0131\u011f\u0131 ve T\u00fcrkiye\u00a0Diyanet\u00a0Vakf\u0131\u00a0taraf\u0131ndan K\u0131rg\u0131zistan\u2019\u0131n ba\u015fkenti Bi\u015fkek&#8217;te yapt\u0131r\u0131lan Merkez \u0130mam Serahsi Camisi Cumhurba\u015fkan\u0131 Recep Tayyip Erdo\u011fan&#8217;\u0131n kat\u0131l\u0131m\u0131yla 2 Eyl\u00fcl 2018&#8217;de a\u00e7\u0131lm\u0131\u015ft\u0131.<\/p>\n<div id=\"attachment_55886\" style=\"width: 310px\" class=\"wp-caption alignnone\"><img decoding=\"async\" aria-describedby=\"caption-attachment-55886\" class=\"size-medium wp-image-55886\" src=\"https:\/\/tdv.org\/tr-TR\/wp-content\/uploads\/2026\/03\/turkiye-diyanet-vakfi-kirgizistan-da-genis-katilimli-iftar-programi-duzenledi-1-300x200.jpg\" alt=\"\" width=\"300\" height=\"200\" srcset=\"https:\/\/tdv.org\/tr-TR\/wp-content\/uploads\/2026\/03\/turkiye-diyanet-vakfi-kirgizistan-da-genis-katilimli-iftar-programi-duzenledi-1-300x200.jpg 300w, https:\/\/tdv.org\/tr-TR\/wp-content\/uploads\/2026\/03\/turkiye-diyanet-vakfi-kirgizistan-da-genis-katilimli-iftar-programi-duzenledi-1-1024x683.jpg 1024w, https:\/\/tdv.org\/tr-TR\/wp-content\/uploads\/2026\/03\/turkiye-diyanet-vakfi-kirgizistan-da-genis-katilimli-iftar-programi-duzenledi-1-768x512.jpg 768w, https:\/\/tdv.org\/tr-TR\/wp-content\/uploads\/2026\/03\/turkiye-diyanet-vakfi-kirgizistan-da-genis-katilimli-iftar-programi-duzenledi-1-900x600.jpg 900w, https:\/\/tdv.org\/tr-TR\/wp-content\/uploads\/2026\/03\/turkiye-diyanet-vakfi-kirgizistan-da-genis-katilimli-iftar-programi-duzenledi-1.jpg 1152w\" sizes=\"(max-width: 300px) 100vw, 300px\" \/><p id=\"caption-attachment-55886\" class=\"wp-caption-text\">T\u00fcrkiye Diyanet Vakf\u0131 K\u0131rg\u0131zistan&#8217;da geni\u015f kat\u0131l\u0131ml\u0131 iftar program\u0131 d\u00fczenledi,k\u0131rg\u0131z\u0131stan,iftar,<\/p><\/div>\n<div id=\"attachment_55887\" style=\"width: 310px\" class=\"wp-caption alignnone\"><img decoding=\"async\" aria-describedby=\"caption-attachment-55887\" class=\"size-medium wp-image-55887\" src=\"https:\/\/tdv.org\/tr-TR\/wp-content\/uploads\/2026\/03\/turkiye-diyanet-vakfi-kirgizistan-da-genis-katilimli-iftar-programi-duzenledi-2-300x200.jpg\" alt=\"\" width=\"300\" height=\"200\" srcset=\"https:\/\/tdv.org\/tr-TR\/wp-content\/uploads\/2026\/03\/turkiye-diyanet-vakfi-kirgizistan-da-genis-katilimli-iftar-programi-duzenledi-2-300x200.jpg 300w, https:\/\/tdv.org\/tr-TR\/wp-content\/uploads\/2026\/03\/turkiye-diyanet-vakfi-kirgizistan-da-genis-katilimli-iftar-programi-duzenledi-2-1024x683.jpg 1024w, https:\/\/tdv.org\/tr-TR\/wp-content\/uploads\/2026\/03\/turkiye-diyanet-vakfi-kirgizistan-da-genis-katilimli-iftar-programi-duzenledi-2-768x512.jpg 768w, https:\/\/tdv.org\/tr-TR\/wp-content\/uploads\/2026\/03\/turkiye-diyanet-vakfi-kirgizistan-da-genis-katilimli-iftar-programi-duzenledi-2-900x600.jpg 900w, https:\/\/tdv.org\/tr-TR\/wp-content\/uploads\/2026\/03\/turkiye-diyanet-vakfi-kirgizistan-da-genis-katilimli-iftar-programi-duzenledi-2.jpg 1152w\" sizes=\"(max-width: 300px) 100vw, 300px\" \/><p id=\"caption-attachment-55887\" class=\"wp-caption-text\">T\u00fcrkiye Diyanet Vakf\u0131 K\u0131rg\u0131zistan&#8217;da geni\u015f kat\u0131l\u0131ml\u0131 iftar program\u0131 d\u00fczenledi,k\u0131rg\u0131z\u0131stan,iftar,<\/p><\/div>\n<div id=\"attachment_55888\" style=\"width: 310px\" class=\"wp-caption alignnone\"><img decoding=\"async\" aria-describedby=\"caption-attachment-55888\" class=\"size-medium wp-image-55888\" src=\"https:\/\/tdv.org\/tr-TR\/wp-content\/uploads\/2026\/03\/turkiye-diyanet-vakfi-kirgizistan-da-genis-katilimli-iftar-programi-duzenledi-3-300x200.jpg\" alt=\"\" width=\"300\" height=\"200\" srcset=\"https:\/\/tdv.org\/tr-TR\/wp-content\/uploads\/2026\/03\/turkiye-diyanet-vakfi-kirgizistan-da-genis-katilimli-iftar-programi-duzenledi-3-300x200.jpg 300w, https:\/\/tdv.org\/tr-TR\/wp-content\/uploads\/2026\/03\/turkiye-diyanet-vakfi-kirgizistan-da-genis-katilimli-iftar-programi-duzenledi-3-1024x683.jpg 1024w, https:\/\/tdv.org\/tr-TR\/wp-content\/uploads\/2026\/03\/turkiye-diyanet-vakfi-kirgizistan-da-genis-katilimli-iftar-programi-duzenledi-3-768x512.jpg 768w, https:\/\/tdv.org\/tr-TR\/wp-content\/uploads\/2026\/03\/turkiye-diyanet-vakfi-kirgizistan-da-genis-katilimli-iftar-programi-duzenledi-3-900x600.jpg 900w, https:\/\/tdv.org\/tr-TR\/wp-content\/uploads\/2026\/03\/turkiye-diyanet-vakfi-kirgizistan-da-genis-katilimli-iftar-programi-duzenledi-3.jpg 1152w\" sizes=\"(max-width: 300px) 100vw, 300px\" \/><p id=\"caption-attachment-55888\" class=\"wp-caption-text\">T\u00fcrkiye Diyanet Vakf\u0131 K\u0131rg\u0131zistan&#8217;da geni\u015f kat\u0131l\u0131ml\u0131 iftar program\u0131 d\u00fczenledi,k\u0131rg\u0131z\u0131stan,iftar,<\/p><\/div>\n<div id=\"attachment_55889\" style=\"width: 310px\" class=\"wp-caption alignnone\"><img decoding=\"async\" aria-describedby=\"caption-attachment-55889\" class=\"size-medium wp-image-55889\" src=\"https:\/\/tdv.org\/tr-TR\/wp-content\/uploads\/2026\/03\/turkiye-diyanet-vakfi-kirgizistan-da-genis-katilimli-iftar-programi-duzenledi-4-300x200.jpg\" alt=\"\" width=\"300\" height=\"200\" srcset=\"https:\/\/tdv.org\/tr-TR\/wp-content\/uploads\/2026\/03\/turkiye-diyanet-vakfi-kirgizistan-da-genis-katilimli-iftar-programi-duzenledi-4-300x200.jpg 300w, https:\/\/tdv.org\/tr-TR\/wp-content\/uploads\/2026\/03\/turkiye-diyanet-vakfi-kirgizistan-da-genis-katilimli-iftar-programi-duzenledi-4-1024x683.jpg 1024w, https:\/\/tdv.org\/tr-TR\/wp-content\/uploads\/2026\/03\/turkiye-diyanet-vakfi-kirgizistan-da-genis-katilimli-iftar-programi-duzenledi-4-768x512.jpg 768w, https:\/\/tdv.org\/tr-TR\/wp-content\/uploads\/2026\/03\/turkiye-diyanet-vakfi-kirgizistan-da-genis-katilimli-iftar-programi-duzenledi-4-900x600.jpg 900w, https:\/\/tdv.org\/tr-TR\/wp-content\/uploads\/2026\/03\/turkiye-diyanet-vakfi-kirgizistan-da-genis-katilimli-iftar-programi-duzenledi-4.jpg 1152w\" sizes=\"(max-width: 300px) 100vw, 300px\" \/><p id=\"caption-attachment-55889\" class=\"wp-caption-text\">T\u00fcrkiye Diyanet Vakf\u0131 K\u0131rg\u0131zistan&#8217;da geni\u015f kat\u0131l\u0131ml\u0131 iftar program\u0131 d\u00fczenledi,k\u0131rg\u0131z\u0131stan,iftar,<\/p><\/div>\n","protected":false},"excerpt":{"rendered":"<p>T\u00fcrkiye\u00a0Diyanet\u00a0Vakf\u0131\u00a0(TDV), Ramazan ay\u0131 dolay\u0131s\u0131yla K\u0131rg\u0131zistan&#8217;\u0131n ba\u015fkenti Bi\u015fkek&#8217;teki Merkez \u0130mam Serahsi Camisi&#8217;nde geni\u015f kat\u0131l\u0131ml\u0131 iftar program\u0131 d\u00fczenledi. T\u00fcrkiye\u2019nin Bi\u015fkek B\u00fcy\u00fckel\u00e7ili\u011fi Din Hizmetleri M\u00fc\u015favirli\u011fi organizasyonu ve TDV\u2019nin deste\u011fiyle ger\u00e7ekle\u015ftirilen program, y\u00fczlerce ki\u015fiyi&#8230;<\/p>\n","protected":false},"author":8,"featured_media":55886,"comment_status":"closed","ping_status":"closed","sticky":false,"template":"","format":"standard","meta":{"footnotes":""},"categories":[1],"tags":[2470,119,1774,2108,697,1244,1404,107,2464],"class_list":{"0":"post-55885","1":"post","2":"type-post","3":"status-publish","4":"format-standard","5":"has-post-thumbnail","7":"category-haberler","8":"tag-2026-ramazan","9":"tag-iftar","10":"tag-iftar-bulismasi","11":"tag-iftar-cadiri","12":"tag-iftar-paketi","13":"tag-iftarlik","14":"tag-kirgisiztan","15":"tag-ramazan","16":"tag-ramazan-2026"},"yoast_head":"<!-- This site is optimized with the Yoast SEO plugin v27.5 - https:\/\/yoast.com\/product\/yoast-seo-wordpress\/ -->\n<title>T\u00fcrkiye Diyanet Vakf\u0131 K\u0131rg\u0131zistan&#039;da geni\u015f kat\u0131l\u0131ml\u0131 iftar program\u0131 d\u00fczenledi<\/title>\n<meta name=\"description\" content=\"T\u00fcrkiye\u00a0Diyanet\u00a0Vakf\u0131\u00a0(TDV), Ramazan ay\u0131 dolay\u0131s\u0131yla K\u0131rg\u0131zistan&#039;\u0131n ba\u015fkenti Bi\u015fkek&#039;teki Merkez \u0130mam Serahsi Camisi&#039;nde geni\u015f kat\u0131l\u0131ml\u0131 iftar program\u0131 d\u00fczenledi.\" \/>\n<meta name=\"robots\" content=\"index, follow, max-snippet:-1, max-image-preview:large, max-video-preview:-1\" \/>\n<link rel=\"canonical\" href=\"https:\/\/tdv.org\/tr-TR\/turkiye-diyanet-vakfi-kirgizistanda-genis-katilimli-iftar-programi-duzenledi\/\" \/>\n<meta property=\"og:locale\" content=\"tr_TR\" \/>\n<meta property=\"og:type\" content=\"article\" \/>\n<meta property=\"og:title\" content=\"T\u00fcrkiye Diyanet Vakf\u0131 K\u0131rg\u0131zistan&#039;da geni\u015f kat\u0131l\u0131ml\u0131 iftar program\u0131 d\u00fczenledi\" \/>\n<meta property=\"og:description\" content=\"T\u00fcrkiye\u00a0Diyanet\u00a0Vakf\u0131\u00a0(TDV), Ramazan ay\u0131 dolay\u0131s\u0131yla K\u0131rg\u0131zistan&#039;\u0131n ba\u015fkenti Bi\u015fkek&#039;teki Merkez \u0130mam Serahsi Camisi&#039;nde geni\u015f kat\u0131l\u0131ml\u0131 iftar program\u0131 d\u00fczenledi.\" \/>\n<meta property=\"og:url\" content=\"https:\/\/tdv.org\/tr-TR\/turkiye-diyanet-vakfi-kirgizistanda-genis-katilimli-iftar-programi-duzenledi\/\" \/>\n<meta property=\"og:site_name\" content=\"T\u00fcrkiye Diyanet Vakf\u0131 Resmi Web Sitesi\" \/>\n<meta property=\"article:publisher\" content=\"https:\/\/www.facebook.com\/Diyanetvakfi\/\" \/>\n<meta property=\"article:published_time\" content=\"2026-03-04T07:27:43+00:00\" \/>\n<meta property=\"og:image\" content=\"https:\/\/tdv.org\/tr-TR\/wp-content\/uploads\/2026\/03\/turkiye-diyanet-vakfi-kirgizistan-da-genis-katilimli-iftar-programi-duzenledi-1.jpg\" \/>\n\t<meta property=\"og:image:width\" content=\"1152\" \/>\n\t<meta property=\"og:image:height\" content=\"768\" \/>\n\t<meta property=\"og:image:type\" content=\"image\/jpeg\" \/>\n<meta name=\"author\" content=\"Selim\" \/>\n<meta name=\"twitter:card\" content=\"summary_large_image\" \/>\n<meta name=\"twitter:creator\" content=\"@DiyanetVakfi\" \/>\n<meta name=\"twitter:site\" content=\"@DiyanetVakfi\" \/>\n<script type=\"application\/ld+json\" class=\"yoast-schema-graph\">{\"@context\":\"https:\\\/\\\/schema.org\",\"@graph\":[{\"@type\":\"Article\",\"@id\":\"https:\\\/\\\/tdv.org\\\/tr-TR\\\/turkiye-diyanet-vakfi-kirgizistanda-genis-katilimli-iftar-programi-duzenledi\\\/#article\",\"isPartOf\":{\"@id\":\"https:\\\/\\\/tdv.org\\\/tr-TR\\\/turkiye-diyanet-vakfi-kirgizistanda-genis-katilimli-iftar-programi-duzenledi\\\/\"},\"author\":{\"name\":\"Selim\",\"@id\":\"https:\\\/\\\/tdv.org\\\/tr-TR\\\/#\\\/schema\\\/person\\\/752b55e264a99273d55636516d96d5eb\"},\"headline\":\"T\u00fcrkiye Diyanet Vakf\u0131 K\u0131rg\u0131zistan&#8217;da geni\u015f kat\u0131l\u0131ml\u0131 iftar program\u0131 d\u00fczenledi\",\"datePublished\":\"2026-03-04T07:27:43+00:00\",\"mainEntityOfPage\":{\"@id\":\"https:\\\/\\\/tdv.org\\\/tr-TR\\\/turkiye-diyanet-vakfi-kirgizistanda-genis-katilimli-iftar-programi-duzenledi\\\/\"},\"wordCount\":383,\"publisher\":{\"@id\":\"https:\\\/\\\/tdv.org\\\/tr-TR\\\/#organization\"},\"image\":{\"@id\":\"https:\\\/\\\/tdv.org\\\/tr-TR\\\/turkiye-diyanet-vakfi-kirgizistanda-genis-katilimli-iftar-programi-duzenledi\\\/#primaryimage\"},\"thumbnailUrl\":\"https:\\\/\\\/tdv.org\\\/tr-TR\\\/wp-content\\\/uploads\\\/2026\\\/03\\\/turkiye-diyanet-vakfi-kirgizistan-da-genis-katilimli-iftar-programi-duzenledi-1.jpg\",\"keywords\":[\"2026 Ramazan\",\"iftar\",\"iftar bul\u0131\u015fmas\u0131\",\"iftar \u00e7ad\u0131r\u0131\",\"iftar paketi\",\"iftarl\u0131k\",\"K\u0131rg\u0131siztan\",\"ramazan\",\"ramazan 2026\"],\"articleSection\":[\"Haberler\"],\"inLanguage\":\"tr\"},{\"@type\":\"WebPage\",\"@id\":\"https:\\\/\\\/tdv.org\\\/tr-TR\\\/turkiye-diyanet-vakfi-kirgizistanda-genis-katilimli-iftar-programi-duzenledi\\\/\",\"url\":\"https:\\\/\\\/tdv.org\\\/tr-TR\\\/turkiye-diyanet-vakfi-kirgizistanda-genis-katilimli-iftar-programi-duzenledi\\\/\",\"name\":\"T\u00fcrkiye Diyanet Vakf\u0131 K\u0131rg\u0131zistan'da geni\u015f kat\u0131l\u0131ml\u0131 iftar program\u0131 d\u00fczenledi\",\"isPartOf\":{\"@id\":\"https:\\\/\\\/tdv.org\\\/tr-TR\\\/#website\"},\"primaryImageOfPage\":{\"@id\":\"https:\\\/\\\/tdv.org\\\/tr-TR\\\/turkiye-diyanet-vakfi-kirgizistanda-genis-katilimli-iftar-programi-duzenledi\\\/#primaryimage\"},\"image\":{\"@id\":\"https:\\\/\\\/tdv.org\\\/tr-TR\\\/turkiye-diyanet-vakfi-kirgizistanda-genis-katilimli-iftar-programi-duzenledi\\\/#primaryimage\"},\"thumbnailUrl\":\"https:\\\/\\\/tdv.org\\\/tr-TR\\\/wp-content\\\/uploads\\\/2026\\\/03\\\/turkiye-diyanet-vakfi-kirgizistan-da-genis-katilimli-iftar-programi-duzenledi-1.jpg\",\"datePublished\":\"2026-03-04T07:27:43+00:00\",\"description\":\"T\u00fcrkiye\u00a0Diyanet\u00a0Vakf\u0131\u00a0(TDV), Ramazan ay\u0131 dolay\u0131s\u0131yla K\u0131rg\u0131zistan'\u0131n ba\u015fkenti Bi\u015fkek'teki Merkez \u0130mam Serahsi Camisi'nde geni\u015f kat\u0131l\u0131ml\u0131 iftar program\u0131 d\u00fczenledi.\",\"breadcrumb\":{\"@id\":\"https:\\\/\\\/tdv.org\\\/tr-TR\\\/turkiye-diyanet-vakfi-kirgizistanda-genis-katilimli-iftar-programi-duzenledi\\\/#breadcrumb\"},\"inLanguage\":\"tr\",\"potentialAction\":[{\"@type\":\"ReadAction\",\"target\":[\"https:\\\/\\\/tdv.org\\\/tr-TR\\\/turkiye-diyanet-vakfi-kirgizistanda-genis-katilimli-iftar-programi-duzenledi\\\/\"]}]},{\"@type\":\"ImageObject\",\"inLanguage\":\"tr\",\"@id\":\"https:\\\/\\\/tdv.org\\\/tr-TR\\\/turkiye-diyanet-vakfi-kirgizistanda-genis-katilimli-iftar-programi-duzenledi\\\/#primaryimage\",\"url\":\"https:\\\/\\\/tdv.org\\\/tr-TR\\\/wp-content\\\/uploads\\\/2026\\\/03\\\/turkiye-diyanet-vakfi-kirgizistan-da-genis-katilimli-iftar-programi-duzenledi-1.jpg\",\"contentUrl\":\"https:\\\/\\\/tdv.org\\\/tr-TR\\\/wp-content\\\/uploads\\\/2026\\\/03\\\/turkiye-diyanet-vakfi-kirgizistan-da-genis-katilimli-iftar-programi-duzenledi-1.jpg\",\"width\":1152,\"height\":768,\"caption\":\"T\u00fcrkiye Diyanet Vakf\u0131 K\u0131rg\u0131zistan'da geni\u015f kat\u0131l\u0131ml\u0131 iftar program\u0131 d\u00fczenledi,k\u0131rg\u0131z\u0131stan,iftar,\"},{\"@type\":\"BreadcrumbList\",\"@id\":\"https:\\\/\\\/tdv.org\\\/tr-TR\\\/turkiye-diyanet-vakfi-kirgizistanda-genis-katilimli-iftar-programi-duzenledi\\\/#breadcrumb\",\"itemListElement\":[{\"@type\":\"ListItem\",\"position\":1,\"name\":\"Anasayfa\",\"item\":\"https:\\\/\\\/tdv.org\\\/tr-TR\\\/\"},{\"@type\":\"ListItem\",\"position\":2,\"name\":\"T\u00fcrkiye Diyanet Vakf\u0131 K\u0131rg\u0131zistan&#8217;da geni\u015f kat\u0131l\u0131ml\u0131 iftar program\u0131 d\u00fczenledi\"}]},{\"@type\":\"WebSite\",\"@id\":\"https:\\\/\\\/tdv.org\\\/tr-TR\\\/#website\",\"url\":\"https:\\\/\\\/tdv.org\\\/tr-TR\\\/\",\"name\":\"T\u00fcrkiye Diyanet Vakf\u0131 Resmi Web Sitesi\",\"description\":\"Yery\u00fcz\u00fcnde iyilik egemen oluncaya kadar\",\"publisher\":{\"@id\":\"https:\\\/\\\/tdv.org\\\/tr-TR\\\/#organization\"},\"alternateName\":\"T\u00fcrkiye Diyanet Vakf\u0131\",\"potentialAction\":[{\"@type\":\"SearchAction\",\"target\":{\"@type\":\"EntryPoint\",\"urlTemplate\":\"https:\\\/\\\/tdv.org\\\/tr-TR\\\/?s={search_term_string}\"},\"query-input\":{\"@type\":\"PropertyValueSpecification\",\"valueRequired\":true,\"valueName\":\"search_term_string\"}}],\"inLanguage\":\"tr\"},{\"@type\":\"Organization\",\"@id\":\"https:\\\/\\\/tdv.org\\\/tr-TR\\\/#organization\",\"name\":\"T\u00fcrkiye Diyanet Vakf\u0131\",\"alternateName\":\"T\u00fcrkiye Diyanet Vakf\u0131\",\"url\":\"https:\\\/\\\/tdv.org\\\/tr-TR\\\/\",\"logo\":{\"@type\":\"ImageObject\",\"inLanguage\":\"tr\",\"@id\":\"https:\\\/\\\/tdv.org\\\/tr-TR\\\/#\\\/schema\\\/logo\\\/image\\\/\",\"url\":\"https:\\\/\\\/tdv.org\\\/tr-TR\\\/wp-content\\\/uploads\\\/2018\\\/12\\\/TDV_Logo_1.png\",\"contentUrl\":\"https:\\\/\\\/tdv.org\\\/tr-TR\\\/wp-content\\\/uploads\\\/2018\\\/12\\\/TDV_Logo_1.png\",\"width\":207,\"height\":71,\"caption\":\"T\u00fcrkiye Diyanet Vakf\u0131\"},\"image\":{\"@id\":\"https:\\\/\\\/tdv.org\\\/tr-TR\\\/#\\\/schema\\\/logo\\\/image\\\/\"},\"sameAs\":[\"https:\\\/\\\/www.facebook.com\\\/Diyanetvakfi\\\/\",\"https:\\\/\\\/x.com\\\/DiyanetVakfi\",\"https:\\\/\\\/www.instagram.com\\\/turkiyediyanetvakfi\\\/\",\"https:\\\/\\\/www.youtube.com\\\/user\\\/TurkiyeDiyanetVakfi\"]},{\"@type\":\"Person\",\"@id\":\"https:\\\/\\\/tdv.org\\\/tr-TR\\\/#\\\/schema\\\/person\\\/752b55e264a99273d55636516d96d5eb\",\"name\":\"Selim\",\"image\":{\"@type\":\"ImageObject\",\"inLanguage\":\"tr\",\"@id\":\"https:\\\/\\\/tdv.org\\\/tr-TR\\\/wp-content\\\/litespeed\\\/avatar\\\/a1e47b25396e98e5b781e88a5396cd96.jpg?ver=1777287391\",\"url\":\"https:\\\/\\\/tdv.org\\\/tr-TR\\\/wp-content\\\/litespeed\\\/avatar\\\/a1e47b25396e98e5b781e88a5396cd96.jpg?ver=1777287391\",\"contentUrl\":\"https:\\\/\\\/tdv.org\\\/tr-TR\\\/wp-content\\\/litespeed\\\/avatar\\\/a1e47b25396e98e5b781e88a5396cd96.jpg?ver=1777287391\",\"caption\":\"Selim\"}}]}<\/script>\n<!-- \/ Yoast SEO plugin. -->","yoast_head_json":{"title":"T\u00fcrkiye Diyanet Vakf\u0131 K\u0131rg\u0131zistan'da geni\u015f kat\u0131l\u0131ml\u0131 iftar program\u0131 d\u00fczenledi","description":"T\u00fcrkiye\u00a0Diyanet\u00a0Vakf\u0131\u00a0(TDV), Ramazan ay\u0131 dolay\u0131s\u0131yla K\u0131rg\u0131zistan'\u0131n ba\u015fkenti Bi\u015fkek'teki Merkez \u0130mam Serahsi Camisi'nde geni\u015f kat\u0131l\u0131ml\u0131 iftar program\u0131 d\u00fczenledi.","robots":{"index":"index","follow":"follow","max-snippet":"max-snippet:-1","max-image-preview":"max-image-preview:large","max-video-preview":"max-video-preview:-1"},"canonical":"https:\/\/tdv.org\/tr-TR\/turkiye-diyanet-vakfi-kirgizistanda-genis-katilimli-iftar-programi-duzenledi\/","og_locale":"tr_TR","og_type":"article","og_title":"T\u00fcrkiye Diyanet Vakf\u0131 K\u0131rg\u0131zistan'da geni\u015f kat\u0131l\u0131ml\u0131 iftar program\u0131 d\u00fczenledi","og_description":"T\u00fcrkiye\u00a0Diyanet\u00a0Vakf\u0131\u00a0(TDV), Ramazan ay\u0131 dolay\u0131s\u0131yla K\u0131rg\u0131zistan'\u0131n ba\u015fkenti Bi\u015fkek'teki Merkez \u0130mam Serahsi Camisi'nde geni\u015f kat\u0131l\u0131ml\u0131 iftar program\u0131 d\u00fczenledi.","og_url":"https:\/\/tdv.org\/tr-TR\/turkiye-diyanet-vakfi-kirgizistanda-genis-katilimli-iftar-programi-duzenledi\/","og_site_name":"T\u00fcrkiye Diyanet Vakf\u0131 Resmi Web Sitesi","article_publisher":"https:\/\/www.facebook.com\/Diyanetvakfi\/","article_published_time":"2026-03-04T07:27:43+00:00","og_image":[{"width":1152,"height":768,"url":"https:\/\/tdv.org\/tr-TR\/wp-content\/uploads\/2026\/03\/turkiye-diyanet-vakfi-kirgizistan-da-genis-katilimli-iftar-programi-duzenledi-1.jpg","type":"image\/jpeg"}],"author":"Selim","twitter_card":"summary_large_image","twitter_creator":"@DiyanetVakfi","twitter_site":"@DiyanetVakfi","schema":{"@context":"https:\/\/schema.org","@graph":[{"@type":"Article","@id":"https:\/\/tdv.org\/tr-TR\/turkiye-diyanet-vakfi-kirgizistanda-genis-katilimli-iftar-programi-duzenledi\/#article","isPartOf":{"@id":"https:\/\/tdv.org\/tr-TR\/turkiye-diyanet-vakfi-kirgizistanda-genis-katilimli-iftar-programi-duzenledi\/"},"author":{"name":"Selim","@id":"https:\/\/tdv.org\/tr-TR\/#\/schema\/person\/752b55e264a99273d55636516d96d5eb"},"headline":"T\u00fcrkiye Diyanet Vakf\u0131 K\u0131rg\u0131zistan&#8217;da geni\u015f kat\u0131l\u0131ml\u0131 iftar program\u0131 d\u00fczenledi","datePublished":"2026-03-04T07:27:43+00:00","mainEntityOfPage":{"@id":"https:\/\/tdv.org\/tr-TR\/turkiye-diyanet-vakfi-kirgizistanda-genis-katilimli-iftar-programi-duzenledi\/"},"wordCount":383,"publisher":{"@id":"https:\/\/tdv.org\/tr-TR\/#organization"},"image":{"@id":"https:\/\/tdv.org\/tr-TR\/turkiye-diyanet-vakfi-kirgizistanda-genis-katilimli-iftar-programi-duzenledi\/#primaryimage"},"thumbnailUrl":"https:\/\/tdv.org\/tr-TR\/wp-content\/uploads\/2026\/03\/turkiye-diyanet-vakfi-kirgizistan-da-genis-katilimli-iftar-programi-duzenledi-1.jpg","keywords":["2026 Ramazan","iftar","iftar bul\u0131\u015fmas\u0131","iftar \u00e7ad\u0131r\u0131","iftar paketi","iftarl\u0131k","K\u0131rg\u0131siztan","ramazan","ramazan 2026"],"articleSection":["Haberler"],"inLanguage":"tr"},{"@type":"WebPage","@id":"https:\/\/tdv.org\/tr-TR\/turkiye-diyanet-vakfi-kirgizistanda-genis-katilimli-iftar-programi-duzenledi\/","url":"https:\/\/tdv.org\/tr-TR\/turkiye-diyanet-vakfi-kirgizistanda-genis-katilimli-iftar-programi-duzenledi\/","name":"T\u00fcrkiye Diyanet Vakf\u0131 K\u0131rg\u0131zistan'da geni\u015f kat\u0131l\u0131ml\u0131 iftar program\u0131 d\u00fczenledi","isPartOf":{"@id":"https:\/\/tdv.org\/tr-TR\/#website"},"primaryImageOfPage":{"@id":"https:\/\/tdv.org\/tr-TR\/turkiye-diyanet-vakfi-kirgizistanda-genis-katilimli-iftar-programi-duzenledi\/#primaryimage"},"image":{"@id":"https:\/\/tdv.org\/tr-TR\/turkiye-diyanet-vakfi-kirgizistanda-genis-katilimli-iftar-programi-duzenledi\/#primaryimage"},"thumbnailUrl":"https:\/\/tdv.org\/tr-TR\/wp-content\/uploads\/2026\/03\/turkiye-diyanet-vakfi-kirgizistan-da-genis-katilimli-iftar-programi-duzenledi-1.jpg","datePublished":"2026-03-04T07:27:43+00:00","description":"T\u00fcrkiye\u00a0Diyanet\u00a0Vakf\u0131\u00a0(TDV), Ramazan ay\u0131 dolay\u0131s\u0131yla K\u0131rg\u0131zistan'\u0131n ba\u015fkenti Bi\u015fkek'teki Merkez \u0130mam Serahsi Camisi'nde geni\u015f kat\u0131l\u0131ml\u0131 iftar program\u0131 d\u00fczenledi.","breadcrumb":{"@id":"https:\/\/tdv.org\/tr-TR\/turkiye-diyanet-vakfi-kirgizistanda-genis-katilimli-iftar-programi-duzenledi\/#breadcrumb"},"inLanguage":"tr","potentialAction":[{"@type":"ReadAction","target":["https:\/\/tdv.org\/tr-TR\/turkiye-diyanet-vakfi-kirgizistanda-genis-katilimli-iftar-programi-duzenledi\/"]}]},{"@type":"ImageObject","inLanguage":"tr","@id":"https:\/\/tdv.org\/tr-TR\/turkiye-diyanet-vakfi-kirgizistanda-genis-katilimli-iftar-programi-duzenledi\/#primaryimage","url":"https:\/\/tdv.org\/tr-TR\/wp-content\/uploads\/2026\/03\/turkiye-diyanet-vakfi-kirgizistan-da-genis-katilimli-iftar-programi-duzenledi-1.jpg","contentUrl":"https:\/\/tdv.org\/tr-TR\/wp-content\/uploads\/2026\/03\/turkiye-diyanet-vakfi-kirgizistan-da-genis-katilimli-iftar-programi-duzenledi-1.jpg","width":1152,"height":768,"caption":"T\u00fcrkiye Diyanet Vakf\u0131 K\u0131rg\u0131zistan'da geni\u015f kat\u0131l\u0131ml\u0131 iftar program\u0131 d\u00fczenledi,k\u0131rg\u0131z\u0131stan,iftar,"},{"@type":"BreadcrumbList","@id":"https:\/\/tdv.org\/tr-TR\/turkiye-diyanet-vakfi-kirgizistanda-genis-katilimli-iftar-programi-duzenledi\/#breadcrumb","itemListElement":[{"@type":"ListItem","position":1,"name":"Anasayfa","item":"https:\/\/tdv.org\/tr-TR\/"},{"@type":"ListItem","position":2,"name":"T\u00fcrkiye Diyanet Vakf\u0131 K\u0131rg\u0131zistan&#8217;da geni\u015f kat\u0131l\u0131ml\u0131 iftar program\u0131 d\u00fczenledi"}]},{"@type":"WebSite","@id":"https:\/\/tdv.org\/tr-TR\/#website","url":"https:\/\/tdv.org\/tr-TR\/","name":"T\u00fcrkiye Diyanet Vakf\u0131 Resmi Web Sitesi","description":"Yery\u00fcz\u00fcnde iyilik egemen oluncaya kadar","publisher":{"@id":"https:\/\/tdv.org\/tr-TR\/#organization"},"alternateName":"T\u00fcrkiye Diyanet Vakf\u0131","potentialAction":[{"@type":"SearchAction","target":{"@type":"EntryPoint","urlTemplate":"https:\/\/tdv.org\/tr-TR\/?s={search_term_string}"},"query-input":{"@type":"PropertyValueSpecification","valueRequired":true,"valueName":"search_term_string"}}],"inLanguage":"tr"},{"@type":"Organization","@id":"https:\/\/tdv.org\/tr-TR\/#organization","name":"T\u00fcrkiye Diyanet Vakf\u0131","alternateName":"T\u00fcrkiye Diyanet Vakf\u0131","url":"https:\/\/tdv.org\/tr-TR\/","logo":{"@type":"ImageObject","inLanguage":"tr","@id":"https:\/\/tdv.org\/tr-TR\/#\/schema\/logo\/image\/","url":"https:\/\/tdv.org\/tr-TR\/wp-content\/uploads\/2018\/12\/TDV_Logo_1.png","contentUrl":"https:\/\/tdv.org\/tr-TR\/wp-content\/uploads\/2018\/12\/TDV_Logo_1.png","width":207,"height":71,"caption":"T\u00fcrkiye Diyanet Vakf\u0131"},"image":{"@id":"https:\/\/tdv.org\/tr-TR\/#\/schema\/logo\/image\/"},"sameAs":["https:\/\/www.facebook.com\/Diyanetvakfi\/","https:\/\/x.com\/DiyanetVakfi","https:\/\/www.instagram.com\/turkiyediyanetvakfi\/","https:\/\/www.youtube.com\/user\/TurkiyeDiyanetVakfi"]},{"@type":"Person","@id":"https:\/\/tdv.org\/tr-TR\/#\/schema\/person\/752b55e264a99273d55636516d96d5eb","name":"Selim","image":{"@type":"ImageObject","inLanguage":"tr","@id":"https:\/\/tdv.org\/tr-TR\/wp-content\/litespeed\/avatar\/a1e47b25396e98e5b781e88a5396cd96.jpg?ver=1777287391","url":"https:\/\/tdv.org\/tr-TR\/wp-content\/litespeed\/avatar\/a1e47b25396e98e5b781e88a5396cd96.jpg?ver=1777287391","contentUrl":"https:\/\/tdv.org\/tr-TR\/wp-content\/litespeed\/avatar\/a1e47b25396e98e5b781e88a5396cd96.jpg?ver=1777287391","caption":"Selim"}}]}},"_links":{"self":[{"href":"https:\/\/tdv.org\/tr-TR\/wp-json\/wp\/v2\/posts\/55885","targetHints":{"allow":["GET"]}}],"collection":[{"href":"https:\/\/tdv.org\/tr-TR\/wp-json\/wp\/v2\/posts"}],"about":[{"href":"https:\/\/tdv.org\/tr-TR\/wp-json\/wp\/v2\/types\/post"}],"author":[{"embeddable":true,"href":"https:\/\/tdv.org\/tr-TR\/wp-json\/wp\/v2\/users\/8"}],"replies":[{"embeddable":true,"href":"https:\/\/tdv.org\/tr-TR\/wp-json\/wp\/v2\/comments?post=55885"}],"version-history":[{"count":1,"href":"https:\/\/tdv.org\/tr-TR\/wp-json\/wp\/v2\/posts\/55885\/revisions"}],"predecessor-version":[{"id":55890,"href":"https:\/\/tdv.org\/tr-TR\/wp-json\/wp\/v2\/posts\/55885\/revisions\/55890"}],"wp:featuredmedia":[{"embeddable":true,"href":"https:\/\/tdv.org\/tr-TR\/wp-json\/wp\/v2\/media\/55886"}],"wp:attachment":[{"href":"https:\/\/tdv.org\/tr-TR\/wp-json\/wp\/v2\/media?parent=55885"}],"wp:term":[{"taxonomy":"category","embeddable":true,"href":"https:\/\/tdv.org\/tr-TR\/wp-json\/wp\/v2\/categories?post=55885"},{"taxonomy":"post_tag","embeddable":true,"href":"https:\/\/tdv.org\/tr-TR\/wp-json\/wp\/v2\/tags?post=55885"}],"curies":[{"name":"wp","href":"https:\/\/api.w.org\/{rel}","templated":true}]}}