{"id":55891,"date":"2026-03-04T10:38:02","date_gmt":"2026-03-04T07:38:02","guid":{"rendered":"https:\/\/tdv.org\/tr-TR\/?p=55891"},"modified":"2026-03-04T10:38:02","modified_gmt":"2026-03-04T07:38:02","slug":"diyanet-isleri-baskani-ve-tdv-mutevelli-heyeti-baskani-arpagus-kosovada-iftar-programina-katildi","status":"publish","type":"post","link":"https:\/\/tdv.org\/tr-TR\/diyanet-isleri-baskani-ve-tdv-mutevelli-heyeti-baskani-arpagus-kosovada-iftar-programina-katildi\/","title":{"rendered":"Diyanet \u0130\u015fleri Ba\u015fkan\u0131 ve TDV M\u00fctevelli Heyeti Ba\u015fkan\u0131 Arpagu\u015f, Kosova&#8217;da iftar program\u0131na kat\u0131ld\u0131"},"content":{"rendered":"<p style=\"text-align: justify;\"><a href=\"https:\/\/tdv.org\/tr-TR\/kurumsal\/prof-dr-safi-arpagus\/\" target=\"_blank\" rel=\"noopener\">Diyanet\u00a0\u0130\u015fleri Ba\u015fkan\u0131 ve T\u00fcrkiye Diyanet Vakf\u0131 M\u00fctevelli Heyeti Ba\u015fkan\u0131 Safi Arpagu\u015f,<\/a> \u00a0<a href=\"https:\/\/www.diyanet.gov.tr\/tr-TR\" target=\"_blank\" rel=\"noopener\">Diyanet\u00a0\u0130\u015fleri Ba\u015fkanl\u0131\u011f\u0131,<\/a> <a href=\"https:\/\/tdv.org\/tr-TR\/\" target=\"_blank\" rel=\"noopener\">T\u00fcrkiye\u00a0Diyanet\u00a0Vakf\u0131<\/a>\u00a0ve T\u00fcrkiye&#8217;nin Pri\u015ftine B\u00fcy\u00fckel\u00e7ili\u011fi i\u015f birli\u011finde Kosova&#8217;n\u0131n g\u00fcneyindeki Prizren \u015fehrinde d\u00fczenlenen <a href=\"https:\/\/bagis.tdv.org\/ramazan\/iftar-112\" target=\"_blank\" rel=\"noopener\">iftar<\/a> program\u0131na kat\u0131ld\u0131.<\/p>\n<p style=\"text-align: justify;\">Cenab\u0131hakk&#8217;\u0131n karde\u015fler aras\u0131nda dayan\u0131\u015fmay\u0131, yard\u0131mla\u015fmay\u0131, bir ve beraber olmay\u0131 emretti\u011fini belirten Arpagu\u015f, &#8220;M\u00fcmin karde\u015flerimizden d\u00fcnyan\u0131n neresinde olursa olsun, birinin t\u0131rna\u011f\u0131na, birinin etine parma\u011f\u0131na diken batacak olsa onun ac\u0131s\u0131n\u0131 h\u00fczn\u00fcn\u00fc hissetmek ve payla\u015fmak bizim iman\u0131m\u0131z\u0131n bir gere\u011fidir.&#8221; ifadelerini kulland\u0131.<\/p>\n<p style=\"text-align: justify;\"><strong>Arpagu\u015f, s\u00f6zlerini \u015f\u00f6yle s\u00fcrd\u00fcrd\u00fc:<\/strong><\/p>\n<p style=\"text-align: justify;\">&#8220;Sevgiyi, muhabbeti, karde\u015fli\u011fi imana \u015fart ko\u015fan sevgili peygamberimizin bu d\u00fcsturu \u00e7er\u00e7evesinde birli\u011fimizin, beraberli\u011fimizin, karde\u015fli\u011fimizin, muhabbetimizin ilelebet payidar olmas\u0131n\u0131 Cenab\u0131hak&#8217;tan niyaz ediyorum. Ben bu g\u00fczel Prizren ak\u015fam\u0131nda, g\u00f6n\u00fcl sofram\u0131za te\u015frif eden b\u00fct\u00fcn karde\u015flerimize te\u015fekk\u00fcr ediyorum. Cenab\u0131hakk&#8217;\u0131n karde\u015fli\u011fimizi, muhabbetimizi daim etmesini diliyorum.\u201d<\/p>\n<p style=\"text-align: justify;\">Arpagu\u015f, &#8220;Kosova&#8217;da, Prizren&#8217;de <a href=\"https:\/\/bagis.tdv.org\/ramazan\/iftar-112\" target=\"_blank\" rel=\"noopener\">iftara<\/a> gelece\u011fimi kendilerine arz etti\u011fimde Cumhurba\u015fkan\u0131m\u0131z say\u0131n Recep Tayyip Erdo\u011fan sizlere muhabbetlerini ve sevgilerini g\u00f6nderdi. Onu da huzurlar\u0131n\u0131za arz ediyorum.&#8221; diye konu\u015ftu.<\/p>\n<p style=\"text-align: justify;\">B\u00fcy\u00fckel\u00e7i Ang\u0131l\u0131, burada yapt\u0131\u011f\u0131 konu\u015fmada, Avrupa&#8217;da n\u00fcfusunun y\u00fczde 90&#8217;\u0131ndan fazlas\u0131 M\u00fcsl\u00fcman olan 2 \u00fclkenin bulundu\u011funu ve bunlar\u0131n T\u00fcrkiye ve Kosova oldu\u011funu belirterek, &#8220;Bu nedenle hem Kosova&#8217;n\u0131n hem T\u00fcrkiye Cumhuriyeti&#8217;nin\u00a0diyanet\u00a0kurumlar\u0131 son derece yak\u0131n ve s\u0131k\u0131 bir i\u015fbirli\u011fi i\u00e7erisinde.&#8221; dedi.<\/p>\n<p style=\"text-align: justify;\">Kosova Ba\u015fbakan Yard\u0131mc\u0131s\u0131 Damka da T\u00fcrkiye ile Kosova aras\u0131nda \u00e7e\u015fitli alanlardaki iyi ili\u015fkilere dikkati \u00e7ekerek, Kosova&#8217;n\u0131n ba\u015fkenti Pri\u015ftine&#8217;de T\u00fcrkiye\u00a0Diyanet\u00a0Vakf\u0131nca in\u015fa edilen cami tamamland\u0131\u011f\u0131nda iki \u00fclke aras\u0131ndaki karde\u015flik ve dostlu\u011fun simgesi olaca\u011f\u0131n\u0131 vurgulad\u0131.<\/p>\n<p style=\"text-align: justify;\">Kosova \u0130slam Birli\u011fi Ba\u015fkan\u0131 T\u0131rnava ise konu\u015fmas\u0131nda ramazan ay\u0131n\u0131n birlik, karde\u015flik, sevgi, beraberlik, dayan\u0131\u015fma, fedakarl\u0131k anlamlar\u0131n\u0131 ta\u015f\u0131d\u0131\u011f\u0131na vurgu yapt\u0131 ve Kosova&#8217;da g\u00f6rev yapan T\u00fcrk kurumlar\u0131na sa\u011flad\u0131klar\u0131 desteklerden dolay\u0131 te\u015fekk\u00fcr etti.<\/p>\n<p style=\"text-align: justify;\">\u00d6te yandan, <a href=\"https:\/\/bagis.tdv.org\/ramazan\/iftar-112\" target=\"_blank\" rel=\"noopener\">iftar<\/a> program\u0131na, T\u00fcrkiye&#8217;nin Pri\u015ftine B\u00fcy\u00fckel\u00e7isi Sabri Tun\u00e7 Ang\u0131l\u0131, Kosova Az\u0131nl\u0131k \u0130\u015fleri ve \u0130\u015fbirli\u011finden Sorumlu Ba\u015fbakan \u00dc\u00e7\u00fcnc\u00fc Yard\u0131mc\u0131s\u0131 Fikrim Damka, Kosova \u0130slam Birli\u011fi Ba\u015fkan\u0131 Naim T\u0131rnava&#8217;n\u0131n yan\u0131 s\u0131ra \u00e7ok say\u0131da davetli kat\u0131ld\u0131.<\/p>\n","protected":false},"excerpt":{"rendered":"<p>Diyanet\u00a0\u0130\u015fleri Ba\u015fkan\u0131 ve T\u00fcrkiye Diyanet Vakf\u0131 M\u00fctevelli Heyeti Ba\u015fkan\u0131 Safi Arpagu\u015f, \u00a0Diyanet\u00a0\u0130\u015fleri Ba\u015fkanl\u0131\u011f\u0131, T\u00fcrkiye\u00a0Diyanet\u00a0Vakf\u0131\u00a0ve T\u00fcrkiye&#8217;nin Pri\u015ftine B\u00fcy\u00fckel\u00e7ili\u011fi i\u015f birli\u011finde Kosova&#8217;n\u0131n g\u00fcneyindeki Prizren \u015fehrinde d\u00fczenlenen iftar program\u0131na kat\u0131ld\u0131. Cenab\u0131hakk&#8217;\u0131n karde\u015fler aras\u0131nda&#8230;<\/p>\n","protected":false},"author":8,"featured_media":55892,"comment_status":"closed","ping_status":"closed","sticky":false,"template":"","format":"standard","meta":{"footnotes":""},"categories":[1],"tags":[2454,119,1774,2108,697],"class_list":{"0":"post-55891","1":"post","2":"type-post","3":"status-publish","4":"format-standard","5":"has-post-thumbnail","7":"category-haberler","8":"tag-diyanet-isleri-baskani-ve-tdv-mutevelli-heyeti-baskani-prof-dr-safi-arpagus","9":"tag-iftar","10":"tag-iftar-bulismasi","11":"tag-iftar-cadiri","12":"tag-iftar-paketi"},"yoast_head":"<!-- This site is optimized with the Yoast SEO plugin v27.5 - https:\/\/yoast.com\/product\/yoast-seo-wordpress\/ -->\n<title>Diyanet \u0130\u015fleri Ba\u015fkan\u0131 ve TDV M\u00fctevelli Heyeti Ba\u015fkan\u0131 Arpagu\u015f, Kosova&#039;da iftar program\u0131na kat\u0131ld\u0131<\/title>\n<meta name=\"description\" content=\"Diyanet\u00a0\u0130\u015fleri Ba\u015fkan\u0131 ve T\u00fcrkiye Diyanet Vakf\u0131 M\u00fctevelli Heyeti Ba\u015fkan\u0131 Safi Arpagu\u015f, \u00a0Diyanet\u00a0\u0130\u015fleri Ba\u015fkanl\u0131\u011f\u0131, T\u00fcrkiye\u00a0Diyanet\u00a0Vakf\u0131\u00a0ve T\u00fcrkiye&#039;nin Pri\u015ftine B\u00fcy\u00fckel\u00e7ili\u011fi i\u015f birli\u011finde Kosova&#039;n\u0131n g\u00fcneyindeki Prizren \u015fehrinde d\u00fczenlenen iftar program\u0131na kat\u0131ld\u0131.\" \/>\n<meta name=\"robots\" content=\"index, follow, max-snippet:-1, max-image-preview:large, max-video-preview:-1\" \/>\n<link rel=\"canonical\" href=\"https:\/\/tdv.org\/tr-TR\/diyanet-isleri-baskani-ve-tdv-mutevelli-heyeti-baskani-arpagus-kosovada-iftar-programina-katildi\/\" \/>\n<meta property=\"og:locale\" content=\"tr_TR\" \/>\n<meta property=\"og:type\" content=\"article\" \/>\n<meta property=\"og:title\" content=\"Diyanet \u0130\u015fleri Ba\u015fkan\u0131 ve TDV M\u00fctevelli Heyeti Ba\u015fkan\u0131 Arpagu\u015f, Kosova&#039;da iftar program\u0131na kat\u0131ld\u0131\" \/>\n<meta property=\"og:description\" content=\"Diyanet\u00a0\u0130\u015fleri Ba\u015fkan\u0131 ve T\u00fcrkiye Diyanet Vakf\u0131 M\u00fctevelli Heyeti Ba\u015fkan\u0131 Safi Arpagu\u015f, \u00a0Diyanet\u00a0\u0130\u015fleri Ba\u015fkanl\u0131\u011f\u0131, T\u00fcrkiye\u00a0Diyanet\u00a0Vakf\u0131\u00a0ve T\u00fcrkiye&#039;nin Pri\u015ftine B\u00fcy\u00fckel\u00e7ili\u011fi i\u015f birli\u011finde Kosova&#039;n\u0131n g\u00fcneyindeki Prizren \u015fehrinde d\u00fczenlenen iftar program\u0131na kat\u0131ld\u0131.\" \/>\n<meta property=\"og:url\" content=\"https:\/\/tdv.org\/tr-TR\/diyanet-isleri-baskani-ve-tdv-mutevelli-heyeti-baskani-arpagus-kosovada-iftar-programina-katildi\/\" \/>\n<meta property=\"og:site_name\" content=\"T\u00fcrkiye Diyanet Vakf\u0131 Resmi Web Sitesi\" \/>\n<meta property=\"article:publisher\" content=\"https:\/\/www.facebook.com\/Diyanetvakfi\/\" \/>\n<meta property=\"article:published_time\" content=\"2026-03-04T07:38:02+00:00\" \/>\n<meta property=\"og:image\" content=\"https:\/\/tdv.org\/tr-TR\/wp-content\/uploads\/2026\/03\/diyanet-isleri-baskani-ve-tdv-mutevelli-heyeti-baskani-arpagus-kosovada-iftar-programina-katildi-1.jpg\" \/>\n\t<meta property=\"og:image:width\" content=\"1152\" \/>\n\t<meta property=\"og:image:height\" content=\"768\" \/>\n\t<meta property=\"og:image:type\" content=\"image\/jpeg\" \/>\n<meta name=\"author\" content=\"Selim\" \/>\n<meta name=\"twitter:card\" content=\"summary_large_image\" \/>\n<meta name=\"twitter:creator\" content=\"@DiyanetVakfi\" \/>\n<meta name=\"twitter:site\" content=\"@DiyanetVakfi\" \/>\n<script type=\"application\/ld+json\" class=\"yoast-schema-graph\">{\"@context\":\"https:\\\/\\\/schema.org\",\"@graph\":[{\"@type\":\"Article\",\"@id\":\"https:\\\/\\\/tdv.org\\\/tr-TR\\\/diyanet-isleri-baskani-ve-tdv-mutevelli-heyeti-baskani-arpagus-kosovada-iftar-programina-katildi\\\/#article\",\"isPartOf\":{\"@id\":\"https:\\\/\\\/tdv.org\\\/tr-TR\\\/diyanet-isleri-baskani-ve-tdv-mutevelli-heyeti-baskani-arpagus-kosovada-iftar-programina-katildi\\\/\"},\"author\":{\"name\":\"Selim\",\"@id\":\"https:\\\/\\\/tdv.org\\\/tr-TR\\\/#\\\/schema\\\/person\\\/752b55e264a99273d55636516d96d5eb\"},\"headline\":\"Diyanet \u0130\u015fleri Ba\u015fkan\u0131 ve TDV M\u00fctevelli Heyeti Ba\u015fkan\u0131 Arpagu\u015f, Kosova&#8217;da iftar program\u0131na kat\u0131ld\u0131\",\"datePublished\":\"2026-03-04T07:38:02+00:00\",\"mainEntityOfPage\":{\"@id\":\"https:\\\/\\\/tdv.org\\\/tr-TR\\\/diyanet-isleri-baskani-ve-tdv-mutevelli-heyeti-baskani-arpagus-kosovada-iftar-programina-katildi\\\/\"},\"wordCount\":468,\"publisher\":{\"@id\":\"https:\\\/\\\/tdv.org\\\/tr-TR\\\/#organization\"},\"image\":{\"@id\":\"https:\\\/\\\/tdv.org\\\/tr-TR\\\/diyanet-isleri-baskani-ve-tdv-mutevelli-heyeti-baskani-arpagus-kosovada-iftar-programina-katildi\\\/#primaryimage\"},\"thumbnailUrl\":\"https:\\\/\\\/tdv.org\\\/tr-TR\\\/wp-content\\\/uploads\\\/2026\\\/03\\\/diyanet-isleri-baskani-ve-tdv-mutevelli-heyeti-baskani-arpagus-kosovada-iftar-programina-katildi-1.jpg\",\"keywords\":[\"Diyanet \u0130\u015fleri Ba\u015fkan\u0131 ve TDV M\u00fctevelli Heyeti Ba\u015fkan\u0131 Prof. Dr. Safi Arpagu\u015f\",\"iftar\",\"iftar bul\u0131\u015fmas\u0131\",\"iftar \u00e7ad\u0131r\u0131\",\"iftar paketi\"],\"articleSection\":[\"Haberler\"],\"inLanguage\":\"tr\"},{\"@type\":\"WebPage\",\"@id\":\"https:\\\/\\\/tdv.org\\\/tr-TR\\\/diyanet-isleri-baskani-ve-tdv-mutevelli-heyeti-baskani-arpagus-kosovada-iftar-programina-katildi\\\/\",\"url\":\"https:\\\/\\\/tdv.org\\\/tr-TR\\\/diyanet-isleri-baskani-ve-tdv-mutevelli-heyeti-baskani-arpagus-kosovada-iftar-programina-katildi\\\/\",\"name\":\"Diyanet \u0130\u015fleri Ba\u015fkan\u0131 ve TDV M\u00fctevelli Heyeti Ba\u015fkan\u0131 Arpagu\u015f, Kosova'da iftar program\u0131na kat\u0131ld\u0131\",\"isPartOf\":{\"@id\":\"https:\\\/\\\/tdv.org\\\/tr-TR\\\/#website\"},\"primaryImageOfPage\":{\"@id\":\"https:\\\/\\\/tdv.org\\\/tr-TR\\\/diyanet-isleri-baskani-ve-tdv-mutevelli-heyeti-baskani-arpagus-kosovada-iftar-programina-katildi\\\/#primaryimage\"},\"image\":{\"@id\":\"https:\\\/\\\/tdv.org\\\/tr-TR\\\/diyanet-isleri-baskani-ve-tdv-mutevelli-heyeti-baskani-arpagus-kosovada-iftar-programina-katildi\\\/#primaryimage\"},\"thumbnailUrl\":\"https:\\\/\\\/tdv.org\\\/tr-TR\\\/wp-content\\\/uploads\\\/2026\\\/03\\\/diyanet-isleri-baskani-ve-tdv-mutevelli-heyeti-baskani-arpagus-kosovada-iftar-programina-katildi-1.jpg\",\"datePublished\":\"2026-03-04T07:38:02+00:00\",\"description\":\"Diyanet\u00a0\u0130\u015fleri Ba\u015fkan\u0131 ve T\u00fcrkiye Diyanet Vakf\u0131 M\u00fctevelli Heyeti Ba\u015fkan\u0131 Safi Arpagu\u015f, \u00a0Diyanet\u00a0\u0130\u015fleri Ba\u015fkanl\u0131\u011f\u0131, T\u00fcrkiye\u00a0Diyanet\u00a0Vakf\u0131\u00a0ve T\u00fcrkiye'nin Pri\u015ftine B\u00fcy\u00fckel\u00e7ili\u011fi i\u015f birli\u011finde Kosova'n\u0131n g\u00fcneyindeki Prizren \u015fehrinde d\u00fczenlenen iftar program\u0131na kat\u0131ld\u0131.\",\"breadcrumb\":{\"@id\":\"https:\\\/\\\/tdv.org\\\/tr-TR\\\/diyanet-isleri-baskani-ve-tdv-mutevelli-heyeti-baskani-arpagus-kosovada-iftar-programina-katildi\\\/#breadcrumb\"},\"inLanguage\":\"tr\",\"potentialAction\":[{\"@type\":\"ReadAction\",\"target\":[\"https:\\\/\\\/tdv.org\\\/tr-TR\\\/diyanet-isleri-baskani-ve-tdv-mutevelli-heyeti-baskani-arpagus-kosovada-iftar-programina-katildi\\\/\"]}]},{\"@type\":\"ImageObject\",\"inLanguage\":\"tr\",\"@id\":\"https:\\\/\\\/tdv.org\\\/tr-TR\\\/diyanet-isleri-baskani-ve-tdv-mutevelli-heyeti-baskani-arpagus-kosovada-iftar-programina-katildi\\\/#primaryimage\",\"url\":\"https:\\\/\\\/tdv.org\\\/tr-TR\\\/wp-content\\\/uploads\\\/2026\\\/03\\\/diyanet-isleri-baskani-ve-tdv-mutevelli-heyeti-baskani-arpagus-kosovada-iftar-programina-katildi-1.jpg\",\"contentUrl\":\"https:\\\/\\\/tdv.org\\\/tr-TR\\\/wp-content\\\/uploads\\\/2026\\\/03\\\/diyanet-isleri-baskani-ve-tdv-mutevelli-heyeti-baskani-arpagus-kosovada-iftar-programina-katildi-1.jpg\",\"width\":1152,\"height\":768,\"caption\":\"diyanet-isleri-baskani-ve-tdv-mutevelli-heyeti-baskani-arpagus-kosovada-iftar-programina-katildi\"},{\"@type\":\"BreadcrumbList\",\"@id\":\"https:\\\/\\\/tdv.org\\\/tr-TR\\\/diyanet-isleri-baskani-ve-tdv-mutevelli-heyeti-baskani-arpagus-kosovada-iftar-programina-katildi\\\/#breadcrumb\",\"itemListElement\":[{\"@type\":\"ListItem\",\"position\":1,\"name\":\"Anasayfa\",\"item\":\"https:\\\/\\\/tdv.org\\\/tr-TR\\\/\"},{\"@type\":\"ListItem\",\"position\":2,\"name\":\"Diyanet \u0130\u015fleri Ba\u015fkan\u0131 ve TDV M\u00fctevelli Heyeti Ba\u015fkan\u0131 Arpagu\u015f, Kosova&#8217;da iftar program\u0131na kat\u0131ld\u0131\"}]},{\"@type\":\"WebSite\",\"@id\":\"https:\\\/\\\/tdv.org\\\/tr-TR\\\/#website\",\"url\":\"https:\\\/\\\/tdv.org\\\/tr-TR\\\/\",\"name\":\"T\u00fcrkiye Diyanet Vakf\u0131 Resmi Web Sitesi\",\"description\":\"Yery\u00fcz\u00fcnde iyilik egemen oluncaya kadar\",\"publisher\":{\"@id\":\"https:\\\/\\\/tdv.org\\\/tr-TR\\\/#organization\"},\"alternateName\":\"T\u00fcrkiye Diyanet Vakf\u0131\",\"potentialAction\":[{\"@type\":\"SearchAction\",\"target\":{\"@type\":\"EntryPoint\",\"urlTemplate\":\"https:\\\/\\\/tdv.org\\\/tr-TR\\\/?s={search_term_string}\"},\"query-input\":{\"@type\":\"PropertyValueSpecification\",\"valueRequired\":true,\"valueName\":\"search_term_string\"}}],\"inLanguage\":\"tr\"},{\"@type\":\"Organization\",\"@id\":\"https:\\\/\\\/tdv.org\\\/tr-TR\\\/#organization\",\"name\":\"T\u00fcrkiye Diyanet Vakf\u0131\",\"alternateName\":\"T\u00fcrkiye Diyanet Vakf\u0131\",\"url\":\"https:\\\/\\\/tdv.org\\\/tr-TR\\\/\",\"logo\":{\"@type\":\"ImageObject\",\"inLanguage\":\"tr\",\"@id\":\"https:\\\/\\\/tdv.org\\\/tr-TR\\\/#\\\/schema\\\/logo\\\/image\\\/\",\"url\":\"https:\\\/\\\/tdv.org\\\/tr-TR\\\/wp-content\\\/uploads\\\/2018\\\/12\\\/TDV_Logo_1.png\",\"contentUrl\":\"https:\\\/\\\/tdv.org\\\/tr-TR\\\/wp-content\\\/uploads\\\/2018\\\/12\\\/TDV_Logo_1.png\",\"width\":207,\"height\":71,\"caption\":\"T\u00fcrkiye Diyanet Vakf\u0131\"},\"image\":{\"@id\":\"https:\\\/\\\/tdv.org\\\/tr-TR\\\/#\\\/schema\\\/logo\\\/image\\\/\"},\"sameAs\":[\"https:\\\/\\\/www.facebook.com\\\/Diyanetvakfi\\\/\",\"https:\\\/\\\/x.com\\\/DiyanetVakfi\",\"https:\\\/\\\/www.instagram.com\\\/turkiyediyanetvakfi\\\/\",\"https:\\\/\\\/www.youtube.com\\\/user\\\/TurkiyeDiyanetVakfi\"]},{\"@type\":\"Person\",\"@id\":\"https:\\\/\\\/tdv.org\\\/tr-TR\\\/#\\\/schema\\\/person\\\/752b55e264a99273d55636516d96d5eb\",\"name\":\"Selim\",\"image\":{\"@type\":\"ImageObject\",\"inLanguage\":\"tr\",\"@id\":\"https:\\\/\\\/tdv.org\\\/tr-TR\\\/wp-content\\\/litespeed\\\/avatar\\\/a1e47b25396e98e5b781e88a5396cd96.jpg?ver=1777287391\",\"url\":\"https:\\\/\\\/tdv.org\\\/tr-TR\\\/wp-content\\\/litespeed\\\/avatar\\\/a1e47b25396e98e5b781e88a5396cd96.jpg?ver=1777287391\",\"contentUrl\":\"https:\\\/\\\/tdv.org\\\/tr-TR\\\/wp-content\\\/litespeed\\\/avatar\\\/a1e47b25396e98e5b781e88a5396cd96.jpg?ver=1777287391\",\"caption\":\"Selim\"}}]}<\/script>\n<!-- \/ Yoast SEO plugin. -->","yoast_head_json":{"title":"Diyanet \u0130\u015fleri Ba\u015fkan\u0131 ve TDV M\u00fctevelli Heyeti Ba\u015fkan\u0131 Arpagu\u015f, Kosova'da iftar program\u0131na kat\u0131ld\u0131","description":"Diyanet\u00a0\u0130\u015fleri Ba\u015fkan\u0131 ve T\u00fcrkiye Diyanet Vakf\u0131 M\u00fctevelli Heyeti Ba\u015fkan\u0131 Safi Arpagu\u015f, \u00a0Diyanet\u00a0\u0130\u015fleri Ba\u015fkanl\u0131\u011f\u0131, T\u00fcrkiye\u00a0Diyanet\u00a0Vakf\u0131\u00a0ve T\u00fcrkiye'nin Pri\u015ftine B\u00fcy\u00fckel\u00e7ili\u011fi i\u015f birli\u011finde Kosova'n\u0131n g\u00fcneyindeki Prizren \u015fehrinde d\u00fczenlenen iftar program\u0131na kat\u0131ld\u0131.","robots":{"index":"index","follow":"follow","max-snippet":"max-snippet:-1","max-image-preview":"max-image-preview:large","max-video-preview":"max-video-preview:-1"},"canonical":"https:\/\/tdv.org\/tr-TR\/diyanet-isleri-baskani-ve-tdv-mutevelli-heyeti-baskani-arpagus-kosovada-iftar-programina-katildi\/","og_locale":"tr_TR","og_type":"article","og_title":"Diyanet \u0130\u015fleri Ba\u015fkan\u0131 ve TDV M\u00fctevelli Heyeti Ba\u015fkan\u0131 Arpagu\u015f, Kosova'da iftar program\u0131na kat\u0131ld\u0131","og_description":"Diyanet\u00a0\u0130\u015fleri Ba\u015fkan\u0131 ve T\u00fcrkiye Diyanet Vakf\u0131 M\u00fctevelli Heyeti Ba\u015fkan\u0131 Safi Arpagu\u015f, \u00a0Diyanet\u00a0\u0130\u015fleri Ba\u015fkanl\u0131\u011f\u0131, T\u00fcrkiye\u00a0Diyanet\u00a0Vakf\u0131\u00a0ve T\u00fcrkiye'nin Pri\u015ftine B\u00fcy\u00fckel\u00e7ili\u011fi i\u015f birli\u011finde Kosova'n\u0131n g\u00fcneyindeki Prizren \u015fehrinde d\u00fczenlenen iftar program\u0131na kat\u0131ld\u0131.","og_url":"https:\/\/tdv.org\/tr-TR\/diyanet-isleri-baskani-ve-tdv-mutevelli-heyeti-baskani-arpagus-kosovada-iftar-programina-katildi\/","og_site_name":"T\u00fcrkiye Diyanet Vakf\u0131 Resmi Web Sitesi","article_publisher":"https:\/\/www.facebook.com\/Diyanetvakfi\/","article_published_time":"2026-03-04T07:38:02+00:00","og_image":[{"width":1152,"height":768,"url":"https:\/\/tdv.org\/tr-TR\/wp-content\/uploads\/2026\/03\/diyanet-isleri-baskani-ve-tdv-mutevelli-heyeti-baskani-arpagus-kosovada-iftar-programina-katildi-1.jpg","type":"image\/jpeg"}],"author":"Selim","twitter_card":"summary_large_image","twitter_creator":"@DiyanetVakfi","twitter_site":"@DiyanetVakfi","schema":{"@context":"https:\/\/schema.org","@graph":[{"@type":"Article","@id":"https:\/\/tdv.org\/tr-TR\/diyanet-isleri-baskani-ve-tdv-mutevelli-heyeti-baskani-arpagus-kosovada-iftar-programina-katildi\/#article","isPartOf":{"@id":"https:\/\/tdv.org\/tr-TR\/diyanet-isleri-baskani-ve-tdv-mutevelli-heyeti-baskani-arpagus-kosovada-iftar-programina-katildi\/"},"author":{"name":"Selim","@id":"https:\/\/tdv.org\/tr-TR\/#\/schema\/person\/752b55e264a99273d55636516d96d5eb"},"headline":"Diyanet \u0130\u015fleri Ba\u015fkan\u0131 ve TDV M\u00fctevelli Heyeti Ba\u015fkan\u0131 Arpagu\u015f, Kosova&#8217;da iftar program\u0131na kat\u0131ld\u0131","datePublished":"2026-03-04T07:38:02+00:00","mainEntityOfPage":{"@id":"https:\/\/tdv.org\/tr-TR\/diyanet-isleri-baskani-ve-tdv-mutevelli-heyeti-baskani-arpagus-kosovada-iftar-programina-katildi\/"},"wordCount":468,"publisher":{"@id":"https:\/\/tdv.org\/tr-TR\/#organization"},"image":{"@id":"https:\/\/tdv.org\/tr-TR\/diyanet-isleri-baskani-ve-tdv-mutevelli-heyeti-baskani-arpagus-kosovada-iftar-programina-katildi\/#primaryimage"},"thumbnailUrl":"https:\/\/tdv.org\/tr-TR\/wp-content\/uploads\/2026\/03\/diyanet-isleri-baskani-ve-tdv-mutevelli-heyeti-baskani-arpagus-kosovada-iftar-programina-katildi-1.jpg","keywords":["Diyanet \u0130\u015fleri Ba\u015fkan\u0131 ve TDV M\u00fctevelli Heyeti Ba\u015fkan\u0131 Prof. Dr. Safi Arpagu\u015f","iftar","iftar bul\u0131\u015fmas\u0131","iftar \u00e7ad\u0131r\u0131","iftar paketi"],"articleSection":["Haberler"],"inLanguage":"tr"},{"@type":"WebPage","@id":"https:\/\/tdv.org\/tr-TR\/diyanet-isleri-baskani-ve-tdv-mutevelli-heyeti-baskani-arpagus-kosovada-iftar-programina-katildi\/","url":"https:\/\/tdv.org\/tr-TR\/diyanet-isleri-baskani-ve-tdv-mutevelli-heyeti-baskani-arpagus-kosovada-iftar-programina-katildi\/","name":"Diyanet \u0130\u015fleri Ba\u015fkan\u0131 ve TDV M\u00fctevelli Heyeti Ba\u015fkan\u0131 Arpagu\u015f, Kosova'da iftar program\u0131na kat\u0131ld\u0131","isPartOf":{"@id":"https:\/\/tdv.org\/tr-TR\/#website"},"primaryImageOfPage":{"@id":"https:\/\/tdv.org\/tr-TR\/diyanet-isleri-baskani-ve-tdv-mutevelli-heyeti-baskani-arpagus-kosovada-iftar-programina-katildi\/#primaryimage"},"image":{"@id":"https:\/\/tdv.org\/tr-TR\/diyanet-isleri-baskani-ve-tdv-mutevelli-heyeti-baskani-arpagus-kosovada-iftar-programina-katildi\/#primaryimage"},"thumbnailUrl":"https:\/\/tdv.org\/tr-TR\/wp-content\/uploads\/2026\/03\/diyanet-isleri-baskani-ve-tdv-mutevelli-heyeti-baskani-arpagus-kosovada-iftar-programina-katildi-1.jpg","datePublished":"2026-03-04T07:38:02+00:00","description":"Diyanet\u00a0\u0130\u015fleri Ba\u015fkan\u0131 ve T\u00fcrkiye Diyanet Vakf\u0131 M\u00fctevelli Heyeti Ba\u015fkan\u0131 Safi Arpagu\u015f, \u00a0Diyanet\u00a0\u0130\u015fleri Ba\u015fkanl\u0131\u011f\u0131, T\u00fcrkiye\u00a0Diyanet\u00a0Vakf\u0131\u00a0ve T\u00fcrkiye'nin Pri\u015ftine B\u00fcy\u00fckel\u00e7ili\u011fi i\u015f birli\u011finde Kosova'n\u0131n g\u00fcneyindeki Prizren \u015fehrinde d\u00fczenlenen iftar program\u0131na kat\u0131ld\u0131.","breadcrumb":{"@id":"https:\/\/tdv.org\/tr-TR\/diyanet-isleri-baskani-ve-tdv-mutevelli-heyeti-baskani-arpagus-kosovada-iftar-programina-katildi\/#breadcrumb"},"inLanguage":"tr","potentialAction":[{"@type":"ReadAction","target":["https:\/\/tdv.org\/tr-TR\/diyanet-isleri-baskani-ve-tdv-mutevelli-heyeti-baskani-arpagus-kosovada-iftar-programina-katildi\/"]}]},{"@type":"ImageObject","inLanguage":"tr","@id":"https:\/\/tdv.org\/tr-TR\/diyanet-isleri-baskani-ve-tdv-mutevelli-heyeti-baskani-arpagus-kosovada-iftar-programina-katildi\/#primaryimage","url":"https:\/\/tdv.org\/tr-TR\/wp-content\/uploads\/2026\/03\/diyanet-isleri-baskani-ve-tdv-mutevelli-heyeti-baskani-arpagus-kosovada-iftar-programina-katildi-1.jpg","contentUrl":"https:\/\/tdv.org\/tr-TR\/wp-content\/uploads\/2026\/03\/diyanet-isleri-baskani-ve-tdv-mutevelli-heyeti-baskani-arpagus-kosovada-iftar-programina-katildi-1.jpg","width":1152,"height":768,"caption":"diyanet-isleri-baskani-ve-tdv-mutevelli-heyeti-baskani-arpagus-kosovada-iftar-programina-katildi"},{"@type":"BreadcrumbList","@id":"https:\/\/tdv.org\/tr-TR\/diyanet-isleri-baskani-ve-tdv-mutevelli-heyeti-baskani-arpagus-kosovada-iftar-programina-katildi\/#breadcrumb","itemListElement":[{"@type":"ListItem","position":1,"name":"Anasayfa","item":"https:\/\/tdv.org\/tr-TR\/"},{"@type":"ListItem","position":2,"name":"Diyanet \u0130\u015fleri Ba\u015fkan\u0131 ve TDV M\u00fctevelli Heyeti Ba\u015fkan\u0131 Arpagu\u015f, Kosova&#8217;da iftar program\u0131na kat\u0131ld\u0131"}]},{"@type":"WebSite","@id":"https:\/\/tdv.org\/tr-TR\/#website","url":"https:\/\/tdv.org\/tr-TR\/","name":"T\u00fcrkiye Diyanet Vakf\u0131 Resmi Web Sitesi","description":"Yery\u00fcz\u00fcnde iyilik egemen oluncaya kadar","publisher":{"@id":"https:\/\/tdv.org\/tr-TR\/#organization"},"alternateName":"T\u00fcrkiye Diyanet Vakf\u0131","potentialAction":[{"@type":"SearchAction","target":{"@type":"EntryPoint","urlTemplate":"https:\/\/tdv.org\/tr-TR\/?s={search_term_string}"},"query-input":{"@type":"PropertyValueSpecification","valueRequired":true,"valueName":"search_term_string"}}],"inLanguage":"tr"},{"@type":"Organization","@id":"https:\/\/tdv.org\/tr-TR\/#organization","name":"T\u00fcrkiye Diyanet Vakf\u0131","alternateName":"T\u00fcrkiye Diyanet Vakf\u0131","url":"https:\/\/tdv.org\/tr-TR\/","logo":{"@type":"ImageObject","inLanguage":"tr","@id":"https:\/\/tdv.org\/tr-TR\/#\/schema\/logo\/image\/","url":"https:\/\/tdv.org\/tr-TR\/wp-content\/uploads\/2018\/12\/TDV_Logo_1.png","contentUrl":"https:\/\/tdv.org\/tr-TR\/wp-content\/uploads\/2018\/12\/TDV_Logo_1.png","width":207,"height":71,"caption":"T\u00fcrkiye Diyanet Vakf\u0131"},"image":{"@id":"https:\/\/tdv.org\/tr-TR\/#\/schema\/logo\/image\/"},"sameAs":["https:\/\/www.facebook.com\/Diyanetvakfi\/","https:\/\/x.com\/DiyanetVakfi","https:\/\/www.instagram.com\/turkiyediyanetvakfi\/","https:\/\/www.youtube.com\/user\/TurkiyeDiyanetVakfi"]},{"@type":"Person","@id":"https:\/\/tdv.org\/tr-TR\/#\/schema\/person\/752b55e264a99273d55636516d96d5eb","name":"Selim","image":{"@type":"ImageObject","inLanguage":"tr","@id":"https:\/\/tdv.org\/tr-TR\/wp-content\/litespeed\/avatar\/a1e47b25396e98e5b781e88a5396cd96.jpg?ver=1777287391","url":"https:\/\/tdv.org\/tr-TR\/wp-content\/litespeed\/avatar\/a1e47b25396e98e5b781e88a5396cd96.jpg?ver=1777287391","contentUrl":"https:\/\/tdv.org\/tr-TR\/wp-content\/litespeed\/avatar\/a1e47b25396e98e5b781e88a5396cd96.jpg?ver=1777287391","caption":"Selim"}}]}},"_links":{"self":[{"href":"https:\/\/tdv.org\/tr-TR\/wp-json\/wp\/v2\/posts\/55891","targetHints":{"allow":["GET"]}}],"collection":[{"href":"https:\/\/tdv.org\/tr-TR\/wp-json\/wp\/v2\/posts"}],"about":[{"href":"https:\/\/tdv.org\/tr-TR\/wp-json\/wp\/v2\/types\/post"}],"author":[{"embeddable":true,"href":"https:\/\/tdv.org\/tr-TR\/wp-json\/wp\/v2\/users\/8"}],"replies":[{"embeddable":true,"href":"https:\/\/tdv.org\/tr-TR\/wp-json\/wp\/v2\/comments?post=55891"}],"version-history":[{"count":1,"href":"https:\/\/tdv.org\/tr-TR\/wp-json\/wp\/v2\/posts\/55891\/revisions"}],"predecessor-version":[{"id":55893,"href":"https:\/\/tdv.org\/tr-TR\/wp-json\/wp\/v2\/posts\/55891\/revisions\/55893"}],"wp:featuredmedia":[{"embeddable":true,"href":"https:\/\/tdv.org\/tr-TR\/wp-json\/wp\/v2\/media\/55892"}],"wp:attachment":[{"href":"https:\/\/tdv.org\/tr-TR\/wp-json\/wp\/v2\/media?parent=55891"}],"wp:term":[{"taxonomy":"category","embeddable":true,"href":"https:\/\/tdv.org\/tr-TR\/wp-json\/wp\/v2\/categories?post=55891"},{"taxonomy":"post_tag","embeddable":true,"href":"https:\/\/tdv.org\/tr-TR\/wp-json\/wp\/v2\/tags?post=55891"}],"curies":[{"name":"wp","href":"https:\/\/api.w.org\/{rel}","templated":true}]}}