{"id":55895,"date":"2026-03-05T09:54:57","date_gmt":"2026-03-05T06:54:57","guid":{"rendered":"https:\/\/tdv.org\/tr-TR\/?p=55895"},"modified":"2026-03-05T10:09:49","modified_gmt":"2026-03-05T07:09:49","slug":"turkiye-diyanet-vakfi-unutursan-yetim-kalir-projesiyle-binlerce-yetime-destek-sagliyor","status":"publish","type":"post","link":"https:\/\/tdv.org\/tr-TR\/turkiye-diyanet-vakfi-unutursan-yetim-kalir-projesiyle-binlerce-yetime-destek-sagliyor\/","title":{"rendered":"T\u00fcrkiye Diyanet Vakf\u0131, \u201cUnutursan Yetim Kal\u0131r\u201d projesiyle binlerce yetime destek sa\u011fl\u0131yor"},"content":{"rendered":"<p style=\"text-align: justify;\"><a href=\"https:\/\/tdv.org\/tr-TR\/\" target=\"_blank\" rel=\"noopener\">T\u00fcrkiye Diyanet Vakf\u0131 (TDV)<\/a>, <a href=\"https:\/\/tdv.org\/tr-TR\/faaliyetlerimiz\/yetim\/\" target=\"_blank\" rel=\"noopener\">\u201cUnutursan Yetim Kal\u0131r\u201d<\/a> projesiyle y\u0131l boyunca yurt i\u00e7i ve yurt d\u0131\u015f\u0131ndaki <a href=\"https:\/\/bagis.tdv.org\/#yetim\" target=\"_blank\" rel=\"noopener\">yetim<\/a>lerin <a href=\"https:\/\/bagis.tdv.org\/yetim\/yurtdisi-yetim-egitim-ve-barinma-destegi-32\" target=\"_blank\" rel=\"noopener\">bar\u0131nma<\/a>, <a href=\"https:\/\/bagis.tdv.org\/yetim\/yurtdisi-yetim-egitim-destegi-34\" target=\"_blank\" rel=\"noopener\">e\u011fitim<\/a> ve <a href=\"https:\/\/bagis.tdv.org\/yetim\/yetim-genel-bagis-20\" target=\"_blank\" rel=\"noopener\">temel ihtiya\u00e7lar\u0131n\u0131<\/a> kar\u015f\u0131l\u0131yor.<\/p>\n<p>TDV bu kapsamda T\u00fcrkiye genelinde 60 ilde 8.004 <a href=\"https:\/\/bagis.tdv.org\/#yetim\" target=\"_blank\" rel=\"noopener\">yetim<\/a>e, yurt d\u0131\u015f\u0131nda ise 19 \u00fclkede 1.974 <a href=\"https:\/\/bagis.tdv.org\/#yetim\" target=\"_blank\" rel=\"noopener\">yetim<\/a>e d\u00fczenli destek sa\u011fl\u0131yor. TDV, <a href=\"https:\/\/bagis.tdv.org\/#yetim\" target=\"_blank\" rel=\"noopener\">yetim<\/a>lere hem nakdi hem de ayni yard\u0131mlar sunarak <a href=\"https:\/\/bagis.tdv.org\/yetim\/yurtdisi-yetim-egitim-destegi-34\" target=\"_blank\" rel=\"noopener\">e\u011fitim<\/a>, <a href=\"https:\/\/bagis.tdv.org\/yetim\/yurtdisi-yetim-egitim-ve-barinma-destegi-32\" target=\"_blank\" rel=\"noopener\">bar\u0131nma<\/a>, sa\u011fl\u0131k ve <a href=\"https:\/\/bagis.tdv.org\/yetim\/yetim-etkinlik-ve-sosyal-destek-36\" target=\"_blank\" rel=\"noopener\">sosyal<\/a> ihtiya\u00e7lar\u0131n\u0131 kar\u015f\u0131l\u0131yor. Bunun yan\u0131 s\u0131ra TDV, y\u0131l boyunca d\u00fczenledi\u011fi \u00e7e\u015fitli \u00e7al\u0131\u015fmalarla daha pek \u00e7ok <a href=\"https:\/\/bagis.tdv.org\/yetim\/yetim-genel-bagis-20\" target=\"_blank\" rel=\"noopener\">yetime<\/a> destek oluyor.<\/p>\n<p style=\"text-align: justify;\"><strong>Maddi ve manevi destek sa\u011flan\u0131yor<\/strong><\/p>\n<p style=\"text-align: justify;\">Yetimlere sa\u011flanan destekler aras\u0131nda Ramazan ve Kurban Bayramlar\u0131nda g\u0131da ihtiya\u00e7lar\u0131n\u0131 kar\u015f\u0131layacak al\u0131\u015fveri\u015f yard\u0131m kartlar\u0131 ve<a href=\"https:\/\/bagis.tdv.org\/ramazan\/bayramlik-22\" target=\"_blank\" rel=\"noopener\"> bayraml\u0131k<\/a> k\u0131yafet kartlar\u0131 bulunuyor. E\u011fitim-\u00f6\u011fretim y\u0131l\u0131 ba\u015f\u0131nda k\u0131rtasiye yard\u0131m\u0131, y\u0131l sonunda karne hediyesi, k\u0131\u015f aylar\u0131nda ise ilave k\u0131\u015fl\u0131k k\u0131yafet yard\u0131mlar\u0131 sunuluyor.<\/p>\n<p>Y\u0131l boyunca kad\u0131n din g\u00f6revlileri ve TDV Kad\u0131n Kollar\u0131 arac\u0131l\u0131\u011f\u0131yla \u00e7ocuklara manevi ve <a href=\"https:\/\/bagis.tdv.org\/yetim\/yetim-himayesi-yurt-ici-37\" target=\"_blank\" rel=\"noopener\">sosyal destek<\/a> veriliyor, b\u00f6ylece <a href=\"https:\/\/bagis.tdv.org\/#yetim\" target=\"_blank\" rel=\"noopener\">yetim<\/a>lerin hem maddi hem de manevi ihtiya\u00e7lar\u0131 kar\u015f\u0131lan\u0131yor.<\/p>\n<p>Vak\u0131f ayr\u0131ca D\u00fcnya Yetimler G\u00fcn\u00fc vesilesiyle <a href=\"https:\/\/bagis.tdv.org\/yetim\/yetim-himayesi-yurt-ici-37\" target=\"_blank\" rel=\"noopener\">yurt i\u00e7i<\/a> ve <a href=\"https:\/\/bagis.tdv.org\/yetim\/yetim-himayesi-yurt-disi-33\" target=\"_blank\" rel=\"noopener\">yurt d\u0131\u015f\u0131nda<\/a> \u00e7e\u015fitli etkinlikler d\u00fczenleyerek <a href=\"https:\/\/bagis.tdv.org\/#yetim\" target=\"_blank\" rel=\"noopener\">yetim<\/a>lerin y\u00fczlerini g\u00fcld\u00fcr\u00fcyor.<\/p>\n<p><strong>Ayl\u0131k 1.500 TL destekle yetimlere hamilik yap\u0131labiliyor<\/strong><\/p>\n<p style=\"text-align: justify;\">TDV\u2019nin ayl\u0131k 1.500 TL olan <a href=\"https:\/\/bagis.tdv.org\/#yetim\" target=\"_blank\" rel=\"noopener\">yetim<\/a> <a href=\"https:\/\/bagis.tdv.org\/yetim\/yetim-himayesi-yurt-ici-37\" target=\"_blank\" rel=\"noopener\">himaye<\/a> bedeliyle her <a href=\"https:\/\/bagis.tdv.org\/#yetim\" target=\"_blank\" rel=\"noopener\">yetim<\/a> en az bir y\u0131l destekleniyor. Ba\u011f\u0131\u015f\u00e7\u0131lar, Vakf\u0131n <a href=\"https:\/\/bagis.tdv.org\/\">https:\/\/bagis.tdv.org\/<\/a> ba\u011f\u0131\u015f adresinden istedikleri miktarda yard\u0131m yapabiliyor ya da minimum bir y\u0131ll\u0131k <a href=\"https:\/\/bagis.tdv.org\/yetim\/yetim-himayesi-yurt-ici-37\" target=\"_blank\" rel=\"noopener\">himaye<\/a> bedeliyle <a href=\"https:\/\/bagis.tdv.org\/yetim\/yetim-himayesi-yurt-ici-37\" target=\"_blank\" rel=\"noopener\">yetim hamisi<\/a> olabiliyor.<\/p>\n<p>TDV, <a href=\"https:\/\/bagis.tdv.org\/#yetim\" target=\"_blank\" rel=\"noopener\">yetim<\/a> <a href=\"https:\/\/bagis.tdv.org\/yetim\/yetim-himayesi-yurt-ici-37\" target=\"_blank\" rel=\"noopener\">himaye<\/a> projesini \u00fclke genelinde yayg\u0131nla\u015ft\u0131rmak i\u00e7in \u00e7al\u0131\u015fmalar\u0131n\u0131 s\u00fcrd\u00fcr\u00fcyor ve 81 ilde daha fazla <a href=\"https:\/\/bagis.tdv.org\/#yetim\" target=\"_blank\" rel=\"noopener\">yetim<\/a>e ula\u015fmay\u0131 hedefliyor.<\/p>\n<p style=\"text-align: justify;\"><strong>Yurt d\u0131\u015f\u0131 <a href=\"https:\/\/bagis.tdv.org\/#yetim\" target=\"_blank\" rel=\"noopener\">yetim<\/a>haneler ve e\u011fitim destekleri<\/strong><\/p>\n<p style=\"text-align: justify;\">TDV b\u00fcnyesinde yurt d\u0131\u015f\u0131nda, <a href=\"https:\/\/bagis.tdv.org\/#yetim\" target=\"_blank\" rel=\"noopener\">yetim<\/a>lerin e\u011fitim ve bar\u0131nma ihtiya\u00e7lar\u0131n\u0131 kar\u015f\u0131lamak amac\u0131yla \u00e7e\u015fitli <a href=\"https:\/\/bagis.tdv.org\/#yetim\" target=\"_blank\" rel=\"noopener\">yetim<\/a>haneler faaliyet g\u00f6steriyor. Tanzanya\u2019da bir, Afganistan\u2019da iki olmak \u00fczere toplam 3 <a href=\"https:\/\/bagis.tdv.org\/#yetim\" target=\"_blank\" rel=\"noopener\">yetim<\/a>hanede 177 <a href=\"https:\/\/bagis.tdv.org\/#yetim\" target=\"_blank\" rel=\"noopener\">yetim<\/a> bar\u0131n\u0131yor. Ayr\u0131ca, <a href=\"https:\/\/bagis.tdv.org\/yetim\/yurtdisi-yetim-egitim-destegi-34\" target=\"_blank\" rel=\"noopener\">yetim e\u011fitim program\u0131<\/a> kapsam\u0131nda Somali, Afganistan ve Pakistan\u2019daki 6 okulda toplam 360 <a href=\"https:\/\/bagis.tdv.org\/yetim\/yurtdisi-yetim-egitim-destegi-34\" target=\"_blank\" rel=\"noopener\">yetime e\u011fitim deste\u011fi<\/a> sa\u011flan\u0131yor.<\/p>\n\n\t\t<style type=\"text\/css\">\n\t\t\t#gallery-1 {\n\t\t\t\tmargin: auto;\n\t\t\t}\n\t\t\t#gallery-1 .gallery-item {\n\t\t\t\tfloat: left;\n\t\t\t\tmargin-top: 10px;\n\t\t\t\ttext-align: center;\n\t\t\t\twidth: 33%;\n\t\t\t}\n\t\t\t#gallery-1 img {\n\t\t\t\tborder: 2px solid #cfcfcf;\n\t\t\t}\n\t\t\t#gallery-1 .gallery-caption {\n\t\t\t\tmargin-left: 0;\n\t\t\t}\n\t\t\t\/* see gallery_shortcode() in wp-includes\/media.php *\/\n\t\t<\/style>\n\t\t<div id='gallery-1' class='gallery galleryid-55895 gallery-columns-3 gallery-size-large'><dl class='gallery-item'>\n\t\t\t<dt class='gallery-icon landscape'>\n\t\t\t\t<a href='https:\/\/tdv.org\/tr-TR\/wp-content\/uploads\/2026\/03\/turkiye-diyanet-vakfi-unutursan-yetim-kalir-projesiyle-binlerce-yetime-destek-sagliyor-1.jpg'><img decoding=\"async\" width=\"1024\" height=\"683\" src=\"https:\/\/tdv.org\/tr-TR\/wp-content\/uploads\/2026\/03\/turkiye-diyanet-vakfi-unutursan-yetim-kalir-projesiyle-binlerce-yetime-destek-sagliyor-1-1024x683.jpg\" class=\"attachment-large size-large\" alt=\"\" aria-describedby=\"gallery-1-55896\" srcset=\"https:\/\/tdv.org\/tr-TR\/wp-content\/uploads\/2026\/03\/turkiye-diyanet-vakfi-unutursan-yetim-kalir-projesiyle-binlerce-yetime-destek-sagliyor-1-1024x683.jpg 1024w, https:\/\/tdv.org\/tr-TR\/wp-content\/uploads\/2026\/03\/turkiye-diyanet-vakfi-unutursan-yetim-kalir-projesiyle-binlerce-yetime-destek-sagliyor-1-300x200.jpg 300w, https:\/\/tdv.org\/tr-TR\/wp-content\/uploads\/2026\/03\/turkiye-diyanet-vakfi-unutursan-yetim-kalir-projesiyle-binlerce-yetime-destek-sagliyor-1-768x512.jpg 768w, https:\/\/tdv.org\/tr-TR\/wp-content\/uploads\/2026\/03\/turkiye-diyanet-vakfi-unutursan-yetim-kalir-projesiyle-binlerce-yetime-destek-sagliyor-1-900x600.jpg 900w, https:\/\/tdv.org\/tr-TR\/wp-content\/uploads\/2026\/03\/turkiye-diyanet-vakfi-unutursan-yetim-kalir-projesiyle-binlerce-yetime-destek-sagliyor-1.jpg 1152w\" sizes=\"(max-width: 1024px) 100vw, 1024px\" \/><\/a>\n\t\t\t<\/dt>\n\t\t\t\t<dd class='wp-caption-text gallery-caption' id='gallery-1-55896'>\n\t\t\t\tT\u00fcrkiye Diyanet Vakf\u0131, \u201cUnutursan Yetim Kal\u0131r\u201d projesiyle binlerce yetime destek sa\u011fl\u0131yor,yetim himayesi, yetim yard\u0131m\u0131, unutursan yetim kal\u0131r, yetim,\n\t\t\t\t<\/dd><\/dl><dl class='gallery-item'>\n\t\t\t<dt class='gallery-icon landscape'>\n\t\t\t\t<a href='https:\/\/tdv.org\/tr-TR\/wp-content\/uploads\/2026\/03\/turkiye-diyanet-vakfi-unutursan-yetim-kalir-projesiyle-binlerce-yetime-destek-sagliyor-2.jpg'><img decoding=\"async\" width=\"1024\" height=\"683\" src=\"https:\/\/tdv.org\/tr-TR\/wp-content\/uploads\/2026\/03\/turkiye-diyanet-vakfi-unutursan-yetim-kalir-projesiyle-binlerce-yetime-destek-sagliyor-2-1024x683.jpg\" class=\"attachment-large size-large\" alt=\"\" aria-describedby=\"gallery-1-55897\" srcset=\"https:\/\/tdv.org\/tr-TR\/wp-content\/uploads\/2026\/03\/turkiye-diyanet-vakfi-unutursan-yetim-kalir-projesiyle-binlerce-yetime-destek-sagliyor-2-1024x683.jpg 1024w, https:\/\/tdv.org\/tr-TR\/wp-content\/uploads\/2026\/03\/turkiye-diyanet-vakfi-unutursan-yetim-kalir-projesiyle-binlerce-yetime-destek-sagliyor-2-300x200.jpg 300w, https:\/\/tdv.org\/tr-TR\/wp-content\/uploads\/2026\/03\/turkiye-diyanet-vakfi-unutursan-yetim-kalir-projesiyle-binlerce-yetime-destek-sagliyor-2-768x512.jpg 768w, https:\/\/tdv.org\/tr-TR\/wp-content\/uploads\/2026\/03\/turkiye-diyanet-vakfi-unutursan-yetim-kalir-projesiyle-binlerce-yetime-destek-sagliyor-2-900x600.jpg 900w, https:\/\/tdv.org\/tr-TR\/wp-content\/uploads\/2026\/03\/turkiye-diyanet-vakfi-unutursan-yetim-kalir-projesiyle-binlerce-yetime-destek-sagliyor-2.jpg 1152w\" sizes=\"(max-width: 1024px) 100vw, 1024px\" \/><\/a>\n\t\t\t<\/dt>\n\t\t\t\t<dd class='wp-caption-text gallery-caption' id='gallery-1-55897'>\n\t\t\t\tT\u00fcrkiye Diyanet Vakf\u0131, \u201cUnutursan Yetim Kal\u0131r\u201d projesiyle binlerce yetime destek sa\u011fl\u0131yor,yetim himayesi, yetim yard\u0131m\u0131, unutursan yetim kal\u0131r, yetim,\n\t\t\t\t<\/dd><\/dl><dl class='gallery-item'>\n\t\t\t<dt class='gallery-icon landscape'>\n\t\t\t\t<a href='https:\/\/tdv.org\/tr-TR\/wp-content\/uploads\/2026\/03\/turkiye-diyanet-vakfi-unutursan-yetim-kalir-projesiyle-binlerce-yetime-destek-sagliyor-3.jpg'><img decoding=\"async\" width=\"1024\" height=\"683\" src=\"https:\/\/tdv.org\/tr-TR\/wp-content\/uploads\/2026\/03\/turkiye-diyanet-vakfi-unutursan-yetim-kalir-projesiyle-binlerce-yetime-destek-sagliyor-3-1024x683.jpg\" class=\"attachment-large size-large\" alt=\"\" aria-describedby=\"gallery-1-55898\" srcset=\"https:\/\/tdv.org\/tr-TR\/wp-content\/uploads\/2026\/03\/turkiye-diyanet-vakfi-unutursan-yetim-kalir-projesiyle-binlerce-yetime-destek-sagliyor-3-1024x683.jpg 1024w, https:\/\/tdv.org\/tr-TR\/wp-content\/uploads\/2026\/03\/turkiye-diyanet-vakfi-unutursan-yetim-kalir-projesiyle-binlerce-yetime-destek-sagliyor-3-300x200.jpg 300w, https:\/\/tdv.org\/tr-TR\/wp-content\/uploads\/2026\/03\/turkiye-diyanet-vakfi-unutursan-yetim-kalir-projesiyle-binlerce-yetime-destek-sagliyor-3-768x512.jpg 768w, https:\/\/tdv.org\/tr-TR\/wp-content\/uploads\/2026\/03\/turkiye-diyanet-vakfi-unutursan-yetim-kalir-projesiyle-binlerce-yetime-destek-sagliyor-3-900x600.jpg 900w, https:\/\/tdv.org\/tr-TR\/wp-content\/uploads\/2026\/03\/turkiye-diyanet-vakfi-unutursan-yetim-kalir-projesiyle-binlerce-yetime-destek-sagliyor-3.jpg 1152w\" sizes=\"(max-width: 1024px) 100vw, 1024px\" \/><\/a>\n\t\t\t<\/dt>\n\t\t\t\t<dd class='wp-caption-text gallery-caption' id='gallery-1-55898'>\n\t\t\t\tT\u00fcrkiye Diyanet Vakf\u0131, \u201cUnutursan Yetim Kal\u0131r\u201d projesiyle binlerce yetime destek sa\u011fl\u0131yor,yetim himayesi, yetim yard\u0131m\u0131, unutursan yetim kal\u0131r, yetim,\n\t\t\t\t<\/dd><\/dl><br style=\"clear: both\" \/><dl class='gallery-item'>\n\t\t\t<dt class='gallery-icon landscape'>\n\t\t\t\t<a href='https:\/\/tdv.org\/tr-TR\/wp-content\/uploads\/2026\/03\/turkiye-diyanet-vakfi-unutursan-yetim-kalir-projesiyle-binlerce-yetime-destek-sagliyor-4.jpg'><img decoding=\"async\" width=\"1024\" height=\"683\" src=\"https:\/\/tdv.org\/tr-TR\/wp-content\/uploads\/2026\/03\/turkiye-diyanet-vakfi-unutursan-yetim-kalir-projesiyle-binlerce-yetime-destek-sagliyor-4-1024x683.jpg\" class=\"attachment-large size-large\" alt=\"\" aria-describedby=\"gallery-1-55899\" srcset=\"https:\/\/tdv.org\/tr-TR\/wp-content\/uploads\/2026\/03\/turkiye-diyanet-vakfi-unutursan-yetim-kalir-projesiyle-binlerce-yetime-destek-sagliyor-4-1024x683.jpg 1024w, https:\/\/tdv.org\/tr-TR\/wp-content\/uploads\/2026\/03\/turkiye-diyanet-vakfi-unutursan-yetim-kalir-projesiyle-binlerce-yetime-destek-sagliyor-4-300x200.jpg 300w, https:\/\/tdv.org\/tr-TR\/wp-content\/uploads\/2026\/03\/turkiye-diyanet-vakfi-unutursan-yetim-kalir-projesiyle-binlerce-yetime-destek-sagliyor-4-768x512.jpg 768w, https:\/\/tdv.org\/tr-TR\/wp-content\/uploads\/2026\/03\/turkiye-diyanet-vakfi-unutursan-yetim-kalir-projesiyle-binlerce-yetime-destek-sagliyor-4-900x600.jpg 900w, https:\/\/tdv.org\/tr-TR\/wp-content\/uploads\/2026\/03\/turkiye-diyanet-vakfi-unutursan-yetim-kalir-projesiyle-binlerce-yetime-destek-sagliyor-4.jpg 1152w\" sizes=\"(max-width: 1024px) 100vw, 1024px\" \/><\/a>\n\t\t\t<\/dt>\n\t\t\t\t<dd class='wp-caption-text gallery-caption' id='gallery-1-55899'>\n\t\t\t\tT\u00fcrkiye Diyanet Vakf\u0131, \u201cUnutursan Yetim Kal\u0131r\u201d projesiyle binlerce yetime destek sa\u011fl\u0131yor,yetim himayesi, yetim yard\u0131m\u0131, unutursan yetim kal\u0131r, yetim,\n\t\t\t\t<\/dd><\/dl><dl class='gallery-item'>\n\t\t\t<dt class='gallery-icon landscape'>\n\t\t\t\t<a href='https:\/\/tdv.org\/tr-TR\/wp-content\/uploads\/2026\/03\/turkiye-diyanet-vakfi-unutursan-yetim-kalir-projesiyle-binlerce-yetime-destek-sagliyor-5.jpg'><img decoding=\"async\" width=\"1024\" height=\"683\" src=\"https:\/\/tdv.org\/tr-TR\/wp-content\/uploads\/2026\/03\/turkiye-diyanet-vakfi-unutursan-yetim-kalir-projesiyle-binlerce-yetime-destek-sagliyor-5-1024x683.jpg\" class=\"attachment-large size-large\" alt=\"\" aria-describedby=\"gallery-1-55900\" srcset=\"https:\/\/tdv.org\/tr-TR\/wp-content\/uploads\/2026\/03\/turkiye-diyanet-vakfi-unutursan-yetim-kalir-projesiyle-binlerce-yetime-destek-sagliyor-5-1024x683.jpg 1024w, https:\/\/tdv.org\/tr-TR\/wp-content\/uploads\/2026\/03\/turkiye-diyanet-vakfi-unutursan-yetim-kalir-projesiyle-binlerce-yetime-destek-sagliyor-5-300x200.jpg 300w, https:\/\/tdv.org\/tr-TR\/wp-content\/uploads\/2026\/03\/turkiye-diyanet-vakfi-unutursan-yetim-kalir-projesiyle-binlerce-yetime-destek-sagliyor-5-768x512.jpg 768w, https:\/\/tdv.org\/tr-TR\/wp-content\/uploads\/2026\/03\/turkiye-diyanet-vakfi-unutursan-yetim-kalir-projesiyle-binlerce-yetime-destek-sagliyor-5-900x600.jpg 900w, https:\/\/tdv.org\/tr-TR\/wp-content\/uploads\/2026\/03\/turkiye-diyanet-vakfi-unutursan-yetim-kalir-projesiyle-binlerce-yetime-destek-sagliyor-5.jpg 1152w\" sizes=\"(max-width: 1024px) 100vw, 1024px\" \/><\/a>\n\t\t\t<\/dt>\n\t\t\t\t<dd class='wp-caption-text gallery-caption' id='gallery-1-55900'>\n\t\t\t\tT\u00fcrkiye Diyanet Vakf\u0131, \u201cUnutursan Yetim Kal\u0131r\u201d projesiyle binlerce yetime destek sa\u011fl\u0131yor,yetim himayesi, yetim yard\u0131m\u0131, unutursan yetim kal\u0131r, yetim,\n\t\t\t\t<\/dd><\/dl><dl class='gallery-item'>\n\t\t\t<dt class='gallery-icon landscape'>\n\t\t\t\t<a href='https:\/\/tdv.org\/tr-TR\/wp-content\/uploads\/2026\/03\/turkiye-diyanet-vakfi-unutursan-yetim-kalir-projesiyle-binlerce-yetime-destek-sagliyor-6.jpg'><img decoding=\"async\" width=\"1024\" height=\"683\" src=\"https:\/\/tdv.org\/tr-TR\/wp-content\/uploads\/2026\/03\/turkiye-diyanet-vakfi-unutursan-yetim-kalir-projesiyle-binlerce-yetime-destek-sagliyor-6-1024x683.jpg\" class=\"attachment-large size-large\" alt=\"\" aria-describedby=\"gallery-1-55901\" srcset=\"https:\/\/tdv.org\/tr-TR\/wp-content\/uploads\/2026\/03\/turkiye-diyanet-vakfi-unutursan-yetim-kalir-projesiyle-binlerce-yetime-destek-sagliyor-6-1024x683.jpg 1024w, https:\/\/tdv.org\/tr-TR\/wp-content\/uploads\/2026\/03\/turkiye-diyanet-vakfi-unutursan-yetim-kalir-projesiyle-binlerce-yetime-destek-sagliyor-6-300x200.jpg 300w, https:\/\/tdv.org\/tr-TR\/wp-content\/uploads\/2026\/03\/turkiye-diyanet-vakfi-unutursan-yetim-kalir-projesiyle-binlerce-yetime-destek-sagliyor-6-768x512.jpg 768w, https:\/\/tdv.org\/tr-TR\/wp-content\/uploads\/2026\/03\/turkiye-diyanet-vakfi-unutursan-yetim-kalir-projesiyle-binlerce-yetime-destek-sagliyor-6-900x600.jpg 900w, https:\/\/tdv.org\/tr-TR\/wp-content\/uploads\/2026\/03\/turkiye-diyanet-vakfi-unutursan-yetim-kalir-projesiyle-binlerce-yetime-destek-sagliyor-6.jpg 1152w\" sizes=\"(max-width: 1024px) 100vw, 1024px\" \/><\/a>\n\t\t\t<\/dt>\n\t\t\t\t<dd class='wp-caption-text gallery-caption' id='gallery-1-55901'>\n\t\t\t\tT\u00fcrkiye Diyanet Vakf\u0131, \u201cUnutursan Yetim Kal\u0131r\u201d projesiyle binlerce yetime destek sa\u011fl\u0131yor,yetim himayesi, yetim yard\u0131m\u0131, unutursan yetim kal\u0131r, yetim,\n\t\t\t\t<\/dd><\/dl><br style=\"clear: both\" \/><dl class='gallery-item'>\n\t\t\t<dt class='gallery-icon landscape'>\n\t\t\t\t<a href='https:\/\/tdv.org\/tr-TR\/wp-content\/uploads\/2026\/03\/turkiye-diyanet-vakfi-unutursan-yetim-kalir-projesiyle-binlerce-yetime-destek-sagliyor-7.jpg'><img decoding=\"async\" width=\"1024\" height=\"683\" src=\"https:\/\/tdv.org\/tr-TR\/wp-content\/uploads\/2026\/03\/turkiye-diyanet-vakfi-unutursan-yetim-kalir-projesiyle-binlerce-yetime-destek-sagliyor-7-1024x683.jpg\" class=\"attachment-large size-large\" alt=\"\" aria-describedby=\"gallery-1-55902\" srcset=\"https:\/\/tdv.org\/tr-TR\/wp-content\/uploads\/2026\/03\/turkiye-diyanet-vakfi-unutursan-yetim-kalir-projesiyle-binlerce-yetime-destek-sagliyor-7-1024x683.jpg 1024w, https:\/\/tdv.org\/tr-TR\/wp-content\/uploads\/2026\/03\/turkiye-diyanet-vakfi-unutursan-yetim-kalir-projesiyle-binlerce-yetime-destek-sagliyor-7-300x200.jpg 300w, https:\/\/tdv.org\/tr-TR\/wp-content\/uploads\/2026\/03\/turkiye-diyanet-vakfi-unutursan-yetim-kalir-projesiyle-binlerce-yetime-destek-sagliyor-7-768x512.jpg 768w, https:\/\/tdv.org\/tr-TR\/wp-content\/uploads\/2026\/03\/turkiye-diyanet-vakfi-unutursan-yetim-kalir-projesiyle-binlerce-yetime-destek-sagliyor-7-900x600.jpg 900w, https:\/\/tdv.org\/tr-TR\/wp-content\/uploads\/2026\/03\/turkiye-diyanet-vakfi-unutursan-yetim-kalir-projesiyle-binlerce-yetime-destek-sagliyor-7.jpg 1152w\" sizes=\"(max-width: 1024px) 100vw, 1024px\" \/><\/a>\n\t\t\t<\/dt>\n\t\t\t\t<dd class='wp-caption-text gallery-caption' id='gallery-1-55902'>\n\t\t\t\tT\u00fcrkiye Diyanet Vakf\u0131, \u201cUnutursan Yetim Kal\u0131r\u201d projesiyle binlerce yetime destek sa\u011fl\u0131yor,yetim himayesi, yetim yard\u0131m\u0131, unutursan yetim kal\u0131r, yetim,\n\t\t\t\t<\/dd><\/dl><dl class='gallery-item'>\n\t\t\t<dt class='gallery-icon landscape'>\n\t\t\t\t<a href='https:\/\/tdv.org\/tr-TR\/wp-content\/uploads\/2026\/03\/turkiye-diyanet-vakfi-unutursan-yetim-kalir-projesiyle-binlerce-yetime-destek-sagliyor-8.jpg'><img decoding=\"async\" width=\"1024\" height=\"683\" src=\"https:\/\/tdv.org\/tr-TR\/wp-content\/uploads\/2026\/03\/turkiye-diyanet-vakfi-unutursan-yetim-kalir-projesiyle-binlerce-yetime-destek-sagliyor-8-1024x683.jpg\" class=\"attachment-large size-large\" alt=\"\" aria-describedby=\"gallery-1-55903\" srcset=\"https:\/\/tdv.org\/tr-TR\/wp-content\/uploads\/2026\/03\/turkiye-diyanet-vakfi-unutursan-yetim-kalir-projesiyle-binlerce-yetime-destek-sagliyor-8-1024x683.jpg 1024w, https:\/\/tdv.org\/tr-TR\/wp-content\/uploads\/2026\/03\/turkiye-diyanet-vakfi-unutursan-yetim-kalir-projesiyle-binlerce-yetime-destek-sagliyor-8-300x200.jpg 300w, https:\/\/tdv.org\/tr-TR\/wp-content\/uploads\/2026\/03\/turkiye-diyanet-vakfi-unutursan-yetim-kalir-projesiyle-binlerce-yetime-destek-sagliyor-8-768x512.jpg 768w, https:\/\/tdv.org\/tr-TR\/wp-content\/uploads\/2026\/03\/turkiye-diyanet-vakfi-unutursan-yetim-kalir-projesiyle-binlerce-yetime-destek-sagliyor-8-900x600.jpg 900w, https:\/\/tdv.org\/tr-TR\/wp-content\/uploads\/2026\/03\/turkiye-diyanet-vakfi-unutursan-yetim-kalir-projesiyle-binlerce-yetime-destek-sagliyor-8.jpg 1152w\" sizes=\"(max-width: 1024px) 100vw, 1024px\" \/><\/a>\n\t\t\t<\/dt>\n\t\t\t\t<dd class='wp-caption-text gallery-caption' id='gallery-1-55903'>\n\t\t\t\tT\u00fcrkiye Diyanet Vakf\u0131, \u201cUnutursan Yetim Kal\u0131r\u201d projesiyle binlerce yetime destek sa\u011fl\u0131yor,yetim himayesi, yetim yard\u0131m\u0131, unutursan yetim kal\u0131r, yetim,\n\t\t\t\t<\/dd><\/dl><dl class='gallery-item'>\n\t\t\t<dt class='gallery-icon landscape'>\n\t\t\t\t<a href='https:\/\/tdv.org\/tr-TR\/wp-content\/uploads\/2026\/03\/turkiye-diyanet-vakfi-unutursan-yetim-kalir-projesiyle-binlerce-yetime-destek-sagliyor-9.jpg'><img decoding=\"async\" width=\"1024\" height=\"683\" src=\"https:\/\/tdv.org\/tr-TR\/wp-content\/uploads\/2026\/03\/turkiye-diyanet-vakfi-unutursan-yetim-kalir-projesiyle-binlerce-yetime-destek-sagliyor-9-1024x683.jpg\" class=\"attachment-large size-large\" alt=\"\" aria-describedby=\"gallery-1-55904\" srcset=\"https:\/\/tdv.org\/tr-TR\/wp-content\/uploads\/2026\/03\/turkiye-diyanet-vakfi-unutursan-yetim-kalir-projesiyle-binlerce-yetime-destek-sagliyor-9-1024x683.jpg 1024w, https:\/\/tdv.org\/tr-TR\/wp-content\/uploads\/2026\/03\/turkiye-diyanet-vakfi-unutursan-yetim-kalir-projesiyle-binlerce-yetime-destek-sagliyor-9-300x200.jpg 300w, https:\/\/tdv.org\/tr-TR\/wp-content\/uploads\/2026\/03\/turkiye-diyanet-vakfi-unutursan-yetim-kalir-projesiyle-binlerce-yetime-destek-sagliyor-9-768x512.jpg 768w, https:\/\/tdv.org\/tr-TR\/wp-content\/uploads\/2026\/03\/turkiye-diyanet-vakfi-unutursan-yetim-kalir-projesiyle-binlerce-yetime-destek-sagliyor-9-900x600.jpg 900w, https:\/\/tdv.org\/tr-TR\/wp-content\/uploads\/2026\/03\/turkiye-diyanet-vakfi-unutursan-yetim-kalir-projesiyle-binlerce-yetime-destek-sagliyor-9.jpg 1152w\" sizes=\"(max-width: 1024px) 100vw, 1024px\" \/><\/a>\n\t\t\t<\/dt>\n\t\t\t\t<dd class='wp-caption-text gallery-caption' id='gallery-1-55904'>\n\t\t\t\tT\u00fcrkiye Diyanet Vakf\u0131, \u201cUnutursan Yetim Kal\u0131r\u201d projesiyle binlerce yetime destek sa\u011fl\u0131yor,yetim himayesi, yetim yard\u0131m\u0131, unutursan yetim kal\u0131r, yetim,\n\t\t\t\t<\/dd><\/dl><br style=\"clear: both\" \/><dl class='gallery-item'>\n\t\t\t<dt class='gallery-icon landscape'>\n\t\t\t\t<a href='https:\/\/tdv.org\/tr-TR\/wp-content\/uploads\/2026\/03\/turkiye-diyanet-vakfi-unutursan-yetim-kalir-projesiyle-binlerce-yetime-destek-sagliyor-10.jpg'><img decoding=\"async\" width=\"1024\" height=\"683\" src=\"https:\/\/tdv.org\/tr-TR\/wp-content\/uploads\/2026\/03\/turkiye-diyanet-vakfi-unutursan-yetim-kalir-projesiyle-binlerce-yetime-destek-sagliyor-10-1024x683.jpg\" class=\"attachment-large size-large\" alt=\"\" aria-describedby=\"gallery-1-55905\" srcset=\"https:\/\/tdv.org\/tr-TR\/wp-content\/uploads\/2026\/03\/turkiye-diyanet-vakfi-unutursan-yetim-kalir-projesiyle-binlerce-yetime-destek-sagliyor-10-1024x683.jpg 1024w, https:\/\/tdv.org\/tr-TR\/wp-content\/uploads\/2026\/03\/turkiye-diyanet-vakfi-unutursan-yetim-kalir-projesiyle-binlerce-yetime-destek-sagliyor-10-300x200.jpg 300w, https:\/\/tdv.org\/tr-TR\/wp-content\/uploads\/2026\/03\/turkiye-diyanet-vakfi-unutursan-yetim-kalir-projesiyle-binlerce-yetime-destek-sagliyor-10-768x512.jpg 768w, https:\/\/tdv.org\/tr-TR\/wp-content\/uploads\/2026\/03\/turkiye-diyanet-vakfi-unutursan-yetim-kalir-projesiyle-binlerce-yetime-destek-sagliyor-10-900x600.jpg 900w, https:\/\/tdv.org\/tr-TR\/wp-content\/uploads\/2026\/03\/turkiye-diyanet-vakfi-unutursan-yetim-kalir-projesiyle-binlerce-yetime-destek-sagliyor-10.jpg 1152w\" sizes=\"(max-width: 1024px) 100vw, 1024px\" \/><\/a>\n\t\t\t<\/dt>\n\t\t\t\t<dd class='wp-caption-text gallery-caption' id='gallery-1-55905'>\n\t\t\t\tT\u00fcrkiye Diyanet Vakf\u0131, \u201cUnutursan Yetim Kal\u0131r\u201d projesiyle binlerce yetime destek sa\u011fl\u0131yor,yetim himayesi, yetim yard\u0131m\u0131, unutursan yetim kal\u0131r, yetim,\n\t\t\t\t<\/dd><\/dl><dl class='gallery-item'>\n\t\t\t<dt class='gallery-icon landscape'>\n\t\t\t\t<a href='https:\/\/tdv.org\/tr-TR\/wp-content\/uploads\/2026\/03\/turkiye-diyanet-vakfi-unutursan-yetim-kalir-projesiyle-binlerce-yetime-destek-sagliyor-11.jpg'><img decoding=\"async\" width=\"1024\" height=\"683\" src=\"https:\/\/tdv.org\/tr-TR\/wp-content\/uploads\/2026\/03\/turkiye-diyanet-vakfi-unutursan-yetim-kalir-projesiyle-binlerce-yetime-destek-sagliyor-11-1024x683.jpg\" class=\"attachment-large size-large\" alt=\"\" aria-describedby=\"gallery-1-55906\" srcset=\"https:\/\/tdv.org\/tr-TR\/wp-content\/uploads\/2026\/03\/turkiye-diyanet-vakfi-unutursan-yetim-kalir-projesiyle-binlerce-yetime-destek-sagliyor-11-1024x683.jpg 1024w, https:\/\/tdv.org\/tr-TR\/wp-content\/uploads\/2026\/03\/turkiye-diyanet-vakfi-unutursan-yetim-kalir-projesiyle-binlerce-yetime-destek-sagliyor-11-300x200.jpg 300w, https:\/\/tdv.org\/tr-TR\/wp-content\/uploads\/2026\/03\/turkiye-diyanet-vakfi-unutursan-yetim-kalir-projesiyle-binlerce-yetime-destek-sagliyor-11-768x512.jpg 768w, https:\/\/tdv.org\/tr-TR\/wp-content\/uploads\/2026\/03\/turkiye-diyanet-vakfi-unutursan-yetim-kalir-projesiyle-binlerce-yetime-destek-sagliyor-11-900x600.jpg 900w, https:\/\/tdv.org\/tr-TR\/wp-content\/uploads\/2026\/03\/turkiye-diyanet-vakfi-unutursan-yetim-kalir-projesiyle-binlerce-yetime-destek-sagliyor-11.jpg 1152w\" sizes=\"(max-width: 1024px) 100vw, 1024px\" \/><\/a>\n\t\t\t<\/dt>\n\t\t\t\t<dd class='wp-caption-text gallery-caption' id='gallery-1-55906'>\n\t\t\t\tT\u00fcrkiye Diyanet Vakf\u0131, \u201cUnutursan Yetim Kal\u0131r\u201d projesiyle binlerce yetime destek sa\u011fl\u0131yor,yetim himayesi, yetim yard\u0131m\u0131, unutursan yetim kal\u0131r, yetim,\n\t\t\t\t<\/dd><\/dl><dl class='gallery-item'>\n\t\t\t<dt class='gallery-icon landscape'>\n\t\t\t\t<a href='https:\/\/tdv.org\/tr-TR\/wp-content\/uploads\/2026\/03\/turkiye-diyanet-vakfi-unutursan-yetim-kalir-projesiyle-binlerce-yetime-destek-sagliyor-12.jpg'><img decoding=\"async\" width=\"1024\" height=\"683\" src=\"https:\/\/tdv.org\/tr-TR\/wp-content\/uploads\/2026\/03\/turkiye-diyanet-vakfi-unutursan-yetim-kalir-projesiyle-binlerce-yetime-destek-sagliyor-12-1024x683.jpg\" class=\"attachment-large size-large\" alt=\"\" aria-describedby=\"gallery-1-55907\" srcset=\"https:\/\/tdv.org\/tr-TR\/wp-content\/uploads\/2026\/03\/turkiye-diyanet-vakfi-unutursan-yetim-kalir-projesiyle-binlerce-yetime-destek-sagliyor-12-1024x683.jpg 1024w, https:\/\/tdv.org\/tr-TR\/wp-content\/uploads\/2026\/03\/turkiye-diyanet-vakfi-unutursan-yetim-kalir-projesiyle-binlerce-yetime-destek-sagliyor-12-300x200.jpg 300w, https:\/\/tdv.org\/tr-TR\/wp-content\/uploads\/2026\/03\/turkiye-diyanet-vakfi-unutursan-yetim-kalir-projesiyle-binlerce-yetime-destek-sagliyor-12-768x512.jpg 768w, https:\/\/tdv.org\/tr-TR\/wp-content\/uploads\/2026\/03\/turkiye-diyanet-vakfi-unutursan-yetim-kalir-projesiyle-binlerce-yetime-destek-sagliyor-12-900x600.jpg 900w, https:\/\/tdv.org\/tr-TR\/wp-content\/uploads\/2026\/03\/turkiye-diyanet-vakfi-unutursan-yetim-kalir-projesiyle-binlerce-yetime-destek-sagliyor-12.jpg 1152w\" sizes=\"(max-width: 1024px) 100vw, 1024px\" \/><\/a>\n\t\t\t<\/dt>\n\t\t\t\t<dd class='wp-caption-text gallery-caption' id='gallery-1-55907'>\n\t\t\t\tT\u00fcrkiye Diyanet Vakf\u0131, \u201cUnutursan Yetim Kal\u0131r\u201d projesiyle binlerce yetime destek sa\u011fl\u0131yor,yetim himayesi, yetim yard\u0131m\u0131, unutursan yetim kal\u0131r, yetim,\n\t\t\t\t<\/dd><\/dl><br style=\"clear: both\" \/>\n\t\t<\/div>\n\n","protected":false},"excerpt":{"rendered":"<p>T\u00fcrkiye Diyanet Vakf\u0131 (TDV), \u201cUnutursan Yetim Kal\u0131r\u201d projesiyle y\u0131l boyunca yurt i\u00e7i ve yurt d\u0131\u015f\u0131ndaki yetimlerin bar\u0131nma, e\u011fitim ve temel ihtiya\u00e7lar\u0131n\u0131 kar\u015f\u0131l\u0131yor. TDV bu kapsamda T\u00fcrkiye genelinde 60 ilde 8.004&#8230;<\/p>\n","protected":false},"author":8,"featured_media":55902,"comment_status":"closed","ping_status":"closed","sticky":false,"template":"","format":"standard","meta":{"footnotes":""},"categories":[1],"tags":[1203,925,1276,114,2263,924,1265,2395,2264,1238,926],"class_list":{"0":"post-55895","1":"post","2":"type-post","3":"status-publish","4":"format-standard","5":"has-post-thumbnail","7":"category-haberler","8":"tag-bir-yetim-bin-tebessum","9":"tag-savas-magduru-yetim-cocuklar","10":"tag-unutursan-yetim-kalir","11":"tag-yetim","12":"tag-yetim-bagisi","13":"tag-yetim-cocuklar","14":"tag-yetim-kamplari","15":"tag-yetim-senligi","16":"tag-yetim-yardimi","17":"tag-yetimhane","18":"tag-yetimler"},"yoast_head":"<!-- This site is optimized with the Yoast SEO plugin v27.5 - https:\/\/yoast.com\/product\/yoast-seo-wordpress\/ -->\n<title>T\u00fcrkiye Diyanet Vakf\u0131, \u201cUnutursan Yetim Kal\u0131r\u201d projesiyle binlerce yetime destek sa\u011fl\u0131yor<\/title>\n<meta name=\"description\" content=\"T\u00fcrkiye Diyanet Vakf\u0131, \u201cUnutursan Yetim Kal\u0131r\u201d projesiyle binlerce yetime destek sa\u011fl\u0131yor\" \/>\n<meta name=\"robots\" content=\"index, follow, max-snippet:-1, max-image-preview:large, max-video-preview:-1\" \/>\n<link rel=\"canonical\" href=\"https:\/\/tdv.org\/tr-TR\/turkiye-diyanet-vakfi-unutursan-yetim-kalir-projesiyle-binlerce-yetime-destek-sagliyor\/\" \/>\n<meta property=\"og:locale\" content=\"tr_TR\" \/>\n<meta property=\"og:type\" content=\"article\" \/>\n<meta property=\"og:title\" content=\"T\u00fcrkiye Diyanet Vakf\u0131, \u201cUnutursan Yetim Kal\u0131r\u201d projesiyle binlerce yetime destek sa\u011fl\u0131yor\" \/>\n<meta property=\"og:description\" content=\"T\u00fcrkiye Diyanet Vakf\u0131, \u201cUnutursan Yetim Kal\u0131r\u201d projesiyle binlerce yetime destek sa\u011fl\u0131yor\" \/>\n<meta property=\"og:url\" content=\"https:\/\/tdv.org\/tr-TR\/turkiye-diyanet-vakfi-unutursan-yetim-kalir-projesiyle-binlerce-yetime-destek-sagliyor\/\" \/>\n<meta property=\"og:site_name\" content=\"T\u00fcrkiye Diyanet Vakf\u0131 Resmi Web Sitesi\" \/>\n<meta property=\"article:publisher\" content=\"https:\/\/www.facebook.com\/Diyanetvakfi\/\" \/>\n<meta property=\"article:published_time\" content=\"2026-03-05T06:54:57+00:00\" \/>\n<meta property=\"article:modified_time\" content=\"2026-03-05T07:09:49+00:00\" \/>\n<meta property=\"og:image\" content=\"https:\/\/tdv.org\/tr-TR\/wp-content\/uploads\/2026\/03\/turkiye-diyanet-vakfi-unutursan-yetim-kalir-projesiyle-binlerce-yetime-destek-sagliyor-7.jpg\" \/>\n\t<meta property=\"og:image:width\" content=\"1152\" \/>\n\t<meta property=\"og:image:height\" content=\"768\" \/>\n\t<meta property=\"og:image:type\" content=\"image\/jpeg\" \/>\n<meta name=\"author\" content=\"Selim\" \/>\n<meta name=\"twitter:card\" content=\"summary_large_image\" \/>\n<meta name=\"twitter:creator\" content=\"@DiyanetVakfi\" \/>\n<meta name=\"twitter:site\" content=\"@DiyanetVakfi\" \/>\n<script type=\"application\/ld+json\" class=\"yoast-schema-graph\">{\"@context\":\"https:\\\/\\\/schema.org\",\"@graph\":[{\"@type\":\"Article\",\"@id\":\"https:\\\/\\\/tdv.org\\\/tr-TR\\\/turkiye-diyanet-vakfi-unutursan-yetim-kalir-projesiyle-binlerce-yetime-destek-sagliyor\\\/#article\",\"isPartOf\":{\"@id\":\"https:\\\/\\\/tdv.org\\\/tr-TR\\\/turkiye-diyanet-vakfi-unutursan-yetim-kalir-projesiyle-binlerce-yetime-destek-sagliyor\\\/\"},\"author\":{\"name\":\"Selim\",\"@id\":\"https:\\\/\\\/tdv.org\\\/tr-TR\\\/#\\\/schema\\\/person\\\/752b55e264a99273d55636516d96d5eb\"},\"headline\":\"T\u00fcrkiye Diyanet Vakf\u0131, \u201cUnutursan Yetim Kal\u0131r\u201d projesiyle binlerce yetime destek sa\u011fl\u0131yor\",\"datePublished\":\"2026-03-05T06:54:57+00:00\",\"dateModified\":\"2026-03-05T07:09:49+00:00\",\"mainEntityOfPage\":{\"@id\":\"https:\\\/\\\/tdv.org\\\/tr-TR\\\/turkiye-diyanet-vakfi-unutursan-yetim-kalir-projesiyle-binlerce-yetime-destek-sagliyor\\\/\"},\"wordCount\":398,\"publisher\":{\"@id\":\"https:\\\/\\\/tdv.org\\\/tr-TR\\\/#organization\"},\"image\":{\"@id\":\"https:\\\/\\\/tdv.org\\\/tr-TR\\\/turkiye-diyanet-vakfi-unutursan-yetim-kalir-projesiyle-binlerce-yetime-destek-sagliyor\\\/#primaryimage\"},\"thumbnailUrl\":\"https:\\\/\\\/tdv.org\\\/tr-TR\\\/wp-content\\\/uploads\\\/2026\\\/03\\\/turkiye-diyanet-vakfi-unutursan-yetim-kalir-projesiyle-binlerce-yetime-destek-sagliyor-7.jpg\",\"keywords\":[\"Bir Yetim Bin Tebess\u00fcm\",\"sava\u015f ma\u011fduru yetim \u00e7ocuklar\",\"unutursan yetim kal\u0131r\",\"Yetim\",\"Yetim Ba\u011f\u0131\u015f\u0131\",\"yetim \u00e7ocuklar\",\"yetim kamplar\u0131\",\"Yetim \u015eenli\u011fi\",\"Yetim Yard\u0131m\u0131\",\"yetimhane\",\"yetimler\"],\"articleSection\":[\"Haberler\"],\"inLanguage\":\"tr\"},{\"@type\":\"WebPage\",\"@id\":\"https:\\\/\\\/tdv.org\\\/tr-TR\\\/turkiye-diyanet-vakfi-unutursan-yetim-kalir-projesiyle-binlerce-yetime-destek-sagliyor\\\/\",\"url\":\"https:\\\/\\\/tdv.org\\\/tr-TR\\\/turkiye-diyanet-vakfi-unutursan-yetim-kalir-projesiyle-binlerce-yetime-destek-sagliyor\\\/\",\"name\":\"T\u00fcrkiye Diyanet Vakf\u0131, \u201cUnutursan Yetim Kal\u0131r\u201d projesiyle binlerce yetime destek sa\u011fl\u0131yor\",\"isPartOf\":{\"@id\":\"https:\\\/\\\/tdv.org\\\/tr-TR\\\/#website\"},\"primaryImageOfPage\":{\"@id\":\"https:\\\/\\\/tdv.org\\\/tr-TR\\\/turkiye-diyanet-vakfi-unutursan-yetim-kalir-projesiyle-binlerce-yetime-destek-sagliyor\\\/#primaryimage\"},\"image\":{\"@id\":\"https:\\\/\\\/tdv.org\\\/tr-TR\\\/turkiye-diyanet-vakfi-unutursan-yetim-kalir-projesiyle-binlerce-yetime-destek-sagliyor\\\/#primaryimage\"},\"thumbnailUrl\":\"https:\\\/\\\/tdv.org\\\/tr-TR\\\/wp-content\\\/uploads\\\/2026\\\/03\\\/turkiye-diyanet-vakfi-unutursan-yetim-kalir-projesiyle-binlerce-yetime-destek-sagliyor-7.jpg\",\"datePublished\":\"2026-03-05T06:54:57+00:00\",\"dateModified\":\"2026-03-05T07:09:49+00:00\",\"description\":\"T\u00fcrkiye Diyanet Vakf\u0131, \u201cUnutursan Yetim Kal\u0131r\u201d projesiyle binlerce yetime destek sa\u011fl\u0131yor\",\"breadcrumb\":{\"@id\":\"https:\\\/\\\/tdv.org\\\/tr-TR\\\/turkiye-diyanet-vakfi-unutursan-yetim-kalir-projesiyle-binlerce-yetime-destek-sagliyor\\\/#breadcrumb\"},\"inLanguage\":\"tr\",\"potentialAction\":[{\"@type\":\"ReadAction\",\"target\":[\"https:\\\/\\\/tdv.org\\\/tr-TR\\\/turkiye-diyanet-vakfi-unutursan-yetim-kalir-projesiyle-binlerce-yetime-destek-sagliyor\\\/\"]}]},{\"@type\":\"ImageObject\",\"inLanguage\":\"tr\",\"@id\":\"https:\\\/\\\/tdv.org\\\/tr-TR\\\/turkiye-diyanet-vakfi-unutursan-yetim-kalir-projesiyle-binlerce-yetime-destek-sagliyor\\\/#primaryimage\",\"url\":\"https:\\\/\\\/tdv.org\\\/tr-TR\\\/wp-content\\\/uploads\\\/2026\\\/03\\\/turkiye-diyanet-vakfi-unutursan-yetim-kalir-projesiyle-binlerce-yetime-destek-sagliyor-7.jpg\",\"contentUrl\":\"https:\\\/\\\/tdv.org\\\/tr-TR\\\/wp-content\\\/uploads\\\/2026\\\/03\\\/turkiye-diyanet-vakfi-unutursan-yetim-kalir-projesiyle-binlerce-yetime-destek-sagliyor-7.jpg\",\"width\":1152,\"height\":768,\"caption\":\"T\u00fcrkiye Diyanet Vakf\u0131, \u201cUnutursan Yetim Kal\u0131r\u201d projesiyle binlerce yetime destek sa\u011fl\u0131yor,yetim himayesi, yetim yard\u0131m\u0131, unutursan yetim kal\u0131r, yetim,\"},{\"@type\":\"BreadcrumbList\",\"@id\":\"https:\\\/\\\/tdv.org\\\/tr-TR\\\/turkiye-diyanet-vakfi-unutursan-yetim-kalir-projesiyle-binlerce-yetime-destek-sagliyor\\\/#breadcrumb\",\"itemListElement\":[{\"@type\":\"ListItem\",\"position\":1,\"name\":\"Anasayfa\",\"item\":\"https:\\\/\\\/tdv.org\\\/tr-TR\\\/\"},{\"@type\":\"ListItem\",\"position\":2,\"name\":\"T\u00fcrkiye Diyanet Vakf\u0131, \u201cUnutursan Yetim Kal\u0131r\u201d projesiyle binlerce yetime destek sa\u011fl\u0131yor\"}]},{\"@type\":\"WebSite\",\"@id\":\"https:\\\/\\\/tdv.org\\\/tr-TR\\\/#website\",\"url\":\"https:\\\/\\\/tdv.org\\\/tr-TR\\\/\",\"name\":\"T\u00fcrkiye Diyanet Vakf\u0131 Resmi Web Sitesi\",\"description\":\"Yery\u00fcz\u00fcnde iyilik egemen oluncaya kadar\",\"publisher\":{\"@id\":\"https:\\\/\\\/tdv.org\\\/tr-TR\\\/#organization\"},\"alternateName\":\"T\u00fcrkiye Diyanet Vakf\u0131\",\"potentialAction\":[{\"@type\":\"SearchAction\",\"target\":{\"@type\":\"EntryPoint\",\"urlTemplate\":\"https:\\\/\\\/tdv.org\\\/tr-TR\\\/?s={search_term_string}\"},\"query-input\":{\"@type\":\"PropertyValueSpecification\",\"valueRequired\":true,\"valueName\":\"search_term_string\"}}],\"inLanguage\":\"tr\"},{\"@type\":\"Organization\",\"@id\":\"https:\\\/\\\/tdv.org\\\/tr-TR\\\/#organization\",\"name\":\"T\u00fcrkiye Diyanet Vakf\u0131\",\"alternateName\":\"T\u00fcrkiye Diyanet Vakf\u0131\",\"url\":\"https:\\\/\\\/tdv.org\\\/tr-TR\\\/\",\"logo\":{\"@type\":\"ImageObject\",\"inLanguage\":\"tr\",\"@id\":\"https:\\\/\\\/tdv.org\\\/tr-TR\\\/#\\\/schema\\\/logo\\\/image\\\/\",\"url\":\"https:\\\/\\\/tdv.org\\\/tr-TR\\\/wp-content\\\/uploads\\\/2018\\\/12\\\/TDV_Logo_1.png\",\"contentUrl\":\"https:\\\/\\\/tdv.org\\\/tr-TR\\\/wp-content\\\/uploads\\\/2018\\\/12\\\/TDV_Logo_1.png\",\"width\":207,\"height\":71,\"caption\":\"T\u00fcrkiye Diyanet Vakf\u0131\"},\"image\":{\"@id\":\"https:\\\/\\\/tdv.org\\\/tr-TR\\\/#\\\/schema\\\/logo\\\/image\\\/\"},\"sameAs\":[\"https:\\\/\\\/www.facebook.com\\\/Diyanetvakfi\\\/\",\"https:\\\/\\\/x.com\\\/DiyanetVakfi\",\"https:\\\/\\\/www.instagram.com\\\/turkiyediyanetvakfi\\\/\",\"https:\\\/\\\/www.youtube.com\\\/user\\\/TurkiyeDiyanetVakfi\"]},{\"@type\":\"Person\",\"@id\":\"https:\\\/\\\/tdv.org\\\/tr-TR\\\/#\\\/schema\\\/person\\\/752b55e264a99273d55636516d96d5eb\",\"name\":\"Selim\",\"image\":{\"@type\":\"ImageObject\",\"inLanguage\":\"tr\",\"@id\":\"https:\\\/\\\/tdv.org\\\/tr-TR\\\/wp-content\\\/litespeed\\\/avatar\\\/a1e47b25396e98e5b781e88a5396cd96.jpg?ver=1777287391\",\"url\":\"https:\\\/\\\/tdv.org\\\/tr-TR\\\/wp-content\\\/litespeed\\\/avatar\\\/a1e47b25396e98e5b781e88a5396cd96.jpg?ver=1777287391\",\"contentUrl\":\"https:\\\/\\\/tdv.org\\\/tr-TR\\\/wp-content\\\/litespeed\\\/avatar\\\/a1e47b25396e98e5b781e88a5396cd96.jpg?ver=1777287391\",\"caption\":\"Selim\"}}]}<\/script>\n<!-- \/ Yoast SEO plugin. -->","yoast_head_json":{"title":"T\u00fcrkiye Diyanet Vakf\u0131, \u201cUnutursan Yetim Kal\u0131r\u201d projesiyle binlerce yetime destek sa\u011fl\u0131yor","description":"T\u00fcrkiye Diyanet Vakf\u0131, \u201cUnutursan Yetim Kal\u0131r\u201d projesiyle binlerce yetime destek sa\u011fl\u0131yor","robots":{"index":"index","follow":"follow","max-snippet":"max-snippet:-1","max-image-preview":"max-image-preview:large","max-video-preview":"max-video-preview:-1"},"canonical":"https:\/\/tdv.org\/tr-TR\/turkiye-diyanet-vakfi-unutursan-yetim-kalir-projesiyle-binlerce-yetime-destek-sagliyor\/","og_locale":"tr_TR","og_type":"article","og_title":"T\u00fcrkiye Diyanet Vakf\u0131, \u201cUnutursan Yetim Kal\u0131r\u201d projesiyle binlerce yetime destek sa\u011fl\u0131yor","og_description":"T\u00fcrkiye Diyanet Vakf\u0131, \u201cUnutursan Yetim Kal\u0131r\u201d projesiyle binlerce yetime destek sa\u011fl\u0131yor","og_url":"https:\/\/tdv.org\/tr-TR\/turkiye-diyanet-vakfi-unutursan-yetim-kalir-projesiyle-binlerce-yetime-destek-sagliyor\/","og_site_name":"T\u00fcrkiye Diyanet Vakf\u0131 Resmi Web Sitesi","article_publisher":"https:\/\/www.facebook.com\/Diyanetvakfi\/","article_published_time":"2026-03-05T06:54:57+00:00","article_modified_time":"2026-03-05T07:09:49+00:00","og_image":[{"width":1152,"height":768,"url":"https:\/\/tdv.org\/tr-TR\/wp-content\/uploads\/2026\/03\/turkiye-diyanet-vakfi-unutursan-yetim-kalir-projesiyle-binlerce-yetime-destek-sagliyor-7.jpg","type":"image\/jpeg"}],"author":"Selim","twitter_card":"summary_large_image","twitter_creator":"@DiyanetVakfi","twitter_site":"@DiyanetVakfi","schema":{"@context":"https:\/\/schema.org","@graph":[{"@type":"Article","@id":"https:\/\/tdv.org\/tr-TR\/turkiye-diyanet-vakfi-unutursan-yetim-kalir-projesiyle-binlerce-yetime-destek-sagliyor\/#article","isPartOf":{"@id":"https:\/\/tdv.org\/tr-TR\/turkiye-diyanet-vakfi-unutursan-yetim-kalir-projesiyle-binlerce-yetime-destek-sagliyor\/"},"author":{"name":"Selim","@id":"https:\/\/tdv.org\/tr-TR\/#\/schema\/person\/752b55e264a99273d55636516d96d5eb"},"headline":"T\u00fcrkiye Diyanet Vakf\u0131, \u201cUnutursan Yetim Kal\u0131r\u201d projesiyle binlerce yetime destek sa\u011fl\u0131yor","datePublished":"2026-03-05T06:54:57+00:00","dateModified":"2026-03-05T07:09:49+00:00","mainEntityOfPage":{"@id":"https:\/\/tdv.org\/tr-TR\/turkiye-diyanet-vakfi-unutursan-yetim-kalir-projesiyle-binlerce-yetime-destek-sagliyor\/"},"wordCount":398,"publisher":{"@id":"https:\/\/tdv.org\/tr-TR\/#organization"},"image":{"@id":"https:\/\/tdv.org\/tr-TR\/turkiye-diyanet-vakfi-unutursan-yetim-kalir-projesiyle-binlerce-yetime-destek-sagliyor\/#primaryimage"},"thumbnailUrl":"https:\/\/tdv.org\/tr-TR\/wp-content\/uploads\/2026\/03\/turkiye-diyanet-vakfi-unutursan-yetim-kalir-projesiyle-binlerce-yetime-destek-sagliyor-7.jpg","keywords":["Bir Yetim Bin Tebess\u00fcm","sava\u015f ma\u011fduru yetim \u00e7ocuklar","unutursan yetim kal\u0131r","Yetim","Yetim Ba\u011f\u0131\u015f\u0131","yetim \u00e7ocuklar","yetim kamplar\u0131","Yetim \u015eenli\u011fi","Yetim Yard\u0131m\u0131","yetimhane","yetimler"],"articleSection":["Haberler"],"inLanguage":"tr"},{"@type":"WebPage","@id":"https:\/\/tdv.org\/tr-TR\/turkiye-diyanet-vakfi-unutursan-yetim-kalir-projesiyle-binlerce-yetime-destek-sagliyor\/","url":"https:\/\/tdv.org\/tr-TR\/turkiye-diyanet-vakfi-unutursan-yetim-kalir-projesiyle-binlerce-yetime-destek-sagliyor\/","name":"T\u00fcrkiye Diyanet Vakf\u0131, \u201cUnutursan Yetim Kal\u0131r\u201d projesiyle binlerce yetime destek sa\u011fl\u0131yor","isPartOf":{"@id":"https:\/\/tdv.org\/tr-TR\/#website"},"primaryImageOfPage":{"@id":"https:\/\/tdv.org\/tr-TR\/turkiye-diyanet-vakfi-unutursan-yetim-kalir-projesiyle-binlerce-yetime-destek-sagliyor\/#primaryimage"},"image":{"@id":"https:\/\/tdv.org\/tr-TR\/turkiye-diyanet-vakfi-unutursan-yetim-kalir-projesiyle-binlerce-yetime-destek-sagliyor\/#primaryimage"},"thumbnailUrl":"https:\/\/tdv.org\/tr-TR\/wp-content\/uploads\/2026\/03\/turkiye-diyanet-vakfi-unutursan-yetim-kalir-projesiyle-binlerce-yetime-destek-sagliyor-7.jpg","datePublished":"2026-03-05T06:54:57+00:00","dateModified":"2026-03-05T07:09:49+00:00","description":"T\u00fcrkiye Diyanet Vakf\u0131, \u201cUnutursan Yetim Kal\u0131r\u201d projesiyle binlerce yetime destek sa\u011fl\u0131yor","breadcrumb":{"@id":"https:\/\/tdv.org\/tr-TR\/turkiye-diyanet-vakfi-unutursan-yetim-kalir-projesiyle-binlerce-yetime-destek-sagliyor\/#breadcrumb"},"inLanguage":"tr","potentialAction":[{"@type":"ReadAction","target":["https:\/\/tdv.org\/tr-TR\/turkiye-diyanet-vakfi-unutursan-yetim-kalir-projesiyle-binlerce-yetime-destek-sagliyor\/"]}]},{"@type":"ImageObject","inLanguage":"tr","@id":"https:\/\/tdv.org\/tr-TR\/turkiye-diyanet-vakfi-unutursan-yetim-kalir-projesiyle-binlerce-yetime-destek-sagliyor\/#primaryimage","url":"https:\/\/tdv.org\/tr-TR\/wp-content\/uploads\/2026\/03\/turkiye-diyanet-vakfi-unutursan-yetim-kalir-projesiyle-binlerce-yetime-destek-sagliyor-7.jpg","contentUrl":"https:\/\/tdv.org\/tr-TR\/wp-content\/uploads\/2026\/03\/turkiye-diyanet-vakfi-unutursan-yetim-kalir-projesiyle-binlerce-yetime-destek-sagliyor-7.jpg","width":1152,"height":768,"caption":"T\u00fcrkiye Diyanet Vakf\u0131, \u201cUnutursan Yetim Kal\u0131r\u201d projesiyle binlerce yetime destek sa\u011fl\u0131yor,yetim himayesi, yetim yard\u0131m\u0131, unutursan yetim kal\u0131r, yetim,"},{"@type":"BreadcrumbList","@id":"https:\/\/tdv.org\/tr-TR\/turkiye-diyanet-vakfi-unutursan-yetim-kalir-projesiyle-binlerce-yetime-destek-sagliyor\/#breadcrumb","itemListElement":[{"@type":"ListItem","position":1,"name":"Anasayfa","item":"https:\/\/tdv.org\/tr-TR\/"},{"@type":"ListItem","position":2,"name":"T\u00fcrkiye Diyanet Vakf\u0131, \u201cUnutursan Yetim Kal\u0131r\u201d projesiyle binlerce yetime destek sa\u011fl\u0131yor"}]},{"@type":"WebSite","@id":"https:\/\/tdv.org\/tr-TR\/#website","url":"https:\/\/tdv.org\/tr-TR\/","name":"T\u00fcrkiye Diyanet Vakf\u0131 Resmi Web Sitesi","description":"Yery\u00fcz\u00fcnde iyilik egemen oluncaya kadar","publisher":{"@id":"https:\/\/tdv.org\/tr-TR\/#organization"},"alternateName":"T\u00fcrkiye Diyanet Vakf\u0131","potentialAction":[{"@type":"SearchAction","target":{"@type":"EntryPoint","urlTemplate":"https:\/\/tdv.org\/tr-TR\/?s={search_term_string}"},"query-input":{"@type":"PropertyValueSpecification","valueRequired":true,"valueName":"search_term_string"}}],"inLanguage":"tr"},{"@type":"Organization","@id":"https:\/\/tdv.org\/tr-TR\/#organization","name":"T\u00fcrkiye Diyanet Vakf\u0131","alternateName":"T\u00fcrkiye Diyanet Vakf\u0131","url":"https:\/\/tdv.org\/tr-TR\/","logo":{"@type":"ImageObject","inLanguage":"tr","@id":"https:\/\/tdv.org\/tr-TR\/#\/schema\/logo\/image\/","url":"https:\/\/tdv.org\/tr-TR\/wp-content\/uploads\/2018\/12\/TDV_Logo_1.png","contentUrl":"https:\/\/tdv.org\/tr-TR\/wp-content\/uploads\/2018\/12\/TDV_Logo_1.png","width":207,"height":71,"caption":"T\u00fcrkiye Diyanet Vakf\u0131"},"image":{"@id":"https:\/\/tdv.org\/tr-TR\/#\/schema\/logo\/image\/"},"sameAs":["https:\/\/www.facebook.com\/Diyanetvakfi\/","https:\/\/x.com\/DiyanetVakfi","https:\/\/www.instagram.com\/turkiyediyanetvakfi\/","https:\/\/www.youtube.com\/user\/TurkiyeDiyanetVakfi"]},{"@type":"Person","@id":"https:\/\/tdv.org\/tr-TR\/#\/schema\/person\/752b55e264a99273d55636516d96d5eb","name":"Selim","image":{"@type":"ImageObject","inLanguage":"tr","@id":"https:\/\/tdv.org\/tr-TR\/wp-content\/litespeed\/avatar\/a1e47b25396e98e5b781e88a5396cd96.jpg?ver=1777287391","url":"https:\/\/tdv.org\/tr-TR\/wp-content\/litespeed\/avatar\/a1e47b25396e98e5b781e88a5396cd96.jpg?ver=1777287391","contentUrl":"https:\/\/tdv.org\/tr-TR\/wp-content\/litespeed\/avatar\/a1e47b25396e98e5b781e88a5396cd96.jpg?ver=1777287391","caption":"Selim"}}]}},"_links":{"self":[{"href":"https:\/\/tdv.org\/tr-TR\/wp-json\/wp\/v2\/posts\/55895","targetHints":{"allow":["GET"]}}],"collection":[{"href":"https:\/\/tdv.org\/tr-TR\/wp-json\/wp\/v2\/posts"}],"about":[{"href":"https:\/\/tdv.org\/tr-TR\/wp-json\/wp\/v2\/types\/post"}],"author":[{"embeddable":true,"href":"https:\/\/tdv.org\/tr-TR\/wp-json\/wp\/v2\/users\/8"}],"replies":[{"embeddable":true,"href":"https:\/\/tdv.org\/tr-TR\/wp-json\/wp\/v2\/comments?post=55895"}],"version-history":[{"count":4,"href":"https:\/\/tdv.org\/tr-TR\/wp-json\/wp\/v2\/posts\/55895\/revisions"}],"predecessor-version":[{"id":55911,"href":"https:\/\/tdv.org\/tr-TR\/wp-json\/wp\/v2\/posts\/55895\/revisions\/55911"}],"wp:featuredmedia":[{"embeddable":true,"href":"https:\/\/tdv.org\/tr-TR\/wp-json\/wp\/v2\/media\/55902"}],"wp:attachment":[{"href":"https:\/\/tdv.org\/tr-TR\/wp-json\/wp\/v2\/media?parent=55895"}],"wp:term":[{"taxonomy":"category","embeddable":true,"href":"https:\/\/tdv.org\/tr-TR\/wp-json\/wp\/v2\/categories?post=55895"},{"taxonomy":"post_tag","embeddable":true,"href":"https:\/\/tdv.org\/tr-TR\/wp-json\/wp\/v2\/tags?post=55895"}],"curies":[{"name":"wp","href":"https:\/\/api.w.org\/{rel}","templated":true}]}}