{"id":55937,"date":"2026-03-05T09:30:51","date_gmt":"2026-03-05T06:30:51","guid":{"rendered":"https:\/\/tdv.org\/tr-TR\/?p=55937"},"modified":"2026-03-05T11:16:10","modified_gmt":"2026-03-05T08:16:10","slug":"diyanet-isleri-baskani-arpagus-kuzey-makedonyada-iftar-programina-katildi","status":"publish","type":"post","link":"https:\/\/tdv.org\/tr-TR\/diyanet-isleri-baskani-arpagus-kuzey-makedonyada-iftar-programina-katildi\/","title":{"rendered":"Diyanet \u0130\u015fleri Ba\u015fkan\u0131 Arpagu\u015f, Kuzey Makedonya&#8217;da iftar program\u0131na kat\u0131ld\u0131"},"content":{"rendered":"<p style=\"text-align: justify;\"><a href=\"https:\/\/www.diyanet.gov.tr\/tr-TR\" target=\"_blank\" rel=\"noopener\">Diyanet\u00a0\u0130\u015fleri Ba\u015fkanl\u0131\u011f\u0131,<\/a> <a href=\"https:\/\/tdv.org\/tr-TR\/\" target=\"_blank\" rel=\"noopener\">T\u00fcrkiye\u00a0Diyanet\u00a0Vakf\u0131\u00a0(TDV)<\/a> ve T\u00fcrkiye&#8217;nin \u00dcsk\u00fcp B\u00fcy\u00fckel\u00e7ili\u011fi i\u015f birli\u011finde Kuzey Makedonya&#8217;n\u0131n ba\u015fkenti \u00dcsk\u00fcp&#8217;te bir otelde <a href=\"https:\/\/bagis.tdv.org\/ramazan\/iftar-112\" target=\"_blank\" rel=\"noopener\">iftar<\/a> program\u0131 d\u00fczenlendi.<\/p>\n<p style=\"text-align: justify;\"><a href=\"https:\/\/bagis.tdv.org\/ramazan\/iftar-112\" target=\"_blank\" rel=\"noopener\">\u0130ftar<\/a> program\u0131na Kuzey Makedonya Meclis Ba\u015fkan\u0131 Afrim Gashi, T\u00fcrkiye&#8217;nin \u00dcsk\u00fcp B\u00fcy\u00fckel\u00e7isi Fatih Ulusoy, <a href=\"https:\/\/tdv.org\/tr-TR\/kurumsal\/prof-dr-safi-arpagus\/\" target=\"_blank\" rel=\"noopener\">Diyanet\u00a0\u0130\u015fleri Ba\u015fkan\u0131 ve TDV M\u00fctevelli Heyeti Ba\u015fkan\u0131 Prof. Dr. Safi Arpagu\u015f,<\/a> Kuzey Makedonya \u0130slam Birli\u011fi (Diyanet\u00a0\u0130\u015fleri) Ba\u015fkan\u0131 \u015eakir Fetahu, Kuzey Makedonyal\u0131 siyasiler, \u00fclkedeki T\u00fcrk kurum ve kurulu\u015flar\u0131n temsilcileri ile davetliler kat\u0131ld\u0131.<\/p>\n<p style=\"text-align: justify;\">Arpagu\u015f, burada yapt\u0131\u011f\u0131 konu\u015fmada, Cumhurba\u015fkan\u0131 Recep Tayyip Erdo\u011fan&#8217;\u0131n selamlar\u0131n\u0131, sevgilerini ve muhabbetlerini iletti.<\/p>\n<p style=\"text-align: justify;\">Muhabbet sofralar\u0131 olarak nitelendirdi\u011fi <a href=\"https:\/\/bagis.tdv.org\/ramazan\/iftar-112\" target=\"_blank\" rel=\"noopener\">iftar<\/a> programlar\u0131nda sevgilerini payla\u015fmak \u00fczere bulunduklar\u0131n\u0131 ifade eden Arpagu\u015f, \u015funlar\u0131 dile getirdi:<\/p>\n<p style=\"text-align: justify;\">&#8220;Cenab\u0131hak bizleri karde\u015f olarak yaratt\u0131. Sevgili Peygamberimiz ise bizlere &#8216;\u0130man etmedik\u00e7e cennete giremezsiniz, birbirinizi sevmedik\u00e7e de ger\u00e7ek manada iman etmi\u015f olmazs\u0131n\u0131z.&#8217; diyerek aram\u0131zda sevgi ve muhabbet ba\u011flar\u0131n\u0131n daim olmas\u0131n\u0131 emretti. Bizleri yarat\u0131l\u0131\u015fta e\u015f, imanda karde\u015f k\u0131lan Cenab\u0131hakk&#8217;a hamd\u00fcsenalar olsun ve ilelebet bu karde\u015fli\u011fimizi, birli\u011fimizi, beraberli\u011fimizi ve muhabbetimizi daim k\u0131ls\u0131n.&#8221;<\/p>\n<p style=\"text-align: justify;\">Arpagu\u015f, bug\u00fcn onlar\u0131 fiziki s\u0131n\u0131rlar\u0131n ay\u0131rm\u0131\u015f olabilece\u011fini, ancak kalplerinin, g\u00f6n\u00fcllerinin ve muhabbetlerinin asla bir s\u0131n\u0131r\u0131 olmayaca\u011f\u0131n\u0131 s\u00f6yledi.<\/p>\n<p style=\"text-align: justify;\">B\u00fcy\u00fckel\u00e7i Ulusoy, <a href=\"https:\/\/bagis.tdv.org\/ramazan\/iftar-112\" target=\"_blank\" rel=\"noopener\">iftar<\/a> organizasyonu i\u00e7in Diyanet \u0130\u015fleri Ba\u015fkanl\u0131\u011f\u0131na te\u015fekk\u00fcr ederek, Kuzey Makedonya&#8217;n\u0131n Balkanlar&#8217;\u0131n t\u00fcm unsurlar\u0131n\u0131 birlikte ya\u015fama k\u00fclt\u00fcr\u00fcyle ihtiva etti\u011fini kaydetti.<\/p>\n<p style=\"text-align: justify;\">Ulusoy, Kuzey Makedonya\u2019daki T\u00fcrk toplumunun iki \u00fclke ili\u015fkilerine \u00f6nemli katk\u0131 sa\u011flad\u0131\u011f\u0131n\u0131 belirterek, \u015funlar\u0131 vurgulad\u0131:<\/p>\n<p style=\"text-align: justify;\">&#8220;T\u00fcrkiye olarak biz de Balkanlar&#8217;\u0131n g\u00fcvenli\u011fini, refah\u0131n\u0131 ve istikrar\u0131n\u0131 kendi g\u00fcvenlik, refah ve istikrar\u0131m\u0131zdan ayr\u0131 tutmuyor, Kuzey Makedonya&#8217;n\u0131n t\u00fcm kesimlerini kapsayan ve kucaklayan bir yakla\u015f\u0131mla bu dost, m\u00fcttefik ve karde\u015f \u00fclkeye Milli E\u011fitim Bakanl\u0131\u011f\u0131, T\u00fcrk \u0130\u015f birli\u011fi ve Koordinasyon Ajans\u0131 Ba\u015fkanl\u0131\u011f\u0131, Vak\u0131flar Genel M\u00fcd\u00fcrl\u00fc\u011f\u00fc, Yunus Emre Enstit\u00fcs\u00fc,\u00a0Diyanet\u00a0\u0130\u015fleri Ba\u015fkanl\u0131\u011f\u0131m\u0131z ve di\u011fer bir\u00e7ok kurumumuzla destek vermeye devam ediyoruz.&#8221;<\/p>\n<p style=\"text-align: justify;\">T\u00fcrkiye&#8217;nin \u00dcsk\u00fcp B\u00fcy\u00fckel\u00e7ili\u011fi Din Hizmetleri M\u00fc\u015faviri Mustafa Bodur ise m\u00fc\u015favirlik olarak yapt\u0131klar\u0131 \u00e7al\u0131\u015fmalara de\u011finerek, T\u00fcrkiye&#8217;de okumak isteyen Kuzey Makedonyal\u0131 gen\u00e7lere yurt ve burs imkanlar\u0131 da sa\u011flad\u0131klar\u0131n\u0131 kaydetti.<\/p>\n\n\t\t<style type=\"text\/css\">\n\t\t\t#gallery-1 {\n\t\t\t\tmargin: auto;\n\t\t\t}\n\t\t\t#gallery-1 .gallery-item {\n\t\t\t\tfloat: left;\n\t\t\t\tmargin-top: 10px;\n\t\t\t\ttext-align: center;\n\t\t\t\twidth: 33%;\n\t\t\t}\n\t\t\t#gallery-1 img {\n\t\t\t\tborder: 2px solid #cfcfcf;\n\t\t\t}\n\t\t\t#gallery-1 .gallery-caption {\n\t\t\t\tmargin-left: 0;\n\t\t\t}\n\t\t\t\/* see gallery_shortcode() in wp-includes\/media.php *\/\n\t\t<\/style>\n\t\t<div id='gallery-1' class='gallery galleryid-55937 gallery-columns-3 gallery-size-large'><dl class='gallery-item'>\n\t\t\t<dt class='gallery-icon landscape'>\n\t\t\t\t<a href='https:\/\/tdv.org\/tr-TR\/wp-content\/uploads\/2026\/03\/diyanet-isleri-baskani-arpagus-kuzey-makedonya-da-iftar-programina-katildi-1.jpg'><img decoding=\"async\" width=\"1024\" height=\"648\" src=\"https:\/\/tdv.org\/tr-TR\/wp-content\/uploads\/2026\/03\/diyanet-isleri-baskani-arpagus-kuzey-makedonya-da-iftar-programina-katildi-1-1024x648.jpg\" class=\"attachment-large size-large\" alt=\"\" aria-describedby=\"gallery-1-55938\" srcset=\"https:\/\/tdv.org\/tr-TR\/wp-content\/uploads\/2026\/03\/diyanet-isleri-baskani-arpagus-kuzey-makedonya-da-iftar-programina-katildi-1-1024x648.jpg 1024w, https:\/\/tdv.org\/tr-TR\/wp-content\/uploads\/2026\/03\/diyanet-isleri-baskani-arpagus-kuzey-makedonya-da-iftar-programina-katildi-1-300x190.jpg 300w, https:\/\/tdv.org\/tr-TR\/wp-content\/uploads\/2026\/03\/diyanet-isleri-baskani-arpagus-kuzey-makedonya-da-iftar-programina-katildi-1-768x486.jpg 768w, https:\/\/tdv.org\/tr-TR\/wp-content\/uploads\/2026\/03\/diyanet-isleri-baskani-arpagus-kuzey-makedonya-da-iftar-programina-katildi-1.jpg 1213w\" sizes=\"(max-width: 1024px) 100vw, 1024px\" \/><\/a>\n\t\t\t<\/dt>\n\t\t\t\t<dd class='wp-caption-text gallery-caption' id='gallery-1-55938'>\n\t\t\t\tDiyanet \u0130\u015fleri Ba\u015fkan\u0131 Arpagu\u015f, Kuzey Makedonya&#8217;da iftar program\u0131na kat\u0131ld\u0131, iftar,Diyanet\u00a0\u0130\u015fleri Ba\u015fkan\u0131 ve TDV M\u00fctevelli Heyeti Ba\u015fkan\u0131 Prof. Dr. Safi Arpagu\u015f,\n\t\t\t\t<\/dd><\/dl><dl class='gallery-item'>\n\t\t\t<dt class='gallery-icon landscape'>\n\t\t\t\t<a href='https:\/\/tdv.org\/tr-TR\/wp-content\/uploads\/2026\/03\/diyanet-isleri-baskani-arpagus-kuzey-makedonya-da-iftar-programina-katildi-2.jpg'><img decoding=\"async\" width=\"1024\" height=\"683\" src=\"https:\/\/tdv.org\/tr-TR\/wp-content\/uploads\/2026\/03\/diyanet-isleri-baskani-arpagus-kuzey-makedonya-da-iftar-programina-katildi-2-1024x683.jpg\" class=\"attachment-large size-large\" alt=\"\" aria-describedby=\"gallery-1-55939\" srcset=\"https:\/\/tdv.org\/tr-TR\/wp-content\/uploads\/2026\/03\/diyanet-isleri-baskani-arpagus-kuzey-makedonya-da-iftar-programina-katildi-2-1024x683.jpg 1024w, https:\/\/tdv.org\/tr-TR\/wp-content\/uploads\/2026\/03\/diyanet-isleri-baskani-arpagus-kuzey-makedonya-da-iftar-programina-katildi-2-300x200.jpg 300w, https:\/\/tdv.org\/tr-TR\/wp-content\/uploads\/2026\/03\/diyanet-isleri-baskani-arpagus-kuzey-makedonya-da-iftar-programina-katildi-2-768x512.jpg 768w, https:\/\/tdv.org\/tr-TR\/wp-content\/uploads\/2026\/03\/diyanet-isleri-baskani-arpagus-kuzey-makedonya-da-iftar-programina-katildi-2-900x600.jpg 900w, https:\/\/tdv.org\/tr-TR\/wp-content\/uploads\/2026\/03\/diyanet-isleri-baskani-arpagus-kuzey-makedonya-da-iftar-programina-katildi-2.jpg 1152w\" sizes=\"(max-width: 1024px) 100vw, 1024px\" \/><\/a>\n\t\t\t<\/dt>\n\t\t\t\t<dd class='wp-caption-text gallery-caption' id='gallery-1-55939'>\n\t\t\t\tDiyanet \u0130\u015fleri Ba\u015fkan\u0131 Arpagu\u015f, Kuzey Makedonya&#8217;da iftar program\u0131na kat\u0131ld\u0131, iftar,Diyanet\u00a0\u0130\u015fleri Ba\u015fkan\u0131 ve TDV M\u00fctevelli Heyeti Ba\u015fkan\u0131 Prof. Dr. Safi Arpagu\u015f,\n\t\t\t\t<\/dd><\/dl><dl class='gallery-item'>\n\t\t\t<dt class='gallery-icon landscape'>\n\t\t\t\t<a href='https:\/\/tdv.org\/tr-TR\/wp-content\/uploads\/2026\/03\/diyanet-isleri-baskani-arpagus-kuzey-makedonya-da-iftar-programina-katildi-3.jpg'><img decoding=\"async\" width=\"1024\" height=\"683\" src=\"https:\/\/tdv.org\/tr-TR\/wp-content\/uploads\/2026\/03\/diyanet-isleri-baskani-arpagus-kuzey-makedonya-da-iftar-programina-katildi-3-1024x683.jpg\" class=\"attachment-large size-large\" alt=\"\" aria-describedby=\"gallery-1-55940\" srcset=\"https:\/\/tdv.org\/tr-TR\/wp-content\/uploads\/2026\/03\/diyanet-isleri-baskani-arpagus-kuzey-makedonya-da-iftar-programina-katildi-3-1024x683.jpg 1024w, https:\/\/tdv.org\/tr-TR\/wp-content\/uploads\/2026\/03\/diyanet-isleri-baskani-arpagus-kuzey-makedonya-da-iftar-programina-katildi-3-300x200.jpg 300w, https:\/\/tdv.org\/tr-TR\/wp-content\/uploads\/2026\/03\/diyanet-isleri-baskani-arpagus-kuzey-makedonya-da-iftar-programina-katildi-3-768x512.jpg 768w, https:\/\/tdv.org\/tr-TR\/wp-content\/uploads\/2026\/03\/diyanet-isleri-baskani-arpagus-kuzey-makedonya-da-iftar-programina-katildi-3-900x600.jpg 900w, https:\/\/tdv.org\/tr-TR\/wp-content\/uploads\/2026\/03\/diyanet-isleri-baskani-arpagus-kuzey-makedonya-da-iftar-programina-katildi-3.jpg 1152w\" sizes=\"(max-width: 1024px) 100vw, 1024px\" \/><\/a>\n\t\t\t<\/dt>\n\t\t\t\t<dd class='wp-caption-text gallery-caption' id='gallery-1-55940'>\n\t\t\t\tDiyanet \u0130\u015fleri Ba\u015fkan\u0131 Arpagu\u015f, Kuzey Makedonya&#8217;da iftar program\u0131na kat\u0131ld\u0131, iftar,Diyanet\u00a0\u0130\u015fleri Ba\u015fkan\u0131 ve TDV M\u00fctevelli Heyeti Ba\u015fkan\u0131 Prof. Dr. Safi Arpagu\u015f,\n\t\t\t\t<\/dd><\/dl><br style=\"clear: both\" \/><dl class='gallery-item'>\n\t\t\t<dt class='gallery-icon landscape'>\n\t\t\t\t<a href='https:\/\/tdv.org\/tr-TR\/wp-content\/uploads\/2026\/03\/diyanet-isleri-baskani-arpagus-kuzey-makedonya-da-iftar-programina-katildi-4.jpg'><img decoding=\"async\" width=\"1024\" height=\"683\" src=\"https:\/\/tdv.org\/tr-TR\/wp-content\/uploads\/2026\/03\/diyanet-isleri-baskani-arpagus-kuzey-makedonya-da-iftar-programina-katildi-4-1024x683.jpg\" class=\"attachment-large size-large\" alt=\"\" aria-describedby=\"gallery-1-55941\" srcset=\"https:\/\/tdv.org\/tr-TR\/wp-content\/uploads\/2026\/03\/diyanet-isleri-baskani-arpagus-kuzey-makedonya-da-iftar-programina-katildi-4-1024x683.jpg 1024w, https:\/\/tdv.org\/tr-TR\/wp-content\/uploads\/2026\/03\/diyanet-isleri-baskani-arpagus-kuzey-makedonya-da-iftar-programina-katildi-4-300x200.jpg 300w, https:\/\/tdv.org\/tr-TR\/wp-content\/uploads\/2026\/03\/diyanet-isleri-baskani-arpagus-kuzey-makedonya-da-iftar-programina-katildi-4-768x512.jpg 768w, https:\/\/tdv.org\/tr-TR\/wp-content\/uploads\/2026\/03\/diyanet-isleri-baskani-arpagus-kuzey-makedonya-da-iftar-programina-katildi-4-900x600.jpg 900w, https:\/\/tdv.org\/tr-TR\/wp-content\/uploads\/2026\/03\/diyanet-isleri-baskani-arpagus-kuzey-makedonya-da-iftar-programina-katildi-4.jpg 1152w\" sizes=\"(max-width: 1024px) 100vw, 1024px\" \/><\/a>\n\t\t\t<\/dt>\n\t\t\t\t<dd class='wp-caption-text gallery-caption' id='gallery-1-55941'>\n\t\t\t\tDiyanet \u0130\u015fleri Ba\u015fkan\u0131 Arpagu\u015f, Kuzey Makedonya&#8217;da iftar program\u0131na kat\u0131ld\u0131, iftar,Diyanet\u00a0\u0130\u015fleri Ba\u015fkan\u0131 ve TDV M\u00fctevelli Heyeti Ba\u015fkan\u0131 Prof. Dr. Safi Arpagu\u015f,\n\t\t\t\t<\/dd><\/dl><dl class='gallery-item'>\n\t\t\t<dt class='gallery-icon landscape'>\n\t\t\t\t<a href='https:\/\/tdv.org\/tr-TR\/wp-content\/uploads\/2026\/03\/diyanet-isleri-baskani-arpagus-kuzey-makedonya-da-iftar-programina-katildi-5.jpg'><img decoding=\"async\" width=\"1024\" height=\"683\" src=\"https:\/\/tdv.org\/tr-TR\/wp-content\/uploads\/2026\/03\/diyanet-isleri-baskani-arpagus-kuzey-makedonya-da-iftar-programina-katildi-5-1024x683.jpg\" class=\"attachment-large size-large\" alt=\"\" aria-describedby=\"gallery-1-55942\" srcset=\"https:\/\/tdv.org\/tr-TR\/wp-content\/uploads\/2026\/03\/diyanet-isleri-baskani-arpagus-kuzey-makedonya-da-iftar-programina-katildi-5-1024x683.jpg 1024w, https:\/\/tdv.org\/tr-TR\/wp-content\/uploads\/2026\/03\/diyanet-isleri-baskani-arpagus-kuzey-makedonya-da-iftar-programina-katildi-5-300x200.jpg 300w, https:\/\/tdv.org\/tr-TR\/wp-content\/uploads\/2026\/03\/diyanet-isleri-baskani-arpagus-kuzey-makedonya-da-iftar-programina-katildi-5-768x512.jpg 768w, https:\/\/tdv.org\/tr-TR\/wp-content\/uploads\/2026\/03\/diyanet-isleri-baskani-arpagus-kuzey-makedonya-da-iftar-programina-katildi-5-900x600.jpg 900w, https:\/\/tdv.org\/tr-TR\/wp-content\/uploads\/2026\/03\/diyanet-isleri-baskani-arpagus-kuzey-makedonya-da-iftar-programina-katildi-5.jpg 1152w\" sizes=\"(max-width: 1024px) 100vw, 1024px\" \/><\/a>\n\t\t\t<\/dt>\n\t\t\t\t<dd class='wp-caption-text gallery-caption' id='gallery-1-55942'>\n\t\t\t\tDiyanet \u0130\u015fleri Ba\u015fkan\u0131 Arpagu\u015f, Kuzey Makedonya&#8217;da iftar program\u0131na kat\u0131ld\u0131, iftar,Diyanet\u00a0\u0130\u015fleri Ba\u015fkan\u0131 ve TDV M\u00fctevelli Heyeti Ba\u015fkan\u0131 Prof. Dr. Safi Arpagu\u015f,\n\t\t\t\t<\/dd><\/dl><dl class='gallery-item'>\n\t\t\t<dt class='gallery-icon landscape'>\n\t\t\t\t<a href='https:\/\/tdv.org\/tr-TR\/wp-content\/uploads\/2026\/03\/diyanet-isleri-baskani-arpagus-kuzey-makedonya-da-iftar-programina-katildi-6.jpg'><img decoding=\"async\" width=\"1024\" height=\"683\" src=\"https:\/\/tdv.org\/tr-TR\/wp-content\/uploads\/2026\/03\/diyanet-isleri-baskani-arpagus-kuzey-makedonya-da-iftar-programina-katildi-6-1024x683.jpg\" class=\"attachment-large size-large\" alt=\"\" aria-describedby=\"gallery-1-55943\" srcset=\"https:\/\/tdv.org\/tr-TR\/wp-content\/uploads\/2026\/03\/diyanet-isleri-baskani-arpagus-kuzey-makedonya-da-iftar-programina-katildi-6-1024x683.jpg 1024w, https:\/\/tdv.org\/tr-TR\/wp-content\/uploads\/2026\/03\/diyanet-isleri-baskani-arpagus-kuzey-makedonya-da-iftar-programina-katildi-6-300x200.jpg 300w, https:\/\/tdv.org\/tr-TR\/wp-content\/uploads\/2026\/03\/diyanet-isleri-baskani-arpagus-kuzey-makedonya-da-iftar-programina-katildi-6-768x512.jpg 768w, https:\/\/tdv.org\/tr-TR\/wp-content\/uploads\/2026\/03\/diyanet-isleri-baskani-arpagus-kuzey-makedonya-da-iftar-programina-katildi-6-900x600.jpg 900w, https:\/\/tdv.org\/tr-TR\/wp-content\/uploads\/2026\/03\/diyanet-isleri-baskani-arpagus-kuzey-makedonya-da-iftar-programina-katildi-6.jpg 1152w\" sizes=\"(max-width: 1024px) 100vw, 1024px\" \/><\/a>\n\t\t\t<\/dt>\n\t\t\t\t<dd class='wp-caption-text gallery-caption' id='gallery-1-55943'>\n\t\t\t\tDiyanet \u0130\u015fleri Ba\u015fkan\u0131 Arpagu\u015f, Kuzey Makedonya&#8217;da iftar program\u0131na kat\u0131ld\u0131, iftar,Diyanet\u00a0\u0130\u015fleri Ba\u015fkan\u0131 ve TDV M\u00fctevelli Heyeti Ba\u015fkan\u0131 Prof. Dr. Safi Arpagu\u015f,\n\t\t\t\t<\/dd><\/dl><br style=\"clear: both\" \/><dl class='gallery-item'>\n\t\t\t<dt class='gallery-icon landscape'>\n\t\t\t\t<a href='https:\/\/tdv.org\/tr-TR\/wp-content\/uploads\/2026\/03\/diyanet-isleri-baskani-arpagus-kuzey-makedonya-da-iftar-programina-katildi-7.jpg'><img decoding=\"async\" width=\"1024\" height=\"681\" src=\"https:\/\/tdv.org\/tr-TR\/wp-content\/uploads\/2026\/03\/diyanet-isleri-baskani-arpagus-kuzey-makedonya-da-iftar-programina-katildi-7-1024x681.jpg\" class=\"attachment-large size-large\" alt=\"\" aria-describedby=\"gallery-1-55944\" srcset=\"https:\/\/tdv.org\/tr-TR\/wp-content\/uploads\/2026\/03\/diyanet-isleri-baskani-arpagus-kuzey-makedonya-da-iftar-programina-katildi-7-1024x681.jpg 1024w, https:\/\/tdv.org\/tr-TR\/wp-content\/uploads\/2026\/03\/diyanet-isleri-baskani-arpagus-kuzey-makedonya-da-iftar-programina-katildi-7-300x199.jpg 300w, https:\/\/tdv.org\/tr-TR\/wp-content\/uploads\/2026\/03\/diyanet-isleri-baskani-arpagus-kuzey-makedonya-da-iftar-programina-katildi-7-768x511.jpg 768w, https:\/\/tdv.org\/tr-TR\/wp-content\/uploads\/2026\/03\/diyanet-isleri-baskani-arpagus-kuzey-makedonya-da-iftar-programina-katildi-7-900x600.jpg 900w, https:\/\/tdv.org\/tr-TR\/wp-content\/uploads\/2026\/03\/diyanet-isleri-baskani-arpagus-kuzey-makedonya-da-iftar-programina-katildi-7.jpg 1155w\" sizes=\"(max-width: 1024px) 100vw, 1024px\" \/><\/a>\n\t\t\t<\/dt>\n\t\t\t\t<dd class='wp-caption-text gallery-caption' id='gallery-1-55944'>\n\t\t\t\tDiyanet \u0130\u015fleri Ba\u015fkan\u0131 Arpagu\u015f, Kuzey Makedonya&#8217;da iftar program\u0131na kat\u0131ld\u0131, iftar,Diyanet\u00a0\u0130\u015fleri Ba\u015fkan\u0131 ve TDV M\u00fctevelli Heyeti Ba\u015fkan\u0131 Prof. Dr. Safi Arpagu\u015f,\n\t\t\t\t<\/dd><\/dl>\n\t\t\t<br style='clear: both' \/>\n\t\t<\/div>\n\n","protected":false},"excerpt":{"rendered":"<p>Diyanet\u00a0\u0130\u015fleri Ba\u015fkanl\u0131\u011f\u0131, T\u00fcrkiye\u00a0Diyanet\u00a0Vakf\u0131\u00a0(TDV) ve T\u00fcrkiye&#8217;nin \u00dcsk\u00fcp B\u00fcy\u00fckel\u00e7ili\u011fi i\u015f birli\u011finde Kuzey Makedonya&#8217;n\u0131n ba\u015fkenti \u00dcsk\u00fcp&#8217;te bir otelde iftar program\u0131 d\u00fczenlendi. \u0130ftar program\u0131na Kuzey Makedonya Meclis Ba\u015fkan\u0131 Afrim Gashi, T\u00fcrkiye&#8217;nin \u00dcsk\u00fcp B\u00fcy\u00fckel\u00e7isi Fatih&#8230;<\/p>\n","protected":false},"author":8,"featured_media":55943,"comment_status":"closed","ping_status":"closed","sticky":false,"template":"","format":"standard","meta":{"footnotes":""},"categories":[1],"tags":[119,1774,2108,697,1244],"class_list":{"0":"post-55937","1":"post","2":"type-post","3":"status-publish","4":"format-standard","5":"has-post-thumbnail","7":"category-haberler","8":"tag-iftar","9":"tag-iftar-bulismasi","10":"tag-iftar-cadiri","11":"tag-iftar-paketi","12":"tag-iftarlik"},"yoast_head":"<!-- This site is optimized with the Yoast SEO plugin v27.5 - https:\/\/yoast.com\/product\/yoast-seo-wordpress\/ -->\n<title>Diyanet \u0130\u015fleri Ba\u015fkan\u0131 Arpagu\u015f, Kuzey Makedonya&#039;da iftar program\u0131na kat\u0131ld\u0131<\/title>\n<meta name=\"description\" content=\"Diyanet\u00a0\u0130\u015fleri Ba\u015fkanl\u0131\u011f\u0131, T\u00fcrkiye\u00a0Diyanet\u00a0Vakf\u0131\u00a0(TDV) ve T\u00fcrkiye&#039;nin \u00dcsk\u00fcp B\u00fcy\u00fckel\u00e7ili\u011fi i\u015f birli\u011finde Kuzey Makedonya&#039;n\u0131n ba\u015fkenti \u00dcsk\u00fcp&#039;te bir otelde iftar program\u0131 d\u00fczenlendi.\" \/>\n<meta name=\"robots\" content=\"index, follow, max-snippet:-1, max-image-preview:large, max-video-preview:-1\" \/>\n<link rel=\"canonical\" href=\"https:\/\/tdv.org\/tr-TR\/diyanet-isleri-baskani-arpagus-kuzey-makedonyada-iftar-programina-katildi\/\" \/>\n<meta property=\"og:locale\" content=\"tr_TR\" \/>\n<meta property=\"og:type\" content=\"article\" \/>\n<meta property=\"og:title\" content=\"Diyanet \u0130\u015fleri Ba\u015fkan\u0131 Arpagu\u015f, Kuzey Makedonya&#039;da iftar program\u0131na kat\u0131ld\u0131\" \/>\n<meta property=\"og:description\" content=\"Diyanet\u00a0\u0130\u015fleri Ba\u015fkanl\u0131\u011f\u0131, T\u00fcrkiye\u00a0Diyanet\u00a0Vakf\u0131\u00a0(TDV) ve T\u00fcrkiye&#039;nin \u00dcsk\u00fcp B\u00fcy\u00fckel\u00e7ili\u011fi i\u015f birli\u011finde Kuzey Makedonya&#039;n\u0131n ba\u015fkenti \u00dcsk\u00fcp&#039;te bir otelde iftar program\u0131 d\u00fczenlendi.\" \/>\n<meta property=\"og:url\" content=\"https:\/\/tdv.org\/tr-TR\/diyanet-isleri-baskani-arpagus-kuzey-makedonyada-iftar-programina-katildi\/\" \/>\n<meta property=\"og:site_name\" content=\"T\u00fcrkiye Diyanet Vakf\u0131 Resmi Web Sitesi\" \/>\n<meta property=\"article:publisher\" content=\"https:\/\/www.facebook.com\/Diyanetvakfi\/\" \/>\n<meta property=\"article:published_time\" content=\"2026-03-05T06:30:51+00:00\" \/>\n<meta property=\"article:modified_time\" content=\"2026-03-05T08:16:10+00:00\" \/>\n<meta property=\"og:image\" content=\"https:\/\/tdv.org\/tr-TR\/wp-content\/uploads\/2026\/03\/diyanet-isleri-baskani-arpagus-kuzey-makedonya-da-iftar-programina-katildi-6.jpg\" \/>\n\t<meta property=\"og:image:width\" content=\"1152\" \/>\n\t<meta property=\"og:image:height\" content=\"768\" \/>\n\t<meta property=\"og:image:type\" content=\"image\/jpeg\" \/>\n<meta name=\"author\" content=\"Selim\" \/>\n<meta name=\"twitter:card\" content=\"summary_large_image\" \/>\n<meta name=\"twitter:creator\" content=\"@DiyanetVakfi\" \/>\n<meta name=\"twitter:site\" content=\"@DiyanetVakfi\" \/>\n<script type=\"application\/ld+json\" class=\"yoast-schema-graph\">{\"@context\":\"https:\\\/\\\/schema.org\",\"@graph\":[{\"@type\":\"Article\",\"@id\":\"https:\\\/\\\/tdv.org\\\/tr-TR\\\/diyanet-isleri-baskani-arpagus-kuzey-makedonyada-iftar-programina-katildi\\\/#article\",\"isPartOf\":{\"@id\":\"https:\\\/\\\/tdv.org\\\/tr-TR\\\/diyanet-isleri-baskani-arpagus-kuzey-makedonyada-iftar-programina-katildi\\\/\"},\"author\":{\"name\":\"Selim\",\"@id\":\"https:\\\/\\\/tdv.org\\\/tr-TR\\\/#\\\/schema\\\/person\\\/752b55e264a99273d55636516d96d5eb\"},\"headline\":\"Diyanet \u0130\u015fleri Ba\u015fkan\u0131 Arpagu\u015f, Kuzey Makedonya&#8217;da iftar program\u0131na kat\u0131ld\u0131\",\"datePublished\":\"2026-03-05T06:30:51+00:00\",\"dateModified\":\"2026-03-05T08:16:10+00:00\",\"mainEntityOfPage\":{\"@id\":\"https:\\\/\\\/tdv.org\\\/tr-TR\\\/diyanet-isleri-baskani-arpagus-kuzey-makedonyada-iftar-programina-katildi\\\/\"},\"wordCount\":446,\"publisher\":{\"@id\":\"https:\\\/\\\/tdv.org\\\/tr-TR\\\/#organization\"},\"image\":{\"@id\":\"https:\\\/\\\/tdv.org\\\/tr-TR\\\/diyanet-isleri-baskani-arpagus-kuzey-makedonyada-iftar-programina-katildi\\\/#primaryimage\"},\"thumbnailUrl\":\"https:\\\/\\\/tdv.org\\\/tr-TR\\\/wp-content\\\/uploads\\\/2026\\\/03\\\/diyanet-isleri-baskani-arpagus-kuzey-makedonya-da-iftar-programina-katildi-6.jpg\",\"keywords\":[\"iftar\",\"iftar bul\u0131\u015fmas\u0131\",\"iftar \u00e7ad\u0131r\u0131\",\"iftar paketi\",\"iftarl\u0131k\"],\"articleSection\":[\"Haberler\"],\"inLanguage\":\"tr\"},{\"@type\":\"WebPage\",\"@id\":\"https:\\\/\\\/tdv.org\\\/tr-TR\\\/diyanet-isleri-baskani-arpagus-kuzey-makedonyada-iftar-programina-katildi\\\/\",\"url\":\"https:\\\/\\\/tdv.org\\\/tr-TR\\\/diyanet-isleri-baskani-arpagus-kuzey-makedonyada-iftar-programina-katildi\\\/\",\"name\":\"Diyanet \u0130\u015fleri Ba\u015fkan\u0131 Arpagu\u015f, Kuzey Makedonya'da iftar program\u0131na kat\u0131ld\u0131\",\"isPartOf\":{\"@id\":\"https:\\\/\\\/tdv.org\\\/tr-TR\\\/#website\"},\"primaryImageOfPage\":{\"@id\":\"https:\\\/\\\/tdv.org\\\/tr-TR\\\/diyanet-isleri-baskani-arpagus-kuzey-makedonyada-iftar-programina-katildi\\\/#primaryimage\"},\"image\":{\"@id\":\"https:\\\/\\\/tdv.org\\\/tr-TR\\\/diyanet-isleri-baskani-arpagus-kuzey-makedonyada-iftar-programina-katildi\\\/#primaryimage\"},\"thumbnailUrl\":\"https:\\\/\\\/tdv.org\\\/tr-TR\\\/wp-content\\\/uploads\\\/2026\\\/03\\\/diyanet-isleri-baskani-arpagus-kuzey-makedonya-da-iftar-programina-katildi-6.jpg\",\"datePublished\":\"2026-03-05T06:30:51+00:00\",\"dateModified\":\"2026-03-05T08:16:10+00:00\",\"description\":\"Diyanet\u00a0\u0130\u015fleri Ba\u015fkanl\u0131\u011f\u0131, T\u00fcrkiye\u00a0Diyanet\u00a0Vakf\u0131\u00a0(TDV) ve T\u00fcrkiye'nin \u00dcsk\u00fcp B\u00fcy\u00fckel\u00e7ili\u011fi i\u015f birli\u011finde Kuzey Makedonya'n\u0131n ba\u015fkenti \u00dcsk\u00fcp'te bir otelde iftar program\u0131 d\u00fczenlendi.\",\"breadcrumb\":{\"@id\":\"https:\\\/\\\/tdv.org\\\/tr-TR\\\/diyanet-isleri-baskani-arpagus-kuzey-makedonyada-iftar-programina-katildi\\\/#breadcrumb\"},\"inLanguage\":\"tr\",\"potentialAction\":[{\"@type\":\"ReadAction\",\"target\":[\"https:\\\/\\\/tdv.org\\\/tr-TR\\\/diyanet-isleri-baskani-arpagus-kuzey-makedonyada-iftar-programina-katildi\\\/\"]}]},{\"@type\":\"ImageObject\",\"inLanguage\":\"tr\",\"@id\":\"https:\\\/\\\/tdv.org\\\/tr-TR\\\/diyanet-isleri-baskani-arpagus-kuzey-makedonyada-iftar-programina-katildi\\\/#primaryimage\",\"url\":\"https:\\\/\\\/tdv.org\\\/tr-TR\\\/wp-content\\\/uploads\\\/2026\\\/03\\\/diyanet-isleri-baskani-arpagus-kuzey-makedonya-da-iftar-programina-katildi-6.jpg\",\"contentUrl\":\"https:\\\/\\\/tdv.org\\\/tr-TR\\\/wp-content\\\/uploads\\\/2026\\\/03\\\/diyanet-isleri-baskani-arpagus-kuzey-makedonya-da-iftar-programina-katildi-6.jpg\",\"width\":1152,\"height\":768,\"caption\":\"Diyanet \u0130\u015fleri Ba\u015fkan\u0131 Arpagu\u015f, Kuzey Makedonya'da iftar program\u0131na kat\u0131ld\u0131, iftar,Diyanet\u00a0\u0130\u015fleri Ba\u015fkan\u0131 ve TDV M\u00fctevelli Heyeti Ba\u015fkan\u0131 Prof. Dr. Safi Arpagu\u015f,\"},{\"@type\":\"BreadcrumbList\",\"@id\":\"https:\\\/\\\/tdv.org\\\/tr-TR\\\/diyanet-isleri-baskani-arpagus-kuzey-makedonyada-iftar-programina-katildi\\\/#breadcrumb\",\"itemListElement\":[{\"@type\":\"ListItem\",\"position\":1,\"name\":\"Anasayfa\",\"item\":\"https:\\\/\\\/tdv.org\\\/tr-TR\\\/\"},{\"@type\":\"ListItem\",\"position\":2,\"name\":\"Diyanet \u0130\u015fleri Ba\u015fkan\u0131 Arpagu\u015f, Kuzey Makedonya&#8217;da iftar program\u0131na kat\u0131ld\u0131\"}]},{\"@type\":\"WebSite\",\"@id\":\"https:\\\/\\\/tdv.org\\\/tr-TR\\\/#website\",\"url\":\"https:\\\/\\\/tdv.org\\\/tr-TR\\\/\",\"name\":\"T\u00fcrkiye Diyanet Vakf\u0131 Resmi Web Sitesi\",\"description\":\"Yery\u00fcz\u00fcnde iyilik egemen oluncaya kadar\",\"publisher\":{\"@id\":\"https:\\\/\\\/tdv.org\\\/tr-TR\\\/#organization\"},\"alternateName\":\"T\u00fcrkiye Diyanet Vakf\u0131\",\"potentialAction\":[{\"@type\":\"SearchAction\",\"target\":{\"@type\":\"EntryPoint\",\"urlTemplate\":\"https:\\\/\\\/tdv.org\\\/tr-TR\\\/?s={search_term_string}\"},\"query-input\":{\"@type\":\"PropertyValueSpecification\",\"valueRequired\":true,\"valueName\":\"search_term_string\"}}],\"inLanguage\":\"tr\"},{\"@type\":\"Organization\",\"@id\":\"https:\\\/\\\/tdv.org\\\/tr-TR\\\/#organization\",\"name\":\"T\u00fcrkiye Diyanet Vakf\u0131\",\"alternateName\":\"T\u00fcrkiye Diyanet Vakf\u0131\",\"url\":\"https:\\\/\\\/tdv.org\\\/tr-TR\\\/\",\"logo\":{\"@type\":\"ImageObject\",\"inLanguage\":\"tr\",\"@id\":\"https:\\\/\\\/tdv.org\\\/tr-TR\\\/#\\\/schema\\\/logo\\\/image\\\/\",\"url\":\"https:\\\/\\\/tdv.org\\\/tr-TR\\\/wp-content\\\/uploads\\\/2018\\\/12\\\/TDV_Logo_1.png\",\"contentUrl\":\"https:\\\/\\\/tdv.org\\\/tr-TR\\\/wp-content\\\/uploads\\\/2018\\\/12\\\/TDV_Logo_1.png\",\"width\":207,\"height\":71,\"caption\":\"T\u00fcrkiye Diyanet Vakf\u0131\"},\"image\":{\"@id\":\"https:\\\/\\\/tdv.org\\\/tr-TR\\\/#\\\/schema\\\/logo\\\/image\\\/\"},\"sameAs\":[\"https:\\\/\\\/www.facebook.com\\\/Diyanetvakfi\\\/\",\"https:\\\/\\\/x.com\\\/DiyanetVakfi\",\"https:\\\/\\\/www.instagram.com\\\/turkiyediyanetvakfi\\\/\",\"https:\\\/\\\/www.youtube.com\\\/user\\\/TurkiyeDiyanetVakfi\"]},{\"@type\":\"Person\",\"@id\":\"https:\\\/\\\/tdv.org\\\/tr-TR\\\/#\\\/schema\\\/person\\\/752b55e264a99273d55636516d96d5eb\",\"name\":\"Selim\",\"image\":{\"@type\":\"ImageObject\",\"inLanguage\":\"tr\",\"@id\":\"https:\\\/\\\/tdv.org\\\/tr-TR\\\/wp-content\\\/litespeed\\\/avatar\\\/a1e47b25396e98e5b781e88a5396cd96.jpg?ver=1777287391\",\"url\":\"https:\\\/\\\/tdv.org\\\/tr-TR\\\/wp-content\\\/litespeed\\\/avatar\\\/a1e47b25396e98e5b781e88a5396cd96.jpg?ver=1777287391\",\"contentUrl\":\"https:\\\/\\\/tdv.org\\\/tr-TR\\\/wp-content\\\/litespeed\\\/avatar\\\/a1e47b25396e98e5b781e88a5396cd96.jpg?ver=1777287391\",\"caption\":\"Selim\"}}]}<\/script>\n<!-- \/ Yoast SEO plugin. -->","yoast_head_json":{"title":"Diyanet \u0130\u015fleri Ba\u015fkan\u0131 Arpagu\u015f, Kuzey Makedonya'da iftar program\u0131na kat\u0131ld\u0131","description":"Diyanet\u00a0\u0130\u015fleri Ba\u015fkanl\u0131\u011f\u0131, T\u00fcrkiye\u00a0Diyanet\u00a0Vakf\u0131\u00a0(TDV) ve T\u00fcrkiye'nin \u00dcsk\u00fcp B\u00fcy\u00fckel\u00e7ili\u011fi i\u015f birli\u011finde Kuzey Makedonya'n\u0131n ba\u015fkenti \u00dcsk\u00fcp'te bir otelde iftar program\u0131 d\u00fczenlendi.","robots":{"index":"index","follow":"follow","max-snippet":"max-snippet:-1","max-image-preview":"max-image-preview:large","max-video-preview":"max-video-preview:-1"},"canonical":"https:\/\/tdv.org\/tr-TR\/diyanet-isleri-baskani-arpagus-kuzey-makedonyada-iftar-programina-katildi\/","og_locale":"tr_TR","og_type":"article","og_title":"Diyanet \u0130\u015fleri Ba\u015fkan\u0131 Arpagu\u015f, Kuzey Makedonya'da iftar program\u0131na kat\u0131ld\u0131","og_description":"Diyanet\u00a0\u0130\u015fleri Ba\u015fkanl\u0131\u011f\u0131, T\u00fcrkiye\u00a0Diyanet\u00a0Vakf\u0131\u00a0(TDV) ve T\u00fcrkiye'nin \u00dcsk\u00fcp B\u00fcy\u00fckel\u00e7ili\u011fi i\u015f birli\u011finde Kuzey Makedonya'n\u0131n ba\u015fkenti \u00dcsk\u00fcp'te bir otelde iftar program\u0131 d\u00fczenlendi.","og_url":"https:\/\/tdv.org\/tr-TR\/diyanet-isleri-baskani-arpagus-kuzey-makedonyada-iftar-programina-katildi\/","og_site_name":"T\u00fcrkiye Diyanet Vakf\u0131 Resmi Web Sitesi","article_publisher":"https:\/\/www.facebook.com\/Diyanetvakfi\/","article_published_time":"2026-03-05T06:30:51+00:00","article_modified_time":"2026-03-05T08:16:10+00:00","og_image":[{"width":1152,"height":768,"url":"https:\/\/tdv.org\/tr-TR\/wp-content\/uploads\/2026\/03\/diyanet-isleri-baskani-arpagus-kuzey-makedonya-da-iftar-programina-katildi-6.jpg","type":"image\/jpeg"}],"author":"Selim","twitter_card":"summary_large_image","twitter_creator":"@DiyanetVakfi","twitter_site":"@DiyanetVakfi","schema":{"@context":"https:\/\/schema.org","@graph":[{"@type":"Article","@id":"https:\/\/tdv.org\/tr-TR\/diyanet-isleri-baskani-arpagus-kuzey-makedonyada-iftar-programina-katildi\/#article","isPartOf":{"@id":"https:\/\/tdv.org\/tr-TR\/diyanet-isleri-baskani-arpagus-kuzey-makedonyada-iftar-programina-katildi\/"},"author":{"name":"Selim","@id":"https:\/\/tdv.org\/tr-TR\/#\/schema\/person\/752b55e264a99273d55636516d96d5eb"},"headline":"Diyanet \u0130\u015fleri Ba\u015fkan\u0131 Arpagu\u015f, Kuzey Makedonya&#8217;da iftar program\u0131na kat\u0131ld\u0131","datePublished":"2026-03-05T06:30:51+00:00","dateModified":"2026-03-05T08:16:10+00:00","mainEntityOfPage":{"@id":"https:\/\/tdv.org\/tr-TR\/diyanet-isleri-baskani-arpagus-kuzey-makedonyada-iftar-programina-katildi\/"},"wordCount":446,"publisher":{"@id":"https:\/\/tdv.org\/tr-TR\/#organization"},"image":{"@id":"https:\/\/tdv.org\/tr-TR\/diyanet-isleri-baskani-arpagus-kuzey-makedonyada-iftar-programina-katildi\/#primaryimage"},"thumbnailUrl":"https:\/\/tdv.org\/tr-TR\/wp-content\/uploads\/2026\/03\/diyanet-isleri-baskani-arpagus-kuzey-makedonya-da-iftar-programina-katildi-6.jpg","keywords":["iftar","iftar bul\u0131\u015fmas\u0131","iftar \u00e7ad\u0131r\u0131","iftar paketi","iftarl\u0131k"],"articleSection":["Haberler"],"inLanguage":"tr"},{"@type":"WebPage","@id":"https:\/\/tdv.org\/tr-TR\/diyanet-isleri-baskani-arpagus-kuzey-makedonyada-iftar-programina-katildi\/","url":"https:\/\/tdv.org\/tr-TR\/diyanet-isleri-baskani-arpagus-kuzey-makedonyada-iftar-programina-katildi\/","name":"Diyanet \u0130\u015fleri Ba\u015fkan\u0131 Arpagu\u015f, Kuzey Makedonya'da iftar program\u0131na kat\u0131ld\u0131","isPartOf":{"@id":"https:\/\/tdv.org\/tr-TR\/#website"},"primaryImageOfPage":{"@id":"https:\/\/tdv.org\/tr-TR\/diyanet-isleri-baskani-arpagus-kuzey-makedonyada-iftar-programina-katildi\/#primaryimage"},"image":{"@id":"https:\/\/tdv.org\/tr-TR\/diyanet-isleri-baskani-arpagus-kuzey-makedonyada-iftar-programina-katildi\/#primaryimage"},"thumbnailUrl":"https:\/\/tdv.org\/tr-TR\/wp-content\/uploads\/2026\/03\/diyanet-isleri-baskani-arpagus-kuzey-makedonya-da-iftar-programina-katildi-6.jpg","datePublished":"2026-03-05T06:30:51+00:00","dateModified":"2026-03-05T08:16:10+00:00","description":"Diyanet\u00a0\u0130\u015fleri Ba\u015fkanl\u0131\u011f\u0131, T\u00fcrkiye\u00a0Diyanet\u00a0Vakf\u0131\u00a0(TDV) ve T\u00fcrkiye'nin \u00dcsk\u00fcp B\u00fcy\u00fckel\u00e7ili\u011fi i\u015f birli\u011finde Kuzey Makedonya'n\u0131n ba\u015fkenti \u00dcsk\u00fcp'te bir otelde iftar program\u0131 d\u00fczenlendi.","breadcrumb":{"@id":"https:\/\/tdv.org\/tr-TR\/diyanet-isleri-baskani-arpagus-kuzey-makedonyada-iftar-programina-katildi\/#breadcrumb"},"inLanguage":"tr","potentialAction":[{"@type":"ReadAction","target":["https:\/\/tdv.org\/tr-TR\/diyanet-isleri-baskani-arpagus-kuzey-makedonyada-iftar-programina-katildi\/"]}]},{"@type":"ImageObject","inLanguage":"tr","@id":"https:\/\/tdv.org\/tr-TR\/diyanet-isleri-baskani-arpagus-kuzey-makedonyada-iftar-programina-katildi\/#primaryimage","url":"https:\/\/tdv.org\/tr-TR\/wp-content\/uploads\/2026\/03\/diyanet-isleri-baskani-arpagus-kuzey-makedonya-da-iftar-programina-katildi-6.jpg","contentUrl":"https:\/\/tdv.org\/tr-TR\/wp-content\/uploads\/2026\/03\/diyanet-isleri-baskani-arpagus-kuzey-makedonya-da-iftar-programina-katildi-6.jpg","width":1152,"height":768,"caption":"Diyanet \u0130\u015fleri Ba\u015fkan\u0131 Arpagu\u015f, Kuzey Makedonya'da iftar program\u0131na kat\u0131ld\u0131, iftar,Diyanet\u00a0\u0130\u015fleri Ba\u015fkan\u0131 ve TDV M\u00fctevelli Heyeti Ba\u015fkan\u0131 Prof. Dr. Safi Arpagu\u015f,"},{"@type":"BreadcrumbList","@id":"https:\/\/tdv.org\/tr-TR\/diyanet-isleri-baskani-arpagus-kuzey-makedonyada-iftar-programina-katildi\/#breadcrumb","itemListElement":[{"@type":"ListItem","position":1,"name":"Anasayfa","item":"https:\/\/tdv.org\/tr-TR\/"},{"@type":"ListItem","position":2,"name":"Diyanet \u0130\u015fleri Ba\u015fkan\u0131 Arpagu\u015f, Kuzey Makedonya&#8217;da iftar program\u0131na kat\u0131ld\u0131"}]},{"@type":"WebSite","@id":"https:\/\/tdv.org\/tr-TR\/#website","url":"https:\/\/tdv.org\/tr-TR\/","name":"T\u00fcrkiye Diyanet Vakf\u0131 Resmi Web Sitesi","description":"Yery\u00fcz\u00fcnde iyilik egemen oluncaya kadar","publisher":{"@id":"https:\/\/tdv.org\/tr-TR\/#organization"},"alternateName":"T\u00fcrkiye Diyanet Vakf\u0131","potentialAction":[{"@type":"SearchAction","target":{"@type":"EntryPoint","urlTemplate":"https:\/\/tdv.org\/tr-TR\/?s={search_term_string}"},"query-input":{"@type":"PropertyValueSpecification","valueRequired":true,"valueName":"search_term_string"}}],"inLanguage":"tr"},{"@type":"Organization","@id":"https:\/\/tdv.org\/tr-TR\/#organization","name":"T\u00fcrkiye Diyanet Vakf\u0131","alternateName":"T\u00fcrkiye Diyanet Vakf\u0131","url":"https:\/\/tdv.org\/tr-TR\/","logo":{"@type":"ImageObject","inLanguage":"tr","@id":"https:\/\/tdv.org\/tr-TR\/#\/schema\/logo\/image\/","url":"https:\/\/tdv.org\/tr-TR\/wp-content\/uploads\/2018\/12\/TDV_Logo_1.png","contentUrl":"https:\/\/tdv.org\/tr-TR\/wp-content\/uploads\/2018\/12\/TDV_Logo_1.png","width":207,"height":71,"caption":"T\u00fcrkiye Diyanet Vakf\u0131"},"image":{"@id":"https:\/\/tdv.org\/tr-TR\/#\/schema\/logo\/image\/"},"sameAs":["https:\/\/www.facebook.com\/Diyanetvakfi\/","https:\/\/x.com\/DiyanetVakfi","https:\/\/www.instagram.com\/turkiyediyanetvakfi\/","https:\/\/www.youtube.com\/user\/TurkiyeDiyanetVakfi"]},{"@type":"Person","@id":"https:\/\/tdv.org\/tr-TR\/#\/schema\/person\/752b55e264a99273d55636516d96d5eb","name":"Selim","image":{"@type":"ImageObject","inLanguage":"tr","@id":"https:\/\/tdv.org\/tr-TR\/wp-content\/litespeed\/avatar\/a1e47b25396e98e5b781e88a5396cd96.jpg?ver=1777287391","url":"https:\/\/tdv.org\/tr-TR\/wp-content\/litespeed\/avatar\/a1e47b25396e98e5b781e88a5396cd96.jpg?ver=1777287391","contentUrl":"https:\/\/tdv.org\/tr-TR\/wp-content\/litespeed\/avatar\/a1e47b25396e98e5b781e88a5396cd96.jpg?ver=1777287391","caption":"Selim"}}]}},"_links":{"self":[{"href":"https:\/\/tdv.org\/tr-TR\/wp-json\/wp\/v2\/posts\/55937","targetHints":{"allow":["GET"]}}],"collection":[{"href":"https:\/\/tdv.org\/tr-TR\/wp-json\/wp\/v2\/posts"}],"about":[{"href":"https:\/\/tdv.org\/tr-TR\/wp-json\/wp\/v2\/types\/post"}],"author":[{"embeddable":true,"href":"https:\/\/tdv.org\/tr-TR\/wp-json\/wp\/v2\/users\/8"}],"replies":[{"embeddable":true,"href":"https:\/\/tdv.org\/tr-TR\/wp-json\/wp\/v2\/comments?post=55937"}],"version-history":[{"count":1,"href":"https:\/\/tdv.org\/tr-TR\/wp-json\/wp\/v2\/posts\/55937\/revisions"}],"predecessor-version":[{"id":55945,"href":"https:\/\/tdv.org\/tr-TR\/wp-json\/wp\/v2\/posts\/55937\/revisions\/55945"}],"wp:featuredmedia":[{"embeddable":true,"href":"https:\/\/tdv.org\/tr-TR\/wp-json\/wp\/v2\/media\/55943"}],"wp:attachment":[{"href":"https:\/\/tdv.org\/tr-TR\/wp-json\/wp\/v2\/media?parent=55937"}],"wp:term":[{"taxonomy":"category","embeddable":true,"href":"https:\/\/tdv.org\/tr-TR\/wp-json\/wp\/v2\/categories?post=55937"},{"taxonomy":"post_tag","embeddable":true,"href":"https:\/\/tdv.org\/tr-TR\/wp-json\/wp\/v2\/tags?post=55937"}],"curies":[{"name":"wp","href":"https:\/\/api.w.org\/{rel}","templated":true}]}}