{"id":55970,"date":"2026-03-05T09:40:20","date_gmt":"2026-03-05T06:40:20","guid":{"rendered":"https:\/\/tdv.org\/tr-TR\/?p=55970"},"modified":"2026-03-05T12:18:11","modified_gmt":"2026-03-05T09:18:11","slug":"muslumanlardan-etkilenerek-islami-secen-tanzanyali-arafat-ulkesinde-tdv-gonullusu-oldu","status":"publish","type":"post","link":"https:\/\/tdv.org\/tr-TR\/muslumanlardan-etkilenerek-islami-secen-tanzanyali-arafat-ulkesinde-tdv-gonullusu-oldu\/","title":{"rendered":"M\u00fcsl\u00fcmanlardan etkilenerek \u0130slam&#8217;\u0131 se\u00e7en Tanzanyal\u0131 Arafat, \u00fclkesinde TDV g\u00f6n\u00fcll\u00fcs\u00fc oldu"},"content":{"rendered":"<p style=\"text-align: justify;\">Tanzanya&#8217;da ya\u015fad\u0131\u011f\u0131 b\u00f6lgedeki M\u00fcsl\u00fcmanlardan etkilenerek \u0130slam&#8217;\u0131 se\u00e7en Arafat Magaula, <a href=\"https:\/\/tdv.org\/tr-TR\/gonullu-ol\/\" target=\"_blank\" rel=\"noopener\">T\u00fcrkiye\u00a0Diyanet\u00a0Vakf\u0131\u00a0(TDV) g\u00f6n\u00fcll\u00fcs\u00fc<\/a> olarak \u00fclkesindeki ihtiya\u00e7 sahiplerine hay\u0131rseverlerin yard\u0131mlar\u0131n\u0131 ula\u015ft\u0131r\u0131yor.<\/p>\n<p style=\"text-align: justify;\">Dar es Salaam kentinin Mbezi Makabe b\u00f6lgesinde do\u011fan 36 ya\u015f\u0131ndaki Arafat, 18 y\u0131l \u00f6nce \u0130slam&#8217;\u0131 tercih etti.<\/p>\n<p style=\"text-align: justify;\">\u00d6nceki ad\u0131 John Pius Magaula olan Arafat, 2016\u2019da geldi\u011fi T\u00fcrkiye\u2019de Marmara \u00dcniversitesi\u2019nde bir y\u0131l T\u00fcrk\u00e7e, iki y\u0131l da ilahiyat e\u011fitimi ald\u0131ktan sonra \u00fclkesine d\u00f6nd\u00fc.<\/p>\n<p style=\"text-align: justify;\">\u00dcniversite e\u011fitimi boyunca T\u00fcrk insan\u0131n\u0131n yard\u0131mseverli\u011finden etkilenen ve T\u00fcrkiye&#8217;deki iyi ili\u015fkilerini devam ettiren Arafat, \u00fclkesinde <a href=\"https:\/\/tdv.org\/tr-TR\/gonullu-ol\/\" target=\"_blank\" rel=\"noopener\">TDV g\u00f6n\u00fcll\u00fcs\u00fc<\/a> olmaya karar verdi.<\/p>\n<p style=\"text-align: justify;\">TDV g\u00f6revlileriyle \u00fclkesindeki ihtiya\u00e7 sahiplerine yard\u0131m eli uzatan Arafat, k\u0131rsal b\u00f6lgelerde su kuyusu a\u00e7\u0131p e\u011fitim yard\u0131mlar\u0131 sa\u011flayarak hem g\u00f6n\u00fcll\u00fc el\u00e7ilik yap\u0131yor hem de g\u00f6n\u00fcllere dokunuyor.<\/p>\n<p style=\"text-align: justify;\"><strong>\u00a0&#8220;Annem M\u00fcsl\u00fcman olduktan sonra kalbime bir \u015fey geldi&#8221;<\/strong><\/p>\n<p style=\"text-align: justify;\">Arafat Magaula, do\u011fdu\u011fu b\u00f6lgede M\u00fcsl\u00fcmanlarla ya\u015fad\u0131\u011f\u0131n\u0131 ve \u0130slam k\u00fclt\u00fcr\u00fcnden olduk\u00e7a etkilendi\u011fini s\u00f6yledi.<\/p>\n<p style=\"text-align: justify;\">Annesinin de \u0130slam k\u00fclt\u00fcr\u00fcnden etkilenerek M\u00fcsl\u00fcman oldu\u011funu anlatan Arafat, \u015f\u00f6yle konu\u015ftu:<\/p>\n<p style=\"text-align: justify;\">&#8220;Ben 18 y\u0131l \u00f6nce M\u00fcsl\u00fcman de\u011fildim. B\u00f6lgede M\u00fcsl\u00fcmanlarla birlikte ya\u015f\u0131yordum. M\u00fcsl\u00fcmanlar\u0131n k\u00fclt\u00fcrlerini ger\u00e7ekten \u00e7ok seviyordum. Mesela ramazan, kurban ve d\u00fc\u011f\u00fcn k\u00fclt\u00fcrlerini. Asl\u0131nda ya\u015fad\u0131\u011f\u0131m b\u00f6lgede k\u00fc\u00e7\u00fckken M\u00fcsl\u00fcman \u00e7ocuklarla oyun oynuyordum. Annem M\u00fcsl\u00fcman olduktan sonra kalbime bir \u015fey geldi. Annem benden daha erken \u0130slam&#8217;\u0131 se\u00e7ti. Ben de takip ettim ve M\u00fcsl\u00fcman oldum. Neden M\u00fcsl\u00fcman oldum? Bir, Allah&#8217;\u0131n takdiri, iki, benim sevdi\u011fim M\u00fcsl\u00fcmanlar\u0131n k\u00fclt\u00fcrleri. Bunlardan dolay\u0131 \u0130slam&#8217;\u0131 se\u00e7tim, elhamd\u00fclillah.&#8221; diye konu\u015ftu.<\/p>\n<p style=\"text-align: justify;\">Arafat, Marmara \u00dcniversitesi&#8217;nde bir y\u0131l T\u00fcrk\u00e7e, iki y\u0131l ilahiyat e\u011fitimi g\u00f6rd\u00fc\u011f\u00fcn\u00fc belirterek, \u00e7e\u015fitli nedenlerden dolay\u0131 \u00fclkesine d\u00f6nd\u00fc\u011f\u00fcn\u00fc anlatt\u0131.<\/p>\n<p style=\"text-align: justify;\">\u00dclkesinde yoksul insanlar\u0131n bulundu\u011funu ve T\u00fcrkiye&#8217;nin Tanzanya&#8217;da yard\u0131m faaliyetlerinde bulundu\u011funu vurgulayan Arafat, Tanzanya&#8217;da bir M\u00fcsl\u00fcman i\u00e7in en \u00f6nemli \u015feyin e\u011fitim oldu\u011funu s\u00f6yledi.<\/p>\n<p style=\"text-align: justify;\">\u00dclkesindeki ihtiya\u00e7 sahiplerine ula\u015fmak ve yard\u0131m edebilmek i\u00e7in TDV g\u00f6n\u00fcll\u00fcs\u00fc olmaya karar verdi\u011fini dile getiren Arafat, k\u0131rsal b\u00f6lgelerde TDV ad\u0131na g\u0131da yard\u0131m\u0131 ve su kuyusu a\u00e7ma gibi faaliyetlerde bulundu\u011funu ifade etti.<\/p>\n<p style=\"text-align: justify;\">Arafat, ihtiya\u00e7 sahibi insanlar\u0131n ya\u015fad\u0131klar\u0131 alanda su kuyusu a\u00e7\u0131lmadan \u00f6nce kilometrelerce yol katetti\u011fine dikkati \u00e7ekerek, a\u00e7\u0131lan su kuyular\u0131n\u0131n ard\u0131ndan insanlar\u0131n kendisine te\u015fekk\u00fcr etti\u011fini kaydetti.<\/p>\n<p style=\"text-align: justify;\">\u0130nsanlar\u0131n, &#8220;Allah size bereket versin&#8221; s\u00f6zlerinden olduk\u00e7a etkilendi\u011fini ifade eden Arafat, &#8220;Burada TDV g\u00f6n\u00fcll\u00fcs\u00fc olarak insanlara yard\u0131m ediyorum ve \u0130slam&#8217;\u0131n geli\u015fmesi i\u00e7in \u00e7al\u0131\u015f\u0131yorum.&#8221; dedi.<\/p>\n\n\t\t<style type=\"text\/css\">\n\t\t\t#gallery-1 {\n\t\t\t\tmargin: auto;\n\t\t\t}\n\t\t\t#gallery-1 .gallery-item {\n\t\t\t\tfloat: left;\n\t\t\t\tmargin-top: 10px;\n\t\t\t\ttext-align: center;\n\t\t\t\twidth: 33%;\n\t\t\t}\n\t\t\t#gallery-1 img {\n\t\t\t\tborder: 2px solid #cfcfcf;\n\t\t\t}\n\t\t\t#gallery-1 .gallery-caption {\n\t\t\t\tmargin-left: 0;\n\t\t\t}\n\t\t\t\/* see gallery_shortcode() in wp-includes\/media.php *\/\n\t\t<\/style>\n\t\t<div id='gallery-1' class='gallery galleryid-55970 gallery-columns-3 gallery-size-large'><dl class='gallery-item'>\n\t\t\t<dt class='gallery-icon landscape'>\n\t\t\t\t<a href='https:\/\/tdv.org\/tr-TR\/wp-content\/uploads\/2026\/03\/muslumanlardan-etkilenerek-islam-i-secen-tanzanyali-arafat-ulkesinde-tdv-gonullusu-oldu-1.jpg'><img decoding=\"async\" width=\"1024\" height=\"683\" src=\"https:\/\/tdv.org\/tr-TR\/wp-content\/uploads\/2026\/03\/muslumanlardan-etkilenerek-islam-i-secen-tanzanyali-arafat-ulkesinde-tdv-gonullusu-oldu-1-1024x683.jpg\" class=\"attachment-large size-large\" alt=\"\" aria-describedby=\"gallery-1-55971\" srcset=\"https:\/\/tdv.org\/tr-TR\/wp-content\/uploads\/2026\/03\/muslumanlardan-etkilenerek-islam-i-secen-tanzanyali-arafat-ulkesinde-tdv-gonullusu-oldu-1-1024x683.jpg 1024w, https:\/\/tdv.org\/tr-TR\/wp-content\/uploads\/2026\/03\/muslumanlardan-etkilenerek-islam-i-secen-tanzanyali-arafat-ulkesinde-tdv-gonullusu-oldu-1-300x200.jpg 300w, https:\/\/tdv.org\/tr-TR\/wp-content\/uploads\/2026\/03\/muslumanlardan-etkilenerek-islam-i-secen-tanzanyali-arafat-ulkesinde-tdv-gonullusu-oldu-1-768x512.jpg 768w, https:\/\/tdv.org\/tr-TR\/wp-content\/uploads\/2026\/03\/muslumanlardan-etkilenerek-islam-i-secen-tanzanyali-arafat-ulkesinde-tdv-gonullusu-oldu-1-900x600.jpg 900w, https:\/\/tdv.org\/tr-TR\/wp-content\/uploads\/2026\/03\/muslumanlardan-etkilenerek-islam-i-secen-tanzanyali-arafat-ulkesinde-tdv-gonullusu-oldu-1.jpg 1152w\" sizes=\"(max-width: 1024px) 100vw, 1024px\" \/><\/a>\n\t\t\t<\/dt>\n\t\t\t\t<dd class='wp-caption-text gallery-caption' id='gallery-1-55971'>\n\t\t\t\tM\u00fcsl\u00fcmanlardan etkilenerek \u0130slam&#8217;\u0131 se\u00e7en Tanzanyal\u0131 Arafat, \u00fclkesinde TDV g\u00f6n\u00fcll\u00fcs\u00fc oldu,TDV g\u00f6n\u00fcll\u00fcs\u00fc,Tanzanya\n\t\t\t\t<\/dd><\/dl><dl class='gallery-item'>\n\t\t\t<dt class='gallery-icon landscape'>\n\t\t\t\t<a href='https:\/\/tdv.org\/tr-TR\/wp-content\/uploads\/2026\/03\/muslumanlardan-etkilenerek-islam-i-secen-tanzanyali-arafat-ulkesinde-tdv-gonullusu-oldu-2.jpg'><img decoding=\"async\" width=\"1024\" height=\"683\" src=\"https:\/\/tdv.org\/tr-TR\/wp-content\/uploads\/2026\/03\/muslumanlardan-etkilenerek-islam-i-secen-tanzanyali-arafat-ulkesinde-tdv-gonullusu-oldu-2-1024x683.jpg\" class=\"attachment-large size-large\" alt=\"\" aria-describedby=\"gallery-1-55972\" srcset=\"https:\/\/tdv.org\/tr-TR\/wp-content\/uploads\/2026\/03\/muslumanlardan-etkilenerek-islam-i-secen-tanzanyali-arafat-ulkesinde-tdv-gonullusu-oldu-2-1024x683.jpg 1024w, https:\/\/tdv.org\/tr-TR\/wp-content\/uploads\/2026\/03\/muslumanlardan-etkilenerek-islam-i-secen-tanzanyali-arafat-ulkesinde-tdv-gonullusu-oldu-2-300x200.jpg 300w, https:\/\/tdv.org\/tr-TR\/wp-content\/uploads\/2026\/03\/muslumanlardan-etkilenerek-islam-i-secen-tanzanyali-arafat-ulkesinde-tdv-gonullusu-oldu-2-768x512.jpg 768w, https:\/\/tdv.org\/tr-TR\/wp-content\/uploads\/2026\/03\/muslumanlardan-etkilenerek-islam-i-secen-tanzanyali-arafat-ulkesinde-tdv-gonullusu-oldu-2-900x600.jpg 900w, https:\/\/tdv.org\/tr-TR\/wp-content\/uploads\/2026\/03\/muslumanlardan-etkilenerek-islam-i-secen-tanzanyali-arafat-ulkesinde-tdv-gonullusu-oldu-2.jpg 1152w\" sizes=\"(max-width: 1024px) 100vw, 1024px\" \/><\/a>\n\t\t\t<\/dt>\n\t\t\t\t<dd class='wp-caption-text gallery-caption' id='gallery-1-55972'>\n\t\t\t\tM\u00fcsl\u00fcmanlardan etkilenerek \u0130slam&#8217;\u0131 se\u00e7en Tanzanyal\u0131 Arafat, \u00fclkesinde TDV g\u00f6n\u00fcll\u00fcs\u00fc oldu,TDV g\u00f6n\u00fcll\u00fcs\u00fc,Tanzanya\n\t\t\t\t<\/dd><\/dl><dl class='gallery-item'>\n\t\t\t<dt class='gallery-icon landscape'>\n\t\t\t\t<a href='https:\/\/tdv.org\/tr-TR\/wp-content\/uploads\/2026\/03\/muslumanlardan-etkilenerek-islam-i-secen-tanzanyali-arafat-ulkesinde-tdv-gonullusu-oldu-3.jpg'><img decoding=\"async\" width=\"1024\" height=\"683\" src=\"https:\/\/tdv.org\/tr-TR\/wp-content\/uploads\/2026\/03\/muslumanlardan-etkilenerek-islam-i-secen-tanzanyali-arafat-ulkesinde-tdv-gonullusu-oldu-3-1024x683.jpg\" class=\"attachment-large size-large\" alt=\"\" aria-describedby=\"gallery-1-55973\" srcset=\"https:\/\/tdv.org\/tr-TR\/wp-content\/uploads\/2026\/03\/muslumanlardan-etkilenerek-islam-i-secen-tanzanyali-arafat-ulkesinde-tdv-gonullusu-oldu-3-1024x683.jpg 1024w, https:\/\/tdv.org\/tr-TR\/wp-content\/uploads\/2026\/03\/muslumanlardan-etkilenerek-islam-i-secen-tanzanyali-arafat-ulkesinde-tdv-gonullusu-oldu-3-300x200.jpg 300w, https:\/\/tdv.org\/tr-TR\/wp-content\/uploads\/2026\/03\/muslumanlardan-etkilenerek-islam-i-secen-tanzanyali-arafat-ulkesinde-tdv-gonullusu-oldu-3-768x512.jpg 768w, https:\/\/tdv.org\/tr-TR\/wp-content\/uploads\/2026\/03\/muslumanlardan-etkilenerek-islam-i-secen-tanzanyali-arafat-ulkesinde-tdv-gonullusu-oldu-3-900x600.jpg 900w, https:\/\/tdv.org\/tr-TR\/wp-content\/uploads\/2026\/03\/muslumanlardan-etkilenerek-islam-i-secen-tanzanyali-arafat-ulkesinde-tdv-gonullusu-oldu-3.jpg 1152w\" sizes=\"(max-width: 1024px) 100vw, 1024px\" \/><\/a>\n\t\t\t<\/dt>\n\t\t\t\t<dd class='wp-caption-text gallery-caption' id='gallery-1-55973'>\n\t\t\t\tM\u00fcsl\u00fcmanlardan etkilenerek \u0130slam&#8217;\u0131 se\u00e7en Tanzanyal\u0131 Arafat, \u00fclkesinde TDV g\u00f6n\u00fcll\u00fcs\u00fc oldu,TDV g\u00f6n\u00fcll\u00fcs\u00fc,Tanzanya\n\t\t\t\t<\/dd><\/dl><br style=\"clear: both\" \/><dl class='gallery-item'>\n\t\t\t<dt class='gallery-icon landscape'>\n\t\t\t\t<a href='https:\/\/tdv.org\/tr-TR\/wp-content\/uploads\/2026\/03\/muslumanlardan-etkilenerek-islam-i-secen-tanzanyali-arafat-ulkesinde-tdv-gonullusu-oldu-4.jpg'><img decoding=\"async\" width=\"1024\" height=\"683\" src=\"https:\/\/tdv.org\/tr-TR\/wp-content\/uploads\/2026\/03\/muslumanlardan-etkilenerek-islam-i-secen-tanzanyali-arafat-ulkesinde-tdv-gonullusu-oldu-4-1024x683.jpg\" class=\"attachment-large size-large\" alt=\"\" aria-describedby=\"gallery-1-55974\" srcset=\"https:\/\/tdv.org\/tr-TR\/wp-content\/uploads\/2026\/03\/muslumanlardan-etkilenerek-islam-i-secen-tanzanyali-arafat-ulkesinde-tdv-gonullusu-oldu-4-1024x683.jpg 1024w, https:\/\/tdv.org\/tr-TR\/wp-content\/uploads\/2026\/03\/muslumanlardan-etkilenerek-islam-i-secen-tanzanyali-arafat-ulkesinde-tdv-gonullusu-oldu-4-300x200.jpg 300w, https:\/\/tdv.org\/tr-TR\/wp-content\/uploads\/2026\/03\/muslumanlardan-etkilenerek-islam-i-secen-tanzanyali-arafat-ulkesinde-tdv-gonullusu-oldu-4-768x512.jpg 768w, https:\/\/tdv.org\/tr-TR\/wp-content\/uploads\/2026\/03\/muslumanlardan-etkilenerek-islam-i-secen-tanzanyali-arafat-ulkesinde-tdv-gonullusu-oldu-4-900x600.jpg 900w, https:\/\/tdv.org\/tr-TR\/wp-content\/uploads\/2026\/03\/muslumanlardan-etkilenerek-islam-i-secen-tanzanyali-arafat-ulkesinde-tdv-gonullusu-oldu-4.jpg 1152w\" sizes=\"(max-width: 1024px) 100vw, 1024px\" \/><\/a>\n\t\t\t<\/dt>\n\t\t\t\t<dd class='wp-caption-text gallery-caption' id='gallery-1-55974'>\n\t\t\t\tM\u00fcsl\u00fcmanlardan etkilenerek \u0130slam&#8217;\u0131 se\u00e7en Tanzanyal\u0131 Arafat, \u00fclkesinde TDV g\u00f6n\u00fcll\u00fcs\u00fc oldu,TDV g\u00f6n\u00fcll\u00fcs\u00fc,Tanzanya\n\t\t\t\t<\/dd><\/dl><dl class='gallery-item'>\n\t\t\t<dt class='gallery-icon landscape'>\n\t\t\t\t<a href='https:\/\/tdv.org\/tr-TR\/wp-content\/uploads\/2026\/03\/muslumanlardan-etkilenerek-islam-i-secen-tanzanyali-arafat-ulkesinde-tdv-gonullusu-oldu-5.jpg'><img decoding=\"async\" width=\"1024\" height=\"683\" src=\"https:\/\/tdv.org\/tr-TR\/wp-content\/uploads\/2026\/03\/muslumanlardan-etkilenerek-islam-i-secen-tanzanyali-arafat-ulkesinde-tdv-gonullusu-oldu-5-1024x683.jpg\" class=\"attachment-large size-large\" alt=\"\" aria-describedby=\"gallery-1-55975\" srcset=\"https:\/\/tdv.org\/tr-TR\/wp-content\/uploads\/2026\/03\/muslumanlardan-etkilenerek-islam-i-secen-tanzanyali-arafat-ulkesinde-tdv-gonullusu-oldu-5-1024x683.jpg 1024w, https:\/\/tdv.org\/tr-TR\/wp-content\/uploads\/2026\/03\/muslumanlardan-etkilenerek-islam-i-secen-tanzanyali-arafat-ulkesinde-tdv-gonullusu-oldu-5-300x200.jpg 300w, https:\/\/tdv.org\/tr-TR\/wp-content\/uploads\/2026\/03\/muslumanlardan-etkilenerek-islam-i-secen-tanzanyali-arafat-ulkesinde-tdv-gonullusu-oldu-5-768x512.jpg 768w, https:\/\/tdv.org\/tr-TR\/wp-content\/uploads\/2026\/03\/muslumanlardan-etkilenerek-islam-i-secen-tanzanyali-arafat-ulkesinde-tdv-gonullusu-oldu-5-900x600.jpg 900w, https:\/\/tdv.org\/tr-TR\/wp-content\/uploads\/2026\/03\/muslumanlardan-etkilenerek-islam-i-secen-tanzanyali-arafat-ulkesinde-tdv-gonullusu-oldu-5.jpg 1152w\" sizes=\"(max-width: 1024px) 100vw, 1024px\" \/><\/a>\n\t\t\t<\/dt>\n\t\t\t\t<dd class='wp-caption-text gallery-caption' id='gallery-1-55975'>\n\t\t\t\tM\u00fcsl\u00fcmanlardan etkilenerek \u0130slam&#8217;\u0131 se\u00e7en Tanzanyal\u0131 Arafat, \u00fclkesinde TDV g\u00f6n\u00fcll\u00fcs\u00fc oldu,TDV g\u00f6n\u00fcll\u00fcs\u00fc,Tanzanya\n\t\t\t\t<\/dd><\/dl><dl class='gallery-item'>\n\t\t\t<dt class='gallery-icon landscape'>\n\t\t\t\t<a href='https:\/\/tdv.org\/tr-TR\/wp-content\/uploads\/2026\/03\/muslumanlardan-etkilenerek-islam-i-secen-tanzanyali-arafat-ulkesinde-tdv-gonullusu-oldu-6.jpg'><img decoding=\"async\" width=\"1024\" height=\"683\" src=\"https:\/\/tdv.org\/tr-TR\/wp-content\/uploads\/2026\/03\/muslumanlardan-etkilenerek-islam-i-secen-tanzanyali-arafat-ulkesinde-tdv-gonullusu-oldu-6-1024x683.jpg\" class=\"attachment-large size-large\" alt=\"\" aria-describedby=\"gallery-1-55976\" srcset=\"https:\/\/tdv.org\/tr-TR\/wp-content\/uploads\/2026\/03\/muslumanlardan-etkilenerek-islam-i-secen-tanzanyali-arafat-ulkesinde-tdv-gonullusu-oldu-6-1024x683.jpg 1024w, https:\/\/tdv.org\/tr-TR\/wp-content\/uploads\/2026\/03\/muslumanlardan-etkilenerek-islam-i-secen-tanzanyali-arafat-ulkesinde-tdv-gonullusu-oldu-6-300x200.jpg 300w, https:\/\/tdv.org\/tr-TR\/wp-content\/uploads\/2026\/03\/muslumanlardan-etkilenerek-islam-i-secen-tanzanyali-arafat-ulkesinde-tdv-gonullusu-oldu-6-768x512.jpg 768w, https:\/\/tdv.org\/tr-TR\/wp-content\/uploads\/2026\/03\/muslumanlardan-etkilenerek-islam-i-secen-tanzanyali-arafat-ulkesinde-tdv-gonullusu-oldu-6-900x600.jpg 900w, https:\/\/tdv.org\/tr-TR\/wp-content\/uploads\/2026\/03\/muslumanlardan-etkilenerek-islam-i-secen-tanzanyali-arafat-ulkesinde-tdv-gonullusu-oldu-6.jpg 1152w\" sizes=\"(max-width: 1024px) 100vw, 1024px\" \/><\/a>\n\t\t\t<\/dt>\n\t\t\t\t<dd class='wp-caption-text gallery-caption' id='gallery-1-55976'>\n\t\t\t\tM\u00fcsl\u00fcmanlardan etkilenerek \u0130slam&#8217;\u0131 se\u00e7en Tanzanyal\u0131 Arafat, \u00fclkesinde TDV g\u00f6n\u00fcll\u00fcs\u00fc oldu,TDV g\u00f6n\u00fcll\u00fcs\u00fc,Tanzanya\n\t\t\t\t<\/dd><\/dl><br style=\"clear: both\" \/><dl class='gallery-item'>\n\t\t\t<dt class='gallery-icon landscape'>\n\t\t\t\t<a href='https:\/\/tdv.org\/tr-TR\/wp-content\/uploads\/2026\/03\/muslumanlardan-etkilenerek-islam-i-secen-tanzanyali-arafat-ulkesinde-tdv-gonullusu-oldu-7.jpg'><img decoding=\"async\" width=\"1024\" height=\"683\" src=\"https:\/\/tdv.org\/tr-TR\/wp-content\/uploads\/2026\/03\/muslumanlardan-etkilenerek-islam-i-secen-tanzanyali-arafat-ulkesinde-tdv-gonullusu-oldu-7-1024x683.jpg\" class=\"attachment-large size-large\" alt=\"\" aria-describedby=\"gallery-1-55977\" srcset=\"https:\/\/tdv.org\/tr-TR\/wp-content\/uploads\/2026\/03\/muslumanlardan-etkilenerek-islam-i-secen-tanzanyali-arafat-ulkesinde-tdv-gonullusu-oldu-7-1024x683.jpg 1024w, https:\/\/tdv.org\/tr-TR\/wp-content\/uploads\/2026\/03\/muslumanlardan-etkilenerek-islam-i-secen-tanzanyali-arafat-ulkesinde-tdv-gonullusu-oldu-7-300x200.jpg 300w, https:\/\/tdv.org\/tr-TR\/wp-content\/uploads\/2026\/03\/muslumanlardan-etkilenerek-islam-i-secen-tanzanyali-arafat-ulkesinde-tdv-gonullusu-oldu-7-768x512.jpg 768w, https:\/\/tdv.org\/tr-TR\/wp-content\/uploads\/2026\/03\/muslumanlardan-etkilenerek-islam-i-secen-tanzanyali-arafat-ulkesinde-tdv-gonullusu-oldu-7-900x600.jpg 900w, https:\/\/tdv.org\/tr-TR\/wp-content\/uploads\/2026\/03\/muslumanlardan-etkilenerek-islam-i-secen-tanzanyali-arafat-ulkesinde-tdv-gonullusu-oldu-7.jpg 1152w\" sizes=\"(max-width: 1024px) 100vw, 1024px\" \/><\/a>\n\t\t\t<\/dt>\n\t\t\t\t<dd class='wp-caption-text gallery-caption' id='gallery-1-55977'>\n\t\t\t\tM\u00fcsl\u00fcmanlardan etkilenerek \u0130slam&#8217;\u0131 se\u00e7en Tanzanyal\u0131 Arafat, \u00fclkesinde TDV g\u00f6n\u00fcll\u00fcs\u00fc oldu,TDV g\u00f6n\u00fcll\u00fcs\u00fc,Tanzanya\n\t\t\t\t<\/dd><\/dl><dl class='gallery-item'>\n\t\t\t<dt class='gallery-icon landscape'>\n\t\t\t\t<a href='https:\/\/tdv.org\/tr-TR\/wp-content\/uploads\/2026\/03\/muslumanlardan-etkilenerek-islam-i-secen-tanzanyali-arafat-ulkesinde-tdv-gonullusu-oldu-8.jpg'><img decoding=\"async\" width=\"1024\" height=\"683\" src=\"https:\/\/tdv.org\/tr-TR\/wp-content\/uploads\/2026\/03\/muslumanlardan-etkilenerek-islam-i-secen-tanzanyali-arafat-ulkesinde-tdv-gonullusu-oldu-8-1024x683.jpg\" class=\"attachment-large size-large\" alt=\"\" aria-describedby=\"gallery-1-55978\" srcset=\"https:\/\/tdv.org\/tr-TR\/wp-content\/uploads\/2026\/03\/muslumanlardan-etkilenerek-islam-i-secen-tanzanyali-arafat-ulkesinde-tdv-gonullusu-oldu-8-1024x683.jpg 1024w, https:\/\/tdv.org\/tr-TR\/wp-content\/uploads\/2026\/03\/muslumanlardan-etkilenerek-islam-i-secen-tanzanyali-arafat-ulkesinde-tdv-gonullusu-oldu-8-300x200.jpg 300w, https:\/\/tdv.org\/tr-TR\/wp-content\/uploads\/2026\/03\/muslumanlardan-etkilenerek-islam-i-secen-tanzanyali-arafat-ulkesinde-tdv-gonullusu-oldu-8-768x512.jpg 768w, https:\/\/tdv.org\/tr-TR\/wp-content\/uploads\/2026\/03\/muslumanlardan-etkilenerek-islam-i-secen-tanzanyali-arafat-ulkesinde-tdv-gonullusu-oldu-8-900x600.jpg 900w, https:\/\/tdv.org\/tr-TR\/wp-content\/uploads\/2026\/03\/muslumanlardan-etkilenerek-islam-i-secen-tanzanyali-arafat-ulkesinde-tdv-gonullusu-oldu-8.jpg 1152w\" sizes=\"(max-width: 1024px) 100vw, 1024px\" \/><\/a>\n\t\t\t<\/dt>\n\t\t\t\t<dd class='wp-caption-text gallery-caption' id='gallery-1-55978'>\n\t\t\t\tM\u00fcsl\u00fcmanlardan etkilenerek \u0130slam&#8217;\u0131 se\u00e7en Tanzanyal\u0131 Arafat, \u00fclkesinde TDV g\u00f6n\u00fcll\u00fcs\u00fc oldu,TDV g\u00f6n\u00fcll\u00fcs\u00fc,Tanzanya\n\t\t\t\t<\/dd><\/dl>\n\t\t\t<br style='clear: both' \/>\n\t\t<\/div>\n\n","protected":false},"excerpt":{"rendered":"<p>Tanzanya&#8217;da ya\u015fad\u0131\u011f\u0131 b\u00f6lgedeki M\u00fcsl\u00fcmanlardan etkilenerek \u0130slam&#8217;\u0131 se\u00e7en Arafat Magaula, T\u00fcrkiye\u00a0Diyanet\u00a0Vakf\u0131\u00a0(TDV) g\u00f6n\u00fcll\u00fcs\u00fc olarak \u00fclkesindeki ihtiya\u00e7 sahiplerine hay\u0131rseverlerin yard\u0131mlar\u0131n\u0131 ula\u015ft\u0131r\u0131yor. Dar es Salaam kentinin Mbezi Makabe b\u00f6lgesinde do\u011fan 36 ya\u015f\u0131ndaki Arafat, 18&#8230;<\/p>\n","protected":false},"author":8,"featured_media":55971,"comment_status":"closed","ping_status":"closed","sticky":false,"template":"","format":"standard","meta":{"footnotes":""},"categories":[1],"tags":[668,2162,297,296],"class_list":{"0":"post-55970","1":"post","2":"type-post","3":"status-publish","4":"format-standard","5":"has-post-thumbnail","7":"category-haberler","8":"tag-gonullu","9":"tag-tdv-gonullu","10":"tag-tdv-gonulluleri","11":"tag-tdv-gonullusu"},"yoast_head":"<!-- This site is optimized with the Yoast SEO plugin v27.5 - https:\/\/yoast.com\/product\/yoast-seo-wordpress\/ -->\n<title>M\u00fcsl\u00fcmanlardan etkilenerek \u0130slam&#039;\u0131 se\u00e7en Tanzanyal\u0131 Arafat, \u00fclkesinde TDV g\u00f6n\u00fcll\u00fcs\u00fc oldu<\/title>\n<meta name=\"description\" content=\"Tanzanya&#039;da ya\u015fad\u0131\u011f\u0131 b\u00f6lgedeki M\u00fcsl\u00fcmanlardan etkilenerek \u0130slam&#039;\u0131 se\u00e7en Arafat Magaula, T\u00fcrkiye\u00a0Diyanet\u00a0Vakf\u0131\u00a0(TDV) g\u00f6n\u00fcll\u00fcs\u00fc olarak \u00fclkesindeki ihtiya\u00e7 sahiplerine hay\u0131rseverlerin yard\u0131mlar\u0131n\u0131 ula\u015ft\u0131r\u0131yor.\" \/>\n<meta name=\"robots\" content=\"index, follow, max-snippet:-1, max-image-preview:large, max-video-preview:-1\" \/>\n<link rel=\"canonical\" href=\"https:\/\/tdv.org\/tr-TR\/muslumanlardan-etkilenerek-islami-secen-tanzanyali-arafat-ulkesinde-tdv-gonullusu-oldu\/\" \/>\n<meta property=\"og:locale\" content=\"tr_TR\" \/>\n<meta property=\"og:type\" content=\"article\" \/>\n<meta property=\"og:title\" content=\"M\u00fcsl\u00fcmanlardan etkilenerek \u0130slam&#039;\u0131 se\u00e7en Tanzanyal\u0131 Arafat, \u00fclkesinde TDV g\u00f6n\u00fcll\u00fcs\u00fc oldu\" \/>\n<meta property=\"og:description\" content=\"Tanzanya&#039;da ya\u015fad\u0131\u011f\u0131 b\u00f6lgedeki M\u00fcsl\u00fcmanlardan etkilenerek \u0130slam&#039;\u0131 se\u00e7en Arafat Magaula, T\u00fcrkiye\u00a0Diyanet\u00a0Vakf\u0131\u00a0(TDV) g\u00f6n\u00fcll\u00fcs\u00fc olarak \u00fclkesindeki ihtiya\u00e7 sahiplerine hay\u0131rseverlerin yard\u0131mlar\u0131n\u0131 ula\u015ft\u0131r\u0131yor.\" \/>\n<meta property=\"og:url\" content=\"https:\/\/tdv.org\/tr-TR\/muslumanlardan-etkilenerek-islami-secen-tanzanyali-arafat-ulkesinde-tdv-gonullusu-oldu\/\" \/>\n<meta property=\"og:site_name\" content=\"T\u00fcrkiye Diyanet Vakf\u0131 Resmi Web Sitesi\" \/>\n<meta property=\"article:publisher\" content=\"https:\/\/www.facebook.com\/Diyanetvakfi\/\" \/>\n<meta property=\"article:published_time\" content=\"2026-03-05T06:40:20+00:00\" \/>\n<meta property=\"article:modified_time\" content=\"2026-03-05T09:18:11+00:00\" \/>\n<meta property=\"og:image\" content=\"https:\/\/tdv.org\/tr-TR\/wp-content\/uploads\/2026\/03\/muslumanlardan-etkilenerek-islam-i-secen-tanzanyali-arafat-ulkesinde-tdv-gonullusu-oldu-1.jpg\" \/>\n\t<meta property=\"og:image:width\" content=\"1152\" \/>\n\t<meta property=\"og:image:height\" content=\"768\" \/>\n\t<meta property=\"og:image:type\" content=\"image\/jpeg\" \/>\n<meta name=\"author\" content=\"Selim\" \/>\n<meta name=\"twitter:card\" content=\"summary_large_image\" \/>\n<meta name=\"twitter:creator\" content=\"@DiyanetVakfi\" \/>\n<meta name=\"twitter:site\" content=\"@DiyanetVakfi\" \/>\n<script type=\"application\/ld+json\" class=\"yoast-schema-graph\">{\"@context\":\"https:\\\/\\\/schema.org\",\"@graph\":[{\"@type\":\"Article\",\"@id\":\"https:\\\/\\\/tdv.org\\\/tr-TR\\\/muslumanlardan-etkilenerek-islami-secen-tanzanyali-arafat-ulkesinde-tdv-gonullusu-oldu\\\/#article\",\"isPartOf\":{\"@id\":\"https:\\\/\\\/tdv.org\\\/tr-TR\\\/muslumanlardan-etkilenerek-islami-secen-tanzanyali-arafat-ulkesinde-tdv-gonullusu-oldu\\\/\"},\"author\":{\"name\":\"Selim\",\"@id\":\"https:\\\/\\\/tdv.org\\\/tr-TR\\\/#\\\/schema\\\/person\\\/752b55e264a99273d55636516d96d5eb\"},\"headline\":\"M\u00fcsl\u00fcmanlardan etkilenerek \u0130slam&#8217;\u0131 se\u00e7en Tanzanyal\u0131 Arafat, \u00fclkesinde TDV g\u00f6n\u00fcll\u00fcs\u00fc oldu\",\"datePublished\":\"2026-03-05T06:40:20+00:00\",\"dateModified\":\"2026-03-05T09:18:11+00:00\",\"mainEntityOfPage\":{\"@id\":\"https:\\\/\\\/tdv.org\\\/tr-TR\\\/muslumanlardan-etkilenerek-islami-secen-tanzanyali-arafat-ulkesinde-tdv-gonullusu-oldu\\\/\"},\"wordCount\":528,\"publisher\":{\"@id\":\"https:\\\/\\\/tdv.org\\\/tr-TR\\\/#organization\"},\"image\":{\"@id\":\"https:\\\/\\\/tdv.org\\\/tr-TR\\\/muslumanlardan-etkilenerek-islami-secen-tanzanyali-arafat-ulkesinde-tdv-gonullusu-oldu\\\/#primaryimage\"},\"thumbnailUrl\":\"https:\\\/\\\/tdv.org\\\/tr-TR\\\/wp-content\\\/uploads\\\/2026\\\/03\\\/muslumanlardan-etkilenerek-islam-i-secen-tanzanyali-arafat-ulkesinde-tdv-gonullusu-oldu-1.jpg\",\"keywords\":[\"g\u00f6n\u00fcll\u00fc\",\"TDV G\u00f6n\u00fcll\u00fc\",\"TDV G\u00f6n\u00fcll\u00fcleri\",\"TDV G\u00f6n\u00fcll\u00fcs\u00fc\"],\"articleSection\":[\"Haberler\"],\"inLanguage\":\"tr\"},{\"@type\":\"WebPage\",\"@id\":\"https:\\\/\\\/tdv.org\\\/tr-TR\\\/muslumanlardan-etkilenerek-islami-secen-tanzanyali-arafat-ulkesinde-tdv-gonullusu-oldu\\\/\",\"url\":\"https:\\\/\\\/tdv.org\\\/tr-TR\\\/muslumanlardan-etkilenerek-islami-secen-tanzanyali-arafat-ulkesinde-tdv-gonullusu-oldu\\\/\",\"name\":\"M\u00fcsl\u00fcmanlardan etkilenerek \u0130slam'\u0131 se\u00e7en Tanzanyal\u0131 Arafat, \u00fclkesinde TDV g\u00f6n\u00fcll\u00fcs\u00fc oldu\",\"isPartOf\":{\"@id\":\"https:\\\/\\\/tdv.org\\\/tr-TR\\\/#website\"},\"primaryImageOfPage\":{\"@id\":\"https:\\\/\\\/tdv.org\\\/tr-TR\\\/muslumanlardan-etkilenerek-islami-secen-tanzanyali-arafat-ulkesinde-tdv-gonullusu-oldu\\\/#primaryimage\"},\"image\":{\"@id\":\"https:\\\/\\\/tdv.org\\\/tr-TR\\\/muslumanlardan-etkilenerek-islami-secen-tanzanyali-arafat-ulkesinde-tdv-gonullusu-oldu\\\/#primaryimage\"},\"thumbnailUrl\":\"https:\\\/\\\/tdv.org\\\/tr-TR\\\/wp-content\\\/uploads\\\/2026\\\/03\\\/muslumanlardan-etkilenerek-islam-i-secen-tanzanyali-arafat-ulkesinde-tdv-gonullusu-oldu-1.jpg\",\"datePublished\":\"2026-03-05T06:40:20+00:00\",\"dateModified\":\"2026-03-05T09:18:11+00:00\",\"description\":\"Tanzanya'da ya\u015fad\u0131\u011f\u0131 b\u00f6lgedeki M\u00fcsl\u00fcmanlardan etkilenerek \u0130slam'\u0131 se\u00e7en Arafat Magaula, T\u00fcrkiye\u00a0Diyanet\u00a0Vakf\u0131\u00a0(TDV) g\u00f6n\u00fcll\u00fcs\u00fc olarak \u00fclkesindeki ihtiya\u00e7 sahiplerine hay\u0131rseverlerin yard\u0131mlar\u0131n\u0131 ula\u015ft\u0131r\u0131yor.\",\"breadcrumb\":{\"@id\":\"https:\\\/\\\/tdv.org\\\/tr-TR\\\/muslumanlardan-etkilenerek-islami-secen-tanzanyali-arafat-ulkesinde-tdv-gonullusu-oldu\\\/#breadcrumb\"},\"inLanguage\":\"tr\",\"potentialAction\":[{\"@type\":\"ReadAction\",\"target\":[\"https:\\\/\\\/tdv.org\\\/tr-TR\\\/muslumanlardan-etkilenerek-islami-secen-tanzanyali-arafat-ulkesinde-tdv-gonullusu-oldu\\\/\"]}]},{\"@type\":\"ImageObject\",\"inLanguage\":\"tr\",\"@id\":\"https:\\\/\\\/tdv.org\\\/tr-TR\\\/muslumanlardan-etkilenerek-islami-secen-tanzanyali-arafat-ulkesinde-tdv-gonullusu-oldu\\\/#primaryimage\",\"url\":\"https:\\\/\\\/tdv.org\\\/tr-TR\\\/wp-content\\\/uploads\\\/2026\\\/03\\\/muslumanlardan-etkilenerek-islam-i-secen-tanzanyali-arafat-ulkesinde-tdv-gonullusu-oldu-1.jpg\",\"contentUrl\":\"https:\\\/\\\/tdv.org\\\/tr-TR\\\/wp-content\\\/uploads\\\/2026\\\/03\\\/muslumanlardan-etkilenerek-islam-i-secen-tanzanyali-arafat-ulkesinde-tdv-gonullusu-oldu-1.jpg\",\"width\":1152,\"height\":768,\"caption\":\"M\u00fcsl\u00fcmanlardan etkilenerek \u0130slam'\u0131 se\u00e7en Tanzanyal\u0131 Arafat, \u00fclkesinde TDV g\u00f6n\u00fcll\u00fcs\u00fc oldu,TDV g\u00f6n\u00fcll\u00fcs\u00fc,Tanzanya\"},{\"@type\":\"BreadcrumbList\",\"@id\":\"https:\\\/\\\/tdv.org\\\/tr-TR\\\/muslumanlardan-etkilenerek-islami-secen-tanzanyali-arafat-ulkesinde-tdv-gonullusu-oldu\\\/#breadcrumb\",\"itemListElement\":[{\"@type\":\"ListItem\",\"position\":1,\"name\":\"Anasayfa\",\"item\":\"https:\\\/\\\/tdv.org\\\/tr-TR\\\/\"},{\"@type\":\"ListItem\",\"position\":2,\"name\":\"M\u00fcsl\u00fcmanlardan etkilenerek \u0130slam&#8217;\u0131 se\u00e7en Tanzanyal\u0131 Arafat, \u00fclkesinde TDV g\u00f6n\u00fcll\u00fcs\u00fc oldu\"}]},{\"@type\":\"WebSite\",\"@id\":\"https:\\\/\\\/tdv.org\\\/tr-TR\\\/#website\",\"url\":\"https:\\\/\\\/tdv.org\\\/tr-TR\\\/\",\"name\":\"T\u00fcrkiye Diyanet Vakf\u0131 Resmi Web Sitesi\",\"description\":\"Yery\u00fcz\u00fcnde iyilik egemen oluncaya kadar\",\"publisher\":{\"@id\":\"https:\\\/\\\/tdv.org\\\/tr-TR\\\/#organization\"},\"alternateName\":\"T\u00fcrkiye Diyanet Vakf\u0131\",\"potentialAction\":[{\"@type\":\"SearchAction\",\"target\":{\"@type\":\"EntryPoint\",\"urlTemplate\":\"https:\\\/\\\/tdv.org\\\/tr-TR\\\/?s={search_term_string}\"},\"query-input\":{\"@type\":\"PropertyValueSpecification\",\"valueRequired\":true,\"valueName\":\"search_term_string\"}}],\"inLanguage\":\"tr\"},{\"@type\":\"Organization\",\"@id\":\"https:\\\/\\\/tdv.org\\\/tr-TR\\\/#organization\",\"name\":\"T\u00fcrkiye Diyanet Vakf\u0131\",\"alternateName\":\"T\u00fcrkiye Diyanet Vakf\u0131\",\"url\":\"https:\\\/\\\/tdv.org\\\/tr-TR\\\/\",\"logo\":{\"@type\":\"ImageObject\",\"inLanguage\":\"tr\",\"@id\":\"https:\\\/\\\/tdv.org\\\/tr-TR\\\/#\\\/schema\\\/logo\\\/image\\\/\",\"url\":\"https:\\\/\\\/tdv.org\\\/tr-TR\\\/wp-content\\\/uploads\\\/2018\\\/12\\\/TDV_Logo_1.png\",\"contentUrl\":\"https:\\\/\\\/tdv.org\\\/tr-TR\\\/wp-content\\\/uploads\\\/2018\\\/12\\\/TDV_Logo_1.png\",\"width\":207,\"height\":71,\"caption\":\"T\u00fcrkiye Diyanet Vakf\u0131\"},\"image\":{\"@id\":\"https:\\\/\\\/tdv.org\\\/tr-TR\\\/#\\\/schema\\\/logo\\\/image\\\/\"},\"sameAs\":[\"https:\\\/\\\/www.facebook.com\\\/Diyanetvakfi\\\/\",\"https:\\\/\\\/x.com\\\/DiyanetVakfi\",\"https:\\\/\\\/www.instagram.com\\\/turkiyediyanetvakfi\\\/\",\"https:\\\/\\\/www.youtube.com\\\/user\\\/TurkiyeDiyanetVakfi\"]},{\"@type\":\"Person\",\"@id\":\"https:\\\/\\\/tdv.org\\\/tr-TR\\\/#\\\/schema\\\/person\\\/752b55e264a99273d55636516d96d5eb\",\"name\":\"Selim\",\"image\":{\"@type\":\"ImageObject\",\"inLanguage\":\"tr\",\"@id\":\"https:\\\/\\\/tdv.org\\\/tr-TR\\\/wp-content\\\/litespeed\\\/avatar\\\/a1e47b25396e98e5b781e88a5396cd96.jpg?ver=1777287391\",\"url\":\"https:\\\/\\\/tdv.org\\\/tr-TR\\\/wp-content\\\/litespeed\\\/avatar\\\/a1e47b25396e98e5b781e88a5396cd96.jpg?ver=1777287391\",\"contentUrl\":\"https:\\\/\\\/tdv.org\\\/tr-TR\\\/wp-content\\\/litespeed\\\/avatar\\\/a1e47b25396e98e5b781e88a5396cd96.jpg?ver=1777287391\",\"caption\":\"Selim\"}}]}<\/script>\n<!-- \/ Yoast SEO plugin. -->","yoast_head_json":{"title":"M\u00fcsl\u00fcmanlardan etkilenerek \u0130slam'\u0131 se\u00e7en Tanzanyal\u0131 Arafat, \u00fclkesinde TDV g\u00f6n\u00fcll\u00fcs\u00fc oldu","description":"Tanzanya'da ya\u015fad\u0131\u011f\u0131 b\u00f6lgedeki M\u00fcsl\u00fcmanlardan etkilenerek \u0130slam'\u0131 se\u00e7en Arafat Magaula, T\u00fcrkiye\u00a0Diyanet\u00a0Vakf\u0131\u00a0(TDV) g\u00f6n\u00fcll\u00fcs\u00fc olarak \u00fclkesindeki ihtiya\u00e7 sahiplerine hay\u0131rseverlerin yard\u0131mlar\u0131n\u0131 ula\u015ft\u0131r\u0131yor.","robots":{"index":"index","follow":"follow","max-snippet":"max-snippet:-1","max-image-preview":"max-image-preview:large","max-video-preview":"max-video-preview:-1"},"canonical":"https:\/\/tdv.org\/tr-TR\/muslumanlardan-etkilenerek-islami-secen-tanzanyali-arafat-ulkesinde-tdv-gonullusu-oldu\/","og_locale":"tr_TR","og_type":"article","og_title":"M\u00fcsl\u00fcmanlardan etkilenerek \u0130slam'\u0131 se\u00e7en Tanzanyal\u0131 Arafat, \u00fclkesinde TDV g\u00f6n\u00fcll\u00fcs\u00fc oldu","og_description":"Tanzanya'da ya\u015fad\u0131\u011f\u0131 b\u00f6lgedeki M\u00fcsl\u00fcmanlardan etkilenerek \u0130slam'\u0131 se\u00e7en Arafat Magaula, T\u00fcrkiye\u00a0Diyanet\u00a0Vakf\u0131\u00a0(TDV) g\u00f6n\u00fcll\u00fcs\u00fc olarak \u00fclkesindeki ihtiya\u00e7 sahiplerine hay\u0131rseverlerin yard\u0131mlar\u0131n\u0131 ula\u015ft\u0131r\u0131yor.","og_url":"https:\/\/tdv.org\/tr-TR\/muslumanlardan-etkilenerek-islami-secen-tanzanyali-arafat-ulkesinde-tdv-gonullusu-oldu\/","og_site_name":"T\u00fcrkiye Diyanet Vakf\u0131 Resmi Web Sitesi","article_publisher":"https:\/\/www.facebook.com\/Diyanetvakfi\/","article_published_time":"2026-03-05T06:40:20+00:00","article_modified_time":"2026-03-05T09:18:11+00:00","og_image":[{"width":1152,"height":768,"url":"https:\/\/tdv.org\/tr-TR\/wp-content\/uploads\/2026\/03\/muslumanlardan-etkilenerek-islam-i-secen-tanzanyali-arafat-ulkesinde-tdv-gonullusu-oldu-1.jpg","type":"image\/jpeg"}],"author":"Selim","twitter_card":"summary_large_image","twitter_creator":"@DiyanetVakfi","twitter_site":"@DiyanetVakfi","schema":{"@context":"https:\/\/schema.org","@graph":[{"@type":"Article","@id":"https:\/\/tdv.org\/tr-TR\/muslumanlardan-etkilenerek-islami-secen-tanzanyali-arafat-ulkesinde-tdv-gonullusu-oldu\/#article","isPartOf":{"@id":"https:\/\/tdv.org\/tr-TR\/muslumanlardan-etkilenerek-islami-secen-tanzanyali-arafat-ulkesinde-tdv-gonullusu-oldu\/"},"author":{"name":"Selim","@id":"https:\/\/tdv.org\/tr-TR\/#\/schema\/person\/752b55e264a99273d55636516d96d5eb"},"headline":"M\u00fcsl\u00fcmanlardan etkilenerek \u0130slam&#8217;\u0131 se\u00e7en Tanzanyal\u0131 Arafat, \u00fclkesinde TDV g\u00f6n\u00fcll\u00fcs\u00fc oldu","datePublished":"2026-03-05T06:40:20+00:00","dateModified":"2026-03-05T09:18:11+00:00","mainEntityOfPage":{"@id":"https:\/\/tdv.org\/tr-TR\/muslumanlardan-etkilenerek-islami-secen-tanzanyali-arafat-ulkesinde-tdv-gonullusu-oldu\/"},"wordCount":528,"publisher":{"@id":"https:\/\/tdv.org\/tr-TR\/#organization"},"image":{"@id":"https:\/\/tdv.org\/tr-TR\/muslumanlardan-etkilenerek-islami-secen-tanzanyali-arafat-ulkesinde-tdv-gonullusu-oldu\/#primaryimage"},"thumbnailUrl":"https:\/\/tdv.org\/tr-TR\/wp-content\/uploads\/2026\/03\/muslumanlardan-etkilenerek-islam-i-secen-tanzanyali-arafat-ulkesinde-tdv-gonullusu-oldu-1.jpg","keywords":["g\u00f6n\u00fcll\u00fc","TDV G\u00f6n\u00fcll\u00fc","TDV G\u00f6n\u00fcll\u00fcleri","TDV G\u00f6n\u00fcll\u00fcs\u00fc"],"articleSection":["Haberler"],"inLanguage":"tr"},{"@type":"WebPage","@id":"https:\/\/tdv.org\/tr-TR\/muslumanlardan-etkilenerek-islami-secen-tanzanyali-arafat-ulkesinde-tdv-gonullusu-oldu\/","url":"https:\/\/tdv.org\/tr-TR\/muslumanlardan-etkilenerek-islami-secen-tanzanyali-arafat-ulkesinde-tdv-gonullusu-oldu\/","name":"M\u00fcsl\u00fcmanlardan etkilenerek \u0130slam'\u0131 se\u00e7en Tanzanyal\u0131 Arafat, \u00fclkesinde TDV g\u00f6n\u00fcll\u00fcs\u00fc oldu","isPartOf":{"@id":"https:\/\/tdv.org\/tr-TR\/#website"},"primaryImageOfPage":{"@id":"https:\/\/tdv.org\/tr-TR\/muslumanlardan-etkilenerek-islami-secen-tanzanyali-arafat-ulkesinde-tdv-gonullusu-oldu\/#primaryimage"},"image":{"@id":"https:\/\/tdv.org\/tr-TR\/muslumanlardan-etkilenerek-islami-secen-tanzanyali-arafat-ulkesinde-tdv-gonullusu-oldu\/#primaryimage"},"thumbnailUrl":"https:\/\/tdv.org\/tr-TR\/wp-content\/uploads\/2026\/03\/muslumanlardan-etkilenerek-islam-i-secen-tanzanyali-arafat-ulkesinde-tdv-gonullusu-oldu-1.jpg","datePublished":"2026-03-05T06:40:20+00:00","dateModified":"2026-03-05T09:18:11+00:00","description":"Tanzanya'da ya\u015fad\u0131\u011f\u0131 b\u00f6lgedeki M\u00fcsl\u00fcmanlardan etkilenerek \u0130slam'\u0131 se\u00e7en Arafat Magaula, T\u00fcrkiye\u00a0Diyanet\u00a0Vakf\u0131\u00a0(TDV) g\u00f6n\u00fcll\u00fcs\u00fc olarak \u00fclkesindeki ihtiya\u00e7 sahiplerine hay\u0131rseverlerin yard\u0131mlar\u0131n\u0131 ula\u015ft\u0131r\u0131yor.","breadcrumb":{"@id":"https:\/\/tdv.org\/tr-TR\/muslumanlardan-etkilenerek-islami-secen-tanzanyali-arafat-ulkesinde-tdv-gonullusu-oldu\/#breadcrumb"},"inLanguage":"tr","potentialAction":[{"@type":"ReadAction","target":["https:\/\/tdv.org\/tr-TR\/muslumanlardan-etkilenerek-islami-secen-tanzanyali-arafat-ulkesinde-tdv-gonullusu-oldu\/"]}]},{"@type":"ImageObject","inLanguage":"tr","@id":"https:\/\/tdv.org\/tr-TR\/muslumanlardan-etkilenerek-islami-secen-tanzanyali-arafat-ulkesinde-tdv-gonullusu-oldu\/#primaryimage","url":"https:\/\/tdv.org\/tr-TR\/wp-content\/uploads\/2026\/03\/muslumanlardan-etkilenerek-islam-i-secen-tanzanyali-arafat-ulkesinde-tdv-gonullusu-oldu-1.jpg","contentUrl":"https:\/\/tdv.org\/tr-TR\/wp-content\/uploads\/2026\/03\/muslumanlardan-etkilenerek-islam-i-secen-tanzanyali-arafat-ulkesinde-tdv-gonullusu-oldu-1.jpg","width":1152,"height":768,"caption":"M\u00fcsl\u00fcmanlardan etkilenerek \u0130slam'\u0131 se\u00e7en Tanzanyal\u0131 Arafat, \u00fclkesinde TDV g\u00f6n\u00fcll\u00fcs\u00fc oldu,TDV g\u00f6n\u00fcll\u00fcs\u00fc,Tanzanya"},{"@type":"BreadcrumbList","@id":"https:\/\/tdv.org\/tr-TR\/muslumanlardan-etkilenerek-islami-secen-tanzanyali-arafat-ulkesinde-tdv-gonullusu-oldu\/#breadcrumb","itemListElement":[{"@type":"ListItem","position":1,"name":"Anasayfa","item":"https:\/\/tdv.org\/tr-TR\/"},{"@type":"ListItem","position":2,"name":"M\u00fcsl\u00fcmanlardan etkilenerek \u0130slam&#8217;\u0131 se\u00e7en Tanzanyal\u0131 Arafat, \u00fclkesinde TDV g\u00f6n\u00fcll\u00fcs\u00fc oldu"}]},{"@type":"WebSite","@id":"https:\/\/tdv.org\/tr-TR\/#website","url":"https:\/\/tdv.org\/tr-TR\/","name":"T\u00fcrkiye Diyanet Vakf\u0131 Resmi Web Sitesi","description":"Yery\u00fcz\u00fcnde iyilik egemen oluncaya kadar","publisher":{"@id":"https:\/\/tdv.org\/tr-TR\/#organization"},"alternateName":"T\u00fcrkiye Diyanet Vakf\u0131","potentialAction":[{"@type":"SearchAction","target":{"@type":"EntryPoint","urlTemplate":"https:\/\/tdv.org\/tr-TR\/?s={search_term_string}"},"query-input":{"@type":"PropertyValueSpecification","valueRequired":true,"valueName":"search_term_string"}}],"inLanguage":"tr"},{"@type":"Organization","@id":"https:\/\/tdv.org\/tr-TR\/#organization","name":"T\u00fcrkiye Diyanet Vakf\u0131","alternateName":"T\u00fcrkiye Diyanet Vakf\u0131","url":"https:\/\/tdv.org\/tr-TR\/","logo":{"@type":"ImageObject","inLanguage":"tr","@id":"https:\/\/tdv.org\/tr-TR\/#\/schema\/logo\/image\/","url":"https:\/\/tdv.org\/tr-TR\/wp-content\/uploads\/2018\/12\/TDV_Logo_1.png","contentUrl":"https:\/\/tdv.org\/tr-TR\/wp-content\/uploads\/2018\/12\/TDV_Logo_1.png","width":207,"height":71,"caption":"T\u00fcrkiye Diyanet Vakf\u0131"},"image":{"@id":"https:\/\/tdv.org\/tr-TR\/#\/schema\/logo\/image\/"},"sameAs":["https:\/\/www.facebook.com\/Diyanetvakfi\/","https:\/\/x.com\/DiyanetVakfi","https:\/\/www.instagram.com\/turkiyediyanetvakfi\/","https:\/\/www.youtube.com\/user\/TurkiyeDiyanetVakfi"]},{"@type":"Person","@id":"https:\/\/tdv.org\/tr-TR\/#\/schema\/person\/752b55e264a99273d55636516d96d5eb","name":"Selim","image":{"@type":"ImageObject","inLanguage":"tr","@id":"https:\/\/tdv.org\/tr-TR\/wp-content\/litespeed\/avatar\/a1e47b25396e98e5b781e88a5396cd96.jpg?ver=1777287391","url":"https:\/\/tdv.org\/tr-TR\/wp-content\/litespeed\/avatar\/a1e47b25396e98e5b781e88a5396cd96.jpg?ver=1777287391","contentUrl":"https:\/\/tdv.org\/tr-TR\/wp-content\/litespeed\/avatar\/a1e47b25396e98e5b781e88a5396cd96.jpg?ver=1777287391","caption":"Selim"}}]}},"_links":{"self":[{"href":"https:\/\/tdv.org\/tr-TR\/wp-json\/wp\/v2\/posts\/55970","targetHints":{"allow":["GET"]}}],"collection":[{"href":"https:\/\/tdv.org\/tr-TR\/wp-json\/wp\/v2\/posts"}],"about":[{"href":"https:\/\/tdv.org\/tr-TR\/wp-json\/wp\/v2\/types\/post"}],"author":[{"embeddable":true,"href":"https:\/\/tdv.org\/tr-TR\/wp-json\/wp\/v2\/users\/8"}],"replies":[{"embeddable":true,"href":"https:\/\/tdv.org\/tr-TR\/wp-json\/wp\/v2\/comments?post=55970"}],"version-history":[{"count":2,"href":"https:\/\/tdv.org\/tr-TR\/wp-json\/wp\/v2\/posts\/55970\/revisions"}],"predecessor-version":[{"id":55980,"href":"https:\/\/tdv.org\/tr-TR\/wp-json\/wp\/v2\/posts\/55970\/revisions\/55980"}],"wp:featuredmedia":[{"embeddable":true,"href":"https:\/\/tdv.org\/tr-TR\/wp-json\/wp\/v2\/media\/55971"}],"wp:attachment":[{"href":"https:\/\/tdv.org\/tr-TR\/wp-json\/wp\/v2\/media?parent=55970"}],"wp:term":[{"taxonomy":"category","embeddable":true,"href":"https:\/\/tdv.org\/tr-TR\/wp-json\/wp\/v2\/categories?post=55970"},{"taxonomy":"post_tag","embeddable":true,"href":"https:\/\/tdv.org\/tr-TR\/wp-json\/wp\/v2\/tags?post=55970"}],"curies":[{"name":"wp","href":"https:\/\/api.w.org\/{rel}","templated":true}]}}