{"id":55981,"date":"2026-03-05T09:45:12","date_gmt":"2026-03-05T06:45:12","guid":{"rendered":"https:\/\/tdv.org\/tr-TR\/?p=55981"},"modified":"2026-03-05T13:45:23","modified_gmt":"2026-03-05T10:45:23","slug":"tdv-kirgizistanda-ihtiyac-sahiplerine-ramazan-yardimi-ulastirdi","status":"publish","type":"post","link":"https:\/\/tdv.org\/tr-TR\/tdv-kirgizistanda-ihtiyac-sahiplerine-ramazan-yardimi-ulastirdi\/","title":{"rendered":"TDV, K\u0131rg\u0131zistan&#8217;da ihtiya\u00e7 sahiplerine Ramazan yard\u0131m\u0131 ula\u015ft\u0131rd\u0131"},"content":{"rendered":"<p style=\"text-align: justify;\"><a href=\"https:\/\/www.diyanet.gov.tr\/tr-TR\" target=\"_blank\" rel=\"noopener\">Diyanet\u00a0\u0130\u015fleri Ba\u015fkanl\u0131\u011f\u0131<\/a> ve <a href=\"https:\/\/tdv.org\/tr-TR\/\" target=\"_blank\" rel=\"noopener\">T\u00fcrkiye\u00a0Diyanet\u00a0Vakf\u0131<\/a> (TDV), <a href=\"https:\/\/bagis.tdv.org\/#ramazan\" target=\"_blank\" rel=\"noopener\">Ramazan<\/a> ay\u0131 dolay\u0131s\u0131yla K\u0131rg\u0131zistan&#8217;daki ihtiya\u00e7 sahiplerine y\u00f6nelik <a href=\"https:\/\/bagis.tdv.org\/ramazan\/gida-paketi-39\" target=\"_blank\" rel=\"noopener\">g\u0131da yard\u0131m\u0131<\/a> faaliyetlerini s\u00fcrd\u00fcrd\u00fc.<\/p>\n<p style=\"text-align: justify;\">T\u00fcrkiye\u2019nin Bi\u015fkek B\u00fcy\u00fckel\u00e7ili\u011fi Din Hizmetleri M\u00fc\u015favirli\u011fi koordinasyonunda y\u00fcr\u00fct\u00fclen \u00e7al\u0131\u015fmalar kapsam\u0131nda TDV temsilcileri, ba\u015fkent Bi\u015fkek ve \u00e7evresindeki onlarca aileye ula\u015ft\u0131.<\/p>\n<p style=\"text-align: justify;\">Yard\u0131m \u00e7al\u0131\u015fmalar\u0131 kapsam\u0131nda ba\u015fkentteki Milli Onkoloji Hastanesine ziyarette bulunarak burada tedavi g\u00f6ren hastalar ve yak\u0131nlar\u0131na <a href=\"https:\/\/bagis.tdv.org\/#ramazan\">ramazan<\/a> paketleri teslim edildi.<\/p>\n<p style=\"text-align: justify;\">TDV ekipleri, \u00c7uy b\u00f6lgesine ba\u011fl\u0131 Sokuluk il\u00e7esi ile Tokmok \u015fehrinde ya\u015fayan g\u00f6rme ve i\u015fitme engelli bireyleri ziyaret etti.<\/p>\n<p style=\"text-align: justify;\">\u0130htiya\u00e7 sahibi aileler i\u00e7in haz\u0131rlanan g\u0131da kolileri, ekipler taraf\u0131ndan bizzat teslim edildi.<\/p>\n<p style=\"text-align: justify;\"><strong>Ah\u0131ska T\u00fcrkleri ve kenar mahalle sakinlerine ziyaret<\/strong><\/p>\n<p style=\"text-align: justify;\">Yard\u0131m seferberli\u011fi \u00e7er\u00e7evesinde b\u00f6lgedeki Ah\u0131ska T\u00fcrklerinin ya\u015fad\u0131\u011f\u0131 k\u00f6ylerde de da\u011f\u0131t\u0131mlar yap\u0131ld\u0131.<\/p>\n<p style=\"text-align: justify;\">Ayr\u0131ca \u00c7uy b\u00f6lgesinin ihtiya\u00e7 sahibi ailelerin yo\u011funlukta oldu\u011fu kenar mahallelerinde hane ziyaretleri ger\u00e7ekle\u015ftirilerek, buralara <a href=\"https:\/\/bagis.tdv.org\/#ramazan\">ramazan<\/a> kumanyalar\u0131 ula\u015ft\u0131r\u0131ld\u0131.<\/p>\n<p style=\"text-align: justify;\">TDV, ba\u015fkent Bi\u015fkek\u2019teki Merkez \u0130mam Serahsi Camisi\u2019nde <a href=\"https:\/\/bagis.tdv.org\/#ramazan\">ramazan<\/a> ay\u0131 vesilesiyle 2 Mart&#8217;ta <a href=\"https:\/\/bagis.tdv.org\/ramazan\/gida-paketi-39\" target=\"_blank\" rel=\"noopener\">g\u0131da yard\u0131m<\/a> etkinli\u011fi ve 3 Mart&#8217;ta toplu <a href=\"https:\/\/bagis.tdv.org\/ramazan\/iftar-112\" target=\"_blank\" rel=\"noopener\">iftar<\/a> program\u0131 d\u00fczenlenmi\u015fti.<\/p>\n\n\t\t<style type=\"text\/css\">\n\t\t\t#gallery-1 {\n\t\t\t\tmargin: auto;\n\t\t\t}\n\t\t\t#gallery-1 .gallery-item {\n\t\t\t\tfloat: left;\n\t\t\t\tmargin-top: 10px;\n\t\t\t\ttext-align: center;\n\t\t\t\twidth: 33%;\n\t\t\t}\n\t\t\t#gallery-1 img {\n\t\t\t\tborder: 2px solid #cfcfcf;\n\t\t\t}\n\t\t\t#gallery-1 .gallery-caption {\n\t\t\t\tmargin-left: 0;\n\t\t\t}\n\t\t\t\/* see gallery_shortcode() in wp-includes\/media.php *\/\n\t\t<\/style>\n\t\t<div id='gallery-1' class='gallery galleryid-55981 gallery-columns-3 gallery-size-large'><dl class='gallery-item'>\n\t\t\t<dt class='gallery-icon landscape'>\n\t\t\t\t<a href='https:\/\/tdv.org\/tr-TR\/wp-content\/uploads\/2026\/03\/tdv-kirgizistan-da-ihtiyac-sahiplerine-ramazan-yardimi-ulastirdi-1.jpg'><img decoding=\"async\" width=\"1024\" height=\"683\" src=\"https:\/\/tdv.org\/tr-TR\/wp-content\/uploads\/2026\/03\/tdv-kirgizistan-da-ihtiyac-sahiplerine-ramazan-yardimi-ulastirdi-1-1024x683.jpg\" class=\"attachment-large size-large\" alt=\"\" aria-describedby=\"gallery-1-55982\" srcset=\"https:\/\/tdv.org\/tr-TR\/wp-content\/uploads\/2026\/03\/tdv-kirgizistan-da-ihtiyac-sahiplerine-ramazan-yardimi-ulastirdi-1-1024x683.jpg 1024w, https:\/\/tdv.org\/tr-TR\/wp-content\/uploads\/2026\/03\/tdv-kirgizistan-da-ihtiyac-sahiplerine-ramazan-yardimi-ulastirdi-1-300x200.jpg 300w, https:\/\/tdv.org\/tr-TR\/wp-content\/uploads\/2026\/03\/tdv-kirgizistan-da-ihtiyac-sahiplerine-ramazan-yardimi-ulastirdi-1-768x512.jpg 768w, https:\/\/tdv.org\/tr-TR\/wp-content\/uploads\/2026\/03\/tdv-kirgizistan-da-ihtiyac-sahiplerine-ramazan-yardimi-ulastirdi-1-900x600.jpg 900w, https:\/\/tdv.org\/tr-TR\/wp-content\/uploads\/2026\/03\/tdv-kirgizistan-da-ihtiyac-sahiplerine-ramazan-yardimi-ulastirdi-1.jpg 1151w\" sizes=\"(max-width: 1024px) 100vw, 1024px\" \/><\/a>\n\t\t\t<\/dt>\n\t\t\t\t<dd class='wp-caption-text gallery-caption' id='gallery-1-55982'>\n\t\t\t\tTDV, K\u0131rg\u0131zistan&#8217;da ihtiya\u00e7 sahiplerine Ramazan yard\u0131m\u0131 ula\u015ft\u0131rd\u0131,iftar,g\u0131da yard\u0131m\u0131, ramazan 2026, ramazan\n\t\t\t\t<\/dd><\/dl><dl class='gallery-item'>\n\t\t\t<dt class='gallery-icon landscape'>\n\t\t\t\t<a href='https:\/\/tdv.org\/tr-TR\/wp-content\/uploads\/2026\/03\/tdv-kirgizistan-da-ihtiyac-sahiplerine-ramazan-yardimi-ulastirdi-2.jpg'><img decoding=\"async\" width=\"1024\" height=\"683\" src=\"https:\/\/tdv.org\/tr-TR\/wp-content\/uploads\/2026\/03\/tdv-kirgizistan-da-ihtiyac-sahiplerine-ramazan-yardimi-ulastirdi-2-1024x683.jpg\" class=\"attachment-large size-large\" alt=\"\" aria-describedby=\"gallery-1-55983\" srcset=\"https:\/\/tdv.org\/tr-TR\/wp-content\/uploads\/2026\/03\/tdv-kirgizistan-da-ihtiyac-sahiplerine-ramazan-yardimi-ulastirdi-2-1024x683.jpg 1024w, https:\/\/tdv.org\/tr-TR\/wp-content\/uploads\/2026\/03\/tdv-kirgizistan-da-ihtiyac-sahiplerine-ramazan-yardimi-ulastirdi-2-300x200.jpg 300w, https:\/\/tdv.org\/tr-TR\/wp-content\/uploads\/2026\/03\/tdv-kirgizistan-da-ihtiyac-sahiplerine-ramazan-yardimi-ulastirdi-2-768x512.jpg 768w, https:\/\/tdv.org\/tr-TR\/wp-content\/uploads\/2026\/03\/tdv-kirgizistan-da-ihtiyac-sahiplerine-ramazan-yardimi-ulastirdi-2-900x600.jpg 900w, https:\/\/tdv.org\/tr-TR\/wp-content\/uploads\/2026\/03\/tdv-kirgizistan-da-ihtiyac-sahiplerine-ramazan-yardimi-ulastirdi-2.jpg 1151w\" sizes=\"(max-width: 1024px) 100vw, 1024px\" \/><\/a>\n\t\t\t<\/dt>\n\t\t\t\t<dd class='wp-caption-text gallery-caption' id='gallery-1-55983'>\n\t\t\t\tTDV, K\u0131rg\u0131zistan&#8217;da ihtiya\u00e7 sahiplerine Ramazan yard\u0131m\u0131 ula\u015ft\u0131rd\u0131,iftar,g\u0131da yard\u0131m\u0131, ramazan 2026, ramazan\n\t\t\t\t<\/dd><\/dl><dl class='gallery-item'>\n\t\t\t<dt class='gallery-icon landscape'>\n\t\t\t\t<a href='https:\/\/tdv.org\/tr-TR\/wp-content\/uploads\/2026\/03\/tdv-kirgizistan-da-ihtiyac-sahiplerine-ramazan-yardimi-ulastirdi-3.jpg'><img decoding=\"async\" width=\"1024\" height=\"683\" src=\"https:\/\/tdv.org\/tr-TR\/wp-content\/uploads\/2026\/03\/tdv-kirgizistan-da-ihtiyac-sahiplerine-ramazan-yardimi-ulastirdi-3-1024x683.jpg\" class=\"attachment-large size-large\" alt=\"\" aria-describedby=\"gallery-1-55984\" srcset=\"https:\/\/tdv.org\/tr-TR\/wp-content\/uploads\/2026\/03\/tdv-kirgizistan-da-ihtiyac-sahiplerine-ramazan-yardimi-ulastirdi-3-1024x683.jpg 1024w, https:\/\/tdv.org\/tr-TR\/wp-content\/uploads\/2026\/03\/tdv-kirgizistan-da-ihtiyac-sahiplerine-ramazan-yardimi-ulastirdi-3-300x200.jpg 300w, https:\/\/tdv.org\/tr-TR\/wp-content\/uploads\/2026\/03\/tdv-kirgizistan-da-ihtiyac-sahiplerine-ramazan-yardimi-ulastirdi-3-768x512.jpg 768w, https:\/\/tdv.org\/tr-TR\/wp-content\/uploads\/2026\/03\/tdv-kirgizistan-da-ihtiyac-sahiplerine-ramazan-yardimi-ulastirdi-3-900x600.jpg 900w, https:\/\/tdv.org\/tr-TR\/wp-content\/uploads\/2026\/03\/tdv-kirgizistan-da-ihtiyac-sahiplerine-ramazan-yardimi-ulastirdi-3.jpg 1151w\" sizes=\"(max-width: 1024px) 100vw, 1024px\" \/><\/a>\n\t\t\t<\/dt>\n\t\t\t\t<dd class='wp-caption-text gallery-caption' id='gallery-1-55984'>\n\t\t\t\tTDV, K\u0131rg\u0131zistan&#8217;da ihtiya\u00e7 sahiplerine Ramazan yard\u0131m\u0131 ula\u015ft\u0131rd\u0131,iftar,g\u0131da yard\u0131m\u0131, ramazan 2026, ramazan\n\t\t\t\t<\/dd><\/dl><br style=\"clear: both\" \/><dl class='gallery-item'>\n\t\t\t<dt class='gallery-icon landscape'>\n\t\t\t\t<a href='https:\/\/tdv.org\/tr-TR\/wp-content\/uploads\/2026\/03\/tdv-kirgizistan-da-ihtiyac-sahiplerine-ramazan-yardimi-ulastirdi-4.jpg'><img decoding=\"async\" width=\"1024\" height=\"683\" src=\"https:\/\/tdv.org\/tr-TR\/wp-content\/uploads\/2026\/03\/tdv-kirgizistan-da-ihtiyac-sahiplerine-ramazan-yardimi-ulastirdi-4-1024x683.jpg\" class=\"attachment-large size-large\" alt=\"\" aria-describedby=\"gallery-1-55985\" srcset=\"https:\/\/tdv.org\/tr-TR\/wp-content\/uploads\/2026\/03\/tdv-kirgizistan-da-ihtiyac-sahiplerine-ramazan-yardimi-ulastirdi-4-1024x683.jpg 1024w, https:\/\/tdv.org\/tr-TR\/wp-content\/uploads\/2026\/03\/tdv-kirgizistan-da-ihtiyac-sahiplerine-ramazan-yardimi-ulastirdi-4-300x200.jpg 300w, https:\/\/tdv.org\/tr-TR\/wp-content\/uploads\/2026\/03\/tdv-kirgizistan-da-ihtiyac-sahiplerine-ramazan-yardimi-ulastirdi-4-768x512.jpg 768w, https:\/\/tdv.org\/tr-TR\/wp-content\/uploads\/2026\/03\/tdv-kirgizistan-da-ihtiyac-sahiplerine-ramazan-yardimi-ulastirdi-4-900x600.jpg 900w, https:\/\/tdv.org\/tr-TR\/wp-content\/uploads\/2026\/03\/tdv-kirgizistan-da-ihtiyac-sahiplerine-ramazan-yardimi-ulastirdi-4.jpg 1151w\" sizes=\"(max-width: 1024px) 100vw, 1024px\" \/><\/a>\n\t\t\t<\/dt>\n\t\t\t\t<dd class='wp-caption-text gallery-caption' id='gallery-1-55985'>\n\t\t\t\tTDV, K\u0131rg\u0131zistan&#8217;da ihtiya\u00e7 sahiplerine Ramazan yard\u0131m\u0131 ula\u015ft\u0131rd\u0131,iftar,g\u0131da yard\u0131m\u0131, ramazan 2026, ramazan\n\t\t\t\t<\/dd><\/dl><dl class='gallery-item'>\n\t\t\t<dt class='gallery-icon landscape'>\n\t\t\t\t<a href='https:\/\/tdv.org\/tr-TR\/wp-content\/uploads\/2026\/03\/tdv-kirgizistan-da-ihtiyac-sahiplerine-ramazan-yardimi-ulastirdi-5.jpg'><img decoding=\"async\" width=\"1024\" height=\"683\" src=\"https:\/\/tdv.org\/tr-TR\/wp-content\/uploads\/2026\/03\/tdv-kirgizistan-da-ihtiyac-sahiplerine-ramazan-yardimi-ulastirdi-5-1024x683.jpg\" class=\"attachment-large size-large\" alt=\"\" aria-describedby=\"gallery-1-55986\" srcset=\"https:\/\/tdv.org\/tr-TR\/wp-content\/uploads\/2026\/03\/tdv-kirgizistan-da-ihtiyac-sahiplerine-ramazan-yardimi-ulastirdi-5-1024x683.jpg 1024w, https:\/\/tdv.org\/tr-TR\/wp-content\/uploads\/2026\/03\/tdv-kirgizistan-da-ihtiyac-sahiplerine-ramazan-yardimi-ulastirdi-5-300x200.jpg 300w, https:\/\/tdv.org\/tr-TR\/wp-content\/uploads\/2026\/03\/tdv-kirgizistan-da-ihtiyac-sahiplerine-ramazan-yardimi-ulastirdi-5-768x512.jpg 768w, https:\/\/tdv.org\/tr-TR\/wp-content\/uploads\/2026\/03\/tdv-kirgizistan-da-ihtiyac-sahiplerine-ramazan-yardimi-ulastirdi-5-900x600.jpg 900w, https:\/\/tdv.org\/tr-TR\/wp-content\/uploads\/2026\/03\/tdv-kirgizistan-da-ihtiyac-sahiplerine-ramazan-yardimi-ulastirdi-5.jpg 1151w\" sizes=\"(max-width: 1024px) 100vw, 1024px\" \/><\/a>\n\t\t\t<\/dt>\n\t\t\t\t<dd class='wp-caption-text gallery-caption' id='gallery-1-55986'>\n\t\t\t\tTDV, K\u0131rg\u0131zistan&#8217;da ihtiya\u00e7 sahiplerine Ramazan yard\u0131m\u0131 ula\u015ft\u0131rd\u0131,iftar,g\u0131da yard\u0131m\u0131, ramazan 2026, ramazan\n\t\t\t\t<\/dd><\/dl><dl class='gallery-item'>\n\t\t\t<dt class='gallery-icon landscape'>\n\t\t\t\t<a href='https:\/\/tdv.org\/tr-TR\/wp-content\/uploads\/2026\/03\/tdv-kirgizistan-da-ihtiyac-sahiplerine-ramazan-yardimi-ulastirdi-6.jpg'><img decoding=\"async\" width=\"1024\" height=\"683\" src=\"https:\/\/tdv.org\/tr-TR\/wp-content\/uploads\/2026\/03\/tdv-kirgizistan-da-ihtiyac-sahiplerine-ramazan-yardimi-ulastirdi-6-1024x683.jpg\" class=\"attachment-large size-large\" alt=\"\" aria-describedby=\"gallery-1-55987\" srcset=\"https:\/\/tdv.org\/tr-TR\/wp-content\/uploads\/2026\/03\/tdv-kirgizistan-da-ihtiyac-sahiplerine-ramazan-yardimi-ulastirdi-6-1024x683.jpg 1024w, https:\/\/tdv.org\/tr-TR\/wp-content\/uploads\/2026\/03\/tdv-kirgizistan-da-ihtiyac-sahiplerine-ramazan-yardimi-ulastirdi-6-300x200.jpg 300w, https:\/\/tdv.org\/tr-TR\/wp-content\/uploads\/2026\/03\/tdv-kirgizistan-da-ihtiyac-sahiplerine-ramazan-yardimi-ulastirdi-6-768x512.jpg 768w, https:\/\/tdv.org\/tr-TR\/wp-content\/uploads\/2026\/03\/tdv-kirgizistan-da-ihtiyac-sahiplerine-ramazan-yardimi-ulastirdi-6-900x600.jpg 900w, https:\/\/tdv.org\/tr-TR\/wp-content\/uploads\/2026\/03\/tdv-kirgizistan-da-ihtiyac-sahiplerine-ramazan-yardimi-ulastirdi-6.jpg 1151w\" sizes=\"(max-width: 1024px) 100vw, 1024px\" \/><\/a>\n\t\t\t<\/dt>\n\t\t\t\t<dd class='wp-caption-text gallery-caption' id='gallery-1-55987'>\n\t\t\t\tTDV, K\u0131rg\u0131zistan&#8217;da ihtiya\u00e7 sahiplerine Ramazan yard\u0131m\u0131 ula\u015ft\u0131rd\u0131,iftar,g\u0131da yard\u0131m\u0131, ramazan 2026, ramazan\n\t\t\t\t<\/dd><\/dl><br style=\"clear: both\" \/>\n\t\t<\/div>\n\n","protected":false},"excerpt":{"rendered":"<p>Diyanet\u00a0\u0130\u015fleri Ba\u015fkanl\u0131\u011f\u0131 ve T\u00fcrkiye\u00a0Diyanet\u00a0Vakf\u0131 (TDV), Ramazan ay\u0131 dolay\u0131s\u0131yla K\u0131rg\u0131zistan&#8217;daki ihtiya\u00e7 sahiplerine y\u00f6nelik g\u0131da yard\u0131m\u0131 faaliyetlerini s\u00fcrd\u00fcrd\u00fc. T\u00fcrkiye\u2019nin Bi\u015fkek B\u00fcy\u00fckel\u00e7ili\u011fi Din Hizmetleri M\u00fc\u015favirli\u011fi koordinasyonunda y\u00fcr\u00fct\u00fclen \u00e7al\u0131\u015fmalar kapsam\u0131nda TDV temsilcileri, ba\u015fkent Bi\u015fkek&#8230;<\/p>\n","protected":false},"author":8,"featured_media":55983,"comment_status":"closed","ping_status":"closed","sticky":false,"template":"","format":"standard","meta":{"footnotes":""},"categories":[1],"tags":[2470,968,2480,613,701,119,1774,2108,697,1244,107,2464],"class_list":{"0":"post-55981","1":"post","2":"type-post","3":"status-publish","4":"format-standard","5":"has-post-thumbnail","7":"category-haberler","8":"tag-2026-ramazan","9":"tag-gida","10":"tag-gida-destegi","11":"tag-gida-kolisi","12":"tag-gida-paketi","13":"tag-iftar","14":"tag-iftar-bulismasi","15":"tag-iftar-cadiri","16":"tag-iftar-paketi","17":"tag-iftarlik","18":"tag-ramazan","19":"tag-ramazan-2026"},"yoast_head":"<!-- This site is optimized with the Yoast SEO plugin v27.5 - https:\/\/yoast.com\/product\/yoast-seo-wordpress\/ -->\n<title>TDV, K\u0131rg\u0131zistan&#039;da ihtiya\u00e7 sahiplerine Ramazan yard\u0131m\u0131 ula\u015ft\u0131rd\u0131<\/title>\n<meta name=\"description\" content=\"Diyanet\u00a0\u0130\u015fleri Ba\u015fkanl\u0131\u011f\u0131 ve T\u00fcrkiye\u00a0Diyanet\u00a0Vakf\u0131 (TDV), Ramazan ay\u0131 dolay\u0131s\u0131yla K\u0131rg\u0131zistan&#039;daki ihtiya\u00e7 sahiplerine y\u00f6nelik g\u0131da yard\u0131m\u0131 faaliyetlerini s\u00fcrd\u00fcrd\u00fc.\" \/>\n<meta name=\"robots\" content=\"index, follow, max-snippet:-1, max-image-preview:large, max-video-preview:-1\" \/>\n<link rel=\"canonical\" href=\"https:\/\/tdv.org\/tr-TR\/tdv-kirgizistanda-ihtiyac-sahiplerine-ramazan-yardimi-ulastirdi\/\" \/>\n<meta property=\"og:locale\" content=\"tr_TR\" \/>\n<meta property=\"og:type\" content=\"article\" \/>\n<meta property=\"og:title\" content=\"TDV, K\u0131rg\u0131zistan&#039;da ihtiya\u00e7 sahiplerine Ramazan yard\u0131m\u0131 ula\u015ft\u0131rd\u0131\" \/>\n<meta property=\"og:description\" content=\"Diyanet\u00a0\u0130\u015fleri Ba\u015fkanl\u0131\u011f\u0131 ve T\u00fcrkiye\u00a0Diyanet\u00a0Vakf\u0131 (TDV), Ramazan ay\u0131 dolay\u0131s\u0131yla K\u0131rg\u0131zistan&#039;daki ihtiya\u00e7 sahiplerine y\u00f6nelik g\u0131da yard\u0131m\u0131 faaliyetlerini s\u00fcrd\u00fcrd\u00fc.\" \/>\n<meta property=\"og:url\" content=\"https:\/\/tdv.org\/tr-TR\/tdv-kirgizistanda-ihtiyac-sahiplerine-ramazan-yardimi-ulastirdi\/\" \/>\n<meta property=\"og:site_name\" content=\"T\u00fcrkiye Diyanet Vakf\u0131 Resmi Web Sitesi\" \/>\n<meta property=\"article:publisher\" content=\"https:\/\/www.facebook.com\/Diyanetvakfi\/\" \/>\n<meta property=\"article:published_time\" content=\"2026-03-05T06:45:12+00:00\" \/>\n<meta property=\"article:modified_time\" content=\"2026-03-05T10:45:23+00:00\" \/>\n<meta property=\"og:image\" content=\"https:\/\/tdv.org\/tr-TR\/wp-content\/uploads\/2026\/03\/tdv-kirgizistan-da-ihtiyac-sahiplerine-ramazan-yardimi-ulastirdi-2.jpg\" \/>\n\t<meta property=\"og:image:width\" content=\"1151\" \/>\n\t<meta property=\"og:image:height\" content=\"768\" \/>\n\t<meta property=\"og:image:type\" content=\"image\/jpeg\" \/>\n<meta name=\"author\" content=\"Selim\" \/>\n<meta name=\"twitter:card\" content=\"summary_large_image\" \/>\n<meta name=\"twitter:creator\" content=\"@DiyanetVakfi\" \/>\n<meta name=\"twitter:site\" content=\"@DiyanetVakfi\" \/>\n<script type=\"application\/ld+json\" class=\"yoast-schema-graph\">{\"@context\":\"https:\\\/\\\/schema.org\",\"@graph\":[{\"@type\":\"Article\",\"@id\":\"https:\\\/\\\/tdv.org\\\/tr-TR\\\/tdv-kirgizistanda-ihtiyac-sahiplerine-ramazan-yardimi-ulastirdi\\\/#article\",\"isPartOf\":{\"@id\":\"https:\\\/\\\/tdv.org\\\/tr-TR\\\/tdv-kirgizistanda-ihtiyac-sahiplerine-ramazan-yardimi-ulastirdi\\\/\"},\"author\":{\"name\":\"Selim\",\"@id\":\"https:\\\/\\\/tdv.org\\\/tr-TR\\\/#\\\/schema\\\/person\\\/752b55e264a99273d55636516d96d5eb\"},\"headline\":\"TDV, K\u0131rg\u0131zistan&#8217;da ihtiya\u00e7 sahiplerine Ramazan yard\u0131m\u0131 ula\u015ft\u0131rd\u0131\",\"datePublished\":\"2026-03-05T06:45:12+00:00\",\"dateModified\":\"2026-03-05T10:45:23+00:00\",\"mainEntityOfPage\":{\"@id\":\"https:\\\/\\\/tdv.org\\\/tr-TR\\\/tdv-kirgizistanda-ihtiyac-sahiplerine-ramazan-yardimi-ulastirdi\\\/\"},\"wordCount\":240,\"publisher\":{\"@id\":\"https:\\\/\\\/tdv.org\\\/tr-TR\\\/#organization\"},\"image\":{\"@id\":\"https:\\\/\\\/tdv.org\\\/tr-TR\\\/tdv-kirgizistanda-ihtiyac-sahiplerine-ramazan-yardimi-ulastirdi\\\/#primaryimage\"},\"thumbnailUrl\":\"https:\\\/\\\/tdv.org\\\/tr-TR\\\/wp-content\\\/uploads\\\/2026\\\/03\\\/tdv-kirgizistan-da-ihtiyac-sahiplerine-ramazan-yardimi-ulastirdi-2.jpg\",\"keywords\":[\"2026 Ramazan\",\"g\u0131da\",\"g\u0131da deste\u011fi\",\"g\u0131da kolisi\",\"g\u0131da paketi\",\"iftar\",\"iftar bul\u0131\u015fmas\u0131\",\"iftar \u00e7ad\u0131r\u0131\",\"iftar paketi\",\"iftarl\u0131k\",\"ramazan\",\"ramazan 2026\"],\"articleSection\":[\"Haberler\"],\"inLanguage\":\"tr\"},{\"@type\":\"WebPage\",\"@id\":\"https:\\\/\\\/tdv.org\\\/tr-TR\\\/tdv-kirgizistanda-ihtiyac-sahiplerine-ramazan-yardimi-ulastirdi\\\/\",\"url\":\"https:\\\/\\\/tdv.org\\\/tr-TR\\\/tdv-kirgizistanda-ihtiyac-sahiplerine-ramazan-yardimi-ulastirdi\\\/\",\"name\":\"TDV, K\u0131rg\u0131zistan'da ihtiya\u00e7 sahiplerine Ramazan yard\u0131m\u0131 ula\u015ft\u0131rd\u0131\",\"isPartOf\":{\"@id\":\"https:\\\/\\\/tdv.org\\\/tr-TR\\\/#website\"},\"primaryImageOfPage\":{\"@id\":\"https:\\\/\\\/tdv.org\\\/tr-TR\\\/tdv-kirgizistanda-ihtiyac-sahiplerine-ramazan-yardimi-ulastirdi\\\/#primaryimage\"},\"image\":{\"@id\":\"https:\\\/\\\/tdv.org\\\/tr-TR\\\/tdv-kirgizistanda-ihtiyac-sahiplerine-ramazan-yardimi-ulastirdi\\\/#primaryimage\"},\"thumbnailUrl\":\"https:\\\/\\\/tdv.org\\\/tr-TR\\\/wp-content\\\/uploads\\\/2026\\\/03\\\/tdv-kirgizistan-da-ihtiyac-sahiplerine-ramazan-yardimi-ulastirdi-2.jpg\",\"datePublished\":\"2026-03-05T06:45:12+00:00\",\"dateModified\":\"2026-03-05T10:45:23+00:00\",\"description\":\"Diyanet\u00a0\u0130\u015fleri Ba\u015fkanl\u0131\u011f\u0131 ve T\u00fcrkiye\u00a0Diyanet\u00a0Vakf\u0131 (TDV), Ramazan ay\u0131 dolay\u0131s\u0131yla K\u0131rg\u0131zistan'daki ihtiya\u00e7 sahiplerine y\u00f6nelik g\u0131da yard\u0131m\u0131 faaliyetlerini s\u00fcrd\u00fcrd\u00fc.\",\"breadcrumb\":{\"@id\":\"https:\\\/\\\/tdv.org\\\/tr-TR\\\/tdv-kirgizistanda-ihtiyac-sahiplerine-ramazan-yardimi-ulastirdi\\\/#breadcrumb\"},\"inLanguage\":\"tr\",\"potentialAction\":[{\"@type\":\"ReadAction\",\"target\":[\"https:\\\/\\\/tdv.org\\\/tr-TR\\\/tdv-kirgizistanda-ihtiyac-sahiplerine-ramazan-yardimi-ulastirdi\\\/\"]}]},{\"@type\":\"ImageObject\",\"inLanguage\":\"tr\",\"@id\":\"https:\\\/\\\/tdv.org\\\/tr-TR\\\/tdv-kirgizistanda-ihtiyac-sahiplerine-ramazan-yardimi-ulastirdi\\\/#primaryimage\",\"url\":\"https:\\\/\\\/tdv.org\\\/tr-TR\\\/wp-content\\\/uploads\\\/2026\\\/03\\\/tdv-kirgizistan-da-ihtiyac-sahiplerine-ramazan-yardimi-ulastirdi-2.jpg\",\"contentUrl\":\"https:\\\/\\\/tdv.org\\\/tr-TR\\\/wp-content\\\/uploads\\\/2026\\\/03\\\/tdv-kirgizistan-da-ihtiyac-sahiplerine-ramazan-yardimi-ulastirdi-2.jpg\",\"width\":1151,\"height\":768,\"caption\":\"TDV, K\u0131rg\u0131zistan'da ihtiya\u00e7 sahiplerine Ramazan yard\u0131m\u0131 ula\u015ft\u0131rd\u0131,iftar,g\u0131da yard\u0131m\u0131, ramazan 2026, ramazan\"},{\"@type\":\"BreadcrumbList\",\"@id\":\"https:\\\/\\\/tdv.org\\\/tr-TR\\\/tdv-kirgizistanda-ihtiyac-sahiplerine-ramazan-yardimi-ulastirdi\\\/#breadcrumb\",\"itemListElement\":[{\"@type\":\"ListItem\",\"position\":1,\"name\":\"Anasayfa\",\"item\":\"https:\\\/\\\/tdv.org\\\/tr-TR\\\/\"},{\"@type\":\"ListItem\",\"position\":2,\"name\":\"TDV, K\u0131rg\u0131zistan&#8217;da ihtiya\u00e7 sahiplerine Ramazan yard\u0131m\u0131 ula\u015ft\u0131rd\u0131\"}]},{\"@type\":\"WebSite\",\"@id\":\"https:\\\/\\\/tdv.org\\\/tr-TR\\\/#website\",\"url\":\"https:\\\/\\\/tdv.org\\\/tr-TR\\\/\",\"name\":\"T\u00fcrkiye Diyanet Vakf\u0131 Resmi Web Sitesi\",\"description\":\"Yery\u00fcz\u00fcnde iyilik egemen oluncaya kadar\",\"publisher\":{\"@id\":\"https:\\\/\\\/tdv.org\\\/tr-TR\\\/#organization\"},\"alternateName\":\"T\u00fcrkiye Diyanet Vakf\u0131\",\"potentialAction\":[{\"@type\":\"SearchAction\",\"target\":{\"@type\":\"EntryPoint\",\"urlTemplate\":\"https:\\\/\\\/tdv.org\\\/tr-TR\\\/?s={search_term_string}\"},\"query-input\":{\"@type\":\"PropertyValueSpecification\",\"valueRequired\":true,\"valueName\":\"search_term_string\"}}],\"inLanguage\":\"tr\"},{\"@type\":\"Organization\",\"@id\":\"https:\\\/\\\/tdv.org\\\/tr-TR\\\/#organization\",\"name\":\"T\u00fcrkiye Diyanet Vakf\u0131\",\"alternateName\":\"T\u00fcrkiye Diyanet Vakf\u0131\",\"url\":\"https:\\\/\\\/tdv.org\\\/tr-TR\\\/\",\"logo\":{\"@type\":\"ImageObject\",\"inLanguage\":\"tr\",\"@id\":\"https:\\\/\\\/tdv.org\\\/tr-TR\\\/#\\\/schema\\\/logo\\\/image\\\/\",\"url\":\"https:\\\/\\\/tdv.org\\\/tr-TR\\\/wp-content\\\/uploads\\\/2018\\\/12\\\/TDV_Logo_1.png\",\"contentUrl\":\"https:\\\/\\\/tdv.org\\\/tr-TR\\\/wp-content\\\/uploads\\\/2018\\\/12\\\/TDV_Logo_1.png\",\"width\":207,\"height\":71,\"caption\":\"T\u00fcrkiye Diyanet Vakf\u0131\"},\"image\":{\"@id\":\"https:\\\/\\\/tdv.org\\\/tr-TR\\\/#\\\/schema\\\/logo\\\/image\\\/\"},\"sameAs\":[\"https:\\\/\\\/www.facebook.com\\\/Diyanetvakfi\\\/\",\"https:\\\/\\\/x.com\\\/DiyanetVakfi\",\"https:\\\/\\\/www.instagram.com\\\/turkiyediyanetvakfi\\\/\",\"https:\\\/\\\/www.youtube.com\\\/user\\\/TurkiyeDiyanetVakfi\"]},{\"@type\":\"Person\",\"@id\":\"https:\\\/\\\/tdv.org\\\/tr-TR\\\/#\\\/schema\\\/person\\\/752b55e264a99273d55636516d96d5eb\",\"name\":\"Selim\",\"image\":{\"@type\":\"ImageObject\",\"inLanguage\":\"tr\",\"@id\":\"https:\\\/\\\/tdv.org\\\/tr-TR\\\/wp-content\\\/litespeed\\\/avatar\\\/a1e47b25396e98e5b781e88a5396cd96.jpg?ver=1777287391\",\"url\":\"https:\\\/\\\/tdv.org\\\/tr-TR\\\/wp-content\\\/litespeed\\\/avatar\\\/a1e47b25396e98e5b781e88a5396cd96.jpg?ver=1777287391\",\"contentUrl\":\"https:\\\/\\\/tdv.org\\\/tr-TR\\\/wp-content\\\/litespeed\\\/avatar\\\/a1e47b25396e98e5b781e88a5396cd96.jpg?ver=1777287391\",\"caption\":\"Selim\"}}]}<\/script>\n<!-- \/ Yoast SEO plugin. -->","yoast_head_json":{"title":"TDV, K\u0131rg\u0131zistan'da ihtiya\u00e7 sahiplerine Ramazan yard\u0131m\u0131 ula\u015ft\u0131rd\u0131","description":"Diyanet\u00a0\u0130\u015fleri Ba\u015fkanl\u0131\u011f\u0131 ve T\u00fcrkiye\u00a0Diyanet\u00a0Vakf\u0131 (TDV), Ramazan ay\u0131 dolay\u0131s\u0131yla K\u0131rg\u0131zistan'daki ihtiya\u00e7 sahiplerine y\u00f6nelik g\u0131da yard\u0131m\u0131 faaliyetlerini s\u00fcrd\u00fcrd\u00fc.","robots":{"index":"index","follow":"follow","max-snippet":"max-snippet:-1","max-image-preview":"max-image-preview:large","max-video-preview":"max-video-preview:-1"},"canonical":"https:\/\/tdv.org\/tr-TR\/tdv-kirgizistanda-ihtiyac-sahiplerine-ramazan-yardimi-ulastirdi\/","og_locale":"tr_TR","og_type":"article","og_title":"TDV, K\u0131rg\u0131zistan'da ihtiya\u00e7 sahiplerine Ramazan yard\u0131m\u0131 ula\u015ft\u0131rd\u0131","og_description":"Diyanet\u00a0\u0130\u015fleri Ba\u015fkanl\u0131\u011f\u0131 ve T\u00fcrkiye\u00a0Diyanet\u00a0Vakf\u0131 (TDV), Ramazan ay\u0131 dolay\u0131s\u0131yla K\u0131rg\u0131zistan'daki ihtiya\u00e7 sahiplerine y\u00f6nelik g\u0131da yard\u0131m\u0131 faaliyetlerini s\u00fcrd\u00fcrd\u00fc.","og_url":"https:\/\/tdv.org\/tr-TR\/tdv-kirgizistanda-ihtiyac-sahiplerine-ramazan-yardimi-ulastirdi\/","og_site_name":"T\u00fcrkiye Diyanet Vakf\u0131 Resmi Web Sitesi","article_publisher":"https:\/\/www.facebook.com\/Diyanetvakfi\/","article_published_time":"2026-03-05T06:45:12+00:00","article_modified_time":"2026-03-05T10:45:23+00:00","og_image":[{"width":1151,"height":768,"url":"https:\/\/tdv.org\/tr-TR\/wp-content\/uploads\/2026\/03\/tdv-kirgizistan-da-ihtiyac-sahiplerine-ramazan-yardimi-ulastirdi-2.jpg","type":"image\/jpeg"}],"author":"Selim","twitter_card":"summary_large_image","twitter_creator":"@DiyanetVakfi","twitter_site":"@DiyanetVakfi","schema":{"@context":"https:\/\/schema.org","@graph":[{"@type":"Article","@id":"https:\/\/tdv.org\/tr-TR\/tdv-kirgizistanda-ihtiyac-sahiplerine-ramazan-yardimi-ulastirdi\/#article","isPartOf":{"@id":"https:\/\/tdv.org\/tr-TR\/tdv-kirgizistanda-ihtiyac-sahiplerine-ramazan-yardimi-ulastirdi\/"},"author":{"name":"Selim","@id":"https:\/\/tdv.org\/tr-TR\/#\/schema\/person\/752b55e264a99273d55636516d96d5eb"},"headline":"TDV, K\u0131rg\u0131zistan&#8217;da ihtiya\u00e7 sahiplerine Ramazan yard\u0131m\u0131 ula\u015ft\u0131rd\u0131","datePublished":"2026-03-05T06:45:12+00:00","dateModified":"2026-03-05T10:45:23+00:00","mainEntityOfPage":{"@id":"https:\/\/tdv.org\/tr-TR\/tdv-kirgizistanda-ihtiyac-sahiplerine-ramazan-yardimi-ulastirdi\/"},"wordCount":240,"publisher":{"@id":"https:\/\/tdv.org\/tr-TR\/#organization"},"image":{"@id":"https:\/\/tdv.org\/tr-TR\/tdv-kirgizistanda-ihtiyac-sahiplerine-ramazan-yardimi-ulastirdi\/#primaryimage"},"thumbnailUrl":"https:\/\/tdv.org\/tr-TR\/wp-content\/uploads\/2026\/03\/tdv-kirgizistan-da-ihtiyac-sahiplerine-ramazan-yardimi-ulastirdi-2.jpg","keywords":["2026 Ramazan","g\u0131da","g\u0131da deste\u011fi","g\u0131da kolisi","g\u0131da paketi","iftar","iftar bul\u0131\u015fmas\u0131","iftar \u00e7ad\u0131r\u0131","iftar paketi","iftarl\u0131k","ramazan","ramazan 2026"],"articleSection":["Haberler"],"inLanguage":"tr"},{"@type":"WebPage","@id":"https:\/\/tdv.org\/tr-TR\/tdv-kirgizistanda-ihtiyac-sahiplerine-ramazan-yardimi-ulastirdi\/","url":"https:\/\/tdv.org\/tr-TR\/tdv-kirgizistanda-ihtiyac-sahiplerine-ramazan-yardimi-ulastirdi\/","name":"TDV, K\u0131rg\u0131zistan'da ihtiya\u00e7 sahiplerine Ramazan yard\u0131m\u0131 ula\u015ft\u0131rd\u0131","isPartOf":{"@id":"https:\/\/tdv.org\/tr-TR\/#website"},"primaryImageOfPage":{"@id":"https:\/\/tdv.org\/tr-TR\/tdv-kirgizistanda-ihtiyac-sahiplerine-ramazan-yardimi-ulastirdi\/#primaryimage"},"image":{"@id":"https:\/\/tdv.org\/tr-TR\/tdv-kirgizistanda-ihtiyac-sahiplerine-ramazan-yardimi-ulastirdi\/#primaryimage"},"thumbnailUrl":"https:\/\/tdv.org\/tr-TR\/wp-content\/uploads\/2026\/03\/tdv-kirgizistan-da-ihtiyac-sahiplerine-ramazan-yardimi-ulastirdi-2.jpg","datePublished":"2026-03-05T06:45:12+00:00","dateModified":"2026-03-05T10:45:23+00:00","description":"Diyanet\u00a0\u0130\u015fleri Ba\u015fkanl\u0131\u011f\u0131 ve T\u00fcrkiye\u00a0Diyanet\u00a0Vakf\u0131 (TDV), Ramazan ay\u0131 dolay\u0131s\u0131yla K\u0131rg\u0131zistan'daki ihtiya\u00e7 sahiplerine y\u00f6nelik g\u0131da yard\u0131m\u0131 faaliyetlerini s\u00fcrd\u00fcrd\u00fc.","breadcrumb":{"@id":"https:\/\/tdv.org\/tr-TR\/tdv-kirgizistanda-ihtiyac-sahiplerine-ramazan-yardimi-ulastirdi\/#breadcrumb"},"inLanguage":"tr","potentialAction":[{"@type":"ReadAction","target":["https:\/\/tdv.org\/tr-TR\/tdv-kirgizistanda-ihtiyac-sahiplerine-ramazan-yardimi-ulastirdi\/"]}]},{"@type":"ImageObject","inLanguage":"tr","@id":"https:\/\/tdv.org\/tr-TR\/tdv-kirgizistanda-ihtiyac-sahiplerine-ramazan-yardimi-ulastirdi\/#primaryimage","url":"https:\/\/tdv.org\/tr-TR\/wp-content\/uploads\/2026\/03\/tdv-kirgizistan-da-ihtiyac-sahiplerine-ramazan-yardimi-ulastirdi-2.jpg","contentUrl":"https:\/\/tdv.org\/tr-TR\/wp-content\/uploads\/2026\/03\/tdv-kirgizistan-da-ihtiyac-sahiplerine-ramazan-yardimi-ulastirdi-2.jpg","width":1151,"height":768,"caption":"TDV, K\u0131rg\u0131zistan'da ihtiya\u00e7 sahiplerine Ramazan yard\u0131m\u0131 ula\u015ft\u0131rd\u0131,iftar,g\u0131da yard\u0131m\u0131, ramazan 2026, ramazan"},{"@type":"BreadcrumbList","@id":"https:\/\/tdv.org\/tr-TR\/tdv-kirgizistanda-ihtiyac-sahiplerine-ramazan-yardimi-ulastirdi\/#breadcrumb","itemListElement":[{"@type":"ListItem","position":1,"name":"Anasayfa","item":"https:\/\/tdv.org\/tr-TR\/"},{"@type":"ListItem","position":2,"name":"TDV, K\u0131rg\u0131zistan&#8217;da ihtiya\u00e7 sahiplerine Ramazan yard\u0131m\u0131 ula\u015ft\u0131rd\u0131"}]},{"@type":"WebSite","@id":"https:\/\/tdv.org\/tr-TR\/#website","url":"https:\/\/tdv.org\/tr-TR\/","name":"T\u00fcrkiye Diyanet Vakf\u0131 Resmi Web Sitesi","description":"Yery\u00fcz\u00fcnde iyilik egemen oluncaya kadar","publisher":{"@id":"https:\/\/tdv.org\/tr-TR\/#organization"},"alternateName":"T\u00fcrkiye Diyanet Vakf\u0131","potentialAction":[{"@type":"SearchAction","target":{"@type":"EntryPoint","urlTemplate":"https:\/\/tdv.org\/tr-TR\/?s={search_term_string}"},"query-input":{"@type":"PropertyValueSpecification","valueRequired":true,"valueName":"search_term_string"}}],"inLanguage":"tr"},{"@type":"Organization","@id":"https:\/\/tdv.org\/tr-TR\/#organization","name":"T\u00fcrkiye Diyanet Vakf\u0131","alternateName":"T\u00fcrkiye Diyanet Vakf\u0131","url":"https:\/\/tdv.org\/tr-TR\/","logo":{"@type":"ImageObject","inLanguage":"tr","@id":"https:\/\/tdv.org\/tr-TR\/#\/schema\/logo\/image\/","url":"https:\/\/tdv.org\/tr-TR\/wp-content\/uploads\/2018\/12\/TDV_Logo_1.png","contentUrl":"https:\/\/tdv.org\/tr-TR\/wp-content\/uploads\/2018\/12\/TDV_Logo_1.png","width":207,"height":71,"caption":"T\u00fcrkiye Diyanet Vakf\u0131"},"image":{"@id":"https:\/\/tdv.org\/tr-TR\/#\/schema\/logo\/image\/"},"sameAs":["https:\/\/www.facebook.com\/Diyanetvakfi\/","https:\/\/x.com\/DiyanetVakfi","https:\/\/www.instagram.com\/turkiyediyanetvakfi\/","https:\/\/www.youtube.com\/user\/TurkiyeDiyanetVakfi"]},{"@type":"Person","@id":"https:\/\/tdv.org\/tr-TR\/#\/schema\/person\/752b55e264a99273d55636516d96d5eb","name":"Selim","image":{"@type":"ImageObject","inLanguage":"tr","@id":"https:\/\/tdv.org\/tr-TR\/wp-content\/litespeed\/avatar\/a1e47b25396e98e5b781e88a5396cd96.jpg?ver=1777287391","url":"https:\/\/tdv.org\/tr-TR\/wp-content\/litespeed\/avatar\/a1e47b25396e98e5b781e88a5396cd96.jpg?ver=1777287391","contentUrl":"https:\/\/tdv.org\/tr-TR\/wp-content\/litespeed\/avatar\/a1e47b25396e98e5b781e88a5396cd96.jpg?ver=1777287391","caption":"Selim"}}]}},"_links":{"self":[{"href":"https:\/\/tdv.org\/tr-TR\/wp-json\/wp\/v2\/posts\/55981","targetHints":{"allow":["GET"]}}],"collection":[{"href":"https:\/\/tdv.org\/tr-TR\/wp-json\/wp\/v2\/posts"}],"about":[{"href":"https:\/\/tdv.org\/tr-TR\/wp-json\/wp\/v2\/types\/post"}],"author":[{"embeddable":true,"href":"https:\/\/tdv.org\/tr-TR\/wp-json\/wp\/v2\/users\/8"}],"replies":[{"embeddable":true,"href":"https:\/\/tdv.org\/tr-TR\/wp-json\/wp\/v2\/comments?post=55981"}],"version-history":[{"count":1,"href":"https:\/\/tdv.org\/tr-TR\/wp-json\/wp\/v2\/posts\/55981\/revisions"}],"predecessor-version":[{"id":55988,"href":"https:\/\/tdv.org\/tr-TR\/wp-json\/wp\/v2\/posts\/55981\/revisions\/55988"}],"wp:featuredmedia":[{"embeddable":true,"href":"https:\/\/tdv.org\/tr-TR\/wp-json\/wp\/v2\/media\/55983"}],"wp:attachment":[{"href":"https:\/\/tdv.org\/tr-TR\/wp-json\/wp\/v2\/media?parent=55981"}],"wp:term":[{"taxonomy":"category","embeddable":true,"href":"https:\/\/tdv.org\/tr-TR\/wp-json\/wp\/v2\/categories?post=55981"},{"taxonomy":"post_tag","embeddable":true,"href":"https:\/\/tdv.org\/tr-TR\/wp-json\/wp\/v2\/tags?post=55981"}],"curies":[{"name":"wp","href":"https:\/\/api.w.org\/{rel}","templated":true}]}}