{"id":56003,"date":"2026-03-06T10:41:53","date_gmt":"2026-03-06T07:41:53","guid":{"rendered":"https:\/\/tdv.org\/tr-TR\/?p=56003"},"modified":"2026-03-06T10:41:53","modified_gmt":"2026-03-06T07:41:53","slug":"kiliste-yetim-cocuklar-iftar-programinda-bulustu","status":"publish","type":"post","link":"https:\/\/tdv.org\/tr-TR\/kiliste-yetim-cocuklar-iftar-programinda-bulustu\/","title":{"rendered":"Kilis\u2019te yetim \u00e7ocuklar iftar program\u0131nda bulu\u015ftu"},"content":{"rendered":"<p style=\"text-align: justify;\">Kilis\u2019te D\u00fcnya Yetimler G\u00fcn\u00fc dolay\u0131s\u0131yla <a href=\"https:\/\/bagis.tdv.org\/#yetim\" target=\"_blank\" rel=\"noopener\">yetimler<\/a> ve yak\u0131nlar\u0131 i\u00e7in <a href=\"https:\/\/bagis.tdv.org\/ramazan\/iftar-112\" target=\"_blank\" rel=\"noopener\">iftar<\/a> d\u00fczenlendi.<\/p>\n<p style=\"text-align: justify;\"><a href=\"https:\/\/www.diyanet.gov.tr\/tr-TR\" target=\"_blank\" rel=\"noopener\">Diyanet\u00a0\u0130\u015fleri Ba\u015fkanl\u0131\u011f\u0131<\/a> \u00a0ve <a href=\"https:\/\/tdv.org\/tr-TR\/\" target=\"_blank\" rel=\"noopener\">T\u00fcrkiye\u00a0Diyanet\u00a0Vakf\u0131<\/a> koordinasyonunda kentteki bir d\u00fc\u011f\u00fcn salonunda d\u00fczenlenen program, Kur&#8217;an-\u0131 Kerim tilavetiyle ba\u015flad\u0131.<\/p>\n<p style=\"text-align: justify;\">Programa kat\u0131lan Vali \u00d6mer Kalayl\u0131, <a href=\"https:\/\/bagis.tdv.org\/#ramazan\" target=\"_blank\" rel=\"noopener\">Ramazan<\/a> ay\u0131n\u0131n sadece \u0130slam d\u00fcnyas\u0131n\u0131 de\u011fil, b\u00fct\u00fcn insanl\u0131\u011f\u0131 ku\u015fatan bir rahmet ve bereket iklimi oldu\u011funu s\u00f6yledi.<\/p>\n<p style=\"text-align: justify;\"><a href=\"https:\/\/bagis.tdv.org\/#yetim\" target=\"_blank\" rel=\"noopener\">Yetim<\/a> \u00e7ocuklara sahip \u00e7\u0131kman\u0131n b\u00fcy\u00fck bir sorumluluk oldu\u011funu belirten Kalayl\u0131, &#8220;Toplumumuzun en k\u0131ymetli emanetleri olan <a href=\"https:\/\/bagis.tdv.org\/#yetim\" target=\"_blank\" rel=\"noopener\">yetim<\/a> evlatlar\u0131m\u0131z, bizlere hem insani hem de vicdani sorumluluklar\u0131m\u0131z\u0131 hat\u0131rlatan en de\u011ferli varl\u0131klar\u0131m\u0131zd\u0131r.&#8221; dedi.<\/p>\n<p style=\"text-align: justify;\">\u0130l M\u00fcft\u00fcs\u00fc ve TDV \u015eube Ba\u015fkan\u0131 Alettin Bozkurt da konu\u015fmas\u0131nda <a href=\"https:\/\/bagis.tdv.org\/#yetim\" target=\"_blank\" rel=\"noopener\">yetimlere<\/a> \u015fefkat g\u00f6sterilmesi gerekti\u011fini belirtti.<\/p>\n\n\t\t<style type=\"text\/css\">\n\t\t\t#gallery-1 {\n\t\t\t\tmargin: auto;\n\t\t\t}\n\t\t\t#gallery-1 .gallery-item {\n\t\t\t\tfloat: left;\n\t\t\t\tmargin-top: 10px;\n\t\t\t\ttext-align: center;\n\t\t\t\twidth: 33%;\n\t\t\t}\n\t\t\t#gallery-1 img {\n\t\t\t\tborder: 2px solid #cfcfcf;\n\t\t\t}\n\t\t\t#gallery-1 .gallery-caption {\n\t\t\t\tmargin-left: 0;\n\t\t\t}\n\t\t\t\/* see gallery_shortcode() in wp-includes\/media.php *\/\n\t\t<\/style>\n\t\t<div id='gallery-1' class='gallery galleryid-56003 gallery-columns-3 gallery-size-large'><dl class='gallery-item'>\n\t\t\t<dt class='gallery-icon landscape'>\n\t\t\t\t<a href='https:\/\/tdv.org\/tr-TR\/wp-content\/uploads\/2026\/03\/kiliste-yetim-cocuklar-iftar-programinda-bulustu-1.jpg'><img decoding=\"async\" width=\"1024\" height=\"683\" src=\"https:\/\/tdv.org\/tr-TR\/wp-content\/uploads\/2026\/03\/kiliste-yetim-cocuklar-iftar-programinda-bulustu-1-1024x683.jpg\" class=\"attachment-large size-large\" alt=\"\" aria-describedby=\"gallery-1-56004\" srcset=\"https:\/\/tdv.org\/tr-TR\/wp-content\/uploads\/2026\/03\/kiliste-yetim-cocuklar-iftar-programinda-bulustu-1-1024x683.jpg 1024w, https:\/\/tdv.org\/tr-TR\/wp-content\/uploads\/2026\/03\/kiliste-yetim-cocuklar-iftar-programinda-bulustu-1-300x200.jpg 300w, https:\/\/tdv.org\/tr-TR\/wp-content\/uploads\/2026\/03\/kiliste-yetim-cocuklar-iftar-programinda-bulustu-1-768x512.jpg 768w, https:\/\/tdv.org\/tr-TR\/wp-content\/uploads\/2026\/03\/kiliste-yetim-cocuklar-iftar-programinda-bulustu-1-900x600.jpg 900w, https:\/\/tdv.org\/tr-TR\/wp-content\/uploads\/2026\/03\/kiliste-yetim-cocuklar-iftar-programinda-bulustu-1.jpg 1152w\" sizes=\"(max-width: 1024px) 100vw, 1024px\" \/><\/a>\n\t\t\t<\/dt>\n\t\t\t\t<dd class='wp-caption-text gallery-caption' id='gallery-1-56004'>\n\t\t\t\tKilis\u2019te yetim \u00e7ocuklar iftar program\u0131nda bulu\u015ftu, yeim, unutursan yetim kal\u0131r, yetim himayesi, yetim yard\u0131m\u0131\n\t\t\t\t<\/dd><\/dl><dl class='gallery-item'>\n\t\t\t<dt class='gallery-icon landscape'>\n\t\t\t\t<a href='https:\/\/tdv.org\/tr-TR\/wp-content\/uploads\/2026\/03\/kiliste-yetim-cocuklar-iftar-programinda-bulustu-2.jpg'><img decoding=\"async\" width=\"1024\" height=\"683\" src=\"https:\/\/tdv.org\/tr-TR\/wp-content\/uploads\/2026\/03\/kiliste-yetim-cocuklar-iftar-programinda-bulustu-2-1024x683.jpg\" class=\"attachment-large size-large\" alt=\"\" aria-describedby=\"gallery-1-56005\" srcset=\"https:\/\/tdv.org\/tr-TR\/wp-content\/uploads\/2026\/03\/kiliste-yetim-cocuklar-iftar-programinda-bulustu-2-1024x683.jpg 1024w, https:\/\/tdv.org\/tr-TR\/wp-content\/uploads\/2026\/03\/kiliste-yetim-cocuklar-iftar-programinda-bulustu-2-300x200.jpg 300w, https:\/\/tdv.org\/tr-TR\/wp-content\/uploads\/2026\/03\/kiliste-yetim-cocuklar-iftar-programinda-bulustu-2-768x512.jpg 768w, https:\/\/tdv.org\/tr-TR\/wp-content\/uploads\/2026\/03\/kiliste-yetim-cocuklar-iftar-programinda-bulustu-2-900x600.jpg 900w, https:\/\/tdv.org\/tr-TR\/wp-content\/uploads\/2026\/03\/kiliste-yetim-cocuklar-iftar-programinda-bulustu-2.jpg 1152w\" sizes=\"(max-width: 1024px) 100vw, 1024px\" \/><\/a>\n\t\t\t<\/dt>\n\t\t\t\t<dd class='wp-caption-text gallery-caption' id='gallery-1-56005'>\n\t\t\t\tKilis\u2019te yetim \u00e7ocuklar iftar program\u0131nda bulu\u015ftu, yeim, unutursan yetim kal\u0131r, yetim himayesi, yetim yard\u0131m\u0131\n\t\t\t\t<\/dd><\/dl><dl class='gallery-item'>\n\t\t\t<dt class='gallery-icon landscape'>\n\t\t\t\t<a href='https:\/\/tdv.org\/tr-TR\/wp-content\/uploads\/2026\/03\/kiliste-yetim-cocuklar-iftar-programinda-bulustu-3.jpg'><img decoding=\"async\" width=\"1024\" height=\"683\" src=\"https:\/\/tdv.org\/tr-TR\/wp-content\/uploads\/2026\/03\/kiliste-yetim-cocuklar-iftar-programinda-bulustu-3-1024x683.jpg\" class=\"attachment-large size-large\" alt=\"\" aria-describedby=\"gallery-1-56006\" srcset=\"https:\/\/tdv.org\/tr-TR\/wp-content\/uploads\/2026\/03\/kiliste-yetim-cocuklar-iftar-programinda-bulustu-3-1024x683.jpg 1024w, https:\/\/tdv.org\/tr-TR\/wp-content\/uploads\/2026\/03\/kiliste-yetim-cocuklar-iftar-programinda-bulustu-3-300x200.jpg 300w, https:\/\/tdv.org\/tr-TR\/wp-content\/uploads\/2026\/03\/kiliste-yetim-cocuklar-iftar-programinda-bulustu-3-768x512.jpg 768w, https:\/\/tdv.org\/tr-TR\/wp-content\/uploads\/2026\/03\/kiliste-yetim-cocuklar-iftar-programinda-bulustu-3-900x600.jpg 900w, https:\/\/tdv.org\/tr-TR\/wp-content\/uploads\/2026\/03\/kiliste-yetim-cocuklar-iftar-programinda-bulustu-3.jpg 1152w\" sizes=\"(max-width: 1024px) 100vw, 1024px\" \/><\/a>\n\t\t\t<\/dt>\n\t\t\t\t<dd class='wp-caption-text gallery-caption' id='gallery-1-56006'>\n\t\t\t\tKilis\u2019te yetim \u00e7ocuklar iftar program\u0131nda bulu\u015ftu, yeim, unutursan yetim kal\u0131r, yetim himayesi, yetim yard\u0131m\u0131\n\t\t\t\t<\/dd><\/dl><br style=\"clear: both\" \/><dl class='gallery-item'>\n\t\t\t<dt class='gallery-icon landscape'>\n\t\t\t\t<a href='https:\/\/tdv.org\/tr-TR\/wp-content\/uploads\/2026\/03\/kiliste-yetim-cocuklar-iftar-programinda-bulustu-4.jpg'><img decoding=\"async\" width=\"1024\" height=\"683\" src=\"https:\/\/tdv.org\/tr-TR\/wp-content\/uploads\/2026\/03\/kiliste-yetim-cocuklar-iftar-programinda-bulustu-4-1024x683.jpg\" class=\"attachment-large size-large\" alt=\"\" aria-describedby=\"gallery-1-56007\" srcset=\"https:\/\/tdv.org\/tr-TR\/wp-content\/uploads\/2026\/03\/kiliste-yetim-cocuklar-iftar-programinda-bulustu-4-1024x683.jpg 1024w, https:\/\/tdv.org\/tr-TR\/wp-content\/uploads\/2026\/03\/kiliste-yetim-cocuklar-iftar-programinda-bulustu-4-300x200.jpg 300w, https:\/\/tdv.org\/tr-TR\/wp-content\/uploads\/2026\/03\/kiliste-yetim-cocuklar-iftar-programinda-bulustu-4-768x512.jpg 768w, https:\/\/tdv.org\/tr-TR\/wp-content\/uploads\/2026\/03\/kiliste-yetim-cocuklar-iftar-programinda-bulustu-4-900x600.jpg 900w, https:\/\/tdv.org\/tr-TR\/wp-content\/uploads\/2026\/03\/kiliste-yetim-cocuklar-iftar-programinda-bulustu-4.jpg 1152w\" sizes=\"(max-width: 1024px) 100vw, 1024px\" \/><\/a>\n\t\t\t<\/dt>\n\t\t\t\t<dd class='wp-caption-text gallery-caption' id='gallery-1-56007'>\n\t\t\t\tKilis\u2019te yetim \u00e7ocuklar iftar program\u0131nda bulu\u015ftu, yeim, unutursan yetim kal\u0131r, yetim himayesi, yetim yard\u0131m\u0131\n\t\t\t\t<\/dd><\/dl><dl class='gallery-item'>\n\t\t\t<dt class='gallery-icon landscape'>\n\t\t\t\t<a href='https:\/\/tdv.org\/tr-TR\/wp-content\/uploads\/2026\/03\/kiliste-yetim-cocuklar-iftar-programinda-bulustu-5.jpg'><img decoding=\"async\" width=\"1024\" height=\"683\" src=\"https:\/\/tdv.org\/tr-TR\/wp-content\/uploads\/2026\/03\/kiliste-yetim-cocuklar-iftar-programinda-bulustu-5-1024x683.jpg\" class=\"attachment-large size-large\" alt=\"\" aria-describedby=\"gallery-1-56008\" srcset=\"https:\/\/tdv.org\/tr-TR\/wp-content\/uploads\/2026\/03\/kiliste-yetim-cocuklar-iftar-programinda-bulustu-5-1024x683.jpg 1024w, https:\/\/tdv.org\/tr-TR\/wp-content\/uploads\/2026\/03\/kiliste-yetim-cocuklar-iftar-programinda-bulustu-5-300x200.jpg 300w, https:\/\/tdv.org\/tr-TR\/wp-content\/uploads\/2026\/03\/kiliste-yetim-cocuklar-iftar-programinda-bulustu-5-768x512.jpg 768w, https:\/\/tdv.org\/tr-TR\/wp-content\/uploads\/2026\/03\/kiliste-yetim-cocuklar-iftar-programinda-bulustu-5-900x600.jpg 900w, https:\/\/tdv.org\/tr-TR\/wp-content\/uploads\/2026\/03\/kiliste-yetim-cocuklar-iftar-programinda-bulustu-5.jpg 1152w\" sizes=\"(max-width: 1024px) 100vw, 1024px\" \/><\/a>\n\t\t\t<\/dt>\n\t\t\t\t<dd class='wp-caption-text gallery-caption' id='gallery-1-56008'>\n\t\t\t\tKilis\u2019te yetim \u00e7ocuklar iftar program\u0131nda bulu\u015ftu, yeim, unutursan yetim kal\u0131r, yetim himayesi, yetim yard\u0131m\u0131\n\t\t\t\t<\/dd><\/dl><dl class='gallery-item'>\n\t\t\t<dt class='gallery-icon landscape'>\n\t\t\t\t<a href='https:\/\/tdv.org\/tr-TR\/wp-content\/uploads\/2026\/03\/kiliste-yetim-cocuklar-iftar-programinda-bulustu-6.jpg'><img decoding=\"async\" width=\"1024\" height=\"683\" src=\"https:\/\/tdv.org\/tr-TR\/wp-content\/uploads\/2026\/03\/kiliste-yetim-cocuklar-iftar-programinda-bulustu-6-1024x683.jpg\" class=\"attachment-large size-large\" alt=\"\" aria-describedby=\"gallery-1-56009\" srcset=\"https:\/\/tdv.org\/tr-TR\/wp-content\/uploads\/2026\/03\/kiliste-yetim-cocuklar-iftar-programinda-bulustu-6-1024x683.jpg 1024w, https:\/\/tdv.org\/tr-TR\/wp-content\/uploads\/2026\/03\/kiliste-yetim-cocuklar-iftar-programinda-bulustu-6-300x200.jpg 300w, https:\/\/tdv.org\/tr-TR\/wp-content\/uploads\/2026\/03\/kiliste-yetim-cocuklar-iftar-programinda-bulustu-6-768x512.jpg 768w, https:\/\/tdv.org\/tr-TR\/wp-content\/uploads\/2026\/03\/kiliste-yetim-cocuklar-iftar-programinda-bulustu-6-900x600.jpg 900w, https:\/\/tdv.org\/tr-TR\/wp-content\/uploads\/2026\/03\/kiliste-yetim-cocuklar-iftar-programinda-bulustu-6.jpg 1152w\" sizes=\"(max-width: 1024px) 100vw, 1024px\" \/><\/a>\n\t\t\t<\/dt>\n\t\t\t\t<dd class='wp-caption-text gallery-caption' id='gallery-1-56009'>\n\t\t\t\tKilis\u2019te yetim \u00e7ocuklar iftar program\u0131nda bulu\u015ftu, yeim, unutursan yetim kal\u0131r, yetim himayesi, yetim yard\u0131m\u0131\n\t\t\t\t<\/dd><\/dl><br style=\"clear: both\" \/>\n\t\t<\/div>\n\n","protected":false},"excerpt":{"rendered":"<p>Kilis\u2019te D\u00fcnya Yetimler G\u00fcn\u00fc dolay\u0131s\u0131yla yetimler ve yak\u0131nlar\u0131 i\u00e7in iftar d\u00fczenlendi. Diyanet\u00a0\u0130\u015fleri Ba\u015fkanl\u0131\u011f\u0131 \u00a0ve T\u00fcrkiye\u00a0Diyanet\u00a0Vakf\u0131 koordinasyonunda kentteki bir d\u00fc\u011f\u00fcn salonunda d\u00fczenlenen program, Kur&#8217;an-\u0131 Kerim tilavetiyle ba\u015flad\u0131. Programa kat\u0131lan Vali \u00d6mer&#8230;<\/p>\n","protected":false},"author":8,"featured_media":56006,"comment_status":"closed","ping_status":"closed","sticky":false,"template":"","format":"standard","meta":{"footnotes":""},"categories":[1],"tags":[119,1774,2108,697,1244],"class_list":{"0":"post-56003","1":"post","2":"type-post","3":"status-publish","4":"format-standard","5":"has-post-thumbnail","7":"category-haberler","8":"tag-iftar","9":"tag-iftar-bulismasi","10":"tag-iftar-cadiri","11":"tag-iftar-paketi","12":"tag-iftarlik"},"yoast_head":"<!-- This site is optimized with the Yoast SEO plugin v27.5 - https:\/\/yoast.com\/product\/yoast-seo-wordpress\/ -->\n<title>Kilis\u2019te yetim \u00e7ocuklar iftar program\u0131nda bulu\u015ftu<\/title>\n<meta name=\"description\" content=\"Kilis\u2019te D\u00fcnya Yetimler G\u00fcn\u00fc dolay\u0131s\u0131yla yetimler ve yak\u0131nlar\u0131 i\u00e7in iftar d\u00fczenlendi.\" \/>\n<meta name=\"robots\" content=\"index, follow, max-snippet:-1, max-image-preview:large, max-video-preview:-1\" \/>\n<link rel=\"canonical\" href=\"https:\/\/tdv.org\/tr-TR\/kiliste-yetim-cocuklar-iftar-programinda-bulustu\/\" \/>\n<meta property=\"og:locale\" content=\"tr_TR\" \/>\n<meta property=\"og:type\" content=\"article\" \/>\n<meta property=\"og:title\" content=\"Kilis\u2019te yetim \u00e7ocuklar iftar program\u0131nda bulu\u015ftu\" \/>\n<meta property=\"og:description\" content=\"Kilis\u2019te D\u00fcnya Yetimler G\u00fcn\u00fc dolay\u0131s\u0131yla yetimler ve yak\u0131nlar\u0131 i\u00e7in iftar d\u00fczenlendi.\" \/>\n<meta property=\"og:url\" content=\"https:\/\/tdv.org\/tr-TR\/kiliste-yetim-cocuklar-iftar-programinda-bulustu\/\" \/>\n<meta property=\"og:site_name\" content=\"T\u00fcrkiye Diyanet Vakf\u0131 Resmi Web Sitesi\" \/>\n<meta property=\"article:publisher\" content=\"https:\/\/www.facebook.com\/Diyanetvakfi\/\" \/>\n<meta property=\"article:published_time\" content=\"2026-03-06T07:41:53+00:00\" \/>\n<meta property=\"og:image\" content=\"https:\/\/tdv.org\/tr-TR\/wp-content\/uploads\/2026\/03\/kiliste-yetim-cocuklar-iftar-programinda-bulustu-3.jpg\" \/>\n\t<meta property=\"og:image:width\" content=\"1152\" \/>\n\t<meta property=\"og:image:height\" content=\"768\" \/>\n\t<meta property=\"og:image:type\" content=\"image\/jpeg\" \/>\n<meta name=\"author\" content=\"Selim\" \/>\n<meta name=\"twitter:card\" content=\"summary_large_image\" \/>\n<meta name=\"twitter:creator\" content=\"@DiyanetVakfi\" \/>\n<meta name=\"twitter:site\" content=\"@DiyanetVakfi\" \/>\n<script type=\"application\/ld+json\" class=\"yoast-schema-graph\">{\"@context\":\"https:\\\/\\\/schema.org\",\"@graph\":[{\"@type\":\"Article\",\"@id\":\"https:\\\/\\\/tdv.org\\\/tr-TR\\\/kiliste-yetim-cocuklar-iftar-programinda-bulustu\\\/#article\",\"isPartOf\":{\"@id\":\"https:\\\/\\\/tdv.org\\\/tr-TR\\\/kiliste-yetim-cocuklar-iftar-programinda-bulustu\\\/\"},\"author\":{\"name\":\"Selim\",\"@id\":\"https:\\\/\\\/tdv.org\\\/tr-TR\\\/#\\\/schema\\\/person\\\/752b55e264a99273d55636516d96d5eb\"},\"headline\":\"Kilis\u2019te yetim \u00e7ocuklar iftar program\u0131nda bulu\u015ftu\",\"datePublished\":\"2026-03-06T07:41:53+00:00\",\"mainEntityOfPage\":{\"@id\":\"https:\\\/\\\/tdv.org\\\/tr-TR\\\/kiliste-yetim-cocuklar-iftar-programinda-bulustu\\\/\"},\"wordCount\":156,\"publisher\":{\"@id\":\"https:\\\/\\\/tdv.org\\\/tr-TR\\\/#organization\"},\"image\":{\"@id\":\"https:\\\/\\\/tdv.org\\\/tr-TR\\\/kiliste-yetim-cocuklar-iftar-programinda-bulustu\\\/#primaryimage\"},\"thumbnailUrl\":\"https:\\\/\\\/tdv.org\\\/tr-TR\\\/wp-content\\\/uploads\\\/2026\\\/03\\\/kiliste-yetim-cocuklar-iftar-programinda-bulustu-3.jpg\",\"keywords\":[\"iftar\",\"iftar bul\u0131\u015fmas\u0131\",\"iftar \u00e7ad\u0131r\u0131\",\"iftar paketi\",\"iftarl\u0131k\"],\"articleSection\":[\"Haberler\"],\"inLanguage\":\"tr\"},{\"@type\":\"WebPage\",\"@id\":\"https:\\\/\\\/tdv.org\\\/tr-TR\\\/kiliste-yetim-cocuklar-iftar-programinda-bulustu\\\/\",\"url\":\"https:\\\/\\\/tdv.org\\\/tr-TR\\\/kiliste-yetim-cocuklar-iftar-programinda-bulustu\\\/\",\"name\":\"Kilis\u2019te yetim \u00e7ocuklar iftar program\u0131nda bulu\u015ftu\",\"isPartOf\":{\"@id\":\"https:\\\/\\\/tdv.org\\\/tr-TR\\\/#website\"},\"primaryImageOfPage\":{\"@id\":\"https:\\\/\\\/tdv.org\\\/tr-TR\\\/kiliste-yetim-cocuklar-iftar-programinda-bulustu\\\/#primaryimage\"},\"image\":{\"@id\":\"https:\\\/\\\/tdv.org\\\/tr-TR\\\/kiliste-yetim-cocuklar-iftar-programinda-bulustu\\\/#primaryimage\"},\"thumbnailUrl\":\"https:\\\/\\\/tdv.org\\\/tr-TR\\\/wp-content\\\/uploads\\\/2026\\\/03\\\/kiliste-yetim-cocuklar-iftar-programinda-bulustu-3.jpg\",\"datePublished\":\"2026-03-06T07:41:53+00:00\",\"description\":\"Kilis\u2019te D\u00fcnya Yetimler G\u00fcn\u00fc dolay\u0131s\u0131yla yetimler ve yak\u0131nlar\u0131 i\u00e7in iftar d\u00fczenlendi.\",\"breadcrumb\":{\"@id\":\"https:\\\/\\\/tdv.org\\\/tr-TR\\\/kiliste-yetim-cocuklar-iftar-programinda-bulustu\\\/#breadcrumb\"},\"inLanguage\":\"tr\",\"potentialAction\":[{\"@type\":\"ReadAction\",\"target\":[\"https:\\\/\\\/tdv.org\\\/tr-TR\\\/kiliste-yetim-cocuklar-iftar-programinda-bulustu\\\/\"]}]},{\"@type\":\"ImageObject\",\"inLanguage\":\"tr\",\"@id\":\"https:\\\/\\\/tdv.org\\\/tr-TR\\\/kiliste-yetim-cocuklar-iftar-programinda-bulustu\\\/#primaryimage\",\"url\":\"https:\\\/\\\/tdv.org\\\/tr-TR\\\/wp-content\\\/uploads\\\/2026\\\/03\\\/kiliste-yetim-cocuklar-iftar-programinda-bulustu-3.jpg\",\"contentUrl\":\"https:\\\/\\\/tdv.org\\\/tr-TR\\\/wp-content\\\/uploads\\\/2026\\\/03\\\/kiliste-yetim-cocuklar-iftar-programinda-bulustu-3.jpg\",\"width\":1152,\"height\":768,\"caption\":\"Kilis\u2019te yetim \u00e7ocuklar iftar program\u0131nda bulu\u015ftu, yeim, unutursan yetim kal\u0131r, yetim himayesi, yetim yard\u0131m\u0131\"},{\"@type\":\"BreadcrumbList\",\"@id\":\"https:\\\/\\\/tdv.org\\\/tr-TR\\\/kiliste-yetim-cocuklar-iftar-programinda-bulustu\\\/#breadcrumb\",\"itemListElement\":[{\"@type\":\"ListItem\",\"position\":1,\"name\":\"Anasayfa\",\"item\":\"https:\\\/\\\/tdv.org\\\/tr-TR\\\/\"},{\"@type\":\"ListItem\",\"position\":2,\"name\":\"Kilis\u2019te yetim \u00e7ocuklar iftar program\u0131nda bulu\u015ftu\"}]},{\"@type\":\"WebSite\",\"@id\":\"https:\\\/\\\/tdv.org\\\/tr-TR\\\/#website\",\"url\":\"https:\\\/\\\/tdv.org\\\/tr-TR\\\/\",\"name\":\"T\u00fcrkiye Diyanet Vakf\u0131 Resmi Web Sitesi\",\"description\":\"Yery\u00fcz\u00fcnde iyilik egemen oluncaya kadar\",\"publisher\":{\"@id\":\"https:\\\/\\\/tdv.org\\\/tr-TR\\\/#organization\"},\"alternateName\":\"T\u00fcrkiye Diyanet Vakf\u0131\",\"potentialAction\":[{\"@type\":\"SearchAction\",\"target\":{\"@type\":\"EntryPoint\",\"urlTemplate\":\"https:\\\/\\\/tdv.org\\\/tr-TR\\\/?s={search_term_string}\"},\"query-input\":{\"@type\":\"PropertyValueSpecification\",\"valueRequired\":true,\"valueName\":\"search_term_string\"}}],\"inLanguage\":\"tr\"},{\"@type\":\"Organization\",\"@id\":\"https:\\\/\\\/tdv.org\\\/tr-TR\\\/#organization\",\"name\":\"T\u00fcrkiye Diyanet Vakf\u0131\",\"alternateName\":\"T\u00fcrkiye Diyanet Vakf\u0131\",\"url\":\"https:\\\/\\\/tdv.org\\\/tr-TR\\\/\",\"logo\":{\"@type\":\"ImageObject\",\"inLanguage\":\"tr\",\"@id\":\"https:\\\/\\\/tdv.org\\\/tr-TR\\\/#\\\/schema\\\/logo\\\/image\\\/\",\"url\":\"https:\\\/\\\/tdv.org\\\/tr-TR\\\/wp-content\\\/uploads\\\/2018\\\/12\\\/TDV_Logo_1.png\",\"contentUrl\":\"https:\\\/\\\/tdv.org\\\/tr-TR\\\/wp-content\\\/uploads\\\/2018\\\/12\\\/TDV_Logo_1.png\",\"width\":207,\"height\":71,\"caption\":\"T\u00fcrkiye Diyanet Vakf\u0131\"},\"image\":{\"@id\":\"https:\\\/\\\/tdv.org\\\/tr-TR\\\/#\\\/schema\\\/logo\\\/image\\\/\"},\"sameAs\":[\"https:\\\/\\\/www.facebook.com\\\/Diyanetvakfi\\\/\",\"https:\\\/\\\/x.com\\\/DiyanetVakfi\",\"https:\\\/\\\/www.instagram.com\\\/turkiyediyanetvakfi\\\/\",\"https:\\\/\\\/www.youtube.com\\\/user\\\/TurkiyeDiyanetVakfi\"]},{\"@type\":\"Person\",\"@id\":\"https:\\\/\\\/tdv.org\\\/tr-TR\\\/#\\\/schema\\\/person\\\/752b55e264a99273d55636516d96d5eb\",\"name\":\"Selim\",\"image\":{\"@type\":\"ImageObject\",\"inLanguage\":\"tr\",\"@id\":\"https:\\\/\\\/tdv.org\\\/tr-TR\\\/wp-content\\\/litespeed\\\/avatar\\\/a1e47b25396e98e5b781e88a5396cd96.jpg?ver=1777287391\",\"url\":\"https:\\\/\\\/tdv.org\\\/tr-TR\\\/wp-content\\\/litespeed\\\/avatar\\\/a1e47b25396e98e5b781e88a5396cd96.jpg?ver=1777287391\",\"contentUrl\":\"https:\\\/\\\/tdv.org\\\/tr-TR\\\/wp-content\\\/litespeed\\\/avatar\\\/a1e47b25396e98e5b781e88a5396cd96.jpg?ver=1777287391\",\"caption\":\"Selim\"}}]}<\/script>\n<!-- \/ Yoast SEO plugin. -->","yoast_head_json":{"title":"Kilis\u2019te yetim \u00e7ocuklar iftar program\u0131nda bulu\u015ftu","description":"Kilis\u2019te D\u00fcnya Yetimler G\u00fcn\u00fc dolay\u0131s\u0131yla yetimler ve yak\u0131nlar\u0131 i\u00e7in iftar d\u00fczenlendi.","robots":{"index":"index","follow":"follow","max-snippet":"max-snippet:-1","max-image-preview":"max-image-preview:large","max-video-preview":"max-video-preview:-1"},"canonical":"https:\/\/tdv.org\/tr-TR\/kiliste-yetim-cocuklar-iftar-programinda-bulustu\/","og_locale":"tr_TR","og_type":"article","og_title":"Kilis\u2019te yetim \u00e7ocuklar iftar program\u0131nda bulu\u015ftu","og_description":"Kilis\u2019te D\u00fcnya Yetimler G\u00fcn\u00fc dolay\u0131s\u0131yla yetimler ve yak\u0131nlar\u0131 i\u00e7in iftar d\u00fczenlendi.","og_url":"https:\/\/tdv.org\/tr-TR\/kiliste-yetim-cocuklar-iftar-programinda-bulustu\/","og_site_name":"T\u00fcrkiye Diyanet Vakf\u0131 Resmi Web Sitesi","article_publisher":"https:\/\/www.facebook.com\/Diyanetvakfi\/","article_published_time":"2026-03-06T07:41:53+00:00","og_image":[{"width":1152,"height":768,"url":"https:\/\/tdv.org\/tr-TR\/wp-content\/uploads\/2026\/03\/kiliste-yetim-cocuklar-iftar-programinda-bulustu-3.jpg","type":"image\/jpeg"}],"author":"Selim","twitter_card":"summary_large_image","twitter_creator":"@DiyanetVakfi","twitter_site":"@DiyanetVakfi","schema":{"@context":"https:\/\/schema.org","@graph":[{"@type":"Article","@id":"https:\/\/tdv.org\/tr-TR\/kiliste-yetim-cocuklar-iftar-programinda-bulustu\/#article","isPartOf":{"@id":"https:\/\/tdv.org\/tr-TR\/kiliste-yetim-cocuklar-iftar-programinda-bulustu\/"},"author":{"name":"Selim","@id":"https:\/\/tdv.org\/tr-TR\/#\/schema\/person\/752b55e264a99273d55636516d96d5eb"},"headline":"Kilis\u2019te yetim \u00e7ocuklar iftar program\u0131nda bulu\u015ftu","datePublished":"2026-03-06T07:41:53+00:00","mainEntityOfPage":{"@id":"https:\/\/tdv.org\/tr-TR\/kiliste-yetim-cocuklar-iftar-programinda-bulustu\/"},"wordCount":156,"publisher":{"@id":"https:\/\/tdv.org\/tr-TR\/#organization"},"image":{"@id":"https:\/\/tdv.org\/tr-TR\/kiliste-yetim-cocuklar-iftar-programinda-bulustu\/#primaryimage"},"thumbnailUrl":"https:\/\/tdv.org\/tr-TR\/wp-content\/uploads\/2026\/03\/kiliste-yetim-cocuklar-iftar-programinda-bulustu-3.jpg","keywords":["iftar","iftar bul\u0131\u015fmas\u0131","iftar \u00e7ad\u0131r\u0131","iftar paketi","iftarl\u0131k"],"articleSection":["Haberler"],"inLanguage":"tr"},{"@type":"WebPage","@id":"https:\/\/tdv.org\/tr-TR\/kiliste-yetim-cocuklar-iftar-programinda-bulustu\/","url":"https:\/\/tdv.org\/tr-TR\/kiliste-yetim-cocuklar-iftar-programinda-bulustu\/","name":"Kilis\u2019te yetim \u00e7ocuklar iftar program\u0131nda bulu\u015ftu","isPartOf":{"@id":"https:\/\/tdv.org\/tr-TR\/#website"},"primaryImageOfPage":{"@id":"https:\/\/tdv.org\/tr-TR\/kiliste-yetim-cocuklar-iftar-programinda-bulustu\/#primaryimage"},"image":{"@id":"https:\/\/tdv.org\/tr-TR\/kiliste-yetim-cocuklar-iftar-programinda-bulustu\/#primaryimage"},"thumbnailUrl":"https:\/\/tdv.org\/tr-TR\/wp-content\/uploads\/2026\/03\/kiliste-yetim-cocuklar-iftar-programinda-bulustu-3.jpg","datePublished":"2026-03-06T07:41:53+00:00","description":"Kilis\u2019te D\u00fcnya Yetimler G\u00fcn\u00fc dolay\u0131s\u0131yla yetimler ve yak\u0131nlar\u0131 i\u00e7in iftar d\u00fczenlendi.","breadcrumb":{"@id":"https:\/\/tdv.org\/tr-TR\/kiliste-yetim-cocuklar-iftar-programinda-bulustu\/#breadcrumb"},"inLanguage":"tr","potentialAction":[{"@type":"ReadAction","target":["https:\/\/tdv.org\/tr-TR\/kiliste-yetim-cocuklar-iftar-programinda-bulustu\/"]}]},{"@type":"ImageObject","inLanguage":"tr","@id":"https:\/\/tdv.org\/tr-TR\/kiliste-yetim-cocuklar-iftar-programinda-bulustu\/#primaryimage","url":"https:\/\/tdv.org\/tr-TR\/wp-content\/uploads\/2026\/03\/kiliste-yetim-cocuklar-iftar-programinda-bulustu-3.jpg","contentUrl":"https:\/\/tdv.org\/tr-TR\/wp-content\/uploads\/2026\/03\/kiliste-yetim-cocuklar-iftar-programinda-bulustu-3.jpg","width":1152,"height":768,"caption":"Kilis\u2019te yetim \u00e7ocuklar iftar program\u0131nda bulu\u015ftu, yeim, unutursan yetim kal\u0131r, yetim himayesi, yetim yard\u0131m\u0131"},{"@type":"BreadcrumbList","@id":"https:\/\/tdv.org\/tr-TR\/kiliste-yetim-cocuklar-iftar-programinda-bulustu\/#breadcrumb","itemListElement":[{"@type":"ListItem","position":1,"name":"Anasayfa","item":"https:\/\/tdv.org\/tr-TR\/"},{"@type":"ListItem","position":2,"name":"Kilis\u2019te yetim \u00e7ocuklar iftar program\u0131nda bulu\u015ftu"}]},{"@type":"WebSite","@id":"https:\/\/tdv.org\/tr-TR\/#website","url":"https:\/\/tdv.org\/tr-TR\/","name":"T\u00fcrkiye Diyanet Vakf\u0131 Resmi Web Sitesi","description":"Yery\u00fcz\u00fcnde iyilik egemen oluncaya kadar","publisher":{"@id":"https:\/\/tdv.org\/tr-TR\/#organization"},"alternateName":"T\u00fcrkiye Diyanet Vakf\u0131","potentialAction":[{"@type":"SearchAction","target":{"@type":"EntryPoint","urlTemplate":"https:\/\/tdv.org\/tr-TR\/?s={search_term_string}"},"query-input":{"@type":"PropertyValueSpecification","valueRequired":true,"valueName":"search_term_string"}}],"inLanguage":"tr"},{"@type":"Organization","@id":"https:\/\/tdv.org\/tr-TR\/#organization","name":"T\u00fcrkiye Diyanet Vakf\u0131","alternateName":"T\u00fcrkiye Diyanet Vakf\u0131","url":"https:\/\/tdv.org\/tr-TR\/","logo":{"@type":"ImageObject","inLanguage":"tr","@id":"https:\/\/tdv.org\/tr-TR\/#\/schema\/logo\/image\/","url":"https:\/\/tdv.org\/tr-TR\/wp-content\/uploads\/2018\/12\/TDV_Logo_1.png","contentUrl":"https:\/\/tdv.org\/tr-TR\/wp-content\/uploads\/2018\/12\/TDV_Logo_1.png","width":207,"height":71,"caption":"T\u00fcrkiye Diyanet Vakf\u0131"},"image":{"@id":"https:\/\/tdv.org\/tr-TR\/#\/schema\/logo\/image\/"},"sameAs":["https:\/\/www.facebook.com\/Diyanetvakfi\/","https:\/\/x.com\/DiyanetVakfi","https:\/\/www.instagram.com\/turkiyediyanetvakfi\/","https:\/\/www.youtube.com\/user\/TurkiyeDiyanetVakfi"]},{"@type":"Person","@id":"https:\/\/tdv.org\/tr-TR\/#\/schema\/person\/752b55e264a99273d55636516d96d5eb","name":"Selim","image":{"@type":"ImageObject","inLanguage":"tr","@id":"https:\/\/tdv.org\/tr-TR\/wp-content\/litespeed\/avatar\/a1e47b25396e98e5b781e88a5396cd96.jpg?ver=1777287391","url":"https:\/\/tdv.org\/tr-TR\/wp-content\/litespeed\/avatar\/a1e47b25396e98e5b781e88a5396cd96.jpg?ver=1777287391","contentUrl":"https:\/\/tdv.org\/tr-TR\/wp-content\/litespeed\/avatar\/a1e47b25396e98e5b781e88a5396cd96.jpg?ver=1777287391","caption":"Selim"}}]}},"_links":{"self":[{"href":"https:\/\/tdv.org\/tr-TR\/wp-json\/wp\/v2\/posts\/56003","targetHints":{"allow":["GET"]}}],"collection":[{"href":"https:\/\/tdv.org\/tr-TR\/wp-json\/wp\/v2\/posts"}],"about":[{"href":"https:\/\/tdv.org\/tr-TR\/wp-json\/wp\/v2\/types\/post"}],"author":[{"embeddable":true,"href":"https:\/\/tdv.org\/tr-TR\/wp-json\/wp\/v2\/users\/8"}],"replies":[{"embeddable":true,"href":"https:\/\/tdv.org\/tr-TR\/wp-json\/wp\/v2\/comments?post=56003"}],"version-history":[{"count":2,"href":"https:\/\/tdv.org\/tr-TR\/wp-json\/wp\/v2\/posts\/56003\/revisions"}],"predecessor-version":[{"id":56011,"href":"https:\/\/tdv.org\/tr-TR\/wp-json\/wp\/v2\/posts\/56003\/revisions\/56011"}],"wp:featuredmedia":[{"embeddable":true,"href":"https:\/\/tdv.org\/tr-TR\/wp-json\/wp\/v2\/media\/56006"}],"wp:attachment":[{"href":"https:\/\/tdv.org\/tr-TR\/wp-json\/wp\/v2\/media?parent=56003"}],"wp:term":[{"taxonomy":"category","embeddable":true,"href":"https:\/\/tdv.org\/tr-TR\/wp-json\/wp\/v2\/categories?post=56003"},{"taxonomy":"post_tag","embeddable":true,"href":"https:\/\/tdv.org\/tr-TR\/wp-json\/wp\/v2\/tags?post=56003"}],"curies":[{"name":"wp","href":"https:\/\/api.w.org\/{rel}","templated":true}]}}