{"id":56021,"date":"2026-03-06T14:03:31","date_gmt":"2026-03-06T11:03:31","guid":{"rendered":"https:\/\/tdv.org\/tr-TR\/?p=56021"},"modified":"2026-03-06T14:03:31","modified_gmt":"2026-03-06T11:03:31","slug":"tdv-somalide-yetim-cocuklarin-yuzunu-guldurdu","status":"publish","type":"post","link":"https:\/\/tdv.org\/tr-TR\/tdv-somalide-yetim-cocuklarin-yuzunu-guldurdu\/","title":{"rendered":"TDV Somali&#8217;de yetim \u00e7ocuklar\u0131n y\u00fcz\u00fcn\u00fc g\u00fcld\u00fcrd\u00fc"},"content":{"rendered":"<p style=\"text-align: justify;\"><a href=\"https:\/\/bagis.tdv.org\/#ramazan\" target=\"_blank\" rel=\"noopener\">Ramazan<\/a>da da Somali&#8217;de yard\u0131m faaliyetlerini s\u00fcrd\u00fcren <a href=\"https:\/\/tdv.org\/tr-TR\/\" target=\"_blank\" rel=\"noopener\">T\u00fcrkiye\u00a0Diyanet\u00a0Vakf\u0131<\/a> (TDV), yetimhanelerde kalan 2 bin 50 \u00e7ocu\u011fa <a href=\"https:\/\/bagis.tdv.org\/ramazan\/bayramlik-22\" target=\"_blank\" rel=\"noopener\">bayraml\u0131k<\/a> giysi ula\u015ft\u0131rd\u0131.<\/p>\n<p style=\"text-align: justify;\">TDV, Diyanet \u0130\u015fleri T\u00fcrk \u0130slam Birli\u011fi (D\u0130T\u0130B) i\u015f birli\u011finde, &#8220;Karde\u015flerini Unutma, Beklenen Sensin&#8221; temas\u0131yla 2026 y\u0131l\u0131 <a href=\"https:\/\/bagis.tdv.org\/#ramazan\" target=\"_blank\" rel=\"noopener\">ramazan<\/a> ay\u0131 yard\u0131m programlar\u0131 kapsam\u0131nda yerel halk\u0131n ihtiya\u00e7lar\u0131n\u0131 belirleyerek \u00f6nemli ad\u0131mlar at\u0131yor.<\/p>\n<p style=\"text-align: justify;\">Bu kapsamda hay\u0131rseverlerin deste\u011fiyle Somali&#8217;de \u00e7o\u011funlu\u011fu <a href=\"https:\/\/bagis.tdv.org\/#yetim\" target=\"_blank\" rel=\"noopener\">yetimhanelerde<\/a> kalan 2 bin 50 \u00e7ocu\u011fun \u00f6l\u00e7\u00fcleri al\u0131narak, bayram k\u0131yafetleri haz\u0131rland\u0131.<\/p>\n<p style=\"text-align: justify;\">Erkek ve k\u0131z \u00e7ocuklar\u0131 i\u00e7in ayr\u0131 ayr\u0131 haz\u0131rlanan k\u0131yafetler, T\u00fcrkiye&#8217;nin Mogadi\u015fu B\u00fcy\u00fckel\u00e7ili\u011fi Din Hizmetleri M\u00fc\u015faviri \u00d6mer Faruk Arslan, TDV Somali Temsilcisi Osman T\u00fcrk ve g\u00f6n\u00fcll\u00fcler taraf\u0131ndan, 9 farkl\u0131 b\u00f6lgedeki <a href=\"https:\/\/bagis.tdv.org\/#yetim\" target=\"_blank\" rel=\"noopener\">yetimhanelerde<\/a> kalan \u00e7ocuklara da\u011f\u0131t\u0131ld\u0131.<\/p>\n<p style=\"text-align: justify;\">G\u00f6revliler yak\u0131ndan ilgilendikleri \u00e7ocuklara \u015feker, balon ve k\u0131rtasiye malzemesi de hediye etti.<\/p>\n<p style=\"text-align: justify;\"><strong>\u00a0&#8220;\u00c7ocuklar\u0131n belki de ilk bayraml\u0131klar\u0131&#8221;<\/strong><\/p>\n<p style=\"text-align: justify;\">T\u00fcrkiye&#8217;nin Mogadi\u015fu B\u00fcy\u00fckel\u00e7ili\u011fi Din Hizmetleri M\u00fc\u015faviri Arslan, \u00a0Vakf\u0131n Afrika&#8217;n\u0131n do\u011fusunda Somali&#8217;de 2026 y\u0131l\u0131 <a href=\"https:\/\/bagis.tdv.org\/#ramazan\" target=\"_blank\" rel=\"noopener\">ramazan<\/a> faaliyetlerine devam etti\u011fini s\u00f6yledi.<\/p>\n<p style=\"text-align: justify;\">Bu kapsamda pek \u00e7ok alanda yapt\u0131klar\u0131 \u00e7al\u0131\u015fmalar\u0131n yan\u0131nda \u00e7ocuklar i\u00e7in <a href=\"https:\/\/bagis.tdv.org\/ramazan\/bayramlik-22\">bayraml\u0131k<\/a> da\u011f\u0131t\u0131m\u0131 da ger\u00e7ekle\u015ftirdiklerini ifade eden Arslan, \u015f\u00f6yle konu\u015ftu:<\/p>\n<p style=\"text-align: justify;\">&#8220;Burada <a href=\"https:\/\/bagis.tdv.org\/#yetim\" target=\"_blank\" rel=\"noopener\">yetim<\/a> \u00e7ocuklar\u0131m\u0131za bayram sevincini bir nebze olsun ya\u015fatabilmek i\u00e7in bedenlerine uygun k\u0131yafetler haz\u0131rlad\u0131k, \u00f6zenle paketledik ve kendilerine takdim ediyoruz. \u00c7ocuklar\u0131m\u0131z\u0131n y\u00fczlerindeki g\u00fcl\u00fcmsemeyi g\u00f6r\u00fcyor olmaktan da b\u00fcy\u00fck mutluluk duyduk. Somali genelinde 2 bin 50 yetim \u00e7ocu\u011fumuza <a href=\"https:\/\/bagis.tdv.org\/#ramazan\" target=\"_blank\" rel=\"noopener\">Ramazan<\/a> Bayram\u0131 \u00f6ncesinde <a href=\"https:\/\/bagis.tdv.org\/ramazan\/bayramlik-22\">bayraml\u0131k<\/a> k\u0131yafet yard\u0131m\u0131n\u0131 ula\u015ft\u0131rd\u0131k. Hay\u0131rsever karde\u015flerimize <a href=\"https:\/\/bagis.tdv.org\/#yetim\" target=\"_blank\" rel=\"noopener\">yetim<\/a>lere sunmu\u015f olduklar\u0131 bu destek i\u00e7in te\u015fekk\u00fcr ediyoruz.&#8221;<\/p>\n<p style=\"text-align: justify;\">Arslan, da\u011f\u0131t\u0131mlar\u0131n 9 b\u00f6lgede yap\u0131ld\u0131\u011f\u0131n\u0131 belirterek, &#8220;Somali&#8217;de maddi imkans\u0131zl\u0131klar nedeniyle \u00e7ocuklar yetimhanelerde bar\u0131n\u0131yor. \u00c7ok fazla k\u0131yafet ve benzeri ihtiya\u00e7lar\u0131n\u0131 gideremiyorlar. Burada da\u011f\u0131tt\u0131\u011f\u0131m\u0131z <a href=\"https:\/\/bagis.tdv.org\/ramazan\/bayramlik-22\">bayraml\u0131k<\/a>lar \u00e7ocuklar\u0131n belki de ilk bayraml\u0131klar\u0131. Onlara <a href=\"https:\/\/bagis.tdv.org\/ramazan\/bayramlik-22\">bayraml\u0131k<\/a>lar\u0131n\u0131 verdi\u011fimizde y\u00fczlerindeki sevinci g\u00f6rmek b\u00fcy\u00fck bir mutluluk vesilesi.&#8221; Dedi.<\/p>\n<p style=\"text-align: justify;\"><strong>&#8220;T\u00fcrk karde\u015flerimizden gelen <a href=\"https:\/\/bagis.tdv.org\/ramazan\/bayramlik-22\">bayraml\u0131k<\/a>lar \u00e7ocuklar\u0131m\u0131z\u0131 sevindirdi&#8221;<\/strong><\/p>\n<p style=\"text-align: justify;\">Asker olan e\u015fi Amir H\u00fcseyin Vesuge&#8217;yi ge\u00e7en y\u0131l ter\u00f6r sald\u0131r\u0131s\u0131nda kaybeden 3 \u00e7ocuk annesi Nimo Muhammed Osman, bu yard\u0131mdan duydu\u011fu memnuniyeti dile getirerek, \u015funlar\u0131 s\u00f6yledi:<\/p>\n<p style=\"text-align: justify;\">&#8220;E\u015fim vatan\u0131 i\u00e7in m\u00fccadele ederken 2025&#8217;te vefat etti. Yetimhanede 3 \u00e7ocu\u011fum okuyor. \u00c7ocuklar\u0131ma <a href=\"https:\/\/bagis.tdv.org\/ramazan\/bayramlik-22\">bayraml\u0131k<\/a> almakta zorlan\u0131yordum. T\u00fcrk karde\u015flerimizden gelen hediye <a href=\"https:\/\/bagis.tdv.org\/ramazan\/bayramlik-22\">bayraml\u0131k<\/a>lar hem bizi hem \u00e7ocuklar\u0131m\u0131z\u0131 sevindirdi. Allah T\u00fcrk milletinden, T\u00fcrkiye\u00a0Diyanet\u00a0Vakf\u0131ndan raz\u0131 olsun.&#8221;<\/p>\n\n\t\t<style type=\"text\/css\">\n\t\t\t#gallery-1 {\n\t\t\t\tmargin: auto;\n\t\t\t}\n\t\t\t#gallery-1 .gallery-item {\n\t\t\t\tfloat: left;\n\t\t\t\tmargin-top: 10px;\n\t\t\t\ttext-align: center;\n\t\t\t\twidth: 33%;\n\t\t\t}\n\t\t\t#gallery-1 img {\n\t\t\t\tborder: 2px solid #cfcfcf;\n\t\t\t}\n\t\t\t#gallery-1 .gallery-caption {\n\t\t\t\tmargin-left: 0;\n\t\t\t}\n\t\t\t\/* see gallery_shortcode() in wp-includes\/media.php *\/\n\t\t<\/style>\n\t\t<div id='gallery-1' class='gallery galleryid-56021 gallery-columns-3 gallery-size-large'><dl class='gallery-item'>\n\t\t\t<dt class='gallery-icon landscape'>\n\t\t\t\t<a href='https:\/\/tdv.org\/tr-TR\/wp-content\/uploads\/2026\/03\/tdv-somali-de-yetim-cocuklarin-yuzunu-guldurdu-1.jpg'><img decoding=\"async\" width=\"1024\" height=\"683\" src=\"https:\/\/tdv.org\/tr-TR\/wp-content\/uploads\/2026\/03\/tdv-somali-de-yetim-cocuklarin-yuzunu-guldurdu-1-1024x683.jpg\" class=\"attachment-large size-large\" alt=\"\" aria-describedby=\"gallery-1-56022\" srcset=\"https:\/\/tdv.org\/tr-TR\/wp-content\/uploads\/2026\/03\/tdv-somali-de-yetim-cocuklarin-yuzunu-guldurdu-1-1024x683.jpg 1024w, https:\/\/tdv.org\/tr-TR\/wp-content\/uploads\/2026\/03\/tdv-somali-de-yetim-cocuklarin-yuzunu-guldurdu-1-300x200.jpg 300w, https:\/\/tdv.org\/tr-TR\/wp-content\/uploads\/2026\/03\/tdv-somali-de-yetim-cocuklarin-yuzunu-guldurdu-1-768x512.jpg 768w, https:\/\/tdv.org\/tr-TR\/wp-content\/uploads\/2026\/03\/tdv-somali-de-yetim-cocuklarin-yuzunu-guldurdu-1-900x600.jpg 900w, https:\/\/tdv.org\/tr-TR\/wp-content\/uploads\/2026\/03\/tdv-somali-de-yetim-cocuklarin-yuzunu-guldurdu-1.jpg 1152w\" sizes=\"(max-width: 1024px) 100vw, 1024px\" \/><\/a>\n\t\t\t<\/dt>\n\t\t\t\t<dd class='wp-caption-text gallery-caption' id='gallery-1-56022'>\n\t\t\t\tTDV Somali&#8217;de yetim \u00e7ocuklar\u0131n y\u00fcz\u00fcn\u00fc g\u00fcld\u00fcrd\u00fc, yetim, ramazan yard\u0131m\u0131, yetim yard\u0131m\u0131, yetim himayesi\n\t\t\t\t<\/dd><\/dl><dl class='gallery-item'>\n\t\t\t<dt class='gallery-icon landscape'>\n\t\t\t\t<a href='https:\/\/tdv.org\/tr-TR\/wp-content\/uploads\/2026\/03\/tdv-somali-de-yetim-cocuklarin-yuzunu-guldurdu-2.jpg'><img decoding=\"async\" width=\"1024\" height=\"683\" src=\"https:\/\/tdv.org\/tr-TR\/wp-content\/uploads\/2026\/03\/tdv-somali-de-yetim-cocuklarin-yuzunu-guldurdu-2-1024x683.jpg\" class=\"attachment-large size-large\" alt=\"\" aria-describedby=\"gallery-1-56023\" srcset=\"https:\/\/tdv.org\/tr-TR\/wp-content\/uploads\/2026\/03\/tdv-somali-de-yetim-cocuklarin-yuzunu-guldurdu-2-1024x683.jpg 1024w, https:\/\/tdv.org\/tr-TR\/wp-content\/uploads\/2026\/03\/tdv-somali-de-yetim-cocuklarin-yuzunu-guldurdu-2-300x200.jpg 300w, https:\/\/tdv.org\/tr-TR\/wp-content\/uploads\/2026\/03\/tdv-somali-de-yetim-cocuklarin-yuzunu-guldurdu-2-768x512.jpg 768w, https:\/\/tdv.org\/tr-TR\/wp-content\/uploads\/2026\/03\/tdv-somali-de-yetim-cocuklarin-yuzunu-guldurdu-2-900x600.jpg 900w, https:\/\/tdv.org\/tr-TR\/wp-content\/uploads\/2026\/03\/tdv-somali-de-yetim-cocuklarin-yuzunu-guldurdu-2.jpg 1152w\" sizes=\"(max-width: 1024px) 100vw, 1024px\" \/><\/a>\n\t\t\t<\/dt>\n\t\t\t\t<dd class='wp-caption-text gallery-caption' id='gallery-1-56023'>\n\t\t\t\tTDV Somali&#8217;de yetim \u00e7ocuklar\u0131n y\u00fcz\u00fcn\u00fc g\u00fcld\u00fcrd\u00fc, yetim, ramazan yard\u0131m\u0131, yetim yard\u0131m\u0131, yetim himayesi\n\t\t\t\t<\/dd><\/dl><dl class='gallery-item'>\n\t\t\t<dt class='gallery-icon landscape'>\n\t\t\t\t<a href='https:\/\/tdv.org\/tr-TR\/wp-content\/uploads\/2026\/03\/tdv-somali-de-yetim-cocuklarin-yuzunu-guldurdu-3.jpg'><img decoding=\"async\" width=\"1024\" height=\"683\" src=\"https:\/\/tdv.org\/tr-TR\/wp-content\/uploads\/2026\/03\/tdv-somali-de-yetim-cocuklarin-yuzunu-guldurdu-3-1024x683.jpg\" class=\"attachment-large size-large\" alt=\"\" aria-describedby=\"gallery-1-56024\" srcset=\"https:\/\/tdv.org\/tr-TR\/wp-content\/uploads\/2026\/03\/tdv-somali-de-yetim-cocuklarin-yuzunu-guldurdu-3-1024x683.jpg 1024w, https:\/\/tdv.org\/tr-TR\/wp-content\/uploads\/2026\/03\/tdv-somali-de-yetim-cocuklarin-yuzunu-guldurdu-3-300x200.jpg 300w, https:\/\/tdv.org\/tr-TR\/wp-content\/uploads\/2026\/03\/tdv-somali-de-yetim-cocuklarin-yuzunu-guldurdu-3-768x512.jpg 768w, https:\/\/tdv.org\/tr-TR\/wp-content\/uploads\/2026\/03\/tdv-somali-de-yetim-cocuklarin-yuzunu-guldurdu-3-900x600.jpg 900w, https:\/\/tdv.org\/tr-TR\/wp-content\/uploads\/2026\/03\/tdv-somali-de-yetim-cocuklarin-yuzunu-guldurdu-3.jpg 1152w\" sizes=\"(max-width: 1024px) 100vw, 1024px\" \/><\/a>\n\t\t\t<\/dt>\n\t\t\t\t<dd class='wp-caption-text gallery-caption' id='gallery-1-56024'>\n\t\t\t\tTDV Somali&#8217;de yetim \u00e7ocuklar\u0131n y\u00fcz\u00fcn\u00fc g\u00fcld\u00fcrd\u00fc, yetim, ramazan yard\u0131m\u0131, yetim yard\u0131m\u0131, yetim himayesi\n\t\t\t\t<\/dd><\/dl><br style=\"clear: both\" \/><dl class='gallery-item'>\n\t\t\t<dt class='gallery-icon landscape'>\n\t\t\t\t<a href='https:\/\/tdv.org\/tr-TR\/wp-content\/uploads\/2026\/03\/tdv-somali-de-yetim-cocuklarin-yuzunu-guldurdu-4.jpg'><img decoding=\"async\" width=\"1024\" height=\"576\" src=\"https:\/\/tdv.org\/tr-TR\/wp-content\/uploads\/2026\/03\/tdv-somali-de-yetim-cocuklarin-yuzunu-guldurdu-4-1024x576.jpg\" class=\"attachment-large size-large\" alt=\"\" aria-describedby=\"gallery-1-56025\" srcset=\"https:\/\/tdv.org\/tr-TR\/wp-content\/uploads\/2026\/03\/tdv-somali-de-yetim-cocuklarin-yuzunu-guldurdu-4-1024x576.jpg 1024w, https:\/\/tdv.org\/tr-TR\/wp-content\/uploads\/2026\/03\/tdv-somali-de-yetim-cocuklarin-yuzunu-guldurdu-4-300x169.jpg 300w, https:\/\/tdv.org\/tr-TR\/wp-content\/uploads\/2026\/03\/tdv-somali-de-yetim-cocuklarin-yuzunu-guldurdu-4-768x432.jpg 768w, https:\/\/tdv.org\/tr-TR\/wp-content\/uploads\/2026\/03\/tdv-somali-de-yetim-cocuklarin-yuzunu-guldurdu-4.jpg 1365w\" sizes=\"(max-width: 1024px) 100vw, 1024px\" \/><\/a>\n\t\t\t<\/dt>\n\t\t\t\t<dd class='wp-caption-text gallery-caption' id='gallery-1-56025'>\n\t\t\t\tTDV Somali&#8217;de yetim \u00e7ocuklar\u0131n y\u00fcz\u00fcn\u00fc g\u00fcld\u00fcrd\u00fc, yetim, ramazan yard\u0131m\u0131, yetim yard\u0131m\u0131, yetim himayesi\n\t\t\t\t<\/dd><\/dl><dl class='gallery-item'>\n\t\t\t<dt class='gallery-icon landscape'>\n\t\t\t\t<a href='https:\/\/tdv.org\/tr-TR\/wp-content\/uploads\/2026\/03\/tdv-somali-de-yetim-cocuklarin-yuzunu-guldurdu-5.jpg'><img decoding=\"async\" width=\"1024\" height=\"576\" src=\"https:\/\/tdv.org\/tr-TR\/wp-content\/uploads\/2026\/03\/tdv-somali-de-yetim-cocuklarin-yuzunu-guldurdu-5-1024x576.jpg\" class=\"attachment-large size-large\" alt=\"\" aria-describedby=\"gallery-1-56026\" srcset=\"https:\/\/tdv.org\/tr-TR\/wp-content\/uploads\/2026\/03\/tdv-somali-de-yetim-cocuklarin-yuzunu-guldurdu-5-1024x576.jpg 1024w, https:\/\/tdv.org\/tr-TR\/wp-content\/uploads\/2026\/03\/tdv-somali-de-yetim-cocuklarin-yuzunu-guldurdu-5-300x169.jpg 300w, https:\/\/tdv.org\/tr-TR\/wp-content\/uploads\/2026\/03\/tdv-somali-de-yetim-cocuklarin-yuzunu-guldurdu-5-768x432.jpg 768w, https:\/\/tdv.org\/tr-TR\/wp-content\/uploads\/2026\/03\/tdv-somali-de-yetim-cocuklarin-yuzunu-guldurdu-5.jpg 1365w\" sizes=\"(max-width: 1024px) 100vw, 1024px\" \/><\/a>\n\t\t\t<\/dt>\n\t\t\t\t<dd class='wp-caption-text gallery-caption' id='gallery-1-56026'>\n\t\t\t\tTDV Somali&#8217;de yetim \u00e7ocuklar\u0131n y\u00fcz\u00fcn\u00fc g\u00fcld\u00fcrd\u00fc, yetim, ramazan yard\u0131m\u0131, yetim yard\u0131m\u0131, yetim himayesi\n\t\t\t\t<\/dd><\/dl><dl class='gallery-item'>\n\t\t\t<dt class='gallery-icon landscape'>\n\t\t\t\t<a href='https:\/\/tdv.org\/tr-TR\/wp-content\/uploads\/2026\/03\/tdv-somali-de-yetim-cocuklarin-yuzunu-guldurdu-6.jpg'><img decoding=\"async\" width=\"1024\" height=\"665\" src=\"https:\/\/tdv.org\/tr-TR\/wp-content\/uploads\/2026\/03\/tdv-somali-de-yetim-cocuklarin-yuzunu-guldurdu-6-1024x665.jpg\" class=\"attachment-large size-large\" alt=\"\" aria-describedby=\"gallery-1-56027\" srcset=\"https:\/\/tdv.org\/tr-TR\/wp-content\/uploads\/2026\/03\/tdv-somali-de-yetim-cocuklarin-yuzunu-guldurdu-6-1024x665.jpg 1024w, https:\/\/tdv.org\/tr-TR\/wp-content\/uploads\/2026\/03\/tdv-somali-de-yetim-cocuklarin-yuzunu-guldurdu-6-300x195.jpg 300w, https:\/\/tdv.org\/tr-TR\/wp-content\/uploads\/2026\/03\/tdv-somali-de-yetim-cocuklarin-yuzunu-guldurdu-6-768x499.jpg 768w, https:\/\/tdv.org\/tr-TR\/wp-content\/uploads\/2026\/03\/tdv-somali-de-yetim-cocuklarin-yuzunu-guldurdu-6.jpg 1182w\" sizes=\"(max-width: 1024px) 100vw, 1024px\" \/><\/a>\n\t\t\t<\/dt>\n\t\t\t\t<dd class='wp-caption-text gallery-caption' id='gallery-1-56027'>\n\t\t\t\tTDV Somali&#8217;de yetim \u00e7ocuklar\u0131n y\u00fcz\u00fcn\u00fc g\u00fcld\u00fcrd\u00fc, yetim, ramazan yard\u0131m\u0131, yetim yard\u0131m\u0131, yetim himayesi\n\t\t\t\t<\/dd><\/dl><br style=\"clear: both\" \/><dl class='gallery-item'>\n\t\t\t<dt class='gallery-icon landscape'>\n\t\t\t\t<a href='https:\/\/tdv.org\/tr-TR\/wp-content\/uploads\/2026\/03\/tdv-somali-de-yetim-cocuklarin-yuzunu-guldurdu-7.jpg'><img decoding=\"async\" width=\"1024\" height=\"576\" src=\"https:\/\/tdv.org\/tr-TR\/wp-content\/uploads\/2026\/03\/tdv-somali-de-yetim-cocuklarin-yuzunu-guldurdu-7-1024x576.jpg\" class=\"attachment-large size-large\" alt=\"\" aria-describedby=\"gallery-1-56028\" srcset=\"https:\/\/tdv.org\/tr-TR\/wp-content\/uploads\/2026\/03\/tdv-somali-de-yetim-cocuklarin-yuzunu-guldurdu-7-1024x576.jpg 1024w, https:\/\/tdv.org\/tr-TR\/wp-content\/uploads\/2026\/03\/tdv-somali-de-yetim-cocuklarin-yuzunu-guldurdu-7-300x169.jpg 300w, https:\/\/tdv.org\/tr-TR\/wp-content\/uploads\/2026\/03\/tdv-somali-de-yetim-cocuklarin-yuzunu-guldurdu-7-768x432.jpg 768w, https:\/\/tdv.org\/tr-TR\/wp-content\/uploads\/2026\/03\/tdv-somali-de-yetim-cocuklarin-yuzunu-guldurdu-7.jpg 1365w\" sizes=\"(max-width: 1024px) 100vw, 1024px\" \/><\/a>\n\t\t\t<\/dt>\n\t\t\t\t<dd class='wp-caption-text gallery-caption' id='gallery-1-56028'>\n\t\t\t\tTDV Somali&#8217;de yetim \u00e7ocuklar\u0131n y\u00fcz\u00fcn\u00fc g\u00fcld\u00fcrd\u00fc, yetim, ramazan yard\u0131m\u0131, yetim yard\u0131m\u0131, yetim himayesi\n\t\t\t\t<\/dd><\/dl><dl class='gallery-item'>\n\t\t\t<dt class='gallery-icon landscape'>\n\t\t\t\t<a href='https:\/\/tdv.org\/tr-TR\/wp-content\/uploads\/2026\/03\/tdv-somali-de-yetim-cocuklarin-yuzunu-guldurdu-8.jpg'><img decoding=\"async\" width=\"1024\" height=\"576\" src=\"https:\/\/tdv.org\/tr-TR\/wp-content\/uploads\/2026\/03\/tdv-somali-de-yetim-cocuklarin-yuzunu-guldurdu-8-1024x576.jpg\" class=\"attachment-large size-large\" alt=\"\" aria-describedby=\"gallery-1-56029\" srcset=\"https:\/\/tdv.org\/tr-TR\/wp-content\/uploads\/2026\/03\/tdv-somali-de-yetim-cocuklarin-yuzunu-guldurdu-8-1024x576.jpg 1024w, https:\/\/tdv.org\/tr-TR\/wp-content\/uploads\/2026\/03\/tdv-somali-de-yetim-cocuklarin-yuzunu-guldurdu-8-300x169.jpg 300w, https:\/\/tdv.org\/tr-TR\/wp-content\/uploads\/2026\/03\/tdv-somali-de-yetim-cocuklarin-yuzunu-guldurdu-8-768x432.jpg 768w, https:\/\/tdv.org\/tr-TR\/wp-content\/uploads\/2026\/03\/tdv-somali-de-yetim-cocuklarin-yuzunu-guldurdu-8.jpg 1365w\" sizes=\"(max-width: 1024px) 100vw, 1024px\" \/><\/a>\n\t\t\t<\/dt>\n\t\t\t\t<dd class='wp-caption-text gallery-caption' id='gallery-1-56029'>\n\t\t\t\tTDV Somali&#8217;de yetim \u00e7ocuklar\u0131n y\u00fcz\u00fcn\u00fc g\u00fcld\u00fcrd\u00fc, yetim, ramazan yard\u0131m\u0131, yetim yard\u0131m\u0131, yetim himayesi\n\t\t\t\t<\/dd><\/dl><dl class='gallery-item'>\n\t\t\t<dt class='gallery-icon landscape'>\n\t\t\t\t<a href='https:\/\/tdv.org\/tr-TR\/wp-content\/uploads\/2026\/03\/tdv-somali-de-yetim-cocuklarin-yuzunu-guldurdu-9.jpg'><img decoding=\"async\" width=\"1024\" height=\"676\" src=\"https:\/\/tdv.org\/tr-TR\/wp-content\/uploads\/2026\/03\/tdv-somali-de-yetim-cocuklarin-yuzunu-guldurdu-9-1024x676.jpg\" class=\"attachment-large size-large\" alt=\"\" aria-describedby=\"gallery-1-56030\" srcset=\"https:\/\/tdv.org\/tr-TR\/wp-content\/uploads\/2026\/03\/tdv-somali-de-yetim-cocuklarin-yuzunu-guldurdu-9-1024x676.jpg 1024w, https:\/\/tdv.org\/tr-TR\/wp-content\/uploads\/2026\/03\/tdv-somali-de-yetim-cocuklarin-yuzunu-guldurdu-9-300x198.jpg 300w, https:\/\/tdv.org\/tr-TR\/wp-content\/uploads\/2026\/03\/tdv-somali-de-yetim-cocuklarin-yuzunu-guldurdu-9-768x507.jpg 768w, https:\/\/tdv.org\/tr-TR\/wp-content\/uploads\/2026\/03\/tdv-somali-de-yetim-cocuklarin-yuzunu-guldurdu-9.jpg 1164w\" sizes=\"(max-width: 1024px) 100vw, 1024px\" \/><\/a>\n\t\t\t<\/dt>\n\t\t\t\t<dd class='wp-caption-text gallery-caption' id='gallery-1-56030'>\n\t\t\t\tTDV Somali&#8217;de yetim \u00e7ocuklar\u0131n y\u00fcz\u00fcn\u00fc g\u00fcld\u00fcrd\u00fc, yetim, ramazan yard\u0131m\u0131, yetim yard\u0131m\u0131, yetim himayesi\n\t\t\t\t<\/dd><\/dl><br style=\"clear: both\" \/><dl class='gallery-item'>\n\t\t\t<dt class='gallery-icon landscape'>\n\t\t\t\t<a href='https:\/\/tdv.org\/tr-TR\/wp-content\/uploads\/2026\/03\/tdv-somali-de-yetim-cocuklarin-yuzunu-guldurdu-10.jpg'><img decoding=\"async\" width=\"1024\" height=\"610\" src=\"https:\/\/tdv.org\/tr-TR\/wp-content\/uploads\/2026\/03\/tdv-somali-de-yetim-cocuklarin-yuzunu-guldurdu-10-1024x610.jpg\" class=\"attachment-large size-large\" alt=\"\" aria-describedby=\"gallery-1-56031\" srcset=\"https:\/\/tdv.org\/tr-TR\/wp-content\/uploads\/2026\/03\/tdv-somali-de-yetim-cocuklarin-yuzunu-guldurdu-10-1024x610.jpg 1024w, https:\/\/tdv.org\/tr-TR\/wp-content\/uploads\/2026\/03\/tdv-somali-de-yetim-cocuklarin-yuzunu-guldurdu-10-300x179.jpg 300w, https:\/\/tdv.org\/tr-TR\/wp-content\/uploads\/2026\/03\/tdv-somali-de-yetim-cocuklarin-yuzunu-guldurdu-10-768x458.jpg 768w, https:\/\/tdv.org\/tr-TR\/wp-content\/uploads\/2026\/03\/tdv-somali-de-yetim-cocuklarin-yuzunu-guldurdu-10.jpg 1289w\" sizes=\"(max-width: 1024px) 100vw, 1024px\" \/><\/a>\n\t\t\t<\/dt>\n\t\t\t\t<dd class='wp-caption-text gallery-caption' id='gallery-1-56031'>\n\t\t\t\tTDV Somali&#8217;de yetim \u00e7ocuklar\u0131n y\u00fcz\u00fcn\u00fc g\u00fcld\u00fcrd\u00fc, yetim, ramazan yard\u0131m\u0131, yetim yard\u0131m\u0131, yetim himayesi\n\t\t\t\t<\/dd><\/dl><dl class='gallery-item'>\n\t\t\t<dt class='gallery-icon landscape'>\n\t\t\t\t<a href='https:\/\/tdv.org\/tr-TR\/wp-content\/uploads\/2026\/03\/tdv-somali-de-yetim-cocuklarin-yuzunu-guldurdu-11.jpg'><img decoding=\"async\" width=\"1024\" height=\"683\" src=\"https:\/\/tdv.org\/tr-TR\/wp-content\/uploads\/2026\/03\/tdv-somali-de-yetim-cocuklarin-yuzunu-guldurdu-11-1024x683.jpg\" class=\"attachment-large size-large\" alt=\"\" aria-describedby=\"gallery-1-56032\" srcset=\"https:\/\/tdv.org\/tr-TR\/wp-content\/uploads\/2026\/03\/tdv-somali-de-yetim-cocuklarin-yuzunu-guldurdu-11-1024x683.jpg 1024w, https:\/\/tdv.org\/tr-TR\/wp-content\/uploads\/2026\/03\/tdv-somali-de-yetim-cocuklarin-yuzunu-guldurdu-11-300x200.jpg 300w, https:\/\/tdv.org\/tr-TR\/wp-content\/uploads\/2026\/03\/tdv-somali-de-yetim-cocuklarin-yuzunu-guldurdu-11-768x512.jpg 768w, https:\/\/tdv.org\/tr-TR\/wp-content\/uploads\/2026\/03\/tdv-somali-de-yetim-cocuklarin-yuzunu-guldurdu-11-900x600.jpg 900w, https:\/\/tdv.org\/tr-TR\/wp-content\/uploads\/2026\/03\/tdv-somali-de-yetim-cocuklarin-yuzunu-guldurdu-11.jpg 1152w\" sizes=\"(max-width: 1024px) 100vw, 1024px\" \/><\/a>\n\t\t\t<\/dt>\n\t\t\t\t<dd class='wp-caption-text gallery-caption' id='gallery-1-56032'>\n\t\t\t\tTDV Somali&#8217;de yetim \u00e7ocuklar\u0131n y\u00fcz\u00fcn\u00fc g\u00fcld\u00fcrd\u00fc, yetim, ramazan yard\u0131m\u0131, yetim yard\u0131m\u0131, yetim himayesi\n\t\t\t\t<\/dd><\/dl><dl class='gallery-item'>\n\t\t\t<dt class='gallery-icon landscape'>\n\t\t\t\t<a href='https:\/\/tdv.org\/tr-TR\/wp-content\/uploads\/2026\/03\/tdv-somali-de-yetim-cocuklarin-yuzunu-guldurdu-12.jpg'><img decoding=\"async\" width=\"1024\" height=\"576\" src=\"https:\/\/tdv.org\/tr-TR\/wp-content\/uploads\/2026\/03\/tdv-somali-de-yetim-cocuklarin-yuzunu-guldurdu-12-1024x576.jpg\" class=\"attachment-large size-large\" alt=\"\" aria-describedby=\"gallery-1-56033\" srcset=\"https:\/\/tdv.org\/tr-TR\/wp-content\/uploads\/2026\/03\/tdv-somali-de-yetim-cocuklarin-yuzunu-guldurdu-12-1024x576.jpg 1024w, https:\/\/tdv.org\/tr-TR\/wp-content\/uploads\/2026\/03\/tdv-somali-de-yetim-cocuklarin-yuzunu-guldurdu-12-300x169.jpg 300w, https:\/\/tdv.org\/tr-TR\/wp-content\/uploads\/2026\/03\/tdv-somali-de-yetim-cocuklarin-yuzunu-guldurdu-12-768x432.jpg 768w, https:\/\/tdv.org\/tr-TR\/wp-content\/uploads\/2026\/03\/tdv-somali-de-yetim-cocuklarin-yuzunu-guldurdu-12.jpg 1365w\" sizes=\"(max-width: 1024px) 100vw, 1024px\" \/><\/a>\n\t\t\t<\/dt>\n\t\t\t\t<dd class='wp-caption-text gallery-caption' id='gallery-1-56033'>\n\t\t\t\tTDV Somali&#8217;de yetim \u00e7ocuklar\u0131n y\u00fcz\u00fcn\u00fc g\u00fcld\u00fcrd\u00fc, yetim, ramazan yard\u0131m\u0131, yetim yard\u0131m\u0131, yetim himayesi\n\t\t\t\t<\/dd><\/dl><br style=\"clear: both\" \/><dl class='gallery-item'>\n\t\t\t<dt class='gallery-icon landscape'>\n\t\t\t\t<a href='https:\/\/tdv.org\/tr-TR\/wp-content\/uploads\/2026\/03\/tdv-somali-de-yetim-cocuklarin-yuzunu-guldurdu-13.jpg'><img decoding=\"async\" width=\"1024\" height=\"683\" src=\"https:\/\/tdv.org\/tr-TR\/wp-content\/uploads\/2026\/03\/tdv-somali-de-yetim-cocuklarin-yuzunu-guldurdu-13-1024x683.jpg\" class=\"attachment-large size-large\" alt=\"\" aria-describedby=\"gallery-1-56034\" srcset=\"https:\/\/tdv.org\/tr-TR\/wp-content\/uploads\/2026\/03\/tdv-somali-de-yetim-cocuklarin-yuzunu-guldurdu-13-1024x683.jpg 1024w, https:\/\/tdv.org\/tr-TR\/wp-content\/uploads\/2026\/03\/tdv-somali-de-yetim-cocuklarin-yuzunu-guldurdu-13-300x200.jpg 300w, https:\/\/tdv.org\/tr-TR\/wp-content\/uploads\/2026\/03\/tdv-somali-de-yetim-cocuklarin-yuzunu-guldurdu-13-768x512.jpg 768w, https:\/\/tdv.org\/tr-TR\/wp-content\/uploads\/2026\/03\/tdv-somali-de-yetim-cocuklarin-yuzunu-guldurdu-13-900x600.jpg 900w, https:\/\/tdv.org\/tr-TR\/wp-content\/uploads\/2026\/03\/tdv-somali-de-yetim-cocuklarin-yuzunu-guldurdu-13.jpg 1152w\" sizes=\"(max-width: 1024px) 100vw, 1024px\" \/><\/a>\n\t\t\t<\/dt>\n\t\t\t\t<dd class='wp-caption-text gallery-caption' id='gallery-1-56034'>\n\t\t\t\tTDV Somali&#8217;de yetim \u00e7ocuklar\u0131n y\u00fcz\u00fcn\u00fc g\u00fcld\u00fcrd\u00fc, yetim, ramazan yard\u0131m\u0131, yetim yard\u0131m\u0131, yetim himayesi\n\t\t\t\t<\/dd><\/dl><dl class='gallery-item'>\n\t\t\t<dt class='gallery-icon landscape'>\n\t\t\t\t<a href='https:\/\/tdv.org\/tr-TR\/wp-content\/uploads\/2026\/03\/tdv-somali-de-yetim-cocuklarin-yuzunu-guldurdu-14.jpg'><img decoding=\"async\" width=\"1009\" height=\"768\" src=\"https:\/\/tdv.org\/tr-TR\/wp-content\/uploads\/2026\/03\/tdv-somali-de-yetim-cocuklarin-yuzunu-guldurdu-14.jpg\" class=\"attachment-large size-large\" alt=\"\" aria-describedby=\"gallery-1-56035\" srcset=\"https:\/\/tdv.org\/tr-TR\/wp-content\/uploads\/2026\/03\/tdv-somali-de-yetim-cocuklarin-yuzunu-guldurdu-14.jpg 1009w, https:\/\/tdv.org\/tr-TR\/wp-content\/uploads\/2026\/03\/tdv-somali-de-yetim-cocuklarin-yuzunu-guldurdu-14-300x228.jpg 300w, https:\/\/tdv.org\/tr-TR\/wp-content\/uploads\/2026\/03\/tdv-somali-de-yetim-cocuklarin-yuzunu-guldurdu-14-768x585.jpg 768w\" sizes=\"(max-width: 1009px) 100vw, 1009px\" \/><\/a>\n\t\t\t<\/dt>\n\t\t\t\t<dd class='wp-caption-text gallery-caption' id='gallery-1-56035'>\n\t\t\t\tTDV Somali&#8217;de yetim \u00e7ocuklar\u0131n y\u00fcz\u00fcn\u00fc g\u00fcld\u00fcrd\u00fc, yetim, ramazan yard\u0131m\u0131, yetim yard\u0131m\u0131, yetim himayesi\n\t\t\t\t<\/dd><\/dl><dl class='gallery-item'>\n\t\t\t<dt class='gallery-icon landscape'>\n\t\t\t\t<a href='https:\/\/tdv.org\/tr-TR\/wp-content\/uploads\/2026\/03\/tdv-somali-de-yetim-cocuklarin-yuzunu-guldurdu-15.jpg'><img decoding=\"async\" width=\"1024\" height=\"683\" src=\"https:\/\/tdv.org\/tr-TR\/wp-content\/uploads\/2026\/03\/tdv-somali-de-yetim-cocuklarin-yuzunu-guldurdu-15-1024x683.jpg\" class=\"attachment-large size-large\" alt=\"\" aria-describedby=\"gallery-1-56036\" srcset=\"https:\/\/tdv.org\/tr-TR\/wp-content\/uploads\/2026\/03\/tdv-somali-de-yetim-cocuklarin-yuzunu-guldurdu-15-1024x683.jpg 1024w, https:\/\/tdv.org\/tr-TR\/wp-content\/uploads\/2026\/03\/tdv-somali-de-yetim-cocuklarin-yuzunu-guldurdu-15-300x200.jpg 300w, https:\/\/tdv.org\/tr-TR\/wp-content\/uploads\/2026\/03\/tdv-somali-de-yetim-cocuklarin-yuzunu-guldurdu-15-768x512.jpg 768w, https:\/\/tdv.org\/tr-TR\/wp-content\/uploads\/2026\/03\/tdv-somali-de-yetim-cocuklarin-yuzunu-guldurdu-15-900x600.jpg 900w, https:\/\/tdv.org\/tr-TR\/wp-content\/uploads\/2026\/03\/tdv-somali-de-yetim-cocuklarin-yuzunu-guldurdu-15.jpg 1152w\" sizes=\"(max-width: 1024px) 100vw, 1024px\" \/><\/a>\n\t\t\t<\/dt>\n\t\t\t\t<dd class='wp-caption-text gallery-caption' id='gallery-1-56036'>\n\t\t\t\tTDV Somali&#8217;de yetim \u00e7ocuklar\u0131n y\u00fcz\u00fcn\u00fc g\u00fcld\u00fcrd\u00fc, yetim, ramazan yard\u0131m\u0131, yetim yard\u0131m\u0131, yetim himayesi\n\t\t\t\t<\/dd><\/dl><br style=\"clear: both\" \/><dl class='gallery-item'>\n\t\t\t<dt class='gallery-icon landscape'>\n\t\t\t\t<a href='https:\/\/tdv.org\/tr-TR\/wp-content\/uploads\/2026\/03\/tdv-somali-de-yetim-cocuklarin-yuzunu-guldurdu-16.jpg'><img decoding=\"async\" width=\"1024\" height=\"655\" src=\"https:\/\/tdv.org\/tr-TR\/wp-content\/uploads\/2026\/03\/tdv-somali-de-yetim-cocuklarin-yuzunu-guldurdu-16-1024x655.jpg\" class=\"attachment-large size-large\" alt=\"\" aria-describedby=\"gallery-1-56037\" srcset=\"https:\/\/tdv.org\/tr-TR\/wp-content\/uploads\/2026\/03\/tdv-somali-de-yetim-cocuklarin-yuzunu-guldurdu-16-1024x655.jpg 1024w, https:\/\/tdv.org\/tr-TR\/wp-content\/uploads\/2026\/03\/tdv-somali-de-yetim-cocuklarin-yuzunu-guldurdu-16-300x192.jpg 300w, https:\/\/tdv.org\/tr-TR\/wp-content\/uploads\/2026\/03\/tdv-somali-de-yetim-cocuklarin-yuzunu-guldurdu-16-768x492.jpg 768w, https:\/\/tdv.org\/tr-TR\/wp-content\/uploads\/2026\/03\/tdv-somali-de-yetim-cocuklarin-yuzunu-guldurdu-16.jpg 1200w\" sizes=\"(max-width: 1024px) 100vw, 1024px\" \/><\/a>\n\t\t\t<\/dt>\n\t\t\t\t<dd class='wp-caption-text gallery-caption' id='gallery-1-56037'>\n\t\t\t\tTDV Somali&#8217;de yetim \u00e7ocuklar\u0131n y\u00fcz\u00fcn\u00fc g\u00fcld\u00fcrd\u00fc, yetim, ramazan yard\u0131m\u0131, yetim yard\u0131m\u0131, yetim himayesi\n\t\t\t\t<\/dd><\/dl><dl class='gallery-item'>\n\t\t\t<dt class='gallery-icon landscape'>\n\t\t\t\t<a href='https:\/\/tdv.org\/tr-TR\/wp-content\/uploads\/2026\/03\/tdv-somali-de-yetim-cocuklarin-yuzunu-guldurdu-17.jpg'><img decoding=\"async\" width=\"1024\" height=\"632\" src=\"https:\/\/tdv.org\/tr-TR\/wp-content\/uploads\/2026\/03\/tdv-somali-de-yetim-cocuklarin-yuzunu-guldurdu-17-1024x632.jpg\" class=\"attachment-large size-large\" alt=\"\" aria-describedby=\"gallery-1-56038\" srcset=\"https:\/\/tdv.org\/tr-TR\/wp-content\/uploads\/2026\/03\/tdv-somali-de-yetim-cocuklarin-yuzunu-guldurdu-17-1024x632.jpg 1024w, https:\/\/tdv.org\/tr-TR\/wp-content\/uploads\/2026\/03\/tdv-somali-de-yetim-cocuklarin-yuzunu-guldurdu-17-300x185.jpg 300w, https:\/\/tdv.org\/tr-TR\/wp-content\/uploads\/2026\/03\/tdv-somali-de-yetim-cocuklarin-yuzunu-guldurdu-17-768x474.jpg 768w, https:\/\/tdv.org\/tr-TR\/wp-content\/uploads\/2026\/03\/tdv-somali-de-yetim-cocuklarin-yuzunu-guldurdu-17.jpg 1245w\" sizes=\"(max-width: 1024px) 100vw, 1024px\" \/><\/a>\n\t\t\t<\/dt>\n\t\t\t\t<dd class='wp-caption-text gallery-caption' id='gallery-1-56038'>\n\t\t\t\tTDV Somali&#8217;de yetim \u00e7ocuklar\u0131n y\u00fcz\u00fcn\u00fc g\u00fcld\u00fcrd\u00fc, yetim, ramazan yard\u0131m\u0131, yetim yard\u0131m\u0131, yetim himayesi\n\t\t\t\t<\/dd><\/dl><dl class='gallery-item'>\n\t\t\t<dt class='gallery-icon landscape'>\n\t\t\t\t<a href='https:\/\/tdv.org\/tr-TR\/wp-content\/uploads\/2026\/03\/tdv-somali-de-yetim-cocuklarin-yuzunu-guldurdu-18.jpg'><img decoding=\"async\" width=\"1024\" height=\"688\" src=\"https:\/\/tdv.org\/tr-TR\/wp-content\/uploads\/2026\/03\/tdv-somali-de-yetim-cocuklarin-yuzunu-guldurdu-18-1024x688.jpg\" class=\"attachment-large size-large\" alt=\"\" aria-describedby=\"gallery-1-56039\" srcset=\"https:\/\/tdv.org\/tr-TR\/wp-content\/uploads\/2026\/03\/tdv-somali-de-yetim-cocuklarin-yuzunu-guldurdu-18-1024x688.jpg 1024w, https:\/\/tdv.org\/tr-TR\/wp-content\/uploads\/2026\/03\/tdv-somali-de-yetim-cocuklarin-yuzunu-guldurdu-18-300x202.jpg 300w, https:\/\/tdv.org\/tr-TR\/wp-content\/uploads\/2026\/03\/tdv-somali-de-yetim-cocuklarin-yuzunu-guldurdu-18-768x516.jpg 768w, https:\/\/tdv.org\/tr-TR\/wp-content\/uploads\/2026\/03\/tdv-somali-de-yetim-cocuklarin-yuzunu-guldurdu-18-600x403.jpg 600w, https:\/\/tdv.org\/tr-TR\/wp-content\/uploads\/2026\/03\/tdv-somali-de-yetim-cocuklarin-yuzunu-guldurdu-18-900x604.jpg 900w, https:\/\/tdv.org\/tr-TR\/wp-content\/uploads\/2026\/03\/tdv-somali-de-yetim-cocuklarin-yuzunu-guldurdu-18-400x269.jpg 400w, https:\/\/tdv.org\/tr-TR\/wp-content\/uploads\/2026\/03\/tdv-somali-de-yetim-cocuklarin-yuzunu-guldurdu-18.jpg 1143w\" sizes=\"(max-width: 1024px) 100vw, 1024px\" \/><\/a>\n\t\t\t<\/dt>\n\t\t\t\t<dd class='wp-caption-text gallery-caption' id='gallery-1-56039'>\n\t\t\t\tTDV Somali&#8217;de yetim \u00e7ocuklar\u0131n y\u00fcz\u00fcn\u00fc g\u00fcld\u00fcrd\u00fc, yetim, ramazan yard\u0131m\u0131, yetim yard\u0131m\u0131, yetim himayesi\n\t\t\t\t<\/dd><\/dl><br style=\"clear: both\" \/>\n\t\t<\/div>\n\n","protected":false},"excerpt":{"rendered":"<p>Ramazanda da Somali&#8217;de yard\u0131m faaliyetlerini s\u00fcrd\u00fcren T\u00fcrkiye\u00a0Diyanet\u00a0Vakf\u0131 (TDV), yetimhanelerde kalan 2 bin 50 \u00e7ocu\u011fa bayraml\u0131k giysi ula\u015ft\u0131rd\u0131. TDV, Diyanet \u0130\u015fleri T\u00fcrk \u0130slam Birli\u011fi (D\u0130T\u0130B) i\u015f birli\u011finde, &#8220;Karde\u015flerini Unutma, Beklenen Sensin&#8221;&#8230;<\/p>\n","protected":false},"author":8,"featured_media":56039,"comment_status":"closed","ping_status":"closed","sticky":false,"template":"","format":"standard","meta":{"footnotes":""},"categories":[1],"tags":[2470,108,741,708,107,2464,1276,114,2263,2264,1238,926],"class_list":{"0":"post-56021","1":"post","2":"type-post","3":"status-publish","4":"format-standard","5":"has-post-thumbnail","7":"category-haberler","8":"tag-2026-ramazan","9":"tag-bayramlik","10":"tag-bayramlik-kiyafet","11":"tag-bayramlik-yardimi","12":"tag-ramazan","13":"tag-ramazan-2026","14":"tag-unutursan-yetim-kalir","15":"tag-yetim","16":"tag-yetim-bagisi","17":"tag-yetim-yardimi","18":"tag-yetimhane","19":"tag-yetimler"},"yoast_head":"<!-- This site is optimized with the Yoast SEO plugin v27.5 - https:\/\/yoast.com\/product\/yoast-seo-wordpress\/ -->\n<title>TDV Somali&#039;de yetim \u00e7ocuklar\u0131n y\u00fcz\u00fcn\u00fc g\u00fcld\u00fcrd\u00fc<\/title>\n<meta name=\"description\" content=\"Ramazanda da Somali&#039;de yard\u0131m faaliyetlerini s\u00fcrd\u00fcren T\u00fcrkiye\u00a0Diyanet\u00a0Vakf\u0131 (TDV), yetimhanelerde kalan 2 bin 50 \u00e7ocu\u011fa bayraml\u0131k giysi ula\u015ft\u0131rd\u0131.\" \/>\n<meta name=\"robots\" content=\"index, follow, max-snippet:-1, max-image-preview:large, max-video-preview:-1\" \/>\n<link rel=\"canonical\" href=\"https:\/\/tdv.org\/tr-TR\/tdv-somalide-yetim-cocuklarin-yuzunu-guldurdu\/\" \/>\n<meta property=\"og:locale\" content=\"tr_TR\" \/>\n<meta property=\"og:type\" content=\"article\" \/>\n<meta property=\"og:title\" content=\"TDV Somali&#039;de yetim \u00e7ocuklar\u0131n y\u00fcz\u00fcn\u00fc g\u00fcld\u00fcrd\u00fc\" \/>\n<meta property=\"og:description\" content=\"Ramazanda da Somali&#039;de yard\u0131m faaliyetlerini s\u00fcrd\u00fcren T\u00fcrkiye\u00a0Diyanet\u00a0Vakf\u0131 (TDV), yetimhanelerde kalan 2 bin 50 \u00e7ocu\u011fa bayraml\u0131k giysi ula\u015ft\u0131rd\u0131.\" \/>\n<meta property=\"og:url\" content=\"https:\/\/tdv.org\/tr-TR\/tdv-somalide-yetim-cocuklarin-yuzunu-guldurdu\/\" \/>\n<meta property=\"og:site_name\" content=\"T\u00fcrkiye Diyanet Vakf\u0131 Resmi Web Sitesi\" \/>\n<meta property=\"article:publisher\" content=\"https:\/\/www.facebook.com\/Diyanetvakfi\/\" \/>\n<meta property=\"article:published_time\" content=\"2026-03-06T11:03:31+00:00\" \/>\n<meta property=\"og:image\" content=\"https:\/\/tdv.org\/tr-TR\/wp-content\/uploads\/2026\/03\/tdv-somali-de-yetim-cocuklarin-yuzunu-guldurdu-18.jpg\" \/>\n\t<meta property=\"og:image:width\" content=\"1143\" \/>\n\t<meta property=\"og:image:height\" content=\"768\" \/>\n\t<meta property=\"og:image:type\" content=\"image\/jpeg\" \/>\n<meta name=\"author\" content=\"Selim\" \/>\n<meta name=\"twitter:card\" content=\"summary_large_image\" \/>\n<meta name=\"twitter:creator\" content=\"@DiyanetVakfi\" \/>\n<meta name=\"twitter:site\" content=\"@DiyanetVakfi\" \/>\n<script type=\"application\/ld+json\" class=\"yoast-schema-graph\">{\"@context\":\"https:\\\/\\\/schema.org\",\"@graph\":[{\"@type\":\"Article\",\"@id\":\"https:\\\/\\\/tdv.org\\\/tr-TR\\\/tdv-somalide-yetim-cocuklarin-yuzunu-guldurdu\\\/#article\",\"isPartOf\":{\"@id\":\"https:\\\/\\\/tdv.org\\\/tr-TR\\\/tdv-somalide-yetim-cocuklarin-yuzunu-guldurdu\\\/\"},\"author\":{\"name\":\"Selim\",\"@id\":\"https:\\\/\\\/tdv.org\\\/tr-TR\\\/#\\\/schema\\\/person\\\/752b55e264a99273d55636516d96d5eb\"},\"headline\":\"TDV Somali&#8217;de yetim \u00e7ocuklar\u0131n y\u00fcz\u00fcn\u00fc g\u00fcld\u00fcrd\u00fc\",\"datePublished\":\"2026-03-06T11:03:31+00:00\",\"mainEntityOfPage\":{\"@id\":\"https:\\\/\\\/tdv.org\\\/tr-TR\\\/tdv-somalide-yetim-cocuklarin-yuzunu-guldurdu\\\/\"},\"wordCount\":489,\"publisher\":{\"@id\":\"https:\\\/\\\/tdv.org\\\/tr-TR\\\/#organization\"},\"image\":{\"@id\":\"https:\\\/\\\/tdv.org\\\/tr-TR\\\/tdv-somalide-yetim-cocuklarin-yuzunu-guldurdu\\\/#primaryimage\"},\"thumbnailUrl\":\"https:\\\/\\\/tdv.org\\\/tr-TR\\\/wp-content\\\/uploads\\\/2026\\\/03\\\/tdv-somali-de-yetim-cocuklarin-yuzunu-guldurdu-18.jpg\",\"keywords\":[\"2026 Ramazan\",\"bayraml\u0131k\",\"bayraml\u0131k k\u0131yafet\",\"bayraml\u0131k yard\u0131m\u0131\",\"ramazan\",\"ramazan 2026\",\"unutursan yetim kal\u0131r\",\"Yetim\",\"Yetim Ba\u011f\u0131\u015f\u0131\",\"Yetim Yard\u0131m\u0131\",\"yetimhane\",\"yetimler\"],\"articleSection\":[\"Haberler\"],\"inLanguage\":\"tr\"},{\"@type\":\"WebPage\",\"@id\":\"https:\\\/\\\/tdv.org\\\/tr-TR\\\/tdv-somalide-yetim-cocuklarin-yuzunu-guldurdu\\\/\",\"url\":\"https:\\\/\\\/tdv.org\\\/tr-TR\\\/tdv-somalide-yetim-cocuklarin-yuzunu-guldurdu\\\/\",\"name\":\"TDV Somali'de yetim \u00e7ocuklar\u0131n y\u00fcz\u00fcn\u00fc g\u00fcld\u00fcrd\u00fc\",\"isPartOf\":{\"@id\":\"https:\\\/\\\/tdv.org\\\/tr-TR\\\/#website\"},\"primaryImageOfPage\":{\"@id\":\"https:\\\/\\\/tdv.org\\\/tr-TR\\\/tdv-somalide-yetim-cocuklarin-yuzunu-guldurdu\\\/#primaryimage\"},\"image\":{\"@id\":\"https:\\\/\\\/tdv.org\\\/tr-TR\\\/tdv-somalide-yetim-cocuklarin-yuzunu-guldurdu\\\/#primaryimage\"},\"thumbnailUrl\":\"https:\\\/\\\/tdv.org\\\/tr-TR\\\/wp-content\\\/uploads\\\/2026\\\/03\\\/tdv-somali-de-yetim-cocuklarin-yuzunu-guldurdu-18.jpg\",\"datePublished\":\"2026-03-06T11:03:31+00:00\",\"description\":\"Ramazanda da Somali'de yard\u0131m faaliyetlerini s\u00fcrd\u00fcren T\u00fcrkiye\u00a0Diyanet\u00a0Vakf\u0131 (TDV), yetimhanelerde kalan 2 bin 50 \u00e7ocu\u011fa bayraml\u0131k giysi ula\u015ft\u0131rd\u0131.\",\"breadcrumb\":{\"@id\":\"https:\\\/\\\/tdv.org\\\/tr-TR\\\/tdv-somalide-yetim-cocuklarin-yuzunu-guldurdu\\\/#breadcrumb\"},\"inLanguage\":\"tr\",\"potentialAction\":[{\"@type\":\"ReadAction\",\"target\":[\"https:\\\/\\\/tdv.org\\\/tr-TR\\\/tdv-somalide-yetim-cocuklarin-yuzunu-guldurdu\\\/\"]}]},{\"@type\":\"ImageObject\",\"inLanguage\":\"tr\",\"@id\":\"https:\\\/\\\/tdv.org\\\/tr-TR\\\/tdv-somalide-yetim-cocuklarin-yuzunu-guldurdu\\\/#primaryimage\",\"url\":\"https:\\\/\\\/tdv.org\\\/tr-TR\\\/wp-content\\\/uploads\\\/2026\\\/03\\\/tdv-somali-de-yetim-cocuklarin-yuzunu-guldurdu-18.jpg\",\"contentUrl\":\"https:\\\/\\\/tdv.org\\\/tr-TR\\\/wp-content\\\/uploads\\\/2026\\\/03\\\/tdv-somali-de-yetim-cocuklarin-yuzunu-guldurdu-18.jpg\",\"width\":1143,\"height\":768,\"caption\":\"TDV Somali'de yetim \u00e7ocuklar\u0131n y\u00fcz\u00fcn\u00fc g\u00fcld\u00fcrd\u00fc, yetim, ramazan yard\u0131m\u0131, yetim yard\u0131m\u0131, yetim himayesi\"},{\"@type\":\"BreadcrumbList\",\"@id\":\"https:\\\/\\\/tdv.org\\\/tr-TR\\\/tdv-somalide-yetim-cocuklarin-yuzunu-guldurdu\\\/#breadcrumb\",\"itemListElement\":[{\"@type\":\"ListItem\",\"position\":1,\"name\":\"Anasayfa\",\"item\":\"https:\\\/\\\/tdv.org\\\/tr-TR\\\/\"},{\"@type\":\"ListItem\",\"position\":2,\"name\":\"TDV Somali&#8217;de yetim \u00e7ocuklar\u0131n y\u00fcz\u00fcn\u00fc g\u00fcld\u00fcrd\u00fc\"}]},{\"@type\":\"WebSite\",\"@id\":\"https:\\\/\\\/tdv.org\\\/tr-TR\\\/#website\",\"url\":\"https:\\\/\\\/tdv.org\\\/tr-TR\\\/\",\"name\":\"T\u00fcrkiye Diyanet Vakf\u0131 Resmi Web Sitesi\",\"description\":\"Yery\u00fcz\u00fcnde iyilik egemen oluncaya kadar\",\"publisher\":{\"@id\":\"https:\\\/\\\/tdv.org\\\/tr-TR\\\/#organization\"},\"alternateName\":\"T\u00fcrkiye Diyanet Vakf\u0131\",\"potentialAction\":[{\"@type\":\"SearchAction\",\"target\":{\"@type\":\"EntryPoint\",\"urlTemplate\":\"https:\\\/\\\/tdv.org\\\/tr-TR\\\/?s={search_term_string}\"},\"query-input\":{\"@type\":\"PropertyValueSpecification\",\"valueRequired\":true,\"valueName\":\"search_term_string\"}}],\"inLanguage\":\"tr\"},{\"@type\":\"Organization\",\"@id\":\"https:\\\/\\\/tdv.org\\\/tr-TR\\\/#organization\",\"name\":\"T\u00fcrkiye Diyanet Vakf\u0131\",\"alternateName\":\"T\u00fcrkiye Diyanet Vakf\u0131\",\"url\":\"https:\\\/\\\/tdv.org\\\/tr-TR\\\/\",\"logo\":{\"@type\":\"ImageObject\",\"inLanguage\":\"tr\",\"@id\":\"https:\\\/\\\/tdv.org\\\/tr-TR\\\/#\\\/schema\\\/logo\\\/image\\\/\",\"url\":\"https:\\\/\\\/tdv.org\\\/tr-TR\\\/wp-content\\\/uploads\\\/2018\\\/12\\\/TDV_Logo_1.png\",\"contentUrl\":\"https:\\\/\\\/tdv.org\\\/tr-TR\\\/wp-content\\\/uploads\\\/2018\\\/12\\\/TDV_Logo_1.png\",\"width\":207,\"height\":71,\"caption\":\"T\u00fcrkiye Diyanet Vakf\u0131\"},\"image\":{\"@id\":\"https:\\\/\\\/tdv.org\\\/tr-TR\\\/#\\\/schema\\\/logo\\\/image\\\/\"},\"sameAs\":[\"https:\\\/\\\/www.facebook.com\\\/Diyanetvakfi\\\/\",\"https:\\\/\\\/x.com\\\/DiyanetVakfi\",\"https:\\\/\\\/www.instagram.com\\\/turkiyediyanetvakfi\\\/\",\"https:\\\/\\\/www.youtube.com\\\/user\\\/TurkiyeDiyanetVakfi\"]},{\"@type\":\"Person\",\"@id\":\"https:\\\/\\\/tdv.org\\\/tr-TR\\\/#\\\/schema\\\/person\\\/752b55e264a99273d55636516d96d5eb\",\"name\":\"Selim\",\"image\":{\"@type\":\"ImageObject\",\"inLanguage\":\"tr\",\"@id\":\"https:\\\/\\\/tdv.org\\\/tr-TR\\\/wp-content\\\/litespeed\\\/avatar\\\/a1e47b25396e98e5b781e88a5396cd96.jpg?ver=1777287391\",\"url\":\"https:\\\/\\\/tdv.org\\\/tr-TR\\\/wp-content\\\/litespeed\\\/avatar\\\/a1e47b25396e98e5b781e88a5396cd96.jpg?ver=1777287391\",\"contentUrl\":\"https:\\\/\\\/tdv.org\\\/tr-TR\\\/wp-content\\\/litespeed\\\/avatar\\\/a1e47b25396e98e5b781e88a5396cd96.jpg?ver=1777287391\",\"caption\":\"Selim\"}}]}<\/script>\n<!-- \/ Yoast SEO plugin. -->","yoast_head_json":{"title":"TDV Somali'de yetim \u00e7ocuklar\u0131n y\u00fcz\u00fcn\u00fc g\u00fcld\u00fcrd\u00fc","description":"Ramazanda da Somali'de yard\u0131m faaliyetlerini s\u00fcrd\u00fcren T\u00fcrkiye\u00a0Diyanet\u00a0Vakf\u0131 (TDV), yetimhanelerde kalan 2 bin 50 \u00e7ocu\u011fa bayraml\u0131k giysi ula\u015ft\u0131rd\u0131.","robots":{"index":"index","follow":"follow","max-snippet":"max-snippet:-1","max-image-preview":"max-image-preview:large","max-video-preview":"max-video-preview:-1"},"canonical":"https:\/\/tdv.org\/tr-TR\/tdv-somalide-yetim-cocuklarin-yuzunu-guldurdu\/","og_locale":"tr_TR","og_type":"article","og_title":"TDV Somali'de yetim \u00e7ocuklar\u0131n y\u00fcz\u00fcn\u00fc g\u00fcld\u00fcrd\u00fc","og_description":"Ramazanda da Somali'de yard\u0131m faaliyetlerini s\u00fcrd\u00fcren T\u00fcrkiye\u00a0Diyanet\u00a0Vakf\u0131 (TDV), yetimhanelerde kalan 2 bin 50 \u00e7ocu\u011fa bayraml\u0131k giysi ula\u015ft\u0131rd\u0131.","og_url":"https:\/\/tdv.org\/tr-TR\/tdv-somalide-yetim-cocuklarin-yuzunu-guldurdu\/","og_site_name":"T\u00fcrkiye Diyanet Vakf\u0131 Resmi Web Sitesi","article_publisher":"https:\/\/www.facebook.com\/Diyanetvakfi\/","article_published_time":"2026-03-06T11:03:31+00:00","og_image":[{"width":1143,"height":768,"url":"https:\/\/tdv.org\/tr-TR\/wp-content\/uploads\/2026\/03\/tdv-somali-de-yetim-cocuklarin-yuzunu-guldurdu-18.jpg","type":"image\/jpeg"}],"author":"Selim","twitter_card":"summary_large_image","twitter_creator":"@DiyanetVakfi","twitter_site":"@DiyanetVakfi","schema":{"@context":"https:\/\/schema.org","@graph":[{"@type":"Article","@id":"https:\/\/tdv.org\/tr-TR\/tdv-somalide-yetim-cocuklarin-yuzunu-guldurdu\/#article","isPartOf":{"@id":"https:\/\/tdv.org\/tr-TR\/tdv-somalide-yetim-cocuklarin-yuzunu-guldurdu\/"},"author":{"name":"Selim","@id":"https:\/\/tdv.org\/tr-TR\/#\/schema\/person\/752b55e264a99273d55636516d96d5eb"},"headline":"TDV Somali&#8217;de yetim \u00e7ocuklar\u0131n y\u00fcz\u00fcn\u00fc g\u00fcld\u00fcrd\u00fc","datePublished":"2026-03-06T11:03:31+00:00","mainEntityOfPage":{"@id":"https:\/\/tdv.org\/tr-TR\/tdv-somalide-yetim-cocuklarin-yuzunu-guldurdu\/"},"wordCount":489,"publisher":{"@id":"https:\/\/tdv.org\/tr-TR\/#organization"},"image":{"@id":"https:\/\/tdv.org\/tr-TR\/tdv-somalide-yetim-cocuklarin-yuzunu-guldurdu\/#primaryimage"},"thumbnailUrl":"https:\/\/tdv.org\/tr-TR\/wp-content\/uploads\/2026\/03\/tdv-somali-de-yetim-cocuklarin-yuzunu-guldurdu-18.jpg","keywords":["2026 Ramazan","bayraml\u0131k","bayraml\u0131k k\u0131yafet","bayraml\u0131k yard\u0131m\u0131","ramazan","ramazan 2026","unutursan yetim kal\u0131r","Yetim","Yetim Ba\u011f\u0131\u015f\u0131","Yetim Yard\u0131m\u0131","yetimhane","yetimler"],"articleSection":["Haberler"],"inLanguage":"tr"},{"@type":"WebPage","@id":"https:\/\/tdv.org\/tr-TR\/tdv-somalide-yetim-cocuklarin-yuzunu-guldurdu\/","url":"https:\/\/tdv.org\/tr-TR\/tdv-somalide-yetim-cocuklarin-yuzunu-guldurdu\/","name":"TDV Somali'de yetim \u00e7ocuklar\u0131n y\u00fcz\u00fcn\u00fc g\u00fcld\u00fcrd\u00fc","isPartOf":{"@id":"https:\/\/tdv.org\/tr-TR\/#website"},"primaryImageOfPage":{"@id":"https:\/\/tdv.org\/tr-TR\/tdv-somalide-yetim-cocuklarin-yuzunu-guldurdu\/#primaryimage"},"image":{"@id":"https:\/\/tdv.org\/tr-TR\/tdv-somalide-yetim-cocuklarin-yuzunu-guldurdu\/#primaryimage"},"thumbnailUrl":"https:\/\/tdv.org\/tr-TR\/wp-content\/uploads\/2026\/03\/tdv-somali-de-yetim-cocuklarin-yuzunu-guldurdu-18.jpg","datePublished":"2026-03-06T11:03:31+00:00","description":"Ramazanda da Somali'de yard\u0131m faaliyetlerini s\u00fcrd\u00fcren T\u00fcrkiye\u00a0Diyanet\u00a0Vakf\u0131 (TDV), yetimhanelerde kalan 2 bin 50 \u00e7ocu\u011fa bayraml\u0131k giysi ula\u015ft\u0131rd\u0131.","breadcrumb":{"@id":"https:\/\/tdv.org\/tr-TR\/tdv-somalide-yetim-cocuklarin-yuzunu-guldurdu\/#breadcrumb"},"inLanguage":"tr","potentialAction":[{"@type":"ReadAction","target":["https:\/\/tdv.org\/tr-TR\/tdv-somalide-yetim-cocuklarin-yuzunu-guldurdu\/"]}]},{"@type":"ImageObject","inLanguage":"tr","@id":"https:\/\/tdv.org\/tr-TR\/tdv-somalide-yetim-cocuklarin-yuzunu-guldurdu\/#primaryimage","url":"https:\/\/tdv.org\/tr-TR\/wp-content\/uploads\/2026\/03\/tdv-somali-de-yetim-cocuklarin-yuzunu-guldurdu-18.jpg","contentUrl":"https:\/\/tdv.org\/tr-TR\/wp-content\/uploads\/2026\/03\/tdv-somali-de-yetim-cocuklarin-yuzunu-guldurdu-18.jpg","width":1143,"height":768,"caption":"TDV Somali'de yetim \u00e7ocuklar\u0131n y\u00fcz\u00fcn\u00fc g\u00fcld\u00fcrd\u00fc, yetim, ramazan yard\u0131m\u0131, yetim yard\u0131m\u0131, yetim himayesi"},{"@type":"BreadcrumbList","@id":"https:\/\/tdv.org\/tr-TR\/tdv-somalide-yetim-cocuklarin-yuzunu-guldurdu\/#breadcrumb","itemListElement":[{"@type":"ListItem","position":1,"name":"Anasayfa","item":"https:\/\/tdv.org\/tr-TR\/"},{"@type":"ListItem","position":2,"name":"TDV Somali&#8217;de yetim \u00e7ocuklar\u0131n y\u00fcz\u00fcn\u00fc g\u00fcld\u00fcrd\u00fc"}]},{"@type":"WebSite","@id":"https:\/\/tdv.org\/tr-TR\/#website","url":"https:\/\/tdv.org\/tr-TR\/","name":"T\u00fcrkiye Diyanet Vakf\u0131 Resmi Web Sitesi","description":"Yery\u00fcz\u00fcnde iyilik egemen oluncaya kadar","publisher":{"@id":"https:\/\/tdv.org\/tr-TR\/#organization"},"alternateName":"T\u00fcrkiye Diyanet Vakf\u0131","potentialAction":[{"@type":"SearchAction","target":{"@type":"EntryPoint","urlTemplate":"https:\/\/tdv.org\/tr-TR\/?s={search_term_string}"},"query-input":{"@type":"PropertyValueSpecification","valueRequired":true,"valueName":"search_term_string"}}],"inLanguage":"tr"},{"@type":"Organization","@id":"https:\/\/tdv.org\/tr-TR\/#organization","name":"T\u00fcrkiye Diyanet Vakf\u0131","alternateName":"T\u00fcrkiye Diyanet Vakf\u0131","url":"https:\/\/tdv.org\/tr-TR\/","logo":{"@type":"ImageObject","inLanguage":"tr","@id":"https:\/\/tdv.org\/tr-TR\/#\/schema\/logo\/image\/","url":"https:\/\/tdv.org\/tr-TR\/wp-content\/uploads\/2018\/12\/TDV_Logo_1.png","contentUrl":"https:\/\/tdv.org\/tr-TR\/wp-content\/uploads\/2018\/12\/TDV_Logo_1.png","width":207,"height":71,"caption":"T\u00fcrkiye Diyanet Vakf\u0131"},"image":{"@id":"https:\/\/tdv.org\/tr-TR\/#\/schema\/logo\/image\/"},"sameAs":["https:\/\/www.facebook.com\/Diyanetvakfi\/","https:\/\/x.com\/DiyanetVakfi","https:\/\/www.instagram.com\/turkiyediyanetvakfi\/","https:\/\/www.youtube.com\/user\/TurkiyeDiyanetVakfi"]},{"@type":"Person","@id":"https:\/\/tdv.org\/tr-TR\/#\/schema\/person\/752b55e264a99273d55636516d96d5eb","name":"Selim","image":{"@type":"ImageObject","inLanguage":"tr","@id":"https:\/\/tdv.org\/tr-TR\/wp-content\/litespeed\/avatar\/a1e47b25396e98e5b781e88a5396cd96.jpg?ver=1777287391","url":"https:\/\/tdv.org\/tr-TR\/wp-content\/litespeed\/avatar\/a1e47b25396e98e5b781e88a5396cd96.jpg?ver=1777287391","contentUrl":"https:\/\/tdv.org\/tr-TR\/wp-content\/litespeed\/avatar\/a1e47b25396e98e5b781e88a5396cd96.jpg?ver=1777287391","caption":"Selim"}}]}},"_links":{"self":[{"href":"https:\/\/tdv.org\/tr-TR\/wp-json\/wp\/v2\/posts\/56021","targetHints":{"allow":["GET"]}}],"collection":[{"href":"https:\/\/tdv.org\/tr-TR\/wp-json\/wp\/v2\/posts"}],"about":[{"href":"https:\/\/tdv.org\/tr-TR\/wp-json\/wp\/v2\/types\/post"}],"author":[{"embeddable":true,"href":"https:\/\/tdv.org\/tr-TR\/wp-json\/wp\/v2\/users\/8"}],"replies":[{"embeddable":true,"href":"https:\/\/tdv.org\/tr-TR\/wp-json\/wp\/v2\/comments?post=56021"}],"version-history":[{"count":1,"href":"https:\/\/tdv.org\/tr-TR\/wp-json\/wp\/v2\/posts\/56021\/revisions"}],"predecessor-version":[{"id":56040,"href":"https:\/\/tdv.org\/tr-TR\/wp-json\/wp\/v2\/posts\/56021\/revisions\/56040"}],"wp:featuredmedia":[{"embeddable":true,"href":"https:\/\/tdv.org\/tr-TR\/wp-json\/wp\/v2\/media\/56039"}],"wp:attachment":[{"href":"https:\/\/tdv.org\/tr-TR\/wp-json\/wp\/v2\/media?parent=56021"}],"wp:term":[{"taxonomy":"category","embeddable":true,"href":"https:\/\/tdv.org\/tr-TR\/wp-json\/wp\/v2\/categories?post=56021"},{"taxonomy":"post_tag","embeddable":true,"href":"https:\/\/tdv.org\/tr-TR\/wp-json\/wp\/v2\/tags?post=56021"}],"curies":[{"name":"wp","href":"https:\/\/api.w.org\/{rel}","templated":true}]}}