{"id":56505,"date":"2026-03-10T14:42:33","date_gmt":"2026-03-10T11:42:33","guid":{"rendered":"https:\/\/tdv.org\/tr-TR\/?p=56505"},"modified":"2026-03-10T14:42:33","modified_gmt":"2026-03-10T11:42:33","slug":"turkiyede-egitim-alan-sierra-leoneli-jao-ulkesinin-iyilik-elcisi-oldu","status":"publish","type":"post","link":"https:\/\/tdv.org\/tr-TR\/turkiyede-egitim-alan-sierra-leoneli-jao-ulkesinin-iyilik-elcisi-oldu\/","title":{"rendered":"T\u00fcrkiye&#8217;de e\u011fitim alan Sierra Leoneli Jao, \u00fclkesinin iyilik el\u00e7isi oldu"},"content":{"rendered":"<p style=\"text-align: justify;\"><a href=\"https:\/\/tdv.org\/tr-TR\/\" target=\"_blank\" rel=\"noopener\">T\u00fcrkiye\u00a0Diyanet\u00a0Vakf\u0131<\/a>n\u0131n (TDV) e\u011fitim projesi kapsam\u0131nda lise ve \u00fcniversite e\u011fitimini T\u00fcrkiye&#8217;de tamamlayan Sierra Leoneli Abdul Bassit Jao, mezuniyetinin ard\u0131ndan d\u00f6nd\u00fc\u011f\u00fc \u00fclkesinde kurdu\u011fu dernek ile <a href=\"https:\/\/bagis.tdv.org\/kriz-bolgeleri\/yolun-iyilik-olsun-23\" target=\"_blank\" rel=\"noopener\">insani yard\u0131m<\/a> \u00e7al\u0131\u015fmalar\u0131na \u00f6nc\u00fcl\u00fck ediyor.<\/p>\n<p style=\"text-align: justify;\">Bat\u0131 Afrika \u00fclkesi Sierra Leone&#8217;nin ba\u015fkenti Freetown&#8217;da ya\u015fayan 27 ya\u015f\u0131ndaki Jao, T\u00fcrkiye&#8217;de ge\u00e7irdi\u011fi 8 y\u0131ll\u0131k e\u011fitim s\u00fcrecinin ard\u0131ndan \u00fclkesine d\u00f6nerek TDV&#8217;nin destekledi\u011fi yard\u0131m faaliyetlerinde aktif rol almaya ba\u015flad\u0131.<\/p>\n<p style=\"text-align: justify;\">TDV&#8217;nin Uluslararas\u0131 \u0130mam Hatip Lisesi Projesi kapsam\u0131nda 2015 y\u0131l\u0131nda burslu olarak T\u00fcrkiye&#8217;de e\u011fitim hakk\u0131 kazanan Jao, lise \u00f6\u011frenimini tamamlad\u0131ktan sonra Uluda\u011f \u00dcniversitesi Uluslararas\u0131 \u0130li\u015fkiler B\u00f6l\u00fcm\u00fc&#8217;nden mezun oldu.<\/p>\n<p style=\"text-align: justify;\">2023 y\u0131l\u0131nda Sierra Leone&#8217;ye d\u00f6nen Jao, burada T\u00fcrkiye Mezunlar\u0131 Vakf\u0131n\u0131 kurarak T\u00fcrkiye&#8217;de e\u011fitim g\u00f6r\u00fcp \u00fclkesine d\u00f6nen \u00f6\u011frencileri bir araya getirdi. Jao ve arkada\u015flar\u0131, TDV&#8217;nin de deste\u011fiyle b\u00f6lgede \u00e7e\u015fitli <a href=\"https:\/\/bagis.tdv.org\/kriz-bolgeleri\/yolun-iyilik-olsun-23\" target=\"_blank\" rel=\"noopener\">insani yard\u0131m<\/a> faaliyetleri y\u00fcr\u00fct\u00fcyor.<\/p>\n<p style=\"text-align: justify;\"><strong>TDV&#8217;nin deste\u011fiyle yard\u0131m faaliyetleri<\/strong><\/p>\n<p style=\"text-align: justify;\">Abdul Bassit Jao, T\u00fcrkiye ile Sierra Leone aras\u0131nda g\u00f6n\u00fcl ba\u011f\u0131 kurmaya \u00e7al\u0131\u015ft\u0131klar\u0131n\u0131 s\u00f6yledi.<\/p>\n<p style=\"text-align: justify;\">Jao, e\u011fitim y\u0131llar\u0131nda tan\u0131d\u0131\u011f\u0131 TDV&#8217;nin faaliyetlerini \u00fclkesinde s\u00fcrd\u00fcrd\u00fcklerini belirterek, \u015f\u00f6yle konu\u015ftu:<\/p>\n<p style=\"text-align: justify;\">&#8220;Burada ihtiya\u00e7 sahibi ailelere yard\u0131mc\u0131 oluyoruz ve onlar\u0131n hayat\u0131na \u00f6nemli katk\u0131lar sa\u011flamaya \u00e7al\u0131\u015f\u0131yoruz. TDV&#8217;nin deste\u011fiyle hay\u0131r yapmak isteyenlerin emanetlerini ihtiya\u00e7 sahiplerine ula\u015ft\u0131r\u0131yoruz. Sierra Leone&#8217;de T\u00fcrkiye\u2019nin varl\u0131\u011f\u0131n\u0131 ve yard\u0131m elini hissettirmeye gayret ediyoruz.&#8221;<\/p>\n<p style=\"text-align: justify;\">\u00dclkesi ile T\u00fcrkiye aras\u0131nda iyilik el\u00e7isi olarak g\u00f6rev yapman\u0131n kendisini gururland\u0131rd\u0131\u011f\u0131n\u0131 s\u00f6yleyen Jao, \u015f\u00f6yle devam etti:<\/p>\n<p style=\"text-align: justify;\">&#8220;Ben burada M\u00fcsl\u00fcman karde\u015fli\u011finin, birlikteli\u011fin ve yard\u0131mla\u015fman\u0131n \u00f6nemini g\u00f6r\u00fcyorum. Mesafeler ne kadar uzak olursa olsun, renk, dil ve \u0131rk fark etmeksizin hepimizin karde\u015f oldu\u011funu bu \u00e7al\u0131\u015fmalar g\u00f6steriyor ve bunun \u00f6nemini hat\u0131rlat\u0131yor. Biz de Allah&#8217;\u0131n izniyle ayn\u0131 d\u00fc\u015f\u00fcnceyle yard\u0131m \u00e7al\u0131\u015fmalar\u0131m\u0131za devam ediyoruz. Bunlar\u0131n hepsini T\u00fcrkiye&#8217;ye bor\u00e7luyuz. T\u00fcrk de\u011filim ama acaba soyumda T\u00fcrk kan\u0131 var m\u0131 diye d\u00fc\u015f\u00fcn\u00fcyorum. Ben \u00f6yle hissediyorum. O olmasa bile M\u00fcsl\u00fcman karde\u015fli\u011fi ba\u011f\u0131n\u0131n oldu\u011funa eminim.&#8221;<\/p>\n<p style=\"text-align: justify;\"><strong>&#8220;3 y\u0131ld\u0131r et yiyemeyen insanlar var&#8221;<\/strong><\/p>\n<p style=\"text-align: justify;\">\u00dclkedeki insanlar\u0131n y\u00fczde 70&#8217;inden fazlas\u0131n\u0131n <a href=\"https:\/\/bagis.tdv.org\/su-kuyusu\/su-kuyusu-11\" target=\"_blank\" rel=\"noopener\">temiz suya eri\u015fiminin<\/a> bulunmad\u0131\u011f\u0131n\u0131 ve TDV&#8217;nin a\u00e7t\u0131rd\u0131\u011f\u0131 <a href=\"https:\/\/bagis.tdv.org\/su-kuyusu\/su-kuyusu-11\" target=\"_blank\" rel=\"noopener\">su kuyular\u0131n\u0131n<\/a> b\u00f6lgedeki insanlar i\u00e7in \u00e7ok \u00f6nemli oldu\u011funu belirten Jao, \u015funlar\u0131 kaydetti:<\/p>\n<p style=\"text-align: justify;\">&#8220;Bir mahallede 5 ila 10 bin ki\u015finin faydalanaca\u011f\u0131 <a href=\"https:\/\/bagis.tdv.org\/su-kuyusu\/su-kuyusu-11\" target=\"_blank\" rel=\"noopener\">su kuyular\u0131<\/a> a\u00e7\u0131l\u0131yor ve su s\u00fcrekli ak\u0131yor. Kuruma tehlikesi olmadan temiz ve i\u00e7ilebilir suya uzun s\u00fcre eri\u015fim sa\u011flan\u0131yor. Yetimlere y\u00f6nelik k\u0131rtasiye ve giyim yard\u0131mlar\u0131 yap\u0131l\u0131yor. Kullan\u0131lamaz durumdaki bir yetimhane TDV&#8217;nin deste\u011fiyle yeniden aya\u011fa kald\u0131r\u0131ld\u0131. Gerekli tadilat, bak\u0131m ve onar\u0131mlar\u0131 yap\u0131ld\u0131. <a href=\"https:\/\/bagis.tdv.org\/#kurban\" target=\"_blank\" rel=\"noopener\">Kurban<\/a> da burada \u00e7ok \u00f6nemli. Et yemek burada ger\u00e7ekten bir zengin yeme\u011fi say\u0131labilir. <a href=\"https:\/\/bagis.tdv.org\/#kurban\" target=\"_blank\" rel=\"noopener\">Kurban<\/a> kesmeye ba\u015flad\u0131\u011f\u0131m\u0131zda biri bana gelip &#8220;3 y\u0131ld\u0131r et yemedim.&#8221; dedi. \u00dclke \u015fartlar\u0131 d\u00fc\u015f\u00fcn\u00fcld\u00fc\u011f\u00fcnde bunun do\u011fru oldu\u011funu anl\u0131yorsunuz. Burada et yemek ger\u00e7ekten bir l\u00fcks.&#8221;<\/p>\n<p style=\"text-align: justify;\">\u00dclkesine yap\u0131lan yard\u0131mlarda ba\u011f\u0131\u015fta bulunan herkese te\u015fekk\u00fcr eden Jao, <a href=\"https:\/\/bagis.tdv.org\/#kurban\" target=\"_blank\" rel=\"noopener\">kurban<\/a> d\u00f6neminde bir\u00e7ok M\u00fcsl\u00fcman\u0131n imkans\u0131zl\u0131klar nedeniyle <a href=\"https:\/\/bagis.tdv.org\/#kurban\" target=\"_blank\" rel=\"noopener\">kurban <\/a>kesemedi\u011fini, bu nedenle yard\u0131m gelmezse insanlar\u0131n et t\u00fcketme imkan\u0131n\u0131n olduk\u00e7a s\u0131n\u0131rl\u0131 oldu\u011funu s\u00f6zlerine ekledi.<\/p>\n\n\t\t<style type=\"text\/css\">\n\t\t\t#gallery-1 {\n\t\t\t\tmargin: auto;\n\t\t\t}\n\t\t\t#gallery-1 .gallery-item {\n\t\t\t\tfloat: left;\n\t\t\t\tmargin-top: 10px;\n\t\t\t\ttext-align: center;\n\t\t\t\twidth: 33%;\n\t\t\t}\n\t\t\t#gallery-1 img {\n\t\t\t\tborder: 2px solid #cfcfcf;\n\t\t\t}\n\t\t\t#gallery-1 .gallery-caption {\n\t\t\t\tmargin-left: 0;\n\t\t\t}\n\t\t\t\/* see gallery_shortcode() in wp-includes\/media.php *\/\n\t\t<\/style>\n\t\t<div id='gallery-1' class='gallery galleryid-56505 gallery-columns-3 gallery-size-large'><dl class='gallery-item'>\n\t\t\t<dt class='gallery-icon landscape'>\n\t\t\t\t<a href='https:\/\/tdv.org\/tr-TR\/wp-content\/uploads\/2026\/03\/turkiye-de-egitim-alan-sierra-leoneli-jao-ulkesinin-iyilik-elcisi-oldu-1.jpg'><img decoding=\"async\" width=\"1024\" height=\"683\" src=\"https:\/\/tdv.org\/tr-TR\/wp-content\/uploads\/2026\/03\/turkiye-de-egitim-alan-sierra-leoneli-jao-ulkesinin-iyilik-elcisi-oldu-1-1024x683.jpg\" class=\"attachment-large size-large\" alt=\"\" aria-describedby=\"gallery-1-56506\" srcset=\"https:\/\/tdv.org\/tr-TR\/wp-content\/uploads\/2026\/03\/turkiye-de-egitim-alan-sierra-leoneli-jao-ulkesinin-iyilik-elcisi-oldu-1-1024x683.jpg 1024w, https:\/\/tdv.org\/tr-TR\/wp-content\/uploads\/2026\/03\/turkiye-de-egitim-alan-sierra-leoneli-jao-ulkesinin-iyilik-elcisi-oldu-1-300x200.jpg 300w, https:\/\/tdv.org\/tr-TR\/wp-content\/uploads\/2026\/03\/turkiye-de-egitim-alan-sierra-leoneli-jao-ulkesinin-iyilik-elcisi-oldu-1-768x512.jpg 768w, https:\/\/tdv.org\/tr-TR\/wp-content\/uploads\/2026\/03\/turkiye-de-egitim-alan-sierra-leoneli-jao-ulkesinin-iyilik-elcisi-oldu-1-900x600.jpg 900w, https:\/\/tdv.org\/tr-TR\/wp-content\/uploads\/2026\/03\/turkiye-de-egitim-alan-sierra-leoneli-jao-ulkesinin-iyilik-elcisi-oldu-1.jpg 1152w\" sizes=\"(max-width: 1024px) 100vw, 1024px\" \/><\/a>\n\t\t\t<\/dt>\n\t\t\t\t<dd class='wp-caption-text gallery-caption' id='gallery-1-56506'>\n\t\t\t\tT\u00fcrkiye&#8217;de e\u011fitim alan Sierra Leoneli Jao, \u00fclkesinin iyilik el\u00e7isi oldu, e\u011fitim, burs, diyanet burslar\u0131, ramazan, kurban, vekaleten kurban, iyilik,\n\t\t\t\t<\/dd><\/dl><dl class='gallery-item'>\n\t\t\t<dt class='gallery-icon landscape'>\n\t\t\t\t<a href='https:\/\/tdv.org\/tr-TR\/wp-content\/uploads\/2026\/03\/turkiye-de-egitim-alan-sierra-leoneli-jao-ulkesinin-iyilik-elcisi-oldu-2.jpg'><img decoding=\"async\" width=\"1024\" height=\"683\" src=\"https:\/\/tdv.org\/tr-TR\/wp-content\/uploads\/2026\/03\/turkiye-de-egitim-alan-sierra-leoneli-jao-ulkesinin-iyilik-elcisi-oldu-2-1024x683.jpg\" class=\"attachment-large size-large\" alt=\"\" aria-describedby=\"gallery-1-56507\" srcset=\"https:\/\/tdv.org\/tr-TR\/wp-content\/uploads\/2026\/03\/turkiye-de-egitim-alan-sierra-leoneli-jao-ulkesinin-iyilik-elcisi-oldu-2-1024x683.jpg 1024w, https:\/\/tdv.org\/tr-TR\/wp-content\/uploads\/2026\/03\/turkiye-de-egitim-alan-sierra-leoneli-jao-ulkesinin-iyilik-elcisi-oldu-2-300x200.jpg 300w, https:\/\/tdv.org\/tr-TR\/wp-content\/uploads\/2026\/03\/turkiye-de-egitim-alan-sierra-leoneli-jao-ulkesinin-iyilik-elcisi-oldu-2-768x512.jpg 768w, https:\/\/tdv.org\/tr-TR\/wp-content\/uploads\/2026\/03\/turkiye-de-egitim-alan-sierra-leoneli-jao-ulkesinin-iyilik-elcisi-oldu-2-900x600.jpg 900w, https:\/\/tdv.org\/tr-TR\/wp-content\/uploads\/2026\/03\/turkiye-de-egitim-alan-sierra-leoneli-jao-ulkesinin-iyilik-elcisi-oldu-2.jpg 1152w\" sizes=\"(max-width: 1024px) 100vw, 1024px\" \/><\/a>\n\t\t\t<\/dt>\n\t\t\t\t<dd class='wp-caption-text gallery-caption' id='gallery-1-56507'>\n\t\t\t\tT\u00fcrkiye&#8217;de e\u011fitim alan Sierra Leoneli Jao, \u00fclkesinin iyilik el\u00e7isi oldu, e\u011fitim, burs, diyanet burslar\u0131, ramazan, kurban, vekaleten kurban, iyilik,\n\t\t\t\t<\/dd><\/dl><dl class='gallery-item'>\n\t\t\t<dt class='gallery-icon landscape'>\n\t\t\t\t<a href='https:\/\/tdv.org\/tr-TR\/wp-content\/uploads\/2026\/03\/turkiye-de-egitim-alan-sierra-leoneli-jao-ulkesinin-iyilik-elcisi-oldu-3.jpg'><img decoding=\"async\" width=\"1024\" height=\"683\" src=\"https:\/\/tdv.org\/tr-TR\/wp-content\/uploads\/2026\/03\/turkiye-de-egitim-alan-sierra-leoneli-jao-ulkesinin-iyilik-elcisi-oldu-3-1024x683.jpg\" class=\"attachment-large size-large\" alt=\"\" aria-describedby=\"gallery-1-56508\" srcset=\"https:\/\/tdv.org\/tr-TR\/wp-content\/uploads\/2026\/03\/turkiye-de-egitim-alan-sierra-leoneli-jao-ulkesinin-iyilik-elcisi-oldu-3-1024x683.jpg 1024w, https:\/\/tdv.org\/tr-TR\/wp-content\/uploads\/2026\/03\/turkiye-de-egitim-alan-sierra-leoneli-jao-ulkesinin-iyilik-elcisi-oldu-3-300x200.jpg 300w, https:\/\/tdv.org\/tr-TR\/wp-content\/uploads\/2026\/03\/turkiye-de-egitim-alan-sierra-leoneli-jao-ulkesinin-iyilik-elcisi-oldu-3-768x512.jpg 768w, https:\/\/tdv.org\/tr-TR\/wp-content\/uploads\/2026\/03\/turkiye-de-egitim-alan-sierra-leoneli-jao-ulkesinin-iyilik-elcisi-oldu-3-900x600.jpg 900w, https:\/\/tdv.org\/tr-TR\/wp-content\/uploads\/2026\/03\/turkiye-de-egitim-alan-sierra-leoneli-jao-ulkesinin-iyilik-elcisi-oldu-3.jpg 1152w\" sizes=\"(max-width: 1024px) 100vw, 1024px\" \/><\/a>\n\t\t\t<\/dt>\n\t\t\t\t<dd class='wp-caption-text gallery-caption' id='gallery-1-56508'>\n\t\t\t\tT\u00fcrkiye&#8217;de e\u011fitim alan Sierra Leoneli Jao, \u00fclkesinin iyilik el\u00e7isi oldu, e\u011fitim, burs, diyanet burslar\u0131, ramazan, kurban, vekaleten kurban, iyilik,\n\t\t\t\t<\/dd><\/dl><br style=\"clear: both\" \/><dl class='gallery-item'>\n\t\t\t<dt class='gallery-icon landscape'>\n\t\t\t\t<a href='https:\/\/tdv.org\/tr-TR\/wp-content\/uploads\/2026\/03\/turkiye-de-egitim-alan-sierra-leoneli-jao-ulkesinin-iyilik-elcisi-oldu-4.jpg'><img decoding=\"async\" width=\"1024\" height=\"683\" src=\"https:\/\/tdv.org\/tr-TR\/wp-content\/uploads\/2026\/03\/turkiye-de-egitim-alan-sierra-leoneli-jao-ulkesinin-iyilik-elcisi-oldu-4-1024x683.jpg\" class=\"attachment-large size-large\" alt=\"\" aria-describedby=\"gallery-1-56509\" srcset=\"https:\/\/tdv.org\/tr-TR\/wp-content\/uploads\/2026\/03\/turkiye-de-egitim-alan-sierra-leoneli-jao-ulkesinin-iyilik-elcisi-oldu-4-1024x683.jpg 1024w, https:\/\/tdv.org\/tr-TR\/wp-content\/uploads\/2026\/03\/turkiye-de-egitim-alan-sierra-leoneli-jao-ulkesinin-iyilik-elcisi-oldu-4-300x200.jpg 300w, https:\/\/tdv.org\/tr-TR\/wp-content\/uploads\/2026\/03\/turkiye-de-egitim-alan-sierra-leoneli-jao-ulkesinin-iyilik-elcisi-oldu-4-768x512.jpg 768w, https:\/\/tdv.org\/tr-TR\/wp-content\/uploads\/2026\/03\/turkiye-de-egitim-alan-sierra-leoneli-jao-ulkesinin-iyilik-elcisi-oldu-4-900x600.jpg 900w, https:\/\/tdv.org\/tr-TR\/wp-content\/uploads\/2026\/03\/turkiye-de-egitim-alan-sierra-leoneli-jao-ulkesinin-iyilik-elcisi-oldu-4.jpg 1152w\" sizes=\"(max-width: 1024px) 100vw, 1024px\" \/><\/a>\n\t\t\t<\/dt>\n\t\t\t\t<dd class='wp-caption-text gallery-caption' id='gallery-1-56509'>\n\t\t\t\tT\u00fcrkiye&#8217;de e\u011fitim alan Sierra Leoneli Jao, \u00fclkesinin iyilik el\u00e7isi oldu, e\u011fitim, burs, diyanet burslar\u0131, ramazan, kurban, vekaleten kurban, iyilik,\n\t\t\t\t<\/dd><\/dl><dl class='gallery-item'>\n\t\t\t<dt class='gallery-icon landscape'>\n\t\t\t\t<a href='https:\/\/tdv.org\/tr-TR\/wp-content\/uploads\/2026\/03\/turkiye-de-egitim-alan-sierra-leoneli-jao-ulkesinin-iyilik-elcisi-oldu-5.jpg'><img decoding=\"async\" width=\"1024\" height=\"683\" src=\"https:\/\/tdv.org\/tr-TR\/wp-content\/uploads\/2026\/03\/turkiye-de-egitim-alan-sierra-leoneli-jao-ulkesinin-iyilik-elcisi-oldu-5-1024x683.jpg\" class=\"attachment-large size-large\" alt=\"\" aria-describedby=\"gallery-1-56510\" srcset=\"https:\/\/tdv.org\/tr-TR\/wp-content\/uploads\/2026\/03\/turkiye-de-egitim-alan-sierra-leoneli-jao-ulkesinin-iyilik-elcisi-oldu-5-1024x683.jpg 1024w, https:\/\/tdv.org\/tr-TR\/wp-content\/uploads\/2026\/03\/turkiye-de-egitim-alan-sierra-leoneli-jao-ulkesinin-iyilik-elcisi-oldu-5-300x200.jpg 300w, https:\/\/tdv.org\/tr-TR\/wp-content\/uploads\/2026\/03\/turkiye-de-egitim-alan-sierra-leoneli-jao-ulkesinin-iyilik-elcisi-oldu-5-768x512.jpg 768w, https:\/\/tdv.org\/tr-TR\/wp-content\/uploads\/2026\/03\/turkiye-de-egitim-alan-sierra-leoneli-jao-ulkesinin-iyilik-elcisi-oldu-5-900x600.jpg 900w, https:\/\/tdv.org\/tr-TR\/wp-content\/uploads\/2026\/03\/turkiye-de-egitim-alan-sierra-leoneli-jao-ulkesinin-iyilik-elcisi-oldu-5.jpg 1152w\" sizes=\"(max-width: 1024px) 100vw, 1024px\" \/><\/a>\n\t\t\t<\/dt>\n\t\t\t\t<dd class='wp-caption-text gallery-caption' id='gallery-1-56510'>\n\t\t\t\tT\u00fcrkiye&#8217;de e\u011fitim alan Sierra Leoneli Jao, \u00fclkesinin iyilik el\u00e7isi oldu, e\u011fitim, burs, diyanet burslar\u0131, ramazan, kurban, vekaleten kurban, iyilik,\n\t\t\t\t<\/dd><\/dl><dl class='gallery-item'>\n\t\t\t<dt class='gallery-icon landscape'>\n\t\t\t\t<a href='https:\/\/tdv.org\/tr-TR\/wp-content\/uploads\/2026\/03\/turkiye-de-egitim-alan-sierra-leoneli-jao-ulkesinin-iyilik-elcisi-oldu-6.jpg'><img decoding=\"async\" width=\"1024\" height=\"683\" src=\"https:\/\/tdv.org\/tr-TR\/wp-content\/uploads\/2026\/03\/turkiye-de-egitim-alan-sierra-leoneli-jao-ulkesinin-iyilik-elcisi-oldu-6-1024x683.jpg\" class=\"attachment-large size-large\" alt=\"\" aria-describedby=\"gallery-1-56511\" srcset=\"https:\/\/tdv.org\/tr-TR\/wp-content\/uploads\/2026\/03\/turkiye-de-egitim-alan-sierra-leoneli-jao-ulkesinin-iyilik-elcisi-oldu-6-1024x683.jpg 1024w, https:\/\/tdv.org\/tr-TR\/wp-content\/uploads\/2026\/03\/turkiye-de-egitim-alan-sierra-leoneli-jao-ulkesinin-iyilik-elcisi-oldu-6-300x200.jpg 300w, https:\/\/tdv.org\/tr-TR\/wp-content\/uploads\/2026\/03\/turkiye-de-egitim-alan-sierra-leoneli-jao-ulkesinin-iyilik-elcisi-oldu-6-768x512.jpg 768w, https:\/\/tdv.org\/tr-TR\/wp-content\/uploads\/2026\/03\/turkiye-de-egitim-alan-sierra-leoneli-jao-ulkesinin-iyilik-elcisi-oldu-6-900x600.jpg 900w, https:\/\/tdv.org\/tr-TR\/wp-content\/uploads\/2026\/03\/turkiye-de-egitim-alan-sierra-leoneli-jao-ulkesinin-iyilik-elcisi-oldu-6.jpg 1152w\" sizes=\"(max-width: 1024px) 100vw, 1024px\" \/><\/a>\n\t\t\t<\/dt>\n\t\t\t\t<dd class='wp-caption-text gallery-caption' id='gallery-1-56511'>\n\t\t\t\tT\u00fcrkiye&#8217;de e\u011fitim alan Sierra Leoneli Jao, \u00fclkesinin iyilik el\u00e7isi oldu, e\u011fitim, burs, diyanet burslar\u0131, ramazan, kurban, vekaleten kurban, iyilik,\n\t\t\t\t<\/dd><\/dl><br style=\"clear: both\" \/><dl class='gallery-item'>\n\t\t\t<dt class='gallery-icon landscape'>\n\t\t\t\t<a href='https:\/\/tdv.org\/tr-TR\/wp-content\/uploads\/2026\/03\/turkiye-de-egitim-alan-sierra-leoneli-jao-ulkesinin-iyilik-elcisi-oldu-7.jpg'><img decoding=\"async\" width=\"1024\" height=\"683\" src=\"https:\/\/tdv.org\/tr-TR\/wp-content\/uploads\/2026\/03\/turkiye-de-egitim-alan-sierra-leoneli-jao-ulkesinin-iyilik-elcisi-oldu-7-1024x683.jpg\" class=\"attachment-large size-large\" alt=\"\" aria-describedby=\"gallery-1-56512\" srcset=\"https:\/\/tdv.org\/tr-TR\/wp-content\/uploads\/2026\/03\/turkiye-de-egitim-alan-sierra-leoneli-jao-ulkesinin-iyilik-elcisi-oldu-7-1024x683.jpg 1024w, https:\/\/tdv.org\/tr-TR\/wp-content\/uploads\/2026\/03\/turkiye-de-egitim-alan-sierra-leoneli-jao-ulkesinin-iyilik-elcisi-oldu-7-300x200.jpg 300w, https:\/\/tdv.org\/tr-TR\/wp-content\/uploads\/2026\/03\/turkiye-de-egitim-alan-sierra-leoneli-jao-ulkesinin-iyilik-elcisi-oldu-7-768x512.jpg 768w, https:\/\/tdv.org\/tr-TR\/wp-content\/uploads\/2026\/03\/turkiye-de-egitim-alan-sierra-leoneli-jao-ulkesinin-iyilik-elcisi-oldu-7-900x600.jpg 900w, https:\/\/tdv.org\/tr-TR\/wp-content\/uploads\/2026\/03\/turkiye-de-egitim-alan-sierra-leoneli-jao-ulkesinin-iyilik-elcisi-oldu-7.jpg 1152w\" sizes=\"(max-width: 1024px) 100vw, 1024px\" \/><\/a>\n\t\t\t<\/dt>\n\t\t\t\t<dd class='wp-caption-text gallery-caption' id='gallery-1-56512'>\n\t\t\t\tT\u00fcrkiye&#8217;de e\u011fitim alan Sierra Leoneli Jao, \u00fclkesinin iyilik el\u00e7isi oldu, e\u011fitim, burs, diyanet burslar\u0131, ramazan, kurban, vekaleten kurban, iyilik,\n\t\t\t\t<\/dd><\/dl><dl class='gallery-item'>\n\t\t\t<dt class='gallery-icon landscape'>\n\t\t\t\t<a href='https:\/\/tdv.org\/tr-TR\/wp-content\/uploads\/2026\/03\/turkiye-de-egitim-alan-sierra-leoneli-jao-ulkesinin-iyilik-elcisi-oldu-8.jpg'><img decoding=\"async\" width=\"1024\" height=\"683\" src=\"https:\/\/tdv.org\/tr-TR\/wp-content\/uploads\/2026\/03\/turkiye-de-egitim-alan-sierra-leoneli-jao-ulkesinin-iyilik-elcisi-oldu-8-1024x683.jpg\" class=\"attachment-large size-large\" alt=\"\" aria-describedby=\"gallery-1-56513\" srcset=\"https:\/\/tdv.org\/tr-TR\/wp-content\/uploads\/2026\/03\/turkiye-de-egitim-alan-sierra-leoneli-jao-ulkesinin-iyilik-elcisi-oldu-8-1024x683.jpg 1024w, https:\/\/tdv.org\/tr-TR\/wp-content\/uploads\/2026\/03\/turkiye-de-egitim-alan-sierra-leoneli-jao-ulkesinin-iyilik-elcisi-oldu-8-300x200.jpg 300w, https:\/\/tdv.org\/tr-TR\/wp-content\/uploads\/2026\/03\/turkiye-de-egitim-alan-sierra-leoneli-jao-ulkesinin-iyilik-elcisi-oldu-8-768x512.jpg 768w, https:\/\/tdv.org\/tr-TR\/wp-content\/uploads\/2026\/03\/turkiye-de-egitim-alan-sierra-leoneli-jao-ulkesinin-iyilik-elcisi-oldu-8-900x600.jpg 900w, https:\/\/tdv.org\/tr-TR\/wp-content\/uploads\/2026\/03\/turkiye-de-egitim-alan-sierra-leoneli-jao-ulkesinin-iyilik-elcisi-oldu-8.jpg 1152w\" sizes=\"(max-width: 1024px) 100vw, 1024px\" \/><\/a>\n\t\t\t<\/dt>\n\t\t\t\t<dd class='wp-caption-text gallery-caption' id='gallery-1-56513'>\n\t\t\t\tT\u00fcrkiye&#8217;de e\u011fitim alan Sierra Leoneli Jao, \u00fclkesinin iyilik el\u00e7isi oldu, e\u011fitim, burs, diyanet burslar\u0131, ramazan, kurban, vekaleten kurban, iyilik,\n\t\t\t\t<\/dd><\/dl><dl class='gallery-item'>\n\t\t\t<dt class='gallery-icon landscape'>\n\t\t\t\t<a href='https:\/\/tdv.org\/tr-TR\/wp-content\/uploads\/2026\/03\/turkiye-de-egitim-alan-sierra-leoneli-jao-ulkesinin-iyilik-elcisi-oldu-9.jpg'><img decoding=\"async\" width=\"1024\" height=\"683\" src=\"https:\/\/tdv.org\/tr-TR\/wp-content\/uploads\/2026\/03\/turkiye-de-egitim-alan-sierra-leoneli-jao-ulkesinin-iyilik-elcisi-oldu-9-1024x683.jpg\" class=\"attachment-large size-large\" alt=\"\" aria-describedby=\"gallery-1-56514\" srcset=\"https:\/\/tdv.org\/tr-TR\/wp-content\/uploads\/2026\/03\/turkiye-de-egitim-alan-sierra-leoneli-jao-ulkesinin-iyilik-elcisi-oldu-9-1024x683.jpg 1024w, https:\/\/tdv.org\/tr-TR\/wp-content\/uploads\/2026\/03\/turkiye-de-egitim-alan-sierra-leoneli-jao-ulkesinin-iyilik-elcisi-oldu-9-300x200.jpg 300w, https:\/\/tdv.org\/tr-TR\/wp-content\/uploads\/2026\/03\/turkiye-de-egitim-alan-sierra-leoneli-jao-ulkesinin-iyilik-elcisi-oldu-9-768x512.jpg 768w, https:\/\/tdv.org\/tr-TR\/wp-content\/uploads\/2026\/03\/turkiye-de-egitim-alan-sierra-leoneli-jao-ulkesinin-iyilik-elcisi-oldu-9-900x600.jpg 900w, https:\/\/tdv.org\/tr-TR\/wp-content\/uploads\/2026\/03\/turkiye-de-egitim-alan-sierra-leoneli-jao-ulkesinin-iyilik-elcisi-oldu-9.jpg 1152w\" sizes=\"(max-width: 1024px) 100vw, 1024px\" \/><\/a>\n\t\t\t<\/dt>\n\t\t\t\t<dd class='wp-caption-text gallery-caption' id='gallery-1-56514'>\n\t\t\t\tT\u00fcrkiye&#8217;de e\u011fitim alan Sierra Leoneli Jao, \u00fclkesinin iyilik el\u00e7isi oldu, e\u011fitim, burs, diyanet burslar\u0131, ramazan, kurban, vekaleten kurban, iyilik,\n\t\t\t\t<\/dd><\/dl><br style=\"clear: both\" \/><dl class='gallery-item'>\n\t\t\t<dt class='gallery-icon landscape'>\n\t\t\t\t<a href='https:\/\/tdv.org\/tr-TR\/wp-content\/uploads\/2026\/03\/turkiye-de-egitim-alan-sierra-leoneli-jao-ulkesinin-iyilik-elcisi-oldu-10.jpg'><img decoding=\"async\" width=\"1024\" height=\"683\" src=\"https:\/\/tdv.org\/tr-TR\/wp-content\/uploads\/2026\/03\/turkiye-de-egitim-alan-sierra-leoneli-jao-ulkesinin-iyilik-elcisi-oldu-10-1024x683.jpg\" class=\"attachment-large size-large\" alt=\"\" aria-describedby=\"gallery-1-56515\" srcset=\"https:\/\/tdv.org\/tr-TR\/wp-content\/uploads\/2026\/03\/turkiye-de-egitim-alan-sierra-leoneli-jao-ulkesinin-iyilik-elcisi-oldu-10-1024x683.jpg 1024w, https:\/\/tdv.org\/tr-TR\/wp-content\/uploads\/2026\/03\/turkiye-de-egitim-alan-sierra-leoneli-jao-ulkesinin-iyilik-elcisi-oldu-10-300x200.jpg 300w, https:\/\/tdv.org\/tr-TR\/wp-content\/uploads\/2026\/03\/turkiye-de-egitim-alan-sierra-leoneli-jao-ulkesinin-iyilik-elcisi-oldu-10-768x512.jpg 768w, https:\/\/tdv.org\/tr-TR\/wp-content\/uploads\/2026\/03\/turkiye-de-egitim-alan-sierra-leoneli-jao-ulkesinin-iyilik-elcisi-oldu-10-900x600.jpg 900w, https:\/\/tdv.org\/tr-TR\/wp-content\/uploads\/2026\/03\/turkiye-de-egitim-alan-sierra-leoneli-jao-ulkesinin-iyilik-elcisi-oldu-10.jpg 1152w\" sizes=\"(max-width: 1024px) 100vw, 1024px\" \/><\/a>\n\t\t\t<\/dt>\n\t\t\t\t<dd class='wp-caption-text gallery-caption' id='gallery-1-56515'>\n\t\t\t\tT\u00fcrkiye&#8217;de e\u011fitim alan Sierra Leoneli Jao, \u00fclkesinin iyilik el\u00e7isi oldu, e\u011fitim, burs, diyanet burslar\u0131, ramazan, kurban, vekaleten kurban, iyilik,\n\t\t\t\t<\/dd><\/dl><dl class='gallery-item'>\n\t\t\t<dt class='gallery-icon landscape'>\n\t\t\t\t<a href='https:\/\/tdv.org\/tr-TR\/wp-content\/uploads\/2026\/03\/turkiye-de-egitim-alan-sierra-leoneli-jao-ulkesinin-iyilik-elcisi-oldu-11.jpg'><img decoding=\"async\" width=\"1024\" height=\"683\" src=\"https:\/\/tdv.org\/tr-TR\/wp-content\/uploads\/2026\/03\/turkiye-de-egitim-alan-sierra-leoneli-jao-ulkesinin-iyilik-elcisi-oldu-11-1024x683.jpg\" class=\"attachment-large size-large\" alt=\"\" aria-describedby=\"gallery-1-56516\" srcset=\"https:\/\/tdv.org\/tr-TR\/wp-content\/uploads\/2026\/03\/turkiye-de-egitim-alan-sierra-leoneli-jao-ulkesinin-iyilik-elcisi-oldu-11-1024x683.jpg 1024w, https:\/\/tdv.org\/tr-TR\/wp-content\/uploads\/2026\/03\/turkiye-de-egitim-alan-sierra-leoneli-jao-ulkesinin-iyilik-elcisi-oldu-11-300x200.jpg 300w, https:\/\/tdv.org\/tr-TR\/wp-content\/uploads\/2026\/03\/turkiye-de-egitim-alan-sierra-leoneli-jao-ulkesinin-iyilik-elcisi-oldu-11-768x512.jpg 768w, https:\/\/tdv.org\/tr-TR\/wp-content\/uploads\/2026\/03\/turkiye-de-egitim-alan-sierra-leoneli-jao-ulkesinin-iyilik-elcisi-oldu-11-900x600.jpg 900w, https:\/\/tdv.org\/tr-TR\/wp-content\/uploads\/2026\/03\/turkiye-de-egitim-alan-sierra-leoneli-jao-ulkesinin-iyilik-elcisi-oldu-11.jpg 1152w\" sizes=\"(max-width: 1024px) 100vw, 1024px\" \/><\/a>\n\t\t\t<\/dt>\n\t\t\t\t<dd class='wp-caption-text gallery-caption' id='gallery-1-56516'>\n\t\t\t\tT\u00fcrkiye&#8217;de e\u011fitim alan Sierra Leoneli Jao, \u00fclkesinin iyilik el\u00e7isi oldu, e\u011fitim, burs, diyanet burslar\u0131, ramazan, kurban, vekaleten kurban, iyilik,\n\t\t\t\t<\/dd><\/dl>\n\t\t\t<br style='clear: both' \/>\n\t\t<\/div>\n\n","protected":false},"excerpt":{"rendered":"<p>T\u00fcrkiye\u00a0Diyanet\u00a0Vakf\u0131n\u0131n (TDV) e\u011fitim projesi kapsam\u0131nda lise ve \u00fcniversite e\u011fitimini T\u00fcrkiye&#8217;de tamamlayan Sierra Leoneli Abdul Bassit Jao, mezuniyetinin ard\u0131ndan d\u00f6nd\u00fc\u011f\u00fc \u00fclkesinde kurdu\u011fu dernek ile insani yard\u0131m \u00e7al\u0131\u015fmalar\u0131na \u00f6nc\u00fcl\u00fck ediyor. Bat\u0131 Afrika&#8230;<\/p>\n","protected":false},"author":8,"featured_media":56514,"comment_status":"closed","ping_status":"closed","sticky":false,"template":"","format":"standard","meta":{"footnotes":""},"categories":[1],"tags":[2470,1125,171,107,2464,184,328],"class_list":{"0":"post-56505","1":"post","2":"type-post","3":"status-publish","4":"format-standard","5":"has-post-thumbnail","7":"category-haberler","8":"tag-2026-ramazan","9":"tag-bir-damla-hayat-su-kuyusu-ve-vakif-cesmesi-projesi","10":"tag-kurban","11":"tag-ramazan","12":"tag-ramazan-2026","13":"tag-su-kuyusu","14":"tag-su-kuyusu-ve-vakif-cesmesi"},"yoast_head":"<!-- This site is optimized with the Yoast SEO plugin v27.5 - https:\/\/yoast.com\/product\/yoast-seo-wordpress\/ -->\n<title>T\u00fcrkiye&#039;de e\u011fitim alan Sierra Leoneli Jao, \u00fclkesinin iyilik el\u00e7isi oldu<\/title>\n<meta name=\"description\" content=\"T\u00fcrkiye\u00a0Diyanet\u00a0Vakf\u0131n\u0131n (TDV) e\u011fitim projesi kapsam\u0131nda lise ve \u00fcniversite e\u011fitimini T\u00fcrkiye&#039;de tamamlayan Sierra Leoneli Abdul Bassit Jao, mezuniyetinin ard\u0131ndan d\u00f6nd\u00fc\u011f\u00fc \u00fclkesinde kurdu\u011fu dernek ile insani yard\u0131m \u00e7al\u0131\u015fmalar\u0131na \u00f6nc\u00fcl\u00fck ediyor.\" \/>\n<meta name=\"robots\" content=\"index, follow, max-snippet:-1, max-image-preview:large, max-video-preview:-1\" \/>\n<link rel=\"canonical\" href=\"https:\/\/tdv.org\/tr-TR\/turkiyede-egitim-alan-sierra-leoneli-jao-ulkesinin-iyilik-elcisi-oldu\/\" \/>\n<meta property=\"og:locale\" content=\"tr_TR\" \/>\n<meta property=\"og:type\" content=\"article\" \/>\n<meta property=\"og:title\" content=\"T\u00fcrkiye&#039;de e\u011fitim alan Sierra Leoneli Jao, \u00fclkesinin iyilik el\u00e7isi oldu\" \/>\n<meta property=\"og:description\" content=\"T\u00fcrkiye\u00a0Diyanet\u00a0Vakf\u0131n\u0131n (TDV) e\u011fitim projesi kapsam\u0131nda lise ve \u00fcniversite e\u011fitimini T\u00fcrkiye&#039;de tamamlayan Sierra Leoneli Abdul Bassit Jao, mezuniyetinin ard\u0131ndan d\u00f6nd\u00fc\u011f\u00fc \u00fclkesinde kurdu\u011fu dernek ile insani yard\u0131m \u00e7al\u0131\u015fmalar\u0131na \u00f6nc\u00fcl\u00fck ediyor.\" \/>\n<meta property=\"og:url\" content=\"https:\/\/tdv.org\/tr-TR\/turkiyede-egitim-alan-sierra-leoneli-jao-ulkesinin-iyilik-elcisi-oldu\/\" \/>\n<meta property=\"og:site_name\" content=\"T\u00fcrkiye Diyanet Vakf\u0131 Resmi Web Sitesi\" \/>\n<meta property=\"article:publisher\" content=\"https:\/\/www.facebook.com\/Diyanetvakfi\/\" \/>\n<meta property=\"article:published_time\" content=\"2026-03-10T11:42:33+00:00\" \/>\n<meta property=\"og:image\" content=\"https:\/\/tdv.org\/tr-TR\/wp-content\/uploads\/2026\/03\/turkiye-de-egitim-alan-sierra-leoneli-jao-ulkesinin-iyilik-elcisi-oldu-9.jpg\" \/>\n\t<meta property=\"og:image:width\" content=\"1152\" \/>\n\t<meta property=\"og:image:height\" content=\"768\" \/>\n\t<meta property=\"og:image:type\" content=\"image\/jpeg\" \/>\n<meta name=\"author\" content=\"Selim\" \/>\n<meta name=\"twitter:card\" content=\"summary_large_image\" \/>\n<meta name=\"twitter:creator\" content=\"@DiyanetVakfi\" \/>\n<meta name=\"twitter:site\" content=\"@DiyanetVakfi\" \/>\n<script type=\"application\/ld+json\" class=\"yoast-schema-graph\">{\"@context\":\"https:\\\/\\\/schema.org\",\"@graph\":[{\"@type\":\"Article\",\"@id\":\"https:\\\/\\\/tdv.org\\\/tr-TR\\\/turkiyede-egitim-alan-sierra-leoneli-jao-ulkesinin-iyilik-elcisi-oldu\\\/#article\",\"isPartOf\":{\"@id\":\"https:\\\/\\\/tdv.org\\\/tr-TR\\\/turkiyede-egitim-alan-sierra-leoneli-jao-ulkesinin-iyilik-elcisi-oldu\\\/\"},\"author\":{\"name\":\"Selim\",\"@id\":\"https:\\\/\\\/tdv.org\\\/tr-TR\\\/#\\\/schema\\\/person\\\/752b55e264a99273d55636516d96d5eb\"},\"headline\":\"T\u00fcrkiye&#8217;de e\u011fitim alan Sierra Leoneli Jao, \u00fclkesinin iyilik el\u00e7isi oldu\",\"datePublished\":\"2026-03-10T11:42:33+00:00\",\"mainEntityOfPage\":{\"@id\":\"https:\\\/\\\/tdv.org\\\/tr-TR\\\/turkiyede-egitim-alan-sierra-leoneli-jao-ulkesinin-iyilik-elcisi-oldu\\\/\"},\"wordCount\":646,\"publisher\":{\"@id\":\"https:\\\/\\\/tdv.org\\\/tr-TR\\\/#organization\"},\"image\":{\"@id\":\"https:\\\/\\\/tdv.org\\\/tr-TR\\\/turkiyede-egitim-alan-sierra-leoneli-jao-ulkesinin-iyilik-elcisi-oldu\\\/#primaryimage\"},\"thumbnailUrl\":\"https:\\\/\\\/tdv.org\\\/tr-TR\\\/wp-content\\\/uploads\\\/2026\\\/03\\\/turkiye-de-egitim-alan-sierra-leoneli-jao-ulkesinin-iyilik-elcisi-oldu-9.jpg\",\"keywords\":[\"2026 Ramazan\",\"Bir Damla Hayat Su Kuyusu ve Vak\u0131f \u00c7e\u015fmesi Projesi\",\"Kurban\",\"ramazan\",\"ramazan 2026\",\"su kuyusu\",\"Su Kuyusu ve Vak\u0131f \u00c7e\u015fmesi\"],\"articleSection\":[\"Haberler\"],\"inLanguage\":\"tr\"},{\"@type\":\"WebPage\",\"@id\":\"https:\\\/\\\/tdv.org\\\/tr-TR\\\/turkiyede-egitim-alan-sierra-leoneli-jao-ulkesinin-iyilik-elcisi-oldu\\\/\",\"url\":\"https:\\\/\\\/tdv.org\\\/tr-TR\\\/turkiyede-egitim-alan-sierra-leoneli-jao-ulkesinin-iyilik-elcisi-oldu\\\/\",\"name\":\"T\u00fcrkiye'de e\u011fitim alan Sierra Leoneli Jao, \u00fclkesinin iyilik el\u00e7isi oldu\",\"isPartOf\":{\"@id\":\"https:\\\/\\\/tdv.org\\\/tr-TR\\\/#website\"},\"primaryImageOfPage\":{\"@id\":\"https:\\\/\\\/tdv.org\\\/tr-TR\\\/turkiyede-egitim-alan-sierra-leoneli-jao-ulkesinin-iyilik-elcisi-oldu\\\/#primaryimage\"},\"image\":{\"@id\":\"https:\\\/\\\/tdv.org\\\/tr-TR\\\/turkiyede-egitim-alan-sierra-leoneli-jao-ulkesinin-iyilik-elcisi-oldu\\\/#primaryimage\"},\"thumbnailUrl\":\"https:\\\/\\\/tdv.org\\\/tr-TR\\\/wp-content\\\/uploads\\\/2026\\\/03\\\/turkiye-de-egitim-alan-sierra-leoneli-jao-ulkesinin-iyilik-elcisi-oldu-9.jpg\",\"datePublished\":\"2026-03-10T11:42:33+00:00\",\"description\":\"T\u00fcrkiye\u00a0Diyanet\u00a0Vakf\u0131n\u0131n (TDV) e\u011fitim projesi kapsam\u0131nda lise ve \u00fcniversite e\u011fitimini T\u00fcrkiye'de tamamlayan Sierra Leoneli Abdul Bassit Jao, mezuniyetinin ard\u0131ndan d\u00f6nd\u00fc\u011f\u00fc \u00fclkesinde kurdu\u011fu dernek ile insani yard\u0131m \u00e7al\u0131\u015fmalar\u0131na \u00f6nc\u00fcl\u00fck ediyor.\",\"breadcrumb\":{\"@id\":\"https:\\\/\\\/tdv.org\\\/tr-TR\\\/turkiyede-egitim-alan-sierra-leoneli-jao-ulkesinin-iyilik-elcisi-oldu\\\/#breadcrumb\"},\"inLanguage\":\"tr\",\"potentialAction\":[{\"@type\":\"ReadAction\",\"target\":[\"https:\\\/\\\/tdv.org\\\/tr-TR\\\/turkiyede-egitim-alan-sierra-leoneli-jao-ulkesinin-iyilik-elcisi-oldu\\\/\"]}]},{\"@type\":\"ImageObject\",\"inLanguage\":\"tr\",\"@id\":\"https:\\\/\\\/tdv.org\\\/tr-TR\\\/turkiyede-egitim-alan-sierra-leoneli-jao-ulkesinin-iyilik-elcisi-oldu\\\/#primaryimage\",\"url\":\"https:\\\/\\\/tdv.org\\\/tr-TR\\\/wp-content\\\/uploads\\\/2026\\\/03\\\/turkiye-de-egitim-alan-sierra-leoneli-jao-ulkesinin-iyilik-elcisi-oldu-9.jpg\",\"contentUrl\":\"https:\\\/\\\/tdv.org\\\/tr-TR\\\/wp-content\\\/uploads\\\/2026\\\/03\\\/turkiye-de-egitim-alan-sierra-leoneli-jao-ulkesinin-iyilik-elcisi-oldu-9.jpg\",\"width\":1152,\"height\":768,\"caption\":\"T\u00fcrkiye'de e\u011fitim alan Sierra Leoneli Jao, \u00fclkesinin iyilik el\u00e7isi oldu, e\u011fitim, burs, diyanet burslar\u0131, ramazan, kurban, vekaleten kurban, iyilik,\"},{\"@type\":\"BreadcrumbList\",\"@id\":\"https:\\\/\\\/tdv.org\\\/tr-TR\\\/turkiyede-egitim-alan-sierra-leoneli-jao-ulkesinin-iyilik-elcisi-oldu\\\/#breadcrumb\",\"itemListElement\":[{\"@type\":\"ListItem\",\"position\":1,\"name\":\"Anasayfa\",\"item\":\"https:\\\/\\\/tdv.org\\\/tr-TR\\\/\"},{\"@type\":\"ListItem\",\"position\":2,\"name\":\"T\u00fcrkiye&#8217;de e\u011fitim alan Sierra Leoneli Jao, \u00fclkesinin iyilik el\u00e7isi oldu\"}]},{\"@type\":\"WebSite\",\"@id\":\"https:\\\/\\\/tdv.org\\\/tr-TR\\\/#website\",\"url\":\"https:\\\/\\\/tdv.org\\\/tr-TR\\\/\",\"name\":\"T\u00fcrkiye Diyanet Vakf\u0131 Resmi Web Sitesi\",\"description\":\"Yery\u00fcz\u00fcnde iyilik egemen oluncaya kadar\",\"publisher\":{\"@id\":\"https:\\\/\\\/tdv.org\\\/tr-TR\\\/#organization\"},\"alternateName\":\"T\u00fcrkiye Diyanet Vakf\u0131\",\"potentialAction\":[{\"@type\":\"SearchAction\",\"target\":{\"@type\":\"EntryPoint\",\"urlTemplate\":\"https:\\\/\\\/tdv.org\\\/tr-TR\\\/?s={search_term_string}\"},\"query-input\":{\"@type\":\"PropertyValueSpecification\",\"valueRequired\":true,\"valueName\":\"search_term_string\"}}],\"inLanguage\":\"tr\"},{\"@type\":\"Organization\",\"@id\":\"https:\\\/\\\/tdv.org\\\/tr-TR\\\/#organization\",\"name\":\"T\u00fcrkiye Diyanet Vakf\u0131\",\"alternateName\":\"T\u00fcrkiye Diyanet Vakf\u0131\",\"url\":\"https:\\\/\\\/tdv.org\\\/tr-TR\\\/\",\"logo\":{\"@type\":\"ImageObject\",\"inLanguage\":\"tr\",\"@id\":\"https:\\\/\\\/tdv.org\\\/tr-TR\\\/#\\\/schema\\\/logo\\\/image\\\/\",\"url\":\"https:\\\/\\\/tdv.org\\\/tr-TR\\\/wp-content\\\/uploads\\\/2018\\\/12\\\/TDV_Logo_1.png\",\"contentUrl\":\"https:\\\/\\\/tdv.org\\\/tr-TR\\\/wp-content\\\/uploads\\\/2018\\\/12\\\/TDV_Logo_1.png\",\"width\":207,\"height\":71,\"caption\":\"T\u00fcrkiye Diyanet Vakf\u0131\"},\"image\":{\"@id\":\"https:\\\/\\\/tdv.org\\\/tr-TR\\\/#\\\/schema\\\/logo\\\/image\\\/\"},\"sameAs\":[\"https:\\\/\\\/www.facebook.com\\\/Diyanetvakfi\\\/\",\"https:\\\/\\\/x.com\\\/DiyanetVakfi\",\"https:\\\/\\\/www.instagram.com\\\/turkiyediyanetvakfi\\\/\",\"https:\\\/\\\/www.youtube.com\\\/user\\\/TurkiyeDiyanetVakfi\"]},{\"@type\":\"Person\",\"@id\":\"https:\\\/\\\/tdv.org\\\/tr-TR\\\/#\\\/schema\\\/person\\\/752b55e264a99273d55636516d96d5eb\",\"name\":\"Selim\",\"image\":{\"@type\":\"ImageObject\",\"inLanguage\":\"tr\",\"@id\":\"https:\\\/\\\/tdv.org\\\/tr-TR\\\/wp-content\\\/litespeed\\\/avatar\\\/a1e47b25396e98e5b781e88a5396cd96.jpg?ver=1777287391\",\"url\":\"https:\\\/\\\/tdv.org\\\/tr-TR\\\/wp-content\\\/litespeed\\\/avatar\\\/a1e47b25396e98e5b781e88a5396cd96.jpg?ver=1777287391\",\"contentUrl\":\"https:\\\/\\\/tdv.org\\\/tr-TR\\\/wp-content\\\/litespeed\\\/avatar\\\/a1e47b25396e98e5b781e88a5396cd96.jpg?ver=1777287391\",\"caption\":\"Selim\"}}]}<\/script>\n<!-- \/ Yoast SEO plugin. -->","yoast_head_json":{"title":"T\u00fcrkiye'de e\u011fitim alan Sierra Leoneli Jao, \u00fclkesinin iyilik el\u00e7isi oldu","description":"T\u00fcrkiye\u00a0Diyanet\u00a0Vakf\u0131n\u0131n (TDV) e\u011fitim projesi kapsam\u0131nda lise ve \u00fcniversite e\u011fitimini T\u00fcrkiye'de tamamlayan Sierra Leoneli Abdul Bassit Jao, mezuniyetinin ard\u0131ndan d\u00f6nd\u00fc\u011f\u00fc \u00fclkesinde kurdu\u011fu dernek ile insani yard\u0131m \u00e7al\u0131\u015fmalar\u0131na \u00f6nc\u00fcl\u00fck ediyor.","robots":{"index":"index","follow":"follow","max-snippet":"max-snippet:-1","max-image-preview":"max-image-preview:large","max-video-preview":"max-video-preview:-1"},"canonical":"https:\/\/tdv.org\/tr-TR\/turkiyede-egitim-alan-sierra-leoneli-jao-ulkesinin-iyilik-elcisi-oldu\/","og_locale":"tr_TR","og_type":"article","og_title":"T\u00fcrkiye'de e\u011fitim alan Sierra Leoneli Jao, \u00fclkesinin iyilik el\u00e7isi oldu","og_description":"T\u00fcrkiye\u00a0Diyanet\u00a0Vakf\u0131n\u0131n (TDV) e\u011fitim projesi kapsam\u0131nda lise ve \u00fcniversite e\u011fitimini T\u00fcrkiye'de tamamlayan Sierra Leoneli Abdul Bassit Jao, mezuniyetinin ard\u0131ndan d\u00f6nd\u00fc\u011f\u00fc \u00fclkesinde kurdu\u011fu dernek ile insani yard\u0131m \u00e7al\u0131\u015fmalar\u0131na \u00f6nc\u00fcl\u00fck ediyor.","og_url":"https:\/\/tdv.org\/tr-TR\/turkiyede-egitim-alan-sierra-leoneli-jao-ulkesinin-iyilik-elcisi-oldu\/","og_site_name":"T\u00fcrkiye Diyanet Vakf\u0131 Resmi Web Sitesi","article_publisher":"https:\/\/www.facebook.com\/Diyanetvakfi\/","article_published_time":"2026-03-10T11:42:33+00:00","og_image":[{"width":1152,"height":768,"url":"https:\/\/tdv.org\/tr-TR\/wp-content\/uploads\/2026\/03\/turkiye-de-egitim-alan-sierra-leoneli-jao-ulkesinin-iyilik-elcisi-oldu-9.jpg","type":"image\/jpeg"}],"author":"Selim","twitter_card":"summary_large_image","twitter_creator":"@DiyanetVakfi","twitter_site":"@DiyanetVakfi","schema":{"@context":"https:\/\/schema.org","@graph":[{"@type":"Article","@id":"https:\/\/tdv.org\/tr-TR\/turkiyede-egitim-alan-sierra-leoneli-jao-ulkesinin-iyilik-elcisi-oldu\/#article","isPartOf":{"@id":"https:\/\/tdv.org\/tr-TR\/turkiyede-egitim-alan-sierra-leoneli-jao-ulkesinin-iyilik-elcisi-oldu\/"},"author":{"name":"Selim","@id":"https:\/\/tdv.org\/tr-TR\/#\/schema\/person\/752b55e264a99273d55636516d96d5eb"},"headline":"T\u00fcrkiye&#8217;de e\u011fitim alan Sierra Leoneli Jao, \u00fclkesinin iyilik el\u00e7isi oldu","datePublished":"2026-03-10T11:42:33+00:00","mainEntityOfPage":{"@id":"https:\/\/tdv.org\/tr-TR\/turkiyede-egitim-alan-sierra-leoneli-jao-ulkesinin-iyilik-elcisi-oldu\/"},"wordCount":646,"publisher":{"@id":"https:\/\/tdv.org\/tr-TR\/#organization"},"image":{"@id":"https:\/\/tdv.org\/tr-TR\/turkiyede-egitim-alan-sierra-leoneli-jao-ulkesinin-iyilik-elcisi-oldu\/#primaryimage"},"thumbnailUrl":"https:\/\/tdv.org\/tr-TR\/wp-content\/uploads\/2026\/03\/turkiye-de-egitim-alan-sierra-leoneli-jao-ulkesinin-iyilik-elcisi-oldu-9.jpg","keywords":["2026 Ramazan","Bir Damla Hayat Su Kuyusu ve Vak\u0131f \u00c7e\u015fmesi Projesi","Kurban","ramazan","ramazan 2026","su kuyusu","Su Kuyusu ve Vak\u0131f \u00c7e\u015fmesi"],"articleSection":["Haberler"],"inLanguage":"tr"},{"@type":"WebPage","@id":"https:\/\/tdv.org\/tr-TR\/turkiyede-egitim-alan-sierra-leoneli-jao-ulkesinin-iyilik-elcisi-oldu\/","url":"https:\/\/tdv.org\/tr-TR\/turkiyede-egitim-alan-sierra-leoneli-jao-ulkesinin-iyilik-elcisi-oldu\/","name":"T\u00fcrkiye'de e\u011fitim alan Sierra Leoneli Jao, \u00fclkesinin iyilik el\u00e7isi oldu","isPartOf":{"@id":"https:\/\/tdv.org\/tr-TR\/#website"},"primaryImageOfPage":{"@id":"https:\/\/tdv.org\/tr-TR\/turkiyede-egitim-alan-sierra-leoneli-jao-ulkesinin-iyilik-elcisi-oldu\/#primaryimage"},"image":{"@id":"https:\/\/tdv.org\/tr-TR\/turkiyede-egitim-alan-sierra-leoneli-jao-ulkesinin-iyilik-elcisi-oldu\/#primaryimage"},"thumbnailUrl":"https:\/\/tdv.org\/tr-TR\/wp-content\/uploads\/2026\/03\/turkiye-de-egitim-alan-sierra-leoneli-jao-ulkesinin-iyilik-elcisi-oldu-9.jpg","datePublished":"2026-03-10T11:42:33+00:00","description":"T\u00fcrkiye\u00a0Diyanet\u00a0Vakf\u0131n\u0131n (TDV) e\u011fitim projesi kapsam\u0131nda lise ve \u00fcniversite e\u011fitimini T\u00fcrkiye'de tamamlayan Sierra Leoneli Abdul Bassit Jao, mezuniyetinin ard\u0131ndan d\u00f6nd\u00fc\u011f\u00fc \u00fclkesinde kurdu\u011fu dernek ile insani yard\u0131m \u00e7al\u0131\u015fmalar\u0131na \u00f6nc\u00fcl\u00fck ediyor.","breadcrumb":{"@id":"https:\/\/tdv.org\/tr-TR\/turkiyede-egitim-alan-sierra-leoneli-jao-ulkesinin-iyilik-elcisi-oldu\/#breadcrumb"},"inLanguage":"tr","potentialAction":[{"@type":"ReadAction","target":["https:\/\/tdv.org\/tr-TR\/turkiyede-egitim-alan-sierra-leoneli-jao-ulkesinin-iyilik-elcisi-oldu\/"]}]},{"@type":"ImageObject","inLanguage":"tr","@id":"https:\/\/tdv.org\/tr-TR\/turkiyede-egitim-alan-sierra-leoneli-jao-ulkesinin-iyilik-elcisi-oldu\/#primaryimage","url":"https:\/\/tdv.org\/tr-TR\/wp-content\/uploads\/2026\/03\/turkiye-de-egitim-alan-sierra-leoneli-jao-ulkesinin-iyilik-elcisi-oldu-9.jpg","contentUrl":"https:\/\/tdv.org\/tr-TR\/wp-content\/uploads\/2026\/03\/turkiye-de-egitim-alan-sierra-leoneli-jao-ulkesinin-iyilik-elcisi-oldu-9.jpg","width":1152,"height":768,"caption":"T\u00fcrkiye'de e\u011fitim alan Sierra Leoneli Jao, \u00fclkesinin iyilik el\u00e7isi oldu, e\u011fitim, burs, diyanet burslar\u0131, ramazan, kurban, vekaleten kurban, iyilik,"},{"@type":"BreadcrumbList","@id":"https:\/\/tdv.org\/tr-TR\/turkiyede-egitim-alan-sierra-leoneli-jao-ulkesinin-iyilik-elcisi-oldu\/#breadcrumb","itemListElement":[{"@type":"ListItem","position":1,"name":"Anasayfa","item":"https:\/\/tdv.org\/tr-TR\/"},{"@type":"ListItem","position":2,"name":"T\u00fcrkiye&#8217;de e\u011fitim alan Sierra Leoneli Jao, \u00fclkesinin iyilik el\u00e7isi oldu"}]},{"@type":"WebSite","@id":"https:\/\/tdv.org\/tr-TR\/#website","url":"https:\/\/tdv.org\/tr-TR\/","name":"T\u00fcrkiye Diyanet Vakf\u0131 Resmi Web Sitesi","description":"Yery\u00fcz\u00fcnde iyilik egemen oluncaya kadar","publisher":{"@id":"https:\/\/tdv.org\/tr-TR\/#organization"},"alternateName":"T\u00fcrkiye Diyanet Vakf\u0131","potentialAction":[{"@type":"SearchAction","target":{"@type":"EntryPoint","urlTemplate":"https:\/\/tdv.org\/tr-TR\/?s={search_term_string}"},"query-input":{"@type":"PropertyValueSpecification","valueRequired":true,"valueName":"search_term_string"}}],"inLanguage":"tr"},{"@type":"Organization","@id":"https:\/\/tdv.org\/tr-TR\/#organization","name":"T\u00fcrkiye Diyanet Vakf\u0131","alternateName":"T\u00fcrkiye Diyanet Vakf\u0131","url":"https:\/\/tdv.org\/tr-TR\/","logo":{"@type":"ImageObject","inLanguage":"tr","@id":"https:\/\/tdv.org\/tr-TR\/#\/schema\/logo\/image\/","url":"https:\/\/tdv.org\/tr-TR\/wp-content\/uploads\/2018\/12\/TDV_Logo_1.png","contentUrl":"https:\/\/tdv.org\/tr-TR\/wp-content\/uploads\/2018\/12\/TDV_Logo_1.png","width":207,"height":71,"caption":"T\u00fcrkiye Diyanet Vakf\u0131"},"image":{"@id":"https:\/\/tdv.org\/tr-TR\/#\/schema\/logo\/image\/"},"sameAs":["https:\/\/www.facebook.com\/Diyanetvakfi\/","https:\/\/x.com\/DiyanetVakfi","https:\/\/www.instagram.com\/turkiyediyanetvakfi\/","https:\/\/www.youtube.com\/user\/TurkiyeDiyanetVakfi"]},{"@type":"Person","@id":"https:\/\/tdv.org\/tr-TR\/#\/schema\/person\/752b55e264a99273d55636516d96d5eb","name":"Selim","image":{"@type":"ImageObject","inLanguage":"tr","@id":"https:\/\/tdv.org\/tr-TR\/wp-content\/litespeed\/avatar\/a1e47b25396e98e5b781e88a5396cd96.jpg?ver=1777287391","url":"https:\/\/tdv.org\/tr-TR\/wp-content\/litespeed\/avatar\/a1e47b25396e98e5b781e88a5396cd96.jpg?ver=1777287391","contentUrl":"https:\/\/tdv.org\/tr-TR\/wp-content\/litespeed\/avatar\/a1e47b25396e98e5b781e88a5396cd96.jpg?ver=1777287391","caption":"Selim"}}]}},"_links":{"self":[{"href":"https:\/\/tdv.org\/tr-TR\/wp-json\/wp\/v2\/posts\/56505","targetHints":{"allow":["GET"]}}],"collection":[{"href":"https:\/\/tdv.org\/tr-TR\/wp-json\/wp\/v2\/posts"}],"about":[{"href":"https:\/\/tdv.org\/tr-TR\/wp-json\/wp\/v2\/types\/post"}],"author":[{"embeddable":true,"href":"https:\/\/tdv.org\/tr-TR\/wp-json\/wp\/v2\/users\/8"}],"replies":[{"embeddable":true,"href":"https:\/\/tdv.org\/tr-TR\/wp-json\/wp\/v2\/comments?post=56505"}],"version-history":[{"count":1,"href":"https:\/\/tdv.org\/tr-TR\/wp-json\/wp\/v2\/posts\/56505\/revisions"}],"predecessor-version":[{"id":56517,"href":"https:\/\/tdv.org\/tr-TR\/wp-json\/wp\/v2\/posts\/56505\/revisions\/56517"}],"wp:featuredmedia":[{"embeddable":true,"href":"https:\/\/tdv.org\/tr-TR\/wp-json\/wp\/v2\/media\/56514"}],"wp:attachment":[{"href":"https:\/\/tdv.org\/tr-TR\/wp-json\/wp\/v2\/media?parent=56505"}],"wp:term":[{"taxonomy":"category","embeddable":true,"href":"https:\/\/tdv.org\/tr-TR\/wp-json\/wp\/v2\/categories?post=56505"},{"taxonomy":"post_tag","embeddable":true,"href":"https:\/\/tdv.org\/tr-TR\/wp-json\/wp\/v2\/tags?post=56505"}],"curies":[{"name":"wp","href":"https:\/\/api.w.org\/{rel}","templated":true}]}}