{"id":56531,"date":"2026-03-12T09:58:32","date_gmt":"2026-03-12T06:58:32","guid":{"rendered":"https:\/\/tdv.org\/tr-TR\/?p=56531"},"modified":"2026-03-12T09:58:33","modified_gmt":"2026-03-12T06:58:33","slug":"diyanet-isleri-baskani-arpagustan-istiklal-marsinin-kabulu-ve-mehmet-akif-ersoyu-anma-gunu-mesaji","status":"publish","type":"post","link":"https:\/\/tdv.org\/tr-TR\/diyanet-isleri-baskani-arpagustan-istiklal-marsinin-kabulu-ve-mehmet-akif-ersoyu-anma-gunu-mesaji\/","title":{"rendered":"Diyanet \u0130\u015fleri Ba\u015fkan\u0131 Arpagu\u015f&#8217;tan \u0130stiklal Mar\u015f\u0131\u2019n\u0131n Kabul\u00fc ve Mehmet Akif Ersoy\u2019u Anma G\u00fcn\u00fc mesaj\u0131"},"content":{"rendered":"<p style=\"text-align: justify;\">\u00a0<a href=\"https:\/\/tdv.org\/tr-TR\/kurumsal\/prof-dr-safi-arpagus\/\" target=\"_blank\" rel=\"noopener\">Diyanet \u0130\u015fleri Ba\u015fkan\u0131 ve T\u00fcrkiye Diyanet Vakf\u0131 M\u00fctevelli Heyeti Ba\u015fkan\u0131 Safi Arpagu\u015f<\/a>, 12 Mart \u0130stiklal Mar\u015f\u0131\u2019n\u0131n Kabul\u00fc ve Mehmet Akif Ersoy\u2019u Anma G\u00fcn\u00fc dolay\u0131s\u0131yla bir mesaj yay\u0131mlad\u0131.<\/p>\n<div class=\"content-detail\">\n<p style=\"text-align: justify;\">Diyanet \u0130\u015fleri Ba\u015fkanl\u0131\u011f\u0131n\u0131n sosyal medya hesaplar\u0131ndan payla\u015f\u0131lan mesajda \u015fu ifadelere yer verildi:<\/p>\n<p style=\"text-align: justify;\">&#8220;\u0130stiklal Mar\u015f\u0131m\u0131z\u0131n kabul\u00fcn\u00fcn 105. y\u0131l d\u00f6n\u00fcm\u00fcnde; bu mukaddes eseri kaleme alan Merhum Mehmet \u00c2kif Ersoy\u2019u rahmetle an\u0131yorum.<\/p>\n<p style=\"text-align: justify;\">\u0130stiklal Mar\u015f\u0131m\u0131z, sars\u0131lmaz bir iman\u0131n ve istiklalimizin ebedi ni\u015fanesidir. Bu vesileyle, vatan\u0131m\u0131z\u0131n bekas\u0131 i\u00e7in can veren aziz \u015fehitlerimize Allah\u2019tan rahmet diliyor; t\u00fcm kahramanlar\u0131m\u0131z\u0131 minnetle y\u00e2d ediyorum.&#8221;<\/p>\n<blockquote class=\"twitter-tweet\">\n<p dir=\"ltr\" lang=\"tr\">Diyanet \u0130\u015fleri Ba\u015fkan\u0131 Prof. Dr. Safi Arpagu\u015f:<\/p>\n<p>&#8220;\u0130stiklal Mar\u015f\u0131m\u0131z\u0131n kabul\u00fcn\u00fcn 105. y\u0131l d\u00f6n\u00fcm\u00fcnde; bu mukaddes eseri kaleme alan Merhum Mehmet \u00c2kif Ersoy\u2019u rahmetle an\u0131yorum.<\/p>\n<p>\u0130stiklal Mar\u015f\u0131m\u0131z, sars\u0131lmaz bir iman\u0131n ve istiklalimizin ebedi ni\u015fanesidir. Bu vesileyle, vatan\u0131m\u0131z\u0131n\u2026 <a href=\"https:\/\/t.co\/AjsOz9YSrB\">pic.twitter.com\/AjsOz9YSrB<\/a><\/p>\n<p>\u2014 T.C. Diyanet \u0130\u015fleri Ba\u015fkanl\u0131\u011f\u0131 (@diyanetbasin) <a href=\"https:\/\/twitter.com\/diyanetbasin\/status\/2031983332909556159?ref_src=twsrc%5Etfw\">March 12, 2026<\/a><\/p><\/blockquote>\n<p style=\"text-align: justify;\"><script async src=\"https:\/\/platform.twitter.com\/widgets.js\" charset=\"utf-8\"><\/script><\/p>\n<p style=\"text-align: justify;\">\n<\/div>\n","protected":false},"excerpt":{"rendered":"<p>\u00a0Diyanet \u0130\u015fleri Ba\u015fkan\u0131 ve T\u00fcrkiye Diyanet Vakf\u0131 M\u00fctevelli Heyeti Ba\u015fkan\u0131 Safi Arpagu\u015f, 12 Mart \u0130stiklal Mar\u015f\u0131\u2019n\u0131n Kabul\u00fc ve Mehmet Akif Ersoy\u2019u Anma G\u00fcn\u00fc dolay\u0131s\u0131yla bir mesaj yay\u0131mlad\u0131. Diyanet \u0130\u015fleri Ba\u015fkanl\u0131\u011f\u0131n\u0131n&#8230;<\/p>\n","protected":false},"author":8,"featured_media":56533,"comment_status":"closed","ping_status":"closed","sticky":false,"template":"","format":"standard","meta":{"footnotes":""},"categories":[1],"tags":[2277,2454,1178,1179],"class_list":{"0":"post-56531","1":"post","2":"type-post","3":"status-publish","4":"format-standard","5":"has-post-thumbnail","7":"category-haberler","8":"tag-anma-mesaji","9":"tag-diyanet-isleri-baskani-ve-tdv-mutevelli-heyeti-baskani-prof-dr-safi-arpagus","10":"tag-istiklal-marsi","11":"tag-mehmet-akif-ersoy"},"yoast_head":"<!-- This site is optimized with the Yoast SEO plugin v27.5 - https:\/\/yoast.com\/product\/yoast-seo-wordpress\/ -->\n<title>Diyanet \u0130\u015fleri Ba\u015fkan\u0131 Arpagu\u015f&#039;tan \u0130stiklal Mar\u015f\u0131\u2019n\u0131n Kabul\u00fc ve Mehmet Akif Ersoy\u2019u Anma G\u00fcn\u00fc mesaj\u0131<\/title>\n<meta name=\"description\" content=\"Diyanet \u0130\u015fleri Ba\u015fkan\u0131 Prof. Dr. Safi Arpagu\u015f, 12 Mart \u0130stiklal Mar\u015f\u0131\u2019n\u0131n Kabul\u00fc ve Mehmet Akif Ersoy\u2019u Anma G\u00fcn\u00fc dolay\u0131s\u0131yla bir mesaj yay\u0131mlad\u0131.\" \/>\n<meta name=\"robots\" content=\"index, follow, max-snippet:-1, max-image-preview:large, max-video-preview:-1\" \/>\n<link rel=\"canonical\" href=\"https:\/\/tdv.org\/tr-TR\/diyanet-isleri-baskani-arpagustan-istiklal-marsinin-kabulu-ve-mehmet-akif-ersoyu-anma-gunu-mesaji\/\" \/>\n<meta property=\"og:locale\" content=\"tr_TR\" \/>\n<meta property=\"og:type\" content=\"article\" \/>\n<meta property=\"og:title\" content=\"Diyanet \u0130\u015fleri Ba\u015fkan\u0131 Arpagu\u015f&#039;tan \u0130stiklal Mar\u015f\u0131\u2019n\u0131n Kabul\u00fc ve Mehmet Akif Ersoy\u2019u Anma G\u00fcn\u00fc mesaj\u0131\" \/>\n<meta property=\"og:description\" content=\"Diyanet \u0130\u015fleri Ba\u015fkan\u0131 Prof. Dr. Safi Arpagu\u015f, 12 Mart \u0130stiklal Mar\u015f\u0131\u2019n\u0131n Kabul\u00fc ve Mehmet Akif Ersoy\u2019u Anma G\u00fcn\u00fc dolay\u0131s\u0131yla bir mesaj yay\u0131mlad\u0131.\" \/>\n<meta property=\"og:url\" content=\"https:\/\/tdv.org\/tr-TR\/diyanet-isleri-baskani-arpagustan-istiklal-marsinin-kabulu-ve-mehmet-akif-ersoyu-anma-gunu-mesaji\/\" \/>\n<meta property=\"og:site_name\" content=\"T\u00fcrkiye Diyanet Vakf\u0131 Resmi Web Sitesi\" \/>\n<meta property=\"article:publisher\" content=\"https:\/\/www.facebook.com\/Diyanetvakfi\/\" \/>\n<meta property=\"article:published_time\" content=\"2026-03-12T06:58:32+00:00\" \/>\n<meta property=\"article:modified_time\" content=\"2026-03-12T06:58:33+00:00\" \/>\n<meta property=\"og:image\" content=\"https:\/\/tdv.org\/tr-TR\/wp-content\/uploads\/2026\/03\/diyanet-isleri-baskani-arpagustan-istiklal-marsinin-kabulu-ve-mehmet-akif-ersoyu-anma-gunu-mesaji.jpg\" \/>\n\t<meta property=\"og:image:width\" content=\"1204\" \/>\n\t<meta property=\"og:image:height\" content=\"800\" \/>\n\t<meta property=\"og:image:type\" content=\"image\/jpeg\" \/>\n<meta name=\"author\" content=\"Selim\" \/>\n<meta name=\"twitter:card\" content=\"summary_large_image\" \/>\n<meta name=\"twitter:creator\" content=\"@DiyanetVakfi\" \/>\n<meta name=\"twitter:site\" content=\"@DiyanetVakfi\" \/>\n<script type=\"application\/ld+json\" class=\"yoast-schema-graph\">{\"@context\":\"https:\\\/\\\/schema.org\",\"@graph\":[{\"@type\":\"Article\",\"@id\":\"https:\\\/\\\/tdv.org\\\/tr-TR\\\/diyanet-isleri-baskani-arpagustan-istiklal-marsinin-kabulu-ve-mehmet-akif-ersoyu-anma-gunu-mesaji\\\/#article\",\"isPartOf\":{\"@id\":\"https:\\\/\\\/tdv.org\\\/tr-TR\\\/diyanet-isleri-baskani-arpagustan-istiklal-marsinin-kabulu-ve-mehmet-akif-ersoyu-anma-gunu-mesaji\\\/\"},\"author\":{\"name\":\"Selim\",\"@id\":\"https:\\\/\\\/tdv.org\\\/tr-TR\\\/#\\\/schema\\\/person\\\/752b55e264a99273d55636516d96d5eb\"},\"headline\":\"Diyanet \u0130\u015fleri Ba\u015fkan\u0131 Arpagu\u015f&#8217;tan \u0130stiklal Mar\u015f\u0131\u2019n\u0131n Kabul\u00fc ve Mehmet Akif Ersoy\u2019u Anma G\u00fcn\u00fc mesaj\u0131\",\"datePublished\":\"2026-03-12T06:58:32+00:00\",\"dateModified\":\"2026-03-12T06:58:33+00:00\",\"mainEntityOfPage\":{\"@id\":\"https:\\\/\\\/tdv.org\\\/tr-TR\\\/diyanet-isleri-baskani-arpagustan-istiklal-marsinin-kabulu-ve-mehmet-akif-ersoyu-anma-gunu-mesaji\\\/\"},\"wordCount\":209,\"publisher\":{\"@id\":\"https:\\\/\\\/tdv.org\\\/tr-TR\\\/#organization\"},\"image\":{\"@id\":\"https:\\\/\\\/tdv.org\\\/tr-TR\\\/diyanet-isleri-baskani-arpagustan-istiklal-marsinin-kabulu-ve-mehmet-akif-ersoyu-anma-gunu-mesaji\\\/#primaryimage\"},\"thumbnailUrl\":\"https:\\\/\\\/tdv.org\\\/tr-TR\\\/wp-content\\\/uploads\\\/2026\\\/03\\\/diyanet-isleri-baskani-arpagustan-istiklal-marsinin-kabulu-ve-mehmet-akif-ersoyu-anma-gunu-mesaji.jpg\",\"keywords\":[\"Anma Mesaj\u0131\",\"Diyanet \u0130\u015fleri Ba\u015fkan\u0131 ve TDV M\u00fctevelli Heyeti Ba\u015fkan\u0131 Prof. Dr. Safi Arpagu\u015f\",\"\u0130stiklal Mar\u015f\u0131\",\"Mehmet Akif Ersoy\"],\"articleSection\":[\"Haberler\"],\"inLanguage\":\"tr\"},{\"@type\":\"WebPage\",\"@id\":\"https:\\\/\\\/tdv.org\\\/tr-TR\\\/diyanet-isleri-baskani-arpagustan-istiklal-marsinin-kabulu-ve-mehmet-akif-ersoyu-anma-gunu-mesaji\\\/\",\"url\":\"https:\\\/\\\/tdv.org\\\/tr-TR\\\/diyanet-isleri-baskani-arpagustan-istiklal-marsinin-kabulu-ve-mehmet-akif-ersoyu-anma-gunu-mesaji\\\/\",\"name\":\"Diyanet \u0130\u015fleri Ba\u015fkan\u0131 Arpagu\u015f'tan \u0130stiklal Mar\u015f\u0131\u2019n\u0131n Kabul\u00fc ve Mehmet Akif Ersoy\u2019u Anma G\u00fcn\u00fc mesaj\u0131\",\"isPartOf\":{\"@id\":\"https:\\\/\\\/tdv.org\\\/tr-TR\\\/#website\"},\"primaryImageOfPage\":{\"@id\":\"https:\\\/\\\/tdv.org\\\/tr-TR\\\/diyanet-isleri-baskani-arpagustan-istiklal-marsinin-kabulu-ve-mehmet-akif-ersoyu-anma-gunu-mesaji\\\/#primaryimage\"},\"image\":{\"@id\":\"https:\\\/\\\/tdv.org\\\/tr-TR\\\/diyanet-isleri-baskani-arpagustan-istiklal-marsinin-kabulu-ve-mehmet-akif-ersoyu-anma-gunu-mesaji\\\/#primaryimage\"},\"thumbnailUrl\":\"https:\\\/\\\/tdv.org\\\/tr-TR\\\/wp-content\\\/uploads\\\/2026\\\/03\\\/diyanet-isleri-baskani-arpagustan-istiklal-marsinin-kabulu-ve-mehmet-akif-ersoyu-anma-gunu-mesaji.jpg\",\"datePublished\":\"2026-03-12T06:58:32+00:00\",\"dateModified\":\"2026-03-12T06:58:33+00:00\",\"description\":\"Diyanet \u0130\u015fleri Ba\u015fkan\u0131 Prof. Dr. Safi Arpagu\u015f, 12 Mart \u0130stiklal Mar\u015f\u0131\u2019n\u0131n Kabul\u00fc ve Mehmet Akif Ersoy\u2019u Anma G\u00fcn\u00fc dolay\u0131s\u0131yla bir mesaj yay\u0131mlad\u0131.\",\"breadcrumb\":{\"@id\":\"https:\\\/\\\/tdv.org\\\/tr-TR\\\/diyanet-isleri-baskani-arpagustan-istiklal-marsinin-kabulu-ve-mehmet-akif-ersoyu-anma-gunu-mesaji\\\/#breadcrumb\"},\"inLanguage\":\"tr\",\"potentialAction\":[{\"@type\":\"ReadAction\",\"target\":[\"https:\\\/\\\/tdv.org\\\/tr-TR\\\/diyanet-isleri-baskani-arpagustan-istiklal-marsinin-kabulu-ve-mehmet-akif-ersoyu-anma-gunu-mesaji\\\/\"]}]},{\"@type\":\"ImageObject\",\"inLanguage\":\"tr\",\"@id\":\"https:\\\/\\\/tdv.org\\\/tr-TR\\\/diyanet-isleri-baskani-arpagustan-istiklal-marsinin-kabulu-ve-mehmet-akif-ersoyu-anma-gunu-mesaji\\\/#primaryimage\",\"url\":\"https:\\\/\\\/tdv.org\\\/tr-TR\\\/wp-content\\\/uploads\\\/2026\\\/03\\\/diyanet-isleri-baskani-arpagustan-istiklal-marsinin-kabulu-ve-mehmet-akif-ersoyu-anma-gunu-mesaji.jpg\",\"contentUrl\":\"https:\\\/\\\/tdv.org\\\/tr-TR\\\/wp-content\\\/uploads\\\/2026\\\/03\\\/diyanet-isleri-baskani-arpagustan-istiklal-marsinin-kabulu-ve-mehmet-akif-ersoyu-anma-gunu-mesaji.jpg\",\"width\":1204,\"height\":800},{\"@type\":\"BreadcrumbList\",\"@id\":\"https:\\\/\\\/tdv.org\\\/tr-TR\\\/diyanet-isleri-baskani-arpagustan-istiklal-marsinin-kabulu-ve-mehmet-akif-ersoyu-anma-gunu-mesaji\\\/#breadcrumb\",\"itemListElement\":[{\"@type\":\"ListItem\",\"position\":1,\"name\":\"Anasayfa\",\"item\":\"https:\\\/\\\/tdv.org\\\/tr-TR\\\/\"},{\"@type\":\"ListItem\",\"position\":2,\"name\":\"Diyanet \u0130\u015fleri Ba\u015fkan\u0131 Arpagu\u015f&#8217;tan \u0130stiklal Mar\u015f\u0131\u2019n\u0131n Kabul\u00fc ve Mehmet Akif Ersoy\u2019u Anma G\u00fcn\u00fc mesaj\u0131\"}]},{\"@type\":\"WebSite\",\"@id\":\"https:\\\/\\\/tdv.org\\\/tr-TR\\\/#website\",\"url\":\"https:\\\/\\\/tdv.org\\\/tr-TR\\\/\",\"name\":\"T\u00fcrkiye Diyanet Vakf\u0131 Resmi Web Sitesi\",\"description\":\"Yery\u00fcz\u00fcnde iyilik egemen oluncaya kadar\",\"publisher\":{\"@id\":\"https:\\\/\\\/tdv.org\\\/tr-TR\\\/#organization\"},\"alternateName\":\"T\u00fcrkiye Diyanet Vakf\u0131\",\"potentialAction\":[{\"@type\":\"SearchAction\",\"target\":{\"@type\":\"EntryPoint\",\"urlTemplate\":\"https:\\\/\\\/tdv.org\\\/tr-TR\\\/?s={search_term_string}\"},\"query-input\":{\"@type\":\"PropertyValueSpecification\",\"valueRequired\":true,\"valueName\":\"search_term_string\"}}],\"inLanguage\":\"tr\"},{\"@type\":\"Organization\",\"@id\":\"https:\\\/\\\/tdv.org\\\/tr-TR\\\/#organization\",\"name\":\"T\u00fcrkiye Diyanet Vakf\u0131\",\"alternateName\":\"T\u00fcrkiye Diyanet Vakf\u0131\",\"url\":\"https:\\\/\\\/tdv.org\\\/tr-TR\\\/\",\"logo\":{\"@type\":\"ImageObject\",\"inLanguage\":\"tr\",\"@id\":\"https:\\\/\\\/tdv.org\\\/tr-TR\\\/#\\\/schema\\\/logo\\\/image\\\/\",\"url\":\"https:\\\/\\\/tdv.org\\\/tr-TR\\\/wp-content\\\/uploads\\\/2018\\\/12\\\/TDV_Logo_1.png\",\"contentUrl\":\"https:\\\/\\\/tdv.org\\\/tr-TR\\\/wp-content\\\/uploads\\\/2018\\\/12\\\/TDV_Logo_1.png\",\"width\":207,\"height\":71,\"caption\":\"T\u00fcrkiye Diyanet Vakf\u0131\"},\"image\":{\"@id\":\"https:\\\/\\\/tdv.org\\\/tr-TR\\\/#\\\/schema\\\/logo\\\/image\\\/\"},\"sameAs\":[\"https:\\\/\\\/www.facebook.com\\\/Diyanetvakfi\\\/\",\"https:\\\/\\\/x.com\\\/DiyanetVakfi\",\"https:\\\/\\\/www.instagram.com\\\/turkiyediyanetvakfi\\\/\",\"https:\\\/\\\/www.youtube.com\\\/user\\\/TurkiyeDiyanetVakfi\"]},{\"@type\":\"Person\",\"@id\":\"https:\\\/\\\/tdv.org\\\/tr-TR\\\/#\\\/schema\\\/person\\\/752b55e264a99273d55636516d96d5eb\",\"name\":\"Selim\",\"image\":{\"@type\":\"ImageObject\",\"inLanguage\":\"tr\",\"@id\":\"https:\\\/\\\/tdv.org\\\/tr-TR\\\/wp-content\\\/litespeed\\\/avatar\\\/a1e47b25396e98e5b781e88a5396cd96.jpg?ver=1777287391\",\"url\":\"https:\\\/\\\/tdv.org\\\/tr-TR\\\/wp-content\\\/litespeed\\\/avatar\\\/a1e47b25396e98e5b781e88a5396cd96.jpg?ver=1777287391\",\"contentUrl\":\"https:\\\/\\\/tdv.org\\\/tr-TR\\\/wp-content\\\/litespeed\\\/avatar\\\/a1e47b25396e98e5b781e88a5396cd96.jpg?ver=1777287391\",\"caption\":\"Selim\"}}]}<\/script>\n<!-- \/ Yoast SEO plugin. -->","yoast_head_json":{"title":"Diyanet \u0130\u015fleri Ba\u015fkan\u0131 Arpagu\u015f'tan \u0130stiklal Mar\u015f\u0131\u2019n\u0131n Kabul\u00fc ve Mehmet Akif Ersoy\u2019u Anma G\u00fcn\u00fc mesaj\u0131","description":"Diyanet \u0130\u015fleri Ba\u015fkan\u0131 Prof. Dr. Safi Arpagu\u015f, 12 Mart \u0130stiklal Mar\u015f\u0131\u2019n\u0131n Kabul\u00fc ve Mehmet Akif Ersoy\u2019u Anma G\u00fcn\u00fc dolay\u0131s\u0131yla bir mesaj yay\u0131mlad\u0131.","robots":{"index":"index","follow":"follow","max-snippet":"max-snippet:-1","max-image-preview":"max-image-preview:large","max-video-preview":"max-video-preview:-1"},"canonical":"https:\/\/tdv.org\/tr-TR\/diyanet-isleri-baskani-arpagustan-istiklal-marsinin-kabulu-ve-mehmet-akif-ersoyu-anma-gunu-mesaji\/","og_locale":"tr_TR","og_type":"article","og_title":"Diyanet \u0130\u015fleri Ba\u015fkan\u0131 Arpagu\u015f'tan \u0130stiklal Mar\u015f\u0131\u2019n\u0131n Kabul\u00fc ve Mehmet Akif Ersoy\u2019u Anma G\u00fcn\u00fc mesaj\u0131","og_description":"Diyanet \u0130\u015fleri Ba\u015fkan\u0131 Prof. Dr. Safi Arpagu\u015f, 12 Mart \u0130stiklal Mar\u015f\u0131\u2019n\u0131n Kabul\u00fc ve Mehmet Akif Ersoy\u2019u Anma G\u00fcn\u00fc dolay\u0131s\u0131yla bir mesaj yay\u0131mlad\u0131.","og_url":"https:\/\/tdv.org\/tr-TR\/diyanet-isleri-baskani-arpagustan-istiklal-marsinin-kabulu-ve-mehmet-akif-ersoyu-anma-gunu-mesaji\/","og_site_name":"T\u00fcrkiye Diyanet Vakf\u0131 Resmi Web Sitesi","article_publisher":"https:\/\/www.facebook.com\/Diyanetvakfi\/","article_published_time":"2026-03-12T06:58:32+00:00","article_modified_time":"2026-03-12T06:58:33+00:00","og_image":[{"width":1204,"height":800,"url":"https:\/\/tdv.org\/tr-TR\/wp-content\/uploads\/2026\/03\/diyanet-isleri-baskani-arpagustan-istiklal-marsinin-kabulu-ve-mehmet-akif-ersoyu-anma-gunu-mesaji.jpg","type":"image\/jpeg"}],"author":"Selim","twitter_card":"summary_large_image","twitter_creator":"@DiyanetVakfi","twitter_site":"@DiyanetVakfi","schema":{"@context":"https:\/\/schema.org","@graph":[{"@type":"Article","@id":"https:\/\/tdv.org\/tr-TR\/diyanet-isleri-baskani-arpagustan-istiklal-marsinin-kabulu-ve-mehmet-akif-ersoyu-anma-gunu-mesaji\/#article","isPartOf":{"@id":"https:\/\/tdv.org\/tr-TR\/diyanet-isleri-baskani-arpagustan-istiklal-marsinin-kabulu-ve-mehmet-akif-ersoyu-anma-gunu-mesaji\/"},"author":{"name":"Selim","@id":"https:\/\/tdv.org\/tr-TR\/#\/schema\/person\/752b55e264a99273d55636516d96d5eb"},"headline":"Diyanet \u0130\u015fleri Ba\u015fkan\u0131 Arpagu\u015f&#8217;tan \u0130stiklal Mar\u015f\u0131\u2019n\u0131n Kabul\u00fc ve Mehmet Akif Ersoy\u2019u Anma G\u00fcn\u00fc mesaj\u0131","datePublished":"2026-03-12T06:58:32+00:00","dateModified":"2026-03-12T06:58:33+00:00","mainEntityOfPage":{"@id":"https:\/\/tdv.org\/tr-TR\/diyanet-isleri-baskani-arpagustan-istiklal-marsinin-kabulu-ve-mehmet-akif-ersoyu-anma-gunu-mesaji\/"},"wordCount":209,"publisher":{"@id":"https:\/\/tdv.org\/tr-TR\/#organization"},"image":{"@id":"https:\/\/tdv.org\/tr-TR\/diyanet-isleri-baskani-arpagustan-istiklal-marsinin-kabulu-ve-mehmet-akif-ersoyu-anma-gunu-mesaji\/#primaryimage"},"thumbnailUrl":"https:\/\/tdv.org\/tr-TR\/wp-content\/uploads\/2026\/03\/diyanet-isleri-baskani-arpagustan-istiklal-marsinin-kabulu-ve-mehmet-akif-ersoyu-anma-gunu-mesaji.jpg","keywords":["Anma Mesaj\u0131","Diyanet \u0130\u015fleri Ba\u015fkan\u0131 ve TDV M\u00fctevelli Heyeti Ba\u015fkan\u0131 Prof. Dr. Safi Arpagu\u015f","\u0130stiklal Mar\u015f\u0131","Mehmet Akif Ersoy"],"articleSection":["Haberler"],"inLanguage":"tr"},{"@type":"WebPage","@id":"https:\/\/tdv.org\/tr-TR\/diyanet-isleri-baskani-arpagustan-istiklal-marsinin-kabulu-ve-mehmet-akif-ersoyu-anma-gunu-mesaji\/","url":"https:\/\/tdv.org\/tr-TR\/diyanet-isleri-baskani-arpagustan-istiklal-marsinin-kabulu-ve-mehmet-akif-ersoyu-anma-gunu-mesaji\/","name":"Diyanet \u0130\u015fleri Ba\u015fkan\u0131 Arpagu\u015f'tan \u0130stiklal Mar\u015f\u0131\u2019n\u0131n Kabul\u00fc ve Mehmet Akif Ersoy\u2019u Anma G\u00fcn\u00fc mesaj\u0131","isPartOf":{"@id":"https:\/\/tdv.org\/tr-TR\/#website"},"primaryImageOfPage":{"@id":"https:\/\/tdv.org\/tr-TR\/diyanet-isleri-baskani-arpagustan-istiklal-marsinin-kabulu-ve-mehmet-akif-ersoyu-anma-gunu-mesaji\/#primaryimage"},"image":{"@id":"https:\/\/tdv.org\/tr-TR\/diyanet-isleri-baskani-arpagustan-istiklal-marsinin-kabulu-ve-mehmet-akif-ersoyu-anma-gunu-mesaji\/#primaryimage"},"thumbnailUrl":"https:\/\/tdv.org\/tr-TR\/wp-content\/uploads\/2026\/03\/diyanet-isleri-baskani-arpagustan-istiklal-marsinin-kabulu-ve-mehmet-akif-ersoyu-anma-gunu-mesaji.jpg","datePublished":"2026-03-12T06:58:32+00:00","dateModified":"2026-03-12T06:58:33+00:00","description":"Diyanet \u0130\u015fleri Ba\u015fkan\u0131 Prof. Dr. Safi Arpagu\u015f, 12 Mart \u0130stiklal Mar\u015f\u0131\u2019n\u0131n Kabul\u00fc ve Mehmet Akif Ersoy\u2019u Anma G\u00fcn\u00fc dolay\u0131s\u0131yla bir mesaj yay\u0131mlad\u0131.","breadcrumb":{"@id":"https:\/\/tdv.org\/tr-TR\/diyanet-isleri-baskani-arpagustan-istiklal-marsinin-kabulu-ve-mehmet-akif-ersoyu-anma-gunu-mesaji\/#breadcrumb"},"inLanguage":"tr","potentialAction":[{"@type":"ReadAction","target":["https:\/\/tdv.org\/tr-TR\/diyanet-isleri-baskani-arpagustan-istiklal-marsinin-kabulu-ve-mehmet-akif-ersoyu-anma-gunu-mesaji\/"]}]},{"@type":"ImageObject","inLanguage":"tr","@id":"https:\/\/tdv.org\/tr-TR\/diyanet-isleri-baskani-arpagustan-istiklal-marsinin-kabulu-ve-mehmet-akif-ersoyu-anma-gunu-mesaji\/#primaryimage","url":"https:\/\/tdv.org\/tr-TR\/wp-content\/uploads\/2026\/03\/diyanet-isleri-baskani-arpagustan-istiklal-marsinin-kabulu-ve-mehmet-akif-ersoyu-anma-gunu-mesaji.jpg","contentUrl":"https:\/\/tdv.org\/tr-TR\/wp-content\/uploads\/2026\/03\/diyanet-isleri-baskani-arpagustan-istiklal-marsinin-kabulu-ve-mehmet-akif-ersoyu-anma-gunu-mesaji.jpg","width":1204,"height":800},{"@type":"BreadcrumbList","@id":"https:\/\/tdv.org\/tr-TR\/diyanet-isleri-baskani-arpagustan-istiklal-marsinin-kabulu-ve-mehmet-akif-ersoyu-anma-gunu-mesaji\/#breadcrumb","itemListElement":[{"@type":"ListItem","position":1,"name":"Anasayfa","item":"https:\/\/tdv.org\/tr-TR\/"},{"@type":"ListItem","position":2,"name":"Diyanet \u0130\u015fleri Ba\u015fkan\u0131 Arpagu\u015f&#8217;tan \u0130stiklal Mar\u015f\u0131\u2019n\u0131n Kabul\u00fc ve Mehmet Akif Ersoy\u2019u Anma G\u00fcn\u00fc mesaj\u0131"}]},{"@type":"WebSite","@id":"https:\/\/tdv.org\/tr-TR\/#website","url":"https:\/\/tdv.org\/tr-TR\/","name":"T\u00fcrkiye Diyanet Vakf\u0131 Resmi Web Sitesi","description":"Yery\u00fcz\u00fcnde iyilik egemen oluncaya kadar","publisher":{"@id":"https:\/\/tdv.org\/tr-TR\/#organization"},"alternateName":"T\u00fcrkiye Diyanet Vakf\u0131","potentialAction":[{"@type":"SearchAction","target":{"@type":"EntryPoint","urlTemplate":"https:\/\/tdv.org\/tr-TR\/?s={search_term_string}"},"query-input":{"@type":"PropertyValueSpecification","valueRequired":true,"valueName":"search_term_string"}}],"inLanguage":"tr"},{"@type":"Organization","@id":"https:\/\/tdv.org\/tr-TR\/#organization","name":"T\u00fcrkiye Diyanet Vakf\u0131","alternateName":"T\u00fcrkiye Diyanet Vakf\u0131","url":"https:\/\/tdv.org\/tr-TR\/","logo":{"@type":"ImageObject","inLanguage":"tr","@id":"https:\/\/tdv.org\/tr-TR\/#\/schema\/logo\/image\/","url":"https:\/\/tdv.org\/tr-TR\/wp-content\/uploads\/2018\/12\/TDV_Logo_1.png","contentUrl":"https:\/\/tdv.org\/tr-TR\/wp-content\/uploads\/2018\/12\/TDV_Logo_1.png","width":207,"height":71,"caption":"T\u00fcrkiye Diyanet Vakf\u0131"},"image":{"@id":"https:\/\/tdv.org\/tr-TR\/#\/schema\/logo\/image\/"},"sameAs":["https:\/\/www.facebook.com\/Diyanetvakfi\/","https:\/\/x.com\/DiyanetVakfi","https:\/\/www.instagram.com\/turkiyediyanetvakfi\/","https:\/\/www.youtube.com\/user\/TurkiyeDiyanetVakfi"]},{"@type":"Person","@id":"https:\/\/tdv.org\/tr-TR\/#\/schema\/person\/752b55e264a99273d55636516d96d5eb","name":"Selim","image":{"@type":"ImageObject","inLanguage":"tr","@id":"https:\/\/tdv.org\/tr-TR\/wp-content\/litespeed\/avatar\/a1e47b25396e98e5b781e88a5396cd96.jpg?ver=1777287391","url":"https:\/\/tdv.org\/tr-TR\/wp-content\/litespeed\/avatar\/a1e47b25396e98e5b781e88a5396cd96.jpg?ver=1777287391","contentUrl":"https:\/\/tdv.org\/tr-TR\/wp-content\/litespeed\/avatar\/a1e47b25396e98e5b781e88a5396cd96.jpg?ver=1777287391","caption":"Selim"}}]}},"_links":{"self":[{"href":"https:\/\/tdv.org\/tr-TR\/wp-json\/wp\/v2\/posts\/56531","targetHints":{"allow":["GET"]}}],"collection":[{"href":"https:\/\/tdv.org\/tr-TR\/wp-json\/wp\/v2\/posts"}],"about":[{"href":"https:\/\/tdv.org\/tr-TR\/wp-json\/wp\/v2\/types\/post"}],"author":[{"embeddable":true,"href":"https:\/\/tdv.org\/tr-TR\/wp-json\/wp\/v2\/users\/8"}],"replies":[{"embeddable":true,"href":"https:\/\/tdv.org\/tr-TR\/wp-json\/wp\/v2\/comments?post=56531"}],"version-history":[{"count":2,"href":"https:\/\/tdv.org\/tr-TR\/wp-json\/wp\/v2\/posts\/56531\/revisions"}],"predecessor-version":[{"id":56534,"href":"https:\/\/tdv.org\/tr-TR\/wp-json\/wp\/v2\/posts\/56531\/revisions\/56534"}],"wp:featuredmedia":[{"embeddable":true,"href":"https:\/\/tdv.org\/tr-TR\/wp-json\/wp\/v2\/media\/56533"}],"wp:attachment":[{"href":"https:\/\/tdv.org\/tr-TR\/wp-json\/wp\/v2\/media?parent=56531"}],"wp:term":[{"taxonomy":"category","embeddable":true,"href":"https:\/\/tdv.org\/tr-TR\/wp-json\/wp\/v2\/categories?post=56531"},{"taxonomy":"post_tag","embeddable":true,"href":"https:\/\/tdv.org\/tr-TR\/wp-json\/wp\/v2\/tags?post=56531"}],"curies":[{"name":"wp","href":"https:\/\/api.w.org\/{rel}","templated":true}]}}