{"id":56588,"date":"2026-03-13T12:02:42","date_gmt":"2026-03-13T09:02:42","guid":{"rendered":"https:\/\/tdv.org\/tr-TR\/?p=56588"},"modified":"2026-04-10T14:17:02","modified_gmt":"2026-04-10T11:17:02","slug":"diyanet-isleri-baskani-prof-dr-arpagus-bulgaristanda-iftar-programina-katildi","status":"publish","type":"post","link":"https:\/\/tdv.org\/tr-TR\/diyanet-isleri-baskani-prof-dr-arpagus-bulgaristanda-iftar-programina-katildi\/","title":{"rendered":"Diyanet \u0130\u015fleri Ba\u015fkan\u0131 Prof. Dr. Arpagu\u015f, Bulgaristan&#8217;da iftar program\u0131na kat\u0131ld\u0131"},"content":{"rendered":"<p style=\"text-align: justify;\"><a href=\"https:\/\/tdv.org\/tr-TR\/kurumsal\/prof-dr-safi-arpagus\/\" target=\"_blank\" rel=\"noopener\">Diyanet\u00a0\u0130\u015fleri Ba\u015fkan\u0131 ve T\u00fcrkiye Diyanet Vakf\u0131 M\u00fctevelli Heyeti Ba\u015fkan\u0131 Prof. Dr. Safi Arpagu\u015f<\/a>, &#8220;Bu kutlu ayda bu g\u00fczel <a href=\"https:\/\/bagis.tdv.org\/ramazan\/iftar-112\" target=\"_blank\" rel=\"noopener\">iftar<\/a> sofras\u0131n\u0131n birli\u011fimiz, beraberli\u011fimiz ve karde\u015fli\u011fimize vesile olmas\u0131n\u0131 Cenab\u0131hak&#8217;tan niyaz ediyorum.&#8221; dedi.<\/p>\n<p style=\"text-align: justify;\"><a href=\"https:\/\/www.diyanet.gov.tr\/tr-TR\" target=\"_blank\" rel=\"noopener\">Diyanet \u0130\u015fleri Ba\u015fkanl\u0131\u011f\u0131<\/a>, <a href=\"https:\/\/tdv.org\/tr-TR\/\" target=\"_blank\" rel=\"noopener\">T\u00fcrkiye\u00a0Diyanet\u00a0Vakf\u0131<\/a> ve T\u00fcrkiye&#8217;nin Sofya B\u00fcy\u00fckel\u00e7ili\u011fi i\u015f birli\u011finde Bulgaristan&#8217;\u0131n ba\u015fkenti Sofya&#8217;da bir otelde <a href=\"https:\/\/bagis.tdv.org\/ramazan\/iftar-112\" target=\"_blank\" rel=\"noopener\">iftar<\/a> program\u0131 d\u00fczenledi.<\/p>\n<p style=\"text-align: justify;\"><a href=\"https:\/\/bagis.tdv.org\/ramazan\/iftar-112\" target=\"_blank\" rel=\"noopener\">iftar<\/a> program\u0131na, T\u00fcrkiye&#8217;nin Sofya B\u00fcy\u00fckel\u00e7isi Mehmet Sait Uyan\u0131k, Diyanet \u0130\u015fleri Ba\u015fkan\u0131 ve T\u00fcrkiye Diyanet Vakf\u0131 M\u00fctevelli Heyeti Ba\u015fkan\u0131 Prof. Dr. Arpagu\u015f, Bulgaristan M\u00fcsl\u00fcmanlar\u0131 Ba\u015fm\u00fcft\u00fcs\u00fc Mustafa Ali\u015f Haci, Bulgaristan Y\u00fcksek \u0130slam \u015euras\u0131 Ba\u015fkan\u0131 Vedat Ahmed, Bulgaristanl\u0131 siyasiler, \u00fclkedeki T\u00fcrk kurum ve kurulu\u015flar\u0131n\u0131n temsilcileri ile davetliler kat\u0131ld\u0131.<\/p>\n<p style=\"text-align: justify;\">Arpagu\u015f, burada yapt\u0131\u011f\u0131 konu\u015fmada, Cumhurba\u015fkan\u0131 Recep Tayyip Erdo\u011fan&#8217;\u0131n selamlar\u0131n\u0131, sevgilerini ve muhabbetlerini iletti.<\/p>\n<p style=\"text-align: justify;\"><a href=\"https:\/\/bagis.tdv.org\/#ramazan\">Ramazan<\/a>\u0131 ve yakla\u015fan bayram\u0131 kutlayan Arpagu\u015f, &#8220;Bu kutlu ayda bu g\u00fczel <a href=\"https:\/\/bagis.tdv.org\/ramazan\/iftar-112\" target=\"_blank\" rel=\"noopener\">iftar<\/a> sofras\u0131n\u0131n birli\u011fimiz, beraberli\u011fimiz ve karde\u015fli\u011fimize vesile olmas\u0131n\u0131 Cenab\u0131hak&#8217;tan niyaz ediyorum.&#8221; ifadesini kulland\u0131.<\/p>\n<p style=\"text-align: justify;\"><strong>Arpagu\u015f, s\u00f6zlerini \u015f\u00f6yle s\u00fcrd\u00fcrd\u00fc:<\/strong><\/p>\n<p style=\"text-align: justify;\">&#8220;Bu kutlu ayda bize g\u00f6nderilen y\u00fcce kitab\u0131m\u0131z, bizlere insanl\u0131\u011f\u0131, bar\u0131\u015f\u0131 ve huzuru, yery\u00fcz\u00fcn\u00fcn imar\u0131n\u0131, insanlar\u0131n birlik, beraberlik ve karde\u015fli\u011fini tavsiye eder. Hayat\u0131m\u0131za y\u00f6n veren ve bize rehberlik eden bu aziz kitap, bu y\u00fcce kitap bu kutlu ayda bizlere emanet edilmi\u015ftir. Onun i\u00e7in bizler bu kutlu ayda bu kitab\u0131 tekrar tekrar okuyarak, onu d\u00fc\u015f\u00fcnerek, onu anlamaya \u00e7al\u0131\u015farak hayat\u0131m\u0131za y\u00f6n veririz.&#8221;<\/p>\n<p style=\"text-align: justify;\">B\u00fcy\u00fckel\u00e7i Uyan\u0131k da <a href=\"https:\/\/bagis.tdv.org\/#ramazan\">Ramazan<\/a> ay\u0131n\u0131n toplumsal dayan\u0131\u015fmay\u0131 g\u00fc\u00e7lendiren \u00f6nemli bir f\u0131rsat oldu\u011funu belirterek, &#8220;Oru\u00e7 ve ibadet ay\u0131 olan <a href=\"https:\/\/bagis.tdv.org\/#ramazan\">Ramazan<\/a> ayn\u0131 zamanda insanl\u0131k olarak birlik ve beraberli\u011fimizi g\u00fc\u00e7lendirmemiz, dostluk ve karde\u015fli\u011fimizi peki\u015ftirmemiz i\u00e7in de hay\u0131rl\u0131 bir ayd\u0131r.&#8221; dedi.<\/p>\n<p style=\"text-align: justify;\">Balkanlar&#8217;da kom\u015fuluk ili\u015fkilerinin tarih boyunca b\u00fcy\u00fck \u00f6nem ta\u015f\u0131d\u0131\u011f\u0131n\u0131 vurgulayan Uyan\u0131k, Mevlana&#8217;n\u0131n &#8220;Ayn\u0131 dili konu\u015fanlar de\u011fil, ayn\u0131 duygular\u0131 payla\u015fanlar anla\u015fabilir.&#8221; s\u00f6z\u00fcn\u00fcn bu co\u011frafyada anlam buldu\u011funu dile getirdi.<\/p>\n<p style=\"text-align: justify;\">Uyan\u0131k, Balkanlar&#8217;daki en b\u00fcy\u00fck T\u00fcrk n\u00fcfusa ev sahipli\u011fi yapan Bulgaristan&#8217;\u0131n b\u00f6lgedeki birlikte ya\u015fama k\u00fclt\u00fcr\u00fcne katk\u0131 sa\u011flad\u0131\u011f\u0131n\u0131 s\u00f6yleyerek, &#8220;Biz T\u00fcrkiye olarak Balkanlar&#8217;da kom\u015fu b\u00f6lgelerimizle i\u015f birli\u011fi ve iyi kom\u015fuluk ili\u015fkilerinin geli\u015ftirilmesi i\u00e7in her t\u00fcrl\u00fc \u00e7abay\u0131 sarf ediyoruz. Kendi g\u00fcvenlik ve refah\u0131m\u0131z\u0131 dostlar\u0131m\u0131z\u0131n refah ve g\u00fcvenli\u011finden ayr\u0131 tutmuyoruz.&#8221; diye konu\u015ftu.<\/p>\n\n\t\t<style type=\"text\/css\">\n\t\t\t#gallery-1 {\n\t\t\t\tmargin: auto;\n\t\t\t}\n\t\t\t#gallery-1 .gallery-item {\n\t\t\t\tfloat: left;\n\t\t\t\tmargin-top: 10px;\n\t\t\t\ttext-align: center;\n\t\t\t\twidth: 33%;\n\t\t\t}\n\t\t\t#gallery-1 img {\n\t\t\t\tborder: 2px solid #cfcfcf;\n\t\t\t}\n\t\t\t#gallery-1 .gallery-caption {\n\t\t\t\tmargin-left: 0;\n\t\t\t}\n\t\t\t\/* see gallery_shortcode() in wp-includes\/media.php *\/\n\t\t<\/style>\n\t\t<div id='gallery-1' class='gallery galleryid-56588 gallery-columns-3 gallery-size-large'><dl class='gallery-item'>\n\t\t\t<dt class='gallery-icon landscape'>\n\t\t\t\t<a href='https:\/\/tdv.org\/tr-TR\/wp-content\/uploads\/2026\/03\/diyanet-isleri-baskani-prof-dr-arpagus-bulgaristan-da-iftar-programina-katildi-1.jpg'><img decoding=\"async\" width=\"1024\" height=\"683\" src=\"https:\/\/tdv.org\/tr-TR\/wp-content\/uploads\/2026\/03\/diyanet-isleri-baskani-prof-dr-arpagus-bulgaristan-da-iftar-programina-katildi-1-1024x683.jpg\" class=\"attachment-large size-large\" alt=\"\" aria-describedby=\"gallery-1-56589\" srcset=\"https:\/\/tdv.org\/tr-TR\/wp-content\/uploads\/2026\/03\/diyanet-isleri-baskani-prof-dr-arpagus-bulgaristan-da-iftar-programina-katildi-1-1024x683.jpg 1024w, https:\/\/tdv.org\/tr-TR\/wp-content\/uploads\/2026\/03\/diyanet-isleri-baskani-prof-dr-arpagus-bulgaristan-da-iftar-programina-katildi-1-300x200.jpg 300w, https:\/\/tdv.org\/tr-TR\/wp-content\/uploads\/2026\/03\/diyanet-isleri-baskani-prof-dr-arpagus-bulgaristan-da-iftar-programina-katildi-1-768x512.jpg 768w, https:\/\/tdv.org\/tr-TR\/wp-content\/uploads\/2026\/03\/diyanet-isleri-baskani-prof-dr-arpagus-bulgaristan-da-iftar-programina-katildi-1-900x600.jpg 900w, https:\/\/tdv.org\/tr-TR\/wp-content\/uploads\/2026\/03\/diyanet-isleri-baskani-prof-dr-arpagus-bulgaristan-da-iftar-programina-katildi-1.jpg 1152w\" sizes=\"(max-width: 1024px) 100vw, 1024px\" \/><\/a>\n\t\t\t<\/dt>\n\t\t\t\t<dd class='wp-caption-text gallery-caption' id='gallery-1-56589'>\n\t\t\t\tDiyanet \u0130\u015fleri Ba\u015fkan\u0131 Prof. Dr. Arpagu\u015f, Bulgaristan&#8217;da iftar program\u0131na kat\u0131ld\u0131, iftar ,\n\t\t\t\t<\/dd><\/dl><dl class='gallery-item'>\n\t\t\t<dt class='gallery-icon landscape'>\n\t\t\t\t<a href='https:\/\/tdv.org\/tr-TR\/wp-content\/uploads\/2026\/03\/diyanet-isleri-baskani-prof-dr-arpagus-bulgaristan-da-iftar-programina-katildi-2.jpg'><img decoding=\"async\" width=\"1024\" height=\"670\" src=\"https:\/\/tdv.org\/tr-TR\/wp-content\/uploads\/2026\/03\/diyanet-isleri-baskani-prof-dr-arpagus-bulgaristan-da-iftar-programina-katildi-2-1024x670.jpg\" class=\"attachment-large size-large\" alt=\"\" aria-describedby=\"gallery-1-56590\" srcset=\"https:\/\/tdv.org\/tr-TR\/wp-content\/uploads\/2026\/03\/diyanet-isleri-baskani-prof-dr-arpagus-bulgaristan-da-iftar-programina-katildi-2-1024x670.jpg 1024w, https:\/\/tdv.org\/tr-TR\/wp-content\/uploads\/2026\/03\/diyanet-isleri-baskani-prof-dr-arpagus-bulgaristan-da-iftar-programina-katildi-2-300x196.jpg 300w, https:\/\/tdv.org\/tr-TR\/wp-content\/uploads\/2026\/03\/diyanet-isleri-baskani-prof-dr-arpagus-bulgaristan-da-iftar-programina-katildi-2-768x502.jpg 768w, https:\/\/tdv.org\/tr-TR\/wp-content\/uploads\/2026\/03\/diyanet-isleri-baskani-prof-dr-arpagus-bulgaristan-da-iftar-programina-katildi-2.jpg 1174w\" sizes=\"(max-width: 1024px) 100vw, 1024px\" \/><\/a>\n\t\t\t<\/dt>\n\t\t\t\t<dd class='wp-caption-text gallery-caption' id='gallery-1-56590'>\n\t\t\t\tDiyanet \u0130\u015fleri Ba\u015fkan\u0131 Prof. Dr. Arpagu\u015f, Bulgaristan&#8217;da iftar program\u0131na kat\u0131ld\u0131, iftar ,\n\t\t\t\t<\/dd><\/dl><dl class='gallery-item'>\n\t\t\t<dt class='gallery-icon landscape'>\n\t\t\t\t<a href='https:\/\/tdv.org\/tr-TR\/wp-content\/uploads\/2026\/03\/diyanet-isleri-baskani-prof-dr-arpagus-bulgaristan-da-iftar-programina-katildi-3.jpg'><img decoding=\"async\" width=\"1024\" height=\"715\" src=\"https:\/\/tdv.org\/tr-TR\/wp-content\/uploads\/2026\/03\/diyanet-isleri-baskani-prof-dr-arpagus-bulgaristan-da-iftar-programina-katildi-3-1024x715.jpg\" class=\"attachment-large size-large\" alt=\"\" aria-describedby=\"gallery-1-56591\" srcset=\"https:\/\/tdv.org\/tr-TR\/wp-content\/uploads\/2026\/03\/diyanet-isleri-baskani-prof-dr-arpagus-bulgaristan-da-iftar-programina-katildi-3-1024x715.jpg 1024w, https:\/\/tdv.org\/tr-TR\/wp-content\/uploads\/2026\/03\/diyanet-isleri-baskani-prof-dr-arpagus-bulgaristan-da-iftar-programina-katildi-3-300x209.jpg 300w, https:\/\/tdv.org\/tr-TR\/wp-content\/uploads\/2026\/03\/diyanet-isleri-baskani-prof-dr-arpagus-bulgaristan-da-iftar-programina-katildi-3-768x536.jpg 768w, https:\/\/tdv.org\/tr-TR\/wp-content\/uploads\/2026\/03\/diyanet-isleri-baskani-prof-dr-arpagus-bulgaristan-da-iftar-programina-katildi-3.jpg 1100w\" sizes=\"(max-width: 1024px) 100vw, 1024px\" \/><\/a>\n\t\t\t<\/dt>\n\t\t\t\t<dd class='wp-caption-text gallery-caption' id='gallery-1-56591'>\n\t\t\t\tDiyanet \u0130\u015fleri Ba\u015fkan\u0131 Prof. Dr. Arpagu\u015f, Bulgaristan&#8217;da iftar program\u0131na kat\u0131ld\u0131, iftar ,\n\t\t\t\t<\/dd><\/dl><br style=\"clear: both\" \/><dl class='gallery-item'>\n\t\t\t<dt class='gallery-icon landscape'>\n\t\t\t\t<a href='https:\/\/tdv.org\/tr-TR\/wp-content\/uploads\/2026\/03\/diyanet-isleri-baskani-prof-dr-arpagus-bulgaristan-da-iftar-programina-katildi-4.jpg'><img decoding=\"async\" width=\"1024\" height=\"648\" src=\"https:\/\/tdv.org\/tr-TR\/wp-content\/uploads\/2026\/03\/diyanet-isleri-baskani-prof-dr-arpagus-bulgaristan-da-iftar-programina-katildi-4-1024x648.jpg\" class=\"attachment-large size-large\" alt=\"\" aria-describedby=\"gallery-1-56592\" srcset=\"https:\/\/tdv.org\/tr-TR\/wp-content\/uploads\/2026\/03\/diyanet-isleri-baskani-prof-dr-arpagus-bulgaristan-da-iftar-programina-katildi-4-1024x648.jpg 1024w, https:\/\/tdv.org\/tr-TR\/wp-content\/uploads\/2026\/03\/diyanet-isleri-baskani-prof-dr-arpagus-bulgaristan-da-iftar-programina-katildi-4-300x190.jpg 300w, https:\/\/tdv.org\/tr-TR\/wp-content\/uploads\/2026\/03\/diyanet-isleri-baskani-prof-dr-arpagus-bulgaristan-da-iftar-programina-katildi-4-768x486.jpg 768w, https:\/\/tdv.org\/tr-TR\/wp-content\/uploads\/2026\/03\/diyanet-isleri-baskani-prof-dr-arpagus-bulgaristan-da-iftar-programina-katildi-4.jpg 1214w\" sizes=\"(max-width: 1024px) 100vw, 1024px\" \/><\/a>\n\t\t\t<\/dt>\n\t\t\t\t<dd class='wp-caption-text gallery-caption' id='gallery-1-56592'>\n\t\t\t\tDiyanet \u0130\u015fleri Ba\u015fkan\u0131 Prof. Dr. Arpagu\u015f, Bulgaristan&#8217;da iftar program\u0131na kat\u0131ld\u0131, iftar ,\n\t\t\t\t<\/dd><\/dl><dl class='gallery-item'>\n\t\t\t<dt class='gallery-icon landscape'>\n\t\t\t\t<a href='https:\/\/tdv.org\/tr-TR\/wp-content\/uploads\/2026\/03\/diyanet-isleri-baskani-prof-dr-arpagus-bulgaristan-da-iftar-programina-katildi-5.jpg'><img decoding=\"async\" width=\"1024\" height=\"706\" src=\"https:\/\/tdv.org\/tr-TR\/wp-content\/uploads\/2026\/03\/diyanet-isleri-baskani-prof-dr-arpagus-bulgaristan-da-iftar-programina-katildi-5-1024x706.jpg\" class=\"attachment-large size-large\" alt=\"\" aria-describedby=\"gallery-1-56593\" srcset=\"https:\/\/tdv.org\/tr-TR\/wp-content\/uploads\/2026\/03\/diyanet-isleri-baskani-prof-dr-arpagus-bulgaristan-da-iftar-programina-katildi-5-1024x706.jpg 1024w, https:\/\/tdv.org\/tr-TR\/wp-content\/uploads\/2026\/03\/diyanet-isleri-baskani-prof-dr-arpagus-bulgaristan-da-iftar-programina-katildi-5-300x207.jpg 300w, https:\/\/tdv.org\/tr-TR\/wp-content\/uploads\/2026\/03\/diyanet-isleri-baskani-prof-dr-arpagus-bulgaristan-da-iftar-programina-katildi-5-768x529.jpg 768w, https:\/\/tdv.org\/tr-TR\/wp-content\/uploads\/2026\/03\/diyanet-isleri-baskani-prof-dr-arpagus-bulgaristan-da-iftar-programina-katildi-5.jpg 1114w\" sizes=\"(max-width: 1024px) 100vw, 1024px\" \/><\/a>\n\t\t\t<\/dt>\n\t\t\t\t<dd class='wp-caption-text gallery-caption' id='gallery-1-56593'>\n\t\t\t\tDiyanet \u0130\u015fleri Ba\u015fkan\u0131 Prof. Dr. Arpagu\u015f, Bulgaristan&#8217;da iftar program\u0131na kat\u0131ld\u0131, iftar ,\n\t\t\t\t<\/dd><\/dl><dl class='gallery-item'>\n\t\t\t<dt class='gallery-icon landscape'>\n\t\t\t\t<a href='https:\/\/tdv.org\/tr-TR\/wp-content\/uploads\/2026\/03\/diyanet-isleri-baskani-prof-dr-arpagus-bulgaristan-da-iftar-programina-katildi-6.jpg'><img decoding=\"async\" width=\"1024\" height=\"638\" src=\"https:\/\/tdv.org\/tr-TR\/wp-content\/uploads\/2026\/03\/diyanet-isleri-baskani-prof-dr-arpagus-bulgaristan-da-iftar-programina-katildi-6-1024x638.jpg\" class=\"attachment-large size-large\" alt=\"\" aria-describedby=\"gallery-1-56594\" srcset=\"https:\/\/tdv.org\/tr-TR\/wp-content\/uploads\/2026\/03\/diyanet-isleri-baskani-prof-dr-arpagus-bulgaristan-da-iftar-programina-katildi-6-1024x638.jpg 1024w, https:\/\/tdv.org\/tr-TR\/wp-content\/uploads\/2026\/03\/diyanet-isleri-baskani-prof-dr-arpagus-bulgaristan-da-iftar-programina-katildi-6-300x187.jpg 300w, https:\/\/tdv.org\/tr-TR\/wp-content\/uploads\/2026\/03\/diyanet-isleri-baskani-prof-dr-arpagus-bulgaristan-da-iftar-programina-katildi-6-768x479.jpg 768w, https:\/\/tdv.org\/tr-TR\/wp-content\/uploads\/2026\/03\/diyanet-isleri-baskani-prof-dr-arpagus-bulgaristan-da-iftar-programina-katildi-6.jpg 1232w\" sizes=\"(max-width: 1024px) 100vw, 1024px\" \/><\/a>\n\t\t\t<\/dt>\n\t\t\t\t<dd class='wp-caption-text gallery-caption' id='gallery-1-56594'>\n\t\t\t\tDiyanet \u0130\u015fleri Ba\u015fkan\u0131 Prof. Dr. Arpagu\u015f, Bulgaristan&#8217;da iftar program\u0131na kat\u0131ld\u0131, iftar ,\n\t\t\t\t<\/dd><\/dl><br style=\"clear: both\" \/>\n\t\t<\/div>\n\n","protected":false},"excerpt":{"rendered":"<p>Diyanet\u00a0\u0130\u015fleri Ba\u015fkan\u0131 ve T\u00fcrkiye Diyanet Vakf\u0131 M\u00fctevelli Heyeti Ba\u015fkan\u0131 Prof. Dr. Safi Arpagu\u015f, &#8220;Bu kutlu ayda bu g\u00fczel iftar sofras\u0131n\u0131n birli\u011fimiz, beraberli\u011fimiz ve karde\u015fli\u011fimize vesile olmas\u0131n\u0131 Cenab\u0131hak&#8217;tan niyaz ediyorum.&#8221; dedi&#8230;.<\/p>\n","protected":false},"author":8,"featured_media":56594,"comment_status":"closed","ping_status":"closed","sticky":false,"template":"","format":"standard","meta":{"footnotes":""},"categories":[1],"tags":[2470,2454,119,697,107,2464],"class_list":{"0":"post-56588","1":"post","2":"type-post","3":"status-publish","4":"format-standard","5":"has-post-thumbnail","7":"category-haberler","8":"tag-2026-ramazan","9":"tag-diyanet-isleri-baskani-ve-tdv-mutevelli-heyeti-baskani-prof-dr-safi-arpagus","10":"tag-iftar","11":"tag-iftar-paketi","12":"tag-ramazan","13":"tag-ramazan-2026"},"yoast_head":"<!-- This site is optimized with the Yoast SEO plugin v27.5 - https:\/\/yoast.com\/product\/yoast-seo-wordpress\/ -->\n<title>Diyanet \u0130\u015fleri Ba\u015fkan\u0131 Prof. Dr. Arpagu\u015f, Bulgaristan&#039;da iftar program\u0131na kat\u0131ld\u0131<\/title>\n<meta name=\"description\" content=\"Diyanet\u00a0\u0130\u015fleri Ba\u015fkan\u0131 ve T\u00fcrkiye Diyanet Vakf\u0131 M\u00fctevelli Heyeti Ba\u015fkan\u0131 Prof. Dr. Safi Arpagu\u015f, &quot;Bu kutlu ayda bu g\u00fczel iftar sofras\u0131n\u0131n birli\u011fimiz, beraberli\u011fimiz ve karde\u015fli\u011fimize vesile olmas\u0131n\u0131 Cenab\u0131hak&#039;tan niyaz ediyorum.&quot; dedi.\" \/>\n<meta name=\"robots\" content=\"index, follow, max-snippet:-1, max-image-preview:large, max-video-preview:-1\" \/>\n<link rel=\"canonical\" href=\"https:\/\/tdv.org\/tr-TR\/diyanet-isleri-baskani-prof-dr-arpagus-bulgaristanda-iftar-programina-katildi\/\" \/>\n<meta property=\"og:locale\" content=\"tr_TR\" \/>\n<meta property=\"og:type\" content=\"article\" \/>\n<meta property=\"og:title\" content=\"Diyanet \u0130\u015fleri Ba\u015fkan\u0131 Prof. Dr. Arpagu\u015f, Bulgaristan&#039;da iftar program\u0131na kat\u0131ld\u0131\" \/>\n<meta property=\"og:description\" content=\"Diyanet\u00a0\u0130\u015fleri Ba\u015fkan\u0131 ve T\u00fcrkiye Diyanet Vakf\u0131 M\u00fctevelli Heyeti Ba\u015fkan\u0131 Prof. Dr. Safi Arpagu\u015f, &quot;Bu kutlu ayda bu g\u00fczel iftar sofras\u0131n\u0131n birli\u011fimiz, beraberli\u011fimiz ve karde\u015fli\u011fimize vesile olmas\u0131n\u0131 Cenab\u0131hak&#039;tan niyaz ediyorum.&quot; dedi.\" \/>\n<meta property=\"og:url\" content=\"https:\/\/tdv.org\/tr-TR\/diyanet-isleri-baskani-prof-dr-arpagus-bulgaristanda-iftar-programina-katildi\/\" \/>\n<meta property=\"og:site_name\" content=\"T\u00fcrkiye Diyanet Vakf\u0131 Resmi Web Sitesi\" \/>\n<meta property=\"article:publisher\" content=\"https:\/\/www.facebook.com\/Diyanetvakfi\/\" \/>\n<meta property=\"article:published_time\" content=\"2026-03-13T09:02:42+00:00\" \/>\n<meta property=\"article:modified_time\" content=\"2026-04-10T11:17:02+00:00\" \/>\n<meta property=\"og:image\" content=\"https:\/\/tdv.org\/tr-TR\/wp-content\/uploads\/2026\/03\/diyanet-isleri-baskani-prof-dr-arpagus-bulgaristan-da-iftar-programina-katildi-6.jpg\" \/>\n\t<meta property=\"og:image:width\" content=\"1232\" \/>\n\t<meta property=\"og:image:height\" content=\"768\" \/>\n\t<meta property=\"og:image:type\" content=\"image\/jpeg\" \/>\n<meta name=\"author\" content=\"Selim\" \/>\n<meta name=\"twitter:card\" content=\"summary_large_image\" \/>\n<meta name=\"twitter:creator\" content=\"@DiyanetVakfi\" \/>\n<meta name=\"twitter:site\" content=\"@DiyanetVakfi\" \/>\n<script type=\"application\/ld+json\" class=\"yoast-schema-graph\">{\"@context\":\"https:\\\/\\\/schema.org\",\"@graph\":[{\"@type\":\"Article\",\"@id\":\"https:\\\/\\\/tdv.org\\\/tr-TR\\\/diyanet-isleri-baskani-prof-dr-arpagus-bulgaristanda-iftar-programina-katildi\\\/#article\",\"isPartOf\":{\"@id\":\"https:\\\/\\\/tdv.org\\\/tr-TR\\\/diyanet-isleri-baskani-prof-dr-arpagus-bulgaristanda-iftar-programina-katildi\\\/\"},\"author\":{\"name\":\"Selim\",\"@id\":\"https:\\\/\\\/tdv.org\\\/tr-TR\\\/#\\\/schema\\\/person\\\/752b55e264a99273d55636516d96d5eb\"},\"headline\":\"Diyanet \u0130\u015fleri Ba\u015fkan\u0131 Prof. Dr. Arpagu\u015f, Bulgaristan&#8217;da iftar program\u0131na kat\u0131ld\u0131\",\"datePublished\":\"2026-03-13T09:02:42+00:00\",\"dateModified\":\"2026-04-10T11:17:02+00:00\",\"mainEntityOfPage\":{\"@id\":\"https:\\\/\\\/tdv.org\\\/tr-TR\\\/diyanet-isleri-baskani-prof-dr-arpagus-bulgaristanda-iftar-programina-katildi\\\/\"},\"wordCount\":491,\"publisher\":{\"@id\":\"https:\\\/\\\/tdv.org\\\/tr-TR\\\/#organization\"},\"image\":{\"@id\":\"https:\\\/\\\/tdv.org\\\/tr-TR\\\/diyanet-isleri-baskani-prof-dr-arpagus-bulgaristanda-iftar-programina-katildi\\\/#primaryimage\"},\"thumbnailUrl\":\"https:\\\/\\\/tdv.org\\\/tr-TR\\\/wp-content\\\/uploads\\\/2026\\\/03\\\/diyanet-isleri-baskani-prof-dr-arpagus-bulgaristan-da-iftar-programina-katildi-6.jpg\",\"keywords\":[\"2026 Ramazan\",\"Diyanet \u0130\u015fleri Ba\u015fkan\u0131 ve TDV M\u00fctevelli Heyeti Ba\u015fkan\u0131 Prof. Dr. Safi Arpagu\u015f\",\"iftar\",\"iftar paketi\",\"ramazan\",\"ramazan 2026\"],\"articleSection\":[\"Haberler\"],\"inLanguage\":\"tr\"},{\"@type\":\"WebPage\",\"@id\":\"https:\\\/\\\/tdv.org\\\/tr-TR\\\/diyanet-isleri-baskani-prof-dr-arpagus-bulgaristanda-iftar-programina-katildi\\\/\",\"url\":\"https:\\\/\\\/tdv.org\\\/tr-TR\\\/diyanet-isleri-baskani-prof-dr-arpagus-bulgaristanda-iftar-programina-katildi\\\/\",\"name\":\"Diyanet \u0130\u015fleri Ba\u015fkan\u0131 Prof. Dr. Arpagu\u015f, Bulgaristan'da iftar program\u0131na kat\u0131ld\u0131\",\"isPartOf\":{\"@id\":\"https:\\\/\\\/tdv.org\\\/tr-TR\\\/#website\"},\"primaryImageOfPage\":{\"@id\":\"https:\\\/\\\/tdv.org\\\/tr-TR\\\/diyanet-isleri-baskani-prof-dr-arpagus-bulgaristanda-iftar-programina-katildi\\\/#primaryimage\"},\"image\":{\"@id\":\"https:\\\/\\\/tdv.org\\\/tr-TR\\\/diyanet-isleri-baskani-prof-dr-arpagus-bulgaristanda-iftar-programina-katildi\\\/#primaryimage\"},\"thumbnailUrl\":\"https:\\\/\\\/tdv.org\\\/tr-TR\\\/wp-content\\\/uploads\\\/2026\\\/03\\\/diyanet-isleri-baskani-prof-dr-arpagus-bulgaristan-da-iftar-programina-katildi-6.jpg\",\"datePublished\":\"2026-03-13T09:02:42+00:00\",\"dateModified\":\"2026-04-10T11:17:02+00:00\",\"description\":\"Diyanet\u00a0\u0130\u015fleri Ba\u015fkan\u0131 ve T\u00fcrkiye Diyanet Vakf\u0131 M\u00fctevelli Heyeti Ba\u015fkan\u0131 Prof. Dr. Safi Arpagu\u015f, \\\"Bu kutlu ayda bu g\u00fczel iftar sofras\u0131n\u0131n birli\u011fimiz, beraberli\u011fimiz ve karde\u015fli\u011fimize vesile olmas\u0131n\u0131 Cenab\u0131hak'tan niyaz ediyorum.\\\" dedi.\",\"breadcrumb\":{\"@id\":\"https:\\\/\\\/tdv.org\\\/tr-TR\\\/diyanet-isleri-baskani-prof-dr-arpagus-bulgaristanda-iftar-programina-katildi\\\/#breadcrumb\"},\"inLanguage\":\"tr\",\"potentialAction\":[{\"@type\":\"ReadAction\",\"target\":[\"https:\\\/\\\/tdv.org\\\/tr-TR\\\/diyanet-isleri-baskani-prof-dr-arpagus-bulgaristanda-iftar-programina-katildi\\\/\"]}]},{\"@type\":\"ImageObject\",\"inLanguage\":\"tr\",\"@id\":\"https:\\\/\\\/tdv.org\\\/tr-TR\\\/diyanet-isleri-baskani-prof-dr-arpagus-bulgaristanda-iftar-programina-katildi\\\/#primaryimage\",\"url\":\"https:\\\/\\\/tdv.org\\\/tr-TR\\\/wp-content\\\/uploads\\\/2026\\\/03\\\/diyanet-isleri-baskani-prof-dr-arpagus-bulgaristan-da-iftar-programina-katildi-6.jpg\",\"contentUrl\":\"https:\\\/\\\/tdv.org\\\/tr-TR\\\/wp-content\\\/uploads\\\/2026\\\/03\\\/diyanet-isleri-baskani-prof-dr-arpagus-bulgaristan-da-iftar-programina-katildi-6.jpg\",\"width\":1232,\"height\":768,\"caption\":\"Diyanet \u0130\u015fleri Ba\u015fkan\u0131 Prof. Dr. Arpagu\u015f, Bulgaristan'da iftar program\u0131na kat\u0131ld\u0131, iftar ,\"},{\"@type\":\"BreadcrumbList\",\"@id\":\"https:\\\/\\\/tdv.org\\\/tr-TR\\\/diyanet-isleri-baskani-prof-dr-arpagus-bulgaristanda-iftar-programina-katildi\\\/#breadcrumb\",\"itemListElement\":[{\"@type\":\"ListItem\",\"position\":1,\"name\":\"Anasayfa\",\"item\":\"https:\\\/\\\/tdv.org\\\/tr-TR\\\/\"},{\"@type\":\"ListItem\",\"position\":2,\"name\":\"Diyanet \u0130\u015fleri Ba\u015fkan\u0131 Prof. Dr. Arpagu\u015f, Bulgaristan&#8217;da iftar program\u0131na kat\u0131ld\u0131\"}]},{\"@type\":\"WebSite\",\"@id\":\"https:\\\/\\\/tdv.org\\\/tr-TR\\\/#website\",\"url\":\"https:\\\/\\\/tdv.org\\\/tr-TR\\\/\",\"name\":\"T\u00fcrkiye Diyanet Vakf\u0131 Resmi Web Sitesi\",\"description\":\"Yery\u00fcz\u00fcnde iyilik egemen oluncaya kadar\",\"publisher\":{\"@id\":\"https:\\\/\\\/tdv.org\\\/tr-TR\\\/#organization\"},\"alternateName\":\"T\u00fcrkiye Diyanet Vakf\u0131\",\"potentialAction\":[{\"@type\":\"SearchAction\",\"target\":{\"@type\":\"EntryPoint\",\"urlTemplate\":\"https:\\\/\\\/tdv.org\\\/tr-TR\\\/?s={search_term_string}\"},\"query-input\":{\"@type\":\"PropertyValueSpecification\",\"valueRequired\":true,\"valueName\":\"search_term_string\"}}],\"inLanguage\":\"tr\"},{\"@type\":\"Organization\",\"@id\":\"https:\\\/\\\/tdv.org\\\/tr-TR\\\/#organization\",\"name\":\"T\u00fcrkiye Diyanet Vakf\u0131\",\"alternateName\":\"T\u00fcrkiye Diyanet Vakf\u0131\",\"url\":\"https:\\\/\\\/tdv.org\\\/tr-TR\\\/\",\"logo\":{\"@type\":\"ImageObject\",\"inLanguage\":\"tr\",\"@id\":\"https:\\\/\\\/tdv.org\\\/tr-TR\\\/#\\\/schema\\\/logo\\\/image\\\/\",\"url\":\"https:\\\/\\\/tdv.org\\\/tr-TR\\\/wp-content\\\/uploads\\\/2018\\\/12\\\/TDV_Logo_1.png\",\"contentUrl\":\"https:\\\/\\\/tdv.org\\\/tr-TR\\\/wp-content\\\/uploads\\\/2018\\\/12\\\/TDV_Logo_1.png\",\"width\":207,\"height\":71,\"caption\":\"T\u00fcrkiye Diyanet Vakf\u0131\"},\"image\":{\"@id\":\"https:\\\/\\\/tdv.org\\\/tr-TR\\\/#\\\/schema\\\/logo\\\/image\\\/\"},\"sameAs\":[\"https:\\\/\\\/www.facebook.com\\\/Diyanetvakfi\\\/\",\"https:\\\/\\\/x.com\\\/DiyanetVakfi\",\"https:\\\/\\\/www.instagram.com\\\/turkiyediyanetvakfi\\\/\",\"https:\\\/\\\/www.youtube.com\\\/user\\\/TurkiyeDiyanetVakfi\"]},{\"@type\":\"Person\",\"@id\":\"https:\\\/\\\/tdv.org\\\/tr-TR\\\/#\\\/schema\\\/person\\\/752b55e264a99273d55636516d96d5eb\",\"name\":\"Selim\",\"image\":{\"@type\":\"ImageObject\",\"inLanguage\":\"tr\",\"@id\":\"https:\\\/\\\/tdv.org\\\/tr-TR\\\/wp-content\\\/litespeed\\\/avatar\\\/a1e47b25396e98e5b781e88a5396cd96.jpg?ver=1777287391\",\"url\":\"https:\\\/\\\/tdv.org\\\/tr-TR\\\/wp-content\\\/litespeed\\\/avatar\\\/a1e47b25396e98e5b781e88a5396cd96.jpg?ver=1777287391\",\"contentUrl\":\"https:\\\/\\\/tdv.org\\\/tr-TR\\\/wp-content\\\/litespeed\\\/avatar\\\/a1e47b25396e98e5b781e88a5396cd96.jpg?ver=1777287391\",\"caption\":\"Selim\"}}]}<\/script>\n<!-- \/ Yoast SEO plugin. -->","yoast_head_json":{"title":"Diyanet \u0130\u015fleri Ba\u015fkan\u0131 Prof. Dr. Arpagu\u015f, Bulgaristan'da iftar program\u0131na kat\u0131ld\u0131","description":"Diyanet\u00a0\u0130\u015fleri Ba\u015fkan\u0131 ve T\u00fcrkiye Diyanet Vakf\u0131 M\u00fctevelli Heyeti Ba\u015fkan\u0131 Prof. Dr. Safi Arpagu\u015f, \"Bu kutlu ayda bu g\u00fczel iftar sofras\u0131n\u0131n birli\u011fimiz, beraberli\u011fimiz ve karde\u015fli\u011fimize vesile olmas\u0131n\u0131 Cenab\u0131hak'tan niyaz ediyorum.\" dedi.","robots":{"index":"index","follow":"follow","max-snippet":"max-snippet:-1","max-image-preview":"max-image-preview:large","max-video-preview":"max-video-preview:-1"},"canonical":"https:\/\/tdv.org\/tr-TR\/diyanet-isleri-baskani-prof-dr-arpagus-bulgaristanda-iftar-programina-katildi\/","og_locale":"tr_TR","og_type":"article","og_title":"Diyanet \u0130\u015fleri Ba\u015fkan\u0131 Prof. Dr. Arpagu\u015f, Bulgaristan'da iftar program\u0131na kat\u0131ld\u0131","og_description":"Diyanet\u00a0\u0130\u015fleri Ba\u015fkan\u0131 ve T\u00fcrkiye Diyanet Vakf\u0131 M\u00fctevelli Heyeti Ba\u015fkan\u0131 Prof. Dr. Safi Arpagu\u015f, \"Bu kutlu ayda bu g\u00fczel iftar sofras\u0131n\u0131n birli\u011fimiz, beraberli\u011fimiz ve karde\u015fli\u011fimize vesile olmas\u0131n\u0131 Cenab\u0131hak'tan niyaz ediyorum.\" dedi.","og_url":"https:\/\/tdv.org\/tr-TR\/diyanet-isleri-baskani-prof-dr-arpagus-bulgaristanda-iftar-programina-katildi\/","og_site_name":"T\u00fcrkiye Diyanet Vakf\u0131 Resmi Web Sitesi","article_publisher":"https:\/\/www.facebook.com\/Diyanetvakfi\/","article_published_time":"2026-03-13T09:02:42+00:00","article_modified_time":"2026-04-10T11:17:02+00:00","og_image":[{"width":1232,"height":768,"url":"https:\/\/tdv.org\/tr-TR\/wp-content\/uploads\/2026\/03\/diyanet-isleri-baskani-prof-dr-arpagus-bulgaristan-da-iftar-programina-katildi-6.jpg","type":"image\/jpeg"}],"author":"Selim","twitter_card":"summary_large_image","twitter_creator":"@DiyanetVakfi","twitter_site":"@DiyanetVakfi","schema":{"@context":"https:\/\/schema.org","@graph":[{"@type":"Article","@id":"https:\/\/tdv.org\/tr-TR\/diyanet-isleri-baskani-prof-dr-arpagus-bulgaristanda-iftar-programina-katildi\/#article","isPartOf":{"@id":"https:\/\/tdv.org\/tr-TR\/diyanet-isleri-baskani-prof-dr-arpagus-bulgaristanda-iftar-programina-katildi\/"},"author":{"name":"Selim","@id":"https:\/\/tdv.org\/tr-TR\/#\/schema\/person\/752b55e264a99273d55636516d96d5eb"},"headline":"Diyanet \u0130\u015fleri Ba\u015fkan\u0131 Prof. Dr. Arpagu\u015f, Bulgaristan&#8217;da iftar program\u0131na kat\u0131ld\u0131","datePublished":"2026-03-13T09:02:42+00:00","dateModified":"2026-04-10T11:17:02+00:00","mainEntityOfPage":{"@id":"https:\/\/tdv.org\/tr-TR\/diyanet-isleri-baskani-prof-dr-arpagus-bulgaristanda-iftar-programina-katildi\/"},"wordCount":491,"publisher":{"@id":"https:\/\/tdv.org\/tr-TR\/#organization"},"image":{"@id":"https:\/\/tdv.org\/tr-TR\/diyanet-isleri-baskani-prof-dr-arpagus-bulgaristanda-iftar-programina-katildi\/#primaryimage"},"thumbnailUrl":"https:\/\/tdv.org\/tr-TR\/wp-content\/uploads\/2026\/03\/diyanet-isleri-baskani-prof-dr-arpagus-bulgaristan-da-iftar-programina-katildi-6.jpg","keywords":["2026 Ramazan","Diyanet \u0130\u015fleri Ba\u015fkan\u0131 ve TDV M\u00fctevelli Heyeti Ba\u015fkan\u0131 Prof. Dr. Safi Arpagu\u015f","iftar","iftar paketi","ramazan","ramazan 2026"],"articleSection":["Haberler"],"inLanguage":"tr"},{"@type":"WebPage","@id":"https:\/\/tdv.org\/tr-TR\/diyanet-isleri-baskani-prof-dr-arpagus-bulgaristanda-iftar-programina-katildi\/","url":"https:\/\/tdv.org\/tr-TR\/diyanet-isleri-baskani-prof-dr-arpagus-bulgaristanda-iftar-programina-katildi\/","name":"Diyanet \u0130\u015fleri Ba\u015fkan\u0131 Prof. Dr. Arpagu\u015f, Bulgaristan'da iftar program\u0131na kat\u0131ld\u0131","isPartOf":{"@id":"https:\/\/tdv.org\/tr-TR\/#website"},"primaryImageOfPage":{"@id":"https:\/\/tdv.org\/tr-TR\/diyanet-isleri-baskani-prof-dr-arpagus-bulgaristanda-iftar-programina-katildi\/#primaryimage"},"image":{"@id":"https:\/\/tdv.org\/tr-TR\/diyanet-isleri-baskani-prof-dr-arpagus-bulgaristanda-iftar-programina-katildi\/#primaryimage"},"thumbnailUrl":"https:\/\/tdv.org\/tr-TR\/wp-content\/uploads\/2026\/03\/diyanet-isleri-baskani-prof-dr-arpagus-bulgaristan-da-iftar-programina-katildi-6.jpg","datePublished":"2026-03-13T09:02:42+00:00","dateModified":"2026-04-10T11:17:02+00:00","description":"Diyanet\u00a0\u0130\u015fleri Ba\u015fkan\u0131 ve T\u00fcrkiye Diyanet Vakf\u0131 M\u00fctevelli Heyeti Ba\u015fkan\u0131 Prof. Dr. Safi Arpagu\u015f, \"Bu kutlu ayda bu g\u00fczel iftar sofras\u0131n\u0131n birli\u011fimiz, beraberli\u011fimiz ve karde\u015fli\u011fimize vesile olmas\u0131n\u0131 Cenab\u0131hak'tan niyaz ediyorum.\" dedi.","breadcrumb":{"@id":"https:\/\/tdv.org\/tr-TR\/diyanet-isleri-baskani-prof-dr-arpagus-bulgaristanda-iftar-programina-katildi\/#breadcrumb"},"inLanguage":"tr","potentialAction":[{"@type":"ReadAction","target":["https:\/\/tdv.org\/tr-TR\/diyanet-isleri-baskani-prof-dr-arpagus-bulgaristanda-iftar-programina-katildi\/"]}]},{"@type":"ImageObject","inLanguage":"tr","@id":"https:\/\/tdv.org\/tr-TR\/diyanet-isleri-baskani-prof-dr-arpagus-bulgaristanda-iftar-programina-katildi\/#primaryimage","url":"https:\/\/tdv.org\/tr-TR\/wp-content\/uploads\/2026\/03\/diyanet-isleri-baskani-prof-dr-arpagus-bulgaristan-da-iftar-programina-katildi-6.jpg","contentUrl":"https:\/\/tdv.org\/tr-TR\/wp-content\/uploads\/2026\/03\/diyanet-isleri-baskani-prof-dr-arpagus-bulgaristan-da-iftar-programina-katildi-6.jpg","width":1232,"height":768,"caption":"Diyanet \u0130\u015fleri Ba\u015fkan\u0131 Prof. Dr. Arpagu\u015f, Bulgaristan'da iftar program\u0131na kat\u0131ld\u0131, iftar ,"},{"@type":"BreadcrumbList","@id":"https:\/\/tdv.org\/tr-TR\/diyanet-isleri-baskani-prof-dr-arpagus-bulgaristanda-iftar-programina-katildi\/#breadcrumb","itemListElement":[{"@type":"ListItem","position":1,"name":"Anasayfa","item":"https:\/\/tdv.org\/tr-TR\/"},{"@type":"ListItem","position":2,"name":"Diyanet \u0130\u015fleri Ba\u015fkan\u0131 Prof. Dr. Arpagu\u015f, Bulgaristan&#8217;da iftar program\u0131na kat\u0131ld\u0131"}]},{"@type":"WebSite","@id":"https:\/\/tdv.org\/tr-TR\/#website","url":"https:\/\/tdv.org\/tr-TR\/","name":"T\u00fcrkiye Diyanet Vakf\u0131 Resmi Web Sitesi","description":"Yery\u00fcz\u00fcnde iyilik egemen oluncaya kadar","publisher":{"@id":"https:\/\/tdv.org\/tr-TR\/#organization"},"alternateName":"T\u00fcrkiye Diyanet Vakf\u0131","potentialAction":[{"@type":"SearchAction","target":{"@type":"EntryPoint","urlTemplate":"https:\/\/tdv.org\/tr-TR\/?s={search_term_string}"},"query-input":{"@type":"PropertyValueSpecification","valueRequired":true,"valueName":"search_term_string"}}],"inLanguage":"tr"},{"@type":"Organization","@id":"https:\/\/tdv.org\/tr-TR\/#organization","name":"T\u00fcrkiye Diyanet Vakf\u0131","alternateName":"T\u00fcrkiye Diyanet Vakf\u0131","url":"https:\/\/tdv.org\/tr-TR\/","logo":{"@type":"ImageObject","inLanguage":"tr","@id":"https:\/\/tdv.org\/tr-TR\/#\/schema\/logo\/image\/","url":"https:\/\/tdv.org\/tr-TR\/wp-content\/uploads\/2018\/12\/TDV_Logo_1.png","contentUrl":"https:\/\/tdv.org\/tr-TR\/wp-content\/uploads\/2018\/12\/TDV_Logo_1.png","width":207,"height":71,"caption":"T\u00fcrkiye Diyanet Vakf\u0131"},"image":{"@id":"https:\/\/tdv.org\/tr-TR\/#\/schema\/logo\/image\/"},"sameAs":["https:\/\/www.facebook.com\/Diyanetvakfi\/","https:\/\/x.com\/DiyanetVakfi","https:\/\/www.instagram.com\/turkiyediyanetvakfi\/","https:\/\/www.youtube.com\/user\/TurkiyeDiyanetVakfi"]},{"@type":"Person","@id":"https:\/\/tdv.org\/tr-TR\/#\/schema\/person\/752b55e264a99273d55636516d96d5eb","name":"Selim","image":{"@type":"ImageObject","inLanguage":"tr","@id":"https:\/\/tdv.org\/tr-TR\/wp-content\/litespeed\/avatar\/a1e47b25396e98e5b781e88a5396cd96.jpg?ver=1777287391","url":"https:\/\/tdv.org\/tr-TR\/wp-content\/litespeed\/avatar\/a1e47b25396e98e5b781e88a5396cd96.jpg?ver=1777287391","contentUrl":"https:\/\/tdv.org\/tr-TR\/wp-content\/litespeed\/avatar\/a1e47b25396e98e5b781e88a5396cd96.jpg?ver=1777287391","caption":"Selim"}}]}},"_links":{"self":[{"href":"https:\/\/tdv.org\/tr-TR\/wp-json\/wp\/v2\/posts\/56588","targetHints":{"allow":["GET"]}}],"collection":[{"href":"https:\/\/tdv.org\/tr-TR\/wp-json\/wp\/v2\/posts"}],"about":[{"href":"https:\/\/tdv.org\/tr-TR\/wp-json\/wp\/v2\/types\/post"}],"author":[{"embeddable":true,"href":"https:\/\/tdv.org\/tr-TR\/wp-json\/wp\/v2\/users\/8"}],"replies":[{"embeddable":true,"href":"https:\/\/tdv.org\/tr-TR\/wp-json\/wp\/v2\/comments?post=56588"}],"version-history":[{"count":2,"href":"https:\/\/tdv.org\/tr-TR\/wp-json\/wp\/v2\/posts\/56588\/revisions"}],"predecessor-version":[{"id":57088,"href":"https:\/\/tdv.org\/tr-TR\/wp-json\/wp\/v2\/posts\/56588\/revisions\/57088"}],"wp:featuredmedia":[{"embeddable":true,"href":"https:\/\/tdv.org\/tr-TR\/wp-json\/wp\/v2\/media\/56594"}],"wp:attachment":[{"href":"https:\/\/tdv.org\/tr-TR\/wp-json\/wp\/v2\/media?parent=56588"}],"wp:term":[{"taxonomy":"category","embeddable":true,"href":"https:\/\/tdv.org\/tr-TR\/wp-json\/wp\/v2\/categories?post=56588"},{"taxonomy":"post_tag","embeddable":true,"href":"https:\/\/tdv.org\/tr-TR\/wp-json\/wp\/v2\/tags?post=56588"}],"curies":[{"name":"wp","href":"https:\/\/api.w.org\/{rel}","templated":true}]}}