{"id":57355,"date":"2026-04-29T18:46:30","date_gmt":"2026-04-29T15:46:30","guid":{"rendered":"https:\/\/tdv.org\/tr-TR\/?p=57355"},"modified":"2026-04-29T18:47:13","modified_gmt":"2026-04-29T15:47:13","slug":"cumhurbaskanimiz-erdogan-kurban-vekaletini-turkiye-diyanet-vakfina-verdi","status":"publish","type":"post","link":"https:\/\/tdv.org\/tr-TR\/cumhurbaskanimiz-erdogan-kurban-vekaletini-turkiye-diyanet-vakfina-verdi\/","title":{"rendered":"Cumhurba\u015fkan\u0131m\u0131z Erdo\u011fan, kurban vek\u00e2letini T\u00fcrkiye Diyanet Vakf\u0131\u2019na verdi"},"content":{"rendered":"<p style=\"text-align: justify;\">Cumhurba\u015fkan\u0131m\u0131z Recep Tayyip Erdo\u011fan, <a href=\"https:\/\/tdv.org\/tr-TR\/kurumsal\/prof-dr-safi-arpagus\/\" target=\"_blank\" rel=\"noopener\">Diyanet \u0130\u015fleri Ba\u015fkan\u0131 ve T\u00fcrkiye Diyanet Vakf\u0131 (TDV) M\u00fctevelli Heyeti Ba\u015fkan\u0131 Prof. Dr. Safi Arpagu\u015f <\/a>\u2019u Cumhurba\u015fkanl\u0131\u011f\u0131 K\u00fclliyesi\u2019nde kabul ederek, 2026 y\u0131l\u0131 <a href=\"https:\/\/bagis.tdv.org\/#kurban\" target=\"_blank\" rel=\"noopener\">Vek\u00e2let Yoluyla Kurban Kesim Program\u0131<\/a> kapsam\u0131nda <a href=\"https:\/\/bagis.tdv.org\/#kurban\" target=\"_blank\" rel=\"noopener\">kurban ba\u011f\u0131\u015f\u0131<\/a>n\u0131<a href=\"https:\/\/tdv.org\/tr-TR\/\" target=\"_blank\" rel=\"noopener\"> T\u00fcrkiye Diyanet Vakf\u0131<\/a>\u2019na yapt\u0131.<\/p>\n<div class=\"content-detail\">\n<p style=\"text-align: justify;\"><a href=\"https:\/\/tdv.org\/tr-TR\/kurumsal\/prof-dr-safi-arpagus\/\" target=\"_blank\" rel=\"noopener\">Diyanet \u0130\u015fleri Ba\u015fkan\u0131 ve T\u00fcrkiye Diyanet Vakf\u0131 (TDV) M\u00fctevelli Heyeti Ba\u015fkan\u0131 Prof. Dr. Safi Arpagu\u015f<\/a>, sosyal medya hesaplar\u0131 \u00fczerinden yapt\u0131\u011f\u0131 a\u00e7\u0131klamada, \u201cCumhurba\u015fkan\u0131m\u0131z Say\u0131n Recep Tayyip Erdo\u011fan, <a href=\"https:\/\/www.diyanet.gov.tr\/tr-TR\/\" target=\"_blank\" rel=\"noopener\">Diyanet \u0130\u015fleri Ba\u015fkanl\u0131\u011f\u0131m\u0131z<\/a> ile <a href=\"https:\/\/tdv.org\/tr-TR\/\" target=\"_blank\" rel=\"noopener\">T\u00fcrkiye Diyanet Vakf\u0131<\/a> i\u015f birli\u011finde y\u00fcr\u00fct\u00fclen <a href=\"https:\/\/bagis.tdv.org\/#kurban\" target=\"_blank\" rel=\"noopener\">2026 Y\u0131l\u0131 Vek\u00e2let Yoluyla Kurban Kesim Program\u0131m\u0131za<\/a> <a href=\"https:\/\/bagis.tdv.org\/#kurban\" target=\"_blank\" rel=\"noopener\">ba\u011f\u0131\u015f<\/a>ta bulunmu\u015flard\u0131r. Kendilerine \u015f\u00fckranlar\u0131m\u0131z\u0131 sunuyor, yap\u0131lan bu hayr\u0131n Y\u00fcce Allah kat\u0131nda makbul olmas\u0131n\u0131 niyaz ediyoruz.\u201d ifadelerine yer verdi.<\/p>\n\n\t\t<style type=\"text\/css\">\n\t\t\t#gallery-1 {\n\t\t\t\tmargin: auto;\n\t\t\t}\n\t\t\t#gallery-1 .gallery-item {\n\t\t\t\tfloat: left;\n\t\t\t\tmargin-top: 10px;\n\t\t\t\ttext-align: center;\n\t\t\t\twidth: 33%;\n\t\t\t}\n\t\t\t#gallery-1 img {\n\t\t\t\tborder: 2px solid #cfcfcf;\n\t\t\t}\n\t\t\t#gallery-1 .gallery-caption {\n\t\t\t\tmargin-left: 0;\n\t\t\t}\n\t\t\t\/* see gallery_shortcode() in wp-includes\/media.php *\/\n\t\t<\/style>\n\t\t<div id='gallery-1' class='gallery galleryid-57355 gallery-columns-3 gallery-size-large'><dl class='gallery-item'>\n\t\t\t<dt class='gallery-icon landscape'>\n\t\t\t\t<a href='https:\/\/tdv.org\/tr-TR\/wp-content\/uploads\/2026\/04\/cumhurbaskanimiz-erdogan-kurban-vekletini-turkiye-diyanet-vakfina-verdi-1-1.jpg'><img decoding=\"async\" width=\"1024\" height=\"670\" src=\"https:\/\/tdv.org\/tr-TR\/wp-content\/uploads\/2026\/04\/cumhurbaskanimiz-erdogan-kurban-vekletini-turkiye-diyanet-vakfina-verdi-1-1-1024x670.jpg\" class=\"attachment-large size-large\" alt=\"cumhurbaskanimiz-erdogan-kurban-vekletini-turkiye-diyanet-vakfina-verdi,kurban, vekaleten kurban, kurban 2026\" aria-describedby=\"gallery-1-57358\" srcset=\"https:\/\/tdv.org\/tr-TR\/wp-content\/uploads\/2026\/04\/cumhurbaskanimiz-erdogan-kurban-vekletini-turkiye-diyanet-vakfina-verdi-1-1-1024x670.jpg 1024w, https:\/\/tdv.org\/tr-TR\/wp-content\/uploads\/2026\/04\/cumhurbaskanimiz-erdogan-kurban-vekletini-turkiye-diyanet-vakfina-verdi-1-1-300x196.jpg 300w, https:\/\/tdv.org\/tr-TR\/wp-content\/uploads\/2026\/04\/cumhurbaskanimiz-erdogan-kurban-vekletini-turkiye-diyanet-vakfina-verdi-1-1-768x503.jpg 768w, https:\/\/tdv.org\/tr-TR\/wp-content\/uploads\/2026\/04\/cumhurbaskanimiz-erdogan-kurban-vekletini-turkiye-diyanet-vakfina-verdi-1-1.jpg 1173w\" sizes=\"(max-width: 1024px) 100vw, 1024px\" \/><\/a>\n\t\t\t<\/dt>\n\t\t\t\t<dd class='wp-caption-text gallery-caption' id='gallery-1-57358'>\n\t\t\t\tcumhurbaskanimiz-erdogan-kurban-vekletini-turkiye-diyanet-vakfina-verdi,kurban, vekaleten kurban, kurban 2026\n\t\t\t\t<\/dd><\/dl><dl class='gallery-item'>\n\t\t\t<dt class='gallery-icon landscape'>\n\t\t\t\t<a href='https:\/\/tdv.org\/tr-TR\/wp-content\/uploads\/2026\/04\/cumhurbaskanimiz-erdogan-kurban-vekletini-turkiye-diyanet-vakfina-verdi-2.jpg'><img decoding=\"async\" width=\"1024\" height=\"695\" src=\"https:\/\/tdv.org\/tr-TR\/wp-content\/uploads\/2026\/04\/cumhurbaskanimiz-erdogan-kurban-vekletini-turkiye-diyanet-vakfina-verdi-2-1024x695.jpg\" class=\"attachment-large size-large\" alt=\"cumhurbaskanimiz-erdogan-kurban-vekletini-turkiye-diyanet-vakfina-verdi, kurban, vekaleten kurban, kurban 2026\" aria-describedby=\"gallery-1-57359\" srcset=\"https:\/\/tdv.org\/tr-TR\/wp-content\/uploads\/2026\/04\/cumhurbaskanimiz-erdogan-kurban-vekletini-turkiye-diyanet-vakfina-verdi-2-1024x695.jpg 1024w, https:\/\/tdv.org\/tr-TR\/wp-content\/uploads\/2026\/04\/cumhurbaskanimiz-erdogan-kurban-vekletini-turkiye-diyanet-vakfina-verdi-2-300x204.jpg 300w, https:\/\/tdv.org\/tr-TR\/wp-content\/uploads\/2026\/04\/cumhurbaskanimiz-erdogan-kurban-vekletini-turkiye-diyanet-vakfina-verdi-2-768x522.jpg 768w, https:\/\/tdv.org\/tr-TR\/wp-content\/uploads\/2026\/04\/cumhurbaskanimiz-erdogan-kurban-vekletini-turkiye-diyanet-vakfina-verdi-2.jpg 1131w\" sizes=\"(max-width: 1024px) 100vw, 1024px\" \/><\/a>\n\t\t\t<\/dt>\n\t\t\t\t<dd class='wp-caption-text gallery-caption' id='gallery-1-57359'>\n\t\t\t\tcumhurbaskanimiz-erdogan-kurban-vekletini-turkiye-diyanet-vakfina-verdi,kurban, vekaleten kurban, kurban 2026\n\t\t\t\t<\/dd><\/dl>\n\t\t\t<br style='clear: both' \/>\n\t\t<\/div>\n\n<\/div>\n","protected":false},"excerpt":{"rendered":"<p>Cumhurba\u015fkan\u0131m\u0131z Recep Tayyip Erdo\u011fan, Diyanet \u0130\u015fleri Ba\u015fkan\u0131 ve T\u00fcrkiye Diyanet Vakf\u0131 (TDV) M\u00fctevelli Heyeti Ba\u015fkan\u0131 Prof. Dr. Safi Arpagu\u015f \u2019u Cumhurba\u015fkanl\u0131\u011f\u0131 K\u00fclliyesi\u2019nde kabul ederek, 2026 y\u0131l\u0131 Vek\u00e2let Yoluyla Kurban Kesim&#8230;<\/p>\n","protected":false},"author":8,"featured_media":57358,"comment_status":"closed","ping_status":"closed","sticky":false,"template":"","format":"standard","meta":{"footnotes":""},"categories":[1],"tags":[2491,2492,2490,171],"class_list":{"0":"post-57355","1":"post","2":"type-post","3":"status-publish","4":"format-standard","5":"has-post-thumbnail","7":"category-haberler","8":"tag-2026-kurban","9":"tag-2026-vekaletle-kurban-organizasyonu","10":"tag-2026-yili-vekalet-yoluyla-kurban-kesim-organizasyonu","11":"tag-kurban"},"yoast_head":"<!-- This site is optimized with the Yoast SEO plugin v27.5 - https:\/\/yoast.com\/product\/yoast-seo-wordpress\/ -->\n<title>Cumhurba\u015fkan\u0131m\u0131z Erdo\u011fan, kurban vek\u00e2letini T\u00fcrkiye Diyanet Vakf\u0131\u2019na verdi<\/title>\n<meta name=\"description\" content=\"Cumhurba\u015fkan\u0131m\u0131z Recep Tayyip Erdo\u011fan, Diyanet \u0130\u015fleri Ba\u015fkan\u0131 ve T\u00fcrkiye Diyanet Vakf\u0131 (TDV) M\u00fctevelli Heyeti Ba\u015fkan\u0131 Prof. Dr. Safi Arpagu\u015f \u2019u Cumhurba\u015fkanl\u0131\u011f\u0131 K\u00fclliyesi\u2019nde kabul ederek, 2026 y\u0131l\u0131 Vek\u00e2let Yoluyla Kurban Kesim Program\u0131 kapsam\u0131nda kurban ba\u011f\u0131\u015f\u0131n\u0131 T\u00fcrkiye Diyanet Vakf\u0131\u2019na yapt\u0131.\" \/>\n<meta name=\"robots\" content=\"index, follow, max-snippet:-1, max-image-preview:large, max-video-preview:-1\" \/>\n<link rel=\"canonical\" href=\"https:\/\/tdv.org\/tr-TR\/cumhurbaskanimiz-erdogan-kurban-vekaletini-turkiye-diyanet-vakfina-verdi\/\" \/>\n<meta property=\"og:locale\" content=\"tr_TR\" \/>\n<meta property=\"og:type\" content=\"article\" \/>\n<meta property=\"og:title\" content=\"Cumhurba\u015fkan\u0131m\u0131z Erdo\u011fan, kurban vek\u00e2letini T\u00fcrkiye Diyanet Vakf\u0131\u2019na verdi\" \/>\n<meta property=\"og:description\" content=\"Cumhurba\u015fkan\u0131m\u0131z Recep Tayyip Erdo\u011fan, Diyanet \u0130\u015fleri Ba\u015fkan\u0131 ve T\u00fcrkiye Diyanet Vakf\u0131 (TDV) M\u00fctevelli Heyeti Ba\u015fkan\u0131 Prof. Dr. Safi Arpagu\u015f \u2019u Cumhurba\u015fkanl\u0131\u011f\u0131 K\u00fclliyesi\u2019nde kabul ederek, 2026 y\u0131l\u0131 Vek\u00e2let Yoluyla Kurban Kesim Program\u0131 kapsam\u0131nda kurban ba\u011f\u0131\u015f\u0131n\u0131 T\u00fcrkiye Diyanet Vakf\u0131\u2019na yapt\u0131.\" \/>\n<meta property=\"og:url\" content=\"https:\/\/tdv.org\/tr-TR\/cumhurbaskanimiz-erdogan-kurban-vekaletini-turkiye-diyanet-vakfina-verdi\/\" \/>\n<meta property=\"og:site_name\" content=\"T\u00fcrkiye Diyanet Vakf\u0131 Resmi Web Sitesi\" \/>\n<meta property=\"article:publisher\" content=\"https:\/\/www.facebook.com\/Diyanetvakfi\/\" \/>\n<meta property=\"article:published_time\" content=\"2026-04-29T15:46:30+00:00\" \/>\n<meta property=\"article:modified_time\" content=\"2026-04-29T15:47:13+00:00\" \/>\n<meta property=\"og:image\" content=\"https:\/\/tdv.org\/tr-TR\/wp-content\/uploads\/2026\/04\/cumhurbaskanimiz-erdogan-kurban-vekletini-turkiye-diyanet-vakfina-verdi-1-1.jpg\" \/>\n\t<meta property=\"og:image:width\" content=\"1173\" \/>\n\t<meta property=\"og:image:height\" content=\"768\" \/>\n\t<meta property=\"og:image:type\" content=\"image\/jpeg\" \/>\n<meta name=\"author\" content=\"Selim\" \/>\n<meta name=\"twitter:card\" content=\"summary_large_image\" \/>\n<meta name=\"twitter:creator\" content=\"@DiyanetVakfi\" \/>\n<meta name=\"twitter:site\" content=\"@DiyanetVakfi\" \/>\n<script type=\"application\/ld+json\" class=\"yoast-schema-graph\">{\"@context\":\"https:\\\/\\\/schema.org\",\"@graph\":[{\"@type\":\"Article\",\"@id\":\"https:\\\/\\\/tdv.org\\\/tr-TR\\\/cumhurbaskanimiz-erdogan-kurban-vekaletini-turkiye-diyanet-vakfina-verdi\\\/#article\",\"isPartOf\":{\"@id\":\"https:\\\/\\\/tdv.org\\\/tr-TR\\\/cumhurbaskanimiz-erdogan-kurban-vekaletini-turkiye-diyanet-vakfina-verdi\\\/\"},\"author\":{\"name\":\"Selim\",\"@id\":\"https:\\\/\\\/tdv.org\\\/tr-TR\\\/#\\\/schema\\\/person\\\/752b55e264a99273d55636516d96d5eb\"},\"headline\":\"Cumhurba\u015fkan\u0131m\u0131z Erdo\u011fan, kurban vek\u00e2letini T\u00fcrkiye Diyanet Vakf\u0131\u2019na verdi\",\"datePublished\":\"2026-04-29T15:46:30+00:00\",\"dateModified\":\"2026-04-29T15:47:13+00:00\",\"mainEntityOfPage\":{\"@id\":\"https:\\\/\\\/tdv.org\\\/tr-TR\\\/cumhurbaskanimiz-erdogan-kurban-vekaletini-turkiye-diyanet-vakfina-verdi\\\/\"},\"wordCount\":167,\"publisher\":{\"@id\":\"https:\\\/\\\/tdv.org\\\/tr-TR\\\/#organization\"},\"image\":{\"@id\":\"https:\\\/\\\/tdv.org\\\/tr-TR\\\/cumhurbaskanimiz-erdogan-kurban-vekaletini-turkiye-diyanet-vakfina-verdi\\\/#primaryimage\"},\"thumbnailUrl\":\"https:\\\/\\\/tdv.org\\\/tr-TR\\\/wp-content\\\/uploads\\\/2026\\\/04\\\/cumhurbaskanimiz-erdogan-kurban-vekletini-turkiye-diyanet-vakfina-verdi-1-1.jpg\",\"keywords\":[\"2026 Kurban\",\"2026 Vekaletle Kurban Organizasyonu\",\"2026 Y\u0131l\u0131 Vekalet Yoluyla Kurban Kesim Organizasyonu\",\"Kurban\"],\"articleSection\":[\"Haberler\"],\"inLanguage\":\"tr\"},{\"@type\":\"WebPage\",\"@id\":\"https:\\\/\\\/tdv.org\\\/tr-TR\\\/cumhurbaskanimiz-erdogan-kurban-vekaletini-turkiye-diyanet-vakfina-verdi\\\/\",\"url\":\"https:\\\/\\\/tdv.org\\\/tr-TR\\\/cumhurbaskanimiz-erdogan-kurban-vekaletini-turkiye-diyanet-vakfina-verdi\\\/\",\"name\":\"Cumhurba\u015fkan\u0131m\u0131z Erdo\u011fan, kurban vek\u00e2letini T\u00fcrkiye Diyanet Vakf\u0131\u2019na verdi\",\"isPartOf\":{\"@id\":\"https:\\\/\\\/tdv.org\\\/tr-TR\\\/#website\"},\"primaryImageOfPage\":{\"@id\":\"https:\\\/\\\/tdv.org\\\/tr-TR\\\/cumhurbaskanimiz-erdogan-kurban-vekaletini-turkiye-diyanet-vakfina-verdi\\\/#primaryimage\"},\"image\":{\"@id\":\"https:\\\/\\\/tdv.org\\\/tr-TR\\\/cumhurbaskanimiz-erdogan-kurban-vekaletini-turkiye-diyanet-vakfina-verdi\\\/#primaryimage\"},\"thumbnailUrl\":\"https:\\\/\\\/tdv.org\\\/tr-TR\\\/wp-content\\\/uploads\\\/2026\\\/04\\\/cumhurbaskanimiz-erdogan-kurban-vekletini-turkiye-diyanet-vakfina-verdi-1-1.jpg\",\"datePublished\":\"2026-04-29T15:46:30+00:00\",\"dateModified\":\"2026-04-29T15:47:13+00:00\",\"description\":\"Cumhurba\u015fkan\u0131m\u0131z Recep Tayyip Erdo\u011fan, Diyanet \u0130\u015fleri Ba\u015fkan\u0131 ve T\u00fcrkiye Diyanet Vakf\u0131 (TDV) M\u00fctevelli Heyeti Ba\u015fkan\u0131 Prof. Dr. Safi Arpagu\u015f \u2019u Cumhurba\u015fkanl\u0131\u011f\u0131 K\u00fclliyesi\u2019nde kabul ederek, 2026 y\u0131l\u0131 Vek\u00e2let Yoluyla Kurban Kesim Program\u0131 kapsam\u0131nda kurban ba\u011f\u0131\u015f\u0131n\u0131 T\u00fcrkiye Diyanet Vakf\u0131\u2019na yapt\u0131.\",\"breadcrumb\":{\"@id\":\"https:\\\/\\\/tdv.org\\\/tr-TR\\\/cumhurbaskanimiz-erdogan-kurban-vekaletini-turkiye-diyanet-vakfina-verdi\\\/#breadcrumb\"},\"inLanguage\":\"tr\",\"potentialAction\":[{\"@type\":\"ReadAction\",\"target\":[\"https:\\\/\\\/tdv.org\\\/tr-TR\\\/cumhurbaskanimiz-erdogan-kurban-vekaletini-turkiye-diyanet-vakfina-verdi\\\/\"]}]},{\"@type\":\"ImageObject\",\"inLanguage\":\"tr\",\"@id\":\"https:\\\/\\\/tdv.org\\\/tr-TR\\\/cumhurbaskanimiz-erdogan-kurban-vekaletini-turkiye-diyanet-vakfina-verdi\\\/#primaryimage\",\"url\":\"https:\\\/\\\/tdv.org\\\/tr-TR\\\/wp-content\\\/uploads\\\/2026\\\/04\\\/cumhurbaskanimiz-erdogan-kurban-vekletini-turkiye-diyanet-vakfina-verdi-1-1.jpg\",\"contentUrl\":\"https:\\\/\\\/tdv.org\\\/tr-TR\\\/wp-content\\\/uploads\\\/2026\\\/04\\\/cumhurbaskanimiz-erdogan-kurban-vekletini-turkiye-diyanet-vakfina-verdi-1-1.jpg\",\"width\":1173,\"height\":768,\"caption\":\"cumhurbaskanimiz-erdogan-kurban-vekletini-turkiye-diyanet-vakfina-verdi,kurban, vekaleten kurban, kurban 2026\"},{\"@type\":\"BreadcrumbList\",\"@id\":\"https:\\\/\\\/tdv.org\\\/tr-TR\\\/cumhurbaskanimiz-erdogan-kurban-vekaletini-turkiye-diyanet-vakfina-verdi\\\/#breadcrumb\",\"itemListElement\":[{\"@type\":\"ListItem\",\"position\":1,\"name\":\"Anasayfa\",\"item\":\"https:\\\/\\\/tdv.org\\\/tr-TR\\\/\"},{\"@type\":\"ListItem\",\"position\":2,\"name\":\"Cumhurba\u015fkan\u0131m\u0131z Erdo\u011fan, kurban vek\u00e2letini T\u00fcrkiye Diyanet Vakf\u0131\u2019na verdi\"}]},{\"@type\":\"WebSite\",\"@id\":\"https:\\\/\\\/tdv.org\\\/tr-TR\\\/#website\",\"url\":\"https:\\\/\\\/tdv.org\\\/tr-TR\\\/\",\"name\":\"T\u00fcrkiye Diyanet Vakf\u0131 Resmi Web Sitesi\",\"description\":\"Yery\u00fcz\u00fcnde iyilik egemen oluncaya kadar\",\"publisher\":{\"@id\":\"https:\\\/\\\/tdv.org\\\/tr-TR\\\/#organization\"},\"alternateName\":\"T\u00fcrkiye Diyanet Vakf\u0131\",\"potentialAction\":[{\"@type\":\"SearchAction\",\"target\":{\"@type\":\"EntryPoint\",\"urlTemplate\":\"https:\\\/\\\/tdv.org\\\/tr-TR\\\/?s={search_term_string}\"},\"query-input\":{\"@type\":\"PropertyValueSpecification\",\"valueRequired\":true,\"valueName\":\"search_term_string\"}}],\"inLanguage\":\"tr\"},{\"@type\":\"Organization\",\"@id\":\"https:\\\/\\\/tdv.org\\\/tr-TR\\\/#organization\",\"name\":\"T\u00fcrkiye Diyanet Vakf\u0131\",\"alternateName\":\"T\u00fcrkiye Diyanet Vakf\u0131\",\"url\":\"https:\\\/\\\/tdv.org\\\/tr-TR\\\/\",\"logo\":{\"@type\":\"ImageObject\",\"inLanguage\":\"tr\",\"@id\":\"https:\\\/\\\/tdv.org\\\/tr-TR\\\/#\\\/schema\\\/logo\\\/image\\\/\",\"url\":\"https:\\\/\\\/tdv.org\\\/tr-TR\\\/wp-content\\\/uploads\\\/2018\\\/12\\\/TDV_Logo_1.png\",\"contentUrl\":\"https:\\\/\\\/tdv.org\\\/tr-TR\\\/wp-content\\\/uploads\\\/2018\\\/12\\\/TDV_Logo_1.png\",\"width\":207,\"height\":71,\"caption\":\"T\u00fcrkiye Diyanet Vakf\u0131\"},\"image\":{\"@id\":\"https:\\\/\\\/tdv.org\\\/tr-TR\\\/#\\\/schema\\\/logo\\\/image\\\/\"},\"sameAs\":[\"https:\\\/\\\/www.facebook.com\\\/Diyanetvakfi\\\/\",\"https:\\\/\\\/x.com\\\/DiyanetVakfi\",\"https:\\\/\\\/www.instagram.com\\\/turkiyediyanetvakfi\\\/\",\"https:\\\/\\\/www.youtube.com\\\/user\\\/TurkiyeDiyanetVakfi\"]},{\"@type\":\"Person\",\"@id\":\"https:\\\/\\\/tdv.org\\\/tr-TR\\\/#\\\/schema\\\/person\\\/752b55e264a99273d55636516d96d5eb\",\"name\":\"Selim\",\"image\":{\"@type\":\"ImageObject\",\"inLanguage\":\"tr\",\"@id\":\"https:\\\/\\\/tdv.org\\\/tr-TR\\\/wp-content\\\/litespeed\\\/avatar\\\/a1e47b25396e98e5b781e88a5396cd96.jpg?ver=1777287391\",\"url\":\"https:\\\/\\\/tdv.org\\\/tr-TR\\\/wp-content\\\/litespeed\\\/avatar\\\/a1e47b25396e98e5b781e88a5396cd96.jpg?ver=1777287391\",\"contentUrl\":\"https:\\\/\\\/tdv.org\\\/tr-TR\\\/wp-content\\\/litespeed\\\/avatar\\\/a1e47b25396e98e5b781e88a5396cd96.jpg?ver=1777287391\",\"caption\":\"Selim\"}}]}<\/script>\n<!-- \/ Yoast SEO plugin. -->","yoast_head_json":{"title":"Cumhurba\u015fkan\u0131m\u0131z Erdo\u011fan, kurban vek\u00e2letini T\u00fcrkiye Diyanet Vakf\u0131\u2019na verdi","description":"Cumhurba\u015fkan\u0131m\u0131z Recep Tayyip Erdo\u011fan, Diyanet \u0130\u015fleri Ba\u015fkan\u0131 ve T\u00fcrkiye Diyanet Vakf\u0131 (TDV) M\u00fctevelli Heyeti Ba\u015fkan\u0131 Prof. Dr. Safi Arpagu\u015f \u2019u Cumhurba\u015fkanl\u0131\u011f\u0131 K\u00fclliyesi\u2019nde kabul ederek, 2026 y\u0131l\u0131 Vek\u00e2let Yoluyla Kurban Kesim Program\u0131 kapsam\u0131nda kurban ba\u011f\u0131\u015f\u0131n\u0131 T\u00fcrkiye Diyanet Vakf\u0131\u2019na yapt\u0131.","robots":{"index":"index","follow":"follow","max-snippet":"max-snippet:-1","max-image-preview":"max-image-preview:large","max-video-preview":"max-video-preview:-1"},"canonical":"https:\/\/tdv.org\/tr-TR\/cumhurbaskanimiz-erdogan-kurban-vekaletini-turkiye-diyanet-vakfina-verdi\/","og_locale":"tr_TR","og_type":"article","og_title":"Cumhurba\u015fkan\u0131m\u0131z Erdo\u011fan, kurban vek\u00e2letini T\u00fcrkiye Diyanet Vakf\u0131\u2019na verdi","og_description":"Cumhurba\u015fkan\u0131m\u0131z Recep Tayyip Erdo\u011fan, Diyanet \u0130\u015fleri Ba\u015fkan\u0131 ve T\u00fcrkiye Diyanet Vakf\u0131 (TDV) M\u00fctevelli Heyeti Ba\u015fkan\u0131 Prof. Dr. Safi Arpagu\u015f \u2019u Cumhurba\u015fkanl\u0131\u011f\u0131 K\u00fclliyesi\u2019nde kabul ederek, 2026 y\u0131l\u0131 Vek\u00e2let Yoluyla Kurban Kesim Program\u0131 kapsam\u0131nda kurban ba\u011f\u0131\u015f\u0131n\u0131 T\u00fcrkiye Diyanet Vakf\u0131\u2019na yapt\u0131.","og_url":"https:\/\/tdv.org\/tr-TR\/cumhurbaskanimiz-erdogan-kurban-vekaletini-turkiye-diyanet-vakfina-verdi\/","og_site_name":"T\u00fcrkiye Diyanet Vakf\u0131 Resmi Web Sitesi","article_publisher":"https:\/\/www.facebook.com\/Diyanetvakfi\/","article_published_time":"2026-04-29T15:46:30+00:00","article_modified_time":"2026-04-29T15:47:13+00:00","og_image":[{"width":1173,"height":768,"url":"https:\/\/tdv.org\/tr-TR\/wp-content\/uploads\/2026\/04\/cumhurbaskanimiz-erdogan-kurban-vekletini-turkiye-diyanet-vakfina-verdi-1-1.jpg","type":"image\/jpeg"}],"author":"Selim","twitter_card":"summary_large_image","twitter_creator":"@DiyanetVakfi","twitter_site":"@DiyanetVakfi","schema":{"@context":"https:\/\/schema.org","@graph":[{"@type":"Article","@id":"https:\/\/tdv.org\/tr-TR\/cumhurbaskanimiz-erdogan-kurban-vekaletini-turkiye-diyanet-vakfina-verdi\/#article","isPartOf":{"@id":"https:\/\/tdv.org\/tr-TR\/cumhurbaskanimiz-erdogan-kurban-vekaletini-turkiye-diyanet-vakfina-verdi\/"},"author":{"name":"Selim","@id":"https:\/\/tdv.org\/tr-TR\/#\/schema\/person\/752b55e264a99273d55636516d96d5eb"},"headline":"Cumhurba\u015fkan\u0131m\u0131z Erdo\u011fan, kurban vek\u00e2letini T\u00fcrkiye Diyanet Vakf\u0131\u2019na verdi","datePublished":"2026-04-29T15:46:30+00:00","dateModified":"2026-04-29T15:47:13+00:00","mainEntityOfPage":{"@id":"https:\/\/tdv.org\/tr-TR\/cumhurbaskanimiz-erdogan-kurban-vekaletini-turkiye-diyanet-vakfina-verdi\/"},"wordCount":167,"publisher":{"@id":"https:\/\/tdv.org\/tr-TR\/#organization"},"image":{"@id":"https:\/\/tdv.org\/tr-TR\/cumhurbaskanimiz-erdogan-kurban-vekaletini-turkiye-diyanet-vakfina-verdi\/#primaryimage"},"thumbnailUrl":"https:\/\/tdv.org\/tr-TR\/wp-content\/uploads\/2026\/04\/cumhurbaskanimiz-erdogan-kurban-vekletini-turkiye-diyanet-vakfina-verdi-1-1.jpg","keywords":["2026 Kurban","2026 Vekaletle Kurban Organizasyonu","2026 Y\u0131l\u0131 Vekalet Yoluyla Kurban Kesim Organizasyonu","Kurban"],"articleSection":["Haberler"],"inLanguage":"tr"},{"@type":"WebPage","@id":"https:\/\/tdv.org\/tr-TR\/cumhurbaskanimiz-erdogan-kurban-vekaletini-turkiye-diyanet-vakfina-verdi\/","url":"https:\/\/tdv.org\/tr-TR\/cumhurbaskanimiz-erdogan-kurban-vekaletini-turkiye-diyanet-vakfina-verdi\/","name":"Cumhurba\u015fkan\u0131m\u0131z Erdo\u011fan, kurban vek\u00e2letini T\u00fcrkiye Diyanet Vakf\u0131\u2019na verdi","isPartOf":{"@id":"https:\/\/tdv.org\/tr-TR\/#website"},"primaryImageOfPage":{"@id":"https:\/\/tdv.org\/tr-TR\/cumhurbaskanimiz-erdogan-kurban-vekaletini-turkiye-diyanet-vakfina-verdi\/#primaryimage"},"image":{"@id":"https:\/\/tdv.org\/tr-TR\/cumhurbaskanimiz-erdogan-kurban-vekaletini-turkiye-diyanet-vakfina-verdi\/#primaryimage"},"thumbnailUrl":"https:\/\/tdv.org\/tr-TR\/wp-content\/uploads\/2026\/04\/cumhurbaskanimiz-erdogan-kurban-vekletini-turkiye-diyanet-vakfina-verdi-1-1.jpg","datePublished":"2026-04-29T15:46:30+00:00","dateModified":"2026-04-29T15:47:13+00:00","description":"Cumhurba\u015fkan\u0131m\u0131z Recep Tayyip Erdo\u011fan, Diyanet \u0130\u015fleri Ba\u015fkan\u0131 ve T\u00fcrkiye Diyanet Vakf\u0131 (TDV) M\u00fctevelli Heyeti Ba\u015fkan\u0131 Prof. Dr. Safi Arpagu\u015f \u2019u Cumhurba\u015fkanl\u0131\u011f\u0131 K\u00fclliyesi\u2019nde kabul ederek, 2026 y\u0131l\u0131 Vek\u00e2let Yoluyla Kurban Kesim Program\u0131 kapsam\u0131nda kurban ba\u011f\u0131\u015f\u0131n\u0131 T\u00fcrkiye Diyanet Vakf\u0131\u2019na yapt\u0131.","breadcrumb":{"@id":"https:\/\/tdv.org\/tr-TR\/cumhurbaskanimiz-erdogan-kurban-vekaletini-turkiye-diyanet-vakfina-verdi\/#breadcrumb"},"inLanguage":"tr","potentialAction":[{"@type":"ReadAction","target":["https:\/\/tdv.org\/tr-TR\/cumhurbaskanimiz-erdogan-kurban-vekaletini-turkiye-diyanet-vakfina-verdi\/"]}]},{"@type":"ImageObject","inLanguage":"tr","@id":"https:\/\/tdv.org\/tr-TR\/cumhurbaskanimiz-erdogan-kurban-vekaletini-turkiye-diyanet-vakfina-verdi\/#primaryimage","url":"https:\/\/tdv.org\/tr-TR\/wp-content\/uploads\/2026\/04\/cumhurbaskanimiz-erdogan-kurban-vekletini-turkiye-diyanet-vakfina-verdi-1-1.jpg","contentUrl":"https:\/\/tdv.org\/tr-TR\/wp-content\/uploads\/2026\/04\/cumhurbaskanimiz-erdogan-kurban-vekletini-turkiye-diyanet-vakfina-verdi-1-1.jpg","width":1173,"height":768,"caption":"cumhurbaskanimiz-erdogan-kurban-vekletini-turkiye-diyanet-vakfina-verdi,kurban, vekaleten kurban, kurban 2026"},{"@type":"BreadcrumbList","@id":"https:\/\/tdv.org\/tr-TR\/cumhurbaskanimiz-erdogan-kurban-vekaletini-turkiye-diyanet-vakfina-verdi\/#breadcrumb","itemListElement":[{"@type":"ListItem","position":1,"name":"Anasayfa","item":"https:\/\/tdv.org\/tr-TR\/"},{"@type":"ListItem","position":2,"name":"Cumhurba\u015fkan\u0131m\u0131z Erdo\u011fan, kurban vek\u00e2letini T\u00fcrkiye Diyanet Vakf\u0131\u2019na verdi"}]},{"@type":"WebSite","@id":"https:\/\/tdv.org\/tr-TR\/#website","url":"https:\/\/tdv.org\/tr-TR\/","name":"T\u00fcrkiye Diyanet Vakf\u0131 Resmi Web Sitesi","description":"Yery\u00fcz\u00fcnde iyilik egemen oluncaya kadar","publisher":{"@id":"https:\/\/tdv.org\/tr-TR\/#organization"},"alternateName":"T\u00fcrkiye Diyanet Vakf\u0131","potentialAction":[{"@type":"SearchAction","target":{"@type":"EntryPoint","urlTemplate":"https:\/\/tdv.org\/tr-TR\/?s={search_term_string}"},"query-input":{"@type":"PropertyValueSpecification","valueRequired":true,"valueName":"search_term_string"}}],"inLanguage":"tr"},{"@type":"Organization","@id":"https:\/\/tdv.org\/tr-TR\/#organization","name":"T\u00fcrkiye Diyanet Vakf\u0131","alternateName":"T\u00fcrkiye Diyanet Vakf\u0131","url":"https:\/\/tdv.org\/tr-TR\/","logo":{"@type":"ImageObject","inLanguage":"tr","@id":"https:\/\/tdv.org\/tr-TR\/#\/schema\/logo\/image\/","url":"https:\/\/tdv.org\/tr-TR\/wp-content\/uploads\/2018\/12\/TDV_Logo_1.png","contentUrl":"https:\/\/tdv.org\/tr-TR\/wp-content\/uploads\/2018\/12\/TDV_Logo_1.png","width":207,"height":71,"caption":"T\u00fcrkiye Diyanet Vakf\u0131"},"image":{"@id":"https:\/\/tdv.org\/tr-TR\/#\/schema\/logo\/image\/"},"sameAs":["https:\/\/www.facebook.com\/Diyanetvakfi\/","https:\/\/x.com\/DiyanetVakfi","https:\/\/www.instagram.com\/turkiyediyanetvakfi\/","https:\/\/www.youtube.com\/user\/TurkiyeDiyanetVakfi"]},{"@type":"Person","@id":"https:\/\/tdv.org\/tr-TR\/#\/schema\/person\/752b55e264a99273d55636516d96d5eb","name":"Selim","image":{"@type":"ImageObject","inLanguage":"tr","@id":"https:\/\/tdv.org\/tr-TR\/wp-content\/litespeed\/avatar\/a1e47b25396e98e5b781e88a5396cd96.jpg?ver=1777287391","url":"https:\/\/tdv.org\/tr-TR\/wp-content\/litespeed\/avatar\/a1e47b25396e98e5b781e88a5396cd96.jpg?ver=1777287391","contentUrl":"https:\/\/tdv.org\/tr-TR\/wp-content\/litespeed\/avatar\/a1e47b25396e98e5b781e88a5396cd96.jpg?ver=1777287391","caption":"Selim"}}]}},"_links":{"self":[{"href":"https:\/\/tdv.org\/tr-TR\/wp-json\/wp\/v2\/posts\/57355","targetHints":{"allow":["GET"]}}],"collection":[{"href":"https:\/\/tdv.org\/tr-TR\/wp-json\/wp\/v2\/posts"}],"about":[{"href":"https:\/\/tdv.org\/tr-TR\/wp-json\/wp\/v2\/types\/post"}],"author":[{"embeddable":true,"href":"https:\/\/tdv.org\/tr-TR\/wp-json\/wp\/v2\/users\/8"}],"replies":[{"embeddable":true,"href":"https:\/\/tdv.org\/tr-TR\/wp-json\/wp\/v2\/comments?post=57355"}],"version-history":[{"count":1,"href":"https:\/\/tdv.org\/tr-TR\/wp-json\/wp\/v2\/posts\/57355\/revisions"}],"predecessor-version":[{"id":57360,"href":"https:\/\/tdv.org\/tr-TR\/wp-json\/wp\/v2\/posts\/57355\/revisions\/57360"}],"wp:featuredmedia":[{"embeddable":true,"href":"https:\/\/tdv.org\/tr-TR\/wp-json\/wp\/v2\/media\/57358"}],"wp:attachment":[{"href":"https:\/\/tdv.org\/tr-TR\/wp-json\/wp\/v2\/media?parent=57355"}],"wp:term":[{"taxonomy":"category","embeddable":true,"href":"https:\/\/tdv.org\/tr-TR\/wp-json\/wp\/v2\/categories?post=57355"},{"taxonomy":"post_tag","embeddable":true,"href":"https:\/\/tdv.org\/tr-TR\/wp-json\/wp\/v2\/tags?post=57355"}],"curies":[{"name":"wp","href":"https:\/\/api.w.org\/{rel}","templated":true}]}}