{"id":57361,"date":"2026-04-29T18:40:16","date_gmt":"2026-04-29T15:40:16","guid":{"rendered":"https:\/\/tdv.org\/tr-TR\/?p=57361"},"modified":"2026-04-30T09:30:11","modified_gmt":"2026-04-30T06:30:11","slug":"turkiye-diyanet-vakfi-ganada-burs-mulakatlarini-tamamladi","status":"publish","type":"post","link":"https:\/\/tdv.org\/tr-TR\/turkiye-diyanet-vakfi-ganada-burs-mulakatlarini-tamamladi\/","title":{"rendered":"T\u00fcrkiye\u202fDiyanet\u202fVakf\u0131, Gana&#8217;da burs m\u00fclakatlar\u0131n\u0131 tamamlad\u0131"},"content":{"rendered":"<p style=\"text-align: justify;\"><span data-contrast=\"none\"><a href=\"https:\/\/tdv.org\/tr-TR\/\" target=\"_blank\" rel=\"noopener\">T\u00fcrkiye \u202fDiyanet \u202fVakf\u0131\u2019n\u0131n (TDV)<\/a> <a href=\"https:\/\/bagis.tdv.org\/egitim\/egitim-yardimi-197\" target=\"_blank\" rel=\"noopener\">uluslararas\u0131 burs program\u0131<\/a> kapsam\u0131nda Gana&#8217;n\u0131n ba\u015fkenti Akra&#8217;da ger\u00e7ekle\u015ftirilen \u00f6\u011frenci m\u00fclakatlar\u0131 iki g\u00fcn s\u00fcren program\u0131n ard\u0131ndan tamamland\u0131.<\/span><span data-ccp-props=\"{&quot;134233118&quot;:true,&quot;201341983&quot;:2,&quot;335557856&quot;:16777215,&quot;335559740&quot;:390}\">\u00a0<\/span><\/p>\n<p style=\"text-align: justify;\"><span data-contrast=\"none\"><a href=\"https:\/\/diyanetburslari.tdv.org\/\" target=\"_blank\" rel=\"noopener\">Diyanet \u202fBurslar\u0131<\/a> \u00e7er\u00e7evesinde d\u00fczenlenen m\u00fclakatlarda yakla\u015f\u0131k 80 \u00f6\u011frenciyle bire bir g\u00f6r\u00fc\u015fmeler yap\u0131ld\u0131.<\/span><span data-ccp-props=\"{&quot;134233118&quot;:true,&quot;201341983&quot;:2,&quot;335557856&quot;:16777215,&quot;335559740&quot;:390}\">\u00a0<\/span><\/p>\n<p style=\"text-align: justify;\"><span data-contrast=\"none\">M\u00fclakat s\u00fcrecinde \u00f6\u011frencilerin kendilerini ifade etme becerileri, genel k\u00fclt\u00fcr d\u00fczeyleri, dini bilgi birikimleri ile <a href=\"https:\/\/bagis.tdv.org\/kuran\/hediyem-kur-an-olsun-13\" target=\"_blank\" rel=\"noopener\">Kur&#8217;an-\u0131 Kerim<\/a> ezberi ve okuma yeterlilikleri esas al\u0131narak de\u011ferlendirme yap\u0131ld\u0131.<\/span><span data-ccp-props=\"{&quot;134233118&quot;:true,&quot;201341983&quot;:2,&quot;335557856&quot;:16777215,&quot;335559740&quot;:390}\">\u00a0<\/span><\/p>\n<p style=\"text-align: justify;\"><span data-contrast=\"none\">M\u00fclakat komisyonunda yer alan TDV Temsilcisi Mehmet Emin Uslu, <a href=\"https:\/\/bagis.tdv.org\/egitim\/egitim-yardimi-197\" target=\"_blank\" rel=\"noopener\">burs program\u0131n\u0131n<\/a> uluslararas\u0131 \u00f6\u011frenci hareketlili\u011fine \u00f6nemli katk\u0131lar sundu\u011funu belirtti.<\/span><span data-ccp-props=\"{&quot;134233118&quot;:true,&quot;201341983&quot;:2,&quot;335557856&quot;:16777215,&quot;335559740&quot;:390}\">\u00a0<\/span><\/p>\n<p style=\"text-align: justify;\"><span data-contrast=\"none\">Her y\u0131l farkl\u0131 \u00fclkelerde \u00f6\u011frenci se\u00e7me s\u00fcre\u00e7leri y\u00fcr\u00fctt\u00fcklerini ifade eden Uslu, bu kapsamda Gana&#8217;da da adaylarla bir araya geldiklerini s\u00f6yledi.<\/span><span data-ccp-props=\"{&quot;134233118&quot;:true,&quot;201341983&quot;:2,&quot;335557856&quot;:16777215,&quot;335559740&quot;:390}\">\u00a0<\/span><\/p>\n<p style=\"text-align: justify;\"><span data-contrast=\"none\">Akra&#8217;daki program\u0131n yo\u011fun fakat verimli ge\u00e7ti\u011fini aktaran Uslu, &#8220;\u0130ki g\u00fcn i\u00e7erisinde yakla\u015f\u0131k 80 \u00f6\u011frencinin m\u00fclakat\u0131n\u0131 ger\u00e7ekle\u015ftirdik. \u00d6\u011frencilerin hem akademik yeterliliklerini hem de dini bilgi ve becerilerini kapsaml\u0131 \u015fekilde de\u011ferlendirdik.&#8221; dedi.<\/span><span data-ccp-props=\"{&quot;134233118&quot;:true,&quot;201341983&quot;:2,&quot;335557856&quot;:16777215,&quot;335559740&quot;:390}\">\u00a0<\/span><\/p>\n<p style=\"text-align: justify;\"><span data-contrast=\"none\">Aday se\u00e7iminde yaln\u0131zca akademik ba\u015far\u0131ya odaklanmad\u0131klar\u0131n\u0131 vurgulayan Uslu, \u00f6\u011frencilerin \u00f6zg\u00fcveni, kendini ifade kabiliyeti ve toplumsal fark\u0131ndal\u0131\u011f\u0131n\u0131n da dikkate al\u0131nd\u0131\u011f\u0131n\u0131 kaydetti.<\/span><span data-ccp-props=\"{&quot;134233118&quot;:true,&quot;201341983&quot;:2,&quot;335557856&quot;:16777215,&quot;335559740&quot;:390}\">\u00a0<\/span><\/p>\n<p style=\"text-align: justify;\"><span data-contrast=\"none\">Uslu, m\u00fclakat s\u00fcrecinin ard\u0131ndan belirlenen adaylar\u0131n nihai de\u011ferlendirme i\u00e7in merkeze bildirilece\u011fini, ba\u015far\u0131l\u0131 \u00f6\u011frencilerin T\u00fcrkiye&#8217;de e\u011fitim g\u00f6rme f\u0131rsat\u0131 elde edece\u011fini ifade etti.<\/span><span data-ccp-props=\"{&quot;134233118&quot;:true,&quot;201341983&quot;:2,&quot;335557856&quot;:16777215,&quot;335559740&quot;:390}\">\u00a0<\/span><\/p>\n\n\t\t<style type=\"text\/css\">\n\t\t\t#gallery-1 {\n\t\t\t\tmargin: auto;\n\t\t\t}\n\t\t\t#gallery-1 .gallery-item {\n\t\t\t\tfloat: left;\n\t\t\t\tmargin-top: 10px;\n\t\t\t\ttext-align: center;\n\t\t\t\twidth: 33%;\n\t\t\t}\n\t\t\t#gallery-1 img {\n\t\t\t\tborder: 2px solid #cfcfcf;\n\t\t\t}\n\t\t\t#gallery-1 .gallery-caption {\n\t\t\t\tmargin-left: 0;\n\t\t\t}\n\t\t\t\/* see gallery_shortcode() in wp-includes\/media.php *\/\n\t\t<\/style>\n\t\t<div id='gallery-1' class='gallery galleryid-57361 gallery-columns-3 gallery-size-full'><dl class='gallery-item'>\n\t\t\t<dt class='gallery-icon landscape'>\n\t\t\t\t<a href='https:\/\/tdv.org\/tr-TR\/wp-content\/uploads\/2026\/04\/turkiye-diyanet-vakfi-gana-da-burs-mulakatlarini-tamamladi-1.jpg'><img decoding=\"async\" width=\"1366\" height=\"755\" src=\"https:\/\/tdv.org\/tr-TR\/wp-content\/uploads\/2026\/04\/turkiye-diyanet-vakfi-gana-da-burs-mulakatlarini-tamamladi-1.jpg\" class=\"attachment-full size-full\" alt=\"\" aria-describedby=\"gallery-1-57362\" srcset=\"https:\/\/tdv.org\/tr-TR\/wp-content\/uploads\/2026\/04\/turkiye-diyanet-vakfi-gana-da-burs-mulakatlarini-tamamladi-1.jpg 1366w, https:\/\/tdv.org\/tr-TR\/wp-content\/uploads\/2026\/04\/turkiye-diyanet-vakfi-gana-da-burs-mulakatlarini-tamamladi-1-300x166.jpg 300w, https:\/\/tdv.org\/tr-TR\/wp-content\/uploads\/2026\/04\/turkiye-diyanet-vakfi-gana-da-burs-mulakatlarini-tamamladi-1-1024x566.jpg 1024w, https:\/\/tdv.org\/tr-TR\/wp-content\/uploads\/2026\/04\/turkiye-diyanet-vakfi-gana-da-burs-mulakatlarini-tamamladi-1-768x424.jpg 768w\" sizes=\"(max-width: 1366px) 100vw, 1366px\" \/><\/a>\n\t\t\t<\/dt>\n\t\t\t\t<dd class='wp-caption-text gallery-caption' id='gallery-1-57362'>\n\t\t\t\tT\u00fcrkiye\u202fDiyanet\u202fVakf\u0131, Gana&#8217;da burs m\u00fclakatlar\u0131n\u0131 tamamlad\u0131, Gana, uluslararas\u0131 burs program\u0131 ,burs\n\t\t\t\t<\/dd><\/dl><dl class='gallery-item'>\n\t\t\t<dt class='gallery-icon landscape'>\n\t\t\t\t<a href='https:\/\/tdv.org\/tr-TR\/wp-content\/uploads\/2026\/04\/turkiye-diyanet-vakfi-gana-da-burs-mulakatlarini-tamamladi-2.jpg'><img decoding=\"async\" width=\"1365\" height=\"768\" src=\"https:\/\/tdv.org\/tr-TR\/wp-content\/uploads\/2026\/04\/turkiye-diyanet-vakfi-gana-da-burs-mulakatlarini-tamamladi-2.jpg\" class=\"attachment-full size-full\" alt=\"\" aria-describedby=\"gallery-1-57363\" srcset=\"https:\/\/tdv.org\/tr-TR\/wp-content\/uploads\/2026\/04\/turkiye-diyanet-vakfi-gana-da-burs-mulakatlarini-tamamladi-2.jpg 1365w, https:\/\/tdv.org\/tr-TR\/wp-content\/uploads\/2026\/04\/turkiye-diyanet-vakfi-gana-da-burs-mulakatlarini-tamamladi-2-300x169.jpg 300w, https:\/\/tdv.org\/tr-TR\/wp-content\/uploads\/2026\/04\/turkiye-diyanet-vakfi-gana-da-burs-mulakatlarini-tamamladi-2-1024x576.jpg 1024w, https:\/\/tdv.org\/tr-TR\/wp-content\/uploads\/2026\/04\/turkiye-diyanet-vakfi-gana-da-burs-mulakatlarini-tamamladi-2-768x432.jpg 768w\" sizes=\"(max-width: 1365px) 100vw, 1365px\" \/><\/a>\n\t\t\t<\/dt>\n\t\t\t\t<dd class='wp-caption-text gallery-caption' id='gallery-1-57363'>\n\t\t\t\tT\u00fcrkiye\u202fDiyanet\u202fVakf\u0131, Gana&#8217;da burs m\u00fclakatlar\u0131n\u0131 tamamlad\u0131, Gana, uluslararas\u0131 burs program\u0131 ,burs\n\t\t\t\t<\/dd><\/dl><dl class='gallery-item'>\n\t\t\t<dt class='gallery-icon landscape'>\n\t\t\t\t<a href='https:\/\/tdv.org\/tr-TR\/wp-content\/uploads\/2026\/04\/turkiye-diyanet-vakfi-gana-da-burs-mulakatlarini-tamamladi-3.jpg'><img decoding=\"async\" width=\"1364\" height=\"768\" src=\"https:\/\/tdv.org\/tr-TR\/wp-content\/uploads\/2026\/04\/turkiye-diyanet-vakfi-gana-da-burs-mulakatlarini-tamamladi-3.jpg\" class=\"attachment-full size-full\" alt=\"\" aria-describedby=\"gallery-1-57364\" srcset=\"https:\/\/tdv.org\/tr-TR\/wp-content\/uploads\/2026\/04\/turkiye-diyanet-vakfi-gana-da-burs-mulakatlarini-tamamladi-3.jpg 1364w, https:\/\/tdv.org\/tr-TR\/wp-content\/uploads\/2026\/04\/turkiye-diyanet-vakfi-gana-da-burs-mulakatlarini-tamamladi-3-300x169.jpg 300w, https:\/\/tdv.org\/tr-TR\/wp-content\/uploads\/2026\/04\/turkiye-diyanet-vakfi-gana-da-burs-mulakatlarini-tamamladi-3-1024x577.jpg 1024w, https:\/\/tdv.org\/tr-TR\/wp-content\/uploads\/2026\/04\/turkiye-diyanet-vakfi-gana-da-burs-mulakatlarini-tamamladi-3-768x432.jpg 768w\" sizes=\"(max-width: 1364px) 100vw, 1364px\" \/><\/a>\n\t\t\t<\/dt>\n\t\t\t\t<dd class='wp-caption-text gallery-caption' id='gallery-1-57364'>\n\t\t\t\tT\u00fcrkiye\u202fDiyanet\u202fVakf\u0131, Gana&#8217;da burs m\u00fclakatlar\u0131n\u0131 tamamlad\u0131, Gana, uluslararas\u0131 burs program\u0131 ,burs\n\t\t\t\t<\/dd><\/dl><br style=\"clear: both\" \/><dl class='gallery-item'>\n\t\t\t<dt class='gallery-icon landscape'>\n\t\t\t\t<a href='https:\/\/tdv.org\/tr-TR\/wp-content\/uploads\/2026\/04\/turkiye-diyanet-vakfi-gana-da-burs-mulakatlarini-tamamladi-4.jpg'><img decoding=\"async\" width=\"1364\" height=\"768\" src=\"https:\/\/tdv.org\/tr-TR\/wp-content\/uploads\/2026\/04\/turkiye-diyanet-vakfi-gana-da-burs-mulakatlarini-tamamladi-4.jpg\" class=\"attachment-full size-full\" alt=\"\" aria-describedby=\"gallery-1-57365\" srcset=\"https:\/\/tdv.org\/tr-TR\/wp-content\/uploads\/2026\/04\/turkiye-diyanet-vakfi-gana-da-burs-mulakatlarini-tamamladi-4.jpg 1364w, https:\/\/tdv.org\/tr-TR\/wp-content\/uploads\/2026\/04\/turkiye-diyanet-vakfi-gana-da-burs-mulakatlarini-tamamladi-4-300x169.jpg 300w, https:\/\/tdv.org\/tr-TR\/wp-content\/uploads\/2026\/04\/turkiye-diyanet-vakfi-gana-da-burs-mulakatlarini-tamamladi-4-1024x577.jpg 1024w, https:\/\/tdv.org\/tr-TR\/wp-content\/uploads\/2026\/04\/turkiye-diyanet-vakfi-gana-da-burs-mulakatlarini-tamamladi-4-768x432.jpg 768w\" sizes=\"(max-width: 1364px) 100vw, 1364px\" \/><\/a>\n\t\t\t<\/dt>\n\t\t\t\t<dd class='wp-caption-text gallery-caption' id='gallery-1-57365'>\n\t\t\t\tT\u00fcrkiye\u202fDiyanet\u202fVakf\u0131, Gana&#8217;da burs m\u00fclakatlar\u0131n\u0131 tamamlad\u0131, Gana, uluslararas\u0131 burs program\u0131 ,burs\n\t\t\t\t<\/dd><\/dl><dl class='gallery-item'>\n\t\t\t<dt class='gallery-icon landscape'>\n\t\t\t\t<a href='https:\/\/tdv.org\/tr-TR\/wp-content\/uploads\/2026\/04\/turkiye-diyanet-vakfi-gana-da-burs-mulakatlarini-tamamladi-5.jpg'><img decoding=\"async\" width=\"1364\" height=\"768\" src=\"https:\/\/tdv.org\/tr-TR\/wp-content\/uploads\/2026\/04\/turkiye-diyanet-vakfi-gana-da-burs-mulakatlarini-tamamladi-5.jpg\" class=\"attachment-full size-full\" alt=\"\" aria-describedby=\"gallery-1-57366\" srcset=\"https:\/\/tdv.org\/tr-TR\/wp-content\/uploads\/2026\/04\/turkiye-diyanet-vakfi-gana-da-burs-mulakatlarini-tamamladi-5.jpg 1364w, https:\/\/tdv.org\/tr-TR\/wp-content\/uploads\/2026\/04\/turkiye-diyanet-vakfi-gana-da-burs-mulakatlarini-tamamladi-5-300x169.jpg 300w, https:\/\/tdv.org\/tr-TR\/wp-content\/uploads\/2026\/04\/turkiye-diyanet-vakfi-gana-da-burs-mulakatlarini-tamamladi-5-1024x577.jpg 1024w, https:\/\/tdv.org\/tr-TR\/wp-content\/uploads\/2026\/04\/turkiye-diyanet-vakfi-gana-da-burs-mulakatlarini-tamamladi-5-768x432.jpg 768w\" sizes=\"(max-width: 1364px) 100vw, 1364px\" \/><\/a>\n\t\t\t<\/dt>\n\t\t\t\t<dd class='wp-caption-text gallery-caption' id='gallery-1-57366'>\n\t\t\t\tT\u00fcrkiye\u202fDiyanet\u202fVakf\u0131, Gana&#8217;da burs m\u00fclakatlar\u0131n\u0131 tamamlad\u0131, Gana, uluslararas\u0131 burs program\u0131 ,burs\n\t\t\t\t<\/dd><\/dl><dl class='gallery-item'>\n\t\t\t<dt class='gallery-icon landscape'>\n\t\t\t\t<a href='https:\/\/tdv.org\/tr-TR\/wp-content\/uploads\/2026\/04\/turkiye-diyanet-vakfi-gana-da-burs-mulakatlarini-tamamladi-6.jpg'><img decoding=\"async\" width=\"1364\" height=\"768\" src=\"https:\/\/tdv.org\/tr-TR\/wp-content\/uploads\/2026\/04\/turkiye-diyanet-vakfi-gana-da-burs-mulakatlarini-tamamladi-6.jpg\" class=\"attachment-full size-full\" alt=\"\" aria-describedby=\"gallery-1-57367\" srcset=\"https:\/\/tdv.org\/tr-TR\/wp-content\/uploads\/2026\/04\/turkiye-diyanet-vakfi-gana-da-burs-mulakatlarini-tamamladi-6.jpg 1364w, https:\/\/tdv.org\/tr-TR\/wp-content\/uploads\/2026\/04\/turkiye-diyanet-vakfi-gana-da-burs-mulakatlarini-tamamladi-6-300x169.jpg 300w, https:\/\/tdv.org\/tr-TR\/wp-content\/uploads\/2026\/04\/turkiye-diyanet-vakfi-gana-da-burs-mulakatlarini-tamamladi-6-1024x577.jpg 1024w, https:\/\/tdv.org\/tr-TR\/wp-content\/uploads\/2026\/04\/turkiye-diyanet-vakfi-gana-da-burs-mulakatlarini-tamamladi-6-768x432.jpg 768w\" sizes=\"(max-width: 1364px) 100vw, 1364px\" \/><\/a>\n\t\t\t<\/dt>\n\t\t\t\t<dd class='wp-caption-text gallery-caption' id='gallery-1-57367'>\n\t\t\t\tT\u00fcrkiye\u202fDiyanet\u202fVakf\u0131, Gana&#8217;da burs m\u00fclakatlar\u0131n\u0131 tamamlad\u0131, Gana, uluslararas\u0131 burs program\u0131 ,burs\n\t\t\t\t<\/dd><\/dl><br style=\"clear: both\" \/><dl class='gallery-item'>\n\t\t\t<dt class='gallery-icon landscape'>\n\t\t\t\t<a href='https:\/\/tdv.org\/tr-TR\/wp-content\/uploads\/2026\/04\/turkiye-diyanet-vakfi-gana-da-burs-mulakatlarini-tamamladi-7.jpg'><img decoding=\"async\" width=\"1365\" height=\"768\" src=\"https:\/\/tdv.org\/tr-TR\/wp-content\/uploads\/2026\/04\/turkiye-diyanet-vakfi-gana-da-burs-mulakatlarini-tamamladi-7.jpg\" class=\"attachment-full size-full\" alt=\"\" aria-describedby=\"gallery-1-57368\" srcset=\"https:\/\/tdv.org\/tr-TR\/wp-content\/uploads\/2026\/04\/turkiye-diyanet-vakfi-gana-da-burs-mulakatlarini-tamamladi-7.jpg 1365w, https:\/\/tdv.org\/tr-TR\/wp-content\/uploads\/2026\/04\/turkiye-diyanet-vakfi-gana-da-burs-mulakatlarini-tamamladi-7-300x169.jpg 300w, https:\/\/tdv.org\/tr-TR\/wp-content\/uploads\/2026\/04\/turkiye-diyanet-vakfi-gana-da-burs-mulakatlarini-tamamladi-7-1024x576.jpg 1024w, https:\/\/tdv.org\/tr-TR\/wp-content\/uploads\/2026\/04\/turkiye-diyanet-vakfi-gana-da-burs-mulakatlarini-tamamladi-7-768x432.jpg 768w\" sizes=\"(max-width: 1365px) 100vw, 1365px\" \/><\/a>\n\t\t\t<\/dt>\n\t\t\t\t<dd class='wp-caption-text gallery-caption' id='gallery-1-57368'>\n\t\t\t\tT\u00fcrkiye\u202fDiyanet\u202fVakf\u0131, Gana&#8217;da burs m\u00fclakatlar\u0131n\u0131 tamamlad\u0131, Gana, uluslararas\u0131 burs program\u0131 ,burs\n\t\t\t\t<\/dd><\/dl><dl class='gallery-item'>\n\t\t\t<dt class='gallery-icon landscape'>\n\t\t\t\t<a href='https:\/\/tdv.org\/tr-TR\/wp-content\/uploads\/2026\/04\/turkiye-diyanet-vakfi-gana-da-burs-mulakatlarini-tamamladi-8.jpg'><img decoding=\"async\" width=\"1364\" height=\"768\" src=\"https:\/\/tdv.org\/tr-TR\/wp-content\/uploads\/2026\/04\/turkiye-diyanet-vakfi-gana-da-burs-mulakatlarini-tamamladi-8.jpg\" class=\"attachment-full size-full\" alt=\"\" aria-describedby=\"gallery-1-57369\" srcset=\"https:\/\/tdv.org\/tr-TR\/wp-content\/uploads\/2026\/04\/turkiye-diyanet-vakfi-gana-da-burs-mulakatlarini-tamamladi-8.jpg 1364w, https:\/\/tdv.org\/tr-TR\/wp-content\/uploads\/2026\/04\/turkiye-diyanet-vakfi-gana-da-burs-mulakatlarini-tamamladi-8-300x169.jpg 300w, https:\/\/tdv.org\/tr-TR\/wp-content\/uploads\/2026\/04\/turkiye-diyanet-vakfi-gana-da-burs-mulakatlarini-tamamladi-8-1024x577.jpg 1024w, https:\/\/tdv.org\/tr-TR\/wp-content\/uploads\/2026\/04\/turkiye-diyanet-vakfi-gana-da-burs-mulakatlarini-tamamladi-8-768x432.jpg 768w\" sizes=\"(max-width: 1364px) 100vw, 1364px\" \/><\/a>\n\t\t\t<\/dt>\n\t\t\t\t<dd class='wp-caption-text gallery-caption' id='gallery-1-57369'>\n\t\t\t\tT\u00fcrkiye\u202fDiyanet\u202fVakf\u0131, Gana&#8217;da burs m\u00fclakatlar\u0131n\u0131 tamamlad\u0131, Gana, uluslararas\u0131 burs program\u0131 ,burs\n\t\t\t\t<\/dd><\/dl>\n\t\t\t<br style='clear: both' \/>\n\t\t<\/div>\n\n","protected":false},"excerpt":{"rendered":"<p>T\u00fcrkiye \u202fDiyanet \u202fVakf\u0131\u2019n\u0131n (TDV) uluslararas\u0131 burs program\u0131 kapsam\u0131nda Gana&#8217;n\u0131n ba\u015fkenti Akra&#8217;da ger\u00e7ekle\u015ftirilen \u00f6\u011frenci m\u00fclakatlar\u0131 iki g\u00fcn s\u00fcren program\u0131n ard\u0131ndan tamamland\u0131.\u00a0 Diyanet \u202fBurslar\u0131 \u00e7er\u00e7evesinde d\u00fczenlenen m\u00fclakatlarda yakla\u015f\u0131k 80 \u00f6\u011frenciyle bire bir&#8230;<\/p>\n","protected":false},"author":8,"featured_media":57366,"comment_status":"closed","ping_status":"closed","sticky":false,"template":"","format":"standard","meta":{"footnotes":""},"categories":[1],"tags":[2494,484,578,1100,1248,803,580,1249],"class_list":{"0":"post-57361","1":"post","2":"type-post","3":"status-publish","4":"format-standard","5":"has-post-thumbnail","7":"category-haberler","8":"tag-2026-uluslararasi-burs-programlari","9":"tag-burs","10":"tag-burs-basvurusu","11":"tag-burs-programi","12":"tag-mulakat","13":"tag-ogrenci-mulakatlari","14":"tag-turkiye-diyanet-vakfi-bursu","15":"tag-uluslararasi-ogrenci-mulakati"},"yoast_head":"<!-- This site is optimized with the Yoast SEO plugin v27.5 - https:\/\/yoast.com\/product\/yoast-seo-wordpress\/ -->\n<title>T\u00fcrkiye\u202fDiyanet\u202fVakf\u0131, Gana&#039;da burs m\u00fclakatlar\u0131n\u0131 tamamlad\u0131<\/title>\n<meta name=\"description\" content=\"T\u00fcrkiye \u202fDiyanet \u202fVakf\u0131\u2019n\u0131n (TDV) uluslararas\u0131 burs program\u0131 kapsam\u0131nda Gana&#039;n\u0131n ba\u015fkenti Akra&#039;da ger\u00e7ekle\u015ftirilen \u00f6\u011frenci m\u00fclakatlar\u0131 iki g\u00fcn s\u00fcren program\u0131n ard\u0131ndan tamamland\u0131.\u00a0\" \/>\n<meta name=\"robots\" content=\"index, follow, max-snippet:-1, max-image-preview:large, max-video-preview:-1\" \/>\n<link rel=\"canonical\" href=\"https:\/\/tdv.org\/tr-TR\/turkiye-diyanet-vakfi-ganada-burs-mulakatlarini-tamamladi\/\" \/>\n<meta property=\"og:locale\" content=\"tr_TR\" \/>\n<meta property=\"og:type\" content=\"article\" \/>\n<meta property=\"og:title\" content=\"T\u00fcrkiye\u202fDiyanet\u202fVakf\u0131, Gana&#039;da burs m\u00fclakatlar\u0131n\u0131 tamamlad\u0131\" \/>\n<meta property=\"og:description\" content=\"T\u00fcrkiye \u202fDiyanet \u202fVakf\u0131\u2019n\u0131n (TDV) uluslararas\u0131 burs program\u0131 kapsam\u0131nda Gana&#039;n\u0131n ba\u015fkenti Akra&#039;da ger\u00e7ekle\u015ftirilen \u00f6\u011frenci m\u00fclakatlar\u0131 iki g\u00fcn s\u00fcren program\u0131n ard\u0131ndan tamamland\u0131.\u00a0\" \/>\n<meta property=\"og:url\" content=\"https:\/\/tdv.org\/tr-TR\/turkiye-diyanet-vakfi-ganada-burs-mulakatlarini-tamamladi\/\" \/>\n<meta property=\"og:site_name\" content=\"T\u00fcrkiye Diyanet Vakf\u0131 Resmi Web Sitesi\" \/>\n<meta property=\"article:publisher\" content=\"https:\/\/www.facebook.com\/Diyanetvakfi\/\" \/>\n<meta property=\"article:published_time\" content=\"2026-04-29T15:40:16+00:00\" \/>\n<meta property=\"article:modified_time\" content=\"2026-04-30T06:30:11+00:00\" \/>\n<meta property=\"og:image\" content=\"https:\/\/tdv.org\/tr-TR\/wp-content\/uploads\/2026\/04\/turkiye-diyanet-vakfi-gana-da-burs-mulakatlarini-tamamladi-5.jpg\" \/>\n\t<meta property=\"og:image:width\" content=\"1364\" \/>\n\t<meta property=\"og:image:height\" content=\"768\" \/>\n\t<meta property=\"og:image:type\" content=\"image\/jpeg\" \/>\n<meta name=\"author\" content=\"Selim\" \/>\n<meta name=\"twitter:card\" content=\"summary_large_image\" \/>\n<meta name=\"twitter:creator\" content=\"@DiyanetVakfi\" \/>\n<meta name=\"twitter:site\" content=\"@DiyanetVakfi\" \/>\n<script type=\"application\/ld+json\" class=\"yoast-schema-graph\">{\"@context\":\"https:\\\/\\\/schema.org\",\"@graph\":[{\"@type\":\"Article\",\"@id\":\"https:\\\/\\\/tdv.org\\\/tr-TR\\\/turkiye-diyanet-vakfi-ganada-burs-mulakatlarini-tamamladi\\\/#article\",\"isPartOf\":{\"@id\":\"https:\\\/\\\/tdv.org\\\/tr-TR\\\/turkiye-diyanet-vakfi-ganada-burs-mulakatlarini-tamamladi\\\/\"},\"author\":{\"name\":\"Selim\",\"@id\":\"https:\\\/\\\/tdv.org\\\/tr-TR\\\/#\\\/schema\\\/person\\\/752b55e264a99273d55636516d96d5eb\"},\"headline\":\"T\u00fcrkiye\u202fDiyanet\u202fVakf\u0131, Gana&#8217;da burs m\u00fclakatlar\u0131n\u0131 tamamlad\u0131\",\"datePublished\":\"2026-04-29T15:40:16+00:00\",\"dateModified\":\"2026-04-30T06:30:11+00:00\",\"mainEntityOfPage\":{\"@id\":\"https:\\\/\\\/tdv.org\\\/tr-TR\\\/turkiye-diyanet-vakfi-ganada-burs-mulakatlarini-tamamladi\\\/\"},\"wordCount\":266,\"publisher\":{\"@id\":\"https:\\\/\\\/tdv.org\\\/tr-TR\\\/#organization\"},\"image\":{\"@id\":\"https:\\\/\\\/tdv.org\\\/tr-TR\\\/turkiye-diyanet-vakfi-ganada-burs-mulakatlarini-tamamladi\\\/#primaryimage\"},\"thumbnailUrl\":\"https:\\\/\\\/tdv.org\\\/tr-TR\\\/wp-content\\\/uploads\\\/2026\\\/04\\\/turkiye-diyanet-vakfi-gana-da-burs-mulakatlarini-tamamladi-5.jpg\",\"keywords\":[\"2026 Uluslararas\u0131 Burs Programlar\u0131\",\"Burs\",\"burs ba\u015fvurusu\",\"burs program\u0131\",\"m\u00fclakat\",\"\u00f6\u011frenci m\u00fclakatlar\u0131\",\"T\u00fcrkiye Diyanet Vakf\u0131 bursu\",\"uluslararas\u0131 \u00f6\u011frenci m\u00fclakat\u0131\"],\"articleSection\":[\"Haberler\"],\"inLanguage\":\"tr\"},{\"@type\":\"WebPage\",\"@id\":\"https:\\\/\\\/tdv.org\\\/tr-TR\\\/turkiye-diyanet-vakfi-ganada-burs-mulakatlarini-tamamladi\\\/\",\"url\":\"https:\\\/\\\/tdv.org\\\/tr-TR\\\/turkiye-diyanet-vakfi-ganada-burs-mulakatlarini-tamamladi\\\/\",\"name\":\"T\u00fcrkiye\u202fDiyanet\u202fVakf\u0131, Gana'da burs m\u00fclakatlar\u0131n\u0131 tamamlad\u0131\",\"isPartOf\":{\"@id\":\"https:\\\/\\\/tdv.org\\\/tr-TR\\\/#website\"},\"primaryImageOfPage\":{\"@id\":\"https:\\\/\\\/tdv.org\\\/tr-TR\\\/turkiye-diyanet-vakfi-ganada-burs-mulakatlarini-tamamladi\\\/#primaryimage\"},\"image\":{\"@id\":\"https:\\\/\\\/tdv.org\\\/tr-TR\\\/turkiye-diyanet-vakfi-ganada-burs-mulakatlarini-tamamladi\\\/#primaryimage\"},\"thumbnailUrl\":\"https:\\\/\\\/tdv.org\\\/tr-TR\\\/wp-content\\\/uploads\\\/2026\\\/04\\\/turkiye-diyanet-vakfi-gana-da-burs-mulakatlarini-tamamladi-5.jpg\",\"datePublished\":\"2026-04-29T15:40:16+00:00\",\"dateModified\":\"2026-04-30T06:30:11+00:00\",\"description\":\"T\u00fcrkiye \u202fDiyanet \u202fVakf\u0131\u2019n\u0131n (TDV) uluslararas\u0131 burs program\u0131 kapsam\u0131nda Gana'n\u0131n ba\u015fkenti Akra'da ger\u00e7ekle\u015ftirilen \u00f6\u011frenci m\u00fclakatlar\u0131 iki g\u00fcn s\u00fcren program\u0131n ard\u0131ndan tamamland\u0131.\u00a0\",\"breadcrumb\":{\"@id\":\"https:\\\/\\\/tdv.org\\\/tr-TR\\\/turkiye-diyanet-vakfi-ganada-burs-mulakatlarini-tamamladi\\\/#breadcrumb\"},\"inLanguage\":\"tr\",\"potentialAction\":[{\"@type\":\"ReadAction\",\"target\":[\"https:\\\/\\\/tdv.org\\\/tr-TR\\\/turkiye-diyanet-vakfi-ganada-burs-mulakatlarini-tamamladi\\\/\"]}]},{\"@type\":\"ImageObject\",\"inLanguage\":\"tr\",\"@id\":\"https:\\\/\\\/tdv.org\\\/tr-TR\\\/turkiye-diyanet-vakfi-ganada-burs-mulakatlarini-tamamladi\\\/#primaryimage\",\"url\":\"https:\\\/\\\/tdv.org\\\/tr-TR\\\/wp-content\\\/uploads\\\/2026\\\/04\\\/turkiye-diyanet-vakfi-gana-da-burs-mulakatlarini-tamamladi-5.jpg\",\"contentUrl\":\"https:\\\/\\\/tdv.org\\\/tr-TR\\\/wp-content\\\/uploads\\\/2026\\\/04\\\/turkiye-diyanet-vakfi-gana-da-burs-mulakatlarini-tamamladi-5.jpg\",\"width\":1364,\"height\":768,\"caption\":\"T\u00fcrkiye\u202fDiyanet\u202fVakf\u0131, Gana'da burs m\u00fclakatlar\u0131n\u0131 tamamlad\u0131, Gana, uluslararas\u0131 burs program\u0131 ,burs\"},{\"@type\":\"BreadcrumbList\",\"@id\":\"https:\\\/\\\/tdv.org\\\/tr-TR\\\/turkiye-diyanet-vakfi-ganada-burs-mulakatlarini-tamamladi\\\/#breadcrumb\",\"itemListElement\":[{\"@type\":\"ListItem\",\"position\":1,\"name\":\"Anasayfa\",\"item\":\"https:\\\/\\\/tdv.org\\\/tr-TR\\\/\"},{\"@type\":\"ListItem\",\"position\":2,\"name\":\"T\u00fcrkiye\u202fDiyanet\u202fVakf\u0131, Gana&#8217;da burs m\u00fclakatlar\u0131n\u0131 tamamlad\u0131\"}]},{\"@type\":\"WebSite\",\"@id\":\"https:\\\/\\\/tdv.org\\\/tr-TR\\\/#website\",\"url\":\"https:\\\/\\\/tdv.org\\\/tr-TR\\\/\",\"name\":\"T\u00fcrkiye Diyanet Vakf\u0131 Resmi Web Sitesi\",\"description\":\"Yery\u00fcz\u00fcnde iyilik egemen oluncaya kadar\",\"publisher\":{\"@id\":\"https:\\\/\\\/tdv.org\\\/tr-TR\\\/#organization\"},\"alternateName\":\"T\u00fcrkiye Diyanet Vakf\u0131\",\"potentialAction\":[{\"@type\":\"SearchAction\",\"target\":{\"@type\":\"EntryPoint\",\"urlTemplate\":\"https:\\\/\\\/tdv.org\\\/tr-TR\\\/?s={search_term_string}\"},\"query-input\":{\"@type\":\"PropertyValueSpecification\",\"valueRequired\":true,\"valueName\":\"search_term_string\"}}],\"inLanguage\":\"tr\"},{\"@type\":\"Organization\",\"@id\":\"https:\\\/\\\/tdv.org\\\/tr-TR\\\/#organization\",\"name\":\"T\u00fcrkiye Diyanet Vakf\u0131\",\"alternateName\":\"T\u00fcrkiye Diyanet Vakf\u0131\",\"url\":\"https:\\\/\\\/tdv.org\\\/tr-TR\\\/\",\"logo\":{\"@type\":\"ImageObject\",\"inLanguage\":\"tr\",\"@id\":\"https:\\\/\\\/tdv.org\\\/tr-TR\\\/#\\\/schema\\\/logo\\\/image\\\/\",\"url\":\"https:\\\/\\\/tdv.org\\\/tr-TR\\\/wp-content\\\/uploads\\\/2018\\\/12\\\/TDV_Logo_1.png\",\"contentUrl\":\"https:\\\/\\\/tdv.org\\\/tr-TR\\\/wp-content\\\/uploads\\\/2018\\\/12\\\/TDV_Logo_1.png\",\"width\":207,\"height\":71,\"caption\":\"T\u00fcrkiye Diyanet Vakf\u0131\"},\"image\":{\"@id\":\"https:\\\/\\\/tdv.org\\\/tr-TR\\\/#\\\/schema\\\/logo\\\/image\\\/\"},\"sameAs\":[\"https:\\\/\\\/www.facebook.com\\\/Diyanetvakfi\\\/\",\"https:\\\/\\\/x.com\\\/DiyanetVakfi\",\"https:\\\/\\\/www.instagram.com\\\/turkiyediyanetvakfi\\\/\",\"https:\\\/\\\/www.youtube.com\\\/user\\\/TurkiyeDiyanetVakfi\"]},{\"@type\":\"Person\",\"@id\":\"https:\\\/\\\/tdv.org\\\/tr-TR\\\/#\\\/schema\\\/person\\\/752b55e264a99273d55636516d96d5eb\",\"name\":\"Selim\",\"image\":{\"@type\":\"ImageObject\",\"inLanguage\":\"tr\",\"@id\":\"https:\\\/\\\/tdv.org\\\/tr-TR\\\/wp-content\\\/litespeed\\\/avatar\\\/a1e47b25396e98e5b781e88a5396cd96.jpg?ver=1777287391\",\"url\":\"https:\\\/\\\/tdv.org\\\/tr-TR\\\/wp-content\\\/litespeed\\\/avatar\\\/a1e47b25396e98e5b781e88a5396cd96.jpg?ver=1777287391\",\"contentUrl\":\"https:\\\/\\\/tdv.org\\\/tr-TR\\\/wp-content\\\/litespeed\\\/avatar\\\/a1e47b25396e98e5b781e88a5396cd96.jpg?ver=1777287391\",\"caption\":\"Selim\"}}]}<\/script>\n<!-- \/ Yoast SEO plugin. -->","yoast_head_json":{"title":"T\u00fcrkiye\u202fDiyanet\u202fVakf\u0131, Gana'da burs m\u00fclakatlar\u0131n\u0131 tamamlad\u0131","description":"T\u00fcrkiye \u202fDiyanet \u202fVakf\u0131\u2019n\u0131n (TDV) uluslararas\u0131 burs program\u0131 kapsam\u0131nda Gana'n\u0131n ba\u015fkenti Akra'da ger\u00e7ekle\u015ftirilen \u00f6\u011frenci m\u00fclakatlar\u0131 iki g\u00fcn s\u00fcren program\u0131n ard\u0131ndan tamamland\u0131.\u00a0","robots":{"index":"index","follow":"follow","max-snippet":"max-snippet:-1","max-image-preview":"max-image-preview:large","max-video-preview":"max-video-preview:-1"},"canonical":"https:\/\/tdv.org\/tr-TR\/turkiye-diyanet-vakfi-ganada-burs-mulakatlarini-tamamladi\/","og_locale":"tr_TR","og_type":"article","og_title":"T\u00fcrkiye\u202fDiyanet\u202fVakf\u0131, Gana'da burs m\u00fclakatlar\u0131n\u0131 tamamlad\u0131","og_description":"T\u00fcrkiye \u202fDiyanet \u202fVakf\u0131\u2019n\u0131n (TDV) uluslararas\u0131 burs program\u0131 kapsam\u0131nda Gana'n\u0131n ba\u015fkenti Akra'da ger\u00e7ekle\u015ftirilen \u00f6\u011frenci m\u00fclakatlar\u0131 iki g\u00fcn s\u00fcren program\u0131n ard\u0131ndan tamamland\u0131.\u00a0","og_url":"https:\/\/tdv.org\/tr-TR\/turkiye-diyanet-vakfi-ganada-burs-mulakatlarini-tamamladi\/","og_site_name":"T\u00fcrkiye Diyanet Vakf\u0131 Resmi Web Sitesi","article_publisher":"https:\/\/www.facebook.com\/Diyanetvakfi\/","article_published_time":"2026-04-29T15:40:16+00:00","article_modified_time":"2026-04-30T06:30:11+00:00","og_image":[{"width":1364,"height":768,"url":"https:\/\/tdv.org\/tr-TR\/wp-content\/uploads\/2026\/04\/turkiye-diyanet-vakfi-gana-da-burs-mulakatlarini-tamamladi-5.jpg","type":"image\/jpeg"}],"author":"Selim","twitter_card":"summary_large_image","twitter_creator":"@DiyanetVakfi","twitter_site":"@DiyanetVakfi","schema":{"@context":"https:\/\/schema.org","@graph":[{"@type":"Article","@id":"https:\/\/tdv.org\/tr-TR\/turkiye-diyanet-vakfi-ganada-burs-mulakatlarini-tamamladi\/#article","isPartOf":{"@id":"https:\/\/tdv.org\/tr-TR\/turkiye-diyanet-vakfi-ganada-burs-mulakatlarini-tamamladi\/"},"author":{"name":"Selim","@id":"https:\/\/tdv.org\/tr-TR\/#\/schema\/person\/752b55e264a99273d55636516d96d5eb"},"headline":"T\u00fcrkiye\u202fDiyanet\u202fVakf\u0131, Gana&#8217;da burs m\u00fclakatlar\u0131n\u0131 tamamlad\u0131","datePublished":"2026-04-29T15:40:16+00:00","dateModified":"2026-04-30T06:30:11+00:00","mainEntityOfPage":{"@id":"https:\/\/tdv.org\/tr-TR\/turkiye-diyanet-vakfi-ganada-burs-mulakatlarini-tamamladi\/"},"wordCount":266,"publisher":{"@id":"https:\/\/tdv.org\/tr-TR\/#organization"},"image":{"@id":"https:\/\/tdv.org\/tr-TR\/turkiye-diyanet-vakfi-ganada-burs-mulakatlarini-tamamladi\/#primaryimage"},"thumbnailUrl":"https:\/\/tdv.org\/tr-TR\/wp-content\/uploads\/2026\/04\/turkiye-diyanet-vakfi-gana-da-burs-mulakatlarini-tamamladi-5.jpg","keywords":["2026 Uluslararas\u0131 Burs Programlar\u0131","Burs","burs ba\u015fvurusu","burs program\u0131","m\u00fclakat","\u00f6\u011frenci m\u00fclakatlar\u0131","T\u00fcrkiye Diyanet Vakf\u0131 bursu","uluslararas\u0131 \u00f6\u011frenci m\u00fclakat\u0131"],"articleSection":["Haberler"],"inLanguage":"tr"},{"@type":"WebPage","@id":"https:\/\/tdv.org\/tr-TR\/turkiye-diyanet-vakfi-ganada-burs-mulakatlarini-tamamladi\/","url":"https:\/\/tdv.org\/tr-TR\/turkiye-diyanet-vakfi-ganada-burs-mulakatlarini-tamamladi\/","name":"T\u00fcrkiye\u202fDiyanet\u202fVakf\u0131, Gana'da burs m\u00fclakatlar\u0131n\u0131 tamamlad\u0131","isPartOf":{"@id":"https:\/\/tdv.org\/tr-TR\/#website"},"primaryImageOfPage":{"@id":"https:\/\/tdv.org\/tr-TR\/turkiye-diyanet-vakfi-ganada-burs-mulakatlarini-tamamladi\/#primaryimage"},"image":{"@id":"https:\/\/tdv.org\/tr-TR\/turkiye-diyanet-vakfi-ganada-burs-mulakatlarini-tamamladi\/#primaryimage"},"thumbnailUrl":"https:\/\/tdv.org\/tr-TR\/wp-content\/uploads\/2026\/04\/turkiye-diyanet-vakfi-gana-da-burs-mulakatlarini-tamamladi-5.jpg","datePublished":"2026-04-29T15:40:16+00:00","dateModified":"2026-04-30T06:30:11+00:00","description":"T\u00fcrkiye \u202fDiyanet \u202fVakf\u0131\u2019n\u0131n (TDV) uluslararas\u0131 burs program\u0131 kapsam\u0131nda Gana'n\u0131n ba\u015fkenti Akra'da ger\u00e7ekle\u015ftirilen \u00f6\u011frenci m\u00fclakatlar\u0131 iki g\u00fcn s\u00fcren program\u0131n ard\u0131ndan tamamland\u0131.\u00a0","breadcrumb":{"@id":"https:\/\/tdv.org\/tr-TR\/turkiye-diyanet-vakfi-ganada-burs-mulakatlarini-tamamladi\/#breadcrumb"},"inLanguage":"tr","potentialAction":[{"@type":"ReadAction","target":["https:\/\/tdv.org\/tr-TR\/turkiye-diyanet-vakfi-ganada-burs-mulakatlarini-tamamladi\/"]}]},{"@type":"ImageObject","inLanguage":"tr","@id":"https:\/\/tdv.org\/tr-TR\/turkiye-diyanet-vakfi-ganada-burs-mulakatlarini-tamamladi\/#primaryimage","url":"https:\/\/tdv.org\/tr-TR\/wp-content\/uploads\/2026\/04\/turkiye-diyanet-vakfi-gana-da-burs-mulakatlarini-tamamladi-5.jpg","contentUrl":"https:\/\/tdv.org\/tr-TR\/wp-content\/uploads\/2026\/04\/turkiye-diyanet-vakfi-gana-da-burs-mulakatlarini-tamamladi-5.jpg","width":1364,"height":768,"caption":"T\u00fcrkiye\u202fDiyanet\u202fVakf\u0131, Gana'da burs m\u00fclakatlar\u0131n\u0131 tamamlad\u0131, Gana, uluslararas\u0131 burs program\u0131 ,burs"},{"@type":"BreadcrumbList","@id":"https:\/\/tdv.org\/tr-TR\/turkiye-diyanet-vakfi-ganada-burs-mulakatlarini-tamamladi\/#breadcrumb","itemListElement":[{"@type":"ListItem","position":1,"name":"Anasayfa","item":"https:\/\/tdv.org\/tr-TR\/"},{"@type":"ListItem","position":2,"name":"T\u00fcrkiye\u202fDiyanet\u202fVakf\u0131, Gana&#8217;da burs m\u00fclakatlar\u0131n\u0131 tamamlad\u0131"}]},{"@type":"WebSite","@id":"https:\/\/tdv.org\/tr-TR\/#website","url":"https:\/\/tdv.org\/tr-TR\/","name":"T\u00fcrkiye Diyanet Vakf\u0131 Resmi Web Sitesi","description":"Yery\u00fcz\u00fcnde iyilik egemen oluncaya kadar","publisher":{"@id":"https:\/\/tdv.org\/tr-TR\/#organization"},"alternateName":"T\u00fcrkiye Diyanet Vakf\u0131","potentialAction":[{"@type":"SearchAction","target":{"@type":"EntryPoint","urlTemplate":"https:\/\/tdv.org\/tr-TR\/?s={search_term_string}"},"query-input":{"@type":"PropertyValueSpecification","valueRequired":true,"valueName":"search_term_string"}}],"inLanguage":"tr"},{"@type":"Organization","@id":"https:\/\/tdv.org\/tr-TR\/#organization","name":"T\u00fcrkiye Diyanet Vakf\u0131","alternateName":"T\u00fcrkiye Diyanet Vakf\u0131","url":"https:\/\/tdv.org\/tr-TR\/","logo":{"@type":"ImageObject","inLanguage":"tr","@id":"https:\/\/tdv.org\/tr-TR\/#\/schema\/logo\/image\/","url":"https:\/\/tdv.org\/tr-TR\/wp-content\/uploads\/2018\/12\/TDV_Logo_1.png","contentUrl":"https:\/\/tdv.org\/tr-TR\/wp-content\/uploads\/2018\/12\/TDV_Logo_1.png","width":207,"height":71,"caption":"T\u00fcrkiye Diyanet Vakf\u0131"},"image":{"@id":"https:\/\/tdv.org\/tr-TR\/#\/schema\/logo\/image\/"},"sameAs":["https:\/\/www.facebook.com\/Diyanetvakfi\/","https:\/\/x.com\/DiyanetVakfi","https:\/\/www.instagram.com\/turkiyediyanetvakfi\/","https:\/\/www.youtube.com\/user\/TurkiyeDiyanetVakfi"]},{"@type":"Person","@id":"https:\/\/tdv.org\/tr-TR\/#\/schema\/person\/752b55e264a99273d55636516d96d5eb","name":"Selim","image":{"@type":"ImageObject","inLanguage":"tr","@id":"https:\/\/tdv.org\/tr-TR\/wp-content\/litespeed\/avatar\/a1e47b25396e98e5b781e88a5396cd96.jpg?ver=1777287391","url":"https:\/\/tdv.org\/tr-TR\/wp-content\/litespeed\/avatar\/a1e47b25396e98e5b781e88a5396cd96.jpg?ver=1777287391","contentUrl":"https:\/\/tdv.org\/tr-TR\/wp-content\/litespeed\/avatar\/a1e47b25396e98e5b781e88a5396cd96.jpg?ver=1777287391","caption":"Selim"}}]}},"_links":{"self":[{"href":"https:\/\/tdv.org\/tr-TR\/wp-json\/wp\/v2\/posts\/57361","targetHints":{"allow":["GET"]}}],"collection":[{"href":"https:\/\/tdv.org\/tr-TR\/wp-json\/wp\/v2\/posts"}],"about":[{"href":"https:\/\/tdv.org\/tr-TR\/wp-json\/wp\/v2\/types\/post"}],"author":[{"embeddable":true,"href":"https:\/\/tdv.org\/tr-TR\/wp-json\/wp\/v2\/users\/8"}],"replies":[{"embeddable":true,"href":"https:\/\/tdv.org\/tr-TR\/wp-json\/wp\/v2\/comments?post=57361"}],"version-history":[{"count":2,"href":"https:\/\/tdv.org\/tr-TR\/wp-json\/wp\/v2\/posts\/57361\/revisions"}],"predecessor-version":[{"id":57372,"href":"https:\/\/tdv.org\/tr-TR\/wp-json\/wp\/v2\/posts\/57361\/revisions\/57372"}],"wp:featuredmedia":[{"embeddable":true,"href":"https:\/\/tdv.org\/tr-TR\/wp-json\/wp\/v2\/media\/57366"}],"wp:attachment":[{"href":"https:\/\/tdv.org\/tr-TR\/wp-json\/wp\/v2\/media?parent=57361"}],"wp:term":[{"taxonomy":"category","embeddable":true,"href":"https:\/\/tdv.org\/tr-TR\/wp-json\/wp\/v2\/categories?post=57361"},{"taxonomy":"post_tag","embeddable":true,"href":"https:\/\/tdv.org\/tr-TR\/wp-json\/wp\/v2\/tags?post=57361"}],"curies":[{"name":"wp","href":"https:\/\/api.w.org\/{rel}","templated":true}]}}