{"id":6088,"date":"2020-01-15T14:41:14","date_gmt":"2020-01-15T11:41:14","guid":{"rendered":"https:\/\/tdv.org\/tr-TR\/?p=6088"},"modified":"2023-04-04T11:12:24","modified_gmt":"2023-04-04T08:12:24","slug":"kirgiz-ogrencilerden-tdvye-ziyaret","status":"publish","type":"post","link":"https:\/\/tdv.org\/tr-TR\/kirgiz-ogrencilerden-tdvye-ziyaret\/","title":{"rendered":"K\u0131rg\u0131z \u00f6\u011frencilerden TDV\u2019ye ziyaret"},"content":{"rendered":"<p style=\"text-align: justify;\">K\u0131rg\u0131zistan O\u015f Devlet \u00dcniversitesi Rekt\u00f6rl\u00fc\u011f\u00fc ile T\u00fcrkiye Diyanet Vakf\u0131 aras\u0131nda imzalanan &#8220;E\u011fitimde \u0130\u015fbirli\u011fi Protokol\u00fc&#8221; \u00e7er\u00e7evesinde Ankara \u0130lahiyat Fak\u00fcltesi\u2019nde e\u011fitim g\u00f6ren K\u0131rg\u0131z \u00f6\u011frenciler T\u00fcrkiye Diyanet Vakf\u0131\u2019n\u0131 ziyaret etti.<br \/>\n\u00d6\u011frencilerle bir araya gelen T\u00fcrkiye Diyanet Vakf\u0131 M\u00fctevelli Heyeti II. Ba\u015fkan\u0131 \u0130hsan A\u00e7\u0131k, O\u015f Devlet \u00dcniversitesi \u0130lahiyat Fak\u00fcltesinde \u00f6\u011frenim g\u00f6rmeye hak kazanan \u00f6\u011frencilerin imzalanan protokol kapsam\u0131nda haz\u0131rl\u0131k e\u011fitimlerini T\u00fcrkiye\u2019de tamamlad\u0131klar\u0131n\u0131 s\u00f6yledi.<br \/>\n2019-2020 E\u011fitim-\u00f6\u011fretim d\u00f6neminde 28\u2019i k\u0131z 17\u2019si erkek olmak \u00fczere toplam 45 \u00f6\u011frencinin Ankara \u00dcniversitesi \u0130lahiyat Fak\u00fcltesinde e\u011fitimlerine devam etti\u011fini belirten A\u00e7\u0131k, ziyaretten duydu\u011fu memnuniyeti dile getirdi.<br \/>\nBu t\u00fcr ziyaretlerin kendilerini \u00e7ok sevindirdi\u011fini dile getiren A\u00e7\u0131k, \u015funlar\u0131 kaydetti:<br \/>\n\u201cG\u00f6n\u00fcl co\u011frafyalar\u0131m\u0131zdan karde\u015flerimiz geldi\u011fi zaman \u00e7ok mutlu oluyoruz. Sizler \u015fuan kendinizi misafir gibi d\u00fc\u015f\u00fcn\u00fcyorsunuz ama \u00f6yle d\u00fc\u015f\u00fcnmeyin. Buran\u0131n ev sahibisiniz. \u0130nsanlar birbirlerini uzaktan tan\u0131d\u0131klar\u0131nda sevebilir, sayabilir, ilgi duyabilir ama y\u00fcz y\u00fcze geldiklerinde, ayn\u0131 masa etraf\u0131nda topland\u0131klar\u0131nda birbirlerine kar\u015f\u0131 muhabbetleri daha da artar. \u0130n\u015fallah bu ziyarette buna vesile olur. Bizlerde sizleri memleketlerinizde ziyaret etmek isteriz. Asl\u0131nda bir nevi bu co\u011frafyan\u0131n el\u00e7ilerisiniz. Buradan ald\u0131\u011f\u0131n\u0131z manevi g\u00fc\u00e7 ve birliktelikle \u00fclkelerimiz ad\u0131na da daha g\u00fczel \u00e7al\u0131\u015fmalar yap\u0131laca\u011f\u0131na inan\u0131yorum. Rabbim sizleri bundan sonraki hayat\u0131n\u0131zda \u0130slam co\u011frafyas\u0131na, insanl\u0131\u011fa daha verimli insanlar eylesin. Rabbim yard\u0131mc\u0131n\u0131z olsun zihinlerinizi a\u00e7\u0131k etsin.\u201d<br \/>\nZiyaretin ard\u0131ndan A\u00e7\u0131k, \u00f6\u011frencilere \u00e7e\u015fitli hediyeler verdi.<br \/>\nProtokol kapsam\u0131nda T\u00fcrkiye\u2019de e\u011fitim g\u00f6ren ve T\u00fcrkiye Diyanet Vakf\u0131 taraf\u0131ndan e\u011fitim deste\u011fi verilen k\u0131z \u00f6\u011frencilere Ankara TDV Y\u00fcksek\u00f6\u011frenim K\u0131z \u00f6\u011frenci yurdunda, erkek \u00f6\u011frencilere ise TDV \u00d6z Karag\u00f6z Konukevinde konaklama imkan\u0131 sa\u011flan\u0131yor.<\/p>\n\n\t\t<style type=\"text\/css\">\n\t\t\t#gallery-1 {\n\t\t\t\tmargin: auto;\n\t\t\t}\n\t\t\t#gallery-1 .gallery-item {\n\t\t\t\tfloat: left;\n\t\t\t\tmargin-top: 10px;\n\t\t\t\ttext-align: center;\n\t\t\t\twidth: 33%;\n\t\t\t}\n\t\t\t#gallery-1 img {\n\t\t\t\tborder: 2px solid #cfcfcf;\n\t\t\t}\n\t\t\t#gallery-1 .gallery-caption {\n\t\t\t\tmargin-left: 0;\n\t\t\t}\n\t\t\t\/* see gallery_shortcode() in wp-includes\/media.php *\/\n\t\t<\/style>\n\t\t<div id='gallery-1' class='gallery galleryid-6088 gallery-columns-3 gallery-size-thumbnail'><dl class='gallery-item'>\n\t\t\t<dt class='gallery-icon landscape'>\n\t\t\t\t<a href='https:\/\/tdv.org\/tr-TR\/wp-content\/uploads\/2020\/01\/2.jpg'><img decoding=\"async\" width=\"150\" height=\"150\" src=\"https:\/\/tdv.org\/tr-TR\/wp-content\/uploads\/2020\/01\/2-150x150.jpg\" class=\"attachment-thumbnail size-thumbnail\" alt=\"\" srcset=\"https:\/\/tdv.org\/tr-TR\/wp-content\/uploads\/2020\/01\/2-150x150.jpg 150w, https:\/\/tdv.org\/tr-TR\/wp-content\/uploads\/2020\/01\/2-100x100.jpg 100w, https:\/\/tdv.org\/tr-TR\/wp-content\/uploads\/2020\/01\/2-140x140.jpg 140w, https:\/\/tdv.org\/tr-TR\/wp-content\/uploads\/2020\/01\/2-500x500.jpg 500w, https:\/\/tdv.org\/tr-TR\/wp-content\/uploads\/2020\/01\/2-350x350.jpg 350w, https:\/\/tdv.org\/tr-TR\/wp-content\/uploads\/2020\/01\/2-1000x1000.jpg 1000w, https:\/\/tdv.org\/tr-TR\/wp-content\/uploads\/2020\/01\/2-800x800.jpg 800w\" sizes=\"(max-width: 150px) 100vw, 150px\" \/><\/a>\n\t\t\t<\/dt><\/dl><dl class='gallery-item'>\n\t\t\t<dt class='gallery-icon landscape'>\n\t\t\t\t<a href='https:\/\/tdv.org\/tr-TR\/wp-content\/uploads\/2020\/01\/3.jpg'><img decoding=\"async\" width=\"150\" height=\"150\" src=\"https:\/\/tdv.org\/tr-TR\/wp-content\/uploads\/2020\/01\/3-150x150.jpg\" class=\"attachment-thumbnail size-thumbnail\" alt=\"\" srcset=\"https:\/\/tdv.org\/tr-TR\/wp-content\/uploads\/2020\/01\/3-150x150.jpg 150w, https:\/\/tdv.org\/tr-TR\/wp-content\/uploads\/2020\/01\/3-100x100.jpg 100w, https:\/\/tdv.org\/tr-TR\/wp-content\/uploads\/2020\/01\/3-140x140.jpg 140w, https:\/\/tdv.org\/tr-TR\/wp-content\/uploads\/2020\/01\/3-500x500.jpg 500w, https:\/\/tdv.org\/tr-TR\/wp-content\/uploads\/2020\/01\/3-350x350.jpg 350w, https:\/\/tdv.org\/tr-TR\/wp-content\/uploads\/2020\/01\/3-1000x1000.jpg 1000w, https:\/\/tdv.org\/tr-TR\/wp-content\/uploads\/2020\/01\/3-800x800.jpg 800w\" sizes=\"(max-width: 150px) 100vw, 150px\" \/><\/a>\n\t\t\t<\/dt><\/dl><dl class='gallery-item'>\n\t\t\t<dt class='gallery-icon landscape'>\n\t\t\t\t<a href='https:\/\/tdv.org\/tr-TR\/wp-content\/uploads\/2020\/01\/4.jpg'><img decoding=\"async\" width=\"150\" height=\"150\" src=\"https:\/\/tdv.org\/tr-TR\/wp-content\/uploads\/2020\/01\/4-150x150.jpg\" class=\"attachment-thumbnail size-thumbnail\" alt=\"\" srcset=\"https:\/\/tdv.org\/tr-TR\/wp-content\/uploads\/2020\/01\/4-150x150.jpg 150w, https:\/\/tdv.org\/tr-TR\/wp-content\/uploads\/2020\/01\/4-100x100.jpg 100w, https:\/\/tdv.org\/tr-TR\/wp-content\/uploads\/2020\/01\/4-140x140.jpg 140w, https:\/\/tdv.org\/tr-TR\/wp-content\/uploads\/2020\/01\/4-500x500.jpg 500w, https:\/\/tdv.org\/tr-TR\/wp-content\/uploads\/2020\/01\/4-350x350.jpg 350w, https:\/\/tdv.org\/tr-TR\/wp-content\/uploads\/2020\/01\/4-1000x1000.jpg 1000w, https:\/\/tdv.org\/tr-TR\/wp-content\/uploads\/2020\/01\/4-800x800.jpg 800w\" sizes=\"(max-width: 150px) 100vw, 150px\" \/><\/a>\n\t\t\t<\/dt><\/dl><br style=\"clear: both\" \/><dl class='gallery-item'>\n\t\t\t<dt class='gallery-icon landscape'>\n\t\t\t\t<a href='https:\/\/tdv.org\/tr-TR\/wp-content\/uploads\/2020\/01\/5.jpg'><img decoding=\"async\" width=\"150\" height=\"150\" src=\"https:\/\/tdv.org\/tr-TR\/wp-content\/uploads\/2020\/01\/5-150x150.jpg\" class=\"attachment-thumbnail size-thumbnail\" alt=\"\" srcset=\"https:\/\/tdv.org\/tr-TR\/wp-content\/uploads\/2020\/01\/5-150x150.jpg 150w, https:\/\/tdv.org\/tr-TR\/wp-content\/uploads\/2020\/01\/5-100x100.jpg 100w, https:\/\/tdv.org\/tr-TR\/wp-content\/uploads\/2020\/01\/5-140x140.jpg 140w, https:\/\/tdv.org\/tr-TR\/wp-content\/uploads\/2020\/01\/5-500x500.jpg 500w, https:\/\/tdv.org\/tr-TR\/wp-content\/uploads\/2020\/01\/5-350x350.jpg 350w, https:\/\/tdv.org\/tr-TR\/wp-content\/uploads\/2020\/01\/5-1000x1000.jpg 1000w, https:\/\/tdv.org\/tr-TR\/wp-content\/uploads\/2020\/01\/5-800x800.jpg 800w\" sizes=\"(max-width: 150px) 100vw, 150px\" \/><\/a>\n\t\t\t<\/dt><\/dl><dl class='gallery-item'>\n\t\t\t<dt class='gallery-icon portrait'>\n\t\t\t\t<a href='https:\/\/tdv.org\/tr-TR\/wp-content\/uploads\/2020\/01\/6.jpg'><img decoding=\"async\" width=\"150\" height=\"150\" src=\"https:\/\/tdv.org\/tr-TR\/wp-content\/uploads\/2020\/01\/6-150x150.jpg\" class=\"attachment-thumbnail size-thumbnail\" alt=\"\" srcset=\"https:\/\/tdv.org\/tr-TR\/wp-content\/uploads\/2020\/01\/6-150x150.jpg 150w, https:\/\/tdv.org\/tr-TR\/wp-content\/uploads\/2020\/01\/6-768x775.jpg 768w, https:\/\/tdv.org\/tr-TR\/wp-content\/uploads\/2020\/01\/6-1015x1024.jpg 1015w, https:\/\/tdv.org\/tr-TR\/wp-content\/uploads\/2020\/01\/6-100x100.jpg 100w, https:\/\/tdv.org\/tr-TR\/wp-content\/uploads\/2020\/01\/6-140x140.jpg 140w, https:\/\/tdv.org\/tr-TR\/wp-content\/uploads\/2020\/01\/6-500x500.jpg 500w, https:\/\/tdv.org\/tr-TR\/wp-content\/uploads\/2020\/01\/6-350x350.jpg 350w, https:\/\/tdv.org\/tr-TR\/wp-content\/uploads\/2020\/01\/6-1000x1000.jpg 1000w, https:\/\/tdv.org\/tr-TR\/wp-content\/uploads\/2020\/01\/6-800x800.jpg 800w\" sizes=\"(max-width: 150px) 100vw, 150px\" \/><\/a>\n\t\t\t<\/dt><\/dl><dl class='gallery-item'>\n\t\t\t<dt class='gallery-icon portrait'>\n\t\t\t\t<a href='https:\/\/tdv.org\/tr-TR\/wp-content\/uploads\/2020\/01\/7.jpg'><img decoding=\"async\" width=\"150\" height=\"150\" src=\"https:\/\/tdv.org\/tr-TR\/wp-content\/uploads\/2020\/01\/7-150x150.jpg\" class=\"attachment-thumbnail size-thumbnail\" alt=\"\" srcset=\"https:\/\/tdv.org\/tr-TR\/wp-content\/uploads\/2020\/01\/7-150x150.jpg 150w, https:\/\/tdv.org\/tr-TR\/wp-content\/uploads\/2020\/01\/7-100x100.jpg 100w, https:\/\/tdv.org\/tr-TR\/wp-content\/uploads\/2020\/01\/7-140x140.jpg 140w, https:\/\/tdv.org\/tr-TR\/wp-content\/uploads\/2020\/01\/7-500x500.jpg 500w, https:\/\/tdv.org\/tr-TR\/wp-content\/uploads\/2020\/01\/7-350x350.jpg 350w, https:\/\/tdv.org\/tr-TR\/wp-content\/uploads\/2020\/01\/7-1000x1000.jpg 1000w, https:\/\/tdv.org\/tr-TR\/wp-content\/uploads\/2020\/01\/7-800x800.jpg 800w\" sizes=\"(max-width: 150px) 100vw, 150px\" \/><\/a>\n\t\t\t<\/dt><\/dl><br style=\"clear: both\" \/>\n\t\t<\/div>\n\n","protected":false},"excerpt":{"rendered":"<p>K\u0131rg\u0131zistan O\u015f Devlet \u00dcniversitesi Rekt\u00f6rl\u00fc\u011f\u00fc ile T\u00fcrkiye Diyanet Vakf\u0131 aras\u0131nda imzalanan &#8220;E\u011fitimde \u0130\u015fbirli\u011fi Protokol\u00fc&#8221; \u00e7er\u00e7evesinde Ankara \u0130lahiyat Fak\u00fcltesi\u2019nde e\u011fitim g\u00f6ren K\u0131rg\u0131z \u00f6\u011frenciler T\u00fcrkiye Diyanet Vakf\u0131\u2019n\u0131 ziyaret etti. \u00d6\u011frencilerle bir araya&#8230;<\/p>\n","protected":false},"author":6,"featured_media":6089,"comment_status":"open","ping_status":"closed","sticky":false,"template":"","format":"standard","meta":{"footnotes":""},"categories":[1],"tags":[400,469,199,468,467],"class_list":{"0":"post-6088","1":"post","2":"type-post","3":"status-publish","4":"format-standard","5":"has-post-thumbnail","7":"category-haberler","8":"tag-ihsan-acik","9":"tag-kirgiz-ogrenciler","10":"tag-kirgizistan","11":"tag-os-devlet-universitesi","12":"tag-tdv-mutevelli-heyeti-ii-baskani-ihsan-acik"},"yoast_head":"<!-- This site is optimized with the Yoast SEO plugin v27.5 - https:\/\/yoast.com\/product\/yoast-seo-wordpress\/ -->\n<title>K\u0131rg\u0131z \u00f6\u011frencilerden TDV\u2019ye ziyaret<\/title>\n<meta name=\"description\" content=\"K\u0131rg\u0131zistan O\u015f Devlet \u00dcniversitesi Rekt\u00f6rl\u00fc\u011f\u00fc ile T\u00fcrkiye Diyanet Vakf\u0131 aras\u0131nda imzalanan &quot;E\u011fitimde \u0130\u015fbirli\u011fi Protokol\u00fc&quot; \u00e7er\u00e7evesinde Ankara \u0130lahiyat Fak\u00fcltesi\u2019nde e\u011fitim g\u00f6ren K\u0131rg\u0131z \u00f6\u011frenciler T\u00fcrkiye Diyanet Vakf\u0131\u2019n\u0131 ziyaret etti.\" \/>\n<meta name=\"robots\" content=\"index, follow, max-snippet:-1, max-image-preview:large, max-video-preview:-1\" \/>\n<link rel=\"canonical\" href=\"https:\/\/tdv.org\/tr-TR\/kirgiz-ogrencilerden-tdvye-ziyaret\/\" \/>\n<meta property=\"og:locale\" content=\"tr_TR\" \/>\n<meta property=\"og:type\" content=\"article\" \/>\n<meta property=\"og:title\" content=\"K\u0131rg\u0131z \u00f6\u011frencilerden TDV\u2019ye ziyaret\" \/>\n<meta property=\"og:description\" content=\"K\u0131rg\u0131zistan O\u015f Devlet \u00dcniversitesi Rekt\u00f6rl\u00fc\u011f\u00fc ile T\u00fcrkiye Diyanet Vakf\u0131 aras\u0131nda imzalanan &quot;E\u011fitimde \u0130\u015fbirli\u011fi Protokol\u00fc&quot; \u00e7er\u00e7evesinde Ankara \u0130lahiyat Fak\u00fcltesi\u2019nde e\u011fitim g\u00f6ren K\u0131rg\u0131z \u00f6\u011frenciler T\u00fcrkiye Diyanet Vakf\u0131\u2019n\u0131 ziyaret etti.\" \/>\n<meta property=\"og:url\" content=\"https:\/\/tdv.org\/tr-TR\/kirgiz-ogrencilerden-tdvye-ziyaret\/\" \/>\n<meta property=\"og:site_name\" content=\"T\u00fcrkiye Diyanet Vakf\u0131 Resmi Web Sitesi\" \/>\n<meta property=\"article:publisher\" content=\"https:\/\/www.facebook.com\/Diyanetvakfi\/\" \/>\n<meta property=\"article:published_time\" content=\"2020-01-15T11:41:14+00:00\" \/>\n<meta property=\"article:modified_time\" content=\"2023-04-04T08:12:24+00:00\" \/>\n<meta property=\"og:image\" content=\"https:\/\/tdv.org\/tr-TR\/wp-content\/uploads\/2020\/01\/1.jpg\" \/>\n\t<meta property=\"og:image:width\" content=\"5499\" \/>\n\t<meta property=\"og:image:height\" content=\"3666\" \/>\n\t<meta property=\"og:image:type\" content=\"image\/jpeg\" \/>\n<meta name=\"author\" content=\"Musa\" \/>\n<meta name=\"twitter:card\" content=\"summary_large_image\" \/>\n<meta name=\"twitter:creator\" content=\"@DiyanetVakfi\" \/>\n<meta name=\"twitter:site\" content=\"@DiyanetVakfi\" \/>\n<script type=\"application\/ld+json\" class=\"yoast-schema-graph\">{\"@context\":\"https:\\\/\\\/schema.org\",\"@graph\":[{\"@type\":\"Article\",\"@id\":\"https:\\\/\\\/tdv.org\\\/tr-TR\\\/kirgiz-ogrencilerden-tdvye-ziyaret\\\/#article\",\"isPartOf\":{\"@id\":\"https:\\\/\\\/tdv.org\\\/tr-TR\\\/kirgiz-ogrencilerden-tdvye-ziyaret\\\/\"},\"author\":{\"name\":\"Musa\",\"@id\":\"https:\\\/\\\/tdv.org\\\/tr-TR\\\/#\\\/schema\\\/person\\\/8f21f05615f6bcf071bbd5ee8d376a8f\"},\"headline\":\"K\u0131rg\u0131z \u00f6\u011frencilerden TDV\u2019ye ziyaret\",\"datePublished\":\"2020-01-15T11:41:14+00:00\",\"dateModified\":\"2023-04-04T08:12:24+00:00\",\"mainEntityOfPage\":{\"@id\":\"https:\\\/\\\/tdv.org\\\/tr-TR\\\/kirgiz-ogrencilerden-tdvye-ziyaret\\\/\"},\"wordCount\":338,\"commentCount\":0,\"publisher\":{\"@id\":\"https:\\\/\\\/tdv.org\\\/tr-TR\\\/#organization\"},\"image\":{\"@id\":\"https:\\\/\\\/tdv.org\\\/tr-TR\\\/kirgiz-ogrencilerden-tdvye-ziyaret\\\/#primaryimage\"},\"thumbnailUrl\":\"https:\\\/\\\/tdv.org\\\/tr-TR\\\/wp-content\\\/uploads\\\/2020\\\/01\\\/1.jpg\",\"keywords\":[\"\u0130hsan A\u00e7\u0131k\",\"K\u0131rg\u0131z \u00f6\u011frenciler\",\"K\u0131rg\u0131zistan\",\"O\u015f Devlet \u00dcniversitesi\",\"TDV M\u00fctevelli Heyeti II. Ba\u015fkan\u0131 \u0130hsan A\u00e7\u0131k\"],\"articleSection\":[\"Haberler\"],\"inLanguage\":\"tr\",\"potentialAction\":[{\"@type\":\"CommentAction\",\"name\":\"Comment\",\"target\":[\"https:\\\/\\\/tdv.org\\\/tr-TR\\\/kirgiz-ogrencilerden-tdvye-ziyaret\\\/#respond\"]}]},{\"@type\":\"WebPage\",\"@id\":\"https:\\\/\\\/tdv.org\\\/tr-TR\\\/kirgiz-ogrencilerden-tdvye-ziyaret\\\/\",\"url\":\"https:\\\/\\\/tdv.org\\\/tr-TR\\\/kirgiz-ogrencilerden-tdvye-ziyaret\\\/\",\"name\":\"K\u0131rg\u0131z \u00f6\u011frencilerden TDV\u2019ye ziyaret\",\"isPartOf\":{\"@id\":\"https:\\\/\\\/tdv.org\\\/tr-TR\\\/#website\"},\"primaryImageOfPage\":{\"@id\":\"https:\\\/\\\/tdv.org\\\/tr-TR\\\/kirgiz-ogrencilerden-tdvye-ziyaret\\\/#primaryimage\"},\"image\":{\"@id\":\"https:\\\/\\\/tdv.org\\\/tr-TR\\\/kirgiz-ogrencilerden-tdvye-ziyaret\\\/#primaryimage\"},\"thumbnailUrl\":\"https:\\\/\\\/tdv.org\\\/tr-TR\\\/wp-content\\\/uploads\\\/2020\\\/01\\\/1.jpg\",\"datePublished\":\"2020-01-15T11:41:14+00:00\",\"dateModified\":\"2023-04-04T08:12:24+00:00\",\"description\":\"K\u0131rg\u0131zistan O\u015f Devlet \u00dcniversitesi Rekt\u00f6rl\u00fc\u011f\u00fc ile T\u00fcrkiye Diyanet Vakf\u0131 aras\u0131nda imzalanan \\\"E\u011fitimde \u0130\u015fbirli\u011fi Protokol\u00fc\\\" \u00e7er\u00e7evesinde Ankara \u0130lahiyat Fak\u00fcltesi\u2019nde e\u011fitim g\u00f6ren K\u0131rg\u0131z \u00f6\u011frenciler T\u00fcrkiye Diyanet Vakf\u0131\u2019n\u0131 ziyaret etti.\",\"breadcrumb\":{\"@id\":\"https:\\\/\\\/tdv.org\\\/tr-TR\\\/kirgiz-ogrencilerden-tdvye-ziyaret\\\/#breadcrumb\"},\"inLanguage\":\"tr\",\"potentialAction\":[{\"@type\":\"ReadAction\",\"target\":[\"https:\\\/\\\/tdv.org\\\/tr-TR\\\/kirgiz-ogrencilerden-tdvye-ziyaret\\\/\"]}]},{\"@type\":\"ImageObject\",\"inLanguage\":\"tr\",\"@id\":\"https:\\\/\\\/tdv.org\\\/tr-TR\\\/kirgiz-ogrencilerden-tdvye-ziyaret\\\/#primaryimage\",\"url\":\"https:\\\/\\\/tdv.org\\\/tr-TR\\\/wp-content\\\/uploads\\\/2020\\\/01\\\/1.jpg\",\"contentUrl\":\"https:\\\/\\\/tdv.org\\\/tr-TR\\\/wp-content\\\/uploads\\\/2020\\\/01\\\/1.jpg\",\"width\":5499,\"height\":3666},{\"@type\":\"BreadcrumbList\",\"@id\":\"https:\\\/\\\/tdv.org\\\/tr-TR\\\/kirgiz-ogrencilerden-tdvye-ziyaret\\\/#breadcrumb\",\"itemListElement\":[{\"@type\":\"ListItem\",\"position\":1,\"name\":\"Anasayfa\",\"item\":\"https:\\\/\\\/tdv.org\\\/tr-TR\\\/\"},{\"@type\":\"ListItem\",\"position\":2,\"name\":\"K\u0131rg\u0131z \u00f6\u011frencilerden TDV\u2019ye ziyaret\"}]},{\"@type\":\"WebSite\",\"@id\":\"https:\\\/\\\/tdv.org\\\/tr-TR\\\/#website\",\"url\":\"https:\\\/\\\/tdv.org\\\/tr-TR\\\/\",\"name\":\"T\u00fcrkiye Diyanet Vakf\u0131 Resmi Web Sitesi\",\"description\":\"Yery\u00fcz\u00fcnde iyilik egemen oluncaya kadar\",\"publisher\":{\"@id\":\"https:\\\/\\\/tdv.org\\\/tr-TR\\\/#organization\"},\"alternateName\":\"T\u00fcrkiye Diyanet Vakf\u0131\",\"potentialAction\":[{\"@type\":\"SearchAction\",\"target\":{\"@type\":\"EntryPoint\",\"urlTemplate\":\"https:\\\/\\\/tdv.org\\\/tr-TR\\\/?s={search_term_string}\"},\"query-input\":{\"@type\":\"PropertyValueSpecification\",\"valueRequired\":true,\"valueName\":\"search_term_string\"}}],\"inLanguage\":\"tr\"},{\"@type\":\"Organization\",\"@id\":\"https:\\\/\\\/tdv.org\\\/tr-TR\\\/#organization\",\"name\":\"T\u00fcrkiye Diyanet Vakf\u0131\",\"alternateName\":\"T\u00fcrkiye Diyanet Vakf\u0131\",\"url\":\"https:\\\/\\\/tdv.org\\\/tr-TR\\\/\",\"logo\":{\"@type\":\"ImageObject\",\"inLanguage\":\"tr\",\"@id\":\"https:\\\/\\\/tdv.org\\\/tr-TR\\\/#\\\/schema\\\/logo\\\/image\\\/\",\"url\":\"https:\\\/\\\/tdv.org\\\/tr-TR\\\/wp-content\\\/uploads\\\/2018\\\/12\\\/TDV_Logo_1.png\",\"contentUrl\":\"https:\\\/\\\/tdv.org\\\/tr-TR\\\/wp-content\\\/uploads\\\/2018\\\/12\\\/TDV_Logo_1.png\",\"width\":207,\"height\":71,\"caption\":\"T\u00fcrkiye Diyanet Vakf\u0131\"},\"image\":{\"@id\":\"https:\\\/\\\/tdv.org\\\/tr-TR\\\/#\\\/schema\\\/logo\\\/image\\\/\"},\"sameAs\":[\"https:\\\/\\\/www.facebook.com\\\/Diyanetvakfi\\\/\",\"https:\\\/\\\/x.com\\\/DiyanetVakfi\",\"https:\\\/\\\/www.instagram.com\\\/turkiyediyanetvakfi\\\/\",\"https:\\\/\\\/www.youtube.com\\\/user\\\/TurkiyeDiyanetVakfi\"]},{\"@type\":\"Person\",\"@id\":\"https:\\\/\\\/tdv.org\\\/tr-TR\\\/#\\\/schema\\\/person\\\/8f21f05615f6bcf071bbd5ee8d376a8f\",\"name\":\"Musa\",\"image\":{\"@type\":\"ImageObject\",\"inLanguage\":\"tr\",\"@id\":\"https:\\\/\\\/tdv.org\\\/tr-TR\\\/wp-content\\\/litespeed\\\/avatar\\\/5b7955b12151edf37ee458402c4c6b7f.jpg?ver=1777295996\",\"url\":\"https:\\\/\\\/tdv.org\\\/tr-TR\\\/wp-content\\\/litespeed\\\/avatar\\\/5b7955b12151edf37ee458402c4c6b7f.jpg?ver=1777295996\",\"contentUrl\":\"https:\\\/\\\/tdv.org\\\/tr-TR\\\/wp-content\\\/litespeed\\\/avatar\\\/5b7955b12151edf37ee458402c4c6b7f.jpg?ver=1777295996\",\"caption\":\"Musa\"},\"sameAs\":[\"http:\\\/\\\/www.tdv.org\"]}]}<\/script>\n<!-- \/ Yoast SEO plugin. -->","yoast_head_json":{"title":"K\u0131rg\u0131z \u00f6\u011frencilerden TDV\u2019ye ziyaret","description":"K\u0131rg\u0131zistan O\u015f Devlet \u00dcniversitesi Rekt\u00f6rl\u00fc\u011f\u00fc ile T\u00fcrkiye Diyanet Vakf\u0131 aras\u0131nda imzalanan \"E\u011fitimde \u0130\u015fbirli\u011fi Protokol\u00fc\" \u00e7er\u00e7evesinde Ankara \u0130lahiyat Fak\u00fcltesi\u2019nde e\u011fitim g\u00f6ren K\u0131rg\u0131z \u00f6\u011frenciler T\u00fcrkiye Diyanet Vakf\u0131\u2019n\u0131 ziyaret etti.","robots":{"index":"index","follow":"follow","max-snippet":"max-snippet:-1","max-image-preview":"max-image-preview:large","max-video-preview":"max-video-preview:-1"},"canonical":"https:\/\/tdv.org\/tr-TR\/kirgiz-ogrencilerden-tdvye-ziyaret\/","og_locale":"tr_TR","og_type":"article","og_title":"K\u0131rg\u0131z \u00f6\u011frencilerden TDV\u2019ye ziyaret","og_description":"K\u0131rg\u0131zistan O\u015f Devlet \u00dcniversitesi Rekt\u00f6rl\u00fc\u011f\u00fc ile T\u00fcrkiye Diyanet Vakf\u0131 aras\u0131nda imzalanan \"E\u011fitimde \u0130\u015fbirli\u011fi Protokol\u00fc\" \u00e7er\u00e7evesinde Ankara \u0130lahiyat Fak\u00fcltesi\u2019nde e\u011fitim g\u00f6ren K\u0131rg\u0131z \u00f6\u011frenciler T\u00fcrkiye Diyanet Vakf\u0131\u2019n\u0131 ziyaret etti.","og_url":"https:\/\/tdv.org\/tr-TR\/kirgiz-ogrencilerden-tdvye-ziyaret\/","og_site_name":"T\u00fcrkiye Diyanet Vakf\u0131 Resmi Web Sitesi","article_publisher":"https:\/\/www.facebook.com\/Diyanetvakfi\/","article_published_time":"2020-01-15T11:41:14+00:00","article_modified_time":"2023-04-04T08:12:24+00:00","og_image":[{"width":5499,"height":3666,"url":"https:\/\/tdv.org\/tr-TR\/wp-content\/uploads\/2020\/01\/1.jpg","type":"image\/jpeg"}],"author":"Musa","twitter_card":"summary_large_image","twitter_creator":"@DiyanetVakfi","twitter_site":"@DiyanetVakfi","schema":{"@context":"https:\/\/schema.org","@graph":[{"@type":"Article","@id":"https:\/\/tdv.org\/tr-TR\/kirgiz-ogrencilerden-tdvye-ziyaret\/#article","isPartOf":{"@id":"https:\/\/tdv.org\/tr-TR\/kirgiz-ogrencilerden-tdvye-ziyaret\/"},"author":{"name":"Musa","@id":"https:\/\/tdv.org\/tr-TR\/#\/schema\/person\/8f21f05615f6bcf071bbd5ee8d376a8f"},"headline":"K\u0131rg\u0131z \u00f6\u011frencilerden TDV\u2019ye ziyaret","datePublished":"2020-01-15T11:41:14+00:00","dateModified":"2023-04-04T08:12:24+00:00","mainEntityOfPage":{"@id":"https:\/\/tdv.org\/tr-TR\/kirgiz-ogrencilerden-tdvye-ziyaret\/"},"wordCount":338,"commentCount":0,"publisher":{"@id":"https:\/\/tdv.org\/tr-TR\/#organization"},"image":{"@id":"https:\/\/tdv.org\/tr-TR\/kirgiz-ogrencilerden-tdvye-ziyaret\/#primaryimage"},"thumbnailUrl":"https:\/\/tdv.org\/tr-TR\/wp-content\/uploads\/2020\/01\/1.jpg","keywords":["\u0130hsan A\u00e7\u0131k","K\u0131rg\u0131z \u00f6\u011frenciler","K\u0131rg\u0131zistan","O\u015f Devlet \u00dcniversitesi","TDV M\u00fctevelli Heyeti II. Ba\u015fkan\u0131 \u0130hsan A\u00e7\u0131k"],"articleSection":["Haberler"],"inLanguage":"tr","potentialAction":[{"@type":"CommentAction","name":"Comment","target":["https:\/\/tdv.org\/tr-TR\/kirgiz-ogrencilerden-tdvye-ziyaret\/#respond"]}]},{"@type":"WebPage","@id":"https:\/\/tdv.org\/tr-TR\/kirgiz-ogrencilerden-tdvye-ziyaret\/","url":"https:\/\/tdv.org\/tr-TR\/kirgiz-ogrencilerden-tdvye-ziyaret\/","name":"K\u0131rg\u0131z \u00f6\u011frencilerden TDV\u2019ye ziyaret","isPartOf":{"@id":"https:\/\/tdv.org\/tr-TR\/#website"},"primaryImageOfPage":{"@id":"https:\/\/tdv.org\/tr-TR\/kirgiz-ogrencilerden-tdvye-ziyaret\/#primaryimage"},"image":{"@id":"https:\/\/tdv.org\/tr-TR\/kirgiz-ogrencilerden-tdvye-ziyaret\/#primaryimage"},"thumbnailUrl":"https:\/\/tdv.org\/tr-TR\/wp-content\/uploads\/2020\/01\/1.jpg","datePublished":"2020-01-15T11:41:14+00:00","dateModified":"2023-04-04T08:12:24+00:00","description":"K\u0131rg\u0131zistan O\u015f Devlet \u00dcniversitesi Rekt\u00f6rl\u00fc\u011f\u00fc ile T\u00fcrkiye Diyanet Vakf\u0131 aras\u0131nda imzalanan \"E\u011fitimde \u0130\u015fbirli\u011fi Protokol\u00fc\" \u00e7er\u00e7evesinde Ankara \u0130lahiyat Fak\u00fcltesi\u2019nde e\u011fitim g\u00f6ren K\u0131rg\u0131z \u00f6\u011frenciler T\u00fcrkiye Diyanet Vakf\u0131\u2019n\u0131 ziyaret etti.","breadcrumb":{"@id":"https:\/\/tdv.org\/tr-TR\/kirgiz-ogrencilerden-tdvye-ziyaret\/#breadcrumb"},"inLanguage":"tr","potentialAction":[{"@type":"ReadAction","target":["https:\/\/tdv.org\/tr-TR\/kirgiz-ogrencilerden-tdvye-ziyaret\/"]}]},{"@type":"ImageObject","inLanguage":"tr","@id":"https:\/\/tdv.org\/tr-TR\/kirgiz-ogrencilerden-tdvye-ziyaret\/#primaryimage","url":"https:\/\/tdv.org\/tr-TR\/wp-content\/uploads\/2020\/01\/1.jpg","contentUrl":"https:\/\/tdv.org\/tr-TR\/wp-content\/uploads\/2020\/01\/1.jpg","width":5499,"height":3666},{"@type":"BreadcrumbList","@id":"https:\/\/tdv.org\/tr-TR\/kirgiz-ogrencilerden-tdvye-ziyaret\/#breadcrumb","itemListElement":[{"@type":"ListItem","position":1,"name":"Anasayfa","item":"https:\/\/tdv.org\/tr-TR\/"},{"@type":"ListItem","position":2,"name":"K\u0131rg\u0131z \u00f6\u011frencilerden TDV\u2019ye ziyaret"}]},{"@type":"WebSite","@id":"https:\/\/tdv.org\/tr-TR\/#website","url":"https:\/\/tdv.org\/tr-TR\/","name":"T\u00fcrkiye Diyanet Vakf\u0131 Resmi Web Sitesi","description":"Yery\u00fcz\u00fcnde iyilik egemen oluncaya kadar","publisher":{"@id":"https:\/\/tdv.org\/tr-TR\/#organization"},"alternateName":"T\u00fcrkiye Diyanet Vakf\u0131","potentialAction":[{"@type":"SearchAction","target":{"@type":"EntryPoint","urlTemplate":"https:\/\/tdv.org\/tr-TR\/?s={search_term_string}"},"query-input":{"@type":"PropertyValueSpecification","valueRequired":true,"valueName":"search_term_string"}}],"inLanguage":"tr"},{"@type":"Organization","@id":"https:\/\/tdv.org\/tr-TR\/#organization","name":"T\u00fcrkiye Diyanet Vakf\u0131","alternateName":"T\u00fcrkiye Diyanet Vakf\u0131","url":"https:\/\/tdv.org\/tr-TR\/","logo":{"@type":"ImageObject","inLanguage":"tr","@id":"https:\/\/tdv.org\/tr-TR\/#\/schema\/logo\/image\/","url":"https:\/\/tdv.org\/tr-TR\/wp-content\/uploads\/2018\/12\/TDV_Logo_1.png","contentUrl":"https:\/\/tdv.org\/tr-TR\/wp-content\/uploads\/2018\/12\/TDV_Logo_1.png","width":207,"height":71,"caption":"T\u00fcrkiye Diyanet Vakf\u0131"},"image":{"@id":"https:\/\/tdv.org\/tr-TR\/#\/schema\/logo\/image\/"},"sameAs":["https:\/\/www.facebook.com\/Diyanetvakfi\/","https:\/\/x.com\/DiyanetVakfi","https:\/\/www.instagram.com\/turkiyediyanetvakfi\/","https:\/\/www.youtube.com\/user\/TurkiyeDiyanetVakfi"]},{"@type":"Person","@id":"https:\/\/tdv.org\/tr-TR\/#\/schema\/person\/8f21f05615f6bcf071bbd5ee8d376a8f","name":"Musa","image":{"@type":"ImageObject","inLanguage":"tr","@id":"https:\/\/tdv.org\/tr-TR\/wp-content\/litespeed\/avatar\/5b7955b12151edf37ee458402c4c6b7f.jpg?ver=1777295996","url":"https:\/\/tdv.org\/tr-TR\/wp-content\/litespeed\/avatar\/5b7955b12151edf37ee458402c4c6b7f.jpg?ver=1777295996","contentUrl":"https:\/\/tdv.org\/tr-TR\/wp-content\/litespeed\/avatar\/5b7955b12151edf37ee458402c4c6b7f.jpg?ver=1777295996","caption":"Musa"},"sameAs":["http:\/\/www.tdv.org"]}]}},"_links":{"self":[{"href":"https:\/\/tdv.org\/tr-TR\/wp-json\/wp\/v2\/posts\/6088","targetHints":{"allow":["GET"]}}],"collection":[{"href":"https:\/\/tdv.org\/tr-TR\/wp-json\/wp\/v2\/posts"}],"about":[{"href":"https:\/\/tdv.org\/tr-TR\/wp-json\/wp\/v2\/types\/post"}],"author":[{"embeddable":true,"href":"https:\/\/tdv.org\/tr-TR\/wp-json\/wp\/v2\/users\/6"}],"replies":[{"embeddable":true,"href":"https:\/\/tdv.org\/tr-TR\/wp-json\/wp\/v2\/comments?post=6088"}],"version-history":[{"count":1,"href":"https:\/\/tdv.org\/tr-TR\/wp-json\/wp\/v2\/posts\/6088\/revisions"}],"predecessor-version":[{"id":31720,"href":"https:\/\/tdv.org\/tr-TR\/wp-json\/wp\/v2\/posts\/6088\/revisions\/31720"}],"wp:featuredmedia":[{"embeddable":true,"href":"https:\/\/tdv.org\/tr-TR\/wp-json\/wp\/v2\/media\/6089"}],"wp:attachment":[{"href":"https:\/\/tdv.org\/tr-TR\/wp-json\/wp\/v2\/media?parent=6088"}],"wp:term":[{"taxonomy":"category","embeddable":true,"href":"https:\/\/tdv.org\/tr-TR\/wp-json\/wp\/v2\/categories?post=6088"},{"taxonomy":"post_tag","embeddable":true,"href":"https:\/\/tdv.org\/tr-TR\/wp-json\/wp\/v2\/tags?post=6088"}],"curies":[{"name":"wp","href":"https:\/\/api.w.org\/{rel}","templated":true}]}}