{"id":6199,"date":"2020-01-21T15:05:07","date_gmt":"2020-01-21T12:05:07","guid":{"rendered":"https:\/\/tdv.org\/tr-TR\/?p=6199"},"modified":"2023-04-04T11:09:10","modified_gmt":"2023-04-04T08:09:10","slug":"tdvden-30-ilde-1668-ogrenciye-yariyil-kampi","status":"publish","type":"post","link":"https:\/\/tdv.org\/tr-TR\/tdvden-30-ilde-1668-ogrenciye-yariyil-kampi\/","title":{"rendered":"TDV&#8217;den 30 ilde 1668 \u00f6\u011frenciye yar\u0131y\u0131l kamp\u0131"},"content":{"rendered":"<p style=\"text-align: justify;\">T\u00fcrkiye Diyanet Vakf\u0131n\u0131n burs deste\u011fi sa\u011flad\u0131\u011f\u0131 \u00f6\u011frenciler, ki\u015fisel ve mesleki geli\u015fimlerine katk\u0131 sunmak, akademik ortamlar\u0131n\u0131 desteklemek amac\u0131yla d\u00fczenlenen yar\u0131y\u0131l kamplar\u0131nda bir araya geliyor.<\/p>\n<p style=\"text-align: justify;\">Vak\u0131f taraf\u0131ndan ger\u00e7ekle\u015ftirilen e\u011fitim programlar\u0131 kapsam\u0131nda yurt d\u0131\u015f\u0131ndan gelerek \u00fclkemizde e\u011fitim g\u00f6ren \u00f6\u011frenciler ile yurt i\u00e7indeki \u00f6\u011frencileri bir araya getiren yar\u0131y\u0131l kamplar\u0131, 13 Ocak \u2013 8 \u015eubat tarihleri aras\u0131nda T\u00fcrkiye\u2019nin farkl\u0131 b\u00f6lgelerinde ger\u00e7ekle\u015ftirilecek.<br \/>\n\u0130lahiyat Akademi, \u00d6zel Destek Akademi, Uluslararas\u0131 \u0130lahiyat, Uluslararas\u0131 \u0130mam Hatip Lisesi, Uluslararas\u0131 Konuk \u00d6\u011frenci program\u0131 \u00f6\u011frencilerinin kat\u0131ld\u0131\u011f\u0131 yar\u0131y\u0131l kamplar\u0131na 975\u2019i k\u0131z, 693\u2019\u00fc erkek olmak \u00fczere toplam 1668 \u00f6\u011frenci kat\u0131l\u0131yor.<br \/>\nT\u00fcrkiye Diyanet Vakf\u0131 burslusu lise ve \u00fcniversite \u00f6\u011frencilerinin ki\u015fisel ve mesleki geli\u015fimlerine katk\u0131 sunmak, akademik ortamlar\u0131n\u0131 desteklemek amac\u0131yla d\u00fczenlenen kamplar \u00e7er\u00e7evesinde alan\u0131nda uzman e\u011fitimciler taraf\u0131ndan e\u011fitimler, \u00e7e\u015fitli konferans, s\u00f6yle\u015fi ve etkinlikler ger\u00e7ekle\u015ftiriliyor.<\/p>\n<p style=\"text-align: justify;\"><strong>\u201c30 farkl\u0131 ilde yar\u0131y\u0131l kamp\u0131 d\u00fczenliyoruz\u201d<\/strong><\/p>\n<p style=\"text-align: justify;\">T\u00fcrkiye Diyanet Vakf\u0131 M\u00fctevelli Heyeti II. Ba\u015fkan\u0131 \u0130hsan A\u00e7\u0131k, her alanda e\u011fitimi \u00f6nceleyen bir vak\u0131f olduklar\u0131n\u0131 ve yeti\u015fmi\u015f insan g\u00fcc\u00fcn\u00fcn hem T\u00fcrkiye, hem de mazlum ve ma\u011fdur co\u011frafyalar i\u00e7in \u00e7ok \u00f6nemli oldu\u011funu s\u00f6yledi.<br \/>\nE\u011fitim ve k\u00fclt\u00fcr hizmetlerinin gayesinin ahsen-i takvim olarak yarat\u0131lan insan\u0131n, din, can, mal, nesil ve akl\u0131n\u0131n g\u00fcvende oldu\u011fu erdemli bir toplum in\u015fa etmek oldu\u011funa i\u015faret eden A\u00e7\u0131k, \u00f6\u011frencilere e\u011fitim alan\u0131nda maddi ve manevi olarak t\u00fcm y\u0131l devam eden deste\u011fin d\u00fczenlenen yar\u0131y\u0131l kamplar\u0131yla da s\u00fcrd\u00fc\u011f\u00fcn\u00fc belirtti.<\/p>\n<p style=\"text-align: justify;\">\u00d6\u011frencilerin yar\u0131y\u0131l kamplar\u0131na yo\u011fun ilgi g\u00f6sterdi\u011fini ifade eden A\u00e7\u0131k, \u201cHer y\u0131l d\u00fczenledi\u011fimiz yar\u0131y\u0131l kamplar\u0131na bu sene 30 ilden 1668 \u00f6\u011frenci kat\u0131l\u0131yor. M\u00fcft\u00fcl\u00fcklerimiz, \u0130lahiyat Fak\u00fclteleri ve \u0130slami \u0130limler Fak\u00fclteleri dekanl\u0131klar\u0131, yurt m\u00fcd\u00fcrl\u00fcklerimiz ve TDV il \u015fubelerimiz koordinasyonuyla y\u00fcr\u00fct\u00fclen burs program\u0131 kapsam\u0131nda d\u00f6nem boyunca destek programlar\u0131yla fak\u00fcltede g\u00f6rd\u00fckleri derslere ilave olarak Arap\u00e7a ve temel \u0130slami ilimler dersleri alan \u00f6\u011frenciler \u015eubat tatilinin ba\u015flamas\u0131yla birlikte bulunduklar\u0131 illerde yar\u0131y\u0131l kamplar\u0131na kat\u0131l\u0131yorlar. Kamplarda kitap okuma ve kitap kriti\u011fi, sabah namaz\u0131 etkinlikleri, hadis ezberleme, film g\u00f6sterisi ve gezi gibi etkinlikler d\u00fczenleniyor. Ayr\u0131ca \u00f6\u011frenciler \u00fclkemizde, kalifiye insan a\u00e7\u0131\u011f\u0131na alternatif olma, dini alg\u0131lar\u0131n tahlili, toplumsal sorunlar\u0131 muhakeme g\u00fcc\u00fc, \u00fcmmet bilinci gibi konular\u0131n i\u015flendi\u011fi konferans ve seminerleri alan\u0131nda uzman isimlerden dinleme imkan\u0131 buluyorlar\u201d diye konu\u015ftu.<\/p>\n<p>&nbsp;<\/p>\n\n\t\t<style type=\"text\/css\">\n\t\t\t#gallery-1 {\n\t\t\t\tmargin: auto;\n\t\t\t}\n\t\t\t#gallery-1 .gallery-item {\n\t\t\t\tfloat: left;\n\t\t\t\tmargin-top: 10px;\n\t\t\t\ttext-align: center;\n\t\t\t\twidth: 25%;\n\t\t\t}\n\t\t\t#gallery-1 img {\n\t\t\t\tborder: 2px solid #cfcfcf;\n\t\t\t}\n\t\t\t#gallery-1 .gallery-caption {\n\t\t\t\tmargin-left: 0;\n\t\t\t}\n\t\t\t\/* see gallery_shortcode() in wp-includes\/media.php *\/\n\t\t<\/style>\n\t\t<div id='gallery-1' class='gallery galleryid-6199 gallery-columns-4 gallery-size-thumbnail'><dl class='gallery-item'>\n\t\t\t<dt class='gallery-icon landscape'>\n\t\t\t\t<a href='https:\/\/tdv.org\/tr-TR\/wp-content\/uploads\/2020\/01\/cb8921db-909e-4898-ae4f-89f62a389fcc.jpg'><img decoding=\"async\" width=\"150\" height=\"150\" src=\"https:\/\/tdv.org\/tr-TR\/wp-content\/uploads\/2020\/01\/cb8921db-909e-4898-ae4f-89f62a389fcc-150x150.jpg\" class=\"attachment-thumbnail size-thumbnail\" alt=\"\" srcset=\"https:\/\/tdv.org\/tr-TR\/wp-content\/uploads\/2020\/01\/cb8921db-909e-4898-ae4f-89f62a389fcc-150x150.jpg 150w, https:\/\/tdv.org\/tr-TR\/wp-content\/uploads\/2020\/01\/cb8921db-909e-4898-ae4f-89f62a389fcc-100x100.jpg 100w, https:\/\/tdv.org\/tr-TR\/wp-content\/uploads\/2020\/01\/cb8921db-909e-4898-ae4f-89f62a389fcc-140x140.jpg 140w, https:\/\/tdv.org\/tr-TR\/wp-content\/uploads\/2020\/01\/cb8921db-909e-4898-ae4f-89f62a389fcc-500x500.jpg 500w, https:\/\/tdv.org\/tr-TR\/wp-content\/uploads\/2020\/01\/cb8921db-909e-4898-ae4f-89f62a389fcc-350x350.jpg 350w, https:\/\/tdv.org\/tr-TR\/wp-content\/uploads\/2020\/01\/cb8921db-909e-4898-ae4f-89f62a389fcc-1000x1000.jpg 1000w, https:\/\/tdv.org\/tr-TR\/wp-content\/uploads\/2020\/01\/cb8921db-909e-4898-ae4f-89f62a389fcc-800x800.jpg 800w\" sizes=\"(max-width: 150px) 100vw, 150px\" \/><\/a>\n\t\t\t<\/dt><\/dl><dl class='gallery-item'>\n\t\t\t<dt class='gallery-icon portrait'>\n\t\t\t\t<a href='https:\/\/tdv.org\/tr-TR\/wp-content\/uploads\/2020\/01\/TDVden-30-ilde-1668-\u00f6\u011frenciye-yar\u0131y\u0131l-kamp\u0131-7.jpg'><img decoding=\"async\" width=\"150\" height=\"150\" src=\"https:\/\/tdv.org\/tr-TR\/wp-content\/uploads\/2020\/01\/TDVden-30-ilde-1668-\u00f6\u011frenciye-yar\u0131y\u0131l-kamp\u0131-7-150x150.jpg\" class=\"attachment-thumbnail size-thumbnail\" alt=\"\" srcset=\"https:\/\/tdv.org\/tr-TR\/wp-content\/uploads\/2020\/01\/TDVden-30-ilde-1668-\u00f6\u011frenciye-yar\u0131y\u0131l-kamp\u0131-7-150x150.jpg 150w, https:\/\/tdv.org\/tr-TR\/wp-content\/uploads\/2020\/01\/TDVden-30-ilde-1668-\u00f6\u011frenciye-yar\u0131y\u0131l-kamp\u0131-7-100x100.jpg 100w, https:\/\/tdv.org\/tr-TR\/wp-content\/uploads\/2020\/01\/TDVden-30-ilde-1668-\u00f6\u011frenciye-yar\u0131y\u0131l-kamp\u0131-7-140x140.jpg 140w, https:\/\/tdv.org\/tr-TR\/wp-content\/uploads\/2020\/01\/TDVden-30-ilde-1668-\u00f6\u011frenciye-yar\u0131y\u0131l-kamp\u0131-7-500x500.jpg 500w, https:\/\/tdv.org\/tr-TR\/wp-content\/uploads\/2020\/01\/TDVden-30-ilde-1668-\u00f6\u011frenciye-yar\u0131y\u0131l-kamp\u0131-7-350x350.jpg 350w, https:\/\/tdv.org\/tr-TR\/wp-content\/uploads\/2020\/01\/TDVden-30-ilde-1668-\u00f6\u011frenciye-yar\u0131y\u0131l-kamp\u0131-7-1000x1000.jpg 1000w, https:\/\/tdv.org\/tr-TR\/wp-content\/uploads\/2020\/01\/TDVden-30-ilde-1668-\u00f6\u011frenciye-yar\u0131y\u0131l-kamp\u0131-7-800x800.jpg 800w\" sizes=\"(max-width: 150px) 100vw, 150px\" \/><\/a>\n\t\t\t<\/dt><\/dl><dl class='gallery-item'>\n\t\t\t<dt class='gallery-icon landscape'>\n\t\t\t\t<a href='https:\/\/tdv.org\/tr-TR\/wp-content\/uploads\/2020\/01\/ff483e60-eac7-412a-974f-9b14627cf748.jpg'><img decoding=\"async\" width=\"150\" height=\"150\" src=\"https:\/\/tdv.org\/tr-TR\/wp-content\/uploads\/2020\/01\/ff483e60-eac7-412a-974f-9b14627cf748-150x150.jpg\" class=\"attachment-thumbnail size-thumbnail\" alt=\"\" srcset=\"https:\/\/tdv.org\/tr-TR\/wp-content\/uploads\/2020\/01\/ff483e60-eac7-412a-974f-9b14627cf748-150x150.jpg 150w, https:\/\/tdv.org\/tr-TR\/wp-content\/uploads\/2020\/01\/ff483e60-eac7-412a-974f-9b14627cf748-100x100.jpg 100w, https:\/\/tdv.org\/tr-TR\/wp-content\/uploads\/2020\/01\/ff483e60-eac7-412a-974f-9b14627cf748-140x140.jpg 140w, https:\/\/tdv.org\/tr-TR\/wp-content\/uploads\/2020\/01\/ff483e60-eac7-412a-974f-9b14627cf748-500x500.jpg 500w, https:\/\/tdv.org\/tr-TR\/wp-content\/uploads\/2020\/01\/ff483e60-eac7-412a-974f-9b14627cf748-350x350.jpg 350w, https:\/\/tdv.org\/tr-TR\/wp-content\/uploads\/2020\/01\/ff483e60-eac7-412a-974f-9b14627cf748-1000x1000.jpg 1000w, https:\/\/tdv.org\/tr-TR\/wp-content\/uploads\/2020\/01\/ff483e60-eac7-412a-974f-9b14627cf748-800x800.jpg 800w\" sizes=\"(max-width: 150px) 100vw, 150px\" \/><\/a>\n\t\t\t<\/dt><\/dl><dl class='gallery-item'>\n\t\t\t<dt class='gallery-icon portrait'>\n\t\t\t\t<a href='https:\/\/tdv.org\/tr-TR\/wp-content\/uploads\/2020\/01\/b6973e9a-ef06-4646-9e79-f82e532123ee.jpg'><img decoding=\"async\" width=\"150\" height=\"150\" src=\"https:\/\/tdv.org\/tr-TR\/wp-content\/uploads\/2020\/01\/b6973e9a-ef06-4646-9e79-f82e532123ee-150x150.jpg\" class=\"attachment-thumbnail size-thumbnail\" alt=\"\" srcset=\"https:\/\/tdv.org\/tr-TR\/wp-content\/uploads\/2020\/01\/b6973e9a-ef06-4646-9e79-f82e532123ee-150x150.jpg 150w, https:\/\/tdv.org\/tr-TR\/wp-content\/uploads\/2020\/01\/b6973e9a-ef06-4646-9e79-f82e532123ee-100x100.jpg 100w, https:\/\/tdv.org\/tr-TR\/wp-content\/uploads\/2020\/01\/b6973e9a-ef06-4646-9e79-f82e532123ee-140x140.jpg 140w, https:\/\/tdv.org\/tr-TR\/wp-content\/uploads\/2020\/01\/b6973e9a-ef06-4646-9e79-f82e532123ee-500x500.jpg 500w, https:\/\/tdv.org\/tr-TR\/wp-content\/uploads\/2020\/01\/b6973e9a-ef06-4646-9e79-f82e532123ee-350x350.jpg 350w, https:\/\/tdv.org\/tr-TR\/wp-content\/uploads\/2020\/01\/b6973e9a-ef06-4646-9e79-f82e532123ee-1000x1000.jpg 1000w, https:\/\/tdv.org\/tr-TR\/wp-content\/uploads\/2020\/01\/b6973e9a-ef06-4646-9e79-f82e532123ee-800x800.jpg 800w\" sizes=\"(max-width: 150px) 100vw, 150px\" \/><\/a>\n\t\t\t<\/dt><\/dl><br style=\"clear: both\" \/><dl class='gallery-item'>\n\t\t\t<dt class='gallery-icon landscape'>\n\t\t\t\t<a href='https:\/\/tdv.org\/tr-TR\/wp-content\/uploads\/2020\/01\/1a66f3ad-178d-4e46-bec9-f091df2b0f36.jpg'><img decoding=\"async\" width=\"150\" height=\"150\" src=\"https:\/\/tdv.org\/tr-TR\/wp-content\/uploads\/2020\/01\/1a66f3ad-178d-4e46-bec9-f091df2b0f36-150x150.jpg\" class=\"attachment-thumbnail size-thumbnail\" alt=\"\" srcset=\"https:\/\/tdv.org\/tr-TR\/wp-content\/uploads\/2020\/01\/1a66f3ad-178d-4e46-bec9-f091df2b0f36-150x150.jpg 150w, https:\/\/tdv.org\/tr-TR\/wp-content\/uploads\/2020\/01\/1a66f3ad-178d-4e46-bec9-f091df2b0f36-100x100.jpg 100w, https:\/\/tdv.org\/tr-TR\/wp-content\/uploads\/2020\/01\/1a66f3ad-178d-4e46-bec9-f091df2b0f36-140x140.jpg 140w, https:\/\/tdv.org\/tr-TR\/wp-content\/uploads\/2020\/01\/1a66f3ad-178d-4e46-bec9-f091df2b0f36-500x500.jpg 500w, https:\/\/tdv.org\/tr-TR\/wp-content\/uploads\/2020\/01\/1a66f3ad-178d-4e46-bec9-f091df2b0f36-350x350.jpg 350w\" sizes=\"(max-width: 150px) 100vw, 150px\" \/><\/a>\n\t\t\t<\/dt><\/dl><dl class='gallery-item'>\n\t\t\t<dt class='gallery-icon landscape'>\n\t\t\t\t<a href='https:\/\/tdv.org\/tr-TR\/wp-content\/uploads\/2020\/01\/TDVden-30-ilde-1668-\u00f6\u011frenciye-yar\u0131y\u0131l-kamp\u0131-13.jpg'><img decoding=\"async\" width=\"150\" height=\"150\" src=\"https:\/\/tdv.org\/tr-TR\/wp-content\/uploads\/2020\/01\/TDVden-30-ilde-1668-\u00f6\u011frenciye-yar\u0131y\u0131l-kamp\u0131-13-150x150.jpg\" class=\"attachment-thumbnail size-thumbnail\" alt=\"\" srcset=\"https:\/\/tdv.org\/tr-TR\/wp-content\/uploads\/2020\/01\/TDVden-30-ilde-1668-\u00f6\u011frenciye-yar\u0131y\u0131l-kamp\u0131-13-150x150.jpg 150w, https:\/\/tdv.org\/tr-TR\/wp-content\/uploads\/2020\/01\/TDVden-30-ilde-1668-\u00f6\u011frenciye-yar\u0131y\u0131l-kamp\u0131-13-100x100.jpg 100w, https:\/\/tdv.org\/tr-TR\/wp-content\/uploads\/2020\/01\/TDVden-30-ilde-1668-\u00f6\u011frenciye-yar\u0131y\u0131l-kamp\u0131-13-140x140.jpg 140w, https:\/\/tdv.org\/tr-TR\/wp-content\/uploads\/2020\/01\/TDVden-30-ilde-1668-\u00f6\u011frenciye-yar\u0131y\u0131l-kamp\u0131-13-500x500.jpg 500w, https:\/\/tdv.org\/tr-TR\/wp-content\/uploads\/2020\/01\/TDVden-30-ilde-1668-\u00f6\u011frenciye-yar\u0131y\u0131l-kamp\u0131-13-350x350.jpg 350w, https:\/\/tdv.org\/tr-TR\/wp-content\/uploads\/2020\/01\/TDVden-30-ilde-1668-\u00f6\u011frenciye-yar\u0131y\u0131l-kamp\u0131-13-1000x1000.jpg 1000w, https:\/\/tdv.org\/tr-TR\/wp-content\/uploads\/2020\/01\/TDVden-30-ilde-1668-\u00f6\u011frenciye-yar\u0131y\u0131l-kamp\u0131-13-800x800.jpg 800w\" sizes=\"(max-width: 150px) 100vw, 150px\" \/><\/a>\n\t\t\t<\/dt><\/dl><dl class='gallery-item'>\n\t\t\t<dt class='gallery-icon landscape'>\n\t\t\t\t<a href='https:\/\/tdv.org\/tr-TR\/wp-content\/uploads\/2020\/01\/TDVden-30-ilde-1668-\u00f6\u011frenciye-yar\u0131y\u0131l-kamp\u0131-14.jpg'><img decoding=\"async\" width=\"150\" height=\"150\" src=\"https:\/\/tdv.org\/tr-TR\/wp-content\/uploads\/2020\/01\/TDVden-30-ilde-1668-\u00f6\u011frenciye-yar\u0131y\u0131l-kamp\u0131-14-150x150.jpg\" class=\"attachment-thumbnail size-thumbnail\" alt=\"\" srcset=\"https:\/\/tdv.org\/tr-TR\/wp-content\/uploads\/2020\/01\/TDVden-30-ilde-1668-\u00f6\u011frenciye-yar\u0131y\u0131l-kamp\u0131-14-150x150.jpg 150w, https:\/\/tdv.org\/tr-TR\/wp-content\/uploads\/2020\/01\/TDVden-30-ilde-1668-\u00f6\u011frenciye-yar\u0131y\u0131l-kamp\u0131-14-100x100.jpg 100w, https:\/\/tdv.org\/tr-TR\/wp-content\/uploads\/2020\/01\/TDVden-30-ilde-1668-\u00f6\u011frenciye-yar\u0131y\u0131l-kamp\u0131-14-140x140.jpg 140w, https:\/\/tdv.org\/tr-TR\/wp-content\/uploads\/2020\/01\/TDVden-30-ilde-1668-\u00f6\u011frenciye-yar\u0131y\u0131l-kamp\u0131-14-500x500.jpg 500w, https:\/\/tdv.org\/tr-TR\/wp-content\/uploads\/2020\/01\/TDVden-30-ilde-1668-\u00f6\u011frenciye-yar\u0131y\u0131l-kamp\u0131-14-350x350.jpg 350w, https:\/\/tdv.org\/tr-TR\/wp-content\/uploads\/2020\/01\/TDVden-30-ilde-1668-\u00f6\u011frenciye-yar\u0131y\u0131l-kamp\u0131-14-1000x1000.jpg 1000w, https:\/\/tdv.org\/tr-TR\/wp-content\/uploads\/2020\/01\/TDVden-30-ilde-1668-\u00f6\u011frenciye-yar\u0131y\u0131l-kamp\u0131-14-800x800.jpg 800w\" sizes=\"(max-width: 150px) 100vw, 150px\" \/><\/a>\n\t\t\t<\/dt><\/dl><dl class='gallery-item'>\n\t\t\t<dt class='gallery-icon landscape'>\n\t\t\t\t<a href='https:\/\/tdv.org\/tr-TR\/wp-content\/uploads\/2020\/01\/TDVden-30-ilde-1668-\u00f6\u011frenciye-yar\u0131y\u0131l-kamp\u0131-12.jpg'><img decoding=\"async\" width=\"150\" height=\"150\" src=\"https:\/\/tdv.org\/tr-TR\/wp-content\/uploads\/2020\/01\/TDVden-30-ilde-1668-\u00f6\u011frenciye-yar\u0131y\u0131l-kamp\u0131-12-150x150.jpg\" class=\"attachment-thumbnail size-thumbnail\" alt=\"\" srcset=\"https:\/\/tdv.org\/tr-TR\/wp-content\/uploads\/2020\/01\/TDVden-30-ilde-1668-\u00f6\u011frenciye-yar\u0131y\u0131l-kamp\u0131-12-150x150.jpg 150w, https:\/\/tdv.org\/tr-TR\/wp-content\/uploads\/2020\/01\/TDVden-30-ilde-1668-\u00f6\u011frenciye-yar\u0131y\u0131l-kamp\u0131-12-100x100.jpg 100w, https:\/\/tdv.org\/tr-TR\/wp-content\/uploads\/2020\/01\/TDVden-30-ilde-1668-\u00f6\u011frenciye-yar\u0131y\u0131l-kamp\u0131-12-140x140.jpg 140w, https:\/\/tdv.org\/tr-TR\/wp-content\/uploads\/2020\/01\/TDVden-30-ilde-1668-\u00f6\u011frenciye-yar\u0131y\u0131l-kamp\u0131-12-500x500.jpg 500w, https:\/\/tdv.org\/tr-TR\/wp-content\/uploads\/2020\/01\/TDVden-30-ilde-1668-\u00f6\u011frenciye-yar\u0131y\u0131l-kamp\u0131-12-350x350.jpg 350w\" sizes=\"(max-width: 150px) 100vw, 150px\" \/><\/a>\n\t\t\t<\/dt><\/dl><br style=\"clear: both\" \/><dl class='gallery-item'>\n\t\t\t<dt class='gallery-icon landscape'>\n\t\t\t\t<a href='https:\/\/tdv.org\/tr-TR\/wp-content\/uploads\/2020\/01\/TDVden-30-ilde-1668-\u00f6\u011frenciye-yar\u0131y\u0131l-kamp\u0131-8.jpg'><img decoding=\"async\" width=\"150\" height=\"150\" src=\"https:\/\/tdv.org\/tr-TR\/wp-content\/uploads\/2020\/01\/TDVden-30-ilde-1668-\u00f6\u011frenciye-yar\u0131y\u0131l-kamp\u0131-8-150x150.jpg\" class=\"attachment-thumbnail size-thumbnail\" alt=\"\" srcset=\"https:\/\/tdv.org\/tr-TR\/wp-content\/uploads\/2020\/01\/TDVden-30-ilde-1668-\u00f6\u011frenciye-yar\u0131y\u0131l-kamp\u0131-8-150x150.jpg 150w, https:\/\/tdv.org\/tr-TR\/wp-content\/uploads\/2020\/01\/TDVden-30-ilde-1668-\u00f6\u011frenciye-yar\u0131y\u0131l-kamp\u0131-8-100x100.jpg 100w, https:\/\/tdv.org\/tr-TR\/wp-content\/uploads\/2020\/01\/TDVden-30-ilde-1668-\u00f6\u011frenciye-yar\u0131y\u0131l-kamp\u0131-8-140x140.jpg 140w, https:\/\/tdv.org\/tr-TR\/wp-content\/uploads\/2020\/01\/TDVden-30-ilde-1668-\u00f6\u011frenciye-yar\u0131y\u0131l-kamp\u0131-8-500x500.jpg 500w, https:\/\/tdv.org\/tr-TR\/wp-content\/uploads\/2020\/01\/TDVden-30-ilde-1668-\u00f6\u011frenciye-yar\u0131y\u0131l-kamp\u0131-8-350x350.jpg 350w, https:\/\/tdv.org\/tr-TR\/wp-content\/uploads\/2020\/01\/TDVden-30-ilde-1668-\u00f6\u011frenciye-yar\u0131y\u0131l-kamp\u0131-8-1000x1000.jpg 1000w, https:\/\/tdv.org\/tr-TR\/wp-content\/uploads\/2020\/01\/TDVden-30-ilde-1668-\u00f6\u011frenciye-yar\u0131y\u0131l-kamp\u0131-8-800x800.jpg 800w\" sizes=\"(max-width: 150px) 100vw, 150px\" \/><\/a>\n\t\t\t<\/dt><\/dl><dl class='gallery-item'>\n\t\t\t<dt class='gallery-icon landscape'>\n\t\t\t\t<a href='https:\/\/tdv.org\/tr-TR\/wp-content\/uploads\/2020\/01\/TDVden-30-ilde-1668-\u00f6\u011frenciye-yar\u0131y\u0131l-kamp\u0131-4.jpg'><img decoding=\"async\" width=\"150\" height=\"150\" src=\"https:\/\/tdv.org\/tr-TR\/wp-content\/uploads\/2020\/01\/TDVden-30-ilde-1668-\u00f6\u011frenciye-yar\u0131y\u0131l-kamp\u0131-4-150x150.jpg\" class=\"attachment-thumbnail size-thumbnail\" alt=\"\" srcset=\"https:\/\/tdv.org\/tr-TR\/wp-content\/uploads\/2020\/01\/TDVden-30-ilde-1668-\u00f6\u011frenciye-yar\u0131y\u0131l-kamp\u0131-4-150x150.jpg 150w, https:\/\/tdv.org\/tr-TR\/wp-content\/uploads\/2020\/01\/TDVden-30-ilde-1668-\u00f6\u011frenciye-yar\u0131y\u0131l-kamp\u0131-4-100x100.jpg 100w, https:\/\/tdv.org\/tr-TR\/wp-content\/uploads\/2020\/01\/TDVden-30-ilde-1668-\u00f6\u011frenciye-yar\u0131y\u0131l-kamp\u0131-4-140x140.jpg 140w, https:\/\/tdv.org\/tr-TR\/wp-content\/uploads\/2020\/01\/TDVden-30-ilde-1668-\u00f6\u011frenciye-yar\u0131y\u0131l-kamp\u0131-4-500x500.jpg 500w, https:\/\/tdv.org\/tr-TR\/wp-content\/uploads\/2020\/01\/TDVden-30-ilde-1668-\u00f6\u011frenciye-yar\u0131y\u0131l-kamp\u0131-4-350x350.jpg 350w, https:\/\/tdv.org\/tr-TR\/wp-content\/uploads\/2020\/01\/TDVden-30-ilde-1668-\u00f6\u011frenciye-yar\u0131y\u0131l-kamp\u0131-4-1000x1000.jpg 1000w, https:\/\/tdv.org\/tr-TR\/wp-content\/uploads\/2020\/01\/TDVden-30-ilde-1668-\u00f6\u011frenciye-yar\u0131y\u0131l-kamp\u0131-4-800x800.jpg 800w\" sizes=\"(max-width: 150px) 100vw, 150px\" \/><\/a>\n\t\t\t<\/dt><\/dl><dl class='gallery-item'>\n\t\t\t<dt class='gallery-icon landscape'>\n\t\t\t\t<a href='https:\/\/tdv.org\/tr-TR\/wp-content\/uploads\/2020\/01\/TDVden-30-ilde-1668-\u00f6\u011frenciye-yar\u0131y\u0131l-kamp\u0131-3.jpg'><img decoding=\"async\" width=\"150\" height=\"150\" src=\"https:\/\/tdv.org\/tr-TR\/wp-content\/uploads\/2020\/01\/TDVden-30-ilde-1668-\u00f6\u011frenciye-yar\u0131y\u0131l-kamp\u0131-3-150x150.jpg\" class=\"attachment-thumbnail size-thumbnail\" alt=\"\" srcset=\"https:\/\/tdv.org\/tr-TR\/wp-content\/uploads\/2020\/01\/TDVden-30-ilde-1668-\u00f6\u011frenciye-yar\u0131y\u0131l-kamp\u0131-3-150x150.jpg 150w, https:\/\/tdv.org\/tr-TR\/wp-content\/uploads\/2020\/01\/TDVden-30-ilde-1668-\u00f6\u011frenciye-yar\u0131y\u0131l-kamp\u0131-3-100x100.jpg 100w, https:\/\/tdv.org\/tr-TR\/wp-content\/uploads\/2020\/01\/TDVden-30-ilde-1668-\u00f6\u011frenciye-yar\u0131y\u0131l-kamp\u0131-3-140x140.jpg 140w, https:\/\/tdv.org\/tr-TR\/wp-content\/uploads\/2020\/01\/TDVden-30-ilde-1668-\u00f6\u011frenciye-yar\u0131y\u0131l-kamp\u0131-3-500x500.jpg 500w, https:\/\/tdv.org\/tr-TR\/wp-content\/uploads\/2020\/01\/TDVden-30-ilde-1668-\u00f6\u011frenciye-yar\u0131y\u0131l-kamp\u0131-3-350x350.jpg 350w, https:\/\/tdv.org\/tr-TR\/wp-content\/uploads\/2020\/01\/TDVden-30-ilde-1668-\u00f6\u011frenciye-yar\u0131y\u0131l-kamp\u0131-3-1000x1000.jpg 1000w, https:\/\/tdv.org\/tr-TR\/wp-content\/uploads\/2020\/01\/TDVden-30-ilde-1668-\u00f6\u011frenciye-yar\u0131y\u0131l-kamp\u0131-3-800x800.jpg 800w\" sizes=\"(max-width: 150px) 100vw, 150px\" \/><\/a>\n\t\t\t<\/dt><\/dl><dl class='gallery-item'>\n\t\t\t<dt class='gallery-icon landscape'>\n\t\t\t\t<a href='https:\/\/tdv.org\/tr-TR\/wp-content\/uploads\/2020\/01\/TDVden-30-ilde-1668-\u00f6\u011frenciye-yar\u0131y\u0131l-kamp\u0131-1.jpg'><img decoding=\"async\" width=\"150\" height=\"150\" src=\"https:\/\/tdv.org\/tr-TR\/wp-content\/uploads\/2020\/01\/TDVden-30-ilde-1668-\u00f6\u011frenciye-yar\u0131y\u0131l-kamp\u0131-1-150x150.jpg\" class=\"attachment-thumbnail size-thumbnail\" alt=\"\" srcset=\"https:\/\/tdv.org\/tr-TR\/wp-content\/uploads\/2020\/01\/TDVden-30-ilde-1668-\u00f6\u011frenciye-yar\u0131y\u0131l-kamp\u0131-1-150x150.jpg 150w, https:\/\/tdv.org\/tr-TR\/wp-content\/uploads\/2020\/01\/TDVden-30-ilde-1668-\u00f6\u011frenciye-yar\u0131y\u0131l-kamp\u0131-1-100x100.jpg 100w, https:\/\/tdv.org\/tr-TR\/wp-content\/uploads\/2020\/01\/TDVden-30-ilde-1668-\u00f6\u011frenciye-yar\u0131y\u0131l-kamp\u0131-1-140x140.jpg 140w, https:\/\/tdv.org\/tr-TR\/wp-content\/uploads\/2020\/01\/TDVden-30-ilde-1668-\u00f6\u011frenciye-yar\u0131y\u0131l-kamp\u0131-1-500x500.jpg 500w, https:\/\/tdv.org\/tr-TR\/wp-content\/uploads\/2020\/01\/TDVden-30-ilde-1668-\u00f6\u011frenciye-yar\u0131y\u0131l-kamp\u0131-1-350x350.jpg 350w, https:\/\/tdv.org\/tr-TR\/wp-content\/uploads\/2020\/01\/TDVden-30-ilde-1668-\u00f6\u011frenciye-yar\u0131y\u0131l-kamp\u0131-1-1000x1000.jpg 1000w, https:\/\/tdv.org\/tr-TR\/wp-content\/uploads\/2020\/01\/TDVden-30-ilde-1668-\u00f6\u011frenciye-yar\u0131y\u0131l-kamp\u0131-1-800x800.jpg 800w\" sizes=\"(max-width: 150px) 100vw, 150px\" \/><\/a>\n\t\t\t<\/dt><\/dl><br style=\"clear: both\" \/>\n\t\t<\/div>\n\n","protected":false},"excerpt":{"rendered":"<p>T\u00fcrkiye Diyanet Vakf\u0131n\u0131n burs deste\u011fi sa\u011flad\u0131\u011f\u0131 \u00f6\u011frenciler, ki\u015fisel ve mesleki geli\u015fimlerine katk\u0131 sunmak, akademik ortamlar\u0131n\u0131 desteklemek amac\u0131yla d\u00fczenlenen yar\u0131y\u0131l kamplar\u0131nda bir araya geliyor. Vak\u0131f taraf\u0131ndan ger\u00e7ekle\u015ftirilen e\u011fitim programlar\u0131 kapsam\u0131nda yurt&#8230;<\/p>\n","protected":false},"author":7,"featured_media":6202,"comment_status":"open","ping_status":"closed","sticky":false,"template":"","format":"standard","meta":{"footnotes":""},"categories":[1],"tags":[484,135,485],"class_list":{"0":"post-6199","1":"post","2":"type-post","3":"status-publish","4":"format-standard","5":"has-post-thumbnail","7":"category-haberler","8":"tag-burs","9":"tag-egitim","10":"tag-yariyil-kampi"},"yoast_head":"<!-- This site is optimized with the Yoast SEO plugin v27.5 - https:\/\/yoast.com\/product\/yoast-seo-wordpress\/ -->\n<title>TDV&#039;den 30 ilde 1668 \u00f6\u011frenciye yar\u0131y\u0131l kamp\u0131<\/title>\n<meta name=\"description\" content=\"T\u00fcrkiye Diyanet Vakf\u0131n\u0131n burs deste\u011fi sa\u011flad\u0131\u011f\u0131 \u00f6\u011frenciler, ki\u015fisel ve mesleki geli\u015fimlerine katk\u0131 sunmak, akademik ortamlar\u0131n\u0131 desteklemek amac\u0131yla d\u00fczenlenen yar\u0131y\u0131l kamplar\u0131nda bir araya geliyor.\" \/>\n<meta name=\"robots\" content=\"index, follow, max-snippet:-1, max-image-preview:large, max-video-preview:-1\" \/>\n<link rel=\"canonical\" href=\"https:\/\/tdv.org\/tr-TR\/tdvden-30-ilde-1668-ogrenciye-yariyil-kampi\/\" \/>\n<meta property=\"og:locale\" content=\"tr_TR\" \/>\n<meta property=\"og:type\" content=\"article\" \/>\n<meta property=\"og:title\" content=\"TDV&#039;den 30 ilde 1668 \u00f6\u011frenciye yar\u0131y\u0131l kamp\u0131\" \/>\n<meta property=\"og:description\" content=\"T\u00fcrkiye Diyanet Vakf\u0131n\u0131n burs deste\u011fi sa\u011flad\u0131\u011f\u0131 \u00f6\u011frenciler, ki\u015fisel ve mesleki geli\u015fimlerine katk\u0131 sunmak, akademik ortamlar\u0131n\u0131 desteklemek amac\u0131yla d\u00fczenlenen yar\u0131y\u0131l kamplar\u0131nda bir araya geliyor.\" \/>\n<meta property=\"og:url\" content=\"https:\/\/tdv.org\/tr-TR\/tdvden-30-ilde-1668-ogrenciye-yariyil-kampi\/\" \/>\n<meta property=\"og:site_name\" content=\"T\u00fcrkiye Diyanet Vakf\u0131 Resmi Web Sitesi\" \/>\n<meta property=\"article:publisher\" content=\"https:\/\/www.facebook.com\/Diyanetvakfi\/\" \/>\n<meta property=\"article:published_time\" content=\"2020-01-21T12:05:07+00:00\" \/>\n<meta property=\"article:modified_time\" content=\"2023-04-04T08:09:10+00:00\" \/>\n<meta property=\"og:image\" content=\"https:\/\/tdv.org\/tr-TR\/wp-content\/uploads\/2020\/01\/TDVden-30-ilde-1668-\u00f6\u011frenciye-yar\u0131y\u0131l-kamp\u0131-3.jpg\" \/>\n\t<meta property=\"og:image:width\" content=\"1600\" \/>\n\t<meta property=\"og:image:height\" content=\"1200\" \/>\n\t<meta property=\"og:image:type\" content=\"image\/jpeg\" \/>\n<meta name=\"author\" content=\"U\u011fur\" \/>\n<meta name=\"twitter:card\" content=\"summary_large_image\" \/>\n<meta name=\"twitter:creator\" content=\"@DiyanetVakfi\" \/>\n<meta name=\"twitter:site\" content=\"@DiyanetVakfi\" \/>\n<script type=\"application\/ld+json\" class=\"yoast-schema-graph\">{\"@context\":\"https:\\\/\\\/schema.org\",\"@graph\":[{\"@type\":\"Article\",\"@id\":\"https:\\\/\\\/tdv.org\\\/tr-TR\\\/tdvden-30-ilde-1668-ogrenciye-yariyil-kampi\\\/#article\",\"isPartOf\":{\"@id\":\"https:\\\/\\\/tdv.org\\\/tr-TR\\\/tdvden-30-ilde-1668-ogrenciye-yariyil-kampi\\\/\"},\"author\":{\"name\":\"U\u011fur\",\"@id\":\"https:\\\/\\\/tdv.org\\\/tr-TR\\\/#\\\/schema\\\/person\\\/8dcf742852c4614c6fdadb92da159c05\"},\"headline\":\"TDV&#8217;den 30 ilde 1668 \u00f6\u011frenciye yar\u0131y\u0131l kamp\u0131\",\"datePublished\":\"2020-01-21T12:05:07+00:00\",\"dateModified\":\"2023-04-04T08:09:10+00:00\",\"mainEntityOfPage\":{\"@id\":\"https:\\\/\\\/tdv.org\\\/tr-TR\\\/tdvden-30-ilde-1668-ogrenciye-yariyil-kampi\\\/\"},\"wordCount\":474,\"commentCount\":0,\"publisher\":{\"@id\":\"https:\\\/\\\/tdv.org\\\/tr-TR\\\/#organization\"},\"image\":{\"@id\":\"https:\\\/\\\/tdv.org\\\/tr-TR\\\/tdvden-30-ilde-1668-ogrenciye-yariyil-kampi\\\/#primaryimage\"},\"thumbnailUrl\":\"https:\\\/\\\/tdv.org\\\/tr-TR\\\/wp-content\\\/uploads\\\/2020\\\/01\\\/TDVden-30-ilde-1668-\u00f6\u011frenciye-yar\u0131y\u0131l-kamp\u0131-3.jpg\",\"keywords\":[\"Burs\",\"e\u011fitim\",\"Yar\u0131y\u0131l Kamp\u0131\"],\"articleSection\":[\"Haberler\"],\"inLanguage\":\"tr\",\"potentialAction\":[{\"@type\":\"CommentAction\",\"name\":\"Comment\",\"target\":[\"https:\\\/\\\/tdv.org\\\/tr-TR\\\/tdvden-30-ilde-1668-ogrenciye-yariyil-kampi\\\/#respond\"]}]},{\"@type\":\"WebPage\",\"@id\":\"https:\\\/\\\/tdv.org\\\/tr-TR\\\/tdvden-30-ilde-1668-ogrenciye-yariyil-kampi\\\/\",\"url\":\"https:\\\/\\\/tdv.org\\\/tr-TR\\\/tdvden-30-ilde-1668-ogrenciye-yariyil-kampi\\\/\",\"name\":\"TDV'den 30 ilde 1668 \u00f6\u011frenciye yar\u0131y\u0131l kamp\u0131\",\"isPartOf\":{\"@id\":\"https:\\\/\\\/tdv.org\\\/tr-TR\\\/#website\"},\"primaryImageOfPage\":{\"@id\":\"https:\\\/\\\/tdv.org\\\/tr-TR\\\/tdvden-30-ilde-1668-ogrenciye-yariyil-kampi\\\/#primaryimage\"},\"image\":{\"@id\":\"https:\\\/\\\/tdv.org\\\/tr-TR\\\/tdvden-30-ilde-1668-ogrenciye-yariyil-kampi\\\/#primaryimage\"},\"thumbnailUrl\":\"https:\\\/\\\/tdv.org\\\/tr-TR\\\/wp-content\\\/uploads\\\/2020\\\/01\\\/TDVden-30-ilde-1668-\u00f6\u011frenciye-yar\u0131y\u0131l-kamp\u0131-3.jpg\",\"datePublished\":\"2020-01-21T12:05:07+00:00\",\"dateModified\":\"2023-04-04T08:09:10+00:00\",\"description\":\"T\u00fcrkiye Diyanet Vakf\u0131n\u0131n burs deste\u011fi sa\u011flad\u0131\u011f\u0131 \u00f6\u011frenciler, ki\u015fisel ve mesleki geli\u015fimlerine katk\u0131 sunmak, akademik ortamlar\u0131n\u0131 desteklemek amac\u0131yla d\u00fczenlenen yar\u0131y\u0131l kamplar\u0131nda bir araya geliyor.\",\"breadcrumb\":{\"@id\":\"https:\\\/\\\/tdv.org\\\/tr-TR\\\/tdvden-30-ilde-1668-ogrenciye-yariyil-kampi\\\/#breadcrumb\"},\"inLanguage\":\"tr\",\"potentialAction\":[{\"@type\":\"ReadAction\",\"target\":[\"https:\\\/\\\/tdv.org\\\/tr-TR\\\/tdvden-30-ilde-1668-ogrenciye-yariyil-kampi\\\/\"]}]},{\"@type\":\"ImageObject\",\"inLanguage\":\"tr\",\"@id\":\"https:\\\/\\\/tdv.org\\\/tr-TR\\\/tdvden-30-ilde-1668-ogrenciye-yariyil-kampi\\\/#primaryimage\",\"url\":\"https:\\\/\\\/tdv.org\\\/tr-TR\\\/wp-content\\\/uploads\\\/2020\\\/01\\\/TDVden-30-ilde-1668-\u00f6\u011frenciye-yar\u0131y\u0131l-kamp\u0131-3.jpg\",\"contentUrl\":\"https:\\\/\\\/tdv.org\\\/tr-TR\\\/wp-content\\\/uploads\\\/2020\\\/01\\\/TDVden-30-ilde-1668-\u00f6\u011frenciye-yar\u0131y\u0131l-kamp\u0131-3.jpg\",\"width\":1600,\"height\":1200},{\"@type\":\"BreadcrumbList\",\"@id\":\"https:\\\/\\\/tdv.org\\\/tr-TR\\\/tdvden-30-ilde-1668-ogrenciye-yariyil-kampi\\\/#breadcrumb\",\"itemListElement\":[{\"@type\":\"ListItem\",\"position\":1,\"name\":\"Anasayfa\",\"item\":\"https:\\\/\\\/tdv.org\\\/tr-TR\\\/\"},{\"@type\":\"ListItem\",\"position\":2,\"name\":\"TDV&#8217;den 30 ilde 1668 \u00f6\u011frenciye yar\u0131y\u0131l kamp\u0131\"}]},{\"@type\":\"WebSite\",\"@id\":\"https:\\\/\\\/tdv.org\\\/tr-TR\\\/#website\",\"url\":\"https:\\\/\\\/tdv.org\\\/tr-TR\\\/\",\"name\":\"T\u00fcrkiye Diyanet Vakf\u0131 Resmi Web Sitesi\",\"description\":\"Yery\u00fcz\u00fcnde iyilik egemen oluncaya kadar\",\"publisher\":{\"@id\":\"https:\\\/\\\/tdv.org\\\/tr-TR\\\/#organization\"},\"alternateName\":\"T\u00fcrkiye Diyanet Vakf\u0131\",\"potentialAction\":[{\"@type\":\"SearchAction\",\"target\":{\"@type\":\"EntryPoint\",\"urlTemplate\":\"https:\\\/\\\/tdv.org\\\/tr-TR\\\/?s={search_term_string}\"},\"query-input\":{\"@type\":\"PropertyValueSpecification\",\"valueRequired\":true,\"valueName\":\"search_term_string\"}}],\"inLanguage\":\"tr\"},{\"@type\":\"Organization\",\"@id\":\"https:\\\/\\\/tdv.org\\\/tr-TR\\\/#organization\",\"name\":\"T\u00fcrkiye Diyanet Vakf\u0131\",\"alternateName\":\"T\u00fcrkiye Diyanet Vakf\u0131\",\"url\":\"https:\\\/\\\/tdv.org\\\/tr-TR\\\/\",\"logo\":{\"@type\":\"ImageObject\",\"inLanguage\":\"tr\",\"@id\":\"https:\\\/\\\/tdv.org\\\/tr-TR\\\/#\\\/schema\\\/logo\\\/image\\\/\",\"url\":\"https:\\\/\\\/tdv.org\\\/tr-TR\\\/wp-content\\\/uploads\\\/2018\\\/12\\\/TDV_Logo_1.png\",\"contentUrl\":\"https:\\\/\\\/tdv.org\\\/tr-TR\\\/wp-content\\\/uploads\\\/2018\\\/12\\\/TDV_Logo_1.png\",\"width\":207,\"height\":71,\"caption\":\"T\u00fcrkiye Diyanet Vakf\u0131\"},\"image\":{\"@id\":\"https:\\\/\\\/tdv.org\\\/tr-TR\\\/#\\\/schema\\\/logo\\\/image\\\/\"},\"sameAs\":[\"https:\\\/\\\/www.facebook.com\\\/Diyanetvakfi\\\/\",\"https:\\\/\\\/x.com\\\/DiyanetVakfi\",\"https:\\\/\\\/www.instagram.com\\\/turkiyediyanetvakfi\\\/\",\"https:\\\/\\\/www.youtube.com\\\/user\\\/TurkiyeDiyanetVakfi\"]},{\"@type\":\"Person\",\"@id\":\"https:\\\/\\\/tdv.org\\\/tr-TR\\\/#\\\/schema\\\/person\\\/8dcf742852c4614c6fdadb92da159c05\",\"name\":\"U\u011fur\",\"image\":{\"@type\":\"ImageObject\",\"inLanguage\":\"tr\",\"@id\":\"https:\\\/\\\/tdv.org\\\/tr-TR\\\/wp-content\\\/litespeed\\\/avatar\\\/b970c0eba1124f8268544e2640bfa964.jpg?ver=1777289940\",\"url\":\"https:\\\/\\\/tdv.org\\\/tr-TR\\\/wp-content\\\/litespeed\\\/avatar\\\/b970c0eba1124f8268544e2640bfa964.jpg?ver=1777289940\",\"contentUrl\":\"https:\\\/\\\/tdv.org\\\/tr-TR\\\/wp-content\\\/litespeed\\\/avatar\\\/b970c0eba1124f8268544e2640bfa964.jpg?ver=1777289940\",\"caption\":\"U\u011fur\"}}]}<\/script>\n<!-- \/ Yoast SEO plugin. -->","yoast_head_json":{"title":"TDV'den 30 ilde 1668 \u00f6\u011frenciye yar\u0131y\u0131l kamp\u0131","description":"T\u00fcrkiye Diyanet Vakf\u0131n\u0131n burs deste\u011fi sa\u011flad\u0131\u011f\u0131 \u00f6\u011frenciler, ki\u015fisel ve mesleki geli\u015fimlerine katk\u0131 sunmak, akademik ortamlar\u0131n\u0131 desteklemek amac\u0131yla d\u00fczenlenen yar\u0131y\u0131l kamplar\u0131nda bir araya geliyor.","robots":{"index":"index","follow":"follow","max-snippet":"max-snippet:-1","max-image-preview":"max-image-preview:large","max-video-preview":"max-video-preview:-1"},"canonical":"https:\/\/tdv.org\/tr-TR\/tdvden-30-ilde-1668-ogrenciye-yariyil-kampi\/","og_locale":"tr_TR","og_type":"article","og_title":"TDV'den 30 ilde 1668 \u00f6\u011frenciye yar\u0131y\u0131l kamp\u0131","og_description":"T\u00fcrkiye Diyanet Vakf\u0131n\u0131n burs deste\u011fi sa\u011flad\u0131\u011f\u0131 \u00f6\u011frenciler, ki\u015fisel ve mesleki geli\u015fimlerine katk\u0131 sunmak, akademik ortamlar\u0131n\u0131 desteklemek amac\u0131yla d\u00fczenlenen yar\u0131y\u0131l kamplar\u0131nda bir araya geliyor.","og_url":"https:\/\/tdv.org\/tr-TR\/tdvden-30-ilde-1668-ogrenciye-yariyil-kampi\/","og_site_name":"T\u00fcrkiye Diyanet Vakf\u0131 Resmi Web Sitesi","article_publisher":"https:\/\/www.facebook.com\/Diyanetvakfi\/","article_published_time":"2020-01-21T12:05:07+00:00","article_modified_time":"2023-04-04T08:09:10+00:00","og_image":[{"width":1600,"height":1200,"url":"https:\/\/tdv.org\/tr-TR\/wp-content\/uploads\/2020\/01\/TDVden-30-ilde-1668-\u00f6\u011frenciye-yar\u0131y\u0131l-kamp\u0131-3.jpg","type":"image\/jpeg"}],"author":"U\u011fur","twitter_card":"summary_large_image","twitter_creator":"@DiyanetVakfi","twitter_site":"@DiyanetVakfi","schema":{"@context":"https:\/\/schema.org","@graph":[{"@type":"Article","@id":"https:\/\/tdv.org\/tr-TR\/tdvden-30-ilde-1668-ogrenciye-yariyil-kampi\/#article","isPartOf":{"@id":"https:\/\/tdv.org\/tr-TR\/tdvden-30-ilde-1668-ogrenciye-yariyil-kampi\/"},"author":{"name":"U\u011fur","@id":"https:\/\/tdv.org\/tr-TR\/#\/schema\/person\/8dcf742852c4614c6fdadb92da159c05"},"headline":"TDV&#8217;den 30 ilde 1668 \u00f6\u011frenciye yar\u0131y\u0131l kamp\u0131","datePublished":"2020-01-21T12:05:07+00:00","dateModified":"2023-04-04T08:09:10+00:00","mainEntityOfPage":{"@id":"https:\/\/tdv.org\/tr-TR\/tdvden-30-ilde-1668-ogrenciye-yariyil-kampi\/"},"wordCount":474,"commentCount":0,"publisher":{"@id":"https:\/\/tdv.org\/tr-TR\/#organization"},"image":{"@id":"https:\/\/tdv.org\/tr-TR\/tdvden-30-ilde-1668-ogrenciye-yariyil-kampi\/#primaryimage"},"thumbnailUrl":"https:\/\/tdv.org\/tr-TR\/wp-content\/uploads\/2020\/01\/TDVden-30-ilde-1668-\u00f6\u011frenciye-yar\u0131y\u0131l-kamp\u0131-3.jpg","keywords":["Burs","e\u011fitim","Yar\u0131y\u0131l Kamp\u0131"],"articleSection":["Haberler"],"inLanguage":"tr","potentialAction":[{"@type":"CommentAction","name":"Comment","target":["https:\/\/tdv.org\/tr-TR\/tdvden-30-ilde-1668-ogrenciye-yariyil-kampi\/#respond"]}]},{"@type":"WebPage","@id":"https:\/\/tdv.org\/tr-TR\/tdvden-30-ilde-1668-ogrenciye-yariyil-kampi\/","url":"https:\/\/tdv.org\/tr-TR\/tdvden-30-ilde-1668-ogrenciye-yariyil-kampi\/","name":"TDV'den 30 ilde 1668 \u00f6\u011frenciye yar\u0131y\u0131l kamp\u0131","isPartOf":{"@id":"https:\/\/tdv.org\/tr-TR\/#website"},"primaryImageOfPage":{"@id":"https:\/\/tdv.org\/tr-TR\/tdvden-30-ilde-1668-ogrenciye-yariyil-kampi\/#primaryimage"},"image":{"@id":"https:\/\/tdv.org\/tr-TR\/tdvden-30-ilde-1668-ogrenciye-yariyil-kampi\/#primaryimage"},"thumbnailUrl":"https:\/\/tdv.org\/tr-TR\/wp-content\/uploads\/2020\/01\/TDVden-30-ilde-1668-\u00f6\u011frenciye-yar\u0131y\u0131l-kamp\u0131-3.jpg","datePublished":"2020-01-21T12:05:07+00:00","dateModified":"2023-04-04T08:09:10+00:00","description":"T\u00fcrkiye Diyanet Vakf\u0131n\u0131n burs deste\u011fi sa\u011flad\u0131\u011f\u0131 \u00f6\u011frenciler, ki\u015fisel ve mesleki geli\u015fimlerine katk\u0131 sunmak, akademik ortamlar\u0131n\u0131 desteklemek amac\u0131yla d\u00fczenlenen yar\u0131y\u0131l kamplar\u0131nda bir araya geliyor.","breadcrumb":{"@id":"https:\/\/tdv.org\/tr-TR\/tdvden-30-ilde-1668-ogrenciye-yariyil-kampi\/#breadcrumb"},"inLanguage":"tr","potentialAction":[{"@type":"ReadAction","target":["https:\/\/tdv.org\/tr-TR\/tdvden-30-ilde-1668-ogrenciye-yariyil-kampi\/"]}]},{"@type":"ImageObject","inLanguage":"tr","@id":"https:\/\/tdv.org\/tr-TR\/tdvden-30-ilde-1668-ogrenciye-yariyil-kampi\/#primaryimage","url":"https:\/\/tdv.org\/tr-TR\/wp-content\/uploads\/2020\/01\/TDVden-30-ilde-1668-\u00f6\u011frenciye-yar\u0131y\u0131l-kamp\u0131-3.jpg","contentUrl":"https:\/\/tdv.org\/tr-TR\/wp-content\/uploads\/2020\/01\/TDVden-30-ilde-1668-\u00f6\u011frenciye-yar\u0131y\u0131l-kamp\u0131-3.jpg","width":1600,"height":1200},{"@type":"BreadcrumbList","@id":"https:\/\/tdv.org\/tr-TR\/tdvden-30-ilde-1668-ogrenciye-yariyil-kampi\/#breadcrumb","itemListElement":[{"@type":"ListItem","position":1,"name":"Anasayfa","item":"https:\/\/tdv.org\/tr-TR\/"},{"@type":"ListItem","position":2,"name":"TDV&#8217;den 30 ilde 1668 \u00f6\u011frenciye yar\u0131y\u0131l kamp\u0131"}]},{"@type":"WebSite","@id":"https:\/\/tdv.org\/tr-TR\/#website","url":"https:\/\/tdv.org\/tr-TR\/","name":"T\u00fcrkiye Diyanet Vakf\u0131 Resmi Web Sitesi","description":"Yery\u00fcz\u00fcnde iyilik egemen oluncaya kadar","publisher":{"@id":"https:\/\/tdv.org\/tr-TR\/#organization"},"alternateName":"T\u00fcrkiye Diyanet Vakf\u0131","potentialAction":[{"@type":"SearchAction","target":{"@type":"EntryPoint","urlTemplate":"https:\/\/tdv.org\/tr-TR\/?s={search_term_string}"},"query-input":{"@type":"PropertyValueSpecification","valueRequired":true,"valueName":"search_term_string"}}],"inLanguage":"tr"},{"@type":"Organization","@id":"https:\/\/tdv.org\/tr-TR\/#organization","name":"T\u00fcrkiye Diyanet Vakf\u0131","alternateName":"T\u00fcrkiye Diyanet Vakf\u0131","url":"https:\/\/tdv.org\/tr-TR\/","logo":{"@type":"ImageObject","inLanguage":"tr","@id":"https:\/\/tdv.org\/tr-TR\/#\/schema\/logo\/image\/","url":"https:\/\/tdv.org\/tr-TR\/wp-content\/uploads\/2018\/12\/TDV_Logo_1.png","contentUrl":"https:\/\/tdv.org\/tr-TR\/wp-content\/uploads\/2018\/12\/TDV_Logo_1.png","width":207,"height":71,"caption":"T\u00fcrkiye Diyanet Vakf\u0131"},"image":{"@id":"https:\/\/tdv.org\/tr-TR\/#\/schema\/logo\/image\/"},"sameAs":["https:\/\/www.facebook.com\/Diyanetvakfi\/","https:\/\/x.com\/DiyanetVakfi","https:\/\/www.instagram.com\/turkiyediyanetvakfi\/","https:\/\/www.youtube.com\/user\/TurkiyeDiyanetVakfi"]},{"@type":"Person","@id":"https:\/\/tdv.org\/tr-TR\/#\/schema\/person\/8dcf742852c4614c6fdadb92da159c05","name":"U\u011fur","image":{"@type":"ImageObject","inLanguage":"tr","@id":"https:\/\/tdv.org\/tr-TR\/wp-content\/litespeed\/avatar\/b970c0eba1124f8268544e2640bfa964.jpg?ver=1777289940","url":"https:\/\/tdv.org\/tr-TR\/wp-content\/litespeed\/avatar\/b970c0eba1124f8268544e2640bfa964.jpg?ver=1777289940","contentUrl":"https:\/\/tdv.org\/tr-TR\/wp-content\/litespeed\/avatar\/b970c0eba1124f8268544e2640bfa964.jpg?ver=1777289940","caption":"U\u011fur"}}]}},"_links":{"self":[{"href":"https:\/\/tdv.org\/tr-TR\/wp-json\/wp\/v2\/posts\/6199","targetHints":{"allow":["GET"]}}],"collection":[{"href":"https:\/\/tdv.org\/tr-TR\/wp-json\/wp\/v2\/posts"}],"about":[{"href":"https:\/\/tdv.org\/tr-TR\/wp-json\/wp\/v2\/types\/post"}],"author":[{"embeddable":true,"href":"https:\/\/tdv.org\/tr-TR\/wp-json\/wp\/v2\/users\/7"}],"replies":[{"embeddable":true,"href":"https:\/\/tdv.org\/tr-TR\/wp-json\/wp\/v2\/comments?post=6199"}],"version-history":[{"count":1,"href":"https:\/\/tdv.org\/tr-TR\/wp-json\/wp\/v2\/posts\/6199\/revisions"}],"predecessor-version":[{"id":31712,"href":"https:\/\/tdv.org\/tr-TR\/wp-json\/wp\/v2\/posts\/6199\/revisions\/31712"}],"wp:featuredmedia":[{"embeddable":true,"href":"https:\/\/tdv.org\/tr-TR\/wp-json\/wp\/v2\/media\/6202"}],"wp:attachment":[{"href":"https:\/\/tdv.org\/tr-TR\/wp-json\/wp\/v2\/media?parent=6199"}],"wp:term":[{"taxonomy":"category","embeddable":true,"href":"https:\/\/tdv.org\/tr-TR\/wp-json\/wp\/v2\/categories?post=6199"},{"taxonomy":"post_tag","embeddable":true,"href":"https:\/\/tdv.org\/tr-TR\/wp-json\/wp\/v2\/tags?post=6199"}],"curies":[{"name":"wp","href":"https:\/\/api.w.org\/{rel}","templated":true}]}}