{"id":6216,"date":"2020-01-21T17:00:56","date_gmt":"2020-01-21T14:00:56","guid":{"rendered":"https:\/\/tdv.org\/tr-TR\/?p=6216"},"modified":"2023-04-04T11:08:45","modified_gmt":"2023-04-04T08:08:45","slug":"tdvden-kuzey-makedonyali-gorme-engelli-gence-braille-alfabeli-hediye-kuran-i-kerim","status":"publish","type":"post","link":"https:\/\/tdv.org\/tr-TR\/tdvden-kuzey-makedonyali-gorme-engelli-gence-braille-alfabeli-hediye-kuran-i-kerim\/","title":{"rendered":"TDV&#8217;den Kuzey Makedonyal\u0131 g\u00f6rme engelli gence Braille alfabeli hediye Kur&#8217;an-\u0131 Kerim"},"content":{"rendered":"<p style=\"text-align: justify;\">T\u00fcrkiye Diyanet Vakf\u0131 (TDV) taraf\u0131ndan Kuzey Makedonya&#8217;n\u0131n kuzeybat\u0131s\u0131ndaki Gostivar&#8217;da ya\u015fayan 15 ya\u015f\u0131ndaki g\u00f6rme engelli Eliza Abdiya&#8217;ya Braille alfabesiyle yaz\u0131lm\u0131\u015f Kur&#8217;an-\u0131 Kerim hediye edildi.<\/p>\n<p style=\"text-align: justify;\">Gostivar M\u00fcft\u00fcl\u00fc\u011f\u00fcnde yap\u0131lan hediye takdimine, T\u00fcrkiye&#8217;nin \u00dcsk\u00fcp B\u00fcy\u00fckel\u00e7ili\u011fi Din Hizmetleri M\u00fc\u015faviri Murat Alkan ve Gostivar M\u00fcft\u00fcs\u00fc \u015eakir Fetahu da kat\u0131ld\u0131.<br \/>\nAlkan, g\u00f6rme engelli gencin, bundan sonra Braille alfabesiyle yaz\u0131lm\u0131\u015f Kur&#8217;an-\u0131 Kerim&#8217;i okuyacak olmas\u0131ndan duydu\u011fu mutlulu\u011fu dile getirdi.<br \/>\nKur&#8217;an-\u0131 Kerim okuman\u0131n \u00f6n\u00fcnde hi\u00e7bir engel olmad\u0131\u011f\u0131n\u0131 vurgulayan Alkan, &#8220;G\u00f6zler g\u00f6rmeyebilir, ama g\u00f6n\u00fcller k\u00f6r olmas\u0131n. Allah bizi g\u00f6n\u00fcl k\u00f6rl\u00fc\u011f\u00fcnden korusun ve engelli karde\u015flerimizin dezavantajl\u0131 b\u00fct\u00fcn y\u00f6nlerinde onlara yard\u0131mc\u0131 olabilmeyi hepimize nasip eylesin.&#8221; dedi.<\/p>\n<p style=\"text-align: justify;\">Gostivar M\u00fcft\u00fcs\u00fc Fetahu da bu \u00f6nemli hediye i\u00e7in TDV&#8217;ye ve Alkan&#8217;a te\u015fekk\u00fcr ederek, bug\u00fcn ayr\u0131cal\u0131kl\u0131 ve ola\u011fan\u00fcst\u00fc bir g\u00fcn ya\u015fad\u0131klar\u0131n\u0131 kaydetti.<\/p>\n<p style=\"text-align: justify;\">Abdiya&#8217;n\u0131n Kur&#8217;an-\u0131 Kerim okumak i\u00e7in g\u00f6sterdi\u011fi iradenin \u00e7ok b\u00fcy\u00fck oldu\u011funu s\u00f6yleyen Fetahu, &#8220;Kur&#8217;an okumay\u0131 \u00f6\u011frendi\u011finde, g\u00f6rme engelli insanlara da \u00f6rnek olacak. O ayn\u0131 zamanda, g\u00f6rme engeli olmayan bizlere de ola\u011fan\u00fcst\u00fc iradeyle her \u015feyin m\u00fcmk\u00fcn olabilece\u011fini g\u00f6steriyor.&#8221; dedi.<\/p>\n<p style=\"text-align: justify;\">Abdiya ise bir\u00e7ok kez, engeli olmad\u0131\u011f\u0131nda neler yapaca\u011f\u0131n\u0131 d\u00fc\u015f\u00fcnd\u00fc\u011f\u00fcn\u00fc anlatarak, &#8220;Akl\u0131ma ilk gelen, g\u00f6rmeye ba\u015flarsam yapaca\u011f\u0131m ilk \u015feyin Kur&#8217;an okumak olaca\u011f\u0131yd\u0131. Bug\u00fcn, benim de okuyabilece\u011fim Braille alfabeli Kur&#8217;an-\u0131 Kerim&#8217;i hediye ettikleri i\u00e7in \u00e7ok mutluyum. Bu b\u00fcy\u00fck hediye i\u00e7in \u00e7ok te\u015fekk\u00fcr ediyorum.&#8221; ifadelerini kulland\u0131.<\/p>\n<p>&nbsp;<\/p>\n\n\t\t<style type=\"text\/css\">\n\t\t\t#gallery-1 {\n\t\t\t\tmargin: auto;\n\t\t\t}\n\t\t\t#gallery-1 .gallery-item {\n\t\t\t\tfloat: left;\n\t\t\t\tmargin-top: 10px;\n\t\t\t\ttext-align: center;\n\t\t\t\twidth: 20%;\n\t\t\t}\n\t\t\t#gallery-1 img {\n\t\t\t\tborder: 2px solid #cfcfcf;\n\t\t\t}\n\t\t\t#gallery-1 .gallery-caption {\n\t\t\t\tmargin-left: 0;\n\t\t\t}\n\t\t\t\/* see gallery_shortcode() in wp-includes\/media.php *\/\n\t\t<\/style>\n\t\t<div id='gallery-1' class='gallery galleryid-6216 gallery-columns-5 gallery-size-thumbnail'><dl class='gallery-item'>\n\t\t\t<dt class='gallery-icon landscape'>\n\t\t\t\t<a href='https:\/\/tdv.org\/tr-TR\/wp-content\/uploads\/2020\/01\/20200121_2_40430870_51385948-Large.jpg'><img decoding=\"async\" width=\"150\" height=\"150\" src=\"https:\/\/tdv.org\/tr-TR\/wp-content\/uploads\/2020\/01\/20200121_2_40430870_51385948-Large-150x150.jpg\" class=\"attachment-thumbnail size-thumbnail\" alt=\"\" srcset=\"https:\/\/tdv.org\/tr-TR\/wp-content\/uploads\/2020\/01\/20200121_2_40430870_51385948-Large-150x150.jpg 150w, https:\/\/tdv.org\/tr-TR\/wp-content\/uploads\/2020\/01\/20200121_2_40430870_51385948-Large-100x100.jpg 100w, https:\/\/tdv.org\/tr-TR\/wp-content\/uploads\/2020\/01\/20200121_2_40430870_51385948-Large-140x140.jpg 140w, https:\/\/tdv.org\/tr-TR\/wp-content\/uploads\/2020\/01\/20200121_2_40430870_51385948-Large-500x500.jpg 500w, https:\/\/tdv.org\/tr-TR\/wp-content\/uploads\/2020\/01\/20200121_2_40430870_51385948-Large-350x350.jpg 350w, https:\/\/tdv.org\/tr-TR\/wp-content\/uploads\/2020\/01\/20200121_2_40430870_51385948-Large-1000x1000.jpg 1000w, https:\/\/tdv.org\/tr-TR\/wp-content\/uploads\/2020\/01\/20200121_2_40430870_51385948-Large-800x800.jpg 800w\" sizes=\"(max-width: 150px) 100vw, 150px\" \/><\/a>\n\t\t\t<\/dt><\/dl><dl class='gallery-item'>\n\t\t\t<dt class='gallery-icon landscape'>\n\t\t\t\t<a href='https:\/\/tdv.org\/tr-TR\/wp-content\/uploads\/2020\/01\/20200121_2_40430870_51385945-Large.jpg'><img decoding=\"async\" width=\"150\" height=\"150\" src=\"https:\/\/tdv.org\/tr-TR\/wp-content\/uploads\/2020\/01\/20200121_2_40430870_51385945-Large-150x150.jpg\" class=\"attachment-thumbnail size-thumbnail\" alt=\"\" srcset=\"https:\/\/tdv.org\/tr-TR\/wp-content\/uploads\/2020\/01\/20200121_2_40430870_51385945-Large-150x150.jpg 150w, https:\/\/tdv.org\/tr-TR\/wp-content\/uploads\/2020\/01\/20200121_2_40430870_51385945-Large-100x100.jpg 100w, https:\/\/tdv.org\/tr-TR\/wp-content\/uploads\/2020\/01\/20200121_2_40430870_51385945-Large-140x140.jpg 140w, https:\/\/tdv.org\/tr-TR\/wp-content\/uploads\/2020\/01\/20200121_2_40430870_51385945-Large-500x500.jpg 500w, https:\/\/tdv.org\/tr-TR\/wp-content\/uploads\/2020\/01\/20200121_2_40430870_51385945-Large-350x350.jpg 350w, https:\/\/tdv.org\/tr-TR\/wp-content\/uploads\/2020\/01\/20200121_2_40430870_51385945-Large-1000x1000.jpg 1000w, https:\/\/tdv.org\/tr-TR\/wp-content\/uploads\/2020\/01\/20200121_2_40430870_51385945-Large-800x800.jpg 800w\" sizes=\"(max-width: 150px) 100vw, 150px\" \/><\/a>\n\t\t\t<\/dt><\/dl><dl class='gallery-item'>\n\t\t\t<dt class='gallery-icon landscape'>\n\t\t\t\t<a href='https:\/\/tdv.org\/tr-TR\/wp-content\/uploads\/2020\/01\/20200121_2_40430870_51385942-Large.jpg'><img decoding=\"async\" width=\"150\" height=\"150\" src=\"https:\/\/tdv.org\/tr-TR\/wp-content\/uploads\/2020\/01\/20200121_2_40430870_51385942-Large-150x150.jpg\" class=\"attachment-thumbnail size-thumbnail\" alt=\"\" srcset=\"https:\/\/tdv.org\/tr-TR\/wp-content\/uploads\/2020\/01\/20200121_2_40430870_51385942-Large-150x150.jpg 150w, https:\/\/tdv.org\/tr-TR\/wp-content\/uploads\/2020\/01\/20200121_2_40430870_51385942-Large-100x100.jpg 100w, https:\/\/tdv.org\/tr-TR\/wp-content\/uploads\/2020\/01\/20200121_2_40430870_51385942-Large-140x140.jpg 140w, https:\/\/tdv.org\/tr-TR\/wp-content\/uploads\/2020\/01\/20200121_2_40430870_51385942-Large-500x500.jpg 500w, https:\/\/tdv.org\/tr-TR\/wp-content\/uploads\/2020\/01\/20200121_2_40430870_51385942-Large-350x350.jpg 350w, https:\/\/tdv.org\/tr-TR\/wp-content\/uploads\/2020\/01\/20200121_2_40430870_51385942-Large-1000x1000.jpg 1000w, https:\/\/tdv.org\/tr-TR\/wp-content\/uploads\/2020\/01\/20200121_2_40430870_51385942-Large-800x800.jpg 800w\" sizes=\"(max-width: 150px) 100vw, 150px\" \/><\/a>\n\t\t\t<\/dt><\/dl><dl class='gallery-item'>\n\t\t\t<dt class='gallery-icon landscape'>\n\t\t\t\t<a href='https:\/\/tdv.org\/tr-TR\/wp-content\/uploads\/2020\/01\/20200121_2_40430870_51385951-Large.jpg'><img decoding=\"async\" width=\"150\" height=\"150\" src=\"https:\/\/tdv.org\/tr-TR\/wp-content\/uploads\/2020\/01\/20200121_2_40430870_51385951-Large-150x150.jpg\" class=\"attachment-thumbnail size-thumbnail\" alt=\"\" srcset=\"https:\/\/tdv.org\/tr-TR\/wp-content\/uploads\/2020\/01\/20200121_2_40430870_51385951-Large-150x150.jpg 150w, https:\/\/tdv.org\/tr-TR\/wp-content\/uploads\/2020\/01\/20200121_2_40430870_51385951-Large-100x100.jpg 100w, https:\/\/tdv.org\/tr-TR\/wp-content\/uploads\/2020\/01\/20200121_2_40430870_51385951-Large-140x140.jpg 140w, https:\/\/tdv.org\/tr-TR\/wp-content\/uploads\/2020\/01\/20200121_2_40430870_51385951-Large-500x500.jpg 500w, https:\/\/tdv.org\/tr-TR\/wp-content\/uploads\/2020\/01\/20200121_2_40430870_51385951-Large-350x350.jpg 350w, https:\/\/tdv.org\/tr-TR\/wp-content\/uploads\/2020\/01\/20200121_2_40430870_51385951-Large-1000x1000.jpg 1000w, https:\/\/tdv.org\/tr-TR\/wp-content\/uploads\/2020\/01\/20200121_2_40430870_51385951-Large-800x800.jpg 800w\" sizes=\"(max-width: 150px) 100vw, 150px\" \/><\/a>\n\t\t\t<\/dt><\/dl><dl class='gallery-item'>\n\t\t\t<dt class='gallery-icon landscape'>\n\t\t\t\t<a href='https:\/\/tdv.org\/tr-TR\/wp-content\/uploads\/2020\/01\/20200121_2_40430870_51385953-Large.jpg'><img decoding=\"async\" width=\"150\" height=\"150\" src=\"https:\/\/tdv.org\/tr-TR\/wp-content\/uploads\/2020\/01\/20200121_2_40430870_51385953-Large-150x150.jpg\" class=\"attachment-thumbnail size-thumbnail\" alt=\"\" srcset=\"https:\/\/tdv.org\/tr-TR\/wp-content\/uploads\/2020\/01\/20200121_2_40430870_51385953-Large-150x150.jpg 150w, https:\/\/tdv.org\/tr-TR\/wp-content\/uploads\/2020\/01\/20200121_2_40430870_51385953-Large-100x100.jpg 100w, https:\/\/tdv.org\/tr-TR\/wp-content\/uploads\/2020\/01\/20200121_2_40430870_51385953-Large-140x140.jpg 140w, https:\/\/tdv.org\/tr-TR\/wp-content\/uploads\/2020\/01\/20200121_2_40430870_51385953-Large-500x500.jpg 500w, https:\/\/tdv.org\/tr-TR\/wp-content\/uploads\/2020\/01\/20200121_2_40430870_51385953-Large-350x350.jpg 350w, https:\/\/tdv.org\/tr-TR\/wp-content\/uploads\/2020\/01\/20200121_2_40430870_51385953-Large-1000x1000.jpg 1000w, https:\/\/tdv.org\/tr-TR\/wp-content\/uploads\/2020\/01\/20200121_2_40430870_51385953-Large-800x800.jpg 800w\" sizes=\"(max-width: 150px) 100vw, 150px\" \/><\/a>\n\t\t\t<\/dt><\/dl><br style=\"clear: both\" \/>\n\t\t<\/div>\n\n","protected":false},"excerpt":{"rendered":"<p>T\u00fcrkiye Diyanet Vakf\u0131 (TDV) taraf\u0131ndan Kuzey Makedonya&#8217;n\u0131n kuzeybat\u0131s\u0131ndaki Gostivar&#8217;da ya\u015fayan 15 ya\u015f\u0131ndaki g\u00f6rme engelli Eliza Abdiya&#8217;ya Braille alfabesiyle yaz\u0131lm\u0131\u015f Kur&#8217;an-\u0131 Kerim hediye edildi. Gostivar M\u00fcft\u00fcl\u00fc\u011f\u00fcnde yap\u0131lan hediye takdimine, T\u00fcrkiye&#8217;nin \u00dcsk\u00fcp&#8230;<\/p>\n","protected":false},"author":7,"featured_media":6217,"comment_status":"open","ping_status":"closed","sticky":false,"template":"","format":"standard","meta":{"footnotes":""},"categories":[1],"tags":[513,116,486,488],"class_list":{"0":"post-6216","1":"post","2":"type-post","3":"status-publish","4":"format-standard","5":"has-post-thumbnail","7":"category-haberler","8":"tag-braille","9":"tag-hediyem-kuran-olsun","10":"tag-makedonya","11":"tag-uskup"},"yoast_head":"<!-- This site is optimized with the Yoast SEO plugin v27.5 - https:\/\/yoast.com\/product\/yoast-seo-wordpress\/ -->\n<title>TDV&#039;den Kuzey Makedonyal\u0131 g\u00f6rme engelli gence Braille alfabeli hediye Kur&#039;an-\u0131 Kerim<\/title>\n<meta name=\"description\" content=\"T\u00fcrkiye Diyanet Vakf\u0131 (TDV) taraf\u0131ndan Kuzey Makedonya&#039;n\u0131n kuzeybat\u0131s\u0131ndaki Gostivar&#039;da ya\u015fayan 15 ya\u015f\u0131ndaki g\u00f6rme engelli Eliza Abdiya&#039;ya Braille alfabesiyle yaz\u0131lm\u0131\u015f Kur&#039;an-\u0131 Kerim hediye edildi.\" \/>\n<meta name=\"robots\" content=\"index, follow, max-snippet:-1, max-image-preview:large, max-video-preview:-1\" \/>\n<link rel=\"canonical\" href=\"https:\/\/tdv.org\/tr-TR\/tdvden-kuzey-makedonyali-gorme-engelli-gence-braille-alfabeli-hediye-kuran-i-kerim\/\" \/>\n<meta property=\"og:locale\" content=\"tr_TR\" \/>\n<meta property=\"og:type\" content=\"article\" \/>\n<meta property=\"og:title\" content=\"TDV&#039;den Kuzey Makedonyal\u0131 g\u00f6rme engelli gence Braille alfabeli hediye Kur&#039;an-\u0131 Kerim\" \/>\n<meta property=\"og:description\" content=\"T\u00fcrkiye Diyanet Vakf\u0131 (TDV) taraf\u0131ndan Kuzey Makedonya&#039;n\u0131n kuzeybat\u0131s\u0131ndaki Gostivar&#039;da ya\u015fayan 15 ya\u015f\u0131ndaki g\u00f6rme engelli Eliza Abdiya&#039;ya Braille alfabesiyle yaz\u0131lm\u0131\u015f Kur&#039;an-\u0131 Kerim hediye edildi.\" \/>\n<meta property=\"og:url\" content=\"https:\/\/tdv.org\/tr-TR\/tdvden-kuzey-makedonyali-gorme-engelli-gence-braille-alfabeli-hediye-kuran-i-kerim\/\" \/>\n<meta property=\"og:site_name\" content=\"T\u00fcrkiye Diyanet Vakf\u0131 Resmi Web Sitesi\" \/>\n<meta property=\"article:publisher\" content=\"https:\/\/www.facebook.com\/Diyanetvakfi\/\" \/>\n<meta property=\"article:published_time\" content=\"2020-01-21T14:00:56+00:00\" \/>\n<meta property=\"article:modified_time\" content=\"2023-04-04T08:08:45+00:00\" \/>\n<meta property=\"og:image\" content=\"https:\/\/tdv.org\/tr-TR\/wp-content\/uploads\/2020\/01\/20200121_2_40430870_51385948-Large.jpg\" \/>\n\t<meta property=\"og:image:width\" content=\"1620\" \/>\n\t<meta property=\"og:image:height\" content=\"1080\" \/>\n\t<meta property=\"og:image:type\" content=\"image\/jpeg\" \/>\n<meta name=\"author\" content=\"U\u011fur\" \/>\n<meta name=\"twitter:card\" content=\"summary_large_image\" \/>\n<meta name=\"twitter:creator\" content=\"@DiyanetVakfi\" \/>\n<meta name=\"twitter:site\" content=\"@DiyanetVakfi\" \/>\n<script type=\"application\/ld+json\" class=\"yoast-schema-graph\">{\"@context\":\"https:\\\/\\\/schema.org\",\"@graph\":[{\"@type\":\"Article\",\"@id\":\"https:\\\/\\\/tdv.org\\\/tr-TR\\\/tdvden-kuzey-makedonyali-gorme-engelli-gence-braille-alfabeli-hediye-kuran-i-kerim\\\/#article\",\"isPartOf\":{\"@id\":\"https:\\\/\\\/tdv.org\\\/tr-TR\\\/tdvden-kuzey-makedonyali-gorme-engelli-gence-braille-alfabeli-hediye-kuran-i-kerim\\\/\"},\"author\":{\"name\":\"U\u011fur\",\"@id\":\"https:\\\/\\\/tdv.org\\\/tr-TR\\\/#\\\/schema\\\/person\\\/8dcf742852c4614c6fdadb92da159c05\"},\"headline\":\"TDV&#8217;den Kuzey Makedonyal\u0131 g\u00f6rme engelli gence Braille alfabeli hediye Kur&#8217;an-\u0131 Kerim\",\"datePublished\":\"2020-01-21T14:00:56+00:00\",\"dateModified\":\"2023-04-04T08:08:45+00:00\",\"mainEntityOfPage\":{\"@id\":\"https:\\\/\\\/tdv.org\\\/tr-TR\\\/tdvden-kuzey-makedonyali-gorme-engelli-gence-braille-alfabeli-hediye-kuran-i-kerim\\\/\"},\"wordCount\":325,\"commentCount\":0,\"publisher\":{\"@id\":\"https:\\\/\\\/tdv.org\\\/tr-TR\\\/#organization\"},\"image\":{\"@id\":\"https:\\\/\\\/tdv.org\\\/tr-TR\\\/tdvden-kuzey-makedonyali-gorme-engelli-gence-braille-alfabeli-hediye-kuran-i-kerim\\\/#primaryimage\"},\"thumbnailUrl\":\"https:\\\/\\\/tdv.org\\\/tr-TR\\\/wp-content\\\/uploads\\\/2020\\\/01\\\/20200121_2_40430870_51385948-Large.jpg\",\"keywords\":[\"Braille\",\"Hediyem Kuran Olsun\",\"Makedonya\",\"\u00dcsk\u00fcp\"],\"articleSection\":[\"Haberler\"],\"inLanguage\":\"tr\",\"potentialAction\":[{\"@type\":\"CommentAction\",\"name\":\"Comment\",\"target\":[\"https:\\\/\\\/tdv.org\\\/tr-TR\\\/tdvden-kuzey-makedonyali-gorme-engelli-gence-braille-alfabeli-hediye-kuran-i-kerim\\\/#respond\"]}]},{\"@type\":\"WebPage\",\"@id\":\"https:\\\/\\\/tdv.org\\\/tr-TR\\\/tdvden-kuzey-makedonyali-gorme-engelli-gence-braille-alfabeli-hediye-kuran-i-kerim\\\/\",\"url\":\"https:\\\/\\\/tdv.org\\\/tr-TR\\\/tdvden-kuzey-makedonyali-gorme-engelli-gence-braille-alfabeli-hediye-kuran-i-kerim\\\/\",\"name\":\"TDV'den Kuzey Makedonyal\u0131 g\u00f6rme engelli gence Braille alfabeli hediye Kur'an-\u0131 Kerim\",\"isPartOf\":{\"@id\":\"https:\\\/\\\/tdv.org\\\/tr-TR\\\/#website\"},\"primaryImageOfPage\":{\"@id\":\"https:\\\/\\\/tdv.org\\\/tr-TR\\\/tdvden-kuzey-makedonyali-gorme-engelli-gence-braille-alfabeli-hediye-kuran-i-kerim\\\/#primaryimage\"},\"image\":{\"@id\":\"https:\\\/\\\/tdv.org\\\/tr-TR\\\/tdvden-kuzey-makedonyali-gorme-engelli-gence-braille-alfabeli-hediye-kuran-i-kerim\\\/#primaryimage\"},\"thumbnailUrl\":\"https:\\\/\\\/tdv.org\\\/tr-TR\\\/wp-content\\\/uploads\\\/2020\\\/01\\\/20200121_2_40430870_51385948-Large.jpg\",\"datePublished\":\"2020-01-21T14:00:56+00:00\",\"dateModified\":\"2023-04-04T08:08:45+00:00\",\"description\":\"T\u00fcrkiye Diyanet Vakf\u0131 (TDV) taraf\u0131ndan Kuzey Makedonya'n\u0131n kuzeybat\u0131s\u0131ndaki Gostivar'da ya\u015fayan 15 ya\u015f\u0131ndaki g\u00f6rme engelli Eliza Abdiya'ya Braille alfabesiyle yaz\u0131lm\u0131\u015f Kur'an-\u0131 Kerim hediye edildi.\",\"breadcrumb\":{\"@id\":\"https:\\\/\\\/tdv.org\\\/tr-TR\\\/tdvden-kuzey-makedonyali-gorme-engelli-gence-braille-alfabeli-hediye-kuran-i-kerim\\\/#breadcrumb\"},\"inLanguage\":\"tr\",\"potentialAction\":[{\"@type\":\"ReadAction\",\"target\":[\"https:\\\/\\\/tdv.org\\\/tr-TR\\\/tdvden-kuzey-makedonyali-gorme-engelli-gence-braille-alfabeli-hediye-kuran-i-kerim\\\/\"]}]},{\"@type\":\"ImageObject\",\"inLanguage\":\"tr\",\"@id\":\"https:\\\/\\\/tdv.org\\\/tr-TR\\\/tdvden-kuzey-makedonyali-gorme-engelli-gence-braille-alfabeli-hediye-kuran-i-kerim\\\/#primaryimage\",\"url\":\"https:\\\/\\\/tdv.org\\\/tr-TR\\\/wp-content\\\/uploads\\\/2020\\\/01\\\/20200121_2_40430870_51385948-Large.jpg\",\"contentUrl\":\"https:\\\/\\\/tdv.org\\\/tr-TR\\\/wp-content\\\/uploads\\\/2020\\\/01\\\/20200121_2_40430870_51385948-Large.jpg\",\"width\":1620,\"height\":1080},{\"@type\":\"BreadcrumbList\",\"@id\":\"https:\\\/\\\/tdv.org\\\/tr-TR\\\/tdvden-kuzey-makedonyali-gorme-engelli-gence-braille-alfabeli-hediye-kuran-i-kerim\\\/#breadcrumb\",\"itemListElement\":[{\"@type\":\"ListItem\",\"position\":1,\"name\":\"Anasayfa\",\"item\":\"https:\\\/\\\/tdv.org\\\/tr-TR\\\/\"},{\"@type\":\"ListItem\",\"position\":2,\"name\":\"TDV&#8217;den Kuzey Makedonyal\u0131 g\u00f6rme engelli gence Braille alfabeli hediye Kur&#8217;an-\u0131 Kerim\"}]},{\"@type\":\"WebSite\",\"@id\":\"https:\\\/\\\/tdv.org\\\/tr-TR\\\/#website\",\"url\":\"https:\\\/\\\/tdv.org\\\/tr-TR\\\/\",\"name\":\"T\u00fcrkiye Diyanet Vakf\u0131 Resmi Web Sitesi\",\"description\":\"Yery\u00fcz\u00fcnde iyilik egemen oluncaya kadar\",\"publisher\":{\"@id\":\"https:\\\/\\\/tdv.org\\\/tr-TR\\\/#organization\"},\"alternateName\":\"T\u00fcrkiye Diyanet Vakf\u0131\",\"potentialAction\":[{\"@type\":\"SearchAction\",\"target\":{\"@type\":\"EntryPoint\",\"urlTemplate\":\"https:\\\/\\\/tdv.org\\\/tr-TR\\\/?s={search_term_string}\"},\"query-input\":{\"@type\":\"PropertyValueSpecification\",\"valueRequired\":true,\"valueName\":\"search_term_string\"}}],\"inLanguage\":\"tr\"},{\"@type\":\"Organization\",\"@id\":\"https:\\\/\\\/tdv.org\\\/tr-TR\\\/#organization\",\"name\":\"T\u00fcrkiye Diyanet Vakf\u0131\",\"alternateName\":\"T\u00fcrkiye Diyanet Vakf\u0131\",\"url\":\"https:\\\/\\\/tdv.org\\\/tr-TR\\\/\",\"logo\":{\"@type\":\"ImageObject\",\"inLanguage\":\"tr\",\"@id\":\"https:\\\/\\\/tdv.org\\\/tr-TR\\\/#\\\/schema\\\/logo\\\/image\\\/\",\"url\":\"https:\\\/\\\/tdv.org\\\/tr-TR\\\/wp-content\\\/uploads\\\/2018\\\/12\\\/TDV_Logo_1.png\",\"contentUrl\":\"https:\\\/\\\/tdv.org\\\/tr-TR\\\/wp-content\\\/uploads\\\/2018\\\/12\\\/TDV_Logo_1.png\",\"width\":207,\"height\":71,\"caption\":\"T\u00fcrkiye Diyanet Vakf\u0131\"},\"image\":{\"@id\":\"https:\\\/\\\/tdv.org\\\/tr-TR\\\/#\\\/schema\\\/logo\\\/image\\\/\"},\"sameAs\":[\"https:\\\/\\\/www.facebook.com\\\/Diyanetvakfi\\\/\",\"https:\\\/\\\/x.com\\\/DiyanetVakfi\",\"https:\\\/\\\/www.instagram.com\\\/turkiyediyanetvakfi\\\/\",\"https:\\\/\\\/www.youtube.com\\\/user\\\/TurkiyeDiyanetVakfi\"]},{\"@type\":\"Person\",\"@id\":\"https:\\\/\\\/tdv.org\\\/tr-TR\\\/#\\\/schema\\\/person\\\/8dcf742852c4614c6fdadb92da159c05\",\"name\":\"U\u011fur\",\"image\":{\"@type\":\"ImageObject\",\"inLanguage\":\"tr\",\"@id\":\"https:\\\/\\\/tdv.org\\\/tr-TR\\\/wp-content\\\/litespeed\\\/avatar\\\/b970c0eba1124f8268544e2640bfa964.jpg?ver=1777289940\",\"url\":\"https:\\\/\\\/tdv.org\\\/tr-TR\\\/wp-content\\\/litespeed\\\/avatar\\\/b970c0eba1124f8268544e2640bfa964.jpg?ver=1777289940\",\"contentUrl\":\"https:\\\/\\\/tdv.org\\\/tr-TR\\\/wp-content\\\/litespeed\\\/avatar\\\/b970c0eba1124f8268544e2640bfa964.jpg?ver=1777289940\",\"caption\":\"U\u011fur\"}}]}<\/script>\n<!-- \/ Yoast SEO plugin. -->","yoast_head_json":{"title":"TDV'den Kuzey Makedonyal\u0131 g\u00f6rme engelli gence Braille alfabeli hediye Kur'an-\u0131 Kerim","description":"T\u00fcrkiye Diyanet Vakf\u0131 (TDV) taraf\u0131ndan Kuzey Makedonya'n\u0131n kuzeybat\u0131s\u0131ndaki Gostivar'da ya\u015fayan 15 ya\u015f\u0131ndaki g\u00f6rme engelli Eliza Abdiya'ya Braille alfabesiyle yaz\u0131lm\u0131\u015f Kur'an-\u0131 Kerim hediye edildi.","robots":{"index":"index","follow":"follow","max-snippet":"max-snippet:-1","max-image-preview":"max-image-preview:large","max-video-preview":"max-video-preview:-1"},"canonical":"https:\/\/tdv.org\/tr-TR\/tdvden-kuzey-makedonyali-gorme-engelli-gence-braille-alfabeli-hediye-kuran-i-kerim\/","og_locale":"tr_TR","og_type":"article","og_title":"TDV'den Kuzey Makedonyal\u0131 g\u00f6rme engelli gence Braille alfabeli hediye Kur'an-\u0131 Kerim","og_description":"T\u00fcrkiye Diyanet Vakf\u0131 (TDV) taraf\u0131ndan Kuzey Makedonya'n\u0131n kuzeybat\u0131s\u0131ndaki Gostivar'da ya\u015fayan 15 ya\u015f\u0131ndaki g\u00f6rme engelli Eliza Abdiya'ya Braille alfabesiyle yaz\u0131lm\u0131\u015f Kur'an-\u0131 Kerim hediye edildi.","og_url":"https:\/\/tdv.org\/tr-TR\/tdvden-kuzey-makedonyali-gorme-engelli-gence-braille-alfabeli-hediye-kuran-i-kerim\/","og_site_name":"T\u00fcrkiye Diyanet Vakf\u0131 Resmi Web Sitesi","article_publisher":"https:\/\/www.facebook.com\/Diyanetvakfi\/","article_published_time":"2020-01-21T14:00:56+00:00","article_modified_time":"2023-04-04T08:08:45+00:00","og_image":[{"width":1620,"height":1080,"url":"https:\/\/tdv.org\/tr-TR\/wp-content\/uploads\/2020\/01\/20200121_2_40430870_51385948-Large.jpg","type":"image\/jpeg"}],"author":"U\u011fur","twitter_card":"summary_large_image","twitter_creator":"@DiyanetVakfi","twitter_site":"@DiyanetVakfi","schema":{"@context":"https:\/\/schema.org","@graph":[{"@type":"Article","@id":"https:\/\/tdv.org\/tr-TR\/tdvden-kuzey-makedonyali-gorme-engelli-gence-braille-alfabeli-hediye-kuran-i-kerim\/#article","isPartOf":{"@id":"https:\/\/tdv.org\/tr-TR\/tdvden-kuzey-makedonyali-gorme-engelli-gence-braille-alfabeli-hediye-kuran-i-kerim\/"},"author":{"name":"U\u011fur","@id":"https:\/\/tdv.org\/tr-TR\/#\/schema\/person\/8dcf742852c4614c6fdadb92da159c05"},"headline":"TDV&#8217;den Kuzey Makedonyal\u0131 g\u00f6rme engelli gence Braille alfabeli hediye Kur&#8217;an-\u0131 Kerim","datePublished":"2020-01-21T14:00:56+00:00","dateModified":"2023-04-04T08:08:45+00:00","mainEntityOfPage":{"@id":"https:\/\/tdv.org\/tr-TR\/tdvden-kuzey-makedonyali-gorme-engelli-gence-braille-alfabeli-hediye-kuran-i-kerim\/"},"wordCount":325,"commentCount":0,"publisher":{"@id":"https:\/\/tdv.org\/tr-TR\/#organization"},"image":{"@id":"https:\/\/tdv.org\/tr-TR\/tdvden-kuzey-makedonyali-gorme-engelli-gence-braille-alfabeli-hediye-kuran-i-kerim\/#primaryimage"},"thumbnailUrl":"https:\/\/tdv.org\/tr-TR\/wp-content\/uploads\/2020\/01\/20200121_2_40430870_51385948-Large.jpg","keywords":["Braille","Hediyem Kuran Olsun","Makedonya","\u00dcsk\u00fcp"],"articleSection":["Haberler"],"inLanguage":"tr","potentialAction":[{"@type":"CommentAction","name":"Comment","target":["https:\/\/tdv.org\/tr-TR\/tdvden-kuzey-makedonyali-gorme-engelli-gence-braille-alfabeli-hediye-kuran-i-kerim\/#respond"]}]},{"@type":"WebPage","@id":"https:\/\/tdv.org\/tr-TR\/tdvden-kuzey-makedonyali-gorme-engelli-gence-braille-alfabeli-hediye-kuran-i-kerim\/","url":"https:\/\/tdv.org\/tr-TR\/tdvden-kuzey-makedonyali-gorme-engelli-gence-braille-alfabeli-hediye-kuran-i-kerim\/","name":"TDV'den Kuzey Makedonyal\u0131 g\u00f6rme engelli gence Braille alfabeli hediye Kur'an-\u0131 Kerim","isPartOf":{"@id":"https:\/\/tdv.org\/tr-TR\/#website"},"primaryImageOfPage":{"@id":"https:\/\/tdv.org\/tr-TR\/tdvden-kuzey-makedonyali-gorme-engelli-gence-braille-alfabeli-hediye-kuran-i-kerim\/#primaryimage"},"image":{"@id":"https:\/\/tdv.org\/tr-TR\/tdvden-kuzey-makedonyali-gorme-engelli-gence-braille-alfabeli-hediye-kuran-i-kerim\/#primaryimage"},"thumbnailUrl":"https:\/\/tdv.org\/tr-TR\/wp-content\/uploads\/2020\/01\/20200121_2_40430870_51385948-Large.jpg","datePublished":"2020-01-21T14:00:56+00:00","dateModified":"2023-04-04T08:08:45+00:00","description":"T\u00fcrkiye Diyanet Vakf\u0131 (TDV) taraf\u0131ndan Kuzey Makedonya'n\u0131n kuzeybat\u0131s\u0131ndaki Gostivar'da ya\u015fayan 15 ya\u015f\u0131ndaki g\u00f6rme engelli Eliza Abdiya'ya Braille alfabesiyle yaz\u0131lm\u0131\u015f Kur'an-\u0131 Kerim hediye edildi.","breadcrumb":{"@id":"https:\/\/tdv.org\/tr-TR\/tdvden-kuzey-makedonyali-gorme-engelli-gence-braille-alfabeli-hediye-kuran-i-kerim\/#breadcrumb"},"inLanguage":"tr","potentialAction":[{"@type":"ReadAction","target":["https:\/\/tdv.org\/tr-TR\/tdvden-kuzey-makedonyali-gorme-engelli-gence-braille-alfabeli-hediye-kuran-i-kerim\/"]}]},{"@type":"ImageObject","inLanguage":"tr","@id":"https:\/\/tdv.org\/tr-TR\/tdvden-kuzey-makedonyali-gorme-engelli-gence-braille-alfabeli-hediye-kuran-i-kerim\/#primaryimage","url":"https:\/\/tdv.org\/tr-TR\/wp-content\/uploads\/2020\/01\/20200121_2_40430870_51385948-Large.jpg","contentUrl":"https:\/\/tdv.org\/tr-TR\/wp-content\/uploads\/2020\/01\/20200121_2_40430870_51385948-Large.jpg","width":1620,"height":1080},{"@type":"BreadcrumbList","@id":"https:\/\/tdv.org\/tr-TR\/tdvden-kuzey-makedonyali-gorme-engelli-gence-braille-alfabeli-hediye-kuran-i-kerim\/#breadcrumb","itemListElement":[{"@type":"ListItem","position":1,"name":"Anasayfa","item":"https:\/\/tdv.org\/tr-TR\/"},{"@type":"ListItem","position":2,"name":"TDV&#8217;den Kuzey Makedonyal\u0131 g\u00f6rme engelli gence Braille alfabeli hediye Kur&#8217;an-\u0131 Kerim"}]},{"@type":"WebSite","@id":"https:\/\/tdv.org\/tr-TR\/#website","url":"https:\/\/tdv.org\/tr-TR\/","name":"T\u00fcrkiye Diyanet Vakf\u0131 Resmi Web Sitesi","description":"Yery\u00fcz\u00fcnde iyilik egemen oluncaya kadar","publisher":{"@id":"https:\/\/tdv.org\/tr-TR\/#organization"},"alternateName":"T\u00fcrkiye Diyanet Vakf\u0131","potentialAction":[{"@type":"SearchAction","target":{"@type":"EntryPoint","urlTemplate":"https:\/\/tdv.org\/tr-TR\/?s={search_term_string}"},"query-input":{"@type":"PropertyValueSpecification","valueRequired":true,"valueName":"search_term_string"}}],"inLanguage":"tr"},{"@type":"Organization","@id":"https:\/\/tdv.org\/tr-TR\/#organization","name":"T\u00fcrkiye Diyanet Vakf\u0131","alternateName":"T\u00fcrkiye Diyanet Vakf\u0131","url":"https:\/\/tdv.org\/tr-TR\/","logo":{"@type":"ImageObject","inLanguage":"tr","@id":"https:\/\/tdv.org\/tr-TR\/#\/schema\/logo\/image\/","url":"https:\/\/tdv.org\/tr-TR\/wp-content\/uploads\/2018\/12\/TDV_Logo_1.png","contentUrl":"https:\/\/tdv.org\/tr-TR\/wp-content\/uploads\/2018\/12\/TDV_Logo_1.png","width":207,"height":71,"caption":"T\u00fcrkiye Diyanet Vakf\u0131"},"image":{"@id":"https:\/\/tdv.org\/tr-TR\/#\/schema\/logo\/image\/"},"sameAs":["https:\/\/www.facebook.com\/Diyanetvakfi\/","https:\/\/x.com\/DiyanetVakfi","https:\/\/www.instagram.com\/turkiyediyanetvakfi\/","https:\/\/www.youtube.com\/user\/TurkiyeDiyanetVakfi"]},{"@type":"Person","@id":"https:\/\/tdv.org\/tr-TR\/#\/schema\/person\/8dcf742852c4614c6fdadb92da159c05","name":"U\u011fur","image":{"@type":"ImageObject","inLanguage":"tr","@id":"https:\/\/tdv.org\/tr-TR\/wp-content\/litespeed\/avatar\/b970c0eba1124f8268544e2640bfa964.jpg?ver=1777289940","url":"https:\/\/tdv.org\/tr-TR\/wp-content\/litespeed\/avatar\/b970c0eba1124f8268544e2640bfa964.jpg?ver=1777289940","contentUrl":"https:\/\/tdv.org\/tr-TR\/wp-content\/litespeed\/avatar\/b970c0eba1124f8268544e2640bfa964.jpg?ver=1777289940","caption":"U\u011fur"}}]}},"_links":{"self":[{"href":"https:\/\/tdv.org\/tr-TR\/wp-json\/wp\/v2\/posts\/6216","targetHints":{"allow":["GET"]}}],"collection":[{"href":"https:\/\/tdv.org\/tr-TR\/wp-json\/wp\/v2\/posts"}],"about":[{"href":"https:\/\/tdv.org\/tr-TR\/wp-json\/wp\/v2\/types\/post"}],"author":[{"embeddable":true,"href":"https:\/\/tdv.org\/tr-TR\/wp-json\/wp\/v2\/users\/7"}],"replies":[{"embeddable":true,"href":"https:\/\/tdv.org\/tr-TR\/wp-json\/wp\/v2\/comments?post=6216"}],"version-history":[{"count":1,"href":"https:\/\/tdv.org\/tr-TR\/wp-json\/wp\/v2\/posts\/6216\/revisions"}],"predecessor-version":[{"id":31711,"href":"https:\/\/tdv.org\/tr-TR\/wp-json\/wp\/v2\/posts\/6216\/revisions\/31711"}],"wp:featuredmedia":[{"embeddable":true,"href":"https:\/\/tdv.org\/tr-TR\/wp-json\/wp\/v2\/media\/6217"}],"wp:attachment":[{"href":"https:\/\/tdv.org\/tr-TR\/wp-json\/wp\/v2\/media?parent=6216"}],"wp:term":[{"taxonomy":"category","embeddable":true,"href":"https:\/\/tdv.org\/tr-TR\/wp-json\/wp\/v2\/categories?post=6216"},{"taxonomy":"post_tag","embeddable":true,"href":"https:\/\/tdv.org\/tr-TR\/wp-json\/wp\/v2\/tags?post=6216"}],"curies":[{"name":"wp","href":"https:\/\/api.w.org\/{rel}","templated":true}]}}