{"id":6300,"date":"2020-01-25T09:37:18","date_gmt":"2020-01-25T06:37:18","guid":{"rendered":"https:\/\/tdv.org\/tr-TR\/?p=6300"},"modified":"2023-04-04T11:07:00","modified_gmt":"2023-04-04T08:07:00","slug":"tdvden-elazig-ve-malatyadaki-depremzedelere-destek","status":"publish","type":"post","link":"https:\/\/tdv.org\/tr-TR\/tdvden-elazig-ve-malatyadaki-depremzedelere-destek\/","title":{"rendered":"TDV&#8217;den Elaz\u0131\u011f ve Malatya&#8217;daki depremzedelere destek"},"content":{"rendered":"<p style=\"text-align: justify;\">Elaz\u0131\u011f\u2019da meydana gelen 6,8 b\u00fcy\u00fckl\u00fc\u011f\u00fcndeki depremin ard\u0131ndan TDV ekipleri AFAD koordinesinde Elaz\u0131\u011f ve Malatya\u2019daki \u00e7al\u0131\u015fmalara dahil olmak \u00fczere Ankara, Kilis ve farkl\u0131 illerden yola \u00e7\u0131kt\u0131. Ayn\u0131 zamanda b\u00f6lgeye acil yard\u0131m malzemesi ve mobil a\u015fevi de TDV taraf\u0131ndan g\u00f6nderildi.<\/p>\n<p style=\"text-align: justify;\">Elaz\u0131\u011f&#8217;\u0131n Sivrice il\u00e7esinde 6,8 b\u00fcy\u00fckl\u00fc\u011f\u00fcnde deprem meydana geldi. Depremde ilk belirlemelere g\u00f6re 20 ki\u015fi hayat\u0131n\u0131 kaybederken binin \u00fczerinde ki\u015fi de yaraland\u0131. Arama kurtarma \u00e7al\u0131\u015fmalar\u0131 ise devam ediyor.<\/p>\n<p style=\"text-align: justify;\">Diyanet \u0130\u015fleri Ba\u015fkan\u0131 ve T\u00fcrkiye Diyanet Vakf\u0131 M\u00fctevelli Heyeti Ba\u015fkan\u0131 Prof. Dr. Ali Erba\u015f&#8217;\u0131n depremden hemen sonra yapm\u0131\u015f oldu\u011fu destek \u00e7a\u011fr\u0131s\u0131 ve depremzedeleri uygun olan camilerde bar\u0131nmas\u0131 i\u00e7in daveti \u00fczerine harekete ge\u00e7en T\u00fcrkiye Diyanet Vakf\u0131 da deprem haberini al\u0131r almaz genel merkez olmak \u00fczere Diyarbak\u0131r, Kilis ve depremin etkilendi\u011fi Elaz\u0131\u011f ve Malatyadaki m\u00fcft\u00fcl\u00fck ve \u015fubeler koordinesinde b\u00f6lgeye yard\u0131m \u00e7al\u0131\u015fmalar\u0131na ba\u015flad\u0131.<\/p>\n<p style=\"text-align: justify;\">T\u00fcrkiye Diyanet Vakf\u0131 ekipleri ilk olarak Diyarbak\u0131r ve Kilis b\u00f6lgesindeki lojistik depolar\u0131nda haz\u0131rlad\u0131\u011f\u0131 \u00e7ad\u0131r ve afet yard\u0131m malzemelerini Elaz\u0131\u011f ve Malatya&#8217;daki depremzedelere ula\u015ft\u0131rd\u0131. Ayr\u0131ca her g\u00fcn binlerce aileye hizmet verecek mobil a\u015fevini b\u00f6lgeye sevk eden TDV, \u00e7evre illerden b\u00f6lgeye yard\u0131m ula\u015ft\u0131rmak i\u00e7in acil yard\u0131m malzemesi haz\u0131rl\u0131klar\u0131n\u0131 s\u00fcrd\u00fcr\u00fcyor. Ankara, Kilis ve Diyarbak\u0131rdan yola \u00e7\u0131kan TDV insani yard\u0131m ekipleri ise deprem b\u00f6lgesinde ba\u015fta AFAD olmak \u00fczere Elaz\u0131\u011f \u0130l M\u00fcft\u00fcl\u00fc\u011f\u00fc, Malatya \u0130l M\u00fcft\u00fcl\u00fc\u011f\u00fc, il\u00e7e m\u00fcft\u00fcl\u00fckleri ve bu yerlerdeki TDV \u015fubeleriyle depremden etkilenen ma\u011fdur aielelere y\u00f6nelik desteklerini s\u00fcrd\u00fcrecek.<\/p>\n\n\t\t<style type=\"text\/css\">\n\t\t\t#gallery-1 {\n\t\t\t\tmargin: auto;\n\t\t\t}\n\t\t\t#gallery-1 .gallery-item {\n\t\t\t\tfloat: left;\n\t\t\t\tmargin-top: 10px;\n\t\t\t\ttext-align: center;\n\t\t\t\twidth: 33%;\n\t\t\t}\n\t\t\t#gallery-1 img {\n\t\t\t\tborder: 2px solid #cfcfcf;\n\t\t\t}\n\t\t\t#gallery-1 .gallery-caption {\n\t\t\t\tmargin-left: 0;\n\t\t\t}\n\t\t\t\/* see gallery_shortcode() in wp-includes\/media.php *\/\n\t\t<\/style>\n\t\t<div id='gallery-1' class='gallery galleryid-6300 gallery-columns-3 gallery-size-thumbnail'><dl class='gallery-item'>\n\t\t\t<dt class='gallery-icon landscape'>\n\t\t\t\t<a href='https:\/\/tdv.org\/tr-TR\/wp-content\/uploads\/2020\/01\/IMG-20200125-WA0010-e1579934683873.jpg'><img decoding=\"async\" width=\"150\" height=\"150\" src=\"https:\/\/tdv.org\/tr-TR\/wp-content\/uploads\/2020\/01\/IMG-20200125-WA0010-e1579934683873-150x150.jpg\" class=\"attachment-thumbnail size-thumbnail\" alt=\"\" srcset=\"https:\/\/tdv.org\/tr-TR\/wp-content\/uploads\/2020\/01\/IMG-20200125-WA0010-e1579934683873-150x150.jpg 150w, https:\/\/tdv.org\/tr-TR\/wp-content\/uploads\/2020\/01\/IMG-20200125-WA0010-e1579934683873-100x100.jpg 100w, https:\/\/tdv.org\/tr-TR\/wp-content\/uploads\/2020\/01\/IMG-20200125-WA0010-e1579934683873-140x140.jpg 140w, https:\/\/tdv.org\/tr-TR\/wp-content\/uploads\/2020\/01\/IMG-20200125-WA0010-e1579934683873-350x350.jpg 350w\" sizes=\"(max-width: 150px) 100vw, 150px\" \/><\/a>\n\t\t\t<\/dt><\/dl><dl class='gallery-item'>\n\t\t\t<dt class='gallery-icon portrait'>\n\t\t\t\t<a href='https:\/\/tdv.org\/tr-TR\/wp-content\/uploads\/2020\/01\/IMG-20200125-WA0014.jpg'><img decoding=\"async\" width=\"150\" height=\"150\" src=\"https:\/\/tdv.org\/tr-TR\/wp-content\/uploads\/2020\/01\/IMG-20200125-WA0014-150x150.jpg\" class=\"attachment-thumbnail size-thumbnail\" alt=\"\" srcset=\"https:\/\/tdv.org\/tr-TR\/wp-content\/uploads\/2020\/01\/IMG-20200125-WA0014-150x150.jpg 150w, https:\/\/tdv.org\/tr-TR\/wp-content\/uploads\/2020\/01\/IMG-20200125-WA0014-100x100.jpg 100w, https:\/\/tdv.org\/tr-TR\/wp-content\/uploads\/2020\/01\/IMG-20200125-WA0014-140x140.jpg 140w, https:\/\/tdv.org\/tr-TR\/wp-content\/uploads\/2020\/01\/IMG-20200125-WA0014-500x500.jpg 500w, https:\/\/tdv.org\/tr-TR\/wp-content\/uploads\/2020\/01\/IMG-20200125-WA0014-350x350.jpg 350w\" sizes=\"(max-width: 150px) 100vw, 150px\" \/><\/a>\n\t\t\t<\/dt><\/dl><dl class='gallery-item'>\n\t\t\t<dt class='gallery-icon portrait'>\n\t\t\t\t<a href='https:\/\/tdv.org\/tr-TR\/wp-content\/uploads\/2020\/01\/IMG-20200125-WA0013.jpg'><img decoding=\"async\" width=\"150\" height=\"150\" src=\"https:\/\/tdv.org\/tr-TR\/wp-content\/uploads\/2020\/01\/IMG-20200125-WA0013-150x150.jpg\" class=\"attachment-thumbnail size-thumbnail\" alt=\"\" srcset=\"https:\/\/tdv.org\/tr-TR\/wp-content\/uploads\/2020\/01\/IMG-20200125-WA0013-150x150.jpg 150w, https:\/\/tdv.org\/tr-TR\/wp-content\/uploads\/2020\/01\/IMG-20200125-WA0013-100x100.jpg 100w, https:\/\/tdv.org\/tr-TR\/wp-content\/uploads\/2020\/01\/IMG-20200125-WA0013-140x140.jpg 140w, https:\/\/tdv.org\/tr-TR\/wp-content\/uploads\/2020\/01\/IMG-20200125-WA0013-500x500.jpg 500w, https:\/\/tdv.org\/tr-TR\/wp-content\/uploads\/2020\/01\/IMG-20200125-WA0013-350x350.jpg 350w\" sizes=\"(max-width: 150px) 100vw, 150px\" \/><\/a>\n\t\t\t<\/dt><\/dl><br style=\"clear: both\" \/>\n\t\t<\/div>\n\n","protected":false},"excerpt":{"rendered":"<p>Elaz\u0131\u011f\u2019da meydana gelen 6,8 b\u00fcy\u00fckl\u00fc\u011f\u00fcndeki depremin ard\u0131ndan TDV ekipleri AFAD koordinesinde Elaz\u0131\u011f ve Malatya\u2019daki \u00e7al\u0131\u015fmalara dahil olmak \u00fczere Ankara, Kilis ve farkl\u0131 illerden yola \u00e7\u0131kt\u0131. Ayn\u0131 zamanda b\u00f6lgeye acil yard\u0131m&#8230;<\/p>\n","protected":false},"author":7,"featured_media":6304,"comment_status":"open","ping_status":"closed","sticky":false,"template":"","format":"standard","meta":{"footnotes":""},"categories":[1],"tags":[522,523,526,504,521,525,479,524],"class_list":{"0":"post-6300","1":"post","2":"type-post","3":"status-publish","4":"format-standard","5":"has-post-thumbnail","7":"category-haberler","8":"tag-acil-insani-yardim","9":"tag-arama-kurtarma","10":"tag-barinma","11":"tag-deprem","12":"tag-elazig","13":"tag-gida-yardimi","14":"tag-malatya","15":"tag-mobil-mutfak"},"yoast_head":"<!-- This site is optimized with the Yoast SEO plugin v27.5 - https:\/\/yoast.com\/product\/yoast-seo-wordpress\/ -->\n<title>TDV&#039;den Elaz\u0131\u011f ve Malatya&#039;daki depremzedelere destek<\/title>\n<meta name=\"description\" content=\"Elaz\u0131\u011f\u2019da meydana gelen 6,8 b\u00fcy\u00fckl\u00fc\u011f\u00fcndeki depremin ard\u0131ndan TDV ekipleri AFAD koordinesinde Elaz\u0131\u011f ve Malatya\u2019daki \u00e7al\u0131\u015fmalara dahil olmak \u00fczere Ankara, Kilis ve farkl\u0131 illerden yola \u00e7\u0131kt\u0131.\" \/>\n<meta name=\"robots\" content=\"index, follow, max-snippet:-1, max-image-preview:large, max-video-preview:-1\" \/>\n<link rel=\"canonical\" href=\"https:\/\/tdv.org\/tr-TR\/tdvden-elazig-ve-malatyadaki-depremzedelere-destek\/\" \/>\n<meta property=\"og:locale\" content=\"tr_TR\" \/>\n<meta property=\"og:type\" content=\"article\" \/>\n<meta property=\"og:title\" content=\"TDV&#039;den Elaz\u0131\u011f ve Malatya&#039;daki depremzedelere destek\" \/>\n<meta property=\"og:description\" content=\"Elaz\u0131\u011f\u2019da meydana gelen 6,8 b\u00fcy\u00fckl\u00fc\u011f\u00fcndeki depremin ard\u0131ndan TDV ekipleri AFAD koordinesinde Elaz\u0131\u011f ve Malatya\u2019daki \u00e7al\u0131\u015fmalara dahil olmak \u00fczere Ankara, Kilis ve farkl\u0131 illerden yola \u00e7\u0131kt\u0131.\" \/>\n<meta property=\"og:url\" content=\"https:\/\/tdv.org\/tr-TR\/tdvden-elazig-ve-malatyadaki-depremzedelere-destek\/\" \/>\n<meta property=\"og:site_name\" content=\"T\u00fcrkiye Diyanet Vakf\u0131 Resmi Web Sitesi\" \/>\n<meta property=\"article:publisher\" content=\"https:\/\/www.facebook.com\/Diyanetvakfi\/\" \/>\n<meta property=\"article:published_time\" content=\"2020-01-25T06:37:18+00:00\" \/>\n<meta property=\"article:modified_time\" content=\"2023-04-04T08:07:00+00:00\" \/>\n<meta property=\"og:image\" content=\"https:\/\/tdv.org\/tr-TR\/wp-content\/uploads\/2020\/01\/IMG-20200125-WA0010-e1579934683873.jpg\" \/>\n\t<meta property=\"og:image:width\" content=\"696\" \/>\n\t<meta property=\"og:image:height\" content=\"416\" \/>\n\t<meta property=\"og:image:type\" content=\"image\/jpeg\" \/>\n<meta name=\"author\" content=\"U\u011fur\" \/>\n<meta name=\"twitter:card\" content=\"summary_large_image\" \/>\n<meta name=\"twitter:creator\" content=\"@DiyanetVakfi\" \/>\n<meta name=\"twitter:site\" content=\"@DiyanetVakfi\" \/>\n<script type=\"application\/ld+json\" class=\"yoast-schema-graph\">{\"@context\":\"https:\\\/\\\/schema.org\",\"@graph\":[{\"@type\":\"Article\",\"@id\":\"https:\\\/\\\/tdv.org\\\/tr-TR\\\/tdvden-elazig-ve-malatyadaki-depremzedelere-destek\\\/#article\",\"isPartOf\":{\"@id\":\"https:\\\/\\\/tdv.org\\\/tr-TR\\\/tdvden-elazig-ve-malatyadaki-depremzedelere-destek\\\/\"},\"author\":{\"name\":\"U\u011fur\",\"@id\":\"https:\\\/\\\/tdv.org\\\/tr-TR\\\/#\\\/schema\\\/person\\\/8dcf742852c4614c6fdadb92da159c05\"},\"headline\":\"TDV&#8217;den Elaz\u0131\u011f ve Malatya&#8217;daki depremzedelere destek\",\"datePublished\":\"2020-01-25T06:37:18+00:00\",\"dateModified\":\"2023-04-04T08:07:00+00:00\",\"mainEntityOfPage\":{\"@id\":\"https:\\\/\\\/tdv.org\\\/tr-TR\\\/tdvden-elazig-ve-malatyadaki-depremzedelere-destek\\\/\"},\"wordCount\":305,\"commentCount\":0,\"publisher\":{\"@id\":\"https:\\\/\\\/tdv.org\\\/tr-TR\\\/#organization\"},\"image\":{\"@id\":\"https:\\\/\\\/tdv.org\\\/tr-TR\\\/tdvden-elazig-ve-malatyadaki-depremzedelere-destek\\\/#primaryimage\"},\"thumbnailUrl\":\"https:\\\/\\\/tdv.org\\\/tr-TR\\\/wp-content\\\/uploads\\\/2020\\\/01\\\/IMG-20200125-WA0010-e1579934683873.jpg\",\"keywords\":[\"acil insani yard\u0131m\",\"arama kurtarma\",\"bar\u0131nma\",\"Deprem\",\"Elaz\u0131\u011f\",\"g\u0131da yard\u0131m\u0131\",\"Malatya\",\"mobil mutfak\"],\"articleSection\":[\"Haberler\"],\"inLanguage\":\"tr\",\"potentialAction\":[{\"@type\":\"CommentAction\",\"name\":\"Comment\",\"target\":[\"https:\\\/\\\/tdv.org\\\/tr-TR\\\/tdvden-elazig-ve-malatyadaki-depremzedelere-destek\\\/#respond\"]}]},{\"@type\":\"WebPage\",\"@id\":\"https:\\\/\\\/tdv.org\\\/tr-TR\\\/tdvden-elazig-ve-malatyadaki-depremzedelere-destek\\\/\",\"url\":\"https:\\\/\\\/tdv.org\\\/tr-TR\\\/tdvden-elazig-ve-malatyadaki-depremzedelere-destek\\\/\",\"name\":\"TDV'den Elaz\u0131\u011f ve Malatya'daki depremzedelere destek\",\"isPartOf\":{\"@id\":\"https:\\\/\\\/tdv.org\\\/tr-TR\\\/#website\"},\"primaryImageOfPage\":{\"@id\":\"https:\\\/\\\/tdv.org\\\/tr-TR\\\/tdvden-elazig-ve-malatyadaki-depremzedelere-destek\\\/#primaryimage\"},\"image\":{\"@id\":\"https:\\\/\\\/tdv.org\\\/tr-TR\\\/tdvden-elazig-ve-malatyadaki-depremzedelere-destek\\\/#primaryimage\"},\"thumbnailUrl\":\"https:\\\/\\\/tdv.org\\\/tr-TR\\\/wp-content\\\/uploads\\\/2020\\\/01\\\/IMG-20200125-WA0010-e1579934683873.jpg\",\"datePublished\":\"2020-01-25T06:37:18+00:00\",\"dateModified\":\"2023-04-04T08:07:00+00:00\",\"description\":\"Elaz\u0131\u011f\u2019da meydana gelen 6,8 b\u00fcy\u00fckl\u00fc\u011f\u00fcndeki depremin ard\u0131ndan TDV ekipleri AFAD koordinesinde Elaz\u0131\u011f ve Malatya\u2019daki \u00e7al\u0131\u015fmalara dahil olmak \u00fczere Ankara, Kilis ve farkl\u0131 illerden yola \u00e7\u0131kt\u0131.\",\"breadcrumb\":{\"@id\":\"https:\\\/\\\/tdv.org\\\/tr-TR\\\/tdvden-elazig-ve-malatyadaki-depremzedelere-destek\\\/#breadcrumb\"},\"inLanguage\":\"tr\",\"potentialAction\":[{\"@type\":\"ReadAction\",\"target\":[\"https:\\\/\\\/tdv.org\\\/tr-TR\\\/tdvden-elazig-ve-malatyadaki-depremzedelere-destek\\\/\"]}]},{\"@type\":\"ImageObject\",\"inLanguage\":\"tr\",\"@id\":\"https:\\\/\\\/tdv.org\\\/tr-TR\\\/tdvden-elazig-ve-malatyadaki-depremzedelere-destek\\\/#primaryimage\",\"url\":\"https:\\\/\\\/tdv.org\\\/tr-TR\\\/wp-content\\\/uploads\\\/2020\\\/01\\\/IMG-20200125-WA0010-e1579934683873.jpg\",\"contentUrl\":\"https:\\\/\\\/tdv.org\\\/tr-TR\\\/wp-content\\\/uploads\\\/2020\\\/01\\\/IMG-20200125-WA0010-e1579934683873.jpg\",\"width\":696,\"height\":416},{\"@type\":\"BreadcrumbList\",\"@id\":\"https:\\\/\\\/tdv.org\\\/tr-TR\\\/tdvden-elazig-ve-malatyadaki-depremzedelere-destek\\\/#breadcrumb\",\"itemListElement\":[{\"@type\":\"ListItem\",\"position\":1,\"name\":\"Anasayfa\",\"item\":\"https:\\\/\\\/tdv.org\\\/tr-TR\\\/\"},{\"@type\":\"ListItem\",\"position\":2,\"name\":\"TDV&#8217;den Elaz\u0131\u011f ve Malatya&#8217;daki depremzedelere destek\"}]},{\"@type\":\"WebSite\",\"@id\":\"https:\\\/\\\/tdv.org\\\/tr-TR\\\/#website\",\"url\":\"https:\\\/\\\/tdv.org\\\/tr-TR\\\/\",\"name\":\"T\u00fcrkiye Diyanet Vakf\u0131 Resmi Web Sitesi\",\"description\":\"Yery\u00fcz\u00fcnde iyilik egemen oluncaya kadar\",\"publisher\":{\"@id\":\"https:\\\/\\\/tdv.org\\\/tr-TR\\\/#organization\"},\"alternateName\":\"T\u00fcrkiye Diyanet Vakf\u0131\",\"potentialAction\":[{\"@type\":\"SearchAction\",\"target\":{\"@type\":\"EntryPoint\",\"urlTemplate\":\"https:\\\/\\\/tdv.org\\\/tr-TR\\\/?s={search_term_string}\"},\"query-input\":{\"@type\":\"PropertyValueSpecification\",\"valueRequired\":true,\"valueName\":\"search_term_string\"}}],\"inLanguage\":\"tr\"},{\"@type\":\"Organization\",\"@id\":\"https:\\\/\\\/tdv.org\\\/tr-TR\\\/#organization\",\"name\":\"T\u00fcrkiye Diyanet Vakf\u0131\",\"alternateName\":\"T\u00fcrkiye Diyanet Vakf\u0131\",\"url\":\"https:\\\/\\\/tdv.org\\\/tr-TR\\\/\",\"logo\":{\"@type\":\"ImageObject\",\"inLanguage\":\"tr\",\"@id\":\"https:\\\/\\\/tdv.org\\\/tr-TR\\\/#\\\/schema\\\/logo\\\/image\\\/\",\"url\":\"https:\\\/\\\/tdv.org\\\/tr-TR\\\/wp-content\\\/uploads\\\/2018\\\/12\\\/TDV_Logo_1.png\",\"contentUrl\":\"https:\\\/\\\/tdv.org\\\/tr-TR\\\/wp-content\\\/uploads\\\/2018\\\/12\\\/TDV_Logo_1.png\",\"width\":207,\"height\":71,\"caption\":\"T\u00fcrkiye Diyanet Vakf\u0131\"},\"image\":{\"@id\":\"https:\\\/\\\/tdv.org\\\/tr-TR\\\/#\\\/schema\\\/logo\\\/image\\\/\"},\"sameAs\":[\"https:\\\/\\\/www.facebook.com\\\/Diyanetvakfi\\\/\",\"https:\\\/\\\/x.com\\\/DiyanetVakfi\",\"https:\\\/\\\/www.instagram.com\\\/turkiyediyanetvakfi\\\/\",\"https:\\\/\\\/www.youtube.com\\\/user\\\/TurkiyeDiyanetVakfi\"]},{\"@type\":\"Person\",\"@id\":\"https:\\\/\\\/tdv.org\\\/tr-TR\\\/#\\\/schema\\\/person\\\/8dcf742852c4614c6fdadb92da159c05\",\"name\":\"U\u011fur\",\"image\":{\"@type\":\"ImageObject\",\"inLanguage\":\"tr\",\"@id\":\"https:\\\/\\\/tdv.org\\\/tr-TR\\\/wp-content\\\/litespeed\\\/avatar\\\/b970c0eba1124f8268544e2640bfa964.jpg?ver=1777289940\",\"url\":\"https:\\\/\\\/tdv.org\\\/tr-TR\\\/wp-content\\\/litespeed\\\/avatar\\\/b970c0eba1124f8268544e2640bfa964.jpg?ver=1777289940\",\"contentUrl\":\"https:\\\/\\\/tdv.org\\\/tr-TR\\\/wp-content\\\/litespeed\\\/avatar\\\/b970c0eba1124f8268544e2640bfa964.jpg?ver=1777289940\",\"caption\":\"U\u011fur\"}}]}<\/script>\n<!-- \/ Yoast SEO plugin. -->","yoast_head_json":{"title":"TDV'den Elaz\u0131\u011f ve Malatya'daki depremzedelere destek","description":"Elaz\u0131\u011f\u2019da meydana gelen 6,8 b\u00fcy\u00fckl\u00fc\u011f\u00fcndeki depremin ard\u0131ndan TDV ekipleri AFAD koordinesinde Elaz\u0131\u011f ve Malatya\u2019daki \u00e7al\u0131\u015fmalara dahil olmak \u00fczere Ankara, Kilis ve farkl\u0131 illerden yola \u00e7\u0131kt\u0131.","robots":{"index":"index","follow":"follow","max-snippet":"max-snippet:-1","max-image-preview":"max-image-preview:large","max-video-preview":"max-video-preview:-1"},"canonical":"https:\/\/tdv.org\/tr-TR\/tdvden-elazig-ve-malatyadaki-depremzedelere-destek\/","og_locale":"tr_TR","og_type":"article","og_title":"TDV'den Elaz\u0131\u011f ve Malatya'daki depremzedelere destek","og_description":"Elaz\u0131\u011f\u2019da meydana gelen 6,8 b\u00fcy\u00fckl\u00fc\u011f\u00fcndeki depremin ard\u0131ndan TDV ekipleri AFAD koordinesinde Elaz\u0131\u011f ve Malatya\u2019daki \u00e7al\u0131\u015fmalara dahil olmak \u00fczere Ankara, Kilis ve farkl\u0131 illerden yola \u00e7\u0131kt\u0131.","og_url":"https:\/\/tdv.org\/tr-TR\/tdvden-elazig-ve-malatyadaki-depremzedelere-destek\/","og_site_name":"T\u00fcrkiye Diyanet Vakf\u0131 Resmi Web Sitesi","article_publisher":"https:\/\/www.facebook.com\/Diyanetvakfi\/","article_published_time":"2020-01-25T06:37:18+00:00","article_modified_time":"2023-04-04T08:07:00+00:00","og_image":[{"width":696,"height":416,"url":"https:\/\/tdv.org\/tr-TR\/wp-content\/uploads\/2020\/01\/IMG-20200125-WA0010-e1579934683873.jpg","type":"image\/jpeg"}],"author":"U\u011fur","twitter_card":"summary_large_image","twitter_creator":"@DiyanetVakfi","twitter_site":"@DiyanetVakfi","schema":{"@context":"https:\/\/schema.org","@graph":[{"@type":"Article","@id":"https:\/\/tdv.org\/tr-TR\/tdvden-elazig-ve-malatyadaki-depremzedelere-destek\/#article","isPartOf":{"@id":"https:\/\/tdv.org\/tr-TR\/tdvden-elazig-ve-malatyadaki-depremzedelere-destek\/"},"author":{"name":"U\u011fur","@id":"https:\/\/tdv.org\/tr-TR\/#\/schema\/person\/8dcf742852c4614c6fdadb92da159c05"},"headline":"TDV&#8217;den Elaz\u0131\u011f ve Malatya&#8217;daki depremzedelere destek","datePublished":"2020-01-25T06:37:18+00:00","dateModified":"2023-04-04T08:07:00+00:00","mainEntityOfPage":{"@id":"https:\/\/tdv.org\/tr-TR\/tdvden-elazig-ve-malatyadaki-depremzedelere-destek\/"},"wordCount":305,"commentCount":0,"publisher":{"@id":"https:\/\/tdv.org\/tr-TR\/#organization"},"image":{"@id":"https:\/\/tdv.org\/tr-TR\/tdvden-elazig-ve-malatyadaki-depremzedelere-destek\/#primaryimage"},"thumbnailUrl":"https:\/\/tdv.org\/tr-TR\/wp-content\/uploads\/2020\/01\/IMG-20200125-WA0010-e1579934683873.jpg","keywords":["acil insani yard\u0131m","arama kurtarma","bar\u0131nma","Deprem","Elaz\u0131\u011f","g\u0131da yard\u0131m\u0131","Malatya","mobil mutfak"],"articleSection":["Haberler"],"inLanguage":"tr","potentialAction":[{"@type":"CommentAction","name":"Comment","target":["https:\/\/tdv.org\/tr-TR\/tdvden-elazig-ve-malatyadaki-depremzedelere-destek\/#respond"]}]},{"@type":"WebPage","@id":"https:\/\/tdv.org\/tr-TR\/tdvden-elazig-ve-malatyadaki-depremzedelere-destek\/","url":"https:\/\/tdv.org\/tr-TR\/tdvden-elazig-ve-malatyadaki-depremzedelere-destek\/","name":"TDV'den Elaz\u0131\u011f ve Malatya'daki depremzedelere destek","isPartOf":{"@id":"https:\/\/tdv.org\/tr-TR\/#website"},"primaryImageOfPage":{"@id":"https:\/\/tdv.org\/tr-TR\/tdvden-elazig-ve-malatyadaki-depremzedelere-destek\/#primaryimage"},"image":{"@id":"https:\/\/tdv.org\/tr-TR\/tdvden-elazig-ve-malatyadaki-depremzedelere-destek\/#primaryimage"},"thumbnailUrl":"https:\/\/tdv.org\/tr-TR\/wp-content\/uploads\/2020\/01\/IMG-20200125-WA0010-e1579934683873.jpg","datePublished":"2020-01-25T06:37:18+00:00","dateModified":"2023-04-04T08:07:00+00:00","description":"Elaz\u0131\u011f\u2019da meydana gelen 6,8 b\u00fcy\u00fckl\u00fc\u011f\u00fcndeki depremin ard\u0131ndan TDV ekipleri AFAD koordinesinde Elaz\u0131\u011f ve Malatya\u2019daki \u00e7al\u0131\u015fmalara dahil olmak \u00fczere Ankara, Kilis ve farkl\u0131 illerden yola \u00e7\u0131kt\u0131.","breadcrumb":{"@id":"https:\/\/tdv.org\/tr-TR\/tdvden-elazig-ve-malatyadaki-depremzedelere-destek\/#breadcrumb"},"inLanguage":"tr","potentialAction":[{"@type":"ReadAction","target":["https:\/\/tdv.org\/tr-TR\/tdvden-elazig-ve-malatyadaki-depremzedelere-destek\/"]}]},{"@type":"ImageObject","inLanguage":"tr","@id":"https:\/\/tdv.org\/tr-TR\/tdvden-elazig-ve-malatyadaki-depremzedelere-destek\/#primaryimage","url":"https:\/\/tdv.org\/tr-TR\/wp-content\/uploads\/2020\/01\/IMG-20200125-WA0010-e1579934683873.jpg","contentUrl":"https:\/\/tdv.org\/tr-TR\/wp-content\/uploads\/2020\/01\/IMG-20200125-WA0010-e1579934683873.jpg","width":696,"height":416},{"@type":"BreadcrumbList","@id":"https:\/\/tdv.org\/tr-TR\/tdvden-elazig-ve-malatyadaki-depremzedelere-destek\/#breadcrumb","itemListElement":[{"@type":"ListItem","position":1,"name":"Anasayfa","item":"https:\/\/tdv.org\/tr-TR\/"},{"@type":"ListItem","position":2,"name":"TDV&#8217;den Elaz\u0131\u011f ve Malatya&#8217;daki depremzedelere destek"}]},{"@type":"WebSite","@id":"https:\/\/tdv.org\/tr-TR\/#website","url":"https:\/\/tdv.org\/tr-TR\/","name":"T\u00fcrkiye Diyanet Vakf\u0131 Resmi Web Sitesi","description":"Yery\u00fcz\u00fcnde iyilik egemen oluncaya kadar","publisher":{"@id":"https:\/\/tdv.org\/tr-TR\/#organization"},"alternateName":"T\u00fcrkiye Diyanet Vakf\u0131","potentialAction":[{"@type":"SearchAction","target":{"@type":"EntryPoint","urlTemplate":"https:\/\/tdv.org\/tr-TR\/?s={search_term_string}"},"query-input":{"@type":"PropertyValueSpecification","valueRequired":true,"valueName":"search_term_string"}}],"inLanguage":"tr"},{"@type":"Organization","@id":"https:\/\/tdv.org\/tr-TR\/#organization","name":"T\u00fcrkiye Diyanet Vakf\u0131","alternateName":"T\u00fcrkiye Diyanet Vakf\u0131","url":"https:\/\/tdv.org\/tr-TR\/","logo":{"@type":"ImageObject","inLanguage":"tr","@id":"https:\/\/tdv.org\/tr-TR\/#\/schema\/logo\/image\/","url":"https:\/\/tdv.org\/tr-TR\/wp-content\/uploads\/2018\/12\/TDV_Logo_1.png","contentUrl":"https:\/\/tdv.org\/tr-TR\/wp-content\/uploads\/2018\/12\/TDV_Logo_1.png","width":207,"height":71,"caption":"T\u00fcrkiye Diyanet Vakf\u0131"},"image":{"@id":"https:\/\/tdv.org\/tr-TR\/#\/schema\/logo\/image\/"},"sameAs":["https:\/\/www.facebook.com\/Diyanetvakfi\/","https:\/\/x.com\/DiyanetVakfi","https:\/\/www.instagram.com\/turkiyediyanetvakfi\/","https:\/\/www.youtube.com\/user\/TurkiyeDiyanetVakfi"]},{"@type":"Person","@id":"https:\/\/tdv.org\/tr-TR\/#\/schema\/person\/8dcf742852c4614c6fdadb92da159c05","name":"U\u011fur","image":{"@type":"ImageObject","inLanguage":"tr","@id":"https:\/\/tdv.org\/tr-TR\/wp-content\/litespeed\/avatar\/b970c0eba1124f8268544e2640bfa964.jpg?ver=1777289940","url":"https:\/\/tdv.org\/tr-TR\/wp-content\/litespeed\/avatar\/b970c0eba1124f8268544e2640bfa964.jpg?ver=1777289940","contentUrl":"https:\/\/tdv.org\/tr-TR\/wp-content\/litespeed\/avatar\/b970c0eba1124f8268544e2640bfa964.jpg?ver=1777289940","caption":"U\u011fur"}}]}},"_links":{"self":[{"href":"https:\/\/tdv.org\/tr-TR\/wp-json\/wp\/v2\/posts\/6300","targetHints":{"allow":["GET"]}}],"collection":[{"href":"https:\/\/tdv.org\/tr-TR\/wp-json\/wp\/v2\/posts"}],"about":[{"href":"https:\/\/tdv.org\/tr-TR\/wp-json\/wp\/v2\/types\/post"}],"author":[{"embeddable":true,"href":"https:\/\/tdv.org\/tr-TR\/wp-json\/wp\/v2\/users\/7"}],"replies":[{"embeddable":true,"href":"https:\/\/tdv.org\/tr-TR\/wp-json\/wp\/v2\/comments?post=6300"}],"version-history":[{"count":1,"href":"https:\/\/tdv.org\/tr-TR\/wp-json\/wp\/v2\/posts\/6300\/revisions"}],"predecessor-version":[{"id":31706,"href":"https:\/\/tdv.org\/tr-TR\/wp-json\/wp\/v2\/posts\/6300\/revisions\/31706"}],"wp:featuredmedia":[{"embeddable":true,"href":"https:\/\/tdv.org\/tr-TR\/wp-json\/wp\/v2\/media\/6304"}],"wp:attachment":[{"href":"https:\/\/tdv.org\/tr-TR\/wp-json\/wp\/v2\/media?parent=6300"}],"wp:term":[{"taxonomy":"category","embeddable":true,"href":"https:\/\/tdv.org\/tr-TR\/wp-json\/wp\/v2\/categories?post=6300"},{"taxonomy":"post_tag","embeddable":true,"href":"https:\/\/tdv.org\/tr-TR\/wp-json\/wp\/v2\/tags?post=6300"}],"curies":[{"name":"wp","href":"https:\/\/api.w.org\/{rel}","templated":true}]}}