{"id":6307,"date":"2020-01-25T19:26:39","date_gmt":"2020-01-25T16:26:39","guid":{"rendered":"https:\/\/tdv.org\/tr-TR\/?p=6307"},"modified":"2023-04-04T11:06:43","modified_gmt":"2023-04-04T08:06:43","slug":"diyanet-isleri-baskani-ve-tdv-mutevelli-heyeti-baskani-erbas-elazigda","status":"publish","type":"post","link":"https:\/\/tdv.org\/tr-TR\/diyanet-isleri-baskani-ve-tdv-mutevelli-heyeti-baskani-erbas-elazigda\/","title":{"rendered":"Diyanet \u0130\u015fleri Ba\u015fkan\u0131 ve TDV M\u00fctevelli Heyeti Ba\u015fkan\u0131 Erba\u015f, Elaz\u0131\u011f\u2019da"},"content":{"rendered":"<p style=\"text-align: justify;\">Diyanet \u0130\u015fleri Ba\u015fkan\u0131 ve T\u00fcrkiye Diyanet Vakf\u0131 M\u00fctevelli Heyeti Ba\u015fkan\u0131 Prof. Dr. Ali Erba\u015f, Elaz\u0131\u011f\u2019da meydana gelen deprem sonras\u0131 b\u00f6lgeye giderek incelemelerde bulundu.<\/p>\n<p style=\"text-align: justify;\">Erba\u015f ilk olarak, d\u00fcn ak\u015fam Elaz\u0131\u011f\u2019\u0131n Sivrice il\u00e7esinde meydana gelen 6,8 b\u00fcy\u00fckl\u00fc\u011f\u00fcndeki depremle ilgili olarak Elaz\u0131\u011f Valili\u011fi\u2019nde olu\u015fturulan Koordinasyon Merkezi\u2019ni ziyaret etti.<\/p>\n<p style=\"text-align: justify;\">Ba\u015fkan Erba\u015f daha sonra Mevlana Camii&#8217;ne ge\u00e7erek, Elaz\u0131\u011f merkez S\u00fcrs\u00fcr\u00fc Mahallesi&#8217;nde y\u0131k\u0131lan binada hayat\u0131n\u0131 kaybeden anne Fatma Y\u0131ld\u0131z ve 1,5 ya\u015f\u0131ndaki o\u011flu Doruk Abbas Y\u0131ld\u0131z\u2019\u0131n cenaze namaz\u0131n\u0131 k\u0131ld\u0131rd\u0131.<\/p>\n<p style=\"text-align: justify;\">Cenaze namaz\u0131 \u00f6ncesi konu\u015fan Ba\u015fkan Erba\u015f, \u201cBiz biliyoruz ki, Allah&#8217;tan geldik hepimiz Allah&#8217;a d\u00f6nece\u011fiz. Depremde \u00f6lenlerin \u015fehit oldu\u011funu biliyoruz. Cenab-\u0131 Hak, depremde \u00f6len b\u00fct\u00fcn karde\u015flerimize rahmet eylesin\u201d dedi.<\/p>\n<p style=\"text-align: justify;\">\u201cDepreme kar\u015f\u0131 tedbirlerimizi alaca\u011f\u0131z ancak bu bir afettir, ne zaman olaca\u011f\u0131n\u0131 bilemiyoruz, takdir-i \u0130lahidir. Takdir-i \u0130lahinin \u00f6n\u00fcne ge\u00e7mek m\u00fcmk\u00fcn de\u011fildir\u201d diyen Ba\u015fkan Erba\u015f, afetleri en az zararla atlatmak i\u00e7in bu konuda gerekli dersleri, tedbirleri alman\u0131n \u00f6nemine de\u011findi.<br \/>\nKonu\u015fman\u0131n ard\u0131ndan Ba\u015fkan Erba\u015f, anne ile o\u011flunun cenaze namaz\u0131n\u0131 k\u0131ld\u0131rd\u0131, tabuta omuz verdi.<\/p>\n<p style=\"text-align: justify;\">Ba\u015fkan Erba\u015f cenaze namaz\u0131 sonras\u0131, Elaz\u0131\u011f\u2019da arama kurtarma \u00e7al\u0131\u015fmalar\u0131n\u0131n s\u00fcrd\u00fc\u011f\u00fc Mustafapa\u015fa Mahallesi&#8217;ne ve deprem sonucu y\u0131k\u0131lan binalar\u0131n oldu\u011fu b\u00f6lgelere gitti. Ba\u015fkan Erba\u015f, vatanda\u015flara ge\u00e7mi\u015f olsun dileklerini ileterek enkaz alt\u0131nda kalan yak\u0131nlar\u0131ndan gelecek olan g\u00fczel haberi bekleyen vatanda\u015flara sab\u0131rlar diledi.<\/p>\n<p style=\"text-align: justify;\">Ba\u015fkan Erba\u015f daha sonra, depremde yaralananlar\u0131n bulundu\u011fu F\u0131rat \u00dcniversitesi Hastanesi\u2019ndeki yaral\u0131lara ge\u00e7mi\u015f olsun ziyaretinde bulundu.<\/p>\n<p style=\"text-align: justify;\"><strong>Ba\u015fkan Erba\u015f, T\u00fcrkiye Diyanet Vakf\u0131 \u00e7al\u0131\u015fmalar\u0131n\u0131 yerinde inceledi<\/strong><\/p>\n<p style=\"text-align: justify;\">Ba\u015fkan Erba\u015f, T\u00fcrkiye Diyanet Vakf\u0131n\u0131n \u00e7al\u0131\u015fmalar\u0131n\u0131 yerinde inceledi. Depremin merkez \u00fcss\u00fc olan Sivrice\u2019de hasar g\u00f6ren Merkez Camii\u2019nde incelemelerde bulunan Ba\u015fkan Erba\u015f, burada bulunan Diyanet Vakf\u0131 \u00e7ad\u0131r\u0131ndaki g\u00f6revlilerden ve \u015eehit Muammer Faruk Salgar Gen\u00e7lik Merkezi\u2019nde bulunan Diyanet Vakf\u0131 personelinden de bilgi ald\u0131.<\/p>\n<p style=\"text-align: justify;\">\n\n\t\t<style type=\"text\/css\">\n\t\t\t#gallery-1 {\n\t\t\t\tmargin: auto;\n\t\t\t}\n\t\t\t#gallery-1 .gallery-item {\n\t\t\t\tfloat: left;\n\t\t\t\tmargin-top: 10px;\n\t\t\t\ttext-align: center;\n\t\t\t\twidth: 25%;\n\t\t\t}\n\t\t\t#gallery-1 img {\n\t\t\t\tborder: 2px solid #cfcfcf;\n\t\t\t}\n\t\t\t#gallery-1 .gallery-caption {\n\t\t\t\tmargin-left: 0;\n\t\t\t}\n\t\t\t\/* see gallery_shortcode() in wp-includes\/media.php *\/\n\t\t<\/style>\n\t\t<div id='gallery-1' class='gallery galleryid-6307 gallery-columns-4 gallery-size-thumbnail'><dl class='gallery-item'>\n\t\t\t<dt class='gallery-icon landscape'>\n\t\t\t\t<a href='https:\/\/tdv.org\/tr-TR\/wp-content\/uploads\/2020\/01\/IMG-20200125-WA0124.jpg'><img decoding=\"async\" width=\"150\" height=\"150\" src=\"https:\/\/tdv.org\/tr-TR\/wp-content\/uploads\/2020\/01\/IMG-20200125-WA0124-150x150.jpg\" class=\"attachment-thumbnail size-thumbnail\" alt=\"\" srcset=\"https:\/\/tdv.org\/tr-TR\/wp-content\/uploads\/2020\/01\/IMG-20200125-WA0124-150x150.jpg 150w, https:\/\/tdv.org\/tr-TR\/wp-content\/uploads\/2020\/01\/IMG-20200125-WA0124-100x100.jpg 100w, https:\/\/tdv.org\/tr-TR\/wp-content\/uploads\/2020\/01\/IMG-20200125-WA0124-140x140.jpg 140w, https:\/\/tdv.org\/tr-TR\/wp-content\/uploads\/2020\/01\/IMG-20200125-WA0124-500x500.jpg 500w, https:\/\/tdv.org\/tr-TR\/wp-content\/uploads\/2020\/01\/IMG-20200125-WA0124-350x350.jpg 350w, https:\/\/tdv.org\/tr-TR\/wp-content\/uploads\/2020\/01\/IMG-20200125-WA0124-800x800.jpg 800w\" sizes=\"(max-width: 150px) 100vw, 150px\" \/><\/a>\n\t\t\t<\/dt><\/dl><dl class='gallery-item'>\n\t\t\t<dt class='gallery-icon landscape'>\n\t\t\t\t<a href='https:\/\/tdv.org\/tr-TR\/wp-content\/uploads\/2020\/01\/IMG-20200125-WA0123.jpg'><img decoding=\"async\" width=\"150\" height=\"150\" src=\"https:\/\/tdv.org\/tr-TR\/wp-content\/uploads\/2020\/01\/IMG-20200125-WA0123-150x150.jpg\" class=\"attachment-thumbnail size-thumbnail\" alt=\"\" srcset=\"https:\/\/tdv.org\/tr-TR\/wp-content\/uploads\/2020\/01\/IMG-20200125-WA0123-150x150.jpg 150w, https:\/\/tdv.org\/tr-TR\/wp-content\/uploads\/2020\/01\/IMG-20200125-WA0123-100x100.jpg 100w, https:\/\/tdv.org\/tr-TR\/wp-content\/uploads\/2020\/01\/IMG-20200125-WA0123-140x140.jpg 140w, https:\/\/tdv.org\/tr-TR\/wp-content\/uploads\/2020\/01\/IMG-20200125-WA0123-500x500.jpg 500w, https:\/\/tdv.org\/tr-TR\/wp-content\/uploads\/2020\/01\/IMG-20200125-WA0123-350x350.jpg 350w, https:\/\/tdv.org\/tr-TR\/wp-content\/uploads\/2020\/01\/IMG-20200125-WA0123-800x800.jpg 800w\" sizes=\"(max-width: 150px) 100vw, 150px\" \/><\/a>\n\t\t\t<\/dt><\/dl><dl class='gallery-item'>\n\t\t\t<dt class='gallery-icon landscape'>\n\t\t\t\t<a href='https:\/\/tdv.org\/tr-TR\/wp-content\/uploads\/2020\/01\/IMG-20200125-WA0122.jpg'><img decoding=\"async\" width=\"150\" height=\"150\" src=\"https:\/\/tdv.org\/tr-TR\/wp-content\/uploads\/2020\/01\/IMG-20200125-WA0122-150x150.jpg\" class=\"attachment-thumbnail size-thumbnail\" alt=\"\" srcset=\"https:\/\/tdv.org\/tr-TR\/wp-content\/uploads\/2020\/01\/IMG-20200125-WA0122-150x150.jpg 150w, https:\/\/tdv.org\/tr-TR\/wp-content\/uploads\/2020\/01\/IMG-20200125-WA0122-100x100.jpg 100w, https:\/\/tdv.org\/tr-TR\/wp-content\/uploads\/2020\/01\/IMG-20200125-WA0122-140x140.jpg 140w, https:\/\/tdv.org\/tr-TR\/wp-content\/uploads\/2020\/01\/IMG-20200125-WA0122-500x500.jpg 500w, https:\/\/tdv.org\/tr-TR\/wp-content\/uploads\/2020\/01\/IMG-20200125-WA0122-350x350.jpg 350w, https:\/\/tdv.org\/tr-TR\/wp-content\/uploads\/2020\/01\/IMG-20200125-WA0122-800x800.jpg 800w\" sizes=\"(max-width: 150px) 100vw, 150px\" \/><\/a>\n\t\t\t<\/dt><\/dl><dl class='gallery-item'>\n\t\t\t<dt class='gallery-icon landscape'>\n\t\t\t\t<a href='https:\/\/tdv.org\/tr-TR\/wp-content\/uploads\/2020\/01\/IMG-20200125-WA0121.jpg'><img decoding=\"async\" width=\"150\" height=\"150\" src=\"https:\/\/tdv.org\/tr-TR\/wp-content\/uploads\/2020\/01\/IMG-20200125-WA0121-150x150.jpg\" class=\"attachment-thumbnail size-thumbnail\" alt=\"\" srcset=\"https:\/\/tdv.org\/tr-TR\/wp-content\/uploads\/2020\/01\/IMG-20200125-WA0121-150x150.jpg 150w, https:\/\/tdv.org\/tr-TR\/wp-content\/uploads\/2020\/01\/IMG-20200125-WA0121-100x100.jpg 100w, https:\/\/tdv.org\/tr-TR\/wp-content\/uploads\/2020\/01\/IMG-20200125-WA0121-140x140.jpg 140w, https:\/\/tdv.org\/tr-TR\/wp-content\/uploads\/2020\/01\/IMG-20200125-WA0121-500x500.jpg 500w, https:\/\/tdv.org\/tr-TR\/wp-content\/uploads\/2020\/01\/IMG-20200125-WA0121-350x350.jpg 350w, https:\/\/tdv.org\/tr-TR\/wp-content\/uploads\/2020\/01\/IMG-20200125-WA0121-800x800.jpg 800w\" sizes=\"(max-width: 150px) 100vw, 150px\" \/><\/a>\n\t\t\t<\/dt><\/dl><br style=\"clear: both\" \/>\n\t\t<\/div>\n\n","protected":false},"excerpt":{"rendered":"<p>Diyanet \u0130\u015fleri Ba\u015fkan\u0131 ve T\u00fcrkiye Diyanet Vakf\u0131 M\u00fctevelli Heyeti Ba\u015fkan\u0131 Prof. Dr. Ali Erba\u015f, Elaz\u0131\u011f\u2019da meydana gelen deprem sonras\u0131 b\u00f6lgeye giderek incelemelerde bulundu. Erba\u015f ilk olarak, d\u00fcn ak\u015fam Elaz\u0131\u011f\u2019\u0131n Sivrice&#8230;<\/p>\n","protected":false},"author":7,"featured_media":6308,"comment_status":"open","ping_status":"closed","sticky":false,"template":"","format":"standard","meta":{"footnotes":""},"categories":[1],"tags":[130,504,259,521,83,260],"class_list":{"0":"post-6307","1":"post","2":"type-post","3":"status-publish","4":"format-standard","5":"has-post-thumbnail","7":"category-haberler","8":"tag-ali-erbas","9":"tag-deprem","10":"tag-diyanet-isleri-baskani","11":"tag-elazig","12":"tag-insani-yardim","13":"tag-tdv-mutevelli-heyeti-baskani"},"yoast_head":"<!-- This site is optimized with the Yoast SEO plugin v27.5 - https:\/\/yoast.com\/product\/yoast-seo-wordpress\/ -->\n<title>Diyanet \u0130\u015fleri Ba\u015fkan\u0131 ve TDV M\u00fctevelli Heyeti Ba\u015fkan\u0131 Erba\u015f, Elaz\u0131\u011f\u2019da<\/title>\n<meta name=\"description\" content=\"Diyanet \u0130\u015fleri Ba\u015fkan\u0131 ve T\u00fcrkiye Diyanet Vakf\u0131 M\u00fctevelli Heyeti Ba\u015fkan\u0131 Prof. Dr. Ali Erba\u015f, Elaz\u0131\u011f\u2019da meydana gelen deprem sonras\u0131 b\u00f6lgeye giderek incelemelerde bulundu.\" \/>\n<meta name=\"robots\" content=\"index, follow, max-snippet:-1, max-image-preview:large, max-video-preview:-1\" \/>\n<link rel=\"canonical\" href=\"https:\/\/tdv.org\/tr-TR\/diyanet-isleri-baskani-ve-tdv-mutevelli-heyeti-baskani-erbas-elazigda\/\" \/>\n<meta property=\"og:locale\" content=\"tr_TR\" \/>\n<meta property=\"og:type\" content=\"article\" \/>\n<meta property=\"og:title\" content=\"Diyanet \u0130\u015fleri Ba\u015fkan\u0131 ve TDV M\u00fctevelli Heyeti Ba\u015fkan\u0131 Erba\u015f, Elaz\u0131\u011f\u2019da\" \/>\n<meta property=\"og:description\" content=\"Diyanet \u0130\u015fleri Ba\u015fkan\u0131 ve T\u00fcrkiye Diyanet Vakf\u0131 M\u00fctevelli Heyeti Ba\u015fkan\u0131 Prof. Dr. Ali Erba\u015f, Elaz\u0131\u011f\u2019da meydana gelen deprem sonras\u0131 b\u00f6lgeye giderek incelemelerde bulundu.\" \/>\n<meta property=\"og:url\" content=\"https:\/\/tdv.org\/tr-TR\/diyanet-isleri-baskani-ve-tdv-mutevelli-heyeti-baskani-erbas-elazigda\/\" \/>\n<meta property=\"og:site_name\" content=\"T\u00fcrkiye Diyanet Vakf\u0131 Resmi Web Sitesi\" \/>\n<meta property=\"article:publisher\" content=\"https:\/\/www.facebook.com\/Diyanetvakfi\/\" \/>\n<meta property=\"article:published_time\" content=\"2020-01-25T16:26:39+00:00\" \/>\n<meta property=\"article:modified_time\" content=\"2023-04-04T08:06:43+00:00\" \/>\n<meta property=\"og:image\" content=\"https:\/\/tdv.org\/tr-TR\/wp-content\/uploads\/2020\/01\/IMG-20200125-WA0124.jpg\" \/>\n\t<meta property=\"og:image:width\" content=\"1200\" \/>\n\t<meta property=\"og:image:height\" content=\"800\" \/>\n\t<meta property=\"og:image:type\" content=\"image\/jpeg\" \/>\n<meta name=\"author\" content=\"U\u011fur\" \/>\n<meta name=\"twitter:card\" content=\"summary_large_image\" \/>\n<meta name=\"twitter:creator\" content=\"@DiyanetVakfi\" \/>\n<meta name=\"twitter:site\" content=\"@DiyanetVakfi\" \/>\n<script type=\"application\/ld+json\" class=\"yoast-schema-graph\">{\"@context\":\"https:\\\/\\\/schema.org\",\"@graph\":[{\"@type\":\"Article\",\"@id\":\"https:\\\/\\\/tdv.org\\\/tr-TR\\\/diyanet-isleri-baskani-ve-tdv-mutevelli-heyeti-baskani-erbas-elazigda\\\/#article\",\"isPartOf\":{\"@id\":\"https:\\\/\\\/tdv.org\\\/tr-TR\\\/diyanet-isleri-baskani-ve-tdv-mutevelli-heyeti-baskani-erbas-elazigda\\\/\"},\"author\":{\"name\":\"U\u011fur\",\"@id\":\"https:\\\/\\\/tdv.org\\\/tr-TR\\\/#\\\/schema\\\/person\\\/8dcf742852c4614c6fdadb92da159c05\"},\"headline\":\"Diyanet \u0130\u015fleri Ba\u015fkan\u0131 ve TDV M\u00fctevelli Heyeti Ba\u015fkan\u0131 Erba\u015f, Elaz\u0131\u011f\u2019da\",\"datePublished\":\"2020-01-25T16:26:39+00:00\",\"dateModified\":\"2023-04-04T08:06:43+00:00\",\"mainEntityOfPage\":{\"@id\":\"https:\\\/\\\/tdv.org\\\/tr-TR\\\/diyanet-isleri-baskani-ve-tdv-mutevelli-heyeti-baskani-erbas-elazigda\\\/\"},\"wordCount\":384,\"commentCount\":0,\"publisher\":{\"@id\":\"https:\\\/\\\/tdv.org\\\/tr-TR\\\/#organization\"},\"image\":{\"@id\":\"https:\\\/\\\/tdv.org\\\/tr-TR\\\/diyanet-isleri-baskani-ve-tdv-mutevelli-heyeti-baskani-erbas-elazigda\\\/#primaryimage\"},\"thumbnailUrl\":\"https:\\\/\\\/tdv.org\\\/tr-TR\\\/wp-content\\\/uploads\\\/2020\\\/01\\\/IMG-20200125-WA0124.jpg\",\"keywords\":[\"Ali Erba\u015f\",\"Deprem\",\"Diyanet \u0130\u015fleri Ba\u015fkan\u0131\",\"Elaz\u0131\u011f\",\"\u0130nsani yard\u0131m\",\"TDV M\u00fctevelli Heyeti Ba\u015fkan\u0131\"],\"articleSection\":[\"Haberler\"],\"inLanguage\":\"tr\",\"potentialAction\":[{\"@type\":\"CommentAction\",\"name\":\"Comment\",\"target\":[\"https:\\\/\\\/tdv.org\\\/tr-TR\\\/diyanet-isleri-baskani-ve-tdv-mutevelli-heyeti-baskani-erbas-elazigda\\\/#respond\"]}]},{\"@type\":\"WebPage\",\"@id\":\"https:\\\/\\\/tdv.org\\\/tr-TR\\\/diyanet-isleri-baskani-ve-tdv-mutevelli-heyeti-baskani-erbas-elazigda\\\/\",\"url\":\"https:\\\/\\\/tdv.org\\\/tr-TR\\\/diyanet-isleri-baskani-ve-tdv-mutevelli-heyeti-baskani-erbas-elazigda\\\/\",\"name\":\"Diyanet \u0130\u015fleri Ba\u015fkan\u0131 ve TDV M\u00fctevelli Heyeti Ba\u015fkan\u0131 Erba\u015f, Elaz\u0131\u011f\u2019da\",\"isPartOf\":{\"@id\":\"https:\\\/\\\/tdv.org\\\/tr-TR\\\/#website\"},\"primaryImageOfPage\":{\"@id\":\"https:\\\/\\\/tdv.org\\\/tr-TR\\\/diyanet-isleri-baskani-ve-tdv-mutevelli-heyeti-baskani-erbas-elazigda\\\/#primaryimage\"},\"image\":{\"@id\":\"https:\\\/\\\/tdv.org\\\/tr-TR\\\/diyanet-isleri-baskani-ve-tdv-mutevelli-heyeti-baskani-erbas-elazigda\\\/#primaryimage\"},\"thumbnailUrl\":\"https:\\\/\\\/tdv.org\\\/tr-TR\\\/wp-content\\\/uploads\\\/2020\\\/01\\\/IMG-20200125-WA0124.jpg\",\"datePublished\":\"2020-01-25T16:26:39+00:00\",\"dateModified\":\"2023-04-04T08:06:43+00:00\",\"description\":\"Diyanet \u0130\u015fleri Ba\u015fkan\u0131 ve T\u00fcrkiye Diyanet Vakf\u0131 M\u00fctevelli Heyeti Ba\u015fkan\u0131 Prof. Dr. Ali Erba\u015f, Elaz\u0131\u011f\u2019da meydana gelen deprem sonras\u0131 b\u00f6lgeye giderek incelemelerde bulundu.\",\"breadcrumb\":{\"@id\":\"https:\\\/\\\/tdv.org\\\/tr-TR\\\/diyanet-isleri-baskani-ve-tdv-mutevelli-heyeti-baskani-erbas-elazigda\\\/#breadcrumb\"},\"inLanguage\":\"tr\",\"potentialAction\":[{\"@type\":\"ReadAction\",\"target\":[\"https:\\\/\\\/tdv.org\\\/tr-TR\\\/diyanet-isleri-baskani-ve-tdv-mutevelli-heyeti-baskani-erbas-elazigda\\\/\"]}]},{\"@type\":\"ImageObject\",\"inLanguage\":\"tr\",\"@id\":\"https:\\\/\\\/tdv.org\\\/tr-TR\\\/diyanet-isleri-baskani-ve-tdv-mutevelli-heyeti-baskani-erbas-elazigda\\\/#primaryimage\",\"url\":\"https:\\\/\\\/tdv.org\\\/tr-TR\\\/wp-content\\\/uploads\\\/2020\\\/01\\\/IMG-20200125-WA0124.jpg\",\"contentUrl\":\"https:\\\/\\\/tdv.org\\\/tr-TR\\\/wp-content\\\/uploads\\\/2020\\\/01\\\/IMG-20200125-WA0124.jpg\",\"width\":1200,\"height\":800},{\"@type\":\"BreadcrumbList\",\"@id\":\"https:\\\/\\\/tdv.org\\\/tr-TR\\\/diyanet-isleri-baskani-ve-tdv-mutevelli-heyeti-baskani-erbas-elazigda\\\/#breadcrumb\",\"itemListElement\":[{\"@type\":\"ListItem\",\"position\":1,\"name\":\"Anasayfa\",\"item\":\"https:\\\/\\\/tdv.org\\\/tr-TR\\\/\"},{\"@type\":\"ListItem\",\"position\":2,\"name\":\"Diyanet \u0130\u015fleri Ba\u015fkan\u0131 ve TDV M\u00fctevelli Heyeti Ba\u015fkan\u0131 Erba\u015f, Elaz\u0131\u011f\u2019da\"}]},{\"@type\":\"WebSite\",\"@id\":\"https:\\\/\\\/tdv.org\\\/tr-TR\\\/#website\",\"url\":\"https:\\\/\\\/tdv.org\\\/tr-TR\\\/\",\"name\":\"T\u00fcrkiye Diyanet Vakf\u0131 Resmi Web Sitesi\",\"description\":\"Yery\u00fcz\u00fcnde iyilik egemen oluncaya kadar\",\"publisher\":{\"@id\":\"https:\\\/\\\/tdv.org\\\/tr-TR\\\/#organization\"},\"alternateName\":\"T\u00fcrkiye Diyanet Vakf\u0131\",\"potentialAction\":[{\"@type\":\"SearchAction\",\"target\":{\"@type\":\"EntryPoint\",\"urlTemplate\":\"https:\\\/\\\/tdv.org\\\/tr-TR\\\/?s={search_term_string}\"},\"query-input\":{\"@type\":\"PropertyValueSpecification\",\"valueRequired\":true,\"valueName\":\"search_term_string\"}}],\"inLanguage\":\"tr\"},{\"@type\":\"Organization\",\"@id\":\"https:\\\/\\\/tdv.org\\\/tr-TR\\\/#organization\",\"name\":\"T\u00fcrkiye Diyanet Vakf\u0131\",\"alternateName\":\"T\u00fcrkiye Diyanet Vakf\u0131\",\"url\":\"https:\\\/\\\/tdv.org\\\/tr-TR\\\/\",\"logo\":{\"@type\":\"ImageObject\",\"inLanguage\":\"tr\",\"@id\":\"https:\\\/\\\/tdv.org\\\/tr-TR\\\/#\\\/schema\\\/logo\\\/image\\\/\",\"url\":\"https:\\\/\\\/tdv.org\\\/tr-TR\\\/wp-content\\\/uploads\\\/2018\\\/12\\\/TDV_Logo_1.png\",\"contentUrl\":\"https:\\\/\\\/tdv.org\\\/tr-TR\\\/wp-content\\\/uploads\\\/2018\\\/12\\\/TDV_Logo_1.png\",\"width\":207,\"height\":71,\"caption\":\"T\u00fcrkiye Diyanet Vakf\u0131\"},\"image\":{\"@id\":\"https:\\\/\\\/tdv.org\\\/tr-TR\\\/#\\\/schema\\\/logo\\\/image\\\/\"},\"sameAs\":[\"https:\\\/\\\/www.facebook.com\\\/Diyanetvakfi\\\/\",\"https:\\\/\\\/x.com\\\/DiyanetVakfi\",\"https:\\\/\\\/www.instagram.com\\\/turkiyediyanetvakfi\\\/\",\"https:\\\/\\\/www.youtube.com\\\/user\\\/TurkiyeDiyanetVakfi\"]},{\"@type\":\"Person\",\"@id\":\"https:\\\/\\\/tdv.org\\\/tr-TR\\\/#\\\/schema\\\/person\\\/8dcf742852c4614c6fdadb92da159c05\",\"name\":\"U\u011fur\",\"image\":{\"@type\":\"ImageObject\",\"inLanguage\":\"tr\",\"@id\":\"https:\\\/\\\/tdv.org\\\/tr-TR\\\/wp-content\\\/litespeed\\\/avatar\\\/b970c0eba1124f8268544e2640bfa964.jpg?ver=1777289940\",\"url\":\"https:\\\/\\\/tdv.org\\\/tr-TR\\\/wp-content\\\/litespeed\\\/avatar\\\/b970c0eba1124f8268544e2640bfa964.jpg?ver=1777289940\",\"contentUrl\":\"https:\\\/\\\/tdv.org\\\/tr-TR\\\/wp-content\\\/litespeed\\\/avatar\\\/b970c0eba1124f8268544e2640bfa964.jpg?ver=1777289940\",\"caption\":\"U\u011fur\"}}]}<\/script>\n<!-- \/ Yoast SEO plugin. -->","yoast_head_json":{"title":"Diyanet \u0130\u015fleri Ba\u015fkan\u0131 ve TDV M\u00fctevelli Heyeti Ba\u015fkan\u0131 Erba\u015f, Elaz\u0131\u011f\u2019da","description":"Diyanet \u0130\u015fleri Ba\u015fkan\u0131 ve T\u00fcrkiye Diyanet Vakf\u0131 M\u00fctevelli Heyeti Ba\u015fkan\u0131 Prof. Dr. Ali Erba\u015f, Elaz\u0131\u011f\u2019da meydana gelen deprem sonras\u0131 b\u00f6lgeye giderek incelemelerde bulundu.","robots":{"index":"index","follow":"follow","max-snippet":"max-snippet:-1","max-image-preview":"max-image-preview:large","max-video-preview":"max-video-preview:-1"},"canonical":"https:\/\/tdv.org\/tr-TR\/diyanet-isleri-baskani-ve-tdv-mutevelli-heyeti-baskani-erbas-elazigda\/","og_locale":"tr_TR","og_type":"article","og_title":"Diyanet \u0130\u015fleri Ba\u015fkan\u0131 ve TDV M\u00fctevelli Heyeti Ba\u015fkan\u0131 Erba\u015f, Elaz\u0131\u011f\u2019da","og_description":"Diyanet \u0130\u015fleri Ba\u015fkan\u0131 ve T\u00fcrkiye Diyanet Vakf\u0131 M\u00fctevelli Heyeti Ba\u015fkan\u0131 Prof. Dr. Ali Erba\u015f, Elaz\u0131\u011f\u2019da meydana gelen deprem sonras\u0131 b\u00f6lgeye giderek incelemelerde bulundu.","og_url":"https:\/\/tdv.org\/tr-TR\/diyanet-isleri-baskani-ve-tdv-mutevelli-heyeti-baskani-erbas-elazigda\/","og_site_name":"T\u00fcrkiye Diyanet Vakf\u0131 Resmi Web Sitesi","article_publisher":"https:\/\/www.facebook.com\/Diyanetvakfi\/","article_published_time":"2020-01-25T16:26:39+00:00","article_modified_time":"2023-04-04T08:06:43+00:00","og_image":[{"width":1200,"height":800,"url":"https:\/\/tdv.org\/tr-TR\/wp-content\/uploads\/2020\/01\/IMG-20200125-WA0124.jpg","type":"image\/jpeg"}],"author":"U\u011fur","twitter_card":"summary_large_image","twitter_creator":"@DiyanetVakfi","twitter_site":"@DiyanetVakfi","schema":{"@context":"https:\/\/schema.org","@graph":[{"@type":"Article","@id":"https:\/\/tdv.org\/tr-TR\/diyanet-isleri-baskani-ve-tdv-mutevelli-heyeti-baskani-erbas-elazigda\/#article","isPartOf":{"@id":"https:\/\/tdv.org\/tr-TR\/diyanet-isleri-baskani-ve-tdv-mutevelli-heyeti-baskani-erbas-elazigda\/"},"author":{"name":"U\u011fur","@id":"https:\/\/tdv.org\/tr-TR\/#\/schema\/person\/8dcf742852c4614c6fdadb92da159c05"},"headline":"Diyanet \u0130\u015fleri Ba\u015fkan\u0131 ve TDV M\u00fctevelli Heyeti Ba\u015fkan\u0131 Erba\u015f, Elaz\u0131\u011f\u2019da","datePublished":"2020-01-25T16:26:39+00:00","dateModified":"2023-04-04T08:06:43+00:00","mainEntityOfPage":{"@id":"https:\/\/tdv.org\/tr-TR\/diyanet-isleri-baskani-ve-tdv-mutevelli-heyeti-baskani-erbas-elazigda\/"},"wordCount":384,"commentCount":0,"publisher":{"@id":"https:\/\/tdv.org\/tr-TR\/#organization"},"image":{"@id":"https:\/\/tdv.org\/tr-TR\/diyanet-isleri-baskani-ve-tdv-mutevelli-heyeti-baskani-erbas-elazigda\/#primaryimage"},"thumbnailUrl":"https:\/\/tdv.org\/tr-TR\/wp-content\/uploads\/2020\/01\/IMG-20200125-WA0124.jpg","keywords":["Ali Erba\u015f","Deprem","Diyanet \u0130\u015fleri Ba\u015fkan\u0131","Elaz\u0131\u011f","\u0130nsani yard\u0131m","TDV M\u00fctevelli Heyeti Ba\u015fkan\u0131"],"articleSection":["Haberler"],"inLanguage":"tr","potentialAction":[{"@type":"CommentAction","name":"Comment","target":["https:\/\/tdv.org\/tr-TR\/diyanet-isleri-baskani-ve-tdv-mutevelli-heyeti-baskani-erbas-elazigda\/#respond"]}]},{"@type":"WebPage","@id":"https:\/\/tdv.org\/tr-TR\/diyanet-isleri-baskani-ve-tdv-mutevelli-heyeti-baskani-erbas-elazigda\/","url":"https:\/\/tdv.org\/tr-TR\/diyanet-isleri-baskani-ve-tdv-mutevelli-heyeti-baskani-erbas-elazigda\/","name":"Diyanet \u0130\u015fleri Ba\u015fkan\u0131 ve TDV M\u00fctevelli Heyeti Ba\u015fkan\u0131 Erba\u015f, Elaz\u0131\u011f\u2019da","isPartOf":{"@id":"https:\/\/tdv.org\/tr-TR\/#website"},"primaryImageOfPage":{"@id":"https:\/\/tdv.org\/tr-TR\/diyanet-isleri-baskani-ve-tdv-mutevelli-heyeti-baskani-erbas-elazigda\/#primaryimage"},"image":{"@id":"https:\/\/tdv.org\/tr-TR\/diyanet-isleri-baskani-ve-tdv-mutevelli-heyeti-baskani-erbas-elazigda\/#primaryimage"},"thumbnailUrl":"https:\/\/tdv.org\/tr-TR\/wp-content\/uploads\/2020\/01\/IMG-20200125-WA0124.jpg","datePublished":"2020-01-25T16:26:39+00:00","dateModified":"2023-04-04T08:06:43+00:00","description":"Diyanet \u0130\u015fleri Ba\u015fkan\u0131 ve T\u00fcrkiye Diyanet Vakf\u0131 M\u00fctevelli Heyeti Ba\u015fkan\u0131 Prof. Dr. Ali Erba\u015f, Elaz\u0131\u011f\u2019da meydana gelen deprem sonras\u0131 b\u00f6lgeye giderek incelemelerde bulundu.","breadcrumb":{"@id":"https:\/\/tdv.org\/tr-TR\/diyanet-isleri-baskani-ve-tdv-mutevelli-heyeti-baskani-erbas-elazigda\/#breadcrumb"},"inLanguage":"tr","potentialAction":[{"@type":"ReadAction","target":["https:\/\/tdv.org\/tr-TR\/diyanet-isleri-baskani-ve-tdv-mutevelli-heyeti-baskani-erbas-elazigda\/"]}]},{"@type":"ImageObject","inLanguage":"tr","@id":"https:\/\/tdv.org\/tr-TR\/diyanet-isleri-baskani-ve-tdv-mutevelli-heyeti-baskani-erbas-elazigda\/#primaryimage","url":"https:\/\/tdv.org\/tr-TR\/wp-content\/uploads\/2020\/01\/IMG-20200125-WA0124.jpg","contentUrl":"https:\/\/tdv.org\/tr-TR\/wp-content\/uploads\/2020\/01\/IMG-20200125-WA0124.jpg","width":1200,"height":800},{"@type":"BreadcrumbList","@id":"https:\/\/tdv.org\/tr-TR\/diyanet-isleri-baskani-ve-tdv-mutevelli-heyeti-baskani-erbas-elazigda\/#breadcrumb","itemListElement":[{"@type":"ListItem","position":1,"name":"Anasayfa","item":"https:\/\/tdv.org\/tr-TR\/"},{"@type":"ListItem","position":2,"name":"Diyanet \u0130\u015fleri Ba\u015fkan\u0131 ve TDV M\u00fctevelli Heyeti Ba\u015fkan\u0131 Erba\u015f, Elaz\u0131\u011f\u2019da"}]},{"@type":"WebSite","@id":"https:\/\/tdv.org\/tr-TR\/#website","url":"https:\/\/tdv.org\/tr-TR\/","name":"T\u00fcrkiye Diyanet Vakf\u0131 Resmi Web Sitesi","description":"Yery\u00fcz\u00fcnde iyilik egemen oluncaya kadar","publisher":{"@id":"https:\/\/tdv.org\/tr-TR\/#organization"},"alternateName":"T\u00fcrkiye Diyanet Vakf\u0131","potentialAction":[{"@type":"SearchAction","target":{"@type":"EntryPoint","urlTemplate":"https:\/\/tdv.org\/tr-TR\/?s={search_term_string}"},"query-input":{"@type":"PropertyValueSpecification","valueRequired":true,"valueName":"search_term_string"}}],"inLanguage":"tr"},{"@type":"Organization","@id":"https:\/\/tdv.org\/tr-TR\/#organization","name":"T\u00fcrkiye Diyanet Vakf\u0131","alternateName":"T\u00fcrkiye Diyanet Vakf\u0131","url":"https:\/\/tdv.org\/tr-TR\/","logo":{"@type":"ImageObject","inLanguage":"tr","@id":"https:\/\/tdv.org\/tr-TR\/#\/schema\/logo\/image\/","url":"https:\/\/tdv.org\/tr-TR\/wp-content\/uploads\/2018\/12\/TDV_Logo_1.png","contentUrl":"https:\/\/tdv.org\/tr-TR\/wp-content\/uploads\/2018\/12\/TDV_Logo_1.png","width":207,"height":71,"caption":"T\u00fcrkiye Diyanet Vakf\u0131"},"image":{"@id":"https:\/\/tdv.org\/tr-TR\/#\/schema\/logo\/image\/"},"sameAs":["https:\/\/www.facebook.com\/Diyanetvakfi\/","https:\/\/x.com\/DiyanetVakfi","https:\/\/www.instagram.com\/turkiyediyanetvakfi\/","https:\/\/www.youtube.com\/user\/TurkiyeDiyanetVakfi"]},{"@type":"Person","@id":"https:\/\/tdv.org\/tr-TR\/#\/schema\/person\/8dcf742852c4614c6fdadb92da159c05","name":"U\u011fur","image":{"@type":"ImageObject","inLanguage":"tr","@id":"https:\/\/tdv.org\/tr-TR\/wp-content\/litespeed\/avatar\/b970c0eba1124f8268544e2640bfa964.jpg?ver=1777289940","url":"https:\/\/tdv.org\/tr-TR\/wp-content\/litespeed\/avatar\/b970c0eba1124f8268544e2640bfa964.jpg?ver=1777289940","contentUrl":"https:\/\/tdv.org\/tr-TR\/wp-content\/litespeed\/avatar\/b970c0eba1124f8268544e2640bfa964.jpg?ver=1777289940","caption":"U\u011fur"}}]}},"_links":{"self":[{"href":"https:\/\/tdv.org\/tr-TR\/wp-json\/wp\/v2\/posts\/6307","targetHints":{"allow":["GET"]}}],"collection":[{"href":"https:\/\/tdv.org\/tr-TR\/wp-json\/wp\/v2\/posts"}],"about":[{"href":"https:\/\/tdv.org\/tr-TR\/wp-json\/wp\/v2\/types\/post"}],"author":[{"embeddable":true,"href":"https:\/\/tdv.org\/tr-TR\/wp-json\/wp\/v2\/users\/7"}],"replies":[{"embeddable":true,"href":"https:\/\/tdv.org\/tr-TR\/wp-json\/wp\/v2\/comments?post=6307"}],"version-history":[{"count":1,"href":"https:\/\/tdv.org\/tr-TR\/wp-json\/wp\/v2\/posts\/6307\/revisions"}],"predecessor-version":[{"id":31705,"href":"https:\/\/tdv.org\/tr-TR\/wp-json\/wp\/v2\/posts\/6307\/revisions\/31705"}],"wp:featuredmedia":[{"embeddable":true,"href":"https:\/\/tdv.org\/tr-TR\/wp-json\/wp\/v2\/media\/6308"}],"wp:attachment":[{"href":"https:\/\/tdv.org\/tr-TR\/wp-json\/wp\/v2\/media?parent=6307"}],"wp:term":[{"taxonomy":"category","embeddable":true,"href":"https:\/\/tdv.org\/tr-TR\/wp-json\/wp\/v2\/categories?post=6307"},{"taxonomy":"post_tag","embeddable":true,"href":"https:\/\/tdv.org\/tr-TR\/wp-json\/wp\/v2\/tags?post=6307"}],"curies":[{"name":"wp","href":"https:\/\/api.w.org\/{rel}","templated":true}]}}