{"id":6328,"date":"2020-01-27T14:19:52","date_gmt":"2020-01-27T11:19:52","guid":{"rendered":"https:\/\/tdv.org\/tr-TR\/?p=6328"},"modified":"2023-04-04T11:05:55","modified_gmt":"2023-04-04T08:05:55","slug":"depremzede-kardeslerimizin-yanindayiz","status":"publish","type":"post","link":"https:\/\/tdv.org\/tr-TR\/depremzede-kardeslerimizin-yanindayiz\/","title":{"rendered":"\u201cDepremzede karde\u015flerimizin yan\u0131nday\u0131z\u201d"},"content":{"rendered":"<p style=\"text-align: justify;\">Diyanet \u0130\u015fleri Ba\u015fkan\u0131 ve TDV M\u00fctevelli Heyeti Ba\u015fkan\u0131 Prof. Dr. Ali Erba\u015f, Elaz\u0131\u011f\u2019da meydana gelen ve \u00e7evre illerden de hissedilen deprem sonras\u0131 gitti\u011fi deprem b\u00f6lgesinde A Haber\u2019e a\u00e7\u0131klamalarda bulundu.<\/p>\n<p style=\"text-align: justify;\">Diyanet \u0130\u015fleri Ba\u015fkan\u0131 Erba\u015f, Elaz\u0131\u011f\u2019\u0131n Sivrice il\u00e7esinde meydana gelen 6,8 b\u00fcy\u00fckl\u00fc\u011f\u00fcndeki deprem sonras\u0131nda Diyanet \u0130\u015fleri Ba\u015fkanl\u0131\u011f\u0131 ve T\u00fcrkiye Diyanet Vakf\u0131 olarak b\u00f6lgede yapt\u0131klar\u0131 \u00e7al\u0131\u015fmalar hakk\u0131nda bilgi verdi.<\/p>\n<p style=\"text-align: justify;\">Depremin ya\u015fand\u0131\u011f\u0131 gece herhangi bir tehlike arz etmeyen camileri Elaz\u0131\u011f ve Malatya\u2019da evlerine giremeyen vatanda\u015flar\u0131n konaklamalar\u0131 i\u00e7in a\u00e7t\u0131klar\u0131n\u0131 hat\u0131rlatan Ba\u015fkan Erba\u015f, \u201c\u0130mamlar\u0131m\u0131z rehberli\u011finde camilerimizi vatanda\u015flar\u0131m\u0131za a\u00e7t\u0131k. Hem Elaz\u0131\u011f&#8217;da hem Malatya&#8217;da camilerimizde sabaha kadar kalan karde\u015flerimiz oldu. Evi a\u011f\u0131r hasarl\u0131 olan ya da hasar tespiti yap\u0131lmam\u0131\u015f olan depremzede karde\u015flerimiz camilerimizde, spor salonlar\u0131m\u0131zda, baz\u0131 okullar\u0131m\u0131zda, \u00e7ad\u0131rlar\u0131m\u0131zda kal\u0131yorlar. Bu durum, kal\u0131c\u0131 olarak bir yerde ikamet etme imkan\u0131 bulununcaya kadar bir m\u00fcddet daha devam edecek\u201d dedi.<\/p>\n<p style=\"text-align: justify;\"><strong>\u201cMobil mutfa\u011f\u0131m\u0131z s\u0131cak \u00e7orba da\u011f\u0131t\u0131yor\u201d<\/strong><\/p>\n<p style=\"text-align: justify;\">T\u00fcrkiye Diyanet Vakf\u0131 olarak ilk andan itibaren seferber olduklar\u0131n\u0131 belirten Ba\u015fkan Erba\u015f, \u201c5 bin ki\u015fiye s\u0131cak yemek da\u011f\u0131tacak mobil mutfa\u011f\u0131m\u0131z \u015fu anda burada s\u0131cak yemek da\u011f\u0131t\u0131yor. Yine Sivrice il\u00e7esinde T\u00fcrkiye Diyanet Vakf\u0131 olarak s\u0131cak \u00e7orba da\u011f\u0131tan bir \u00e7ad\u0131r kurduk. B\u00fct\u00fcn g\u00fcc\u00fcm\u00fczle Diyanet \u0130\u015fleri Ba\u015fkanl\u0131\u011f\u0131 ve T\u00fcrkiye Diyanet Vakf\u0131 olarak depremzede karde\u015flerimizin yan\u0131nday\u0131z\u201d diye konu\u015ftu.<\/p>\n<p style=\"text-align: justify;\">Ba\u015fkan Erba\u015f, depremden etkilenen vatanda\u015flara manevi a\u00e7\u0131dan destek olmak i\u00e7in Diyanet \u0130\u015fleri Ba\u015fkanl\u0131\u011f\u0131\u2019ndan bir heyet de g\u00f6revlendirdiklerini ifade ederek, \u201cAnkara&#8217;dan Daire Ba\u015fkan\u0131m\u0131z\u0131n ba\u015fkanl\u0131\u011f\u0131nda gelen 8 ki\u015filik manevi rehber heyetimiz \u015fu anda burada. Hastanelerimizde, taziye evlerinde, \u00e7ad\u0131rlarda, spor salonlar\u0131nda evlerine giremeyen depremzede karde\u015flerimiz i\u00e7in manevi rehberlik yapmaktalar. Manevi rehberlerimiz, \u00e7ad\u0131rlar\u0131m\u0131z\u0131, spor salonlar\u0131n\u0131, taziye evlerini ziyaret edecekler. Birebir vatanda\u015flar\u0131m\u0131z ile g\u00f6r\u00fc\u015ferek onlara manevi noktada destek olacaklar\u201d ifadelerini kulland\u0131.<\/p>\n<p style=\"text-align: justify;\">Elaz\u0131\u011f ve Malatya\u2019daki din g\u00f6revlilerinin de vatanda\u015flara manevi olarak destek olmak i\u00e7in \u00e7al\u0131\u015ft\u0131\u011f\u0131n\u0131 dile getiren Ba\u015fkan Erba\u015f, \u201c\u0130l m\u00fcft\u00fcm\u00fcz, il\u00e7e m\u00fcft\u00fclerimiz, vaizlerimiz, onlar da manevi rehberlerimizle birlikte vatanda\u015flar\u0131m\u0131z\u0131n yan\u0131ndalar\u201d \u015feklinde konu\u015ftu.<\/p>\n","protected":false},"excerpt":{"rendered":"<p>Diyanet \u0130\u015fleri Ba\u015fkan\u0131 ve TDV M\u00fctevelli Heyeti Ba\u015fkan\u0131 Prof. Dr. Ali Erba\u015f, Elaz\u0131\u011f\u2019da meydana gelen ve \u00e7evre illerden de hissedilen deprem sonras\u0131 gitti\u011fi deprem b\u00f6lgesinde A Haber\u2019e a\u00e7\u0131klamalarda bulundu. Diyanet&#8230;<\/p>\n","protected":false},"author":7,"featured_media":6311,"comment_status":"open","ping_status":"closed","sticky":false,"template":"","format":"standard","meta":{"footnotes":""},"categories":[1],"tags":[130,504,521,83],"class_list":{"0":"post-6328","1":"post","2":"type-post","3":"status-publish","4":"format-standard","5":"has-post-thumbnail","7":"category-haberler","8":"tag-ali-erbas","9":"tag-deprem","10":"tag-elazig","11":"tag-insani-yardim"},"yoast_head":"<!-- This site is optimized with the Yoast SEO plugin v27.5 - https:\/\/yoast.com\/product\/yoast-seo-wordpress\/ -->\n<title>\u201cDepremzede karde\u015flerimizin yan\u0131nday\u0131z\u201d<\/title>\n<meta name=\"description\" content=\"Diyanet \u0130\u015fleri Ba\u015fkan\u0131 ve TDV M\u00fctevelli Heyeti Ba\u015fkan\u0131 Prof. Dr. Ali Erba\u015f, Elaz\u0131\u011f\u2019da meydana gelen ve \u00e7evre illerden de hissedilen deprem sonras\u0131 gitti\u011fi deprem b\u00f6lgesinde A Haber\u2019e a\u00e7\u0131klamalarda bulundu.\" \/>\n<meta name=\"robots\" content=\"index, follow, max-snippet:-1, max-image-preview:large, max-video-preview:-1\" \/>\n<link rel=\"canonical\" href=\"https:\/\/tdv.org\/tr-TR\/depremzede-kardeslerimizin-yanindayiz\/\" \/>\n<meta property=\"og:locale\" content=\"tr_TR\" \/>\n<meta property=\"og:type\" content=\"article\" \/>\n<meta property=\"og:title\" content=\"\u201cDepremzede karde\u015flerimizin yan\u0131nday\u0131z\u201d\" \/>\n<meta property=\"og:description\" content=\"Diyanet \u0130\u015fleri Ba\u015fkan\u0131 ve TDV M\u00fctevelli Heyeti Ba\u015fkan\u0131 Prof. Dr. Ali Erba\u015f, Elaz\u0131\u011f\u2019da meydana gelen ve \u00e7evre illerden de hissedilen deprem sonras\u0131 gitti\u011fi deprem b\u00f6lgesinde A Haber\u2019e a\u00e7\u0131klamalarda bulundu.\" \/>\n<meta property=\"og:url\" content=\"https:\/\/tdv.org\/tr-TR\/depremzede-kardeslerimizin-yanindayiz\/\" \/>\n<meta property=\"og:site_name\" content=\"T\u00fcrkiye Diyanet Vakf\u0131 Resmi Web Sitesi\" \/>\n<meta property=\"article:publisher\" content=\"https:\/\/www.facebook.com\/Diyanetvakfi\/\" \/>\n<meta property=\"article:published_time\" content=\"2020-01-27T11:19:52+00:00\" \/>\n<meta property=\"article:modified_time\" content=\"2023-04-04T08:05:55+00:00\" \/>\n<meta property=\"og:image\" content=\"https:\/\/tdv.org\/tr-TR\/wp-content\/uploads\/2020\/01\/IMG-20200125-WA0121.jpg\" \/>\n\t<meta property=\"og:image:width\" content=\"1200\" \/>\n\t<meta property=\"og:image:height\" content=\"800\" \/>\n\t<meta property=\"og:image:type\" content=\"image\/jpeg\" \/>\n<meta name=\"author\" content=\"U\u011fur\" \/>\n<meta name=\"twitter:card\" content=\"summary_large_image\" \/>\n<meta name=\"twitter:creator\" content=\"@DiyanetVakfi\" \/>\n<meta name=\"twitter:site\" content=\"@DiyanetVakfi\" \/>\n<script type=\"application\/ld+json\" class=\"yoast-schema-graph\">{\"@context\":\"https:\\\/\\\/schema.org\",\"@graph\":[{\"@type\":\"Article\",\"@id\":\"https:\\\/\\\/tdv.org\\\/tr-TR\\\/depremzede-kardeslerimizin-yanindayiz\\\/#article\",\"isPartOf\":{\"@id\":\"https:\\\/\\\/tdv.org\\\/tr-TR\\\/depremzede-kardeslerimizin-yanindayiz\\\/\"},\"author\":{\"name\":\"U\u011fur\",\"@id\":\"https:\\\/\\\/tdv.org\\\/tr-TR\\\/#\\\/schema\\\/person\\\/8dcf742852c4614c6fdadb92da159c05\"},\"headline\":\"\u201cDepremzede karde\u015flerimizin yan\u0131nday\u0131z\u201d\",\"datePublished\":\"2020-01-27T11:19:52+00:00\",\"dateModified\":\"2023-04-04T08:05:55+00:00\",\"mainEntityOfPage\":{\"@id\":\"https:\\\/\\\/tdv.org\\\/tr-TR\\\/depremzede-kardeslerimizin-yanindayiz\\\/\"},\"wordCount\":421,\"commentCount\":0,\"publisher\":{\"@id\":\"https:\\\/\\\/tdv.org\\\/tr-TR\\\/#organization\"},\"image\":{\"@id\":\"https:\\\/\\\/tdv.org\\\/tr-TR\\\/depremzede-kardeslerimizin-yanindayiz\\\/#primaryimage\"},\"thumbnailUrl\":\"https:\\\/\\\/tdv.org\\\/tr-TR\\\/wp-content\\\/uploads\\\/2020\\\/01\\\/IMG-20200125-WA0121.jpg\",\"keywords\":[\"Ali Erba\u015f\",\"Deprem\",\"Elaz\u0131\u011f\",\"\u0130nsani yard\u0131m\"],\"articleSection\":[\"Haberler\"],\"inLanguage\":\"tr\",\"potentialAction\":[{\"@type\":\"CommentAction\",\"name\":\"Comment\",\"target\":[\"https:\\\/\\\/tdv.org\\\/tr-TR\\\/depremzede-kardeslerimizin-yanindayiz\\\/#respond\"]}]},{\"@type\":\"WebPage\",\"@id\":\"https:\\\/\\\/tdv.org\\\/tr-TR\\\/depremzede-kardeslerimizin-yanindayiz\\\/\",\"url\":\"https:\\\/\\\/tdv.org\\\/tr-TR\\\/depremzede-kardeslerimizin-yanindayiz\\\/\",\"name\":\"\u201cDepremzede karde\u015flerimizin yan\u0131nday\u0131z\u201d\",\"isPartOf\":{\"@id\":\"https:\\\/\\\/tdv.org\\\/tr-TR\\\/#website\"},\"primaryImageOfPage\":{\"@id\":\"https:\\\/\\\/tdv.org\\\/tr-TR\\\/depremzede-kardeslerimizin-yanindayiz\\\/#primaryimage\"},\"image\":{\"@id\":\"https:\\\/\\\/tdv.org\\\/tr-TR\\\/depremzede-kardeslerimizin-yanindayiz\\\/#primaryimage\"},\"thumbnailUrl\":\"https:\\\/\\\/tdv.org\\\/tr-TR\\\/wp-content\\\/uploads\\\/2020\\\/01\\\/IMG-20200125-WA0121.jpg\",\"datePublished\":\"2020-01-27T11:19:52+00:00\",\"dateModified\":\"2023-04-04T08:05:55+00:00\",\"description\":\"Diyanet \u0130\u015fleri Ba\u015fkan\u0131 ve TDV M\u00fctevelli Heyeti Ba\u015fkan\u0131 Prof. Dr. Ali Erba\u015f, Elaz\u0131\u011f\u2019da meydana gelen ve \u00e7evre illerden de hissedilen deprem sonras\u0131 gitti\u011fi deprem b\u00f6lgesinde A Haber\u2019e a\u00e7\u0131klamalarda bulundu.\",\"breadcrumb\":{\"@id\":\"https:\\\/\\\/tdv.org\\\/tr-TR\\\/depremzede-kardeslerimizin-yanindayiz\\\/#breadcrumb\"},\"inLanguage\":\"tr\",\"potentialAction\":[{\"@type\":\"ReadAction\",\"target\":[\"https:\\\/\\\/tdv.org\\\/tr-TR\\\/depremzede-kardeslerimizin-yanindayiz\\\/\"]}]},{\"@type\":\"ImageObject\",\"inLanguage\":\"tr\",\"@id\":\"https:\\\/\\\/tdv.org\\\/tr-TR\\\/depremzede-kardeslerimizin-yanindayiz\\\/#primaryimage\",\"url\":\"https:\\\/\\\/tdv.org\\\/tr-TR\\\/wp-content\\\/uploads\\\/2020\\\/01\\\/IMG-20200125-WA0121.jpg\",\"contentUrl\":\"https:\\\/\\\/tdv.org\\\/tr-TR\\\/wp-content\\\/uploads\\\/2020\\\/01\\\/IMG-20200125-WA0121.jpg\",\"width\":1200,\"height\":800},{\"@type\":\"BreadcrumbList\",\"@id\":\"https:\\\/\\\/tdv.org\\\/tr-TR\\\/depremzede-kardeslerimizin-yanindayiz\\\/#breadcrumb\",\"itemListElement\":[{\"@type\":\"ListItem\",\"position\":1,\"name\":\"Anasayfa\",\"item\":\"https:\\\/\\\/tdv.org\\\/tr-TR\\\/\"},{\"@type\":\"ListItem\",\"position\":2,\"name\":\"\u201cDepremzede karde\u015flerimizin yan\u0131nday\u0131z\u201d\"}]},{\"@type\":\"WebSite\",\"@id\":\"https:\\\/\\\/tdv.org\\\/tr-TR\\\/#website\",\"url\":\"https:\\\/\\\/tdv.org\\\/tr-TR\\\/\",\"name\":\"T\u00fcrkiye Diyanet Vakf\u0131 Resmi Web Sitesi\",\"description\":\"Yery\u00fcz\u00fcnde iyilik egemen oluncaya kadar\",\"publisher\":{\"@id\":\"https:\\\/\\\/tdv.org\\\/tr-TR\\\/#organization\"},\"alternateName\":\"T\u00fcrkiye Diyanet Vakf\u0131\",\"potentialAction\":[{\"@type\":\"SearchAction\",\"target\":{\"@type\":\"EntryPoint\",\"urlTemplate\":\"https:\\\/\\\/tdv.org\\\/tr-TR\\\/?s={search_term_string}\"},\"query-input\":{\"@type\":\"PropertyValueSpecification\",\"valueRequired\":true,\"valueName\":\"search_term_string\"}}],\"inLanguage\":\"tr\"},{\"@type\":\"Organization\",\"@id\":\"https:\\\/\\\/tdv.org\\\/tr-TR\\\/#organization\",\"name\":\"T\u00fcrkiye Diyanet Vakf\u0131\",\"alternateName\":\"T\u00fcrkiye Diyanet Vakf\u0131\",\"url\":\"https:\\\/\\\/tdv.org\\\/tr-TR\\\/\",\"logo\":{\"@type\":\"ImageObject\",\"inLanguage\":\"tr\",\"@id\":\"https:\\\/\\\/tdv.org\\\/tr-TR\\\/#\\\/schema\\\/logo\\\/image\\\/\",\"url\":\"https:\\\/\\\/tdv.org\\\/tr-TR\\\/wp-content\\\/uploads\\\/2018\\\/12\\\/TDV_Logo_1.png\",\"contentUrl\":\"https:\\\/\\\/tdv.org\\\/tr-TR\\\/wp-content\\\/uploads\\\/2018\\\/12\\\/TDV_Logo_1.png\",\"width\":207,\"height\":71,\"caption\":\"T\u00fcrkiye Diyanet Vakf\u0131\"},\"image\":{\"@id\":\"https:\\\/\\\/tdv.org\\\/tr-TR\\\/#\\\/schema\\\/logo\\\/image\\\/\"},\"sameAs\":[\"https:\\\/\\\/www.facebook.com\\\/Diyanetvakfi\\\/\",\"https:\\\/\\\/x.com\\\/DiyanetVakfi\",\"https:\\\/\\\/www.instagram.com\\\/turkiyediyanetvakfi\\\/\",\"https:\\\/\\\/www.youtube.com\\\/user\\\/TurkiyeDiyanetVakfi\"]},{\"@type\":\"Person\",\"@id\":\"https:\\\/\\\/tdv.org\\\/tr-TR\\\/#\\\/schema\\\/person\\\/8dcf742852c4614c6fdadb92da159c05\",\"name\":\"U\u011fur\",\"image\":{\"@type\":\"ImageObject\",\"inLanguage\":\"tr\",\"@id\":\"https:\\\/\\\/tdv.org\\\/tr-TR\\\/wp-content\\\/litespeed\\\/avatar\\\/b970c0eba1124f8268544e2640bfa964.jpg?ver=1777289940\",\"url\":\"https:\\\/\\\/tdv.org\\\/tr-TR\\\/wp-content\\\/litespeed\\\/avatar\\\/b970c0eba1124f8268544e2640bfa964.jpg?ver=1777289940\",\"contentUrl\":\"https:\\\/\\\/tdv.org\\\/tr-TR\\\/wp-content\\\/litespeed\\\/avatar\\\/b970c0eba1124f8268544e2640bfa964.jpg?ver=1777289940\",\"caption\":\"U\u011fur\"}}]}<\/script>\n<!-- \/ Yoast SEO plugin. -->","yoast_head_json":{"title":"\u201cDepremzede karde\u015flerimizin yan\u0131nday\u0131z\u201d","description":"Diyanet \u0130\u015fleri Ba\u015fkan\u0131 ve TDV M\u00fctevelli Heyeti Ba\u015fkan\u0131 Prof. Dr. Ali Erba\u015f, Elaz\u0131\u011f\u2019da meydana gelen ve \u00e7evre illerden de hissedilen deprem sonras\u0131 gitti\u011fi deprem b\u00f6lgesinde A Haber\u2019e a\u00e7\u0131klamalarda bulundu.","robots":{"index":"index","follow":"follow","max-snippet":"max-snippet:-1","max-image-preview":"max-image-preview:large","max-video-preview":"max-video-preview:-1"},"canonical":"https:\/\/tdv.org\/tr-TR\/depremzede-kardeslerimizin-yanindayiz\/","og_locale":"tr_TR","og_type":"article","og_title":"\u201cDepremzede karde\u015flerimizin yan\u0131nday\u0131z\u201d","og_description":"Diyanet \u0130\u015fleri Ba\u015fkan\u0131 ve TDV M\u00fctevelli Heyeti Ba\u015fkan\u0131 Prof. Dr. Ali Erba\u015f, Elaz\u0131\u011f\u2019da meydana gelen ve \u00e7evre illerden de hissedilen deprem sonras\u0131 gitti\u011fi deprem b\u00f6lgesinde A Haber\u2019e a\u00e7\u0131klamalarda bulundu.","og_url":"https:\/\/tdv.org\/tr-TR\/depremzede-kardeslerimizin-yanindayiz\/","og_site_name":"T\u00fcrkiye Diyanet Vakf\u0131 Resmi Web Sitesi","article_publisher":"https:\/\/www.facebook.com\/Diyanetvakfi\/","article_published_time":"2020-01-27T11:19:52+00:00","article_modified_time":"2023-04-04T08:05:55+00:00","og_image":[{"width":1200,"height":800,"url":"https:\/\/tdv.org\/tr-TR\/wp-content\/uploads\/2020\/01\/IMG-20200125-WA0121.jpg","type":"image\/jpeg"}],"author":"U\u011fur","twitter_card":"summary_large_image","twitter_creator":"@DiyanetVakfi","twitter_site":"@DiyanetVakfi","schema":{"@context":"https:\/\/schema.org","@graph":[{"@type":"Article","@id":"https:\/\/tdv.org\/tr-TR\/depremzede-kardeslerimizin-yanindayiz\/#article","isPartOf":{"@id":"https:\/\/tdv.org\/tr-TR\/depremzede-kardeslerimizin-yanindayiz\/"},"author":{"name":"U\u011fur","@id":"https:\/\/tdv.org\/tr-TR\/#\/schema\/person\/8dcf742852c4614c6fdadb92da159c05"},"headline":"\u201cDepremzede karde\u015flerimizin yan\u0131nday\u0131z\u201d","datePublished":"2020-01-27T11:19:52+00:00","dateModified":"2023-04-04T08:05:55+00:00","mainEntityOfPage":{"@id":"https:\/\/tdv.org\/tr-TR\/depremzede-kardeslerimizin-yanindayiz\/"},"wordCount":421,"commentCount":0,"publisher":{"@id":"https:\/\/tdv.org\/tr-TR\/#organization"},"image":{"@id":"https:\/\/tdv.org\/tr-TR\/depremzede-kardeslerimizin-yanindayiz\/#primaryimage"},"thumbnailUrl":"https:\/\/tdv.org\/tr-TR\/wp-content\/uploads\/2020\/01\/IMG-20200125-WA0121.jpg","keywords":["Ali Erba\u015f","Deprem","Elaz\u0131\u011f","\u0130nsani yard\u0131m"],"articleSection":["Haberler"],"inLanguage":"tr","potentialAction":[{"@type":"CommentAction","name":"Comment","target":["https:\/\/tdv.org\/tr-TR\/depremzede-kardeslerimizin-yanindayiz\/#respond"]}]},{"@type":"WebPage","@id":"https:\/\/tdv.org\/tr-TR\/depremzede-kardeslerimizin-yanindayiz\/","url":"https:\/\/tdv.org\/tr-TR\/depremzede-kardeslerimizin-yanindayiz\/","name":"\u201cDepremzede karde\u015flerimizin yan\u0131nday\u0131z\u201d","isPartOf":{"@id":"https:\/\/tdv.org\/tr-TR\/#website"},"primaryImageOfPage":{"@id":"https:\/\/tdv.org\/tr-TR\/depremzede-kardeslerimizin-yanindayiz\/#primaryimage"},"image":{"@id":"https:\/\/tdv.org\/tr-TR\/depremzede-kardeslerimizin-yanindayiz\/#primaryimage"},"thumbnailUrl":"https:\/\/tdv.org\/tr-TR\/wp-content\/uploads\/2020\/01\/IMG-20200125-WA0121.jpg","datePublished":"2020-01-27T11:19:52+00:00","dateModified":"2023-04-04T08:05:55+00:00","description":"Diyanet \u0130\u015fleri Ba\u015fkan\u0131 ve TDV M\u00fctevelli Heyeti Ba\u015fkan\u0131 Prof. Dr. Ali Erba\u015f, Elaz\u0131\u011f\u2019da meydana gelen ve \u00e7evre illerden de hissedilen deprem sonras\u0131 gitti\u011fi deprem b\u00f6lgesinde A Haber\u2019e a\u00e7\u0131klamalarda bulundu.","breadcrumb":{"@id":"https:\/\/tdv.org\/tr-TR\/depremzede-kardeslerimizin-yanindayiz\/#breadcrumb"},"inLanguage":"tr","potentialAction":[{"@type":"ReadAction","target":["https:\/\/tdv.org\/tr-TR\/depremzede-kardeslerimizin-yanindayiz\/"]}]},{"@type":"ImageObject","inLanguage":"tr","@id":"https:\/\/tdv.org\/tr-TR\/depremzede-kardeslerimizin-yanindayiz\/#primaryimage","url":"https:\/\/tdv.org\/tr-TR\/wp-content\/uploads\/2020\/01\/IMG-20200125-WA0121.jpg","contentUrl":"https:\/\/tdv.org\/tr-TR\/wp-content\/uploads\/2020\/01\/IMG-20200125-WA0121.jpg","width":1200,"height":800},{"@type":"BreadcrumbList","@id":"https:\/\/tdv.org\/tr-TR\/depremzede-kardeslerimizin-yanindayiz\/#breadcrumb","itemListElement":[{"@type":"ListItem","position":1,"name":"Anasayfa","item":"https:\/\/tdv.org\/tr-TR\/"},{"@type":"ListItem","position":2,"name":"\u201cDepremzede karde\u015flerimizin yan\u0131nday\u0131z\u201d"}]},{"@type":"WebSite","@id":"https:\/\/tdv.org\/tr-TR\/#website","url":"https:\/\/tdv.org\/tr-TR\/","name":"T\u00fcrkiye Diyanet Vakf\u0131 Resmi Web Sitesi","description":"Yery\u00fcz\u00fcnde iyilik egemen oluncaya kadar","publisher":{"@id":"https:\/\/tdv.org\/tr-TR\/#organization"},"alternateName":"T\u00fcrkiye Diyanet Vakf\u0131","potentialAction":[{"@type":"SearchAction","target":{"@type":"EntryPoint","urlTemplate":"https:\/\/tdv.org\/tr-TR\/?s={search_term_string}"},"query-input":{"@type":"PropertyValueSpecification","valueRequired":true,"valueName":"search_term_string"}}],"inLanguage":"tr"},{"@type":"Organization","@id":"https:\/\/tdv.org\/tr-TR\/#organization","name":"T\u00fcrkiye Diyanet Vakf\u0131","alternateName":"T\u00fcrkiye Diyanet Vakf\u0131","url":"https:\/\/tdv.org\/tr-TR\/","logo":{"@type":"ImageObject","inLanguage":"tr","@id":"https:\/\/tdv.org\/tr-TR\/#\/schema\/logo\/image\/","url":"https:\/\/tdv.org\/tr-TR\/wp-content\/uploads\/2018\/12\/TDV_Logo_1.png","contentUrl":"https:\/\/tdv.org\/tr-TR\/wp-content\/uploads\/2018\/12\/TDV_Logo_1.png","width":207,"height":71,"caption":"T\u00fcrkiye Diyanet Vakf\u0131"},"image":{"@id":"https:\/\/tdv.org\/tr-TR\/#\/schema\/logo\/image\/"},"sameAs":["https:\/\/www.facebook.com\/Diyanetvakfi\/","https:\/\/x.com\/DiyanetVakfi","https:\/\/www.instagram.com\/turkiyediyanetvakfi\/","https:\/\/www.youtube.com\/user\/TurkiyeDiyanetVakfi"]},{"@type":"Person","@id":"https:\/\/tdv.org\/tr-TR\/#\/schema\/person\/8dcf742852c4614c6fdadb92da159c05","name":"U\u011fur","image":{"@type":"ImageObject","inLanguage":"tr","@id":"https:\/\/tdv.org\/tr-TR\/wp-content\/litespeed\/avatar\/b970c0eba1124f8268544e2640bfa964.jpg?ver=1777289940","url":"https:\/\/tdv.org\/tr-TR\/wp-content\/litespeed\/avatar\/b970c0eba1124f8268544e2640bfa964.jpg?ver=1777289940","contentUrl":"https:\/\/tdv.org\/tr-TR\/wp-content\/litespeed\/avatar\/b970c0eba1124f8268544e2640bfa964.jpg?ver=1777289940","caption":"U\u011fur"}}]}},"_links":{"self":[{"href":"https:\/\/tdv.org\/tr-TR\/wp-json\/wp\/v2\/posts\/6328","targetHints":{"allow":["GET"]}}],"collection":[{"href":"https:\/\/tdv.org\/tr-TR\/wp-json\/wp\/v2\/posts"}],"about":[{"href":"https:\/\/tdv.org\/tr-TR\/wp-json\/wp\/v2\/types\/post"}],"author":[{"embeddable":true,"href":"https:\/\/tdv.org\/tr-TR\/wp-json\/wp\/v2\/users\/7"}],"replies":[{"embeddable":true,"href":"https:\/\/tdv.org\/tr-TR\/wp-json\/wp\/v2\/comments?post=6328"}],"version-history":[{"count":1,"href":"https:\/\/tdv.org\/tr-TR\/wp-json\/wp\/v2\/posts\/6328\/revisions"}],"predecessor-version":[{"id":31704,"href":"https:\/\/tdv.org\/tr-TR\/wp-json\/wp\/v2\/posts\/6328\/revisions\/31704"}],"wp:featuredmedia":[{"embeddable":true,"href":"https:\/\/tdv.org\/tr-TR\/wp-json\/wp\/v2\/media\/6311"}],"wp:attachment":[{"href":"https:\/\/tdv.org\/tr-TR\/wp-json\/wp\/v2\/media?parent=6328"}],"wp:term":[{"taxonomy":"category","embeddable":true,"href":"https:\/\/tdv.org\/tr-TR\/wp-json\/wp\/v2\/categories?post=6328"},{"taxonomy":"post_tag","embeddable":true,"href":"https:\/\/tdv.org\/tr-TR\/wp-json\/wp\/v2\/tags?post=6328"}],"curies":[{"name":"wp","href":"https:\/\/api.w.org\/{rel}","templated":true}]}}