{"id":6886,"date":"2020-03-18T11:37:54","date_gmt":"2020-03-18T08:37:54","guid":{"rendered":"https:\/\/tdv.org\/tr-TR\/?p=6886"},"modified":"2023-03-28T10:52:42","modified_gmt":"2023-03-28T07:52:42","slug":"diyanet-isleri-baskani-ve-tdv-mutevelli-heyeti-baskani-erbastan-canakkale-zaferinin-105-yil-donumu-mesaji","status":"publish","type":"post","link":"https:\/\/tdv.org\/tr-TR\/diyanet-isleri-baskani-ve-tdv-mutevelli-heyeti-baskani-erbastan-canakkale-zaferinin-105-yil-donumu-mesaji\/","title":{"rendered":"Diyanet \u0130\u015fleri Ba\u015fkan\u0131 ve TDV M\u00fctevelli Heyeti Ba\u015fkan\u0131 Erba\u015f\u2019tan, \u00c7anakkale Zaferinin 105. y\u0131l d\u00f6n\u00fcm\u00fc mesaj\u0131"},"content":{"rendered":"<p>Bug\u00fcn, aziz milletimizin inanc\u0131, vatan\u0131 ve de\u011ferleri u\u011fruna \u015fanl\u0131 bir direni\u015fle tarihin en b\u00fcy\u00fck kahramanl\u0131k destanlar\u0131ndan birini yazd\u0131\u011f\u0131 \u00c7anakkale Zaferinin 105. y\u0131ld\u00f6n\u00fcm\u00fcd\u00fcr.<\/p>\n<p>\u00c7anakkale; Mukaddesat i\u00e7in m\u00fccadele etmeyi en b\u00fcy\u00fck g\u00f6rev ve gerekirse bu yolda \u015fehit olmay\u0131 en y\u00fcce mertebe bilen ve\u00a0gencecik bedenlerini \u00fcmmetin harim-i ismetine siper eden bir neslin\u00a0zaferidir.<\/p>\n<p>\u00c7anakkale sadece bir co\u011frafyan\u0131n de\u011fil, y\u00fcce bir inanc\u0131n, nebevi bir ahlak\u0131n ve insanl\u0131\u011f\u0131n umudu bir medeniyetin m\u00fcdafaas\u0131d\u0131r. Yemen\u2019den Kosova\u2019ya\u00a0Ba\u011fdat\u2019tan Saraybosna\u2019ya\u00a0T\u00fcrk, Arnavut, K\u00fcrt, Arap, Bo\u015fnak ve daha bir\u00e7ok \u0131rka mensup M\u00fcsl\u00fcmanlar\u0131n bir v\u00fccudun azalar\u0131 gibi birbirlerinin ac\u0131lar\u0131n\u0131 hissettikleri, bir tara\u011f\u0131n di\u015fleri gibi omuz omuza m\u00fccadele ederek yan yana \u015fehit d\u00fc\u015ft\u00fckleri asil ve onurlu bir direni\u015ftir.<\/p>\n<p>\u00c7anakkale, maddi ve manevi b\u00fct\u00fcn varl\u0131\u011f\u0131n\u0131 tarumar etmek \u00fczere gelen ordulara g\u00f6\u011fs\u00fcn\u00fc siper eden Mehmet\u00e7i\u011fin, yaral\u0131 d\u00fc\u015fman askerlerine g\u00f6sterdi\u011fi yard\u0131m ve \u015fefkatle tarihe ge\u00e7ecek bir ahlak\u0131 temsil etti\u011fi ve b\u00f6ylece merhametin sava\u015f\u0131 yendi\u011fi yerdir.<\/p>\n<p>Ayn\u0131 zamanda \u00c7anakkale, \u00e7al\u0131\u015fmak, bilimde, teknikte, hukukta zaman\u0131n\u0131n en iyisi olmak ve b\u00fcy\u00fck hedeflerini ger\u00e7ekle\u015ftirmek ad\u0131na nesillerimiz i\u00e7in en b\u00fcy\u00fck azim, ilham ve \u015fuur kayna\u011f\u0131d\u0131r. Dolay\u0131s\u0131yla bu co\u011frafyada bir as\u0131r \u00f6nce ni\u00e7in ve nas\u0131l bir istiklal m\u00fccadelesinin yap\u0131ld\u0131\u011f\u0131n\u0131 nesillerimizin zihinlerine ve g\u00f6n\u00fcllerine nak\u015fetmek bizim en \u00f6nemli g\u00f6revlerimizdendir.<\/p>\n<p>\u00d6nemle ifade etmeliyim ki \u00c7anakkale, millet\u00e7e kenetlendi\u011fimizde, azim, sab\u0131r ve kararl\u0131l\u0131kla m\u00fccadele etti\u011fimizde b\u00fct\u00fcn zorluklar\u0131n \u00fcstesinden gelece\u011fimizin de en a\u00e7\u0131k g\u00f6stergesidir.<\/p>\n<p>Bu duygu ve d\u00fc\u015f\u00fcncelerle, Cumhuriyetimizin kurucusu, Anafartalar kahraman\u0131 Gazi Mustafa Kemal Atat\u00fcrk ba\u015fta olmak \u00fczere \u00c7anakkale\u2019nin ve istiklal m\u00fccadelesinin b\u00fct\u00fcn kahramanlar\u0131n\u0131 \u015f\u00fckran ve minnetle y\u00e2d ediyorum. Ge\u00e7mi\u015ften bug\u00fcne dinimiz, vatan\u0131m\u0131z, milletimiz, ezan ve bayra\u011f\u0131m\u0131z, istiklal ve istikbalimiz i\u00e7in canlar\u0131n\u0131 feda eden t\u00fcm \u015fehitlerimize ve ahirete irtihal eden gazilerimize Allah\u2019tan rahmet diliyorum.<\/p>\n<p>Bug\u00fcn de \u00fclkemizin g\u00fcvenli\u011fi, milletimizin huzuru, b\u00f6lgemizde bar\u0131\u015f ve selametin temini i\u00e7in gayret g\u00f6steren kahraman g\u00fcvenlik g\u00fc\u00e7lerimize nusretiyle ve kudretiyle yard\u0131m etmesini, aziz milletimizi ilelebet payidar k\u0131lmas\u0131n\u0131 Y\u00fcce Rabbimden niyaz ediyorum.<\/p>\n<p>&nbsp;<\/p>\n","protected":false},"excerpt":{"rendered":"<p>Bug\u00fcn, aziz milletimizin inanc\u0131, vatan\u0131 ve de\u011ferleri u\u011fruna \u015fanl\u0131 bir direni\u015fle tarihin en b\u00fcy\u00fck kahramanl\u0131k destanlar\u0131ndan birini yazd\u0131\u011f\u0131 \u00c7anakkale Zaferinin 105. y\u0131ld\u00f6n\u00fcm\u00fcd\u00fcr. \u00c7anakkale; Mukaddesat i\u00e7in m\u00fccadele etmeyi en b\u00fcy\u00fck g\u00f6rev&#8230;<\/p>\n","protected":false},"author":7,"featured_media":6887,"comment_status":"open","ping_status":"closed","sticky":false,"template":"","format":"standard","meta":{"footnotes":""},"categories":[1],"tags":[609,608,610,607,611],"class_list":{"0":"post-6886","1":"post","2":"type-post","3":"status-publish","4":"format-standard","5":"has-post-thumbnail","7":"category-haberler","8":"tag-105-yil","9":"tag-608","10":"tag-canakkale","11":"tag-canakkale-zaferi","12":"tag-sehadet"},"yoast_head":"<!-- This site is optimized with the Yoast SEO plugin v27.4 - https:\/\/yoast.com\/product\/yoast-seo-wordpress\/ -->\n<title>Diyanet \u0130\u015fleri Ba\u015fkan\u0131 ve TDV M\u00fctevelli Heyeti Ba\u015fkan\u0131 Erba\u015f\u2019tan, \u00c7anakkale Zaferinin 105. y\u0131l d\u00f6n\u00fcm\u00fc mesaj\u0131<\/title>\n<meta name=\"description\" content=\"Bug\u00fcn, aziz milletimizin inanc\u0131, vatan\u0131 ve de\u011ferleri u\u011fruna \u015fanl\u0131 bir direni\u015fle tarihin en b\u00fcy\u00fck kahramanl\u0131k destanlar\u0131ndan birini yazd\u0131\u011f\u0131 \u00c7anakkale Zaferinin 105. y\u0131ld\u00f6n\u00fcm\u00fcd\u00fcr.\u00a0\" \/>\n<meta name=\"robots\" content=\"index, follow, max-snippet:-1, max-image-preview:large, max-video-preview:-1\" \/>\n<link rel=\"canonical\" href=\"https:\/\/tdv.org\/tr-TR\/diyanet-isleri-baskani-ve-tdv-mutevelli-heyeti-baskani-erbastan-canakkale-zaferinin-105-yil-donumu-mesaji\/\" \/>\n<meta property=\"og:locale\" content=\"tr_TR\" \/>\n<meta property=\"og:type\" content=\"article\" \/>\n<meta property=\"og:title\" content=\"Diyanet \u0130\u015fleri Ba\u015fkan\u0131 ve TDV M\u00fctevelli Heyeti Ba\u015fkan\u0131 Erba\u015f\u2019tan, \u00c7anakkale Zaferinin 105. y\u0131l d\u00f6n\u00fcm\u00fc mesaj\u0131\" \/>\n<meta property=\"og:description\" content=\"Bug\u00fcn, aziz milletimizin inanc\u0131, vatan\u0131 ve de\u011ferleri u\u011fruna \u015fanl\u0131 bir direni\u015fle tarihin en b\u00fcy\u00fck kahramanl\u0131k destanlar\u0131ndan birini yazd\u0131\u011f\u0131 \u00c7anakkale Zaferinin 105. y\u0131ld\u00f6n\u00fcm\u00fcd\u00fcr.\u00a0\" \/>\n<meta property=\"og:url\" content=\"https:\/\/tdv.org\/tr-TR\/diyanet-isleri-baskani-ve-tdv-mutevelli-heyeti-baskani-erbastan-canakkale-zaferinin-105-yil-donumu-mesaji\/\" \/>\n<meta property=\"og:site_name\" content=\"T\u00fcrkiye Diyanet Vakf\u0131 Resmi Web Sitesi\" \/>\n<meta property=\"article:publisher\" content=\"https:\/\/www.facebook.com\/Diyanetvakfi\/\" \/>\n<meta property=\"article:published_time\" content=\"2020-03-18T08:37:54+00:00\" \/>\n<meta property=\"article:modified_time\" content=\"2023-03-28T07:52:42+00:00\" \/>\n<meta property=\"og:image\" content=\"https:\/\/tdv.org\/tr-TR\/wp-content\/uploads\/2020\/03\/5225aecc-0b1f-4ec8-bff0-b421c591bb88_4_760x506.jpg\" \/>\n\t<meta property=\"og:image:width\" content=\"760\" \/>\n\t<meta property=\"og:image:height\" content=\"506\" \/>\n\t<meta property=\"og:image:type\" content=\"image\/jpeg\" \/>\n<meta name=\"author\" content=\"U\u011fur\" \/>\n<meta name=\"twitter:card\" content=\"summary_large_image\" \/>\n<meta name=\"twitter:creator\" content=\"@DiyanetVakfi\" \/>\n<meta name=\"twitter:site\" content=\"@DiyanetVakfi\" \/>\n<script type=\"application\/ld+json\" class=\"yoast-schema-graph\">{\"@context\":\"https:\\\/\\\/schema.org\",\"@graph\":[{\"@type\":\"Article\",\"@id\":\"https:\\\/\\\/tdv.org\\\/tr-TR\\\/diyanet-isleri-baskani-ve-tdv-mutevelli-heyeti-baskani-erbastan-canakkale-zaferinin-105-yil-donumu-mesaji\\\/#article\",\"isPartOf\":{\"@id\":\"https:\\\/\\\/tdv.org\\\/tr-TR\\\/diyanet-isleri-baskani-ve-tdv-mutevelli-heyeti-baskani-erbastan-canakkale-zaferinin-105-yil-donumu-mesaji\\\/\"},\"author\":{\"name\":\"U\u011fur\",\"@id\":\"https:\\\/\\\/tdv.org\\\/tr-TR\\\/#\\\/schema\\\/person\\\/8dcf742852c4614c6fdadb92da159c05\"},\"headline\":\"Diyanet \u0130\u015fleri Ba\u015fkan\u0131 ve TDV M\u00fctevelli Heyeti Ba\u015fkan\u0131 Erba\u015f\u2019tan, \u00c7anakkale Zaferinin 105. y\u0131l d\u00f6n\u00fcm\u00fc mesaj\u0131\",\"datePublished\":\"2020-03-18T08:37:54+00:00\",\"dateModified\":\"2023-03-28T07:52:42+00:00\",\"mainEntityOfPage\":{\"@id\":\"https:\\\/\\\/tdv.org\\\/tr-TR\\\/diyanet-isleri-baskani-ve-tdv-mutevelli-heyeti-baskani-erbastan-canakkale-zaferinin-105-yil-donumu-mesaji\\\/\"},\"wordCount\":448,\"commentCount\":0,\"publisher\":{\"@id\":\"https:\\\/\\\/tdv.org\\\/tr-TR\\\/#organization\"},\"image\":{\"@id\":\"https:\\\/\\\/tdv.org\\\/tr-TR\\\/diyanet-isleri-baskani-ve-tdv-mutevelli-heyeti-baskani-erbastan-canakkale-zaferinin-105-yil-donumu-mesaji\\\/#primaryimage\"},\"thumbnailUrl\":\"https:\\\/\\\/tdv.org\\\/tr-TR\\\/wp-content\\\/uploads\\\/2020\\\/03\\\/5225aecc-0b1f-4ec8-bff0-b421c591bb88_4_760x506.jpg\",\"keywords\":[\"105. y\u0131l\",\"1915\",\"\u00c7anakkale\",\"\u00c7anakkale Zaferi\",\"\u015fehadet\"],\"articleSection\":[\"Haberler\"],\"inLanguage\":\"tr\",\"potentialAction\":[{\"@type\":\"CommentAction\",\"name\":\"Comment\",\"target\":[\"https:\\\/\\\/tdv.org\\\/tr-TR\\\/diyanet-isleri-baskani-ve-tdv-mutevelli-heyeti-baskani-erbastan-canakkale-zaferinin-105-yil-donumu-mesaji\\\/#respond\"]}]},{\"@type\":\"WebPage\",\"@id\":\"https:\\\/\\\/tdv.org\\\/tr-TR\\\/diyanet-isleri-baskani-ve-tdv-mutevelli-heyeti-baskani-erbastan-canakkale-zaferinin-105-yil-donumu-mesaji\\\/\",\"url\":\"https:\\\/\\\/tdv.org\\\/tr-TR\\\/diyanet-isleri-baskani-ve-tdv-mutevelli-heyeti-baskani-erbastan-canakkale-zaferinin-105-yil-donumu-mesaji\\\/\",\"name\":\"Diyanet \u0130\u015fleri Ba\u015fkan\u0131 ve TDV M\u00fctevelli Heyeti Ba\u015fkan\u0131 Erba\u015f\u2019tan, \u00c7anakkale Zaferinin 105. y\u0131l d\u00f6n\u00fcm\u00fc mesaj\u0131\",\"isPartOf\":{\"@id\":\"https:\\\/\\\/tdv.org\\\/tr-TR\\\/#website\"},\"primaryImageOfPage\":{\"@id\":\"https:\\\/\\\/tdv.org\\\/tr-TR\\\/diyanet-isleri-baskani-ve-tdv-mutevelli-heyeti-baskani-erbastan-canakkale-zaferinin-105-yil-donumu-mesaji\\\/#primaryimage\"},\"image\":{\"@id\":\"https:\\\/\\\/tdv.org\\\/tr-TR\\\/diyanet-isleri-baskani-ve-tdv-mutevelli-heyeti-baskani-erbastan-canakkale-zaferinin-105-yil-donumu-mesaji\\\/#primaryimage\"},\"thumbnailUrl\":\"https:\\\/\\\/tdv.org\\\/tr-TR\\\/wp-content\\\/uploads\\\/2020\\\/03\\\/5225aecc-0b1f-4ec8-bff0-b421c591bb88_4_760x506.jpg\",\"datePublished\":\"2020-03-18T08:37:54+00:00\",\"dateModified\":\"2023-03-28T07:52:42+00:00\",\"description\":\"Bug\u00fcn, aziz milletimizin inanc\u0131, vatan\u0131 ve de\u011ferleri u\u011fruna \u015fanl\u0131 bir direni\u015fle tarihin en b\u00fcy\u00fck kahramanl\u0131k destanlar\u0131ndan birini yazd\u0131\u011f\u0131 \u00c7anakkale Zaferinin 105. y\u0131ld\u00f6n\u00fcm\u00fcd\u00fcr.\u00a0\",\"breadcrumb\":{\"@id\":\"https:\\\/\\\/tdv.org\\\/tr-TR\\\/diyanet-isleri-baskani-ve-tdv-mutevelli-heyeti-baskani-erbastan-canakkale-zaferinin-105-yil-donumu-mesaji\\\/#breadcrumb\"},\"inLanguage\":\"tr\",\"potentialAction\":[{\"@type\":\"ReadAction\",\"target\":[\"https:\\\/\\\/tdv.org\\\/tr-TR\\\/diyanet-isleri-baskani-ve-tdv-mutevelli-heyeti-baskani-erbastan-canakkale-zaferinin-105-yil-donumu-mesaji\\\/\"]}]},{\"@type\":\"ImageObject\",\"inLanguage\":\"tr\",\"@id\":\"https:\\\/\\\/tdv.org\\\/tr-TR\\\/diyanet-isleri-baskani-ve-tdv-mutevelli-heyeti-baskani-erbastan-canakkale-zaferinin-105-yil-donumu-mesaji\\\/#primaryimage\",\"url\":\"https:\\\/\\\/tdv.org\\\/tr-TR\\\/wp-content\\\/uploads\\\/2020\\\/03\\\/5225aecc-0b1f-4ec8-bff0-b421c591bb88_4_760x506.jpg\",\"contentUrl\":\"https:\\\/\\\/tdv.org\\\/tr-TR\\\/wp-content\\\/uploads\\\/2020\\\/03\\\/5225aecc-0b1f-4ec8-bff0-b421c591bb88_4_760x506.jpg\",\"width\":760,\"height\":506},{\"@type\":\"BreadcrumbList\",\"@id\":\"https:\\\/\\\/tdv.org\\\/tr-TR\\\/diyanet-isleri-baskani-ve-tdv-mutevelli-heyeti-baskani-erbastan-canakkale-zaferinin-105-yil-donumu-mesaji\\\/#breadcrumb\",\"itemListElement\":[{\"@type\":\"ListItem\",\"position\":1,\"name\":\"Anasayfa\",\"item\":\"https:\\\/\\\/tdv.org\\\/tr-TR\\\/\"},{\"@type\":\"ListItem\",\"position\":2,\"name\":\"Diyanet \u0130\u015fleri Ba\u015fkan\u0131 ve TDV M\u00fctevelli Heyeti Ba\u015fkan\u0131 Erba\u015f\u2019tan, \u00c7anakkale Zaferinin 105. y\u0131l d\u00f6n\u00fcm\u00fc mesaj\u0131\"}]},{\"@type\":\"WebSite\",\"@id\":\"https:\\\/\\\/tdv.org\\\/tr-TR\\\/#website\",\"url\":\"https:\\\/\\\/tdv.org\\\/tr-TR\\\/\",\"name\":\"T\u00fcrkiye Diyanet Vakf\u0131 Resmi Web Sitesi\",\"description\":\"Yery\u00fcz\u00fcnde iyilik egemen oluncaya kadar\",\"publisher\":{\"@id\":\"https:\\\/\\\/tdv.org\\\/tr-TR\\\/#organization\"},\"alternateName\":\"T\u00fcrkiye Diyanet Vakf\u0131\",\"potentialAction\":[{\"@type\":\"SearchAction\",\"target\":{\"@type\":\"EntryPoint\",\"urlTemplate\":\"https:\\\/\\\/tdv.org\\\/tr-TR\\\/?s={search_term_string}\"},\"query-input\":{\"@type\":\"PropertyValueSpecification\",\"valueRequired\":true,\"valueName\":\"search_term_string\"}}],\"inLanguage\":\"tr\"},{\"@type\":\"Organization\",\"@id\":\"https:\\\/\\\/tdv.org\\\/tr-TR\\\/#organization\",\"name\":\"T\u00fcrkiye Diyanet Vakf\u0131\",\"alternateName\":\"T\u00fcrkiye Diyanet Vakf\u0131\",\"url\":\"https:\\\/\\\/tdv.org\\\/tr-TR\\\/\",\"logo\":{\"@type\":\"ImageObject\",\"inLanguage\":\"tr\",\"@id\":\"https:\\\/\\\/tdv.org\\\/tr-TR\\\/#\\\/schema\\\/logo\\\/image\\\/\",\"url\":\"https:\\\/\\\/tdv.org\\\/tr-TR\\\/wp-content\\\/uploads\\\/2018\\\/12\\\/TDV_Logo_1.png\",\"contentUrl\":\"https:\\\/\\\/tdv.org\\\/tr-TR\\\/wp-content\\\/uploads\\\/2018\\\/12\\\/TDV_Logo_1.png\",\"width\":207,\"height\":71,\"caption\":\"T\u00fcrkiye Diyanet Vakf\u0131\"},\"image\":{\"@id\":\"https:\\\/\\\/tdv.org\\\/tr-TR\\\/#\\\/schema\\\/logo\\\/image\\\/\"},\"sameAs\":[\"https:\\\/\\\/www.facebook.com\\\/Diyanetvakfi\\\/\",\"https:\\\/\\\/x.com\\\/DiyanetVakfi\",\"https:\\\/\\\/www.instagram.com\\\/turkiyediyanetvakfi\\\/\",\"https:\\\/\\\/www.youtube.com\\\/user\\\/TurkiyeDiyanetVakfi\"]},{\"@type\":\"Person\",\"@id\":\"https:\\\/\\\/tdv.org\\\/tr-TR\\\/#\\\/schema\\\/person\\\/8dcf742852c4614c6fdadb92da159c05\",\"name\":\"U\u011fur\",\"image\":{\"@type\":\"ImageObject\",\"inLanguage\":\"tr\",\"@id\":\"https:\\\/\\\/tdv.org\\\/tr-TR\\\/wp-content\\\/litespeed\\\/avatar\\\/b970c0eba1124f8268544e2640bfa964.jpg?ver=1776685107\",\"url\":\"https:\\\/\\\/tdv.org\\\/tr-TR\\\/wp-content\\\/litespeed\\\/avatar\\\/b970c0eba1124f8268544e2640bfa964.jpg?ver=1776685107\",\"contentUrl\":\"https:\\\/\\\/tdv.org\\\/tr-TR\\\/wp-content\\\/litespeed\\\/avatar\\\/b970c0eba1124f8268544e2640bfa964.jpg?ver=1776685107\",\"caption\":\"U\u011fur\"}}]}<\/script>\n<!-- \/ Yoast SEO plugin. -->","yoast_head_json":{"title":"Diyanet \u0130\u015fleri Ba\u015fkan\u0131 ve TDV M\u00fctevelli Heyeti Ba\u015fkan\u0131 Erba\u015f\u2019tan, \u00c7anakkale Zaferinin 105. y\u0131l d\u00f6n\u00fcm\u00fc mesaj\u0131","description":"Bug\u00fcn, aziz milletimizin inanc\u0131, vatan\u0131 ve de\u011ferleri u\u011fruna \u015fanl\u0131 bir direni\u015fle tarihin en b\u00fcy\u00fck kahramanl\u0131k destanlar\u0131ndan birini yazd\u0131\u011f\u0131 \u00c7anakkale Zaferinin 105. y\u0131ld\u00f6n\u00fcm\u00fcd\u00fcr.\u00a0","robots":{"index":"index","follow":"follow","max-snippet":"max-snippet:-1","max-image-preview":"max-image-preview:large","max-video-preview":"max-video-preview:-1"},"canonical":"https:\/\/tdv.org\/tr-TR\/diyanet-isleri-baskani-ve-tdv-mutevelli-heyeti-baskani-erbastan-canakkale-zaferinin-105-yil-donumu-mesaji\/","og_locale":"tr_TR","og_type":"article","og_title":"Diyanet \u0130\u015fleri Ba\u015fkan\u0131 ve TDV M\u00fctevelli Heyeti Ba\u015fkan\u0131 Erba\u015f\u2019tan, \u00c7anakkale Zaferinin 105. y\u0131l d\u00f6n\u00fcm\u00fc mesaj\u0131","og_description":"Bug\u00fcn, aziz milletimizin inanc\u0131, vatan\u0131 ve de\u011ferleri u\u011fruna \u015fanl\u0131 bir direni\u015fle tarihin en b\u00fcy\u00fck kahramanl\u0131k destanlar\u0131ndan birini yazd\u0131\u011f\u0131 \u00c7anakkale Zaferinin 105. y\u0131ld\u00f6n\u00fcm\u00fcd\u00fcr.\u00a0","og_url":"https:\/\/tdv.org\/tr-TR\/diyanet-isleri-baskani-ve-tdv-mutevelli-heyeti-baskani-erbastan-canakkale-zaferinin-105-yil-donumu-mesaji\/","og_site_name":"T\u00fcrkiye Diyanet Vakf\u0131 Resmi Web Sitesi","article_publisher":"https:\/\/www.facebook.com\/Diyanetvakfi\/","article_published_time":"2020-03-18T08:37:54+00:00","article_modified_time":"2023-03-28T07:52:42+00:00","og_image":[{"width":760,"height":506,"url":"https:\/\/tdv.org\/tr-TR\/wp-content\/uploads\/2020\/03\/5225aecc-0b1f-4ec8-bff0-b421c591bb88_4_760x506.jpg","type":"image\/jpeg"}],"author":"U\u011fur","twitter_card":"summary_large_image","twitter_creator":"@DiyanetVakfi","twitter_site":"@DiyanetVakfi","schema":{"@context":"https:\/\/schema.org","@graph":[{"@type":"Article","@id":"https:\/\/tdv.org\/tr-TR\/diyanet-isleri-baskani-ve-tdv-mutevelli-heyeti-baskani-erbastan-canakkale-zaferinin-105-yil-donumu-mesaji\/#article","isPartOf":{"@id":"https:\/\/tdv.org\/tr-TR\/diyanet-isleri-baskani-ve-tdv-mutevelli-heyeti-baskani-erbastan-canakkale-zaferinin-105-yil-donumu-mesaji\/"},"author":{"name":"U\u011fur","@id":"https:\/\/tdv.org\/tr-TR\/#\/schema\/person\/8dcf742852c4614c6fdadb92da159c05"},"headline":"Diyanet \u0130\u015fleri Ba\u015fkan\u0131 ve TDV M\u00fctevelli Heyeti Ba\u015fkan\u0131 Erba\u015f\u2019tan, \u00c7anakkale Zaferinin 105. y\u0131l d\u00f6n\u00fcm\u00fc mesaj\u0131","datePublished":"2020-03-18T08:37:54+00:00","dateModified":"2023-03-28T07:52:42+00:00","mainEntityOfPage":{"@id":"https:\/\/tdv.org\/tr-TR\/diyanet-isleri-baskani-ve-tdv-mutevelli-heyeti-baskani-erbastan-canakkale-zaferinin-105-yil-donumu-mesaji\/"},"wordCount":448,"commentCount":0,"publisher":{"@id":"https:\/\/tdv.org\/tr-TR\/#organization"},"image":{"@id":"https:\/\/tdv.org\/tr-TR\/diyanet-isleri-baskani-ve-tdv-mutevelli-heyeti-baskani-erbastan-canakkale-zaferinin-105-yil-donumu-mesaji\/#primaryimage"},"thumbnailUrl":"https:\/\/tdv.org\/tr-TR\/wp-content\/uploads\/2020\/03\/5225aecc-0b1f-4ec8-bff0-b421c591bb88_4_760x506.jpg","keywords":["105. y\u0131l","1915","\u00c7anakkale","\u00c7anakkale Zaferi","\u015fehadet"],"articleSection":["Haberler"],"inLanguage":"tr","potentialAction":[{"@type":"CommentAction","name":"Comment","target":["https:\/\/tdv.org\/tr-TR\/diyanet-isleri-baskani-ve-tdv-mutevelli-heyeti-baskani-erbastan-canakkale-zaferinin-105-yil-donumu-mesaji\/#respond"]}]},{"@type":"WebPage","@id":"https:\/\/tdv.org\/tr-TR\/diyanet-isleri-baskani-ve-tdv-mutevelli-heyeti-baskani-erbastan-canakkale-zaferinin-105-yil-donumu-mesaji\/","url":"https:\/\/tdv.org\/tr-TR\/diyanet-isleri-baskani-ve-tdv-mutevelli-heyeti-baskani-erbastan-canakkale-zaferinin-105-yil-donumu-mesaji\/","name":"Diyanet \u0130\u015fleri Ba\u015fkan\u0131 ve TDV M\u00fctevelli Heyeti Ba\u015fkan\u0131 Erba\u015f\u2019tan, \u00c7anakkale Zaferinin 105. y\u0131l d\u00f6n\u00fcm\u00fc mesaj\u0131","isPartOf":{"@id":"https:\/\/tdv.org\/tr-TR\/#website"},"primaryImageOfPage":{"@id":"https:\/\/tdv.org\/tr-TR\/diyanet-isleri-baskani-ve-tdv-mutevelli-heyeti-baskani-erbastan-canakkale-zaferinin-105-yil-donumu-mesaji\/#primaryimage"},"image":{"@id":"https:\/\/tdv.org\/tr-TR\/diyanet-isleri-baskani-ve-tdv-mutevelli-heyeti-baskani-erbastan-canakkale-zaferinin-105-yil-donumu-mesaji\/#primaryimage"},"thumbnailUrl":"https:\/\/tdv.org\/tr-TR\/wp-content\/uploads\/2020\/03\/5225aecc-0b1f-4ec8-bff0-b421c591bb88_4_760x506.jpg","datePublished":"2020-03-18T08:37:54+00:00","dateModified":"2023-03-28T07:52:42+00:00","description":"Bug\u00fcn, aziz milletimizin inanc\u0131, vatan\u0131 ve de\u011ferleri u\u011fruna \u015fanl\u0131 bir direni\u015fle tarihin en b\u00fcy\u00fck kahramanl\u0131k destanlar\u0131ndan birini yazd\u0131\u011f\u0131 \u00c7anakkale Zaferinin 105. y\u0131ld\u00f6n\u00fcm\u00fcd\u00fcr.\u00a0","breadcrumb":{"@id":"https:\/\/tdv.org\/tr-TR\/diyanet-isleri-baskani-ve-tdv-mutevelli-heyeti-baskani-erbastan-canakkale-zaferinin-105-yil-donumu-mesaji\/#breadcrumb"},"inLanguage":"tr","potentialAction":[{"@type":"ReadAction","target":["https:\/\/tdv.org\/tr-TR\/diyanet-isleri-baskani-ve-tdv-mutevelli-heyeti-baskani-erbastan-canakkale-zaferinin-105-yil-donumu-mesaji\/"]}]},{"@type":"ImageObject","inLanguage":"tr","@id":"https:\/\/tdv.org\/tr-TR\/diyanet-isleri-baskani-ve-tdv-mutevelli-heyeti-baskani-erbastan-canakkale-zaferinin-105-yil-donumu-mesaji\/#primaryimage","url":"https:\/\/tdv.org\/tr-TR\/wp-content\/uploads\/2020\/03\/5225aecc-0b1f-4ec8-bff0-b421c591bb88_4_760x506.jpg","contentUrl":"https:\/\/tdv.org\/tr-TR\/wp-content\/uploads\/2020\/03\/5225aecc-0b1f-4ec8-bff0-b421c591bb88_4_760x506.jpg","width":760,"height":506},{"@type":"BreadcrumbList","@id":"https:\/\/tdv.org\/tr-TR\/diyanet-isleri-baskani-ve-tdv-mutevelli-heyeti-baskani-erbastan-canakkale-zaferinin-105-yil-donumu-mesaji\/#breadcrumb","itemListElement":[{"@type":"ListItem","position":1,"name":"Anasayfa","item":"https:\/\/tdv.org\/tr-TR\/"},{"@type":"ListItem","position":2,"name":"Diyanet \u0130\u015fleri Ba\u015fkan\u0131 ve TDV M\u00fctevelli Heyeti Ba\u015fkan\u0131 Erba\u015f\u2019tan, \u00c7anakkale Zaferinin 105. y\u0131l d\u00f6n\u00fcm\u00fc mesaj\u0131"}]},{"@type":"WebSite","@id":"https:\/\/tdv.org\/tr-TR\/#website","url":"https:\/\/tdv.org\/tr-TR\/","name":"T\u00fcrkiye Diyanet Vakf\u0131 Resmi Web Sitesi","description":"Yery\u00fcz\u00fcnde iyilik egemen oluncaya kadar","publisher":{"@id":"https:\/\/tdv.org\/tr-TR\/#organization"},"alternateName":"T\u00fcrkiye Diyanet Vakf\u0131","potentialAction":[{"@type":"SearchAction","target":{"@type":"EntryPoint","urlTemplate":"https:\/\/tdv.org\/tr-TR\/?s={search_term_string}"},"query-input":{"@type":"PropertyValueSpecification","valueRequired":true,"valueName":"search_term_string"}}],"inLanguage":"tr"},{"@type":"Organization","@id":"https:\/\/tdv.org\/tr-TR\/#organization","name":"T\u00fcrkiye Diyanet Vakf\u0131","alternateName":"T\u00fcrkiye Diyanet Vakf\u0131","url":"https:\/\/tdv.org\/tr-TR\/","logo":{"@type":"ImageObject","inLanguage":"tr","@id":"https:\/\/tdv.org\/tr-TR\/#\/schema\/logo\/image\/","url":"https:\/\/tdv.org\/tr-TR\/wp-content\/uploads\/2018\/12\/TDV_Logo_1.png","contentUrl":"https:\/\/tdv.org\/tr-TR\/wp-content\/uploads\/2018\/12\/TDV_Logo_1.png","width":207,"height":71,"caption":"T\u00fcrkiye Diyanet Vakf\u0131"},"image":{"@id":"https:\/\/tdv.org\/tr-TR\/#\/schema\/logo\/image\/"},"sameAs":["https:\/\/www.facebook.com\/Diyanetvakfi\/","https:\/\/x.com\/DiyanetVakfi","https:\/\/www.instagram.com\/turkiyediyanetvakfi\/","https:\/\/www.youtube.com\/user\/TurkiyeDiyanetVakfi"]},{"@type":"Person","@id":"https:\/\/tdv.org\/tr-TR\/#\/schema\/person\/8dcf742852c4614c6fdadb92da159c05","name":"U\u011fur","image":{"@type":"ImageObject","inLanguage":"tr","@id":"https:\/\/tdv.org\/tr-TR\/wp-content\/litespeed\/avatar\/b970c0eba1124f8268544e2640bfa964.jpg?ver=1776685107","url":"https:\/\/tdv.org\/tr-TR\/wp-content\/litespeed\/avatar\/b970c0eba1124f8268544e2640bfa964.jpg?ver=1776685107","contentUrl":"https:\/\/tdv.org\/tr-TR\/wp-content\/litespeed\/avatar\/b970c0eba1124f8268544e2640bfa964.jpg?ver=1776685107","caption":"U\u011fur"}}]}},"_links":{"self":[{"href":"https:\/\/tdv.org\/tr-TR\/wp-json\/wp\/v2\/posts\/6886","targetHints":{"allow":["GET"]}}],"collection":[{"href":"https:\/\/tdv.org\/tr-TR\/wp-json\/wp\/v2\/posts"}],"about":[{"href":"https:\/\/tdv.org\/tr-TR\/wp-json\/wp\/v2\/types\/post"}],"author":[{"embeddable":true,"href":"https:\/\/tdv.org\/tr-TR\/wp-json\/wp\/v2\/users\/7"}],"replies":[{"embeddable":true,"href":"https:\/\/tdv.org\/tr-TR\/wp-json\/wp\/v2\/comments?post=6886"}],"version-history":[{"count":1,"href":"https:\/\/tdv.org\/tr-TR\/wp-json\/wp\/v2\/posts\/6886\/revisions"}],"predecessor-version":[{"id":31537,"href":"https:\/\/tdv.org\/tr-TR\/wp-json\/wp\/v2\/posts\/6886\/revisions\/31537"}],"wp:featuredmedia":[{"embeddable":true,"href":"https:\/\/tdv.org\/tr-TR\/wp-json\/wp\/v2\/media\/6887"}],"wp:attachment":[{"href":"https:\/\/tdv.org\/tr-TR\/wp-json\/wp\/v2\/media?parent=6886"}],"wp:term":[{"taxonomy":"category","embeddable":true,"href":"https:\/\/tdv.org\/tr-TR\/wp-json\/wp\/v2\/categories?post=6886"},{"taxonomy":"post_tag","embeddable":true,"href":"https:\/\/tdv.org\/tr-TR\/wp-json\/wp\/v2\/tags?post=6886"}],"curies":[{"name":"wp","href":"https:\/\/api.w.org\/{rel}","templated":true}]}}