{"id":714,"date":"2018-12-03T15:51:09","date_gmt":"2018-12-03T12:51:09","guid":{"rendered":"http:\/\/tdvwptdvorg.azurewebsites.net\/?p=714"},"modified":"2023-05-15T15:12:17","modified_gmt":"2023-05-15T12:12:17","slug":"diyanet-isleri-baskani-erbas-kudus-tum-muslumanlarin-meselesidir","status":"publish","type":"post","link":"https:\/\/tdv.org\/tr-TR\/diyanet-isleri-baskani-erbas-kudus-tum-muslumanlarin-meselesidir\/","title":{"rendered":"Diyanet \u0130\u015fleri Ba\u015fkan\u0131 Erba\u015f: \u201cKud\u00fcs, t\u00fcm M\u00fcsl\u00fcmanlar\u0131n meselesidir\u201d"},"content":{"rendered":"<p style=\"text-align: justify;\">Diyanet \u0130\u015fleri Ba\u015fkan\u0131 ve T\u00fcrkiye Diyanet Vakf\u0131 M\u00fctevelli Heyeti Ba\u015fkan\u0131 Prof. Dr. Ali Erba\u015f, Mescid-i Aksa&#8217;n\u0131n ve Kud\u00fcs davas\u0131n\u0131n sadece Filistinlilerin ya da Araplar\u0131n de\u011fil, b\u00fct\u00fcn M\u00fcsl\u00fcmanlar\u0131n ortak meselesi oldu\u011funu belirtti.<br \/>\nB\u00f6lgesel ziyaretleri kapsam\u0131nda \u0130ran&#8217;da bulunan Diyanet \u0130\u015fleri Ba\u015fkan\u0131 Prof. Dr. Ali Erba\u015f, \u0130ran lideri Ali Hamaney&#8217;in Uluslararas\u0131 \u0130\u015flerden Sorumlu Ba\u015fkan Yard\u0131mc\u0131s\u0131 ve Uzmanlar Meclisi \u00dcyesi Ayetullah Muhsin Kumi ve Hamaney&#8217;in Hac \u0130\u015fleri Temsilcisi Gazi Asker ile g\u00f6r\u00fc\u015ft\u00fc.<\/p>\n<p style=\"text-align: justify;\">Kumi ile g\u00f6r\u00fc\u015fmesinde, dost ve karde\u015f iki \u00fclke T\u00fcrkiye ve \u0130ran&#8217;\u0131n \u0130slam \u00fcmmeti i\u00e7in yapmas\u0131 gereken i\u015f ve hizmetlerin aras\u0131nda Kud\u00fcs meselesinin ba\u015fta geldi\u011fini dile getiren Diyanet \u0130\u015fleri Ba\u015fkan\u0131 Erba\u015f, Kud\u00fcs bilincinin canl\u0131 tutulmas\u0131 i\u00e7in T\u00fcrkiye\u2019de pek \u00e7ok program\u0131n d\u00fczenlendi\u011fini belirtti.<\/p>\n<p style=\"text-align: justify;\"><strong>\u201cMescid-i Aksa\u2019ya ve Kud\u00fcs davas\u0131na daha g\u00fc\u00e7l\u00fc sahip \u00e7\u0131kmal\u0131y\u0131z\u201d<\/strong><\/p>\n<p style=\"text-align: justify;\">ABD\u2019nin B\u00fcy\u00fckel\u00e7ili\u011fini Kud\u00fcs\u2019e ta\u015f\u0131yaca\u011f\u0131n\u0131 a\u00e7\u0131klad\u0131\u011f\u0131 zaman, Diyanet \u0130\u015fleri Ba\u015fkanl\u0131\u011f\u0131n\u0131n Ocak ay\u0131 i\u00e7erisinde uluslararas\u0131 bir toplant\u0131 yapt\u0131\u011f\u0131n\u0131 hat\u0131rlatan Ba\u015fkan Erba\u015f, bu toplant\u0131ya 25 \u00fclkeden 100\u2019\u00fcn \u00fczerinde kat\u0131l\u0131mc\u0131n\u0131n da i\u015ftirak etti\u011fini aktard\u0131.<\/p>\n<p style=\"text-align: justify;\">Ba\u015fkan Erba\u015f, toplant\u0131 sonunda haz\u0131rlanan 22 maddelik sonu\u00e7 bildirgesiyle \u201cKud\u00fcs\u2019\u00fcn M\u00fcsl\u00fcmanlar\u0131n ebedi ba\u015fkenti\u201d oldu\u011funu y\u00fcksek sesle dile getirdiklerini ifade etti.<\/p>\n<p style=\"text-align: justify;\">Ba\u015fkanl\u0131k ve T\u00fcrkiye Diyanet Vakf\u0131 (TDV) olarak Gazze\u2019de 2009 y\u0131l\u0131ndaki sava\u015fta y\u0131k\u0131lan camilerin yeniden in\u015fas\u0131ndan \u00fcniversite \u00f6\u011frencilerinin burslar\u0131n\u0131 kar\u015f\u0131lamaya kadar pek \u00e7ok alanda Filistinlilere destek olmaya \u00e7al\u0131\u015ft\u0131klar\u0131n\u0131 vurgulayan Ba\u015fkan Erba\u015f, s\u00f6zlerini \u015f\u00f6yle s\u00fcrd\u00fcrd\u00fc:<\/p>\n<p style=\"text-align: justify;\">\u201cMescid-i Aksa ve Kud\u00fcs davas\u0131 sadece Filistinlilerin ya da Araplar\u0131n de\u011fil, b\u00fct\u00fcn M\u00fcsl\u00fcmanlar\u0131n ortak meselesidir. A\u00e7\u0131k\u00e7a ifade etmek isterim ki, \u0130slam d\u00fcnyas\u0131n\u0131n iki g\u00fc\u00e7l\u00fc ve \u00f6nemli \u00fclkesi T\u00fcrkiye ve \u0130ran\u2019\u0131n \u00e2limlerine d\u00fc\u015fen Mescid-i Aksa\u2019ya ve Kud\u00fcs davas\u0131na daha g\u00fc\u00e7l\u00fc sahip \u00e7\u0131kmakt\u0131r.\u201d<\/p>\n<p style=\"text-align: justify;\"><strong>Ba\u015fkan Erba\u015f, Hac \u0130\u015fleri Temsilcisi Gazi Asger ile g\u00f6r\u00fc\u015ft\u00fc<\/strong><\/p>\n<p style=\"text-align: justify;\">Ba\u015fkan Erba\u015f, Hac \u0130\u015fleri Temsilcisi Gazi Asger ile g\u00f6r\u00fc\u015fmesinde de iki milletin as\u0131rlard\u0131r ayn\u0131 medeniyet havzas\u0131nda, ayn\u0131 k\u00fclt\u00fcre sahip olduklar\u0131n\u0131 dile getirdi.<\/p>\n<p style=\"text-align: justify;\">T\u00fcrkiye ve \u0130ran&#8217;\u0131n, Endonezya&#8217;dan sonra en fazla hac\u0131 aday\u0131 g\u00f6nderdi\u011fini ve kar\u015f\u0131l\u0131kl\u0131 olarak birbirlerinin tecr\u00fcbesinden istifade edebileceklerini belirten Ba\u015fkan Erba\u015f, \u0130ran\u2019dan 85 bin, T\u00fcrkiye\u2019den de 83 bin ki\u015finin hac\u0131 oldu\u011funu ifade etti.<\/p>\n<p style=\"text-align: justify;\">Ba\u015fkan Erba\u015f, g\u00f6r\u00fc\u015fme s\u0131ras\u0131nda Diyanet Yay\u0131nlar\u0131 ve TDV&#8217;nin de \u00e7al\u0131\u015fmalar\u0131na de\u011finerek, TDV\u2019nin bu y\u0131l 430 bin kurban hissesini 145 \u00fclkede keserek da\u011f\u0131tt\u0131\u011f\u0131n\u0131 ve farkl\u0131 \u00fclkelerde 10 bin \u00f6\u011frenciye burs verdi\u011fini aktard\u0131.<\/p>\n<p style=\"text-align: justify;\">Hac \u0130\u015fleri Temsilcisi Gazi Asger ise T\u00fcrkiye ile her alanda i\u015f birli\u011fi yapmak istediklerini dile getirdi.<\/p>\n<p style=\"text-align: justify;\">T\u00fcrkiye ile ili\u015fkilerinin \u00e7ok \u00f6nemli ve stratejik oldu\u011funa vurgu yapan Asger, ge\u00e7mi\u015fte iyi olan ili\u015fkilerin gelecekte daha ileri bir seviyeye ta\u015f\u0131nmas\u0131n\u0131 \u00fcmit ettiklerini ifade etti.<\/p>\n<p style=\"text-align: justify;\">Diyanet \u0130\u015fleri Ba\u015fkan\u0131 Erba\u015f&#8217;a Tahran ziyaretinde Din \u0130\u015fleri Y\u00fcksek Kurulu Ba\u015fkan\u0131 Dr. Ekrem Kele\u015f, Ba\u015fkan Yard\u0131mc\u0131lar\u0131 Dr. Selim Argun, Prof. Dr. Ramazan Muslu,\u00a0T\u00fcrkiye Diyanet Vakf\u0131 Genel M\u00fcd\u00fcr\u00fc\u00a0Mehmet Sava\u015f Polat, D\u0131\u015f \u0130li\u015fkiler Genel M\u00fcd\u00fcr\u00fc Erdal Atalay, \u0130nsan Kaynaklar\u0131 Genel M\u00fcd\u00fcr\u00fc Dr. Burhan Erku\u015f, Dini Yay\u0131nlar Genel M\u00fcd\u00fcr\u00fc Dr. Fatih Kurt, M\u00fcsl\u00fcman \u00dclke ve Topluluklar Daire Ba\u015fkan\u0131 Ensari Yent\u00fcrk&#8217;\u00fcn yan\u0131 s\u0131ra kurum y\u00f6neticileri de e\u015flik etti.<\/p>\n","protected":false},"excerpt":{"rendered":"<p>Diyanet \u0130\u015fleri Ba\u015fkan\u0131 ve T\u00fcrkiye Diyanet Vakf\u0131 M\u00fctevelli Heyeti Ba\u015fkan\u0131 Prof. Dr. Ali Erba\u015f, Mescid-i Aksa&#8217;n\u0131n ve Kud\u00fcs davas\u0131n\u0131n sadece Filistinlilerin ya da Araplar\u0131n de\u011fil, b\u00fct\u00fcn M\u00fcsl\u00fcmanlar\u0131n ortak meselesi oldu\u011funu&#8230;<\/p>\n","protected":false},"author":1,"featured_media":715,"comment_status":"open","ping_status":"closed","sticky":false,"template":"","format":"standard","meta":{"footnotes":""},"categories":[1],"tags":[259,110,106,320,318,319,142,260],"class_list":{"0":"post-714","1":"post","2":"type-post","3":"status-publish","4":"format-standard","5":"has-post-thumbnail","7":"category-haberler","8":"tag-diyanet-isleri-baskani","9":"tag-filistin","10":"tag-gazze","11":"tag-kubbetus-sahra","12":"tag-kudus","13":"tag-mescid-i-aksa","14":"tag-prof-dr-ali-erbas","15":"tag-tdv-mutevelli-heyeti-baskani"},"yoast_head":"<!-- This site is optimized with the Yoast SEO plugin v27.5 - https:\/\/yoast.com\/product\/yoast-seo-wordpress\/ -->\n<title>Diyanet \u0130\u015fleri Ba\u015fkan\u0131 Erba\u015f: \u201cKud\u00fcs, t\u00fcm M\u00fcsl\u00fcmanlar\u0131n meselesidir\u201d<\/title>\n<meta name=\"description\" content=\"Diyanet \u0130\u015fleri Ba\u015fkan\u0131 ve T\u00fcrkiye Diyanet Vakf\u0131 M\u00fctevelli Heyeti Ba\u015fkan\u0131 Prof. Dr. Ali Erba\u015f, Mescid-i Aksa&#039;n\u0131n ve Kud\u00fcs davas\u0131n\u0131n sadece Filistinlilerin ya da Araplar\u0131n de\u011fil, b\u00fct\u00fcn M\u00fcsl\u00fcmanlar\u0131n ortak meselesi oldu\u011funu belirtti.\" \/>\n<meta name=\"robots\" content=\"index, follow, max-snippet:-1, max-image-preview:large, max-video-preview:-1\" \/>\n<link rel=\"canonical\" href=\"https:\/\/tdv.org\/tr-TR\/diyanet-isleri-baskani-erbas-kudus-tum-muslumanlarin-meselesidir\/\" \/>\n<meta property=\"og:locale\" content=\"tr_TR\" \/>\n<meta property=\"og:type\" content=\"article\" \/>\n<meta property=\"og:title\" content=\"Diyanet \u0130\u015fleri Ba\u015fkan\u0131 Erba\u015f: \u201cKud\u00fcs, t\u00fcm M\u00fcsl\u00fcmanlar\u0131n meselesidir\u201d\" \/>\n<meta property=\"og:description\" content=\"Diyanet \u0130\u015fleri Ba\u015fkan\u0131 ve T\u00fcrkiye Diyanet Vakf\u0131 M\u00fctevelli Heyeti Ba\u015fkan\u0131 Prof. Dr. Ali Erba\u015f, Mescid-i Aksa&#039;n\u0131n ve Kud\u00fcs davas\u0131n\u0131n sadece Filistinlilerin ya da Araplar\u0131n de\u011fil, b\u00fct\u00fcn M\u00fcsl\u00fcmanlar\u0131n ortak meselesi oldu\u011funu belirtti.\" \/>\n<meta property=\"og:url\" content=\"https:\/\/tdv.org\/tr-TR\/diyanet-isleri-baskani-erbas-kudus-tum-muslumanlarin-meselesidir\/\" \/>\n<meta property=\"og:site_name\" content=\"T\u00fcrkiye Diyanet Vakf\u0131 Resmi Web Sitesi\" \/>\n<meta property=\"article:publisher\" content=\"https:\/\/www.facebook.com\/Diyanetvakfi\/\" \/>\n<meta property=\"article:published_time\" content=\"2018-12-03T12:51:09+00:00\" \/>\n<meta property=\"article:modified_time\" content=\"2023-05-15T12:12:17+00:00\" \/>\n<meta property=\"og:image\" content=\"https:\/\/tdv.org\/tr-TR\/wp-content\/uploads\/2019\/01\/18-12-03-8-8-16_B_11.jpg\" \/>\n\t<meta property=\"og:image:width\" content=\"1200\" \/>\n\t<meta property=\"og:image:height\" content=\"770\" \/>\n\t<meta property=\"og:image:type\" content=\"image\/jpeg\" \/>\n<meta name=\"author\" content=\"celal\" \/>\n<meta name=\"twitter:card\" content=\"summary_large_image\" \/>\n<meta name=\"twitter:creator\" content=\"@DiyanetVakfi\" \/>\n<meta name=\"twitter:site\" content=\"@DiyanetVakfi\" \/>\n<script type=\"application\/ld+json\" class=\"yoast-schema-graph\">{\"@context\":\"https:\\\/\\\/schema.org\",\"@graph\":[{\"@type\":\"Article\",\"@id\":\"https:\\\/\\\/tdv.org\\\/tr-TR\\\/diyanet-isleri-baskani-erbas-kudus-tum-muslumanlarin-meselesidir\\\/#article\",\"isPartOf\":{\"@id\":\"https:\\\/\\\/tdv.org\\\/tr-TR\\\/diyanet-isleri-baskani-erbas-kudus-tum-muslumanlarin-meselesidir\\\/\"},\"author\":{\"name\":\"celal\",\"@id\":\"https:\\\/\\\/tdv.org\\\/tr-TR\\\/#\\\/schema\\\/person\\\/4ff054dae2414b5daef8d503c0d6a2a5\"},\"headline\":\"Diyanet \u0130\u015fleri Ba\u015fkan\u0131 Erba\u015f: \u201cKud\u00fcs, t\u00fcm M\u00fcsl\u00fcmanlar\u0131n meselesidir\u201d\",\"datePublished\":\"2018-12-03T12:51:09+00:00\",\"dateModified\":\"2023-05-15T12:12:17+00:00\",\"mainEntityOfPage\":{\"@id\":\"https:\\\/\\\/tdv.org\\\/tr-TR\\\/diyanet-isleri-baskani-erbas-kudus-tum-muslumanlarin-meselesidir\\\/\"},\"wordCount\":653,\"commentCount\":0,\"publisher\":{\"@id\":\"https:\\\/\\\/tdv.org\\\/tr-TR\\\/#organization\"},\"image\":{\"@id\":\"https:\\\/\\\/tdv.org\\\/tr-TR\\\/diyanet-isleri-baskani-erbas-kudus-tum-muslumanlarin-meselesidir\\\/#primaryimage\"},\"thumbnailUrl\":\"https:\\\/\\\/tdv.org\\\/tr-TR\\\/wp-content\\\/uploads\\\/2019\\\/01\\\/18-12-03-8-8-16_B_11.jpg\",\"keywords\":[\"Diyanet \u0130\u015fleri Ba\u015fkan\u0131\",\"filistin\",\"gazze\",\"Kubbet\u00fcs Sahra\",\"Kud\u00fcs\",\"Mescid-i Aksa\",\"Prof. Dr. Ali Erba\u015f\",\"TDV M\u00fctevelli Heyeti Ba\u015fkan\u0131\"],\"articleSection\":[\"Haberler\"],\"inLanguage\":\"tr\",\"potentialAction\":[{\"@type\":\"CommentAction\",\"name\":\"Comment\",\"target\":[\"https:\\\/\\\/tdv.org\\\/tr-TR\\\/diyanet-isleri-baskani-erbas-kudus-tum-muslumanlarin-meselesidir\\\/#respond\"]}]},{\"@type\":\"WebPage\",\"@id\":\"https:\\\/\\\/tdv.org\\\/tr-TR\\\/diyanet-isleri-baskani-erbas-kudus-tum-muslumanlarin-meselesidir\\\/\",\"url\":\"https:\\\/\\\/tdv.org\\\/tr-TR\\\/diyanet-isleri-baskani-erbas-kudus-tum-muslumanlarin-meselesidir\\\/\",\"name\":\"Diyanet \u0130\u015fleri Ba\u015fkan\u0131 Erba\u015f: \u201cKud\u00fcs, t\u00fcm M\u00fcsl\u00fcmanlar\u0131n meselesidir\u201d\",\"isPartOf\":{\"@id\":\"https:\\\/\\\/tdv.org\\\/tr-TR\\\/#website\"},\"primaryImageOfPage\":{\"@id\":\"https:\\\/\\\/tdv.org\\\/tr-TR\\\/diyanet-isleri-baskani-erbas-kudus-tum-muslumanlarin-meselesidir\\\/#primaryimage\"},\"image\":{\"@id\":\"https:\\\/\\\/tdv.org\\\/tr-TR\\\/diyanet-isleri-baskani-erbas-kudus-tum-muslumanlarin-meselesidir\\\/#primaryimage\"},\"thumbnailUrl\":\"https:\\\/\\\/tdv.org\\\/tr-TR\\\/wp-content\\\/uploads\\\/2019\\\/01\\\/18-12-03-8-8-16_B_11.jpg\",\"datePublished\":\"2018-12-03T12:51:09+00:00\",\"dateModified\":\"2023-05-15T12:12:17+00:00\",\"description\":\"Diyanet \u0130\u015fleri Ba\u015fkan\u0131 ve T\u00fcrkiye Diyanet Vakf\u0131 M\u00fctevelli Heyeti Ba\u015fkan\u0131 Prof. Dr. Ali Erba\u015f, Mescid-i Aksa'n\u0131n ve Kud\u00fcs davas\u0131n\u0131n sadece Filistinlilerin ya da Araplar\u0131n de\u011fil, b\u00fct\u00fcn M\u00fcsl\u00fcmanlar\u0131n ortak meselesi oldu\u011funu belirtti.\",\"breadcrumb\":{\"@id\":\"https:\\\/\\\/tdv.org\\\/tr-TR\\\/diyanet-isleri-baskani-erbas-kudus-tum-muslumanlarin-meselesidir\\\/#breadcrumb\"},\"inLanguage\":\"tr\",\"potentialAction\":[{\"@type\":\"ReadAction\",\"target\":[\"https:\\\/\\\/tdv.org\\\/tr-TR\\\/diyanet-isleri-baskani-erbas-kudus-tum-muslumanlarin-meselesidir\\\/\"]}]},{\"@type\":\"ImageObject\",\"inLanguage\":\"tr\",\"@id\":\"https:\\\/\\\/tdv.org\\\/tr-TR\\\/diyanet-isleri-baskani-erbas-kudus-tum-muslumanlarin-meselesidir\\\/#primaryimage\",\"url\":\"https:\\\/\\\/tdv.org\\\/tr-TR\\\/wp-content\\\/uploads\\\/2019\\\/01\\\/18-12-03-8-8-16_B_11.jpg\",\"contentUrl\":\"https:\\\/\\\/tdv.org\\\/tr-TR\\\/wp-content\\\/uploads\\\/2019\\\/01\\\/18-12-03-8-8-16_B_11.jpg\",\"width\":1200,\"height\":770},{\"@type\":\"BreadcrumbList\",\"@id\":\"https:\\\/\\\/tdv.org\\\/tr-TR\\\/diyanet-isleri-baskani-erbas-kudus-tum-muslumanlarin-meselesidir\\\/#breadcrumb\",\"itemListElement\":[{\"@type\":\"ListItem\",\"position\":1,\"name\":\"Anasayfa\",\"item\":\"https:\\\/\\\/tdv.org\\\/tr-TR\\\/\"},{\"@type\":\"ListItem\",\"position\":2,\"name\":\"Diyanet \u0130\u015fleri Ba\u015fkan\u0131 Erba\u015f: \u201cKud\u00fcs, t\u00fcm M\u00fcsl\u00fcmanlar\u0131n meselesidir\u201d\"}]},{\"@type\":\"WebSite\",\"@id\":\"https:\\\/\\\/tdv.org\\\/tr-TR\\\/#website\",\"url\":\"https:\\\/\\\/tdv.org\\\/tr-TR\\\/\",\"name\":\"T\u00fcrkiye Diyanet Vakf\u0131 Resmi Web Sitesi\",\"description\":\"Yery\u00fcz\u00fcnde iyilik egemen oluncaya kadar\",\"publisher\":{\"@id\":\"https:\\\/\\\/tdv.org\\\/tr-TR\\\/#organization\"},\"alternateName\":\"T\u00fcrkiye Diyanet Vakf\u0131\",\"potentialAction\":[{\"@type\":\"SearchAction\",\"target\":{\"@type\":\"EntryPoint\",\"urlTemplate\":\"https:\\\/\\\/tdv.org\\\/tr-TR\\\/?s={search_term_string}\"},\"query-input\":{\"@type\":\"PropertyValueSpecification\",\"valueRequired\":true,\"valueName\":\"search_term_string\"}}],\"inLanguage\":\"tr\"},{\"@type\":\"Organization\",\"@id\":\"https:\\\/\\\/tdv.org\\\/tr-TR\\\/#organization\",\"name\":\"T\u00fcrkiye Diyanet Vakf\u0131\",\"alternateName\":\"T\u00fcrkiye Diyanet Vakf\u0131\",\"url\":\"https:\\\/\\\/tdv.org\\\/tr-TR\\\/\",\"logo\":{\"@type\":\"ImageObject\",\"inLanguage\":\"tr\",\"@id\":\"https:\\\/\\\/tdv.org\\\/tr-TR\\\/#\\\/schema\\\/logo\\\/image\\\/\",\"url\":\"https:\\\/\\\/tdv.org\\\/tr-TR\\\/wp-content\\\/uploads\\\/2018\\\/12\\\/TDV_Logo_1.png\",\"contentUrl\":\"https:\\\/\\\/tdv.org\\\/tr-TR\\\/wp-content\\\/uploads\\\/2018\\\/12\\\/TDV_Logo_1.png\",\"width\":207,\"height\":71,\"caption\":\"T\u00fcrkiye Diyanet Vakf\u0131\"},\"image\":{\"@id\":\"https:\\\/\\\/tdv.org\\\/tr-TR\\\/#\\\/schema\\\/logo\\\/image\\\/\"},\"sameAs\":[\"https:\\\/\\\/www.facebook.com\\\/Diyanetvakfi\\\/\",\"https:\\\/\\\/x.com\\\/DiyanetVakfi\",\"https:\\\/\\\/www.instagram.com\\\/turkiyediyanetvakfi\\\/\",\"https:\\\/\\\/www.youtube.com\\\/user\\\/TurkiyeDiyanetVakfi\"]},{\"@type\":\"Person\",\"@id\":\"https:\\\/\\\/tdv.org\\\/tr-TR\\\/#\\\/schema\\\/person\\\/4ff054dae2414b5daef8d503c0d6a2a5\",\"name\":\"celal\",\"image\":{\"@type\":\"ImageObject\",\"inLanguage\":\"tr\",\"@id\":\"https:\\\/\\\/tdv.org\\\/tr-TR\\\/wp-content\\\/litespeed\\\/avatar\\\/a986e64435da6232fd11f93e300a3faf.jpg?ver=1777340301\",\"url\":\"https:\\\/\\\/tdv.org\\\/tr-TR\\\/wp-content\\\/litespeed\\\/avatar\\\/a986e64435da6232fd11f93e300a3faf.jpg?ver=1777340301\",\"contentUrl\":\"https:\\\/\\\/tdv.org\\\/tr-TR\\\/wp-content\\\/litespeed\\\/avatar\\\/a986e64435da6232fd11f93e300a3faf.jpg?ver=1777340301\",\"caption\":\"celal\"}}]}<\/script>\n<!-- \/ Yoast SEO plugin. -->","yoast_head_json":{"title":"Diyanet \u0130\u015fleri Ba\u015fkan\u0131 Erba\u015f: \u201cKud\u00fcs, t\u00fcm M\u00fcsl\u00fcmanlar\u0131n meselesidir\u201d","description":"Diyanet \u0130\u015fleri Ba\u015fkan\u0131 ve T\u00fcrkiye Diyanet Vakf\u0131 M\u00fctevelli Heyeti Ba\u015fkan\u0131 Prof. Dr. Ali Erba\u015f, Mescid-i Aksa'n\u0131n ve Kud\u00fcs davas\u0131n\u0131n sadece Filistinlilerin ya da Araplar\u0131n de\u011fil, b\u00fct\u00fcn M\u00fcsl\u00fcmanlar\u0131n ortak meselesi oldu\u011funu belirtti.","robots":{"index":"index","follow":"follow","max-snippet":"max-snippet:-1","max-image-preview":"max-image-preview:large","max-video-preview":"max-video-preview:-1"},"canonical":"https:\/\/tdv.org\/tr-TR\/diyanet-isleri-baskani-erbas-kudus-tum-muslumanlarin-meselesidir\/","og_locale":"tr_TR","og_type":"article","og_title":"Diyanet \u0130\u015fleri Ba\u015fkan\u0131 Erba\u015f: \u201cKud\u00fcs, t\u00fcm M\u00fcsl\u00fcmanlar\u0131n meselesidir\u201d","og_description":"Diyanet \u0130\u015fleri Ba\u015fkan\u0131 ve T\u00fcrkiye Diyanet Vakf\u0131 M\u00fctevelli Heyeti Ba\u015fkan\u0131 Prof. Dr. Ali Erba\u015f, Mescid-i Aksa'n\u0131n ve Kud\u00fcs davas\u0131n\u0131n sadece Filistinlilerin ya da Araplar\u0131n de\u011fil, b\u00fct\u00fcn M\u00fcsl\u00fcmanlar\u0131n ortak meselesi oldu\u011funu belirtti.","og_url":"https:\/\/tdv.org\/tr-TR\/diyanet-isleri-baskani-erbas-kudus-tum-muslumanlarin-meselesidir\/","og_site_name":"T\u00fcrkiye Diyanet Vakf\u0131 Resmi Web Sitesi","article_publisher":"https:\/\/www.facebook.com\/Diyanetvakfi\/","article_published_time":"2018-12-03T12:51:09+00:00","article_modified_time":"2023-05-15T12:12:17+00:00","og_image":[{"width":1200,"height":770,"url":"https:\/\/tdv.org\/tr-TR\/wp-content\/uploads\/2019\/01\/18-12-03-8-8-16_B_11.jpg","type":"image\/jpeg"}],"author":"celal","twitter_card":"summary_large_image","twitter_creator":"@DiyanetVakfi","twitter_site":"@DiyanetVakfi","schema":{"@context":"https:\/\/schema.org","@graph":[{"@type":"Article","@id":"https:\/\/tdv.org\/tr-TR\/diyanet-isleri-baskani-erbas-kudus-tum-muslumanlarin-meselesidir\/#article","isPartOf":{"@id":"https:\/\/tdv.org\/tr-TR\/diyanet-isleri-baskani-erbas-kudus-tum-muslumanlarin-meselesidir\/"},"author":{"name":"celal","@id":"https:\/\/tdv.org\/tr-TR\/#\/schema\/person\/4ff054dae2414b5daef8d503c0d6a2a5"},"headline":"Diyanet \u0130\u015fleri Ba\u015fkan\u0131 Erba\u015f: \u201cKud\u00fcs, t\u00fcm M\u00fcsl\u00fcmanlar\u0131n meselesidir\u201d","datePublished":"2018-12-03T12:51:09+00:00","dateModified":"2023-05-15T12:12:17+00:00","mainEntityOfPage":{"@id":"https:\/\/tdv.org\/tr-TR\/diyanet-isleri-baskani-erbas-kudus-tum-muslumanlarin-meselesidir\/"},"wordCount":653,"commentCount":0,"publisher":{"@id":"https:\/\/tdv.org\/tr-TR\/#organization"},"image":{"@id":"https:\/\/tdv.org\/tr-TR\/diyanet-isleri-baskani-erbas-kudus-tum-muslumanlarin-meselesidir\/#primaryimage"},"thumbnailUrl":"https:\/\/tdv.org\/tr-TR\/wp-content\/uploads\/2019\/01\/18-12-03-8-8-16_B_11.jpg","keywords":["Diyanet \u0130\u015fleri Ba\u015fkan\u0131","filistin","gazze","Kubbet\u00fcs Sahra","Kud\u00fcs","Mescid-i Aksa","Prof. Dr. Ali Erba\u015f","TDV M\u00fctevelli Heyeti Ba\u015fkan\u0131"],"articleSection":["Haberler"],"inLanguage":"tr","potentialAction":[{"@type":"CommentAction","name":"Comment","target":["https:\/\/tdv.org\/tr-TR\/diyanet-isleri-baskani-erbas-kudus-tum-muslumanlarin-meselesidir\/#respond"]}]},{"@type":"WebPage","@id":"https:\/\/tdv.org\/tr-TR\/diyanet-isleri-baskani-erbas-kudus-tum-muslumanlarin-meselesidir\/","url":"https:\/\/tdv.org\/tr-TR\/diyanet-isleri-baskani-erbas-kudus-tum-muslumanlarin-meselesidir\/","name":"Diyanet \u0130\u015fleri Ba\u015fkan\u0131 Erba\u015f: \u201cKud\u00fcs, t\u00fcm M\u00fcsl\u00fcmanlar\u0131n meselesidir\u201d","isPartOf":{"@id":"https:\/\/tdv.org\/tr-TR\/#website"},"primaryImageOfPage":{"@id":"https:\/\/tdv.org\/tr-TR\/diyanet-isleri-baskani-erbas-kudus-tum-muslumanlarin-meselesidir\/#primaryimage"},"image":{"@id":"https:\/\/tdv.org\/tr-TR\/diyanet-isleri-baskani-erbas-kudus-tum-muslumanlarin-meselesidir\/#primaryimage"},"thumbnailUrl":"https:\/\/tdv.org\/tr-TR\/wp-content\/uploads\/2019\/01\/18-12-03-8-8-16_B_11.jpg","datePublished":"2018-12-03T12:51:09+00:00","dateModified":"2023-05-15T12:12:17+00:00","description":"Diyanet \u0130\u015fleri Ba\u015fkan\u0131 ve T\u00fcrkiye Diyanet Vakf\u0131 M\u00fctevelli Heyeti Ba\u015fkan\u0131 Prof. Dr. Ali Erba\u015f, Mescid-i Aksa'n\u0131n ve Kud\u00fcs davas\u0131n\u0131n sadece Filistinlilerin ya da Araplar\u0131n de\u011fil, b\u00fct\u00fcn M\u00fcsl\u00fcmanlar\u0131n ortak meselesi oldu\u011funu belirtti.","breadcrumb":{"@id":"https:\/\/tdv.org\/tr-TR\/diyanet-isleri-baskani-erbas-kudus-tum-muslumanlarin-meselesidir\/#breadcrumb"},"inLanguage":"tr","potentialAction":[{"@type":"ReadAction","target":["https:\/\/tdv.org\/tr-TR\/diyanet-isleri-baskani-erbas-kudus-tum-muslumanlarin-meselesidir\/"]}]},{"@type":"ImageObject","inLanguage":"tr","@id":"https:\/\/tdv.org\/tr-TR\/diyanet-isleri-baskani-erbas-kudus-tum-muslumanlarin-meselesidir\/#primaryimage","url":"https:\/\/tdv.org\/tr-TR\/wp-content\/uploads\/2019\/01\/18-12-03-8-8-16_B_11.jpg","contentUrl":"https:\/\/tdv.org\/tr-TR\/wp-content\/uploads\/2019\/01\/18-12-03-8-8-16_B_11.jpg","width":1200,"height":770},{"@type":"BreadcrumbList","@id":"https:\/\/tdv.org\/tr-TR\/diyanet-isleri-baskani-erbas-kudus-tum-muslumanlarin-meselesidir\/#breadcrumb","itemListElement":[{"@type":"ListItem","position":1,"name":"Anasayfa","item":"https:\/\/tdv.org\/tr-TR\/"},{"@type":"ListItem","position":2,"name":"Diyanet \u0130\u015fleri Ba\u015fkan\u0131 Erba\u015f: \u201cKud\u00fcs, t\u00fcm M\u00fcsl\u00fcmanlar\u0131n meselesidir\u201d"}]},{"@type":"WebSite","@id":"https:\/\/tdv.org\/tr-TR\/#website","url":"https:\/\/tdv.org\/tr-TR\/","name":"T\u00fcrkiye Diyanet Vakf\u0131 Resmi Web Sitesi","description":"Yery\u00fcz\u00fcnde iyilik egemen oluncaya kadar","publisher":{"@id":"https:\/\/tdv.org\/tr-TR\/#organization"},"alternateName":"T\u00fcrkiye Diyanet Vakf\u0131","potentialAction":[{"@type":"SearchAction","target":{"@type":"EntryPoint","urlTemplate":"https:\/\/tdv.org\/tr-TR\/?s={search_term_string}"},"query-input":{"@type":"PropertyValueSpecification","valueRequired":true,"valueName":"search_term_string"}}],"inLanguage":"tr"},{"@type":"Organization","@id":"https:\/\/tdv.org\/tr-TR\/#organization","name":"T\u00fcrkiye Diyanet Vakf\u0131","alternateName":"T\u00fcrkiye Diyanet Vakf\u0131","url":"https:\/\/tdv.org\/tr-TR\/","logo":{"@type":"ImageObject","inLanguage":"tr","@id":"https:\/\/tdv.org\/tr-TR\/#\/schema\/logo\/image\/","url":"https:\/\/tdv.org\/tr-TR\/wp-content\/uploads\/2018\/12\/TDV_Logo_1.png","contentUrl":"https:\/\/tdv.org\/tr-TR\/wp-content\/uploads\/2018\/12\/TDV_Logo_1.png","width":207,"height":71,"caption":"T\u00fcrkiye Diyanet Vakf\u0131"},"image":{"@id":"https:\/\/tdv.org\/tr-TR\/#\/schema\/logo\/image\/"},"sameAs":["https:\/\/www.facebook.com\/Diyanetvakfi\/","https:\/\/x.com\/DiyanetVakfi","https:\/\/www.instagram.com\/turkiyediyanetvakfi\/","https:\/\/www.youtube.com\/user\/TurkiyeDiyanetVakfi"]},{"@type":"Person","@id":"https:\/\/tdv.org\/tr-TR\/#\/schema\/person\/4ff054dae2414b5daef8d503c0d6a2a5","name":"celal","image":{"@type":"ImageObject","inLanguage":"tr","@id":"https:\/\/tdv.org\/tr-TR\/wp-content\/litespeed\/avatar\/a986e64435da6232fd11f93e300a3faf.jpg?ver=1777340301","url":"https:\/\/tdv.org\/tr-TR\/wp-content\/litespeed\/avatar\/a986e64435da6232fd11f93e300a3faf.jpg?ver=1777340301","contentUrl":"https:\/\/tdv.org\/tr-TR\/wp-content\/litespeed\/avatar\/a986e64435da6232fd11f93e300a3faf.jpg?ver=1777340301","caption":"celal"}}]}},"_links":{"self":[{"href":"https:\/\/tdv.org\/tr-TR\/wp-json\/wp\/v2\/posts\/714","targetHints":{"allow":["GET"]}}],"collection":[{"href":"https:\/\/tdv.org\/tr-TR\/wp-json\/wp\/v2\/posts"}],"about":[{"href":"https:\/\/tdv.org\/tr-TR\/wp-json\/wp\/v2\/types\/post"}],"author":[{"embeddable":true,"href":"https:\/\/tdv.org\/tr-TR\/wp-json\/wp\/v2\/users\/1"}],"replies":[{"embeddable":true,"href":"https:\/\/tdv.org\/tr-TR\/wp-json\/wp\/v2\/comments?post=714"}],"version-history":[{"count":1,"href":"https:\/\/tdv.org\/tr-TR\/wp-json\/wp\/v2\/posts\/714\/revisions"}],"predecessor-version":[{"id":32511,"href":"https:\/\/tdv.org\/tr-TR\/wp-json\/wp\/v2\/posts\/714\/revisions\/32511"}],"wp:featuredmedia":[{"embeddable":true,"href":"https:\/\/tdv.org\/tr-TR\/wp-json\/wp\/v2\/media\/715"}],"wp:attachment":[{"href":"https:\/\/tdv.org\/tr-TR\/wp-json\/wp\/v2\/media?parent=714"}],"wp:term":[{"taxonomy":"category","embeddable":true,"href":"https:\/\/tdv.org\/tr-TR\/wp-json\/wp\/v2\/categories?post=714"},{"taxonomy":"post_tag","embeddable":true,"href":"https:\/\/tdv.org\/tr-TR\/wp-json\/wp\/v2\/tags?post=714"}],"curies":[{"name":"wp","href":"https:\/\/api.w.org\/{rel}","templated":true}]}}