{"id":8167,"date":"2020-08-05T14:29:32","date_gmt":"2020-08-05T11:29:32","guid":{"rendered":"https:\/\/tdv.org\/tr-TR\/?p=8167"},"modified":"2023-03-15T16:33:22","modified_gmt":"2023-03-15T13:33:22","slug":"tdvnin-uluslararasi-ogrenci-mulakatlarinin-bosna-hersek-ayagi-yapildi","status":"publish","type":"post","link":"https:\/\/tdv.org\/tr-TR\/tdvnin-uluslararasi-ogrenci-mulakatlarinin-bosna-hersek-ayagi-yapildi\/","title":{"rendered":"TDV&#8217;nin uluslararas\u0131 \u00f6\u011frenci m\u00fclakatlar\u0131n\u0131n Bosna Hersek aya\u011f\u0131 yap\u0131ld\u0131"},"content":{"rendered":"<p style=\"text-align: justify;\">T\u00fcrkiye Diyanet Vakf\u0131 (TDV) Uluslararas\u0131 \u0130mam Hatip Lisesi (U\u0130HL) ve Uluslararas\u0131 \u0130lahiyat Lisans Programlar\u0131 (U\u0130LP) kapsam\u0131nda T\u00fcrkiye&#8217;de burslu e\u011fitim g\u00f6rmek isteyen \u00f6\u011frenci m\u00fclakatlar\u0131n\u0131n Bosna Hersek aya\u011f\u0131 yap\u0131ld\u0131.<\/p>\n<p>TDV Ankara \u0130l E\u011fitim Hizmetleri Uzman\u0131 Abdulkadir Sylka, m\u00fclakatlar\u0131n son bir haftad\u0131r Balkan b\u00f6lgesinde devam etti\u011fine i\u015faret ederek, &#8220;Kosova, Arnavutluk ve S\u0131rbistan&#8217;da m\u00fclakatlar\u0131 tamamlad\u0131k. Bosna Hersek&#8217;in ard\u0131ndan Karada\u011f ve Kuzey Makedonya ile devam edece\u011fiz.&#8221; dedi.<\/p>\n<p>Balkanlar&#8217;dan yo\u011fun talep oldu\u011funu ifade eden Sylka, ba\u015fvurular\u0131n belli kriterler \u00e7er\u00e7evesinde de\u011ferlendirildi\u011fini ve se\u00e7ilen \u00f6\u011frencilerin m\u00fclakata \u00e7a\u011fr\u0131ld\u0131\u011f\u0131n\u0131 s\u00f6yledi.<\/p>\n<p>Sylka, Balkan \u00fclkelerinin T\u00fcrkiye ile ortak tarihi payla\u015ft\u0131\u011f\u0131n\u0131 an\u0131msatarak, &#8220;\u00d6\u011frenciler yurt d\u0131\u015f\u0131nda e\u011fitim i\u00e7in \u00f6ncelikli olarak T\u00fcrkiye&#8217;yi tercih ediyor.&#8221; diye konu\u015ftu.<\/p>\n<p>Balkanlar genelinde yakla\u015f\u0131k 100 \u00f6\u011frencinin m\u00fclakata al\u0131naca\u011f\u0131n\u0131 ifade eden Sylka, m\u00fclakatlar\u0131n yeni tip koronavir\u00fcs (Kovid-19) tedbirleri \u00e7er\u00e7evesinde ger\u00e7ekle\u015fti\u011fini kaydetti.<\/p>\n<p>M\u00fclakatlar\u0131n Bosna Hersek aya\u011f\u0131nda ba\u015fkent Saraybosna&#8217;da s\u00f6zl\u00fc ve yaz\u0131l\u0131 s\u0131nava al\u0131nan \u00f6\u011frenciler sonu\u00e7lar\u0131 15 Eyl\u00fcl&#8217;de \u00f6\u011frenebilecek.<\/p>\n<p>Bu arada, TDV&#8217;nin uluslararas\u0131 \u00f6\u011frenci programlar\u0131na bu y\u0131l 97 \u00fclkeden 6 bin 295 \u00f6\u011frencinin m\u00fcracaat etti\u011fi belirtildi. Bu kapsamda, U\u0130HL program\u0131nda 215, U\u0130LP program\u0131nda da 80 olmak \u00fczere toplam 295 \u00f6\u011frenci T\u00fcrkiye&#8217;de e\u011fitim g\u00f6rme imkan\u0131na kavu\u015facak.<\/p>\n<p><iframe src=\"https:\/\/www.youtube.com\/embed\/dM4BjrolIEs\" width=\"640\" height=\"480\" frameborder=\"0\" allowfullscreen=\"allowfullscreen\"><\/iframe><\/p>\n<p>&nbsp;<\/p>\n\n\t\t<style type=\"text\/css\">\n\t\t\t#gallery-1 {\n\t\t\t\tmargin: auto;\n\t\t\t}\n\t\t\t#gallery-1 .gallery-item {\n\t\t\t\tfloat: left;\n\t\t\t\tmargin-top: 10px;\n\t\t\t\ttext-align: center;\n\t\t\t\twidth: 33%;\n\t\t\t}\n\t\t\t#gallery-1 img {\n\t\t\t\tborder: 2px solid #cfcfcf;\n\t\t\t}\n\t\t\t#gallery-1 .gallery-caption {\n\t\t\t\tmargin-left: 0;\n\t\t\t}\n\t\t\t\/* see gallery_shortcode() in wp-includes\/media.php *\/\n\t\t<\/style>\n\t\t<div id='gallery-1' class='gallery galleryid-8167 gallery-columns-3 gallery-size-thumbnail'><dl class='gallery-item'>\n\t\t\t<dt class='gallery-icon landscape'>\n\t\t\t\t<a href='https:\/\/tdv.org\/tr-TR\/wp-content\/uploads\/2020\/08\/kosava-arnavutluk-10.jpg'><img decoding=\"async\" width=\"150\" height=\"150\" src=\"https:\/\/tdv.org\/tr-TR\/wp-content\/uploads\/2020\/08\/kosava-arnavutluk-10-150x150.jpg\" class=\"attachment-thumbnail size-thumbnail\" alt=\"\" srcset=\"https:\/\/tdv.org\/tr-TR\/wp-content\/uploads\/2020\/08\/kosava-arnavutluk-10-150x150.jpg 150w, https:\/\/tdv.org\/tr-TR\/wp-content\/uploads\/2020\/08\/kosava-arnavutluk-10-100x100.jpg 100w, https:\/\/tdv.org\/tr-TR\/wp-content\/uploads\/2020\/08\/kosava-arnavutluk-10-140x140.jpg 140w, https:\/\/tdv.org\/tr-TR\/wp-content\/uploads\/2020\/08\/kosava-arnavutluk-10-500x500.jpg 500w, https:\/\/tdv.org\/tr-TR\/wp-content\/uploads\/2020\/08\/kosava-arnavutluk-10-350x350.jpg 350w, https:\/\/tdv.org\/tr-TR\/wp-content\/uploads\/2020\/08\/kosava-arnavutluk-10-800x800.jpg 800w\" sizes=\"(max-width: 150px) 100vw, 150px\" \/><\/a>\n\t\t\t<\/dt><\/dl><dl class='gallery-item'>\n\t\t\t<dt class='gallery-icon landscape'>\n\t\t\t\t<a href='https:\/\/tdv.org\/tr-TR\/wp-content\/uploads\/2020\/08\/kosava-arnavutluk-9.jpg'><img decoding=\"async\" width=\"150\" height=\"150\" src=\"https:\/\/tdv.org\/tr-TR\/wp-content\/uploads\/2020\/08\/kosava-arnavutluk-9-150x150.jpg\" class=\"attachment-thumbnail size-thumbnail\" alt=\"\" srcset=\"https:\/\/tdv.org\/tr-TR\/wp-content\/uploads\/2020\/08\/kosava-arnavutluk-9-150x150.jpg 150w, https:\/\/tdv.org\/tr-TR\/wp-content\/uploads\/2020\/08\/kosava-arnavutluk-9-100x100.jpg 100w, https:\/\/tdv.org\/tr-TR\/wp-content\/uploads\/2020\/08\/kosava-arnavutluk-9-140x140.jpg 140w, https:\/\/tdv.org\/tr-TR\/wp-content\/uploads\/2020\/08\/kosava-arnavutluk-9-500x500.jpg 500w, https:\/\/tdv.org\/tr-TR\/wp-content\/uploads\/2020\/08\/kosava-arnavutluk-9-350x350.jpg 350w, https:\/\/tdv.org\/tr-TR\/wp-content\/uploads\/2020\/08\/kosava-arnavutluk-9-1000x1000.jpg 1000w, https:\/\/tdv.org\/tr-TR\/wp-content\/uploads\/2020\/08\/kosava-arnavutluk-9-800x800.jpg 800w\" sizes=\"(max-width: 150px) 100vw, 150px\" \/><\/a>\n\t\t\t<\/dt><\/dl><dl class='gallery-item'>\n\t\t\t<dt class='gallery-icon landscape'>\n\t\t\t\t<a href='https:\/\/tdv.org\/tr-TR\/wp-content\/uploads\/2020\/08\/kosava-arnavutluk-8.jpg'><img decoding=\"async\" width=\"150\" height=\"150\" src=\"https:\/\/tdv.org\/tr-TR\/wp-content\/uploads\/2020\/08\/kosava-arnavutluk-8-150x150.jpg\" class=\"attachment-thumbnail size-thumbnail\" alt=\"\" srcset=\"https:\/\/tdv.org\/tr-TR\/wp-content\/uploads\/2020\/08\/kosava-arnavutluk-8-150x150.jpg 150w, https:\/\/tdv.org\/tr-TR\/wp-content\/uploads\/2020\/08\/kosava-arnavutluk-8-100x100.jpg 100w, https:\/\/tdv.org\/tr-TR\/wp-content\/uploads\/2020\/08\/kosava-arnavutluk-8-140x140.jpg 140w, https:\/\/tdv.org\/tr-TR\/wp-content\/uploads\/2020\/08\/kosava-arnavutluk-8-500x500.jpg 500w, https:\/\/tdv.org\/tr-TR\/wp-content\/uploads\/2020\/08\/kosava-arnavutluk-8-350x350.jpg 350w, https:\/\/tdv.org\/tr-TR\/wp-content\/uploads\/2020\/08\/kosava-arnavutluk-8-1000x1000.jpg 1000w, https:\/\/tdv.org\/tr-TR\/wp-content\/uploads\/2020\/08\/kosava-arnavutluk-8-800x800.jpg 800w\" sizes=\"(max-width: 150px) 100vw, 150px\" \/><\/a>\n\t\t\t<\/dt><\/dl><br style=\"clear: both\" \/><dl class='gallery-item'>\n\t\t\t<dt class='gallery-icon landscape'>\n\t\t\t\t<a href='https:\/\/tdv.org\/tr-TR\/wp-content\/uploads\/2020\/08\/kosava-arnavutluk-7.jpg'><img decoding=\"async\" width=\"150\" height=\"150\" src=\"https:\/\/tdv.org\/tr-TR\/wp-content\/uploads\/2020\/08\/kosava-arnavutluk-7-150x150.jpg\" class=\"attachment-thumbnail size-thumbnail\" alt=\"\" srcset=\"https:\/\/tdv.org\/tr-TR\/wp-content\/uploads\/2020\/08\/kosava-arnavutluk-7-150x150.jpg 150w, https:\/\/tdv.org\/tr-TR\/wp-content\/uploads\/2020\/08\/kosava-arnavutluk-7-100x100.jpg 100w, https:\/\/tdv.org\/tr-TR\/wp-content\/uploads\/2020\/08\/kosava-arnavutluk-7-140x140.jpg 140w, https:\/\/tdv.org\/tr-TR\/wp-content\/uploads\/2020\/08\/kosava-arnavutluk-7-500x500.jpg 500w, https:\/\/tdv.org\/tr-TR\/wp-content\/uploads\/2020\/08\/kosava-arnavutluk-7-350x350.jpg 350w, https:\/\/tdv.org\/tr-TR\/wp-content\/uploads\/2020\/08\/kosava-arnavutluk-7-1000x1000.jpg 1000w, https:\/\/tdv.org\/tr-TR\/wp-content\/uploads\/2020\/08\/kosava-arnavutluk-7-800x800.jpg 800w\" sizes=\"(max-width: 150px) 100vw, 150px\" \/><\/a>\n\t\t\t<\/dt><\/dl><dl class='gallery-item'>\n\t\t\t<dt class='gallery-icon landscape'>\n\t\t\t\t<a href='https:\/\/tdv.org\/tr-TR\/wp-content\/uploads\/2020\/08\/kosava-arnavutluk-6.jpg'><img decoding=\"async\" width=\"150\" height=\"150\" src=\"https:\/\/tdv.org\/tr-TR\/wp-content\/uploads\/2020\/08\/kosava-arnavutluk-6-150x150.jpg\" class=\"attachment-thumbnail size-thumbnail\" alt=\"\" srcset=\"https:\/\/tdv.org\/tr-TR\/wp-content\/uploads\/2020\/08\/kosava-arnavutluk-6-150x150.jpg 150w, https:\/\/tdv.org\/tr-TR\/wp-content\/uploads\/2020\/08\/kosava-arnavutluk-6-100x100.jpg 100w, https:\/\/tdv.org\/tr-TR\/wp-content\/uploads\/2020\/08\/kosava-arnavutluk-6-140x140.jpg 140w, https:\/\/tdv.org\/tr-TR\/wp-content\/uploads\/2020\/08\/kosava-arnavutluk-6-500x500.jpg 500w, https:\/\/tdv.org\/tr-TR\/wp-content\/uploads\/2020\/08\/kosava-arnavutluk-6-350x350.jpg 350w, https:\/\/tdv.org\/tr-TR\/wp-content\/uploads\/2020\/08\/kosava-arnavutluk-6-1000x1000.jpg 1000w, https:\/\/tdv.org\/tr-TR\/wp-content\/uploads\/2020\/08\/kosava-arnavutluk-6-800x800.jpg 800w\" sizes=\"(max-width: 150px) 100vw, 150px\" \/><\/a>\n\t\t\t<\/dt><\/dl><dl class='gallery-item'>\n\t\t\t<dt class='gallery-icon landscape'>\n\t\t\t\t<a href='https:\/\/tdv.org\/tr-TR\/wp-content\/uploads\/2020\/08\/kosava-arnavutluk-5.jpg'><img decoding=\"async\" width=\"150\" height=\"150\" src=\"https:\/\/tdv.org\/tr-TR\/wp-content\/uploads\/2020\/08\/kosava-arnavutluk-5-150x150.jpg\" class=\"attachment-thumbnail size-thumbnail\" alt=\"\" srcset=\"https:\/\/tdv.org\/tr-TR\/wp-content\/uploads\/2020\/08\/kosava-arnavutluk-5-150x150.jpg 150w, https:\/\/tdv.org\/tr-TR\/wp-content\/uploads\/2020\/08\/kosava-arnavutluk-5-100x100.jpg 100w, https:\/\/tdv.org\/tr-TR\/wp-content\/uploads\/2020\/08\/kosava-arnavutluk-5-140x140.jpg 140w, https:\/\/tdv.org\/tr-TR\/wp-content\/uploads\/2020\/08\/kosava-arnavutluk-5-500x500.jpg 500w, https:\/\/tdv.org\/tr-TR\/wp-content\/uploads\/2020\/08\/kosava-arnavutluk-5-350x350.jpg 350w, https:\/\/tdv.org\/tr-TR\/wp-content\/uploads\/2020\/08\/kosava-arnavutluk-5-1000x1000.jpg 1000w, https:\/\/tdv.org\/tr-TR\/wp-content\/uploads\/2020\/08\/kosava-arnavutluk-5-800x800.jpg 800w\" sizes=\"(max-width: 150px) 100vw, 150px\" \/><\/a>\n\t\t\t<\/dt><\/dl><br style=\"clear: both\" \/><dl class='gallery-item'>\n\t\t\t<dt class='gallery-icon landscape'>\n\t\t\t\t<a href='https:\/\/tdv.org\/tr-TR\/wp-content\/uploads\/2020\/08\/kosava-arnavutluk-4.jpg'><img decoding=\"async\" width=\"150\" height=\"150\" src=\"https:\/\/tdv.org\/tr-TR\/wp-content\/uploads\/2020\/08\/kosava-arnavutluk-4-150x150.jpg\" class=\"attachment-thumbnail size-thumbnail\" alt=\"\" srcset=\"https:\/\/tdv.org\/tr-TR\/wp-content\/uploads\/2020\/08\/kosava-arnavutluk-4-150x150.jpg 150w, https:\/\/tdv.org\/tr-TR\/wp-content\/uploads\/2020\/08\/kosava-arnavutluk-4-100x100.jpg 100w, https:\/\/tdv.org\/tr-TR\/wp-content\/uploads\/2020\/08\/kosava-arnavutluk-4-140x140.jpg 140w, https:\/\/tdv.org\/tr-TR\/wp-content\/uploads\/2020\/08\/kosava-arnavutluk-4-500x500.jpg 500w, https:\/\/tdv.org\/tr-TR\/wp-content\/uploads\/2020\/08\/kosava-arnavutluk-4-350x350.jpg 350w, https:\/\/tdv.org\/tr-TR\/wp-content\/uploads\/2020\/08\/kosava-arnavutluk-4-1000x1000.jpg 1000w, https:\/\/tdv.org\/tr-TR\/wp-content\/uploads\/2020\/08\/kosava-arnavutluk-4-800x800.jpg 800w\" sizes=\"(max-width: 150px) 100vw, 150px\" \/><\/a>\n\t\t\t<\/dt><\/dl><dl class='gallery-item'>\n\t\t\t<dt class='gallery-icon landscape'>\n\t\t\t\t<a href='https:\/\/tdv.org\/tr-TR\/wp-content\/uploads\/2020\/08\/kosava-arnavutluk-3.jpg'><img decoding=\"async\" width=\"150\" height=\"150\" src=\"https:\/\/tdv.org\/tr-TR\/wp-content\/uploads\/2020\/08\/kosava-arnavutluk-3-150x150.jpg\" class=\"attachment-thumbnail size-thumbnail\" alt=\"\" srcset=\"https:\/\/tdv.org\/tr-TR\/wp-content\/uploads\/2020\/08\/kosava-arnavutluk-3-150x150.jpg 150w, https:\/\/tdv.org\/tr-TR\/wp-content\/uploads\/2020\/08\/kosava-arnavutluk-3-100x100.jpg 100w, https:\/\/tdv.org\/tr-TR\/wp-content\/uploads\/2020\/08\/kosava-arnavutluk-3-140x140.jpg 140w, https:\/\/tdv.org\/tr-TR\/wp-content\/uploads\/2020\/08\/kosava-arnavutluk-3-500x500.jpg 500w, https:\/\/tdv.org\/tr-TR\/wp-content\/uploads\/2020\/08\/kosava-arnavutluk-3-350x350.jpg 350w, https:\/\/tdv.org\/tr-TR\/wp-content\/uploads\/2020\/08\/kosava-arnavutluk-3-1000x1000.jpg 1000w, https:\/\/tdv.org\/tr-TR\/wp-content\/uploads\/2020\/08\/kosava-arnavutluk-3-800x800.jpg 800w\" sizes=\"(max-width: 150px) 100vw, 150px\" \/><\/a>\n\t\t\t<\/dt><\/dl><dl class='gallery-item'>\n\t\t\t<dt class='gallery-icon landscape'>\n\t\t\t\t<a href='https:\/\/tdv.org\/tr-TR\/wp-content\/uploads\/2020\/08\/kosava-arnavutluk-2.jpg'><img decoding=\"async\" width=\"150\" height=\"150\" src=\"https:\/\/tdv.org\/tr-TR\/wp-content\/uploads\/2020\/08\/kosava-arnavutluk-2-150x150.jpg\" class=\"attachment-thumbnail size-thumbnail\" alt=\"\" srcset=\"https:\/\/tdv.org\/tr-TR\/wp-content\/uploads\/2020\/08\/kosava-arnavutluk-2-150x150.jpg 150w, https:\/\/tdv.org\/tr-TR\/wp-content\/uploads\/2020\/08\/kosava-arnavutluk-2-100x100.jpg 100w, https:\/\/tdv.org\/tr-TR\/wp-content\/uploads\/2020\/08\/kosava-arnavutluk-2-140x140.jpg 140w, https:\/\/tdv.org\/tr-TR\/wp-content\/uploads\/2020\/08\/kosava-arnavutluk-2-500x500.jpg 500w, https:\/\/tdv.org\/tr-TR\/wp-content\/uploads\/2020\/08\/kosava-arnavutluk-2-350x350.jpg 350w, https:\/\/tdv.org\/tr-TR\/wp-content\/uploads\/2020\/08\/kosava-arnavutluk-2-1000x1000.jpg 1000w, https:\/\/tdv.org\/tr-TR\/wp-content\/uploads\/2020\/08\/kosava-arnavutluk-2-800x800.jpg 800w\" sizes=\"(max-width: 150px) 100vw, 150px\" \/><\/a>\n\t\t\t<\/dt><\/dl><br style=\"clear: both\" \/><dl class='gallery-item'>\n\t\t\t<dt class='gallery-icon landscape'>\n\t\t\t\t<a href='https:\/\/tdv.org\/tr-TR\/wp-content\/uploads\/2020\/08\/kosava-arnavutluk-1.jpg'><img decoding=\"async\" width=\"150\" height=\"150\" src=\"https:\/\/tdv.org\/tr-TR\/wp-content\/uploads\/2020\/08\/kosava-arnavutluk-1-150x150.jpg\" class=\"attachment-thumbnail size-thumbnail\" alt=\"\" srcset=\"https:\/\/tdv.org\/tr-TR\/wp-content\/uploads\/2020\/08\/kosava-arnavutluk-1-150x150.jpg 150w, https:\/\/tdv.org\/tr-TR\/wp-content\/uploads\/2020\/08\/kosava-arnavutluk-1-100x100.jpg 100w, https:\/\/tdv.org\/tr-TR\/wp-content\/uploads\/2020\/08\/kosava-arnavutluk-1-140x140.jpg 140w, https:\/\/tdv.org\/tr-TR\/wp-content\/uploads\/2020\/08\/kosava-arnavutluk-1-500x500.jpg 500w, https:\/\/tdv.org\/tr-TR\/wp-content\/uploads\/2020\/08\/kosava-arnavutluk-1-350x350.jpg 350w, https:\/\/tdv.org\/tr-TR\/wp-content\/uploads\/2020\/08\/kosava-arnavutluk-1-800x800.jpg 800w\" sizes=\"(max-width: 150px) 100vw, 150px\" \/><\/a>\n\t\t\t<\/dt><\/dl><dl class='gallery-item'>\n\t\t\t<dt class='gallery-icon landscape'>\n\t\t\t\t<a href='https:\/\/tdv.org\/tr-TR\/wp-content\/uploads\/2020\/08\/Bosna-Hersek-8-scaled.jpg'><img decoding=\"async\" width=\"150\" height=\"150\" src=\"https:\/\/tdv.org\/tr-TR\/wp-content\/uploads\/2020\/08\/Bosna-Hersek-8-150x150.jpg\" class=\"attachment-thumbnail size-thumbnail\" alt=\"\" srcset=\"https:\/\/tdv.org\/tr-TR\/wp-content\/uploads\/2020\/08\/Bosna-Hersek-8-150x150.jpg 150w, https:\/\/tdv.org\/tr-TR\/wp-content\/uploads\/2020\/08\/Bosna-Hersek-8-100x100.jpg 100w, https:\/\/tdv.org\/tr-TR\/wp-content\/uploads\/2020\/08\/Bosna-Hersek-8-140x140.jpg 140w, https:\/\/tdv.org\/tr-TR\/wp-content\/uploads\/2020\/08\/Bosna-Hersek-8-500x500.jpg 500w, https:\/\/tdv.org\/tr-TR\/wp-content\/uploads\/2020\/08\/Bosna-Hersek-8-350x350.jpg 350w, https:\/\/tdv.org\/tr-TR\/wp-content\/uploads\/2020\/08\/Bosna-Hersek-8-1000x1000.jpg 1000w, https:\/\/tdv.org\/tr-TR\/wp-content\/uploads\/2020\/08\/Bosna-Hersek-8-800x800.jpg 800w\" sizes=\"(max-width: 150px) 100vw, 150px\" \/><\/a>\n\t\t\t<\/dt><\/dl><dl class='gallery-item'>\n\t\t\t<dt class='gallery-icon landscape'>\n\t\t\t\t<a href='https:\/\/tdv.org\/tr-TR\/wp-content\/uploads\/2020\/08\/Bosna-Hersek-7-scaled.jpg'><img decoding=\"async\" width=\"150\" height=\"150\" src=\"https:\/\/tdv.org\/tr-TR\/wp-content\/uploads\/2020\/08\/Bosna-Hersek-7-150x150.jpg\" class=\"attachment-thumbnail size-thumbnail\" alt=\"\" srcset=\"https:\/\/tdv.org\/tr-TR\/wp-content\/uploads\/2020\/08\/Bosna-Hersek-7-150x150.jpg 150w, https:\/\/tdv.org\/tr-TR\/wp-content\/uploads\/2020\/08\/Bosna-Hersek-7-100x100.jpg 100w, https:\/\/tdv.org\/tr-TR\/wp-content\/uploads\/2020\/08\/Bosna-Hersek-7-140x140.jpg 140w, https:\/\/tdv.org\/tr-TR\/wp-content\/uploads\/2020\/08\/Bosna-Hersek-7-500x500.jpg 500w, https:\/\/tdv.org\/tr-TR\/wp-content\/uploads\/2020\/08\/Bosna-Hersek-7-350x350.jpg 350w, https:\/\/tdv.org\/tr-TR\/wp-content\/uploads\/2020\/08\/Bosna-Hersek-7-1000x1000.jpg 1000w, https:\/\/tdv.org\/tr-TR\/wp-content\/uploads\/2020\/08\/Bosna-Hersek-7-800x800.jpg 800w\" sizes=\"(max-width: 150px) 100vw, 150px\" \/><\/a>\n\t\t\t<\/dt><\/dl><br style=\"clear: both\" \/><dl class='gallery-item'>\n\t\t\t<dt class='gallery-icon landscape'>\n\t\t\t\t<a href='https:\/\/tdv.org\/tr-TR\/wp-content\/uploads\/2020\/08\/Bosna-Hersek-6-scaled.jpg'><img decoding=\"async\" width=\"150\" height=\"150\" src=\"https:\/\/tdv.org\/tr-TR\/wp-content\/uploads\/2020\/08\/Bosna-Hersek-6-150x150.jpg\" class=\"attachment-thumbnail size-thumbnail\" alt=\"\" srcset=\"https:\/\/tdv.org\/tr-TR\/wp-content\/uploads\/2020\/08\/Bosna-Hersek-6-150x150.jpg 150w, https:\/\/tdv.org\/tr-TR\/wp-content\/uploads\/2020\/08\/Bosna-Hersek-6-100x100.jpg 100w, https:\/\/tdv.org\/tr-TR\/wp-content\/uploads\/2020\/08\/Bosna-Hersek-6-140x140.jpg 140w, https:\/\/tdv.org\/tr-TR\/wp-content\/uploads\/2020\/08\/Bosna-Hersek-6-500x500.jpg 500w, https:\/\/tdv.org\/tr-TR\/wp-content\/uploads\/2020\/08\/Bosna-Hersek-6-350x350.jpg 350w, https:\/\/tdv.org\/tr-TR\/wp-content\/uploads\/2020\/08\/Bosna-Hersek-6-1000x1000.jpg 1000w, https:\/\/tdv.org\/tr-TR\/wp-content\/uploads\/2020\/08\/Bosna-Hersek-6-800x800.jpg 800w\" sizes=\"(max-width: 150px) 100vw, 150px\" \/><\/a>\n\t\t\t<\/dt><\/dl><dl class='gallery-item'>\n\t\t\t<dt class='gallery-icon landscape'>\n\t\t\t\t<a href='https:\/\/tdv.org\/tr-TR\/wp-content\/uploads\/2020\/08\/Bosna-Hersek-5-scaled.jpg'><img decoding=\"async\" width=\"150\" height=\"150\" src=\"https:\/\/tdv.org\/tr-TR\/wp-content\/uploads\/2020\/08\/Bosna-Hersek-5-150x150.jpg\" class=\"attachment-thumbnail size-thumbnail\" alt=\"\" srcset=\"https:\/\/tdv.org\/tr-TR\/wp-content\/uploads\/2020\/08\/Bosna-Hersek-5-150x150.jpg 150w, https:\/\/tdv.org\/tr-TR\/wp-content\/uploads\/2020\/08\/Bosna-Hersek-5-100x100.jpg 100w, https:\/\/tdv.org\/tr-TR\/wp-content\/uploads\/2020\/08\/Bosna-Hersek-5-140x140.jpg 140w, https:\/\/tdv.org\/tr-TR\/wp-content\/uploads\/2020\/08\/Bosna-Hersek-5-500x500.jpg 500w, https:\/\/tdv.org\/tr-TR\/wp-content\/uploads\/2020\/08\/Bosna-Hersek-5-350x350.jpg 350w, https:\/\/tdv.org\/tr-TR\/wp-content\/uploads\/2020\/08\/Bosna-Hersek-5-1000x1000.jpg 1000w, https:\/\/tdv.org\/tr-TR\/wp-content\/uploads\/2020\/08\/Bosna-Hersek-5-800x800.jpg 800w\" sizes=\"(max-width: 150px) 100vw, 150px\" \/><\/a>\n\t\t\t<\/dt><\/dl><dl class='gallery-item'>\n\t\t\t<dt class='gallery-icon landscape'>\n\t\t\t\t<a href='https:\/\/tdv.org\/tr-TR\/wp-content\/uploads\/2020\/08\/Bosna-Hersek-4-scaled.jpg'><img decoding=\"async\" width=\"150\" height=\"150\" src=\"https:\/\/tdv.org\/tr-TR\/wp-content\/uploads\/2020\/08\/Bosna-Hersek-4-150x150.jpg\" class=\"attachment-thumbnail size-thumbnail\" alt=\"\" srcset=\"https:\/\/tdv.org\/tr-TR\/wp-content\/uploads\/2020\/08\/Bosna-Hersek-4-150x150.jpg 150w, https:\/\/tdv.org\/tr-TR\/wp-content\/uploads\/2020\/08\/Bosna-Hersek-4-100x100.jpg 100w, https:\/\/tdv.org\/tr-TR\/wp-content\/uploads\/2020\/08\/Bosna-Hersek-4-140x140.jpg 140w, https:\/\/tdv.org\/tr-TR\/wp-content\/uploads\/2020\/08\/Bosna-Hersek-4-500x500.jpg 500w, https:\/\/tdv.org\/tr-TR\/wp-content\/uploads\/2020\/08\/Bosna-Hersek-4-350x350.jpg 350w, https:\/\/tdv.org\/tr-TR\/wp-content\/uploads\/2020\/08\/Bosna-Hersek-4-1000x1000.jpg 1000w, https:\/\/tdv.org\/tr-TR\/wp-content\/uploads\/2020\/08\/Bosna-Hersek-4-800x800.jpg 800w\" sizes=\"(max-width: 150px) 100vw, 150px\" \/><\/a>\n\t\t\t<\/dt><\/dl><br style=\"clear: both\" \/><dl class='gallery-item'>\n\t\t\t<dt class='gallery-icon landscape'>\n\t\t\t\t<a href='https:\/\/tdv.org\/tr-TR\/wp-content\/uploads\/2020\/08\/Bosna-Hersek-3-scaled.jpg'><img decoding=\"async\" width=\"150\" height=\"150\" src=\"https:\/\/tdv.org\/tr-TR\/wp-content\/uploads\/2020\/08\/Bosna-Hersek-3-150x150.jpg\" class=\"attachment-thumbnail size-thumbnail\" alt=\"\" srcset=\"https:\/\/tdv.org\/tr-TR\/wp-content\/uploads\/2020\/08\/Bosna-Hersek-3-150x150.jpg 150w, https:\/\/tdv.org\/tr-TR\/wp-content\/uploads\/2020\/08\/Bosna-Hersek-3-100x100.jpg 100w, https:\/\/tdv.org\/tr-TR\/wp-content\/uploads\/2020\/08\/Bosna-Hersek-3-140x140.jpg 140w, https:\/\/tdv.org\/tr-TR\/wp-content\/uploads\/2020\/08\/Bosna-Hersek-3-500x500.jpg 500w, https:\/\/tdv.org\/tr-TR\/wp-content\/uploads\/2020\/08\/Bosna-Hersek-3-350x350.jpg 350w, https:\/\/tdv.org\/tr-TR\/wp-content\/uploads\/2020\/08\/Bosna-Hersek-3-1000x1000.jpg 1000w, https:\/\/tdv.org\/tr-TR\/wp-content\/uploads\/2020\/08\/Bosna-Hersek-3-800x800.jpg 800w\" sizes=\"(max-width: 150px) 100vw, 150px\" \/><\/a>\n\t\t\t<\/dt><\/dl><dl class='gallery-item'>\n\t\t\t<dt class='gallery-icon landscape'>\n\t\t\t\t<a href='https:\/\/tdv.org\/tr-TR\/wp-content\/uploads\/2020\/08\/Bosna-Hersek-2-scaled.jpg'><img decoding=\"async\" width=\"150\" height=\"150\" src=\"https:\/\/tdv.org\/tr-TR\/wp-content\/uploads\/2020\/08\/Bosna-Hersek-2-150x150.jpg\" class=\"attachment-thumbnail size-thumbnail\" alt=\"\" srcset=\"https:\/\/tdv.org\/tr-TR\/wp-content\/uploads\/2020\/08\/Bosna-Hersek-2-150x150.jpg 150w, https:\/\/tdv.org\/tr-TR\/wp-content\/uploads\/2020\/08\/Bosna-Hersek-2-100x100.jpg 100w, https:\/\/tdv.org\/tr-TR\/wp-content\/uploads\/2020\/08\/Bosna-Hersek-2-140x140.jpg 140w, https:\/\/tdv.org\/tr-TR\/wp-content\/uploads\/2020\/08\/Bosna-Hersek-2-500x500.jpg 500w, https:\/\/tdv.org\/tr-TR\/wp-content\/uploads\/2020\/08\/Bosna-Hersek-2-350x350.jpg 350w, https:\/\/tdv.org\/tr-TR\/wp-content\/uploads\/2020\/08\/Bosna-Hersek-2-1000x1000.jpg 1000w, https:\/\/tdv.org\/tr-TR\/wp-content\/uploads\/2020\/08\/Bosna-Hersek-2-800x800.jpg 800w\" sizes=\"(max-width: 150px) 100vw, 150px\" \/><\/a>\n\t\t\t<\/dt><\/dl><dl class='gallery-item'>\n\t\t\t<dt class='gallery-icon landscape'>\n\t\t\t\t<a href='https:\/\/tdv.org\/tr-TR\/wp-content\/uploads\/2020\/08\/20200805_2_43755888_57223486-scaled.jpg'><img decoding=\"async\" width=\"150\" height=\"150\" src=\"https:\/\/tdv.org\/tr-TR\/wp-content\/uploads\/2020\/08\/20200805_2_43755888_57223486-150x150.jpg\" class=\"attachment-thumbnail size-thumbnail\" alt=\"\" srcset=\"https:\/\/tdv.org\/tr-TR\/wp-content\/uploads\/2020\/08\/20200805_2_43755888_57223486-150x150.jpg 150w, https:\/\/tdv.org\/tr-TR\/wp-content\/uploads\/2020\/08\/20200805_2_43755888_57223486-100x100.jpg 100w, https:\/\/tdv.org\/tr-TR\/wp-content\/uploads\/2020\/08\/20200805_2_43755888_57223486-140x140.jpg 140w, https:\/\/tdv.org\/tr-TR\/wp-content\/uploads\/2020\/08\/20200805_2_43755888_57223486-500x500.jpg 500w, https:\/\/tdv.org\/tr-TR\/wp-content\/uploads\/2020\/08\/20200805_2_43755888_57223486-350x350.jpg 350w, https:\/\/tdv.org\/tr-TR\/wp-content\/uploads\/2020\/08\/20200805_2_43755888_57223486-1000x1000.jpg 1000w, https:\/\/tdv.org\/tr-TR\/wp-content\/uploads\/2020\/08\/20200805_2_43755888_57223486-800x800.jpg 800w\" sizes=\"(max-width: 150px) 100vw, 150px\" \/><\/a>\n\t\t\t<\/dt><\/dl><br style=\"clear: both\" \/>\n\t\t<\/div>\n\n","protected":false},"excerpt":{"rendered":"<p>T\u00fcrkiye Diyanet Vakf\u0131 (TDV) Uluslararas\u0131 \u0130mam Hatip Lisesi (U\u0130HL) ve Uluslararas\u0131 \u0130lahiyat Lisans Programlar\u0131 (U\u0130LP) kapsam\u0131nda T\u00fcrkiye&#8217;de burslu e\u011fitim g\u00f6rmek isteyen \u00f6\u011frenci m\u00fclakatlar\u0131n\u0131n Bosna Hersek aya\u011f\u0131 yap\u0131ld\u0131. TDV Ankara \u0130l&#8230;<\/p>\n","protected":false},"author":7,"featured_media":8173,"comment_status":"open","ping_status":"closed","sticky":false,"template":"","format":"standard","meta":{"footnotes":""},"categories":[1],"tags":[705,802,135,804,745,155,803,798,805,801,648],"class_list":{"0":"post-8167","1":"post","2":"type-post","3":"status-publish","4":"format-standard","5":"has-post-thumbnail","7":"category-haberler","8":"tag-bosna-hersek","9":"tag-burslu-egitim","10":"tag-egitim","11":"tag-karadag","12":"tag-kuzey-makedonya","13":"tag-ogrenci","14":"tag-ogrenci-mulakatlari","15":"tag-ogretim","16":"tag-saraybosna","17":"tag-uluslararasi-ilahiyat-lisans-programlari","18":"tag-uluslararasi-imam-hatip-lisesi"},"yoast_head":"<!-- This site is optimized with the Yoast SEO plugin v27.5 - https:\/\/yoast.com\/product\/yoast-seo-wordpress\/ -->\n<title>TDV&#039;nin uluslararas\u0131 \u00f6\u011frenci m\u00fclakatlar\u0131n\u0131n Bosna Hersek aya\u011f\u0131 yap\u0131ld\u0131<\/title>\n<meta name=\"description\" content=\"T\u00fcrkiye Diyanet Vakf\u0131 (TDV) Uluslararas\u0131 \u0130mam Hatip Lisesi (U\u0130HL) ve Uluslararas\u0131 \u0130lahiyat Lisans Programlar\u0131 (U\u0130LP) kapsam\u0131nda T\u00fcrkiye&#039;de burslu e\u011fitim g\u00f6rmek isteyen \u00f6\u011frenci m\u00fclakatlar\u0131n\u0131n Bosna Hersek aya\u011f\u0131 yap\u0131ld\u0131.\" \/>\n<meta name=\"robots\" content=\"index, follow, max-snippet:-1, max-image-preview:large, max-video-preview:-1\" \/>\n<link rel=\"canonical\" href=\"https:\/\/tdv.org\/tr-TR\/tdvnin-uluslararasi-ogrenci-mulakatlarinin-bosna-hersek-ayagi-yapildi\/\" \/>\n<meta property=\"og:locale\" content=\"tr_TR\" \/>\n<meta property=\"og:type\" content=\"article\" \/>\n<meta property=\"og:title\" content=\"TDV&#039;nin uluslararas\u0131 \u00f6\u011frenci m\u00fclakatlar\u0131n\u0131n Bosna Hersek aya\u011f\u0131 yap\u0131ld\u0131\" \/>\n<meta property=\"og:description\" content=\"T\u00fcrkiye Diyanet Vakf\u0131 (TDV) Uluslararas\u0131 \u0130mam Hatip Lisesi (U\u0130HL) ve Uluslararas\u0131 \u0130lahiyat Lisans Programlar\u0131 (U\u0130LP) kapsam\u0131nda T\u00fcrkiye&#039;de burslu e\u011fitim g\u00f6rmek isteyen \u00f6\u011frenci m\u00fclakatlar\u0131n\u0131n Bosna Hersek aya\u011f\u0131 yap\u0131ld\u0131.\" \/>\n<meta property=\"og:url\" content=\"https:\/\/tdv.org\/tr-TR\/tdvnin-uluslararasi-ogrenci-mulakatlarinin-bosna-hersek-ayagi-yapildi\/\" \/>\n<meta property=\"og:site_name\" content=\"T\u00fcrkiye Diyanet Vakf\u0131 Resmi Web Sitesi\" \/>\n<meta property=\"article:publisher\" content=\"https:\/\/www.facebook.com\/Diyanetvakfi\/\" \/>\n<meta property=\"article:published_time\" content=\"2020-08-05T11:29:32+00:00\" \/>\n<meta property=\"article:modified_time\" content=\"2023-03-15T13:33:22+00:00\" \/>\n<meta property=\"og:image\" content=\"https:\/\/tdv.org\/tr-TR\/wp-content\/uploads\/2020\/08\/Bosna-Hersek-1-scaled.jpg\" \/>\n\t<meta property=\"og:image:width\" content=\"2560\" \/>\n\t<meta property=\"og:image:height\" content=\"1514\" \/>\n\t<meta property=\"og:image:type\" content=\"image\/jpeg\" \/>\n<meta name=\"author\" content=\"U\u011fur\" \/>\n<meta name=\"twitter:card\" content=\"summary_large_image\" \/>\n<meta name=\"twitter:creator\" content=\"@DiyanetVakfi\" \/>\n<meta name=\"twitter:site\" content=\"@DiyanetVakfi\" \/>\n<script type=\"application\/ld+json\" class=\"yoast-schema-graph\">{\"@context\":\"https:\\\/\\\/schema.org\",\"@graph\":[{\"@type\":\"Article\",\"@id\":\"https:\\\/\\\/tdv.org\\\/tr-TR\\\/tdvnin-uluslararasi-ogrenci-mulakatlarinin-bosna-hersek-ayagi-yapildi\\\/#article\",\"isPartOf\":{\"@id\":\"https:\\\/\\\/tdv.org\\\/tr-TR\\\/tdvnin-uluslararasi-ogrenci-mulakatlarinin-bosna-hersek-ayagi-yapildi\\\/\"},\"author\":{\"name\":\"U\u011fur\",\"@id\":\"https:\\\/\\\/tdv.org\\\/tr-TR\\\/#\\\/schema\\\/person\\\/8dcf742852c4614c6fdadb92da159c05\"},\"headline\":\"TDV&#8217;nin uluslararas\u0131 \u00f6\u011frenci m\u00fclakatlar\u0131n\u0131n Bosna Hersek aya\u011f\u0131 yap\u0131ld\u0131\",\"datePublished\":\"2020-08-05T11:29:32+00:00\",\"dateModified\":\"2023-03-15T13:33:22+00:00\",\"mainEntityOfPage\":{\"@id\":\"https:\\\/\\\/tdv.org\\\/tr-TR\\\/tdvnin-uluslararasi-ogrenci-mulakatlarinin-bosna-hersek-ayagi-yapildi\\\/\"},\"wordCount\":270,\"commentCount\":0,\"publisher\":{\"@id\":\"https:\\\/\\\/tdv.org\\\/tr-TR\\\/#organization\"},\"image\":{\"@id\":\"https:\\\/\\\/tdv.org\\\/tr-TR\\\/tdvnin-uluslararasi-ogrenci-mulakatlarinin-bosna-hersek-ayagi-yapildi\\\/#primaryimage\"},\"thumbnailUrl\":\"https:\\\/\\\/tdv.org\\\/tr-TR\\\/wp-content\\\/uploads\\\/2020\\\/08\\\/Bosna-Hersek-1-scaled.jpg\",\"keywords\":[\"Bosna Hersek\",\"burslu e\u011fitim\",\"e\u011fitim\",\"Karada\u011f\",\"Kuzey makedonya\",\"\u00f6\u011frenci\",\"\u00f6\u011frenci m\u00fclakatlar\u0131\",\"\u00f6\u011fretim\",\"Saraybosna\",\"Uluslararas\u0131 \u0130lahiyat Lisans Programlar\u0131\",\"Uluslararas\u0131 \u0130mam Hatip Lisesi\"],\"articleSection\":[\"Haberler\"],\"inLanguage\":\"tr\",\"potentialAction\":[{\"@type\":\"CommentAction\",\"name\":\"Comment\",\"target\":[\"https:\\\/\\\/tdv.org\\\/tr-TR\\\/tdvnin-uluslararasi-ogrenci-mulakatlarinin-bosna-hersek-ayagi-yapildi\\\/#respond\"]}]},{\"@type\":\"WebPage\",\"@id\":\"https:\\\/\\\/tdv.org\\\/tr-TR\\\/tdvnin-uluslararasi-ogrenci-mulakatlarinin-bosna-hersek-ayagi-yapildi\\\/\",\"url\":\"https:\\\/\\\/tdv.org\\\/tr-TR\\\/tdvnin-uluslararasi-ogrenci-mulakatlarinin-bosna-hersek-ayagi-yapildi\\\/\",\"name\":\"TDV'nin uluslararas\u0131 \u00f6\u011frenci m\u00fclakatlar\u0131n\u0131n Bosna Hersek aya\u011f\u0131 yap\u0131ld\u0131\",\"isPartOf\":{\"@id\":\"https:\\\/\\\/tdv.org\\\/tr-TR\\\/#website\"},\"primaryImageOfPage\":{\"@id\":\"https:\\\/\\\/tdv.org\\\/tr-TR\\\/tdvnin-uluslararasi-ogrenci-mulakatlarinin-bosna-hersek-ayagi-yapildi\\\/#primaryimage\"},\"image\":{\"@id\":\"https:\\\/\\\/tdv.org\\\/tr-TR\\\/tdvnin-uluslararasi-ogrenci-mulakatlarinin-bosna-hersek-ayagi-yapildi\\\/#primaryimage\"},\"thumbnailUrl\":\"https:\\\/\\\/tdv.org\\\/tr-TR\\\/wp-content\\\/uploads\\\/2020\\\/08\\\/Bosna-Hersek-1-scaled.jpg\",\"datePublished\":\"2020-08-05T11:29:32+00:00\",\"dateModified\":\"2023-03-15T13:33:22+00:00\",\"description\":\"T\u00fcrkiye Diyanet Vakf\u0131 (TDV) Uluslararas\u0131 \u0130mam Hatip Lisesi (U\u0130HL) ve Uluslararas\u0131 \u0130lahiyat Lisans Programlar\u0131 (U\u0130LP) kapsam\u0131nda T\u00fcrkiye'de burslu e\u011fitim g\u00f6rmek isteyen \u00f6\u011frenci m\u00fclakatlar\u0131n\u0131n Bosna Hersek aya\u011f\u0131 yap\u0131ld\u0131.\",\"breadcrumb\":{\"@id\":\"https:\\\/\\\/tdv.org\\\/tr-TR\\\/tdvnin-uluslararasi-ogrenci-mulakatlarinin-bosna-hersek-ayagi-yapildi\\\/#breadcrumb\"},\"inLanguage\":\"tr\",\"potentialAction\":[{\"@type\":\"ReadAction\",\"target\":[\"https:\\\/\\\/tdv.org\\\/tr-TR\\\/tdvnin-uluslararasi-ogrenci-mulakatlarinin-bosna-hersek-ayagi-yapildi\\\/\"]}]},{\"@type\":\"ImageObject\",\"inLanguage\":\"tr\",\"@id\":\"https:\\\/\\\/tdv.org\\\/tr-TR\\\/tdvnin-uluslararasi-ogrenci-mulakatlarinin-bosna-hersek-ayagi-yapildi\\\/#primaryimage\",\"url\":\"https:\\\/\\\/tdv.org\\\/tr-TR\\\/wp-content\\\/uploads\\\/2020\\\/08\\\/Bosna-Hersek-1-scaled.jpg\",\"contentUrl\":\"https:\\\/\\\/tdv.org\\\/tr-TR\\\/wp-content\\\/uploads\\\/2020\\\/08\\\/Bosna-Hersek-1-scaled.jpg\",\"width\":2560,\"height\":1514},{\"@type\":\"BreadcrumbList\",\"@id\":\"https:\\\/\\\/tdv.org\\\/tr-TR\\\/tdvnin-uluslararasi-ogrenci-mulakatlarinin-bosna-hersek-ayagi-yapildi\\\/#breadcrumb\",\"itemListElement\":[{\"@type\":\"ListItem\",\"position\":1,\"name\":\"Anasayfa\",\"item\":\"https:\\\/\\\/tdv.org\\\/tr-TR\\\/\"},{\"@type\":\"ListItem\",\"position\":2,\"name\":\"TDV&#8217;nin uluslararas\u0131 \u00f6\u011frenci m\u00fclakatlar\u0131n\u0131n Bosna Hersek aya\u011f\u0131 yap\u0131ld\u0131\"}]},{\"@type\":\"WebSite\",\"@id\":\"https:\\\/\\\/tdv.org\\\/tr-TR\\\/#website\",\"url\":\"https:\\\/\\\/tdv.org\\\/tr-TR\\\/\",\"name\":\"T\u00fcrkiye Diyanet Vakf\u0131 Resmi Web Sitesi\",\"description\":\"Yery\u00fcz\u00fcnde iyilik egemen oluncaya kadar\",\"publisher\":{\"@id\":\"https:\\\/\\\/tdv.org\\\/tr-TR\\\/#organization\"},\"alternateName\":\"T\u00fcrkiye Diyanet Vakf\u0131\",\"potentialAction\":[{\"@type\":\"SearchAction\",\"target\":{\"@type\":\"EntryPoint\",\"urlTemplate\":\"https:\\\/\\\/tdv.org\\\/tr-TR\\\/?s={search_term_string}\"},\"query-input\":{\"@type\":\"PropertyValueSpecification\",\"valueRequired\":true,\"valueName\":\"search_term_string\"}}],\"inLanguage\":\"tr\"},{\"@type\":\"Organization\",\"@id\":\"https:\\\/\\\/tdv.org\\\/tr-TR\\\/#organization\",\"name\":\"T\u00fcrkiye Diyanet Vakf\u0131\",\"alternateName\":\"T\u00fcrkiye Diyanet Vakf\u0131\",\"url\":\"https:\\\/\\\/tdv.org\\\/tr-TR\\\/\",\"logo\":{\"@type\":\"ImageObject\",\"inLanguage\":\"tr\",\"@id\":\"https:\\\/\\\/tdv.org\\\/tr-TR\\\/#\\\/schema\\\/logo\\\/image\\\/\",\"url\":\"https:\\\/\\\/tdv.org\\\/tr-TR\\\/wp-content\\\/uploads\\\/2018\\\/12\\\/TDV_Logo_1.png\",\"contentUrl\":\"https:\\\/\\\/tdv.org\\\/tr-TR\\\/wp-content\\\/uploads\\\/2018\\\/12\\\/TDV_Logo_1.png\",\"width\":207,\"height\":71,\"caption\":\"T\u00fcrkiye Diyanet Vakf\u0131\"},\"image\":{\"@id\":\"https:\\\/\\\/tdv.org\\\/tr-TR\\\/#\\\/schema\\\/logo\\\/image\\\/\"},\"sameAs\":[\"https:\\\/\\\/www.facebook.com\\\/Diyanetvakfi\\\/\",\"https:\\\/\\\/x.com\\\/DiyanetVakfi\",\"https:\\\/\\\/www.instagram.com\\\/turkiyediyanetvakfi\\\/\",\"https:\\\/\\\/www.youtube.com\\\/user\\\/TurkiyeDiyanetVakfi\"]},{\"@type\":\"Person\",\"@id\":\"https:\\\/\\\/tdv.org\\\/tr-TR\\\/#\\\/schema\\\/person\\\/8dcf742852c4614c6fdadb92da159c05\",\"name\":\"U\u011fur\",\"image\":{\"@type\":\"ImageObject\",\"inLanguage\":\"tr\",\"@id\":\"https:\\\/\\\/tdv.org\\\/tr-TR\\\/wp-content\\\/litespeed\\\/avatar\\\/b970c0eba1124f8268544e2640bfa964.jpg?ver=1777289940\",\"url\":\"https:\\\/\\\/tdv.org\\\/tr-TR\\\/wp-content\\\/litespeed\\\/avatar\\\/b970c0eba1124f8268544e2640bfa964.jpg?ver=1777289940\",\"contentUrl\":\"https:\\\/\\\/tdv.org\\\/tr-TR\\\/wp-content\\\/litespeed\\\/avatar\\\/b970c0eba1124f8268544e2640bfa964.jpg?ver=1777289940\",\"caption\":\"U\u011fur\"}}]}<\/script>\n<!-- \/ Yoast SEO plugin. -->","yoast_head_json":{"title":"TDV'nin uluslararas\u0131 \u00f6\u011frenci m\u00fclakatlar\u0131n\u0131n Bosna Hersek aya\u011f\u0131 yap\u0131ld\u0131","description":"T\u00fcrkiye Diyanet Vakf\u0131 (TDV) Uluslararas\u0131 \u0130mam Hatip Lisesi (U\u0130HL) ve Uluslararas\u0131 \u0130lahiyat Lisans Programlar\u0131 (U\u0130LP) kapsam\u0131nda T\u00fcrkiye'de burslu e\u011fitim g\u00f6rmek isteyen \u00f6\u011frenci m\u00fclakatlar\u0131n\u0131n Bosna Hersek aya\u011f\u0131 yap\u0131ld\u0131.","robots":{"index":"index","follow":"follow","max-snippet":"max-snippet:-1","max-image-preview":"max-image-preview:large","max-video-preview":"max-video-preview:-1"},"canonical":"https:\/\/tdv.org\/tr-TR\/tdvnin-uluslararasi-ogrenci-mulakatlarinin-bosna-hersek-ayagi-yapildi\/","og_locale":"tr_TR","og_type":"article","og_title":"TDV'nin uluslararas\u0131 \u00f6\u011frenci m\u00fclakatlar\u0131n\u0131n Bosna Hersek aya\u011f\u0131 yap\u0131ld\u0131","og_description":"T\u00fcrkiye Diyanet Vakf\u0131 (TDV) Uluslararas\u0131 \u0130mam Hatip Lisesi (U\u0130HL) ve Uluslararas\u0131 \u0130lahiyat Lisans Programlar\u0131 (U\u0130LP) kapsam\u0131nda T\u00fcrkiye'de burslu e\u011fitim g\u00f6rmek isteyen \u00f6\u011frenci m\u00fclakatlar\u0131n\u0131n Bosna Hersek aya\u011f\u0131 yap\u0131ld\u0131.","og_url":"https:\/\/tdv.org\/tr-TR\/tdvnin-uluslararasi-ogrenci-mulakatlarinin-bosna-hersek-ayagi-yapildi\/","og_site_name":"T\u00fcrkiye Diyanet Vakf\u0131 Resmi Web Sitesi","article_publisher":"https:\/\/www.facebook.com\/Diyanetvakfi\/","article_published_time":"2020-08-05T11:29:32+00:00","article_modified_time":"2023-03-15T13:33:22+00:00","og_image":[{"width":2560,"height":1514,"url":"https:\/\/tdv.org\/tr-TR\/wp-content\/uploads\/2020\/08\/Bosna-Hersek-1-scaled.jpg","type":"image\/jpeg"}],"author":"U\u011fur","twitter_card":"summary_large_image","twitter_creator":"@DiyanetVakfi","twitter_site":"@DiyanetVakfi","schema":{"@context":"https:\/\/schema.org","@graph":[{"@type":"Article","@id":"https:\/\/tdv.org\/tr-TR\/tdvnin-uluslararasi-ogrenci-mulakatlarinin-bosna-hersek-ayagi-yapildi\/#article","isPartOf":{"@id":"https:\/\/tdv.org\/tr-TR\/tdvnin-uluslararasi-ogrenci-mulakatlarinin-bosna-hersek-ayagi-yapildi\/"},"author":{"name":"U\u011fur","@id":"https:\/\/tdv.org\/tr-TR\/#\/schema\/person\/8dcf742852c4614c6fdadb92da159c05"},"headline":"TDV&#8217;nin uluslararas\u0131 \u00f6\u011frenci m\u00fclakatlar\u0131n\u0131n Bosna Hersek aya\u011f\u0131 yap\u0131ld\u0131","datePublished":"2020-08-05T11:29:32+00:00","dateModified":"2023-03-15T13:33:22+00:00","mainEntityOfPage":{"@id":"https:\/\/tdv.org\/tr-TR\/tdvnin-uluslararasi-ogrenci-mulakatlarinin-bosna-hersek-ayagi-yapildi\/"},"wordCount":270,"commentCount":0,"publisher":{"@id":"https:\/\/tdv.org\/tr-TR\/#organization"},"image":{"@id":"https:\/\/tdv.org\/tr-TR\/tdvnin-uluslararasi-ogrenci-mulakatlarinin-bosna-hersek-ayagi-yapildi\/#primaryimage"},"thumbnailUrl":"https:\/\/tdv.org\/tr-TR\/wp-content\/uploads\/2020\/08\/Bosna-Hersek-1-scaled.jpg","keywords":["Bosna Hersek","burslu e\u011fitim","e\u011fitim","Karada\u011f","Kuzey makedonya","\u00f6\u011frenci","\u00f6\u011frenci m\u00fclakatlar\u0131","\u00f6\u011fretim","Saraybosna","Uluslararas\u0131 \u0130lahiyat Lisans Programlar\u0131","Uluslararas\u0131 \u0130mam Hatip Lisesi"],"articleSection":["Haberler"],"inLanguage":"tr","potentialAction":[{"@type":"CommentAction","name":"Comment","target":["https:\/\/tdv.org\/tr-TR\/tdvnin-uluslararasi-ogrenci-mulakatlarinin-bosna-hersek-ayagi-yapildi\/#respond"]}]},{"@type":"WebPage","@id":"https:\/\/tdv.org\/tr-TR\/tdvnin-uluslararasi-ogrenci-mulakatlarinin-bosna-hersek-ayagi-yapildi\/","url":"https:\/\/tdv.org\/tr-TR\/tdvnin-uluslararasi-ogrenci-mulakatlarinin-bosna-hersek-ayagi-yapildi\/","name":"TDV'nin uluslararas\u0131 \u00f6\u011frenci m\u00fclakatlar\u0131n\u0131n Bosna Hersek aya\u011f\u0131 yap\u0131ld\u0131","isPartOf":{"@id":"https:\/\/tdv.org\/tr-TR\/#website"},"primaryImageOfPage":{"@id":"https:\/\/tdv.org\/tr-TR\/tdvnin-uluslararasi-ogrenci-mulakatlarinin-bosna-hersek-ayagi-yapildi\/#primaryimage"},"image":{"@id":"https:\/\/tdv.org\/tr-TR\/tdvnin-uluslararasi-ogrenci-mulakatlarinin-bosna-hersek-ayagi-yapildi\/#primaryimage"},"thumbnailUrl":"https:\/\/tdv.org\/tr-TR\/wp-content\/uploads\/2020\/08\/Bosna-Hersek-1-scaled.jpg","datePublished":"2020-08-05T11:29:32+00:00","dateModified":"2023-03-15T13:33:22+00:00","description":"T\u00fcrkiye Diyanet Vakf\u0131 (TDV) Uluslararas\u0131 \u0130mam Hatip Lisesi (U\u0130HL) ve Uluslararas\u0131 \u0130lahiyat Lisans Programlar\u0131 (U\u0130LP) kapsam\u0131nda T\u00fcrkiye'de burslu e\u011fitim g\u00f6rmek isteyen \u00f6\u011frenci m\u00fclakatlar\u0131n\u0131n Bosna Hersek aya\u011f\u0131 yap\u0131ld\u0131.","breadcrumb":{"@id":"https:\/\/tdv.org\/tr-TR\/tdvnin-uluslararasi-ogrenci-mulakatlarinin-bosna-hersek-ayagi-yapildi\/#breadcrumb"},"inLanguage":"tr","potentialAction":[{"@type":"ReadAction","target":["https:\/\/tdv.org\/tr-TR\/tdvnin-uluslararasi-ogrenci-mulakatlarinin-bosna-hersek-ayagi-yapildi\/"]}]},{"@type":"ImageObject","inLanguage":"tr","@id":"https:\/\/tdv.org\/tr-TR\/tdvnin-uluslararasi-ogrenci-mulakatlarinin-bosna-hersek-ayagi-yapildi\/#primaryimage","url":"https:\/\/tdv.org\/tr-TR\/wp-content\/uploads\/2020\/08\/Bosna-Hersek-1-scaled.jpg","contentUrl":"https:\/\/tdv.org\/tr-TR\/wp-content\/uploads\/2020\/08\/Bosna-Hersek-1-scaled.jpg","width":2560,"height":1514},{"@type":"BreadcrumbList","@id":"https:\/\/tdv.org\/tr-TR\/tdvnin-uluslararasi-ogrenci-mulakatlarinin-bosna-hersek-ayagi-yapildi\/#breadcrumb","itemListElement":[{"@type":"ListItem","position":1,"name":"Anasayfa","item":"https:\/\/tdv.org\/tr-TR\/"},{"@type":"ListItem","position":2,"name":"TDV&#8217;nin uluslararas\u0131 \u00f6\u011frenci m\u00fclakatlar\u0131n\u0131n Bosna Hersek aya\u011f\u0131 yap\u0131ld\u0131"}]},{"@type":"WebSite","@id":"https:\/\/tdv.org\/tr-TR\/#website","url":"https:\/\/tdv.org\/tr-TR\/","name":"T\u00fcrkiye Diyanet Vakf\u0131 Resmi Web Sitesi","description":"Yery\u00fcz\u00fcnde iyilik egemen oluncaya kadar","publisher":{"@id":"https:\/\/tdv.org\/tr-TR\/#organization"},"alternateName":"T\u00fcrkiye Diyanet Vakf\u0131","potentialAction":[{"@type":"SearchAction","target":{"@type":"EntryPoint","urlTemplate":"https:\/\/tdv.org\/tr-TR\/?s={search_term_string}"},"query-input":{"@type":"PropertyValueSpecification","valueRequired":true,"valueName":"search_term_string"}}],"inLanguage":"tr"},{"@type":"Organization","@id":"https:\/\/tdv.org\/tr-TR\/#organization","name":"T\u00fcrkiye Diyanet Vakf\u0131","alternateName":"T\u00fcrkiye Diyanet Vakf\u0131","url":"https:\/\/tdv.org\/tr-TR\/","logo":{"@type":"ImageObject","inLanguage":"tr","@id":"https:\/\/tdv.org\/tr-TR\/#\/schema\/logo\/image\/","url":"https:\/\/tdv.org\/tr-TR\/wp-content\/uploads\/2018\/12\/TDV_Logo_1.png","contentUrl":"https:\/\/tdv.org\/tr-TR\/wp-content\/uploads\/2018\/12\/TDV_Logo_1.png","width":207,"height":71,"caption":"T\u00fcrkiye Diyanet Vakf\u0131"},"image":{"@id":"https:\/\/tdv.org\/tr-TR\/#\/schema\/logo\/image\/"},"sameAs":["https:\/\/www.facebook.com\/Diyanetvakfi\/","https:\/\/x.com\/DiyanetVakfi","https:\/\/www.instagram.com\/turkiyediyanetvakfi\/","https:\/\/www.youtube.com\/user\/TurkiyeDiyanetVakfi"]},{"@type":"Person","@id":"https:\/\/tdv.org\/tr-TR\/#\/schema\/person\/8dcf742852c4614c6fdadb92da159c05","name":"U\u011fur","image":{"@type":"ImageObject","inLanguage":"tr","@id":"https:\/\/tdv.org\/tr-TR\/wp-content\/litespeed\/avatar\/b970c0eba1124f8268544e2640bfa964.jpg?ver=1777289940","url":"https:\/\/tdv.org\/tr-TR\/wp-content\/litespeed\/avatar\/b970c0eba1124f8268544e2640bfa964.jpg?ver=1777289940","contentUrl":"https:\/\/tdv.org\/tr-TR\/wp-content\/litespeed\/avatar\/b970c0eba1124f8268544e2640bfa964.jpg?ver=1777289940","caption":"U\u011fur"}}]}},"_links":{"self":[{"href":"https:\/\/tdv.org\/tr-TR\/wp-json\/wp\/v2\/posts\/8167","targetHints":{"allow":["GET"]}}],"collection":[{"href":"https:\/\/tdv.org\/tr-TR\/wp-json\/wp\/v2\/posts"}],"about":[{"href":"https:\/\/tdv.org\/tr-TR\/wp-json\/wp\/v2\/types\/post"}],"author":[{"embeddable":true,"href":"https:\/\/tdv.org\/tr-TR\/wp-json\/wp\/v2\/users\/7"}],"replies":[{"embeddable":true,"href":"https:\/\/tdv.org\/tr-TR\/wp-json\/wp\/v2\/comments?post=8167"}],"version-history":[{"count":1,"href":"https:\/\/tdv.org\/tr-TR\/wp-json\/wp\/v2\/posts\/8167\/revisions"}],"predecessor-version":[{"id":31145,"href":"https:\/\/tdv.org\/tr-TR\/wp-json\/wp\/v2\/posts\/8167\/revisions\/31145"}],"wp:featuredmedia":[{"embeddable":true,"href":"https:\/\/tdv.org\/tr-TR\/wp-json\/wp\/v2\/media\/8173"}],"wp:attachment":[{"href":"https:\/\/tdv.org\/tr-TR\/wp-json\/wp\/v2\/media?parent=8167"}],"wp:term":[{"taxonomy":"category","embeddable":true,"href":"https:\/\/tdv.org\/tr-TR\/wp-json\/wp\/v2\/categories?post=8167"},{"taxonomy":"post_tag","embeddable":true,"href":"https:\/\/tdv.org\/tr-TR\/wp-json\/wp\/v2\/tags?post=8167"}],"curies":[{"name":"wp","href":"https:\/\/api.w.org\/{rel}","templated":true}]}}