{"id":8199,"date":"2020-08-06T13:06:17","date_gmt":"2020-08-06T10:06:17","guid":{"rendered":"https:\/\/tdv.org\/tr-TR\/?p=8199"},"modified":"2023-03-15T16:33:07","modified_gmt":"2023-03-15T13:33:07","slug":"turkiye-diyanet-vakfi-lubnanin-yaralarini-sariyor","status":"publish","type":"post","link":"https:\/\/tdv.org\/tr-TR\/turkiye-diyanet-vakfi-lubnanin-yaralarini-sariyor\/","title":{"rendered":"T\u00fcrkiye Diyanet Vakf\u0131 L\u00fcbnan&#8217;\u0131n yaralar\u0131n\u0131 sar\u0131yor"},"content":{"rendered":"<p style=\"text-align: justify;\">\u201cYery\u00fcz\u00fcnde \u0130yilik Egemen Oluncaya Kadar\u201d slogan\u0131yla d\u00fcnyan\u0131n d\u00f6rt bir yan\u0131nda mazlum ve ma\u011fdurlar\u0131n yard\u0131m\u0131na ko\u015fan, kriz b\u00f6lgelerine acil insani yard\u0131m ula\u015ft\u0131ran T\u00fcrkiye Diyanet Vakf\u0131, L\u00fcbnan\u2019\u0131n ba\u015fkenti Beyrut\u2019taki patlama sonras\u0131nda da b\u00f6lgeye yard\u0131m ula\u015ft\u0131rd\u0131.<\/p>\n<p style=\"text-align: justify;\">T\u00fcrkiye Diyanet Vakf\u0131 M\u00fctevelli Heyeti 2. Ba\u015fkan\u0131 \u0130hsan A\u00e7\u0131k, 100\u2019\u00fcn \u00fczerinde insan\u0131n hayat\u0131n\u0131 kaybetti\u011fi ve 4 binden fazla ki\u015finin de yaraland\u0131\u011f\u0131 patlaman\u0131n ard\u0131ndan vak\u0131f olarak reaksiyon g\u00f6sterdiklerini ve ekipleri h\u0131zl\u0131 bir \u015fekilde b\u00f6lgeye y\u00f6nlendirdiklerini s\u00f6yledi.<\/p>\n<p style=\"text-align: justify;\">B\u00f6lgedeki partner kurulu\u015fla birlikte ilk etapta ihtiya\u00e7 sahibi ailelerin tespitini yapt\u0131klar\u0131na dikkati \u00e7eken A\u00e7\u0131k, \u201cPatlamadan en \u00e7ok zarar g\u00f6ren Karantina, Be\u015fura ve Jummeyzi b\u00f6lgelerinde ekmek ve su ba\u015fta olmak \u00fczere g\u0131da da\u011f\u0131t\u0131mlar\u0131na ba\u015flad\u0131k. Ekiplerimiz sahada. T\u00fcrk milletinin yard\u0131m elini vakit kaybetmeden ihtiya\u00e7 sahibi ailelere ula\u015ft\u0131r\u0131yoruz. Da\u011f\u0131t\u0131mla birlikte inceleme ve tespit \u00e7al\u0131\u015fmalar\u0131m\u0131z da s\u00fcrd\u00fcr\u00fcyor. Kimin neye ihtiyac\u0131 varsa ona g\u00f6re yard\u0131m ula\u015ft\u0131rmaya \u00e7al\u0131\u015f\u0131yoruz. Yaralar\u0131 sarmak i\u00e7in t\u00fcm imkanlar\u0131m\u0131zla seferber olduk. Her d\u00f6nem mazlum ve ma\u011fdurun yan\u0131nda olan, afet ve kriz b\u00f6lgelerine h\u0131zl\u0131 bir \u015fekilde ula\u015farak yaralar\u0131 saran Vakf\u0131m\u0131z, L\u00fcbnan halk\u0131n\u0131 da yaln\u0131z b\u0131rakm\u0131yor. Vefakar milletimiz, facia diyebilece\u011fimiz b\u00fcy\u00fckl\u00fckteki bir olay\u0131n ya\u015fand\u0131\u011f\u0131 Beyrut\u2019ta ihtiya\u00e7 sahibi ailelere yard\u0131m elini uzatacakt\u0131r\u201d diye konu\u015ftu.<\/p>\n<p style=\"text-align: justify;\">B\u00f6lgedeki di\u011fer T\u00fcrk sivil toplum kurulu\u015flar\u0131yla birlikte koordineli bir \u015fekilde hareket edildi\u011fini belirten A\u00e7\u0131k, el birli\u011fiyle yaralar\u0131n en k\u0131sa s\u00fcrede sar\u0131laca\u011f\u0131n\u0131 ifade etti.<\/p>\n\n\t\t<style type=\"text\/css\">\n\t\t\t#gallery-1 {\n\t\t\t\tmargin: auto;\n\t\t\t}\n\t\t\t#gallery-1 .gallery-item {\n\t\t\t\tfloat: left;\n\t\t\t\tmargin-top: 10px;\n\t\t\t\ttext-align: center;\n\t\t\t\twidth: 33%;\n\t\t\t}\n\t\t\t#gallery-1 img {\n\t\t\t\tborder: 2px solid #cfcfcf;\n\t\t\t}\n\t\t\t#gallery-1 .gallery-caption {\n\t\t\t\tmargin-left: 0;\n\t\t\t}\n\t\t\t\/* see gallery_shortcode() in wp-includes\/media.php *\/\n\t\t<\/style>\n\t\t<div id='gallery-1' class='gallery galleryid-8199 gallery-columns-3 gallery-size-thumbnail'><dl class='gallery-item'>\n\t\t\t<dt class='gallery-icon landscape'>\n\t\t\t\t<a href='https:\/\/tdv.org\/tr-TR\/wp-content\/uploads\/2020\/08\/20200806_2_43771896_57245492.jpg'><img decoding=\"async\" width=\"150\" height=\"150\" src=\"https:\/\/tdv.org\/tr-TR\/wp-content\/uploads\/2020\/08\/20200806_2_43771896_57245492-150x150.jpg\" class=\"attachment-thumbnail size-thumbnail\" alt=\"\" srcset=\"https:\/\/tdv.org\/tr-TR\/wp-content\/uploads\/2020\/08\/20200806_2_43771896_57245492-150x150.jpg 150w, https:\/\/tdv.org\/tr-TR\/wp-content\/uploads\/2020\/08\/20200806_2_43771896_57245492-100x100.jpg 100w, https:\/\/tdv.org\/tr-TR\/wp-content\/uploads\/2020\/08\/20200806_2_43771896_57245492-140x140.jpg 140w, https:\/\/tdv.org\/tr-TR\/wp-content\/uploads\/2020\/08\/20200806_2_43771896_57245492-500x500.jpg 500w, https:\/\/tdv.org\/tr-TR\/wp-content\/uploads\/2020\/08\/20200806_2_43771896_57245492-350x350.jpg 350w, https:\/\/tdv.org\/tr-TR\/wp-content\/uploads\/2020\/08\/20200806_2_43771896_57245492-800x800.jpg 800w\" sizes=\"(max-width: 150px) 100vw, 150px\" \/><\/a>\n\t\t\t<\/dt><\/dl><dl class='gallery-item'>\n\t\t\t<dt class='gallery-icon landscape'>\n\t\t\t\t<a href='https:\/\/tdv.org\/tr-TR\/wp-content\/uploads\/2020\/08\/20200806_2_43771896_57245494.jpg'><img decoding=\"async\" width=\"150\" height=\"150\" src=\"https:\/\/tdv.org\/tr-TR\/wp-content\/uploads\/2020\/08\/20200806_2_43771896_57245494-150x150.jpg\" class=\"attachment-thumbnail size-thumbnail\" alt=\"\" srcset=\"https:\/\/tdv.org\/tr-TR\/wp-content\/uploads\/2020\/08\/20200806_2_43771896_57245494-150x150.jpg 150w, https:\/\/tdv.org\/tr-TR\/wp-content\/uploads\/2020\/08\/20200806_2_43771896_57245494-100x100.jpg 100w, https:\/\/tdv.org\/tr-TR\/wp-content\/uploads\/2020\/08\/20200806_2_43771896_57245494-140x140.jpg 140w, https:\/\/tdv.org\/tr-TR\/wp-content\/uploads\/2020\/08\/20200806_2_43771896_57245494-500x500.jpg 500w, https:\/\/tdv.org\/tr-TR\/wp-content\/uploads\/2020\/08\/20200806_2_43771896_57245494-350x350.jpg 350w, https:\/\/tdv.org\/tr-TR\/wp-content\/uploads\/2020\/08\/20200806_2_43771896_57245494-800x800.jpg 800w\" sizes=\"(max-width: 150px) 100vw, 150px\" \/><\/a>\n\t\t\t<\/dt><\/dl><dl class='gallery-item'>\n\t\t\t<dt class='gallery-icon landscape'>\n\t\t\t\t<a href='https:\/\/tdv.org\/tr-TR\/wp-content\/uploads\/2020\/08\/20200806_2_43771896_57245495.jpg'><img decoding=\"async\" width=\"150\" height=\"150\" src=\"https:\/\/tdv.org\/tr-TR\/wp-content\/uploads\/2020\/08\/20200806_2_43771896_57245495-150x150.jpg\" class=\"attachment-thumbnail size-thumbnail\" alt=\"\" srcset=\"https:\/\/tdv.org\/tr-TR\/wp-content\/uploads\/2020\/08\/20200806_2_43771896_57245495-150x150.jpg 150w, https:\/\/tdv.org\/tr-TR\/wp-content\/uploads\/2020\/08\/20200806_2_43771896_57245495-100x100.jpg 100w, https:\/\/tdv.org\/tr-TR\/wp-content\/uploads\/2020\/08\/20200806_2_43771896_57245495-140x140.jpg 140w, https:\/\/tdv.org\/tr-TR\/wp-content\/uploads\/2020\/08\/20200806_2_43771896_57245495-500x500.jpg 500w, https:\/\/tdv.org\/tr-TR\/wp-content\/uploads\/2020\/08\/20200806_2_43771896_57245495-350x350.jpg 350w, https:\/\/tdv.org\/tr-TR\/wp-content\/uploads\/2020\/08\/20200806_2_43771896_57245495-800x800.jpg 800w\" sizes=\"(max-width: 150px) 100vw, 150px\" \/><\/a>\n\t\t\t<\/dt><\/dl><br style=\"clear: both\" \/><dl class='gallery-item'>\n\t\t\t<dt class='gallery-icon landscape'>\n\t\t\t\t<a href='https:\/\/tdv.org\/tr-TR\/wp-content\/uploads\/2020\/08\/20200806_2_43771896_57245496.jpg'><img decoding=\"async\" width=\"150\" height=\"150\" src=\"https:\/\/tdv.org\/tr-TR\/wp-content\/uploads\/2020\/08\/20200806_2_43771896_57245496-150x150.jpg\" class=\"attachment-thumbnail size-thumbnail\" alt=\"\" srcset=\"https:\/\/tdv.org\/tr-TR\/wp-content\/uploads\/2020\/08\/20200806_2_43771896_57245496-150x150.jpg 150w, https:\/\/tdv.org\/tr-TR\/wp-content\/uploads\/2020\/08\/20200806_2_43771896_57245496-100x100.jpg 100w, https:\/\/tdv.org\/tr-TR\/wp-content\/uploads\/2020\/08\/20200806_2_43771896_57245496-140x140.jpg 140w, https:\/\/tdv.org\/tr-TR\/wp-content\/uploads\/2020\/08\/20200806_2_43771896_57245496-500x500.jpg 500w, https:\/\/tdv.org\/tr-TR\/wp-content\/uploads\/2020\/08\/20200806_2_43771896_57245496-350x350.jpg 350w, https:\/\/tdv.org\/tr-TR\/wp-content\/uploads\/2020\/08\/20200806_2_43771896_57245496-800x800.jpg 800w\" sizes=\"(max-width: 150px) 100vw, 150px\" \/><\/a>\n\t\t\t<\/dt><\/dl><dl class='gallery-item'>\n\t\t\t<dt class='gallery-icon landscape'>\n\t\t\t\t<a href='https:\/\/tdv.org\/tr-TR\/wp-content\/uploads\/2020\/08\/20200806_2_43771896_57245498.jpg'><img decoding=\"async\" width=\"150\" height=\"150\" src=\"https:\/\/tdv.org\/tr-TR\/wp-content\/uploads\/2020\/08\/20200806_2_43771896_57245498-150x150.jpg\" class=\"attachment-thumbnail size-thumbnail\" alt=\"\" srcset=\"https:\/\/tdv.org\/tr-TR\/wp-content\/uploads\/2020\/08\/20200806_2_43771896_57245498-150x150.jpg 150w, https:\/\/tdv.org\/tr-TR\/wp-content\/uploads\/2020\/08\/20200806_2_43771896_57245498-100x100.jpg 100w, https:\/\/tdv.org\/tr-TR\/wp-content\/uploads\/2020\/08\/20200806_2_43771896_57245498-140x140.jpg 140w, https:\/\/tdv.org\/tr-TR\/wp-content\/uploads\/2020\/08\/20200806_2_43771896_57245498-500x500.jpg 500w, https:\/\/tdv.org\/tr-TR\/wp-content\/uploads\/2020\/08\/20200806_2_43771896_57245498-350x350.jpg 350w, https:\/\/tdv.org\/tr-TR\/wp-content\/uploads\/2020\/08\/20200806_2_43771896_57245498-800x800.jpg 800w\" sizes=\"(max-width: 150px) 100vw, 150px\" \/><\/a>\n\t\t\t<\/dt><\/dl><dl class='gallery-item'>\n\t\t\t<dt class='gallery-icon landscape'>\n\t\t\t\t<a href='https:\/\/tdv.org\/tr-TR\/wp-content\/uploads\/2020\/08\/20200806_2_43771896_57245493.jpg'><img decoding=\"async\" width=\"150\" height=\"150\" src=\"https:\/\/tdv.org\/tr-TR\/wp-content\/uploads\/2020\/08\/20200806_2_43771896_57245493-150x150.jpg\" class=\"attachment-thumbnail size-thumbnail\" alt=\"\" srcset=\"https:\/\/tdv.org\/tr-TR\/wp-content\/uploads\/2020\/08\/20200806_2_43771896_57245493-150x150.jpg 150w, https:\/\/tdv.org\/tr-TR\/wp-content\/uploads\/2020\/08\/20200806_2_43771896_57245493-100x100.jpg 100w, https:\/\/tdv.org\/tr-TR\/wp-content\/uploads\/2020\/08\/20200806_2_43771896_57245493-140x140.jpg 140w, https:\/\/tdv.org\/tr-TR\/wp-content\/uploads\/2020\/08\/20200806_2_43771896_57245493-500x500.jpg 500w, https:\/\/tdv.org\/tr-TR\/wp-content\/uploads\/2020\/08\/20200806_2_43771896_57245493-350x350.jpg 350w, https:\/\/tdv.org\/tr-TR\/wp-content\/uploads\/2020\/08\/20200806_2_43771896_57245493-800x800.jpg 800w\" sizes=\"(max-width: 150px) 100vw, 150px\" \/><\/a>\n\t\t\t<\/dt><\/dl><br style=\"clear: both\" \/>\n\t\t<\/div>\n\n","protected":false},"excerpt":{"rendered":"<p>\u201cYery\u00fcz\u00fcnde \u0130yilik Egemen Oluncaya Kadar\u201d slogan\u0131yla d\u00fcnyan\u0131n d\u00f6rt bir yan\u0131nda mazlum ve ma\u011fdurlar\u0131n yard\u0131m\u0131na ko\u015fan, kriz b\u00f6lgelerine acil insani yard\u0131m ula\u015ft\u0131ran T\u00fcrkiye Diyanet Vakf\u0131, L\u00fcbnan\u2019\u0131n ba\u015fkenti Beyrut\u2019taki patlama sonras\u0131nda da&#8230;<\/p>\n","protected":false},"author":7,"featured_media":8210,"comment_status":"open","ping_status":"closed","sticky":false,"template":"","format":"standard","meta":{"footnotes":""},"categories":[1],"tags":[810,807,525,668,809,811,445,808,806,812,478],"class_list":{"0":"post-8199","1":"post","2":"type-post","3":"status-publish","4":"format-standard","5":"has-post-thumbnail","7":"category-haberler","8":"tag-aileler","9":"tag-beyrut","10":"tag-gida-yardimi","11":"tag-gonullu","12":"tag-gorevli","13":"tag-kriz-bolgesi","14":"tag-lubnan","15":"tag-mazlum-ve-magdur","16":"tag-patlama","17":"tag-sivil-toplum-kuruluslari","18":"tag-yardim"},"yoast_head":"<!-- This site is optimized with the Yoast SEO plugin v27.5 - https:\/\/yoast.com\/product\/yoast-seo-wordpress\/ -->\n<title>T\u00fcrkiye Diyanet Vakf\u0131 L\u00fcbnan&#039;\u0131n yaralar\u0131n\u0131 sar\u0131yor<\/title>\n<meta name=\"description\" content=\"\u201cYery\u00fcz\u00fcnde \u0130yilik Egemen Oluncaya Kadar\u201d slogan\u0131yla d\u00fcnyan\u0131n d\u00f6rt bir yan\u0131nda mazlum ve ma\u011fdurlar\u0131n yard\u0131m\u0131na ko\u015fan, kriz b\u00f6lgelerine acil insani yard\u0131m ula\u015ft\u0131ran T\u00fcrkiye Diyanet Vakf\u0131, L\u00fcbnan\u2019\u0131n ba\u015fkenti Beyrut\u2019taki patlama sonras\u0131nda da b\u00f6lgeye yard\u0131m ula\u015ft\u0131rd\u0131.\" \/>\n<meta name=\"robots\" content=\"index, follow, max-snippet:-1, max-image-preview:large, max-video-preview:-1\" \/>\n<link rel=\"canonical\" href=\"https:\/\/tdv.org\/tr-TR\/turkiye-diyanet-vakfi-lubnanin-yaralarini-sariyor\/\" \/>\n<meta property=\"og:locale\" content=\"tr_TR\" \/>\n<meta property=\"og:type\" content=\"article\" \/>\n<meta property=\"og:title\" content=\"T\u00fcrkiye Diyanet Vakf\u0131 L\u00fcbnan&#039;\u0131n yaralar\u0131n\u0131 sar\u0131yor\" \/>\n<meta property=\"og:description\" content=\"\u201cYery\u00fcz\u00fcnde \u0130yilik Egemen Oluncaya Kadar\u201d slogan\u0131yla d\u00fcnyan\u0131n d\u00f6rt bir yan\u0131nda mazlum ve ma\u011fdurlar\u0131n yard\u0131m\u0131na ko\u015fan, kriz b\u00f6lgelerine acil insani yard\u0131m ula\u015ft\u0131ran T\u00fcrkiye Diyanet Vakf\u0131, L\u00fcbnan\u2019\u0131n ba\u015fkenti Beyrut\u2019taki patlama sonras\u0131nda da b\u00f6lgeye yard\u0131m ula\u015ft\u0131rd\u0131.\" \/>\n<meta property=\"og:url\" content=\"https:\/\/tdv.org\/tr-TR\/turkiye-diyanet-vakfi-lubnanin-yaralarini-sariyor\/\" \/>\n<meta property=\"og:site_name\" content=\"T\u00fcrkiye Diyanet Vakf\u0131 Resmi Web Sitesi\" \/>\n<meta property=\"article:publisher\" content=\"https:\/\/www.facebook.com\/Diyanetvakfi\/\" \/>\n<meta property=\"article:published_time\" content=\"2020-08-06T10:06:17+00:00\" \/>\n<meta property=\"article:modified_time\" content=\"2023-03-15T13:33:07+00:00\" \/>\n<meta property=\"og:image\" content=\"https:\/\/tdv.org\/tr-TR\/wp-content\/uploads\/2020\/08\/T\u00fcrkiye-Diyanet-Vakf\u0131-L\u00fcbnan\u0131n-yaralar\u0131n\u0131-sar\u0131yor-5.jpeg\" \/>\n\t<meta property=\"og:image:width\" content=\"1280\" \/>\n\t<meta property=\"og:image:height\" content=\"853\" \/>\n\t<meta property=\"og:image:type\" content=\"image\/jpeg\" \/>\n<meta name=\"author\" content=\"U\u011fur\" \/>\n<meta name=\"twitter:card\" content=\"summary_large_image\" \/>\n<meta name=\"twitter:creator\" content=\"@DiyanetVakfi\" \/>\n<meta name=\"twitter:site\" content=\"@DiyanetVakfi\" \/>\n<script type=\"application\/ld+json\" class=\"yoast-schema-graph\">{\"@context\":\"https:\\\/\\\/schema.org\",\"@graph\":[{\"@type\":\"Article\",\"@id\":\"https:\\\/\\\/tdv.org\\\/tr-TR\\\/turkiye-diyanet-vakfi-lubnanin-yaralarini-sariyor\\\/#article\",\"isPartOf\":{\"@id\":\"https:\\\/\\\/tdv.org\\\/tr-TR\\\/turkiye-diyanet-vakfi-lubnanin-yaralarini-sariyor\\\/\"},\"author\":{\"name\":\"U\u011fur\",\"@id\":\"https:\\\/\\\/tdv.org\\\/tr-TR\\\/#\\\/schema\\\/person\\\/8dcf742852c4614c6fdadb92da159c05\"},\"headline\":\"T\u00fcrkiye Diyanet Vakf\u0131 L\u00fcbnan&#8217;\u0131n yaralar\u0131n\u0131 sar\u0131yor\",\"datePublished\":\"2020-08-06T10:06:17+00:00\",\"dateModified\":\"2023-03-15T13:33:07+00:00\",\"mainEntityOfPage\":{\"@id\":\"https:\\\/\\\/tdv.org\\\/tr-TR\\\/turkiye-diyanet-vakfi-lubnanin-yaralarini-sariyor\\\/\"},\"wordCount\":328,\"commentCount\":0,\"publisher\":{\"@id\":\"https:\\\/\\\/tdv.org\\\/tr-TR\\\/#organization\"},\"image\":{\"@id\":\"https:\\\/\\\/tdv.org\\\/tr-TR\\\/turkiye-diyanet-vakfi-lubnanin-yaralarini-sariyor\\\/#primaryimage\"},\"thumbnailUrl\":\"https:\\\/\\\/tdv.org\\\/tr-TR\\\/wp-content\\\/uploads\\\/2020\\\/08\\\/T\u00fcrkiye-Diyanet-Vakf\u0131-L\u00fcbnan\u0131n-yaralar\u0131n\u0131-sar\u0131yor-5.jpeg\",\"keywords\":[\"aileler\",\"beyrut\",\"g\u0131da yard\u0131m\u0131\",\"g\u00f6n\u00fcll\u00fc\",\"g\u00f6revli\",\"kriz b\u00f6lgesi\",\"L\u00fcbnan\",\"mazlum ve ma\u011fdur\",\"patlama\",\"sivil toplum kurulu\u015flar\u0131\",\"yard\u0131m\"],\"articleSection\":[\"Haberler\"],\"inLanguage\":\"tr\",\"potentialAction\":[{\"@type\":\"CommentAction\",\"name\":\"Comment\",\"target\":[\"https:\\\/\\\/tdv.org\\\/tr-TR\\\/turkiye-diyanet-vakfi-lubnanin-yaralarini-sariyor\\\/#respond\"]}]},{\"@type\":\"WebPage\",\"@id\":\"https:\\\/\\\/tdv.org\\\/tr-TR\\\/turkiye-diyanet-vakfi-lubnanin-yaralarini-sariyor\\\/\",\"url\":\"https:\\\/\\\/tdv.org\\\/tr-TR\\\/turkiye-diyanet-vakfi-lubnanin-yaralarini-sariyor\\\/\",\"name\":\"T\u00fcrkiye Diyanet Vakf\u0131 L\u00fcbnan'\u0131n yaralar\u0131n\u0131 sar\u0131yor\",\"isPartOf\":{\"@id\":\"https:\\\/\\\/tdv.org\\\/tr-TR\\\/#website\"},\"primaryImageOfPage\":{\"@id\":\"https:\\\/\\\/tdv.org\\\/tr-TR\\\/turkiye-diyanet-vakfi-lubnanin-yaralarini-sariyor\\\/#primaryimage\"},\"image\":{\"@id\":\"https:\\\/\\\/tdv.org\\\/tr-TR\\\/turkiye-diyanet-vakfi-lubnanin-yaralarini-sariyor\\\/#primaryimage\"},\"thumbnailUrl\":\"https:\\\/\\\/tdv.org\\\/tr-TR\\\/wp-content\\\/uploads\\\/2020\\\/08\\\/T\u00fcrkiye-Diyanet-Vakf\u0131-L\u00fcbnan\u0131n-yaralar\u0131n\u0131-sar\u0131yor-5.jpeg\",\"datePublished\":\"2020-08-06T10:06:17+00:00\",\"dateModified\":\"2023-03-15T13:33:07+00:00\",\"description\":\"\u201cYery\u00fcz\u00fcnde \u0130yilik Egemen Oluncaya Kadar\u201d slogan\u0131yla d\u00fcnyan\u0131n d\u00f6rt bir yan\u0131nda mazlum ve ma\u011fdurlar\u0131n yard\u0131m\u0131na ko\u015fan, kriz b\u00f6lgelerine acil insani yard\u0131m ula\u015ft\u0131ran T\u00fcrkiye Diyanet Vakf\u0131, L\u00fcbnan\u2019\u0131n ba\u015fkenti Beyrut\u2019taki patlama sonras\u0131nda da b\u00f6lgeye yard\u0131m ula\u015ft\u0131rd\u0131.\",\"breadcrumb\":{\"@id\":\"https:\\\/\\\/tdv.org\\\/tr-TR\\\/turkiye-diyanet-vakfi-lubnanin-yaralarini-sariyor\\\/#breadcrumb\"},\"inLanguage\":\"tr\",\"potentialAction\":[{\"@type\":\"ReadAction\",\"target\":[\"https:\\\/\\\/tdv.org\\\/tr-TR\\\/turkiye-diyanet-vakfi-lubnanin-yaralarini-sariyor\\\/\"]}]},{\"@type\":\"ImageObject\",\"inLanguage\":\"tr\",\"@id\":\"https:\\\/\\\/tdv.org\\\/tr-TR\\\/turkiye-diyanet-vakfi-lubnanin-yaralarini-sariyor\\\/#primaryimage\",\"url\":\"https:\\\/\\\/tdv.org\\\/tr-TR\\\/wp-content\\\/uploads\\\/2020\\\/08\\\/T\u00fcrkiye-Diyanet-Vakf\u0131-L\u00fcbnan\u0131n-yaralar\u0131n\u0131-sar\u0131yor-5.jpeg\",\"contentUrl\":\"https:\\\/\\\/tdv.org\\\/tr-TR\\\/wp-content\\\/uploads\\\/2020\\\/08\\\/T\u00fcrkiye-Diyanet-Vakf\u0131-L\u00fcbnan\u0131n-yaralar\u0131n\u0131-sar\u0131yor-5.jpeg\",\"width\":1280,\"height\":853},{\"@type\":\"BreadcrumbList\",\"@id\":\"https:\\\/\\\/tdv.org\\\/tr-TR\\\/turkiye-diyanet-vakfi-lubnanin-yaralarini-sariyor\\\/#breadcrumb\",\"itemListElement\":[{\"@type\":\"ListItem\",\"position\":1,\"name\":\"Anasayfa\",\"item\":\"https:\\\/\\\/tdv.org\\\/tr-TR\\\/\"},{\"@type\":\"ListItem\",\"position\":2,\"name\":\"T\u00fcrkiye Diyanet Vakf\u0131 L\u00fcbnan&#8217;\u0131n yaralar\u0131n\u0131 sar\u0131yor\"}]},{\"@type\":\"WebSite\",\"@id\":\"https:\\\/\\\/tdv.org\\\/tr-TR\\\/#website\",\"url\":\"https:\\\/\\\/tdv.org\\\/tr-TR\\\/\",\"name\":\"T\u00fcrkiye Diyanet Vakf\u0131 Resmi Web Sitesi\",\"description\":\"Yery\u00fcz\u00fcnde iyilik egemen oluncaya kadar\",\"publisher\":{\"@id\":\"https:\\\/\\\/tdv.org\\\/tr-TR\\\/#organization\"},\"alternateName\":\"T\u00fcrkiye Diyanet Vakf\u0131\",\"potentialAction\":[{\"@type\":\"SearchAction\",\"target\":{\"@type\":\"EntryPoint\",\"urlTemplate\":\"https:\\\/\\\/tdv.org\\\/tr-TR\\\/?s={search_term_string}\"},\"query-input\":{\"@type\":\"PropertyValueSpecification\",\"valueRequired\":true,\"valueName\":\"search_term_string\"}}],\"inLanguage\":\"tr\"},{\"@type\":\"Organization\",\"@id\":\"https:\\\/\\\/tdv.org\\\/tr-TR\\\/#organization\",\"name\":\"T\u00fcrkiye Diyanet Vakf\u0131\",\"alternateName\":\"T\u00fcrkiye Diyanet Vakf\u0131\",\"url\":\"https:\\\/\\\/tdv.org\\\/tr-TR\\\/\",\"logo\":{\"@type\":\"ImageObject\",\"inLanguage\":\"tr\",\"@id\":\"https:\\\/\\\/tdv.org\\\/tr-TR\\\/#\\\/schema\\\/logo\\\/image\\\/\",\"url\":\"https:\\\/\\\/tdv.org\\\/tr-TR\\\/wp-content\\\/uploads\\\/2018\\\/12\\\/TDV_Logo_1.png\",\"contentUrl\":\"https:\\\/\\\/tdv.org\\\/tr-TR\\\/wp-content\\\/uploads\\\/2018\\\/12\\\/TDV_Logo_1.png\",\"width\":207,\"height\":71,\"caption\":\"T\u00fcrkiye Diyanet Vakf\u0131\"},\"image\":{\"@id\":\"https:\\\/\\\/tdv.org\\\/tr-TR\\\/#\\\/schema\\\/logo\\\/image\\\/\"},\"sameAs\":[\"https:\\\/\\\/www.facebook.com\\\/Diyanetvakfi\\\/\",\"https:\\\/\\\/x.com\\\/DiyanetVakfi\",\"https:\\\/\\\/www.instagram.com\\\/turkiyediyanetvakfi\\\/\",\"https:\\\/\\\/www.youtube.com\\\/user\\\/TurkiyeDiyanetVakfi\"]},{\"@type\":\"Person\",\"@id\":\"https:\\\/\\\/tdv.org\\\/tr-TR\\\/#\\\/schema\\\/person\\\/8dcf742852c4614c6fdadb92da159c05\",\"name\":\"U\u011fur\",\"image\":{\"@type\":\"ImageObject\",\"inLanguage\":\"tr\",\"@id\":\"https:\\\/\\\/tdv.org\\\/tr-TR\\\/wp-content\\\/litespeed\\\/avatar\\\/b970c0eba1124f8268544e2640bfa964.jpg?ver=1777289940\",\"url\":\"https:\\\/\\\/tdv.org\\\/tr-TR\\\/wp-content\\\/litespeed\\\/avatar\\\/b970c0eba1124f8268544e2640bfa964.jpg?ver=1777289940\",\"contentUrl\":\"https:\\\/\\\/tdv.org\\\/tr-TR\\\/wp-content\\\/litespeed\\\/avatar\\\/b970c0eba1124f8268544e2640bfa964.jpg?ver=1777289940\",\"caption\":\"U\u011fur\"}}]}<\/script>\n<!-- \/ Yoast SEO plugin. -->","yoast_head_json":{"title":"T\u00fcrkiye Diyanet Vakf\u0131 L\u00fcbnan'\u0131n yaralar\u0131n\u0131 sar\u0131yor","description":"\u201cYery\u00fcz\u00fcnde \u0130yilik Egemen Oluncaya Kadar\u201d slogan\u0131yla d\u00fcnyan\u0131n d\u00f6rt bir yan\u0131nda mazlum ve ma\u011fdurlar\u0131n yard\u0131m\u0131na ko\u015fan, kriz b\u00f6lgelerine acil insani yard\u0131m ula\u015ft\u0131ran T\u00fcrkiye Diyanet Vakf\u0131, L\u00fcbnan\u2019\u0131n ba\u015fkenti Beyrut\u2019taki patlama sonras\u0131nda da b\u00f6lgeye yard\u0131m ula\u015ft\u0131rd\u0131.","robots":{"index":"index","follow":"follow","max-snippet":"max-snippet:-1","max-image-preview":"max-image-preview:large","max-video-preview":"max-video-preview:-1"},"canonical":"https:\/\/tdv.org\/tr-TR\/turkiye-diyanet-vakfi-lubnanin-yaralarini-sariyor\/","og_locale":"tr_TR","og_type":"article","og_title":"T\u00fcrkiye Diyanet Vakf\u0131 L\u00fcbnan'\u0131n yaralar\u0131n\u0131 sar\u0131yor","og_description":"\u201cYery\u00fcz\u00fcnde \u0130yilik Egemen Oluncaya Kadar\u201d slogan\u0131yla d\u00fcnyan\u0131n d\u00f6rt bir yan\u0131nda mazlum ve ma\u011fdurlar\u0131n yard\u0131m\u0131na ko\u015fan, kriz b\u00f6lgelerine acil insani yard\u0131m ula\u015ft\u0131ran T\u00fcrkiye Diyanet Vakf\u0131, L\u00fcbnan\u2019\u0131n ba\u015fkenti Beyrut\u2019taki patlama sonras\u0131nda da b\u00f6lgeye yard\u0131m ula\u015ft\u0131rd\u0131.","og_url":"https:\/\/tdv.org\/tr-TR\/turkiye-diyanet-vakfi-lubnanin-yaralarini-sariyor\/","og_site_name":"T\u00fcrkiye Diyanet Vakf\u0131 Resmi Web Sitesi","article_publisher":"https:\/\/www.facebook.com\/Diyanetvakfi\/","article_published_time":"2020-08-06T10:06:17+00:00","article_modified_time":"2023-03-15T13:33:07+00:00","og_image":[{"width":1280,"height":853,"url":"https:\/\/tdv.org\/tr-TR\/wp-content\/uploads\/2020\/08\/T\u00fcrkiye-Diyanet-Vakf\u0131-L\u00fcbnan\u0131n-yaralar\u0131n\u0131-sar\u0131yor-5.jpeg","type":"image\/jpeg"}],"author":"U\u011fur","twitter_card":"summary_large_image","twitter_creator":"@DiyanetVakfi","twitter_site":"@DiyanetVakfi","schema":{"@context":"https:\/\/schema.org","@graph":[{"@type":"Article","@id":"https:\/\/tdv.org\/tr-TR\/turkiye-diyanet-vakfi-lubnanin-yaralarini-sariyor\/#article","isPartOf":{"@id":"https:\/\/tdv.org\/tr-TR\/turkiye-diyanet-vakfi-lubnanin-yaralarini-sariyor\/"},"author":{"name":"U\u011fur","@id":"https:\/\/tdv.org\/tr-TR\/#\/schema\/person\/8dcf742852c4614c6fdadb92da159c05"},"headline":"T\u00fcrkiye Diyanet Vakf\u0131 L\u00fcbnan&#8217;\u0131n yaralar\u0131n\u0131 sar\u0131yor","datePublished":"2020-08-06T10:06:17+00:00","dateModified":"2023-03-15T13:33:07+00:00","mainEntityOfPage":{"@id":"https:\/\/tdv.org\/tr-TR\/turkiye-diyanet-vakfi-lubnanin-yaralarini-sariyor\/"},"wordCount":328,"commentCount":0,"publisher":{"@id":"https:\/\/tdv.org\/tr-TR\/#organization"},"image":{"@id":"https:\/\/tdv.org\/tr-TR\/turkiye-diyanet-vakfi-lubnanin-yaralarini-sariyor\/#primaryimage"},"thumbnailUrl":"https:\/\/tdv.org\/tr-TR\/wp-content\/uploads\/2020\/08\/T\u00fcrkiye-Diyanet-Vakf\u0131-L\u00fcbnan\u0131n-yaralar\u0131n\u0131-sar\u0131yor-5.jpeg","keywords":["aileler","beyrut","g\u0131da yard\u0131m\u0131","g\u00f6n\u00fcll\u00fc","g\u00f6revli","kriz b\u00f6lgesi","L\u00fcbnan","mazlum ve ma\u011fdur","patlama","sivil toplum kurulu\u015flar\u0131","yard\u0131m"],"articleSection":["Haberler"],"inLanguage":"tr","potentialAction":[{"@type":"CommentAction","name":"Comment","target":["https:\/\/tdv.org\/tr-TR\/turkiye-diyanet-vakfi-lubnanin-yaralarini-sariyor\/#respond"]}]},{"@type":"WebPage","@id":"https:\/\/tdv.org\/tr-TR\/turkiye-diyanet-vakfi-lubnanin-yaralarini-sariyor\/","url":"https:\/\/tdv.org\/tr-TR\/turkiye-diyanet-vakfi-lubnanin-yaralarini-sariyor\/","name":"T\u00fcrkiye Diyanet Vakf\u0131 L\u00fcbnan'\u0131n yaralar\u0131n\u0131 sar\u0131yor","isPartOf":{"@id":"https:\/\/tdv.org\/tr-TR\/#website"},"primaryImageOfPage":{"@id":"https:\/\/tdv.org\/tr-TR\/turkiye-diyanet-vakfi-lubnanin-yaralarini-sariyor\/#primaryimage"},"image":{"@id":"https:\/\/tdv.org\/tr-TR\/turkiye-diyanet-vakfi-lubnanin-yaralarini-sariyor\/#primaryimage"},"thumbnailUrl":"https:\/\/tdv.org\/tr-TR\/wp-content\/uploads\/2020\/08\/T\u00fcrkiye-Diyanet-Vakf\u0131-L\u00fcbnan\u0131n-yaralar\u0131n\u0131-sar\u0131yor-5.jpeg","datePublished":"2020-08-06T10:06:17+00:00","dateModified":"2023-03-15T13:33:07+00:00","description":"\u201cYery\u00fcz\u00fcnde \u0130yilik Egemen Oluncaya Kadar\u201d slogan\u0131yla d\u00fcnyan\u0131n d\u00f6rt bir yan\u0131nda mazlum ve ma\u011fdurlar\u0131n yard\u0131m\u0131na ko\u015fan, kriz b\u00f6lgelerine acil insani yard\u0131m ula\u015ft\u0131ran T\u00fcrkiye Diyanet Vakf\u0131, L\u00fcbnan\u2019\u0131n ba\u015fkenti Beyrut\u2019taki patlama sonras\u0131nda da b\u00f6lgeye yard\u0131m ula\u015ft\u0131rd\u0131.","breadcrumb":{"@id":"https:\/\/tdv.org\/tr-TR\/turkiye-diyanet-vakfi-lubnanin-yaralarini-sariyor\/#breadcrumb"},"inLanguage":"tr","potentialAction":[{"@type":"ReadAction","target":["https:\/\/tdv.org\/tr-TR\/turkiye-diyanet-vakfi-lubnanin-yaralarini-sariyor\/"]}]},{"@type":"ImageObject","inLanguage":"tr","@id":"https:\/\/tdv.org\/tr-TR\/turkiye-diyanet-vakfi-lubnanin-yaralarini-sariyor\/#primaryimage","url":"https:\/\/tdv.org\/tr-TR\/wp-content\/uploads\/2020\/08\/T\u00fcrkiye-Diyanet-Vakf\u0131-L\u00fcbnan\u0131n-yaralar\u0131n\u0131-sar\u0131yor-5.jpeg","contentUrl":"https:\/\/tdv.org\/tr-TR\/wp-content\/uploads\/2020\/08\/T\u00fcrkiye-Diyanet-Vakf\u0131-L\u00fcbnan\u0131n-yaralar\u0131n\u0131-sar\u0131yor-5.jpeg","width":1280,"height":853},{"@type":"BreadcrumbList","@id":"https:\/\/tdv.org\/tr-TR\/turkiye-diyanet-vakfi-lubnanin-yaralarini-sariyor\/#breadcrumb","itemListElement":[{"@type":"ListItem","position":1,"name":"Anasayfa","item":"https:\/\/tdv.org\/tr-TR\/"},{"@type":"ListItem","position":2,"name":"T\u00fcrkiye Diyanet Vakf\u0131 L\u00fcbnan&#8217;\u0131n yaralar\u0131n\u0131 sar\u0131yor"}]},{"@type":"WebSite","@id":"https:\/\/tdv.org\/tr-TR\/#website","url":"https:\/\/tdv.org\/tr-TR\/","name":"T\u00fcrkiye Diyanet Vakf\u0131 Resmi Web Sitesi","description":"Yery\u00fcz\u00fcnde iyilik egemen oluncaya kadar","publisher":{"@id":"https:\/\/tdv.org\/tr-TR\/#organization"},"alternateName":"T\u00fcrkiye Diyanet Vakf\u0131","potentialAction":[{"@type":"SearchAction","target":{"@type":"EntryPoint","urlTemplate":"https:\/\/tdv.org\/tr-TR\/?s={search_term_string}"},"query-input":{"@type":"PropertyValueSpecification","valueRequired":true,"valueName":"search_term_string"}}],"inLanguage":"tr"},{"@type":"Organization","@id":"https:\/\/tdv.org\/tr-TR\/#organization","name":"T\u00fcrkiye Diyanet Vakf\u0131","alternateName":"T\u00fcrkiye Diyanet Vakf\u0131","url":"https:\/\/tdv.org\/tr-TR\/","logo":{"@type":"ImageObject","inLanguage":"tr","@id":"https:\/\/tdv.org\/tr-TR\/#\/schema\/logo\/image\/","url":"https:\/\/tdv.org\/tr-TR\/wp-content\/uploads\/2018\/12\/TDV_Logo_1.png","contentUrl":"https:\/\/tdv.org\/tr-TR\/wp-content\/uploads\/2018\/12\/TDV_Logo_1.png","width":207,"height":71,"caption":"T\u00fcrkiye Diyanet Vakf\u0131"},"image":{"@id":"https:\/\/tdv.org\/tr-TR\/#\/schema\/logo\/image\/"},"sameAs":["https:\/\/www.facebook.com\/Diyanetvakfi\/","https:\/\/x.com\/DiyanetVakfi","https:\/\/www.instagram.com\/turkiyediyanetvakfi\/","https:\/\/www.youtube.com\/user\/TurkiyeDiyanetVakfi"]},{"@type":"Person","@id":"https:\/\/tdv.org\/tr-TR\/#\/schema\/person\/8dcf742852c4614c6fdadb92da159c05","name":"U\u011fur","image":{"@type":"ImageObject","inLanguage":"tr","@id":"https:\/\/tdv.org\/tr-TR\/wp-content\/litespeed\/avatar\/b970c0eba1124f8268544e2640bfa964.jpg?ver=1777289940","url":"https:\/\/tdv.org\/tr-TR\/wp-content\/litespeed\/avatar\/b970c0eba1124f8268544e2640bfa964.jpg?ver=1777289940","contentUrl":"https:\/\/tdv.org\/tr-TR\/wp-content\/litespeed\/avatar\/b970c0eba1124f8268544e2640bfa964.jpg?ver=1777289940","caption":"U\u011fur"}}]}},"_links":{"self":[{"href":"https:\/\/tdv.org\/tr-TR\/wp-json\/wp\/v2\/posts\/8199","targetHints":{"allow":["GET"]}}],"collection":[{"href":"https:\/\/tdv.org\/tr-TR\/wp-json\/wp\/v2\/posts"}],"about":[{"href":"https:\/\/tdv.org\/tr-TR\/wp-json\/wp\/v2\/types\/post"}],"author":[{"embeddable":true,"href":"https:\/\/tdv.org\/tr-TR\/wp-json\/wp\/v2\/users\/7"}],"replies":[{"embeddable":true,"href":"https:\/\/tdv.org\/tr-TR\/wp-json\/wp\/v2\/comments?post=8199"}],"version-history":[{"count":1,"href":"https:\/\/tdv.org\/tr-TR\/wp-json\/wp\/v2\/posts\/8199\/revisions"}],"predecessor-version":[{"id":31144,"href":"https:\/\/tdv.org\/tr-TR\/wp-json\/wp\/v2\/posts\/8199\/revisions\/31144"}],"wp:featuredmedia":[{"embeddable":true,"href":"https:\/\/tdv.org\/tr-TR\/wp-json\/wp\/v2\/media\/8210"}],"wp:attachment":[{"href":"https:\/\/tdv.org\/tr-TR\/wp-json\/wp\/v2\/media?parent=8199"}],"wp:term":[{"taxonomy":"category","embeddable":true,"href":"https:\/\/tdv.org\/tr-TR\/wp-json\/wp\/v2\/categories?post=8199"},{"taxonomy":"post_tag","embeddable":true,"href":"https:\/\/tdv.org\/tr-TR\/wp-json\/wp\/v2\/tags?post=8199"}],"curies":[{"name":"wp","href":"https:\/\/api.w.org\/{rel}","templated":true}]}}