{"id":8212,"date":"2020-08-11T12:02:25","date_gmt":"2020-08-11T09:02:25","guid":{"rendered":"https:\/\/tdv.org\/tr-TR\/?p=8212"},"modified":"2023-03-15T16:32:48","modified_gmt":"2023-03-15T13:32:48","slug":"tdv-bayramda-295-bin-senegalliye-kurban-eti-dagitti","status":"publish","type":"post","link":"https:\/\/tdv.org\/tr-TR\/tdv-bayramda-295-bin-senegalliye-kurban-eti-dagitti\/","title":{"rendered":"TDV, bayramda 295 bin Senegalliye kurban eti da\u011f\u0131tt\u0131"},"content":{"rendered":"<p style=\"text-align: justify;\">T\u00fcrkiye Diyanet Vakf\u0131\u2019n\u0131n (TDV) &#8220;Kurban\u0131n\u0131 Payla\u015f Karde\u015finle Yak\u0131nla\u015f&#8221; slogan\u0131yla ger\u00e7ekle\u015ftirdi\u011fi kurban kesim organizasyonu kapsam\u0131nda Senegal&#8217;de 27 bin 510 hisse kurban kesilerek ihtiya\u00e7 sahibi 295 bin ki\u015fiye ula\u015f\u0131ld\u0131<\/p>\n<p style=\"text-align: justify;\">TDV arac\u0131l\u0131\u011f\u0131yla T\u00fcrkiye&#8217;den Senegal&#8217;e giden 4 ki\u015filik ekip, Kurban Bayram\u0131&#8217;n\u0131n ilk g\u00fcn\u00fcnden bu yana \u00fclkedeki ihtiya\u00e7 sahibi ailelerin sevindirilmesi i\u00e7in yo\u011fun \u00e7al\u0131\u015fma y\u00fcr\u00fctt\u00fc. Kovid-19 salg\u0131n\u0131 sebebiyle T\u00fcrkiye&#8217;den g\u00f6nderilen ekiplerde azalmaya gidilerek, Senegal vatanda\u015f\u0131 olan lisans e\u011fitimlerini T\u00fcrkiye&#8217;de tamamlam\u0131\u015f 16 \u00f6\u011frenci g\u00f6n\u00fcll\u00fc olarak b\u00f6lgelerde kesilen kurban faaliyetlerinde yer ald\u0131.<\/p>\n<p style=\"text-align: justify;\">\u00c7ocuklarla oyun oynayan, balon, \u015feker, oyuncak gibi hediyeler da\u011f\u0131tarak bayram sevinci ya\u015famalar\u0131n\u0131 sa\u011flayan g\u00f6revliler ve g\u00f6n\u00fcll\u00fcler, ailelerle de yak\u0131ndan ilgilendi. TDV Yurtd\u0131\u015f\u0131 Hayri ve Sosyal Hizmetler M\u00fcd\u00fcrl\u00fc\u011f\u00fcnde Uzman Yard\u0131mc\u0131s\u0131 olan ekip sorumlusu Muhammet Bahattin Alkan, TDV&#8217;nin her y\u0131l oldu\u011fu gibi bu y\u0131l da d\u00fcnyan\u0131n d\u00f6rt bir yan\u0131nda faaliyetlerini s\u00fcrd\u00fcrd\u00fc\u011f\u00fcn\u00fc s\u00f6yledi.<\/p>\n<p style=\"text-align: justify;\">Hay\u0131rseverlerin emanetlerini ihtiya\u00e7 sahiplerine ula\u015ft\u0131rd\u0131klar\u0131n\u0131 belirten Alkan, \u015funlar\u0131 kaydetti: &#8220;Bu y\u0131l \u00e7ok zahmetli ama bir o kadar da bereketli bir Kurban Bayram\u0131 ge\u00e7irdik. Ekiplerimizin her biri \u00e7ok \u00f6zverili \u00e7al\u0131\u015ft\u0131. Bu y\u0131l Senegal&#8217;de toplam 3900 b\u00fcy\u00fckba\u015f ve 210 k\u00fc\u00e7\u00fckba\u015f kurban kestik. T\u00fcrkiye&#8217;den gelen 4 ki\u015filik g\u00f6revli ve g\u00f6n\u00fcll\u00fc ekibimizle Senegal&#8217;in 14 b\u00f6lgesinde toplamda 27 bin 510 hisse kurban\u0131 yakla\u015f\u0131k 295 bin ki\u015fiye ula\u015ft\u0131rd\u0131k. \u0130nsanlar\u0131n evlerine kurban etlerini g\u00f6t\u00fcr\u00fcp, T\u00fcrkiye&#8217;den karde\u015flerinin payla\u015ft\u0131\u011f\u0131n\u0131 s\u00f6yledi\u011fimizde g\u00f6zlerinde mutluluk, umut ve karde\u015fli\u011fi g\u00f6rd\u00fck. Bu da bizi \u00e7ok mutlu etti. \u0130n\u015fallah buradan da T\u00fcrkiye&#8217;ye, Senegalli karde\u015flerimizin selamlar\u0131n\u0131 g\u00f6t\u00fcrece\u011fiz. Allah t\u00fcm hay\u0131rsever vatanda\u015flar\u0131m\u0131zdan raz\u0131 olsun.&#8221;<\/p>\n\n\t\t<style type=\"text\/css\">\n\t\t\t#gallery-1 {\n\t\t\t\tmargin: auto;\n\t\t\t}\n\t\t\t#gallery-1 .gallery-item {\n\t\t\t\tfloat: left;\n\t\t\t\tmargin-top: 10px;\n\t\t\t\ttext-align: center;\n\t\t\t\twidth: 33%;\n\t\t\t}\n\t\t\t#gallery-1 img {\n\t\t\t\tborder: 2px solid #cfcfcf;\n\t\t\t}\n\t\t\t#gallery-1 .gallery-caption {\n\t\t\t\tmargin-left: 0;\n\t\t\t}\n\t\t\t\/* see gallery_shortcode() in wp-includes\/media.php *\/\n\t\t<\/style>\n\t\t<div id='gallery-1' class='gallery galleryid-8212 gallery-columns-3 gallery-size-thumbnail'><dl class='gallery-item'>\n\t\t\t<dt class='gallery-icon portrait'>\n\t\t\t\t<a href='https:\/\/tdv.org\/tr-TR\/wp-content\/uploads\/2020\/08\/20200811_2_43836486_57344145.jpg'><img decoding=\"async\" width=\"150\" height=\"150\" src=\"https:\/\/tdv.org\/tr-TR\/wp-content\/uploads\/2020\/08\/20200811_2_43836486_57344145-150x150.jpg\" class=\"attachment-thumbnail size-thumbnail\" alt=\"\" srcset=\"https:\/\/tdv.org\/tr-TR\/wp-content\/uploads\/2020\/08\/20200811_2_43836486_57344145-150x150.jpg 150w, https:\/\/tdv.org\/tr-TR\/wp-content\/uploads\/2020\/08\/20200811_2_43836486_57344145-100x100.jpg 100w, https:\/\/tdv.org\/tr-TR\/wp-content\/uploads\/2020\/08\/20200811_2_43836486_57344145-140x140.jpg 140w, https:\/\/tdv.org\/tr-TR\/wp-content\/uploads\/2020\/08\/20200811_2_43836486_57344145-500x500.jpg 500w, https:\/\/tdv.org\/tr-TR\/wp-content\/uploads\/2020\/08\/20200811_2_43836486_57344145-350x350.jpg 350w, https:\/\/tdv.org\/tr-TR\/wp-content\/uploads\/2020\/08\/20200811_2_43836486_57344145-800x800.jpg 800w\" sizes=\"(max-width: 150px) 100vw, 150px\" \/><\/a>\n\t\t\t<\/dt><\/dl><dl class='gallery-item'>\n\t\t\t<dt class='gallery-icon portrait'>\n\t\t\t\t<a href='https:\/\/tdv.org\/tr-TR\/wp-content\/uploads\/2020\/08\/20200811_2_43836486_57344146.jpg'><img decoding=\"async\" width=\"150\" height=\"150\" src=\"https:\/\/tdv.org\/tr-TR\/wp-content\/uploads\/2020\/08\/20200811_2_43836486_57344146-150x150.jpg\" class=\"attachment-thumbnail size-thumbnail\" alt=\"\" srcset=\"https:\/\/tdv.org\/tr-TR\/wp-content\/uploads\/2020\/08\/20200811_2_43836486_57344146-150x150.jpg 150w, https:\/\/tdv.org\/tr-TR\/wp-content\/uploads\/2020\/08\/20200811_2_43836486_57344146-100x100.jpg 100w, https:\/\/tdv.org\/tr-TR\/wp-content\/uploads\/2020\/08\/20200811_2_43836486_57344146-140x140.jpg 140w, https:\/\/tdv.org\/tr-TR\/wp-content\/uploads\/2020\/08\/20200811_2_43836486_57344146-500x500.jpg 500w, https:\/\/tdv.org\/tr-TR\/wp-content\/uploads\/2020\/08\/20200811_2_43836486_57344146-350x350.jpg 350w, https:\/\/tdv.org\/tr-TR\/wp-content\/uploads\/2020\/08\/20200811_2_43836486_57344146-800x800.jpg 800w\" sizes=\"(max-width: 150px) 100vw, 150px\" \/><\/a>\n\t\t\t<\/dt><\/dl><dl class='gallery-item'>\n\t\t\t<dt class='gallery-icon portrait'>\n\t\t\t\t<a href='https:\/\/tdv.org\/tr-TR\/wp-content\/uploads\/2020\/08\/20200811_2_43836486_57344147.jpg'><img decoding=\"async\" width=\"150\" height=\"150\" src=\"https:\/\/tdv.org\/tr-TR\/wp-content\/uploads\/2020\/08\/20200811_2_43836486_57344147-150x150.jpg\" class=\"attachment-thumbnail size-thumbnail\" alt=\"\" srcset=\"https:\/\/tdv.org\/tr-TR\/wp-content\/uploads\/2020\/08\/20200811_2_43836486_57344147-150x150.jpg 150w, https:\/\/tdv.org\/tr-TR\/wp-content\/uploads\/2020\/08\/20200811_2_43836486_57344147-100x100.jpg 100w, https:\/\/tdv.org\/tr-TR\/wp-content\/uploads\/2020\/08\/20200811_2_43836486_57344147-140x140.jpg 140w, https:\/\/tdv.org\/tr-TR\/wp-content\/uploads\/2020\/08\/20200811_2_43836486_57344147-500x500.jpg 500w, https:\/\/tdv.org\/tr-TR\/wp-content\/uploads\/2020\/08\/20200811_2_43836486_57344147-350x350.jpg 350w, https:\/\/tdv.org\/tr-TR\/wp-content\/uploads\/2020\/08\/20200811_2_43836486_57344147-800x800.jpg 800w\" sizes=\"(max-width: 150px) 100vw, 150px\" \/><\/a>\n\t\t\t<\/dt><\/dl><br style=\"clear: both\" \/><dl class='gallery-item'>\n\t\t\t<dt class='gallery-icon portrait'>\n\t\t\t\t<a href='https:\/\/tdv.org\/tr-TR\/wp-content\/uploads\/2020\/08\/20200811_2_43836486_57344148.jpg'><img decoding=\"async\" width=\"150\" height=\"150\" src=\"https:\/\/tdv.org\/tr-TR\/wp-content\/uploads\/2020\/08\/20200811_2_43836486_57344148-150x150.jpg\" class=\"attachment-thumbnail size-thumbnail\" alt=\"\" srcset=\"https:\/\/tdv.org\/tr-TR\/wp-content\/uploads\/2020\/08\/20200811_2_43836486_57344148-150x150.jpg 150w, https:\/\/tdv.org\/tr-TR\/wp-content\/uploads\/2020\/08\/20200811_2_43836486_57344148-100x100.jpg 100w, https:\/\/tdv.org\/tr-TR\/wp-content\/uploads\/2020\/08\/20200811_2_43836486_57344148-140x140.jpg 140w, https:\/\/tdv.org\/tr-TR\/wp-content\/uploads\/2020\/08\/20200811_2_43836486_57344148-500x500.jpg 500w, https:\/\/tdv.org\/tr-TR\/wp-content\/uploads\/2020\/08\/20200811_2_43836486_57344148-350x350.jpg 350w, https:\/\/tdv.org\/tr-TR\/wp-content\/uploads\/2020\/08\/20200811_2_43836486_57344148-1000x1000.jpg 1000w, https:\/\/tdv.org\/tr-TR\/wp-content\/uploads\/2020\/08\/20200811_2_43836486_57344148-800x800.jpg 800w\" sizes=\"(max-width: 150px) 100vw, 150px\" \/><\/a>\n\t\t\t<\/dt><\/dl>\n\t\t\t<br style='clear: both' \/>\n\t\t<\/div>\n\n","protected":false},"excerpt":{"rendered":"<p>T\u00fcrkiye Diyanet Vakf\u0131\u2019n\u0131n (TDV) &#8220;Kurban\u0131n\u0131 Payla\u015f Karde\u015finle Yak\u0131nla\u015f&#8221; slogan\u0131yla ger\u00e7ekle\u015ftirdi\u011fi kurban kesim organizasyonu kapsam\u0131nda Senegal&#8217;de 27 bin 510 hisse kurban kesilerek ihtiya\u00e7 sahibi 295 bin ki\u015fiye ula\u015f\u0131ld\u0131 TDV arac\u0131l\u0131\u011f\u0131yla T\u00fcrkiye&#8217;den&#8230;<\/p>\n","protected":false},"author":7,"featured_media":8217,"comment_status":"open","ping_status":"closed","sticky":false,"template":"","format":"standard","meta":{"footnotes":""},"categories":[1],"tags":[115,776,246,171,743,191,813],"class_list":{"0":"post-8212","1":"post","2":"type-post","3":"status-publish","4":"format-standard","5":"has-post-thumbnail","7":"category-haberler","8":"tag-cocuk","9":"tag-ihtiyac-sahipleri","10":"tag-kardesinle-yakinlas","11":"tag-kurban","12":"tag-kurban-bayrami","13":"tag-kurbanini-paylas","14":"tag-senagel"},"yoast_head":"<!-- This site is optimized with the Yoast SEO plugin v27.5 - https:\/\/yoast.com\/product\/yoast-seo-wordpress\/ -->\n<title>TDV, bayramda 295 bin Senegalliye kurban eti da\u011f\u0131tt\u0131<\/title>\n<meta name=\"description\" content=\"T\u00fcrkiye Diyanet Vakf\u0131\u2019n\u0131n (TDV) &quot;Kurban\u0131n\u0131 Payla\u015f Karde\u015finle Yak\u0131nla\u015f&quot; slogan\u0131yla ger\u00e7ekle\u015ftirdi\u011fi kurban kesim organizasyonu kapsam\u0131nda Senegal&#039;de 27 bin 510 hisse kurban kesilerek ihtiya\u00e7 sahibi 295 bin ki\u015fiye ula\u015f\u0131ld\u0131\" \/>\n<meta name=\"robots\" content=\"index, follow, max-snippet:-1, max-image-preview:large, max-video-preview:-1\" \/>\n<link rel=\"canonical\" href=\"https:\/\/tdv.org\/tr-TR\/tdv-bayramda-295-bin-senegalliye-kurban-eti-dagitti\/\" \/>\n<meta property=\"og:locale\" content=\"tr_TR\" \/>\n<meta property=\"og:type\" content=\"article\" \/>\n<meta property=\"og:title\" content=\"TDV, bayramda 295 bin Senegalliye kurban eti da\u011f\u0131tt\u0131\" \/>\n<meta property=\"og:description\" content=\"T\u00fcrkiye Diyanet Vakf\u0131\u2019n\u0131n (TDV) &quot;Kurban\u0131n\u0131 Payla\u015f Karde\u015finle Yak\u0131nla\u015f&quot; slogan\u0131yla ger\u00e7ekle\u015ftirdi\u011fi kurban kesim organizasyonu kapsam\u0131nda Senegal&#039;de 27 bin 510 hisse kurban kesilerek ihtiya\u00e7 sahibi 295 bin ki\u015fiye ula\u015f\u0131ld\u0131\" \/>\n<meta property=\"og:url\" content=\"https:\/\/tdv.org\/tr-TR\/tdv-bayramda-295-bin-senegalliye-kurban-eti-dagitti\/\" \/>\n<meta property=\"og:site_name\" content=\"T\u00fcrkiye Diyanet Vakf\u0131 Resmi Web Sitesi\" \/>\n<meta property=\"article:publisher\" content=\"https:\/\/www.facebook.com\/Diyanetvakfi\/\" \/>\n<meta property=\"article:published_time\" content=\"2020-08-11T09:02:25+00:00\" \/>\n<meta property=\"article:modified_time\" content=\"2023-03-15T13:32:48+00:00\" \/>\n<meta property=\"og:image\" content=\"https:\/\/tdv.org\/tr-TR\/wp-content\/uploads\/2020\/08\/senagel-manset.jpg\" \/>\n\t<meta property=\"og:image:width\" content=\"809\" \/>\n\t<meta property=\"og:image:height\" content=\"648\" \/>\n\t<meta property=\"og:image:type\" content=\"image\/jpeg\" \/>\n<meta name=\"author\" content=\"U\u011fur\" \/>\n<meta name=\"twitter:card\" content=\"summary_large_image\" \/>\n<meta name=\"twitter:creator\" content=\"@DiyanetVakfi\" \/>\n<meta name=\"twitter:site\" content=\"@DiyanetVakfi\" \/>\n<script type=\"application\/ld+json\" class=\"yoast-schema-graph\">{\"@context\":\"https:\\\/\\\/schema.org\",\"@graph\":[{\"@type\":\"Article\",\"@id\":\"https:\\\/\\\/tdv.org\\\/tr-TR\\\/tdv-bayramda-295-bin-senegalliye-kurban-eti-dagitti\\\/#article\",\"isPartOf\":{\"@id\":\"https:\\\/\\\/tdv.org\\\/tr-TR\\\/tdv-bayramda-295-bin-senegalliye-kurban-eti-dagitti\\\/\"},\"author\":{\"name\":\"U\u011fur\",\"@id\":\"https:\\\/\\\/tdv.org\\\/tr-TR\\\/#\\\/schema\\\/person\\\/8dcf742852c4614c6fdadb92da159c05\"},\"headline\":\"TDV, bayramda 295 bin Senegalliye kurban eti da\u011f\u0131tt\u0131\",\"datePublished\":\"2020-08-11T09:02:25+00:00\",\"dateModified\":\"2023-03-15T13:32:48+00:00\",\"mainEntityOfPage\":{\"@id\":\"https:\\\/\\\/tdv.org\\\/tr-TR\\\/tdv-bayramda-295-bin-senegalliye-kurban-eti-dagitti\\\/\"},\"wordCount\":342,\"commentCount\":0,\"publisher\":{\"@id\":\"https:\\\/\\\/tdv.org\\\/tr-TR\\\/#organization\"},\"image\":{\"@id\":\"https:\\\/\\\/tdv.org\\\/tr-TR\\\/tdv-bayramda-295-bin-senegalliye-kurban-eti-dagitti\\\/#primaryimage\"},\"thumbnailUrl\":\"https:\\\/\\\/tdv.org\\\/tr-TR\\\/wp-content\\\/uploads\\\/2020\\\/08\\\/senagel-manset.jpg\",\"keywords\":[\"\u00e7ocuk\",\"ihtiya\u00e7 sahipleri\",\"Karde\u015finle Yak\u0131nla\u015f\",\"Kurban\",\"kurban bayram\u0131\",\"Kurban\u0131n\u0131 Payla\u015f\",\"senagel\"],\"articleSection\":[\"Haberler\"],\"inLanguage\":\"tr\",\"potentialAction\":[{\"@type\":\"CommentAction\",\"name\":\"Comment\",\"target\":[\"https:\\\/\\\/tdv.org\\\/tr-TR\\\/tdv-bayramda-295-bin-senegalliye-kurban-eti-dagitti\\\/#respond\"]}]},{\"@type\":\"WebPage\",\"@id\":\"https:\\\/\\\/tdv.org\\\/tr-TR\\\/tdv-bayramda-295-bin-senegalliye-kurban-eti-dagitti\\\/\",\"url\":\"https:\\\/\\\/tdv.org\\\/tr-TR\\\/tdv-bayramda-295-bin-senegalliye-kurban-eti-dagitti\\\/\",\"name\":\"TDV, bayramda 295 bin Senegalliye kurban eti da\u011f\u0131tt\u0131\",\"isPartOf\":{\"@id\":\"https:\\\/\\\/tdv.org\\\/tr-TR\\\/#website\"},\"primaryImageOfPage\":{\"@id\":\"https:\\\/\\\/tdv.org\\\/tr-TR\\\/tdv-bayramda-295-bin-senegalliye-kurban-eti-dagitti\\\/#primaryimage\"},\"image\":{\"@id\":\"https:\\\/\\\/tdv.org\\\/tr-TR\\\/tdv-bayramda-295-bin-senegalliye-kurban-eti-dagitti\\\/#primaryimage\"},\"thumbnailUrl\":\"https:\\\/\\\/tdv.org\\\/tr-TR\\\/wp-content\\\/uploads\\\/2020\\\/08\\\/senagel-manset.jpg\",\"datePublished\":\"2020-08-11T09:02:25+00:00\",\"dateModified\":\"2023-03-15T13:32:48+00:00\",\"description\":\"T\u00fcrkiye Diyanet Vakf\u0131\u2019n\u0131n (TDV) \\\"Kurban\u0131n\u0131 Payla\u015f Karde\u015finle Yak\u0131nla\u015f\\\" slogan\u0131yla ger\u00e7ekle\u015ftirdi\u011fi kurban kesim organizasyonu kapsam\u0131nda Senegal'de 27 bin 510 hisse kurban kesilerek ihtiya\u00e7 sahibi 295 bin ki\u015fiye ula\u015f\u0131ld\u0131\",\"breadcrumb\":{\"@id\":\"https:\\\/\\\/tdv.org\\\/tr-TR\\\/tdv-bayramda-295-bin-senegalliye-kurban-eti-dagitti\\\/#breadcrumb\"},\"inLanguage\":\"tr\",\"potentialAction\":[{\"@type\":\"ReadAction\",\"target\":[\"https:\\\/\\\/tdv.org\\\/tr-TR\\\/tdv-bayramda-295-bin-senegalliye-kurban-eti-dagitti\\\/\"]}]},{\"@type\":\"ImageObject\",\"inLanguage\":\"tr\",\"@id\":\"https:\\\/\\\/tdv.org\\\/tr-TR\\\/tdv-bayramda-295-bin-senegalliye-kurban-eti-dagitti\\\/#primaryimage\",\"url\":\"https:\\\/\\\/tdv.org\\\/tr-TR\\\/wp-content\\\/uploads\\\/2020\\\/08\\\/senagel-manset.jpg\",\"contentUrl\":\"https:\\\/\\\/tdv.org\\\/tr-TR\\\/wp-content\\\/uploads\\\/2020\\\/08\\\/senagel-manset.jpg\",\"width\":809,\"height\":648},{\"@type\":\"BreadcrumbList\",\"@id\":\"https:\\\/\\\/tdv.org\\\/tr-TR\\\/tdv-bayramda-295-bin-senegalliye-kurban-eti-dagitti\\\/#breadcrumb\",\"itemListElement\":[{\"@type\":\"ListItem\",\"position\":1,\"name\":\"Anasayfa\",\"item\":\"https:\\\/\\\/tdv.org\\\/tr-TR\\\/\"},{\"@type\":\"ListItem\",\"position\":2,\"name\":\"TDV, bayramda 295 bin Senegalliye kurban eti da\u011f\u0131tt\u0131\"}]},{\"@type\":\"WebSite\",\"@id\":\"https:\\\/\\\/tdv.org\\\/tr-TR\\\/#website\",\"url\":\"https:\\\/\\\/tdv.org\\\/tr-TR\\\/\",\"name\":\"T\u00fcrkiye Diyanet Vakf\u0131 Resmi Web Sitesi\",\"description\":\"Yery\u00fcz\u00fcnde iyilik egemen oluncaya kadar\",\"publisher\":{\"@id\":\"https:\\\/\\\/tdv.org\\\/tr-TR\\\/#organization\"},\"alternateName\":\"T\u00fcrkiye Diyanet Vakf\u0131\",\"potentialAction\":[{\"@type\":\"SearchAction\",\"target\":{\"@type\":\"EntryPoint\",\"urlTemplate\":\"https:\\\/\\\/tdv.org\\\/tr-TR\\\/?s={search_term_string}\"},\"query-input\":{\"@type\":\"PropertyValueSpecification\",\"valueRequired\":true,\"valueName\":\"search_term_string\"}}],\"inLanguage\":\"tr\"},{\"@type\":\"Organization\",\"@id\":\"https:\\\/\\\/tdv.org\\\/tr-TR\\\/#organization\",\"name\":\"T\u00fcrkiye Diyanet Vakf\u0131\",\"alternateName\":\"T\u00fcrkiye Diyanet Vakf\u0131\",\"url\":\"https:\\\/\\\/tdv.org\\\/tr-TR\\\/\",\"logo\":{\"@type\":\"ImageObject\",\"inLanguage\":\"tr\",\"@id\":\"https:\\\/\\\/tdv.org\\\/tr-TR\\\/#\\\/schema\\\/logo\\\/image\\\/\",\"url\":\"https:\\\/\\\/tdv.org\\\/tr-TR\\\/wp-content\\\/uploads\\\/2018\\\/12\\\/TDV_Logo_1.png\",\"contentUrl\":\"https:\\\/\\\/tdv.org\\\/tr-TR\\\/wp-content\\\/uploads\\\/2018\\\/12\\\/TDV_Logo_1.png\",\"width\":207,\"height\":71,\"caption\":\"T\u00fcrkiye Diyanet Vakf\u0131\"},\"image\":{\"@id\":\"https:\\\/\\\/tdv.org\\\/tr-TR\\\/#\\\/schema\\\/logo\\\/image\\\/\"},\"sameAs\":[\"https:\\\/\\\/www.facebook.com\\\/Diyanetvakfi\\\/\",\"https:\\\/\\\/x.com\\\/DiyanetVakfi\",\"https:\\\/\\\/www.instagram.com\\\/turkiyediyanetvakfi\\\/\",\"https:\\\/\\\/www.youtube.com\\\/user\\\/TurkiyeDiyanetVakfi\"]},{\"@type\":\"Person\",\"@id\":\"https:\\\/\\\/tdv.org\\\/tr-TR\\\/#\\\/schema\\\/person\\\/8dcf742852c4614c6fdadb92da159c05\",\"name\":\"U\u011fur\",\"image\":{\"@type\":\"ImageObject\",\"inLanguage\":\"tr\",\"@id\":\"https:\\\/\\\/tdv.org\\\/tr-TR\\\/wp-content\\\/litespeed\\\/avatar\\\/b970c0eba1124f8268544e2640bfa964.jpg?ver=1777289940\",\"url\":\"https:\\\/\\\/tdv.org\\\/tr-TR\\\/wp-content\\\/litespeed\\\/avatar\\\/b970c0eba1124f8268544e2640bfa964.jpg?ver=1777289940\",\"contentUrl\":\"https:\\\/\\\/tdv.org\\\/tr-TR\\\/wp-content\\\/litespeed\\\/avatar\\\/b970c0eba1124f8268544e2640bfa964.jpg?ver=1777289940\",\"caption\":\"U\u011fur\"}}]}<\/script>\n<!-- \/ Yoast SEO plugin. -->","yoast_head_json":{"title":"TDV, bayramda 295 bin Senegalliye kurban eti da\u011f\u0131tt\u0131","description":"T\u00fcrkiye Diyanet Vakf\u0131\u2019n\u0131n (TDV) \"Kurban\u0131n\u0131 Payla\u015f Karde\u015finle Yak\u0131nla\u015f\" slogan\u0131yla ger\u00e7ekle\u015ftirdi\u011fi kurban kesim organizasyonu kapsam\u0131nda Senegal'de 27 bin 510 hisse kurban kesilerek ihtiya\u00e7 sahibi 295 bin ki\u015fiye ula\u015f\u0131ld\u0131","robots":{"index":"index","follow":"follow","max-snippet":"max-snippet:-1","max-image-preview":"max-image-preview:large","max-video-preview":"max-video-preview:-1"},"canonical":"https:\/\/tdv.org\/tr-TR\/tdv-bayramda-295-bin-senegalliye-kurban-eti-dagitti\/","og_locale":"tr_TR","og_type":"article","og_title":"TDV, bayramda 295 bin Senegalliye kurban eti da\u011f\u0131tt\u0131","og_description":"T\u00fcrkiye Diyanet Vakf\u0131\u2019n\u0131n (TDV) \"Kurban\u0131n\u0131 Payla\u015f Karde\u015finle Yak\u0131nla\u015f\" slogan\u0131yla ger\u00e7ekle\u015ftirdi\u011fi kurban kesim organizasyonu kapsam\u0131nda Senegal'de 27 bin 510 hisse kurban kesilerek ihtiya\u00e7 sahibi 295 bin ki\u015fiye ula\u015f\u0131ld\u0131","og_url":"https:\/\/tdv.org\/tr-TR\/tdv-bayramda-295-bin-senegalliye-kurban-eti-dagitti\/","og_site_name":"T\u00fcrkiye Diyanet Vakf\u0131 Resmi Web Sitesi","article_publisher":"https:\/\/www.facebook.com\/Diyanetvakfi\/","article_published_time":"2020-08-11T09:02:25+00:00","article_modified_time":"2023-03-15T13:32:48+00:00","og_image":[{"width":809,"height":648,"url":"https:\/\/tdv.org\/tr-TR\/wp-content\/uploads\/2020\/08\/senagel-manset.jpg","type":"image\/jpeg"}],"author":"U\u011fur","twitter_card":"summary_large_image","twitter_creator":"@DiyanetVakfi","twitter_site":"@DiyanetVakfi","schema":{"@context":"https:\/\/schema.org","@graph":[{"@type":"Article","@id":"https:\/\/tdv.org\/tr-TR\/tdv-bayramda-295-bin-senegalliye-kurban-eti-dagitti\/#article","isPartOf":{"@id":"https:\/\/tdv.org\/tr-TR\/tdv-bayramda-295-bin-senegalliye-kurban-eti-dagitti\/"},"author":{"name":"U\u011fur","@id":"https:\/\/tdv.org\/tr-TR\/#\/schema\/person\/8dcf742852c4614c6fdadb92da159c05"},"headline":"TDV, bayramda 295 bin Senegalliye kurban eti da\u011f\u0131tt\u0131","datePublished":"2020-08-11T09:02:25+00:00","dateModified":"2023-03-15T13:32:48+00:00","mainEntityOfPage":{"@id":"https:\/\/tdv.org\/tr-TR\/tdv-bayramda-295-bin-senegalliye-kurban-eti-dagitti\/"},"wordCount":342,"commentCount":0,"publisher":{"@id":"https:\/\/tdv.org\/tr-TR\/#organization"},"image":{"@id":"https:\/\/tdv.org\/tr-TR\/tdv-bayramda-295-bin-senegalliye-kurban-eti-dagitti\/#primaryimage"},"thumbnailUrl":"https:\/\/tdv.org\/tr-TR\/wp-content\/uploads\/2020\/08\/senagel-manset.jpg","keywords":["\u00e7ocuk","ihtiya\u00e7 sahipleri","Karde\u015finle Yak\u0131nla\u015f","Kurban","kurban bayram\u0131","Kurban\u0131n\u0131 Payla\u015f","senagel"],"articleSection":["Haberler"],"inLanguage":"tr","potentialAction":[{"@type":"CommentAction","name":"Comment","target":["https:\/\/tdv.org\/tr-TR\/tdv-bayramda-295-bin-senegalliye-kurban-eti-dagitti\/#respond"]}]},{"@type":"WebPage","@id":"https:\/\/tdv.org\/tr-TR\/tdv-bayramda-295-bin-senegalliye-kurban-eti-dagitti\/","url":"https:\/\/tdv.org\/tr-TR\/tdv-bayramda-295-bin-senegalliye-kurban-eti-dagitti\/","name":"TDV, bayramda 295 bin Senegalliye kurban eti da\u011f\u0131tt\u0131","isPartOf":{"@id":"https:\/\/tdv.org\/tr-TR\/#website"},"primaryImageOfPage":{"@id":"https:\/\/tdv.org\/tr-TR\/tdv-bayramda-295-bin-senegalliye-kurban-eti-dagitti\/#primaryimage"},"image":{"@id":"https:\/\/tdv.org\/tr-TR\/tdv-bayramda-295-bin-senegalliye-kurban-eti-dagitti\/#primaryimage"},"thumbnailUrl":"https:\/\/tdv.org\/tr-TR\/wp-content\/uploads\/2020\/08\/senagel-manset.jpg","datePublished":"2020-08-11T09:02:25+00:00","dateModified":"2023-03-15T13:32:48+00:00","description":"T\u00fcrkiye Diyanet Vakf\u0131\u2019n\u0131n (TDV) \"Kurban\u0131n\u0131 Payla\u015f Karde\u015finle Yak\u0131nla\u015f\" slogan\u0131yla ger\u00e7ekle\u015ftirdi\u011fi kurban kesim organizasyonu kapsam\u0131nda Senegal'de 27 bin 510 hisse kurban kesilerek ihtiya\u00e7 sahibi 295 bin ki\u015fiye ula\u015f\u0131ld\u0131","breadcrumb":{"@id":"https:\/\/tdv.org\/tr-TR\/tdv-bayramda-295-bin-senegalliye-kurban-eti-dagitti\/#breadcrumb"},"inLanguage":"tr","potentialAction":[{"@type":"ReadAction","target":["https:\/\/tdv.org\/tr-TR\/tdv-bayramda-295-bin-senegalliye-kurban-eti-dagitti\/"]}]},{"@type":"ImageObject","inLanguage":"tr","@id":"https:\/\/tdv.org\/tr-TR\/tdv-bayramda-295-bin-senegalliye-kurban-eti-dagitti\/#primaryimage","url":"https:\/\/tdv.org\/tr-TR\/wp-content\/uploads\/2020\/08\/senagel-manset.jpg","contentUrl":"https:\/\/tdv.org\/tr-TR\/wp-content\/uploads\/2020\/08\/senagel-manset.jpg","width":809,"height":648},{"@type":"BreadcrumbList","@id":"https:\/\/tdv.org\/tr-TR\/tdv-bayramda-295-bin-senegalliye-kurban-eti-dagitti\/#breadcrumb","itemListElement":[{"@type":"ListItem","position":1,"name":"Anasayfa","item":"https:\/\/tdv.org\/tr-TR\/"},{"@type":"ListItem","position":2,"name":"TDV, bayramda 295 bin Senegalliye kurban eti da\u011f\u0131tt\u0131"}]},{"@type":"WebSite","@id":"https:\/\/tdv.org\/tr-TR\/#website","url":"https:\/\/tdv.org\/tr-TR\/","name":"T\u00fcrkiye Diyanet Vakf\u0131 Resmi Web Sitesi","description":"Yery\u00fcz\u00fcnde iyilik egemen oluncaya kadar","publisher":{"@id":"https:\/\/tdv.org\/tr-TR\/#organization"},"alternateName":"T\u00fcrkiye Diyanet Vakf\u0131","potentialAction":[{"@type":"SearchAction","target":{"@type":"EntryPoint","urlTemplate":"https:\/\/tdv.org\/tr-TR\/?s={search_term_string}"},"query-input":{"@type":"PropertyValueSpecification","valueRequired":true,"valueName":"search_term_string"}}],"inLanguage":"tr"},{"@type":"Organization","@id":"https:\/\/tdv.org\/tr-TR\/#organization","name":"T\u00fcrkiye Diyanet Vakf\u0131","alternateName":"T\u00fcrkiye Diyanet Vakf\u0131","url":"https:\/\/tdv.org\/tr-TR\/","logo":{"@type":"ImageObject","inLanguage":"tr","@id":"https:\/\/tdv.org\/tr-TR\/#\/schema\/logo\/image\/","url":"https:\/\/tdv.org\/tr-TR\/wp-content\/uploads\/2018\/12\/TDV_Logo_1.png","contentUrl":"https:\/\/tdv.org\/tr-TR\/wp-content\/uploads\/2018\/12\/TDV_Logo_1.png","width":207,"height":71,"caption":"T\u00fcrkiye Diyanet Vakf\u0131"},"image":{"@id":"https:\/\/tdv.org\/tr-TR\/#\/schema\/logo\/image\/"},"sameAs":["https:\/\/www.facebook.com\/Diyanetvakfi\/","https:\/\/x.com\/DiyanetVakfi","https:\/\/www.instagram.com\/turkiyediyanetvakfi\/","https:\/\/www.youtube.com\/user\/TurkiyeDiyanetVakfi"]},{"@type":"Person","@id":"https:\/\/tdv.org\/tr-TR\/#\/schema\/person\/8dcf742852c4614c6fdadb92da159c05","name":"U\u011fur","image":{"@type":"ImageObject","inLanguage":"tr","@id":"https:\/\/tdv.org\/tr-TR\/wp-content\/litespeed\/avatar\/b970c0eba1124f8268544e2640bfa964.jpg?ver=1777289940","url":"https:\/\/tdv.org\/tr-TR\/wp-content\/litespeed\/avatar\/b970c0eba1124f8268544e2640bfa964.jpg?ver=1777289940","contentUrl":"https:\/\/tdv.org\/tr-TR\/wp-content\/litespeed\/avatar\/b970c0eba1124f8268544e2640bfa964.jpg?ver=1777289940","caption":"U\u011fur"}}]}},"_links":{"self":[{"href":"https:\/\/tdv.org\/tr-TR\/wp-json\/wp\/v2\/posts\/8212","targetHints":{"allow":["GET"]}}],"collection":[{"href":"https:\/\/tdv.org\/tr-TR\/wp-json\/wp\/v2\/posts"}],"about":[{"href":"https:\/\/tdv.org\/tr-TR\/wp-json\/wp\/v2\/types\/post"}],"author":[{"embeddable":true,"href":"https:\/\/tdv.org\/tr-TR\/wp-json\/wp\/v2\/users\/7"}],"replies":[{"embeddable":true,"href":"https:\/\/tdv.org\/tr-TR\/wp-json\/wp\/v2\/comments?post=8212"}],"version-history":[{"count":1,"href":"https:\/\/tdv.org\/tr-TR\/wp-json\/wp\/v2\/posts\/8212\/revisions"}],"predecessor-version":[{"id":31143,"href":"https:\/\/tdv.org\/tr-TR\/wp-json\/wp\/v2\/posts\/8212\/revisions\/31143"}],"wp:featuredmedia":[{"embeddable":true,"href":"https:\/\/tdv.org\/tr-TR\/wp-json\/wp\/v2\/media\/8217"}],"wp:attachment":[{"href":"https:\/\/tdv.org\/tr-TR\/wp-json\/wp\/v2\/media?parent=8212"}],"wp:term":[{"taxonomy":"category","embeddable":true,"href":"https:\/\/tdv.org\/tr-TR\/wp-json\/wp\/v2\/categories?post=8212"},{"taxonomy":"post_tag","embeddable":true,"href":"https:\/\/tdv.org\/tr-TR\/wp-json\/wp\/v2\/tags?post=8212"}],"curies":[{"name":"wp","href":"https:\/\/api.w.org\/{rel}","templated":true}]}}