{"id":8292,"date":"2020-08-25T16:44:35","date_gmt":"2020-08-25T13:44:35","guid":{"rendered":"https:\/\/tdv.org\/tr-TR\/?p=8292"},"modified":"2023-03-15T16:31:41","modified_gmt":"2023-03-15T13:31:41","slug":"insallah-devletimiz-bu-sikintilari-en-kisa-zamanda-giderecektir","status":"publish","type":"post","link":"https:\/\/tdv.org\/tr-TR\/insallah-devletimiz-bu-sikintilari-en-kisa-zamanda-giderecektir\/","title":{"rendered":"\u201c\u0130n\u015fallah devletimiz bu s\u0131k\u0131nt\u0131lar\u0131 en k\u0131sa zamanda giderecektir\u201d"},"content":{"rendered":"<p style=\"text-align: justify;\">Diyanet \u0130\u015fleri Ba\u015fkan\u0131 ve T\u00fcrkiye Diyanet Vakf\u0131 M\u00fctevelli Heyeti Ba\u015fkan\u0131 Prof. Dr. Ali Erba\u015f, selin b\u00fcy\u00fck hasar olu\u015fturdu\u011fu Giresun Dereli il\u00e7e merkezindeki \u015eehit Tuncay Zengin \u00c7ok Programl\u0131 Anadolu Lisesinin bah\u00e7esinde, T\u00fcrkiye Diyanet Vakf\u0131 taraf\u0131ndan b\u00f6lgeye g\u00f6nderilen erzak kolilerinin da\u011f\u0131t\u0131m\u0131na kat\u0131ld\u0131.<br \/>\nDa\u011f\u0131t\u0131m sonras\u0131 a\u00e7\u0131klamalarda bulunan Ba\u015fkan Erba\u015f, sel nedeniyle kaybolan vatanda\u015flar\u0131n bir an \u00f6nce bulunmas\u0131 niyaz\u0131nda bulundu.<br \/>\nBa\u015fkan Erba\u015f, vefat eden vatanda\u015flara Allah&#8217;tan rahmet dileyerek, &#8220;Giresun&#8217;un \u00e7e\u015fitli yerlerinde vefat eden karde\u015flerimize Rabbim&#8217;den rahmet diliyorum. Dereli ba\u015fta olmak \u00fczere b\u00f6lgede il\u00e7elerimiz ve pek \u00e7ok beldemiz zarar g\u00f6rd\u00fc. Allah kolayl\u0131k versin&#8221; dedi.<br \/>\n&#8220;Zarara u\u011frayan karde\u015flerimizin yard\u0131m\u0131 i\u00e7in devletimiz burada bakanlar\u0131m\u0131z burada.&#8221; diyen Ba\u015fkan Erba\u015f, \u015funlar\u0131 kaydetti:<br \/>\n&#8220;Birlik beraberlik i\u00e7erisinde in\u015fallah en k\u0131sa zamanda bu s\u0131k\u0131nt\u0131lar\u0131 devletimiz giderecektir. Biz de T\u00fcrkiye Diyanet Vakf\u0131 olarak getirmi\u015f oldu\u011fumuz kolilerimizi ihtiya\u00e7 sahibi karde\u015flerimize veriyoruz. T\u00fcrk K\u0131z\u0131lay&#8217;\u0131m\u0131z burada, pek \u00e7ok yard\u0131m te\u015fkilat\u0131, sivil toplum kurulu\u015fu burada. \u0130\u015fte bu, bizim milletimizin b\u00fcy\u00fckl\u00fc\u011f\u00fcn\u00fc g\u00f6steriyor. Herhangi bir yerde afet oldu\u011fu zaman hemen devletimiz sivil toplum kurulu\u015flar\u0131m\u0131z, vak\u0131flar\u0131m\u0131z, derneklerimiz orada milletimizin yard\u0131m\u0131na ko\u015fuyor.\u201d<br \/>\nBa\u015fkan Erba\u015f, Diyanet te\u015fkilat\u0131 olarak vatanda\u015flar\u0131n yanlar\u0131nda olduklar\u0131n\u0131 ifade ederek, &#8220;Ben tekrar ge\u00e7mi\u015f olsun diyorum. Vefat eden karde\u015flerimize rahmet diliyorum. Yak\u0131nlar\u0131na ba\u015fsa\u011fl\u0131\u011f\u0131 diliyorum. Cenab-\u0131 Hak milletimizi, insanl\u0131\u011f\u0131 bu t\u00fcr afetlerden muhafaza buyursun, bir daha g\u00f6stermesin&#8221; temennisinde bulundu.<br \/>\nAyr\u0131ca \u00e7e\u015fitli sivil toplum kurulu\u015flar\u0131n\u0131n kurdu\u011fu yard\u0131m stantlar\u0131n\u0131 ve a\u015fevlerini ziyaret eden Ba\u015fkan Erba\u015f, Dereli Ulu Camii\u2019nde \u00f6\u011fle namaz\u0131n\u0131n ard\u0131ndan vatanda\u015flarla da sohbet etti.<br \/>\nZiyarette Ba\u015fkan Erba\u015f\u2019a Diyanet \u0130\u015fleri Ba\u015fkanl\u0131\u011f\u0131 Y\u00f6netim Hizmetleri Genel M\u00fcd\u00fcr\u00fc Mehmet Bilgin, Giresun \u0130l M\u00fcft\u00fcs\u00fc Muhittin Oral ile Ordu \u0130l M\u00fcft\u00fcs\u00fc \u0130smail \u00c7i\u00e7ek e\u015flik ediyor.<\/p>\n\n\t\t<style type=\"text\/css\">\n\t\t\t#gallery-1 {\n\t\t\t\tmargin: auto;\n\t\t\t}\n\t\t\t#gallery-1 .gallery-item {\n\t\t\t\tfloat: left;\n\t\t\t\tmargin-top: 10px;\n\t\t\t\ttext-align: center;\n\t\t\t\twidth: 33%;\n\t\t\t}\n\t\t\t#gallery-1 img {\n\t\t\t\tborder: 2px solid #cfcfcf;\n\t\t\t}\n\t\t\t#gallery-1 .gallery-caption {\n\t\t\t\tmargin-left: 0;\n\t\t\t}\n\t\t\t\/* see gallery_shortcode() in wp-includes\/media.php *\/\n\t\t<\/style>\n\t\t<div id='gallery-1' class='gallery galleryid-8292 gallery-columns-3 gallery-size-thumbnail'><dl class='gallery-item'>\n\t\t\t<dt class='gallery-icon landscape'>\n\t\t\t\t<a href='https:\/\/tdv.org\/tr-TR\/wp-content\/uploads\/2020\/08\/1.jpg'><img decoding=\"async\" width=\"150\" height=\"150\" src=\"https:\/\/tdv.org\/tr-TR\/wp-content\/uploads\/2020\/08\/1-150x150.jpg\" class=\"attachment-thumbnail size-thumbnail\" alt=\"\" srcset=\"https:\/\/tdv.org\/tr-TR\/wp-content\/uploads\/2020\/08\/1-150x150.jpg 150w, https:\/\/tdv.org\/tr-TR\/wp-content\/uploads\/2020\/08\/1-100x100.jpg 100w, https:\/\/tdv.org\/tr-TR\/wp-content\/uploads\/2020\/08\/1-140x140.jpg 140w, https:\/\/tdv.org\/tr-TR\/wp-content\/uploads\/2020\/08\/1-500x500.jpg 500w, https:\/\/tdv.org\/tr-TR\/wp-content\/uploads\/2020\/08\/1-350x350.jpg 350w, https:\/\/tdv.org\/tr-TR\/wp-content\/uploads\/2020\/08\/1-800x800.jpg 800w\" sizes=\"(max-width: 150px) 100vw, 150px\" \/><\/a>\n\t\t\t<\/dt><\/dl><dl class='gallery-item'>\n\t\t\t<dt class='gallery-icon landscape'>\n\t\t\t\t<a href='https:\/\/tdv.org\/tr-TR\/wp-content\/uploads\/2020\/08\/2.jpg'><img decoding=\"async\" width=\"150\" height=\"150\" src=\"https:\/\/tdv.org\/tr-TR\/wp-content\/uploads\/2020\/08\/2-150x150.jpg\" class=\"attachment-thumbnail size-thumbnail\" alt=\"\" srcset=\"https:\/\/tdv.org\/tr-TR\/wp-content\/uploads\/2020\/08\/2-150x150.jpg 150w, https:\/\/tdv.org\/tr-TR\/wp-content\/uploads\/2020\/08\/2-100x100.jpg 100w, https:\/\/tdv.org\/tr-TR\/wp-content\/uploads\/2020\/08\/2-140x140.jpg 140w, https:\/\/tdv.org\/tr-TR\/wp-content\/uploads\/2020\/08\/2-500x500.jpg 500w, https:\/\/tdv.org\/tr-TR\/wp-content\/uploads\/2020\/08\/2-350x350.jpg 350w, https:\/\/tdv.org\/tr-TR\/wp-content\/uploads\/2020\/08\/2-800x800.jpg 800w\" sizes=\"(max-width: 150px) 100vw, 150px\" \/><\/a>\n\t\t\t<\/dt><\/dl><dl class='gallery-item'>\n\t\t\t<dt class='gallery-icon landscape'>\n\t\t\t\t<a href='https:\/\/tdv.org\/tr-TR\/wp-content\/uploads\/2020\/08\/3.jpg'><img decoding=\"async\" width=\"150\" height=\"150\" src=\"https:\/\/tdv.org\/tr-TR\/wp-content\/uploads\/2020\/08\/3-150x150.jpg\" class=\"attachment-thumbnail size-thumbnail\" alt=\"\" srcset=\"https:\/\/tdv.org\/tr-TR\/wp-content\/uploads\/2020\/08\/3-150x150.jpg 150w, https:\/\/tdv.org\/tr-TR\/wp-content\/uploads\/2020\/08\/3-100x100.jpg 100w, https:\/\/tdv.org\/tr-TR\/wp-content\/uploads\/2020\/08\/3-140x140.jpg 140w, https:\/\/tdv.org\/tr-TR\/wp-content\/uploads\/2020\/08\/3-500x500.jpg 500w, https:\/\/tdv.org\/tr-TR\/wp-content\/uploads\/2020\/08\/3-350x350.jpg 350w, https:\/\/tdv.org\/tr-TR\/wp-content\/uploads\/2020\/08\/3-800x800.jpg 800w\" sizes=\"(max-width: 150px) 100vw, 150px\" \/><\/a>\n\t\t\t<\/dt><\/dl><br style=\"clear: both\" \/><dl class='gallery-item'>\n\t\t\t<dt class='gallery-icon landscape'>\n\t\t\t\t<a href='https:\/\/tdv.org\/tr-TR\/wp-content\/uploads\/2020\/08\/4.jpg'><img decoding=\"async\" width=\"150\" height=\"150\" src=\"https:\/\/tdv.org\/tr-TR\/wp-content\/uploads\/2020\/08\/4-150x150.jpg\" class=\"attachment-thumbnail size-thumbnail\" alt=\"\" srcset=\"https:\/\/tdv.org\/tr-TR\/wp-content\/uploads\/2020\/08\/4-150x150.jpg 150w, https:\/\/tdv.org\/tr-TR\/wp-content\/uploads\/2020\/08\/4-100x100.jpg 100w, https:\/\/tdv.org\/tr-TR\/wp-content\/uploads\/2020\/08\/4-140x140.jpg 140w, https:\/\/tdv.org\/tr-TR\/wp-content\/uploads\/2020\/08\/4-500x500.jpg 500w, https:\/\/tdv.org\/tr-TR\/wp-content\/uploads\/2020\/08\/4-350x350.jpg 350w, https:\/\/tdv.org\/tr-TR\/wp-content\/uploads\/2020\/08\/4-800x800.jpg 800w\" sizes=\"(max-width: 150px) 100vw, 150px\" \/><\/a>\n\t\t\t<\/dt><\/dl><dl class='gallery-item'>\n\t\t\t<dt class='gallery-icon landscape'>\n\t\t\t\t<a href='https:\/\/tdv.org\/tr-TR\/wp-content\/uploads\/2020\/08\/5.jpg'><img decoding=\"async\" width=\"150\" height=\"150\" src=\"https:\/\/tdv.org\/tr-TR\/wp-content\/uploads\/2020\/08\/5-150x150.jpg\" class=\"attachment-thumbnail size-thumbnail\" alt=\"\" srcset=\"https:\/\/tdv.org\/tr-TR\/wp-content\/uploads\/2020\/08\/5-150x150.jpg 150w, https:\/\/tdv.org\/tr-TR\/wp-content\/uploads\/2020\/08\/5-100x100.jpg 100w, https:\/\/tdv.org\/tr-TR\/wp-content\/uploads\/2020\/08\/5-140x140.jpg 140w, https:\/\/tdv.org\/tr-TR\/wp-content\/uploads\/2020\/08\/5-500x500.jpg 500w, https:\/\/tdv.org\/tr-TR\/wp-content\/uploads\/2020\/08\/5-350x350.jpg 350w, https:\/\/tdv.org\/tr-TR\/wp-content\/uploads\/2020\/08\/5-800x800.jpg 800w\" sizes=\"(max-width: 150px) 100vw, 150px\" \/><\/a>\n\t\t\t<\/dt><\/dl>\n\t\t\t<br style='clear: both' \/>\n\t\t<\/div>\n\n","protected":false},"excerpt":{"rendered":"<p>Diyanet \u0130\u015fleri Ba\u015fkan\u0131 ve T\u00fcrkiye Diyanet Vakf\u0131 M\u00fctevelli Heyeti Ba\u015fkan\u0131 Prof. Dr. Ali Erba\u015f, selin b\u00fcy\u00fck hasar olu\u015fturdu\u011fu Giresun Dereli il\u00e7e merkezindeki \u015eehit Tuncay Zengin \u00c7ok Programl\u0131 Anadolu Lisesinin bah\u00e7esinde,&#8230;<\/p>\n","protected":false},"author":6,"featured_media":8296,"comment_status":"open","ping_status":"closed","sticky":false,"template":"","format":"standard","meta":{"footnotes":""},"categories":[1],"tags":[433,596,829,823,262,478],"class_list":{"0":"post-8292","1":"post","2":"type-post","3":"status-publish","4":"format-standard","5":"has-post-thumbnail","7":"category-haberler","8":"tag-diyanet-isleri-baskani-prof-dr-ali-erbas","9":"tag-diyanet-isleri-baskani-ve-turkiye-diyanet-vakfi-mutevelli-heyeti-baskani-prof-dr-ali-erbas","10":"tag-felaket","11":"tag-giresun","12":"tag-sel","13":"tag-yardim"},"yoast_head":"<!-- This site is optimized with the Yoast SEO plugin v27.5 - https:\/\/yoast.com\/product\/yoast-seo-wordpress\/ -->\n<title>\u201c\u0130n\u015fallah devletimiz bu s\u0131k\u0131nt\u0131lar\u0131 en k\u0131sa zamanda giderecektir\u201d<\/title>\n<meta name=\"description\" content=\"Diyanet \u0130\u015fleri Ba\u015fkan\u0131 ve T\u00fcrkiye Diyanet Vakf\u0131 M\u00fctevelli Heyeti Ba\u015fkan\u0131 Prof. Dr. Ali Erba\u015f, selin b\u00fcy\u00fck hasar olu\u015fturdu\u011fu Giresun Dereli il\u00e7e merkezindeki \u015eehit Tuncay Zengin \u00c7ok Programl\u0131 Anadolu Lisesinin bah\u00e7esinde, T\u00fcrkiye Diyanet Vakf\u0131 taraf\u0131ndan b\u00f6lgeye g\u00f6nderilen erzak kolilerinin da\u011f\u0131t\u0131m\u0131na kat\u0131ld\u0131.\" \/>\n<meta name=\"robots\" content=\"index, follow, max-snippet:-1, max-image-preview:large, max-video-preview:-1\" \/>\n<link rel=\"canonical\" href=\"https:\/\/tdv.org\/tr-TR\/insallah-devletimiz-bu-sikintilari-en-kisa-zamanda-giderecektir\/\" \/>\n<meta property=\"og:locale\" content=\"tr_TR\" \/>\n<meta property=\"og:type\" content=\"article\" \/>\n<meta property=\"og:title\" content=\"\u201c\u0130n\u015fallah devletimiz bu s\u0131k\u0131nt\u0131lar\u0131 en k\u0131sa zamanda giderecektir\u201d\" \/>\n<meta property=\"og:description\" content=\"Diyanet \u0130\u015fleri Ba\u015fkan\u0131 ve T\u00fcrkiye Diyanet Vakf\u0131 M\u00fctevelli Heyeti Ba\u015fkan\u0131 Prof. Dr. Ali Erba\u015f, selin b\u00fcy\u00fck hasar olu\u015fturdu\u011fu Giresun Dereli il\u00e7e merkezindeki \u015eehit Tuncay Zengin \u00c7ok Programl\u0131 Anadolu Lisesinin bah\u00e7esinde, T\u00fcrkiye Diyanet Vakf\u0131 taraf\u0131ndan b\u00f6lgeye g\u00f6nderilen erzak kolilerinin da\u011f\u0131t\u0131m\u0131na kat\u0131ld\u0131.\" \/>\n<meta property=\"og:url\" content=\"https:\/\/tdv.org\/tr-TR\/insallah-devletimiz-bu-sikintilari-en-kisa-zamanda-giderecektir\/\" \/>\n<meta property=\"og:site_name\" content=\"T\u00fcrkiye Diyanet Vakf\u0131 Resmi Web Sitesi\" \/>\n<meta property=\"article:publisher\" content=\"https:\/\/www.facebook.com\/Diyanetvakfi\/\" \/>\n<meta property=\"article:published_time\" content=\"2020-08-25T13:44:35+00:00\" \/>\n<meta property=\"article:modified_time\" content=\"2023-03-15T13:31:41+00:00\" \/>\n<meta property=\"og:image\" content=\"https:\/\/tdv.org\/tr-TR\/wp-content\/uploads\/2020\/08\/4.jpg\" \/>\n\t<meta property=\"og:image:width\" content=\"1200\" \/>\n\t<meta property=\"og:image:height\" content=\"800\" \/>\n\t<meta property=\"og:image:type\" content=\"image\/jpeg\" \/>\n<meta name=\"author\" content=\"Musa\" \/>\n<meta name=\"twitter:card\" content=\"summary_large_image\" \/>\n<meta name=\"twitter:creator\" content=\"@DiyanetVakfi\" \/>\n<meta name=\"twitter:site\" content=\"@DiyanetVakfi\" \/>\n<script type=\"application\/ld+json\" class=\"yoast-schema-graph\">{\"@context\":\"https:\\\/\\\/schema.org\",\"@graph\":[{\"@type\":\"Article\",\"@id\":\"https:\\\/\\\/tdv.org\\\/tr-TR\\\/insallah-devletimiz-bu-sikintilari-en-kisa-zamanda-giderecektir\\\/#article\",\"isPartOf\":{\"@id\":\"https:\\\/\\\/tdv.org\\\/tr-TR\\\/insallah-devletimiz-bu-sikintilari-en-kisa-zamanda-giderecektir\\\/\"},\"author\":{\"name\":\"Musa\",\"@id\":\"https:\\\/\\\/tdv.org\\\/tr-TR\\\/#\\\/schema\\\/person\\\/8f21f05615f6bcf071bbd5ee8d376a8f\"},\"headline\":\"\u201c\u0130n\u015fallah devletimiz bu s\u0131k\u0131nt\u0131lar\u0131 en k\u0131sa zamanda giderecektir\u201d\",\"datePublished\":\"2020-08-25T13:44:35+00:00\",\"dateModified\":\"2023-03-15T13:31:41+00:00\",\"mainEntityOfPage\":{\"@id\":\"https:\\\/\\\/tdv.org\\\/tr-TR\\\/insallah-devletimiz-bu-sikintilari-en-kisa-zamanda-giderecektir\\\/\"},\"wordCount\":380,\"commentCount\":0,\"publisher\":{\"@id\":\"https:\\\/\\\/tdv.org\\\/tr-TR\\\/#organization\"},\"image\":{\"@id\":\"https:\\\/\\\/tdv.org\\\/tr-TR\\\/insallah-devletimiz-bu-sikintilari-en-kisa-zamanda-giderecektir\\\/#primaryimage\"},\"thumbnailUrl\":\"https:\\\/\\\/tdv.org\\\/tr-TR\\\/wp-content\\\/uploads\\\/2020\\\/08\\\/4.jpg\",\"keywords\":[\"Diyanet \u0130\u015fleri Ba\u015fkan\u0131 Prof. Dr. Ali Erba\u015f\",\"Diyanet \u0130\u015fleri Ba\u015fkan\u0131 ve T\u00fcrkiye Diyanet Vakf\u0131 M\u00fctevelli Heyeti Ba\u015fkan\u0131 Prof. Dr. Ali Erba\u015f\",\"Felaket\",\"giresun\",\"Sel\",\"yard\u0131m\"],\"articleSection\":[\"Haberler\"],\"inLanguage\":\"tr\",\"potentialAction\":[{\"@type\":\"CommentAction\",\"name\":\"Comment\",\"target\":[\"https:\\\/\\\/tdv.org\\\/tr-TR\\\/insallah-devletimiz-bu-sikintilari-en-kisa-zamanda-giderecektir\\\/#respond\"]}]},{\"@type\":\"WebPage\",\"@id\":\"https:\\\/\\\/tdv.org\\\/tr-TR\\\/insallah-devletimiz-bu-sikintilari-en-kisa-zamanda-giderecektir\\\/\",\"url\":\"https:\\\/\\\/tdv.org\\\/tr-TR\\\/insallah-devletimiz-bu-sikintilari-en-kisa-zamanda-giderecektir\\\/\",\"name\":\"\u201c\u0130n\u015fallah devletimiz bu s\u0131k\u0131nt\u0131lar\u0131 en k\u0131sa zamanda giderecektir\u201d\",\"isPartOf\":{\"@id\":\"https:\\\/\\\/tdv.org\\\/tr-TR\\\/#website\"},\"primaryImageOfPage\":{\"@id\":\"https:\\\/\\\/tdv.org\\\/tr-TR\\\/insallah-devletimiz-bu-sikintilari-en-kisa-zamanda-giderecektir\\\/#primaryimage\"},\"image\":{\"@id\":\"https:\\\/\\\/tdv.org\\\/tr-TR\\\/insallah-devletimiz-bu-sikintilari-en-kisa-zamanda-giderecektir\\\/#primaryimage\"},\"thumbnailUrl\":\"https:\\\/\\\/tdv.org\\\/tr-TR\\\/wp-content\\\/uploads\\\/2020\\\/08\\\/4.jpg\",\"datePublished\":\"2020-08-25T13:44:35+00:00\",\"dateModified\":\"2023-03-15T13:31:41+00:00\",\"description\":\"Diyanet \u0130\u015fleri Ba\u015fkan\u0131 ve T\u00fcrkiye Diyanet Vakf\u0131 M\u00fctevelli Heyeti Ba\u015fkan\u0131 Prof. Dr. Ali Erba\u015f, selin b\u00fcy\u00fck hasar olu\u015fturdu\u011fu Giresun Dereli il\u00e7e merkezindeki \u015eehit Tuncay Zengin \u00c7ok Programl\u0131 Anadolu Lisesinin bah\u00e7esinde, T\u00fcrkiye Diyanet Vakf\u0131 taraf\u0131ndan b\u00f6lgeye g\u00f6nderilen erzak kolilerinin da\u011f\u0131t\u0131m\u0131na kat\u0131ld\u0131.\",\"breadcrumb\":{\"@id\":\"https:\\\/\\\/tdv.org\\\/tr-TR\\\/insallah-devletimiz-bu-sikintilari-en-kisa-zamanda-giderecektir\\\/#breadcrumb\"},\"inLanguage\":\"tr\",\"potentialAction\":[{\"@type\":\"ReadAction\",\"target\":[\"https:\\\/\\\/tdv.org\\\/tr-TR\\\/insallah-devletimiz-bu-sikintilari-en-kisa-zamanda-giderecektir\\\/\"]}]},{\"@type\":\"ImageObject\",\"inLanguage\":\"tr\",\"@id\":\"https:\\\/\\\/tdv.org\\\/tr-TR\\\/insallah-devletimiz-bu-sikintilari-en-kisa-zamanda-giderecektir\\\/#primaryimage\",\"url\":\"https:\\\/\\\/tdv.org\\\/tr-TR\\\/wp-content\\\/uploads\\\/2020\\\/08\\\/4.jpg\",\"contentUrl\":\"https:\\\/\\\/tdv.org\\\/tr-TR\\\/wp-content\\\/uploads\\\/2020\\\/08\\\/4.jpg\",\"width\":1200,\"height\":800},{\"@type\":\"BreadcrumbList\",\"@id\":\"https:\\\/\\\/tdv.org\\\/tr-TR\\\/insallah-devletimiz-bu-sikintilari-en-kisa-zamanda-giderecektir\\\/#breadcrumb\",\"itemListElement\":[{\"@type\":\"ListItem\",\"position\":1,\"name\":\"Anasayfa\",\"item\":\"https:\\\/\\\/tdv.org\\\/tr-TR\\\/\"},{\"@type\":\"ListItem\",\"position\":2,\"name\":\"\u201c\u0130n\u015fallah devletimiz bu s\u0131k\u0131nt\u0131lar\u0131 en k\u0131sa zamanda giderecektir\u201d\"}]},{\"@type\":\"WebSite\",\"@id\":\"https:\\\/\\\/tdv.org\\\/tr-TR\\\/#website\",\"url\":\"https:\\\/\\\/tdv.org\\\/tr-TR\\\/\",\"name\":\"T\u00fcrkiye Diyanet Vakf\u0131 Resmi Web Sitesi\",\"description\":\"Yery\u00fcz\u00fcnde iyilik egemen oluncaya kadar\",\"publisher\":{\"@id\":\"https:\\\/\\\/tdv.org\\\/tr-TR\\\/#organization\"},\"alternateName\":\"T\u00fcrkiye Diyanet Vakf\u0131\",\"potentialAction\":[{\"@type\":\"SearchAction\",\"target\":{\"@type\":\"EntryPoint\",\"urlTemplate\":\"https:\\\/\\\/tdv.org\\\/tr-TR\\\/?s={search_term_string}\"},\"query-input\":{\"@type\":\"PropertyValueSpecification\",\"valueRequired\":true,\"valueName\":\"search_term_string\"}}],\"inLanguage\":\"tr\"},{\"@type\":\"Organization\",\"@id\":\"https:\\\/\\\/tdv.org\\\/tr-TR\\\/#organization\",\"name\":\"T\u00fcrkiye Diyanet Vakf\u0131\",\"alternateName\":\"T\u00fcrkiye Diyanet Vakf\u0131\",\"url\":\"https:\\\/\\\/tdv.org\\\/tr-TR\\\/\",\"logo\":{\"@type\":\"ImageObject\",\"inLanguage\":\"tr\",\"@id\":\"https:\\\/\\\/tdv.org\\\/tr-TR\\\/#\\\/schema\\\/logo\\\/image\\\/\",\"url\":\"https:\\\/\\\/tdv.org\\\/tr-TR\\\/wp-content\\\/uploads\\\/2018\\\/12\\\/TDV_Logo_1.png\",\"contentUrl\":\"https:\\\/\\\/tdv.org\\\/tr-TR\\\/wp-content\\\/uploads\\\/2018\\\/12\\\/TDV_Logo_1.png\",\"width\":207,\"height\":71,\"caption\":\"T\u00fcrkiye Diyanet Vakf\u0131\"},\"image\":{\"@id\":\"https:\\\/\\\/tdv.org\\\/tr-TR\\\/#\\\/schema\\\/logo\\\/image\\\/\"},\"sameAs\":[\"https:\\\/\\\/www.facebook.com\\\/Diyanetvakfi\\\/\",\"https:\\\/\\\/x.com\\\/DiyanetVakfi\",\"https:\\\/\\\/www.instagram.com\\\/turkiyediyanetvakfi\\\/\",\"https:\\\/\\\/www.youtube.com\\\/user\\\/TurkiyeDiyanetVakfi\"]},{\"@type\":\"Person\",\"@id\":\"https:\\\/\\\/tdv.org\\\/tr-TR\\\/#\\\/schema\\\/person\\\/8f21f05615f6bcf071bbd5ee8d376a8f\",\"name\":\"Musa\",\"image\":{\"@type\":\"ImageObject\",\"inLanguage\":\"tr\",\"@id\":\"https:\\\/\\\/tdv.org\\\/tr-TR\\\/wp-content\\\/litespeed\\\/avatar\\\/5b7955b12151edf37ee458402c4c6b7f.jpg?ver=1777295996\",\"url\":\"https:\\\/\\\/tdv.org\\\/tr-TR\\\/wp-content\\\/litespeed\\\/avatar\\\/5b7955b12151edf37ee458402c4c6b7f.jpg?ver=1777295996\",\"contentUrl\":\"https:\\\/\\\/tdv.org\\\/tr-TR\\\/wp-content\\\/litespeed\\\/avatar\\\/5b7955b12151edf37ee458402c4c6b7f.jpg?ver=1777295996\",\"caption\":\"Musa\"},\"sameAs\":[\"http:\\\/\\\/www.tdv.org\"]}]}<\/script>\n<!-- \/ Yoast SEO plugin. -->","yoast_head_json":{"title":"\u201c\u0130n\u015fallah devletimiz bu s\u0131k\u0131nt\u0131lar\u0131 en k\u0131sa zamanda giderecektir\u201d","description":"Diyanet \u0130\u015fleri Ba\u015fkan\u0131 ve T\u00fcrkiye Diyanet Vakf\u0131 M\u00fctevelli Heyeti Ba\u015fkan\u0131 Prof. Dr. Ali Erba\u015f, selin b\u00fcy\u00fck hasar olu\u015fturdu\u011fu Giresun Dereli il\u00e7e merkezindeki \u015eehit Tuncay Zengin \u00c7ok Programl\u0131 Anadolu Lisesinin bah\u00e7esinde, T\u00fcrkiye Diyanet Vakf\u0131 taraf\u0131ndan b\u00f6lgeye g\u00f6nderilen erzak kolilerinin da\u011f\u0131t\u0131m\u0131na kat\u0131ld\u0131.","robots":{"index":"index","follow":"follow","max-snippet":"max-snippet:-1","max-image-preview":"max-image-preview:large","max-video-preview":"max-video-preview:-1"},"canonical":"https:\/\/tdv.org\/tr-TR\/insallah-devletimiz-bu-sikintilari-en-kisa-zamanda-giderecektir\/","og_locale":"tr_TR","og_type":"article","og_title":"\u201c\u0130n\u015fallah devletimiz bu s\u0131k\u0131nt\u0131lar\u0131 en k\u0131sa zamanda giderecektir\u201d","og_description":"Diyanet \u0130\u015fleri Ba\u015fkan\u0131 ve T\u00fcrkiye Diyanet Vakf\u0131 M\u00fctevelli Heyeti Ba\u015fkan\u0131 Prof. Dr. Ali Erba\u015f, selin b\u00fcy\u00fck hasar olu\u015fturdu\u011fu Giresun Dereli il\u00e7e merkezindeki \u015eehit Tuncay Zengin \u00c7ok Programl\u0131 Anadolu Lisesinin bah\u00e7esinde, T\u00fcrkiye Diyanet Vakf\u0131 taraf\u0131ndan b\u00f6lgeye g\u00f6nderilen erzak kolilerinin da\u011f\u0131t\u0131m\u0131na kat\u0131ld\u0131.","og_url":"https:\/\/tdv.org\/tr-TR\/insallah-devletimiz-bu-sikintilari-en-kisa-zamanda-giderecektir\/","og_site_name":"T\u00fcrkiye Diyanet Vakf\u0131 Resmi Web Sitesi","article_publisher":"https:\/\/www.facebook.com\/Diyanetvakfi\/","article_published_time":"2020-08-25T13:44:35+00:00","article_modified_time":"2023-03-15T13:31:41+00:00","og_image":[{"width":1200,"height":800,"url":"https:\/\/tdv.org\/tr-TR\/wp-content\/uploads\/2020\/08\/4.jpg","type":"image\/jpeg"}],"author":"Musa","twitter_card":"summary_large_image","twitter_creator":"@DiyanetVakfi","twitter_site":"@DiyanetVakfi","schema":{"@context":"https:\/\/schema.org","@graph":[{"@type":"Article","@id":"https:\/\/tdv.org\/tr-TR\/insallah-devletimiz-bu-sikintilari-en-kisa-zamanda-giderecektir\/#article","isPartOf":{"@id":"https:\/\/tdv.org\/tr-TR\/insallah-devletimiz-bu-sikintilari-en-kisa-zamanda-giderecektir\/"},"author":{"name":"Musa","@id":"https:\/\/tdv.org\/tr-TR\/#\/schema\/person\/8f21f05615f6bcf071bbd5ee8d376a8f"},"headline":"\u201c\u0130n\u015fallah devletimiz bu s\u0131k\u0131nt\u0131lar\u0131 en k\u0131sa zamanda giderecektir\u201d","datePublished":"2020-08-25T13:44:35+00:00","dateModified":"2023-03-15T13:31:41+00:00","mainEntityOfPage":{"@id":"https:\/\/tdv.org\/tr-TR\/insallah-devletimiz-bu-sikintilari-en-kisa-zamanda-giderecektir\/"},"wordCount":380,"commentCount":0,"publisher":{"@id":"https:\/\/tdv.org\/tr-TR\/#organization"},"image":{"@id":"https:\/\/tdv.org\/tr-TR\/insallah-devletimiz-bu-sikintilari-en-kisa-zamanda-giderecektir\/#primaryimage"},"thumbnailUrl":"https:\/\/tdv.org\/tr-TR\/wp-content\/uploads\/2020\/08\/4.jpg","keywords":["Diyanet \u0130\u015fleri Ba\u015fkan\u0131 Prof. Dr. Ali Erba\u015f","Diyanet \u0130\u015fleri Ba\u015fkan\u0131 ve T\u00fcrkiye Diyanet Vakf\u0131 M\u00fctevelli Heyeti Ba\u015fkan\u0131 Prof. Dr. Ali Erba\u015f","Felaket","giresun","Sel","yard\u0131m"],"articleSection":["Haberler"],"inLanguage":"tr","potentialAction":[{"@type":"CommentAction","name":"Comment","target":["https:\/\/tdv.org\/tr-TR\/insallah-devletimiz-bu-sikintilari-en-kisa-zamanda-giderecektir\/#respond"]}]},{"@type":"WebPage","@id":"https:\/\/tdv.org\/tr-TR\/insallah-devletimiz-bu-sikintilari-en-kisa-zamanda-giderecektir\/","url":"https:\/\/tdv.org\/tr-TR\/insallah-devletimiz-bu-sikintilari-en-kisa-zamanda-giderecektir\/","name":"\u201c\u0130n\u015fallah devletimiz bu s\u0131k\u0131nt\u0131lar\u0131 en k\u0131sa zamanda giderecektir\u201d","isPartOf":{"@id":"https:\/\/tdv.org\/tr-TR\/#website"},"primaryImageOfPage":{"@id":"https:\/\/tdv.org\/tr-TR\/insallah-devletimiz-bu-sikintilari-en-kisa-zamanda-giderecektir\/#primaryimage"},"image":{"@id":"https:\/\/tdv.org\/tr-TR\/insallah-devletimiz-bu-sikintilari-en-kisa-zamanda-giderecektir\/#primaryimage"},"thumbnailUrl":"https:\/\/tdv.org\/tr-TR\/wp-content\/uploads\/2020\/08\/4.jpg","datePublished":"2020-08-25T13:44:35+00:00","dateModified":"2023-03-15T13:31:41+00:00","description":"Diyanet \u0130\u015fleri Ba\u015fkan\u0131 ve T\u00fcrkiye Diyanet Vakf\u0131 M\u00fctevelli Heyeti Ba\u015fkan\u0131 Prof. Dr. Ali Erba\u015f, selin b\u00fcy\u00fck hasar olu\u015fturdu\u011fu Giresun Dereli il\u00e7e merkezindeki \u015eehit Tuncay Zengin \u00c7ok Programl\u0131 Anadolu Lisesinin bah\u00e7esinde, T\u00fcrkiye Diyanet Vakf\u0131 taraf\u0131ndan b\u00f6lgeye g\u00f6nderilen erzak kolilerinin da\u011f\u0131t\u0131m\u0131na kat\u0131ld\u0131.","breadcrumb":{"@id":"https:\/\/tdv.org\/tr-TR\/insallah-devletimiz-bu-sikintilari-en-kisa-zamanda-giderecektir\/#breadcrumb"},"inLanguage":"tr","potentialAction":[{"@type":"ReadAction","target":["https:\/\/tdv.org\/tr-TR\/insallah-devletimiz-bu-sikintilari-en-kisa-zamanda-giderecektir\/"]}]},{"@type":"ImageObject","inLanguage":"tr","@id":"https:\/\/tdv.org\/tr-TR\/insallah-devletimiz-bu-sikintilari-en-kisa-zamanda-giderecektir\/#primaryimage","url":"https:\/\/tdv.org\/tr-TR\/wp-content\/uploads\/2020\/08\/4.jpg","contentUrl":"https:\/\/tdv.org\/tr-TR\/wp-content\/uploads\/2020\/08\/4.jpg","width":1200,"height":800},{"@type":"BreadcrumbList","@id":"https:\/\/tdv.org\/tr-TR\/insallah-devletimiz-bu-sikintilari-en-kisa-zamanda-giderecektir\/#breadcrumb","itemListElement":[{"@type":"ListItem","position":1,"name":"Anasayfa","item":"https:\/\/tdv.org\/tr-TR\/"},{"@type":"ListItem","position":2,"name":"\u201c\u0130n\u015fallah devletimiz bu s\u0131k\u0131nt\u0131lar\u0131 en k\u0131sa zamanda giderecektir\u201d"}]},{"@type":"WebSite","@id":"https:\/\/tdv.org\/tr-TR\/#website","url":"https:\/\/tdv.org\/tr-TR\/","name":"T\u00fcrkiye Diyanet Vakf\u0131 Resmi Web Sitesi","description":"Yery\u00fcz\u00fcnde iyilik egemen oluncaya kadar","publisher":{"@id":"https:\/\/tdv.org\/tr-TR\/#organization"},"alternateName":"T\u00fcrkiye Diyanet Vakf\u0131","potentialAction":[{"@type":"SearchAction","target":{"@type":"EntryPoint","urlTemplate":"https:\/\/tdv.org\/tr-TR\/?s={search_term_string}"},"query-input":{"@type":"PropertyValueSpecification","valueRequired":true,"valueName":"search_term_string"}}],"inLanguage":"tr"},{"@type":"Organization","@id":"https:\/\/tdv.org\/tr-TR\/#organization","name":"T\u00fcrkiye Diyanet Vakf\u0131","alternateName":"T\u00fcrkiye Diyanet Vakf\u0131","url":"https:\/\/tdv.org\/tr-TR\/","logo":{"@type":"ImageObject","inLanguage":"tr","@id":"https:\/\/tdv.org\/tr-TR\/#\/schema\/logo\/image\/","url":"https:\/\/tdv.org\/tr-TR\/wp-content\/uploads\/2018\/12\/TDV_Logo_1.png","contentUrl":"https:\/\/tdv.org\/tr-TR\/wp-content\/uploads\/2018\/12\/TDV_Logo_1.png","width":207,"height":71,"caption":"T\u00fcrkiye Diyanet Vakf\u0131"},"image":{"@id":"https:\/\/tdv.org\/tr-TR\/#\/schema\/logo\/image\/"},"sameAs":["https:\/\/www.facebook.com\/Diyanetvakfi\/","https:\/\/x.com\/DiyanetVakfi","https:\/\/www.instagram.com\/turkiyediyanetvakfi\/","https:\/\/www.youtube.com\/user\/TurkiyeDiyanetVakfi"]},{"@type":"Person","@id":"https:\/\/tdv.org\/tr-TR\/#\/schema\/person\/8f21f05615f6bcf071bbd5ee8d376a8f","name":"Musa","image":{"@type":"ImageObject","inLanguage":"tr","@id":"https:\/\/tdv.org\/tr-TR\/wp-content\/litespeed\/avatar\/5b7955b12151edf37ee458402c4c6b7f.jpg?ver=1777295996","url":"https:\/\/tdv.org\/tr-TR\/wp-content\/litespeed\/avatar\/5b7955b12151edf37ee458402c4c6b7f.jpg?ver=1777295996","contentUrl":"https:\/\/tdv.org\/tr-TR\/wp-content\/litespeed\/avatar\/5b7955b12151edf37ee458402c4c6b7f.jpg?ver=1777295996","caption":"Musa"},"sameAs":["http:\/\/www.tdv.org"]}]}},"_links":{"self":[{"href":"https:\/\/tdv.org\/tr-TR\/wp-json\/wp\/v2\/posts\/8292","targetHints":{"allow":["GET"]}}],"collection":[{"href":"https:\/\/tdv.org\/tr-TR\/wp-json\/wp\/v2\/posts"}],"about":[{"href":"https:\/\/tdv.org\/tr-TR\/wp-json\/wp\/v2\/types\/post"}],"author":[{"embeddable":true,"href":"https:\/\/tdv.org\/tr-TR\/wp-json\/wp\/v2\/users\/6"}],"replies":[{"embeddable":true,"href":"https:\/\/tdv.org\/tr-TR\/wp-json\/wp\/v2\/comments?post=8292"}],"version-history":[{"count":1,"href":"https:\/\/tdv.org\/tr-TR\/wp-json\/wp\/v2\/posts\/8292\/revisions"}],"predecessor-version":[{"id":31139,"href":"https:\/\/tdv.org\/tr-TR\/wp-json\/wp\/v2\/posts\/8292\/revisions\/31139"}],"wp:featuredmedia":[{"embeddable":true,"href":"https:\/\/tdv.org\/tr-TR\/wp-json\/wp\/v2\/media\/8296"}],"wp:attachment":[{"href":"https:\/\/tdv.org\/tr-TR\/wp-json\/wp\/v2\/media?parent=8292"}],"wp:term":[{"taxonomy":"category","embeddable":true,"href":"https:\/\/tdv.org\/tr-TR\/wp-json\/wp\/v2\/categories?post=8292"},{"taxonomy":"post_tag","embeddable":true,"href":"https:\/\/tdv.org\/tr-TR\/wp-json\/wp\/v2\/tags?post=8292"}],"curies":[{"name":"wp","href":"https:\/\/api.w.org\/{rel}","templated":true}]}}